{"id":189142,"date":"2022-10-12T07:53:00","date_gmt":"2022-10-12T07:53:00","guid":{"rendered":"https:\/\/www.webdo.tn\/fr\/blog\/pour-kais-saied-la-tunisie-et-le-japon-partagent-les-memes-principes\/189142\/"},"modified":"2025-05-17T20:56:58","modified_gmt":"2025-05-17T20:56:58","slug":"pour-kais-saied-la-tunisie-et-le-japon-partagent-les-memes-principes","status":"publish","type":"post","link":"https:\/\/www.webdo.tn\/fr\/actualite\/national\/pour-kais-saied-la-tunisie-et-le-japon-partagent-les-memes-principes\/189142\/","title":{"rendered":"Pour Kais Saied, la Tunisie et le Japon partagent les m\u00eames principes"},"content":{"rendered":"<p>Le pr\u00e9sident de la R\u00e9publique Kais Saied a re\u00e7u mardi au Palais de Carthage l&rsquo;ambassadeur du Japon \u00e0 Tunis Shinsuke SHIMIZU, \u00e0 l&rsquo;occasion de la fin de sa mission en Tunisie.<\/p>\n<p>Kais Saied a mis en avant la solidit\u00e9 des relations d&rsquo;amiti\u00e9 privil\u00e9gi\u00e9es \u00e9tablies entre les deux pays. Il s&rsquo;est f\u00e9licit\u00e9 de la r\u00e9ussite partag\u00e9e dans l&rsquo;organisation de La Conf\u00e9rence internationale de Tokyo sur le d\u00e9veloppement de l&rsquo;Afrique (TICAD8), en ao\u00fbt dernier \u00e0 Tunis.<\/p>\n<p>Le pr\u00e9sident de la R\u00e9publique a soulign\u00e9, lors de l&rsquo;entretien que les deux pays partagent les m\u00eames principes et valeurs qui aspirent \u00e0 un avenir meilleur et de nouvelles perspectives de coop\u00e9ration et de partenariat dans divers domaines.<\/p>\n<p>De son c\u00f4t\u00e9, le diplomate japonais a transmis au pr\u00e9sident de la R\u00e9publique la gratitude des autorit\u00e9s japonaises pour les efforts d\u00e9ploy\u00e9s par la Tunisie en vue d&rsquo;assurer la r\u00e9ussite de la TICAD 8.<\/p>\n<p>Il a affirm\u00e9 la disposition de son pays \u00e0 renforcer et \u00e0 diversifier les opportunit\u00e9s de coop\u00e9ration dans les secteurs porteurs d&rsquo;avenir.<\/p>\n","protected":false},"excerpt":{"rendered":"<p>Pour Kais Saied, la Tunisie et le Japon partagent les m\u00eames principes<\/p>\n","protected":false},"author":3222,"featured_media":277101,"comment_status":"open","ping_status":"closed","sticky":false,"template":"","format":"standard","meta":{"footnotes":""},"categories":[44],"tags":[2600],"class_list":["post-189142","post","type-post","status-publish","format-standard","has-post-thumbnail","hentry","category-national","tag-guerre"],"yoast_head":"<!-- This site is optimized with the Yoast SEO Premium plugin v27.4 (Yoast SEO v27.4) - https:\/\/yoast.com\/product\/yoast-seo-premium-wordpress\/ -->\n<title>Pour Kais Saied, la Tunisie et le Japon partagent les m\u00eames principes<\/title>\n<meta name=\"description\" content=\"Pour Kais Saied, la Tunisie et le Japon partagent les m\u00eames principes\" \/>\n<link rel=\"canonical\" href=\"https:\/\/www.webdo.tn\/fr\/actualite\/national\/pour-kais-saied-la-tunisie-et-le-japon-partagent-les-memes-principes\/189142\/\" \/>\n<meta property=\"og:locale\" content=\"fr_FR\" \/>\n<meta property=\"og:type\" content=\"article\" \/>\n<meta property=\"og:title\" content=\"Pour Kais Saied, la Tunisie et le Japon partagent les m\u00eames principes\" \/>\n<meta property=\"og:description\" content=\"Pour Kais Saied, la Tunisie et le Japon partagent les m\u00eames principes\" \/>\n<meta property=\"og:url\" content=\"https:\/\/www.webdo.tn\/fr\/actualite\/national\/pour-kais-saied-la-tunisie-et-le-japon-partagent-les-memes-principes\/189142\/\" \/>\n<meta property=\"og:site_name\" content=\"webdo\" \/>\n<meta property=\"article:publisher\" content=\"https:\/\/www.facebook.com\/webdotn\" \/>\n<meta property=\"article:published_time\" content=\"2022-10-12T07:53:00+00:00\" \/>\n<meta property=\"article:modified_time\" content=\"2025-05-17T20:56:58+00:00\" \/>\n<meta property=\"og:image\" content=\"https:\/\/www.webdo.tn\/fr\/wp-content\/uploads\/2022\/10\/kaasc.jpg\" \/>\n\t<meta property=\"og:image:width\" content=\"944\" \/>\n\t<meta property=\"og:image:height\" content=\"600\" \/>\n\t<meta property=\"og:image:type\" content=\"image\/jpeg\" \/>\n<meta name=\"author\" content=\"webdo.tn\" \/>\n<meta name=\"twitter:card\" content=\"summary_large_image\" \/>\n<meta name=\"twitter:creator\" content=\"@webdo_tn\" \/>\n<meta name=\"twitter:site\" content=\"@webdo_tn\" \/>\n<meta name=\"twitter:label1\" content=\"\u00c9crit par\" \/>\n\t<meta name=\"twitter:data1\" content=\"webdo.tn\" \/>\n\t<meta name=\"twitter:label2\" content=\"Dur\u00e9e de lecture estim\u00e9e\" \/>\n\t<meta name=\"twitter:data2\" content=\"1 minute\" \/>\n<script type=\"application\/ld+json\" class=\"yoast-schema-graph\">{\"@context\":\"https:\\\/\\\/schema.org\",\"@graph\":[{\"@type\":\"NewsArticle\",\"@id\":\"https:\\\/\\\/www.webdo.tn\\\/fr\\\/actualite\\\/national\\\/pour-kais-saied-la-tunisie-et-le-japon-partagent-les-memes-principes\\\/189142\\\/#article\",\"isPartOf\":{\"@id\":\"https:\\\/\\\/www.webdo.tn\\\/fr\\\/actualite\\\/national\\\/pour-kais-saied-la-tunisie-et-le-japon-partagent-les-memes-principes\\\/189142\\\/\"},\"author\":{\"name\":\"webdo.tn\",\"@id\":\"https:\\\/\\\/www.webdo.tn\\\/fr\\\/#\\\/schema\\\/person\\\/9a9c6118d687c117df8ef3cc36a4d175\"},\"headline\":\"Pour Kais Saied, la Tunisie et le Japon partagent les m\u00eames principes\",\"datePublished\":\"2022-10-12T07:53:00+00:00\",\"dateModified\":\"2025-05-17T20:56:58+00:00\",\"mainEntityOfPage\":{\"@id\":\"https:\\\/\\\/www.webdo.tn\\\/fr\\\/actualite\\\/national\\\/pour-kais-saied-la-tunisie-et-le-japon-partagent-les-memes-principes\\\/189142\\\/\"},\"wordCount\":207,\"commentCount\":0,\"publisher\":{\"@id\":\"https:\\\/\\\/www.webdo.tn\\\/fr\\\/#organization\"},\"image\":{\"@id\":\"https:\\\/\\\/www.webdo.tn\\\/fr\\\/actualite\\\/national\\\/pour-kais-saied-la-tunisie-et-le-japon-partagent-les-memes-principes\\\/189142\\\/#primaryimage\"},\"thumbnailUrl\":\"https:\\\/\\\/www.webdo.tn\\\/fr\\\/wp-content\\\/uploads\\\/2022\\\/10\\\/kaasc.jpg\",\"keywords\":[\"guerre\"],\"articleSection\":[\"National\"],\"inLanguage\":\"fr-FR\"},{\"@type\":\"WebPage\",\"@id\":\"https:\\\/\\\/www.webdo.tn\\\/fr\\\/actualite\\\/national\\\/pour-kais-saied-la-tunisie-et-le-japon-partagent-les-memes-principes\\\/189142\\\/\",\"url\":\"https:\\\/\\\/www.webdo.tn\\\/fr\\\/actualite\\\/national\\\/pour-kais-saied-la-tunisie-et-le-japon-partagent-les-memes-principes\\\/189142\\\/\",\"name\":\"Pour Kais Saied, la Tunisie et le Japon partagent les m\u00eames principes\",\"isPartOf\":{\"@id\":\"https:\\\/\\\/www.webdo.tn\\\/fr\\\/#website\"},\"primaryImageOfPage\":{\"@id\":\"https:\\\/\\\/www.webdo.tn\\\/fr\\\/actualite\\\/national\\\/pour-kais-saied-la-tunisie-et-le-japon-partagent-les-memes-principes\\\/189142\\\/#primaryimage\"},\"image\":{\"@id\":\"https:\\\/\\\/www.webdo.tn\\\/fr\\\/actualite\\\/national\\\/pour-kais-saied-la-tunisie-et-le-japon-partagent-les-memes-principes\\\/189142\\\/#primaryimage\"},\"thumbnailUrl\":\"https:\\\/\\\/www.webdo.tn\\\/fr\\\/wp-content\\\/uploads\\\/2022\\\/10\\\/kaasc.jpg\",\"datePublished\":\"2022-10-12T07:53:00+00:00\",\"dateModified\":\"2025-05-17T20:56:58+00:00\",\"description\":\"Pour Kais Saied, la Tunisie et le Japon partagent les m\u00eames principes\",\"breadcrumb\":{\"@id\":\"https:\\\/\\\/www.webdo.tn\\\/fr\\\/actualite\\\/national\\\/pour-kais-saied-la-tunisie-et-le-japon-partagent-les-memes-principes\\\/189142\\\/#breadcrumb\"},\"inLanguage\":\"fr-FR\",\"potentialAction\":[{\"@type\":\"ReadAction\",\"target\":[\"https:\\\/\\\/www.webdo.tn\\\/fr\\\/actualite\\\/national\\\/pour-kais-saied-la-tunisie-et-le-japon-partagent-les-memes-principes\\\/189142\\\/\"]}]},{\"@type\":\"ImageObject\",\"inLanguage\":\"fr-FR\",\"@id\":\"https:\\\/\\\/www.webdo.tn\\\/fr\\\/actualite\\\/national\\\/pour-kais-saied-la-tunisie-et-le-japon-partagent-les-memes-principes\\\/189142\\\/#primaryimage\",\"url\":\"https:\\\/\\\/www.webdo.tn\\\/fr\\\/wp-content\\\/uploads\\\/2022\\\/10\\\/kaasc.jpg\",\"contentUrl\":\"https:\\\/\\\/www.webdo.tn\\\/fr\\\/wp-content\\\/uploads\\\/2022\\\/10\\\/kaasc.jpg\",\"width\":944,\"height\":600,\"caption\":\"Pour Kais Saied, la Tunisie et le Japon partagent les m\u00eames principes\"},{\"@type\":\"BreadcrumbList\",\"@id\":\"https:\\\/\\\/www.webdo.tn\\\/fr\\\/actualite\\\/national\\\/pour-kais-saied-la-tunisie-et-le-japon-partagent-les-memes-principes\\\/189142\\\/#breadcrumb\",\"itemListElement\":[{\"@type\":\"ListItem\",\"position\":1,\"name\":\"Accueil\",\"item\":\"https:\\\/\\\/www.webdo.tn\\\/fr\\\/\"},{\"@type\":\"ListItem\",\"position\":2,\"name\":\"Pour Kais Saied, la Tunisie et le Japon partagent les m\u00eames principes\"}]},{\"@type\":\"WebSite\",\"@id\":\"https:\\\/\\\/www.webdo.tn\\\/fr\\\/#website\",\"url\":\"https:\\\/\\\/www.webdo.tn\\\/fr\\\/\",\"name\":\"webdo\",\"description\":\"Tunisie - News en Tunisie et \u00e0 l&#039;international sur Webdo.tn\",\"publisher\":{\"@id\":\"https:\\\/\\\/www.webdo.tn\\\/fr\\\/#organization\"},\"potentialAction\":[{\"@type\":\"SearchAction\",\"target\":{\"@type\":\"EntryPoint\",\"urlTemplate\":\"https:\\\/\\\/www.webdo.tn\\\/fr\\\/?s={search_term_string}\"},\"query-input\":{\"@type\":\"PropertyValueSpecification\",\"valueRequired\":true,\"valueName\":\"search_term_string\"}}],\"inLanguage\":\"fr-FR\"},{\"@type\":\"Organization\",\"@id\":\"https:\\\/\\\/www.webdo.tn\\\/fr\\\/#organization\",\"name\":\"Webdo\",\"alternateName\":\"Webdo.tn\",\"url\":\"https:\\\/\\\/www.webdo.tn\\\/fr\\\/\",\"logo\":{\"@type\":\"ImageObject\",\"inLanguage\":\"fr-FR\",\"@id\":\"https:\\\/\\\/www.webdo.tn\\\/fr\\\/#\\\/schema\\\/logo\\\/image\\\/\",\"url\":\"https:\\\/\\\/www.webdo.tn\\\/fr\\\/wp-content\\\/uploads\\\/2025\\\/06\\\/Webdo-Tunisie_168377.jpg\",\"contentUrl\":\"https:\\\/\\\/www.webdo.tn\\\/fr\\\/wp-content\\\/uploads\\\/2025\\\/06\\\/Webdo-Tunisie_168377.jpg\",\"width\":301,\"height\":301,\"caption\":\"Webdo\"},\"image\":{\"@id\":\"https:\\\/\\\/www.webdo.tn\\\/fr\\\/#\\\/schema\\\/logo\\\/image\\\/\"},\"sameAs\":[\"https:\\\/\\\/www.facebook.com\\\/webdotn\",\"https:\\\/\\\/x.com\\\/webdo_tn\"],\"description\":\"Webdo est un m\u00e9dia num\u00e9rique tunisien fond\u00e9 en 2010, sp\u00e9cialis\u00e9 dans l\u2019actualit\u00e9 nationale et internationale, l\u2019\u00e9conomie, la soci\u00e9t\u00e9 et les analyses politiques. Le site s\u2019adresse \u00e0 un large public francophone et couvre l\u2019information tunisienne en temps r\u00e9el.\",\"email\":\"redac@webdo.tn\",\"legalName\":\"YNJ SARL\",\"foundingDate\":\"2010-09-06\",\"numberOfEmployees\":{\"@type\":\"QuantitativeValue\",\"minValue\":\"11\",\"maxValue\":\"50\"}},{\"@type\":\"Person\",\"@id\":\"https:\\\/\\\/www.webdo.tn\\\/fr\\\/#\\\/schema\\\/person\\\/9a9c6118d687c117df8ef3cc36a4d175\",\"name\":\"webdo.tn\",\"image\":{\"@type\":\"ImageObject\",\"inLanguage\":\"fr-FR\",\"@id\":\"https:\\\/\\\/secure.gravatar.com\\\/avatar\\\/7ce1f28c0c3bbac99ff550b85ef8e44a6950c6ee24514fb6a5489e51d06f0298?s=96&d=mm&r=g\",\"url\":\"https:\\\/\\\/secure.gravatar.com\\\/avatar\\\/7ce1f28c0c3bbac99ff550b85ef8e44a6950c6ee24514fb6a5489e51d06f0298?s=96&d=mm&r=g\",\"contentUrl\":\"https:\\\/\\\/secure.gravatar.com\\\/avatar\\\/7ce1f28c0c3bbac99ff550b85ef8e44a6950c6ee24514fb6a5489e51d06f0298?s=96&d=mm&r=g\",\"caption\":\"webdo.tn\"},\"url\":\"https:\\\/\\\/www.webdo.tn\\\/fr\\\/actualite\\\/author\\\/webdotn\\\/\"}]}<\/script>\n<!-- \/ Yoast SEO Premium plugin. -->","yoast_head_json":{"title":"Pour Kais Saied, la Tunisie et le Japon partagent les m\u00eames principes","description":"Pour Kais Saied, la Tunisie et le Japon partagent les m\u00eames principes","canonical":"https:\/\/www.webdo.tn\/fr\/actualite\/national\/pour-kais-saied-la-tunisie-et-le-japon-partagent-les-memes-principes\/189142\/","og_locale":"fr_FR","og_type":"article","og_title":"Pour Kais Saied, la Tunisie et le Japon partagent les m\u00eames principes","og_description":"Pour Kais Saied, la Tunisie et le Japon partagent les m\u00eames principes","og_url":"https:\/\/www.webdo.tn\/fr\/actualite\/national\/pour-kais-saied-la-tunisie-et-le-japon-partagent-les-memes-principes\/189142\/","og_site_name":"webdo","article_publisher":"https:\/\/www.facebook.com\/webdotn","article_published_time":"2022-10-12T07:53:00+00:00","article_modified_time":"2025-05-17T20:56:58+00:00","og_image":[{"width":944,"height":600,"url":"https:\/\/www.webdo.tn\/fr\/wp-content\/uploads\/2022\/10\/kaasc.jpg","type":"image\/jpeg"}],"author":"webdo.tn","twitter_card":"summary_large_image","twitter_creator":"@webdo_tn","twitter_site":"@webdo_tn","twitter_misc":{"\u00c9crit par":"webdo.tn","Dur\u00e9e de lecture estim\u00e9e":"1 minute"},"schema":{"@context":"https:\/\/schema.org","@graph":[{"@type":"NewsArticle","@id":"https:\/\/www.webdo.tn\/fr\/actualite\/national\/pour-kais-saied-la-tunisie-et-le-japon-partagent-les-memes-principes\/189142\/#article","isPartOf":{"@id":"https:\/\/www.webdo.tn\/fr\/actualite\/national\/pour-kais-saied-la-tunisie-et-le-japon-partagent-les-memes-principes\/189142\/"},"author":{"name":"webdo.tn","@id":"https:\/\/www.webdo.tn\/fr\/#\/schema\/person\/9a9c6118d687c117df8ef3cc36a4d175"},"headline":"Pour Kais Saied, la Tunisie et le Japon partagent les m\u00eames principes","datePublished":"2022-10-12T07:53:00+00:00","dateModified":"2025-05-17T20:56:58+00:00","mainEntityOfPage":{"@id":"https:\/\/www.webdo.tn\/fr\/actualite\/national\/pour-kais-saied-la-tunisie-et-le-japon-partagent-les-memes-principes\/189142\/"},"wordCount":207,"commentCount":0,"publisher":{"@id":"https:\/\/www.webdo.tn\/fr\/#organization"},"image":{"@id":"https:\/\/www.webdo.tn\/fr\/actualite\/national\/pour-kais-saied-la-tunisie-et-le-japon-partagent-les-memes-principes\/189142\/#primaryimage"},"thumbnailUrl":"https:\/\/www.webdo.tn\/fr\/wp-content\/uploads\/2022\/10\/kaasc.jpg","keywords":["guerre"],"articleSection":["National"],"inLanguage":"fr-FR"},{"@type":"WebPage","@id":"https:\/\/www.webdo.tn\/fr\/actualite\/national\/pour-kais-saied-la-tunisie-et-le-japon-partagent-les-memes-principes\/189142\/","url":"https:\/\/www.webdo.tn\/fr\/actualite\/national\/pour-kais-saied-la-tunisie-et-le-japon-partagent-les-memes-principes\/189142\/","name":"Pour Kais Saied, la Tunisie et le Japon partagent les m\u00eames principes","isPartOf":{"@id":"https:\/\/www.webdo.tn\/fr\/#website"},"primaryImageOfPage":{"@id":"https:\/\/www.webdo.tn\/fr\/actualite\/national\/pour-kais-saied-la-tunisie-et-le-japon-partagent-les-memes-principes\/189142\/#primaryimage"},"image":{"@id":"https:\/\/www.webdo.tn\/fr\/actualite\/national\/pour-kais-saied-la-tunisie-et-le-japon-partagent-les-memes-principes\/189142\/#primaryimage"},"thumbnailUrl":"https:\/\/www.webdo.tn\/fr\/wp-content\/uploads\/2022\/10\/kaasc.jpg","datePublished":"2022-10-12T07:53:00+00:00","dateModified":"2025-05-17T20:56:58+00:00","description":"Pour Kais Saied, la Tunisie et le Japon partagent les m\u00eames principes","breadcrumb":{"@id":"https:\/\/www.webdo.tn\/fr\/actualite\/national\/pour-kais-saied-la-tunisie-et-le-japon-partagent-les-memes-principes\/189142\/#breadcrumb"},"inLanguage":"fr-FR","potentialAction":[{"@type":"ReadAction","target":["https:\/\/www.webdo.tn\/fr\/actualite\/national\/pour-kais-saied-la-tunisie-et-le-japon-partagent-les-memes-principes\/189142\/"]}]},{"@type":"ImageObject","inLanguage":"fr-FR","@id":"https:\/\/www.webdo.tn\/fr\/actualite\/national\/pour-kais-saied-la-tunisie-et-le-japon-partagent-les-memes-principes\/189142\/#primaryimage","url":"https:\/\/www.webdo.tn\/fr\/wp-content\/uploads\/2022\/10\/kaasc.jpg","contentUrl":"https:\/\/www.webdo.tn\/fr\/wp-content\/uploads\/2022\/10\/kaasc.jpg","width":944,"height":600,"caption":"Pour Kais Saied, la Tunisie et le Japon partagent les m\u00eames principes"},{"@type":"BreadcrumbList","@id":"https:\/\/www.webdo.tn\/fr\/actualite\/national\/pour-kais-saied-la-tunisie-et-le-japon-partagent-les-memes-principes\/189142\/#breadcrumb","itemListElement":[{"@type":"ListItem","position":1,"name":"Accueil","item":"https:\/\/www.webdo.tn\/fr\/"},{"@type":"ListItem","position":2,"name":"Pour Kais Saied, la Tunisie et le Japon partagent les m\u00eames principes"}]},{"@type":"WebSite","@id":"https:\/\/www.webdo.tn\/fr\/#website","url":"https:\/\/www.webdo.tn\/fr\/","name":"webdo","description":"Tunisie - News en Tunisie et \u00e0 l&#039;international sur Webdo.tn","publisher":{"@id":"https:\/\/www.webdo.tn\/fr\/#organization"},"potentialAction":[{"@type":"SearchAction","target":{"@type":"EntryPoint","urlTemplate":"https:\/\/www.webdo.tn\/fr\/?s={search_term_string}"},"query-input":{"@type":"PropertyValueSpecification","valueRequired":true,"valueName":"search_term_string"}}],"inLanguage":"fr-FR"},{"@type":"Organization","@id":"https:\/\/www.webdo.tn\/fr\/#organization","name":"Webdo","alternateName":"Webdo.tn","url":"https:\/\/www.webdo.tn\/fr\/","logo":{"@type":"ImageObject","inLanguage":"fr-FR","@id":"https:\/\/www.webdo.tn\/fr\/#\/schema\/logo\/image\/","url":"https:\/\/www.webdo.tn\/fr\/wp-content\/uploads\/2025\/06\/Webdo-Tunisie_168377.jpg","contentUrl":"https:\/\/www.webdo.tn\/fr\/wp-content\/uploads\/2025\/06\/Webdo-Tunisie_168377.jpg","width":301,"height":301,"caption":"Webdo"},"image":{"@id":"https:\/\/www.webdo.tn\/fr\/#\/schema\/logo\/image\/"},"sameAs":["https:\/\/www.facebook.com\/webdotn","https:\/\/x.com\/webdo_tn"],"description":"Webdo est un m\u00e9dia num\u00e9rique tunisien fond\u00e9 en 2010, sp\u00e9cialis\u00e9 dans l\u2019actualit\u00e9 nationale et internationale, l\u2019\u00e9conomie, la soci\u00e9t\u00e9 et les analyses politiques. Le site s\u2019adresse \u00e0 un large public francophone et couvre l\u2019information tunisienne en temps r\u00e9el.","email":"redac@webdo.tn","legalName":"YNJ SARL","foundingDate":"2010-09-06","numberOfEmployees":{"@type":"QuantitativeValue","minValue":"11","maxValue":"50"}},{"@type":"Person","@id":"https:\/\/www.webdo.tn\/fr\/#\/schema\/person\/9a9c6118d687c117df8ef3cc36a4d175","name":"webdo.tn","image":{"@type":"ImageObject","inLanguage":"fr-FR","@id":"https:\/\/secure.gravatar.com\/avatar\/7ce1f28c0c3bbac99ff550b85ef8e44a6950c6ee24514fb6a5489e51d06f0298?s=96&d=mm&r=g","url":"https:\/\/secure.gravatar.com\/avatar\/7ce1f28c0c3bbac99ff550b85ef8e44a6950c6ee24514fb6a5489e51d06f0298?s=96&d=mm&r=g","contentUrl":"https:\/\/secure.gravatar.com\/avatar\/7ce1f28c0c3bbac99ff550b85ef8e44a6950c6ee24514fb6a5489e51d06f0298?s=96&d=mm&r=g","caption":"webdo.tn"},"url":"https:\/\/www.webdo.tn\/fr\/actualite\/author\/webdotn\/"}]}},"_links":{"self":[{"href":"https:\/\/www.webdo.tn\/fr\/wp-json\/wp\/v2\/posts\/189142","targetHints":{"allow":["GET"]}}],"collection":[{"href":"https:\/\/www.webdo.tn\/fr\/wp-json\/wp\/v2\/posts"}],"about":[{"href":"https:\/\/www.webdo.tn\/fr\/wp-json\/wp\/v2\/types\/post"}],"author":[{"embeddable":true,"href":"https:\/\/www.webdo.tn\/fr\/wp-json\/wp\/v2\/users\/3222"}],"replies":[{"embeddable":true,"href":"https:\/\/www.webdo.tn\/fr\/wp-json\/wp\/v2\/comments?post=189142"}],"version-history":[{"count":0,"href":"https:\/\/www.webdo.tn\/fr\/wp-json\/wp\/v2\/posts\/189142\/revisions"}],"wp:featuredmedia":[{"embeddable":true,"href":"https:\/\/www.webdo.tn\/fr\/wp-json\/wp\/v2\/media\/277101"}],"wp:attachment":[{"href":"https:\/\/www.webdo.tn\/fr\/wp-json\/wp\/v2\/media?parent=189142"}],"wp:term":[{"taxonomy":"category","embeddable":true,"href":"https:\/\/www.webdo.tn\/fr\/wp-json\/wp\/v2\/categories?post=189142"},{"taxonomy":"post_tag","embeddable":true,"href":"https:\/\/www.webdo.tn\/fr\/wp-json\/wp\/v2\/tags?post=189142"}],"curies":[{"name":"wp","href":"https:\/\/api.w.org\/{rel}","templated":true}]}}