{"id":189141,"date":"2022-10-12T07:48:00","date_gmt":"2022-10-12T07:48:00","guid":{"rendered":"https:\/\/www.webdo.tn\/fr\/blog\/tunisie-22-milliards-de-dollars-pour-investir-dans-la-decarbonation\/189141\/"},"modified":"2025-05-17T20:56:57","modified_gmt":"2025-05-17T20:56:57","slug":"tunisie-22-milliards-de-dollars-pour-investir-dans-la-decarbonation","status":"publish","type":"post","link":"https:\/\/www.webdo.tn\/fr\/actualite\/national\/tunisie-22-milliards-de-dollars-pour-investir-dans-la-decarbonation\/189141\/","title":{"rendered":"Tunisie : 2,2 milliards de dollars pour investir dans la d\u00e9carbonation"},"content":{"rendered":"<p>La Tunisie a besoin de pr\u00e8s de 14, 4 milliards de dollars pour financer des investissements visant \u00e0 mettre terme \u00e0 la densit\u00e9 des carbones, dont 11,7 milliards de dollars orient\u00e9s vers le secteur de l&rsquo;\u00e9nergie, soit 82 % de l&rsquo;ensemble des financements n\u00e9cessaires.<\/p>\n<p>C&rsquo;est ce qu&rsquo;a indiqu\u00e9 la dirigeante de la direction des \u00e9tudes et de la planification \u00e0 l&rsquo;Agence Nationale de Maitrise de l&rsquo;Energie (ANME), Afef Ja\u00e2far aajoutant que la Tunisie aurait fourni pr\u00e8s de 2,2 milliards de dollars parmi ce montant global, alors que le reste sera r\u00e9colt\u00e9 \u00e0 partir des financements ext\u00e9rieurs.<\/p>\n<p>Lors d&rsquo;un atelier de travail organis\u00e9 par le minist\u00e8re de l&rsquo;Industrie, des Mines et de l&rsquo;Energie, en collaboration avec l&rsquo;agence Allemande de la coop\u00e9ration internationale (GIZ), sous le th\u00e8me \u00a0\u00bb diagnostic et planification des activit\u00e9s des entreprises au sujet du carbone \u00ab\u00a0, la responsable a rappel\u00e9 que la Tunisie ambitionne \u00e0 travers les objectifs trac\u00e9s dans le cadre de la contribution nationale dans ce domaine, qui a \u00e9t\u00e9 mise \u00e0 jour en octobre 2021, de limiter la densit\u00e9 du carbone \u00e0 45% \u00e0 l&rsquo;horizon 2030, au lieu de 41%, par rapport \u00e0 l&rsquo;ann\u00e9e r\u00e9f\u00e9rentielle de 2010.<\/p>\n<p>Elle a soulign\u00e9 que la Tunisie est en train de mettre en \u0153uvre un plan de travail pour d\u00e9terminer les projets n\u00e9cessaires pour l&rsquo;ex\u00e9cution de cette strat\u00e9gie.<\/p>\n<p>De son c\u00f4t\u00e9 le directeur g\u00e9n\u00e9ral de l&rsquo;ANME, Fethi Hanchi a assur\u00e9 que l&rsquo;Etat va accorder des autorisations pour la r\u00e9alisation des projets de production de 2000 m\u00e9gawatts en \u00e9nergie renouvelable, dont une partie sera attribu\u00e9e chaque ann\u00e9e jusqu&rsquo;\u00e0 l&rsquo;ann\u00e9e 2025.<\/p>\n","protected":false},"excerpt":{"rendered":"<p>Tunisie : 2,2 milliards de dollars pour investir dans la d\u00e9carbonation<\/p>\n","protected":false},"author":3222,"featured_media":277099,"comment_status":"open","ping_status":"closed","sticky":false,"template":"","format":"standard","meta":{"footnotes":""},"categories":[44],"tags":[2600],"class_list":["post-189141","post","type-post","status-publish","format-standard","has-post-thumbnail","hentry","category-national","tag-guerre"],"yoast_head":"<!-- This site is optimized with the Yoast SEO Premium plugin v27.4 (Yoast SEO v27.4) - https:\/\/yoast.com\/product\/yoast-seo-premium-wordpress\/ -->\n<title>Tunisie : 2,2 milliards de dollars pour investir dans la d\u00e9carbonation<\/title>\n<meta name=\"description\" content=\"Tunisie : 2,2 milliards de dollars pour investir dans la d\u00e9carbonation\" \/>\n<link rel=\"canonical\" href=\"https:\/\/www.webdo.tn\/fr\/actualite\/national\/tunisie-22-milliards-de-dollars-pour-investir-dans-la-decarbonation\/189141\/\" \/>\n<meta property=\"og:locale\" content=\"fr_FR\" \/>\n<meta property=\"og:type\" content=\"article\" \/>\n<meta property=\"og:title\" content=\"Tunisie : 2,2 milliards de dollars pour investir dans la d\u00e9carbonation\" \/>\n<meta property=\"og:description\" content=\"Tunisie : 2,2 milliards de dollars pour investir dans la d\u00e9carbonation\" \/>\n<meta property=\"og:url\" content=\"https:\/\/www.webdo.tn\/fr\/actualite\/national\/tunisie-22-milliards-de-dollars-pour-investir-dans-la-decarbonation\/189141\/\" \/>\n<meta property=\"og:site_name\" content=\"webdo\" \/>\n<meta property=\"article:publisher\" content=\"https:\/\/www.facebook.com\/webdotn\" \/>\n<meta property=\"article:published_time\" content=\"2022-10-12T07:48:00+00:00\" \/>\n<meta property=\"article:modified_time\" content=\"2025-05-17T20:56:57+00:00\" \/>\n<meta property=\"og:image\" content=\"https:\/\/www.webdo.tn\/fr\/wp-content\/uploads\/2022\/10\/Pollution-de-lair-e1474965070206.jpg\" \/>\n\t<meta property=\"og:image:width\" content=\"600\" \/>\n\t<meta property=\"og:image:height\" content=\"398\" \/>\n\t<meta property=\"og:image:type\" content=\"image\/jpeg\" \/>\n<meta name=\"author\" content=\"webdo.tn\" \/>\n<meta name=\"twitter:card\" content=\"summary_large_image\" \/>\n<meta name=\"twitter:creator\" content=\"@webdo_tn\" \/>\n<meta name=\"twitter:site\" content=\"@webdo_tn\" \/>\n<meta name=\"twitter:label1\" content=\"\u00c9crit par\" \/>\n\t<meta name=\"twitter:data1\" content=\"webdo.tn\" \/>\n\t<meta name=\"twitter:label2\" content=\"Dur\u00e9e de lecture estim\u00e9e\" \/>\n\t<meta name=\"twitter:data2\" content=\"1 minute\" \/>\n<script type=\"application\/ld+json\" class=\"yoast-schema-graph\">{\"@context\":\"https:\\\/\\\/schema.org\",\"@graph\":[{\"@type\":\"NewsArticle\",\"@id\":\"https:\\\/\\\/www.webdo.tn\\\/fr\\\/actualite\\\/national\\\/tunisie-22-milliards-de-dollars-pour-investir-dans-la-decarbonation\\\/189141\\\/#article\",\"isPartOf\":{\"@id\":\"https:\\\/\\\/www.webdo.tn\\\/fr\\\/actualite\\\/national\\\/tunisie-22-milliards-de-dollars-pour-investir-dans-la-decarbonation\\\/189141\\\/\"},\"author\":{\"name\":\"webdo.tn\",\"@id\":\"https:\\\/\\\/www.webdo.tn\\\/fr\\\/#\\\/schema\\\/person\\\/9a9c6118d687c117df8ef3cc36a4d175\"},\"headline\":\"Tunisie : 2,2 milliards de dollars pour investir dans la d\u00e9carbonation\",\"datePublished\":\"2022-10-12T07:48:00+00:00\",\"dateModified\":\"2025-05-17T20:56:57+00:00\",\"mainEntityOfPage\":{\"@id\":\"https:\\\/\\\/www.webdo.tn\\\/fr\\\/actualite\\\/national\\\/tunisie-22-milliards-de-dollars-pour-investir-dans-la-decarbonation\\\/189141\\\/\"},\"wordCount\":289,\"commentCount\":0,\"publisher\":{\"@id\":\"https:\\\/\\\/www.webdo.tn\\\/fr\\\/#organization\"},\"image\":{\"@id\":\"https:\\\/\\\/www.webdo.tn\\\/fr\\\/actualite\\\/national\\\/tunisie-22-milliards-de-dollars-pour-investir-dans-la-decarbonation\\\/189141\\\/#primaryimage\"},\"thumbnailUrl\":\"https:\\\/\\\/www.webdo.tn\\\/fr\\\/wp-content\\\/uploads\\\/2022\\\/10\\\/Pollution-de-lair-e1474965070206.jpg\",\"keywords\":[\"guerre\"],\"articleSection\":[\"National\"],\"inLanguage\":\"fr-FR\"},{\"@type\":\"WebPage\",\"@id\":\"https:\\\/\\\/www.webdo.tn\\\/fr\\\/actualite\\\/national\\\/tunisie-22-milliards-de-dollars-pour-investir-dans-la-decarbonation\\\/189141\\\/\",\"url\":\"https:\\\/\\\/www.webdo.tn\\\/fr\\\/actualite\\\/national\\\/tunisie-22-milliards-de-dollars-pour-investir-dans-la-decarbonation\\\/189141\\\/\",\"name\":\"Tunisie : 2,2 milliards de dollars pour investir dans la d\u00e9carbonation\",\"isPartOf\":{\"@id\":\"https:\\\/\\\/www.webdo.tn\\\/fr\\\/#website\"},\"primaryImageOfPage\":{\"@id\":\"https:\\\/\\\/www.webdo.tn\\\/fr\\\/actualite\\\/national\\\/tunisie-22-milliards-de-dollars-pour-investir-dans-la-decarbonation\\\/189141\\\/#primaryimage\"},\"image\":{\"@id\":\"https:\\\/\\\/www.webdo.tn\\\/fr\\\/actualite\\\/national\\\/tunisie-22-milliards-de-dollars-pour-investir-dans-la-decarbonation\\\/189141\\\/#primaryimage\"},\"thumbnailUrl\":\"https:\\\/\\\/www.webdo.tn\\\/fr\\\/wp-content\\\/uploads\\\/2022\\\/10\\\/Pollution-de-lair-e1474965070206.jpg\",\"datePublished\":\"2022-10-12T07:48:00+00:00\",\"dateModified\":\"2025-05-17T20:56:57+00:00\",\"description\":\"Tunisie : 2,2 milliards de dollars pour investir dans la d\u00e9carbonation\",\"breadcrumb\":{\"@id\":\"https:\\\/\\\/www.webdo.tn\\\/fr\\\/actualite\\\/national\\\/tunisie-22-milliards-de-dollars-pour-investir-dans-la-decarbonation\\\/189141\\\/#breadcrumb\"},\"inLanguage\":\"fr-FR\",\"potentialAction\":[{\"@type\":\"ReadAction\",\"target\":[\"https:\\\/\\\/www.webdo.tn\\\/fr\\\/actualite\\\/national\\\/tunisie-22-milliards-de-dollars-pour-investir-dans-la-decarbonation\\\/189141\\\/\"]}]},{\"@type\":\"ImageObject\",\"inLanguage\":\"fr-FR\",\"@id\":\"https:\\\/\\\/www.webdo.tn\\\/fr\\\/actualite\\\/national\\\/tunisie-22-milliards-de-dollars-pour-investir-dans-la-decarbonation\\\/189141\\\/#primaryimage\",\"url\":\"https:\\\/\\\/www.webdo.tn\\\/fr\\\/wp-content\\\/uploads\\\/2022\\\/10\\\/Pollution-de-lair-e1474965070206.jpg\",\"contentUrl\":\"https:\\\/\\\/www.webdo.tn\\\/fr\\\/wp-content\\\/uploads\\\/2022\\\/10\\\/Pollution-de-lair-e1474965070206.jpg\",\"width\":600,\"height\":398,\"caption\":\"Tunisie : 2,2 milliards de dollars pour investir dans la d\u00e9carbonation\"},{\"@type\":\"BreadcrumbList\",\"@id\":\"https:\\\/\\\/www.webdo.tn\\\/fr\\\/actualite\\\/national\\\/tunisie-22-milliards-de-dollars-pour-investir-dans-la-decarbonation\\\/189141\\\/#breadcrumb\",\"itemListElement\":[{\"@type\":\"ListItem\",\"position\":1,\"name\":\"Accueil\",\"item\":\"https:\\\/\\\/www.webdo.tn\\\/fr\\\/\"},{\"@type\":\"ListItem\",\"position\":2,\"name\":\"Tunisie : 2,2 milliards de dollars pour investir dans la d\u00e9carbonation\"}]},{\"@type\":\"WebSite\",\"@id\":\"https:\\\/\\\/www.webdo.tn\\\/fr\\\/#website\",\"url\":\"https:\\\/\\\/www.webdo.tn\\\/fr\\\/\",\"name\":\"webdo\",\"description\":\"Tunisie - News en Tunisie et \u00e0 l&#039;international sur Webdo.tn\",\"publisher\":{\"@id\":\"https:\\\/\\\/www.webdo.tn\\\/fr\\\/#organization\"},\"potentialAction\":[{\"@type\":\"SearchAction\",\"target\":{\"@type\":\"EntryPoint\",\"urlTemplate\":\"https:\\\/\\\/www.webdo.tn\\\/fr\\\/?s={search_term_string}\"},\"query-input\":{\"@type\":\"PropertyValueSpecification\",\"valueRequired\":true,\"valueName\":\"search_term_string\"}}],\"inLanguage\":\"fr-FR\"},{\"@type\":\"Organization\",\"@id\":\"https:\\\/\\\/www.webdo.tn\\\/fr\\\/#organization\",\"name\":\"Webdo\",\"alternateName\":\"Webdo.tn\",\"url\":\"https:\\\/\\\/www.webdo.tn\\\/fr\\\/\",\"logo\":{\"@type\":\"ImageObject\",\"inLanguage\":\"fr-FR\",\"@id\":\"https:\\\/\\\/www.webdo.tn\\\/fr\\\/#\\\/schema\\\/logo\\\/image\\\/\",\"url\":\"https:\\\/\\\/www.webdo.tn\\\/fr\\\/wp-content\\\/uploads\\\/2025\\\/06\\\/Webdo-Tunisie_168377.jpg\",\"contentUrl\":\"https:\\\/\\\/www.webdo.tn\\\/fr\\\/wp-content\\\/uploads\\\/2025\\\/06\\\/Webdo-Tunisie_168377.jpg\",\"width\":301,\"height\":301,\"caption\":\"Webdo\"},\"image\":{\"@id\":\"https:\\\/\\\/www.webdo.tn\\\/fr\\\/#\\\/schema\\\/logo\\\/image\\\/\"},\"sameAs\":[\"https:\\\/\\\/www.facebook.com\\\/webdotn\",\"https:\\\/\\\/x.com\\\/webdo_tn\"],\"description\":\"Webdo est un m\u00e9dia num\u00e9rique tunisien fond\u00e9 en 2010, sp\u00e9cialis\u00e9 dans l\u2019actualit\u00e9 nationale et internationale, l\u2019\u00e9conomie, la soci\u00e9t\u00e9 et les analyses politiques. Le site s\u2019adresse \u00e0 un large public francophone et couvre l\u2019information tunisienne en temps r\u00e9el.\",\"email\":\"redac@webdo.tn\",\"legalName\":\"YNJ SARL\",\"foundingDate\":\"2010-09-06\",\"numberOfEmployees\":{\"@type\":\"QuantitativeValue\",\"minValue\":\"11\",\"maxValue\":\"50\"}},{\"@type\":\"Person\",\"@id\":\"https:\\\/\\\/www.webdo.tn\\\/fr\\\/#\\\/schema\\\/person\\\/9a9c6118d687c117df8ef3cc36a4d175\",\"name\":\"webdo.tn\",\"image\":{\"@type\":\"ImageObject\",\"inLanguage\":\"fr-FR\",\"@id\":\"https:\\\/\\\/secure.gravatar.com\\\/avatar\\\/7ce1f28c0c3bbac99ff550b85ef8e44a6950c6ee24514fb6a5489e51d06f0298?s=96&d=mm&r=g\",\"url\":\"https:\\\/\\\/secure.gravatar.com\\\/avatar\\\/7ce1f28c0c3bbac99ff550b85ef8e44a6950c6ee24514fb6a5489e51d06f0298?s=96&d=mm&r=g\",\"contentUrl\":\"https:\\\/\\\/secure.gravatar.com\\\/avatar\\\/7ce1f28c0c3bbac99ff550b85ef8e44a6950c6ee24514fb6a5489e51d06f0298?s=96&d=mm&r=g\",\"caption\":\"webdo.tn\"},\"url\":\"https:\\\/\\\/www.webdo.tn\\\/fr\\\/actualite\\\/author\\\/webdotn\\\/\"}]}<\/script>\n<!-- \/ Yoast SEO Premium plugin. -->","yoast_head_json":{"title":"Tunisie : 2,2 milliards de dollars pour investir dans la d\u00e9carbonation","description":"Tunisie : 2,2 milliards de dollars pour investir dans la d\u00e9carbonation","canonical":"https:\/\/www.webdo.tn\/fr\/actualite\/national\/tunisie-22-milliards-de-dollars-pour-investir-dans-la-decarbonation\/189141\/","og_locale":"fr_FR","og_type":"article","og_title":"Tunisie : 2,2 milliards de dollars pour investir dans la d\u00e9carbonation","og_description":"Tunisie : 2,2 milliards de dollars pour investir dans la d\u00e9carbonation","og_url":"https:\/\/www.webdo.tn\/fr\/actualite\/national\/tunisie-22-milliards-de-dollars-pour-investir-dans-la-decarbonation\/189141\/","og_site_name":"webdo","article_publisher":"https:\/\/www.facebook.com\/webdotn","article_published_time":"2022-10-12T07:48:00+00:00","article_modified_time":"2025-05-17T20:56:57+00:00","og_image":[{"width":600,"height":398,"url":"https:\/\/www.webdo.tn\/fr\/wp-content\/uploads\/2022\/10\/Pollution-de-lair-e1474965070206.jpg","type":"image\/jpeg"}],"author":"webdo.tn","twitter_card":"summary_large_image","twitter_creator":"@webdo_tn","twitter_site":"@webdo_tn","twitter_misc":{"\u00c9crit par":"webdo.tn","Dur\u00e9e de lecture estim\u00e9e":"1 minute"},"schema":{"@context":"https:\/\/schema.org","@graph":[{"@type":"NewsArticle","@id":"https:\/\/www.webdo.tn\/fr\/actualite\/national\/tunisie-22-milliards-de-dollars-pour-investir-dans-la-decarbonation\/189141\/#article","isPartOf":{"@id":"https:\/\/www.webdo.tn\/fr\/actualite\/national\/tunisie-22-milliards-de-dollars-pour-investir-dans-la-decarbonation\/189141\/"},"author":{"name":"webdo.tn","@id":"https:\/\/www.webdo.tn\/fr\/#\/schema\/person\/9a9c6118d687c117df8ef3cc36a4d175"},"headline":"Tunisie : 2,2 milliards de dollars pour investir dans la d\u00e9carbonation","datePublished":"2022-10-12T07:48:00+00:00","dateModified":"2025-05-17T20:56:57+00:00","mainEntityOfPage":{"@id":"https:\/\/www.webdo.tn\/fr\/actualite\/national\/tunisie-22-milliards-de-dollars-pour-investir-dans-la-decarbonation\/189141\/"},"wordCount":289,"commentCount":0,"publisher":{"@id":"https:\/\/www.webdo.tn\/fr\/#organization"},"image":{"@id":"https:\/\/www.webdo.tn\/fr\/actualite\/national\/tunisie-22-milliards-de-dollars-pour-investir-dans-la-decarbonation\/189141\/#primaryimage"},"thumbnailUrl":"https:\/\/www.webdo.tn\/fr\/wp-content\/uploads\/2022\/10\/Pollution-de-lair-e1474965070206.jpg","keywords":["guerre"],"articleSection":["National"],"inLanguage":"fr-FR"},{"@type":"WebPage","@id":"https:\/\/www.webdo.tn\/fr\/actualite\/national\/tunisie-22-milliards-de-dollars-pour-investir-dans-la-decarbonation\/189141\/","url":"https:\/\/www.webdo.tn\/fr\/actualite\/national\/tunisie-22-milliards-de-dollars-pour-investir-dans-la-decarbonation\/189141\/","name":"Tunisie : 2,2 milliards de dollars pour investir dans la d\u00e9carbonation","isPartOf":{"@id":"https:\/\/www.webdo.tn\/fr\/#website"},"primaryImageOfPage":{"@id":"https:\/\/www.webdo.tn\/fr\/actualite\/national\/tunisie-22-milliards-de-dollars-pour-investir-dans-la-decarbonation\/189141\/#primaryimage"},"image":{"@id":"https:\/\/www.webdo.tn\/fr\/actualite\/national\/tunisie-22-milliards-de-dollars-pour-investir-dans-la-decarbonation\/189141\/#primaryimage"},"thumbnailUrl":"https:\/\/www.webdo.tn\/fr\/wp-content\/uploads\/2022\/10\/Pollution-de-lair-e1474965070206.jpg","datePublished":"2022-10-12T07:48:00+00:00","dateModified":"2025-05-17T20:56:57+00:00","description":"Tunisie : 2,2 milliards de dollars pour investir dans la d\u00e9carbonation","breadcrumb":{"@id":"https:\/\/www.webdo.tn\/fr\/actualite\/national\/tunisie-22-milliards-de-dollars-pour-investir-dans-la-decarbonation\/189141\/#breadcrumb"},"inLanguage":"fr-FR","potentialAction":[{"@type":"ReadAction","target":["https:\/\/www.webdo.tn\/fr\/actualite\/national\/tunisie-22-milliards-de-dollars-pour-investir-dans-la-decarbonation\/189141\/"]}]},{"@type":"ImageObject","inLanguage":"fr-FR","@id":"https:\/\/www.webdo.tn\/fr\/actualite\/national\/tunisie-22-milliards-de-dollars-pour-investir-dans-la-decarbonation\/189141\/#primaryimage","url":"https:\/\/www.webdo.tn\/fr\/wp-content\/uploads\/2022\/10\/Pollution-de-lair-e1474965070206.jpg","contentUrl":"https:\/\/www.webdo.tn\/fr\/wp-content\/uploads\/2022\/10\/Pollution-de-lair-e1474965070206.jpg","width":600,"height":398,"caption":"Tunisie : 2,2 milliards de dollars pour investir dans la d\u00e9carbonation"},{"@type":"BreadcrumbList","@id":"https:\/\/www.webdo.tn\/fr\/actualite\/national\/tunisie-22-milliards-de-dollars-pour-investir-dans-la-decarbonation\/189141\/#breadcrumb","itemListElement":[{"@type":"ListItem","position":1,"name":"Accueil","item":"https:\/\/www.webdo.tn\/fr\/"},{"@type":"ListItem","position":2,"name":"Tunisie : 2,2 milliards de dollars pour investir dans la d\u00e9carbonation"}]},{"@type":"WebSite","@id":"https:\/\/www.webdo.tn\/fr\/#website","url":"https:\/\/www.webdo.tn\/fr\/","name":"webdo","description":"Tunisie - News en Tunisie et \u00e0 l&#039;international sur Webdo.tn","publisher":{"@id":"https:\/\/www.webdo.tn\/fr\/#organization"},"potentialAction":[{"@type":"SearchAction","target":{"@type":"EntryPoint","urlTemplate":"https:\/\/www.webdo.tn\/fr\/?s={search_term_string}"},"query-input":{"@type":"PropertyValueSpecification","valueRequired":true,"valueName":"search_term_string"}}],"inLanguage":"fr-FR"},{"@type":"Organization","@id":"https:\/\/www.webdo.tn\/fr\/#organization","name":"Webdo","alternateName":"Webdo.tn","url":"https:\/\/www.webdo.tn\/fr\/","logo":{"@type":"ImageObject","inLanguage":"fr-FR","@id":"https:\/\/www.webdo.tn\/fr\/#\/schema\/logo\/image\/","url":"https:\/\/www.webdo.tn\/fr\/wp-content\/uploads\/2025\/06\/Webdo-Tunisie_168377.jpg","contentUrl":"https:\/\/www.webdo.tn\/fr\/wp-content\/uploads\/2025\/06\/Webdo-Tunisie_168377.jpg","width":301,"height":301,"caption":"Webdo"},"image":{"@id":"https:\/\/www.webdo.tn\/fr\/#\/schema\/logo\/image\/"},"sameAs":["https:\/\/www.facebook.com\/webdotn","https:\/\/x.com\/webdo_tn"],"description":"Webdo est un m\u00e9dia num\u00e9rique tunisien fond\u00e9 en 2010, sp\u00e9cialis\u00e9 dans l\u2019actualit\u00e9 nationale et internationale, l\u2019\u00e9conomie, la soci\u00e9t\u00e9 et les analyses politiques. Le site s\u2019adresse \u00e0 un large public francophone et couvre l\u2019information tunisienne en temps r\u00e9el.","email":"redac@webdo.tn","legalName":"YNJ SARL","foundingDate":"2010-09-06","numberOfEmployees":{"@type":"QuantitativeValue","minValue":"11","maxValue":"50"}},{"@type":"Person","@id":"https:\/\/www.webdo.tn\/fr\/#\/schema\/person\/9a9c6118d687c117df8ef3cc36a4d175","name":"webdo.tn","image":{"@type":"ImageObject","inLanguage":"fr-FR","@id":"https:\/\/secure.gravatar.com\/avatar\/7ce1f28c0c3bbac99ff550b85ef8e44a6950c6ee24514fb6a5489e51d06f0298?s=96&d=mm&r=g","url":"https:\/\/secure.gravatar.com\/avatar\/7ce1f28c0c3bbac99ff550b85ef8e44a6950c6ee24514fb6a5489e51d06f0298?s=96&d=mm&r=g","contentUrl":"https:\/\/secure.gravatar.com\/avatar\/7ce1f28c0c3bbac99ff550b85ef8e44a6950c6ee24514fb6a5489e51d06f0298?s=96&d=mm&r=g","caption":"webdo.tn"},"url":"https:\/\/www.webdo.tn\/fr\/actualite\/author\/webdotn\/"}]}},"_links":{"self":[{"href":"https:\/\/www.webdo.tn\/fr\/wp-json\/wp\/v2\/posts\/189141","targetHints":{"allow":["GET"]}}],"collection":[{"href":"https:\/\/www.webdo.tn\/fr\/wp-json\/wp\/v2\/posts"}],"about":[{"href":"https:\/\/www.webdo.tn\/fr\/wp-json\/wp\/v2\/types\/post"}],"author":[{"embeddable":true,"href":"https:\/\/www.webdo.tn\/fr\/wp-json\/wp\/v2\/users\/3222"}],"replies":[{"embeddable":true,"href":"https:\/\/www.webdo.tn\/fr\/wp-json\/wp\/v2\/comments?post=189141"}],"version-history":[{"count":0,"href":"https:\/\/www.webdo.tn\/fr\/wp-json\/wp\/v2\/posts\/189141\/revisions"}],"wp:featuredmedia":[{"embeddable":true,"href":"https:\/\/www.webdo.tn\/fr\/wp-json\/wp\/v2\/media\/277099"}],"wp:attachment":[{"href":"https:\/\/www.webdo.tn\/fr\/wp-json\/wp\/v2\/media?parent=189141"}],"wp:term":[{"taxonomy":"category","embeddable":true,"href":"https:\/\/www.webdo.tn\/fr\/wp-json\/wp\/v2\/categories?post=189141"},{"taxonomy":"post_tag","embeddable":true,"href":"https:\/\/www.webdo.tn\/fr\/wp-json\/wp\/v2\/tags?post=189141"}],"curies":[{"name":"wp","href":"https:\/\/api.w.org\/{rel}","templated":true}]}}