{"id":189140,"date":"2022-10-11T20:05:00","date_gmt":"2022-10-11T20:05:00","guid":{"rendered":"https:\/\/www.webdo.tn\/fr\/blog\/le-comble-ncibi-appelle-a-rationaliser-la-consommation-de-carburant\/189140\/"},"modified":"2025-05-17T20:56:57","modified_gmt":"2025-05-17T20:56:57","slug":"le-comble-ncibi-appelle-a-rationaliser-la-consommation-de-carburant","status":"publish","type":"post","link":"https:\/\/www.webdo.tn\/fr\/actualite\/national\/le-comble-ncibi-appelle-a-rationaliser-la-consommation-de-carburant\/189140\/","title":{"rendered":"Ncibi appelle \u00e0 rationaliser la consommation de carburant"},"content":{"rendered":"<p>Le porte-parole du gouvernement, Nasreddine Ncibi, a fait savoir, ce mardi 11 octobre 2022, que la Tunisie n&rsquo;\u00e9tait pas \u00e0 l&rsquo;abri d&rsquo;une p\u00e9nurie de certains aliments et produits, dont les carburants.<\/p>\n<p>Il a affirm\u00e9, dans une d\u00e9claration accord\u00e9e \u00e0 la radio Mosa\u00efque FM, que le carburant est actuellement disponible, consid\u00e9rant que \u00ab\u00a0la fr\u00e9n\u00e9sie des consommateurs est l&rsquo;une des principales causes de la p\u00e9nurie des carburants\u00a0\u00bb.<\/p>\n<p>Ses propos rejoignent ceux de la ministre de l\u2019Industrie, de l\u2019\u00c9nergie et des Mines, Neila Nouira Gongi, qui a r\u00e9v\u00e9l\u00e9 les causes \u00e0 l\u2019origine des perturbations d\u2019approvisionnement en carburant.<\/p>\n<p>\u00ab\u00a0L&rsquo;approvisionnement en carburant est normal mais la fr\u00e9n\u00e9sie de certains conducteurs, durant les deux jours \u00e9coul\u00e9s, a caus\u00e9 la p\u00e9nurie de cette mani\u00e8re\u00a0\u00bb, a indiqu\u00e9 aujourd&rsquo;hui Nasreddine Ncibi, appelant les citoyens \u00e0 s&rsquo;approvisionner \u00e0 leur rythme habituel afin de ne pas causer de p\u00e9nurie.<\/p>\n<p>Or, selon Salwan Smiri, secr\u00e9taire g\u00e9n\u00e9ral de la f\u00e9d\u00e9ration g\u00e9n\u00e9rale du p\u00e9trole et des produits chimiques, relevant de l\u2019Union g\u00e9n\u00e9rale tunisienne du travail, la Tunisie ne dispose que d\u2019une quantit\u00e9 d\u2019essence suffisante pour une semaine.<\/p>\n<p>Il a confirm\u00e9 que \u00ab l\u2019approvisionnement en carburant devrait reprendre, et que le stock strat\u00e9gique a diminu\u00e9 \u00e0 seulement une semaine \u00bb, expliquant que la p\u00e9nurie de carburant qui a \u00e9t\u00e9 enregistr\u00e9e est principalement due \u00e0 la baisse du stock strat\u00e9gique, \u00e0 seulement une semaine, alors qu\u2019il s\u2019\u00e9valuait \u00e0 deux mois \u00bb.<\/p>\n<p>Salwan Smiri a confirm\u00e9 qu\u2019un p\u00e9trolier charg\u00e9 de \u00ab\u00a0sans plomb\u00a0\u00bb avait accost\u00e9 \u00e0 Bizerte et fournira \u00e0 la Tunisie quelques jours suppl\u00e9mentaires d\u2019approvisionnement, portant \u00e0 10-15 jours au total, contre les 60 jours habituels de r\u00e9serves strat\u00e9giques.<\/p>\n","protected":false},"excerpt":{"rendered":"<p>Ncibi appelle \u00e0 rationaliser la consommation de carburant<\/p>\n","protected":false},"author":3222,"featured_media":277098,"comment_status":"open","ping_status":"closed","sticky":false,"template":"","format":"standard","meta":{"footnotes":""},"categories":[44],"tags":[2600],"class_list":["post-189140","post","type-post","status-publish","format-standard","has-post-thumbnail","hentry","category-national","tag-guerre"],"yoast_head":"<!-- This site is optimized with the Yoast SEO Premium plugin v27.4 (Yoast SEO v27.4) - https:\/\/yoast.com\/product\/yoast-seo-premium-wordpress\/ -->\n<title>Ncibi appelle \u00e0 rationaliser la consommation de carburant<\/title>\n<meta name=\"description\" content=\"Ncibi appelle \u00e0 rationaliser la consommation de carburant\" \/>\n<link rel=\"canonical\" href=\"https:\/\/www.webdo.tn\/fr\/actualite\/national\/le-comble-ncibi-appelle-a-rationaliser-la-consommation-de-carburant\/189140\/\" \/>\n<meta property=\"og:locale\" content=\"fr_FR\" \/>\n<meta property=\"og:type\" content=\"article\" \/>\n<meta property=\"og:title\" content=\"Ncibi appelle \u00e0 rationaliser la consommation de carburant\" \/>\n<meta property=\"og:description\" content=\"Ncibi appelle \u00e0 rationaliser la consommation de carburant\" \/>\n<meta property=\"og:url\" content=\"https:\/\/www.webdo.tn\/fr\/actualite\/national\/le-comble-ncibi-appelle-a-rationaliser-la-consommation-de-carburant\/189140\/\" \/>\n<meta property=\"og:site_name\" content=\"webdo\" \/>\n<meta property=\"article:publisher\" content=\"https:\/\/www.facebook.com\/webdotn\" \/>\n<meta property=\"article:published_time\" content=\"2022-10-11T20:05:00+00:00\" \/>\n<meta property=\"article:modified_time\" content=\"2025-05-17T20:56:57+00:00\" \/>\n<meta property=\"og:image\" content=\"https:\/\/www.webdo.tn\/fr\/wp-content\/uploads\/2022\/10\/prix-carburant-automobile-propre.jpg\" \/>\n\t<meta property=\"og:image:width\" content=\"620\" \/>\n\t<meta property=\"og:image:height\" content=\"413\" \/>\n\t<meta property=\"og:image:type\" content=\"image\/jpeg\" \/>\n<meta name=\"author\" content=\"webdo.tn\" \/>\n<meta name=\"twitter:card\" content=\"summary_large_image\" \/>\n<meta name=\"twitter:creator\" content=\"@webdo_tn\" \/>\n<meta name=\"twitter:site\" content=\"@webdo_tn\" \/>\n<meta name=\"twitter:label1\" content=\"\u00c9crit par\" \/>\n\t<meta name=\"twitter:data1\" content=\"webdo.tn\" \/>\n\t<meta name=\"twitter:label2\" content=\"Dur\u00e9e de lecture estim\u00e9e\" \/>\n\t<meta name=\"twitter:data2\" content=\"1 minute\" \/>\n<script type=\"application\/ld+json\" class=\"yoast-schema-graph\">{\"@context\":\"https:\\\/\\\/schema.org\",\"@graph\":[{\"@type\":\"NewsArticle\",\"@id\":\"https:\\\/\\\/www.webdo.tn\\\/fr\\\/actualite\\\/national\\\/le-comble-ncibi-appelle-a-rationaliser-la-consommation-de-carburant\\\/189140\\\/#article\",\"isPartOf\":{\"@id\":\"https:\\\/\\\/www.webdo.tn\\\/fr\\\/actualite\\\/national\\\/le-comble-ncibi-appelle-a-rationaliser-la-consommation-de-carburant\\\/189140\\\/\"},\"author\":{\"name\":\"webdo.tn\",\"@id\":\"https:\\\/\\\/www.webdo.tn\\\/fr\\\/#\\\/schema\\\/person\\\/9a9c6118d687c117df8ef3cc36a4d175\"},\"headline\":\"Ncibi appelle \u00e0 rationaliser la consommation de carburant\",\"datePublished\":\"2022-10-11T20:05:00+00:00\",\"dateModified\":\"2025-05-17T20:56:57+00:00\",\"mainEntityOfPage\":{\"@id\":\"https:\\\/\\\/www.webdo.tn\\\/fr\\\/actualite\\\/national\\\/le-comble-ncibi-appelle-a-rationaliser-la-consommation-de-carburant\\\/189140\\\/\"},\"wordCount\":304,\"commentCount\":0,\"publisher\":{\"@id\":\"https:\\\/\\\/www.webdo.tn\\\/fr\\\/#organization\"},\"image\":{\"@id\":\"https:\\\/\\\/www.webdo.tn\\\/fr\\\/actualite\\\/national\\\/le-comble-ncibi-appelle-a-rationaliser-la-consommation-de-carburant\\\/189140\\\/#primaryimage\"},\"thumbnailUrl\":\"https:\\\/\\\/www.webdo.tn\\\/fr\\\/wp-content\\\/uploads\\\/2022\\\/10\\\/prix-carburant-automobile-propre.jpg\",\"keywords\":[\"guerre\"],\"articleSection\":[\"National\"],\"inLanguage\":\"fr-FR\"},{\"@type\":\"WebPage\",\"@id\":\"https:\\\/\\\/www.webdo.tn\\\/fr\\\/actualite\\\/national\\\/le-comble-ncibi-appelle-a-rationaliser-la-consommation-de-carburant\\\/189140\\\/\",\"url\":\"https:\\\/\\\/www.webdo.tn\\\/fr\\\/actualite\\\/national\\\/le-comble-ncibi-appelle-a-rationaliser-la-consommation-de-carburant\\\/189140\\\/\",\"name\":\"Ncibi appelle \u00e0 rationaliser la consommation de carburant\",\"isPartOf\":{\"@id\":\"https:\\\/\\\/www.webdo.tn\\\/fr\\\/#website\"},\"primaryImageOfPage\":{\"@id\":\"https:\\\/\\\/www.webdo.tn\\\/fr\\\/actualite\\\/national\\\/le-comble-ncibi-appelle-a-rationaliser-la-consommation-de-carburant\\\/189140\\\/#primaryimage\"},\"image\":{\"@id\":\"https:\\\/\\\/www.webdo.tn\\\/fr\\\/actualite\\\/national\\\/le-comble-ncibi-appelle-a-rationaliser-la-consommation-de-carburant\\\/189140\\\/#primaryimage\"},\"thumbnailUrl\":\"https:\\\/\\\/www.webdo.tn\\\/fr\\\/wp-content\\\/uploads\\\/2022\\\/10\\\/prix-carburant-automobile-propre.jpg\",\"datePublished\":\"2022-10-11T20:05:00+00:00\",\"dateModified\":\"2025-05-17T20:56:57+00:00\",\"description\":\"Ncibi appelle \u00e0 rationaliser la consommation de carburant\",\"breadcrumb\":{\"@id\":\"https:\\\/\\\/www.webdo.tn\\\/fr\\\/actualite\\\/national\\\/le-comble-ncibi-appelle-a-rationaliser-la-consommation-de-carburant\\\/189140\\\/#breadcrumb\"},\"inLanguage\":\"fr-FR\",\"potentialAction\":[{\"@type\":\"ReadAction\",\"target\":[\"https:\\\/\\\/www.webdo.tn\\\/fr\\\/actualite\\\/national\\\/le-comble-ncibi-appelle-a-rationaliser-la-consommation-de-carburant\\\/189140\\\/\"]}]},{\"@type\":\"ImageObject\",\"inLanguage\":\"fr-FR\",\"@id\":\"https:\\\/\\\/www.webdo.tn\\\/fr\\\/actualite\\\/national\\\/le-comble-ncibi-appelle-a-rationaliser-la-consommation-de-carburant\\\/189140\\\/#primaryimage\",\"url\":\"https:\\\/\\\/www.webdo.tn\\\/fr\\\/wp-content\\\/uploads\\\/2022\\\/10\\\/prix-carburant-automobile-propre.jpg\",\"contentUrl\":\"https:\\\/\\\/www.webdo.tn\\\/fr\\\/wp-content\\\/uploads\\\/2022\\\/10\\\/prix-carburant-automobile-propre.jpg\",\"width\":620,\"height\":413,\"caption\":\"Ncibi appelle \u00e0 rationaliser la consommation de carburant\"},{\"@type\":\"BreadcrumbList\",\"@id\":\"https:\\\/\\\/www.webdo.tn\\\/fr\\\/actualite\\\/national\\\/le-comble-ncibi-appelle-a-rationaliser-la-consommation-de-carburant\\\/189140\\\/#breadcrumb\",\"itemListElement\":[{\"@type\":\"ListItem\",\"position\":1,\"name\":\"Accueil\",\"item\":\"https:\\\/\\\/www.webdo.tn\\\/fr\\\/\"},{\"@type\":\"ListItem\",\"position\":2,\"name\":\"Ncibi appelle \u00e0 rationaliser la consommation de carburant\"}]},{\"@type\":\"WebSite\",\"@id\":\"https:\\\/\\\/www.webdo.tn\\\/fr\\\/#website\",\"url\":\"https:\\\/\\\/www.webdo.tn\\\/fr\\\/\",\"name\":\"webdo\",\"description\":\"Tunisie - News en Tunisie et \u00e0 l&#039;international sur Webdo.tn\",\"publisher\":{\"@id\":\"https:\\\/\\\/www.webdo.tn\\\/fr\\\/#organization\"},\"potentialAction\":[{\"@type\":\"SearchAction\",\"target\":{\"@type\":\"EntryPoint\",\"urlTemplate\":\"https:\\\/\\\/www.webdo.tn\\\/fr\\\/?s={search_term_string}\"},\"query-input\":{\"@type\":\"PropertyValueSpecification\",\"valueRequired\":true,\"valueName\":\"search_term_string\"}}],\"inLanguage\":\"fr-FR\"},{\"@type\":\"Organization\",\"@id\":\"https:\\\/\\\/www.webdo.tn\\\/fr\\\/#organization\",\"name\":\"Webdo\",\"alternateName\":\"Webdo.tn\",\"url\":\"https:\\\/\\\/www.webdo.tn\\\/fr\\\/\",\"logo\":{\"@type\":\"ImageObject\",\"inLanguage\":\"fr-FR\",\"@id\":\"https:\\\/\\\/www.webdo.tn\\\/fr\\\/#\\\/schema\\\/logo\\\/image\\\/\",\"url\":\"https:\\\/\\\/www.webdo.tn\\\/fr\\\/wp-content\\\/uploads\\\/2025\\\/06\\\/Webdo-Tunisie_168377.jpg\",\"contentUrl\":\"https:\\\/\\\/www.webdo.tn\\\/fr\\\/wp-content\\\/uploads\\\/2025\\\/06\\\/Webdo-Tunisie_168377.jpg\",\"width\":301,\"height\":301,\"caption\":\"Webdo\"},\"image\":{\"@id\":\"https:\\\/\\\/www.webdo.tn\\\/fr\\\/#\\\/schema\\\/logo\\\/image\\\/\"},\"sameAs\":[\"https:\\\/\\\/www.facebook.com\\\/webdotn\",\"https:\\\/\\\/x.com\\\/webdo_tn\"],\"description\":\"Webdo est un m\u00e9dia num\u00e9rique tunisien fond\u00e9 en 2010, sp\u00e9cialis\u00e9 dans l\u2019actualit\u00e9 nationale et internationale, l\u2019\u00e9conomie, la soci\u00e9t\u00e9 et les analyses politiques. Le site s\u2019adresse \u00e0 un large public francophone et couvre l\u2019information tunisienne en temps r\u00e9el.\",\"email\":\"redac@webdo.tn\",\"legalName\":\"YNJ SARL\",\"foundingDate\":\"2010-09-06\",\"numberOfEmployees\":{\"@type\":\"QuantitativeValue\",\"minValue\":\"11\",\"maxValue\":\"50\"}},{\"@type\":\"Person\",\"@id\":\"https:\\\/\\\/www.webdo.tn\\\/fr\\\/#\\\/schema\\\/person\\\/9a9c6118d687c117df8ef3cc36a4d175\",\"name\":\"webdo.tn\",\"image\":{\"@type\":\"ImageObject\",\"inLanguage\":\"fr-FR\",\"@id\":\"https:\\\/\\\/secure.gravatar.com\\\/avatar\\\/7ce1f28c0c3bbac99ff550b85ef8e44a6950c6ee24514fb6a5489e51d06f0298?s=96&d=mm&r=g\",\"url\":\"https:\\\/\\\/secure.gravatar.com\\\/avatar\\\/7ce1f28c0c3bbac99ff550b85ef8e44a6950c6ee24514fb6a5489e51d06f0298?s=96&d=mm&r=g\",\"contentUrl\":\"https:\\\/\\\/secure.gravatar.com\\\/avatar\\\/7ce1f28c0c3bbac99ff550b85ef8e44a6950c6ee24514fb6a5489e51d06f0298?s=96&d=mm&r=g\",\"caption\":\"webdo.tn\"},\"url\":\"https:\\\/\\\/www.webdo.tn\\\/fr\\\/actualite\\\/author\\\/webdotn\\\/\"}]}<\/script>\n<!-- \/ Yoast SEO Premium plugin. -->","yoast_head_json":{"title":"Ncibi appelle \u00e0 rationaliser la consommation de carburant","description":"Ncibi appelle \u00e0 rationaliser la consommation de carburant","canonical":"https:\/\/www.webdo.tn\/fr\/actualite\/national\/le-comble-ncibi-appelle-a-rationaliser-la-consommation-de-carburant\/189140\/","og_locale":"fr_FR","og_type":"article","og_title":"Ncibi appelle \u00e0 rationaliser la consommation de carburant","og_description":"Ncibi appelle \u00e0 rationaliser la consommation de carburant","og_url":"https:\/\/www.webdo.tn\/fr\/actualite\/national\/le-comble-ncibi-appelle-a-rationaliser-la-consommation-de-carburant\/189140\/","og_site_name":"webdo","article_publisher":"https:\/\/www.facebook.com\/webdotn","article_published_time":"2022-10-11T20:05:00+00:00","article_modified_time":"2025-05-17T20:56:57+00:00","og_image":[{"width":620,"height":413,"url":"https:\/\/www.webdo.tn\/fr\/wp-content\/uploads\/2022\/10\/prix-carburant-automobile-propre.jpg","type":"image\/jpeg"}],"author":"webdo.tn","twitter_card":"summary_large_image","twitter_creator":"@webdo_tn","twitter_site":"@webdo_tn","twitter_misc":{"\u00c9crit par":"webdo.tn","Dur\u00e9e de lecture estim\u00e9e":"1 minute"},"schema":{"@context":"https:\/\/schema.org","@graph":[{"@type":"NewsArticle","@id":"https:\/\/www.webdo.tn\/fr\/actualite\/national\/le-comble-ncibi-appelle-a-rationaliser-la-consommation-de-carburant\/189140\/#article","isPartOf":{"@id":"https:\/\/www.webdo.tn\/fr\/actualite\/national\/le-comble-ncibi-appelle-a-rationaliser-la-consommation-de-carburant\/189140\/"},"author":{"name":"webdo.tn","@id":"https:\/\/www.webdo.tn\/fr\/#\/schema\/person\/9a9c6118d687c117df8ef3cc36a4d175"},"headline":"Ncibi appelle \u00e0 rationaliser la consommation de carburant","datePublished":"2022-10-11T20:05:00+00:00","dateModified":"2025-05-17T20:56:57+00:00","mainEntityOfPage":{"@id":"https:\/\/www.webdo.tn\/fr\/actualite\/national\/le-comble-ncibi-appelle-a-rationaliser-la-consommation-de-carburant\/189140\/"},"wordCount":304,"commentCount":0,"publisher":{"@id":"https:\/\/www.webdo.tn\/fr\/#organization"},"image":{"@id":"https:\/\/www.webdo.tn\/fr\/actualite\/national\/le-comble-ncibi-appelle-a-rationaliser-la-consommation-de-carburant\/189140\/#primaryimage"},"thumbnailUrl":"https:\/\/www.webdo.tn\/fr\/wp-content\/uploads\/2022\/10\/prix-carburant-automobile-propre.jpg","keywords":["guerre"],"articleSection":["National"],"inLanguage":"fr-FR"},{"@type":"WebPage","@id":"https:\/\/www.webdo.tn\/fr\/actualite\/national\/le-comble-ncibi-appelle-a-rationaliser-la-consommation-de-carburant\/189140\/","url":"https:\/\/www.webdo.tn\/fr\/actualite\/national\/le-comble-ncibi-appelle-a-rationaliser-la-consommation-de-carburant\/189140\/","name":"Ncibi appelle \u00e0 rationaliser la consommation de carburant","isPartOf":{"@id":"https:\/\/www.webdo.tn\/fr\/#website"},"primaryImageOfPage":{"@id":"https:\/\/www.webdo.tn\/fr\/actualite\/national\/le-comble-ncibi-appelle-a-rationaliser-la-consommation-de-carburant\/189140\/#primaryimage"},"image":{"@id":"https:\/\/www.webdo.tn\/fr\/actualite\/national\/le-comble-ncibi-appelle-a-rationaliser-la-consommation-de-carburant\/189140\/#primaryimage"},"thumbnailUrl":"https:\/\/www.webdo.tn\/fr\/wp-content\/uploads\/2022\/10\/prix-carburant-automobile-propre.jpg","datePublished":"2022-10-11T20:05:00+00:00","dateModified":"2025-05-17T20:56:57+00:00","description":"Ncibi appelle \u00e0 rationaliser la consommation de carburant","breadcrumb":{"@id":"https:\/\/www.webdo.tn\/fr\/actualite\/national\/le-comble-ncibi-appelle-a-rationaliser-la-consommation-de-carburant\/189140\/#breadcrumb"},"inLanguage":"fr-FR","potentialAction":[{"@type":"ReadAction","target":["https:\/\/www.webdo.tn\/fr\/actualite\/national\/le-comble-ncibi-appelle-a-rationaliser-la-consommation-de-carburant\/189140\/"]}]},{"@type":"ImageObject","inLanguage":"fr-FR","@id":"https:\/\/www.webdo.tn\/fr\/actualite\/national\/le-comble-ncibi-appelle-a-rationaliser-la-consommation-de-carburant\/189140\/#primaryimage","url":"https:\/\/www.webdo.tn\/fr\/wp-content\/uploads\/2022\/10\/prix-carburant-automobile-propre.jpg","contentUrl":"https:\/\/www.webdo.tn\/fr\/wp-content\/uploads\/2022\/10\/prix-carburant-automobile-propre.jpg","width":620,"height":413,"caption":"Ncibi appelle \u00e0 rationaliser la consommation de carburant"},{"@type":"BreadcrumbList","@id":"https:\/\/www.webdo.tn\/fr\/actualite\/national\/le-comble-ncibi-appelle-a-rationaliser-la-consommation-de-carburant\/189140\/#breadcrumb","itemListElement":[{"@type":"ListItem","position":1,"name":"Accueil","item":"https:\/\/www.webdo.tn\/fr\/"},{"@type":"ListItem","position":2,"name":"Ncibi appelle \u00e0 rationaliser la consommation de carburant"}]},{"@type":"WebSite","@id":"https:\/\/www.webdo.tn\/fr\/#website","url":"https:\/\/www.webdo.tn\/fr\/","name":"webdo","description":"Tunisie - News en Tunisie et \u00e0 l&#039;international sur Webdo.tn","publisher":{"@id":"https:\/\/www.webdo.tn\/fr\/#organization"},"potentialAction":[{"@type":"SearchAction","target":{"@type":"EntryPoint","urlTemplate":"https:\/\/www.webdo.tn\/fr\/?s={search_term_string}"},"query-input":{"@type":"PropertyValueSpecification","valueRequired":true,"valueName":"search_term_string"}}],"inLanguage":"fr-FR"},{"@type":"Organization","@id":"https:\/\/www.webdo.tn\/fr\/#organization","name":"Webdo","alternateName":"Webdo.tn","url":"https:\/\/www.webdo.tn\/fr\/","logo":{"@type":"ImageObject","inLanguage":"fr-FR","@id":"https:\/\/www.webdo.tn\/fr\/#\/schema\/logo\/image\/","url":"https:\/\/www.webdo.tn\/fr\/wp-content\/uploads\/2025\/06\/Webdo-Tunisie_168377.jpg","contentUrl":"https:\/\/www.webdo.tn\/fr\/wp-content\/uploads\/2025\/06\/Webdo-Tunisie_168377.jpg","width":301,"height":301,"caption":"Webdo"},"image":{"@id":"https:\/\/www.webdo.tn\/fr\/#\/schema\/logo\/image\/"},"sameAs":["https:\/\/www.facebook.com\/webdotn","https:\/\/x.com\/webdo_tn"],"description":"Webdo est un m\u00e9dia num\u00e9rique tunisien fond\u00e9 en 2010, sp\u00e9cialis\u00e9 dans l\u2019actualit\u00e9 nationale et internationale, l\u2019\u00e9conomie, la soci\u00e9t\u00e9 et les analyses politiques. Le site s\u2019adresse \u00e0 un large public francophone et couvre l\u2019information tunisienne en temps r\u00e9el.","email":"redac@webdo.tn","legalName":"YNJ SARL","foundingDate":"2010-09-06","numberOfEmployees":{"@type":"QuantitativeValue","minValue":"11","maxValue":"50"}},{"@type":"Person","@id":"https:\/\/www.webdo.tn\/fr\/#\/schema\/person\/9a9c6118d687c117df8ef3cc36a4d175","name":"webdo.tn","image":{"@type":"ImageObject","inLanguage":"fr-FR","@id":"https:\/\/secure.gravatar.com\/avatar\/7ce1f28c0c3bbac99ff550b85ef8e44a6950c6ee24514fb6a5489e51d06f0298?s=96&d=mm&r=g","url":"https:\/\/secure.gravatar.com\/avatar\/7ce1f28c0c3bbac99ff550b85ef8e44a6950c6ee24514fb6a5489e51d06f0298?s=96&d=mm&r=g","contentUrl":"https:\/\/secure.gravatar.com\/avatar\/7ce1f28c0c3bbac99ff550b85ef8e44a6950c6ee24514fb6a5489e51d06f0298?s=96&d=mm&r=g","caption":"webdo.tn"},"url":"https:\/\/www.webdo.tn\/fr\/actualite\/author\/webdotn\/"}]}},"_links":{"self":[{"href":"https:\/\/www.webdo.tn\/fr\/wp-json\/wp\/v2\/posts\/189140","targetHints":{"allow":["GET"]}}],"collection":[{"href":"https:\/\/www.webdo.tn\/fr\/wp-json\/wp\/v2\/posts"}],"about":[{"href":"https:\/\/www.webdo.tn\/fr\/wp-json\/wp\/v2\/types\/post"}],"author":[{"embeddable":true,"href":"https:\/\/www.webdo.tn\/fr\/wp-json\/wp\/v2\/users\/3222"}],"replies":[{"embeddable":true,"href":"https:\/\/www.webdo.tn\/fr\/wp-json\/wp\/v2\/comments?post=189140"}],"version-history":[{"count":0,"href":"https:\/\/www.webdo.tn\/fr\/wp-json\/wp\/v2\/posts\/189140\/revisions"}],"wp:featuredmedia":[{"embeddable":true,"href":"https:\/\/www.webdo.tn\/fr\/wp-json\/wp\/v2\/media\/277098"}],"wp:attachment":[{"href":"https:\/\/www.webdo.tn\/fr\/wp-json\/wp\/v2\/media?parent=189140"}],"wp:term":[{"taxonomy":"category","embeddable":true,"href":"https:\/\/www.webdo.tn\/fr\/wp-json\/wp\/v2\/categories?post=189140"},{"taxonomy":"post_tag","embeddable":true,"href":"https:\/\/www.webdo.tn\/fr\/wp-json\/wp\/v2\/tags?post=189140"}],"curies":[{"name":"wp","href":"https:\/\/api.w.org\/{rel}","templated":true}]}}