{"id":189087,"date":"2021-11-18T12:02:00","date_gmt":"2021-11-18T12:02:00","guid":{"rendered":"https:\/\/www.webdo.tn\/fr\/blog\/a-la-galerie-saladin-femina-sapiens-by-olga-malakhova\/189087\/"},"modified":"2025-05-14T14:52:29","modified_gmt":"2025-05-14T14:52:29","slug":"a-la-galerie-saladin-femina-sapiens-by-olga-malakhova","status":"publish","type":"post","link":"https:\/\/www.webdo.tn\/fr\/actualite\/chroniques\/a-la-galerie-saladin-femina-sapiens-by-olga-malakhova\/189087\/","title":{"rendered":"A la Galerie Saladin : Femina Sapiens by Olga Malakhova"},"content":{"rendered":"<p>Olga Malakhova expose \u00e0 partir du jeudi 18 novembre ses nouvelles \u0153uvres \u00e0 la galerie Saladin de Sidi Bou Said.<\/p>\n<p>Dans sa nouvelle collection, Olga Malakhova proc\u00e8de \u00e0 un renouvellement th\u00e9matique profond. N\u00e9e \u00e0 Tallinn en Estonie, travaillant et vivant \u00e0 Carthage, cette artiste a connu de nombreuses \u00e9volutions depuis ses d\u00e9buts.<\/p>\n<p>Employant des modules inspir\u00e9s des tapisseries de Gafsa, Olga Malakhova a ensuite op\u00e9r\u00e9 une fusion entre les registres russe et tunisien dans ses oeuvres r\u00e9centes.<\/p>\n<p>Entre technique chromatique des ic\u00f4nes, poup\u00e9es russes et imaginaire ancr\u00e9 dans les terroirs tunisiens, Olga Malakhova produit des \u0153uvres m\u00e9tiss\u00e9es et singuli\u00e8res.<\/p>\n<p>\u0152uvrant \u00e0 la confluence de l&rsquo;abstrait et du figuratif, cette artiste multiplie les \u00e9chapp\u00e9es belles. Ses derni\u00e8res s\u00e9ries l&rsquo;ont men\u00e9e \u00e0 une relecture de l&rsquo;h\u00e9ritage antique tunisien.<\/p>\n<p>Ainsi \u00ab\u00a0Lady Elyssa\u00a0\u00bb est une collection qui constitue une plong\u00e9e virtuelle dans l&rsquo;univers de la fondatrice de Carthage. De m\u00eame, la s\u00e9rie \u00ab\u00a0Terracotta\u00a0\u00bb est inspir\u00e9e par les collections mus\u00e9ales de terres cuites pal\u00e9ochretiennes de Tunisie.<\/p>\n<p>Dans les deux cas, Olga Malakhova fixe une trame narrative dont le socle n&rsquo;est autre que l&rsquo;Antiquit\u00e9 tunisienne. Entre symboles et clins d&rsquo;oeil au pr\u00e9sent, l&rsquo;artiste cultive un regard jubilatoire sur le patrimoine.<\/p>\n<p>Dans une pl\u00e9thore de motifs, elle ins\u00e8re des personnages lib\u00e9r\u00e9s de leurs attaches, a\u00e9riens et plac\u00e9s dans un sillage all\u00e9gorique. S&rsquo;inspirant de la diversit\u00e9 tunisienne, Malakhova a \u00e9galement r\u00e9alis\u00e9 une s\u00e9rie intitul\u00e9e \u00ab\u00a0Lady Ghriba\u00a0\u00bb avec le recours \u00e0 des registres symboliques issus du juda\u00efsme tunisien.<\/p>\n<p>L\u00e0 encore, l&rsquo;exub\u00e9rance chromatique et l&rsquo;\u00e9toffe surr\u00e9aliste des personnages dominent dans la d\u00e9marche de l&rsquo;artiste. Les trois mille ans d&rsquo;histoire tunisienne servent pour leur part de trame g\u00e9n\u00e9rale dans laquelle elle puise son \u00e9lan et la vitalit\u00e9 lumineuse de son art.<\/p>\n<p>Avec \u00ab\u00a0Femina Sapiens\u00a0\u00bb, Olga Malakhova d\u00e9friche de nouveaux horizons tout en demeurant dans la matrice f\u00e9minine qui revient comme un th\u00e8me essentiel dans chacune de ses collections.<\/p>\n<p>La femme est bien pr\u00e9sente prenant d\u00e8s le titre de la collection, le contrepied de l&rsquo;homo sapiens. Chez Malakhova, la femme est incontournable y compris en tant que \u00ab\u00a0matrimoine\u00a0\u00bb et retournement de l&rsquo;h\u00e9ritage patriarcal.<\/p>\n<p>Dans cette nouvelle collection, le minimalisme est convoqu\u00e9 par l&rsquo;artiste qui oscille entre d\u00e9pouillement de l&rsquo;espace pictural et centralit\u00e9 des personnages.<\/p>\n<p>Contrairement \u00e0 ses travaux ant\u00e9rieurs, Malakhova ne diss\u00e9mine pas de traces sur la toile. Sortant du labyrinthe s\u00e9miotique, l&rsquo;artiste ne pars\u00e8me pas de fragments de sens dans sa toile mais proc\u00e8de diff\u00e9remment en modelant une repr\u00e9sentation qui tire son sens uniquement de la couleur et des formes.<\/p>\n<p>Dans \u00ab\u00a0Femina Sapiens\u00a0\u00bb, la r\u00eaverie m\u00e8ne Olga Malakhova vers de nouveaux seuils expressifs gr\u00e2ce \u00e0 des personnages masculins et f\u00e9minins \u00e9berlu\u00e9s et en qu\u00eate d&rsquo;\u00e9quilibre.<\/p>\n<p>Tr\u00e8s ludique, l&rsquo;approche de l&rsquo;artiste installe un univers qu&rsquo;on dirait jailli des r\u00e9miniscences de l&rsquo;enfance. Le r\u00e9f\u00e9rentiel de cette collection est des plus vastes : chaque regard pourra retrouver la touche incomparable et l&rsquo;onirisme de Malakhova tout en se ressour\u00e7ant dans le grand livre du surr\u00e9alisme.<\/p>\n<p>Avec \u00ab\u00a0Femina Sapiens\u00a0\u00bb, l&rsquo;artiste Olga Malakhova fait une incursion hors de son territoire de pr\u00e9dilection mais reste dans sa matrice propre. Toutefois, le trait, la couleur, les gestes vifs de la main restent similaires \u00e0 la tradition de cette artiste qui nous invite \u00e0 nous d\u00e9lecter de son nouveau tour de force.<\/p>\n","protected":false},"excerpt":{"rendered":"<p>A la Galerie Saladin : Femina Sapiens by Olga Malakhova<\/p>\n","protected":false},"author":3229,"featured_media":257356,"comment_status":"open","ping_status":"closed","sticky":false,"template":"","format":"standard","meta":{"footnotes":""},"categories":[2596],"tags":[],"class_list":["post-189087","post","type-post","status-publish","format-standard","has-post-thumbnail","hentry","category-chroniques"],"yoast_head":"<!-- This site is optimized with the Yoast SEO Premium plugin v27.4 (Yoast SEO v27.4) - https:\/\/yoast.com\/product\/yoast-seo-premium-wordpress\/ -->\n<title>A la Galerie Saladin : Femina Sapiens by Olga Malakhova<\/title>\n<meta name=\"description\" content=\"A la Galerie Saladin : Femina Sapiens by Olga Malakhova\" \/>\n<link rel=\"canonical\" href=\"https:\/\/www.webdo.tn\/fr\/actualite\/chroniques\/a-la-galerie-saladin-femina-sapiens-by-olga-malakhova\/189087\/\" \/>\n<meta property=\"og:locale\" content=\"fr_FR\" \/>\n<meta property=\"og:type\" content=\"article\" \/>\n<meta property=\"og:title\" content=\"A la Galerie Saladin : Femina Sapiens by Olga Malakhova\" \/>\n<meta property=\"og:description\" content=\"A la Galerie Saladin : Femina Sapiens by Olga Malakhova\" \/>\n<meta property=\"og:url\" content=\"https:\/\/www.webdo.tn\/fr\/actualite\/chroniques\/a-la-galerie-saladin-femina-sapiens-by-olga-malakhova\/189087\/\" \/>\n<meta property=\"og:site_name\" content=\"webdo\" \/>\n<meta property=\"article:publisher\" content=\"https:\/\/www.facebook.com\/webdotn\" \/>\n<meta property=\"article:author\" content=\"https:\/\/www.facebook.com\/hatem.bourial.2025\" \/>\n<meta property=\"article:published_time\" content=\"2021-11-18T12:02:00+00:00\" \/>\n<meta property=\"article:modified_time\" content=\"2025-05-14T14:52:29+00:00\" \/>\n<meta property=\"og:image\" content=\"https:\/\/www.webdo.tn\/fr\/wp-content\/uploads\/2021\/11\/252454977_587324959254787_4668706241209722849_n.jpg\" \/>\n\t<meta property=\"og:image:width\" content=\"542\" \/>\n\t<meta property=\"og:image:height\" content=\"722\" \/>\n\t<meta property=\"og:image:type\" content=\"image\/jpeg\" \/>\n<meta name=\"author\" content=\"Hatem Bourial\" \/>\n<meta name=\"twitter:card\" content=\"summary_large_image\" \/>\n<meta name=\"twitter:creator\" content=\"@webdo_tn\" \/>\n<meta name=\"twitter:site\" content=\"@webdo_tn\" \/>\n<meta name=\"twitter:label1\" content=\"\u00c9crit par\" \/>\n\t<meta name=\"twitter:data1\" content=\"Hatem Bourial\" \/>\n\t<meta name=\"twitter:label2\" content=\"Dur\u00e9e de lecture estim\u00e9e\" \/>\n\t<meta name=\"twitter:data2\" content=\"3 minutes\" \/>\n<script type=\"application\/ld+json\" class=\"yoast-schema-graph\">{\"@context\":\"https:\\\/\\\/schema.org\",\"@graph\":[{\"@type\":\"NewsArticle\",\"@id\":\"https:\\\/\\\/www.webdo.tn\\\/fr\\\/actualite\\\/chroniques\\\/a-la-galerie-saladin-femina-sapiens-by-olga-malakhova\\\/189087\\\/#article\",\"isPartOf\":{\"@id\":\"https:\\\/\\\/www.webdo.tn\\\/fr\\\/actualite\\\/chroniques\\\/a-la-galerie-saladin-femina-sapiens-by-olga-malakhova\\\/189087\\\/\"},\"author\":{\"name\":\"Hatem Bourial\",\"@id\":\"https:\\\/\\\/www.webdo.tn\\\/fr\\\/#\\\/schema\\\/person\\\/6bc0beba2cd23aec27cb5df85ca2554f\"},\"headline\":\"A la Galerie Saladin : Femina Sapiens by Olga Malakhova\",\"datePublished\":\"2021-11-18T12:02:00+00:00\",\"dateModified\":\"2025-05-14T14:52:29+00:00\",\"mainEntityOfPage\":{\"@id\":\"https:\\\/\\\/www.webdo.tn\\\/fr\\\/actualite\\\/chroniques\\\/a-la-galerie-saladin-femina-sapiens-by-olga-malakhova\\\/189087\\\/\"},\"wordCount\":620,\"commentCount\":0,\"publisher\":{\"@id\":\"https:\\\/\\\/www.webdo.tn\\\/fr\\\/#organization\"},\"image\":{\"@id\":\"https:\\\/\\\/www.webdo.tn\\\/fr\\\/actualite\\\/chroniques\\\/a-la-galerie-saladin-femina-sapiens-by-olga-malakhova\\\/189087\\\/#primaryimage\"},\"thumbnailUrl\":\"https:\\\/\\\/www.webdo.tn\\\/fr\\\/wp-content\\\/uploads\\\/2021\\\/11\\\/252454977_587324959254787_4668706241209722849_n.jpg\",\"articleSection\":[\"Chroniques\"],\"inLanguage\":\"fr-FR\"},{\"@type\":\"WebPage\",\"@id\":\"https:\\\/\\\/www.webdo.tn\\\/fr\\\/actualite\\\/chroniques\\\/a-la-galerie-saladin-femina-sapiens-by-olga-malakhova\\\/189087\\\/\",\"url\":\"https:\\\/\\\/www.webdo.tn\\\/fr\\\/actualite\\\/chroniques\\\/a-la-galerie-saladin-femina-sapiens-by-olga-malakhova\\\/189087\\\/\",\"name\":\"A la Galerie Saladin : Femina Sapiens by Olga Malakhova\",\"isPartOf\":{\"@id\":\"https:\\\/\\\/www.webdo.tn\\\/fr\\\/#website\"},\"primaryImageOfPage\":{\"@id\":\"https:\\\/\\\/www.webdo.tn\\\/fr\\\/actualite\\\/chroniques\\\/a-la-galerie-saladin-femina-sapiens-by-olga-malakhova\\\/189087\\\/#primaryimage\"},\"image\":{\"@id\":\"https:\\\/\\\/www.webdo.tn\\\/fr\\\/actualite\\\/chroniques\\\/a-la-galerie-saladin-femina-sapiens-by-olga-malakhova\\\/189087\\\/#primaryimage\"},\"thumbnailUrl\":\"https:\\\/\\\/www.webdo.tn\\\/fr\\\/wp-content\\\/uploads\\\/2021\\\/11\\\/252454977_587324959254787_4668706241209722849_n.jpg\",\"datePublished\":\"2021-11-18T12:02:00+00:00\",\"dateModified\":\"2025-05-14T14:52:29+00:00\",\"description\":\"A la Galerie Saladin : Femina Sapiens by Olga Malakhova\",\"breadcrumb\":{\"@id\":\"https:\\\/\\\/www.webdo.tn\\\/fr\\\/actualite\\\/chroniques\\\/a-la-galerie-saladin-femina-sapiens-by-olga-malakhova\\\/189087\\\/#breadcrumb\"},\"inLanguage\":\"fr-FR\",\"potentialAction\":[{\"@type\":\"ReadAction\",\"target\":[\"https:\\\/\\\/www.webdo.tn\\\/fr\\\/actualite\\\/chroniques\\\/a-la-galerie-saladin-femina-sapiens-by-olga-malakhova\\\/189087\\\/\"]}]},{\"@type\":\"ImageObject\",\"inLanguage\":\"fr-FR\",\"@id\":\"https:\\\/\\\/www.webdo.tn\\\/fr\\\/actualite\\\/chroniques\\\/a-la-galerie-saladin-femina-sapiens-by-olga-malakhova\\\/189087\\\/#primaryimage\",\"url\":\"https:\\\/\\\/www.webdo.tn\\\/fr\\\/wp-content\\\/uploads\\\/2021\\\/11\\\/252454977_587324959254787_4668706241209722849_n.jpg\",\"contentUrl\":\"https:\\\/\\\/www.webdo.tn\\\/fr\\\/wp-content\\\/uploads\\\/2021\\\/11\\\/252454977_587324959254787_4668706241209722849_n.jpg\",\"width\":542,\"height\":722,\"caption\":\"A la Galerie Saladin : Femina Sapiens by Olga Malakhova\"},{\"@type\":\"BreadcrumbList\",\"@id\":\"https:\\\/\\\/www.webdo.tn\\\/fr\\\/actualite\\\/chroniques\\\/a-la-galerie-saladin-femina-sapiens-by-olga-malakhova\\\/189087\\\/#breadcrumb\",\"itemListElement\":[{\"@type\":\"ListItem\",\"position\":1,\"name\":\"Accueil\",\"item\":\"https:\\\/\\\/www.webdo.tn\\\/fr\\\/\"},{\"@type\":\"ListItem\",\"position\":2,\"name\":\"A la Galerie Saladin : Femina Sapiens by Olga Malakhova\"}]},{\"@type\":\"WebSite\",\"@id\":\"https:\\\/\\\/www.webdo.tn\\\/fr\\\/#website\",\"url\":\"https:\\\/\\\/www.webdo.tn\\\/fr\\\/\",\"name\":\"webdo\",\"description\":\"Tunisie - News en Tunisie et \u00e0 l&#039;international sur Webdo.tn\",\"publisher\":{\"@id\":\"https:\\\/\\\/www.webdo.tn\\\/fr\\\/#organization\"},\"potentialAction\":[{\"@type\":\"SearchAction\",\"target\":{\"@type\":\"EntryPoint\",\"urlTemplate\":\"https:\\\/\\\/www.webdo.tn\\\/fr\\\/?s={search_term_string}\"},\"query-input\":{\"@type\":\"PropertyValueSpecification\",\"valueRequired\":true,\"valueName\":\"search_term_string\"}}],\"inLanguage\":\"fr-FR\"},{\"@type\":\"Organization\",\"@id\":\"https:\\\/\\\/www.webdo.tn\\\/fr\\\/#organization\",\"name\":\"Webdo\",\"alternateName\":\"Webdo.tn\",\"url\":\"https:\\\/\\\/www.webdo.tn\\\/fr\\\/\",\"logo\":{\"@type\":\"ImageObject\",\"inLanguage\":\"fr-FR\",\"@id\":\"https:\\\/\\\/www.webdo.tn\\\/fr\\\/#\\\/schema\\\/logo\\\/image\\\/\",\"url\":\"https:\\\/\\\/www.webdo.tn\\\/fr\\\/wp-content\\\/uploads\\\/2025\\\/06\\\/Webdo-Tunisie_168377.jpg\",\"contentUrl\":\"https:\\\/\\\/www.webdo.tn\\\/fr\\\/wp-content\\\/uploads\\\/2025\\\/06\\\/Webdo-Tunisie_168377.jpg\",\"width\":301,\"height\":301,\"caption\":\"Webdo\"},\"image\":{\"@id\":\"https:\\\/\\\/www.webdo.tn\\\/fr\\\/#\\\/schema\\\/logo\\\/image\\\/\"},\"sameAs\":[\"https:\\\/\\\/www.facebook.com\\\/webdotn\",\"https:\\\/\\\/x.com\\\/webdo_tn\"],\"description\":\"Webdo est un m\u00e9dia num\u00e9rique tunisien fond\u00e9 en 2010, sp\u00e9cialis\u00e9 dans l\u2019actualit\u00e9 nationale et internationale, l\u2019\u00e9conomie, la soci\u00e9t\u00e9 et les analyses politiques. Le site s\u2019adresse \u00e0 un large public francophone et couvre l\u2019information tunisienne en temps r\u00e9el.\",\"email\":\"redac@webdo.tn\",\"legalName\":\"YNJ SARL\",\"foundingDate\":\"2010-09-06\",\"numberOfEmployees\":{\"@type\":\"QuantitativeValue\",\"minValue\":\"11\",\"maxValue\":\"50\"}},{\"@type\":\"Person\",\"@id\":\"https:\\\/\\\/www.webdo.tn\\\/fr\\\/#\\\/schema\\\/person\\\/6bc0beba2cd23aec27cb5df85ca2554f\",\"name\":\"Hatem Bourial\",\"image\":{\"@type\":\"ImageObject\",\"inLanguage\":\"fr-FR\",\"@id\":\"https:\\\/\\\/www.webdo.tn\\\/fr\\\/wp-content\\\/uploads\\\/2026\\\/04\\\/hatem-bourial_avatar-96x96.jpg\",\"url\":\"https:\\\/\\\/www.webdo.tn\\\/fr\\\/wp-content\\\/uploads\\\/2026\\\/04\\\/hatem-bourial_avatar-96x96.jpg\",\"contentUrl\":\"https:\\\/\\\/www.webdo.tn\\\/fr\\\/wp-content\\\/uploads\\\/2026\\\/04\\\/hatem-bourial_avatar-96x96.jpg\",\"caption\":\"Hatem Bourial\"},\"description\":\"Hatem Bourial est journaliste, \u00e9crivain et chroniqueur tunisien. Actif depuis plusieurs d\u00e9cennies, il s\u2019est impos\u00e9 comme un observateur attentif de la soci\u00e9t\u00e9 tunisienne, m\u00ealant dans ses \u00e9crits m\u00e9moire, culture et analyse du quotidien. Auteur de nombreux ouvrages, il d\u00e9veloppe une \u0153uvre \u00e0 la crois\u00e9e du r\u00e9cit, de la po\u00e9sie et de l\u2019observation sociologique. Parall\u00e8lement \u00e0 ses contributions dans la presse, il intervient r\u00e9guli\u00e8rement \u00e0 la radio et dans des espaces culturels, o\u00f9 il explore les enjeux li\u00e9s au patrimoine, \u00e0 l\u2019identit\u00e9 et aux transformations du monde contemporain. \u00c0 travers ses chroniques, Hatem Bourial propose une lecture sensible et approfondie de l\u2019actualit\u00e9, nourrie par une exp\u00e9rience journalistique et litt\u00e9raire reconnue. \ud83d\udd17 Facebook : https:\\\/\\\/www.facebook.com\\\/hatem.bourial.2025\",\"sameAs\":[\"https:\\\/\\\/www.facebook.com\\\/hatem.bourial.2025\",\"https:\\\/\\\/fr.wikipedia.org\\\/wiki\\\/Fichier:Hatem_Bourial.jpg\"],\"knowsAbout\":[\"Culture & patrimoine tunisien\",\"Chronique soci\u00e9tale\",\"Litt\u00e9rature & m\u00e9moire\",\"Cin\u00e9ma & critique culturelle\",\"Identit\u00e9 & mutations sociales\"],\"knowsLanguage\":[\"Arabe\",\"Fran\u00e7ais\",\"Anglais\",\"Italien\",\"Polonais\"],\"jobTitle\":\"Journaliste, \u00e9crivain et chroniqueur culturel\",\"worksFor\":\"Webdo\",\"url\":\"https:\\\/\\\/www.webdo.tn\\\/fr\\\/actualite\\\/author\\\/hatem-bourial-2\\\/\"}]}<\/script>\n<!-- \/ Yoast SEO Premium plugin. -->","yoast_head_json":{"title":"A la Galerie Saladin : Femina Sapiens by Olga Malakhova","description":"A la Galerie Saladin : Femina Sapiens by Olga Malakhova","canonical":"https:\/\/www.webdo.tn\/fr\/actualite\/chroniques\/a-la-galerie-saladin-femina-sapiens-by-olga-malakhova\/189087\/","og_locale":"fr_FR","og_type":"article","og_title":"A la Galerie Saladin : Femina Sapiens by Olga Malakhova","og_description":"A la Galerie Saladin : Femina Sapiens by Olga Malakhova","og_url":"https:\/\/www.webdo.tn\/fr\/actualite\/chroniques\/a-la-galerie-saladin-femina-sapiens-by-olga-malakhova\/189087\/","og_site_name":"webdo","article_publisher":"https:\/\/www.facebook.com\/webdotn","article_author":"https:\/\/www.facebook.com\/hatem.bourial.2025","article_published_time":"2021-11-18T12:02:00+00:00","article_modified_time":"2025-05-14T14:52:29+00:00","og_image":[{"width":542,"height":722,"url":"https:\/\/www.webdo.tn\/fr\/wp-content\/uploads\/2021\/11\/252454977_587324959254787_4668706241209722849_n.jpg","type":"image\/jpeg"}],"author":"Hatem Bourial","twitter_card":"summary_large_image","twitter_creator":"@webdo_tn","twitter_site":"@webdo_tn","twitter_misc":{"\u00c9crit par":"Hatem Bourial","Dur\u00e9e de lecture estim\u00e9e":"3 minutes"},"schema":{"@context":"https:\/\/schema.org","@graph":[{"@type":"NewsArticle","@id":"https:\/\/www.webdo.tn\/fr\/actualite\/chroniques\/a-la-galerie-saladin-femina-sapiens-by-olga-malakhova\/189087\/#article","isPartOf":{"@id":"https:\/\/www.webdo.tn\/fr\/actualite\/chroniques\/a-la-galerie-saladin-femina-sapiens-by-olga-malakhova\/189087\/"},"author":{"name":"Hatem Bourial","@id":"https:\/\/www.webdo.tn\/fr\/#\/schema\/person\/6bc0beba2cd23aec27cb5df85ca2554f"},"headline":"A la Galerie Saladin : Femina Sapiens by Olga Malakhova","datePublished":"2021-11-18T12:02:00+00:00","dateModified":"2025-05-14T14:52:29+00:00","mainEntityOfPage":{"@id":"https:\/\/www.webdo.tn\/fr\/actualite\/chroniques\/a-la-galerie-saladin-femina-sapiens-by-olga-malakhova\/189087\/"},"wordCount":620,"commentCount":0,"publisher":{"@id":"https:\/\/www.webdo.tn\/fr\/#organization"},"image":{"@id":"https:\/\/www.webdo.tn\/fr\/actualite\/chroniques\/a-la-galerie-saladin-femina-sapiens-by-olga-malakhova\/189087\/#primaryimage"},"thumbnailUrl":"https:\/\/www.webdo.tn\/fr\/wp-content\/uploads\/2021\/11\/252454977_587324959254787_4668706241209722849_n.jpg","articleSection":["Chroniques"],"inLanguage":"fr-FR"},{"@type":"WebPage","@id":"https:\/\/www.webdo.tn\/fr\/actualite\/chroniques\/a-la-galerie-saladin-femina-sapiens-by-olga-malakhova\/189087\/","url":"https:\/\/www.webdo.tn\/fr\/actualite\/chroniques\/a-la-galerie-saladin-femina-sapiens-by-olga-malakhova\/189087\/","name":"A la Galerie Saladin : Femina Sapiens by Olga Malakhova","isPartOf":{"@id":"https:\/\/www.webdo.tn\/fr\/#website"},"primaryImageOfPage":{"@id":"https:\/\/www.webdo.tn\/fr\/actualite\/chroniques\/a-la-galerie-saladin-femina-sapiens-by-olga-malakhova\/189087\/#primaryimage"},"image":{"@id":"https:\/\/www.webdo.tn\/fr\/actualite\/chroniques\/a-la-galerie-saladin-femina-sapiens-by-olga-malakhova\/189087\/#primaryimage"},"thumbnailUrl":"https:\/\/www.webdo.tn\/fr\/wp-content\/uploads\/2021\/11\/252454977_587324959254787_4668706241209722849_n.jpg","datePublished":"2021-11-18T12:02:00+00:00","dateModified":"2025-05-14T14:52:29+00:00","description":"A la Galerie Saladin : Femina Sapiens by Olga Malakhova","breadcrumb":{"@id":"https:\/\/www.webdo.tn\/fr\/actualite\/chroniques\/a-la-galerie-saladin-femina-sapiens-by-olga-malakhova\/189087\/#breadcrumb"},"inLanguage":"fr-FR","potentialAction":[{"@type":"ReadAction","target":["https:\/\/www.webdo.tn\/fr\/actualite\/chroniques\/a-la-galerie-saladin-femina-sapiens-by-olga-malakhova\/189087\/"]}]},{"@type":"ImageObject","inLanguage":"fr-FR","@id":"https:\/\/www.webdo.tn\/fr\/actualite\/chroniques\/a-la-galerie-saladin-femina-sapiens-by-olga-malakhova\/189087\/#primaryimage","url":"https:\/\/www.webdo.tn\/fr\/wp-content\/uploads\/2021\/11\/252454977_587324959254787_4668706241209722849_n.jpg","contentUrl":"https:\/\/www.webdo.tn\/fr\/wp-content\/uploads\/2021\/11\/252454977_587324959254787_4668706241209722849_n.jpg","width":542,"height":722,"caption":"A la Galerie Saladin : Femina Sapiens by Olga Malakhova"},{"@type":"BreadcrumbList","@id":"https:\/\/www.webdo.tn\/fr\/actualite\/chroniques\/a-la-galerie-saladin-femina-sapiens-by-olga-malakhova\/189087\/#breadcrumb","itemListElement":[{"@type":"ListItem","position":1,"name":"Accueil","item":"https:\/\/www.webdo.tn\/fr\/"},{"@type":"ListItem","position":2,"name":"A la Galerie Saladin : Femina Sapiens by Olga Malakhova"}]},{"@type":"WebSite","@id":"https:\/\/www.webdo.tn\/fr\/#website","url":"https:\/\/www.webdo.tn\/fr\/","name":"webdo","description":"Tunisie - News en Tunisie et \u00e0 l&#039;international sur Webdo.tn","publisher":{"@id":"https:\/\/www.webdo.tn\/fr\/#organization"},"potentialAction":[{"@type":"SearchAction","target":{"@type":"EntryPoint","urlTemplate":"https:\/\/www.webdo.tn\/fr\/?s={search_term_string}"},"query-input":{"@type":"PropertyValueSpecification","valueRequired":true,"valueName":"search_term_string"}}],"inLanguage":"fr-FR"},{"@type":"Organization","@id":"https:\/\/www.webdo.tn\/fr\/#organization","name":"Webdo","alternateName":"Webdo.tn","url":"https:\/\/www.webdo.tn\/fr\/","logo":{"@type":"ImageObject","inLanguage":"fr-FR","@id":"https:\/\/www.webdo.tn\/fr\/#\/schema\/logo\/image\/","url":"https:\/\/www.webdo.tn\/fr\/wp-content\/uploads\/2025\/06\/Webdo-Tunisie_168377.jpg","contentUrl":"https:\/\/www.webdo.tn\/fr\/wp-content\/uploads\/2025\/06\/Webdo-Tunisie_168377.jpg","width":301,"height":301,"caption":"Webdo"},"image":{"@id":"https:\/\/www.webdo.tn\/fr\/#\/schema\/logo\/image\/"},"sameAs":["https:\/\/www.facebook.com\/webdotn","https:\/\/x.com\/webdo_tn"],"description":"Webdo est un m\u00e9dia num\u00e9rique tunisien fond\u00e9 en 2010, sp\u00e9cialis\u00e9 dans l\u2019actualit\u00e9 nationale et internationale, l\u2019\u00e9conomie, la soci\u00e9t\u00e9 et les analyses politiques. Le site s\u2019adresse \u00e0 un large public francophone et couvre l\u2019information tunisienne en temps r\u00e9el.","email":"redac@webdo.tn","legalName":"YNJ SARL","foundingDate":"2010-09-06","numberOfEmployees":{"@type":"QuantitativeValue","minValue":"11","maxValue":"50"}},{"@type":"Person","@id":"https:\/\/www.webdo.tn\/fr\/#\/schema\/person\/6bc0beba2cd23aec27cb5df85ca2554f","name":"Hatem Bourial","image":{"@type":"ImageObject","inLanguage":"fr-FR","@id":"https:\/\/www.webdo.tn\/fr\/wp-content\/uploads\/2026\/04\/hatem-bourial_avatar-96x96.jpg","url":"https:\/\/www.webdo.tn\/fr\/wp-content\/uploads\/2026\/04\/hatem-bourial_avatar-96x96.jpg","contentUrl":"https:\/\/www.webdo.tn\/fr\/wp-content\/uploads\/2026\/04\/hatem-bourial_avatar-96x96.jpg","caption":"Hatem Bourial"},"description":"Hatem Bourial est journaliste, \u00e9crivain et chroniqueur tunisien. Actif depuis plusieurs d\u00e9cennies, il s\u2019est impos\u00e9 comme un observateur attentif de la soci\u00e9t\u00e9 tunisienne, m\u00ealant dans ses \u00e9crits m\u00e9moire, culture et analyse du quotidien. Auteur de nombreux ouvrages, il d\u00e9veloppe une \u0153uvre \u00e0 la crois\u00e9e du r\u00e9cit, de la po\u00e9sie et de l\u2019observation sociologique. Parall\u00e8lement \u00e0 ses contributions dans la presse, il intervient r\u00e9guli\u00e8rement \u00e0 la radio et dans des espaces culturels, o\u00f9 il explore les enjeux li\u00e9s au patrimoine, \u00e0 l\u2019identit\u00e9 et aux transformations du monde contemporain. \u00c0 travers ses chroniques, Hatem Bourial propose une lecture sensible et approfondie de l\u2019actualit\u00e9, nourrie par une exp\u00e9rience journalistique et litt\u00e9raire reconnue. \ud83d\udd17 Facebook : https:\/\/www.facebook.com\/hatem.bourial.2025","sameAs":["https:\/\/www.facebook.com\/hatem.bourial.2025","https:\/\/fr.wikipedia.org\/wiki\/Fichier:Hatem_Bourial.jpg"],"knowsAbout":["Culture & patrimoine tunisien","Chronique soci\u00e9tale","Litt\u00e9rature & m\u00e9moire","Cin\u00e9ma & critique culturelle","Identit\u00e9 & mutations sociales"],"knowsLanguage":["Arabe","Fran\u00e7ais","Anglais","Italien","Polonais"],"jobTitle":"Journaliste, \u00e9crivain et chroniqueur culturel","worksFor":"Webdo","url":"https:\/\/www.webdo.tn\/fr\/actualite\/author\/hatem-bourial-2\/"}]}},"_links":{"self":[{"href":"https:\/\/www.webdo.tn\/fr\/wp-json\/wp\/v2\/posts\/189087","targetHints":{"allow":["GET"]}}],"collection":[{"href":"https:\/\/www.webdo.tn\/fr\/wp-json\/wp\/v2\/posts"}],"about":[{"href":"https:\/\/www.webdo.tn\/fr\/wp-json\/wp\/v2\/types\/post"}],"author":[{"embeddable":true,"href":"https:\/\/www.webdo.tn\/fr\/wp-json\/wp\/v2\/users\/3229"}],"replies":[{"embeddable":true,"href":"https:\/\/www.webdo.tn\/fr\/wp-json\/wp\/v2\/comments?post=189087"}],"version-history":[{"count":0,"href":"https:\/\/www.webdo.tn\/fr\/wp-json\/wp\/v2\/posts\/189087\/revisions"}],"wp:featuredmedia":[{"embeddable":true,"href":"https:\/\/www.webdo.tn\/fr\/wp-json\/wp\/v2\/media\/257356"}],"wp:attachment":[{"href":"https:\/\/www.webdo.tn\/fr\/wp-json\/wp\/v2\/media?parent=189087"}],"wp:term":[{"taxonomy":"category","embeddable":true,"href":"https:\/\/www.webdo.tn\/fr\/wp-json\/wp\/v2\/categories?post=189087"},{"taxonomy":"post_tag","embeddable":true,"href":"https:\/\/www.webdo.tn\/fr\/wp-json\/wp\/v2\/tags?post=189087"}],"curies":[{"name":"wp","href":"https:\/\/api.w.org\/{rel}","templated":true}]}}