{"id":188253,"date":"2019-06-14T11:57:00","date_gmt":"2019-06-14T11:57:00","guid":{"rendered":"https:\/\/www.webdo.tn\/fr\/blog\/en-lettre-ouverte-aux-ediles-de-sidi-bou-said\/188253\/"},"modified":"2019-06-14T11:57:00","modified_gmt":"2019-06-14T11:57:00","slug":"en-lettre-ouverte-aux-ediles-de-sidi-bou-said","status":"publish","type":"post","link":"https:\/\/www.webdo.tn\/fr\/actualite\/chroniques\/en-lettre-ouverte-aux-ediles-de-sidi-bou-said\/188253\/","title":{"rendered":"En lettre ouverte aux \u00e9diles de Sidi Bou Sa\u00efd | Par Hatem Bourial"},"content":{"rendered":"<p>Beaucoup de tristesse de constater une nouvelle fois que beaucoup de po\u00e8tes tunisiens des plus actifs ne sont pas honor\u00e9s par votre festival. Vous me direz que c&rsquo;est une manifestation \u00ab\u00a0internationale\u00a0\u00bb o\u00f9 la priorit\u00e9 n&rsquo;est pas aux locaux. Je vous l&rsquo;accorde volontiers.<\/p>\n<p>Vous me direz que plusieurs Tunisiens sont au programme et qu&rsquo;il est impossible de prendre tout le monde. Je vous l&rsquo;accorde tout aussi volontiers. Toutefois, les choix de Moez Majed qui s&rsquo;est empar\u00e9 de ce festival pour lui et ses amis sont des plus contestables.<\/p>\n<p>Ils font de plus de votre conseil municipal l&rsquo;instrument de cette personne qui il est vrai, a fond\u00e9 ce rendez-vous mais l&rsquo;a toujours g\u00e9r\u00e9 de mani\u00e8re unilat\u00e9rale. Un peu plus de d\u00e9mocratie ne fera de mal \u00e0 personne.<\/p>\n<p>M. Majed n&rsquo;a jamais cach\u00e9 son m\u00e9pris des po\u00e8tes tunisiens, surtout les francophones parmi eux. Se jugeant sup\u00e9rieur aux autres, il nous regarde tous du haut de son arrogance et, plus grave, vous implique dans ses pratiques destructrices.<\/p>\n<p>En ce sens, chers \u00e9diles, je vous demande d&rsquo;\u00e9valuer votre propre participation \u00e0 votre festival. Bien s\u00fbr, vous nous direz \u00ab\u00a0associations\u00a0\u00bb et \u00ab\u00a0partenaires\u00a0\u00bb. Pourtant, cela ne tient pas la route car pour \u00eatre parmi vous, il faut faire des g\u00e9nuflexions devant le Po\u00e8te supr\u00eame, \u00e0 sa mani\u00e8re petit r\u00e9gent de Sidi Bou Sa\u00efd et de la petitesse d&rsquo;\u00e2me.<\/p>\n<p>Pour ma part, je me d\u00e9solidarise de cette d\u00e9marche qui exclut et consid\u00e8re que certaines voix po\u00e9tiques sont sup\u00e9rieures \u00e0 d&rsquo;autres en fonction de qui est l&rsquo;\u00e9diteur et s&rsquo;il se nomme Fata Machin ou pas. Tous les po\u00e8tes sont singuliers et tous les lecteurs diff\u00e9rents.<\/p>\n<p>Il n&rsquo;y a ni diktat ni classes sociales en po\u00e9sie. Et il ne saurait y avoir d&rsquo;exclusion au nom du nombrilisme usurpateur du ph\u00e9nix des h\u00f4tes de cette colline que nous aimons tous. En bon corbeau, notre ph\u00e9nix compte bien ne partager avec personne le fromage dont il fait un fructueux usage et dont il se voit le d\u00e9tenteur \u00e0 vie.<\/p>\n<p>Honte aux faux po\u00e8tes \u00e9gar\u00e9s dans les m\u00e9andres douteux du trafic d&rsquo;influence. Pour ma part, je ne compte pas parmi vos invit\u00e9s mais je vais venir quand m\u00eame. Je pr\u00e9senterai quelques performances dans les lieux que j&rsquo;aime \u00e0 Sidi Bou Sa\u00efd.<\/p>\n<p>Je le ferai de mani\u00e8re sauvage, comme une gr\u00e8ve inattendue et subreptice. Je le ferai en invitant mes amis \u00e0 le faire et \u00e0 cr\u00e9er avec moi un festival off qui puisse d\u00e9noncer certaines impostures. Je le ferai avec vous chers \u00e9diles pris en otage par une hubris d\u00e9vorante et insatiable.<\/p>\n<p>Je le ferai enfin pour \u00e0 mon tour dire mon m\u00e9pris des d\u00e9marches fallacieuses qui transforment une initiative qui se doit d&rsquo;\u00eatre g\u00e9n\u00e9reuse en chasse-gard\u00e9e de ceux qui croient que po\u00e9sie et f\u00e9odalit\u00e9 vont de pair.<\/p>\n<p>Demain, je viendrai chez moi \u00e0 Sidi Bou Sa\u00efd, en po\u00e8te libre. Je prendrai la parole sans perturber le festin auquel je ne suis pas convi\u00e9. Je viendrai confiant et repartirai heureux.<\/p>\n<p>Avec une seule crainte chevill\u00e9e \u00e0 mon ironie car peut-\u00eatre que celui qui se voit en nouveau baron de la po\u00e9sie tentera- t-il de faire usage de la force publique pour me faire taire. Qu&rsquo;il le sache, chers \u00e9diles, on ne met pas des menottes aux fleurs ni de b\u00e2illon aux po\u00e8tes.<\/p>\n","protected":false},"excerpt":{"rendered":"<p>En lettre ouverte aux \u00e9diles de Sidi Bou Sa\u00efd | Par Hatem Bourial<\/p>\n","protected":false},"author":3229,"featured_media":294723,"comment_status":"open","ping_status":"closed","sticky":false,"template":"","format":"standard","meta":{"footnotes":""},"categories":[2596],"tags":[2600],"class_list":["post-188253","post","type-post","status-publish","format-standard","has-post-thumbnail","hentry","category-chroniques","tag-guerre"],"yoast_head":"<!-- This site is optimized with the Yoast SEO Premium plugin v27.5 (Yoast SEO v27.5) - https:\/\/yoast.com\/product\/yoast-seo-premium-wordpress\/ -->\n<title>En lettre ouverte aux \u00e9diles de Sidi Bou Sa\u00efd | Par Hatem Bourial<\/title>\n<meta name=\"description\" content=\"En lettre ouverte aux \u00e9diles de Sidi Bou Sa\u00efd | Par Hatem Bourial\" \/>\n<link rel=\"canonical\" href=\"https:\/\/www.webdo.tn\/fr\/actualite\/chroniques\/en-lettre-ouverte-aux-ediles-de-sidi-bou-said\/188253\/\" \/>\n<meta property=\"og:locale\" content=\"fr_FR\" \/>\n<meta property=\"og:type\" content=\"article\" \/>\n<meta property=\"og:title\" content=\"En lettre ouverte aux \u00e9diles de Sidi Bou Sa\u00efd | Par Hatem Bourial\" \/>\n<meta property=\"og:description\" content=\"En lettre ouverte aux \u00e9diles de Sidi Bou Sa\u00efd | Par Hatem Bourial\" \/>\n<meta property=\"og:url\" content=\"https:\/\/www.webdo.tn\/fr\/actualite\/chroniques\/en-lettre-ouverte-aux-ediles-de-sidi-bou-said\/188253\/\" \/>\n<meta property=\"og:site_name\" content=\"webdo\" \/>\n<meta property=\"article:publisher\" content=\"https:\/\/www.facebook.com\/webdotn\" \/>\n<meta property=\"article:author\" content=\"https:\/\/www.facebook.com\/hatem.bourial.2025\" \/>\n<meta property=\"article:published_time\" content=\"2019-06-14T11:57:00+00:00\" \/>\n<meta property=\"og:image\" content=\"https:\/\/www.webdo.tn\/fr\/wp-content\/uploads\/2019\/06\/64464681_2288746031209008_8739451642048413696_n-300x300-1.jpg\" \/>\n\t<meta property=\"og:image:width\" content=\"300\" \/>\n\t<meta property=\"og:image:height\" content=\"300\" \/>\n\t<meta property=\"og:image:type\" content=\"image\/jpeg\" \/>\n<meta name=\"author\" content=\"Hatem Bourial\" \/>\n<meta name=\"twitter:card\" content=\"summary_large_image\" \/>\n<meta name=\"twitter:creator\" content=\"@webdo_tn\" \/>\n<meta name=\"twitter:site\" content=\"@webdo_tn\" \/>\n<meta name=\"twitter:label1\" content=\"\u00c9crit par\" \/>\n\t<meta name=\"twitter:data1\" content=\"Hatem Bourial\" \/>\n\t<meta name=\"twitter:label2\" content=\"Dur\u00e9e de lecture estim\u00e9e\" \/>\n\t<meta name=\"twitter:data2\" content=\"3 minutes\" \/>\n<script type=\"application\/ld+json\" class=\"yoast-schema-graph\">{\"@context\":\"https:\\\/\\\/schema.org\",\"@graph\":[{\"@type\":\"NewsArticle\",\"@id\":\"https:\\\/\\\/www.webdo.tn\\\/fr\\\/actualite\\\/chroniques\\\/en-lettre-ouverte-aux-ediles-de-sidi-bou-said\\\/188253\\\/#article\",\"isPartOf\":{\"@id\":\"https:\\\/\\\/www.webdo.tn\\\/fr\\\/actualite\\\/chroniques\\\/en-lettre-ouverte-aux-ediles-de-sidi-bou-said\\\/188253\\\/\"},\"author\":{\"name\":\"Hatem Bourial\",\"@id\":\"https:\\\/\\\/www.webdo.tn\\\/fr\\\/#\\\/schema\\\/person\\\/6bc0beba2cd23aec27cb5df85ca2554f\"},\"headline\":\"En lettre ouverte aux \u00e9diles de Sidi Bou Sa\u00efd | Par Hatem Bourial\",\"datePublished\":\"2019-06-14T11:57:00+00:00\",\"mainEntityOfPage\":{\"@id\":\"https:\\\/\\\/www.webdo.tn\\\/fr\\\/actualite\\\/chroniques\\\/en-lettre-ouverte-aux-ediles-de-sidi-bou-said\\\/188253\\\/\"},\"wordCount\":615,\"commentCount\":0,\"publisher\":{\"@id\":\"https:\\\/\\\/www.webdo.tn\\\/fr\\\/#organization\"},\"image\":{\"@id\":\"https:\\\/\\\/www.webdo.tn\\\/fr\\\/actualite\\\/chroniques\\\/en-lettre-ouverte-aux-ediles-de-sidi-bou-said\\\/188253\\\/#primaryimage\"},\"thumbnailUrl\":\"https:\\\/\\\/www.webdo.tn\\\/fr\\\/wp-content\\\/uploads\\\/2019\\\/06\\\/64464681_2288746031209008_8739451642048413696_n-300x300-1.jpg\",\"keywords\":[\"guerre\"],\"articleSection\":[\"Chroniques\"],\"inLanguage\":\"fr-FR\"},{\"@type\":\"WebPage\",\"@id\":\"https:\\\/\\\/www.webdo.tn\\\/fr\\\/actualite\\\/chroniques\\\/en-lettre-ouverte-aux-ediles-de-sidi-bou-said\\\/188253\\\/\",\"url\":\"https:\\\/\\\/www.webdo.tn\\\/fr\\\/actualite\\\/chroniques\\\/en-lettre-ouverte-aux-ediles-de-sidi-bou-said\\\/188253\\\/\",\"name\":\"En lettre ouverte aux \u00e9diles de Sidi Bou Sa\u00efd | Par Hatem Bourial\",\"isPartOf\":{\"@id\":\"https:\\\/\\\/www.webdo.tn\\\/fr\\\/#website\"},\"primaryImageOfPage\":{\"@id\":\"https:\\\/\\\/www.webdo.tn\\\/fr\\\/actualite\\\/chroniques\\\/en-lettre-ouverte-aux-ediles-de-sidi-bou-said\\\/188253\\\/#primaryimage\"},\"image\":{\"@id\":\"https:\\\/\\\/www.webdo.tn\\\/fr\\\/actualite\\\/chroniques\\\/en-lettre-ouverte-aux-ediles-de-sidi-bou-said\\\/188253\\\/#primaryimage\"},\"thumbnailUrl\":\"https:\\\/\\\/www.webdo.tn\\\/fr\\\/wp-content\\\/uploads\\\/2019\\\/06\\\/64464681_2288746031209008_8739451642048413696_n-300x300-1.jpg\",\"datePublished\":\"2019-06-14T11:57:00+00:00\",\"description\":\"En lettre ouverte aux \u00e9diles de Sidi Bou Sa\u00efd | Par Hatem Bourial\",\"breadcrumb\":{\"@id\":\"https:\\\/\\\/www.webdo.tn\\\/fr\\\/actualite\\\/chroniques\\\/en-lettre-ouverte-aux-ediles-de-sidi-bou-said\\\/188253\\\/#breadcrumb\"},\"inLanguage\":\"fr-FR\",\"potentialAction\":[{\"@type\":\"ReadAction\",\"target\":[\"https:\\\/\\\/www.webdo.tn\\\/fr\\\/actualite\\\/chroniques\\\/en-lettre-ouverte-aux-ediles-de-sidi-bou-said\\\/188253\\\/\"]}]},{\"@type\":\"ImageObject\",\"inLanguage\":\"fr-FR\",\"@id\":\"https:\\\/\\\/www.webdo.tn\\\/fr\\\/actualite\\\/chroniques\\\/en-lettre-ouverte-aux-ediles-de-sidi-bou-said\\\/188253\\\/#primaryimage\",\"url\":\"https:\\\/\\\/www.webdo.tn\\\/fr\\\/wp-content\\\/uploads\\\/2019\\\/06\\\/64464681_2288746031209008_8739451642048413696_n-300x300-1.jpg\",\"contentUrl\":\"https:\\\/\\\/www.webdo.tn\\\/fr\\\/wp-content\\\/uploads\\\/2019\\\/06\\\/64464681_2288746031209008_8739451642048413696_n-300x300-1.jpg\",\"width\":300,\"height\":300,\"caption\":\"En lettre ouverte aux \u00e9diles de Sidi Bou Sa\u00efd | Par Hatem Bourial\"},{\"@type\":\"BreadcrumbList\",\"@id\":\"https:\\\/\\\/www.webdo.tn\\\/fr\\\/actualite\\\/chroniques\\\/en-lettre-ouverte-aux-ediles-de-sidi-bou-said\\\/188253\\\/#breadcrumb\",\"itemListElement\":[{\"@type\":\"ListItem\",\"position\":1,\"name\":\"Accueil\",\"item\":\"https:\\\/\\\/www.webdo.tn\\\/fr\\\/\"},{\"@type\":\"ListItem\",\"position\":2,\"name\":\"En lettre ouverte aux \u00e9diles de Sidi Bou Sa\u00efd | Par Hatem Bourial\"}]},{\"@type\":\"WebSite\",\"@id\":\"https:\\\/\\\/www.webdo.tn\\\/fr\\\/#website\",\"url\":\"https:\\\/\\\/www.webdo.tn\\\/fr\\\/\",\"name\":\"webdo\",\"description\":\"Tunisie - News en Tunisie et \u00e0 l&#039;international sur Webdo.tn\",\"publisher\":{\"@id\":\"https:\\\/\\\/www.webdo.tn\\\/fr\\\/#organization\"},\"potentialAction\":[{\"@type\":\"SearchAction\",\"target\":{\"@type\":\"EntryPoint\",\"urlTemplate\":\"https:\\\/\\\/www.webdo.tn\\\/fr\\\/?s={search_term_string}\"},\"query-input\":{\"@type\":\"PropertyValueSpecification\",\"valueRequired\":true,\"valueName\":\"search_term_string\"}}],\"inLanguage\":\"fr-FR\"},{\"@type\":\"Organization\",\"@id\":\"https:\\\/\\\/www.webdo.tn\\\/fr\\\/#organization\",\"name\":\"Webdo\",\"alternateName\":\"Webdo.tn\",\"url\":\"https:\\\/\\\/www.webdo.tn\\\/fr\\\/\",\"logo\":{\"@type\":\"ImageObject\",\"inLanguage\":\"fr-FR\",\"@id\":\"https:\\\/\\\/www.webdo.tn\\\/fr\\\/#\\\/schema\\\/logo\\\/image\\\/\",\"url\":\"https:\\\/\\\/www.webdo.tn\\\/fr\\\/wp-content\\\/uploads\\\/2025\\\/06\\\/Webdo-Tunisie_168377.jpg\",\"contentUrl\":\"https:\\\/\\\/www.webdo.tn\\\/fr\\\/wp-content\\\/uploads\\\/2025\\\/06\\\/Webdo-Tunisie_168377.jpg\",\"width\":301,\"height\":301,\"caption\":\"Webdo\"},\"image\":{\"@id\":\"https:\\\/\\\/www.webdo.tn\\\/fr\\\/#\\\/schema\\\/logo\\\/image\\\/\"},\"sameAs\":[\"https:\\\/\\\/www.facebook.com\\\/webdotn\",\"https:\\\/\\\/x.com\\\/webdo_tn\"],\"description\":\"Webdo est un m\u00e9dia num\u00e9rique tunisien fond\u00e9 en 2010, sp\u00e9cialis\u00e9 dans l\u2019actualit\u00e9 nationale et internationale, l\u2019\u00e9conomie, la soci\u00e9t\u00e9 et les analyses politiques. Le site s\u2019adresse \u00e0 un large public francophone et couvre l\u2019information tunisienne en temps r\u00e9el.\",\"email\":\"redac@webdo.tn\",\"legalName\":\"YNJ SARL\",\"foundingDate\":\"2010-09-06\",\"numberOfEmployees\":{\"@type\":\"QuantitativeValue\",\"minValue\":\"11\",\"maxValue\":\"50\"}},{\"@type\":\"Person\",\"@id\":\"https:\\\/\\\/www.webdo.tn\\\/fr\\\/#\\\/schema\\\/person\\\/6bc0beba2cd23aec27cb5df85ca2554f\",\"name\":\"Hatem Bourial\",\"image\":{\"@type\":\"ImageObject\",\"inLanguage\":\"fr-FR\",\"@id\":\"https:\\\/\\\/www.webdo.tn\\\/fr\\\/wp-content\\\/uploads\\\/2026\\\/04\\\/hatem-bourial_avatar-96x96.jpg\",\"url\":\"https:\\\/\\\/www.webdo.tn\\\/fr\\\/wp-content\\\/uploads\\\/2026\\\/04\\\/hatem-bourial_avatar-96x96.jpg\",\"contentUrl\":\"https:\\\/\\\/www.webdo.tn\\\/fr\\\/wp-content\\\/uploads\\\/2026\\\/04\\\/hatem-bourial_avatar-96x96.jpg\",\"caption\":\"Hatem Bourial\"},\"description\":\"Hatem Bourial est journaliste, \u00e9crivain et chroniqueur tunisien. Actif depuis plusieurs d\u00e9cennies, il s\u2019est impos\u00e9 comme un observateur attentif de la soci\u00e9t\u00e9 tunisienne, m\u00ealant dans ses \u00e9crits m\u00e9moire, culture et analyse du quotidien. Auteur de nombreux ouvrages, il d\u00e9veloppe une \u0153uvre \u00e0 la crois\u00e9e du r\u00e9cit, de la po\u00e9sie et de l\u2019observation sociologique. Parall\u00e8lement \u00e0 ses contributions dans la presse, il intervient r\u00e9guli\u00e8rement \u00e0 la radio et dans des espaces culturels, o\u00f9 il explore les enjeux li\u00e9s au patrimoine, \u00e0 l\u2019identit\u00e9 et aux transformations du monde contemporain. \u00c0 travers ses chroniques, Hatem Bourial propose une lecture sensible et approfondie de l\u2019actualit\u00e9, nourrie par une exp\u00e9rience journalistique et litt\u00e9raire reconnue. \ud83d\udd17 Facebook : https:\\\/\\\/www.facebook.com\\\/hatem.bourial.2025\",\"sameAs\":[\"https:\\\/\\\/www.facebook.com\\\/hatem.bourial.2025\",\"https:\\\/\\\/fr.wikipedia.org\\\/wiki\\\/Fichier:Hatem_Bourial.jpg\"],\"knowsAbout\":[\"Culture & patrimoine tunisien\",\"Chronique soci\u00e9tale\",\"Litt\u00e9rature & m\u00e9moire\",\"Cin\u00e9ma & critique culturelle\",\"Identit\u00e9 & mutations sociales\"],\"knowsLanguage\":[\"Arabe\",\"Fran\u00e7ais\",\"Anglais\",\"Italien\",\"Polonais\"],\"jobTitle\":\"Journaliste, \u00e9crivain et chroniqueur culturel\",\"worksFor\":\"Webdo\",\"url\":\"https:\\\/\\\/www.webdo.tn\\\/fr\\\/actualite\\\/author\\\/hatem-bourial-2\\\/\"}]}<\/script>\n<!-- \/ Yoast SEO Premium plugin. -->","yoast_head_json":{"title":"En lettre ouverte aux \u00e9diles de Sidi Bou Sa\u00efd | Par Hatem Bourial","description":"En lettre ouverte aux \u00e9diles de Sidi Bou Sa\u00efd | Par Hatem Bourial","canonical":"https:\/\/www.webdo.tn\/fr\/actualite\/chroniques\/en-lettre-ouverte-aux-ediles-de-sidi-bou-said\/188253\/","og_locale":"fr_FR","og_type":"article","og_title":"En lettre ouverte aux \u00e9diles de Sidi Bou Sa\u00efd | Par Hatem Bourial","og_description":"En lettre ouverte aux \u00e9diles de Sidi Bou Sa\u00efd | Par Hatem Bourial","og_url":"https:\/\/www.webdo.tn\/fr\/actualite\/chroniques\/en-lettre-ouverte-aux-ediles-de-sidi-bou-said\/188253\/","og_site_name":"webdo","article_publisher":"https:\/\/www.facebook.com\/webdotn","article_author":"https:\/\/www.facebook.com\/hatem.bourial.2025","article_published_time":"2019-06-14T11:57:00+00:00","og_image":[{"width":300,"height":300,"url":"https:\/\/www.webdo.tn\/fr\/wp-content\/uploads\/2019\/06\/64464681_2288746031209008_8739451642048413696_n-300x300-1.jpg","type":"image\/jpeg"}],"author":"Hatem Bourial","twitter_card":"summary_large_image","twitter_creator":"@webdo_tn","twitter_site":"@webdo_tn","twitter_misc":{"\u00c9crit par":"Hatem Bourial","Dur\u00e9e de lecture estim\u00e9e":"3 minutes"},"schema":{"@context":"https:\/\/schema.org","@graph":[{"@type":"NewsArticle","@id":"https:\/\/www.webdo.tn\/fr\/actualite\/chroniques\/en-lettre-ouverte-aux-ediles-de-sidi-bou-said\/188253\/#article","isPartOf":{"@id":"https:\/\/www.webdo.tn\/fr\/actualite\/chroniques\/en-lettre-ouverte-aux-ediles-de-sidi-bou-said\/188253\/"},"author":{"name":"Hatem Bourial","@id":"https:\/\/www.webdo.tn\/fr\/#\/schema\/person\/6bc0beba2cd23aec27cb5df85ca2554f"},"headline":"En lettre ouverte aux \u00e9diles de Sidi Bou Sa\u00efd | Par Hatem Bourial","datePublished":"2019-06-14T11:57:00+00:00","mainEntityOfPage":{"@id":"https:\/\/www.webdo.tn\/fr\/actualite\/chroniques\/en-lettre-ouverte-aux-ediles-de-sidi-bou-said\/188253\/"},"wordCount":615,"commentCount":0,"publisher":{"@id":"https:\/\/www.webdo.tn\/fr\/#organization"},"image":{"@id":"https:\/\/www.webdo.tn\/fr\/actualite\/chroniques\/en-lettre-ouverte-aux-ediles-de-sidi-bou-said\/188253\/#primaryimage"},"thumbnailUrl":"https:\/\/www.webdo.tn\/fr\/wp-content\/uploads\/2019\/06\/64464681_2288746031209008_8739451642048413696_n-300x300-1.jpg","keywords":["guerre"],"articleSection":["Chroniques"],"inLanguage":"fr-FR"},{"@type":"WebPage","@id":"https:\/\/www.webdo.tn\/fr\/actualite\/chroniques\/en-lettre-ouverte-aux-ediles-de-sidi-bou-said\/188253\/","url":"https:\/\/www.webdo.tn\/fr\/actualite\/chroniques\/en-lettre-ouverte-aux-ediles-de-sidi-bou-said\/188253\/","name":"En lettre ouverte aux \u00e9diles de Sidi Bou Sa\u00efd | Par Hatem Bourial","isPartOf":{"@id":"https:\/\/www.webdo.tn\/fr\/#website"},"primaryImageOfPage":{"@id":"https:\/\/www.webdo.tn\/fr\/actualite\/chroniques\/en-lettre-ouverte-aux-ediles-de-sidi-bou-said\/188253\/#primaryimage"},"image":{"@id":"https:\/\/www.webdo.tn\/fr\/actualite\/chroniques\/en-lettre-ouverte-aux-ediles-de-sidi-bou-said\/188253\/#primaryimage"},"thumbnailUrl":"https:\/\/www.webdo.tn\/fr\/wp-content\/uploads\/2019\/06\/64464681_2288746031209008_8739451642048413696_n-300x300-1.jpg","datePublished":"2019-06-14T11:57:00+00:00","description":"En lettre ouverte aux \u00e9diles de Sidi Bou Sa\u00efd | Par Hatem Bourial","breadcrumb":{"@id":"https:\/\/www.webdo.tn\/fr\/actualite\/chroniques\/en-lettre-ouverte-aux-ediles-de-sidi-bou-said\/188253\/#breadcrumb"},"inLanguage":"fr-FR","potentialAction":[{"@type":"ReadAction","target":["https:\/\/www.webdo.tn\/fr\/actualite\/chroniques\/en-lettre-ouverte-aux-ediles-de-sidi-bou-said\/188253\/"]}]},{"@type":"ImageObject","inLanguage":"fr-FR","@id":"https:\/\/www.webdo.tn\/fr\/actualite\/chroniques\/en-lettre-ouverte-aux-ediles-de-sidi-bou-said\/188253\/#primaryimage","url":"https:\/\/www.webdo.tn\/fr\/wp-content\/uploads\/2019\/06\/64464681_2288746031209008_8739451642048413696_n-300x300-1.jpg","contentUrl":"https:\/\/www.webdo.tn\/fr\/wp-content\/uploads\/2019\/06\/64464681_2288746031209008_8739451642048413696_n-300x300-1.jpg","width":300,"height":300,"caption":"En lettre ouverte aux \u00e9diles de Sidi Bou Sa\u00efd | Par Hatem Bourial"},{"@type":"BreadcrumbList","@id":"https:\/\/www.webdo.tn\/fr\/actualite\/chroniques\/en-lettre-ouverte-aux-ediles-de-sidi-bou-said\/188253\/#breadcrumb","itemListElement":[{"@type":"ListItem","position":1,"name":"Accueil","item":"https:\/\/www.webdo.tn\/fr\/"},{"@type":"ListItem","position":2,"name":"En lettre ouverte aux \u00e9diles de Sidi Bou Sa\u00efd | Par Hatem Bourial"}]},{"@type":"WebSite","@id":"https:\/\/www.webdo.tn\/fr\/#website","url":"https:\/\/www.webdo.tn\/fr\/","name":"webdo","description":"Tunisie - News en Tunisie et \u00e0 l&#039;international sur Webdo.tn","publisher":{"@id":"https:\/\/www.webdo.tn\/fr\/#organization"},"potentialAction":[{"@type":"SearchAction","target":{"@type":"EntryPoint","urlTemplate":"https:\/\/www.webdo.tn\/fr\/?s={search_term_string}"},"query-input":{"@type":"PropertyValueSpecification","valueRequired":true,"valueName":"search_term_string"}}],"inLanguage":"fr-FR"},{"@type":"Organization","@id":"https:\/\/www.webdo.tn\/fr\/#organization","name":"Webdo","alternateName":"Webdo.tn","url":"https:\/\/www.webdo.tn\/fr\/","logo":{"@type":"ImageObject","inLanguage":"fr-FR","@id":"https:\/\/www.webdo.tn\/fr\/#\/schema\/logo\/image\/","url":"https:\/\/www.webdo.tn\/fr\/wp-content\/uploads\/2025\/06\/Webdo-Tunisie_168377.jpg","contentUrl":"https:\/\/www.webdo.tn\/fr\/wp-content\/uploads\/2025\/06\/Webdo-Tunisie_168377.jpg","width":301,"height":301,"caption":"Webdo"},"image":{"@id":"https:\/\/www.webdo.tn\/fr\/#\/schema\/logo\/image\/"},"sameAs":["https:\/\/www.facebook.com\/webdotn","https:\/\/x.com\/webdo_tn"],"description":"Webdo est un m\u00e9dia num\u00e9rique tunisien fond\u00e9 en 2010, sp\u00e9cialis\u00e9 dans l\u2019actualit\u00e9 nationale et internationale, l\u2019\u00e9conomie, la soci\u00e9t\u00e9 et les analyses politiques. Le site s\u2019adresse \u00e0 un large public francophone et couvre l\u2019information tunisienne en temps r\u00e9el.","email":"redac@webdo.tn","legalName":"YNJ SARL","foundingDate":"2010-09-06","numberOfEmployees":{"@type":"QuantitativeValue","minValue":"11","maxValue":"50"}},{"@type":"Person","@id":"https:\/\/www.webdo.tn\/fr\/#\/schema\/person\/6bc0beba2cd23aec27cb5df85ca2554f","name":"Hatem Bourial","image":{"@type":"ImageObject","inLanguage":"fr-FR","@id":"https:\/\/www.webdo.tn\/fr\/wp-content\/uploads\/2026\/04\/hatem-bourial_avatar-96x96.jpg","url":"https:\/\/www.webdo.tn\/fr\/wp-content\/uploads\/2026\/04\/hatem-bourial_avatar-96x96.jpg","contentUrl":"https:\/\/www.webdo.tn\/fr\/wp-content\/uploads\/2026\/04\/hatem-bourial_avatar-96x96.jpg","caption":"Hatem Bourial"},"description":"Hatem Bourial est journaliste, \u00e9crivain et chroniqueur tunisien. Actif depuis plusieurs d\u00e9cennies, il s\u2019est impos\u00e9 comme un observateur attentif de la soci\u00e9t\u00e9 tunisienne, m\u00ealant dans ses \u00e9crits m\u00e9moire, culture et analyse du quotidien. Auteur de nombreux ouvrages, il d\u00e9veloppe une \u0153uvre \u00e0 la crois\u00e9e du r\u00e9cit, de la po\u00e9sie et de l\u2019observation sociologique. Parall\u00e8lement \u00e0 ses contributions dans la presse, il intervient r\u00e9guli\u00e8rement \u00e0 la radio et dans des espaces culturels, o\u00f9 il explore les enjeux li\u00e9s au patrimoine, \u00e0 l\u2019identit\u00e9 et aux transformations du monde contemporain. \u00c0 travers ses chroniques, Hatem Bourial propose une lecture sensible et approfondie de l\u2019actualit\u00e9, nourrie par une exp\u00e9rience journalistique et litt\u00e9raire reconnue. \ud83d\udd17 Facebook : https:\/\/www.facebook.com\/hatem.bourial.2025","sameAs":["https:\/\/www.facebook.com\/hatem.bourial.2025","https:\/\/fr.wikipedia.org\/wiki\/Fichier:Hatem_Bourial.jpg"],"knowsAbout":["Culture & patrimoine tunisien","Chronique soci\u00e9tale","Litt\u00e9rature & m\u00e9moire","Cin\u00e9ma & critique culturelle","Identit\u00e9 & mutations sociales"],"knowsLanguage":["Arabe","Fran\u00e7ais","Anglais","Italien","Polonais"],"jobTitle":"Journaliste, \u00e9crivain et chroniqueur culturel","worksFor":"Webdo","url":"https:\/\/www.webdo.tn\/fr\/actualite\/author\/hatem-bourial-2\/"}]}},"_links":{"self":[{"href":"https:\/\/www.webdo.tn\/fr\/wp-json\/wp\/v2\/posts\/188253","targetHints":{"allow":["GET"]}}],"collection":[{"href":"https:\/\/www.webdo.tn\/fr\/wp-json\/wp\/v2\/posts"}],"about":[{"href":"https:\/\/www.webdo.tn\/fr\/wp-json\/wp\/v2\/types\/post"}],"author":[{"embeddable":true,"href":"https:\/\/www.webdo.tn\/fr\/wp-json\/wp\/v2\/users\/3229"}],"replies":[{"embeddable":true,"href":"https:\/\/www.webdo.tn\/fr\/wp-json\/wp\/v2\/comments?post=188253"}],"version-history":[{"count":0,"href":"https:\/\/www.webdo.tn\/fr\/wp-json\/wp\/v2\/posts\/188253\/revisions"}],"wp:featuredmedia":[{"embeddable":true,"href":"https:\/\/www.webdo.tn\/fr\/wp-json\/wp\/v2\/media\/294723"}],"wp:attachment":[{"href":"https:\/\/www.webdo.tn\/fr\/wp-json\/wp\/v2\/media?parent=188253"}],"wp:term":[{"taxonomy":"category","embeddable":true,"href":"https:\/\/www.webdo.tn\/fr\/wp-json\/wp\/v2\/categories?post=188253"},{"taxonomy":"post_tag","embeddable":true,"href":"https:\/\/www.webdo.tn\/fr\/wp-json\/wp\/v2\/tags?post=188253"}],"curies":[{"name":"wp","href":"https:\/\/api.w.org\/{rel}","templated":true}]}}