{"id":188249,"date":"2019-06-11T08:53:00","date_gmt":"2019-06-11T08:53:00","guid":{"rendered":"https:\/\/www.webdo.tn\/fr\/actualite\/blog\/une-page-dhistoire-quand-52-000-soldats-serbes-ont-debarque-a-bizerte\/188249\/"},"modified":"2019-06-11T08:53:00","modified_gmt":"2019-06-11T08:53:00","slug":"une-page-dhistoire-quand-52-000-soldats-serbes-ont-debarque-a-bizerte","status":"publish","type":"post","link":"https:\/\/www.webdo.tn\/fr\/actualite\/chroniques\/une-page-dhistoire-quand-52-000-soldats-serbes-ont-debarque-a-bizerte\/188249\/","title":{"rendered":"Une page d&rsquo;histoire : Quand 52.000 soldats serbes ont d\u00e9barqu\u00e9 \u00e0 Bizerte"},"content":{"rendered":"<p>Cet \u00e9pisode de la Premi\u00e8re guerre mondiale reste peu connu. Sa m\u00e9moire a \u00e9t\u00e9 raviv\u00e9e par les r\u00e9centes comm\u00e9morations de la guerre de 14-18 et un ouvrage que lui a consacr\u00e9 l&rsquo;universitaire Ali Ait Mihoub.<\/p>\n<p>Essayons de revenir ensemble sur ces \u00e9v\u00e9nements qui se sont d\u00e9roul\u00e9s en 1916 sur le sol tunisien lorsque le grand croiseur \u00ab\u00a0Victor Hugo\u00a0\u00bb a d\u00e9barqu\u00e9 au port de Bizerte le dixi\u00e8me r\u00e9giment de l&rsquo;arm\u00e9e serbe ainsi que des civils relativement nombreux.<\/p>\n<p>Comment et pourquoi ces soldats sont-ils arriv\u00e9s en Tunisie? Pour le comprendre, il faut remonter \u00e0 octobre 1915 lorsque les forces allemandes, austro-hongroises et bulgares avaient attaqu\u00e9 la Serbie.<\/p>\n<p>Prise de court et surclass\u00e9e, l&rsquo;arm\u00e9e serbe avait du battre en retraite vers le sud et s&rsquo;\u00e9tait dirig\u00e9e vers la Gr\u00e8ce et l&rsquo;Albanie.<\/p>\n<p>Un accord allait \u00eatre alors trouv\u00e9 avec la France pour que les malades et bless\u00e9s ainsi que de nombreux soldats \u00e9puis\u00e9s par la retraite soient transf\u00e9r\u00e9s dans le sud de la France et en Afrique du nord.<\/p>\n<p>C&rsquo;est dans ce contexte que le \u00ab\u00a0Victor Hugo\u00a0\u00bb et d&rsquo;autres navires ont transport\u00e9 ces soldats qui seront accueillis \u00e0 Bizerte par l&rsquo;amiral Gu\u00e9prette, commandant des troupes en Tunisie.Les chiffres \u00e0 cet \u00e9gard sont confus. L&rsquo;exode aurait concern\u00e9 en tout 61.250 soldats ainsi que des civils. D&rsquo;autres chiffres \u00e9voquent la pr\u00e9sence de 13.000 soldats qui auraient fait la travers\u00e9e vers Bizerte depuis Thessalonique. Enfin, le nombre de 52.000 soldats serbes en Tunisie est lui aussi \u00e9voqu\u00e9 ainsi que celui de 5000 Serbes qui ont r\u00e9sid\u00e9 \u00e0 Bizerte entre 1916 et 1919.<\/p>\n<p>Arriv\u00e9s le 10 janvier 1916, la plupart des soldats avaient \u00e9t\u00e9 renvoy\u00e9s vers les th\u00e9\u00e2tres d&rsquo;op\u00e9ration en 1917.<\/p>\n<p>A leur arriv\u00e9e \u00e0 Bizerte, ils avaient \u00e9t\u00e9 plac\u00e9s dans la caserne Lambert puis d\u00e9plac\u00e9s \u00e0 Lazouaz dans un camp de tentes qui se trouve aux environs du Nadhour.<\/p>\n<p>Deux cents baraques seront ensuite construites sur place pour accueillir ces r\u00e9fugi\u00e9s serbes qui avaient auparavant subi une quarantaine et les vaccins d&rsquo;usage.Arriv\u00e9s en piteux \u00e9tat, beaucoup de ces soldats ne tiendront pas longtemps. En effet, plus de 3200 d&rsquo;entre eux sont d\u00e9c\u00e9d\u00e9s ici et reposent en terre tunisienne entre autres au cimeti\u00e8re militaire serbe de Menzel Bourguiba o\u00f9 ils sont 1800 \u00e0 avoir \u00e9t\u00e9 inhum\u00e9s.<\/p>\n<p>Cet \u00e9pisode de la Premi\u00e8re guerre mondiale reste peu connu mais est ressorti de l&rsquo;oubli ces derni\u00e8res ann\u00e9es. Plusieurs photos d&rsquo;\u00e9poque t\u00e9moignent \u00e9galement de cette pr\u00e9sence de l&rsquo;arm\u00e9e serbe en Tunisie.<\/p>\n","protected":false},"excerpt":{"rendered":"<p>Une page d&rsquo;histoire : Quand 52.000 soldats serbes ont d\u00e9barqu\u00e9 \u00e0 Bizerte<\/p>\n","protected":false},"author":3229,"featured_media":376290,"comment_status":"open","ping_status":"closed","sticky":false,"template":"","format":"standard","meta":{"footnotes":""},"categories":[2596],"tags":[],"class_list":["post-188249","post","type-post","status-publish","format-standard","has-post-thumbnail","hentry","category-chroniques"],"yoast_head":"<!-- This site is optimized with the Yoast SEO Premium plugin v27.4 (Yoast SEO v27.4) - https:\/\/yoast.com\/product\/yoast-seo-premium-wordpress\/ -->\n<title>Une page d&#039;histoire : Quand 52.000 soldats serbes ont d\u00e9barqu\u00e9 \u00e0 Bizerte<\/title>\n<meta name=\"description\" content=\"Une page d&#039;histoire : Quand 52.000 soldats serbes ont d\u00e9barqu\u00e9 \u00e0 Bizerte\" \/>\n<link rel=\"canonical\" href=\"https:\/\/www.webdo.tn\/fr\/actualite\/chroniques\/une-page-dhistoire-quand-52-000-soldats-serbes-ont-debarque-a-bizerte\/188249\/\" \/>\n<meta property=\"og:locale\" content=\"fr_FR\" \/>\n<meta property=\"og:type\" content=\"article\" \/>\n<meta property=\"og:title\" content=\"Une page d&#039;histoire : Quand 52.000 soldats serbes ont d\u00e9barqu\u00e9 \u00e0 Bizerte\" \/>\n<meta property=\"og:description\" content=\"Une page d&#039;histoire : Quand 52.000 soldats serbes ont d\u00e9barqu\u00e9 \u00e0 Bizerte\" \/>\n<meta property=\"og:url\" content=\"https:\/\/www.webdo.tn\/fr\/actualite\/chroniques\/une-page-dhistoire-quand-52-000-soldats-serbes-ont-debarque-a-bizerte\/188249\/\" \/>\n<meta property=\"og:site_name\" content=\"webdo\" \/>\n<meta property=\"article:publisher\" content=\"https:\/\/www.facebook.com\/webdotn\" \/>\n<meta property=\"article:author\" content=\"https:\/\/www.facebook.com\/hatem.bourial.2025\" \/>\n<meta property=\"article:published_time\" content=\"2019-06-11T08:53:00+00:00\" \/>\n<meta property=\"og:image\" content=\"https:\/\/www.webdo.tn\/fr\/wp-content\/uploads\/2025\/06\/FireShot-Capture-1063-webdo_default-53-750x375.jpg-750\u00d7375-www.webdo_.tn_.png\" \/>\n\t<meta property=\"og:image:width\" content=\"746\" \/>\n\t<meta property=\"og:image:height\" content=\"371\" \/>\n\t<meta property=\"og:image:type\" content=\"image\/png\" \/>\n<meta name=\"author\" content=\"Hatem Bourial\" \/>\n<meta name=\"twitter:card\" content=\"summary_large_image\" \/>\n<meta name=\"twitter:creator\" content=\"@webdo_tn\" \/>\n<meta name=\"twitter:site\" content=\"@webdo_tn\" \/>\n<meta name=\"twitter:label1\" content=\"\u00c9crit par\" \/>\n\t<meta name=\"twitter:data1\" content=\"Hatem Bourial\" \/>\n\t<meta name=\"twitter:label2\" content=\"Dur\u00e9e de lecture estim\u00e9e\" \/>\n\t<meta name=\"twitter:data2\" content=\"2 minutes\" \/>\n<script type=\"application\/ld+json\" class=\"yoast-schema-graph\">{\"@context\":\"https:\\\/\\\/schema.org\",\"@graph\":[{\"@type\":\"NewsArticle\",\"@id\":\"https:\\\/\\\/www.webdo.tn\\\/fr\\\/actualite\\\/chroniques\\\/une-page-dhistoire-quand-52-000-soldats-serbes-ont-debarque-a-bizerte\\\/188249\\\/#article\",\"isPartOf\":{\"@id\":\"https:\\\/\\\/www.webdo.tn\\\/fr\\\/actualite\\\/chroniques\\\/une-page-dhistoire-quand-52-000-soldats-serbes-ont-debarque-a-bizerte\\\/188249\\\/\"},\"author\":{\"name\":\"Hatem Bourial\",\"@id\":\"https:\\\/\\\/www.webdo.tn\\\/fr\\\/#\\\/schema\\\/person\\\/6bc0beba2cd23aec27cb5df85ca2554f\"},\"headline\":\"Une page d&rsquo;histoire : Quand 52.000 soldats serbes ont d\u00e9barqu\u00e9 \u00e0 Bizerte\",\"datePublished\":\"2019-06-11T08:53:00+00:00\",\"mainEntityOfPage\":{\"@id\":\"https:\\\/\\\/www.webdo.tn\\\/fr\\\/actualite\\\/chroniques\\\/une-page-dhistoire-quand-52-000-soldats-serbes-ont-debarque-a-bizerte\\\/188249\\\/\"},\"wordCount\":455,\"commentCount\":0,\"publisher\":{\"@id\":\"https:\\\/\\\/www.webdo.tn\\\/fr\\\/#organization\"},\"image\":{\"@id\":\"https:\\\/\\\/www.webdo.tn\\\/fr\\\/actualite\\\/chroniques\\\/une-page-dhistoire-quand-52-000-soldats-serbes-ont-debarque-a-bizerte\\\/188249\\\/#primaryimage\"},\"thumbnailUrl\":\"https:\\\/\\\/www.webdo.tn\\\/fr\\\/wp-content\\\/uploads\\\/2025\\\/06\\\/FireShot-Capture-1063-webdo_default-53-750x375.jpg-750\u00d7375-www.webdo_.tn_.png\",\"articleSection\":[\"Chroniques\"],\"inLanguage\":\"fr-FR\"},{\"@type\":\"WebPage\",\"@id\":\"https:\\\/\\\/www.webdo.tn\\\/fr\\\/actualite\\\/chroniques\\\/une-page-dhistoire-quand-52-000-soldats-serbes-ont-debarque-a-bizerte\\\/188249\\\/\",\"url\":\"https:\\\/\\\/www.webdo.tn\\\/fr\\\/actualite\\\/chroniques\\\/une-page-dhistoire-quand-52-000-soldats-serbes-ont-debarque-a-bizerte\\\/188249\\\/\",\"name\":\"Une page d'histoire : Quand 52.000 soldats serbes ont d\u00e9barqu\u00e9 \u00e0 Bizerte\",\"isPartOf\":{\"@id\":\"https:\\\/\\\/www.webdo.tn\\\/fr\\\/#website\"},\"primaryImageOfPage\":{\"@id\":\"https:\\\/\\\/www.webdo.tn\\\/fr\\\/actualite\\\/chroniques\\\/une-page-dhistoire-quand-52-000-soldats-serbes-ont-debarque-a-bizerte\\\/188249\\\/#primaryimage\"},\"image\":{\"@id\":\"https:\\\/\\\/www.webdo.tn\\\/fr\\\/actualite\\\/chroniques\\\/une-page-dhistoire-quand-52-000-soldats-serbes-ont-debarque-a-bizerte\\\/188249\\\/#primaryimage\"},\"thumbnailUrl\":\"https:\\\/\\\/www.webdo.tn\\\/fr\\\/wp-content\\\/uploads\\\/2025\\\/06\\\/FireShot-Capture-1063-webdo_default-53-750x375.jpg-750\u00d7375-www.webdo_.tn_.png\",\"datePublished\":\"2019-06-11T08:53:00+00:00\",\"description\":\"Une page d'histoire : Quand 52.000 soldats serbes ont d\u00e9barqu\u00e9 \u00e0 Bizerte\",\"breadcrumb\":{\"@id\":\"https:\\\/\\\/www.webdo.tn\\\/fr\\\/actualite\\\/chroniques\\\/une-page-dhistoire-quand-52-000-soldats-serbes-ont-debarque-a-bizerte\\\/188249\\\/#breadcrumb\"},\"inLanguage\":\"fr-FR\",\"potentialAction\":[{\"@type\":\"ReadAction\",\"target\":[\"https:\\\/\\\/www.webdo.tn\\\/fr\\\/actualite\\\/chroniques\\\/une-page-dhistoire-quand-52-000-soldats-serbes-ont-debarque-a-bizerte\\\/188249\\\/\"]}]},{\"@type\":\"ImageObject\",\"inLanguage\":\"fr-FR\",\"@id\":\"https:\\\/\\\/www.webdo.tn\\\/fr\\\/actualite\\\/chroniques\\\/une-page-dhistoire-quand-52-000-soldats-serbes-ont-debarque-a-bizerte\\\/188249\\\/#primaryimage\",\"url\":\"https:\\\/\\\/www.webdo.tn\\\/fr\\\/wp-content\\\/uploads\\\/2025\\\/06\\\/FireShot-Capture-1063-webdo_default-53-750x375.jpg-750\u00d7375-www.webdo_.tn_.png\",\"contentUrl\":\"https:\\\/\\\/www.webdo.tn\\\/fr\\\/wp-content\\\/uploads\\\/2025\\\/06\\\/FireShot-Capture-1063-webdo_default-53-750x375.jpg-750\u00d7375-www.webdo_.tn_.png\",\"width\":746,\"height\":371},{\"@type\":\"BreadcrumbList\",\"@id\":\"https:\\\/\\\/www.webdo.tn\\\/fr\\\/actualite\\\/chroniques\\\/une-page-dhistoire-quand-52-000-soldats-serbes-ont-debarque-a-bizerte\\\/188249\\\/#breadcrumb\",\"itemListElement\":[{\"@type\":\"ListItem\",\"position\":1,\"name\":\"Accueil\",\"item\":\"https:\\\/\\\/www.webdo.tn\\\/fr\\\/\"},{\"@type\":\"ListItem\",\"position\":2,\"name\":\"Une page d&rsquo;histoire : Quand 52.000 soldats serbes ont d\u00e9barqu\u00e9 \u00e0 Bizerte\"}]},{\"@type\":\"WebSite\",\"@id\":\"https:\\\/\\\/www.webdo.tn\\\/fr\\\/#website\",\"url\":\"https:\\\/\\\/www.webdo.tn\\\/fr\\\/\",\"name\":\"webdo\",\"description\":\"Tunisie - News en Tunisie et \u00e0 l&#039;international sur Webdo.tn\",\"publisher\":{\"@id\":\"https:\\\/\\\/www.webdo.tn\\\/fr\\\/#organization\"},\"potentialAction\":[{\"@type\":\"SearchAction\",\"target\":{\"@type\":\"EntryPoint\",\"urlTemplate\":\"https:\\\/\\\/www.webdo.tn\\\/fr\\\/?s={search_term_string}\"},\"query-input\":{\"@type\":\"PropertyValueSpecification\",\"valueRequired\":true,\"valueName\":\"search_term_string\"}}],\"inLanguage\":\"fr-FR\"},{\"@type\":\"Organization\",\"@id\":\"https:\\\/\\\/www.webdo.tn\\\/fr\\\/#organization\",\"name\":\"Webdo\",\"alternateName\":\"Webdo.tn\",\"url\":\"https:\\\/\\\/www.webdo.tn\\\/fr\\\/\",\"logo\":{\"@type\":\"ImageObject\",\"inLanguage\":\"fr-FR\",\"@id\":\"https:\\\/\\\/www.webdo.tn\\\/fr\\\/#\\\/schema\\\/logo\\\/image\\\/\",\"url\":\"https:\\\/\\\/www.webdo.tn\\\/fr\\\/wp-content\\\/uploads\\\/2025\\\/06\\\/Webdo-Tunisie_168377.jpg\",\"contentUrl\":\"https:\\\/\\\/www.webdo.tn\\\/fr\\\/wp-content\\\/uploads\\\/2025\\\/06\\\/Webdo-Tunisie_168377.jpg\",\"width\":301,\"height\":301,\"caption\":\"Webdo\"},\"image\":{\"@id\":\"https:\\\/\\\/www.webdo.tn\\\/fr\\\/#\\\/schema\\\/logo\\\/image\\\/\"},\"sameAs\":[\"https:\\\/\\\/www.facebook.com\\\/webdotn\",\"https:\\\/\\\/x.com\\\/webdo_tn\"],\"description\":\"Webdo est un m\u00e9dia num\u00e9rique tunisien fond\u00e9 en 2010, sp\u00e9cialis\u00e9 dans l\u2019actualit\u00e9 nationale et internationale, l\u2019\u00e9conomie, la soci\u00e9t\u00e9 et les analyses politiques. Le site s\u2019adresse \u00e0 un large public francophone et couvre l\u2019information tunisienne en temps r\u00e9el.\",\"email\":\"redac@webdo.tn\",\"legalName\":\"YNJ SARL\",\"foundingDate\":\"2010-09-06\",\"numberOfEmployees\":{\"@type\":\"QuantitativeValue\",\"minValue\":\"11\",\"maxValue\":\"50\"}},{\"@type\":\"Person\",\"@id\":\"https:\\\/\\\/www.webdo.tn\\\/fr\\\/#\\\/schema\\\/person\\\/6bc0beba2cd23aec27cb5df85ca2554f\",\"name\":\"Hatem Bourial\",\"image\":{\"@type\":\"ImageObject\",\"inLanguage\":\"fr-FR\",\"@id\":\"https:\\\/\\\/www.webdo.tn\\\/fr\\\/wp-content\\\/uploads\\\/2026\\\/04\\\/hatem-bourial_avatar-96x96.jpg\",\"url\":\"https:\\\/\\\/www.webdo.tn\\\/fr\\\/wp-content\\\/uploads\\\/2026\\\/04\\\/hatem-bourial_avatar-96x96.jpg\",\"contentUrl\":\"https:\\\/\\\/www.webdo.tn\\\/fr\\\/wp-content\\\/uploads\\\/2026\\\/04\\\/hatem-bourial_avatar-96x96.jpg\",\"caption\":\"Hatem Bourial\"},\"description\":\"Hatem Bourial est journaliste, \u00e9crivain et chroniqueur tunisien. Actif depuis plusieurs d\u00e9cennies, il s\u2019est impos\u00e9 comme un observateur attentif de la soci\u00e9t\u00e9 tunisienne, m\u00ealant dans ses \u00e9crits m\u00e9moire, culture et analyse du quotidien. Auteur de nombreux ouvrages, il d\u00e9veloppe une \u0153uvre \u00e0 la crois\u00e9e du r\u00e9cit, de la po\u00e9sie et de l\u2019observation sociologique. Parall\u00e8lement \u00e0 ses contributions dans la presse, il intervient r\u00e9guli\u00e8rement \u00e0 la radio et dans des espaces culturels, o\u00f9 il explore les enjeux li\u00e9s au patrimoine, \u00e0 l\u2019identit\u00e9 et aux transformations du monde contemporain. \u00c0 travers ses chroniques, Hatem Bourial propose une lecture sensible et approfondie de l\u2019actualit\u00e9, nourrie par une exp\u00e9rience journalistique et litt\u00e9raire reconnue. \ud83d\udd17 Facebook : https:\\\/\\\/www.facebook.com\\\/hatem.bourial.2025\",\"sameAs\":[\"https:\\\/\\\/www.facebook.com\\\/hatem.bourial.2025\",\"https:\\\/\\\/fr.wikipedia.org\\\/wiki\\\/Fichier:Hatem_Bourial.jpg\"],\"knowsAbout\":[\"Culture & patrimoine tunisien\",\"Chronique soci\u00e9tale\",\"Litt\u00e9rature & m\u00e9moire\",\"Cin\u00e9ma & critique culturelle\",\"Identit\u00e9 & mutations sociales\"],\"knowsLanguage\":[\"Arabe\",\"Fran\u00e7ais\",\"Anglais\",\"Italien\",\"Polonais\"],\"jobTitle\":\"Journaliste, \u00e9crivain et chroniqueur culturel\",\"worksFor\":\"Webdo\",\"url\":\"https:\\\/\\\/www.webdo.tn\\\/fr\\\/actualite\\\/author\\\/hatem-bourial-2\\\/\"}]}<\/script>\n<!-- \/ Yoast SEO Premium plugin. -->","yoast_head_json":{"title":"Une page d'histoire : Quand 52.000 soldats serbes ont d\u00e9barqu\u00e9 \u00e0 Bizerte","description":"Une page d'histoire : Quand 52.000 soldats serbes ont d\u00e9barqu\u00e9 \u00e0 Bizerte","canonical":"https:\/\/www.webdo.tn\/fr\/actualite\/chroniques\/une-page-dhistoire-quand-52-000-soldats-serbes-ont-debarque-a-bizerte\/188249\/","og_locale":"fr_FR","og_type":"article","og_title":"Une page d'histoire : Quand 52.000 soldats serbes ont d\u00e9barqu\u00e9 \u00e0 Bizerte","og_description":"Une page d'histoire : Quand 52.000 soldats serbes ont d\u00e9barqu\u00e9 \u00e0 Bizerte","og_url":"https:\/\/www.webdo.tn\/fr\/actualite\/chroniques\/une-page-dhistoire-quand-52-000-soldats-serbes-ont-debarque-a-bizerte\/188249\/","og_site_name":"webdo","article_publisher":"https:\/\/www.facebook.com\/webdotn","article_author":"https:\/\/www.facebook.com\/hatem.bourial.2025","article_published_time":"2019-06-11T08:53:00+00:00","og_image":[{"width":746,"height":371,"url":"https:\/\/www.webdo.tn\/fr\/wp-content\/uploads\/2025\/06\/FireShot-Capture-1063-webdo_default-53-750x375.jpg-750\u00d7375-www.webdo_.tn_.png","type":"image\/png"}],"author":"Hatem Bourial","twitter_card":"summary_large_image","twitter_creator":"@webdo_tn","twitter_site":"@webdo_tn","twitter_misc":{"\u00c9crit par":"Hatem Bourial","Dur\u00e9e de lecture estim\u00e9e":"2 minutes"},"schema":{"@context":"https:\/\/schema.org","@graph":[{"@type":"NewsArticle","@id":"https:\/\/www.webdo.tn\/fr\/actualite\/chroniques\/une-page-dhistoire-quand-52-000-soldats-serbes-ont-debarque-a-bizerte\/188249\/#article","isPartOf":{"@id":"https:\/\/www.webdo.tn\/fr\/actualite\/chroniques\/une-page-dhistoire-quand-52-000-soldats-serbes-ont-debarque-a-bizerte\/188249\/"},"author":{"name":"Hatem Bourial","@id":"https:\/\/www.webdo.tn\/fr\/#\/schema\/person\/6bc0beba2cd23aec27cb5df85ca2554f"},"headline":"Une page d&rsquo;histoire : Quand 52.000 soldats serbes ont d\u00e9barqu\u00e9 \u00e0 Bizerte","datePublished":"2019-06-11T08:53:00+00:00","mainEntityOfPage":{"@id":"https:\/\/www.webdo.tn\/fr\/actualite\/chroniques\/une-page-dhistoire-quand-52-000-soldats-serbes-ont-debarque-a-bizerte\/188249\/"},"wordCount":455,"commentCount":0,"publisher":{"@id":"https:\/\/www.webdo.tn\/fr\/#organization"},"image":{"@id":"https:\/\/www.webdo.tn\/fr\/actualite\/chroniques\/une-page-dhistoire-quand-52-000-soldats-serbes-ont-debarque-a-bizerte\/188249\/#primaryimage"},"thumbnailUrl":"https:\/\/www.webdo.tn\/fr\/wp-content\/uploads\/2025\/06\/FireShot-Capture-1063-webdo_default-53-750x375.jpg-750\u00d7375-www.webdo_.tn_.png","articleSection":["Chroniques"],"inLanguage":"fr-FR"},{"@type":"WebPage","@id":"https:\/\/www.webdo.tn\/fr\/actualite\/chroniques\/une-page-dhistoire-quand-52-000-soldats-serbes-ont-debarque-a-bizerte\/188249\/","url":"https:\/\/www.webdo.tn\/fr\/actualite\/chroniques\/une-page-dhistoire-quand-52-000-soldats-serbes-ont-debarque-a-bizerte\/188249\/","name":"Une page d'histoire : Quand 52.000 soldats serbes ont d\u00e9barqu\u00e9 \u00e0 Bizerte","isPartOf":{"@id":"https:\/\/www.webdo.tn\/fr\/#website"},"primaryImageOfPage":{"@id":"https:\/\/www.webdo.tn\/fr\/actualite\/chroniques\/une-page-dhistoire-quand-52-000-soldats-serbes-ont-debarque-a-bizerte\/188249\/#primaryimage"},"image":{"@id":"https:\/\/www.webdo.tn\/fr\/actualite\/chroniques\/une-page-dhistoire-quand-52-000-soldats-serbes-ont-debarque-a-bizerte\/188249\/#primaryimage"},"thumbnailUrl":"https:\/\/www.webdo.tn\/fr\/wp-content\/uploads\/2025\/06\/FireShot-Capture-1063-webdo_default-53-750x375.jpg-750\u00d7375-www.webdo_.tn_.png","datePublished":"2019-06-11T08:53:00+00:00","description":"Une page d'histoire : Quand 52.000 soldats serbes ont d\u00e9barqu\u00e9 \u00e0 Bizerte","breadcrumb":{"@id":"https:\/\/www.webdo.tn\/fr\/actualite\/chroniques\/une-page-dhistoire-quand-52-000-soldats-serbes-ont-debarque-a-bizerte\/188249\/#breadcrumb"},"inLanguage":"fr-FR","potentialAction":[{"@type":"ReadAction","target":["https:\/\/www.webdo.tn\/fr\/actualite\/chroniques\/une-page-dhistoire-quand-52-000-soldats-serbes-ont-debarque-a-bizerte\/188249\/"]}]},{"@type":"ImageObject","inLanguage":"fr-FR","@id":"https:\/\/www.webdo.tn\/fr\/actualite\/chroniques\/une-page-dhistoire-quand-52-000-soldats-serbes-ont-debarque-a-bizerte\/188249\/#primaryimage","url":"https:\/\/www.webdo.tn\/fr\/wp-content\/uploads\/2025\/06\/FireShot-Capture-1063-webdo_default-53-750x375.jpg-750\u00d7375-www.webdo_.tn_.png","contentUrl":"https:\/\/www.webdo.tn\/fr\/wp-content\/uploads\/2025\/06\/FireShot-Capture-1063-webdo_default-53-750x375.jpg-750\u00d7375-www.webdo_.tn_.png","width":746,"height":371},{"@type":"BreadcrumbList","@id":"https:\/\/www.webdo.tn\/fr\/actualite\/chroniques\/une-page-dhistoire-quand-52-000-soldats-serbes-ont-debarque-a-bizerte\/188249\/#breadcrumb","itemListElement":[{"@type":"ListItem","position":1,"name":"Accueil","item":"https:\/\/www.webdo.tn\/fr\/"},{"@type":"ListItem","position":2,"name":"Une page d&rsquo;histoire : Quand 52.000 soldats serbes ont d\u00e9barqu\u00e9 \u00e0 Bizerte"}]},{"@type":"WebSite","@id":"https:\/\/www.webdo.tn\/fr\/#website","url":"https:\/\/www.webdo.tn\/fr\/","name":"webdo","description":"Tunisie - News en Tunisie et \u00e0 l&#039;international sur Webdo.tn","publisher":{"@id":"https:\/\/www.webdo.tn\/fr\/#organization"},"potentialAction":[{"@type":"SearchAction","target":{"@type":"EntryPoint","urlTemplate":"https:\/\/www.webdo.tn\/fr\/?s={search_term_string}"},"query-input":{"@type":"PropertyValueSpecification","valueRequired":true,"valueName":"search_term_string"}}],"inLanguage":"fr-FR"},{"@type":"Organization","@id":"https:\/\/www.webdo.tn\/fr\/#organization","name":"Webdo","alternateName":"Webdo.tn","url":"https:\/\/www.webdo.tn\/fr\/","logo":{"@type":"ImageObject","inLanguage":"fr-FR","@id":"https:\/\/www.webdo.tn\/fr\/#\/schema\/logo\/image\/","url":"https:\/\/www.webdo.tn\/fr\/wp-content\/uploads\/2025\/06\/Webdo-Tunisie_168377.jpg","contentUrl":"https:\/\/www.webdo.tn\/fr\/wp-content\/uploads\/2025\/06\/Webdo-Tunisie_168377.jpg","width":301,"height":301,"caption":"Webdo"},"image":{"@id":"https:\/\/www.webdo.tn\/fr\/#\/schema\/logo\/image\/"},"sameAs":["https:\/\/www.facebook.com\/webdotn","https:\/\/x.com\/webdo_tn"],"description":"Webdo est un m\u00e9dia num\u00e9rique tunisien fond\u00e9 en 2010, sp\u00e9cialis\u00e9 dans l\u2019actualit\u00e9 nationale et internationale, l\u2019\u00e9conomie, la soci\u00e9t\u00e9 et les analyses politiques. Le site s\u2019adresse \u00e0 un large public francophone et couvre l\u2019information tunisienne en temps r\u00e9el.","email":"redac@webdo.tn","legalName":"YNJ SARL","foundingDate":"2010-09-06","numberOfEmployees":{"@type":"QuantitativeValue","minValue":"11","maxValue":"50"}},{"@type":"Person","@id":"https:\/\/www.webdo.tn\/fr\/#\/schema\/person\/6bc0beba2cd23aec27cb5df85ca2554f","name":"Hatem Bourial","image":{"@type":"ImageObject","inLanguage":"fr-FR","@id":"https:\/\/www.webdo.tn\/fr\/wp-content\/uploads\/2026\/04\/hatem-bourial_avatar-96x96.jpg","url":"https:\/\/www.webdo.tn\/fr\/wp-content\/uploads\/2026\/04\/hatem-bourial_avatar-96x96.jpg","contentUrl":"https:\/\/www.webdo.tn\/fr\/wp-content\/uploads\/2026\/04\/hatem-bourial_avatar-96x96.jpg","caption":"Hatem Bourial"},"description":"Hatem Bourial est journaliste, \u00e9crivain et chroniqueur tunisien. Actif depuis plusieurs d\u00e9cennies, il s\u2019est impos\u00e9 comme un observateur attentif de la soci\u00e9t\u00e9 tunisienne, m\u00ealant dans ses \u00e9crits m\u00e9moire, culture et analyse du quotidien. Auteur de nombreux ouvrages, il d\u00e9veloppe une \u0153uvre \u00e0 la crois\u00e9e du r\u00e9cit, de la po\u00e9sie et de l\u2019observation sociologique. Parall\u00e8lement \u00e0 ses contributions dans la presse, il intervient r\u00e9guli\u00e8rement \u00e0 la radio et dans des espaces culturels, o\u00f9 il explore les enjeux li\u00e9s au patrimoine, \u00e0 l\u2019identit\u00e9 et aux transformations du monde contemporain. \u00c0 travers ses chroniques, Hatem Bourial propose une lecture sensible et approfondie de l\u2019actualit\u00e9, nourrie par une exp\u00e9rience journalistique et litt\u00e9raire reconnue. \ud83d\udd17 Facebook : https:\/\/www.facebook.com\/hatem.bourial.2025","sameAs":["https:\/\/www.facebook.com\/hatem.bourial.2025","https:\/\/fr.wikipedia.org\/wiki\/Fichier:Hatem_Bourial.jpg"],"knowsAbout":["Culture & patrimoine tunisien","Chronique soci\u00e9tale","Litt\u00e9rature & m\u00e9moire","Cin\u00e9ma & critique culturelle","Identit\u00e9 & mutations sociales"],"knowsLanguage":["Arabe","Fran\u00e7ais","Anglais","Italien","Polonais"],"jobTitle":"Journaliste, \u00e9crivain et chroniqueur culturel","worksFor":"Webdo","url":"https:\/\/www.webdo.tn\/fr\/actualite\/author\/hatem-bourial-2\/"}]}},"_links":{"self":[{"href":"https:\/\/www.webdo.tn\/fr\/wp-json\/wp\/v2\/posts\/188249","targetHints":{"allow":["GET"]}}],"collection":[{"href":"https:\/\/www.webdo.tn\/fr\/wp-json\/wp\/v2\/posts"}],"about":[{"href":"https:\/\/www.webdo.tn\/fr\/wp-json\/wp\/v2\/types\/post"}],"author":[{"embeddable":true,"href":"https:\/\/www.webdo.tn\/fr\/wp-json\/wp\/v2\/users\/3229"}],"replies":[{"embeddable":true,"href":"https:\/\/www.webdo.tn\/fr\/wp-json\/wp\/v2\/comments?post=188249"}],"version-history":[{"count":0,"href":"https:\/\/www.webdo.tn\/fr\/wp-json\/wp\/v2\/posts\/188249\/revisions"}],"wp:featuredmedia":[{"embeddable":true,"href":"https:\/\/www.webdo.tn\/fr\/wp-json\/wp\/v2\/media\/376290"}],"wp:attachment":[{"href":"https:\/\/www.webdo.tn\/fr\/wp-json\/wp\/v2\/media?parent=188249"}],"wp:term":[{"taxonomy":"category","embeddable":true,"href":"https:\/\/www.webdo.tn\/fr\/wp-json\/wp\/v2\/categories?post=188249"},{"taxonomy":"post_tag","embeddable":true,"href":"https:\/\/www.webdo.tn\/fr\/wp-json\/wp\/v2\/tags?post=188249"}],"curies":[{"name":"wp","href":"https:\/\/api.w.org\/{rel}","templated":true}]}}