{"id":187496,"date":"2017-06-30T10:20:00","date_gmt":"2017-06-30T10:20:00","guid":{"rendered":"https:\/\/www.webdo.tn\/fr\/blog\/fuite-vers-sidi-bou-said-texte-superbe-de-conrad-detrez\/187496\/"},"modified":"2017-06-30T10:20:00","modified_gmt":"2017-06-30T10:20:00","slug":"fuite-vers-sidi-bou-said-texte-superbe-de-conrad-detrez","status":"publish","type":"post","link":"https:\/\/www.webdo.tn\/fr\/actualite\/chroniques\/fuite-vers-sidi-bou-said-texte-superbe-de-conrad-detrez\/187496\/","title":{"rendered":"La fuite vers Sidi Bou Sa\u00efd : Un texte superbe de Conrad Detrez"},"content":{"rendered":"<p>Merveille entre toutes, le village de Sidi Bou Sa\u00efd compte incontestablement parmi les splendeurs de la Tunisie. Chant\u00e9 par les po\u00e8tes, d\u00e9crit par les \u00e9crivains et recr\u00e9\u00e9 par les photographes et les plasticiens, Sidi Bou Sa\u00efd n&rsquo;en finit pas de passionner et attirer les visiteurs comme un aimant.<\/p>\n<p>R\u00e9cemment, ce village \u00e9tait recens\u00e9 parmi les cent endroits qu&rsquo;il faudrait avoir vu avant de mourir. Tout aussi r\u00e9cemment, Sidi Bou Sa\u00efd \u00e9tait compt\u00e9 parmi les plus beaux lieux mythiques de la plan\u00e8te.<\/p>\n<p>Dans ce concert d&rsquo;\u00e9loges, il est un texte vers lequel je suis toujours revenu depuis des ann\u00e9es. Il est \u00e9crit par un \u00e9crivain n\u00e9 belge puis naturalis\u00e9 fran\u00e7ais, le fameux Conrad Detrez qui s&rsquo;\u00e9tait distingu\u00e9 en obtenant le prix Renaudot de l&rsquo;ann\u00e9e 1978 avec son roman \u00ab\u00a0L&rsquo;herbe \u00e0 br\u00fbler\u00a0\u00bb.<\/p>\n<p>Ce texte est admirable de concision et de po\u00e9sie et je vous propose d&rsquo;en d\u00e9couvrir quelques extraits qui \u00e9voquent cette fuite vers Sidi Bou Sa\u00efd qui vous prend lorsqu&rsquo;on se retrouve prisonnier de Tunis.<\/p>\n<p>Detrez \u00e9crit: \u00ab\u00a0On se sauve par la chauss\u00e9e \u00e9tablie sur le lac, \u00e0 l&rsquo;entr\u00e9e de la ville. On file droit devant soi, on traverse des bourgs aux villas cossues. On cherche en vain des yeux les ruines d&rsquo;une cit\u00e9 qui fut grandiose: Carthage, et on tombe sur un \u00e9peron rocheux qui domine la mer. L\u00e0-haut perche le village de Sidi Bou Sa\u00efd.<\/p>\n<p>On y grimpe, on monte vers le ciel, l&rsquo;espace, le silence. On d\u00e9laisse automobiles, agitation, bruit des trains. On entre dans une zone de qui\u00e9tude. La paix a ses couleurs. Elle est blanche, elle est bleue.<\/p>\n<p>Quelque chose de sacr\u00e9, de pur, se d\u00e9gage de l&rsquo;ancienne th\u00e9ba\u00efde maraboutique. Les maisons, les palais, \u00e9tag\u00e9s sur les flancs du piton, font songer aux tableaux de Vieira da Silva.<br \/>\nLes volumes, les tons et les lignes se sont report\u00e9s sur ses toiles comme ils ont dict\u00e9 le geste de sa main \u00e0 Paul Klee.<\/p>\n<p>Les ruelles pav\u00e9es, les jardins prot\u00e9g\u00e9s, secrets, d\u00e9bordant de bougainvill\u00e9es, les fa\u00e7ades \u00e0 jambages, les toits de tuiles verniss\u00e9es, les petits patios, les fen\u00eatres \u00e0 moucharabieh, tout cela compose un urbanisme intime, chaleureux. Tout cela produit une architecture rare.\u00a0\u00bb<\/p>\n<p>Ce texte de Detrez est \u00e0 mon sens d&rsquo;une beaut\u00e9 rare et parvient \u00e0 saisir la beaut\u00e9 fluide de la colline mystique aux demeures patriciennes. Des pages d&rsquo;anthologie !<\/p>\n","protected":false},"excerpt":{"rendered":"<p>La fuite vers Sidi Bou Sa\u00efd : Un texte superbe de Conrad Detrez<\/p>\n","protected":false},"author":3229,"featured_media":325316,"comment_status":"open","ping_status":"closed","sticky":false,"template":"","format":"standard","meta":{"footnotes":""},"categories":[2596],"tags":[2600],"class_list":["post-187496","post","type-post","status-publish","format-standard","has-post-thumbnail","hentry","category-chroniques","tag-guerre"],"yoast_head":"<!-- This site is optimized with the Yoast SEO Premium plugin v27.5 (Yoast SEO v27.5) - https:\/\/yoast.com\/product\/yoast-seo-premium-wordpress\/ -->\n<title>La fuite vers Sidi Bou Sa\u00efd : Un texte superbe de Conrad Detrez<\/title>\n<meta name=\"description\" content=\"La fuite vers Sidi Bou Sa\u00efd : Un texte superbe de Conrad Detrez\" \/>\n<link rel=\"canonical\" href=\"https:\/\/www.webdo.tn\/fr\/actualite\/chroniques\/fuite-vers-sidi-bou-said-texte-superbe-de-conrad-detrez\/187496\/\" \/>\n<meta property=\"og:locale\" content=\"fr_FR\" \/>\n<meta property=\"og:type\" content=\"article\" \/>\n<meta property=\"og:title\" content=\"La fuite vers Sidi Bou Sa\u00efd : Un texte superbe de Conrad Detrez\" \/>\n<meta property=\"og:description\" content=\"La fuite vers Sidi Bou Sa\u00efd : Un texte superbe de Conrad Detrez\" \/>\n<meta property=\"og:url\" content=\"https:\/\/www.webdo.tn\/fr\/actualite\/chroniques\/fuite-vers-sidi-bou-said-texte-superbe-de-conrad-detrez\/187496\/\" \/>\n<meta property=\"og:site_name\" content=\"webdo\" \/>\n<meta property=\"article:publisher\" content=\"https:\/\/www.facebook.com\/webdotn\" \/>\n<meta property=\"article:author\" content=\"https:\/\/www.facebook.com\/hatem.bourial.2025\" \/>\n<meta property=\"article:published_time\" content=\"2017-06-30T10:20:00+00:00\" \/>\n<meta property=\"og:image\" content=\"https:\/\/www.webdo.tn\/fr\/wp-content\/uploads\/2017\/06\/sidi-bousaid-1024x768-1.jpg\" \/>\n\t<meta property=\"og:image:width\" content=\"1024\" \/>\n\t<meta property=\"og:image:height\" content=\"768\" \/>\n\t<meta property=\"og:image:type\" content=\"image\/jpeg\" \/>\n<meta name=\"author\" content=\"Hatem Bourial\" \/>\n<meta name=\"twitter:card\" content=\"summary_large_image\" \/>\n<meta name=\"twitter:creator\" content=\"@webdo_tn\" \/>\n<meta name=\"twitter:site\" content=\"@webdo_tn\" \/>\n<meta name=\"twitter:label1\" content=\"\u00c9crit par\" \/>\n\t<meta name=\"twitter:data1\" content=\"Hatem Bourial\" \/>\n\t<meta name=\"twitter:label2\" content=\"Dur\u00e9e de lecture estim\u00e9e\" \/>\n\t<meta name=\"twitter:data2\" content=\"2 minutes\" \/>\n<script type=\"application\/ld+json\" class=\"yoast-schema-graph\">{\"@context\":\"https:\\\/\\\/schema.org\",\"@graph\":[{\"@type\":\"NewsArticle\",\"@id\":\"https:\\\/\\\/www.webdo.tn\\\/fr\\\/actualite\\\/chroniques\\\/fuite-vers-sidi-bou-said-texte-superbe-de-conrad-detrez\\\/187496\\\/#article\",\"isPartOf\":{\"@id\":\"https:\\\/\\\/www.webdo.tn\\\/fr\\\/actualite\\\/chroniques\\\/fuite-vers-sidi-bou-said-texte-superbe-de-conrad-detrez\\\/187496\\\/\"},\"author\":{\"name\":\"Hatem Bourial\",\"@id\":\"https:\\\/\\\/www.webdo.tn\\\/fr\\\/#\\\/schema\\\/person\\\/6bc0beba2cd23aec27cb5df85ca2554f\"},\"headline\":\"La fuite vers Sidi Bou Sa\u00efd : Un texte superbe de Conrad Detrez\",\"datePublished\":\"2017-06-30T10:20:00+00:00\",\"mainEntityOfPage\":{\"@id\":\"https:\\\/\\\/www.webdo.tn\\\/fr\\\/actualite\\\/chroniques\\\/fuite-vers-sidi-bou-said-texte-superbe-de-conrad-detrez\\\/187496\\\/\"},\"wordCount\":437,\"commentCount\":0,\"publisher\":{\"@id\":\"https:\\\/\\\/www.webdo.tn\\\/fr\\\/#organization\"},\"image\":{\"@id\":\"https:\\\/\\\/www.webdo.tn\\\/fr\\\/actualite\\\/chroniques\\\/fuite-vers-sidi-bou-said-texte-superbe-de-conrad-detrez\\\/187496\\\/#primaryimage\"},\"thumbnailUrl\":\"https:\\\/\\\/www.webdo.tn\\\/fr\\\/wp-content\\\/uploads\\\/2017\\\/06\\\/sidi-bousaid-1024x768-1.jpg\",\"keywords\":[\"guerre\"],\"articleSection\":[\"Chroniques\"],\"inLanguage\":\"fr-FR\"},{\"@type\":\"WebPage\",\"@id\":\"https:\\\/\\\/www.webdo.tn\\\/fr\\\/actualite\\\/chroniques\\\/fuite-vers-sidi-bou-said-texte-superbe-de-conrad-detrez\\\/187496\\\/\",\"url\":\"https:\\\/\\\/www.webdo.tn\\\/fr\\\/actualite\\\/chroniques\\\/fuite-vers-sidi-bou-said-texte-superbe-de-conrad-detrez\\\/187496\\\/\",\"name\":\"La fuite vers Sidi Bou Sa\u00efd : Un texte superbe de Conrad Detrez\",\"isPartOf\":{\"@id\":\"https:\\\/\\\/www.webdo.tn\\\/fr\\\/#website\"},\"primaryImageOfPage\":{\"@id\":\"https:\\\/\\\/www.webdo.tn\\\/fr\\\/actualite\\\/chroniques\\\/fuite-vers-sidi-bou-said-texte-superbe-de-conrad-detrez\\\/187496\\\/#primaryimage\"},\"image\":{\"@id\":\"https:\\\/\\\/www.webdo.tn\\\/fr\\\/actualite\\\/chroniques\\\/fuite-vers-sidi-bou-said-texte-superbe-de-conrad-detrez\\\/187496\\\/#primaryimage\"},\"thumbnailUrl\":\"https:\\\/\\\/www.webdo.tn\\\/fr\\\/wp-content\\\/uploads\\\/2017\\\/06\\\/sidi-bousaid-1024x768-1.jpg\",\"datePublished\":\"2017-06-30T10:20:00+00:00\",\"description\":\"La fuite vers Sidi Bou Sa\u00efd : Un texte superbe de Conrad Detrez\",\"breadcrumb\":{\"@id\":\"https:\\\/\\\/www.webdo.tn\\\/fr\\\/actualite\\\/chroniques\\\/fuite-vers-sidi-bou-said-texte-superbe-de-conrad-detrez\\\/187496\\\/#breadcrumb\"},\"inLanguage\":\"fr-FR\",\"potentialAction\":[{\"@type\":\"ReadAction\",\"target\":[\"https:\\\/\\\/www.webdo.tn\\\/fr\\\/actualite\\\/chroniques\\\/fuite-vers-sidi-bou-said-texte-superbe-de-conrad-detrez\\\/187496\\\/\"]}]},{\"@type\":\"ImageObject\",\"inLanguage\":\"fr-FR\",\"@id\":\"https:\\\/\\\/www.webdo.tn\\\/fr\\\/actualite\\\/chroniques\\\/fuite-vers-sidi-bou-said-texte-superbe-de-conrad-detrez\\\/187496\\\/#primaryimage\",\"url\":\"https:\\\/\\\/www.webdo.tn\\\/fr\\\/wp-content\\\/uploads\\\/2017\\\/06\\\/sidi-bousaid-1024x768-1.jpg\",\"contentUrl\":\"https:\\\/\\\/www.webdo.tn\\\/fr\\\/wp-content\\\/uploads\\\/2017\\\/06\\\/sidi-bousaid-1024x768-1.jpg\",\"width\":1024,\"height\":768,\"caption\":\"La fuite vers Sidi Bou Sa\u00efd : Un texte superbe de Conrad Detrez\"},{\"@type\":\"BreadcrumbList\",\"@id\":\"https:\\\/\\\/www.webdo.tn\\\/fr\\\/actualite\\\/chroniques\\\/fuite-vers-sidi-bou-said-texte-superbe-de-conrad-detrez\\\/187496\\\/#breadcrumb\",\"itemListElement\":[{\"@type\":\"ListItem\",\"position\":1,\"name\":\"Accueil\",\"item\":\"https:\\\/\\\/www.webdo.tn\\\/fr\\\/\"},{\"@type\":\"ListItem\",\"position\":2,\"name\":\"La fuite vers Sidi Bou Sa\u00efd : Un texte superbe de Conrad Detrez\"}]},{\"@type\":\"WebSite\",\"@id\":\"https:\\\/\\\/www.webdo.tn\\\/fr\\\/#website\",\"url\":\"https:\\\/\\\/www.webdo.tn\\\/fr\\\/\",\"name\":\"webdo\",\"description\":\"Tunisie - News en Tunisie et \u00e0 l&#039;international sur Webdo.tn\",\"publisher\":{\"@id\":\"https:\\\/\\\/www.webdo.tn\\\/fr\\\/#organization\"},\"potentialAction\":[{\"@type\":\"SearchAction\",\"target\":{\"@type\":\"EntryPoint\",\"urlTemplate\":\"https:\\\/\\\/www.webdo.tn\\\/fr\\\/?s={search_term_string}\"},\"query-input\":{\"@type\":\"PropertyValueSpecification\",\"valueRequired\":true,\"valueName\":\"search_term_string\"}}],\"inLanguage\":\"fr-FR\"},{\"@type\":\"Organization\",\"@id\":\"https:\\\/\\\/www.webdo.tn\\\/fr\\\/#organization\",\"name\":\"Webdo\",\"alternateName\":\"Webdo.tn\",\"url\":\"https:\\\/\\\/www.webdo.tn\\\/fr\\\/\",\"logo\":{\"@type\":\"ImageObject\",\"inLanguage\":\"fr-FR\",\"@id\":\"https:\\\/\\\/www.webdo.tn\\\/fr\\\/#\\\/schema\\\/logo\\\/image\\\/\",\"url\":\"https:\\\/\\\/www.webdo.tn\\\/fr\\\/wp-content\\\/uploads\\\/2025\\\/06\\\/Webdo-Tunisie_168377.jpg\",\"contentUrl\":\"https:\\\/\\\/www.webdo.tn\\\/fr\\\/wp-content\\\/uploads\\\/2025\\\/06\\\/Webdo-Tunisie_168377.jpg\",\"width\":301,\"height\":301,\"caption\":\"Webdo\"},\"image\":{\"@id\":\"https:\\\/\\\/www.webdo.tn\\\/fr\\\/#\\\/schema\\\/logo\\\/image\\\/\"},\"sameAs\":[\"https:\\\/\\\/www.facebook.com\\\/webdotn\",\"https:\\\/\\\/x.com\\\/webdo_tn\"],\"description\":\"Webdo est un m\u00e9dia num\u00e9rique tunisien fond\u00e9 en 2010, sp\u00e9cialis\u00e9 dans l\u2019actualit\u00e9 nationale et internationale, l\u2019\u00e9conomie, la soci\u00e9t\u00e9 et les analyses politiques. Le site s\u2019adresse \u00e0 un large public francophone et couvre l\u2019information tunisienne en temps r\u00e9el.\",\"email\":\"redac@webdo.tn\",\"legalName\":\"YNJ SARL\",\"foundingDate\":\"2010-09-06\",\"numberOfEmployees\":{\"@type\":\"QuantitativeValue\",\"minValue\":\"11\",\"maxValue\":\"50\"}},{\"@type\":\"Person\",\"@id\":\"https:\\\/\\\/www.webdo.tn\\\/fr\\\/#\\\/schema\\\/person\\\/6bc0beba2cd23aec27cb5df85ca2554f\",\"name\":\"Hatem Bourial\",\"image\":{\"@type\":\"ImageObject\",\"inLanguage\":\"fr-FR\",\"@id\":\"https:\\\/\\\/www.webdo.tn\\\/fr\\\/wp-content\\\/uploads\\\/2026\\\/04\\\/hatem-bourial_avatar-96x96.jpg\",\"url\":\"https:\\\/\\\/www.webdo.tn\\\/fr\\\/wp-content\\\/uploads\\\/2026\\\/04\\\/hatem-bourial_avatar-96x96.jpg\",\"contentUrl\":\"https:\\\/\\\/www.webdo.tn\\\/fr\\\/wp-content\\\/uploads\\\/2026\\\/04\\\/hatem-bourial_avatar-96x96.jpg\",\"caption\":\"Hatem Bourial\"},\"description\":\"Hatem Bourial est journaliste, \u00e9crivain et chroniqueur tunisien. Actif depuis plusieurs d\u00e9cennies, il s\u2019est impos\u00e9 comme un observateur attentif de la soci\u00e9t\u00e9 tunisienne, m\u00ealant dans ses \u00e9crits m\u00e9moire, culture et analyse du quotidien. Auteur de nombreux ouvrages, il d\u00e9veloppe une \u0153uvre \u00e0 la crois\u00e9e du r\u00e9cit, de la po\u00e9sie et de l\u2019observation sociologique. Parall\u00e8lement \u00e0 ses contributions dans la presse, il intervient r\u00e9guli\u00e8rement \u00e0 la radio et dans des espaces culturels, o\u00f9 il explore les enjeux li\u00e9s au patrimoine, \u00e0 l\u2019identit\u00e9 et aux transformations du monde contemporain. \u00c0 travers ses chroniques, Hatem Bourial propose une lecture sensible et approfondie de l\u2019actualit\u00e9, nourrie par une exp\u00e9rience journalistique et litt\u00e9raire reconnue. \ud83d\udd17 Facebook : https:\\\/\\\/www.facebook.com\\\/hatem.bourial.2025\",\"sameAs\":[\"https:\\\/\\\/www.facebook.com\\\/hatem.bourial.2025\",\"https:\\\/\\\/fr.wikipedia.org\\\/wiki\\\/Fichier:Hatem_Bourial.jpg\"],\"knowsAbout\":[\"Culture & patrimoine tunisien\",\"Chronique soci\u00e9tale\",\"Litt\u00e9rature & m\u00e9moire\",\"Cin\u00e9ma & critique culturelle\",\"Identit\u00e9 & mutations sociales\"],\"knowsLanguage\":[\"Arabe\",\"Fran\u00e7ais\",\"Anglais\",\"Italien\",\"Polonais\"],\"jobTitle\":\"Journaliste, \u00e9crivain et chroniqueur culturel\",\"worksFor\":\"Webdo\",\"url\":\"https:\\\/\\\/www.webdo.tn\\\/fr\\\/actualite\\\/author\\\/hatem-bourial-2\\\/\"}]}<\/script>\n<!-- \/ Yoast SEO Premium plugin. -->","yoast_head_json":{"title":"La fuite vers Sidi Bou Sa\u00efd : Un texte superbe de Conrad Detrez","description":"La fuite vers Sidi Bou Sa\u00efd : Un texte superbe de Conrad Detrez","canonical":"https:\/\/www.webdo.tn\/fr\/actualite\/chroniques\/fuite-vers-sidi-bou-said-texte-superbe-de-conrad-detrez\/187496\/","og_locale":"fr_FR","og_type":"article","og_title":"La fuite vers Sidi Bou Sa\u00efd : Un texte superbe de Conrad Detrez","og_description":"La fuite vers Sidi Bou Sa\u00efd : Un texte superbe de Conrad Detrez","og_url":"https:\/\/www.webdo.tn\/fr\/actualite\/chroniques\/fuite-vers-sidi-bou-said-texte-superbe-de-conrad-detrez\/187496\/","og_site_name":"webdo","article_publisher":"https:\/\/www.facebook.com\/webdotn","article_author":"https:\/\/www.facebook.com\/hatem.bourial.2025","article_published_time":"2017-06-30T10:20:00+00:00","og_image":[{"width":1024,"height":768,"url":"https:\/\/www.webdo.tn\/fr\/wp-content\/uploads\/2017\/06\/sidi-bousaid-1024x768-1.jpg","type":"image\/jpeg"}],"author":"Hatem Bourial","twitter_card":"summary_large_image","twitter_creator":"@webdo_tn","twitter_site":"@webdo_tn","twitter_misc":{"\u00c9crit par":"Hatem Bourial","Dur\u00e9e de lecture estim\u00e9e":"2 minutes"},"schema":{"@context":"https:\/\/schema.org","@graph":[{"@type":"NewsArticle","@id":"https:\/\/www.webdo.tn\/fr\/actualite\/chroniques\/fuite-vers-sidi-bou-said-texte-superbe-de-conrad-detrez\/187496\/#article","isPartOf":{"@id":"https:\/\/www.webdo.tn\/fr\/actualite\/chroniques\/fuite-vers-sidi-bou-said-texte-superbe-de-conrad-detrez\/187496\/"},"author":{"name":"Hatem Bourial","@id":"https:\/\/www.webdo.tn\/fr\/#\/schema\/person\/6bc0beba2cd23aec27cb5df85ca2554f"},"headline":"La fuite vers Sidi Bou Sa\u00efd : Un texte superbe de Conrad Detrez","datePublished":"2017-06-30T10:20:00+00:00","mainEntityOfPage":{"@id":"https:\/\/www.webdo.tn\/fr\/actualite\/chroniques\/fuite-vers-sidi-bou-said-texte-superbe-de-conrad-detrez\/187496\/"},"wordCount":437,"commentCount":0,"publisher":{"@id":"https:\/\/www.webdo.tn\/fr\/#organization"},"image":{"@id":"https:\/\/www.webdo.tn\/fr\/actualite\/chroniques\/fuite-vers-sidi-bou-said-texte-superbe-de-conrad-detrez\/187496\/#primaryimage"},"thumbnailUrl":"https:\/\/www.webdo.tn\/fr\/wp-content\/uploads\/2017\/06\/sidi-bousaid-1024x768-1.jpg","keywords":["guerre"],"articleSection":["Chroniques"],"inLanguage":"fr-FR"},{"@type":"WebPage","@id":"https:\/\/www.webdo.tn\/fr\/actualite\/chroniques\/fuite-vers-sidi-bou-said-texte-superbe-de-conrad-detrez\/187496\/","url":"https:\/\/www.webdo.tn\/fr\/actualite\/chroniques\/fuite-vers-sidi-bou-said-texte-superbe-de-conrad-detrez\/187496\/","name":"La fuite vers Sidi Bou Sa\u00efd : Un texte superbe de Conrad Detrez","isPartOf":{"@id":"https:\/\/www.webdo.tn\/fr\/#website"},"primaryImageOfPage":{"@id":"https:\/\/www.webdo.tn\/fr\/actualite\/chroniques\/fuite-vers-sidi-bou-said-texte-superbe-de-conrad-detrez\/187496\/#primaryimage"},"image":{"@id":"https:\/\/www.webdo.tn\/fr\/actualite\/chroniques\/fuite-vers-sidi-bou-said-texte-superbe-de-conrad-detrez\/187496\/#primaryimage"},"thumbnailUrl":"https:\/\/www.webdo.tn\/fr\/wp-content\/uploads\/2017\/06\/sidi-bousaid-1024x768-1.jpg","datePublished":"2017-06-30T10:20:00+00:00","description":"La fuite vers Sidi Bou Sa\u00efd : Un texte superbe de Conrad Detrez","breadcrumb":{"@id":"https:\/\/www.webdo.tn\/fr\/actualite\/chroniques\/fuite-vers-sidi-bou-said-texte-superbe-de-conrad-detrez\/187496\/#breadcrumb"},"inLanguage":"fr-FR","potentialAction":[{"@type":"ReadAction","target":["https:\/\/www.webdo.tn\/fr\/actualite\/chroniques\/fuite-vers-sidi-bou-said-texte-superbe-de-conrad-detrez\/187496\/"]}]},{"@type":"ImageObject","inLanguage":"fr-FR","@id":"https:\/\/www.webdo.tn\/fr\/actualite\/chroniques\/fuite-vers-sidi-bou-said-texte-superbe-de-conrad-detrez\/187496\/#primaryimage","url":"https:\/\/www.webdo.tn\/fr\/wp-content\/uploads\/2017\/06\/sidi-bousaid-1024x768-1.jpg","contentUrl":"https:\/\/www.webdo.tn\/fr\/wp-content\/uploads\/2017\/06\/sidi-bousaid-1024x768-1.jpg","width":1024,"height":768,"caption":"La fuite vers Sidi Bou Sa\u00efd : Un texte superbe de Conrad Detrez"},{"@type":"BreadcrumbList","@id":"https:\/\/www.webdo.tn\/fr\/actualite\/chroniques\/fuite-vers-sidi-bou-said-texte-superbe-de-conrad-detrez\/187496\/#breadcrumb","itemListElement":[{"@type":"ListItem","position":1,"name":"Accueil","item":"https:\/\/www.webdo.tn\/fr\/"},{"@type":"ListItem","position":2,"name":"La fuite vers Sidi Bou Sa\u00efd : Un texte superbe de Conrad Detrez"}]},{"@type":"WebSite","@id":"https:\/\/www.webdo.tn\/fr\/#website","url":"https:\/\/www.webdo.tn\/fr\/","name":"webdo","description":"Tunisie - News en Tunisie et \u00e0 l&#039;international sur Webdo.tn","publisher":{"@id":"https:\/\/www.webdo.tn\/fr\/#organization"},"potentialAction":[{"@type":"SearchAction","target":{"@type":"EntryPoint","urlTemplate":"https:\/\/www.webdo.tn\/fr\/?s={search_term_string}"},"query-input":{"@type":"PropertyValueSpecification","valueRequired":true,"valueName":"search_term_string"}}],"inLanguage":"fr-FR"},{"@type":"Organization","@id":"https:\/\/www.webdo.tn\/fr\/#organization","name":"Webdo","alternateName":"Webdo.tn","url":"https:\/\/www.webdo.tn\/fr\/","logo":{"@type":"ImageObject","inLanguage":"fr-FR","@id":"https:\/\/www.webdo.tn\/fr\/#\/schema\/logo\/image\/","url":"https:\/\/www.webdo.tn\/fr\/wp-content\/uploads\/2025\/06\/Webdo-Tunisie_168377.jpg","contentUrl":"https:\/\/www.webdo.tn\/fr\/wp-content\/uploads\/2025\/06\/Webdo-Tunisie_168377.jpg","width":301,"height":301,"caption":"Webdo"},"image":{"@id":"https:\/\/www.webdo.tn\/fr\/#\/schema\/logo\/image\/"},"sameAs":["https:\/\/www.facebook.com\/webdotn","https:\/\/x.com\/webdo_tn"],"description":"Webdo est un m\u00e9dia num\u00e9rique tunisien fond\u00e9 en 2010, sp\u00e9cialis\u00e9 dans l\u2019actualit\u00e9 nationale et internationale, l\u2019\u00e9conomie, la soci\u00e9t\u00e9 et les analyses politiques. Le site s\u2019adresse \u00e0 un large public francophone et couvre l\u2019information tunisienne en temps r\u00e9el.","email":"redac@webdo.tn","legalName":"YNJ SARL","foundingDate":"2010-09-06","numberOfEmployees":{"@type":"QuantitativeValue","minValue":"11","maxValue":"50"}},{"@type":"Person","@id":"https:\/\/www.webdo.tn\/fr\/#\/schema\/person\/6bc0beba2cd23aec27cb5df85ca2554f","name":"Hatem Bourial","image":{"@type":"ImageObject","inLanguage":"fr-FR","@id":"https:\/\/www.webdo.tn\/fr\/wp-content\/uploads\/2026\/04\/hatem-bourial_avatar-96x96.jpg","url":"https:\/\/www.webdo.tn\/fr\/wp-content\/uploads\/2026\/04\/hatem-bourial_avatar-96x96.jpg","contentUrl":"https:\/\/www.webdo.tn\/fr\/wp-content\/uploads\/2026\/04\/hatem-bourial_avatar-96x96.jpg","caption":"Hatem Bourial"},"description":"Hatem Bourial est journaliste, \u00e9crivain et chroniqueur tunisien. Actif depuis plusieurs d\u00e9cennies, il s\u2019est impos\u00e9 comme un observateur attentif de la soci\u00e9t\u00e9 tunisienne, m\u00ealant dans ses \u00e9crits m\u00e9moire, culture et analyse du quotidien. Auteur de nombreux ouvrages, il d\u00e9veloppe une \u0153uvre \u00e0 la crois\u00e9e du r\u00e9cit, de la po\u00e9sie et de l\u2019observation sociologique. Parall\u00e8lement \u00e0 ses contributions dans la presse, il intervient r\u00e9guli\u00e8rement \u00e0 la radio et dans des espaces culturels, o\u00f9 il explore les enjeux li\u00e9s au patrimoine, \u00e0 l\u2019identit\u00e9 et aux transformations du monde contemporain. \u00c0 travers ses chroniques, Hatem Bourial propose une lecture sensible et approfondie de l\u2019actualit\u00e9, nourrie par une exp\u00e9rience journalistique et litt\u00e9raire reconnue. \ud83d\udd17 Facebook : https:\/\/www.facebook.com\/hatem.bourial.2025","sameAs":["https:\/\/www.facebook.com\/hatem.bourial.2025","https:\/\/fr.wikipedia.org\/wiki\/Fichier:Hatem_Bourial.jpg"],"knowsAbout":["Culture & patrimoine tunisien","Chronique soci\u00e9tale","Litt\u00e9rature & m\u00e9moire","Cin\u00e9ma & critique culturelle","Identit\u00e9 & mutations sociales"],"knowsLanguage":["Arabe","Fran\u00e7ais","Anglais","Italien","Polonais"],"jobTitle":"Journaliste, \u00e9crivain et chroniqueur culturel","worksFor":"Webdo","url":"https:\/\/www.webdo.tn\/fr\/actualite\/author\/hatem-bourial-2\/"}]}},"_links":{"self":[{"href":"https:\/\/www.webdo.tn\/fr\/wp-json\/wp\/v2\/posts\/187496","targetHints":{"allow":["GET"]}}],"collection":[{"href":"https:\/\/www.webdo.tn\/fr\/wp-json\/wp\/v2\/posts"}],"about":[{"href":"https:\/\/www.webdo.tn\/fr\/wp-json\/wp\/v2\/types\/post"}],"author":[{"embeddable":true,"href":"https:\/\/www.webdo.tn\/fr\/wp-json\/wp\/v2\/users\/3229"}],"replies":[{"embeddable":true,"href":"https:\/\/www.webdo.tn\/fr\/wp-json\/wp\/v2\/comments?post=187496"}],"version-history":[{"count":0,"href":"https:\/\/www.webdo.tn\/fr\/wp-json\/wp\/v2\/posts\/187496\/revisions"}],"wp:featuredmedia":[{"embeddable":true,"href":"https:\/\/www.webdo.tn\/fr\/wp-json\/wp\/v2\/media\/325316"}],"wp:attachment":[{"href":"https:\/\/www.webdo.tn\/fr\/wp-json\/wp\/v2\/media?parent=187496"}],"wp:term":[{"taxonomy":"category","embeddable":true,"href":"https:\/\/www.webdo.tn\/fr\/wp-json\/wp\/v2\/categories?post=187496"},{"taxonomy":"post_tag","embeddable":true,"href":"https:\/\/www.webdo.tn\/fr\/wp-json\/wp\/v2\/tags?post=187496"}],"curies":[{"name":"wp","href":"https:\/\/api.w.org\/{rel}","templated":true}]}}