{"id":187414,"date":"2017-04-13T10:13:00","date_gmt":"2017-04-13T10:13:00","guid":{"rendered":"https:\/\/www.webdo.tn\/fr\/blog\/chretiens-a-carthage-mysterieuse-rotonde-souterraine-de-domus-caritatis\/187414\/"},"modified":"2025-05-19T08:23:13","modified_gmt":"2025-05-19T08:23:13","slug":"chretiens-a-carthage-mysterieuse-rotonde-souterraine-de-domus-caritatis","status":"publish","type":"post","link":"https:\/\/www.webdo.tn\/fr\/actualite\/chroniques\/chretiens-a-carthage-mysterieuse-rotonde-souterraine-de-domus-caritatis\/187414\/","title":{"rendered":"Chr\u00e9tiens \u00e0 Carthage : La myst\u00e9rieuse rotonde souterraine de Domus Caritatis"},"content":{"rendered":"<p>Pour Gaetana Nuncia Biolchini<br \/>\nMes promenades dans Carthage sont in\u00e9puisables et elles me m\u00e8nent presque toujours vers les m\u00eames lieux. J&rsquo;aime par-dessus tout le devoir d&rsquo;abstraction auquel nous invitent les sites antiques de Carthage, m\u00e9tropole plurielle qui s&rsquo;est relev\u00e9e plusieurs fois et dont l&rsquo;arpenteur est pris par une tenace et d\u00e9lectable impression: celle de changer de si\u00e8cle, presque \u00e0 chaque d\u00e9tour, au cours de ses inlassables p\u00e9r\u00e9grinations.<br \/>\nDes mill\u00e9naires de poussi\u00e8re<br \/>\nCarthage est ainsi, \u00e0 l&rsquo;image d&rsquo;un mille feuilles temporel qu&rsquo;on traverserait sans cesse, en foulant toujours le m\u00eame sol et en remuant \u00e0 chaque pas des mill\u00e9naires de poussi\u00e8re. Du Tophet punique aux basiliques byzantines, le promeneur parcourt une dizaine de si\u00e8cles, sans s&rsquo;en rendre toujours compte. De la colline de Byrsa \u00e0 celle de Sainte-Monique, le voyage dans le temps \u00e9voque aussi bien Didon qu&rsquo;Augustin.<br \/>\nCe mur que je suis seul \u00e0 voir<br \/>\nParfois, en marchant \u00e0 pas r\u00eaveurs, je reconstruis mentalement le fameux mur de Th\u00e9odose dont il ne reste presque plus rien. Je parviens ainsi \u00e0 revoir ces remparts rudimentaires et le foss\u00e9 qui les pr\u00e9c\u00e9dait. je ressens confus\u00e9ment la h\u00e2te des b\u00e2tisseurs et leur grande peur face \u00e0 la d\u00e9ferlante barbare qui allait les emporter.<br \/>\nLes clameurs du cirque<br \/>\nDe m\u00eame, je parviens ais\u00e9ment, \u00e0 force de retours et de contemplations, \u00e0 reconstruire le cirque de Carthage, ses auriges et ses courses de chars. C&rsquo;est vrai, je ne vois rien, mais je per\u00e7ois tout: les clameurs qui s&rsquo;\u00e9l\u00e8vent des trav\u00e9es, le carrousel des champions et m\u00eame le sol en terre battue de l&rsquo;immense ar\u00e8ne.<\/p>\n<p>Un peu plus loin, j&rsquo;admire, toujours sans le voir, le stade de Carthage et sa piste de course \u00e0 pied puis continue ma visite hallucin\u00e9e dans les vestiges de l&rsquo;Od\u00e9on d&rsquo;o\u00f9 semble monter la voix des com\u00e9diens du temps jadis.<br \/>\nLes basiliques de Carthage<br \/>\nIl est aussi des lieux vers lesquels mes pas me ram\u00e8nent toujours: ce sont les basiliques de Carthage, qu&rsquo;elles soient encore visibles ou qu&rsquo;elles se d\u00e9robent aux regards: Basilica Majorum, la r\u00e9put\u00e9e \u00e9glise des Anciens qui est aujourd&rsquo;hui ensevelie; la Basilique de Saint-Cyprien avec ses sept nefs qui surplombaient les flots; d&rsquo;autres basiliques encore que la vanit\u00e9 du regard ne saurait embrasser et qui reposent \u00e0 notre insu dans les replis de la terre et le tumulte des si\u00e8cles.Les incertitudes de Domus Caritatis<br \/>\nParmi toutes ces basiliques, il en est une o\u00f9 je reviens toujours et encore. Tout m&rsquo;y fascine, de la vacuit\u00e9 des espaces \u00e0 l&rsquo;incertitude chronologique qui les entoure. C&rsquo;est de Domus Caritatis qu&rsquo;il s&rsquo;agit. Nous nommons ce lieu \u00ab\u00a0Damous el Karrita\u00a0\u00bb, ce qui, en dialecte tunisien, signifie \u00ab\u00a0le tunnel de la charrette\u00a0\u00bb. En fait, il ne s&rsquo;agit que d&rsquo;un glissement de sens puisque le terme latin qui d\u00e9signait la basilique a \u00e9t\u00e9 \u00e0 la fois taraud\u00e9 et enrichi par le temps et les langues.<\/p>\n<p>C&rsquo;est le p\u00e8re Delattre qui a le premier fouill\u00e9 cette basilique chr\u00e9tienne dont on ignore encore si elle fut une ou siamoise. Car il est fort probable que deux \u00e9difices cultuels, dont il ne subsiste plus que les fondations, ont coexist\u00e9 ici.<\/p>\n<p>A un moment lointain de l&rsquo;histoire, Domus Caritatis aurait \u00e9t\u00e9 la plus grande basilique d&rsquo;Afrique. Il ne reste presque rien de cet \u00e9difice mais son pouvoir d&rsquo;\u00e9vocation demeure puissant, mystique, charg\u00e9 des milliers d&rsquo;objets d\u00e9couverts ici, dans la solitude des tombes sous le sol des nefs de l&rsquo;\u00e9glise.<br \/>\nMa rotonde presque secr\u00e8te<br \/>\nMyst\u00e9rieuse, une rotonde se trouve \u00e0 quelques dizaines de m\u00e8tres des vestiges de l&rsquo;\u00e9glise. Cette rotonde est souterraine et on y acc\u00e8de par deux escaliers sym\u00e9triques. J&rsquo;ai toujours habit\u00e9 ces lieux, souvent, j&rsquo;y ai pass\u00e9 des heures enti\u00e8res \u00e0 m\u00e9diter ou \u00e0 me souvenir de ce que je n&rsquo;avais pas v\u00e9cu mais appris dans mes livres d&rsquo;histoire.<\/p>\n<p>Dans ce refuge secret, \u00e0 quelques pas de la ville d\u00e9vorante, je retrouve et l&rsquo;\u00e9cho des premiers chr\u00e9tiens et celui des martyrs de cette foi qui fut longtemps celle de Carthage. Je retrouve aussi la simplicit\u00e9 limpide de tout myst\u00e8re, un peu comme si, confront\u00e9 \u00e0 un cryptogramme ardu, on choisissait l&rsquo;\u00e9chapp\u00e9e du r\u00eave plut\u00f4t que l&rsquo;\u00e9chec de la logique.<\/p>\n<p>Ici, au creux de Carthage, je revis en un lieu presque inaccessible, cel\u00e9 dans le secret, spartiate mais rayonnant, oubli\u00e9 mais habit\u00e9 par le fr\u00e9missement d&rsquo;une foi diffuse.<\/p>\n<p>Les \u00e9nigmes et l&rsquo;irr\u00e9sistible du myst\u00e8re<br \/>\nIci, seize colonnes de granit m&rsquo;entourent mais je ne peux les compter toutes. Des niches les s\u00e9parent mais elles sont vides, lorsqu&rsquo;elles ne sont pas combl\u00e9es. O\u00f9 sont les chapiteaux que portaient les colonnes ? Que repr\u00e9sentaient-ils? Nul ne le sait avec certitude.<\/p>\n<p>A quoi pouvait servir cette rotonde par\u00e9e d&rsquo;\u00e9nigmes? Seuls les initi\u00e9s le savent. Etait-ce une crypte dont la partie sup\u00e9rieure aurait disparu? Ou plut\u00f4t un tombeau de martyr ? Ou bien une basilique fun\u00e9raire? S&rsquo;agit-il d&rsquo;une sorte de tholos circulaire ou d&rsquo;une memoria comm\u00e9morative ? Comment le savoir&#8230;<br \/>\nLe flou qui flotte et invite \u00e0 revenir<br \/>\nAu fond, rien de plus beau que cette incertitude, ce flou qui flotte et invite \u00e0 revenir. Non plus pour savoir mais pour s&rsquo;impr\u00e9gner de la magie d&rsquo;un lieu o\u00f9 se trouvait peut-\u00eatre un baptist\u00e8re.<br \/>\nEncore et toujours, je reviens vers cette rotonde souterraine et, en cette semaine pascale, j&rsquo;ai voulu y revenir une nouvelle fois et m&rsquo;immerger encore et toujours dans l&rsquo;irr\u00e9sistible du myst\u00e8re&#8230;<\/p>\n","protected":false},"excerpt":{"rendered":"<p>Chr\u00e9tiens \u00e0 Carthage : La myst\u00e9rieuse rotonde souterraine de Domus Caritatis<\/p>\n","protected":false},"author":3229,"featured_media":310528,"comment_status":"open","ping_status":"closed","sticky":false,"template":"","format":"standard","meta":{"footnotes":""},"categories":[2596],"tags":[2600],"class_list":["post-187414","post","type-post","status-publish","format-standard","has-post-thumbnail","hentry","category-chroniques","tag-guerre"],"yoast_head":"<!-- This site is optimized with the Yoast SEO Premium plugin v27.5 (Yoast SEO v27.5) - https:\/\/yoast.com\/product\/yoast-seo-premium-wordpress\/ -->\n<title>Chr\u00e9tiens \u00e0 Carthage : La myst\u00e9rieuse rotonde souterraine de Domus Caritatis<\/title>\n<meta name=\"description\" content=\"Chr\u00e9tiens \u00e0 Carthage : La myst\u00e9rieuse rotonde souterraine de Domus Caritatis\" \/>\n<link rel=\"canonical\" href=\"https:\/\/www.webdo.tn\/fr\/actualite\/chroniques\/chretiens-a-carthage-mysterieuse-rotonde-souterraine-de-domus-caritatis\/187414\/\" \/>\n<meta property=\"og:locale\" content=\"fr_FR\" \/>\n<meta property=\"og:type\" content=\"article\" \/>\n<meta property=\"og:title\" content=\"Chr\u00e9tiens \u00e0 Carthage : La myst\u00e9rieuse rotonde souterraine de Domus Caritatis\" \/>\n<meta property=\"og:description\" content=\"Chr\u00e9tiens \u00e0 Carthage : La myst\u00e9rieuse rotonde souterraine de Domus Caritatis\" \/>\n<meta property=\"og:url\" content=\"https:\/\/www.webdo.tn\/fr\/actualite\/chroniques\/chretiens-a-carthage-mysterieuse-rotonde-souterraine-de-domus-caritatis\/187414\/\" \/>\n<meta property=\"og:site_name\" content=\"webdo\" \/>\n<meta property=\"article:publisher\" content=\"https:\/\/www.facebook.com\/webdotn\" \/>\n<meta property=\"article:author\" content=\"https:\/\/www.facebook.com\/hatem.bourial.2025\" \/>\n<meta property=\"article:published_time\" content=\"2017-04-13T10:13:00+00:00\" \/>\n<meta property=\"article:modified_time\" content=\"2025-05-19T08:23:13+00:00\" \/>\n<meta property=\"og:image\" content=\"https:\/\/www.webdo.tn\/fr\/wp-content\/uploads\/2017\/04\/rotonde-souterraine-de-Domus-Caritatis-1-576x1024-1.jpg\" \/>\n\t<meta property=\"og:image:width\" content=\"576\" \/>\n\t<meta property=\"og:image:height\" content=\"1024\" \/>\n\t<meta property=\"og:image:type\" content=\"image\/jpeg\" \/>\n<meta name=\"author\" content=\"Hatem Bourial\" \/>\n<meta name=\"twitter:card\" content=\"summary_large_image\" \/>\n<meta name=\"twitter:creator\" content=\"@webdo_tn\" \/>\n<meta name=\"twitter:site\" content=\"@webdo_tn\" \/>\n<meta name=\"twitter:label1\" content=\"\u00c9crit par\" \/>\n\t<meta name=\"twitter:data1\" content=\"Hatem Bourial\" \/>\n\t<meta name=\"twitter:label2\" content=\"Dur\u00e9e de lecture estim\u00e9e\" \/>\n\t<meta name=\"twitter:data2\" content=\"5 minutes\" \/>\n<script type=\"application\/ld+json\" class=\"yoast-schema-graph\">{\"@context\":\"https:\\\/\\\/schema.org\",\"@graph\":[{\"@type\":\"NewsArticle\",\"@id\":\"https:\\\/\\\/www.webdo.tn\\\/fr\\\/actualite\\\/chroniques\\\/chretiens-a-carthage-mysterieuse-rotonde-souterraine-de-domus-caritatis\\\/187414\\\/#article\",\"isPartOf\":{\"@id\":\"https:\\\/\\\/www.webdo.tn\\\/fr\\\/actualite\\\/chroniques\\\/chretiens-a-carthage-mysterieuse-rotonde-souterraine-de-domus-caritatis\\\/187414\\\/\"},\"author\":{\"name\":\"Hatem Bourial\",\"@id\":\"https:\\\/\\\/www.webdo.tn\\\/fr\\\/#\\\/schema\\\/person\\\/6bc0beba2cd23aec27cb5df85ca2554f\"},\"headline\":\"Chr\u00e9tiens \u00e0 Carthage : La myst\u00e9rieuse rotonde souterraine de Domus Caritatis\",\"datePublished\":\"2017-04-13T10:13:00+00:00\",\"dateModified\":\"2025-05-19T08:23:13+00:00\",\"mainEntityOfPage\":{\"@id\":\"https:\\\/\\\/www.webdo.tn\\\/fr\\\/actualite\\\/chroniques\\\/chretiens-a-carthage-mysterieuse-rotonde-souterraine-de-domus-caritatis\\\/187414\\\/\"},\"wordCount\":994,\"commentCount\":0,\"publisher\":{\"@id\":\"https:\\\/\\\/www.webdo.tn\\\/fr\\\/#organization\"},\"image\":{\"@id\":\"https:\\\/\\\/www.webdo.tn\\\/fr\\\/actualite\\\/chroniques\\\/chretiens-a-carthage-mysterieuse-rotonde-souterraine-de-domus-caritatis\\\/187414\\\/#primaryimage\"},\"thumbnailUrl\":\"https:\\\/\\\/www.webdo.tn\\\/fr\\\/wp-content\\\/uploads\\\/2017\\\/04\\\/rotonde-souterraine-de-Domus-Caritatis-1-576x1024-1.jpg\",\"keywords\":[\"guerre\"],\"articleSection\":[\"Chroniques\"],\"inLanguage\":\"fr-FR\"},{\"@type\":\"WebPage\",\"@id\":\"https:\\\/\\\/www.webdo.tn\\\/fr\\\/actualite\\\/chroniques\\\/chretiens-a-carthage-mysterieuse-rotonde-souterraine-de-domus-caritatis\\\/187414\\\/\",\"url\":\"https:\\\/\\\/www.webdo.tn\\\/fr\\\/actualite\\\/chroniques\\\/chretiens-a-carthage-mysterieuse-rotonde-souterraine-de-domus-caritatis\\\/187414\\\/\",\"name\":\"Chr\u00e9tiens \u00e0 Carthage : La myst\u00e9rieuse rotonde souterraine de Domus Caritatis\",\"isPartOf\":{\"@id\":\"https:\\\/\\\/www.webdo.tn\\\/fr\\\/#website\"},\"primaryImageOfPage\":{\"@id\":\"https:\\\/\\\/www.webdo.tn\\\/fr\\\/actualite\\\/chroniques\\\/chretiens-a-carthage-mysterieuse-rotonde-souterraine-de-domus-caritatis\\\/187414\\\/#primaryimage\"},\"image\":{\"@id\":\"https:\\\/\\\/www.webdo.tn\\\/fr\\\/actualite\\\/chroniques\\\/chretiens-a-carthage-mysterieuse-rotonde-souterraine-de-domus-caritatis\\\/187414\\\/#primaryimage\"},\"thumbnailUrl\":\"https:\\\/\\\/www.webdo.tn\\\/fr\\\/wp-content\\\/uploads\\\/2017\\\/04\\\/rotonde-souterraine-de-Domus-Caritatis-1-576x1024-1.jpg\",\"datePublished\":\"2017-04-13T10:13:00+00:00\",\"dateModified\":\"2025-05-19T08:23:13+00:00\",\"description\":\"Chr\u00e9tiens \u00e0 Carthage : La myst\u00e9rieuse rotonde souterraine de Domus Caritatis\",\"breadcrumb\":{\"@id\":\"https:\\\/\\\/www.webdo.tn\\\/fr\\\/actualite\\\/chroniques\\\/chretiens-a-carthage-mysterieuse-rotonde-souterraine-de-domus-caritatis\\\/187414\\\/#breadcrumb\"},\"inLanguage\":\"fr-FR\",\"potentialAction\":[{\"@type\":\"ReadAction\",\"target\":[\"https:\\\/\\\/www.webdo.tn\\\/fr\\\/actualite\\\/chroniques\\\/chretiens-a-carthage-mysterieuse-rotonde-souterraine-de-domus-caritatis\\\/187414\\\/\"]}]},{\"@type\":\"ImageObject\",\"inLanguage\":\"fr-FR\",\"@id\":\"https:\\\/\\\/www.webdo.tn\\\/fr\\\/actualite\\\/chroniques\\\/chretiens-a-carthage-mysterieuse-rotonde-souterraine-de-domus-caritatis\\\/187414\\\/#primaryimage\",\"url\":\"https:\\\/\\\/www.webdo.tn\\\/fr\\\/wp-content\\\/uploads\\\/2017\\\/04\\\/rotonde-souterraine-de-Domus-Caritatis-1-576x1024-1.jpg\",\"contentUrl\":\"https:\\\/\\\/www.webdo.tn\\\/fr\\\/wp-content\\\/uploads\\\/2017\\\/04\\\/rotonde-souterraine-de-Domus-Caritatis-1-576x1024-1.jpg\",\"width\":576,\"height\":1024,\"caption\":\"Chr\u00e9tiens \u00e0 Carthage : La myst\u00e9rieuse rotonde souterraine de Domus Caritatis\"},{\"@type\":\"BreadcrumbList\",\"@id\":\"https:\\\/\\\/www.webdo.tn\\\/fr\\\/actualite\\\/chroniques\\\/chretiens-a-carthage-mysterieuse-rotonde-souterraine-de-domus-caritatis\\\/187414\\\/#breadcrumb\",\"itemListElement\":[{\"@type\":\"ListItem\",\"position\":1,\"name\":\"Accueil\",\"item\":\"https:\\\/\\\/www.webdo.tn\\\/fr\\\/\"},{\"@type\":\"ListItem\",\"position\":2,\"name\":\"Chr\u00e9tiens \u00e0 Carthage : La myst\u00e9rieuse rotonde souterraine de Domus Caritatis\"}]},{\"@type\":\"WebSite\",\"@id\":\"https:\\\/\\\/www.webdo.tn\\\/fr\\\/#website\",\"url\":\"https:\\\/\\\/www.webdo.tn\\\/fr\\\/\",\"name\":\"webdo\",\"description\":\"Tunisie - News en Tunisie et \u00e0 l&#039;international sur Webdo.tn\",\"publisher\":{\"@id\":\"https:\\\/\\\/www.webdo.tn\\\/fr\\\/#organization\"},\"potentialAction\":[{\"@type\":\"SearchAction\",\"target\":{\"@type\":\"EntryPoint\",\"urlTemplate\":\"https:\\\/\\\/www.webdo.tn\\\/fr\\\/?s={search_term_string}\"},\"query-input\":{\"@type\":\"PropertyValueSpecification\",\"valueRequired\":true,\"valueName\":\"search_term_string\"}}],\"inLanguage\":\"fr-FR\"},{\"@type\":\"Organization\",\"@id\":\"https:\\\/\\\/www.webdo.tn\\\/fr\\\/#organization\",\"name\":\"Webdo\",\"alternateName\":\"Webdo.tn\",\"url\":\"https:\\\/\\\/www.webdo.tn\\\/fr\\\/\",\"logo\":{\"@type\":\"ImageObject\",\"inLanguage\":\"fr-FR\",\"@id\":\"https:\\\/\\\/www.webdo.tn\\\/fr\\\/#\\\/schema\\\/logo\\\/image\\\/\",\"url\":\"https:\\\/\\\/www.webdo.tn\\\/fr\\\/wp-content\\\/uploads\\\/2025\\\/06\\\/Webdo-Tunisie_168377.jpg\",\"contentUrl\":\"https:\\\/\\\/www.webdo.tn\\\/fr\\\/wp-content\\\/uploads\\\/2025\\\/06\\\/Webdo-Tunisie_168377.jpg\",\"width\":301,\"height\":301,\"caption\":\"Webdo\"},\"image\":{\"@id\":\"https:\\\/\\\/www.webdo.tn\\\/fr\\\/#\\\/schema\\\/logo\\\/image\\\/\"},\"sameAs\":[\"https:\\\/\\\/www.facebook.com\\\/webdotn\",\"https:\\\/\\\/x.com\\\/webdo_tn\"],\"description\":\"Webdo est un m\u00e9dia num\u00e9rique tunisien fond\u00e9 en 2010, sp\u00e9cialis\u00e9 dans l\u2019actualit\u00e9 nationale et internationale, l\u2019\u00e9conomie, la soci\u00e9t\u00e9 et les analyses politiques. Le site s\u2019adresse \u00e0 un large public francophone et couvre l\u2019information tunisienne en temps r\u00e9el.\",\"email\":\"redac@webdo.tn\",\"legalName\":\"YNJ SARL\",\"foundingDate\":\"2010-09-06\",\"numberOfEmployees\":{\"@type\":\"QuantitativeValue\",\"minValue\":\"11\",\"maxValue\":\"50\"}},{\"@type\":\"Person\",\"@id\":\"https:\\\/\\\/www.webdo.tn\\\/fr\\\/#\\\/schema\\\/person\\\/6bc0beba2cd23aec27cb5df85ca2554f\",\"name\":\"Hatem Bourial\",\"image\":{\"@type\":\"ImageObject\",\"inLanguage\":\"fr-FR\",\"@id\":\"https:\\\/\\\/www.webdo.tn\\\/fr\\\/wp-content\\\/uploads\\\/2026\\\/04\\\/hatem-bourial_avatar-96x96.jpg\",\"url\":\"https:\\\/\\\/www.webdo.tn\\\/fr\\\/wp-content\\\/uploads\\\/2026\\\/04\\\/hatem-bourial_avatar-96x96.jpg\",\"contentUrl\":\"https:\\\/\\\/www.webdo.tn\\\/fr\\\/wp-content\\\/uploads\\\/2026\\\/04\\\/hatem-bourial_avatar-96x96.jpg\",\"caption\":\"Hatem Bourial\"},\"description\":\"Hatem Bourial est journaliste, \u00e9crivain et chroniqueur tunisien. Actif depuis plusieurs d\u00e9cennies, il s\u2019est impos\u00e9 comme un observateur attentif de la soci\u00e9t\u00e9 tunisienne, m\u00ealant dans ses \u00e9crits m\u00e9moire, culture et analyse du quotidien. Auteur de nombreux ouvrages, il d\u00e9veloppe une \u0153uvre \u00e0 la crois\u00e9e du r\u00e9cit, de la po\u00e9sie et de l\u2019observation sociologique. Parall\u00e8lement \u00e0 ses contributions dans la presse, il intervient r\u00e9guli\u00e8rement \u00e0 la radio et dans des espaces culturels, o\u00f9 il explore les enjeux li\u00e9s au patrimoine, \u00e0 l\u2019identit\u00e9 et aux transformations du monde contemporain. \u00c0 travers ses chroniques, Hatem Bourial propose une lecture sensible et approfondie de l\u2019actualit\u00e9, nourrie par une exp\u00e9rience journalistique et litt\u00e9raire reconnue. \ud83d\udd17 Facebook : https:\\\/\\\/www.facebook.com\\\/hatem.bourial.2025\",\"sameAs\":[\"https:\\\/\\\/www.facebook.com\\\/hatem.bourial.2025\",\"https:\\\/\\\/fr.wikipedia.org\\\/wiki\\\/Fichier:Hatem_Bourial.jpg\"],\"knowsAbout\":[\"Culture & patrimoine tunisien\",\"Chronique soci\u00e9tale\",\"Litt\u00e9rature & m\u00e9moire\",\"Cin\u00e9ma & critique culturelle\",\"Identit\u00e9 & mutations sociales\"],\"knowsLanguage\":[\"Arabe\",\"Fran\u00e7ais\",\"Anglais\",\"Italien\",\"Polonais\"],\"jobTitle\":\"Journaliste, \u00e9crivain et chroniqueur culturel\",\"worksFor\":\"Webdo\",\"url\":\"https:\\\/\\\/www.webdo.tn\\\/fr\\\/actualite\\\/author\\\/hatem-bourial-2\\\/\"}]}<\/script>\n<!-- \/ Yoast SEO Premium plugin. -->","yoast_head_json":{"title":"Chr\u00e9tiens \u00e0 Carthage : La myst\u00e9rieuse rotonde souterraine de Domus Caritatis","description":"Chr\u00e9tiens \u00e0 Carthage : La myst\u00e9rieuse rotonde souterraine de Domus Caritatis","canonical":"https:\/\/www.webdo.tn\/fr\/actualite\/chroniques\/chretiens-a-carthage-mysterieuse-rotonde-souterraine-de-domus-caritatis\/187414\/","og_locale":"fr_FR","og_type":"article","og_title":"Chr\u00e9tiens \u00e0 Carthage : La myst\u00e9rieuse rotonde souterraine de Domus Caritatis","og_description":"Chr\u00e9tiens \u00e0 Carthage : La myst\u00e9rieuse rotonde souterraine de Domus Caritatis","og_url":"https:\/\/www.webdo.tn\/fr\/actualite\/chroniques\/chretiens-a-carthage-mysterieuse-rotonde-souterraine-de-domus-caritatis\/187414\/","og_site_name":"webdo","article_publisher":"https:\/\/www.facebook.com\/webdotn","article_author":"https:\/\/www.facebook.com\/hatem.bourial.2025","article_published_time":"2017-04-13T10:13:00+00:00","article_modified_time":"2025-05-19T08:23:13+00:00","og_image":[{"width":576,"height":1024,"url":"https:\/\/www.webdo.tn\/fr\/wp-content\/uploads\/2017\/04\/rotonde-souterraine-de-Domus-Caritatis-1-576x1024-1.jpg","type":"image\/jpeg"}],"author":"Hatem Bourial","twitter_card":"summary_large_image","twitter_creator":"@webdo_tn","twitter_site":"@webdo_tn","twitter_misc":{"\u00c9crit par":"Hatem Bourial","Dur\u00e9e de lecture estim\u00e9e":"5 minutes"},"schema":{"@context":"https:\/\/schema.org","@graph":[{"@type":"NewsArticle","@id":"https:\/\/www.webdo.tn\/fr\/actualite\/chroniques\/chretiens-a-carthage-mysterieuse-rotonde-souterraine-de-domus-caritatis\/187414\/#article","isPartOf":{"@id":"https:\/\/www.webdo.tn\/fr\/actualite\/chroniques\/chretiens-a-carthage-mysterieuse-rotonde-souterraine-de-domus-caritatis\/187414\/"},"author":{"name":"Hatem Bourial","@id":"https:\/\/www.webdo.tn\/fr\/#\/schema\/person\/6bc0beba2cd23aec27cb5df85ca2554f"},"headline":"Chr\u00e9tiens \u00e0 Carthage : La myst\u00e9rieuse rotonde souterraine de Domus Caritatis","datePublished":"2017-04-13T10:13:00+00:00","dateModified":"2025-05-19T08:23:13+00:00","mainEntityOfPage":{"@id":"https:\/\/www.webdo.tn\/fr\/actualite\/chroniques\/chretiens-a-carthage-mysterieuse-rotonde-souterraine-de-domus-caritatis\/187414\/"},"wordCount":994,"commentCount":0,"publisher":{"@id":"https:\/\/www.webdo.tn\/fr\/#organization"},"image":{"@id":"https:\/\/www.webdo.tn\/fr\/actualite\/chroniques\/chretiens-a-carthage-mysterieuse-rotonde-souterraine-de-domus-caritatis\/187414\/#primaryimage"},"thumbnailUrl":"https:\/\/www.webdo.tn\/fr\/wp-content\/uploads\/2017\/04\/rotonde-souterraine-de-Domus-Caritatis-1-576x1024-1.jpg","keywords":["guerre"],"articleSection":["Chroniques"],"inLanguage":"fr-FR"},{"@type":"WebPage","@id":"https:\/\/www.webdo.tn\/fr\/actualite\/chroniques\/chretiens-a-carthage-mysterieuse-rotonde-souterraine-de-domus-caritatis\/187414\/","url":"https:\/\/www.webdo.tn\/fr\/actualite\/chroniques\/chretiens-a-carthage-mysterieuse-rotonde-souterraine-de-domus-caritatis\/187414\/","name":"Chr\u00e9tiens \u00e0 Carthage : La myst\u00e9rieuse rotonde souterraine de Domus Caritatis","isPartOf":{"@id":"https:\/\/www.webdo.tn\/fr\/#website"},"primaryImageOfPage":{"@id":"https:\/\/www.webdo.tn\/fr\/actualite\/chroniques\/chretiens-a-carthage-mysterieuse-rotonde-souterraine-de-domus-caritatis\/187414\/#primaryimage"},"image":{"@id":"https:\/\/www.webdo.tn\/fr\/actualite\/chroniques\/chretiens-a-carthage-mysterieuse-rotonde-souterraine-de-domus-caritatis\/187414\/#primaryimage"},"thumbnailUrl":"https:\/\/www.webdo.tn\/fr\/wp-content\/uploads\/2017\/04\/rotonde-souterraine-de-Domus-Caritatis-1-576x1024-1.jpg","datePublished":"2017-04-13T10:13:00+00:00","dateModified":"2025-05-19T08:23:13+00:00","description":"Chr\u00e9tiens \u00e0 Carthage : La myst\u00e9rieuse rotonde souterraine de Domus Caritatis","breadcrumb":{"@id":"https:\/\/www.webdo.tn\/fr\/actualite\/chroniques\/chretiens-a-carthage-mysterieuse-rotonde-souterraine-de-domus-caritatis\/187414\/#breadcrumb"},"inLanguage":"fr-FR","potentialAction":[{"@type":"ReadAction","target":["https:\/\/www.webdo.tn\/fr\/actualite\/chroniques\/chretiens-a-carthage-mysterieuse-rotonde-souterraine-de-domus-caritatis\/187414\/"]}]},{"@type":"ImageObject","inLanguage":"fr-FR","@id":"https:\/\/www.webdo.tn\/fr\/actualite\/chroniques\/chretiens-a-carthage-mysterieuse-rotonde-souterraine-de-domus-caritatis\/187414\/#primaryimage","url":"https:\/\/www.webdo.tn\/fr\/wp-content\/uploads\/2017\/04\/rotonde-souterraine-de-Domus-Caritatis-1-576x1024-1.jpg","contentUrl":"https:\/\/www.webdo.tn\/fr\/wp-content\/uploads\/2017\/04\/rotonde-souterraine-de-Domus-Caritatis-1-576x1024-1.jpg","width":576,"height":1024,"caption":"Chr\u00e9tiens \u00e0 Carthage : La myst\u00e9rieuse rotonde souterraine de Domus Caritatis"},{"@type":"BreadcrumbList","@id":"https:\/\/www.webdo.tn\/fr\/actualite\/chroniques\/chretiens-a-carthage-mysterieuse-rotonde-souterraine-de-domus-caritatis\/187414\/#breadcrumb","itemListElement":[{"@type":"ListItem","position":1,"name":"Accueil","item":"https:\/\/www.webdo.tn\/fr\/"},{"@type":"ListItem","position":2,"name":"Chr\u00e9tiens \u00e0 Carthage : La myst\u00e9rieuse rotonde souterraine de Domus Caritatis"}]},{"@type":"WebSite","@id":"https:\/\/www.webdo.tn\/fr\/#website","url":"https:\/\/www.webdo.tn\/fr\/","name":"webdo","description":"Tunisie - News en Tunisie et \u00e0 l&#039;international sur Webdo.tn","publisher":{"@id":"https:\/\/www.webdo.tn\/fr\/#organization"},"potentialAction":[{"@type":"SearchAction","target":{"@type":"EntryPoint","urlTemplate":"https:\/\/www.webdo.tn\/fr\/?s={search_term_string}"},"query-input":{"@type":"PropertyValueSpecification","valueRequired":true,"valueName":"search_term_string"}}],"inLanguage":"fr-FR"},{"@type":"Organization","@id":"https:\/\/www.webdo.tn\/fr\/#organization","name":"Webdo","alternateName":"Webdo.tn","url":"https:\/\/www.webdo.tn\/fr\/","logo":{"@type":"ImageObject","inLanguage":"fr-FR","@id":"https:\/\/www.webdo.tn\/fr\/#\/schema\/logo\/image\/","url":"https:\/\/www.webdo.tn\/fr\/wp-content\/uploads\/2025\/06\/Webdo-Tunisie_168377.jpg","contentUrl":"https:\/\/www.webdo.tn\/fr\/wp-content\/uploads\/2025\/06\/Webdo-Tunisie_168377.jpg","width":301,"height":301,"caption":"Webdo"},"image":{"@id":"https:\/\/www.webdo.tn\/fr\/#\/schema\/logo\/image\/"},"sameAs":["https:\/\/www.facebook.com\/webdotn","https:\/\/x.com\/webdo_tn"],"description":"Webdo est un m\u00e9dia num\u00e9rique tunisien fond\u00e9 en 2010, sp\u00e9cialis\u00e9 dans l\u2019actualit\u00e9 nationale et internationale, l\u2019\u00e9conomie, la soci\u00e9t\u00e9 et les analyses politiques. Le site s\u2019adresse \u00e0 un large public francophone et couvre l\u2019information tunisienne en temps r\u00e9el.","email":"redac@webdo.tn","legalName":"YNJ SARL","foundingDate":"2010-09-06","numberOfEmployees":{"@type":"QuantitativeValue","minValue":"11","maxValue":"50"}},{"@type":"Person","@id":"https:\/\/www.webdo.tn\/fr\/#\/schema\/person\/6bc0beba2cd23aec27cb5df85ca2554f","name":"Hatem Bourial","image":{"@type":"ImageObject","inLanguage":"fr-FR","@id":"https:\/\/www.webdo.tn\/fr\/wp-content\/uploads\/2026\/04\/hatem-bourial_avatar-96x96.jpg","url":"https:\/\/www.webdo.tn\/fr\/wp-content\/uploads\/2026\/04\/hatem-bourial_avatar-96x96.jpg","contentUrl":"https:\/\/www.webdo.tn\/fr\/wp-content\/uploads\/2026\/04\/hatem-bourial_avatar-96x96.jpg","caption":"Hatem Bourial"},"description":"Hatem Bourial est journaliste, \u00e9crivain et chroniqueur tunisien. Actif depuis plusieurs d\u00e9cennies, il s\u2019est impos\u00e9 comme un observateur attentif de la soci\u00e9t\u00e9 tunisienne, m\u00ealant dans ses \u00e9crits m\u00e9moire, culture et analyse du quotidien. Auteur de nombreux ouvrages, il d\u00e9veloppe une \u0153uvre \u00e0 la crois\u00e9e du r\u00e9cit, de la po\u00e9sie et de l\u2019observation sociologique. Parall\u00e8lement \u00e0 ses contributions dans la presse, il intervient r\u00e9guli\u00e8rement \u00e0 la radio et dans des espaces culturels, o\u00f9 il explore les enjeux li\u00e9s au patrimoine, \u00e0 l\u2019identit\u00e9 et aux transformations du monde contemporain. \u00c0 travers ses chroniques, Hatem Bourial propose une lecture sensible et approfondie de l\u2019actualit\u00e9, nourrie par une exp\u00e9rience journalistique et litt\u00e9raire reconnue. \ud83d\udd17 Facebook : https:\/\/www.facebook.com\/hatem.bourial.2025","sameAs":["https:\/\/www.facebook.com\/hatem.bourial.2025","https:\/\/fr.wikipedia.org\/wiki\/Fichier:Hatem_Bourial.jpg"],"knowsAbout":["Culture & patrimoine tunisien","Chronique soci\u00e9tale","Litt\u00e9rature & m\u00e9moire","Cin\u00e9ma & critique culturelle","Identit\u00e9 & mutations sociales"],"knowsLanguage":["Arabe","Fran\u00e7ais","Anglais","Italien","Polonais"],"jobTitle":"Journaliste, \u00e9crivain et chroniqueur culturel","worksFor":"Webdo","url":"https:\/\/www.webdo.tn\/fr\/actualite\/author\/hatem-bourial-2\/"}]}},"_links":{"self":[{"href":"https:\/\/www.webdo.tn\/fr\/wp-json\/wp\/v2\/posts\/187414","targetHints":{"allow":["GET"]}}],"collection":[{"href":"https:\/\/www.webdo.tn\/fr\/wp-json\/wp\/v2\/posts"}],"about":[{"href":"https:\/\/www.webdo.tn\/fr\/wp-json\/wp\/v2\/types\/post"}],"author":[{"embeddable":true,"href":"https:\/\/www.webdo.tn\/fr\/wp-json\/wp\/v2\/users\/3229"}],"replies":[{"embeddable":true,"href":"https:\/\/www.webdo.tn\/fr\/wp-json\/wp\/v2\/comments?post=187414"}],"version-history":[{"count":0,"href":"https:\/\/www.webdo.tn\/fr\/wp-json\/wp\/v2\/posts\/187414\/revisions"}],"wp:featuredmedia":[{"embeddable":true,"href":"https:\/\/www.webdo.tn\/fr\/wp-json\/wp\/v2\/media\/310528"}],"wp:attachment":[{"href":"https:\/\/www.webdo.tn\/fr\/wp-json\/wp\/v2\/media?parent=187414"}],"wp:term":[{"taxonomy":"category","embeddable":true,"href":"https:\/\/www.webdo.tn\/fr\/wp-json\/wp\/v2\/categories?post=187414"},{"taxonomy":"post_tag","embeddable":true,"href":"https:\/\/www.webdo.tn\/fr\/wp-json\/wp\/v2\/tags?post=187414"}],"curies":[{"name":"wp","href":"https:\/\/api.w.org\/{rel}","templated":true}]}}