{"id":187400,"date":"2017-03-30T09:37:00","date_gmt":"2017-03-30T09:37:00","guid":{"rendered":"https:\/\/www.webdo.tn\/fr\/blog\/80-ans-de-grande-synagogue-de-tunis\/187400\/"},"modified":"2025-07-09T06:48:39","modified_gmt":"2025-07-09T05:48:39","slug":"80-ans-de-grande-synagogue-de-tunis","status":"publish","type":"post","link":"https:\/\/www.webdo.tn\/fr\/actualite\/chroniques\/80-ans-de-grande-synagogue-de-tunis\/187400\/","title":{"rendered":"Les 80 ans de la grande synagogue de Tunis"},"content":{"rendered":"<p>La longue histoire de la grande synagogue de Tunis commence en 1879, lorsque Sadok Bey conc\u00e8de \u00e0 la communaut\u00e9 juive de Tunisie, un terrain afin d&rsquo;y construire un nouveau temple dans la ville moderne qui commen\u00e7ait tout juste \u00e0 s&rsquo;\u00e9baucher.<\/p>\n<p>Ce terrain se trouvait \u00e0 la rue Sadikia (aujourd&rsquo;hui Gamal Abdenasser), dans les parages imm\u00e9diats de l&rsquo;ambassade de France dont l&rsquo;\u00e9difice \u00e9tait alors encore en cours de construction.<\/p>\n<p>Cette nouvelle synagogue monumentale devait se trouver hors de l&rsquo;espace confin\u00e9 de la hara, \u00e0 l&rsquo;image de la nouvelle \u00e9cle de l&rsquo;Alliance isra\u00e9lite qui avait ouvert ses portes en 1978, \u00e0 la lisi\u00e8re de la m\u00e9dina.<\/p>\n<p>Seulement, les choses n&rsquo;allaient pas \u00eatre aussi simples. La communaut\u00e9 allait en effet tenter, sans succ\u00e8s, de r\u00e9unir les fonds n\u00e9cessaires pour la construction de la nouvelle synagogue mais aucune bonne volont\u00e9 ni en Tunisie ni en Europe n&rsquo;allait faire la donation attendue.<\/p>\n<p>Pire, en 1903, le bey exigea la restitution du terrain conc\u00e9d\u00e9 arguant que les travaux n&rsquo;avaient pas \u00e9t\u00e9 entam\u00e9s. Soit la communaut\u00e9 b\u00e2tissait sa nouvelle synagogue, soit le terrain devait revenir dans le giron de l&rsquo;Etat.<\/p>\n<p>C&rsquo;est dans ces circonstances difficiles qu&rsquo;en 1905, Mardochee Raccah, un responsable de la communaut\u00e9, s&rsquo;adressa \u00e0 Daniel Osiris, un Fran\u00e7ais isra\u00e9lite, connu pour son m\u00e9c\u00e9nat.<\/p>\n<p>Daniel Iffa (1825-1907) est mieux connu sous son pseudonyme de Daniel Osiris. Ce Bordelais est un brillant financier qui a contribu\u00e9 \u00e0 la construction d&rsquo;une dizaine de synagogues en Europe et aussi financ\u00e9 celle de Tunis. D&rsquo;ailleurs, la ruelle qui longe la grande synagogue de Tunis porte encore son nom.<\/p>\n<p>Osiris accepta donc de prendre en charge la construction de la nouvelle synagogue comme l&rsquo;atteste une lettre adress\u00e9e au grand rabbin de Tunisie.<\/p>\n<p>Mission fut alors confi\u00e9e \u00e0 l&rsquo;architecte Victor Tondu d&rsquo;\u00e9laborer les plans de la nouvelle synagogue. Ce dernier \u00e9baucha des plans mais la mort de Daniel Osiris et le co\u00fbt trop \u00e9lev\u00e9 du projet de cet architecte allaient bouleverser les plans initiaux.<\/p>\n<p>Ce n&rsquo;est que le 16 d\u00e9cembre 1912 qu&rsquo;un autre architecte, le Tunisien Victor Valensi, verra son projet adopt\u00e9. Cet ancien \u00e9l\u00e8ve de l&rsquo;Ecole des Beaux-Arts \u00e9laborera un plan carr\u00e9 avec coupole centrale par\u00e9 de symboles juifs. Le plan est donc adopt\u00e9 mais, paradoxalement, rien n&rsquo;allait bouger avant 1931.<\/p>\n<p>Entre temps, on aura chang\u00e9 de terrain, troquant la parcelle de la rue Sadikia pour un lot sur l&rsquo;avenue de Paris (actuelle avenue de la Libert\u00e9).<\/p>\n<p>La premi\u00e8re pierre de l&rsquo;\u00e9difice est pos\u00e9e le 8 juin 1933 et l&rsquo;inauguration eut lieu le 23 d\u00e9cembre 1937. Quelques ann\u00e9es plus tard, en 1954, sera b\u00e2tie, pr\u00e8s de la synagogue, la maison communautaire.<\/p>\n<p>Avec sa coupole perc\u00e9e de douze fen\u00eatres et son \u00ab\u00a0hekhal\u00a0\u00bb au d\u00e9cor rayonnant, la synagogue est un chef d\u2019\u0153uvre architectural dont les vitraux soulignent la splendeur. Etoiles de David et \u00ab\u00a0menoras\u00a0\u00bb renforcent la majest\u00e9 des lieux.<\/p>\n<p>Restaur\u00e9e en 1996 puis en 2007, la grande synagogue de Tunis demeure un lieu de vie et de m\u00e9moire qui t\u00e9moigne de la vitalit\u00e9 du judaisme tunisien.<\/p>\n","protected":false},"excerpt":{"rendered":"<p>Les 80 ans de la grande synagogue de Tunis<\/p>\n","protected":false},"author":3229,"featured_media":325982,"comment_status":"open","ping_status":"closed","sticky":false,"template":"","format":"standard","meta":{"footnotes":""},"categories":[2596],"tags":[8725,7540,2640,2608],"class_list":["post-187400","post","type-post","status-publish","format-standard","has-post-thumbnail","hentry","category-chroniques","tag-judaisme","tag-religion","tag-tunis","tag-tunisie"],"yoast_head":"<!-- This site is optimized with the Yoast SEO Premium plugin v27.4 (Yoast SEO v27.5) - https:\/\/yoast.com\/product\/yoast-seo-premium-wordpress\/ -->\n<title>Les 80 ans de la grande synagogue de Tunis<\/title>\n<meta name=\"description\" content=\"D\u00e9couvrez l&#039;histoire fascinante de la grande synagogue de Tunis, construite en 1879 pour la communaut\u00e9 juive locale.\" \/>\n<link rel=\"canonical\" href=\"https:\/\/www.webdo.tn\/fr\/actualite\/chroniques\/80-ans-de-grande-synagogue-de-tunis\/187400\/\" \/>\n<meta property=\"og:locale\" content=\"fr_FR\" \/>\n<meta property=\"og:type\" content=\"article\" \/>\n<meta property=\"og:title\" content=\"Les 80 ans de la grande synagogue de Tunis\" \/>\n<meta property=\"og:description\" content=\"D\u00e9couvrez l&#039;histoire fascinante de la grande synagogue de Tunis, construite en 1879 pour la communaut\u00e9 juive locale.\" \/>\n<meta property=\"og:url\" content=\"https:\/\/www.webdo.tn\/fr\/actualite\/chroniques\/80-ans-de-grande-synagogue-de-tunis\/187400\/\" \/>\n<meta property=\"og:site_name\" content=\"webdo\" \/>\n<meta property=\"article:publisher\" content=\"https:\/\/www.facebook.com\/webdotn\" \/>\n<meta property=\"article:author\" content=\"https:\/\/www.facebook.com\/hatem.bourial.2025\" \/>\n<meta property=\"article:published_time\" content=\"2017-03-30T09:37:00+00:00\" \/>\n<meta property=\"article:modified_time\" content=\"2025-07-09T05:48:39+00:00\" \/>\n<meta property=\"og:image\" content=\"https:\/\/www.webdo.tn\/fr\/wp-content\/uploads\/2017\/03\/synagogue-Tunis-1.jpg\" \/>\n\t<meta property=\"og:image:width\" content=\"500\" \/>\n\t<meta property=\"og:image:height\" content=\"888\" \/>\n\t<meta property=\"og:image:type\" content=\"image\/jpeg\" \/>\n<meta name=\"author\" content=\"Hatem Bourial\" \/>\n<meta name=\"twitter:card\" content=\"summary_large_image\" \/>\n<meta name=\"twitter:creator\" content=\"@webdo_tn\" \/>\n<meta name=\"twitter:site\" content=\"@webdo_tn\" \/>\n<meta name=\"twitter:label1\" content=\"\u00c9crit par\" \/>\n\t<meta name=\"twitter:data1\" content=\"Hatem Bourial\" \/>\n\t<meta name=\"twitter:label2\" content=\"Dur\u00e9e de lecture estim\u00e9e\" \/>\n\t<meta name=\"twitter:data2\" content=\"3 minutes\" \/>\n<script type=\"application\/ld+json\" class=\"yoast-schema-graph\">{\"@context\":\"https:\\\/\\\/schema.org\",\"@graph\":[{\"@type\":\"NewsArticle\",\"@id\":\"https:\\\/\\\/www.webdo.tn\\\/fr\\\/actualite\\\/chroniques\\\/80-ans-de-grande-synagogue-de-tunis\\\/187400\\\/#article\",\"isPartOf\":{\"@id\":\"https:\\\/\\\/www.webdo.tn\\\/fr\\\/actualite\\\/chroniques\\\/80-ans-de-grande-synagogue-de-tunis\\\/187400\\\/\"},\"author\":{\"name\":\"Hatem Bourial\",\"@id\":\"https:\\\/\\\/www.webdo.tn\\\/fr\\\/#\\\/schema\\\/person\\\/6bc0beba2cd23aec27cb5df85ca2554f\"},\"headline\":\"Les 80 ans de la grande synagogue de Tunis\",\"datePublished\":\"2017-03-30T09:37:00+00:00\",\"dateModified\":\"2025-07-09T05:48:39+00:00\",\"mainEntityOfPage\":{\"@id\":\"https:\\\/\\\/www.webdo.tn\\\/fr\\\/actualite\\\/chroniques\\\/80-ans-de-grande-synagogue-de-tunis\\\/187400\\\/\"},\"wordCount\":540,\"commentCount\":0,\"publisher\":{\"@id\":\"https:\\\/\\\/www.webdo.tn\\\/fr\\\/#organization\"},\"image\":{\"@id\":\"https:\\\/\\\/www.webdo.tn\\\/fr\\\/actualite\\\/chroniques\\\/80-ans-de-grande-synagogue-de-tunis\\\/187400\\\/#primaryimage\"},\"thumbnailUrl\":\"https:\\\/\\\/www.webdo.tn\\\/fr\\\/wp-content\\\/uploads\\\/2017\\\/03\\\/synagogue-Tunis-1.jpg\",\"keywords\":[\"juda\u00efsme\",\"religion\",\"Tunis\",\"Tunisie\"],\"articleSection\":[\"Chroniques\"],\"inLanguage\":\"fr-FR\"},{\"@type\":\"WebPage\",\"@id\":\"https:\\\/\\\/www.webdo.tn\\\/fr\\\/actualite\\\/chroniques\\\/80-ans-de-grande-synagogue-de-tunis\\\/187400\\\/\",\"url\":\"https:\\\/\\\/www.webdo.tn\\\/fr\\\/actualite\\\/chroniques\\\/80-ans-de-grande-synagogue-de-tunis\\\/187400\\\/\",\"name\":\"Les 80 ans de la grande synagogue de Tunis\",\"isPartOf\":{\"@id\":\"https:\\\/\\\/www.webdo.tn\\\/fr\\\/#website\"},\"primaryImageOfPage\":{\"@id\":\"https:\\\/\\\/www.webdo.tn\\\/fr\\\/actualite\\\/chroniques\\\/80-ans-de-grande-synagogue-de-tunis\\\/187400\\\/#primaryimage\"},\"image\":{\"@id\":\"https:\\\/\\\/www.webdo.tn\\\/fr\\\/actualite\\\/chroniques\\\/80-ans-de-grande-synagogue-de-tunis\\\/187400\\\/#primaryimage\"},\"thumbnailUrl\":\"https:\\\/\\\/www.webdo.tn\\\/fr\\\/wp-content\\\/uploads\\\/2017\\\/03\\\/synagogue-Tunis-1.jpg\",\"datePublished\":\"2017-03-30T09:37:00+00:00\",\"dateModified\":\"2025-07-09T05:48:39+00:00\",\"description\":\"D\u00e9couvrez l'histoire fascinante de la grande synagogue de Tunis, construite en 1879 pour la communaut\u00e9 juive locale.\",\"breadcrumb\":{\"@id\":\"https:\\\/\\\/www.webdo.tn\\\/fr\\\/actualite\\\/chroniques\\\/80-ans-de-grande-synagogue-de-tunis\\\/187400\\\/#breadcrumb\"},\"inLanguage\":\"fr-FR\",\"potentialAction\":[{\"@type\":\"ReadAction\",\"target\":[\"https:\\\/\\\/www.webdo.tn\\\/fr\\\/actualite\\\/chroniques\\\/80-ans-de-grande-synagogue-de-tunis\\\/187400\\\/\"]}]},{\"@type\":\"ImageObject\",\"inLanguage\":\"fr-FR\",\"@id\":\"https:\\\/\\\/www.webdo.tn\\\/fr\\\/actualite\\\/chroniques\\\/80-ans-de-grande-synagogue-de-tunis\\\/187400\\\/#primaryimage\",\"url\":\"https:\\\/\\\/www.webdo.tn\\\/fr\\\/wp-content\\\/uploads\\\/2017\\\/03\\\/synagogue-Tunis-1.jpg\",\"contentUrl\":\"https:\\\/\\\/www.webdo.tn\\\/fr\\\/wp-content\\\/uploads\\\/2017\\\/03\\\/synagogue-Tunis-1.jpg\",\"width\":500,\"height\":888,\"caption\":\"Les 80 ans de la grande synagogue de Tunis\"},{\"@type\":\"BreadcrumbList\",\"@id\":\"https:\\\/\\\/www.webdo.tn\\\/fr\\\/actualite\\\/chroniques\\\/80-ans-de-grande-synagogue-de-tunis\\\/187400\\\/#breadcrumb\",\"itemListElement\":[{\"@type\":\"ListItem\",\"position\":1,\"name\":\"Accueil\",\"item\":\"https:\\\/\\\/www.webdo.tn\\\/fr\\\/\"},{\"@type\":\"ListItem\",\"position\":2,\"name\":\"Les 80 ans de la grande synagogue de Tunis\"}]},{\"@type\":\"WebSite\",\"@id\":\"https:\\\/\\\/www.webdo.tn\\\/fr\\\/#website\",\"url\":\"https:\\\/\\\/www.webdo.tn\\\/fr\\\/\",\"name\":\"webdo\",\"description\":\"Tunisie - News en Tunisie et \u00e0 l&#039;international sur Webdo.tn\",\"publisher\":{\"@id\":\"https:\\\/\\\/www.webdo.tn\\\/fr\\\/#organization\"},\"potentialAction\":[{\"@type\":\"SearchAction\",\"target\":{\"@type\":\"EntryPoint\",\"urlTemplate\":\"https:\\\/\\\/www.webdo.tn\\\/fr\\\/?s={search_term_string}\"},\"query-input\":{\"@type\":\"PropertyValueSpecification\",\"valueRequired\":true,\"valueName\":\"search_term_string\"}}],\"inLanguage\":\"fr-FR\"},{\"@type\":\"Organization\",\"@id\":\"https:\\\/\\\/www.webdo.tn\\\/fr\\\/#organization\",\"name\":\"Webdo\",\"alternateName\":\"Webdo.tn\",\"url\":\"https:\\\/\\\/www.webdo.tn\\\/fr\\\/\",\"logo\":{\"@type\":\"ImageObject\",\"inLanguage\":\"fr-FR\",\"@id\":\"https:\\\/\\\/www.webdo.tn\\\/fr\\\/#\\\/schema\\\/logo\\\/image\\\/\",\"url\":\"https:\\\/\\\/www.webdo.tn\\\/fr\\\/wp-content\\\/uploads\\\/2025\\\/06\\\/Webdo-Tunisie_168377.jpg\",\"contentUrl\":\"https:\\\/\\\/www.webdo.tn\\\/fr\\\/wp-content\\\/uploads\\\/2025\\\/06\\\/Webdo-Tunisie_168377.jpg\",\"width\":301,\"height\":301,\"caption\":\"Webdo\"},\"image\":{\"@id\":\"https:\\\/\\\/www.webdo.tn\\\/fr\\\/#\\\/schema\\\/logo\\\/image\\\/\"},\"sameAs\":[\"https:\\\/\\\/www.facebook.com\\\/webdotn\",\"https:\\\/\\\/x.com\\\/webdo_tn\"],\"description\":\"Webdo est un m\u00e9dia num\u00e9rique tunisien fond\u00e9 en 2010, sp\u00e9cialis\u00e9 dans l\u2019actualit\u00e9 nationale et internationale, l\u2019\u00e9conomie, la soci\u00e9t\u00e9 et les analyses politiques. Le site s\u2019adresse \u00e0 un large public francophone et couvre l\u2019information tunisienne en temps r\u00e9el.\",\"email\":\"redac@webdo.tn\",\"legalName\":\"YNJ SARL\",\"foundingDate\":\"2010-09-06\",\"numberOfEmployees\":{\"@type\":\"QuantitativeValue\",\"minValue\":\"11\",\"maxValue\":\"50\"}},{\"@type\":\"Person\",\"@id\":\"https:\\\/\\\/www.webdo.tn\\\/fr\\\/#\\\/schema\\\/person\\\/6bc0beba2cd23aec27cb5df85ca2554f\",\"name\":\"Hatem Bourial\",\"image\":{\"@type\":\"ImageObject\",\"inLanguage\":\"fr-FR\",\"@id\":\"https:\\\/\\\/www.webdo.tn\\\/fr\\\/wp-content\\\/uploads\\\/2026\\\/04\\\/hatem-bourial_avatar-96x96.jpg\",\"url\":\"https:\\\/\\\/www.webdo.tn\\\/fr\\\/wp-content\\\/uploads\\\/2026\\\/04\\\/hatem-bourial_avatar-96x96.jpg\",\"contentUrl\":\"https:\\\/\\\/www.webdo.tn\\\/fr\\\/wp-content\\\/uploads\\\/2026\\\/04\\\/hatem-bourial_avatar-96x96.jpg\",\"caption\":\"Hatem Bourial\"},\"description\":\"Hatem Bourial est journaliste, \u00e9crivain et chroniqueur tunisien. Actif depuis plusieurs d\u00e9cennies, il s\u2019est impos\u00e9 comme un observateur attentif de la soci\u00e9t\u00e9 tunisienne, m\u00ealant dans ses \u00e9crits m\u00e9moire, culture et analyse du quotidien. Auteur de nombreux ouvrages, il d\u00e9veloppe une \u0153uvre \u00e0 la crois\u00e9e du r\u00e9cit, de la po\u00e9sie et de l\u2019observation sociologique. Parall\u00e8lement \u00e0 ses contributions dans la presse, il intervient r\u00e9guli\u00e8rement \u00e0 la radio et dans des espaces culturels, o\u00f9 il explore les enjeux li\u00e9s au patrimoine, \u00e0 l\u2019identit\u00e9 et aux transformations du monde contemporain. \u00c0 travers ses chroniques, Hatem Bourial propose une lecture sensible et approfondie de l\u2019actualit\u00e9, nourrie par une exp\u00e9rience journalistique et litt\u00e9raire reconnue. \ud83d\udd17 Facebook : https:\\\/\\\/www.facebook.com\\\/hatem.bourial.2025\",\"sameAs\":[\"https:\\\/\\\/www.facebook.com\\\/hatem.bourial.2025\",\"https:\\\/\\\/fr.wikipedia.org\\\/wiki\\\/Fichier:Hatem_Bourial.jpg\"],\"knowsAbout\":[\"Culture & patrimoine tunisien\",\"Chronique soci\u00e9tale\",\"Litt\u00e9rature & m\u00e9moire\",\"Cin\u00e9ma & critique culturelle\",\"Identit\u00e9 & mutations sociales\"],\"knowsLanguage\":[\"Arabe\",\"Fran\u00e7ais\",\"Anglais\",\"Italien\",\"Polonais\"],\"jobTitle\":\"Journaliste, \u00e9crivain et chroniqueur culturel\",\"worksFor\":\"Webdo\",\"url\":\"https:\\\/\\\/www.webdo.tn\\\/fr\\\/actualite\\\/author\\\/hatem-bourial-2\\\/\"}]}<\/script>\n<!-- \/ Yoast SEO Premium plugin. -->","yoast_head_json":{"title":"Les 80 ans de la grande synagogue de Tunis","description":"D\u00e9couvrez l'histoire fascinante de la grande synagogue de Tunis, construite en 1879 pour la communaut\u00e9 juive locale.","canonical":"https:\/\/www.webdo.tn\/fr\/actualite\/chroniques\/80-ans-de-grande-synagogue-de-tunis\/187400\/","og_locale":"fr_FR","og_type":"article","og_title":"Les 80 ans de la grande synagogue de Tunis","og_description":"D\u00e9couvrez l'histoire fascinante de la grande synagogue de Tunis, construite en 1879 pour la communaut\u00e9 juive locale.","og_url":"https:\/\/www.webdo.tn\/fr\/actualite\/chroniques\/80-ans-de-grande-synagogue-de-tunis\/187400\/","og_site_name":"webdo","article_publisher":"https:\/\/www.facebook.com\/webdotn","article_author":"https:\/\/www.facebook.com\/hatem.bourial.2025","article_published_time":"2017-03-30T09:37:00+00:00","article_modified_time":"2025-07-09T05:48:39+00:00","og_image":[{"width":500,"height":888,"url":"https:\/\/www.webdo.tn\/fr\/wp-content\/uploads\/2017\/03\/synagogue-Tunis-1.jpg","type":"image\/jpeg"}],"author":"Hatem Bourial","twitter_card":"summary_large_image","twitter_creator":"@webdo_tn","twitter_site":"@webdo_tn","twitter_misc":{"\u00c9crit par":"Hatem Bourial","Dur\u00e9e de lecture estim\u00e9e":"3 minutes"},"schema":{"@context":"https:\/\/schema.org","@graph":[{"@type":"NewsArticle","@id":"https:\/\/www.webdo.tn\/fr\/actualite\/chroniques\/80-ans-de-grande-synagogue-de-tunis\/187400\/#article","isPartOf":{"@id":"https:\/\/www.webdo.tn\/fr\/actualite\/chroniques\/80-ans-de-grande-synagogue-de-tunis\/187400\/"},"author":{"name":"Hatem Bourial","@id":"https:\/\/www.webdo.tn\/fr\/#\/schema\/person\/6bc0beba2cd23aec27cb5df85ca2554f"},"headline":"Les 80 ans de la grande synagogue de Tunis","datePublished":"2017-03-30T09:37:00+00:00","dateModified":"2025-07-09T05:48:39+00:00","mainEntityOfPage":{"@id":"https:\/\/www.webdo.tn\/fr\/actualite\/chroniques\/80-ans-de-grande-synagogue-de-tunis\/187400\/"},"wordCount":540,"commentCount":0,"publisher":{"@id":"https:\/\/www.webdo.tn\/fr\/#organization"},"image":{"@id":"https:\/\/www.webdo.tn\/fr\/actualite\/chroniques\/80-ans-de-grande-synagogue-de-tunis\/187400\/#primaryimage"},"thumbnailUrl":"https:\/\/www.webdo.tn\/fr\/wp-content\/uploads\/2017\/03\/synagogue-Tunis-1.jpg","keywords":["juda\u00efsme","religion","Tunis","Tunisie"],"articleSection":["Chroniques"],"inLanguage":"fr-FR"},{"@type":"WebPage","@id":"https:\/\/www.webdo.tn\/fr\/actualite\/chroniques\/80-ans-de-grande-synagogue-de-tunis\/187400\/","url":"https:\/\/www.webdo.tn\/fr\/actualite\/chroniques\/80-ans-de-grande-synagogue-de-tunis\/187400\/","name":"Les 80 ans de la grande synagogue de Tunis","isPartOf":{"@id":"https:\/\/www.webdo.tn\/fr\/#website"},"primaryImageOfPage":{"@id":"https:\/\/www.webdo.tn\/fr\/actualite\/chroniques\/80-ans-de-grande-synagogue-de-tunis\/187400\/#primaryimage"},"image":{"@id":"https:\/\/www.webdo.tn\/fr\/actualite\/chroniques\/80-ans-de-grande-synagogue-de-tunis\/187400\/#primaryimage"},"thumbnailUrl":"https:\/\/www.webdo.tn\/fr\/wp-content\/uploads\/2017\/03\/synagogue-Tunis-1.jpg","datePublished":"2017-03-30T09:37:00+00:00","dateModified":"2025-07-09T05:48:39+00:00","description":"D\u00e9couvrez l'histoire fascinante de la grande synagogue de Tunis, construite en 1879 pour la communaut\u00e9 juive locale.","breadcrumb":{"@id":"https:\/\/www.webdo.tn\/fr\/actualite\/chroniques\/80-ans-de-grande-synagogue-de-tunis\/187400\/#breadcrumb"},"inLanguage":"fr-FR","potentialAction":[{"@type":"ReadAction","target":["https:\/\/www.webdo.tn\/fr\/actualite\/chroniques\/80-ans-de-grande-synagogue-de-tunis\/187400\/"]}]},{"@type":"ImageObject","inLanguage":"fr-FR","@id":"https:\/\/www.webdo.tn\/fr\/actualite\/chroniques\/80-ans-de-grande-synagogue-de-tunis\/187400\/#primaryimage","url":"https:\/\/www.webdo.tn\/fr\/wp-content\/uploads\/2017\/03\/synagogue-Tunis-1.jpg","contentUrl":"https:\/\/www.webdo.tn\/fr\/wp-content\/uploads\/2017\/03\/synagogue-Tunis-1.jpg","width":500,"height":888,"caption":"Les 80 ans de la grande synagogue de Tunis"},{"@type":"BreadcrumbList","@id":"https:\/\/www.webdo.tn\/fr\/actualite\/chroniques\/80-ans-de-grande-synagogue-de-tunis\/187400\/#breadcrumb","itemListElement":[{"@type":"ListItem","position":1,"name":"Accueil","item":"https:\/\/www.webdo.tn\/fr\/"},{"@type":"ListItem","position":2,"name":"Les 80 ans de la grande synagogue de Tunis"}]},{"@type":"WebSite","@id":"https:\/\/www.webdo.tn\/fr\/#website","url":"https:\/\/www.webdo.tn\/fr\/","name":"webdo","description":"Tunisie - News en Tunisie et \u00e0 l&#039;international sur Webdo.tn","publisher":{"@id":"https:\/\/www.webdo.tn\/fr\/#organization"},"potentialAction":[{"@type":"SearchAction","target":{"@type":"EntryPoint","urlTemplate":"https:\/\/www.webdo.tn\/fr\/?s={search_term_string}"},"query-input":{"@type":"PropertyValueSpecification","valueRequired":true,"valueName":"search_term_string"}}],"inLanguage":"fr-FR"},{"@type":"Organization","@id":"https:\/\/www.webdo.tn\/fr\/#organization","name":"Webdo","alternateName":"Webdo.tn","url":"https:\/\/www.webdo.tn\/fr\/","logo":{"@type":"ImageObject","inLanguage":"fr-FR","@id":"https:\/\/www.webdo.tn\/fr\/#\/schema\/logo\/image\/","url":"https:\/\/www.webdo.tn\/fr\/wp-content\/uploads\/2025\/06\/Webdo-Tunisie_168377.jpg","contentUrl":"https:\/\/www.webdo.tn\/fr\/wp-content\/uploads\/2025\/06\/Webdo-Tunisie_168377.jpg","width":301,"height":301,"caption":"Webdo"},"image":{"@id":"https:\/\/www.webdo.tn\/fr\/#\/schema\/logo\/image\/"},"sameAs":["https:\/\/www.facebook.com\/webdotn","https:\/\/x.com\/webdo_tn"],"description":"Webdo est un m\u00e9dia num\u00e9rique tunisien fond\u00e9 en 2010, sp\u00e9cialis\u00e9 dans l\u2019actualit\u00e9 nationale et internationale, l\u2019\u00e9conomie, la soci\u00e9t\u00e9 et les analyses politiques. Le site s\u2019adresse \u00e0 un large public francophone et couvre l\u2019information tunisienne en temps r\u00e9el.","email":"redac@webdo.tn","legalName":"YNJ SARL","foundingDate":"2010-09-06","numberOfEmployees":{"@type":"QuantitativeValue","minValue":"11","maxValue":"50"}},{"@type":"Person","@id":"https:\/\/www.webdo.tn\/fr\/#\/schema\/person\/6bc0beba2cd23aec27cb5df85ca2554f","name":"Hatem Bourial","image":{"@type":"ImageObject","inLanguage":"fr-FR","@id":"https:\/\/www.webdo.tn\/fr\/wp-content\/uploads\/2026\/04\/hatem-bourial_avatar-96x96.jpg","url":"https:\/\/www.webdo.tn\/fr\/wp-content\/uploads\/2026\/04\/hatem-bourial_avatar-96x96.jpg","contentUrl":"https:\/\/www.webdo.tn\/fr\/wp-content\/uploads\/2026\/04\/hatem-bourial_avatar-96x96.jpg","caption":"Hatem Bourial"},"description":"Hatem Bourial est journaliste, \u00e9crivain et chroniqueur tunisien. Actif depuis plusieurs d\u00e9cennies, il s\u2019est impos\u00e9 comme un observateur attentif de la soci\u00e9t\u00e9 tunisienne, m\u00ealant dans ses \u00e9crits m\u00e9moire, culture et analyse du quotidien. Auteur de nombreux ouvrages, il d\u00e9veloppe une \u0153uvre \u00e0 la crois\u00e9e du r\u00e9cit, de la po\u00e9sie et de l\u2019observation sociologique. Parall\u00e8lement \u00e0 ses contributions dans la presse, il intervient r\u00e9guli\u00e8rement \u00e0 la radio et dans des espaces culturels, o\u00f9 il explore les enjeux li\u00e9s au patrimoine, \u00e0 l\u2019identit\u00e9 et aux transformations du monde contemporain. \u00c0 travers ses chroniques, Hatem Bourial propose une lecture sensible et approfondie de l\u2019actualit\u00e9, nourrie par une exp\u00e9rience journalistique et litt\u00e9raire reconnue. \ud83d\udd17 Facebook : https:\/\/www.facebook.com\/hatem.bourial.2025","sameAs":["https:\/\/www.facebook.com\/hatem.bourial.2025","https:\/\/fr.wikipedia.org\/wiki\/Fichier:Hatem_Bourial.jpg"],"knowsAbout":["Culture & patrimoine tunisien","Chronique soci\u00e9tale","Litt\u00e9rature & m\u00e9moire","Cin\u00e9ma & critique culturelle","Identit\u00e9 & mutations sociales"],"knowsLanguage":["Arabe","Fran\u00e7ais","Anglais","Italien","Polonais"],"jobTitle":"Journaliste, \u00e9crivain et chroniqueur culturel","worksFor":"Webdo","url":"https:\/\/www.webdo.tn\/fr\/actualite\/author\/hatem-bourial-2\/"}]}},"_links":{"self":[{"href":"https:\/\/www.webdo.tn\/fr\/wp-json\/wp\/v2\/posts\/187400","targetHints":{"allow":["GET"]}}],"collection":[{"href":"https:\/\/www.webdo.tn\/fr\/wp-json\/wp\/v2\/posts"}],"about":[{"href":"https:\/\/www.webdo.tn\/fr\/wp-json\/wp\/v2\/types\/post"}],"author":[{"embeddable":true,"href":"https:\/\/www.webdo.tn\/fr\/wp-json\/wp\/v2\/users\/3229"}],"replies":[{"embeddable":true,"href":"https:\/\/www.webdo.tn\/fr\/wp-json\/wp\/v2\/comments?post=187400"}],"version-history":[{"count":0,"href":"https:\/\/www.webdo.tn\/fr\/wp-json\/wp\/v2\/posts\/187400\/revisions"}],"wp:featuredmedia":[{"embeddable":true,"href":"https:\/\/www.webdo.tn\/fr\/wp-json\/wp\/v2\/media\/325982"}],"wp:attachment":[{"href":"https:\/\/www.webdo.tn\/fr\/wp-json\/wp\/v2\/media?parent=187400"}],"wp:term":[{"taxonomy":"category","embeddable":true,"href":"https:\/\/www.webdo.tn\/fr\/wp-json\/wp\/v2\/categories?post=187400"},{"taxonomy":"post_tag","embeddable":true,"href":"https:\/\/www.webdo.tn\/fr\/wp-json\/wp\/v2\/tags?post=187400"}],"curies":[{"name":"wp","href":"https:\/\/api.w.org\/{rel}","templated":true}]}}