{"id":187258,"date":"2016-11-14T09:24:00","date_gmt":"2016-11-14T09:24:00","guid":{"rendered":"https:\/\/www.webdo.tn\/fr\/blog\/marsa-residences-diplomatiques-dar-ben-ayed-al-kamila-autres\/187258\/"},"modified":"2016-11-14T09:24:00","modified_gmt":"2016-11-14T09:24:00","slug":"marsa-residences-diplomatiques-dar-ben-ayed-al-kamila-autres","status":"publish","type":"post","link":"https:\/\/www.webdo.tn\/fr\/actualite\/chroniques\/marsa-residences-diplomatiques-dar-ben-ayed-al-kamila-autres\/187258\/","title":{"rendered":"La Marsa et ses r\u00e9sidences diplomatiques : Dar Ben Ayed, Al Kamila et les autres&#8230;"},"content":{"rendered":"<p>Il existe une tradition diplomatique qui, depuis le dix-neuvi\u00e8me si\u00e8cle, fait de la Marsa et ses alentours la r\u00e9sidence de plusieurs ambassadeurs.<br \/>\nBritanniques \u00e0 Borj Slassel puis Dar Ben Ayed<br \/>\nCette tradition remonte \u00e0 l&rsquo;installation de plusieurs r\u00e9sidences de diplomates \u00e0 La Marsa. Ainsi, c&rsquo;est en 1856 que les ambassadeurs du Royaume-Uni se sont install\u00e9s au Dar Ben Ayed. Cette demeure appartenait auparavant \u00e0 Mahmoud Ben Ayed qui poss\u00e9dait des pavillons et des demeures aussi bien \u00e0 la Marsa qu&rsquo;\u00e0 Gammarth.<\/p>\n<p>Avant de s&rsquo;installer \u00e0 Dar Ben Ayed, les consuls britanniques ont demeur\u00e9 au palais d&rsquo;Al Abdellia, \u00e9galement connu sous le nom de Borj Slassel. Ce dernier toponyme qui est encore en usage se r\u00e9f\u00e8re \u00e0 l&rsquo;\u00e9poque o\u00f9 ce palais \u00e9tait ferm\u00e9 par des chaines qui interdisaient l&rsquo;acc\u00e8s au parc.<br \/>\nDar el Kamila, maison de France<br \/>\nAutres diplomates tr\u00e8s t\u00f4t install\u00e9s \u00e0 la Marsa, les consuls fran\u00e7ais puis les ambassadeurs de France r\u00e9sident \u00e0 Dar el Kamila depuis 1856.<\/p>\n<p>A l&rsquo;origine, ce palais du dix-huiti\u00e8me si\u00e8cle \u00e9tait une r\u00e9sidence princi\u00e8re qui deviendra la r\u00e9sidence des consuls, r\u00e9sidents g\u00e9n\u00e9raux puis des ambassadeurs de France en Tunisie.<\/p>\n<p>Au dix-neuvi\u00e8me si\u00e8cle, ils ont \u00e9t\u00e9 nombreux les consuls qui se sont install\u00e9s en vill\u00e9giature \u00e0 la Marsa.<\/p>\n<p>Dans une \u00e9tude sur le sujet, Mohamed Aziz Ben Achour signale ainsi que les consuls de Naples, de Sardaigne et de Su\u00e8de ont v\u00e9cu \u00e0 la Marsa \u00e0 l&rsquo;instar de leurs homologues du Danemark, de Hollande et des Etats-Unis.<br \/>\nUne tradition ancienne, une tendance toujours actuelle&#8230;<br \/>\nC&rsquo;\u00e9tait au dix-neuvi\u00e8me si\u00e8cle mais la tendance se poursuit de nos jours. En effet, les ambassadeurs de France et du Royaume-Uni sont toujours dans leurs demeures respectives alors que plusieurs autres r\u00e9sidences sont aux alentours.<\/p>\n<p>Citons les r\u00e9sidences des ambassadeurs de Pologne ou encore du c\u00f4t\u00e9 de Gammarth, celles des ambassadeurs d&rsquo;Autriche, Espagne ou Arabie saoudite.<\/p>\n<p>Plus loin \u00e0 Carthage et Sidi Bou Said r\u00e9sident aussi de nombreux ambassadeurs parmi lesquels ceux des Etats-Unis dont la demeure date des ann\u00e9es 1960.<\/p>\n<p>Tradition ancienne, cette identit\u00e9 diplomatique de la Marsa et sa r\u00e9gion remonte au dix-neuvi\u00e8me si\u00e8cle et se maintient de nos jours&#8230;<br \/>\nH.B.<\/p>\n","protected":false},"excerpt":{"rendered":"<p>La Marsa et ses r\u00e9sidences diplomatiques : Dar Ben Ayed, Al Kamila et les autres&#8230;<\/p>\n","protected":false},"author":3229,"featured_media":326916,"comment_status":"open","ping_status":"closed","sticky":false,"template":"","format":"standard","meta":{"footnotes":""},"categories":[2596],"tags":[2600],"class_list":["post-187258","post","type-post","status-publish","format-standard","has-post-thumbnail","hentry","category-chroniques","tag-guerre"],"yoast_head":"<!-- This site is optimized with the Yoast SEO Premium plugin v27.4 (Yoast SEO v27.5) - https:\/\/yoast.com\/product\/yoast-seo-premium-wordpress\/ -->\n<title>La Marsa et ses r\u00e9sidences diplomatiques : Dar Ben Ayed, Al Kamila et les autres...<\/title>\n<meta name=\"description\" content=\"La Marsa et ses r\u00e9sidences diplomatiques : Dar Ben Ayed, Al Kamila et les autres...\" \/>\n<link rel=\"canonical\" href=\"https:\/\/www.webdo.tn\/fr\/actualite\/chroniques\/marsa-residences-diplomatiques-dar-ben-ayed-al-kamila-autres\/187258\/\" \/>\n<meta property=\"og:locale\" content=\"fr_FR\" \/>\n<meta property=\"og:type\" content=\"article\" \/>\n<meta property=\"og:title\" content=\"La Marsa et ses r\u00e9sidences diplomatiques : Dar Ben Ayed, Al Kamila et les autres...\" \/>\n<meta property=\"og:description\" content=\"La Marsa et ses r\u00e9sidences diplomatiques : Dar Ben Ayed, Al Kamila et les autres...\" \/>\n<meta property=\"og:url\" content=\"https:\/\/www.webdo.tn\/fr\/actualite\/chroniques\/marsa-residences-diplomatiques-dar-ben-ayed-al-kamila-autres\/187258\/\" \/>\n<meta property=\"og:site_name\" content=\"webdo\" \/>\n<meta property=\"article:publisher\" content=\"https:\/\/www.facebook.com\/webdotn\" \/>\n<meta property=\"article:author\" content=\"https:\/\/www.facebook.com\/hatem.bourial.2025\" \/>\n<meta property=\"article:published_time\" content=\"2016-11-14T09:24:00+00:00\" \/>\n<meta property=\"og:image\" content=\"https:\/\/www.webdo.tn\/fr\/wp-content\/uploads\/2016\/11\/dar-el-kamila.jpg\" \/>\n\t<meta property=\"og:image:width\" content=\"900\" \/>\n\t<meta property=\"og:image:height\" content=\"675\" \/>\n\t<meta property=\"og:image:type\" content=\"image\/jpeg\" \/>\n<meta name=\"author\" content=\"Hatem Bourial\" \/>\n<meta name=\"twitter:card\" content=\"summary_large_image\" \/>\n<meta name=\"twitter:creator\" content=\"@webdo_tn\" \/>\n<meta name=\"twitter:site\" content=\"@webdo_tn\" \/>\n<meta name=\"twitter:label1\" content=\"\u00c9crit par\" \/>\n\t<meta name=\"twitter:data1\" content=\"Hatem Bourial\" \/>\n\t<meta name=\"twitter:label2\" content=\"Dur\u00e9e de lecture estim\u00e9e\" \/>\n\t<meta name=\"twitter:data2\" content=\"2 minutes\" \/>\n<script type=\"application\/ld+json\" class=\"yoast-schema-graph\">{\"@context\":\"https:\\\/\\\/schema.org\",\"@graph\":[{\"@type\":\"NewsArticle\",\"@id\":\"https:\\\/\\\/www.webdo.tn\\\/fr\\\/actualite\\\/chroniques\\\/marsa-residences-diplomatiques-dar-ben-ayed-al-kamila-autres\\\/187258\\\/#article\",\"isPartOf\":{\"@id\":\"https:\\\/\\\/www.webdo.tn\\\/fr\\\/actualite\\\/chroniques\\\/marsa-residences-diplomatiques-dar-ben-ayed-al-kamila-autres\\\/187258\\\/\"},\"author\":{\"name\":\"Hatem Bourial\",\"@id\":\"https:\\\/\\\/www.webdo.tn\\\/fr\\\/#\\\/schema\\\/person\\\/6bc0beba2cd23aec27cb5df85ca2554f\"},\"headline\":\"La Marsa et ses r\u00e9sidences diplomatiques : Dar Ben Ayed, Al Kamila et les autres&#8230;\",\"datePublished\":\"2016-11-14T09:24:00+00:00\",\"mainEntityOfPage\":{\"@id\":\"https:\\\/\\\/www.webdo.tn\\\/fr\\\/actualite\\\/chroniques\\\/marsa-residences-diplomatiques-dar-ben-ayed-al-kamila-autres\\\/187258\\\/\"},\"wordCount\":400,\"commentCount\":0,\"publisher\":{\"@id\":\"https:\\\/\\\/www.webdo.tn\\\/fr\\\/#organization\"},\"image\":{\"@id\":\"https:\\\/\\\/www.webdo.tn\\\/fr\\\/actualite\\\/chroniques\\\/marsa-residences-diplomatiques-dar-ben-ayed-al-kamila-autres\\\/187258\\\/#primaryimage\"},\"thumbnailUrl\":\"https:\\\/\\\/www.webdo.tn\\\/fr\\\/wp-content\\\/uploads\\\/2016\\\/11\\\/dar-el-kamila.jpg\",\"keywords\":[\"guerre\"],\"articleSection\":[\"Chroniques\"],\"inLanguage\":\"fr-FR\"},{\"@type\":\"WebPage\",\"@id\":\"https:\\\/\\\/www.webdo.tn\\\/fr\\\/actualite\\\/chroniques\\\/marsa-residences-diplomatiques-dar-ben-ayed-al-kamila-autres\\\/187258\\\/\",\"url\":\"https:\\\/\\\/www.webdo.tn\\\/fr\\\/actualite\\\/chroniques\\\/marsa-residences-diplomatiques-dar-ben-ayed-al-kamila-autres\\\/187258\\\/\",\"name\":\"La Marsa et ses r\u00e9sidences diplomatiques : Dar Ben Ayed, Al Kamila et les autres...\",\"isPartOf\":{\"@id\":\"https:\\\/\\\/www.webdo.tn\\\/fr\\\/#website\"},\"primaryImageOfPage\":{\"@id\":\"https:\\\/\\\/www.webdo.tn\\\/fr\\\/actualite\\\/chroniques\\\/marsa-residences-diplomatiques-dar-ben-ayed-al-kamila-autres\\\/187258\\\/#primaryimage\"},\"image\":{\"@id\":\"https:\\\/\\\/www.webdo.tn\\\/fr\\\/actualite\\\/chroniques\\\/marsa-residences-diplomatiques-dar-ben-ayed-al-kamila-autres\\\/187258\\\/#primaryimage\"},\"thumbnailUrl\":\"https:\\\/\\\/www.webdo.tn\\\/fr\\\/wp-content\\\/uploads\\\/2016\\\/11\\\/dar-el-kamila.jpg\",\"datePublished\":\"2016-11-14T09:24:00+00:00\",\"description\":\"La Marsa et ses r\u00e9sidences diplomatiques : Dar Ben Ayed, Al Kamila et les autres...\",\"breadcrumb\":{\"@id\":\"https:\\\/\\\/www.webdo.tn\\\/fr\\\/actualite\\\/chroniques\\\/marsa-residences-diplomatiques-dar-ben-ayed-al-kamila-autres\\\/187258\\\/#breadcrumb\"},\"inLanguage\":\"fr-FR\",\"potentialAction\":[{\"@type\":\"ReadAction\",\"target\":[\"https:\\\/\\\/www.webdo.tn\\\/fr\\\/actualite\\\/chroniques\\\/marsa-residences-diplomatiques-dar-ben-ayed-al-kamila-autres\\\/187258\\\/\"]}]},{\"@type\":\"ImageObject\",\"inLanguage\":\"fr-FR\",\"@id\":\"https:\\\/\\\/www.webdo.tn\\\/fr\\\/actualite\\\/chroniques\\\/marsa-residences-diplomatiques-dar-ben-ayed-al-kamila-autres\\\/187258\\\/#primaryimage\",\"url\":\"https:\\\/\\\/www.webdo.tn\\\/fr\\\/wp-content\\\/uploads\\\/2016\\\/11\\\/dar-el-kamila.jpg\",\"contentUrl\":\"https:\\\/\\\/www.webdo.tn\\\/fr\\\/wp-content\\\/uploads\\\/2016\\\/11\\\/dar-el-kamila.jpg\",\"width\":900,\"height\":675,\"caption\":\"La Marsa et ses r\u00e9sidences diplomatiques : Dar Ben Ayed, Al Kamila et les autres...\"},{\"@type\":\"BreadcrumbList\",\"@id\":\"https:\\\/\\\/www.webdo.tn\\\/fr\\\/actualite\\\/chroniques\\\/marsa-residences-diplomatiques-dar-ben-ayed-al-kamila-autres\\\/187258\\\/#breadcrumb\",\"itemListElement\":[{\"@type\":\"ListItem\",\"position\":1,\"name\":\"Accueil\",\"item\":\"https:\\\/\\\/www.webdo.tn\\\/fr\\\/\"},{\"@type\":\"ListItem\",\"position\":2,\"name\":\"La Marsa et ses r\u00e9sidences diplomatiques : Dar Ben Ayed, Al Kamila et les autres&#8230;\"}]},{\"@type\":\"WebSite\",\"@id\":\"https:\\\/\\\/www.webdo.tn\\\/fr\\\/#website\",\"url\":\"https:\\\/\\\/www.webdo.tn\\\/fr\\\/\",\"name\":\"webdo\",\"description\":\"Tunisie - News en Tunisie et \u00e0 l&#039;international sur Webdo.tn\",\"publisher\":{\"@id\":\"https:\\\/\\\/www.webdo.tn\\\/fr\\\/#organization\"},\"potentialAction\":[{\"@type\":\"SearchAction\",\"target\":{\"@type\":\"EntryPoint\",\"urlTemplate\":\"https:\\\/\\\/www.webdo.tn\\\/fr\\\/?s={search_term_string}\"},\"query-input\":{\"@type\":\"PropertyValueSpecification\",\"valueRequired\":true,\"valueName\":\"search_term_string\"}}],\"inLanguage\":\"fr-FR\"},{\"@type\":\"Organization\",\"@id\":\"https:\\\/\\\/www.webdo.tn\\\/fr\\\/#organization\",\"name\":\"Webdo\",\"alternateName\":\"Webdo.tn\",\"url\":\"https:\\\/\\\/www.webdo.tn\\\/fr\\\/\",\"logo\":{\"@type\":\"ImageObject\",\"inLanguage\":\"fr-FR\",\"@id\":\"https:\\\/\\\/www.webdo.tn\\\/fr\\\/#\\\/schema\\\/logo\\\/image\\\/\",\"url\":\"https:\\\/\\\/www.webdo.tn\\\/fr\\\/wp-content\\\/uploads\\\/2025\\\/06\\\/Webdo-Tunisie_168377.jpg\",\"contentUrl\":\"https:\\\/\\\/www.webdo.tn\\\/fr\\\/wp-content\\\/uploads\\\/2025\\\/06\\\/Webdo-Tunisie_168377.jpg\",\"width\":301,\"height\":301,\"caption\":\"Webdo\"},\"image\":{\"@id\":\"https:\\\/\\\/www.webdo.tn\\\/fr\\\/#\\\/schema\\\/logo\\\/image\\\/\"},\"sameAs\":[\"https:\\\/\\\/www.facebook.com\\\/webdotn\",\"https:\\\/\\\/x.com\\\/webdo_tn\"],\"description\":\"Webdo est un m\u00e9dia num\u00e9rique tunisien fond\u00e9 en 2010, sp\u00e9cialis\u00e9 dans l\u2019actualit\u00e9 nationale et internationale, l\u2019\u00e9conomie, la soci\u00e9t\u00e9 et les analyses politiques. Le site s\u2019adresse \u00e0 un large public francophone et couvre l\u2019information tunisienne en temps r\u00e9el.\",\"email\":\"redac@webdo.tn\",\"legalName\":\"YNJ SARL\",\"foundingDate\":\"2010-09-06\",\"numberOfEmployees\":{\"@type\":\"QuantitativeValue\",\"minValue\":\"11\",\"maxValue\":\"50\"}},{\"@type\":\"Person\",\"@id\":\"https:\\\/\\\/www.webdo.tn\\\/fr\\\/#\\\/schema\\\/person\\\/6bc0beba2cd23aec27cb5df85ca2554f\",\"name\":\"Hatem Bourial\",\"image\":{\"@type\":\"ImageObject\",\"inLanguage\":\"fr-FR\",\"@id\":\"https:\\\/\\\/www.webdo.tn\\\/fr\\\/wp-content\\\/uploads\\\/2026\\\/04\\\/hatem-bourial_avatar-96x96.jpg\",\"url\":\"https:\\\/\\\/www.webdo.tn\\\/fr\\\/wp-content\\\/uploads\\\/2026\\\/04\\\/hatem-bourial_avatar-96x96.jpg\",\"contentUrl\":\"https:\\\/\\\/www.webdo.tn\\\/fr\\\/wp-content\\\/uploads\\\/2026\\\/04\\\/hatem-bourial_avatar-96x96.jpg\",\"caption\":\"Hatem Bourial\"},\"description\":\"Hatem Bourial est journaliste, \u00e9crivain et chroniqueur tunisien. Actif depuis plusieurs d\u00e9cennies, il s\u2019est impos\u00e9 comme un observateur attentif de la soci\u00e9t\u00e9 tunisienne, m\u00ealant dans ses \u00e9crits m\u00e9moire, culture et analyse du quotidien. Auteur de nombreux ouvrages, il d\u00e9veloppe une \u0153uvre \u00e0 la crois\u00e9e du r\u00e9cit, de la po\u00e9sie et de l\u2019observation sociologique. Parall\u00e8lement \u00e0 ses contributions dans la presse, il intervient r\u00e9guli\u00e8rement \u00e0 la radio et dans des espaces culturels, o\u00f9 il explore les enjeux li\u00e9s au patrimoine, \u00e0 l\u2019identit\u00e9 et aux transformations du monde contemporain. \u00c0 travers ses chroniques, Hatem Bourial propose une lecture sensible et approfondie de l\u2019actualit\u00e9, nourrie par une exp\u00e9rience journalistique et litt\u00e9raire reconnue. \ud83d\udd17 Facebook : https:\\\/\\\/www.facebook.com\\\/hatem.bourial.2025\",\"sameAs\":[\"https:\\\/\\\/www.facebook.com\\\/hatem.bourial.2025\",\"https:\\\/\\\/fr.wikipedia.org\\\/wiki\\\/Fichier:Hatem_Bourial.jpg\"],\"knowsAbout\":[\"Culture & patrimoine tunisien\",\"Chronique soci\u00e9tale\",\"Litt\u00e9rature & m\u00e9moire\",\"Cin\u00e9ma & critique culturelle\",\"Identit\u00e9 & mutations sociales\"],\"knowsLanguage\":[\"Arabe\",\"Fran\u00e7ais\",\"Anglais\",\"Italien\",\"Polonais\"],\"jobTitle\":\"Journaliste, \u00e9crivain et chroniqueur culturel\",\"worksFor\":\"Webdo\",\"url\":\"https:\\\/\\\/www.webdo.tn\\\/fr\\\/actualite\\\/author\\\/hatem-bourial-2\\\/\"}]}<\/script>\n<!-- \/ Yoast SEO Premium plugin. -->","yoast_head_json":{"title":"La Marsa et ses r\u00e9sidences diplomatiques : Dar Ben Ayed, Al Kamila et les autres...","description":"La Marsa et ses r\u00e9sidences diplomatiques : Dar Ben Ayed, Al Kamila et les autres...","canonical":"https:\/\/www.webdo.tn\/fr\/actualite\/chroniques\/marsa-residences-diplomatiques-dar-ben-ayed-al-kamila-autres\/187258\/","og_locale":"fr_FR","og_type":"article","og_title":"La Marsa et ses r\u00e9sidences diplomatiques : Dar Ben Ayed, Al Kamila et les autres...","og_description":"La Marsa et ses r\u00e9sidences diplomatiques : Dar Ben Ayed, Al Kamila et les autres...","og_url":"https:\/\/www.webdo.tn\/fr\/actualite\/chroniques\/marsa-residences-diplomatiques-dar-ben-ayed-al-kamila-autres\/187258\/","og_site_name":"webdo","article_publisher":"https:\/\/www.facebook.com\/webdotn","article_author":"https:\/\/www.facebook.com\/hatem.bourial.2025","article_published_time":"2016-11-14T09:24:00+00:00","og_image":[{"width":900,"height":675,"url":"https:\/\/www.webdo.tn\/fr\/wp-content\/uploads\/2016\/11\/dar-el-kamila.jpg","type":"image\/jpeg"}],"author":"Hatem Bourial","twitter_card":"summary_large_image","twitter_creator":"@webdo_tn","twitter_site":"@webdo_tn","twitter_misc":{"\u00c9crit par":"Hatem Bourial","Dur\u00e9e de lecture estim\u00e9e":"2 minutes"},"schema":{"@context":"https:\/\/schema.org","@graph":[{"@type":"NewsArticle","@id":"https:\/\/www.webdo.tn\/fr\/actualite\/chroniques\/marsa-residences-diplomatiques-dar-ben-ayed-al-kamila-autres\/187258\/#article","isPartOf":{"@id":"https:\/\/www.webdo.tn\/fr\/actualite\/chroniques\/marsa-residences-diplomatiques-dar-ben-ayed-al-kamila-autres\/187258\/"},"author":{"name":"Hatem Bourial","@id":"https:\/\/www.webdo.tn\/fr\/#\/schema\/person\/6bc0beba2cd23aec27cb5df85ca2554f"},"headline":"La Marsa et ses r\u00e9sidences diplomatiques : Dar Ben Ayed, Al Kamila et les autres&#8230;","datePublished":"2016-11-14T09:24:00+00:00","mainEntityOfPage":{"@id":"https:\/\/www.webdo.tn\/fr\/actualite\/chroniques\/marsa-residences-diplomatiques-dar-ben-ayed-al-kamila-autres\/187258\/"},"wordCount":400,"commentCount":0,"publisher":{"@id":"https:\/\/www.webdo.tn\/fr\/#organization"},"image":{"@id":"https:\/\/www.webdo.tn\/fr\/actualite\/chroniques\/marsa-residences-diplomatiques-dar-ben-ayed-al-kamila-autres\/187258\/#primaryimage"},"thumbnailUrl":"https:\/\/www.webdo.tn\/fr\/wp-content\/uploads\/2016\/11\/dar-el-kamila.jpg","keywords":["guerre"],"articleSection":["Chroniques"],"inLanguage":"fr-FR"},{"@type":"WebPage","@id":"https:\/\/www.webdo.tn\/fr\/actualite\/chroniques\/marsa-residences-diplomatiques-dar-ben-ayed-al-kamila-autres\/187258\/","url":"https:\/\/www.webdo.tn\/fr\/actualite\/chroniques\/marsa-residences-diplomatiques-dar-ben-ayed-al-kamila-autres\/187258\/","name":"La Marsa et ses r\u00e9sidences diplomatiques : Dar Ben Ayed, Al Kamila et les autres...","isPartOf":{"@id":"https:\/\/www.webdo.tn\/fr\/#website"},"primaryImageOfPage":{"@id":"https:\/\/www.webdo.tn\/fr\/actualite\/chroniques\/marsa-residences-diplomatiques-dar-ben-ayed-al-kamila-autres\/187258\/#primaryimage"},"image":{"@id":"https:\/\/www.webdo.tn\/fr\/actualite\/chroniques\/marsa-residences-diplomatiques-dar-ben-ayed-al-kamila-autres\/187258\/#primaryimage"},"thumbnailUrl":"https:\/\/www.webdo.tn\/fr\/wp-content\/uploads\/2016\/11\/dar-el-kamila.jpg","datePublished":"2016-11-14T09:24:00+00:00","description":"La Marsa et ses r\u00e9sidences diplomatiques : Dar Ben Ayed, Al Kamila et les autres...","breadcrumb":{"@id":"https:\/\/www.webdo.tn\/fr\/actualite\/chroniques\/marsa-residences-diplomatiques-dar-ben-ayed-al-kamila-autres\/187258\/#breadcrumb"},"inLanguage":"fr-FR","potentialAction":[{"@type":"ReadAction","target":["https:\/\/www.webdo.tn\/fr\/actualite\/chroniques\/marsa-residences-diplomatiques-dar-ben-ayed-al-kamila-autres\/187258\/"]}]},{"@type":"ImageObject","inLanguage":"fr-FR","@id":"https:\/\/www.webdo.tn\/fr\/actualite\/chroniques\/marsa-residences-diplomatiques-dar-ben-ayed-al-kamila-autres\/187258\/#primaryimage","url":"https:\/\/www.webdo.tn\/fr\/wp-content\/uploads\/2016\/11\/dar-el-kamila.jpg","contentUrl":"https:\/\/www.webdo.tn\/fr\/wp-content\/uploads\/2016\/11\/dar-el-kamila.jpg","width":900,"height":675,"caption":"La Marsa et ses r\u00e9sidences diplomatiques : Dar Ben Ayed, Al Kamila et les autres..."},{"@type":"BreadcrumbList","@id":"https:\/\/www.webdo.tn\/fr\/actualite\/chroniques\/marsa-residences-diplomatiques-dar-ben-ayed-al-kamila-autres\/187258\/#breadcrumb","itemListElement":[{"@type":"ListItem","position":1,"name":"Accueil","item":"https:\/\/www.webdo.tn\/fr\/"},{"@type":"ListItem","position":2,"name":"La Marsa et ses r\u00e9sidences diplomatiques : Dar Ben Ayed, Al Kamila et les autres&#8230;"}]},{"@type":"WebSite","@id":"https:\/\/www.webdo.tn\/fr\/#website","url":"https:\/\/www.webdo.tn\/fr\/","name":"webdo","description":"Tunisie - News en Tunisie et \u00e0 l&#039;international sur Webdo.tn","publisher":{"@id":"https:\/\/www.webdo.tn\/fr\/#organization"},"potentialAction":[{"@type":"SearchAction","target":{"@type":"EntryPoint","urlTemplate":"https:\/\/www.webdo.tn\/fr\/?s={search_term_string}"},"query-input":{"@type":"PropertyValueSpecification","valueRequired":true,"valueName":"search_term_string"}}],"inLanguage":"fr-FR"},{"@type":"Organization","@id":"https:\/\/www.webdo.tn\/fr\/#organization","name":"Webdo","alternateName":"Webdo.tn","url":"https:\/\/www.webdo.tn\/fr\/","logo":{"@type":"ImageObject","inLanguage":"fr-FR","@id":"https:\/\/www.webdo.tn\/fr\/#\/schema\/logo\/image\/","url":"https:\/\/www.webdo.tn\/fr\/wp-content\/uploads\/2025\/06\/Webdo-Tunisie_168377.jpg","contentUrl":"https:\/\/www.webdo.tn\/fr\/wp-content\/uploads\/2025\/06\/Webdo-Tunisie_168377.jpg","width":301,"height":301,"caption":"Webdo"},"image":{"@id":"https:\/\/www.webdo.tn\/fr\/#\/schema\/logo\/image\/"},"sameAs":["https:\/\/www.facebook.com\/webdotn","https:\/\/x.com\/webdo_tn"],"description":"Webdo est un m\u00e9dia num\u00e9rique tunisien fond\u00e9 en 2010, sp\u00e9cialis\u00e9 dans l\u2019actualit\u00e9 nationale et internationale, l\u2019\u00e9conomie, la soci\u00e9t\u00e9 et les analyses politiques. Le site s\u2019adresse \u00e0 un large public francophone et couvre l\u2019information tunisienne en temps r\u00e9el.","email":"redac@webdo.tn","legalName":"YNJ SARL","foundingDate":"2010-09-06","numberOfEmployees":{"@type":"QuantitativeValue","minValue":"11","maxValue":"50"}},{"@type":"Person","@id":"https:\/\/www.webdo.tn\/fr\/#\/schema\/person\/6bc0beba2cd23aec27cb5df85ca2554f","name":"Hatem Bourial","image":{"@type":"ImageObject","inLanguage":"fr-FR","@id":"https:\/\/www.webdo.tn\/fr\/wp-content\/uploads\/2026\/04\/hatem-bourial_avatar-96x96.jpg","url":"https:\/\/www.webdo.tn\/fr\/wp-content\/uploads\/2026\/04\/hatem-bourial_avatar-96x96.jpg","contentUrl":"https:\/\/www.webdo.tn\/fr\/wp-content\/uploads\/2026\/04\/hatem-bourial_avatar-96x96.jpg","caption":"Hatem Bourial"},"description":"Hatem Bourial est journaliste, \u00e9crivain et chroniqueur tunisien. Actif depuis plusieurs d\u00e9cennies, il s\u2019est impos\u00e9 comme un observateur attentif de la soci\u00e9t\u00e9 tunisienne, m\u00ealant dans ses \u00e9crits m\u00e9moire, culture et analyse du quotidien. Auteur de nombreux ouvrages, il d\u00e9veloppe une \u0153uvre \u00e0 la crois\u00e9e du r\u00e9cit, de la po\u00e9sie et de l\u2019observation sociologique. Parall\u00e8lement \u00e0 ses contributions dans la presse, il intervient r\u00e9guli\u00e8rement \u00e0 la radio et dans des espaces culturels, o\u00f9 il explore les enjeux li\u00e9s au patrimoine, \u00e0 l\u2019identit\u00e9 et aux transformations du monde contemporain. \u00c0 travers ses chroniques, Hatem Bourial propose une lecture sensible et approfondie de l\u2019actualit\u00e9, nourrie par une exp\u00e9rience journalistique et litt\u00e9raire reconnue. \ud83d\udd17 Facebook : https:\/\/www.facebook.com\/hatem.bourial.2025","sameAs":["https:\/\/www.facebook.com\/hatem.bourial.2025","https:\/\/fr.wikipedia.org\/wiki\/Fichier:Hatem_Bourial.jpg"],"knowsAbout":["Culture & patrimoine tunisien","Chronique soci\u00e9tale","Litt\u00e9rature & m\u00e9moire","Cin\u00e9ma & critique culturelle","Identit\u00e9 & mutations sociales"],"knowsLanguage":["Arabe","Fran\u00e7ais","Anglais","Italien","Polonais"],"jobTitle":"Journaliste, \u00e9crivain et chroniqueur culturel","worksFor":"Webdo","url":"https:\/\/www.webdo.tn\/fr\/actualite\/author\/hatem-bourial-2\/"}]}},"_links":{"self":[{"href":"https:\/\/www.webdo.tn\/fr\/wp-json\/wp\/v2\/posts\/187258","targetHints":{"allow":["GET"]}}],"collection":[{"href":"https:\/\/www.webdo.tn\/fr\/wp-json\/wp\/v2\/posts"}],"about":[{"href":"https:\/\/www.webdo.tn\/fr\/wp-json\/wp\/v2\/types\/post"}],"author":[{"embeddable":true,"href":"https:\/\/www.webdo.tn\/fr\/wp-json\/wp\/v2\/users\/3229"}],"replies":[{"embeddable":true,"href":"https:\/\/www.webdo.tn\/fr\/wp-json\/wp\/v2\/comments?post=187258"}],"version-history":[{"count":0,"href":"https:\/\/www.webdo.tn\/fr\/wp-json\/wp\/v2\/posts\/187258\/revisions"}],"wp:featuredmedia":[{"embeddable":true,"href":"https:\/\/www.webdo.tn\/fr\/wp-json\/wp\/v2\/media\/326916"}],"wp:attachment":[{"href":"https:\/\/www.webdo.tn\/fr\/wp-json\/wp\/v2\/media?parent=187258"}],"wp:term":[{"taxonomy":"category","embeddable":true,"href":"https:\/\/www.webdo.tn\/fr\/wp-json\/wp\/v2\/categories?post=187258"},{"taxonomy":"post_tag","embeddable":true,"href":"https:\/\/www.webdo.tn\/fr\/wp-json\/wp\/v2\/tags?post=187258"}],"curies":[{"name":"wp","href":"https:\/\/api.w.org\/{rel}","templated":true}]}}