{"id":187214,"date":"2016-10-03T00:01:00","date_gmt":"2016-10-03T00:01:00","guid":{"rendered":"https:\/\/www.webdo.tn\/fr\/blog\/aux-origines-relations-diplomatiques-tuniso-allemandes\/187214\/"},"modified":"2025-05-19T09:03:23","modified_gmt":"2025-05-19T09:03:23","slug":"aux-origines-relations-diplomatiques-tuniso-allemandes","status":"publish","type":"post","link":"https:\/\/www.webdo.tn\/fr\/actualite\/chroniques\/aux-origines-relations-diplomatiques-tuniso-allemandes\/187214\/","title":{"rendered":"Aux origines des relations diplomatiques tuniso-allemandes"},"content":{"rendered":"<p>Alors que l&rsquo;Allemagne c\u00e9l\u00e8bre sa f\u00eate nationale, il serait utile de jeter un regard r\u00e9trospectif et tenter de remonter le fil des premi\u00e8res relations politiques et diplomatiques de cette puissance europ\u00e9enne avec la Tunisie.<br \/>\nLes Tulin, la Prusse et les premiers trait\u00e9s<br \/>\nPour retrouver les toutes premi\u00e8res traces des relations diplomatiques entre l&rsquo;Allemagne et la Tunisie, il faut remonter jusqu&rsquo;\u00e0 l&rsquo;an 1834 lorsque la Prusse s&rsquo;\u00e9tait fait repr\u00e9senter \u00e0 Tunis par les Tulin, des n\u00e9gociants su\u00e9dois install\u00e9s dans la R\u00e9gence depuis le milieu du dix-huiti\u00e8me si\u00e8cle.<\/p>\n<p>Gustave-Adolphe puis son fils Charles Tulin \u00e9taient par ailleurs les consuls \u00e0 Tunis du Royaume Uni ainsi que de la Su\u00e8de et de la Norv\u00e8ge.<br \/>\nKheireddine en Prusse<br \/>\nIl faudra ensuite attendre 1866 pour voir la conclusion d&rsquo;un trait\u00e9 d&rsquo;\u00e9tablissement entre la Prusse et la Tunisie. Ce trait\u00e9 faisait suite \u00e0 une visite du ministre Kheireddine en Prusse durant l&rsquo;\u00e9t\u00e9 1864 et avait pour but lointain de faciliter le commerce et la navigation.<\/p>\n<p>Ce trait\u00e9 d&rsquo;\u00e9tablissement avait \u00e9t\u00e9 sign\u00e9 le 27 juin 1866 et ratifi\u00e9 par la Prusse et le Bey de Tunis. Il ouvrait la voie \u00e0 la n\u00e9gociation d&rsquo;un trait\u00e9 de commerce et aussi \u00e0 l&rsquo;extension des relations avec les autres Etats de la Conf\u00e9d\u00e9ration allemande. C&rsquo;est Charles Tulin qui signa ce document scell\u00e9 par Sadok Bey.<\/p>\n<p>Ensuite, ce sera, le 18 janvier 1871, l&rsquo;\u00e9tablissement du Consulat de la Conf\u00e9d\u00e9ration de l&rsquo;Allemagne du nord \u00e0 Tunis. Pour la premi\u00e8re fois, le drapeau allemand flottait en Tunisie au-dessus du consulat g\u00e9n\u00e9ral de la conf\u00e9d\u00e9ration, avec Charles Tulin comme consul g\u00e9n\u00e9ral. En effet, Berlin l&rsquo;avait confirm\u00e9 dans ses fonctions par une lettre patente du Roi de Prusse, pr\u00e9sident de la Conf\u00e9d\u00e9ration de l&rsquo;Allemagne du nord.<br \/>\nLa c\u00e9r\u00e9monie inaugurale vue par Tulin<br \/>\nLes archives consulaires allemandes ont gard\u00e9 la trace du faste de la c\u00e9r\u00e9monie d&rsquo;inauguration gr\u00e2ce \u00e0 une correspondance de Tulin \u00e0 Bismarck.<\/p>\n<p>Tulin y d\u00e9crit la journ\u00e9e en termes parfois lyriques: \u00ab\u00a0A dix heures pr\u00e9cises et par un temps splendide, le grand et glorieux pavillon f\u00e9d\u00e9ral monta solennellement et se d\u00e9ploya aux yeux de la population. A l&rsquo;instant m\u00eame, la musique militaire se fit entendre, l&rsquo;artillerie salua de 21 coups de canon et les pavillons de tous les forts et consulats \u00e9trangers furent hiss\u00e9s simultan\u00e9ment\u00a0\u00bb.<br \/>\nUne journ\u00e9e de liesse<br \/>\nTulin poursuit son compte-rendu en soulignant que \u00ab\u00a0sur ordre du Bey, une garde d&rsquo;honneur de 200 soldats prit place d\u00e8s le matin, \u00e0 l&rsquo;entr\u00e9e du consulat et le long de ses murs. La place sur laquelle est situ\u00e9 le consulat et toutes les rues qui y d\u00e9bouchent regorgeaient de gens de toutes classes\u00a0\u00bb.<\/p>\n<p>Pour cette c\u00e9r\u00e9monie, Tulin portait l&rsquo;uniforme de Consul g\u00e9n\u00e9ral de la Conf\u00e9d\u00e9ration d&rsquo;Allemagne et \u00e9tait entour\u00e9 de plusieurs dignitaires parmi lesquels Mustapha Khaznadar qui repr\u00e9sentait le souverain tunisien aux c\u00f4t\u00e9s du g\u00e9n\u00e9ral Kheireddine et plusieurs autres ministres et membres de l\u2019\u00c9tat-major ainsi que les gouverneurs des r\u00e9gions. En tout, selon le d\u00e9compte de Tulin, il y avait 200 personnes en uniforme de gala.<br \/>\nHasard de l&rsquo;histoire ou geste politique ?<br \/>\nSoulignant les \u00ab\u00a0vives sympathies\u00a0\u00bb de la population pour l&rsquo;Allemagne, Tulin conclut sa correspondance en mettant en exergue les \u00ab\u00a0marques ostensibles d&rsquo;un grand contentement\u00a0\u00bb parmi la population et en transmettant les salutations d&rsquo;usage.<\/p>\n<p>Hasard de l&rsquo;histoire ou geste politique, l&rsquo;inauguration avait lieu le 18 janvier 1871, jour anniversaire de la fondation du Royaume de Prusse et jour m\u00e9morable durant lequel le Roi de Prusse avait \u00e9t\u00e9 proclam\u00e9 empereur d&rsquo;Allemagne.<br \/>\nTulin, Consul g\u00e9n\u00e9ral de l&rsquo;Empire allemand<br \/>\nTelle fut donc la journ\u00e9e au cours de laquelle le pavillon allemand fut hiss\u00e9 pour la premi\u00e8re fois en Tunisie. Quelques mois plus tard, le 24 juin 1871, le consulat sera \u00e9lev\u00e9 au rang de consulat g\u00e9n\u00e9ral de l&rsquo;Empire et Charles Tulin deviendra alors Consul g\u00e9n\u00e9ral de l&rsquo;Empire en vertu d&rsquo;une nouvelle lettre patente adress\u00e9e au Bey de Tunis par le Chancelier de l&rsquo;Empire.<\/p>\n<p>Tels furent les premiers pas des relations diplomatiques tuniso-allemandes qui seront confirm\u00e9es apr\u00e8s l&rsquo;ind\u00e9pendance de la Tunisie et connaissent de nos jours un d\u00e9veloppement remarquable.<\/p>\n<p>En ce jour o\u00f9 l&rsquo;Allemagne c\u00e9l\u00e8bre son unit\u00e9, cette page d&rsquo;histoire m\u00e9ritait d&rsquo;\u00eatre racont\u00e9e&#8230;<br \/>\nH.B.<\/p>\n","protected":false},"excerpt":{"rendered":"<p>Aux origines des relations diplomatiques tuniso-allemandes<\/p>\n","protected":false},"author":3229,"featured_media":312807,"comment_status":"open","ping_status":"closed","sticky":false,"template":"","format":"standard","meta":{"footnotes":""},"categories":[2596],"tags":[2600],"class_list":["post-187214","post","type-post","status-publish","format-standard","has-post-thumbnail","hentry","category-chroniques","tag-guerre"],"yoast_head":"<!-- This site is optimized with the Yoast SEO Premium plugin v27.5 (Yoast SEO v27.5) - https:\/\/yoast.com\/product\/yoast-seo-premium-wordpress\/ -->\n<title>Aux origines des relations diplomatiques tuniso-allemandes<\/title>\n<meta name=\"description\" content=\"Aux origines des relations diplomatiques tuniso-allemandes\" \/>\n<link rel=\"canonical\" href=\"https:\/\/www.webdo.tn\/fr\/actualite\/chroniques\/aux-origines-relations-diplomatiques-tuniso-allemandes\/187214\/\" \/>\n<meta property=\"og:locale\" content=\"fr_FR\" \/>\n<meta property=\"og:type\" content=\"article\" \/>\n<meta property=\"og:title\" content=\"Aux origines des relations diplomatiques tuniso-allemandes\" \/>\n<meta property=\"og:description\" content=\"Aux origines des relations diplomatiques tuniso-allemandes\" \/>\n<meta property=\"og:url\" content=\"https:\/\/www.webdo.tn\/fr\/actualite\/chroniques\/aux-origines-relations-diplomatiques-tuniso-allemandes\/187214\/\" \/>\n<meta property=\"og:site_name\" content=\"webdo\" \/>\n<meta property=\"article:publisher\" content=\"https:\/\/www.facebook.com\/webdotn\" \/>\n<meta property=\"article:author\" content=\"https:\/\/www.facebook.com\/hatem.bourial.2025\" \/>\n<meta property=\"article:published_time\" content=\"2016-10-03T00:01:00+00:00\" \/>\n<meta property=\"article:modified_time\" content=\"2025-05-19T09:03:23+00:00\" \/>\n<meta property=\"og:image\" content=\"https:\/\/www.webdo.tn\/fr\/wp-content\/uploads\/2016\/10\/Tunisie-Allemagne-300x171-1.jpg\" \/>\n\t<meta property=\"og:image:width\" content=\"300\" \/>\n\t<meta property=\"og:image:height\" content=\"171\" \/>\n\t<meta property=\"og:image:type\" content=\"image\/jpeg\" \/>\n<meta name=\"author\" content=\"Hatem Bourial\" \/>\n<meta name=\"twitter:card\" content=\"summary_large_image\" \/>\n<meta name=\"twitter:creator\" content=\"@webdo_tn\" \/>\n<meta name=\"twitter:site\" content=\"@webdo_tn\" \/>\n<meta name=\"twitter:label1\" content=\"\u00c9crit par\" \/>\n\t<meta name=\"twitter:data1\" content=\"Hatem Bourial\" \/>\n\t<meta name=\"twitter:label2\" content=\"Dur\u00e9e de lecture estim\u00e9e\" \/>\n\t<meta name=\"twitter:data2\" content=\"4 minutes\" \/>\n<script type=\"application\/ld+json\" class=\"yoast-schema-graph\">{\"@context\":\"https:\\\/\\\/schema.org\",\"@graph\":[{\"@type\":\"NewsArticle\",\"@id\":\"https:\\\/\\\/www.webdo.tn\\\/fr\\\/actualite\\\/chroniques\\\/aux-origines-relations-diplomatiques-tuniso-allemandes\\\/187214\\\/#article\",\"isPartOf\":{\"@id\":\"https:\\\/\\\/www.webdo.tn\\\/fr\\\/actualite\\\/chroniques\\\/aux-origines-relations-diplomatiques-tuniso-allemandes\\\/187214\\\/\"},\"author\":{\"name\":\"Hatem Bourial\",\"@id\":\"https:\\\/\\\/www.webdo.tn\\\/fr\\\/#\\\/schema\\\/person\\\/6bc0beba2cd23aec27cb5df85ca2554f\"},\"headline\":\"Aux origines des relations diplomatiques tuniso-allemandes\",\"datePublished\":\"2016-10-03T00:01:00+00:00\",\"dateModified\":\"2025-05-19T09:03:23+00:00\",\"mainEntityOfPage\":{\"@id\":\"https:\\\/\\\/www.webdo.tn\\\/fr\\\/actualite\\\/chroniques\\\/aux-origines-relations-diplomatiques-tuniso-allemandes\\\/187214\\\/\"},\"wordCount\":780,\"commentCount\":0,\"publisher\":{\"@id\":\"https:\\\/\\\/www.webdo.tn\\\/fr\\\/#organization\"},\"image\":{\"@id\":\"https:\\\/\\\/www.webdo.tn\\\/fr\\\/actualite\\\/chroniques\\\/aux-origines-relations-diplomatiques-tuniso-allemandes\\\/187214\\\/#primaryimage\"},\"thumbnailUrl\":\"https:\\\/\\\/www.webdo.tn\\\/fr\\\/wp-content\\\/uploads\\\/2016\\\/10\\\/Tunisie-Allemagne-300x171-1.jpg\",\"keywords\":[\"guerre\"],\"articleSection\":[\"Chroniques\"],\"inLanguage\":\"fr-FR\"},{\"@type\":\"WebPage\",\"@id\":\"https:\\\/\\\/www.webdo.tn\\\/fr\\\/actualite\\\/chroniques\\\/aux-origines-relations-diplomatiques-tuniso-allemandes\\\/187214\\\/\",\"url\":\"https:\\\/\\\/www.webdo.tn\\\/fr\\\/actualite\\\/chroniques\\\/aux-origines-relations-diplomatiques-tuniso-allemandes\\\/187214\\\/\",\"name\":\"Aux origines des relations diplomatiques tuniso-allemandes\",\"isPartOf\":{\"@id\":\"https:\\\/\\\/www.webdo.tn\\\/fr\\\/#website\"},\"primaryImageOfPage\":{\"@id\":\"https:\\\/\\\/www.webdo.tn\\\/fr\\\/actualite\\\/chroniques\\\/aux-origines-relations-diplomatiques-tuniso-allemandes\\\/187214\\\/#primaryimage\"},\"image\":{\"@id\":\"https:\\\/\\\/www.webdo.tn\\\/fr\\\/actualite\\\/chroniques\\\/aux-origines-relations-diplomatiques-tuniso-allemandes\\\/187214\\\/#primaryimage\"},\"thumbnailUrl\":\"https:\\\/\\\/www.webdo.tn\\\/fr\\\/wp-content\\\/uploads\\\/2016\\\/10\\\/Tunisie-Allemagne-300x171-1.jpg\",\"datePublished\":\"2016-10-03T00:01:00+00:00\",\"dateModified\":\"2025-05-19T09:03:23+00:00\",\"description\":\"Aux origines des relations diplomatiques tuniso-allemandes\",\"breadcrumb\":{\"@id\":\"https:\\\/\\\/www.webdo.tn\\\/fr\\\/actualite\\\/chroniques\\\/aux-origines-relations-diplomatiques-tuniso-allemandes\\\/187214\\\/#breadcrumb\"},\"inLanguage\":\"fr-FR\",\"potentialAction\":[{\"@type\":\"ReadAction\",\"target\":[\"https:\\\/\\\/www.webdo.tn\\\/fr\\\/actualite\\\/chroniques\\\/aux-origines-relations-diplomatiques-tuniso-allemandes\\\/187214\\\/\"]}]},{\"@type\":\"ImageObject\",\"inLanguage\":\"fr-FR\",\"@id\":\"https:\\\/\\\/www.webdo.tn\\\/fr\\\/actualite\\\/chroniques\\\/aux-origines-relations-diplomatiques-tuniso-allemandes\\\/187214\\\/#primaryimage\",\"url\":\"https:\\\/\\\/www.webdo.tn\\\/fr\\\/wp-content\\\/uploads\\\/2016\\\/10\\\/Tunisie-Allemagne-300x171-1.jpg\",\"contentUrl\":\"https:\\\/\\\/www.webdo.tn\\\/fr\\\/wp-content\\\/uploads\\\/2016\\\/10\\\/Tunisie-Allemagne-300x171-1.jpg\",\"width\":300,\"height\":171,\"caption\":\"Aux origines des relations diplomatiques tuniso-allemandes\"},{\"@type\":\"BreadcrumbList\",\"@id\":\"https:\\\/\\\/www.webdo.tn\\\/fr\\\/actualite\\\/chroniques\\\/aux-origines-relations-diplomatiques-tuniso-allemandes\\\/187214\\\/#breadcrumb\",\"itemListElement\":[{\"@type\":\"ListItem\",\"position\":1,\"name\":\"Accueil\",\"item\":\"https:\\\/\\\/www.webdo.tn\\\/fr\\\/\"},{\"@type\":\"ListItem\",\"position\":2,\"name\":\"Aux origines des relations diplomatiques tuniso-allemandes\"}]},{\"@type\":\"WebSite\",\"@id\":\"https:\\\/\\\/www.webdo.tn\\\/fr\\\/#website\",\"url\":\"https:\\\/\\\/www.webdo.tn\\\/fr\\\/\",\"name\":\"webdo\",\"description\":\"Tunisie - News en Tunisie et \u00e0 l&#039;international sur Webdo.tn\",\"publisher\":{\"@id\":\"https:\\\/\\\/www.webdo.tn\\\/fr\\\/#organization\"},\"potentialAction\":[{\"@type\":\"SearchAction\",\"target\":{\"@type\":\"EntryPoint\",\"urlTemplate\":\"https:\\\/\\\/www.webdo.tn\\\/fr\\\/?s={search_term_string}\"},\"query-input\":{\"@type\":\"PropertyValueSpecification\",\"valueRequired\":true,\"valueName\":\"search_term_string\"}}],\"inLanguage\":\"fr-FR\"},{\"@type\":\"Organization\",\"@id\":\"https:\\\/\\\/www.webdo.tn\\\/fr\\\/#organization\",\"name\":\"Webdo\",\"alternateName\":\"Webdo.tn\",\"url\":\"https:\\\/\\\/www.webdo.tn\\\/fr\\\/\",\"logo\":{\"@type\":\"ImageObject\",\"inLanguage\":\"fr-FR\",\"@id\":\"https:\\\/\\\/www.webdo.tn\\\/fr\\\/#\\\/schema\\\/logo\\\/image\\\/\",\"url\":\"https:\\\/\\\/www.webdo.tn\\\/fr\\\/wp-content\\\/uploads\\\/2025\\\/06\\\/Webdo-Tunisie_168377.jpg\",\"contentUrl\":\"https:\\\/\\\/www.webdo.tn\\\/fr\\\/wp-content\\\/uploads\\\/2025\\\/06\\\/Webdo-Tunisie_168377.jpg\",\"width\":301,\"height\":301,\"caption\":\"Webdo\"},\"image\":{\"@id\":\"https:\\\/\\\/www.webdo.tn\\\/fr\\\/#\\\/schema\\\/logo\\\/image\\\/\"},\"sameAs\":[\"https:\\\/\\\/www.facebook.com\\\/webdotn\",\"https:\\\/\\\/x.com\\\/webdo_tn\"],\"description\":\"Webdo est un m\u00e9dia num\u00e9rique tunisien fond\u00e9 en 2010, sp\u00e9cialis\u00e9 dans l\u2019actualit\u00e9 nationale et internationale, l\u2019\u00e9conomie, la soci\u00e9t\u00e9 et les analyses politiques. Le site s\u2019adresse \u00e0 un large public francophone et couvre l\u2019information tunisienne en temps r\u00e9el.\",\"email\":\"redac@webdo.tn\",\"legalName\":\"YNJ SARL\",\"foundingDate\":\"2010-09-06\",\"numberOfEmployees\":{\"@type\":\"QuantitativeValue\",\"minValue\":\"11\",\"maxValue\":\"50\"}},{\"@type\":\"Person\",\"@id\":\"https:\\\/\\\/www.webdo.tn\\\/fr\\\/#\\\/schema\\\/person\\\/6bc0beba2cd23aec27cb5df85ca2554f\",\"name\":\"Hatem Bourial\",\"image\":{\"@type\":\"ImageObject\",\"inLanguage\":\"fr-FR\",\"@id\":\"https:\\\/\\\/www.webdo.tn\\\/fr\\\/wp-content\\\/uploads\\\/2026\\\/04\\\/hatem-bourial_avatar-96x96.jpg\",\"url\":\"https:\\\/\\\/www.webdo.tn\\\/fr\\\/wp-content\\\/uploads\\\/2026\\\/04\\\/hatem-bourial_avatar-96x96.jpg\",\"contentUrl\":\"https:\\\/\\\/www.webdo.tn\\\/fr\\\/wp-content\\\/uploads\\\/2026\\\/04\\\/hatem-bourial_avatar-96x96.jpg\",\"caption\":\"Hatem Bourial\"},\"description\":\"Hatem Bourial est journaliste, \u00e9crivain et chroniqueur tunisien. Actif depuis plusieurs d\u00e9cennies, il s\u2019est impos\u00e9 comme un observateur attentif de la soci\u00e9t\u00e9 tunisienne, m\u00ealant dans ses \u00e9crits m\u00e9moire, culture et analyse du quotidien. Auteur de nombreux ouvrages, il d\u00e9veloppe une \u0153uvre \u00e0 la crois\u00e9e du r\u00e9cit, de la po\u00e9sie et de l\u2019observation sociologique. Parall\u00e8lement \u00e0 ses contributions dans la presse, il intervient r\u00e9guli\u00e8rement \u00e0 la radio et dans des espaces culturels, o\u00f9 il explore les enjeux li\u00e9s au patrimoine, \u00e0 l\u2019identit\u00e9 et aux transformations du monde contemporain. \u00c0 travers ses chroniques, Hatem Bourial propose une lecture sensible et approfondie de l\u2019actualit\u00e9, nourrie par une exp\u00e9rience journalistique et litt\u00e9raire reconnue. \ud83d\udd17 Facebook : https:\\\/\\\/www.facebook.com\\\/hatem.bourial.2025\",\"sameAs\":[\"https:\\\/\\\/www.facebook.com\\\/hatem.bourial.2025\",\"https:\\\/\\\/fr.wikipedia.org\\\/wiki\\\/Fichier:Hatem_Bourial.jpg\"],\"knowsAbout\":[\"Culture & patrimoine tunisien\",\"Chronique soci\u00e9tale\",\"Litt\u00e9rature & m\u00e9moire\",\"Cin\u00e9ma & critique culturelle\",\"Identit\u00e9 & mutations sociales\"],\"knowsLanguage\":[\"Arabe\",\"Fran\u00e7ais\",\"Anglais\",\"Italien\",\"Polonais\"],\"jobTitle\":\"Journaliste, \u00e9crivain et chroniqueur culturel\",\"worksFor\":\"Webdo\",\"url\":\"https:\\\/\\\/www.webdo.tn\\\/fr\\\/actualite\\\/author\\\/hatem-bourial-2\\\/\"}]}<\/script>\n<!-- \/ Yoast SEO Premium plugin. -->","yoast_head_json":{"title":"Aux origines des relations diplomatiques tuniso-allemandes","description":"Aux origines des relations diplomatiques tuniso-allemandes","canonical":"https:\/\/www.webdo.tn\/fr\/actualite\/chroniques\/aux-origines-relations-diplomatiques-tuniso-allemandes\/187214\/","og_locale":"fr_FR","og_type":"article","og_title":"Aux origines des relations diplomatiques tuniso-allemandes","og_description":"Aux origines des relations diplomatiques tuniso-allemandes","og_url":"https:\/\/www.webdo.tn\/fr\/actualite\/chroniques\/aux-origines-relations-diplomatiques-tuniso-allemandes\/187214\/","og_site_name":"webdo","article_publisher":"https:\/\/www.facebook.com\/webdotn","article_author":"https:\/\/www.facebook.com\/hatem.bourial.2025","article_published_time":"2016-10-03T00:01:00+00:00","article_modified_time":"2025-05-19T09:03:23+00:00","og_image":[{"width":300,"height":171,"url":"https:\/\/www.webdo.tn\/fr\/wp-content\/uploads\/2016\/10\/Tunisie-Allemagne-300x171-1.jpg","type":"image\/jpeg"}],"author":"Hatem Bourial","twitter_card":"summary_large_image","twitter_creator":"@webdo_tn","twitter_site":"@webdo_tn","twitter_misc":{"\u00c9crit par":"Hatem Bourial","Dur\u00e9e de lecture estim\u00e9e":"4 minutes"},"schema":{"@context":"https:\/\/schema.org","@graph":[{"@type":"NewsArticle","@id":"https:\/\/www.webdo.tn\/fr\/actualite\/chroniques\/aux-origines-relations-diplomatiques-tuniso-allemandes\/187214\/#article","isPartOf":{"@id":"https:\/\/www.webdo.tn\/fr\/actualite\/chroniques\/aux-origines-relations-diplomatiques-tuniso-allemandes\/187214\/"},"author":{"name":"Hatem Bourial","@id":"https:\/\/www.webdo.tn\/fr\/#\/schema\/person\/6bc0beba2cd23aec27cb5df85ca2554f"},"headline":"Aux origines des relations diplomatiques tuniso-allemandes","datePublished":"2016-10-03T00:01:00+00:00","dateModified":"2025-05-19T09:03:23+00:00","mainEntityOfPage":{"@id":"https:\/\/www.webdo.tn\/fr\/actualite\/chroniques\/aux-origines-relations-diplomatiques-tuniso-allemandes\/187214\/"},"wordCount":780,"commentCount":0,"publisher":{"@id":"https:\/\/www.webdo.tn\/fr\/#organization"},"image":{"@id":"https:\/\/www.webdo.tn\/fr\/actualite\/chroniques\/aux-origines-relations-diplomatiques-tuniso-allemandes\/187214\/#primaryimage"},"thumbnailUrl":"https:\/\/www.webdo.tn\/fr\/wp-content\/uploads\/2016\/10\/Tunisie-Allemagne-300x171-1.jpg","keywords":["guerre"],"articleSection":["Chroniques"],"inLanguage":"fr-FR"},{"@type":"WebPage","@id":"https:\/\/www.webdo.tn\/fr\/actualite\/chroniques\/aux-origines-relations-diplomatiques-tuniso-allemandes\/187214\/","url":"https:\/\/www.webdo.tn\/fr\/actualite\/chroniques\/aux-origines-relations-diplomatiques-tuniso-allemandes\/187214\/","name":"Aux origines des relations diplomatiques tuniso-allemandes","isPartOf":{"@id":"https:\/\/www.webdo.tn\/fr\/#website"},"primaryImageOfPage":{"@id":"https:\/\/www.webdo.tn\/fr\/actualite\/chroniques\/aux-origines-relations-diplomatiques-tuniso-allemandes\/187214\/#primaryimage"},"image":{"@id":"https:\/\/www.webdo.tn\/fr\/actualite\/chroniques\/aux-origines-relations-diplomatiques-tuniso-allemandes\/187214\/#primaryimage"},"thumbnailUrl":"https:\/\/www.webdo.tn\/fr\/wp-content\/uploads\/2016\/10\/Tunisie-Allemagne-300x171-1.jpg","datePublished":"2016-10-03T00:01:00+00:00","dateModified":"2025-05-19T09:03:23+00:00","description":"Aux origines des relations diplomatiques tuniso-allemandes","breadcrumb":{"@id":"https:\/\/www.webdo.tn\/fr\/actualite\/chroniques\/aux-origines-relations-diplomatiques-tuniso-allemandes\/187214\/#breadcrumb"},"inLanguage":"fr-FR","potentialAction":[{"@type":"ReadAction","target":["https:\/\/www.webdo.tn\/fr\/actualite\/chroniques\/aux-origines-relations-diplomatiques-tuniso-allemandes\/187214\/"]}]},{"@type":"ImageObject","inLanguage":"fr-FR","@id":"https:\/\/www.webdo.tn\/fr\/actualite\/chroniques\/aux-origines-relations-diplomatiques-tuniso-allemandes\/187214\/#primaryimage","url":"https:\/\/www.webdo.tn\/fr\/wp-content\/uploads\/2016\/10\/Tunisie-Allemagne-300x171-1.jpg","contentUrl":"https:\/\/www.webdo.tn\/fr\/wp-content\/uploads\/2016\/10\/Tunisie-Allemagne-300x171-1.jpg","width":300,"height":171,"caption":"Aux origines des relations diplomatiques tuniso-allemandes"},{"@type":"BreadcrumbList","@id":"https:\/\/www.webdo.tn\/fr\/actualite\/chroniques\/aux-origines-relations-diplomatiques-tuniso-allemandes\/187214\/#breadcrumb","itemListElement":[{"@type":"ListItem","position":1,"name":"Accueil","item":"https:\/\/www.webdo.tn\/fr\/"},{"@type":"ListItem","position":2,"name":"Aux origines des relations diplomatiques tuniso-allemandes"}]},{"@type":"WebSite","@id":"https:\/\/www.webdo.tn\/fr\/#website","url":"https:\/\/www.webdo.tn\/fr\/","name":"webdo","description":"Tunisie - News en Tunisie et \u00e0 l&#039;international sur Webdo.tn","publisher":{"@id":"https:\/\/www.webdo.tn\/fr\/#organization"},"potentialAction":[{"@type":"SearchAction","target":{"@type":"EntryPoint","urlTemplate":"https:\/\/www.webdo.tn\/fr\/?s={search_term_string}"},"query-input":{"@type":"PropertyValueSpecification","valueRequired":true,"valueName":"search_term_string"}}],"inLanguage":"fr-FR"},{"@type":"Organization","@id":"https:\/\/www.webdo.tn\/fr\/#organization","name":"Webdo","alternateName":"Webdo.tn","url":"https:\/\/www.webdo.tn\/fr\/","logo":{"@type":"ImageObject","inLanguage":"fr-FR","@id":"https:\/\/www.webdo.tn\/fr\/#\/schema\/logo\/image\/","url":"https:\/\/www.webdo.tn\/fr\/wp-content\/uploads\/2025\/06\/Webdo-Tunisie_168377.jpg","contentUrl":"https:\/\/www.webdo.tn\/fr\/wp-content\/uploads\/2025\/06\/Webdo-Tunisie_168377.jpg","width":301,"height":301,"caption":"Webdo"},"image":{"@id":"https:\/\/www.webdo.tn\/fr\/#\/schema\/logo\/image\/"},"sameAs":["https:\/\/www.facebook.com\/webdotn","https:\/\/x.com\/webdo_tn"],"description":"Webdo est un m\u00e9dia num\u00e9rique tunisien fond\u00e9 en 2010, sp\u00e9cialis\u00e9 dans l\u2019actualit\u00e9 nationale et internationale, l\u2019\u00e9conomie, la soci\u00e9t\u00e9 et les analyses politiques. Le site s\u2019adresse \u00e0 un large public francophone et couvre l\u2019information tunisienne en temps r\u00e9el.","email":"redac@webdo.tn","legalName":"YNJ SARL","foundingDate":"2010-09-06","numberOfEmployees":{"@type":"QuantitativeValue","minValue":"11","maxValue":"50"}},{"@type":"Person","@id":"https:\/\/www.webdo.tn\/fr\/#\/schema\/person\/6bc0beba2cd23aec27cb5df85ca2554f","name":"Hatem Bourial","image":{"@type":"ImageObject","inLanguage":"fr-FR","@id":"https:\/\/www.webdo.tn\/fr\/wp-content\/uploads\/2026\/04\/hatem-bourial_avatar-96x96.jpg","url":"https:\/\/www.webdo.tn\/fr\/wp-content\/uploads\/2026\/04\/hatem-bourial_avatar-96x96.jpg","contentUrl":"https:\/\/www.webdo.tn\/fr\/wp-content\/uploads\/2026\/04\/hatem-bourial_avatar-96x96.jpg","caption":"Hatem Bourial"},"description":"Hatem Bourial est journaliste, \u00e9crivain et chroniqueur tunisien. Actif depuis plusieurs d\u00e9cennies, il s\u2019est impos\u00e9 comme un observateur attentif de la soci\u00e9t\u00e9 tunisienne, m\u00ealant dans ses \u00e9crits m\u00e9moire, culture et analyse du quotidien. Auteur de nombreux ouvrages, il d\u00e9veloppe une \u0153uvre \u00e0 la crois\u00e9e du r\u00e9cit, de la po\u00e9sie et de l\u2019observation sociologique. Parall\u00e8lement \u00e0 ses contributions dans la presse, il intervient r\u00e9guli\u00e8rement \u00e0 la radio et dans des espaces culturels, o\u00f9 il explore les enjeux li\u00e9s au patrimoine, \u00e0 l\u2019identit\u00e9 et aux transformations du monde contemporain. \u00c0 travers ses chroniques, Hatem Bourial propose une lecture sensible et approfondie de l\u2019actualit\u00e9, nourrie par une exp\u00e9rience journalistique et litt\u00e9raire reconnue. \ud83d\udd17 Facebook : https:\/\/www.facebook.com\/hatem.bourial.2025","sameAs":["https:\/\/www.facebook.com\/hatem.bourial.2025","https:\/\/fr.wikipedia.org\/wiki\/Fichier:Hatem_Bourial.jpg"],"knowsAbout":["Culture & patrimoine tunisien","Chronique soci\u00e9tale","Litt\u00e9rature & m\u00e9moire","Cin\u00e9ma & critique culturelle","Identit\u00e9 & mutations sociales"],"knowsLanguage":["Arabe","Fran\u00e7ais","Anglais","Italien","Polonais"],"jobTitle":"Journaliste, \u00e9crivain et chroniqueur culturel","worksFor":"Webdo","url":"https:\/\/www.webdo.tn\/fr\/actualite\/author\/hatem-bourial-2\/"}]}},"_links":{"self":[{"href":"https:\/\/www.webdo.tn\/fr\/wp-json\/wp\/v2\/posts\/187214","targetHints":{"allow":["GET"]}}],"collection":[{"href":"https:\/\/www.webdo.tn\/fr\/wp-json\/wp\/v2\/posts"}],"about":[{"href":"https:\/\/www.webdo.tn\/fr\/wp-json\/wp\/v2\/types\/post"}],"author":[{"embeddable":true,"href":"https:\/\/www.webdo.tn\/fr\/wp-json\/wp\/v2\/users\/3229"}],"replies":[{"embeddable":true,"href":"https:\/\/www.webdo.tn\/fr\/wp-json\/wp\/v2\/comments?post=187214"}],"version-history":[{"count":0,"href":"https:\/\/www.webdo.tn\/fr\/wp-json\/wp\/v2\/posts\/187214\/revisions"}],"wp:featuredmedia":[{"embeddable":true,"href":"https:\/\/www.webdo.tn\/fr\/wp-json\/wp\/v2\/media\/312807"}],"wp:attachment":[{"href":"https:\/\/www.webdo.tn\/fr\/wp-json\/wp\/v2\/media?parent=187214"}],"wp:term":[{"taxonomy":"category","embeddable":true,"href":"https:\/\/www.webdo.tn\/fr\/wp-json\/wp\/v2\/categories?post=187214"},{"taxonomy":"post_tag","embeddable":true,"href":"https:\/\/www.webdo.tn\/fr\/wp-json\/wp\/v2\/tags?post=187214"}],"curies":[{"name":"wp","href":"https:\/\/api.w.org\/{rel}","templated":true}]}}