{"id":187209,"date":"2016-09-26T08:29:00","date_gmt":"2016-09-26T08:29:00","guid":{"rendered":"https:\/\/www.webdo.tn\/fr\/blog\/gandolfo-cerf-lappetissante-petite-histoire-spaghettis-tunisois\/187209\/"},"modified":"2025-05-19T09:05:19","modified_gmt":"2025-05-19T09:05:19","slug":"gandolfo-cerf-lappetissante-petite-histoire-spaghettis-tunisois","status":"publish","type":"post","link":"https:\/\/www.webdo.tn\/fr\/actualite\/chroniques\/gandolfo-cerf-lappetissante-petite-histoire-spaghettis-tunisois\/187209\/","title":{"rendered":"Gandolfo, Le Cerf, L&rsquo;App\u00e9tissante : Une petite histoire des spaghettis tunisois"},"content":{"rendered":"<p>Il existait en Tunisie de nombreuses manufactures de p\u00e2tes alimentaires, pour la plupart artisanales, dirig\u00e9es par des Italiens et install\u00e9es dans plusieurs villes du pays.<br \/>\nD\u00e9licieux raviolis de la maison Giacalone<br \/>\nIl est difficile non seulement de les recenser mais parfois de simplement retrouver leur trace.<\/p>\n<p>Pour illustrer cette difficult\u00e9, il suffit de souligner que, jusqu&rsquo;\u00e0 une date r\u00e9cente, les Giacalone, pour ne citer qu&rsquo;eux, fabriquaient artisanalement leurs propres raviolis qui \u00e9taient vendus au March\u00e9 central de Tunis.<\/p>\n<p>Ce n&rsquo;est qu&rsquo;\u00e0 la fin des ann\u00e9es quarante que ce secteur des p\u00e2tes alimentaires a connu un processus d&rsquo;industrialisation. Les nouveaux outillages modernes permettront non seulement de doubler la production mais aussi d&rsquo;exporter des p\u00e2tes tunisiennes vers la France; l&rsquo;Alg\u00e9rie et&#8230; l&rsquo;Italie!<br \/>\nLes trois grands des p\u00e2tes alimentaires<br \/>\nParmi les premi\u00e8res grandes fabriques de p\u00e2tes \u00e0 Tunis, on ne peut omettre de citer les \u00e9tablissements E. Gandolfo et fils dont les locaux se trouvaient \u00e0 l&rsquo;actuelle rue Farhat Hached (ex rue du Portugal).<\/p>\n<p>Citons \u00e9galement les p\u00e2tes Manardo produites en banlieue sud et les p\u00e2tes Castro et Strazzula dont la fabrique se trouvait sur la route de Zaghouan.<br \/>\nDe nombreuses fabriques dans la ville<br \/>\nRue Arago, non loin de la rue de Madrid, se trouvaient deux importantes compagnies qui sont la Soci\u00e9t\u00e9 franco-tunisienne d&rsquo;alimentation et la Compagnie africaine des p\u00e2tes alimentaires.<\/p>\n<p>Il existait plusieurs autres fabriques dont les p\u00e2tes Stella, l&rsquo;Ap\u00e9tissante, Pola-Perla, Pax ou Le Cerf. Les ateliers de cette derni\u00e8re entreprise se trouvaient \u00e0 la rue Victor Communaux, \u00e0 Montfleury.<br \/>\nLes Tunisiens ont pris le relais<br \/>\nReprises par des Tunisiens ou disparues, ces entreprises ont ouvert la voie \u00e0 des industriels tunisiens dans ce domaine. Ils continuent \u00e0 faire aimer les p\u00e2tes et rivalisent de dext\u00e9rit\u00e9 pour fabriquer les meilleurs spaghettis, tagliattellis et macaronis de Tunisie.<br \/>\nH.B.<\/p>\n","protected":false},"excerpt":{"rendered":"<p>Gandolfo, Le Cerf, L&rsquo;App\u00e9tissante : Une petite histoire des spaghettis tunisois<\/p>\n","protected":false},"author":3229,"featured_media":312900,"comment_status":"open","ping_status":"closed","sticky":false,"template":"","format":"standard","meta":{"footnotes":""},"categories":[2596],"tags":[2600],"class_list":["post-187209","post","type-post","status-publish","format-standard","has-post-thumbnail","hentry","category-chroniques","tag-guerre"],"yoast_head":"<!-- This site is optimized with the Yoast SEO Premium plugin v27.5 (Yoast SEO v27.5) - https:\/\/yoast.com\/product\/yoast-seo-premium-wordpress\/ -->\n<title>Gandolfo, Le Cerf, L&#039;App\u00e9tissante : Une petite histoire des spaghettis tunisois<\/title>\n<meta name=\"description\" content=\"Gandolfo, Le Cerf, L&#039;App\u00e9tissante : Une petite histoire des spaghettis tunisois\" \/>\n<link rel=\"canonical\" href=\"https:\/\/www.webdo.tn\/fr\/actualite\/chroniques\/gandolfo-cerf-lappetissante-petite-histoire-spaghettis-tunisois\/187209\/\" \/>\n<meta property=\"og:locale\" content=\"fr_FR\" \/>\n<meta property=\"og:type\" content=\"article\" \/>\n<meta property=\"og:title\" content=\"Gandolfo, Le Cerf, L&#039;App\u00e9tissante : Une petite histoire des spaghettis tunisois\" \/>\n<meta property=\"og:description\" content=\"Gandolfo, Le Cerf, L&#039;App\u00e9tissante : Une petite histoire des spaghettis tunisois\" \/>\n<meta property=\"og:url\" content=\"https:\/\/www.webdo.tn\/fr\/actualite\/chroniques\/gandolfo-cerf-lappetissante-petite-histoire-spaghettis-tunisois\/187209\/\" \/>\n<meta property=\"og:site_name\" content=\"webdo\" \/>\n<meta property=\"article:publisher\" content=\"https:\/\/www.facebook.com\/webdotn\" \/>\n<meta property=\"article:author\" content=\"https:\/\/www.facebook.com\/hatem.bourial.2025\" \/>\n<meta property=\"article:published_time\" content=\"2016-09-26T08:29:00+00:00\" \/>\n<meta property=\"article:modified_time\" content=\"2025-05-19T09:05:19+00:00\" \/>\n<meta property=\"og:image\" content=\"https:\/\/www.webdo.tn\/fr\/wp-content\/uploads\/2016\/09\/spaghetti-with-tomato-sauce-300x247-1.jpg\" \/>\n\t<meta property=\"og:image:width\" content=\"300\" \/>\n\t<meta property=\"og:image:height\" content=\"247\" \/>\n\t<meta property=\"og:image:type\" content=\"image\/jpeg\" \/>\n<meta name=\"author\" content=\"Hatem Bourial\" \/>\n<meta name=\"twitter:card\" content=\"summary_large_image\" \/>\n<meta name=\"twitter:creator\" content=\"@webdo_tn\" \/>\n<meta name=\"twitter:site\" content=\"@webdo_tn\" \/>\n<meta name=\"twitter:label1\" content=\"\u00c9crit par\" \/>\n\t<meta name=\"twitter:data1\" content=\"Hatem Bourial\" \/>\n\t<meta name=\"twitter:label2\" content=\"Dur\u00e9e de lecture estim\u00e9e\" \/>\n\t<meta name=\"twitter:data2\" content=\"2 minutes\" \/>\n<script type=\"application\/ld+json\" class=\"yoast-schema-graph\">{\"@context\":\"https:\\\/\\\/schema.org\",\"@graph\":[{\"@type\":\"NewsArticle\",\"@id\":\"https:\\\/\\\/www.webdo.tn\\\/fr\\\/actualite\\\/chroniques\\\/gandolfo-cerf-lappetissante-petite-histoire-spaghettis-tunisois\\\/187209\\\/#article\",\"isPartOf\":{\"@id\":\"https:\\\/\\\/www.webdo.tn\\\/fr\\\/actualite\\\/chroniques\\\/gandolfo-cerf-lappetissante-petite-histoire-spaghettis-tunisois\\\/187209\\\/\"},\"author\":{\"name\":\"Hatem Bourial\",\"@id\":\"https:\\\/\\\/www.webdo.tn\\\/fr\\\/#\\\/schema\\\/person\\\/6bc0beba2cd23aec27cb5df85ca2554f\"},\"headline\":\"Gandolfo, Le Cerf, L&rsquo;App\u00e9tissante : Une petite histoire des spaghettis tunisois\",\"datePublished\":\"2016-09-26T08:29:00+00:00\",\"dateModified\":\"2025-05-19T09:05:19+00:00\",\"mainEntityOfPage\":{\"@id\":\"https:\\\/\\\/www.webdo.tn\\\/fr\\\/actualite\\\/chroniques\\\/gandolfo-cerf-lappetissante-petite-histoire-spaghettis-tunisois\\\/187209\\\/\"},\"wordCount\":333,\"commentCount\":0,\"publisher\":{\"@id\":\"https:\\\/\\\/www.webdo.tn\\\/fr\\\/#organization\"},\"image\":{\"@id\":\"https:\\\/\\\/www.webdo.tn\\\/fr\\\/actualite\\\/chroniques\\\/gandolfo-cerf-lappetissante-petite-histoire-spaghettis-tunisois\\\/187209\\\/#primaryimage\"},\"thumbnailUrl\":\"https:\\\/\\\/www.webdo.tn\\\/fr\\\/wp-content\\\/uploads\\\/2016\\\/09\\\/spaghetti-with-tomato-sauce-300x247-1.jpg\",\"keywords\":[\"guerre\"],\"articleSection\":[\"Chroniques\"],\"inLanguage\":\"fr-FR\"},{\"@type\":\"WebPage\",\"@id\":\"https:\\\/\\\/www.webdo.tn\\\/fr\\\/actualite\\\/chroniques\\\/gandolfo-cerf-lappetissante-petite-histoire-spaghettis-tunisois\\\/187209\\\/\",\"url\":\"https:\\\/\\\/www.webdo.tn\\\/fr\\\/actualite\\\/chroniques\\\/gandolfo-cerf-lappetissante-petite-histoire-spaghettis-tunisois\\\/187209\\\/\",\"name\":\"Gandolfo, Le Cerf, L'App\u00e9tissante : Une petite histoire des spaghettis tunisois\",\"isPartOf\":{\"@id\":\"https:\\\/\\\/www.webdo.tn\\\/fr\\\/#website\"},\"primaryImageOfPage\":{\"@id\":\"https:\\\/\\\/www.webdo.tn\\\/fr\\\/actualite\\\/chroniques\\\/gandolfo-cerf-lappetissante-petite-histoire-spaghettis-tunisois\\\/187209\\\/#primaryimage\"},\"image\":{\"@id\":\"https:\\\/\\\/www.webdo.tn\\\/fr\\\/actualite\\\/chroniques\\\/gandolfo-cerf-lappetissante-petite-histoire-spaghettis-tunisois\\\/187209\\\/#primaryimage\"},\"thumbnailUrl\":\"https:\\\/\\\/www.webdo.tn\\\/fr\\\/wp-content\\\/uploads\\\/2016\\\/09\\\/spaghetti-with-tomato-sauce-300x247-1.jpg\",\"datePublished\":\"2016-09-26T08:29:00+00:00\",\"dateModified\":\"2025-05-19T09:05:19+00:00\",\"description\":\"Gandolfo, Le Cerf, L'App\u00e9tissante : Une petite histoire des spaghettis tunisois\",\"breadcrumb\":{\"@id\":\"https:\\\/\\\/www.webdo.tn\\\/fr\\\/actualite\\\/chroniques\\\/gandolfo-cerf-lappetissante-petite-histoire-spaghettis-tunisois\\\/187209\\\/#breadcrumb\"},\"inLanguage\":\"fr-FR\",\"potentialAction\":[{\"@type\":\"ReadAction\",\"target\":[\"https:\\\/\\\/www.webdo.tn\\\/fr\\\/actualite\\\/chroniques\\\/gandolfo-cerf-lappetissante-petite-histoire-spaghettis-tunisois\\\/187209\\\/\"]}]},{\"@type\":\"ImageObject\",\"inLanguage\":\"fr-FR\",\"@id\":\"https:\\\/\\\/www.webdo.tn\\\/fr\\\/actualite\\\/chroniques\\\/gandolfo-cerf-lappetissante-petite-histoire-spaghettis-tunisois\\\/187209\\\/#primaryimage\",\"url\":\"https:\\\/\\\/www.webdo.tn\\\/fr\\\/wp-content\\\/uploads\\\/2016\\\/09\\\/spaghetti-with-tomato-sauce-300x247-1.jpg\",\"contentUrl\":\"https:\\\/\\\/www.webdo.tn\\\/fr\\\/wp-content\\\/uploads\\\/2016\\\/09\\\/spaghetti-with-tomato-sauce-300x247-1.jpg\",\"width\":300,\"height\":247,\"caption\":\"Gandolfo, Le Cerf, L'App\u00e9tissante : Une petite histoire des spaghettis tunisois\"},{\"@type\":\"BreadcrumbList\",\"@id\":\"https:\\\/\\\/www.webdo.tn\\\/fr\\\/actualite\\\/chroniques\\\/gandolfo-cerf-lappetissante-petite-histoire-spaghettis-tunisois\\\/187209\\\/#breadcrumb\",\"itemListElement\":[{\"@type\":\"ListItem\",\"position\":1,\"name\":\"Accueil\",\"item\":\"https:\\\/\\\/www.webdo.tn\\\/fr\\\/\"},{\"@type\":\"ListItem\",\"position\":2,\"name\":\"Gandolfo, Le Cerf, L&#8217;App\u00e9tissante : Une petite histoire des spaghettis tunisois\"}]},{\"@type\":\"WebSite\",\"@id\":\"https:\\\/\\\/www.webdo.tn\\\/fr\\\/#website\",\"url\":\"https:\\\/\\\/www.webdo.tn\\\/fr\\\/\",\"name\":\"webdo\",\"description\":\"Tunisie - News en Tunisie et \u00e0 l&#039;international sur Webdo.tn\",\"publisher\":{\"@id\":\"https:\\\/\\\/www.webdo.tn\\\/fr\\\/#organization\"},\"potentialAction\":[{\"@type\":\"SearchAction\",\"target\":{\"@type\":\"EntryPoint\",\"urlTemplate\":\"https:\\\/\\\/www.webdo.tn\\\/fr\\\/?s={search_term_string}\"},\"query-input\":{\"@type\":\"PropertyValueSpecification\",\"valueRequired\":true,\"valueName\":\"search_term_string\"}}],\"inLanguage\":\"fr-FR\"},{\"@type\":\"Organization\",\"@id\":\"https:\\\/\\\/www.webdo.tn\\\/fr\\\/#organization\",\"name\":\"Webdo\",\"alternateName\":\"Webdo.tn\",\"url\":\"https:\\\/\\\/www.webdo.tn\\\/fr\\\/\",\"logo\":{\"@type\":\"ImageObject\",\"inLanguage\":\"fr-FR\",\"@id\":\"https:\\\/\\\/www.webdo.tn\\\/fr\\\/#\\\/schema\\\/logo\\\/image\\\/\",\"url\":\"https:\\\/\\\/www.webdo.tn\\\/fr\\\/wp-content\\\/uploads\\\/2025\\\/06\\\/Webdo-Tunisie_168377.jpg\",\"contentUrl\":\"https:\\\/\\\/www.webdo.tn\\\/fr\\\/wp-content\\\/uploads\\\/2025\\\/06\\\/Webdo-Tunisie_168377.jpg\",\"width\":301,\"height\":301,\"caption\":\"Webdo\"},\"image\":{\"@id\":\"https:\\\/\\\/www.webdo.tn\\\/fr\\\/#\\\/schema\\\/logo\\\/image\\\/\"},\"sameAs\":[\"https:\\\/\\\/www.facebook.com\\\/webdotn\",\"https:\\\/\\\/x.com\\\/webdo_tn\"],\"description\":\"Webdo est un m\u00e9dia num\u00e9rique tunisien fond\u00e9 en 2010, sp\u00e9cialis\u00e9 dans l\u2019actualit\u00e9 nationale et internationale, l\u2019\u00e9conomie, la soci\u00e9t\u00e9 et les analyses politiques. Le site s\u2019adresse \u00e0 un large public francophone et couvre l\u2019information tunisienne en temps r\u00e9el.\",\"email\":\"redac@webdo.tn\",\"legalName\":\"YNJ SARL\",\"foundingDate\":\"2010-09-06\",\"numberOfEmployees\":{\"@type\":\"QuantitativeValue\",\"minValue\":\"11\",\"maxValue\":\"50\"}},{\"@type\":\"Person\",\"@id\":\"https:\\\/\\\/www.webdo.tn\\\/fr\\\/#\\\/schema\\\/person\\\/6bc0beba2cd23aec27cb5df85ca2554f\",\"name\":\"Hatem Bourial\",\"image\":{\"@type\":\"ImageObject\",\"inLanguage\":\"fr-FR\",\"@id\":\"https:\\\/\\\/www.webdo.tn\\\/fr\\\/wp-content\\\/uploads\\\/2026\\\/04\\\/hatem-bourial_avatar-96x96.jpg\",\"url\":\"https:\\\/\\\/www.webdo.tn\\\/fr\\\/wp-content\\\/uploads\\\/2026\\\/04\\\/hatem-bourial_avatar-96x96.jpg\",\"contentUrl\":\"https:\\\/\\\/www.webdo.tn\\\/fr\\\/wp-content\\\/uploads\\\/2026\\\/04\\\/hatem-bourial_avatar-96x96.jpg\",\"caption\":\"Hatem Bourial\"},\"description\":\"Hatem Bourial est journaliste, \u00e9crivain et chroniqueur tunisien. Actif depuis plusieurs d\u00e9cennies, il s\u2019est impos\u00e9 comme un observateur attentif de la soci\u00e9t\u00e9 tunisienne, m\u00ealant dans ses \u00e9crits m\u00e9moire, culture et analyse du quotidien. Auteur de nombreux ouvrages, il d\u00e9veloppe une \u0153uvre \u00e0 la crois\u00e9e du r\u00e9cit, de la po\u00e9sie et de l\u2019observation sociologique. Parall\u00e8lement \u00e0 ses contributions dans la presse, il intervient r\u00e9guli\u00e8rement \u00e0 la radio et dans des espaces culturels, o\u00f9 il explore les enjeux li\u00e9s au patrimoine, \u00e0 l\u2019identit\u00e9 et aux transformations du monde contemporain. \u00c0 travers ses chroniques, Hatem Bourial propose une lecture sensible et approfondie de l\u2019actualit\u00e9, nourrie par une exp\u00e9rience journalistique et litt\u00e9raire reconnue. \ud83d\udd17 Facebook : https:\\\/\\\/www.facebook.com\\\/hatem.bourial.2025\",\"sameAs\":[\"https:\\\/\\\/www.facebook.com\\\/hatem.bourial.2025\",\"https:\\\/\\\/fr.wikipedia.org\\\/wiki\\\/Fichier:Hatem_Bourial.jpg\"],\"knowsAbout\":[\"Culture & patrimoine tunisien\",\"Chronique soci\u00e9tale\",\"Litt\u00e9rature & m\u00e9moire\",\"Cin\u00e9ma & critique culturelle\",\"Identit\u00e9 & mutations sociales\"],\"knowsLanguage\":[\"Arabe\",\"Fran\u00e7ais\",\"Anglais\",\"Italien\",\"Polonais\"],\"jobTitle\":\"Journaliste, \u00e9crivain et chroniqueur culturel\",\"worksFor\":\"Webdo\",\"url\":\"https:\\\/\\\/www.webdo.tn\\\/fr\\\/actualite\\\/author\\\/hatem-bourial-2\\\/\"}]}<\/script>\n<!-- \/ Yoast SEO Premium plugin. -->","yoast_head_json":{"title":"Gandolfo, Le Cerf, L'App\u00e9tissante : Une petite histoire des spaghettis tunisois","description":"Gandolfo, Le Cerf, L'App\u00e9tissante : Une petite histoire des spaghettis tunisois","canonical":"https:\/\/www.webdo.tn\/fr\/actualite\/chroniques\/gandolfo-cerf-lappetissante-petite-histoire-spaghettis-tunisois\/187209\/","og_locale":"fr_FR","og_type":"article","og_title":"Gandolfo, Le Cerf, L'App\u00e9tissante : Une petite histoire des spaghettis tunisois","og_description":"Gandolfo, Le Cerf, L'App\u00e9tissante : Une petite histoire des spaghettis tunisois","og_url":"https:\/\/www.webdo.tn\/fr\/actualite\/chroniques\/gandolfo-cerf-lappetissante-petite-histoire-spaghettis-tunisois\/187209\/","og_site_name":"webdo","article_publisher":"https:\/\/www.facebook.com\/webdotn","article_author":"https:\/\/www.facebook.com\/hatem.bourial.2025","article_published_time":"2016-09-26T08:29:00+00:00","article_modified_time":"2025-05-19T09:05:19+00:00","og_image":[{"width":300,"height":247,"url":"https:\/\/www.webdo.tn\/fr\/wp-content\/uploads\/2016\/09\/spaghetti-with-tomato-sauce-300x247-1.jpg","type":"image\/jpeg"}],"author":"Hatem Bourial","twitter_card":"summary_large_image","twitter_creator":"@webdo_tn","twitter_site":"@webdo_tn","twitter_misc":{"\u00c9crit par":"Hatem Bourial","Dur\u00e9e de lecture estim\u00e9e":"2 minutes"},"schema":{"@context":"https:\/\/schema.org","@graph":[{"@type":"NewsArticle","@id":"https:\/\/www.webdo.tn\/fr\/actualite\/chroniques\/gandolfo-cerf-lappetissante-petite-histoire-spaghettis-tunisois\/187209\/#article","isPartOf":{"@id":"https:\/\/www.webdo.tn\/fr\/actualite\/chroniques\/gandolfo-cerf-lappetissante-petite-histoire-spaghettis-tunisois\/187209\/"},"author":{"name":"Hatem Bourial","@id":"https:\/\/www.webdo.tn\/fr\/#\/schema\/person\/6bc0beba2cd23aec27cb5df85ca2554f"},"headline":"Gandolfo, Le Cerf, L&rsquo;App\u00e9tissante : Une petite histoire des spaghettis tunisois","datePublished":"2016-09-26T08:29:00+00:00","dateModified":"2025-05-19T09:05:19+00:00","mainEntityOfPage":{"@id":"https:\/\/www.webdo.tn\/fr\/actualite\/chroniques\/gandolfo-cerf-lappetissante-petite-histoire-spaghettis-tunisois\/187209\/"},"wordCount":333,"commentCount":0,"publisher":{"@id":"https:\/\/www.webdo.tn\/fr\/#organization"},"image":{"@id":"https:\/\/www.webdo.tn\/fr\/actualite\/chroniques\/gandolfo-cerf-lappetissante-petite-histoire-spaghettis-tunisois\/187209\/#primaryimage"},"thumbnailUrl":"https:\/\/www.webdo.tn\/fr\/wp-content\/uploads\/2016\/09\/spaghetti-with-tomato-sauce-300x247-1.jpg","keywords":["guerre"],"articleSection":["Chroniques"],"inLanguage":"fr-FR"},{"@type":"WebPage","@id":"https:\/\/www.webdo.tn\/fr\/actualite\/chroniques\/gandolfo-cerf-lappetissante-petite-histoire-spaghettis-tunisois\/187209\/","url":"https:\/\/www.webdo.tn\/fr\/actualite\/chroniques\/gandolfo-cerf-lappetissante-petite-histoire-spaghettis-tunisois\/187209\/","name":"Gandolfo, Le Cerf, L'App\u00e9tissante : Une petite histoire des spaghettis tunisois","isPartOf":{"@id":"https:\/\/www.webdo.tn\/fr\/#website"},"primaryImageOfPage":{"@id":"https:\/\/www.webdo.tn\/fr\/actualite\/chroniques\/gandolfo-cerf-lappetissante-petite-histoire-spaghettis-tunisois\/187209\/#primaryimage"},"image":{"@id":"https:\/\/www.webdo.tn\/fr\/actualite\/chroniques\/gandolfo-cerf-lappetissante-petite-histoire-spaghettis-tunisois\/187209\/#primaryimage"},"thumbnailUrl":"https:\/\/www.webdo.tn\/fr\/wp-content\/uploads\/2016\/09\/spaghetti-with-tomato-sauce-300x247-1.jpg","datePublished":"2016-09-26T08:29:00+00:00","dateModified":"2025-05-19T09:05:19+00:00","description":"Gandolfo, Le Cerf, L'App\u00e9tissante : Une petite histoire des spaghettis tunisois","breadcrumb":{"@id":"https:\/\/www.webdo.tn\/fr\/actualite\/chroniques\/gandolfo-cerf-lappetissante-petite-histoire-spaghettis-tunisois\/187209\/#breadcrumb"},"inLanguage":"fr-FR","potentialAction":[{"@type":"ReadAction","target":["https:\/\/www.webdo.tn\/fr\/actualite\/chroniques\/gandolfo-cerf-lappetissante-petite-histoire-spaghettis-tunisois\/187209\/"]}]},{"@type":"ImageObject","inLanguage":"fr-FR","@id":"https:\/\/www.webdo.tn\/fr\/actualite\/chroniques\/gandolfo-cerf-lappetissante-petite-histoire-spaghettis-tunisois\/187209\/#primaryimage","url":"https:\/\/www.webdo.tn\/fr\/wp-content\/uploads\/2016\/09\/spaghetti-with-tomato-sauce-300x247-1.jpg","contentUrl":"https:\/\/www.webdo.tn\/fr\/wp-content\/uploads\/2016\/09\/spaghetti-with-tomato-sauce-300x247-1.jpg","width":300,"height":247,"caption":"Gandolfo, Le Cerf, L'App\u00e9tissante : Une petite histoire des spaghettis tunisois"},{"@type":"BreadcrumbList","@id":"https:\/\/www.webdo.tn\/fr\/actualite\/chroniques\/gandolfo-cerf-lappetissante-petite-histoire-spaghettis-tunisois\/187209\/#breadcrumb","itemListElement":[{"@type":"ListItem","position":1,"name":"Accueil","item":"https:\/\/www.webdo.tn\/fr\/"},{"@type":"ListItem","position":2,"name":"Gandolfo, Le Cerf, L&#8217;App\u00e9tissante : Une petite histoire des spaghettis tunisois"}]},{"@type":"WebSite","@id":"https:\/\/www.webdo.tn\/fr\/#website","url":"https:\/\/www.webdo.tn\/fr\/","name":"webdo","description":"Tunisie - News en Tunisie et \u00e0 l&#039;international sur Webdo.tn","publisher":{"@id":"https:\/\/www.webdo.tn\/fr\/#organization"},"potentialAction":[{"@type":"SearchAction","target":{"@type":"EntryPoint","urlTemplate":"https:\/\/www.webdo.tn\/fr\/?s={search_term_string}"},"query-input":{"@type":"PropertyValueSpecification","valueRequired":true,"valueName":"search_term_string"}}],"inLanguage":"fr-FR"},{"@type":"Organization","@id":"https:\/\/www.webdo.tn\/fr\/#organization","name":"Webdo","alternateName":"Webdo.tn","url":"https:\/\/www.webdo.tn\/fr\/","logo":{"@type":"ImageObject","inLanguage":"fr-FR","@id":"https:\/\/www.webdo.tn\/fr\/#\/schema\/logo\/image\/","url":"https:\/\/www.webdo.tn\/fr\/wp-content\/uploads\/2025\/06\/Webdo-Tunisie_168377.jpg","contentUrl":"https:\/\/www.webdo.tn\/fr\/wp-content\/uploads\/2025\/06\/Webdo-Tunisie_168377.jpg","width":301,"height":301,"caption":"Webdo"},"image":{"@id":"https:\/\/www.webdo.tn\/fr\/#\/schema\/logo\/image\/"},"sameAs":["https:\/\/www.facebook.com\/webdotn","https:\/\/x.com\/webdo_tn"],"description":"Webdo est un m\u00e9dia num\u00e9rique tunisien fond\u00e9 en 2010, sp\u00e9cialis\u00e9 dans l\u2019actualit\u00e9 nationale et internationale, l\u2019\u00e9conomie, la soci\u00e9t\u00e9 et les analyses politiques. Le site s\u2019adresse \u00e0 un large public francophone et couvre l\u2019information tunisienne en temps r\u00e9el.","email":"redac@webdo.tn","legalName":"YNJ SARL","foundingDate":"2010-09-06","numberOfEmployees":{"@type":"QuantitativeValue","minValue":"11","maxValue":"50"}},{"@type":"Person","@id":"https:\/\/www.webdo.tn\/fr\/#\/schema\/person\/6bc0beba2cd23aec27cb5df85ca2554f","name":"Hatem Bourial","image":{"@type":"ImageObject","inLanguage":"fr-FR","@id":"https:\/\/www.webdo.tn\/fr\/wp-content\/uploads\/2026\/04\/hatem-bourial_avatar-96x96.jpg","url":"https:\/\/www.webdo.tn\/fr\/wp-content\/uploads\/2026\/04\/hatem-bourial_avatar-96x96.jpg","contentUrl":"https:\/\/www.webdo.tn\/fr\/wp-content\/uploads\/2026\/04\/hatem-bourial_avatar-96x96.jpg","caption":"Hatem Bourial"},"description":"Hatem Bourial est journaliste, \u00e9crivain et chroniqueur tunisien. Actif depuis plusieurs d\u00e9cennies, il s\u2019est impos\u00e9 comme un observateur attentif de la soci\u00e9t\u00e9 tunisienne, m\u00ealant dans ses \u00e9crits m\u00e9moire, culture et analyse du quotidien. Auteur de nombreux ouvrages, il d\u00e9veloppe une \u0153uvre \u00e0 la crois\u00e9e du r\u00e9cit, de la po\u00e9sie et de l\u2019observation sociologique. Parall\u00e8lement \u00e0 ses contributions dans la presse, il intervient r\u00e9guli\u00e8rement \u00e0 la radio et dans des espaces culturels, o\u00f9 il explore les enjeux li\u00e9s au patrimoine, \u00e0 l\u2019identit\u00e9 et aux transformations du monde contemporain. \u00c0 travers ses chroniques, Hatem Bourial propose une lecture sensible et approfondie de l\u2019actualit\u00e9, nourrie par une exp\u00e9rience journalistique et litt\u00e9raire reconnue. \ud83d\udd17 Facebook : https:\/\/www.facebook.com\/hatem.bourial.2025","sameAs":["https:\/\/www.facebook.com\/hatem.bourial.2025","https:\/\/fr.wikipedia.org\/wiki\/Fichier:Hatem_Bourial.jpg"],"knowsAbout":["Culture & patrimoine tunisien","Chronique soci\u00e9tale","Litt\u00e9rature & m\u00e9moire","Cin\u00e9ma & critique culturelle","Identit\u00e9 & mutations sociales"],"knowsLanguage":["Arabe","Fran\u00e7ais","Anglais","Italien","Polonais"],"jobTitle":"Journaliste, \u00e9crivain et chroniqueur culturel","worksFor":"Webdo","url":"https:\/\/www.webdo.tn\/fr\/actualite\/author\/hatem-bourial-2\/"}]}},"_links":{"self":[{"href":"https:\/\/www.webdo.tn\/fr\/wp-json\/wp\/v2\/posts\/187209","targetHints":{"allow":["GET"]}}],"collection":[{"href":"https:\/\/www.webdo.tn\/fr\/wp-json\/wp\/v2\/posts"}],"about":[{"href":"https:\/\/www.webdo.tn\/fr\/wp-json\/wp\/v2\/types\/post"}],"author":[{"embeddable":true,"href":"https:\/\/www.webdo.tn\/fr\/wp-json\/wp\/v2\/users\/3229"}],"replies":[{"embeddable":true,"href":"https:\/\/www.webdo.tn\/fr\/wp-json\/wp\/v2\/comments?post=187209"}],"version-history":[{"count":0,"href":"https:\/\/www.webdo.tn\/fr\/wp-json\/wp\/v2\/posts\/187209\/revisions"}],"wp:featuredmedia":[{"embeddable":true,"href":"https:\/\/www.webdo.tn\/fr\/wp-json\/wp\/v2\/media\/312900"}],"wp:attachment":[{"href":"https:\/\/www.webdo.tn\/fr\/wp-json\/wp\/v2\/media?parent=187209"}],"wp:term":[{"taxonomy":"category","embeddable":true,"href":"https:\/\/www.webdo.tn\/fr\/wp-json\/wp\/v2\/categories?post=187209"},{"taxonomy":"post_tag","embeddable":true,"href":"https:\/\/www.webdo.tn\/fr\/wp-json\/wp\/v2\/tags?post=187209"}],"curies":[{"name":"wp","href":"https:\/\/api.w.org\/{rel}","templated":true}]}}