{"id":187208,"date":"2016-09-25T07:45:00","date_gmt":"2016-09-25T07:45:00","guid":{"rendered":"https:\/\/www.webdo.tn\/fr\/blog\/premiers-maltais-de-tunisie-de-malta-hanina-a-tunis-sfax\/187208\/"},"modified":"2016-09-25T07:45:00","modified_gmt":"2016-09-25T07:45:00","slug":"premiers-maltais-de-tunisie-de-malta-hanina-a-tunis-sfax","status":"publish","type":"post","link":"https:\/\/www.webdo.tn\/fr\/actualite\/chroniques\/premiers-maltais-de-tunisie-de-malta-hanina-a-tunis-sfax\/187208\/","title":{"rendered":"Premiers Maltais de Tunisie : De Malta Hanina \u00e0 Tunis et Sfax&#8230;"},"content":{"rendered":"<p>La premi\u00e8re colonie maltaise en Tunisie a vu le jour au d\u00e9but du dix-neuvi\u00e8me si\u00e8cle. Autour de 1823, Malte \u00e9tait surpeupl\u00e9e et peu de ressources existaient dans l&rsquo;\u00eele.<\/p>\n<p>Cette situation poussa les habitants de l&rsquo;archipel maltais \u00e0 initier un mouvement d&rsquo;\u00e9migration vers les c\u00f4tes africaines voisines, notamment vers la Tunisie et l&rsquo;Alg\u00e9rie.C&rsquo;est entre 1830 et 1860 que plusieurs vagues de Maltais vinrent renforcer un petit noyau initial qui comprenait quelques centaines de personnes.<\/p>\n<p>En trois d\u00e9cennies, les Maltais seront plusieurs milliers et s&rsquo;installeront surtout \u00e0 Sfax et Tunis. Leur langue tr\u00e8s proche de l&rsquo;arabe et leur capacit\u00e9 au travail d&rsquo;agriculture et de p\u00eache facilit\u00e8rent leur insertion.<\/p>\n<p>Aussi nombreux que les Italiens, les Maltais en Tunisie seront 4000 en 1850, 5000 en 1860 et pr\u00e8s de 7000 en 1880. Ces sujets britanniques \u00e9taient ainsi juste avant l&rsquo;\u00e9tablissement du Protectorat fran\u00e7ais au nombre de 6135 \u00e0 Tunis et 430 \u00e0 La Goulette, selon des auteurs de l&rsquo;\u00e9poque.<br \/>\nH.B.<\/p>\n","protected":false},"excerpt":{"rendered":"<p>Premiers Maltais de Tunisie : De Malta Hanina \u00e0 Tunis et Sfax&#8230;<\/p>\n","protected":false},"author":3229,"featured_media":327191,"comment_status":"open","ping_status":"closed","sticky":false,"template":"","format":"standard","meta":{"footnotes":""},"categories":[2596],"tags":[2600],"class_list":["post-187208","post","type-post","status-publish","format-standard","has-post-thumbnail","hentry","category-chroniques","tag-guerre"],"yoast_head":"<!-- This site is optimized with the Yoast SEO Premium plugin v27.5 (Yoast SEO v27.5) - https:\/\/yoast.com\/product\/yoast-seo-premium-wordpress\/ -->\n<title>Premiers Maltais de Tunisie : De Malta Hanina \u00e0 Tunis et Sfax...<\/title>\n<meta name=\"description\" content=\"Premiers Maltais de Tunisie : De Malta Hanina \u00e0 Tunis et Sfax...\" \/>\n<link rel=\"canonical\" href=\"https:\/\/www.webdo.tn\/fr\/actualite\/chroniques\/premiers-maltais-de-tunisie-de-malta-hanina-a-tunis-sfax\/187208\/\" \/>\n<meta property=\"og:locale\" content=\"fr_FR\" \/>\n<meta property=\"og:type\" content=\"article\" \/>\n<meta property=\"og:title\" content=\"Premiers Maltais de Tunisie : De Malta Hanina \u00e0 Tunis et Sfax...\" \/>\n<meta property=\"og:description\" content=\"Premiers Maltais de Tunisie : De Malta Hanina \u00e0 Tunis et Sfax...\" \/>\n<meta property=\"og:url\" content=\"https:\/\/www.webdo.tn\/fr\/actualite\/chroniques\/premiers-maltais-de-tunisie-de-malta-hanina-a-tunis-sfax\/187208\/\" \/>\n<meta property=\"og:site_name\" content=\"webdo\" \/>\n<meta property=\"article:publisher\" content=\"https:\/\/www.facebook.com\/webdotn\" \/>\n<meta property=\"article:author\" content=\"https:\/\/www.facebook.com\/hatem.bourial.2025\" \/>\n<meta property=\"article:published_time\" content=\"2016-09-25T07:45:00+00:00\" \/>\n<meta property=\"og:image\" content=\"https:\/\/www.webdo.tn\/fr\/wp-content\/uploads\/2016\/09\/Maltais-e1474785854157.gif\" \/>\n\t<meta property=\"og:image:width\" content=\"600\" \/>\n\t<meta property=\"og:image:height\" content=\"415\" \/>\n\t<meta property=\"og:image:type\" content=\"image\/gif\" \/>\n<meta name=\"author\" content=\"Hatem Bourial\" \/>\n<meta name=\"twitter:card\" content=\"summary_large_image\" \/>\n<meta name=\"twitter:creator\" content=\"@webdo_tn\" \/>\n<meta name=\"twitter:site\" content=\"@webdo_tn\" \/>\n<meta name=\"twitter:label1\" content=\"\u00c9crit par\" \/>\n\t<meta name=\"twitter:data1\" content=\"Hatem Bourial\" \/>\n\t<meta name=\"twitter:label2\" content=\"Dur\u00e9e de lecture estim\u00e9e\" \/>\n\t<meta name=\"twitter:data2\" content=\"1 minute\" \/>\n<script type=\"application\/ld+json\" class=\"yoast-schema-graph\">{\"@context\":\"https:\\\/\\\/schema.org\",\"@graph\":[{\"@type\":\"NewsArticle\",\"@id\":\"https:\\\/\\\/www.webdo.tn\\\/fr\\\/actualite\\\/chroniques\\\/premiers-maltais-de-tunisie-de-malta-hanina-a-tunis-sfax\\\/187208\\\/#article\",\"isPartOf\":{\"@id\":\"https:\\\/\\\/www.webdo.tn\\\/fr\\\/actualite\\\/chroniques\\\/premiers-maltais-de-tunisie-de-malta-hanina-a-tunis-sfax\\\/187208\\\/\"},\"author\":{\"name\":\"Hatem Bourial\",\"@id\":\"https:\\\/\\\/www.webdo.tn\\\/fr\\\/#\\\/schema\\\/person\\\/6bc0beba2cd23aec27cb5df85ca2554f\"},\"headline\":\"Premiers Maltais de Tunisie : De Malta Hanina \u00e0 Tunis et Sfax&#8230;\",\"datePublished\":\"2016-09-25T07:45:00+00:00\",\"mainEntityOfPage\":{\"@id\":\"https:\\\/\\\/www.webdo.tn\\\/fr\\\/actualite\\\/chroniques\\\/premiers-maltais-de-tunisie-de-malta-hanina-a-tunis-sfax\\\/187208\\\/\"},\"wordCount\":176,\"commentCount\":0,\"publisher\":{\"@id\":\"https:\\\/\\\/www.webdo.tn\\\/fr\\\/#organization\"},\"image\":{\"@id\":\"https:\\\/\\\/www.webdo.tn\\\/fr\\\/actualite\\\/chroniques\\\/premiers-maltais-de-tunisie-de-malta-hanina-a-tunis-sfax\\\/187208\\\/#primaryimage\"},\"thumbnailUrl\":\"https:\\\/\\\/www.webdo.tn\\\/fr\\\/wp-content\\\/uploads\\\/2016\\\/09\\\/Maltais-e1474785854157.gif\",\"keywords\":[\"guerre\"],\"articleSection\":[\"Chroniques\"],\"inLanguage\":\"fr-FR\"},{\"@type\":\"WebPage\",\"@id\":\"https:\\\/\\\/www.webdo.tn\\\/fr\\\/actualite\\\/chroniques\\\/premiers-maltais-de-tunisie-de-malta-hanina-a-tunis-sfax\\\/187208\\\/\",\"url\":\"https:\\\/\\\/www.webdo.tn\\\/fr\\\/actualite\\\/chroniques\\\/premiers-maltais-de-tunisie-de-malta-hanina-a-tunis-sfax\\\/187208\\\/\",\"name\":\"Premiers Maltais de Tunisie : De Malta Hanina \u00e0 Tunis et Sfax...\",\"isPartOf\":{\"@id\":\"https:\\\/\\\/www.webdo.tn\\\/fr\\\/#website\"},\"primaryImageOfPage\":{\"@id\":\"https:\\\/\\\/www.webdo.tn\\\/fr\\\/actualite\\\/chroniques\\\/premiers-maltais-de-tunisie-de-malta-hanina-a-tunis-sfax\\\/187208\\\/#primaryimage\"},\"image\":{\"@id\":\"https:\\\/\\\/www.webdo.tn\\\/fr\\\/actualite\\\/chroniques\\\/premiers-maltais-de-tunisie-de-malta-hanina-a-tunis-sfax\\\/187208\\\/#primaryimage\"},\"thumbnailUrl\":\"https:\\\/\\\/www.webdo.tn\\\/fr\\\/wp-content\\\/uploads\\\/2016\\\/09\\\/Maltais-e1474785854157.gif\",\"datePublished\":\"2016-09-25T07:45:00+00:00\",\"description\":\"Premiers Maltais de Tunisie : De Malta Hanina \u00e0 Tunis et Sfax...\",\"breadcrumb\":{\"@id\":\"https:\\\/\\\/www.webdo.tn\\\/fr\\\/actualite\\\/chroniques\\\/premiers-maltais-de-tunisie-de-malta-hanina-a-tunis-sfax\\\/187208\\\/#breadcrumb\"},\"inLanguage\":\"fr-FR\",\"potentialAction\":[{\"@type\":\"ReadAction\",\"target\":[\"https:\\\/\\\/www.webdo.tn\\\/fr\\\/actualite\\\/chroniques\\\/premiers-maltais-de-tunisie-de-malta-hanina-a-tunis-sfax\\\/187208\\\/\"]}]},{\"@type\":\"ImageObject\",\"inLanguage\":\"fr-FR\",\"@id\":\"https:\\\/\\\/www.webdo.tn\\\/fr\\\/actualite\\\/chroniques\\\/premiers-maltais-de-tunisie-de-malta-hanina-a-tunis-sfax\\\/187208\\\/#primaryimage\",\"url\":\"https:\\\/\\\/www.webdo.tn\\\/fr\\\/wp-content\\\/uploads\\\/2016\\\/09\\\/Maltais-e1474785854157.gif\",\"contentUrl\":\"https:\\\/\\\/www.webdo.tn\\\/fr\\\/wp-content\\\/uploads\\\/2016\\\/09\\\/Maltais-e1474785854157.gif\",\"width\":600,\"height\":415,\"caption\":\"Premiers Maltais de Tunisie : De Malta Hanina \u00e0 Tunis et Sfax...\"},{\"@type\":\"BreadcrumbList\",\"@id\":\"https:\\\/\\\/www.webdo.tn\\\/fr\\\/actualite\\\/chroniques\\\/premiers-maltais-de-tunisie-de-malta-hanina-a-tunis-sfax\\\/187208\\\/#breadcrumb\",\"itemListElement\":[{\"@type\":\"ListItem\",\"position\":1,\"name\":\"Accueil\",\"item\":\"https:\\\/\\\/www.webdo.tn\\\/fr\\\/\"},{\"@type\":\"ListItem\",\"position\":2,\"name\":\"Premiers Maltais de Tunisie : De Malta Hanina \u00e0 Tunis et Sfax&#8230;\"}]},{\"@type\":\"WebSite\",\"@id\":\"https:\\\/\\\/www.webdo.tn\\\/fr\\\/#website\",\"url\":\"https:\\\/\\\/www.webdo.tn\\\/fr\\\/\",\"name\":\"webdo\",\"description\":\"Tunisie - News en Tunisie et \u00e0 l&#039;international sur Webdo.tn\",\"publisher\":{\"@id\":\"https:\\\/\\\/www.webdo.tn\\\/fr\\\/#organization\"},\"potentialAction\":[{\"@type\":\"SearchAction\",\"target\":{\"@type\":\"EntryPoint\",\"urlTemplate\":\"https:\\\/\\\/www.webdo.tn\\\/fr\\\/?s={search_term_string}\"},\"query-input\":{\"@type\":\"PropertyValueSpecification\",\"valueRequired\":true,\"valueName\":\"search_term_string\"}}],\"inLanguage\":\"fr-FR\"},{\"@type\":\"Organization\",\"@id\":\"https:\\\/\\\/www.webdo.tn\\\/fr\\\/#organization\",\"name\":\"Webdo\",\"alternateName\":\"Webdo.tn\",\"url\":\"https:\\\/\\\/www.webdo.tn\\\/fr\\\/\",\"logo\":{\"@type\":\"ImageObject\",\"inLanguage\":\"fr-FR\",\"@id\":\"https:\\\/\\\/www.webdo.tn\\\/fr\\\/#\\\/schema\\\/logo\\\/image\\\/\",\"url\":\"https:\\\/\\\/www.webdo.tn\\\/fr\\\/wp-content\\\/uploads\\\/2025\\\/06\\\/Webdo-Tunisie_168377.jpg\",\"contentUrl\":\"https:\\\/\\\/www.webdo.tn\\\/fr\\\/wp-content\\\/uploads\\\/2025\\\/06\\\/Webdo-Tunisie_168377.jpg\",\"width\":301,\"height\":301,\"caption\":\"Webdo\"},\"image\":{\"@id\":\"https:\\\/\\\/www.webdo.tn\\\/fr\\\/#\\\/schema\\\/logo\\\/image\\\/\"},\"sameAs\":[\"https:\\\/\\\/www.facebook.com\\\/webdotn\",\"https:\\\/\\\/x.com\\\/webdo_tn\"],\"description\":\"Webdo est un m\u00e9dia num\u00e9rique tunisien fond\u00e9 en 2010, sp\u00e9cialis\u00e9 dans l\u2019actualit\u00e9 nationale et internationale, l\u2019\u00e9conomie, la soci\u00e9t\u00e9 et les analyses politiques. Le site s\u2019adresse \u00e0 un large public francophone et couvre l\u2019information tunisienne en temps r\u00e9el.\",\"email\":\"redac@webdo.tn\",\"legalName\":\"YNJ SARL\",\"foundingDate\":\"2010-09-06\",\"numberOfEmployees\":{\"@type\":\"QuantitativeValue\",\"minValue\":\"11\",\"maxValue\":\"50\"}},{\"@type\":\"Person\",\"@id\":\"https:\\\/\\\/www.webdo.tn\\\/fr\\\/#\\\/schema\\\/person\\\/6bc0beba2cd23aec27cb5df85ca2554f\",\"name\":\"Hatem Bourial\",\"image\":{\"@type\":\"ImageObject\",\"inLanguage\":\"fr-FR\",\"@id\":\"https:\\\/\\\/www.webdo.tn\\\/fr\\\/wp-content\\\/uploads\\\/2026\\\/04\\\/hatem-bourial_avatar-96x96.jpg\",\"url\":\"https:\\\/\\\/www.webdo.tn\\\/fr\\\/wp-content\\\/uploads\\\/2026\\\/04\\\/hatem-bourial_avatar-96x96.jpg\",\"contentUrl\":\"https:\\\/\\\/www.webdo.tn\\\/fr\\\/wp-content\\\/uploads\\\/2026\\\/04\\\/hatem-bourial_avatar-96x96.jpg\",\"caption\":\"Hatem Bourial\"},\"description\":\"Hatem Bourial est journaliste, \u00e9crivain et chroniqueur tunisien. Actif depuis plusieurs d\u00e9cennies, il s\u2019est impos\u00e9 comme un observateur attentif de la soci\u00e9t\u00e9 tunisienne, m\u00ealant dans ses \u00e9crits m\u00e9moire, culture et analyse du quotidien. Auteur de nombreux ouvrages, il d\u00e9veloppe une \u0153uvre \u00e0 la crois\u00e9e du r\u00e9cit, de la po\u00e9sie et de l\u2019observation sociologique. Parall\u00e8lement \u00e0 ses contributions dans la presse, il intervient r\u00e9guli\u00e8rement \u00e0 la radio et dans des espaces culturels, o\u00f9 il explore les enjeux li\u00e9s au patrimoine, \u00e0 l\u2019identit\u00e9 et aux transformations du monde contemporain. \u00c0 travers ses chroniques, Hatem Bourial propose une lecture sensible et approfondie de l\u2019actualit\u00e9, nourrie par une exp\u00e9rience journalistique et litt\u00e9raire reconnue. \ud83d\udd17 Facebook : https:\\\/\\\/www.facebook.com\\\/hatem.bourial.2025\",\"sameAs\":[\"https:\\\/\\\/www.facebook.com\\\/hatem.bourial.2025\",\"https:\\\/\\\/fr.wikipedia.org\\\/wiki\\\/Fichier:Hatem_Bourial.jpg\"],\"knowsAbout\":[\"Culture & patrimoine tunisien\",\"Chronique soci\u00e9tale\",\"Litt\u00e9rature & m\u00e9moire\",\"Cin\u00e9ma & critique culturelle\",\"Identit\u00e9 & mutations sociales\"],\"knowsLanguage\":[\"Arabe\",\"Fran\u00e7ais\",\"Anglais\",\"Italien\",\"Polonais\"],\"jobTitle\":\"Journaliste, \u00e9crivain et chroniqueur culturel\",\"worksFor\":\"Webdo\",\"url\":\"https:\\\/\\\/www.webdo.tn\\\/fr\\\/actualite\\\/author\\\/hatem-bourial-2\\\/\"}]}<\/script>\n<!-- \/ Yoast SEO Premium plugin. -->","yoast_head_json":{"title":"Premiers Maltais de Tunisie : De Malta Hanina \u00e0 Tunis et Sfax...","description":"Premiers Maltais de Tunisie : De Malta Hanina \u00e0 Tunis et Sfax...","canonical":"https:\/\/www.webdo.tn\/fr\/actualite\/chroniques\/premiers-maltais-de-tunisie-de-malta-hanina-a-tunis-sfax\/187208\/","og_locale":"fr_FR","og_type":"article","og_title":"Premiers Maltais de Tunisie : De Malta Hanina \u00e0 Tunis et Sfax...","og_description":"Premiers Maltais de Tunisie : De Malta Hanina \u00e0 Tunis et Sfax...","og_url":"https:\/\/www.webdo.tn\/fr\/actualite\/chroniques\/premiers-maltais-de-tunisie-de-malta-hanina-a-tunis-sfax\/187208\/","og_site_name":"webdo","article_publisher":"https:\/\/www.facebook.com\/webdotn","article_author":"https:\/\/www.facebook.com\/hatem.bourial.2025","article_published_time":"2016-09-25T07:45:00+00:00","og_image":[{"width":600,"height":415,"url":"https:\/\/www.webdo.tn\/fr\/wp-content\/uploads\/2016\/09\/Maltais-e1474785854157.gif","type":"image\/gif"}],"author":"Hatem Bourial","twitter_card":"summary_large_image","twitter_creator":"@webdo_tn","twitter_site":"@webdo_tn","twitter_misc":{"\u00c9crit par":"Hatem Bourial","Dur\u00e9e de lecture estim\u00e9e":"1 minute"},"schema":{"@context":"https:\/\/schema.org","@graph":[{"@type":"NewsArticle","@id":"https:\/\/www.webdo.tn\/fr\/actualite\/chroniques\/premiers-maltais-de-tunisie-de-malta-hanina-a-tunis-sfax\/187208\/#article","isPartOf":{"@id":"https:\/\/www.webdo.tn\/fr\/actualite\/chroniques\/premiers-maltais-de-tunisie-de-malta-hanina-a-tunis-sfax\/187208\/"},"author":{"name":"Hatem Bourial","@id":"https:\/\/www.webdo.tn\/fr\/#\/schema\/person\/6bc0beba2cd23aec27cb5df85ca2554f"},"headline":"Premiers Maltais de Tunisie : De Malta Hanina \u00e0 Tunis et Sfax&#8230;","datePublished":"2016-09-25T07:45:00+00:00","mainEntityOfPage":{"@id":"https:\/\/www.webdo.tn\/fr\/actualite\/chroniques\/premiers-maltais-de-tunisie-de-malta-hanina-a-tunis-sfax\/187208\/"},"wordCount":176,"commentCount":0,"publisher":{"@id":"https:\/\/www.webdo.tn\/fr\/#organization"},"image":{"@id":"https:\/\/www.webdo.tn\/fr\/actualite\/chroniques\/premiers-maltais-de-tunisie-de-malta-hanina-a-tunis-sfax\/187208\/#primaryimage"},"thumbnailUrl":"https:\/\/www.webdo.tn\/fr\/wp-content\/uploads\/2016\/09\/Maltais-e1474785854157.gif","keywords":["guerre"],"articleSection":["Chroniques"],"inLanguage":"fr-FR"},{"@type":"WebPage","@id":"https:\/\/www.webdo.tn\/fr\/actualite\/chroniques\/premiers-maltais-de-tunisie-de-malta-hanina-a-tunis-sfax\/187208\/","url":"https:\/\/www.webdo.tn\/fr\/actualite\/chroniques\/premiers-maltais-de-tunisie-de-malta-hanina-a-tunis-sfax\/187208\/","name":"Premiers Maltais de Tunisie : De Malta Hanina \u00e0 Tunis et Sfax...","isPartOf":{"@id":"https:\/\/www.webdo.tn\/fr\/#website"},"primaryImageOfPage":{"@id":"https:\/\/www.webdo.tn\/fr\/actualite\/chroniques\/premiers-maltais-de-tunisie-de-malta-hanina-a-tunis-sfax\/187208\/#primaryimage"},"image":{"@id":"https:\/\/www.webdo.tn\/fr\/actualite\/chroniques\/premiers-maltais-de-tunisie-de-malta-hanina-a-tunis-sfax\/187208\/#primaryimage"},"thumbnailUrl":"https:\/\/www.webdo.tn\/fr\/wp-content\/uploads\/2016\/09\/Maltais-e1474785854157.gif","datePublished":"2016-09-25T07:45:00+00:00","description":"Premiers Maltais de Tunisie : De Malta Hanina \u00e0 Tunis et Sfax...","breadcrumb":{"@id":"https:\/\/www.webdo.tn\/fr\/actualite\/chroniques\/premiers-maltais-de-tunisie-de-malta-hanina-a-tunis-sfax\/187208\/#breadcrumb"},"inLanguage":"fr-FR","potentialAction":[{"@type":"ReadAction","target":["https:\/\/www.webdo.tn\/fr\/actualite\/chroniques\/premiers-maltais-de-tunisie-de-malta-hanina-a-tunis-sfax\/187208\/"]}]},{"@type":"ImageObject","inLanguage":"fr-FR","@id":"https:\/\/www.webdo.tn\/fr\/actualite\/chroniques\/premiers-maltais-de-tunisie-de-malta-hanina-a-tunis-sfax\/187208\/#primaryimage","url":"https:\/\/www.webdo.tn\/fr\/wp-content\/uploads\/2016\/09\/Maltais-e1474785854157.gif","contentUrl":"https:\/\/www.webdo.tn\/fr\/wp-content\/uploads\/2016\/09\/Maltais-e1474785854157.gif","width":600,"height":415,"caption":"Premiers Maltais de Tunisie : De Malta Hanina \u00e0 Tunis et Sfax..."},{"@type":"BreadcrumbList","@id":"https:\/\/www.webdo.tn\/fr\/actualite\/chroniques\/premiers-maltais-de-tunisie-de-malta-hanina-a-tunis-sfax\/187208\/#breadcrumb","itemListElement":[{"@type":"ListItem","position":1,"name":"Accueil","item":"https:\/\/www.webdo.tn\/fr\/"},{"@type":"ListItem","position":2,"name":"Premiers Maltais de Tunisie : De Malta Hanina \u00e0 Tunis et Sfax&#8230;"}]},{"@type":"WebSite","@id":"https:\/\/www.webdo.tn\/fr\/#website","url":"https:\/\/www.webdo.tn\/fr\/","name":"webdo","description":"Tunisie - News en Tunisie et \u00e0 l&#039;international sur Webdo.tn","publisher":{"@id":"https:\/\/www.webdo.tn\/fr\/#organization"},"potentialAction":[{"@type":"SearchAction","target":{"@type":"EntryPoint","urlTemplate":"https:\/\/www.webdo.tn\/fr\/?s={search_term_string}"},"query-input":{"@type":"PropertyValueSpecification","valueRequired":true,"valueName":"search_term_string"}}],"inLanguage":"fr-FR"},{"@type":"Organization","@id":"https:\/\/www.webdo.tn\/fr\/#organization","name":"Webdo","alternateName":"Webdo.tn","url":"https:\/\/www.webdo.tn\/fr\/","logo":{"@type":"ImageObject","inLanguage":"fr-FR","@id":"https:\/\/www.webdo.tn\/fr\/#\/schema\/logo\/image\/","url":"https:\/\/www.webdo.tn\/fr\/wp-content\/uploads\/2025\/06\/Webdo-Tunisie_168377.jpg","contentUrl":"https:\/\/www.webdo.tn\/fr\/wp-content\/uploads\/2025\/06\/Webdo-Tunisie_168377.jpg","width":301,"height":301,"caption":"Webdo"},"image":{"@id":"https:\/\/www.webdo.tn\/fr\/#\/schema\/logo\/image\/"},"sameAs":["https:\/\/www.facebook.com\/webdotn","https:\/\/x.com\/webdo_tn"],"description":"Webdo est un m\u00e9dia num\u00e9rique tunisien fond\u00e9 en 2010, sp\u00e9cialis\u00e9 dans l\u2019actualit\u00e9 nationale et internationale, l\u2019\u00e9conomie, la soci\u00e9t\u00e9 et les analyses politiques. Le site s\u2019adresse \u00e0 un large public francophone et couvre l\u2019information tunisienne en temps r\u00e9el.","email":"redac@webdo.tn","legalName":"YNJ SARL","foundingDate":"2010-09-06","numberOfEmployees":{"@type":"QuantitativeValue","minValue":"11","maxValue":"50"}},{"@type":"Person","@id":"https:\/\/www.webdo.tn\/fr\/#\/schema\/person\/6bc0beba2cd23aec27cb5df85ca2554f","name":"Hatem Bourial","image":{"@type":"ImageObject","inLanguage":"fr-FR","@id":"https:\/\/www.webdo.tn\/fr\/wp-content\/uploads\/2026\/04\/hatem-bourial_avatar-96x96.jpg","url":"https:\/\/www.webdo.tn\/fr\/wp-content\/uploads\/2026\/04\/hatem-bourial_avatar-96x96.jpg","contentUrl":"https:\/\/www.webdo.tn\/fr\/wp-content\/uploads\/2026\/04\/hatem-bourial_avatar-96x96.jpg","caption":"Hatem Bourial"},"description":"Hatem Bourial est journaliste, \u00e9crivain et chroniqueur tunisien. Actif depuis plusieurs d\u00e9cennies, il s\u2019est impos\u00e9 comme un observateur attentif de la soci\u00e9t\u00e9 tunisienne, m\u00ealant dans ses \u00e9crits m\u00e9moire, culture et analyse du quotidien. Auteur de nombreux ouvrages, il d\u00e9veloppe une \u0153uvre \u00e0 la crois\u00e9e du r\u00e9cit, de la po\u00e9sie et de l\u2019observation sociologique. Parall\u00e8lement \u00e0 ses contributions dans la presse, il intervient r\u00e9guli\u00e8rement \u00e0 la radio et dans des espaces culturels, o\u00f9 il explore les enjeux li\u00e9s au patrimoine, \u00e0 l\u2019identit\u00e9 et aux transformations du monde contemporain. \u00c0 travers ses chroniques, Hatem Bourial propose une lecture sensible et approfondie de l\u2019actualit\u00e9, nourrie par une exp\u00e9rience journalistique et litt\u00e9raire reconnue. \ud83d\udd17 Facebook : https:\/\/www.facebook.com\/hatem.bourial.2025","sameAs":["https:\/\/www.facebook.com\/hatem.bourial.2025","https:\/\/fr.wikipedia.org\/wiki\/Fichier:Hatem_Bourial.jpg"],"knowsAbout":["Culture & patrimoine tunisien","Chronique soci\u00e9tale","Litt\u00e9rature & m\u00e9moire","Cin\u00e9ma & critique culturelle","Identit\u00e9 & mutations sociales"],"knowsLanguage":["Arabe","Fran\u00e7ais","Anglais","Italien","Polonais"],"jobTitle":"Journaliste, \u00e9crivain et chroniqueur culturel","worksFor":"Webdo","url":"https:\/\/www.webdo.tn\/fr\/actualite\/author\/hatem-bourial-2\/"}]}},"_links":{"self":[{"href":"https:\/\/www.webdo.tn\/fr\/wp-json\/wp\/v2\/posts\/187208","targetHints":{"allow":["GET"]}}],"collection":[{"href":"https:\/\/www.webdo.tn\/fr\/wp-json\/wp\/v2\/posts"}],"about":[{"href":"https:\/\/www.webdo.tn\/fr\/wp-json\/wp\/v2\/types\/post"}],"author":[{"embeddable":true,"href":"https:\/\/www.webdo.tn\/fr\/wp-json\/wp\/v2\/users\/3229"}],"replies":[{"embeddable":true,"href":"https:\/\/www.webdo.tn\/fr\/wp-json\/wp\/v2\/comments?post=187208"}],"version-history":[{"count":0,"href":"https:\/\/www.webdo.tn\/fr\/wp-json\/wp\/v2\/posts\/187208\/revisions"}],"wp:featuredmedia":[{"embeddable":true,"href":"https:\/\/www.webdo.tn\/fr\/wp-json\/wp\/v2\/media\/327191"}],"wp:attachment":[{"href":"https:\/\/www.webdo.tn\/fr\/wp-json\/wp\/v2\/media?parent=187208"}],"wp:term":[{"taxonomy":"category","embeddable":true,"href":"https:\/\/www.webdo.tn\/fr\/wp-json\/wp\/v2\/categories?post=187208"},{"taxonomy":"post_tag","embeddable":true,"href":"https:\/\/www.webdo.tn\/fr\/wp-json\/wp\/v2\/tags?post=187208"}],"curies":[{"name":"wp","href":"https:\/\/api.w.org\/{rel}","templated":true}]}}