{"id":187207,"date":"2016-09-24T12:31:00","date_gmt":"2016-09-24T12:31:00","guid":{"rendered":"https:\/\/www.webdo.tn\/fr\/blog\/1919-cinq-gentlemen-maudits-premier-long-metrage-tourne-tunisie-afrique\/187207\/"},"modified":"2016-09-24T12:31:00","modified_gmt":"2016-09-24T12:31:00","slug":"1919-cinq-gentlemen-maudits-premier-long-metrage-tourne-tunisie-afrique","status":"publish","type":"post","link":"https:\/\/www.webdo.tn\/fr\/actualite\/chroniques\/1919-cinq-gentlemen-maudits-premier-long-metrage-tourne-tunisie-afrique\/187207\/","title":{"rendered":"En 1919, \u00ab\u00a0Les cinq gentlemen maudits\u00a0\u00bb, premier long m\u00e9trage tourn\u00e9 en Tunisie et en Afrique"},"content":{"rendered":"<p>La Tunisie a connu des tournages de films tr\u00e8s t\u00f4t. En fait, les op\u00e9rateurs Lumi\u00e8re ont r\u00e9alis\u00e9 en 1896 les premiers films dans notre pays.<br \/>\nExotisme, intrigues et aventures<br \/>\nEnsuite, plusieurs documentaires d&rsquo;actualit\u00e9s ont \u00e9t\u00e9 tourn\u00e9s un peu partout dans le pays.<br \/>\nIl faudra attendre 1919 pour qu&rsquo;ait lieu le tournage d&rsquo;une \u0153uvre de fiction, qui plus est un long m\u00e9trage.<\/p>\n<p>Ce film tourn\u00e9 en Tunisie est d&rsquo;ailleurs le premier \u00e0 l&rsquo;avoir \u00e9t\u00e9 sur le continent africain.<br \/>\nIl s&rsquo;agit de l\u2019\u0153uvre de Luitz Morat intitul\u00e9e \u00ab\u00a0Les cinq gentlemen maudits\u00a0\u00bb et adapt\u00e9e du roman de Andr\u00e9 Reuze. Interpr\u00e9t\u00e9 par Pierre Regnier, Yvonne Devigne et Andr\u00e9 Luguet, ce film, de mani\u00e8re classique \u00e0 l&rsquo;\u00e9poque, \u00e9tait truff\u00e9 de sc\u00e8nes exotiques, mettant en \u00e9vidence les d\u00e9cors tunisiens.<br \/>\nStars fran\u00e7aises et premiers com\u00e9diens tunisiens<br \/>\nProduit et pr\u00e9sent\u00e9 au public le 3 septembre 1920, ce film muet en noir et blanc comprenait au g\u00e9n\u00e9rique deux com\u00e9diens tunisiens dont les noms sont Aicha Mabrouka et Ahmed Ben Abdallah.<\/p>\n<p>Ils devaient jouer dans ce film le r\u00f4le d&rsquo;un vieil homme en haillons accompagn\u00e9 d&rsquo;une jeune fille voil\u00e9e qui rencontreront les cinq gentlemen. Et c&rsquo;est lorsque l&rsquo;un des jeunes hommes tentera de d\u00e9voiler la jeune fille que le vieil homme le maudira en des termes qui annon\u00e7aient aussi la mort de ses quatre compagnons..<\/p>\n<p>Luitz Morat, r\u00e9alisateur du film y jouait \u00e9galement un r\u00f4le. Cet acteur fran\u00e7ais a v\u00e9cu de 1884 \u00e0 1929 et r\u00e9alis\u00e9 quelques films parmi lesquels \u00ab\u00a0Les cinq gentlemen maudits\u00a0\u00bb dont ils est aussi le producteur.<br \/>\nLe remake de Julien Duvivier<br \/>\nCe film fut un tel succ\u00e8s en France qu&rsquo;un remake vit le jour une douzaine d&rsquo;ann\u00e9es plus tard, en 1931. Cette nouvelle version des aventures des cinq gentlemen fut tourn\u00e9e au Maroc par le r\u00e9alisateur Julien Duvivier avec dans les r\u00f4les principaux Harry Baur et Ren\u00e9 Lef\u00e8vre.<\/p>\n<p>Cruel paradoxe, la version de Duvivier est beaucoup plus connue que celle de Morat, notamment gr\u00e2ce \u00e0 la notori\u00e9t\u00e9 de Harry Baur mais aussi parce que le film connut une version am\u00e9ricaine sous le titre \u00ab\u00a0Moon over Morocco\u00a0\u00bb.<br \/>\nH.B.<\/p>\n","protected":false},"excerpt":{"rendered":"<p>En 1919,  Les cinq gentlemen maudits , premier long m\u00e9trage tourn\u00e9 en Tunisie et en Afrique<\/p>\n","protected":false},"author":3229,"featured_media":327189,"comment_status":"open","ping_status":"closed","sticky":false,"template":"","format":"standard","meta":{"footnotes":""},"categories":[2596],"tags":[2600],"class_list":["post-187207","post","type-post","status-publish","format-standard","has-post-thumbnail","hentry","category-chroniques","tag-guerre"],"yoast_head":"<!-- This site is optimized with the Yoast SEO Premium plugin v27.5 (Yoast SEO v27.5) - https:\/\/yoast.com\/product\/yoast-seo-premium-wordpress\/ -->\n<title>En 1919, Les cinq gentlemen maudits , premier long m\u00e9trage tourn\u00e9 en Tunisie et en Afrique<\/title>\n<meta name=\"description\" content=\"En 1919, Les cinq gentlemen maudits , premier long m\u00e9trage tourn\u00e9 en Tunisie et en Afrique\" \/>\n<link rel=\"canonical\" href=\"https:\/\/www.webdo.tn\/fr\/actualite\/chroniques\/1919-cinq-gentlemen-maudits-premier-long-metrage-tourne-tunisie-afrique\/187207\/\" \/>\n<meta property=\"og:locale\" content=\"fr_FR\" \/>\n<meta property=\"og:type\" content=\"article\" \/>\n<meta property=\"og:title\" content=\"En 1919, &quot;Les cinq gentlemen maudits&quot;, premier long m\u00e9trage tourn\u00e9 en Tunisie et en Afrique\" \/>\n<meta property=\"og:description\" content=\"En 1919, Les cinq gentlemen maudits , premier long m\u00e9trage tourn\u00e9 en Tunisie et en Afrique\" \/>\n<meta property=\"og:url\" content=\"https:\/\/www.webdo.tn\/fr\/actualite\/chroniques\/1919-cinq-gentlemen-maudits-premier-long-metrage-tourne-tunisie-afrique\/187207\/\" \/>\n<meta property=\"og:site_name\" content=\"webdo\" \/>\n<meta property=\"article:publisher\" content=\"https:\/\/www.facebook.com\/webdotn\" \/>\n<meta property=\"article:author\" content=\"https:\/\/www.facebook.com\/hatem.bourial.2025\" \/>\n<meta property=\"article:published_time\" content=\"2016-09-24T12:31:00+00:00\" \/>\n<meta property=\"og:image\" content=\"https:\/\/www.webdo.tn\/fr\/wp-content\/uploads\/2016\/09\/Luitz-Morat-300x222-1.jpg\" \/>\n\t<meta property=\"og:image:width\" content=\"300\" \/>\n\t<meta property=\"og:image:height\" content=\"222\" \/>\n\t<meta property=\"og:image:type\" content=\"image\/jpeg\" \/>\n<meta name=\"author\" content=\"Hatem Bourial\" \/>\n<meta name=\"twitter:card\" content=\"summary_large_image\" \/>\n<meta name=\"twitter:creator\" content=\"@webdo_tn\" \/>\n<meta name=\"twitter:site\" content=\"@webdo_tn\" \/>\n<meta name=\"twitter:label1\" content=\"\u00c9crit par\" \/>\n\t<meta name=\"twitter:data1\" content=\"Hatem Bourial\" \/>\n\t<meta name=\"twitter:label2\" content=\"Dur\u00e9e de lecture estim\u00e9e\" \/>\n\t<meta name=\"twitter:data2\" content=\"2 minutes\" \/>\n<script type=\"application\/ld+json\" class=\"yoast-schema-graph\">{\"@context\":\"https:\\\/\\\/schema.org\",\"@graph\":[{\"@type\":\"NewsArticle\",\"@id\":\"https:\\\/\\\/www.webdo.tn\\\/fr\\\/actualite\\\/chroniques\\\/1919-cinq-gentlemen-maudits-premier-long-metrage-tourne-tunisie-afrique\\\/187207\\\/#article\",\"isPartOf\":{\"@id\":\"https:\\\/\\\/www.webdo.tn\\\/fr\\\/actualite\\\/chroniques\\\/1919-cinq-gentlemen-maudits-premier-long-metrage-tourne-tunisie-afrique\\\/187207\\\/\"},\"author\":{\"name\":\"Hatem Bourial\",\"@id\":\"https:\\\/\\\/www.webdo.tn\\\/fr\\\/#\\\/schema\\\/person\\\/6bc0beba2cd23aec27cb5df85ca2554f\"},\"headline\":\"En 1919, \u00ab\u00a0Les cinq gentlemen maudits\u00a0\u00bb, premier long m\u00e9trage tourn\u00e9 en Tunisie et en Afrique\",\"datePublished\":\"2016-09-24T12:31:00+00:00\",\"mainEntityOfPage\":{\"@id\":\"https:\\\/\\\/www.webdo.tn\\\/fr\\\/actualite\\\/chroniques\\\/1919-cinq-gentlemen-maudits-premier-long-metrage-tourne-tunisie-afrique\\\/187207\\\/\"},\"wordCount\":398,\"commentCount\":0,\"publisher\":{\"@id\":\"https:\\\/\\\/www.webdo.tn\\\/fr\\\/#organization\"},\"image\":{\"@id\":\"https:\\\/\\\/www.webdo.tn\\\/fr\\\/actualite\\\/chroniques\\\/1919-cinq-gentlemen-maudits-premier-long-metrage-tourne-tunisie-afrique\\\/187207\\\/#primaryimage\"},\"thumbnailUrl\":\"https:\\\/\\\/www.webdo.tn\\\/fr\\\/wp-content\\\/uploads\\\/2016\\\/09\\\/Luitz-Morat-300x222-1.jpg\",\"keywords\":[\"guerre\"],\"articleSection\":[\"Chroniques\"],\"inLanguage\":\"fr-FR\"},{\"@type\":\"WebPage\",\"@id\":\"https:\\\/\\\/www.webdo.tn\\\/fr\\\/actualite\\\/chroniques\\\/1919-cinq-gentlemen-maudits-premier-long-metrage-tourne-tunisie-afrique\\\/187207\\\/\",\"url\":\"https:\\\/\\\/www.webdo.tn\\\/fr\\\/actualite\\\/chroniques\\\/1919-cinq-gentlemen-maudits-premier-long-metrage-tourne-tunisie-afrique\\\/187207\\\/\",\"name\":\"En 1919, Les cinq gentlemen maudits , premier long m\u00e9trage tourn\u00e9 en Tunisie et en Afrique\",\"isPartOf\":{\"@id\":\"https:\\\/\\\/www.webdo.tn\\\/fr\\\/#website\"},\"primaryImageOfPage\":{\"@id\":\"https:\\\/\\\/www.webdo.tn\\\/fr\\\/actualite\\\/chroniques\\\/1919-cinq-gentlemen-maudits-premier-long-metrage-tourne-tunisie-afrique\\\/187207\\\/#primaryimage\"},\"image\":{\"@id\":\"https:\\\/\\\/www.webdo.tn\\\/fr\\\/actualite\\\/chroniques\\\/1919-cinq-gentlemen-maudits-premier-long-metrage-tourne-tunisie-afrique\\\/187207\\\/#primaryimage\"},\"thumbnailUrl\":\"https:\\\/\\\/www.webdo.tn\\\/fr\\\/wp-content\\\/uploads\\\/2016\\\/09\\\/Luitz-Morat-300x222-1.jpg\",\"datePublished\":\"2016-09-24T12:31:00+00:00\",\"description\":\"En 1919, Les cinq gentlemen maudits , premier long m\u00e9trage tourn\u00e9 en Tunisie et en Afrique\",\"breadcrumb\":{\"@id\":\"https:\\\/\\\/www.webdo.tn\\\/fr\\\/actualite\\\/chroniques\\\/1919-cinq-gentlemen-maudits-premier-long-metrage-tourne-tunisie-afrique\\\/187207\\\/#breadcrumb\"},\"inLanguage\":\"fr-FR\",\"potentialAction\":[{\"@type\":\"ReadAction\",\"target\":[\"https:\\\/\\\/www.webdo.tn\\\/fr\\\/actualite\\\/chroniques\\\/1919-cinq-gentlemen-maudits-premier-long-metrage-tourne-tunisie-afrique\\\/187207\\\/\"]}]},{\"@type\":\"ImageObject\",\"inLanguage\":\"fr-FR\",\"@id\":\"https:\\\/\\\/www.webdo.tn\\\/fr\\\/actualite\\\/chroniques\\\/1919-cinq-gentlemen-maudits-premier-long-metrage-tourne-tunisie-afrique\\\/187207\\\/#primaryimage\",\"url\":\"https:\\\/\\\/www.webdo.tn\\\/fr\\\/wp-content\\\/uploads\\\/2016\\\/09\\\/Luitz-Morat-300x222-1.jpg\",\"contentUrl\":\"https:\\\/\\\/www.webdo.tn\\\/fr\\\/wp-content\\\/uploads\\\/2016\\\/09\\\/Luitz-Morat-300x222-1.jpg\",\"width\":300,\"height\":222,\"caption\":\"En 1919, \\\"Les cinq gentlemen maudits\\\", premier long m\u00e9trage tourn\u00e9 en Tunisie et en Afrique\"},{\"@type\":\"BreadcrumbList\",\"@id\":\"https:\\\/\\\/www.webdo.tn\\\/fr\\\/actualite\\\/chroniques\\\/1919-cinq-gentlemen-maudits-premier-long-metrage-tourne-tunisie-afrique\\\/187207\\\/#breadcrumb\",\"itemListElement\":[{\"@type\":\"ListItem\",\"position\":1,\"name\":\"Accueil\",\"item\":\"https:\\\/\\\/www.webdo.tn\\\/fr\\\/\"},{\"@type\":\"ListItem\",\"position\":2,\"name\":\"En 1919, &#8220;Les cinq gentlemen maudits&#8221;, premier long m\u00e9trage tourn\u00e9 en Tunisie et en Afrique\"}]},{\"@type\":\"WebSite\",\"@id\":\"https:\\\/\\\/www.webdo.tn\\\/fr\\\/#website\",\"url\":\"https:\\\/\\\/www.webdo.tn\\\/fr\\\/\",\"name\":\"webdo\",\"description\":\"Tunisie - News en Tunisie et \u00e0 l&#039;international sur Webdo.tn\",\"publisher\":{\"@id\":\"https:\\\/\\\/www.webdo.tn\\\/fr\\\/#organization\"},\"potentialAction\":[{\"@type\":\"SearchAction\",\"target\":{\"@type\":\"EntryPoint\",\"urlTemplate\":\"https:\\\/\\\/www.webdo.tn\\\/fr\\\/?s={search_term_string}\"},\"query-input\":{\"@type\":\"PropertyValueSpecification\",\"valueRequired\":true,\"valueName\":\"search_term_string\"}}],\"inLanguage\":\"fr-FR\"},{\"@type\":\"Organization\",\"@id\":\"https:\\\/\\\/www.webdo.tn\\\/fr\\\/#organization\",\"name\":\"Webdo\",\"alternateName\":\"Webdo.tn\",\"url\":\"https:\\\/\\\/www.webdo.tn\\\/fr\\\/\",\"logo\":{\"@type\":\"ImageObject\",\"inLanguage\":\"fr-FR\",\"@id\":\"https:\\\/\\\/www.webdo.tn\\\/fr\\\/#\\\/schema\\\/logo\\\/image\\\/\",\"url\":\"https:\\\/\\\/www.webdo.tn\\\/fr\\\/wp-content\\\/uploads\\\/2025\\\/06\\\/Webdo-Tunisie_168377.jpg\",\"contentUrl\":\"https:\\\/\\\/www.webdo.tn\\\/fr\\\/wp-content\\\/uploads\\\/2025\\\/06\\\/Webdo-Tunisie_168377.jpg\",\"width\":301,\"height\":301,\"caption\":\"Webdo\"},\"image\":{\"@id\":\"https:\\\/\\\/www.webdo.tn\\\/fr\\\/#\\\/schema\\\/logo\\\/image\\\/\"},\"sameAs\":[\"https:\\\/\\\/www.facebook.com\\\/webdotn\",\"https:\\\/\\\/x.com\\\/webdo_tn\"],\"description\":\"Webdo est un m\u00e9dia num\u00e9rique tunisien fond\u00e9 en 2010, sp\u00e9cialis\u00e9 dans l\u2019actualit\u00e9 nationale et internationale, l\u2019\u00e9conomie, la soci\u00e9t\u00e9 et les analyses politiques. Le site s\u2019adresse \u00e0 un large public francophone et couvre l\u2019information tunisienne en temps r\u00e9el.\",\"email\":\"redac@webdo.tn\",\"legalName\":\"YNJ SARL\",\"foundingDate\":\"2010-09-06\",\"numberOfEmployees\":{\"@type\":\"QuantitativeValue\",\"minValue\":\"11\",\"maxValue\":\"50\"}},{\"@type\":\"Person\",\"@id\":\"https:\\\/\\\/www.webdo.tn\\\/fr\\\/#\\\/schema\\\/person\\\/6bc0beba2cd23aec27cb5df85ca2554f\",\"name\":\"Hatem Bourial\",\"image\":{\"@type\":\"ImageObject\",\"inLanguage\":\"fr-FR\",\"@id\":\"https:\\\/\\\/www.webdo.tn\\\/fr\\\/wp-content\\\/uploads\\\/2026\\\/04\\\/hatem-bourial_avatar-96x96.jpg\",\"url\":\"https:\\\/\\\/www.webdo.tn\\\/fr\\\/wp-content\\\/uploads\\\/2026\\\/04\\\/hatem-bourial_avatar-96x96.jpg\",\"contentUrl\":\"https:\\\/\\\/www.webdo.tn\\\/fr\\\/wp-content\\\/uploads\\\/2026\\\/04\\\/hatem-bourial_avatar-96x96.jpg\",\"caption\":\"Hatem Bourial\"},\"description\":\"Hatem Bourial est journaliste, \u00e9crivain et chroniqueur tunisien. Actif depuis plusieurs d\u00e9cennies, il s\u2019est impos\u00e9 comme un observateur attentif de la soci\u00e9t\u00e9 tunisienne, m\u00ealant dans ses \u00e9crits m\u00e9moire, culture et analyse du quotidien. Auteur de nombreux ouvrages, il d\u00e9veloppe une \u0153uvre \u00e0 la crois\u00e9e du r\u00e9cit, de la po\u00e9sie et de l\u2019observation sociologique. Parall\u00e8lement \u00e0 ses contributions dans la presse, il intervient r\u00e9guli\u00e8rement \u00e0 la radio et dans des espaces culturels, o\u00f9 il explore les enjeux li\u00e9s au patrimoine, \u00e0 l\u2019identit\u00e9 et aux transformations du monde contemporain. \u00c0 travers ses chroniques, Hatem Bourial propose une lecture sensible et approfondie de l\u2019actualit\u00e9, nourrie par une exp\u00e9rience journalistique et litt\u00e9raire reconnue. \ud83d\udd17 Facebook : https:\\\/\\\/www.facebook.com\\\/hatem.bourial.2025\",\"sameAs\":[\"https:\\\/\\\/www.facebook.com\\\/hatem.bourial.2025\",\"https:\\\/\\\/fr.wikipedia.org\\\/wiki\\\/Fichier:Hatem_Bourial.jpg\"],\"knowsAbout\":[\"Culture & patrimoine tunisien\",\"Chronique soci\u00e9tale\",\"Litt\u00e9rature & m\u00e9moire\",\"Cin\u00e9ma & critique culturelle\",\"Identit\u00e9 & mutations sociales\"],\"knowsLanguage\":[\"Arabe\",\"Fran\u00e7ais\",\"Anglais\",\"Italien\",\"Polonais\"],\"jobTitle\":\"Journaliste, \u00e9crivain et chroniqueur culturel\",\"worksFor\":\"Webdo\",\"url\":\"https:\\\/\\\/www.webdo.tn\\\/fr\\\/actualite\\\/author\\\/hatem-bourial-2\\\/\"}]}<\/script>\n<!-- \/ Yoast SEO Premium plugin. -->","yoast_head_json":{"title":"En 1919, Les cinq gentlemen maudits , premier long m\u00e9trage tourn\u00e9 en Tunisie et en Afrique","description":"En 1919, Les cinq gentlemen maudits , premier long m\u00e9trage tourn\u00e9 en Tunisie et en Afrique","canonical":"https:\/\/www.webdo.tn\/fr\/actualite\/chroniques\/1919-cinq-gentlemen-maudits-premier-long-metrage-tourne-tunisie-afrique\/187207\/","og_locale":"fr_FR","og_type":"article","og_title":"En 1919, \"Les cinq gentlemen maudits\", premier long m\u00e9trage tourn\u00e9 en Tunisie et en Afrique","og_description":"En 1919, Les cinq gentlemen maudits , premier long m\u00e9trage tourn\u00e9 en Tunisie et en Afrique","og_url":"https:\/\/www.webdo.tn\/fr\/actualite\/chroniques\/1919-cinq-gentlemen-maudits-premier-long-metrage-tourne-tunisie-afrique\/187207\/","og_site_name":"webdo","article_publisher":"https:\/\/www.facebook.com\/webdotn","article_author":"https:\/\/www.facebook.com\/hatem.bourial.2025","article_published_time":"2016-09-24T12:31:00+00:00","og_image":[{"width":300,"height":222,"url":"https:\/\/www.webdo.tn\/fr\/wp-content\/uploads\/2016\/09\/Luitz-Morat-300x222-1.jpg","type":"image\/jpeg"}],"author":"Hatem Bourial","twitter_card":"summary_large_image","twitter_creator":"@webdo_tn","twitter_site":"@webdo_tn","twitter_misc":{"\u00c9crit par":"Hatem Bourial","Dur\u00e9e de lecture estim\u00e9e":"2 minutes"},"schema":{"@context":"https:\/\/schema.org","@graph":[{"@type":"NewsArticle","@id":"https:\/\/www.webdo.tn\/fr\/actualite\/chroniques\/1919-cinq-gentlemen-maudits-premier-long-metrage-tourne-tunisie-afrique\/187207\/#article","isPartOf":{"@id":"https:\/\/www.webdo.tn\/fr\/actualite\/chroniques\/1919-cinq-gentlemen-maudits-premier-long-metrage-tourne-tunisie-afrique\/187207\/"},"author":{"name":"Hatem Bourial","@id":"https:\/\/www.webdo.tn\/fr\/#\/schema\/person\/6bc0beba2cd23aec27cb5df85ca2554f"},"headline":"En 1919, \u00ab\u00a0Les cinq gentlemen maudits\u00a0\u00bb, premier long m\u00e9trage tourn\u00e9 en Tunisie et en Afrique","datePublished":"2016-09-24T12:31:00+00:00","mainEntityOfPage":{"@id":"https:\/\/www.webdo.tn\/fr\/actualite\/chroniques\/1919-cinq-gentlemen-maudits-premier-long-metrage-tourne-tunisie-afrique\/187207\/"},"wordCount":398,"commentCount":0,"publisher":{"@id":"https:\/\/www.webdo.tn\/fr\/#organization"},"image":{"@id":"https:\/\/www.webdo.tn\/fr\/actualite\/chroniques\/1919-cinq-gentlemen-maudits-premier-long-metrage-tourne-tunisie-afrique\/187207\/#primaryimage"},"thumbnailUrl":"https:\/\/www.webdo.tn\/fr\/wp-content\/uploads\/2016\/09\/Luitz-Morat-300x222-1.jpg","keywords":["guerre"],"articleSection":["Chroniques"],"inLanguage":"fr-FR"},{"@type":"WebPage","@id":"https:\/\/www.webdo.tn\/fr\/actualite\/chroniques\/1919-cinq-gentlemen-maudits-premier-long-metrage-tourne-tunisie-afrique\/187207\/","url":"https:\/\/www.webdo.tn\/fr\/actualite\/chroniques\/1919-cinq-gentlemen-maudits-premier-long-metrage-tourne-tunisie-afrique\/187207\/","name":"En 1919, Les cinq gentlemen maudits , premier long m\u00e9trage tourn\u00e9 en Tunisie et en Afrique","isPartOf":{"@id":"https:\/\/www.webdo.tn\/fr\/#website"},"primaryImageOfPage":{"@id":"https:\/\/www.webdo.tn\/fr\/actualite\/chroniques\/1919-cinq-gentlemen-maudits-premier-long-metrage-tourne-tunisie-afrique\/187207\/#primaryimage"},"image":{"@id":"https:\/\/www.webdo.tn\/fr\/actualite\/chroniques\/1919-cinq-gentlemen-maudits-premier-long-metrage-tourne-tunisie-afrique\/187207\/#primaryimage"},"thumbnailUrl":"https:\/\/www.webdo.tn\/fr\/wp-content\/uploads\/2016\/09\/Luitz-Morat-300x222-1.jpg","datePublished":"2016-09-24T12:31:00+00:00","description":"En 1919, Les cinq gentlemen maudits , premier long m\u00e9trage tourn\u00e9 en Tunisie et en Afrique","breadcrumb":{"@id":"https:\/\/www.webdo.tn\/fr\/actualite\/chroniques\/1919-cinq-gentlemen-maudits-premier-long-metrage-tourne-tunisie-afrique\/187207\/#breadcrumb"},"inLanguage":"fr-FR","potentialAction":[{"@type":"ReadAction","target":["https:\/\/www.webdo.tn\/fr\/actualite\/chroniques\/1919-cinq-gentlemen-maudits-premier-long-metrage-tourne-tunisie-afrique\/187207\/"]}]},{"@type":"ImageObject","inLanguage":"fr-FR","@id":"https:\/\/www.webdo.tn\/fr\/actualite\/chroniques\/1919-cinq-gentlemen-maudits-premier-long-metrage-tourne-tunisie-afrique\/187207\/#primaryimage","url":"https:\/\/www.webdo.tn\/fr\/wp-content\/uploads\/2016\/09\/Luitz-Morat-300x222-1.jpg","contentUrl":"https:\/\/www.webdo.tn\/fr\/wp-content\/uploads\/2016\/09\/Luitz-Morat-300x222-1.jpg","width":300,"height":222,"caption":"En 1919, \"Les cinq gentlemen maudits\", premier long m\u00e9trage tourn\u00e9 en Tunisie et en Afrique"},{"@type":"BreadcrumbList","@id":"https:\/\/www.webdo.tn\/fr\/actualite\/chroniques\/1919-cinq-gentlemen-maudits-premier-long-metrage-tourne-tunisie-afrique\/187207\/#breadcrumb","itemListElement":[{"@type":"ListItem","position":1,"name":"Accueil","item":"https:\/\/www.webdo.tn\/fr\/"},{"@type":"ListItem","position":2,"name":"En 1919, &#8220;Les cinq gentlemen maudits&#8221;, premier long m\u00e9trage tourn\u00e9 en Tunisie et en Afrique"}]},{"@type":"WebSite","@id":"https:\/\/www.webdo.tn\/fr\/#website","url":"https:\/\/www.webdo.tn\/fr\/","name":"webdo","description":"Tunisie - News en Tunisie et \u00e0 l&#039;international sur Webdo.tn","publisher":{"@id":"https:\/\/www.webdo.tn\/fr\/#organization"},"potentialAction":[{"@type":"SearchAction","target":{"@type":"EntryPoint","urlTemplate":"https:\/\/www.webdo.tn\/fr\/?s={search_term_string}"},"query-input":{"@type":"PropertyValueSpecification","valueRequired":true,"valueName":"search_term_string"}}],"inLanguage":"fr-FR"},{"@type":"Organization","@id":"https:\/\/www.webdo.tn\/fr\/#organization","name":"Webdo","alternateName":"Webdo.tn","url":"https:\/\/www.webdo.tn\/fr\/","logo":{"@type":"ImageObject","inLanguage":"fr-FR","@id":"https:\/\/www.webdo.tn\/fr\/#\/schema\/logo\/image\/","url":"https:\/\/www.webdo.tn\/fr\/wp-content\/uploads\/2025\/06\/Webdo-Tunisie_168377.jpg","contentUrl":"https:\/\/www.webdo.tn\/fr\/wp-content\/uploads\/2025\/06\/Webdo-Tunisie_168377.jpg","width":301,"height":301,"caption":"Webdo"},"image":{"@id":"https:\/\/www.webdo.tn\/fr\/#\/schema\/logo\/image\/"},"sameAs":["https:\/\/www.facebook.com\/webdotn","https:\/\/x.com\/webdo_tn"],"description":"Webdo est un m\u00e9dia num\u00e9rique tunisien fond\u00e9 en 2010, sp\u00e9cialis\u00e9 dans l\u2019actualit\u00e9 nationale et internationale, l\u2019\u00e9conomie, la soci\u00e9t\u00e9 et les analyses politiques. Le site s\u2019adresse \u00e0 un large public francophone et couvre l\u2019information tunisienne en temps r\u00e9el.","email":"redac@webdo.tn","legalName":"YNJ SARL","foundingDate":"2010-09-06","numberOfEmployees":{"@type":"QuantitativeValue","minValue":"11","maxValue":"50"}},{"@type":"Person","@id":"https:\/\/www.webdo.tn\/fr\/#\/schema\/person\/6bc0beba2cd23aec27cb5df85ca2554f","name":"Hatem Bourial","image":{"@type":"ImageObject","inLanguage":"fr-FR","@id":"https:\/\/www.webdo.tn\/fr\/wp-content\/uploads\/2026\/04\/hatem-bourial_avatar-96x96.jpg","url":"https:\/\/www.webdo.tn\/fr\/wp-content\/uploads\/2026\/04\/hatem-bourial_avatar-96x96.jpg","contentUrl":"https:\/\/www.webdo.tn\/fr\/wp-content\/uploads\/2026\/04\/hatem-bourial_avatar-96x96.jpg","caption":"Hatem Bourial"},"description":"Hatem Bourial est journaliste, \u00e9crivain et chroniqueur tunisien. Actif depuis plusieurs d\u00e9cennies, il s\u2019est impos\u00e9 comme un observateur attentif de la soci\u00e9t\u00e9 tunisienne, m\u00ealant dans ses \u00e9crits m\u00e9moire, culture et analyse du quotidien. Auteur de nombreux ouvrages, il d\u00e9veloppe une \u0153uvre \u00e0 la crois\u00e9e du r\u00e9cit, de la po\u00e9sie et de l\u2019observation sociologique. Parall\u00e8lement \u00e0 ses contributions dans la presse, il intervient r\u00e9guli\u00e8rement \u00e0 la radio et dans des espaces culturels, o\u00f9 il explore les enjeux li\u00e9s au patrimoine, \u00e0 l\u2019identit\u00e9 et aux transformations du monde contemporain. \u00c0 travers ses chroniques, Hatem Bourial propose une lecture sensible et approfondie de l\u2019actualit\u00e9, nourrie par une exp\u00e9rience journalistique et litt\u00e9raire reconnue. \ud83d\udd17 Facebook : https:\/\/www.facebook.com\/hatem.bourial.2025","sameAs":["https:\/\/www.facebook.com\/hatem.bourial.2025","https:\/\/fr.wikipedia.org\/wiki\/Fichier:Hatem_Bourial.jpg"],"knowsAbout":["Culture & patrimoine tunisien","Chronique soci\u00e9tale","Litt\u00e9rature & m\u00e9moire","Cin\u00e9ma & critique culturelle","Identit\u00e9 & mutations sociales"],"knowsLanguage":["Arabe","Fran\u00e7ais","Anglais","Italien","Polonais"],"jobTitle":"Journaliste, \u00e9crivain et chroniqueur culturel","worksFor":"Webdo","url":"https:\/\/www.webdo.tn\/fr\/actualite\/author\/hatem-bourial-2\/"}]}},"_links":{"self":[{"href":"https:\/\/www.webdo.tn\/fr\/wp-json\/wp\/v2\/posts\/187207","targetHints":{"allow":["GET"]}}],"collection":[{"href":"https:\/\/www.webdo.tn\/fr\/wp-json\/wp\/v2\/posts"}],"about":[{"href":"https:\/\/www.webdo.tn\/fr\/wp-json\/wp\/v2\/types\/post"}],"author":[{"embeddable":true,"href":"https:\/\/www.webdo.tn\/fr\/wp-json\/wp\/v2\/users\/3229"}],"replies":[{"embeddable":true,"href":"https:\/\/www.webdo.tn\/fr\/wp-json\/wp\/v2\/comments?post=187207"}],"version-history":[{"count":0,"href":"https:\/\/www.webdo.tn\/fr\/wp-json\/wp\/v2\/posts\/187207\/revisions"}],"wp:featuredmedia":[{"embeddable":true,"href":"https:\/\/www.webdo.tn\/fr\/wp-json\/wp\/v2\/media\/327189"}],"wp:attachment":[{"href":"https:\/\/www.webdo.tn\/fr\/wp-json\/wp\/v2\/media?parent=187207"}],"wp:term":[{"taxonomy":"category","embeddable":true,"href":"https:\/\/www.webdo.tn\/fr\/wp-json\/wp\/v2\/categories?post=187207"},{"taxonomy":"post_tag","embeddable":true,"href":"https:\/\/www.webdo.tn\/fr\/wp-json\/wp\/v2\/tags?post=187207"}],"curies":[{"name":"wp","href":"https:\/\/api.w.org\/{rel}","templated":true}]}}