{"id":187203,"date":"2016-09-20T08:17:00","date_gmt":"2016-09-20T08:17:00","guid":{"rendered":"https:\/\/www.webdo.tn\/fr\/blog\/gouvernement-dunion-nationale-deficit-dunite-populaire\/187203\/"},"modified":"2025-05-19T09:06:50","modified_gmt":"2025-05-19T09:06:50","slug":"gouvernement-dunion-nationale-deficit-dunite-populaire","status":"publish","type":"post","link":"https:\/\/www.webdo.tn\/fr\/actualite\/chroniques\/gouvernement-dunion-nationale-deficit-dunite-populaire\/187203\/","title":{"rendered":"Gouvernement d&rsquo;union nationale : Et le d\u00e9ficit d&rsquo;unit\u00e9 populaire ?"},"content":{"rendered":"<p>Doter la Tunisie d&rsquo;un gouvernement d&rsquo;unit\u00e9 nationale, c&rsquo;est bien beau mais cela pourrait ne pas suffire.<\/p>\n<p>En effet, cette union nationale est pour le moment simplement comprise comme une entente entre plusieurs partis politiques pour \u00e9largir la majorit\u00e9 au pouvoir en incluant les organisations syndicales des travailleurs, des patrons et des agriculteurs.C&rsquo;est aussi d&rsquo;unit\u00e9 populaire autour d&rsquo;un projet dont nous avons besoin<br \/>\nToutefois, cette union nationale m\u00e9riterait aussi une assise populaire, une d\u00e9marche d&rsquo;unit\u00e9 populaire qui viendrait consolider cet acquis important qu&rsquo;est un gouvernement d&rsquo;union nationale. Il manque aujourd&rsquo;hui un processus d&rsquo;adh\u00e9sion populaire aux strat\u00e9gies politiciennes d&rsquo;inclusion.<\/p>\n<p>Plusieurs semaines apr\u00e8s son intronisation, le nouveau gouvernement en est r\u00e9duit \u00e0 colmater les br\u00e8ches et parer au plus urgent.<\/p>\n<p>La nouvelle majorit\u00e9 &#8211; m\u00eame \u00e9largie &#8211; demeure inaudible, comme en panne d&rsquo;un dessein pour la Tunisie, un projet global et consensuel pour les Tunisiens.<br \/>\nQui saura mobiliser la Tunisie autour d&rsquo;un dessein de progr\u00e8s ?<br \/>\nEt pourtant, ce dessein, il suffirait peut-\u00eatre de l&rsquo;exprimer ! Les Tunisiens attendent en vain les mots et les actes qui les galvaniseront, leur donneront un nouvel \u00e9lan, f\u00e9d\u00e9reront leurs \u00e9nergies disparates voire oppos\u00e9es.<\/p>\n<p>Ce dessein devrait constituer un horizon palpable et, pour le gouvernement d&rsquo;union nationale, il ne suffira pas de repl\u00e2trer ou limiter la casse mais il faudra aussi mettre le cap sur le moyen terme et susciter un sursaut \u00e0 la fois imp\u00e9ratif et salutaire parmi les Tunisiens.<\/p>\n<p>Sinon, ce bel \u00e9difice pourrait s&rsquo;effriter tel un ch\u00e2teau de cartes ou perdre sa boussole comme un miroir aux alouettes.<br \/>\nLes experts peuvent tout savoir mais ne rien pouvoir<br \/>\nA force de privil\u00e9gier la parole des experts, on en oublierait que ce sont les politiques qui sont cens\u00e9s mener la barque. A moins qu&rsquo;ils ne se d\u00e9faussent sur les experts sachant la situation amplement compromise et les r\u00e9formes incontournables difficiles \u00e0 mettre en \u0153uvre&#8230;<\/p>\n<p>De mani\u00e8re surprenante, la d\u00e9mocratie tunisienne semble subir un d\u00e9ficit du politique, un recours incantatoire aux experts, des excroissances politiciennes, un consensus mou qui anesth\u00e9sie tout d\u00e9bat de fond et des urgences toujours report\u00e9es aux calendes grecques&#8230;<\/p>\n<p>Comment, d\u00e8s lors, sortir de l&rsquo;impasse ?<br \/>\nH.B.<\/p>\n","protected":false},"excerpt":{"rendered":"<p>Gouvernement d&rsquo;union nationale : Et le d\u00e9ficit d&rsquo;unit\u00e9 populaire ?<\/p>\n","protected":false},"author":3229,"featured_media":312959,"comment_status":"open","ping_status":"closed","sticky":false,"template":"","format":"standard","meta":{"footnotes":""},"categories":[2596],"tags":[2600],"class_list":["post-187203","post","type-post","status-publish","format-standard","has-post-thumbnail","hentry","category-chroniques","tag-guerre"],"yoast_head":"<!-- This site is optimized with the Yoast SEO Premium plugin v27.5 (Yoast SEO v27.5) - https:\/\/yoast.com\/product\/yoast-seo-premium-wordpress\/ -->\n<title>Gouvernement d&#039;union nationale : Et le d\u00e9ficit d&#039;unit\u00e9 populaire ?<\/title>\n<meta name=\"description\" content=\"Gouvernement d&#039;union nationale : Et le d\u00e9ficit d&#039;unit\u00e9 populaire ?\" \/>\n<link rel=\"canonical\" href=\"https:\/\/www.webdo.tn\/fr\/actualite\/chroniques\/gouvernement-dunion-nationale-deficit-dunite-populaire\/187203\/\" \/>\n<meta property=\"og:locale\" content=\"fr_FR\" \/>\n<meta property=\"og:type\" content=\"article\" \/>\n<meta property=\"og:title\" content=\"Gouvernement d&#039;union nationale : Et le d\u00e9ficit d&#039;unit\u00e9 populaire ?\" \/>\n<meta property=\"og:description\" content=\"Gouvernement d&#039;union nationale : Et le d\u00e9ficit d&#039;unit\u00e9 populaire ?\" \/>\n<meta property=\"og:url\" content=\"https:\/\/www.webdo.tn\/fr\/actualite\/chroniques\/gouvernement-dunion-nationale-deficit-dunite-populaire\/187203\/\" \/>\n<meta property=\"og:site_name\" content=\"webdo\" \/>\n<meta property=\"article:publisher\" content=\"https:\/\/www.facebook.com\/webdotn\" \/>\n<meta property=\"article:author\" content=\"https:\/\/www.facebook.com\/hatem.bourial.2025\" \/>\n<meta property=\"article:published_time\" content=\"2016-09-20T08:17:00+00:00\" \/>\n<meta property=\"article:modified_time\" content=\"2025-05-19T09:06:50+00:00\" \/>\n<meta property=\"og:image\" content=\"https:\/\/www.webdo.tn\/fr\/wp-content\/uploads\/2016\/09\/Gouvernement-Chahed-e1472463743716.jpg\" \/>\n\t<meta property=\"og:image:width\" content=\"600\" \/>\n\t<meta property=\"og:image:height\" content=\"387\" \/>\n\t<meta property=\"og:image:type\" content=\"image\/jpeg\" \/>\n<meta name=\"author\" content=\"Hatem Bourial\" \/>\n<meta name=\"twitter:card\" content=\"summary_large_image\" \/>\n<meta name=\"twitter:creator\" content=\"@webdo_tn\" \/>\n<meta name=\"twitter:site\" content=\"@webdo_tn\" \/>\n<meta name=\"twitter:label1\" content=\"\u00c9crit par\" \/>\n\t<meta name=\"twitter:data1\" content=\"Hatem Bourial\" \/>\n\t<meta name=\"twitter:label2\" content=\"Dur\u00e9e de lecture estim\u00e9e\" \/>\n\t<meta name=\"twitter:data2\" content=\"2 minutes\" \/>\n<script type=\"application\/ld+json\" class=\"yoast-schema-graph\">{\"@context\":\"https:\\\/\\\/schema.org\",\"@graph\":[{\"@type\":\"NewsArticle\",\"@id\":\"https:\\\/\\\/www.webdo.tn\\\/fr\\\/actualite\\\/chroniques\\\/gouvernement-dunion-nationale-deficit-dunite-populaire\\\/187203\\\/#article\",\"isPartOf\":{\"@id\":\"https:\\\/\\\/www.webdo.tn\\\/fr\\\/actualite\\\/chroniques\\\/gouvernement-dunion-nationale-deficit-dunite-populaire\\\/187203\\\/\"},\"author\":{\"name\":\"Hatem Bourial\",\"@id\":\"https:\\\/\\\/www.webdo.tn\\\/fr\\\/#\\\/schema\\\/person\\\/6bc0beba2cd23aec27cb5df85ca2554f\"},\"headline\":\"Gouvernement d&rsquo;union nationale : Et le d\u00e9ficit d&rsquo;unit\u00e9 populaire ?\",\"datePublished\":\"2016-09-20T08:17:00+00:00\",\"dateModified\":\"2025-05-19T09:06:50+00:00\",\"mainEntityOfPage\":{\"@id\":\"https:\\\/\\\/www.webdo.tn\\\/fr\\\/actualite\\\/chroniques\\\/gouvernement-dunion-nationale-deficit-dunite-populaire\\\/187203\\\/\"},\"wordCount\":406,\"commentCount\":0,\"publisher\":{\"@id\":\"https:\\\/\\\/www.webdo.tn\\\/fr\\\/#organization\"},\"image\":{\"@id\":\"https:\\\/\\\/www.webdo.tn\\\/fr\\\/actualite\\\/chroniques\\\/gouvernement-dunion-nationale-deficit-dunite-populaire\\\/187203\\\/#primaryimage\"},\"thumbnailUrl\":\"https:\\\/\\\/www.webdo.tn\\\/fr\\\/wp-content\\\/uploads\\\/2016\\\/09\\\/Gouvernement-Chahed-e1472463743716.jpg\",\"keywords\":[\"guerre\"],\"articleSection\":[\"Chroniques\"],\"inLanguage\":\"fr-FR\"},{\"@type\":\"WebPage\",\"@id\":\"https:\\\/\\\/www.webdo.tn\\\/fr\\\/actualite\\\/chroniques\\\/gouvernement-dunion-nationale-deficit-dunite-populaire\\\/187203\\\/\",\"url\":\"https:\\\/\\\/www.webdo.tn\\\/fr\\\/actualite\\\/chroniques\\\/gouvernement-dunion-nationale-deficit-dunite-populaire\\\/187203\\\/\",\"name\":\"Gouvernement d'union nationale : Et le d\u00e9ficit d'unit\u00e9 populaire ?\",\"isPartOf\":{\"@id\":\"https:\\\/\\\/www.webdo.tn\\\/fr\\\/#website\"},\"primaryImageOfPage\":{\"@id\":\"https:\\\/\\\/www.webdo.tn\\\/fr\\\/actualite\\\/chroniques\\\/gouvernement-dunion-nationale-deficit-dunite-populaire\\\/187203\\\/#primaryimage\"},\"image\":{\"@id\":\"https:\\\/\\\/www.webdo.tn\\\/fr\\\/actualite\\\/chroniques\\\/gouvernement-dunion-nationale-deficit-dunite-populaire\\\/187203\\\/#primaryimage\"},\"thumbnailUrl\":\"https:\\\/\\\/www.webdo.tn\\\/fr\\\/wp-content\\\/uploads\\\/2016\\\/09\\\/Gouvernement-Chahed-e1472463743716.jpg\",\"datePublished\":\"2016-09-20T08:17:00+00:00\",\"dateModified\":\"2025-05-19T09:06:50+00:00\",\"description\":\"Gouvernement d'union nationale : Et le d\u00e9ficit d'unit\u00e9 populaire ?\",\"breadcrumb\":{\"@id\":\"https:\\\/\\\/www.webdo.tn\\\/fr\\\/actualite\\\/chroniques\\\/gouvernement-dunion-nationale-deficit-dunite-populaire\\\/187203\\\/#breadcrumb\"},\"inLanguage\":\"fr-FR\",\"potentialAction\":[{\"@type\":\"ReadAction\",\"target\":[\"https:\\\/\\\/www.webdo.tn\\\/fr\\\/actualite\\\/chroniques\\\/gouvernement-dunion-nationale-deficit-dunite-populaire\\\/187203\\\/\"]}]},{\"@type\":\"ImageObject\",\"inLanguage\":\"fr-FR\",\"@id\":\"https:\\\/\\\/www.webdo.tn\\\/fr\\\/actualite\\\/chroniques\\\/gouvernement-dunion-nationale-deficit-dunite-populaire\\\/187203\\\/#primaryimage\",\"url\":\"https:\\\/\\\/www.webdo.tn\\\/fr\\\/wp-content\\\/uploads\\\/2016\\\/09\\\/Gouvernement-Chahed-e1472463743716.jpg\",\"contentUrl\":\"https:\\\/\\\/www.webdo.tn\\\/fr\\\/wp-content\\\/uploads\\\/2016\\\/09\\\/Gouvernement-Chahed-e1472463743716.jpg\",\"width\":600,\"height\":387,\"caption\":\"Gouvernement d'union nationale : Et le d\u00e9ficit d'unit\u00e9 populaire ?\"},{\"@type\":\"BreadcrumbList\",\"@id\":\"https:\\\/\\\/www.webdo.tn\\\/fr\\\/actualite\\\/chroniques\\\/gouvernement-dunion-nationale-deficit-dunite-populaire\\\/187203\\\/#breadcrumb\",\"itemListElement\":[{\"@type\":\"ListItem\",\"position\":1,\"name\":\"Accueil\",\"item\":\"https:\\\/\\\/www.webdo.tn\\\/fr\\\/\"},{\"@type\":\"ListItem\",\"position\":2,\"name\":\"Gouvernement d&#8217;union nationale : Et le d\u00e9ficit d&#8217;unit\u00e9 populaire ?\"}]},{\"@type\":\"WebSite\",\"@id\":\"https:\\\/\\\/www.webdo.tn\\\/fr\\\/#website\",\"url\":\"https:\\\/\\\/www.webdo.tn\\\/fr\\\/\",\"name\":\"webdo\",\"description\":\"Tunisie - News en Tunisie et \u00e0 l&#039;international sur Webdo.tn\",\"publisher\":{\"@id\":\"https:\\\/\\\/www.webdo.tn\\\/fr\\\/#organization\"},\"potentialAction\":[{\"@type\":\"SearchAction\",\"target\":{\"@type\":\"EntryPoint\",\"urlTemplate\":\"https:\\\/\\\/www.webdo.tn\\\/fr\\\/?s={search_term_string}\"},\"query-input\":{\"@type\":\"PropertyValueSpecification\",\"valueRequired\":true,\"valueName\":\"search_term_string\"}}],\"inLanguage\":\"fr-FR\"},{\"@type\":\"Organization\",\"@id\":\"https:\\\/\\\/www.webdo.tn\\\/fr\\\/#organization\",\"name\":\"Webdo\",\"alternateName\":\"Webdo.tn\",\"url\":\"https:\\\/\\\/www.webdo.tn\\\/fr\\\/\",\"logo\":{\"@type\":\"ImageObject\",\"inLanguage\":\"fr-FR\",\"@id\":\"https:\\\/\\\/www.webdo.tn\\\/fr\\\/#\\\/schema\\\/logo\\\/image\\\/\",\"url\":\"https:\\\/\\\/www.webdo.tn\\\/fr\\\/wp-content\\\/uploads\\\/2025\\\/06\\\/Webdo-Tunisie_168377.jpg\",\"contentUrl\":\"https:\\\/\\\/www.webdo.tn\\\/fr\\\/wp-content\\\/uploads\\\/2025\\\/06\\\/Webdo-Tunisie_168377.jpg\",\"width\":301,\"height\":301,\"caption\":\"Webdo\"},\"image\":{\"@id\":\"https:\\\/\\\/www.webdo.tn\\\/fr\\\/#\\\/schema\\\/logo\\\/image\\\/\"},\"sameAs\":[\"https:\\\/\\\/www.facebook.com\\\/webdotn\",\"https:\\\/\\\/x.com\\\/webdo_tn\"],\"description\":\"Webdo est un m\u00e9dia num\u00e9rique tunisien fond\u00e9 en 2010, sp\u00e9cialis\u00e9 dans l\u2019actualit\u00e9 nationale et internationale, l\u2019\u00e9conomie, la soci\u00e9t\u00e9 et les analyses politiques. Le site s\u2019adresse \u00e0 un large public francophone et couvre l\u2019information tunisienne en temps r\u00e9el.\",\"email\":\"redac@webdo.tn\",\"legalName\":\"YNJ SARL\",\"foundingDate\":\"2010-09-06\",\"numberOfEmployees\":{\"@type\":\"QuantitativeValue\",\"minValue\":\"11\",\"maxValue\":\"50\"}},{\"@type\":\"Person\",\"@id\":\"https:\\\/\\\/www.webdo.tn\\\/fr\\\/#\\\/schema\\\/person\\\/6bc0beba2cd23aec27cb5df85ca2554f\",\"name\":\"Hatem Bourial\",\"image\":{\"@type\":\"ImageObject\",\"inLanguage\":\"fr-FR\",\"@id\":\"https:\\\/\\\/www.webdo.tn\\\/fr\\\/wp-content\\\/uploads\\\/2026\\\/04\\\/hatem-bourial_avatar-96x96.jpg\",\"url\":\"https:\\\/\\\/www.webdo.tn\\\/fr\\\/wp-content\\\/uploads\\\/2026\\\/04\\\/hatem-bourial_avatar-96x96.jpg\",\"contentUrl\":\"https:\\\/\\\/www.webdo.tn\\\/fr\\\/wp-content\\\/uploads\\\/2026\\\/04\\\/hatem-bourial_avatar-96x96.jpg\",\"caption\":\"Hatem Bourial\"},\"description\":\"Hatem Bourial est journaliste, \u00e9crivain et chroniqueur tunisien. Actif depuis plusieurs d\u00e9cennies, il s\u2019est impos\u00e9 comme un observateur attentif de la soci\u00e9t\u00e9 tunisienne, m\u00ealant dans ses \u00e9crits m\u00e9moire, culture et analyse du quotidien. Auteur de nombreux ouvrages, il d\u00e9veloppe une \u0153uvre \u00e0 la crois\u00e9e du r\u00e9cit, de la po\u00e9sie et de l\u2019observation sociologique. Parall\u00e8lement \u00e0 ses contributions dans la presse, il intervient r\u00e9guli\u00e8rement \u00e0 la radio et dans des espaces culturels, o\u00f9 il explore les enjeux li\u00e9s au patrimoine, \u00e0 l\u2019identit\u00e9 et aux transformations du monde contemporain. \u00c0 travers ses chroniques, Hatem Bourial propose une lecture sensible et approfondie de l\u2019actualit\u00e9, nourrie par une exp\u00e9rience journalistique et litt\u00e9raire reconnue. \ud83d\udd17 Facebook : https:\\\/\\\/www.facebook.com\\\/hatem.bourial.2025\",\"sameAs\":[\"https:\\\/\\\/www.facebook.com\\\/hatem.bourial.2025\",\"https:\\\/\\\/fr.wikipedia.org\\\/wiki\\\/Fichier:Hatem_Bourial.jpg\"],\"knowsAbout\":[\"Culture & patrimoine tunisien\",\"Chronique soci\u00e9tale\",\"Litt\u00e9rature & m\u00e9moire\",\"Cin\u00e9ma & critique culturelle\",\"Identit\u00e9 & mutations sociales\"],\"knowsLanguage\":[\"Arabe\",\"Fran\u00e7ais\",\"Anglais\",\"Italien\",\"Polonais\"],\"jobTitle\":\"Journaliste, \u00e9crivain et chroniqueur culturel\",\"worksFor\":\"Webdo\",\"url\":\"https:\\\/\\\/www.webdo.tn\\\/fr\\\/actualite\\\/author\\\/hatem-bourial-2\\\/\"}]}<\/script>\n<!-- \/ Yoast SEO Premium plugin. -->","yoast_head_json":{"title":"Gouvernement d'union nationale : Et le d\u00e9ficit d'unit\u00e9 populaire ?","description":"Gouvernement d'union nationale : Et le d\u00e9ficit d'unit\u00e9 populaire ?","canonical":"https:\/\/www.webdo.tn\/fr\/actualite\/chroniques\/gouvernement-dunion-nationale-deficit-dunite-populaire\/187203\/","og_locale":"fr_FR","og_type":"article","og_title":"Gouvernement d'union nationale : Et le d\u00e9ficit d'unit\u00e9 populaire ?","og_description":"Gouvernement d'union nationale : Et le d\u00e9ficit d'unit\u00e9 populaire ?","og_url":"https:\/\/www.webdo.tn\/fr\/actualite\/chroniques\/gouvernement-dunion-nationale-deficit-dunite-populaire\/187203\/","og_site_name":"webdo","article_publisher":"https:\/\/www.facebook.com\/webdotn","article_author":"https:\/\/www.facebook.com\/hatem.bourial.2025","article_published_time":"2016-09-20T08:17:00+00:00","article_modified_time":"2025-05-19T09:06:50+00:00","og_image":[{"width":600,"height":387,"url":"https:\/\/www.webdo.tn\/fr\/wp-content\/uploads\/2016\/09\/Gouvernement-Chahed-e1472463743716.jpg","type":"image\/jpeg"}],"author":"Hatem Bourial","twitter_card":"summary_large_image","twitter_creator":"@webdo_tn","twitter_site":"@webdo_tn","twitter_misc":{"\u00c9crit par":"Hatem Bourial","Dur\u00e9e de lecture estim\u00e9e":"2 minutes"},"schema":{"@context":"https:\/\/schema.org","@graph":[{"@type":"NewsArticle","@id":"https:\/\/www.webdo.tn\/fr\/actualite\/chroniques\/gouvernement-dunion-nationale-deficit-dunite-populaire\/187203\/#article","isPartOf":{"@id":"https:\/\/www.webdo.tn\/fr\/actualite\/chroniques\/gouvernement-dunion-nationale-deficit-dunite-populaire\/187203\/"},"author":{"name":"Hatem Bourial","@id":"https:\/\/www.webdo.tn\/fr\/#\/schema\/person\/6bc0beba2cd23aec27cb5df85ca2554f"},"headline":"Gouvernement d&rsquo;union nationale : Et le d\u00e9ficit d&rsquo;unit\u00e9 populaire ?","datePublished":"2016-09-20T08:17:00+00:00","dateModified":"2025-05-19T09:06:50+00:00","mainEntityOfPage":{"@id":"https:\/\/www.webdo.tn\/fr\/actualite\/chroniques\/gouvernement-dunion-nationale-deficit-dunite-populaire\/187203\/"},"wordCount":406,"commentCount":0,"publisher":{"@id":"https:\/\/www.webdo.tn\/fr\/#organization"},"image":{"@id":"https:\/\/www.webdo.tn\/fr\/actualite\/chroniques\/gouvernement-dunion-nationale-deficit-dunite-populaire\/187203\/#primaryimage"},"thumbnailUrl":"https:\/\/www.webdo.tn\/fr\/wp-content\/uploads\/2016\/09\/Gouvernement-Chahed-e1472463743716.jpg","keywords":["guerre"],"articleSection":["Chroniques"],"inLanguage":"fr-FR"},{"@type":"WebPage","@id":"https:\/\/www.webdo.tn\/fr\/actualite\/chroniques\/gouvernement-dunion-nationale-deficit-dunite-populaire\/187203\/","url":"https:\/\/www.webdo.tn\/fr\/actualite\/chroniques\/gouvernement-dunion-nationale-deficit-dunite-populaire\/187203\/","name":"Gouvernement d'union nationale : Et le d\u00e9ficit d'unit\u00e9 populaire ?","isPartOf":{"@id":"https:\/\/www.webdo.tn\/fr\/#website"},"primaryImageOfPage":{"@id":"https:\/\/www.webdo.tn\/fr\/actualite\/chroniques\/gouvernement-dunion-nationale-deficit-dunite-populaire\/187203\/#primaryimage"},"image":{"@id":"https:\/\/www.webdo.tn\/fr\/actualite\/chroniques\/gouvernement-dunion-nationale-deficit-dunite-populaire\/187203\/#primaryimage"},"thumbnailUrl":"https:\/\/www.webdo.tn\/fr\/wp-content\/uploads\/2016\/09\/Gouvernement-Chahed-e1472463743716.jpg","datePublished":"2016-09-20T08:17:00+00:00","dateModified":"2025-05-19T09:06:50+00:00","description":"Gouvernement d'union nationale : Et le d\u00e9ficit d'unit\u00e9 populaire ?","breadcrumb":{"@id":"https:\/\/www.webdo.tn\/fr\/actualite\/chroniques\/gouvernement-dunion-nationale-deficit-dunite-populaire\/187203\/#breadcrumb"},"inLanguage":"fr-FR","potentialAction":[{"@type":"ReadAction","target":["https:\/\/www.webdo.tn\/fr\/actualite\/chroniques\/gouvernement-dunion-nationale-deficit-dunite-populaire\/187203\/"]}]},{"@type":"ImageObject","inLanguage":"fr-FR","@id":"https:\/\/www.webdo.tn\/fr\/actualite\/chroniques\/gouvernement-dunion-nationale-deficit-dunite-populaire\/187203\/#primaryimage","url":"https:\/\/www.webdo.tn\/fr\/wp-content\/uploads\/2016\/09\/Gouvernement-Chahed-e1472463743716.jpg","contentUrl":"https:\/\/www.webdo.tn\/fr\/wp-content\/uploads\/2016\/09\/Gouvernement-Chahed-e1472463743716.jpg","width":600,"height":387,"caption":"Gouvernement d'union nationale : Et le d\u00e9ficit d'unit\u00e9 populaire ?"},{"@type":"BreadcrumbList","@id":"https:\/\/www.webdo.tn\/fr\/actualite\/chroniques\/gouvernement-dunion-nationale-deficit-dunite-populaire\/187203\/#breadcrumb","itemListElement":[{"@type":"ListItem","position":1,"name":"Accueil","item":"https:\/\/www.webdo.tn\/fr\/"},{"@type":"ListItem","position":2,"name":"Gouvernement d&#8217;union nationale : Et le d\u00e9ficit d&#8217;unit\u00e9 populaire ?"}]},{"@type":"WebSite","@id":"https:\/\/www.webdo.tn\/fr\/#website","url":"https:\/\/www.webdo.tn\/fr\/","name":"webdo","description":"Tunisie - News en Tunisie et \u00e0 l&#039;international sur Webdo.tn","publisher":{"@id":"https:\/\/www.webdo.tn\/fr\/#organization"},"potentialAction":[{"@type":"SearchAction","target":{"@type":"EntryPoint","urlTemplate":"https:\/\/www.webdo.tn\/fr\/?s={search_term_string}"},"query-input":{"@type":"PropertyValueSpecification","valueRequired":true,"valueName":"search_term_string"}}],"inLanguage":"fr-FR"},{"@type":"Organization","@id":"https:\/\/www.webdo.tn\/fr\/#organization","name":"Webdo","alternateName":"Webdo.tn","url":"https:\/\/www.webdo.tn\/fr\/","logo":{"@type":"ImageObject","inLanguage":"fr-FR","@id":"https:\/\/www.webdo.tn\/fr\/#\/schema\/logo\/image\/","url":"https:\/\/www.webdo.tn\/fr\/wp-content\/uploads\/2025\/06\/Webdo-Tunisie_168377.jpg","contentUrl":"https:\/\/www.webdo.tn\/fr\/wp-content\/uploads\/2025\/06\/Webdo-Tunisie_168377.jpg","width":301,"height":301,"caption":"Webdo"},"image":{"@id":"https:\/\/www.webdo.tn\/fr\/#\/schema\/logo\/image\/"},"sameAs":["https:\/\/www.facebook.com\/webdotn","https:\/\/x.com\/webdo_tn"],"description":"Webdo est un m\u00e9dia num\u00e9rique tunisien fond\u00e9 en 2010, sp\u00e9cialis\u00e9 dans l\u2019actualit\u00e9 nationale et internationale, l\u2019\u00e9conomie, la soci\u00e9t\u00e9 et les analyses politiques. Le site s\u2019adresse \u00e0 un large public francophone et couvre l\u2019information tunisienne en temps r\u00e9el.","email":"redac@webdo.tn","legalName":"YNJ SARL","foundingDate":"2010-09-06","numberOfEmployees":{"@type":"QuantitativeValue","minValue":"11","maxValue":"50"}},{"@type":"Person","@id":"https:\/\/www.webdo.tn\/fr\/#\/schema\/person\/6bc0beba2cd23aec27cb5df85ca2554f","name":"Hatem Bourial","image":{"@type":"ImageObject","inLanguage":"fr-FR","@id":"https:\/\/www.webdo.tn\/fr\/wp-content\/uploads\/2026\/04\/hatem-bourial_avatar-96x96.jpg","url":"https:\/\/www.webdo.tn\/fr\/wp-content\/uploads\/2026\/04\/hatem-bourial_avatar-96x96.jpg","contentUrl":"https:\/\/www.webdo.tn\/fr\/wp-content\/uploads\/2026\/04\/hatem-bourial_avatar-96x96.jpg","caption":"Hatem Bourial"},"description":"Hatem Bourial est journaliste, \u00e9crivain et chroniqueur tunisien. Actif depuis plusieurs d\u00e9cennies, il s\u2019est impos\u00e9 comme un observateur attentif de la soci\u00e9t\u00e9 tunisienne, m\u00ealant dans ses \u00e9crits m\u00e9moire, culture et analyse du quotidien. Auteur de nombreux ouvrages, il d\u00e9veloppe une \u0153uvre \u00e0 la crois\u00e9e du r\u00e9cit, de la po\u00e9sie et de l\u2019observation sociologique. Parall\u00e8lement \u00e0 ses contributions dans la presse, il intervient r\u00e9guli\u00e8rement \u00e0 la radio et dans des espaces culturels, o\u00f9 il explore les enjeux li\u00e9s au patrimoine, \u00e0 l\u2019identit\u00e9 et aux transformations du monde contemporain. \u00c0 travers ses chroniques, Hatem Bourial propose une lecture sensible et approfondie de l\u2019actualit\u00e9, nourrie par une exp\u00e9rience journalistique et litt\u00e9raire reconnue. \ud83d\udd17 Facebook : https:\/\/www.facebook.com\/hatem.bourial.2025","sameAs":["https:\/\/www.facebook.com\/hatem.bourial.2025","https:\/\/fr.wikipedia.org\/wiki\/Fichier:Hatem_Bourial.jpg"],"knowsAbout":["Culture & patrimoine tunisien","Chronique soci\u00e9tale","Litt\u00e9rature & m\u00e9moire","Cin\u00e9ma & critique culturelle","Identit\u00e9 & mutations sociales"],"knowsLanguage":["Arabe","Fran\u00e7ais","Anglais","Italien","Polonais"],"jobTitle":"Journaliste, \u00e9crivain et chroniqueur culturel","worksFor":"Webdo","url":"https:\/\/www.webdo.tn\/fr\/actualite\/author\/hatem-bourial-2\/"}]}},"_links":{"self":[{"href":"https:\/\/www.webdo.tn\/fr\/wp-json\/wp\/v2\/posts\/187203","targetHints":{"allow":["GET"]}}],"collection":[{"href":"https:\/\/www.webdo.tn\/fr\/wp-json\/wp\/v2\/posts"}],"about":[{"href":"https:\/\/www.webdo.tn\/fr\/wp-json\/wp\/v2\/types\/post"}],"author":[{"embeddable":true,"href":"https:\/\/www.webdo.tn\/fr\/wp-json\/wp\/v2\/users\/3229"}],"replies":[{"embeddable":true,"href":"https:\/\/www.webdo.tn\/fr\/wp-json\/wp\/v2\/comments?post=187203"}],"version-history":[{"count":0,"href":"https:\/\/www.webdo.tn\/fr\/wp-json\/wp\/v2\/posts\/187203\/revisions"}],"wp:featuredmedia":[{"embeddable":true,"href":"https:\/\/www.webdo.tn\/fr\/wp-json\/wp\/v2\/media\/312959"}],"wp:attachment":[{"href":"https:\/\/www.webdo.tn\/fr\/wp-json\/wp\/v2\/media?parent=187203"}],"wp:term":[{"taxonomy":"category","embeddable":true,"href":"https:\/\/www.webdo.tn\/fr\/wp-json\/wp\/v2\/categories?post=187203"},{"taxonomy":"post_tag","embeddable":true,"href":"https:\/\/www.webdo.tn\/fr\/wp-json\/wp\/v2\/tags?post=187203"}],"curies":[{"name":"wp","href":"https:\/\/api.w.org\/{rel}","templated":true}]}}