{"id":187201,"date":"2016-09-18T00:04:00","date_gmt":"2016-09-18T00:04:00","guid":{"rendered":"https:\/\/www.webdo.tn\/fr\/blog\/rtci-eloge-de-dalila-mellouli-hamadi-ben-mabrouk\/187201\/"},"modified":"2025-05-19T09:07:10","modified_gmt":"2025-05-19T09:07:10","slug":"rtci-eloge-de-dalila-mellouli-hamadi-ben-mabrouk","status":"publish","type":"post","link":"https:\/\/www.webdo.tn\/fr\/actualite\/chroniques\/rtci-eloge-de-dalila-mellouli-hamadi-ben-mabrouk\/187201\/","title":{"rendered":"RTCI : Eloge de Dalila Mellouli et Hamadi Ben Mabrouk"},"content":{"rendered":"<p>Faika est aujourd&rsquo;hui une figure l\u00e9gendaire de la radio tunisienne et plus pr\u00e9cis\u00e9ment de la chaine internationale dont elle fut longtemps le c\u0153ur battant.<br \/>\nUne longue et belle carri\u00e8re<br \/>\nDe son vrai nom Dalila Mellouli, Faika avait rejoint la radio tr\u00e8s jeune et avait fait ses premi\u00e8res armes aupr\u00e8s des t\u00e9nors de l&rsquo;\u00e9poque. Aux c\u00f4t\u00e9s de Marcel Ettore, Claire Hercellin ou Serge Erich et G\u00e9rard Aumont, la jeune Faika s&rsquo;\u00e9tait peu \u00e0 peu affirm\u00e9 puis produira avec Maurice Audran une \u00e9mission devenue mythique dans l&rsquo;histoire de RTCI.<\/p>\n<p>Il s&rsquo;agit de \u00ab\u00a0Cabaret, fum\u00e9e bleue et champagne rose\u00a0\u00bb qui fut l&rsquo;une des plus belles oeuvres radiophoniques de Faika. Avant de se consacrer au Concert des auditeurs, Faika avait sign\u00e9 plusieurs \u00e9missions culturelles, notamment \u00ab\u00a0Entretien \u00e0 mi-voix\u00a0\u00bb dans le cadre de laquelle elle re\u00e7ut aussi bien Michel Foucault que Jean Duvignaud, aussi bien Maurice Druon que Jacques Chancel.<br \/>\nTous les grands noms de la chanson<br \/>\nA l&rsquo;\u00e9poque, la f\u00eate musicale se d\u00e9ployait dans des espaces aujourd&rsquo;hui oubli\u00e9s comme l&rsquo;Hacienda de Carthage, le Casino du Belv\u00e9d\u00e8re ou la Tour Blanche de Gammarth. Au fil des ans, Faika recevra ainsi tous les grands artistes de passage \u00e0 l&rsquo;image de Mouloudji, Dalida, Aznavour, Patachou ou B\u00e9caud.<\/p>\n<p>Une vie consacr\u00e9e \u00e0 la radio laisse n\u00e9cessairement un sillage de musique et de mots choisis. Tel fut le parcours de Faika qui, entre autres \u00e9missions, produisit \u00ab\u00a0Invitation au voyage\u00a0\u00bb avec Hamadi Ben Mabrouk.<br \/>\nUne savoureuse langue fran\u00e7aise<br \/>\nLes plus jeunes des auditeurs de RTCI n&rsquo;ont pas connu Hamadi Ben Mabrouk, un intellectuel qui avait \u00e9t\u00e9 appel\u00e9 \u00e0 la rescousse pour lancer Tunis 2 \u00e0 l&rsquo;\u00e9poque o\u00f9 la radio venait d&rsquo;\u00eatre nationalis\u00e9e, \u00e0 l&rsquo;or\u00e9e des ann\u00e9es soixante, en pleine naissance de la Tunisie ind\u00e9pendante.<\/p>\n<p>J&rsquo;ai connu Hamadi Ben Mabrouk assez tard. Il \u00e9tait alors aux portes de la retraite et n&rsquo;assurait plus que quelques billets dans une langue savoureuse et un fran\u00e7ais qu&rsquo;il manipulait avec une incroyable aisance et une faconde qu&rsquo;on ne fait plus.<\/p>\n<p>De cette p\u00e9riode, lorsque je faisais mes tout premiers pas \u00e0 la radio, je garde aussi le souvenir de Abdelmajid Tlatli et celui de Mahmoud Bouali. Le premier \u00e9tait \u00e9crivain et le second m\u00e9morialiste; l&rsquo;un \u00e9crivait les billets du samedi et l&rsquo;autre les \u00e9ph\u00e9m\u00e9rides matinales.<\/p>\n<p>Hamadi Ben Mabrouk, pour sa part, \u00e9crivait aussi des articles pour la Revue de la Radio et faisait quotidiennement la navette depuis Menzel Bourguiba.<br \/>\nUn des fondateurs des JCCSon \u00e9mission la plus r\u00e9put\u00e9e est incontestablement \u00ab\u00a0A l&rsquo;or\u00e9e des ombres\u00a0\u00bb qui traitait de cin\u00e9ma. D&rsquo;ailleurs, Hamadi Ben Mabrouk \u00e9tait l&rsquo;un des fondateurs des Journ\u00e9es cin\u00e9matographiques de Carthage avec Tahar Cheriaa, Mustapha Nagbou et tous les autres. Critique culturel, il a beaucoup \u00e9crit et fut membre actif de la F\u00e9d\u00e9ration internationale de la presse cin\u00e9matographique.<\/p>\n<p>N\u00e9 en 1928, disparu en 1999, il m\u00e9riterait qu&rsquo;on se souvienne de lui lors de ces JCC du cinquantenaire, lui qui fut de la g\u00e9n\u00e9ration qui donna corps \u00e0 ce r\u00eave de cin\u00e9ma.<br \/>\nQuant au Panth\u00e9on de la radio, il y figure en bonne place en compagnie de Faika qui fut de la m\u00eame g\u00e9n\u00e9ration et d\u00e9c\u00e9dera en 2003.<br \/>\nH.B.<\/p>\n","protected":false},"excerpt":{"rendered":"<p>RTCI : Eloge de Dalila Mellouli et Hamadi Ben Mabrouk<\/p>\n","protected":false},"author":3229,"featured_media":312997,"comment_status":"open","ping_status":"closed","sticky":false,"template":"","format":"standard","meta":{"footnotes":""},"categories":[2596],"tags":[2600],"class_list":["post-187201","post","type-post","status-publish","format-standard","has-post-thumbnail","hentry","category-chroniques","tag-guerre"],"yoast_head":"<!-- This site is optimized with the Yoast SEO Premium plugin v27.5 (Yoast SEO v27.5) - https:\/\/yoast.com\/product\/yoast-seo-premium-wordpress\/ -->\n<title>RTCI : Eloge de Dalila Mellouli et Hamadi Ben Mabrouk<\/title>\n<meta name=\"description\" content=\"RTCI : Eloge de Dalila Mellouli et Hamadi Ben Mabrouk\" \/>\n<link rel=\"canonical\" href=\"https:\/\/www.webdo.tn\/fr\/actualite\/chroniques\/rtci-eloge-de-dalila-mellouli-hamadi-ben-mabrouk\/187201\/\" \/>\n<meta property=\"og:locale\" content=\"fr_FR\" \/>\n<meta property=\"og:type\" content=\"article\" \/>\n<meta property=\"og:title\" content=\"RTCI : Eloge de Dalila Mellouli et Hamadi Ben Mabrouk\" \/>\n<meta property=\"og:description\" content=\"RTCI : Eloge de Dalila Mellouli et Hamadi Ben Mabrouk\" \/>\n<meta property=\"og:url\" content=\"https:\/\/www.webdo.tn\/fr\/actualite\/chroniques\/rtci-eloge-de-dalila-mellouli-hamadi-ben-mabrouk\/187201\/\" \/>\n<meta property=\"og:site_name\" content=\"webdo\" \/>\n<meta property=\"article:publisher\" content=\"https:\/\/www.facebook.com\/webdotn\" \/>\n<meta property=\"article:author\" content=\"https:\/\/www.facebook.com\/hatem.bourial.2025\" \/>\n<meta property=\"article:published_time\" content=\"2016-09-18T00:04:00+00:00\" \/>\n<meta property=\"article:modified_time\" content=\"2025-05-19T09:07:10+00:00\" \/>\n<meta property=\"og:image\" content=\"https:\/\/www.webdo.tn\/fr\/wp-content\/uploads\/2016\/09\/Faika-Mellouli-224x300-1.jpg\" \/>\n\t<meta property=\"og:image:width\" content=\"224\" \/>\n\t<meta property=\"og:image:height\" content=\"300\" \/>\n\t<meta property=\"og:image:type\" content=\"image\/jpeg\" \/>\n<meta name=\"author\" content=\"Hatem Bourial\" \/>\n<meta name=\"twitter:card\" content=\"summary_large_image\" \/>\n<meta name=\"twitter:creator\" content=\"@webdo_tn\" \/>\n<meta name=\"twitter:site\" content=\"@webdo_tn\" \/>\n<meta name=\"twitter:label1\" content=\"\u00c9crit par\" \/>\n\t<meta name=\"twitter:data1\" content=\"Hatem Bourial\" \/>\n\t<meta name=\"twitter:label2\" content=\"Dur\u00e9e de lecture estim\u00e9e\" \/>\n\t<meta name=\"twitter:data2\" content=\"3 minutes\" \/>\n<script type=\"application\/ld+json\" class=\"yoast-schema-graph\">{\"@context\":\"https:\\\/\\\/schema.org\",\"@graph\":[{\"@type\":\"NewsArticle\",\"@id\":\"https:\\\/\\\/www.webdo.tn\\\/fr\\\/actualite\\\/chroniques\\\/rtci-eloge-de-dalila-mellouli-hamadi-ben-mabrouk\\\/187201\\\/#article\",\"isPartOf\":{\"@id\":\"https:\\\/\\\/www.webdo.tn\\\/fr\\\/actualite\\\/chroniques\\\/rtci-eloge-de-dalila-mellouli-hamadi-ben-mabrouk\\\/187201\\\/\"},\"author\":{\"name\":\"Hatem Bourial\",\"@id\":\"https:\\\/\\\/www.webdo.tn\\\/fr\\\/#\\\/schema\\\/person\\\/6bc0beba2cd23aec27cb5df85ca2554f\"},\"headline\":\"RTCI : Eloge de Dalila Mellouli et Hamadi Ben Mabrouk\",\"datePublished\":\"2016-09-18T00:04:00+00:00\",\"dateModified\":\"2025-05-19T09:07:10+00:00\",\"mainEntityOfPage\":{\"@id\":\"https:\\\/\\\/www.webdo.tn\\\/fr\\\/actualite\\\/chroniques\\\/rtci-eloge-de-dalila-mellouli-hamadi-ben-mabrouk\\\/187201\\\/\"},\"wordCount\":586,\"commentCount\":0,\"publisher\":{\"@id\":\"https:\\\/\\\/www.webdo.tn\\\/fr\\\/#organization\"},\"image\":{\"@id\":\"https:\\\/\\\/www.webdo.tn\\\/fr\\\/actualite\\\/chroniques\\\/rtci-eloge-de-dalila-mellouli-hamadi-ben-mabrouk\\\/187201\\\/#primaryimage\"},\"thumbnailUrl\":\"https:\\\/\\\/www.webdo.tn\\\/fr\\\/wp-content\\\/uploads\\\/2016\\\/09\\\/Faika-Mellouli-224x300-1.jpg\",\"keywords\":[\"guerre\"],\"articleSection\":[\"Chroniques\"],\"inLanguage\":\"fr-FR\"},{\"@type\":\"WebPage\",\"@id\":\"https:\\\/\\\/www.webdo.tn\\\/fr\\\/actualite\\\/chroniques\\\/rtci-eloge-de-dalila-mellouli-hamadi-ben-mabrouk\\\/187201\\\/\",\"url\":\"https:\\\/\\\/www.webdo.tn\\\/fr\\\/actualite\\\/chroniques\\\/rtci-eloge-de-dalila-mellouli-hamadi-ben-mabrouk\\\/187201\\\/\",\"name\":\"RTCI : Eloge de Dalila Mellouli et Hamadi Ben Mabrouk\",\"isPartOf\":{\"@id\":\"https:\\\/\\\/www.webdo.tn\\\/fr\\\/#website\"},\"primaryImageOfPage\":{\"@id\":\"https:\\\/\\\/www.webdo.tn\\\/fr\\\/actualite\\\/chroniques\\\/rtci-eloge-de-dalila-mellouli-hamadi-ben-mabrouk\\\/187201\\\/#primaryimage\"},\"image\":{\"@id\":\"https:\\\/\\\/www.webdo.tn\\\/fr\\\/actualite\\\/chroniques\\\/rtci-eloge-de-dalila-mellouli-hamadi-ben-mabrouk\\\/187201\\\/#primaryimage\"},\"thumbnailUrl\":\"https:\\\/\\\/www.webdo.tn\\\/fr\\\/wp-content\\\/uploads\\\/2016\\\/09\\\/Faika-Mellouli-224x300-1.jpg\",\"datePublished\":\"2016-09-18T00:04:00+00:00\",\"dateModified\":\"2025-05-19T09:07:10+00:00\",\"description\":\"RTCI : Eloge de Dalila Mellouli et Hamadi Ben Mabrouk\",\"breadcrumb\":{\"@id\":\"https:\\\/\\\/www.webdo.tn\\\/fr\\\/actualite\\\/chroniques\\\/rtci-eloge-de-dalila-mellouli-hamadi-ben-mabrouk\\\/187201\\\/#breadcrumb\"},\"inLanguage\":\"fr-FR\",\"potentialAction\":[{\"@type\":\"ReadAction\",\"target\":[\"https:\\\/\\\/www.webdo.tn\\\/fr\\\/actualite\\\/chroniques\\\/rtci-eloge-de-dalila-mellouli-hamadi-ben-mabrouk\\\/187201\\\/\"]}]},{\"@type\":\"ImageObject\",\"inLanguage\":\"fr-FR\",\"@id\":\"https:\\\/\\\/www.webdo.tn\\\/fr\\\/actualite\\\/chroniques\\\/rtci-eloge-de-dalila-mellouli-hamadi-ben-mabrouk\\\/187201\\\/#primaryimage\",\"url\":\"https:\\\/\\\/www.webdo.tn\\\/fr\\\/wp-content\\\/uploads\\\/2016\\\/09\\\/Faika-Mellouli-224x300-1.jpg\",\"contentUrl\":\"https:\\\/\\\/www.webdo.tn\\\/fr\\\/wp-content\\\/uploads\\\/2016\\\/09\\\/Faika-Mellouli-224x300-1.jpg\",\"width\":224,\"height\":300,\"caption\":\"RTCI : Eloge de Dalila Mellouli et Hamadi Ben Mabrouk\"},{\"@type\":\"BreadcrumbList\",\"@id\":\"https:\\\/\\\/www.webdo.tn\\\/fr\\\/actualite\\\/chroniques\\\/rtci-eloge-de-dalila-mellouli-hamadi-ben-mabrouk\\\/187201\\\/#breadcrumb\",\"itemListElement\":[{\"@type\":\"ListItem\",\"position\":1,\"name\":\"Accueil\",\"item\":\"https:\\\/\\\/www.webdo.tn\\\/fr\\\/\"},{\"@type\":\"ListItem\",\"position\":2,\"name\":\"RTCI : Eloge de Dalila Mellouli et Hamadi Ben Mabrouk\"}]},{\"@type\":\"WebSite\",\"@id\":\"https:\\\/\\\/www.webdo.tn\\\/fr\\\/#website\",\"url\":\"https:\\\/\\\/www.webdo.tn\\\/fr\\\/\",\"name\":\"webdo\",\"description\":\"Tunisie - News en Tunisie et \u00e0 l&#039;international sur Webdo.tn\",\"publisher\":{\"@id\":\"https:\\\/\\\/www.webdo.tn\\\/fr\\\/#organization\"},\"potentialAction\":[{\"@type\":\"SearchAction\",\"target\":{\"@type\":\"EntryPoint\",\"urlTemplate\":\"https:\\\/\\\/www.webdo.tn\\\/fr\\\/?s={search_term_string}\"},\"query-input\":{\"@type\":\"PropertyValueSpecification\",\"valueRequired\":true,\"valueName\":\"search_term_string\"}}],\"inLanguage\":\"fr-FR\"},{\"@type\":\"Organization\",\"@id\":\"https:\\\/\\\/www.webdo.tn\\\/fr\\\/#organization\",\"name\":\"Webdo\",\"alternateName\":\"Webdo.tn\",\"url\":\"https:\\\/\\\/www.webdo.tn\\\/fr\\\/\",\"logo\":{\"@type\":\"ImageObject\",\"inLanguage\":\"fr-FR\",\"@id\":\"https:\\\/\\\/www.webdo.tn\\\/fr\\\/#\\\/schema\\\/logo\\\/image\\\/\",\"url\":\"https:\\\/\\\/www.webdo.tn\\\/fr\\\/wp-content\\\/uploads\\\/2025\\\/06\\\/Webdo-Tunisie_168377.jpg\",\"contentUrl\":\"https:\\\/\\\/www.webdo.tn\\\/fr\\\/wp-content\\\/uploads\\\/2025\\\/06\\\/Webdo-Tunisie_168377.jpg\",\"width\":301,\"height\":301,\"caption\":\"Webdo\"},\"image\":{\"@id\":\"https:\\\/\\\/www.webdo.tn\\\/fr\\\/#\\\/schema\\\/logo\\\/image\\\/\"},\"sameAs\":[\"https:\\\/\\\/www.facebook.com\\\/webdotn\",\"https:\\\/\\\/x.com\\\/webdo_tn\"],\"description\":\"Webdo est un m\u00e9dia num\u00e9rique tunisien fond\u00e9 en 2010, sp\u00e9cialis\u00e9 dans l\u2019actualit\u00e9 nationale et internationale, l\u2019\u00e9conomie, la soci\u00e9t\u00e9 et les analyses politiques. Le site s\u2019adresse \u00e0 un large public francophone et couvre l\u2019information tunisienne en temps r\u00e9el.\",\"email\":\"redac@webdo.tn\",\"legalName\":\"YNJ SARL\",\"foundingDate\":\"2010-09-06\",\"numberOfEmployees\":{\"@type\":\"QuantitativeValue\",\"minValue\":\"11\",\"maxValue\":\"50\"}},{\"@type\":\"Person\",\"@id\":\"https:\\\/\\\/www.webdo.tn\\\/fr\\\/#\\\/schema\\\/person\\\/6bc0beba2cd23aec27cb5df85ca2554f\",\"name\":\"Hatem Bourial\",\"image\":{\"@type\":\"ImageObject\",\"inLanguage\":\"fr-FR\",\"@id\":\"https:\\\/\\\/www.webdo.tn\\\/fr\\\/wp-content\\\/uploads\\\/2026\\\/04\\\/hatem-bourial_avatar-96x96.jpg\",\"url\":\"https:\\\/\\\/www.webdo.tn\\\/fr\\\/wp-content\\\/uploads\\\/2026\\\/04\\\/hatem-bourial_avatar-96x96.jpg\",\"contentUrl\":\"https:\\\/\\\/www.webdo.tn\\\/fr\\\/wp-content\\\/uploads\\\/2026\\\/04\\\/hatem-bourial_avatar-96x96.jpg\",\"caption\":\"Hatem Bourial\"},\"description\":\"Hatem Bourial est journaliste, \u00e9crivain et chroniqueur tunisien. Actif depuis plusieurs d\u00e9cennies, il s\u2019est impos\u00e9 comme un observateur attentif de la soci\u00e9t\u00e9 tunisienne, m\u00ealant dans ses \u00e9crits m\u00e9moire, culture et analyse du quotidien. Auteur de nombreux ouvrages, il d\u00e9veloppe une \u0153uvre \u00e0 la crois\u00e9e du r\u00e9cit, de la po\u00e9sie et de l\u2019observation sociologique. Parall\u00e8lement \u00e0 ses contributions dans la presse, il intervient r\u00e9guli\u00e8rement \u00e0 la radio et dans des espaces culturels, o\u00f9 il explore les enjeux li\u00e9s au patrimoine, \u00e0 l\u2019identit\u00e9 et aux transformations du monde contemporain. \u00c0 travers ses chroniques, Hatem Bourial propose une lecture sensible et approfondie de l\u2019actualit\u00e9, nourrie par une exp\u00e9rience journalistique et litt\u00e9raire reconnue. \ud83d\udd17 Facebook : https:\\\/\\\/www.facebook.com\\\/hatem.bourial.2025\",\"sameAs\":[\"https:\\\/\\\/www.facebook.com\\\/hatem.bourial.2025\",\"https:\\\/\\\/fr.wikipedia.org\\\/wiki\\\/Fichier:Hatem_Bourial.jpg\"],\"knowsAbout\":[\"Culture & patrimoine tunisien\",\"Chronique soci\u00e9tale\",\"Litt\u00e9rature & m\u00e9moire\",\"Cin\u00e9ma & critique culturelle\",\"Identit\u00e9 & mutations sociales\"],\"knowsLanguage\":[\"Arabe\",\"Fran\u00e7ais\",\"Anglais\",\"Italien\",\"Polonais\"],\"jobTitle\":\"Journaliste, \u00e9crivain et chroniqueur culturel\",\"worksFor\":\"Webdo\",\"url\":\"https:\\\/\\\/www.webdo.tn\\\/fr\\\/actualite\\\/author\\\/hatem-bourial-2\\\/\"}]}<\/script>\n<!-- \/ Yoast SEO Premium plugin. -->","yoast_head_json":{"title":"RTCI : Eloge de Dalila Mellouli et Hamadi Ben Mabrouk","description":"RTCI : Eloge de Dalila Mellouli et Hamadi Ben Mabrouk","canonical":"https:\/\/www.webdo.tn\/fr\/actualite\/chroniques\/rtci-eloge-de-dalila-mellouli-hamadi-ben-mabrouk\/187201\/","og_locale":"fr_FR","og_type":"article","og_title":"RTCI : Eloge de Dalila Mellouli et Hamadi Ben Mabrouk","og_description":"RTCI : Eloge de Dalila Mellouli et Hamadi Ben Mabrouk","og_url":"https:\/\/www.webdo.tn\/fr\/actualite\/chroniques\/rtci-eloge-de-dalila-mellouli-hamadi-ben-mabrouk\/187201\/","og_site_name":"webdo","article_publisher":"https:\/\/www.facebook.com\/webdotn","article_author":"https:\/\/www.facebook.com\/hatem.bourial.2025","article_published_time":"2016-09-18T00:04:00+00:00","article_modified_time":"2025-05-19T09:07:10+00:00","og_image":[{"width":224,"height":300,"url":"https:\/\/www.webdo.tn\/fr\/wp-content\/uploads\/2016\/09\/Faika-Mellouli-224x300-1.jpg","type":"image\/jpeg"}],"author":"Hatem Bourial","twitter_card":"summary_large_image","twitter_creator":"@webdo_tn","twitter_site":"@webdo_tn","twitter_misc":{"\u00c9crit par":"Hatem Bourial","Dur\u00e9e de lecture estim\u00e9e":"3 minutes"},"schema":{"@context":"https:\/\/schema.org","@graph":[{"@type":"NewsArticle","@id":"https:\/\/www.webdo.tn\/fr\/actualite\/chroniques\/rtci-eloge-de-dalila-mellouli-hamadi-ben-mabrouk\/187201\/#article","isPartOf":{"@id":"https:\/\/www.webdo.tn\/fr\/actualite\/chroniques\/rtci-eloge-de-dalila-mellouli-hamadi-ben-mabrouk\/187201\/"},"author":{"name":"Hatem Bourial","@id":"https:\/\/www.webdo.tn\/fr\/#\/schema\/person\/6bc0beba2cd23aec27cb5df85ca2554f"},"headline":"RTCI : Eloge de Dalila Mellouli et Hamadi Ben Mabrouk","datePublished":"2016-09-18T00:04:00+00:00","dateModified":"2025-05-19T09:07:10+00:00","mainEntityOfPage":{"@id":"https:\/\/www.webdo.tn\/fr\/actualite\/chroniques\/rtci-eloge-de-dalila-mellouli-hamadi-ben-mabrouk\/187201\/"},"wordCount":586,"commentCount":0,"publisher":{"@id":"https:\/\/www.webdo.tn\/fr\/#organization"},"image":{"@id":"https:\/\/www.webdo.tn\/fr\/actualite\/chroniques\/rtci-eloge-de-dalila-mellouli-hamadi-ben-mabrouk\/187201\/#primaryimage"},"thumbnailUrl":"https:\/\/www.webdo.tn\/fr\/wp-content\/uploads\/2016\/09\/Faika-Mellouli-224x300-1.jpg","keywords":["guerre"],"articleSection":["Chroniques"],"inLanguage":"fr-FR"},{"@type":"WebPage","@id":"https:\/\/www.webdo.tn\/fr\/actualite\/chroniques\/rtci-eloge-de-dalila-mellouli-hamadi-ben-mabrouk\/187201\/","url":"https:\/\/www.webdo.tn\/fr\/actualite\/chroniques\/rtci-eloge-de-dalila-mellouli-hamadi-ben-mabrouk\/187201\/","name":"RTCI : Eloge de Dalila Mellouli et Hamadi Ben Mabrouk","isPartOf":{"@id":"https:\/\/www.webdo.tn\/fr\/#website"},"primaryImageOfPage":{"@id":"https:\/\/www.webdo.tn\/fr\/actualite\/chroniques\/rtci-eloge-de-dalila-mellouli-hamadi-ben-mabrouk\/187201\/#primaryimage"},"image":{"@id":"https:\/\/www.webdo.tn\/fr\/actualite\/chroniques\/rtci-eloge-de-dalila-mellouli-hamadi-ben-mabrouk\/187201\/#primaryimage"},"thumbnailUrl":"https:\/\/www.webdo.tn\/fr\/wp-content\/uploads\/2016\/09\/Faika-Mellouli-224x300-1.jpg","datePublished":"2016-09-18T00:04:00+00:00","dateModified":"2025-05-19T09:07:10+00:00","description":"RTCI : Eloge de Dalila Mellouli et Hamadi Ben Mabrouk","breadcrumb":{"@id":"https:\/\/www.webdo.tn\/fr\/actualite\/chroniques\/rtci-eloge-de-dalila-mellouli-hamadi-ben-mabrouk\/187201\/#breadcrumb"},"inLanguage":"fr-FR","potentialAction":[{"@type":"ReadAction","target":["https:\/\/www.webdo.tn\/fr\/actualite\/chroniques\/rtci-eloge-de-dalila-mellouli-hamadi-ben-mabrouk\/187201\/"]}]},{"@type":"ImageObject","inLanguage":"fr-FR","@id":"https:\/\/www.webdo.tn\/fr\/actualite\/chroniques\/rtci-eloge-de-dalila-mellouli-hamadi-ben-mabrouk\/187201\/#primaryimage","url":"https:\/\/www.webdo.tn\/fr\/wp-content\/uploads\/2016\/09\/Faika-Mellouli-224x300-1.jpg","contentUrl":"https:\/\/www.webdo.tn\/fr\/wp-content\/uploads\/2016\/09\/Faika-Mellouli-224x300-1.jpg","width":224,"height":300,"caption":"RTCI : Eloge de Dalila Mellouli et Hamadi Ben Mabrouk"},{"@type":"BreadcrumbList","@id":"https:\/\/www.webdo.tn\/fr\/actualite\/chroniques\/rtci-eloge-de-dalila-mellouli-hamadi-ben-mabrouk\/187201\/#breadcrumb","itemListElement":[{"@type":"ListItem","position":1,"name":"Accueil","item":"https:\/\/www.webdo.tn\/fr\/"},{"@type":"ListItem","position":2,"name":"RTCI : Eloge de Dalila Mellouli et Hamadi Ben Mabrouk"}]},{"@type":"WebSite","@id":"https:\/\/www.webdo.tn\/fr\/#website","url":"https:\/\/www.webdo.tn\/fr\/","name":"webdo","description":"Tunisie - News en Tunisie et \u00e0 l&#039;international sur Webdo.tn","publisher":{"@id":"https:\/\/www.webdo.tn\/fr\/#organization"},"potentialAction":[{"@type":"SearchAction","target":{"@type":"EntryPoint","urlTemplate":"https:\/\/www.webdo.tn\/fr\/?s={search_term_string}"},"query-input":{"@type":"PropertyValueSpecification","valueRequired":true,"valueName":"search_term_string"}}],"inLanguage":"fr-FR"},{"@type":"Organization","@id":"https:\/\/www.webdo.tn\/fr\/#organization","name":"Webdo","alternateName":"Webdo.tn","url":"https:\/\/www.webdo.tn\/fr\/","logo":{"@type":"ImageObject","inLanguage":"fr-FR","@id":"https:\/\/www.webdo.tn\/fr\/#\/schema\/logo\/image\/","url":"https:\/\/www.webdo.tn\/fr\/wp-content\/uploads\/2025\/06\/Webdo-Tunisie_168377.jpg","contentUrl":"https:\/\/www.webdo.tn\/fr\/wp-content\/uploads\/2025\/06\/Webdo-Tunisie_168377.jpg","width":301,"height":301,"caption":"Webdo"},"image":{"@id":"https:\/\/www.webdo.tn\/fr\/#\/schema\/logo\/image\/"},"sameAs":["https:\/\/www.facebook.com\/webdotn","https:\/\/x.com\/webdo_tn"],"description":"Webdo est un m\u00e9dia num\u00e9rique tunisien fond\u00e9 en 2010, sp\u00e9cialis\u00e9 dans l\u2019actualit\u00e9 nationale et internationale, l\u2019\u00e9conomie, la soci\u00e9t\u00e9 et les analyses politiques. Le site s\u2019adresse \u00e0 un large public francophone et couvre l\u2019information tunisienne en temps r\u00e9el.","email":"redac@webdo.tn","legalName":"YNJ SARL","foundingDate":"2010-09-06","numberOfEmployees":{"@type":"QuantitativeValue","minValue":"11","maxValue":"50"}},{"@type":"Person","@id":"https:\/\/www.webdo.tn\/fr\/#\/schema\/person\/6bc0beba2cd23aec27cb5df85ca2554f","name":"Hatem Bourial","image":{"@type":"ImageObject","inLanguage":"fr-FR","@id":"https:\/\/www.webdo.tn\/fr\/wp-content\/uploads\/2026\/04\/hatem-bourial_avatar-96x96.jpg","url":"https:\/\/www.webdo.tn\/fr\/wp-content\/uploads\/2026\/04\/hatem-bourial_avatar-96x96.jpg","contentUrl":"https:\/\/www.webdo.tn\/fr\/wp-content\/uploads\/2026\/04\/hatem-bourial_avatar-96x96.jpg","caption":"Hatem Bourial"},"description":"Hatem Bourial est journaliste, \u00e9crivain et chroniqueur tunisien. Actif depuis plusieurs d\u00e9cennies, il s\u2019est impos\u00e9 comme un observateur attentif de la soci\u00e9t\u00e9 tunisienne, m\u00ealant dans ses \u00e9crits m\u00e9moire, culture et analyse du quotidien. Auteur de nombreux ouvrages, il d\u00e9veloppe une \u0153uvre \u00e0 la crois\u00e9e du r\u00e9cit, de la po\u00e9sie et de l\u2019observation sociologique. Parall\u00e8lement \u00e0 ses contributions dans la presse, il intervient r\u00e9guli\u00e8rement \u00e0 la radio et dans des espaces culturels, o\u00f9 il explore les enjeux li\u00e9s au patrimoine, \u00e0 l\u2019identit\u00e9 et aux transformations du monde contemporain. \u00c0 travers ses chroniques, Hatem Bourial propose une lecture sensible et approfondie de l\u2019actualit\u00e9, nourrie par une exp\u00e9rience journalistique et litt\u00e9raire reconnue. \ud83d\udd17 Facebook : https:\/\/www.facebook.com\/hatem.bourial.2025","sameAs":["https:\/\/www.facebook.com\/hatem.bourial.2025","https:\/\/fr.wikipedia.org\/wiki\/Fichier:Hatem_Bourial.jpg"],"knowsAbout":["Culture & patrimoine tunisien","Chronique soci\u00e9tale","Litt\u00e9rature & m\u00e9moire","Cin\u00e9ma & critique culturelle","Identit\u00e9 & mutations sociales"],"knowsLanguage":["Arabe","Fran\u00e7ais","Anglais","Italien","Polonais"],"jobTitle":"Journaliste, \u00e9crivain et chroniqueur culturel","worksFor":"Webdo","url":"https:\/\/www.webdo.tn\/fr\/actualite\/author\/hatem-bourial-2\/"}]}},"_links":{"self":[{"href":"https:\/\/www.webdo.tn\/fr\/wp-json\/wp\/v2\/posts\/187201","targetHints":{"allow":["GET"]}}],"collection":[{"href":"https:\/\/www.webdo.tn\/fr\/wp-json\/wp\/v2\/posts"}],"about":[{"href":"https:\/\/www.webdo.tn\/fr\/wp-json\/wp\/v2\/types\/post"}],"author":[{"embeddable":true,"href":"https:\/\/www.webdo.tn\/fr\/wp-json\/wp\/v2\/users\/3229"}],"replies":[{"embeddable":true,"href":"https:\/\/www.webdo.tn\/fr\/wp-json\/wp\/v2\/comments?post=187201"}],"version-history":[{"count":0,"href":"https:\/\/www.webdo.tn\/fr\/wp-json\/wp\/v2\/posts\/187201\/revisions"}],"wp:featuredmedia":[{"embeddable":true,"href":"https:\/\/www.webdo.tn\/fr\/wp-json\/wp\/v2\/media\/312997"}],"wp:attachment":[{"href":"https:\/\/www.webdo.tn\/fr\/wp-json\/wp\/v2\/media?parent=187201"}],"wp:term":[{"taxonomy":"category","embeddable":true,"href":"https:\/\/www.webdo.tn\/fr\/wp-json\/wp\/v2\/categories?post=187201"},{"taxonomy":"post_tag","embeddable":true,"href":"https:\/\/www.webdo.tn\/fr\/wp-json\/wp\/v2\/tags?post=187201"}],"curies":[{"name":"wp","href":"https:\/\/api.w.org\/{rel}","templated":true}]}}