{"id":187197,"date":"2016-09-15T11:05:00","date_gmt":"2016-09-15T11:05:00","guid":{"rendered":"https:\/\/www.webdo.tn\/fr\/blog\/a-tunis-deux-chapelles-chretiennes-oubliees-santa-lucia-dei-siciliani-san-paolo-de-maltesi\/187197\/"},"modified":"2016-09-15T11:05:00","modified_gmt":"2016-09-15T11:05:00","slug":"a-tunis-deux-chapelles-chretiennes-oubliees-santa-lucia-dei-siciliani-san-paolo-de-maltesi","status":"publish","type":"post","link":"https:\/\/www.webdo.tn\/fr\/actualite\/chroniques\/a-tunis-deux-chapelles-chretiennes-oubliees-santa-lucia-dei-siciliani-san-paolo-de-maltesi\/187197\/","title":{"rendered":"A Tunis, deux chapelles chr\u00e9tiennes oubli\u00e9es : Santa Lucia dei Siciliani et San Paolo de Maltesi"},"content":{"rendered":"<p>Il existait dans le Tunis de la fin du dix-neuvi\u00e8me si\u00e8cle, deux chapelles chr\u00e9tiennes aujourd&rsquo;hui oubli\u00e9es et qui toutes deux ont donn\u00e9 le jour \u00e0 des \u00e9glises qui leur succ\u00e9d\u00e8rent.<br \/>\nAux origines de l&rsquo;\u00e9glise de Bab el Khadhra<br \/>\nCommen\u00e7ons par la chapelle San Paolo de Maltesi qui se trouvait \u00e0 Bab el Khadhra l\u00e0 o\u00f9 s\u2019\u00e9l\u00e8vera ensuite l&rsquo;\u00e9glise du Sacr\u00e9 C\u0153ur. D\u00e9saffect\u00e9e, cette \u00e9glise abrite aujourd&rsquo;hui des services de police et \u00e9tait tr\u00e8s fr\u00e9quent\u00e9e par les Maltais de Tunis.<\/p>\n<p>Cette chapelle a \u00e9t\u00e9 institu\u00e9e en 1882 par le cardinal Lavigerie et \u00e9tait destin\u00e9e aux Maltais.<br \/>\nLes Siciliens de Bab el Jazira<br \/>\nDe l&rsquo;autre c\u00f4t\u00e9 de la ville, dans le quartier de Bab el Jazira, s&rsquo;ouvrait la m\u00eame ann\u00e9e la chapelle Santa Lucia dei Siciliani. Cette chapelle se trouvait dans l&rsquo;actuelle rue de la Sebkha qui relie toujours Bab el Jazira et Bab el Fellah.<\/p>\n<p>Ce quartier \u00e9tait habit\u00e9 par de nombreuses familles d&rsquo;origine sicilienne pour lesquelles cette chapelle \u00e9tait destin\u00e9e.<\/p>\n<p>Une chronique d&rsquo;\u00e9poque souligne que \u00ab\u00a0chaque dimanche, plus de cent cinquante personnes s&rsquo;entassaient dans la chapelle et parfois, les fid\u00e8les d\u00e9bordaient dans la rue\u00a0\u00bb.<br \/>\nLes strat\u00e9gies du cardinal Lavigerie<br \/>\nCette chapelle est totalement disparue au profit de l&rsquo;\u00e9glise du Rosaire qui se trouvait \u00e0 Bab Djedid.<\/p>\n<p>Ces deux lieux de culte t\u00e9moignent \u00e0 leur mani\u00e8re de l&rsquo;importance des communaut\u00e9s sicilienne et maltaise et de la volont\u00e9 de l&rsquo;\u00e9glise catholique de les int\u00e9grer dans les dynamiques voulues par le cardinal Lavigerie \u00e0 cette \u00e9poque.<br \/>\nH.B.<\/p>\n","protected":false},"excerpt":{"rendered":"<p>A Tunis, deux chapelles chr\u00e9tiennes oubli\u00e9es : Santa Lucia dei Siciliani et San Paolo de Maltesi<\/p>\n","protected":false},"author":3229,"featured_media":372447,"comment_status":"open","ping_status":"closed","sticky":false,"template":"","format":"standard","meta":{"footnotes":""},"categories":[2596],"tags":[2600],"class_list":["post-187197","post","type-post","status-publish","format-standard","has-post-thumbnail","hentry","category-chroniques","tag-guerre"],"yoast_head":"<!-- This site is optimized with the Yoast SEO Premium plugin v27.5 (Yoast SEO v27.5) - https:\/\/yoast.com\/product\/yoast-seo-premium-wordpress\/ -->\n<title>A Tunis, deux chapelles chr\u00e9tiennes oubli\u00e9es : Santa Lucia dei Siciliani et San Paolo de Maltesi<\/title>\n<meta name=\"description\" content=\"A Tunis, deux chapelles chr\u00e9tiennes oubli\u00e9es : Santa Lucia dei Siciliani et San Paolo de Maltesi\" \/>\n<link rel=\"canonical\" href=\"https:\/\/www.webdo.tn\/fr\/actualite\/chroniques\/a-tunis-deux-chapelles-chretiennes-oubliees-santa-lucia-dei-siciliani-san-paolo-de-maltesi\/187197\/\" \/>\n<meta property=\"og:locale\" content=\"fr_FR\" \/>\n<meta property=\"og:type\" content=\"article\" \/>\n<meta property=\"og:title\" content=\"A Tunis, deux chapelles chr\u00e9tiennes oubli\u00e9es : Santa Lucia dei Siciliani et San Paolo de Maltesi\" \/>\n<meta property=\"og:description\" content=\"A Tunis, deux chapelles chr\u00e9tiennes oubli\u00e9es : Santa Lucia dei Siciliani et San Paolo de Maltesi\" \/>\n<meta property=\"og:url\" content=\"https:\/\/www.webdo.tn\/fr\/actualite\/chroniques\/a-tunis-deux-chapelles-chretiennes-oubliees-santa-lucia-dei-siciliani-san-paolo-de-maltesi\/187197\/\" \/>\n<meta property=\"og:site_name\" content=\"webdo\" \/>\n<meta property=\"article:publisher\" content=\"https:\/\/www.facebook.com\/webdotn\" \/>\n<meta property=\"article:author\" content=\"https:\/\/www.facebook.com\/hatem.bourial.2025\" \/>\n<meta property=\"article:published_time\" content=\"2016-09-15T11:05:00+00:00\" \/>\n<meta name=\"author\" content=\"Hatem Bourial\" \/>\n<meta name=\"twitter:card\" content=\"summary_large_image\" \/>\n<meta name=\"twitter:creator\" content=\"@webdo_tn\" \/>\n<meta name=\"twitter:site\" content=\"@webdo_tn\" \/>\n<meta name=\"twitter:label1\" content=\"\u00c9crit par\" \/>\n\t<meta name=\"twitter:data1\" content=\"Hatem Bourial\" \/>\n\t<meta name=\"twitter:label2\" content=\"Dur\u00e9e de lecture estim\u00e9e\" \/>\n\t<meta name=\"twitter:data2\" content=\"1 minute\" \/>\n<script type=\"application\/ld+json\" class=\"yoast-schema-graph\">{\"@context\":\"https:\\\/\\\/schema.org\",\"@graph\":[{\"@type\":\"NewsArticle\",\"@id\":\"https:\\\/\\\/www.webdo.tn\\\/fr\\\/actualite\\\/chroniques\\\/a-tunis-deux-chapelles-chretiennes-oubliees-santa-lucia-dei-siciliani-san-paolo-de-maltesi\\\/187197\\\/#article\",\"isPartOf\":{\"@id\":\"https:\\\/\\\/www.webdo.tn\\\/fr\\\/actualite\\\/chroniques\\\/a-tunis-deux-chapelles-chretiennes-oubliees-santa-lucia-dei-siciliani-san-paolo-de-maltesi\\\/187197\\\/\"},\"author\":{\"name\":\"Hatem Bourial\",\"@id\":\"https:\\\/\\\/www.webdo.tn\\\/fr\\\/#\\\/schema\\\/person\\\/6bc0beba2cd23aec27cb5df85ca2554f\"},\"headline\":\"A Tunis, deux chapelles chr\u00e9tiennes oubli\u00e9es : Santa Lucia dei Siciliani et San Paolo de Maltesi\",\"datePublished\":\"2016-09-15T11:05:00+00:00\",\"mainEntityOfPage\":{\"@id\":\"https:\\\/\\\/www.webdo.tn\\\/fr\\\/actualite\\\/chroniques\\\/a-tunis-deux-chapelles-chretiennes-oubliees-santa-lucia-dei-siciliani-san-paolo-de-maltesi\\\/187197\\\/\"},\"wordCount\":297,\"commentCount\":0,\"publisher\":{\"@id\":\"https:\\\/\\\/www.webdo.tn\\\/fr\\\/#organization\"},\"image\":{\"@id\":\"https:\\\/\\\/www.webdo.tn\\\/fr\\\/actualite\\\/chroniques\\\/a-tunis-deux-chapelles-chretiennes-oubliees-santa-lucia-dei-siciliani-san-paolo-de-maltesi\\\/187197\\\/#primaryimage\"},\"thumbnailUrl\":\"https:\\\/\\\/www.webdo.tn\\\/fr\\\/wp-content\\\/uploads\\\/2025\\\/06\\\/Eglise_Notre-Dame-du-Rosaire_de_Tunis-300x194_187197.jpg\",\"keywords\":[\"guerre\"],\"articleSection\":[\"Chroniques\"],\"inLanguage\":\"fr-FR\"},{\"@type\":\"WebPage\",\"@id\":\"https:\\\/\\\/www.webdo.tn\\\/fr\\\/actualite\\\/chroniques\\\/a-tunis-deux-chapelles-chretiennes-oubliees-santa-lucia-dei-siciliani-san-paolo-de-maltesi\\\/187197\\\/\",\"url\":\"https:\\\/\\\/www.webdo.tn\\\/fr\\\/actualite\\\/chroniques\\\/a-tunis-deux-chapelles-chretiennes-oubliees-santa-lucia-dei-siciliani-san-paolo-de-maltesi\\\/187197\\\/\",\"name\":\"A Tunis, deux chapelles chr\u00e9tiennes oubli\u00e9es : Santa Lucia dei Siciliani et San Paolo de Maltesi\",\"isPartOf\":{\"@id\":\"https:\\\/\\\/www.webdo.tn\\\/fr\\\/#website\"},\"primaryImageOfPage\":{\"@id\":\"https:\\\/\\\/www.webdo.tn\\\/fr\\\/actualite\\\/chroniques\\\/a-tunis-deux-chapelles-chretiennes-oubliees-santa-lucia-dei-siciliani-san-paolo-de-maltesi\\\/187197\\\/#primaryimage\"},\"image\":{\"@id\":\"https:\\\/\\\/www.webdo.tn\\\/fr\\\/actualite\\\/chroniques\\\/a-tunis-deux-chapelles-chretiennes-oubliees-santa-lucia-dei-siciliani-san-paolo-de-maltesi\\\/187197\\\/#primaryimage\"},\"thumbnailUrl\":\"https:\\\/\\\/www.webdo.tn\\\/fr\\\/wp-content\\\/uploads\\\/2025\\\/06\\\/Eglise_Notre-Dame-du-Rosaire_de_Tunis-300x194_187197.jpg\",\"datePublished\":\"2016-09-15T11:05:00+00:00\",\"description\":\"A Tunis, deux chapelles chr\u00e9tiennes oubli\u00e9es : Santa Lucia dei Siciliani et San Paolo de Maltesi\",\"breadcrumb\":{\"@id\":\"https:\\\/\\\/www.webdo.tn\\\/fr\\\/actualite\\\/chroniques\\\/a-tunis-deux-chapelles-chretiennes-oubliees-santa-lucia-dei-siciliani-san-paolo-de-maltesi\\\/187197\\\/#breadcrumb\"},\"inLanguage\":\"fr-FR\",\"potentialAction\":[{\"@type\":\"ReadAction\",\"target\":[\"https:\\\/\\\/www.webdo.tn\\\/fr\\\/actualite\\\/chroniques\\\/a-tunis-deux-chapelles-chretiennes-oubliees-santa-lucia-dei-siciliani-san-paolo-de-maltesi\\\/187197\\\/\"]}]},{\"@type\":\"ImageObject\",\"inLanguage\":\"fr-FR\",\"@id\":\"https:\\\/\\\/www.webdo.tn\\\/fr\\\/actualite\\\/chroniques\\\/a-tunis-deux-chapelles-chretiennes-oubliees-santa-lucia-dei-siciliani-san-paolo-de-maltesi\\\/187197\\\/#primaryimage\",\"url\":\"https:\\\/\\\/www.webdo.tn\\\/fr\\\/wp-content\\\/uploads\\\/2025\\\/06\\\/Eglise_Notre-Dame-du-Rosaire_de_Tunis-300x194_187197.jpg\",\"contentUrl\":\"https:\\\/\\\/www.webdo.tn\\\/fr\\\/wp-content\\\/uploads\\\/2025\\\/06\\\/Eglise_Notre-Dame-du-Rosaire_de_Tunis-300x194_187197.jpg\",\"width\":300,\"height\":194,\"caption\":\"A Tunis, deux chapelles chr\u00e9tiennes oubli\u00e9es : Santa Lucia dei Siciliani et San Paolo de Maltesi\"},{\"@type\":\"BreadcrumbList\",\"@id\":\"https:\\\/\\\/www.webdo.tn\\\/fr\\\/actualite\\\/chroniques\\\/a-tunis-deux-chapelles-chretiennes-oubliees-santa-lucia-dei-siciliani-san-paolo-de-maltesi\\\/187197\\\/#breadcrumb\",\"itemListElement\":[{\"@type\":\"ListItem\",\"position\":1,\"name\":\"Accueil\",\"item\":\"https:\\\/\\\/www.webdo.tn\\\/fr\\\/\"},{\"@type\":\"ListItem\",\"position\":2,\"name\":\"A Tunis, deux chapelles chr\u00e9tiennes oubli\u00e9es : Santa Lucia dei Siciliani et San Paolo de Maltesi\"}]},{\"@type\":\"WebSite\",\"@id\":\"https:\\\/\\\/www.webdo.tn\\\/fr\\\/#website\",\"url\":\"https:\\\/\\\/www.webdo.tn\\\/fr\\\/\",\"name\":\"webdo\",\"description\":\"Tunisie - News en Tunisie et \u00e0 l&#039;international sur Webdo.tn\",\"publisher\":{\"@id\":\"https:\\\/\\\/www.webdo.tn\\\/fr\\\/#organization\"},\"potentialAction\":[{\"@type\":\"SearchAction\",\"target\":{\"@type\":\"EntryPoint\",\"urlTemplate\":\"https:\\\/\\\/www.webdo.tn\\\/fr\\\/?s={search_term_string}\"},\"query-input\":{\"@type\":\"PropertyValueSpecification\",\"valueRequired\":true,\"valueName\":\"search_term_string\"}}],\"inLanguage\":\"fr-FR\"},{\"@type\":\"Organization\",\"@id\":\"https:\\\/\\\/www.webdo.tn\\\/fr\\\/#organization\",\"name\":\"Webdo\",\"alternateName\":\"Webdo.tn\",\"url\":\"https:\\\/\\\/www.webdo.tn\\\/fr\\\/\",\"logo\":{\"@type\":\"ImageObject\",\"inLanguage\":\"fr-FR\",\"@id\":\"https:\\\/\\\/www.webdo.tn\\\/fr\\\/#\\\/schema\\\/logo\\\/image\\\/\",\"url\":\"https:\\\/\\\/www.webdo.tn\\\/fr\\\/wp-content\\\/uploads\\\/2025\\\/06\\\/Webdo-Tunisie_168377.jpg\",\"contentUrl\":\"https:\\\/\\\/www.webdo.tn\\\/fr\\\/wp-content\\\/uploads\\\/2025\\\/06\\\/Webdo-Tunisie_168377.jpg\",\"width\":301,\"height\":301,\"caption\":\"Webdo\"},\"image\":{\"@id\":\"https:\\\/\\\/www.webdo.tn\\\/fr\\\/#\\\/schema\\\/logo\\\/image\\\/\"},\"sameAs\":[\"https:\\\/\\\/www.facebook.com\\\/webdotn\",\"https:\\\/\\\/x.com\\\/webdo_tn\"],\"description\":\"Webdo est un m\u00e9dia num\u00e9rique tunisien fond\u00e9 en 2010, sp\u00e9cialis\u00e9 dans l\u2019actualit\u00e9 nationale et internationale, l\u2019\u00e9conomie, la soci\u00e9t\u00e9 et les analyses politiques. Le site s\u2019adresse \u00e0 un large public francophone et couvre l\u2019information tunisienne en temps r\u00e9el.\",\"email\":\"redac@webdo.tn\",\"legalName\":\"YNJ SARL\",\"foundingDate\":\"2010-09-06\",\"numberOfEmployees\":{\"@type\":\"QuantitativeValue\",\"minValue\":\"11\",\"maxValue\":\"50\"}},{\"@type\":\"Person\",\"@id\":\"https:\\\/\\\/www.webdo.tn\\\/fr\\\/#\\\/schema\\\/person\\\/6bc0beba2cd23aec27cb5df85ca2554f\",\"name\":\"Hatem Bourial\",\"image\":{\"@type\":\"ImageObject\",\"inLanguage\":\"fr-FR\",\"@id\":\"https:\\\/\\\/www.webdo.tn\\\/fr\\\/wp-content\\\/uploads\\\/2026\\\/04\\\/hatem-bourial_avatar-96x96.jpg\",\"url\":\"https:\\\/\\\/www.webdo.tn\\\/fr\\\/wp-content\\\/uploads\\\/2026\\\/04\\\/hatem-bourial_avatar-96x96.jpg\",\"contentUrl\":\"https:\\\/\\\/www.webdo.tn\\\/fr\\\/wp-content\\\/uploads\\\/2026\\\/04\\\/hatem-bourial_avatar-96x96.jpg\",\"caption\":\"Hatem Bourial\"},\"description\":\"Hatem Bourial est journaliste, \u00e9crivain et chroniqueur tunisien. Actif depuis plusieurs d\u00e9cennies, il s\u2019est impos\u00e9 comme un observateur attentif de la soci\u00e9t\u00e9 tunisienne, m\u00ealant dans ses \u00e9crits m\u00e9moire, culture et analyse du quotidien. Auteur de nombreux ouvrages, il d\u00e9veloppe une \u0153uvre \u00e0 la crois\u00e9e du r\u00e9cit, de la po\u00e9sie et de l\u2019observation sociologique. Parall\u00e8lement \u00e0 ses contributions dans la presse, il intervient r\u00e9guli\u00e8rement \u00e0 la radio et dans des espaces culturels, o\u00f9 il explore les enjeux li\u00e9s au patrimoine, \u00e0 l\u2019identit\u00e9 et aux transformations du monde contemporain. \u00c0 travers ses chroniques, Hatem Bourial propose une lecture sensible et approfondie de l\u2019actualit\u00e9, nourrie par une exp\u00e9rience journalistique et litt\u00e9raire reconnue. \ud83d\udd17 Facebook : https:\\\/\\\/www.facebook.com\\\/hatem.bourial.2025\",\"sameAs\":[\"https:\\\/\\\/www.facebook.com\\\/hatem.bourial.2025\",\"https:\\\/\\\/fr.wikipedia.org\\\/wiki\\\/Fichier:Hatem_Bourial.jpg\"],\"knowsAbout\":[\"Culture & patrimoine tunisien\",\"Chronique soci\u00e9tale\",\"Litt\u00e9rature & m\u00e9moire\",\"Cin\u00e9ma & critique culturelle\",\"Identit\u00e9 & mutations sociales\"],\"knowsLanguage\":[\"Arabe\",\"Fran\u00e7ais\",\"Anglais\",\"Italien\",\"Polonais\"],\"jobTitle\":\"Journaliste, \u00e9crivain et chroniqueur culturel\",\"worksFor\":\"Webdo\",\"url\":\"https:\\\/\\\/www.webdo.tn\\\/fr\\\/actualite\\\/author\\\/hatem-bourial-2\\\/\"}]}<\/script>\n<!-- \/ Yoast SEO Premium plugin. -->","yoast_head_json":{"title":"A Tunis, deux chapelles chr\u00e9tiennes oubli\u00e9es : Santa Lucia dei Siciliani et San Paolo de Maltesi","description":"A Tunis, deux chapelles chr\u00e9tiennes oubli\u00e9es : Santa Lucia dei Siciliani et San Paolo de Maltesi","canonical":"https:\/\/www.webdo.tn\/fr\/actualite\/chroniques\/a-tunis-deux-chapelles-chretiennes-oubliees-santa-lucia-dei-siciliani-san-paolo-de-maltesi\/187197\/","og_locale":"fr_FR","og_type":"article","og_title":"A Tunis, deux chapelles chr\u00e9tiennes oubli\u00e9es : Santa Lucia dei Siciliani et San Paolo de Maltesi","og_description":"A Tunis, deux chapelles chr\u00e9tiennes oubli\u00e9es : Santa Lucia dei Siciliani et San Paolo de Maltesi","og_url":"https:\/\/www.webdo.tn\/fr\/actualite\/chroniques\/a-tunis-deux-chapelles-chretiennes-oubliees-santa-lucia-dei-siciliani-san-paolo-de-maltesi\/187197\/","og_site_name":"webdo","article_publisher":"https:\/\/www.facebook.com\/webdotn","article_author":"https:\/\/www.facebook.com\/hatem.bourial.2025","article_published_time":"2016-09-15T11:05:00+00:00","author":"Hatem Bourial","twitter_card":"summary_large_image","twitter_creator":"@webdo_tn","twitter_site":"@webdo_tn","twitter_misc":{"\u00c9crit par":"Hatem Bourial","Dur\u00e9e de lecture estim\u00e9e":"1 minute"},"schema":{"@context":"https:\/\/schema.org","@graph":[{"@type":"NewsArticle","@id":"https:\/\/www.webdo.tn\/fr\/actualite\/chroniques\/a-tunis-deux-chapelles-chretiennes-oubliees-santa-lucia-dei-siciliani-san-paolo-de-maltesi\/187197\/#article","isPartOf":{"@id":"https:\/\/www.webdo.tn\/fr\/actualite\/chroniques\/a-tunis-deux-chapelles-chretiennes-oubliees-santa-lucia-dei-siciliani-san-paolo-de-maltesi\/187197\/"},"author":{"name":"Hatem Bourial","@id":"https:\/\/www.webdo.tn\/fr\/#\/schema\/person\/6bc0beba2cd23aec27cb5df85ca2554f"},"headline":"A Tunis, deux chapelles chr\u00e9tiennes oubli\u00e9es : Santa Lucia dei Siciliani et San Paolo de Maltesi","datePublished":"2016-09-15T11:05:00+00:00","mainEntityOfPage":{"@id":"https:\/\/www.webdo.tn\/fr\/actualite\/chroniques\/a-tunis-deux-chapelles-chretiennes-oubliees-santa-lucia-dei-siciliani-san-paolo-de-maltesi\/187197\/"},"wordCount":297,"commentCount":0,"publisher":{"@id":"https:\/\/www.webdo.tn\/fr\/#organization"},"image":{"@id":"https:\/\/www.webdo.tn\/fr\/actualite\/chroniques\/a-tunis-deux-chapelles-chretiennes-oubliees-santa-lucia-dei-siciliani-san-paolo-de-maltesi\/187197\/#primaryimage"},"thumbnailUrl":"https:\/\/www.webdo.tn\/fr\/wp-content\/uploads\/2025\/06\/Eglise_Notre-Dame-du-Rosaire_de_Tunis-300x194_187197.jpg","keywords":["guerre"],"articleSection":["Chroniques"],"inLanguage":"fr-FR"},{"@type":"WebPage","@id":"https:\/\/www.webdo.tn\/fr\/actualite\/chroniques\/a-tunis-deux-chapelles-chretiennes-oubliees-santa-lucia-dei-siciliani-san-paolo-de-maltesi\/187197\/","url":"https:\/\/www.webdo.tn\/fr\/actualite\/chroniques\/a-tunis-deux-chapelles-chretiennes-oubliees-santa-lucia-dei-siciliani-san-paolo-de-maltesi\/187197\/","name":"A Tunis, deux chapelles chr\u00e9tiennes oubli\u00e9es : Santa Lucia dei Siciliani et San Paolo de Maltesi","isPartOf":{"@id":"https:\/\/www.webdo.tn\/fr\/#website"},"primaryImageOfPage":{"@id":"https:\/\/www.webdo.tn\/fr\/actualite\/chroniques\/a-tunis-deux-chapelles-chretiennes-oubliees-santa-lucia-dei-siciliani-san-paolo-de-maltesi\/187197\/#primaryimage"},"image":{"@id":"https:\/\/www.webdo.tn\/fr\/actualite\/chroniques\/a-tunis-deux-chapelles-chretiennes-oubliees-santa-lucia-dei-siciliani-san-paolo-de-maltesi\/187197\/#primaryimage"},"thumbnailUrl":"https:\/\/www.webdo.tn\/fr\/wp-content\/uploads\/2025\/06\/Eglise_Notre-Dame-du-Rosaire_de_Tunis-300x194_187197.jpg","datePublished":"2016-09-15T11:05:00+00:00","description":"A Tunis, deux chapelles chr\u00e9tiennes oubli\u00e9es : Santa Lucia dei Siciliani et San Paolo de Maltesi","breadcrumb":{"@id":"https:\/\/www.webdo.tn\/fr\/actualite\/chroniques\/a-tunis-deux-chapelles-chretiennes-oubliees-santa-lucia-dei-siciliani-san-paolo-de-maltesi\/187197\/#breadcrumb"},"inLanguage":"fr-FR","potentialAction":[{"@type":"ReadAction","target":["https:\/\/www.webdo.tn\/fr\/actualite\/chroniques\/a-tunis-deux-chapelles-chretiennes-oubliees-santa-lucia-dei-siciliani-san-paolo-de-maltesi\/187197\/"]}]},{"@type":"ImageObject","inLanguage":"fr-FR","@id":"https:\/\/www.webdo.tn\/fr\/actualite\/chroniques\/a-tunis-deux-chapelles-chretiennes-oubliees-santa-lucia-dei-siciliani-san-paolo-de-maltesi\/187197\/#primaryimage","url":"https:\/\/www.webdo.tn\/fr\/wp-content\/uploads\/2025\/06\/Eglise_Notre-Dame-du-Rosaire_de_Tunis-300x194_187197.jpg","contentUrl":"https:\/\/www.webdo.tn\/fr\/wp-content\/uploads\/2025\/06\/Eglise_Notre-Dame-du-Rosaire_de_Tunis-300x194_187197.jpg","width":300,"height":194,"caption":"A Tunis, deux chapelles chr\u00e9tiennes oubli\u00e9es : Santa Lucia dei Siciliani et San Paolo de Maltesi"},{"@type":"BreadcrumbList","@id":"https:\/\/www.webdo.tn\/fr\/actualite\/chroniques\/a-tunis-deux-chapelles-chretiennes-oubliees-santa-lucia-dei-siciliani-san-paolo-de-maltesi\/187197\/#breadcrumb","itemListElement":[{"@type":"ListItem","position":1,"name":"Accueil","item":"https:\/\/www.webdo.tn\/fr\/"},{"@type":"ListItem","position":2,"name":"A Tunis, deux chapelles chr\u00e9tiennes oubli\u00e9es : Santa Lucia dei Siciliani et San Paolo de Maltesi"}]},{"@type":"WebSite","@id":"https:\/\/www.webdo.tn\/fr\/#website","url":"https:\/\/www.webdo.tn\/fr\/","name":"webdo","description":"Tunisie - News en Tunisie et \u00e0 l&#039;international sur Webdo.tn","publisher":{"@id":"https:\/\/www.webdo.tn\/fr\/#organization"},"potentialAction":[{"@type":"SearchAction","target":{"@type":"EntryPoint","urlTemplate":"https:\/\/www.webdo.tn\/fr\/?s={search_term_string}"},"query-input":{"@type":"PropertyValueSpecification","valueRequired":true,"valueName":"search_term_string"}}],"inLanguage":"fr-FR"},{"@type":"Organization","@id":"https:\/\/www.webdo.tn\/fr\/#organization","name":"Webdo","alternateName":"Webdo.tn","url":"https:\/\/www.webdo.tn\/fr\/","logo":{"@type":"ImageObject","inLanguage":"fr-FR","@id":"https:\/\/www.webdo.tn\/fr\/#\/schema\/logo\/image\/","url":"https:\/\/www.webdo.tn\/fr\/wp-content\/uploads\/2025\/06\/Webdo-Tunisie_168377.jpg","contentUrl":"https:\/\/www.webdo.tn\/fr\/wp-content\/uploads\/2025\/06\/Webdo-Tunisie_168377.jpg","width":301,"height":301,"caption":"Webdo"},"image":{"@id":"https:\/\/www.webdo.tn\/fr\/#\/schema\/logo\/image\/"},"sameAs":["https:\/\/www.facebook.com\/webdotn","https:\/\/x.com\/webdo_tn"],"description":"Webdo est un m\u00e9dia num\u00e9rique tunisien fond\u00e9 en 2010, sp\u00e9cialis\u00e9 dans l\u2019actualit\u00e9 nationale et internationale, l\u2019\u00e9conomie, la soci\u00e9t\u00e9 et les analyses politiques. Le site s\u2019adresse \u00e0 un large public francophone et couvre l\u2019information tunisienne en temps r\u00e9el.","email":"redac@webdo.tn","legalName":"YNJ SARL","foundingDate":"2010-09-06","numberOfEmployees":{"@type":"QuantitativeValue","minValue":"11","maxValue":"50"}},{"@type":"Person","@id":"https:\/\/www.webdo.tn\/fr\/#\/schema\/person\/6bc0beba2cd23aec27cb5df85ca2554f","name":"Hatem Bourial","image":{"@type":"ImageObject","inLanguage":"fr-FR","@id":"https:\/\/www.webdo.tn\/fr\/wp-content\/uploads\/2026\/04\/hatem-bourial_avatar-96x96.jpg","url":"https:\/\/www.webdo.tn\/fr\/wp-content\/uploads\/2026\/04\/hatem-bourial_avatar-96x96.jpg","contentUrl":"https:\/\/www.webdo.tn\/fr\/wp-content\/uploads\/2026\/04\/hatem-bourial_avatar-96x96.jpg","caption":"Hatem Bourial"},"description":"Hatem Bourial est journaliste, \u00e9crivain et chroniqueur tunisien. Actif depuis plusieurs d\u00e9cennies, il s\u2019est impos\u00e9 comme un observateur attentif de la soci\u00e9t\u00e9 tunisienne, m\u00ealant dans ses \u00e9crits m\u00e9moire, culture et analyse du quotidien. Auteur de nombreux ouvrages, il d\u00e9veloppe une \u0153uvre \u00e0 la crois\u00e9e du r\u00e9cit, de la po\u00e9sie et de l\u2019observation sociologique. Parall\u00e8lement \u00e0 ses contributions dans la presse, il intervient r\u00e9guli\u00e8rement \u00e0 la radio et dans des espaces culturels, o\u00f9 il explore les enjeux li\u00e9s au patrimoine, \u00e0 l\u2019identit\u00e9 et aux transformations du monde contemporain. \u00c0 travers ses chroniques, Hatem Bourial propose une lecture sensible et approfondie de l\u2019actualit\u00e9, nourrie par une exp\u00e9rience journalistique et litt\u00e9raire reconnue. \ud83d\udd17 Facebook : https:\/\/www.facebook.com\/hatem.bourial.2025","sameAs":["https:\/\/www.facebook.com\/hatem.bourial.2025","https:\/\/fr.wikipedia.org\/wiki\/Fichier:Hatem_Bourial.jpg"],"knowsAbout":["Culture & patrimoine tunisien","Chronique soci\u00e9tale","Litt\u00e9rature & m\u00e9moire","Cin\u00e9ma & critique culturelle","Identit\u00e9 & mutations sociales"],"knowsLanguage":["Arabe","Fran\u00e7ais","Anglais","Italien","Polonais"],"jobTitle":"Journaliste, \u00e9crivain et chroniqueur culturel","worksFor":"Webdo","url":"https:\/\/www.webdo.tn\/fr\/actualite\/author\/hatem-bourial-2\/"}]}},"_links":{"self":[{"href":"https:\/\/www.webdo.tn\/fr\/wp-json\/wp\/v2\/posts\/187197","targetHints":{"allow":["GET"]}}],"collection":[{"href":"https:\/\/www.webdo.tn\/fr\/wp-json\/wp\/v2\/posts"}],"about":[{"href":"https:\/\/www.webdo.tn\/fr\/wp-json\/wp\/v2\/types\/post"}],"author":[{"embeddable":true,"href":"https:\/\/www.webdo.tn\/fr\/wp-json\/wp\/v2\/users\/3229"}],"replies":[{"embeddable":true,"href":"https:\/\/www.webdo.tn\/fr\/wp-json\/wp\/v2\/comments?post=187197"}],"version-history":[{"count":0,"href":"https:\/\/www.webdo.tn\/fr\/wp-json\/wp\/v2\/posts\/187197\/revisions"}],"wp:featuredmedia":[{"embeddable":true,"href":"https:\/\/www.webdo.tn\/fr\/wp-json\/wp\/v2\/media\/372447"}],"wp:attachment":[{"href":"https:\/\/www.webdo.tn\/fr\/wp-json\/wp\/v2\/media?parent=187197"}],"wp:term":[{"taxonomy":"category","embeddable":true,"href":"https:\/\/www.webdo.tn\/fr\/wp-json\/wp\/v2\/categories?post=187197"},{"taxonomy":"post_tag","embeddable":true,"href":"https:\/\/www.webdo.tn\/fr\/wp-json\/wp\/v2\/tags?post=187197"}],"curies":[{"name":"wp","href":"https:\/\/api.w.org\/{rel}","templated":true}]}}