{"id":187196,"date":"2016-09-14T08:46:00","date_gmt":"2016-09-14T08:46:00","guid":{"rendered":"https:\/\/www.webdo.tn\/fr\/blog\/quatre-ans-apres-lattaque-contre-lambassade-americaine-a-tunis-zones-dombre-persistent\/187196\/"},"modified":"2025-05-19T09:17:52","modified_gmt":"2025-05-19T09:17:52","slug":"quatre-ans-apres-lattaque-contre-lambassade-americaine-a-tunis-zones-dombre-persistent","status":"publish","type":"post","link":"https:\/\/www.webdo.tn\/fr\/actualite\/chroniques\/quatre-ans-apres-lattaque-contre-lambassade-americaine-a-tunis-zones-dombre-persistent\/187196\/","title":{"rendered":"Quatre ans apr\u00e8s l&rsquo;attaque contre l&rsquo;ambassade am\u00e9ricaine \u00e0 Tunis : Des zones d&rsquo;ombre persistent"},"content":{"rendered":"<p>Partis de la mosqu\u00e9e Al Fath, au centre-ville, des groupes de salafistes et de jihadistes notoires qui avaient pignon sur rue autour de cette mosqu\u00e9e r\u00e9put\u00e9e \u00eatre un fief int\u00e9griste, s&rsquo;\u00e9taient dirig\u00e9s le 14 septembre 2012 vers l&rsquo;ambassade am\u00e9ricaine aux Berges du Lac.De la mosqu\u00e9e Al Fath aux Berges du Lac&#8230;<br \/>\nApr\u00e8s avoir parcouru une dizaine de kilom\u00e9tres sans \u00eatre inqui\u00e9t\u00e9s, ces groupes sont parvenus jusqu&rsquo;\u00e0 l&rsquo;ambassade et ont entrepris de la saccager et la piller. L&rsquo;\u00e9cole coop\u00e9rative am\u00e9ricaine de Tunis dont les locaux sont proches de l&rsquo;ambassade a aussi \u00e9t\u00e9 attaqu\u00e9e et partiellement br\u00fbl\u00e9e.<\/p>\n<p>C&rsquo;est au pr\u00e9texte de manifester contre la diffusion aux USA d&rsquo;un film sur Internet que ces groupes de salafistes s&rsquo;\u00e9taient dirig\u00e9s vers l&rsquo;ambassade. Ont-ils \u00e9t\u00e9 infiltr\u00e9s en chemin par des \u00e9l\u00e9ments radicaux? \u00c9taient-ils plut\u00f4t belliqueux et en service command\u00e9 ? La manifestation a-t-elle d\u00e9g\u00e9n\u00e9r\u00e9 et \u00e9chapp\u00e9 \u00e0 ses organisateurs?<br \/>\nO\u00f9 se trouvent actuellement les principaux suspects ?<br \/>\nCes questions continuent \u00e0 se poser ainsi que celles ayant trait aux appuis qu&rsquo;auraient eu ces salafistes violents, quatre ans apr\u00e8s les faits et un an apr\u00e8s le proc\u00e8s en appel qui les a vis\u00e9s.<\/p>\n<p>En effet, les pr\u00e9venus ont \u00e9t\u00e9 poursuivis par le parquet et condamn\u00e9s \u00e0 des peines de prison avec sursis. Ce verdict cl\u00e9ment pour la qualification des faits avait alors suscit\u00e9 la col\u00e8re de Washington qui avait exig\u00e9 de faire toute la lumi\u00e8re sur cette sombre affaire.<\/p>\n<p>Jug\u00e9s en appel, pour certains par contumace, une vingtaine de pr\u00e9venus seront condamn\u00e9s \u00e0 des peines allant de deux \u00e0 trois ans d&#8217;emprisonnement. Six personnes ont \u00e9t\u00e9 condamn\u00e9es \u00e0 une peine de deux ans alors que 14 accus\u00e9s en fuite l&rsquo;ont \u00e9t\u00e9 pour trois ans.<\/p>\n<p>Apr\u00e8s ce verdict, le commentaire de Washington a \u00e9t\u00e9 de constater que les principaux suspects \u00e9taient toujours en fuite.<\/p>\n<p>Depuis ce grave incident, des dispositions sp\u00e9ciales ont \u00e9t\u00e9 prises pour la protection de plusieurs ambassades.<br \/>\nR\u00e9actions s\u00e9curitaires timor\u00e9es et appuis occultes ?<br \/>\nToutefois, plusieurs zones d&rsquo;ombres persistent quatre ann\u00e9es apr\u00e8s les faits. En premier lieu, comment se fait-il qu&rsquo;une foule en col\u00e8re ait pu traverser une partie de la ville puis march\u00e9 sur une dizaine de kilom\u00e8tres vers son objectif sans avoir \u00e9t\u00e9 maitris\u00e9e, divertie ou au moins encadr\u00e9e par les forces de l&rsquo;ordre?<\/p>\n<p>Ensuite, pour quelles raisons, les secours ne sont parvenus que tr\u00e8s tard sur les lieux de l&rsquo;assaut? Selon plusieurs sources am\u00e9ricaines, Hillary Clinton alors secr\u00e9taire d&rsquo;Etat avait t\u00e9l\u00e9phon\u00e9 au palais de Carthage qui d&rsquo;ailleurs aurait \u00e0 la suite de cet appel d\u00e9p\u00each\u00e9 la garde pr\u00e9sidentielle sur les lieux.<\/p>\n<p>D&rsquo;autre part, de quels soutiens ont pu disposer ces salafistes au sein de la n\u00e9buleuse Ennahdha ? La mosqu\u00e9e Al Fath est en effet le fief de Noureddine Khademi, un faucon de ce parti politique qui \u00e0 l&rsquo;\u00e9poque des faits \u00e9tait pr\u00e9dicateur de cette mosqu\u00e9e et ministre des Affaires religieuses.<br \/>\nLe jeu trouble des faucons islamistes<br \/>\nEnfin, pour quelles raisons, le processus judiciaire a-t-il train\u00e9 en longueur sans que la lumi\u00e8re soit v\u00e9ritablement faite sur les responsabilit\u00e9s et les potentiels commanditaires de cet assaut ?<\/p>\n<p>Cette attaque &#8211; une premi\u00e8re en Tunisie &#8211; s&rsquo;\u00e9tait produite au lendemain d&rsquo;une attaque similaire au consulat US de Benghazi qui fera quatre morts dont l&rsquo;ambassadeur am\u00e9ricain et sur fond de troubles de m\u00eame nature au Caire et \u00e0 Alger avec des manifestations qui d\u00e9non\u00e7aient le film \u00ab\u00a0Innocence of Muslims\u00a0\u00bb.<\/p>\n<p>De fait, quatre ans apr\u00e8s les faits, des zones obscures persistent autour de cet assaut qui avait eu lieu en septembre 2012, pr\u00e9c\u00e9dant de quelques mois les attentats contre Chokri Belaid en f\u00e9vrier 2013 et Mohamed Brahmi en juillet 2013. Ces deux affaires aussi attendent que toute la lumi\u00e8re soit faite depuis lors&#8230;<br \/>\nQuid d&rsquo;Ansar al Charia ?<br \/>\nEnfin, une question se pose concernant le groupe salafiste \u00ab\u00a0Ansar al Charia\u00a0\u00bb officiellement qualifi\u00e9 d&rsquo;organisation terroriste le 27 ao\u00fbt 2013. Quelle est le degr\u00e9 de son implication dans cette attaque et quels \u00e9taient alors ses liens avec les faucons du mouvement Ennahdha.<\/p>\n<p>Cette question dans sa complexit\u00e9 conditionne bien des zones d&rsquo;ombre et des r\u00e9seaux occultes qui, depuis les attaques contre le mus\u00e9e du Bardo, les touristes \u00e0 Sousse et le bus de la s\u00e9curit\u00e9 pr\u00e9sidentielle, continuent \u00e0 \u00eatre poursuivis et progressivement d\u00e9mantel\u00e9s.<\/p>\n<p>Toutefois, la menace terroriste p\u00e8se toujours sur la Tunisie \u00e0 cause de la prolif\u00e9ration des cellules dormantes et leurs liens avec cette organisation jihadiste maintenant repli\u00e9e en Libye.<br \/>\nH.B.<\/p>\n","protected":false},"excerpt":{"rendered":"<p>Quatre ans apr\u00e8s l&rsquo;attaque contre l&rsquo;ambassade am\u00e9ricaine \u00e0 Tunis : Des zones d&rsquo;ombre persistent<\/p>\n","protected":false},"author":3229,"featured_media":372451,"comment_status":"open","ping_status":"closed","sticky":false,"template":"","format":"standard","meta":{"footnotes":""},"categories":[2596],"tags":[2600],"class_list":["post-187196","post","type-post","status-publish","format-standard","has-post-thumbnail","hentry","category-chroniques","tag-guerre"],"yoast_head":"<!-- This site is optimized with the Yoast SEO Premium plugin v27.5 (Yoast SEO v27.5) - https:\/\/yoast.com\/product\/yoast-seo-premium-wordpress\/ -->\n<title>Quatre ans apr\u00e8s l&#039;attaque contre l&#039;ambassade am\u00e9ricaine \u00e0 Tunis : Des zones d&#039;ombre persistent<\/title>\n<meta name=\"description\" content=\"Quatre ans apr\u00e8s l&#039;attaque contre l&#039;ambassade am\u00e9ricaine \u00e0 Tunis : Des zones d&#039;ombre persistent\" \/>\n<link rel=\"canonical\" href=\"https:\/\/www.webdo.tn\/fr\/actualite\/chroniques\/quatre-ans-apres-lattaque-contre-lambassade-americaine-a-tunis-zones-dombre-persistent\/187196\/\" \/>\n<meta property=\"og:locale\" content=\"fr_FR\" \/>\n<meta property=\"og:type\" content=\"article\" \/>\n<meta property=\"og:title\" content=\"Quatre ans apr\u00e8s l&#039;attaque contre l&#039;ambassade am\u00e9ricaine \u00e0 Tunis : Des zones d&#039;ombre persistent\" \/>\n<meta property=\"og:description\" content=\"Quatre ans apr\u00e8s l&#039;attaque contre l&#039;ambassade am\u00e9ricaine \u00e0 Tunis : Des zones d&#039;ombre persistent\" \/>\n<meta property=\"og:url\" content=\"https:\/\/www.webdo.tn\/fr\/actualite\/chroniques\/quatre-ans-apres-lattaque-contre-lambassade-americaine-a-tunis-zones-dombre-persistent\/187196\/\" \/>\n<meta property=\"og:site_name\" content=\"webdo\" \/>\n<meta property=\"article:publisher\" content=\"https:\/\/www.facebook.com\/webdotn\" \/>\n<meta property=\"article:author\" content=\"https:\/\/www.facebook.com\/hatem.bourial.2025\" \/>\n<meta property=\"article:published_time\" content=\"2016-09-14T08:46:00+00:00\" \/>\n<meta property=\"article:modified_time\" content=\"2025-05-19T09:17:52+00:00\" \/>\n<meta name=\"author\" content=\"Hatem Bourial\" \/>\n<meta name=\"twitter:card\" content=\"summary_large_image\" \/>\n<meta name=\"twitter:creator\" content=\"@webdo_tn\" \/>\n<meta name=\"twitter:site\" content=\"@webdo_tn\" \/>\n<meta name=\"twitter:label1\" content=\"\u00c9crit par\" \/>\n\t<meta name=\"twitter:data1\" content=\"Hatem Bourial\" \/>\n\t<meta name=\"twitter:label2\" content=\"Dur\u00e9e de lecture estim\u00e9e\" \/>\n\t<meta name=\"twitter:data2\" content=\"4 minutes\" \/>\n<script type=\"application\/ld+json\" class=\"yoast-schema-graph\">{\"@context\":\"https:\\\/\\\/schema.org\",\"@graph\":[{\"@type\":\"NewsArticle\",\"@id\":\"https:\\\/\\\/www.webdo.tn\\\/fr\\\/actualite\\\/chroniques\\\/quatre-ans-apres-lattaque-contre-lambassade-americaine-a-tunis-zones-dombre-persistent\\\/187196\\\/#article\",\"isPartOf\":{\"@id\":\"https:\\\/\\\/www.webdo.tn\\\/fr\\\/actualite\\\/chroniques\\\/quatre-ans-apres-lattaque-contre-lambassade-americaine-a-tunis-zones-dombre-persistent\\\/187196\\\/\"},\"author\":{\"name\":\"Hatem Bourial\",\"@id\":\"https:\\\/\\\/www.webdo.tn\\\/fr\\\/#\\\/schema\\\/person\\\/6bc0beba2cd23aec27cb5df85ca2554f\"},\"headline\":\"Quatre ans apr\u00e8s l&rsquo;attaque contre l&rsquo;ambassade am\u00e9ricaine \u00e0 Tunis : Des zones d&rsquo;ombre persistent\",\"datePublished\":\"2016-09-14T08:46:00+00:00\",\"dateModified\":\"2025-05-19T09:17:52+00:00\",\"mainEntityOfPage\":{\"@id\":\"https:\\\/\\\/www.webdo.tn\\\/fr\\\/actualite\\\/chroniques\\\/quatre-ans-apres-lattaque-contre-lambassade-americaine-a-tunis-zones-dombre-persistent\\\/187196\\\/\"},\"wordCount\":829,\"commentCount\":0,\"publisher\":{\"@id\":\"https:\\\/\\\/www.webdo.tn\\\/fr\\\/#organization\"},\"image\":{\"@id\":\"https:\\\/\\\/www.webdo.tn\\\/fr\\\/actualite\\\/chroniques\\\/quatre-ans-apres-lattaque-contre-lambassade-americaine-a-tunis-zones-dombre-persistent\\\/187196\\\/#primaryimage\"},\"thumbnailUrl\":\"https:\\\/\\\/www.webdo.tn\\\/fr\\\/wp-content\\\/uploads\\\/2025\\\/06\\\/Ambassade-Us-a-Tunis-e1473839131211_187196.jpg\",\"keywords\":[\"guerre\"],\"articleSection\":[\"Chroniques\"],\"inLanguage\":\"fr-FR\"},{\"@type\":\"WebPage\",\"@id\":\"https:\\\/\\\/www.webdo.tn\\\/fr\\\/actualite\\\/chroniques\\\/quatre-ans-apres-lattaque-contre-lambassade-americaine-a-tunis-zones-dombre-persistent\\\/187196\\\/\",\"url\":\"https:\\\/\\\/www.webdo.tn\\\/fr\\\/actualite\\\/chroniques\\\/quatre-ans-apres-lattaque-contre-lambassade-americaine-a-tunis-zones-dombre-persistent\\\/187196\\\/\",\"name\":\"Quatre ans apr\u00e8s l'attaque contre l'ambassade am\u00e9ricaine \u00e0 Tunis : Des zones d'ombre persistent\",\"isPartOf\":{\"@id\":\"https:\\\/\\\/www.webdo.tn\\\/fr\\\/#website\"},\"primaryImageOfPage\":{\"@id\":\"https:\\\/\\\/www.webdo.tn\\\/fr\\\/actualite\\\/chroniques\\\/quatre-ans-apres-lattaque-contre-lambassade-americaine-a-tunis-zones-dombre-persistent\\\/187196\\\/#primaryimage\"},\"image\":{\"@id\":\"https:\\\/\\\/www.webdo.tn\\\/fr\\\/actualite\\\/chroniques\\\/quatre-ans-apres-lattaque-contre-lambassade-americaine-a-tunis-zones-dombre-persistent\\\/187196\\\/#primaryimage\"},\"thumbnailUrl\":\"https:\\\/\\\/www.webdo.tn\\\/fr\\\/wp-content\\\/uploads\\\/2025\\\/06\\\/Ambassade-Us-a-Tunis-e1473839131211_187196.jpg\",\"datePublished\":\"2016-09-14T08:46:00+00:00\",\"dateModified\":\"2025-05-19T09:17:52+00:00\",\"description\":\"Quatre ans apr\u00e8s l'attaque contre l'ambassade am\u00e9ricaine \u00e0 Tunis : Des zones d'ombre persistent\",\"breadcrumb\":{\"@id\":\"https:\\\/\\\/www.webdo.tn\\\/fr\\\/actualite\\\/chroniques\\\/quatre-ans-apres-lattaque-contre-lambassade-americaine-a-tunis-zones-dombre-persistent\\\/187196\\\/#breadcrumb\"},\"inLanguage\":\"fr-FR\",\"potentialAction\":[{\"@type\":\"ReadAction\",\"target\":[\"https:\\\/\\\/www.webdo.tn\\\/fr\\\/actualite\\\/chroniques\\\/quatre-ans-apres-lattaque-contre-lambassade-americaine-a-tunis-zones-dombre-persistent\\\/187196\\\/\"]}]},{\"@type\":\"ImageObject\",\"inLanguage\":\"fr-FR\",\"@id\":\"https:\\\/\\\/www.webdo.tn\\\/fr\\\/actualite\\\/chroniques\\\/quatre-ans-apres-lattaque-contre-lambassade-americaine-a-tunis-zones-dombre-persistent\\\/187196\\\/#primaryimage\",\"url\":\"https:\\\/\\\/www.webdo.tn\\\/fr\\\/wp-content\\\/uploads\\\/2025\\\/06\\\/Ambassade-Us-a-Tunis-e1473839131211_187196.jpg\",\"contentUrl\":\"https:\\\/\\\/www.webdo.tn\\\/fr\\\/wp-content\\\/uploads\\\/2025\\\/06\\\/Ambassade-Us-a-Tunis-e1473839131211_187196.jpg\",\"width\":600,\"height\":338,\"caption\":\"Quatre ans apr\u00e8s l'attaque contre l'ambassade am\u00e9ricaine \u00e0 Tunis : Des zones d'ombre persistent\"},{\"@type\":\"BreadcrumbList\",\"@id\":\"https:\\\/\\\/www.webdo.tn\\\/fr\\\/actualite\\\/chroniques\\\/quatre-ans-apres-lattaque-contre-lambassade-americaine-a-tunis-zones-dombre-persistent\\\/187196\\\/#breadcrumb\",\"itemListElement\":[{\"@type\":\"ListItem\",\"position\":1,\"name\":\"Accueil\",\"item\":\"https:\\\/\\\/www.webdo.tn\\\/fr\\\/\"},{\"@type\":\"ListItem\",\"position\":2,\"name\":\"Quatre ans apr\u00e8s l&#8217;attaque contre l&#8217;ambassade am\u00e9ricaine \u00e0 Tunis : Des zones d&#8217;ombre persistent\"}]},{\"@type\":\"WebSite\",\"@id\":\"https:\\\/\\\/www.webdo.tn\\\/fr\\\/#website\",\"url\":\"https:\\\/\\\/www.webdo.tn\\\/fr\\\/\",\"name\":\"webdo\",\"description\":\"Tunisie - News en Tunisie et \u00e0 l&#039;international sur Webdo.tn\",\"publisher\":{\"@id\":\"https:\\\/\\\/www.webdo.tn\\\/fr\\\/#organization\"},\"potentialAction\":[{\"@type\":\"SearchAction\",\"target\":{\"@type\":\"EntryPoint\",\"urlTemplate\":\"https:\\\/\\\/www.webdo.tn\\\/fr\\\/?s={search_term_string}\"},\"query-input\":{\"@type\":\"PropertyValueSpecification\",\"valueRequired\":true,\"valueName\":\"search_term_string\"}}],\"inLanguage\":\"fr-FR\"},{\"@type\":\"Organization\",\"@id\":\"https:\\\/\\\/www.webdo.tn\\\/fr\\\/#organization\",\"name\":\"Webdo\",\"alternateName\":\"Webdo.tn\",\"url\":\"https:\\\/\\\/www.webdo.tn\\\/fr\\\/\",\"logo\":{\"@type\":\"ImageObject\",\"inLanguage\":\"fr-FR\",\"@id\":\"https:\\\/\\\/www.webdo.tn\\\/fr\\\/#\\\/schema\\\/logo\\\/image\\\/\",\"url\":\"https:\\\/\\\/www.webdo.tn\\\/fr\\\/wp-content\\\/uploads\\\/2025\\\/06\\\/Webdo-Tunisie_168377.jpg\",\"contentUrl\":\"https:\\\/\\\/www.webdo.tn\\\/fr\\\/wp-content\\\/uploads\\\/2025\\\/06\\\/Webdo-Tunisie_168377.jpg\",\"width\":301,\"height\":301,\"caption\":\"Webdo\"},\"image\":{\"@id\":\"https:\\\/\\\/www.webdo.tn\\\/fr\\\/#\\\/schema\\\/logo\\\/image\\\/\"},\"sameAs\":[\"https:\\\/\\\/www.facebook.com\\\/webdotn\",\"https:\\\/\\\/x.com\\\/webdo_tn\"],\"description\":\"Webdo est un m\u00e9dia num\u00e9rique tunisien fond\u00e9 en 2010, sp\u00e9cialis\u00e9 dans l\u2019actualit\u00e9 nationale et internationale, l\u2019\u00e9conomie, la soci\u00e9t\u00e9 et les analyses politiques. Le site s\u2019adresse \u00e0 un large public francophone et couvre l\u2019information tunisienne en temps r\u00e9el.\",\"email\":\"redac@webdo.tn\",\"legalName\":\"YNJ SARL\",\"foundingDate\":\"2010-09-06\",\"numberOfEmployees\":{\"@type\":\"QuantitativeValue\",\"minValue\":\"11\",\"maxValue\":\"50\"}},{\"@type\":\"Person\",\"@id\":\"https:\\\/\\\/www.webdo.tn\\\/fr\\\/#\\\/schema\\\/person\\\/6bc0beba2cd23aec27cb5df85ca2554f\",\"name\":\"Hatem Bourial\",\"image\":{\"@type\":\"ImageObject\",\"inLanguage\":\"fr-FR\",\"@id\":\"https:\\\/\\\/www.webdo.tn\\\/fr\\\/wp-content\\\/uploads\\\/2026\\\/04\\\/hatem-bourial_avatar-96x96.jpg\",\"url\":\"https:\\\/\\\/www.webdo.tn\\\/fr\\\/wp-content\\\/uploads\\\/2026\\\/04\\\/hatem-bourial_avatar-96x96.jpg\",\"contentUrl\":\"https:\\\/\\\/www.webdo.tn\\\/fr\\\/wp-content\\\/uploads\\\/2026\\\/04\\\/hatem-bourial_avatar-96x96.jpg\",\"caption\":\"Hatem Bourial\"},\"description\":\"Hatem Bourial est journaliste, \u00e9crivain et chroniqueur tunisien. Actif depuis plusieurs d\u00e9cennies, il s\u2019est impos\u00e9 comme un observateur attentif de la soci\u00e9t\u00e9 tunisienne, m\u00ealant dans ses \u00e9crits m\u00e9moire, culture et analyse du quotidien. Auteur de nombreux ouvrages, il d\u00e9veloppe une \u0153uvre \u00e0 la crois\u00e9e du r\u00e9cit, de la po\u00e9sie et de l\u2019observation sociologique. Parall\u00e8lement \u00e0 ses contributions dans la presse, il intervient r\u00e9guli\u00e8rement \u00e0 la radio et dans des espaces culturels, o\u00f9 il explore les enjeux li\u00e9s au patrimoine, \u00e0 l\u2019identit\u00e9 et aux transformations du monde contemporain. \u00c0 travers ses chroniques, Hatem Bourial propose une lecture sensible et approfondie de l\u2019actualit\u00e9, nourrie par une exp\u00e9rience journalistique et litt\u00e9raire reconnue. \ud83d\udd17 Facebook : https:\\\/\\\/www.facebook.com\\\/hatem.bourial.2025\",\"sameAs\":[\"https:\\\/\\\/www.facebook.com\\\/hatem.bourial.2025\",\"https:\\\/\\\/fr.wikipedia.org\\\/wiki\\\/Fichier:Hatem_Bourial.jpg\"],\"knowsAbout\":[\"Culture & patrimoine tunisien\",\"Chronique soci\u00e9tale\",\"Litt\u00e9rature & m\u00e9moire\",\"Cin\u00e9ma & critique culturelle\",\"Identit\u00e9 & mutations sociales\"],\"knowsLanguage\":[\"Arabe\",\"Fran\u00e7ais\",\"Anglais\",\"Italien\",\"Polonais\"],\"jobTitle\":\"Journaliste, \u00e9crivain et chroniqueur culturel\",\"worksFor\":\"Webdo\",\"url\":\"https:\\\/\\\/www.webdo.tn\\\/fr\\\/actualite\\\/author\\\/hatem-bourial-2\\\/\"}]}<\/script>\n<!-- \/ Yoast SEO Premium plugin. -->","yoast_head_json":{"title":"Quatre ans apr\u00e8s l'attaque contre l'ambassade am\u00e9ricaine \u00e0 Tunis : Des zones d'ombre persistent","description":"Quatre ans apr\u00e8s l'attaque contre l'ambassade am\u00e9ricaine \u00e0 Tunis : Des zones d'ombre persistent","canonical":"https:\/\/www.webdo.tn\/fr\/actualite\/chroniques\/quatre-ans-apres-lattaque-contre-lambassade-americaine-a-tunis-zones-dombre-persistent\/187196\/","og_locale":"fr_FR","og_type":"article","og_title":"Quatre ans apr\u00e8s l'attaque contre l'ambassade am\u00e9ricaine \u00e0 Tunis : Des zones d'ombre persistent","og_description":"Quatre ans apr\u00e8s l'attaque contre l'ambassade am\u00e9ricaine \u00e0 Tunis : Des zones d'ombre persistent","og_url":"https:\/\/www.webdo.tn\/fr\/actualite\/chroniques\/quatre-ans-apres-lattaque-contre-lambassade-americaine-a-tunis-zones-dombre-persistent\/187196\/","og_site_name":"webdo","article_publisher":"https:\/\/www.facebook.com\/webdotn","article_author":"https:\/\/www.facebook.com\/hatem.bourial.2025","article_published_time":"2016-09-14T08:46:00+00:00","article_modified_time":"2025-05-19T09:17:52+00:00","author":"Hatem Bourial","twitter_card":"summary_large_image","twitter_creator":"@webdo_tn","twitter_site":"@webdo_tn","twitter_misc":{"\u00c9crit par":"Hatem Bourial","Dur\u00e9e de lecture estim\u00e9e":"4 minutes"},"schema":{"@context":"https:\/\/schema.org","@graph":[{"@type":"NewsArticle","@id":"https:\/\/www.webdo.tn\/fr\/actualite\/chroniques\/quatre-ans-apres-lattaque-contre-lambassade-americaine-a-tunis-zones-dombre-persistent\/187196\/#article","isPartOf":{"@id":"https:\/\/www.webdo.tn\/fr\/actualite\/chroniques\/quatre-ans-apres-lattaque-contre-lambassade-americaine-a-tunis-zones-dombre-persistent\/187196\/"},"author":{"name":"Hatem Bourial","@id":"https:\/\/www.webdo.tn\/fr\/#\/schema\/person\/6bc0beba2cd23aec27cb5df85ca2554f"},"headline":"Quatre ans apr\u00e8s l&rsquo;attaque contre l&rsquo;ambassade am\u00e9ricaine \u00e0 Tunis : Des zones d&rsquo;ombre persistent","datePublished":"2016-09-14T08:46:00+00:00","dateModified":"2025-05-19T09:17:52+00:00","mainEntityOfPage":{"@id":"https:\/\/www.webdo.tn\/fr\/actualite\/chroniques\/quatre-ans-apres-lattaque-contre-lambassade-americaine-a-tunis-zones-dombre-persistent\/187196\/"},"wordCount":829,"commentCount":0,"publisher":{"@id":"https:\/\/www.webdo.tn\/fr\/#organization"},"image":{"@id":"https:\/\/www.webdo.tn\/fr\/actualite\/chroniques\/quatre-ans-apres-lattaque-contre-lambassade-americaine-a-tunis-zones-dombre-persistent\/187196\/#primaryimage"},"thumbnailUrl":"https:\/\/www.webdo.tn\/fr\/wp-content\/uploads\/2025\/06\/Ambassade-Us-a-Tunis-e1473839131211_187196.jpg","keywords":["guerre"],"articleSection":["Chroniques"],"inLanguage":"fr-FR"},{"@type":"WebPage","@id":"https:\/\/www.webdo.tn\/fr\/actualite\/chroniques\/quatre-ans-apres-lattaque-contre-lambassade-americaine-a-tunis-zones-dombre-persistent\/187196\/","url":"https:\/\/www.webdo.tn\/fr\/actualite\/chroniques\/quatre-ans-apres-lattaque-contre-lambassade-americaine-a-tunis-zones-dombre-persistent\/187196\/","name":"Quatre ans apr\u00e8s l'attaque contre l'ambassade am\u00e9ricaine \u00e0 Tunis : Des zones d'ombre persistent","isPartOf":{"@id":"https:\/\/www.webdo.tn\/fr\/#website"},"primaryImageOfPage":{"@id":"https:\/\/www.webdo.tn\/fr\/actualite\/chroniques\/quatre-ans-apres-lattaque-contre-lambassade-americaine-a-tunis-zones-dombre-persistent\/187196\/#primaryimage"},"image":{"@id":"https:\/\/www.webdo.tn\/fr\/actualite\/chroniques\/quatre-ans-apres-lattaque-contre-lambassade-americaine-a-tunis-zones-dombre-persistent\/187196\/#primaryimage"},"thumbnailUrl":"https:\/\/www.webdo.tn\/fr\/wp-content\/uploads\/2025\/06\/Ambassade-Us-a-Tunis-e1473839131211_187196.jpg","datePublished":"2016-09-14T08:46:00+00:00","dateModified":"2025-05-19T09:17:52+00:00","description":"Quatre ans apr\u00e8s l'attaque contre l'ambassade am\u00e9ricaine \u00e0 Tunis : Des zones d'ombre persistent","breadcrumb":{"@id":"https:\/\/www.webdo.tn\/fr\/actualite\/chroniques\/quatre-ans-apres-lattaque-contre-lambassade-americaine-a-tunis-zones-dombre-persistent\/187196\/#breadcrumb"},"inLanguage":"fr-FR","potentialAction":[{"@type":"ReadAction","target":["https:\/\/www.webdo.tn\/fr\/actualite\/chroniques\/quatre-ans-apres-lattaque-contre-lambassade-americaine-a-tunis-zones-dombre-persistent\/187196\/"]}]},{"@type":"ImageObject","inLanguage":"fr-FR","@id":"https:\/\/www.webdo.tn\/fr\/actualite\/chroniques\/quatre-ans-apres-lattaque-contre-lambassade-americaine-a-tunis-zones-dombre-persistent\/187196\/#primaryimage","url":"https:\/\/www.webdo.tn\/fr\/wp-content\/uploads\/2025\/06\/Ambassade-Us-a-Tunis-e1473839131211_187196.jpg","contentUrl":"https:\/\/www.webdo.tn\/fr\/wp-content\/uploads\/2025\/06\/Ambassade-Us-a-Tunis-e1473839131211_187196.jpg","width":600,"height":338,"caption":"Quatre ans apr\u00e8s l'attaque contre l'ambassade am\u00e9ricaine \u00e0 Tunis : Des zones d'ombre persistent"},{"@type":"BreadcrumbList","@id":"https:\/\/www.webdo.tn\/fr\/actualite\/chroniques\/quatre-ans-apres-lattaque-contre-lambassade-americaine-a-tunis-zones-dombre-persistent\/187196\/#breadcrumb","itemListElement":[{"@type":"ListItem","position":1,"name":"Accueil","item":"https:\/\/www.webdo.tn\/fr\/"},{"@type":"ListItem","position":2,"name":"Quatre ans apr\u00e8s l&#8217;attaque contre l&#8217;ambassade am\u00e9ricaine \u00e0 Tunis : Des zones d&#8217;ombre persistent"}]},{"@type":"WebSite","@id":"https:\/\/www.webdo.tn\/fr\/#website","url":"https:\/\/www.webdo.tn\/fr\/","name":"webdo","description":"Tunisie - News en Tunisie et \u00e0 l&#039;international sur Webdo.tn","publisher":{"@id":"https:\/\/www.webdo.tn\/fr\/#organization"},"potentialAction":[{"@type":"SearchAction","target":{"@type":"EntryPoint","urlTemplate":"https:\/\/www.webdo.tn\/fr\/?s={search_term_string}"},"query-input":{"@type":"PropertyValueSpecification","valueRequired":true,"valueName":"search_term_string"}}],"inLanguage":"fr-FR"},{"@type":"Organization","@id":"https:\/\/www.webdo.tn\/fr\/#organization","name":"Webdo","alternateName":"Webdo.tn","url":"https:\/\/www.webdo.tn\/fr\/","logo":{"@type":"ImageObject","inLanguage":"fr-FR","@id":"https:\/\/www.webdo.tn\/fr\/#\/schema\/logo\/image\/","url":"https:\/\/www.webdo.tn\/fr\/wp-content\/uploads\/2025\/06\/Webdo-Tunisie_168377.jpg","contentUrl":"https:\/\/www.webdo.tn\/fr\/wp-content\/uploads\/2025\/06\/Webdo-Tunisie_168377.jpg","width":301,"height":301,"caption":"Webdo"},"image":{"@id":"https:\/\/www.webdo.tn\/fr\/#\/schema\/logo\/image\/"},"sameAs":["https:\/\/www.facebook.com\/webdotn","https:\/\/x.com\/webdo_tn"],"description":"Webdo est un m\u00e9dia num\u00e9rique tunisien fond\u00e9 en 2010, sp\u00e9cialis\u00e9 dans l\u2019actualit\u00e9 nationale et internationale, l\u2019\u00e9conomie, la soci\u00e9t\u00e9 et les analyses politiques. Le site s\u2019adresse \u00e0 un large public francophone et couvre l\u2019information tunisienne en temps r\u00e9el.","email":"redac@webdo.tn","legalName":"YNJ SARL","foundingDate":"2010-09-06","numberOfEmployees":{"@type":"QuantitativeValue","minValue":"11","maxValue":"50"}},{"@type":"Person","@id":"https:\/\/www.webdo.tn\/fr\/#\/schema\/person\/6bc0beba2cd23aec27cb5df85ca2554f","name":"Hatem Bourial","image":{"@type":"ImageObject","inLanguage":"fr-FR","@id":"https:\/\/www.webdo.tn\/fr\/wp-content\/uploads\/2026\/04\/hatem-bourial_avatar-96x96.jpg","url":"https:\/\/www.webdo.tn\/fr\/wp-content\/uploads\/2026\/04\/hatem-bourial_avatar-96x96.jpg","contentUrl":"https:\/\/www.webdo.tn\/fr\/wp-content\/uploads\/2026\/04\/hatem-bourial_avatar-96x96.jpg","caption":"Hatem Bourial"},"description":"Hatem Bourial est journaliste, \u00e9crivain et chroniqueur tunisien. Actif depuis plusieurs d\u00e9cennies, il s\u2019est impos\u00e9 comme un observateur attentif de la soci\u00e9t\u00e9 tunisienne, m\u00ealant dans ses \u00e9crits m\u00e9moire, culture et analyse du quotidien. Auteur de nombreux ouvrages, il d\u00e9veloppe une \u0153uvre \u00e0 la crois\u00e9e du r\u00e9cit, de la po\u00e9sie et de l\u2019observation sociologique. Parall\u00e8lement \u00e0 ses contributions dans la presse, il intervient r\u00e9guli\u00e8rement \u00e0 la radio et dans des espaces culturels, o\u00f9 il explore les enjeux li\u00e9s au patrimoine, \u00e0 l\u2019identit\u00e9 et aux transformations du monde contemporain. \u00c0 travers ses chroniques, Hatem Bourial propose une lecture sensible et approfondie de l\u2019actualit\u00e9, nourrie par une exp\u00e9rience journalistique et litt\u00e9raire reconnue. \ud83d\udd17 Facebook : https:\/\/www.facebook.com\/hatem.bourial.2025","sameAs":["https:\/\/www.facebook.com\/hatem.bourial.2025","https:\/\/fr.wikipedia.org\/wiki\/Fichier:Hatem_Bourial.jpg"],"knowsAbout":["Culture & patrimoine tunisien","Chronique soci\u00e9tale","Litt\u00e9rature & m\u00e9moire","Cin\u00e9ma & critique culturelle","Identit\u00e9 & mutations sociales"],"knowsLanguage":["Arabe","Fran\u00e7ais","Anglais","Italien","Polonais"],"jobTitle":"Journaliste, \u00e9crivain et chroniqueur culturel","worksFor":"Webdo","url":"https:\/\/www.webdo.tn\/fr\/actualite\/author\/hatem-bourial-2\/"}]}},"_links":{"self":[{"href":"https:\/\/www.webdo.tn\/fr\/wp-json\/wp\/v2\/posts\/187196","targetHints":{"allow":["GET"]}}],"collection":[{"href":"https:\/\/www.webdo.tn\/fr\/wp-json\/wp\/v2\/posts"}],"about":[{"href":"https:\/\/www.webdo.tn\/fr\/wp-json\/wp\/v2\/types\/post"}],"author":[{"embeddable":true,"href":"https:\/\/www.webdo.tn\/fr\/wp-json\/wp\/v2\/users\/3229"}],"replies":[{"embeddable":true,"href":"https:\/\/www.webdo.tn\/fr\/wp-json\/wp\/v2\/comments?post=187196"}],"version-history":[{"count":0,"href":"https:\/\/www.webdo.tn\/fr\/wp-json\/wp\/v2\/posts\/187196\/revisions"}],"wp:featuredmedia":[{"embeddable":true,"href":"https:\/\/www.webdo.tn\/fr\/wp-json\/wp\/v2\/media\/372451"}],"wp:attachment":[{"href":"https:\/\/www.webdo.tn\/fr\/wp-json\/wp\/v2\/media?parent=187196"}],"wp:term":[{"taxonomy":"category","embeddable":true,"href":"https:\/\/www.webdo.tn\/fr\/wp-json\/wp\/v2\/categories?post=187196"},{"taxonomy":"post_tag","embeddable":true,"href":"https:\/\/www.webdo.tn\/fr\/wp-json\/wp\/v2\/tags?post=187196"}],"curies":[{"name":"wp","href":"https:\/\/api.w.org\/{rel}","templated":true}]}}