{"id":187193,"date":"2016-09-11T02:56:00","date_gmt":"2016-09-11T02:56:00","guid":{"rendered":"https:\/\/www.webdo.tn\/fr\/blog\/najet-nejib-korbane-de-laid\/187193\/"},"modified":"2025-05-19T09:17:55","modified_gmt":"2025-05-19T09:17:55","slug":"najet-nejib-korbane-de-laid","status":"publish","type":"post","link":"https:\/\/www.webdo.tn\/fr\/actualite\/chroniques\/najet-nejib-korbane-de-laid\/187193\/","title":{"rendered":"Najet, N\u00e9jib et le \u00ab\u00a0korbane\u00a0\u00bb de l&rsquo;Aid"},"content":{"rendered":"<p>Depuis 1958, ils avaient pour coutume de c\u00e9l\u00e9brer leur anniversaire de mariage chaque 15 septembre. Parfois, un simple d\u00eener \u00e0 la maison suffisait amplement. D&rsquo;autres fois, en amoureux, ils \u00e9taient de sortie et se chantaient dans des chuchotements complices les rengaines \u00e0 la mode.<\/p>\n<p>Ainsi, ils se repassaient les tubes du moment et, comme tous ces couples des fifties, r\u00eavaient d&rsquo;amour, de vie simple et de modernit\u00e9.<br \/>\nLa g\u00e9n\u00e9ration du devoir<br \/>\nLes enfants sont n\u00e9s dans cette atmosph\u00e8re studieuse et ces d\u00e9sirs de d\u00e9couverte. N\u00e9jib aimait beaucoup lire et chaque semaine ou chaque mois, il d\u00e9vorait \u00ab\u00a0Historia\u00a0\u00bb, \u00ab\u00a0Science et Vie\u00a0\u00bb ou \u00ab\u00a0S\u00e9lection du Reader&rsquo;s Digest\u00a0\u00bb. Comme toute la Tunisie, il \u00e9tait adepte du savoir et cultivait son jardin tout en travaillant pour le progr\u00e8s du pays.<\/p>\n<p>Parce que toute cette g\u00e9n\u00e9ration \u00e9tait impr\u00e9gn\u00e9e du devoir de construire une nation, je crois qu&rsquo;elle a fait passer la Tunisie avant m\u00eame la famille. Cet enthousiasme fondateur \u00e9tait perceptible partout et demeure \u00e9tonnamment vivace dans cette tranche d&rsquo;\u00e2ge, galvanis\u00e9e par les discours de Bourguiba et l&rsquo;\u00e9lan du mouvement national.<br \/>\nM\u00eames initiales pour tous !<br \/>\nMalicieux, N\u00e9jib l&rsquo;\u00e9tait \u00e0 fond. Il d\u00e9cida ainsi de donner \u00e0 tous ses enfants des pr\u00e9noms commen\u00e7ant par la lettre \u00ab\u00a0n\u00a0\u00bb. De la sorte, \u00e0 la maison, tout le monde avait les m\u00eames initiales&#8230; Parfois farfelu, parfois rigoureux, souvent artiste et toujours constant, N\u00e9jib construira une famille soud\u00e9e, harmonieuse, g\u00e9n\u00e9reuse&#8230;<\/p>\n<p>Pour la premi\u00e8re fois depuis leurs noces en 1957, Najet passera son Aid sans son \u00e9poux et compagnon de vie qui, en mai dernier, a rejoint sa derni\u00e8re demeure. Ce 15 septembre aussi n&rsquo;aura pas les saveurs de presque soixante ans de mariage. Peut-\u00eatre pensera-t-elle \u00e0 N\u00e9jib en son for int\u00e9rieur ? Peut-\u00eatre qu&rsquo;invisible aux yeux de tous, son \u00e2me survolera la r\u00e9union de famille ?<br \/>\nLa m\u00e9moire vive de ceux que nous aimons<br \/>\nEntour\u00e9e de ses enfants, Najet c\u00e9l\u00e9brera aujourd&rsquo;hui, en cette veille d&rsquo;Aid, le premier \u00ab\u00a0korbane\u00a0\u00bb de son regrett\u00e9 \u00e9poux. Comme le veut la tradition, elle fera des pr\u00e9sents aux plus d\u00e9munis et comm\u00e9morera les m\u00e2nes de son \u00e9poux disparu.<\/p>\n<p>Ils seront nombreux celles et ceux qui, en ces jours b\u00e9nis des dieux, raviveront le souvenir d&rsquo;un proche ayant rejoint l&rsquo;\u00e9ternit\u00e9. Ils seront nombreux celles et ceux pour lesquels nous aurons une pens\u00e9e moins d&rsquo;un an apr\u00e8s leur disparition.<br \/>\nLe \u00ab\u00a0korbane\u00a0\u00bb des \u00e2mes charitables<br \/>\nQu&rsquo;ils soient nos parents, nos amis ou encore nos proches ou nos voisins, je crois que c&rsquo;est vers eux que vont nos pens\u00e9es cette veille de c\u00e9l\u00e9bration, ce jour traditionnel de \u00ab\u00a0korbane\u00a0\u00bb&#8230;<\/p>\n<p>Ce terme h\u00e9breu de \u00ab\u00a0korbane\u00a0\u00bb qui signifie \u00ab\u00a0sacrifice\u00a0\u00bb et que nous connaissons \u00e0 travers le turc, d\u00e9signe en effet l&rsquo;offrande d&rsquo;un mouton qui est faite aux pauvres en m\u00e9moire d&rsquo;un parent d\u00e9c\u00e9d\u00e9 au cours de l&rsquo;ann\u00e9e \u00e9coul\u00e9e.<\/p>\n<p>Aid mabrouk \u00e0 toutes et \u00e0 tous, avec une pens\u00e9e pour toutes les nobles figures qui sont parties&#8230;<br \/>\nH.B.<\/p>\n","protected":false},"excerpt":{"rendered":"<p>Najet, N\u00e9jib et le  korbane  de l&rsquo;Aid<\/p>\n","protected":false},"author":3229,"featured_media":313065,"comment_status":"open","ping_status":"closed","sticky":false,"template":"","format":"standard","meta":{"footnotes":""},"categories":[2596],"tags":[2600],"class_list":["post-187193","post","type-post","status-publish","format-standard","has-post-thumbnail","hentry","category-chroniques","tag-guerre"],"yoast_head":"<!-- This site is optimized with the Yoast SEO Premium plugin v27.5 (Yoast SEO v27.5) - https:\/\/yoast.com\/product\/yoast-seo-premium-wordpress\/ -->\n<title>Najet, N\u00e9jib et le korbane de l&#039;Aid<\/title>\n<meta name=\"description\" content=\"Najet, N\u00e9jib et le korbane de l&#039;Aid\" \/>\n<link rel=\"canonical\" href=\"https:\/\/www.webdo.tn\/fr\/actualite\/chroniques\/najet-nejib-korbane-de-laid\/187193\/\" \/>\n<meta property=\"og:locale\" content=\"fr_FR\" \/>\n<meta property=\"og:type\" content=\"article\" \/>\n<meta property=\"og:title\" content=\"Najet, N\u00e9jib et le &quot;korbane&quot; de l&#039;Aid\" \/>\n<meta property=\"og:description\" content=\"Najet, N\u00e9jib et le korbane de l&#039;Aid\" \/>\n<meta property=\"og:url\" content=\"https:\/\/www.webdo.tn\/fr\/actualite\/chroniques\/najet-nejib-korbane-de-laid\/187193\/\" \/>\n<meta property=\"og:site_name\" content=\"webdo\" \/>\n<meta property=\"article:publisher\" content=\"https:\/\/www.facebook.com\/webdotn\" \/>\n<meta property=\"article:author\" content=\"https:\/\/www.facebook.com\/hatem.bourial.2025\" \/>\n<meta property=\"article:published_time\" content=\"2016-09-11T02:56:00+00:00\" \/>\n<meta property=\"article:modified_time\" content=\"2025-05-19T09:17:55+00:00\" \/>\n<meta property=\"og:image\" content=\"https:\/\/www.webdo.tn\/fr\/wp-content\/uploads\/2016\/09\/korbane-300x228-1.jpg\" \/>\n\t<meta property=\"og:image:width\" content=\"300\" \/>\n\t<meta property=\"og:image:height\" content=\"228\" \/>\n\t<meta property=\"og:image:type\" content=\"image\/jpeg\" \/>\n<meta name=\"author\" content=\"Hatem Bourial\" \/>\n<meta name=\"twitter:card\" content=\"summary_large_image\" \/>\n<meta name=\"twitter:creator\" content=\"@webdo_tn\" \/>\n<meta name=\"twitter:site\" content=\"@webdo_tn\" \/>\n<meta name=\"twitter:label1\" content=\"\u00c9crit par\" \/>\n\t<meta name=\"twitter:data1\" content=\"Hatem Bourial\" \/>\n\t<meta name=\"twitter:label2\" content=\"Dur\u00e9e de lecture estim\u00e9e\" \/>\n\t<meta name=\"twitter:data2\" content=\"3 minutes\" \/>\n<script type=\"application\/ld+json\" class=\"yoast-schema-graph\">{\"@context\":\"https:\\\/\\\/schema.org\",\"@graph\":[{\"@type\":\"NewsArticle\",\"@id\":\"https:\\\/\\\/www.webdo.tn\\\/fr\\\/actualite\\\/chroniques\\\/najet-nejib-korbane-de-laid\\\/187193\\\/#article\",\"isPartOf\":{\"@id\":\"https:\\\/\\\/www.webdo.tn\\\/fr\\\/actualite\\\/chroniques\\\/najet-nejib-korbane-de-laid\\\/187193\\\/\"},\"author\":{\"name\":\"Hatem Bourial\",\"@id\":\"https:\\\/\\\/www.webdo.tn\\\/fr\\\/#\\\/schema\\\/person\\\/6bc0beba2cd23aec27cb5df85ca2554f\"},\"headline\":\"Najet, N\u00e9jib et le \u00ab\u00a0korbane\u00a0\u00bb de l&rsquo;Aid\",\"datePublished\":\"2016-09-11T02:56:00+00:00\",\"dateModified\":\"2025-05-19T09:17:55+00:00\",\"mainEntityOfPage\":{\"@id\":\"https:\\\/\\\/www.webdo.tn\\\/fr\\\/actualite\\\/chroniques\\\/najet-nejib-korbane-de-laid\\\/187193\\\/\"},\"wordCount\":548,\"commentCount\":0,\"publisher\":{\"@id\":\"https:\\\/\\\/www.webdo.tn\\\/fr\\\/#organization\"},\"image\":{\"@id\":\"https:\\\/\\\/www.webdo.tn\\\/fr\\\/actualite\\\/chroniques\\\/najet-nejib-korbane-de-laid\\\/187193\\\/#primaryimage\"},\"thumbnailUrl\":\"https:\\\/\\\/www.webdo.tn\\\/fr\\\/wp-content\\\/uploads\\\/2016\\\/09\\\/korbane-300x228-1.jpg\",\"keywords\":[\"guerre\"],\"articleSection\":[\"Chroniques\"],\"inLanguage\":\"fr-FR\"},{\"@type\":\"WebPage\",\"@id\":\"https:\\\/\\\/www.webdo.tn\\\/fr\\\/actualite\\\/chroniques\\\/najet-nejib-korbane-de-laid\\\/187193\\\/\",\"url\":\"https:\\\/\\\/www.webdo.tn\\\/fr\\\/actualite\\\/chroniques\\\/najet-nejib-korbane-de-laid\\\/187193\\\/\",\"name\":\"Najet, N\u00e9jib et le korbane de l'Aid\",\"isPartOf\":{\"@id\":\"https:\\\/\\\/www.webdo.tn\\\/fr\\\/#website\"},\"primaryImageOfPage\":{\"@id\":\"https:\\\/\\\/www.webdo.tn\\\/fr\\\/actualite\\\/chroniques\\\/najet-nejib-korbane-de-laid\\\/187193\\\/#primaryimage\"},\"image\":{\"@id\":\"https:\\\/\\\/www.webdo.tn\\\/fr\\\/actualite\\\/chroniques\\\/najet-nejib-korbane-de-laid\\\/187193\\\/#primaryimage\"},\"thumbnailUrl\":\"https:\\\/\\\/www.webdo.tn\\\/fr\\\/wp-content\\\/uploads\\\/2016\\\/09\\\/korbane-300x228-1.jpg\",\"datePublished\":\"2016-09-11T02:56:00+00:00\",\"dateModified\":\"2025-05-19T09:17:55+00:00\",\"description\":\"Najet, N\u00e9jib et le korbane de l'Aid\",\"breadcrumb\":{\"@id\":\"https:\\\/\\\/www.webdo.tn\\\/fr\\\/actualite\\\/chroniques\\\/najet-nejib-korbane-de-laid\\\/187193\\\/#breadcrumb\"},\"inLanguage\":\"fr-FR\",\"potentialAction\":[{\"@type\":\"ReadAction\",\"target\":[\"https:\\\/\\\/www.webdo.tn\\\/fr\\\/actualite\\\/chroniques\\\/najet-nejib-korbane-de-laid\\\/187193\\\/\"]}]},{\"@type\":\"ImageObject\",\"inLanguage\":\"fr-FR\",\"@id\":\"https:\\\/\\\/www.webdo.tn\\\/fr\\\/actualite\\\/chroniques\\\/najet-nejib-korbane-de-laid\\\/187193\\\/#primaryimage\",\"url\":\"https:\\\/\\\/www.webdo.tn\\\/fr\\\/wp-content\\\/uploads\\\/2016\\\/09\\\/korbane-300x228-1.jpg\",\"contentUrl\":\"https:\\\/\\\/www.webdo.tn\\\/fr\\\/wp-content\\\/uploads\\\/2016\\\/09\\\/korbane-300x228-1.jpg\",\"width\":300,\"height\":228,\"caption\":\"Najet, N\u00e9jib et le \\\"korbane\\\" de l'Aid\"},{\"@type\":\"BreadcrumbList\",\"@id\":\"https:\\\/\\\/www.webdo.tn\\\/fr\\\/actualite\\\/chroniques\\\/najet-nejib-korbane-de-laid\\\/187193\\\/#breadcrumb\",\"itemListElement\":[{\"@type\":\"ListItem\",\"position\":1,\"name\":\"Accueil\",\"item\":\"https:\\\/\\\/www.webdo.tn\\\/fr\\\/\"},{\"@type\":\"ListItem\",\"position\":2,\"name\":\"Najet, N\u00e9jib et le &#8220;korbane&#8221; de l&#8217;Aid\"}]},{\"@type\":\"WebSite\",\"@id\":\"https:\\\/\\\/www.webdo.tn\\\/fr\\\/#website\",\"url\":\"https:\\\/\\\/www.webdo.tn\\\/fr\\\/\",\"name\":\"webdo\",\"description\":\"Tunisie - News en Tunisie et \u00e0 l&#039;international sur Webdo.tn\",\"publisher\":{\"@id\":\"https:\\\/\\\/www.webdo.tn\\\/fr\\\/#organization\"},\"potentialAction\":[{\"@type\":\"SearchAction\",\"target\":{\"@type\":\"EntryPoint\",\"urlTemplate\":\"https:\\\/\\\/www.webdo.tn\\\/fr\\\/?s={search_term_string}\"},\"query-input\":{\"@type\":\"PropertyValueSpecification\",\"valueRequired\":true,\"valueName\":\"search_term_string\"}}],\"inLanguage\":\"fr-FR\"},{\"@type\":\"Organization\",\"@id\":\"https:\\\/\\\/www.webdo.tn\\\/fr\\\/#organization\",\"name\":\"Webdo\",\"alternateName\":\"Webdo.tn\",\"url\":\"https:\\\/\\\/www.webdo.tn\\\/fr\\\/\",\"logo\":{\"@type\":\"ImageObject\",\"inLanguage\":\"fr-FR\",\"@id\":\"https:\\\/\\\/www.webdo.tn\\\/fr\\\/#\\\/schema\\\/logo\\\/image\\\/\",\"url\":\"https:\\\/\\\/www.webdo.tn\\\/fr\\\/wp-content\\\/uploads\\\/2025\\\/06\\\/Webdo-Tunisie_168377.jpg\",\"contentUrl\":\"https:\\\/\\\/www.webdo.tn\\\/fr\\\/wp-content\\\/uploads\\\/2025\\\/06\\\/Webdo-Tunisie_168377.jpg\",\"width\":301,\"height\":301,\"caption\":\"Webdo\"},\"image\":{\"@id\":\"https:\\\/\\\/www.webdo.tn\\\/fr\\\/#\\\/schema\\\/logo\\\/image\\\/\"},\"sameAs\":[\"https:\\\/\\\/www.facebook.com\\\/webdotn\",\"https:\\\/\\\/x.com\\\/webdo_tn\"],\"description\":\"Webdo est un m\u00e9dia num\u00e9rique tunisien fond\u00e9 en 2010, sp\u00e9cialis\u00e9 dans l\u2019actualit\u00e9 nationale et internationale, l\u2019\u00e9conomie, la soci\u00e9t\u00e9 et les analyses politiques. Le site s\u2019adresse \u00e0 un large public francophone et couvre l\u2019information tunisienne en temps r\u00e9el.\",\"email\":\"redac@webdo.tn\",\"legalName\":\"YNJ SARL\",\"foundingDate\":\"2010-09-06\",\"numberOfEmployees\":{\"@type\":\"QuantitativeValue\",\"minValue\":\"11\",\"maxValue\":\"50\"}},{\"@type\":\"Person\",\"@id\":\"https:\\\/\\\/www.webdo.tn\\\/fr\\\/#\\\/schema\\\/person\\\/6bc0beba2cd23aec27cb5df85ca2554f\",\"name\":\"Hatem Bourial\",\"image\":{\"@type\":\"ImageObject\",\"inLanguage\":\"fr-FR\",\"@id\":\"https:\\\/\\\/www.webdo.tn\\\/fr\\\/wp-content\\\/uploads\\\/2026\\\/04\\\/hatem-bourial_avatar-96x96.jpg\",\"url\":\"https:\\\/\\\/www.webdo.tn\\\/fr\\\/wp-content\\\/uploads\\\/2026\\\/04\\\/hatem-bourial_avatar-96x96.jpg\",\"contentUrl\":\"https:\\\/\\\/www.webdo.tn\\\/fr\\\/wp-content\\\/uploads\\\/2026\\\/04\\\/hatem-bourial_avatar-96x96.jpg\",\"caption\":\"Hatem Bourial\"},\"description\":\"Hatem Bourial est journaliste, \u00e9crivain et chroniqueur tunisien. Actif depuis plusieurs d\u00e9cennies, il s\u2019est impos\u00e9 comme un observateur attentif de la soci\u00e9t\u00e9 tunisienne, m\u00ealant dans ses \u00e9crits m\u00e9moire, culture et analyse du quotidien. Auteur de nombreux ouvrages, il d\u00e9veloppe une \u0153uvre \u00e0 la crois\u00e9e du r\u00e9cit, de la po\u00e9sie et de l\u2019observation sociologique. Parall\u00e8lement \u00e0 ses contributions dans la presse, il intervient r\u00e9guli\u00e8rement \u00e0 la radio et dans des espaces culturels, o\u00f9 il explore les enjeux li\u00e9s au patrimoine, \u00e0 l\u2019identit\u00e9 et aux transformations du monde contemporain. \u00c0 travers ses chroniques, Hatem Bourial propose une lecture sensible et approfondie de l\u2019actualit\u00e9, nourrie par une exp\u00e9rience journalistique et litt\u00e9raire reconnue. \ud83d\udd17 Facebook : https:\\\/\\\/www.facebook.com\\\/hatem.bourial.2025\",\"sameAs\":[\"https:\\\/\\\/www.facebook.com\\\/hatem.bourial.2025\",\"https:\\\/\\\/fr.wikipedia.org\\\/wiki\\\/Fichier:Hatem_Bourial.jpg\"],\"knowsAbout\":[\"Culture & patrimoine tunisien\",\"Chronique soci\u00e9tale\",\"Litt\u00e9rature & m\u00e9moire\",\"Cin\u00e9ma & critique culturelle\",\"Identit\u00e9 & mutations sociales\"],\"knowsLanguage\":[\"Arabe\",\"Fran\u00e7ais\",\"Anglais\",\"Italien\",\"Polonais\"],\"jobTitle\":\"Journaliste, \u00e9crivain et chroniqueur culturel\",\"worksFor\":\"Webdo\",\"url\":\"https:\\\/\\\/www.webdo.tn\\\/fr\\\/actualite\\\/author\\\/hatem-bourial-2\\\/\"}]}<\/script>\n<!-- \/ Yoast SEO Premium plugin. -->","yoast_head_json":{"title":"Najet, N\u00e9jib et le korbane de l'Aid","description":"Najet, N\u00e9jib et le korbane de l'Aid","canonical":"https:\/\/www.webdo.tn\/fr\/actualite\/chroniques\/najet-nejib-korbane-de-laid\/187193\/","og_locale":"fr_FR","og_type":"article","og_title":"Najet, N\u00e9jib et le \"korbane\" de l'Aid","og_description":"Najet, N\u00e9jib et le korbane de l'Aid","og_url":"https:\/\/www.webdo.tn\/fr\/actualite\/chroniques\/najet-nejib-korbane-de-laid\/187193\/","og_site_name":"webdo","article_publisher":"https:\/\/www.facebook.com\/webdotn","article_author":"https:\/\/www.facebook.com\/hatem.bourial.2025","article_published_time":"2016-09-11T02:56:00+00:00","article_modified_time":"2025-05-19T09:17:55+00:00","og_image":[{"width":300,"height":228,"url":"https:\/\/www.webdo.tn\/fr\/wp-content\/uploads\/2016\/09\/korbane-300x228-1.jpg","type":"image\/jpeg"}],"author":"Hatem Bourial","twitter_card":"summary_large_image","twitter_creator":"@webdo_tn","twitter_site":"@webdo_tn","twitter_misc":{"\u00c9crit par":"Hatem Bourial","Dur\u00e9e de lecture estim\u00e9e":"3 minutes"},"schema":{"@context":"https:\/\/schema.org","@graph":[{"@type":"NewsArticle","@id":"https:\/\/www.webdo.tn\/fr\/actualite\/chroniques\/najet-nejib-korbane-de-laid\/187193\/#article","isPartOf":{"@id":"https:\/\/www.webdo.tn\/fr\/actualite\/chroniques\/najet-nejib-korbane-de-laid\/187193\/"},"author":{"name":"Hatem Bourial","@id":"https:\/\/www.webdo.tn\/fr\/#\/schema\/person\/6bc0beba2cd23aec27cb5df85ca2554f"},"headline":"Najet, N\u00e9jib et le \u00ab\u00a0korbane\u00a0\u00bb de l&rsquo;Aid","datePublished":"2016-09-11T02:56:00+00:00","dateModified":"2025-05-19T09:17:55+00:00","mainEntityOfPage":{"@id":"https:\/\/www.webdo.tn\/fr\/actualite\/chroniques\/najet-nejib-korbane-de-laid\/187193\/"},"wordCount":548,"commentCount":0,"publisher":{"@id":"https:\/\/www.webdo.tn\/fr\/#organization"},"image":{"@id":"https:\/\/www.webdo.tn\/fr\/actualite\/chroniques\/najet-nejib-korbane-de-laid\/187193\/#primaryimage"},"thumbnailUrl":"https:\/\/www.webdo.tn\/fr\/wp-content\/uploads\/2016\/09\/korbane-300x228-1.jpg","keywords":["guerre"],"articleSection":["Chroniques"],"inLanguage":"fr-FR"},{"@type":"WebPage","@id":"https:\/\/www.webdo.tn\/fr\/actualite\/chroniques\/najet-nejib-korbane-de-laid\/187193\/","url":"https:\/\/www.webdo.tn\/fr\/actualite\/chroniques\/najet-nejib-korbane-de-laid\/187193\/","name":"Najet, N\u00e9jib et le korbane de l'Aid","isPartOf":{"@id":"https:\/\/www.webdo.tn\/fr\/#website"},"primaryImageOfPage":{"@id":"https:\/\/www.webdo.tn\/fr\/actualite\/chroniques\/najet-nejib-korbane-de-laid\/187193\/#primaryimage"},"image":{"@id":"https:\/\/www.webdo.tn\/fr\/actualite\/chroniques\/najet-nejib-korbane-de-laid\/187193\/#primaryimage"},"thumbnailUrl":"https:\/\/www.webdo.tn\/fr\/wp-content\/uploads\/2016\/09\/korbane-300x228-1.jpg","datePublished":"2016-09-11T02:56:00+00:00","dateModified":"2025-05-19T09:17:55+00:00","description":"Najet, N\u00e9jib et le korbane de l'Aid","breadcrumb":{"@id":"https:\/\/www.webdo.tn\/fr\/actualite\/chroniques\/najet-nejib-korbane-de-laid\/187193\/#breadcrumb"},"inLanguage":"fr-FR","potentialAction":[{"@type":"ReadAction","target":["https:\/\/www.webdo.tn\/fr\/actualite\/chroniques\/najet-nejib-korbane-de-laid\/187193\/"]}]},{"@type":"ImageObject","inLanguage":"fr-FR","@id":"https:\/\/www.webdo.tn\/fr\/actualite\/chroniques\/najet-nejib-korbane-de-laid\/187193\/#primaryimage","url":"https:\/\/www.webdo.tn\/fr\/wp-content\/uploads\/2016\/09\/korbane-300x228-1.jpg","contentUrl":"https:\/\/www.webdo.tn\/fr\/wp-content\/uploads\/2016\/09\/korbane-300x228-1.jpg","width":300,"height":228,"caption":"Najet, N\u00e9jib et le \"korbane\" de l'Aid"},{"@type":"BreadcrumbList","@id":"https:\/\/www.webdo.tn\/fr\/actualite\/chroniques\/najet-nejib-korbane-de-laid\/187193\/#breadcrumb","itemListElement":[{"@type":"ListItem","position":1,"name":"Accueil","item":"https:\/\/www.webdo.tn\/fr\/"},{"@type":"ListItem","position":2,"name":"Najet, N\u00e9jib et le &#8220;korbane&#8221; de l&#8217;Aid"}]},{"@type":"WebSite","@id":"https:\/\/www.webdo.tn\/fr\/#website","url":"https:\/\/www.webdo.tn\/fr\/","name":"webdo","description":"Tunisie - News en Tunisie et \u00e0 l&#039;international sur Webdo.tn","publisher":{"@id":"https:\/\/www.webdo.tn\/fr\/#organization"},"potentialAction":[{"@type":"SearchAction","target":{"@type":"EntryPoint","urlTemplate":"https:\/\/www.webdo.tn\/fr\/?s={search_term_string}"},"query-input":{"@type":"PropertyValueSpecification","valueRequired":true,"valueName":"search_term_string"}}],"inLanguage":"fr-FR"},{"@type":"Organization","@id":"https:\/\/www.webdo.tn\/fr\/#organization","name":"Webdo","alternateName":"Webdo.tn","url":"https:\/\/www.webdo.tn\/fr\/","logo":{"@type":"ImageObject","inLanguage":"fr-FR","@id":"https:\/\/www.webdo.tn\/fr\/#\/schema\/logo\/image\/","url":"https:\/\/www.webdo.tn\/fr\/wp-content\/uploads\/2025\/06\/Webdo-Tunisie_168377.jpg","contentUrl":"https:\/\/www.webdo.tn\/fr\/wp-content\/uploads\/2025\/06\/Webdo-Tunisie_168377.jpg","width":301,"height":301,"caption":"Webdo"},"image":{"@id":"https:\/\/www.webdo.tn\/fr\/#\/schema\/logo\/image\/"},"sameAs":["https:\/\/www.facebook.com\/webdotn","https:\/\/x.com\/webdo_tn"],"description":"Webdo est un m\u00e9dia num\u00e9rique tunisien fond\u00e9 en 2010, sp\u00e9cialis\u00e9 dans l\u2019actualit\u00e9 nationale et internationale, l\u2019\u00e9conomie, la soci\u00e9t\u00e9 et les analyses politiques. Le site s\u2019adresse \u00e0 un large public francophone et couvre l\u2019information tunisienne en temps r\u00e9el.","email":"redac@webdo.tn","legalName":"YNJ SARL","foundingDate":"2010-09-06","numberOfEmployees":{"@type":"QuantitativeValue","minValue":"11","maxValue":"50"}},{"@type":"Person","@id":"https:\/\/www.webdo.tn\/fr\/#\/schema\/person\/6bc0beba2cd23aec27cb5df85ca2554f","name":"Hatem Bourial","image":{"@type":"ImageObject","inLanguage":"fr-FR","@id":"https:\/\/www.webdo.tn\/fr\/wp-content\/uploads\/2026\/04\/hatem-bourial_avatar-96x96.jpg","url":"https:\/\/www.webdo.tn\/fr\/wp-content\/uploads\/2026\/04\/hatem-bourial_avatar-96x96.jpg","contentUrl":"https:\/\/www.webdo.tn\/fr\/wp-content\/uploads\/2026\/04\/hatem-bourial_avatar-96x96.jpg","caption":"Hatem Bourial"},"description":"Hatem Bourial est journaliste, \u00e9crivain et chroniqueur tunisien. Actif depuis plusieurs d\u00e9cennies, il s\u2019est impos\u00e9 comme un observateur attentif de la soci\u00e9t\u00e9 tunisienne, m\u00ealant dans ses \u00e9crits m\u00e9moire, culture et analyse du quotidien. Auteur de nombreux ouvrages, il d\u00e9veloppe une \u0153uvre \u00e0 la crois\u00e9e du r\u00e9cit, de la po\u00e9sie et de l\u2019observation sociologique. Parall\u00e8lement \u00e0 ses contributions dans la presse, il intervient r\u00e9guli\u00e8rement \u00e0 la radio et dans des espaces culturels, o\u00f9 il explore les enjeux li\u00e9s au patrimoine, \u00e0 l\u2019identit\u00e9 et aux transformations du monde contemporain. \u00c0 travers ses chroniques, Hatem Bourial propose une lecture sensible et approfondie de l\u2019actualit\u00e9, nourrie par une exp\u00e9rience journalistique et litt\u00e9raire reconnue. \ud83d\udd17 Facebook : https:\/\/www.facebook.com\/hatem.bourial.2025","sameAs":["https:\/\/www.facebook.com\/hatem.bourial.2025","https:\/\/fr.wikipedia.org\/wiki\/Fichier:Hatem_Bourial.jpg"],"knowsAbout":["Culture & patrimoine tunisien","Chronique soci\u00e9tale","Litt\u00e9rature & m\u00e9moire","Cin\u00e9ma & critique culturelle","Identit\u00e9 & mutations sociales"],"knowsLanguage":["Arabe","Fran\u00e7ais","Anglais","Italien","Polonais"],"jobTitle":"Journaliste, \u00e9crivain et chroniqueur culturel","worksFor":"Webdo","url":"https:\/\/www.webdo.tn\/fr\/actualite\/author\/hatem-bourial-2\/"}]}},"_links":{"self":[{"href":"https:\/\/www.webdo.tn\/fr\/wp-json\/wp\/v2\/posts\/187193","targetHints":{"allow":["GET"]}}],"collection":[{"href":"https:\/\/www.webdo.tn\/fr\/wp-json\/wp\/v2\/posts"}],"about":[{"href":"https:\/\/www.webdo.tn\/fr\/wp-json\/wp\/v2\/types\/post"}],"author":[{"embeddable":true,"href":"https:\/\/www.webdo.tn\/fr\/wp-json\/wp\/v2\/users\/3229"}],"replies":[{"embeddable":true,"href":"https:\/\/www.webdo.tn\/fr\/wp-json\/wp\/v2\/comments?post=187193"}],"version-history":[{"count":0,"href":"https:\/\/www.webdo.tn\/fr\/wp-json\/wp\/v2\/posts\/187193\/revisions"}],"wp:featuredmedia":[{"embeddable":true,"href":"https:\/\/www.webdo.tn\/fr\/wp-json\/wp\/v2\/media\/313065"}],"wp:attachment":[{"href":"https:\/\/www.webdo.tn\/fr\/wp-json\/wp\/v2\/media?parent=187193"}],"wp:term":[{"taxonomy":"category","embeddable":true,"href":"https:\/\/www.webdo.tn\/fr\/wp-json\/wp\/v2\/categories?post=187193"},{"taxonomy":"post_tag","embeddable":true,"href":"https:\/\/www.webdo.tn\/fr\/wp-json\/wp\/v2\/tags?post=187193"}],"curies":[{"name":"wp","href":"https:\/\/api.w.org\/{rel}","templated":true}]}}