{"id":187188,"date":"2016-09-06T09:35:00","date_gmt":"2016-09-06T09:35:00","guid":{"rendered":"https:\/\/www.webdo.tn\/fr\/blog\/noel-interdit-de-neji-jelloul-touche-a-vacances-dhiver\/187188\/"},"modified":"2016-09-06T09:35:00","modified_gmt":"2016-09-06T09:35:00","slug":"noel-interdit-de-neji-jelloul-touche-a-vacances-dhiver","status":"publish","type":"post","link":"https:\/\/www.webdo.tn\/fr\/actualite\/chroniques\/noel-interdit-de-neji-jelloul-touche-a-vacances-dhiver\/187188\/","title":{"rendered":"Le No\u00ebl interdit de Neji Jelloul : \u00ab\u00a0Touche pas \u00e0 mes vacances d&rsquo;hiver\u00a0\u00bb"},"content":{"rendered":"<p>Ils agissent toujours par effraction, semblent chercher midi \u00e0 quatorze heures mais, au fait, mettent en oeuvre des strat\u00e9gies sournoises et subreptices, par exc\u00e8s de z\u00e9le, pour complaire \u00e0 la statue du commandeur islamiste.Des vessies pour des lanternes<br \/>\nTout politicien aujourd&rsquo;hui au pouvoir, fut-il chef de gouvernement ou membre influent de Nidaa Tounes, doit avant toute chose \u00eatre adoub\u00e9 par les crypto-islamistes \u00e0 leurs heures d&rsquo;Ennahdha.<\/p>\n<p>Neji Jelloul, le fulminant ministre de l&rsquo;Education qui pr\u00e9tend casser les syndicalistes au nom d&rsquo;une illusoire course en avant et d&rsquo;un accord tacite avec les nahdhaouis qui ne font pas dans la colombe mais dans le faucon, ne fait pas exception \u00e0 cette r\u00e8gle malsaine qui brouille les lignes et fait passer des vessies pour des lanternes pour que les deux grands partis de la majorit\u00e9 se partagent le g\u00e2teau Tunisie.<br \/>\nUn ministre qui surfe sur le populisme et l&rsquo;anti-syndicalisme<br \/>\nSuspect \u00e0 mes yeux pour avoir syst\u00e9matiquement attis\u00e9 le feu en faisant mine de n\u00e9gocier alors qu&rsquo;il n&rsquo;a jamais (ou presque) tenu sa parole donn\u00e9e aux syndicalistes, Neji Jelloul n&rsquo;a pas fait dans la dentelle mais dans le populisme le plus abject en faisant en sorte que l&rsquo;opinion publique prenne en grippe le corps enseignant, boucs \u00e9missaires de tout un syst\u00e8me ainsi que des errements de ce ministre.<br \/>\nExc\u00e8s de z\u00e8le dans l&rsquo;attente d&rsquo;une contrepartie ?<br \/>\nAujourd&rsquo;hui, sans avoir l&rsquo;air d&rsquo;y toucher, il bricole les rythmes scolaires pour pr\u00e9tendument les rationaliser alors que c&rsquo;est tout le contraire qui se passe. Pour gagner en notori\u00e9t\u00e9 aupr\u00e8s des islamistes, il s&rsquo;attaque aux vacances d&rsquo;hiver et combine sa petite affaire de sorte que les \u00e9l\u00e8ves soient \u00e0 l&rsquo;\u00e9cole fin d\u00e9cembre.<\/p>\n<p>C&rsquo;est tellement cousu de fil blanc qu&rsquo;on en rirait! Les islamistes ont-ils besoin de ce type de gages, de ce z\u00e9le primaire qui pr\u00e9sente aux gourous nahdhaouis la certitude que nos ch\u00e8res petites t\u00eates brunes et blondes ne seront pas en vacances pendant Noel?<br \/>\nGesticulations fondamentalistes<br \/>\nCes combats et bricolages d&rsquo;arri\u00e8re-garde, signe d&rsquo;une islamisation aussi \u00ab\u00a0feutr\u00e9e\u00a0\u00bb que cocasse, n&rsquo;honorent personne et sont clairement dans le registre grand-guignolesque.<\/p>\n<p>Que le ministre Jelloul revoie sa copie et cesse ces gesticulations fondamentalistes! La Tunisie a d&rsquo;autres priorit\u00e9s que ces gesticulations qui ne font que continuer \u00e0 creuser la tombe de notre \u00e9cole sur l&rsquo;autel d\u00e9sormais des fantasmes des islamistes et de leurs affid\u00e9s&#8230;<br \/>\nH.B.<\/p>\n","protected":false},"excerpt":{"rendered":"<p>Le No\u00ebl interdit de Neji Jelloul :  Touche pas \u00e0 mes vacances d&rsquo;hiver<\/p>\n","protected":false},"author":3229,"featured_media":372458,"comment_status":"open","ping_status":"closed","sticky":false,"template":"","format":"standard","meta":{"footnotes":""},"categories":[2596],"tags":[2600],"class_list":["post-187188","post","type-post","status-publish","format-standard","has-post-thumbnail","hentry","category-chroniques","tag-guerre"],"yoast_head":"<!-- This site is optimized with the Yoast SEO Premium plugin v27.5 (Yoast SEO v27.5) - https:\/\/yoast.com\/product\/yoast-seo-premium-wordpress\/ -->\n<title>Le No\u00ebl interdit de Neji Jelloul : Touche pas \u00e0 mes vacances d&#039;hiver<\/title>\n<meta name=\"description\" content=\"Le No\u00ebl interdit de Neji Jelloul : Touche pas \u00e0 mes vacances d&#039;hiver\" \/>\n<link rel=\"canonical\" href=\"https:\/\/www.webdo.tn\/fr\/actualite\/chroniques\/noel-interdit-de-neji-jelloul-touche-a-vacances-dhiver\/187188\/\" \/>\n<meta property=\"og:locale\" content=\"fr_FR\" \/>\n<meta property=\"og:type\" content=\"article\" \/>\n<meta property=\"og:title\" content=\"Le No\u00ebl interdit de Neji Jelloul : &quot;Touche pas \u00e0 mes vacances d&#039;hiver&quot;\" \/>\n<meta property=\"og:description\" content=\"Le No\u00ebl interdit de Neji Jelloul : Touche pas \u00e0 mes vacances d&#039;hiver\" \/>\n<meta property=\"og:url\" content=\"https:\/\/www.webdo.tn\/fr\/actualite\/chroniques\/noel-interdit-de-neji-jelloul-touche-a-vacances-dhiver\/187188\/\" \/>\n<meta property=\"og:site_name\" content=\"webdo\" \/>\n<meta property=\"article:publisher\" content=\"https:\/\/www.facebook.com\/webdotn\" \/>\n<meta property=\"article:author\" content=\"https:\/\/www.facebook.com\/hatem.bourial.2025\" \/>\n<meta property=\"article:published_time\" content=\"2016-09-06T09:35:00+00:00\" \/>\n<meta name=\"author\" content=\"Hatem Bourial\" \/>\n<meta name=\"twitter:card\" content=\"summary_large_image\" \/>\n<meta name=\"twitter:creator\" content=\"@webdo_tn\" \/>\n<meta name=\"twitter:site\" content=\"@webdo_tn\" \/>\n<meta name=\"twitter:label1\" content=\"\u00c9crit par\" \/>\n\t<meta name=\"twitter:data1\" content=\"Hatem Bourial\" \/>\n\t<meta name=\"twitter:label2\" content=\"Dur\u00e9e de lecture estim\u00e9e\" \/>\n\t<meta name=\"twitter:data2\" content=\"2 minutes\" \/>\n<script type=\"application\/ld+json\" class=\"yoast-schema-graph\">{\"@context\":\"https:\\\/\\\/schema.org\",\"@graph\":[{\"@type\":\"NewsArticle\",\"@id\":\"https:\\\/\\\/www.webdo.tn\\\/fr\\\/actualite\\\/chroniques\\\/noel-interdit-de-neji-jelloul-touche-a-vacances-dhiver\\\/187188\\\/#article\",\"isPartOf\":{\"@id\":\"https:\\\/\\\/www.webdo.tn\\\/fr\\\/actualite\\\/chroniques\\\/noel-interdit-de-neji-jelloul-touche-a-vacances-dhiver\\\/187188\\\/\"},\"author\":{\"name\":\"Hatem Bourial\",\"@id\":\"https:\\\/\\\/www.webdo.tn\\\/fr\\\/#\\\/schema\\\/person\\\/6bc0beba2cd23aec27cb5df85ca2554f\"},\"headline\":\"Le No\u00ebl interdit de Neji Jelloul : \u00ab\u00a0Touche pas \u00e0 mes vacances d&rsquo;hiver\u00a0\u00bb\",\"datePublished\":\"2016-09-06T09:35:00+00:00\",\"mainEntityOfPage\":{\"@id\":\"https:\\\/\\\/www.webdo.tn\\\/fr\\\/actualite\\\/chroniques\\\/noel-interdit-de-neji-jelloul-touche-a-vacances-dhiver\\\/187188\\\/\"},\"wordCount\":443,\"commentCount\":0,\"publisher\":{\"@id\":\"https:\\\/\\\/www.webdo.tn\\\/fr\\\/#organization\"},\"image\":{\"@id\":\"https:\\\/\\\/www.webdo.tn\\\/fr\\\/actualite\\\/chroniques\\\/noel-interdit-de-neji-jelloul-touche-a-vacances-dhiver\\\/187188\\\/#primaryimage\"},\"thumbnailUrl\":\"https:\\\/\\\/www.webdo.tn\\\/fr\\\/wp-content\\\/uploads\\\/2025\\\/06\\\/Neji-Jalloul-e1433781227237_187188.jpg\",\"keywords\":[\"guerre\"],\"articleSection\":[\"Chroniques\"],\"inLanguage\":\"fr-FR\"},{\"@type\":\"WebPage\",\"@id\":\"https:\\\/\\\/www.webdo.tn\\\/fr\\\/actualite\\\/chroniques\\\/noel-interdit-de-neji-jelloul-touche-a-vacances-dhiver\\\/187188\\\/\",\"url\":\"https:\\\/\\\/www.webdo.tn\\\/fr\\\/actualite\\\/chroniques\\\/noel-interdit-de-neji-jelloul-touche-a-vacances-dhiver\\\/187188\\\/\",\"name\":\"Le No\u00ebl interdit de Neji Jelloul : Touche pas \u00e0 mes vacances d'hiver\",\"isPartOf\":{\"@id\":\"https:\\\/\\\/www.webdo.tn\\\/fr\\\/#website\"},\"primaryImageOfPage\":{\"@id\":\"https:\\\/\\\/www.webdo.tn\\\/fr\\\/actualite\\\/chroniques\\\/noel-interdit-de-neji-jelloul-touche-a-vacances-dhiver\\\/187188\\\/#primaryimage\"},\"image\":{\"@id\":\"https:\\\/\\\/www.webdo.tn\\\/fr\\\/actualite\\\/chroniques\\\/noel-interdit-de-neji-jelloul-touche-a-vacances-dhiver\\\/187188\\\/#primaryimage\"},\"thumbnailUrl\":\"https:\\\/\\\/www.webdo.tn\\\/fr\\\/wp-content\\\/uploads\\\/2025\\\/06\\\/Neji-Jalloul-e1433781227237_187188.jpg\",\"datePublished\":\"2016-09-06T09:35:00+00:00\",\"description\":\"Le No\u00ebl interdit de Neji Jelloul : Touche pas \u00e0 mes vacances d'hiver\",\"breadcrumb\":{\"@id\":\"https:\\\/\\\/www.webdo.tn\\\/fr\\\/actualite\\\/chroniques\\\/noel-interdit-de-neji-jelloul-touche-a-vacances-dhiver\\\/187188\\\/#breadcrumb\"},\"inLanguage\":\"fr-FR\",\"potentialAction\":[{\"@type\":\"ReadAction\",\"target\":[\"https:\\\/\\\/www.webdo.tn\\\/fr\\\/actualite\\\/chroniques\\\/noel-interdit-de-neji-jelloul-touche-a-vacances-dhiver\\\/187188\\\/\"]}]},{\"@type\":\"ImageObject\",\"inLanguage\":\"fr-FR\",\"@id\":\"https:\\\/\\\/www.webdo.tn\\\/fr\\\/actualite\\\/chroniques\\\/noel-interdit-de-neji-jelloul-touche-a-vacances-dhiver\\\/187188\\\/#primaryimage\",\"url\":\"https:\\\/\\\/www.webdo.tn\\\/fr\\\/wp-content\\\/uploads\\\/2025\\\/06\\\/Neji-Jalloul-e1433781227237_187188.jpg\",\"contentUrl\":\"https:\\\/\\\/www.webdo.tn\\\/fr\\\/wp-content\\\/uploads\\\/2025\\\/06\\\/Neji-Jalloul-e1433781227237_187188.jpg\",\"width\":600,\"height\":338,\"caption\":\"Le No\u00ebl interdit de Neji Jelloul : \\\"Touche pas \u00e0 mes vacances d'hiver\\\"\"},{\"@type\":\"BreadcrumbList\",\"@id\":\"https:\\\/\\\/www.webdo.tn\\\/fr\\\/actualite\\\/chroniques\\\/noel-interdit-de-neji-jelloul-touche-a-vacances-dhiver\\\/187188\\\/#breadcrumb\",\"itemListElement\":[{\"@type\":\"ListItem\",\"position\":1,\"name\":\"Accueil\",\"item\":\"https:\\\/\\\/www.webdo.tn\\\/fr\\\/\"},{\"@type\":\"ListItem\",\"position\":2,\"name\":\"Le No\u00ebl interdit de Neji Jelloul : &#8220;Touche pas \u00e0 mes vacances d&#8217;hiver&#8221;\"}]},{\"@type\":\"WebSite\",\"@id\":\"https:\\\/\\\/www.webdo.tn\\\/fr\\\/#website\",\"url\":\"https:\\\/\\\/www.webdo.tn\\\/fr\\\/\",\"name\":\"webdo\",\"description\":\"Tunisie - News en Tunisie et \u00e0 l&#039;international sur Webdo.tn\",\"publisher\":{\"@id\":\"https:\\\/\\\/www.webdo.tn\\\/fr\\\/#organization\"},\"potentialAction\":[{\"@type\":\"SearchAction\",\"target\":{\"@type\":\"EntryPoint\",\"urlTemplate\":\"https:\\\/\\\/www.webdo.tn\\\/fr\\\/?s={search_term_string}\"},\"query-input\":{\"@type\":\"PropertyValueSpecification\",\"valueRequired\":true,\"valueName\":\"search_term_string\"}}],\"inLanguage\":\"fr-FR\"},{\"@type\":\"Organization\",\"@id\":\"https:\\\/\\\/www.webdo.tn\\\/fr\\\/#organization\",\"name\":\"Webdo\",\"alternateName\":\"Webdo.tn\",\"url\":\"https:\\\/\\\/www.webdo.tn\\\/fr\\\/\",\"logo\":{\"@type\":\"ImageObject\",\"inLanguage\":\"fr-FR\",\"@id\":\"https:\\\/\\\/www.webdo.tn\\\/fr\\\/#\\\/schema\\\/logo\\\/image\\\/\",\"url\":\"https:\\\/\\\/www.webdo.tn\\\/fr\\\/wp-content\\\/uploads\\\/2025\\\/06\\\/Webdo-Tunisie_168377.jpg\",\"contentUrl\":\"https:\\\/\\\/www.webdo.tn\\\/fr\\\/wp-content\\\/uploads\\\/2025\\\/06\\\/Webdo-Tunisie_168377.jpg\",\"width\":301,\"height\":301,\"caption\":\"Webdo\"},\"image\":{\"@id\":\"https:\\\/\\\/www.webdo.tn\\\/fr\\\/#\\\/schema\\\/logo\\\/image\\\/\"},\"sameAs\":[\"https:\\\/\\\/www.facebook.com\\\/webdotn\",\"https:\\\/\\\/x.com\\\/webdo_tn\"],\"description\":\"Webdo est un m\u00e9dia num\u00e9rique tunisien fond\u00e9 en 2010, sp\u00e9cialis\u00e9 dans l\u2019actualit\u00e9 nationale et internationale, l\u2019\u00e9conomie, la soci\u00e9t\u00e9 et les analyses politiques. Le site s\u2019adresse \u00e0 un large public francophone et couvre l\u2019information tunisienne en temps r\u00e9el.\",\"email\":\"redac@webdo.tn\",\"legalName\":\"YNJ SARL\",\"foundingDate\":\"2010-09-06\",\"numberOfEmployees\":{\"@type\":\"QuantitativeValue\",\"minValue\":\"11\",\"maxValue\":\"50\"}},{\"@type\":\"Person\",\"@id\":\"https:\\\/\\\/www.webdo.tn\\\/fr\\\/#\\\/schema\\\/person\\\/6bc0beba2cd23aec27cb5df85ca2554f\",\"name\":\"Hatem Bourial\",\"image\":{\"@type\":\"ImageObject\",\"inLanguage\":\"fr-FR\",\"@id\":\"https:\\\/\\\/www.webdo.tn\\\/fr\\\/wp-content\\\/uploads\\\/2026\\\/04\\\/hatem-bourial_avatar-96x96.jpg\",\"url\":\"https:\\\/\\\/www.webdo.tn\\\/fr\\\/wp-content\\\/uploads\\\/2026\\\/04\\\/hatem-bourial_avatar-96x96.jpg\",\"contentUrl\":\"https:\\\/\\\/www.webdo.tn\\\/fr\\\/wp-content\\\/uploads\\\/2026\\\/04\\\/hatem-bourial_avatar-96x96.jpg\",\"caption\":\"Hatem Bourial\"},\"description\":\"Hatem Bourial est journaliste, \u00e9crivain et chroniqueur tunisien. Actif depuis plusieurs d\u00e9cennies, il s\u2019est impos\u00e9 comme un observateur attentif de la soci\u00e9t\u00e9 tunisienne, m\u00ealant dans ses \u00e9crits m\u00e9moire, culture et analyse du quotidien. Auteur de nombreux ouvrages, il d\u00e9veloppe une \u0153uvre \u00e0 la crois\u00e9e du r\u00e9cit, de la po\u00e9sie et de l\u2019observation sociologique. Parall\u00e8lement \u00e0 ses contributions dans la presse, il intervient r\u00e9guli\u00e8rement \u00e0 la radio et dans des espaces culturels, o\u00f9 il explore les enjeux li\u00e9s au patrimoine, \u00e0 l\u2019identit\u00e9 et aux transformations du monde contemporain. \u00c0 travers ses chroniques, Hatem Bourial propose une lecture sensible et approfondie de l\u2019actualit\u00e9, nourrie par une exp\u00e9rience journalistique et litt\u00e9raire reconnue. \ud83d\udd17 Facebook : https:\\\/\\\/www.facebook.com\\\/hatem.bourial.2025\",\"sameAs\":[\"https:\\\/\\\/www.facebook.com\\\/hatem.bourial.2025\",\"https:\\\/\\\/fr.wikipedia.org\\\/wiki\\\/Fichier:Hatem_Bourial.jpg\"],\"knowsAbout\":[\"Culture & patrimoine tunisien\",\"Chronique soci\u00e9tale\",\"Litt\u00e9rature & m\u00e9moire\",\"Cin\u00e9ma & critique culturelle\",\"Identit\u00e9 & mutations sociales\"],\"knowsLanguage\":[\"Arabe\",\"Fran\u00e7ais\",\"Anglais\",\"Italien\",\"Polonais\"],\"jobTitle\":\"Journaliste, \u00e9crivain et chroniqueur culturel\",\"worksFor\":\"Webdo\",\"url\":\"https:\\\/\\\/www.webdo.tn\\\/fr\\\/actualite\\\/author\\\/hatem-bourial-2\\\/\"}]}<\/script>\n<!-- \/ Yoast SEO Premium plugin. -->","yoast_head_json":{"title":"Le No\u00ebl interdit de Neji Jelloul : Touche pas \u00e0 mes vacances d'hiver","description":"Le No\u00ebl interdit de Neji Jelloul : Touche pas \u00e0 mes vacances d'hiver","canonical":"https:\/\/www.webdo.tn\/fr\/actualite\/chroniques\/noel-interdit-de-neji-jelloul-touche-a-vacances-dhiver\/187188\/","og_locale":"fr_FR","og_type":"article","og_title":"Le No\u00ebl interdit de Neji Jelloul : \"Touche pas \u00e0 mes vacances d'hiver\"","og_description":"Le No\u00ebl interdit de Neji Jelloul : Touche pas \u00e0 mes vacances d'hiver","og_url":"https:\/\/www.webdo.tn\/fr\/actualite\/chroniques\/noel-interdit-de-neji-jelloul-touche-a-vacances-dhiver\/187188\/","og_site_name":"webdo","article_publisher":"https:\/\/www.facebook.com\/webdotn","article_author":"https:\/\/www.facebook.com\/hatem.bourial.2025","article_published_time":"2016-09-06T09:35:00+00:00","author":"Hatem Bourial","twitter_card":"summary_large_image","twitter_creator":"@webdo_tn","twitter_site":"@webdo_tn","twitter_misc":{"\u00c9crit par":"Hatem Bourial","Dur\u00e9e de lecture estim\u00e9e":"2 minutes"},"schema":{"@context":"https:\/\/schema.org","@graph":[{"@type":"NewsArticle","@id":"https:\/\/www.webdo.tn\/fr\/actualite\/chroniques\/noel-interdit-de-neji-jelloul-touche-a-vacances-dhiver\/187188\/#article","isPartOf":{"@id":"https:\/\/www.webdo.tn\/fr\/actualite\/chroniques\/noel-interdit-de-neji-jelloul-touche-a-vacances-dhiver\/187188\/"},"author":{"name":"Hatem Bourial","@id":"https:\/\/www.webdo.tn\/fr\/#\/schema\/person\/6bc0beba2cd23aec27cb5df85ca2554f"},"headline":"Le No\u00ebl interdit de Neji Jelloul : \u00ab\u00a0Touche pas \u00e0 mes vacances d&rsquo;hiver\u00a0\u00bb","datePublished":"2016-09-06T09:35:00+00:00","mainEntityOfPage":{"@id":"https:\/\/www.webdo.tn\/fr\/actualite\/chroniques\/noel-interdit-de-neji-jelloul-touche-a-vacances-dhiver\/187188\/"},"wordCount":443,"commentCount":0,"publisher":{"@id":"https:\/\/www.webdo.tn\/fr\/#organization"},"image":{"@id":"https:\/\/www.webdo.tn\/fr\/actualite\/chroniques\/noel-interdit-de-neji-jelloul-touche-a-vacances-dhiver\/187188\/#primaryimage"},"thumbnailUrl":"https:\/\/www.webdo.tn\/fr\/wp-content\/uploads\/2025\/06\/Neji-Jalloul-e1433781227237_187188.jpg","keywords":["guerre"],"articleSection":["Chroniques"],"inLanguage":"fr-FR"},{"@type":"WebPage","@id":"https:\/\/www.webdo.tn\/fr\/actualite\/chroniques\/noel-interdit-de-neji-jelloul-touche-a-vacances-dhiver\/187188\/","url":"https:\/\/www.webdo.tn\/fr\/actualite\/chroniques\/noel-interdit-de-neji-jelloul-touche-a-vacances-dhiver\/187188\/","name":"Le No\u00ebl interdit de Neji Jelloul : Touche pas \u00e0 mes vacances d'hiver","isPartOf":{"@id":"https:\/\/www.webdo.tn\/fr\/#website"},"primaryImageOfPage":{"@id":"https:\/\/www.webdo.tn\/fr\/actualite\/chroniques\/noel-interdit-de-neji-jelloul-touche-a-vacances-dhiver\/187188\/#primaryimage"},"image":{"@id":"https:\/\/www.webdo.tn\/fr\/actualite\/chroniques\/noel-interdit-de-neji-jelloul-touche-a-vacances-dhiver\/187188\/#primaryimage"},"thumbnailUrl":"https:\/\/www.webdo.tn\/fr\/wp-content\/uploads\/2025\/06\/Neji-Jalloul-e1433781227237_187188.jpg","datePublished":"2016-09-06T09:35:00+00:00","description":"Le No\u00ebl interdit de Neji Jelloul : Touche pas \u00e0 mes vacances d'hiver","breadcrumb":{"@id":"https:\/\/www.webdo.tn\/fr\/actualite\/chroniques\/noel-interdit-de-neji-jelloul-touche-a-vacances-dhiver\/187188\/#breadcrumb"},"inLanguage":"fr-FR","potentialAction":[{"@type":"ReadAction","target":["https:\/\/www.webdo.tn\/fr\/actualite\/chroniques\/noel-interdit-de-neji-jelloul-touche-a-vacances-dhiver\/187188\/"]}]},{"@type":"ImageObject","inLanguage":"fr-FR","@id":"https:\/\/www.webdo.tn\/fr\/actualite\/chroniques\/noel-interdit-de-neji-jelloul-touche-a-vacances-dhiver\/187188\/#primaryimage","url":"https:\/\/www.webdo.tn\/fr\/wp-content\/uploads\/2025\/06\/Neji-Jalloul-e1433781227237_187188.jpg","contentUrl":"https:\/\/www.webdo.tn\/fr\/wp-content\/uploads\/2025\/06\/Neji-Jalloul-e1433781227237_187188.jpg","width":600,"height":338,"caption":"Le No\u00ebl interdit de Neji Jelloul : \"Touche pas \u00e0 mes vacances d'hiver\""},{"@type":"BreadcrumbList","@id":"https:\/\/www.webdo.tn\/fr\/actualite\/chroniques\/noel-interdit-de-neji-jelloul-touche-a-vacances-dhiver\/187188\/#breadcrumb","itemListElement":[{"@type":"ListItem","position":1,"name":"Accueil","item":"https:\/\/www.webdo.tn\/fr\/"},{"@type":"ListItem","position":2,"name":"Le No\u00ebl interdit de Neji Jelloul : &#8220;Touche pas \u00e0 mes vacances d&#8217;hiver&#8221;"}]},{"@type":"WebSite","@id":"https:\/\/www.webdo.tn\/fr\/#website","url":"https:\/\/www.webdo.tn\/fr\/","name":"webdo","description":"Tunisie - News en Tunisie et \u00e0 l&#039;international sur Webdo.tn","publisher":{"@id":"https:\/\/www.webdo.tn\/fr\/#organization"},"potentialAction":[{"@type":"SearchAction","target":{"@type":"EntryPoint","urlTemplate":"https:\/\/www.webdo.tn\/fr\/?s={search_term_string}"},"query-input":{"@type":"PropertyValueSpecification","valueRequired":true,"valueName":"search_term_string"}}],"inLanguage":"fr-FR"},{"@type":"Organization","@id":"https:\/\/www.webdo.tn\/fr\/#organization","name":"Webdo","alternateName":"Webdo.tn","url":"https:\/\/www.webdo.tn\/fr\/","logo":{"@type":"ImageObject","inLanguage":"fr-FR","@id":"https:\/\/www.webdo.tn\/fr\/#\/schema\/logo\/image\/","url":"https:\/\/www.webdo.tn\/fr\/wp-content\/uploads\/2025\/06\/Webdo-Tunisie_168377.jpg","contentUrl":"https:\/\/www.webdo.tn\/fr\/wp-content\/uploads\/2025\/06\/Webdo-Tunisie_168377.jpg","width":301,"height":301,"caption":"Webdo"},"image":{"@id":"https:\/\/www.webdo.tn\/fr\/#\/schema\/logo\/image\/"},"sameAs":["https:\/\/www.facebook.com\/webdotn","https:\/\/x.com\/webdo_tn"],"description":"Webdo est un m\u00e9dia num\u00e9rique tunisien fond\u00e9 en 2010, sp\u00e9cialis\u00e9 dans l\u2019actualit\u00e9 nationale et internationale, l\u2019\u00e9conomie, la soci\u00e9t\u00e9 et les analyses politiques. Le site s\u2019adresse \u00e0 un large public francophone et couvre l\u2019information tunisienne en temps r\u00e9el.","email":"redac@webdo.tn","legalName":"YNJ SARL","foundingDate":"2010-09-06","numberOfEmployees":{"@type":"QuantitativeValue","minValue":"11","maxValue":"50"}},{"@type":"Person","@id":"https:\/\/www.webdo.tn\/fr\/#\/schema\/person\/6bc0beba2cd23aec27cb5df85ca2554f","name":"Hatem Bourial","image":{"@type":"ImageObject","inLanguage":"fr-FR","@id":"https:\/\/www.webdo.tn\/fr\/wp-content\/uploads\/2026\/04\/hatem-bourial_avatar-96x96.jpg","url":"https:\/\/www.webdo.tn\/fr\/wp-content\/uploads\/2026\/04\/hatem-bourial_avatar-96x96.jpg","contentUrl":"https:\/\/www.webdo.tn\/fr\/wp-content\/uploads\/2026\/04\/hatem-bourial_avatar-96x96.jpg","caption":"Hatem Bourial"},"description":"Hatem Bourial est journaliste, \u00e9crivain et chroniqueur tunisien. Actif depuis plusieurs d\u00e9cennies, il s\u2019est impos\u00e9 comme un observateur attentif de la soci\u00e9t\u00e9 tunisienne, m\u00ealant dans ses \u00e9crits m\u00e9moire, culture et analyse du quotidien. Auteur de nombreux ouvrages, il d\u00e9veloppe une \u0153uvre \u00e0 la crois\u00e9e du r\u00e9cit, de la po\u00e9sie et de l\u2019observation sociologique. Parall\u00e8lement \u00e0 ses contributions dans la presse, il intervient r\u00e9guli\u00e8rement \u00e0 la radio et dans des espaces culturels, o\u00f9 il explore les enjeux li\u00e9s au patrimoine, \u00e0 l\u2019identit\u00e9 et aux transformations du monde contemporain. \u00c0 travers ses chroniques, Hatem Bourial propose une lecture sensible et approfondie de l\u2019actualit\u00e9, nourrie par une exp\u00e9rience journalistique et litt\u00e9raire reconnue. \ud83d\udd17 Facebook : https:\/\/www.facebook.com\/hatem.bourial.2025","sameAs":["https:\/\/www.facebook.com\/hatem.bourial.2025","https:\/\/fr.wikipedia.org\/wiki\/Fichier:Hatem_Bourial.jpg"],"knowsAbout":["Culture & patrimoine tunisien","Chronique soci\u00e9tale","Litt\u00e9rature & m\u00e9moire","Cin\u00e9ma & critique culturelle","Identit\u00e9 & mutations sociales"],"knowsLanguage":["Arabe","Fran\u00e7ais","Anglais","Italien","Polonais"],"jobTitle":"Journaliste, \u00e9crivain et chroniqueur culturel","worksFor":"Webdo","url":"https:\/\/www.webdo.tn\/fr\/actualite\/author\/hatem-bourial-2\/"}]}},"_links":{"self":[{"href":"https:\/\/www.webdo.tn\/fr\/wp-json\/wp\/v2\/posts\/187188","targetHints":{"allow":["GET"]}}],"collection":[{"href":"https:\/\/www.webdo.tn\/fr\/wp-json\/wp\/v2\/posts"}],"about":[{"href":"https:\/\/www.webdo.tn\/fr\/wp-json\/wp\/v2\/types\/post"}],"author":[{"embeddable":true,"href":"https:\/\/www.webdo.tn\/fr\/wp-json\/wp\/v2\/users\/3229"}],"replies":[{"embeddable":true,"href":"https:\/\/www.webdo.tn\/fr\/wp-json\/wp\/v2\/comments?post=187188"}],"version-history":[{"count":0,"href":"https:\/\/www.webdo.tn\/fr\/wp-json\/wp\/v2\/posts\/187188\/revisions"}],"wp:featuredmedia":[{"embeddable":true,"href":"https:\/\/www.webdo.tn\/fr\/wp-json\/wp\/v2\/media\/372458"}],"wp:attachment":[{"href":"https:\/\/www.webdo.tn\/fr\/wp-json\/wp\/v2\/media?parent=187188"}],"wp:term":[{"taxonomy":"category","embeddable":true,"href":"https:\/\/www.webdo.tn\/fr\/wp-json\/wp\/v2\/categories?post=187188"},{"taxonomy":"post_tag","embeddable":true,"href":"https:\/\/www.webdo.tn\/fr\/wp-json\/wp\/v2\/tags?post=187188"}],"curies":[{"name":"wp","href":"https:\/\/api.w.org\/{rel}","templated":true}]}}