{"id":187184,"date":"2016-09-02T09:51:00","date_gmt":"2016-09-02T09:51:00","guid":{"rendered":"https:\/\/www.webdo.tn\/fr\/blog\/cetait-3-septembre-1948-funerailles-grandioses-de-moncef-bey\/187184\/"},"modified":"2025-05-19T09:19:33","modified_gmt":"2025-05-19T09:19:33","slug":"cetait-3-septembre-1948-funerailles-grandioses-de-moncef-bey","status":"publish","type":"post","link":"https:\/\/www.webdo.tn\/fr\/actualite\/chroniques\/cetait-3-septembre-1948-funerailles-grandioses-de-moncef-bey\/187184\/","title":{"rendered":"C&rsquo;\u00e9tait le 3 septembre 1948 : Les fun\u00e9railles grandioses de Moncef Bey"},"content":{"rendered":"<p>Pour la g\u00e9n\u00e9ration de celles et ceux qui ont aujourd&rsquo;hui 80 ans, les fun\u00e9railles de Moncef Bey sont rest\u00e9s un incroyable moment historique et une d\u00e9monstration \u00e9loquente de l&rsquo;amour qui entourait ce bey du peuple.<br \/>\nSidi Moncef, le bey du peuple<br \/>\nN\u00e9 en 1881, Moncef Bey sera investi bey du camp le 18 mai 1942 \u00e0 la mort de son cousin B\u00e9chir Bey et devenait ainsi le successeur officiel de Ahmed Bey qui r\u00e9gnait \u00e0 cette \u00e9poque.<\/p>\n<p>Quelques semaines plus tard, le 18 juin 1942, Ahmed Bey d\u00e9c\u00e9dait \u00e0 son tour, terrass\u00e9 par une h\u00e9morragie c\u00e9r\u00e9brale.<br \/>\nUn r\u00e8gne de onze mois<br \/>\nC&rsquo;est ainsi que le 19 juin 1942, dans la salle du tr\u00f4ne du palais du Bardo, Moncef Bey, \u00e0 l&rsquo;\u00e2ge de 62 ans, devenait le dix-huiti\u00e8me bey de la dynastie husseinite.<\/p>\n<p>D\u00e8s qu&rsquo;il monta sur le tr\u00f4ne, Moncef Bey abolira le baise-main et gagnera davantage encore en popularit\u00e9 lorsqu&rsquo;il ouvrit chaque jeudi son palais \u00e0 tous les Tunisiens qui avaient une requ\u00eate ou une dol\u00e9ance.<br \/>\nUn souverain proche du peuple<br \/>\nModeste, proche de son peuple, Moncef Bey aimait se promener dans les rues et les souks de Tunis et aller ainsi \u00e0 la rencontre du petit peuple.<\/p>\n<p>Profond\u00e9ment nationaliste, il esp\u00e9rait poursuivre l\u2019\u0153uvre de son grand-p\u00e8re Mhamed Bey qui avait promulgu\u00e9 le Pacte fondamental. Moncef Bey ne r\u00e9gnera en tout que onze mois et sera destitu\u00e9 pour ses positions politiques par des Fran\u00e7ais revanchards qui l&rsquo;exileront en Alg\u00e9rie puis \u00e0 Pau en France.<br \/>\n L&rsquo;exil en Alg\u00e9rie et en France<br \/>\nApr\u00e8s son abdication forc\u00e9e, il passera les dix derni\u00e8res ann\u00e9es de sa vie \u00e0 Pau o\u00f9 il d\u00e9c\u00e9dera le 1er septembre 1948. Sa d\u00e9pouille sera alors rapatri\u00e9e en Tunisie et, selon ses v\u0153ux, il sera enterr\u00e9 au Djellaz et non pas dans la n\u00e9cropole beylicale de Tourbet el Bey.<\/p>\n<p>Ses fun\u00e9railles furent grandioses et \u00e9mouvantes. Des dizaines de milliers de Tunisiens, toutes origines et toutes confessions confondues, suivirent le cort\u00e8ge jusqu&rsquo;\u00e0 la derni\u00e8re demeure du bey du peuple.<br \/>\nUne mar\u00e9e vivante derri\u00e8re la d\u00e9pouille du roi martyr<br \/>\nIl \u00e9tait devenu le roi martyr d&rsquo;une Tunisie qui se battait pour son ind\u00e9pendance et lui offrira \u00ab\u00a0la plus grande apoth\u00e9ose jamais offerte par le peuple tunisien \u00e0 l&rsquo;un de ses h\u00e9ros\u00a0\u00bb selon les propos de Slaheddine Tlatli qui t\u00e9moigne que \u00ab\u00a0l&rsquo;on avait l&rsquo;impression que les centaines de milliers de morts du Djellaz communiaient avec la mar\u00e9e humaine des vivants pour rendre un dernier hommage au souverain disparu\u00a0\u00bb.<br \/>\nUn mausol\u00e9e au Djellaz<br \/>\nJusqu&rsquo;en 2003, le modeste mausol\u00e9e de Moncef Bey restera en l&rsquo;\u00e9tat initial et il faudra attendre le 55\u00e8me anniversaire de son d\u00e9c\u00e8s pour qu&rsquo;il soit restaur\u00e9 et agrandi. Lieu de m\u00e9moire, ce mausol\u00e9e t\u00e9moigne \u00e0 sa mani\u00e8re de la longue tradition husseinite de la Tunisie et d\u00e9montre que Moncef Bey reste une ic\u00f4ne de la m\u00e9moire populaire des Tunisiens.<br \/>\nDes fun\u00e9railles symboliques dans tout le pays<br \/>\nEn septembre 1948, des fun\u00e9railles symboliques eurent \u00e9galement lieu dans toutes les villes tunisiennes pour rendre hommage \u00e0 Moncef Bey avec de nombreux cort\u00e8ges et des foules profond\u00e9ment \u00e9mues.<\/p>\n<p>Dire que pour les nouvelles g\u00e9n\u00e9rations, Moncef Bey ne repr\u00e9sente plus que le nom de quelques art\u00e8res et celui d&rsquo;un march\u00e9 populaire&#8230;<br \/>\nH.B.<\/p>\n","protected":false},"excerpt":{"rendered":"<p>C&rsquo;\u00e9tait le 3 septembre 1948 : Les fun\u00e9railles grandioses de Moncef Bey<\/p>\n","protected":false},"author":3229,"featured_media":313158,"comment_status":"open","ping_status":"closed","sticky":false,"template":"","format":"standard","meta":{"footnotes":""},"categories":[2596],"tags":[2600],"class_list":["post-187184","post","type-post","status-publish","format-standard","has-post-thumbnail","hentry","category-chroniques","tag-guerre"],"yoast_head":"<!-- This site is optimized with the Yoast SEO Premium plugin v27.5 (Yoast SEO v27.5) - https:\/\/yoast.com\/product\/yoast-seo-premium-wordpress\/ -->\n<title>C&#039;\u00e9tait le 3 septembre 1948 : Les fun\u00e9railles grandioses de Moncef Bey<\/title>\n<meta name=\"description\" content=\"C&#039;\u00e9tait le 3 septembre 1948 : Les fun\u00e9railles grandioses de Moncef Bey\" \/>\n<link rel=\"canonical\" href=\"https:\/\/www.webdo.tn\/fr\/actualite\/chroniques\/cetait-3-septembre-1948-funerailles-grandioses-de-moncef-bey\/187184\/\" \/>\n<meta property=\"og:locale\" content=\"fr_FR\" \/>\n<meta property=\"og:type\" content=\"article\" \/>\n<meta property=\"og:title\" content=\"C&#039;\u00e9tait le 3 septembre 1948 : Les fun\u00e9railles grandioses de Moncef Bey\" \/>\n<meta property=\"og:description\" content=\"C&#039;\u00e9tait le 3 septembre 1948 : Les fun\u00e9railles grandioses de Moncef Bey\" \/>\n<meta property=\"og:url\" content=\"https:\/\/www.webdo.tn\/fr\/actualite\/chroniques\/cetait-3-septembre-1948-funerailles-grandioses-de-moncef-bey\/187184\/\" \/>\n<meta property=\"og:site_name\" content=\"webdo\" \/>\n<meta property=\"article:publisher\" content=\"https:\/\/www.facebook.com\/webdotn\" \/>\n<meta property=\"article:author\" content=\"https:\/\/www.facebook.com\/hatem.bourial.2025\" \/>\n<meta property=\"article:published_time\" content=\"2016-09-02T09:51:00+00:00\" \/>\n<meta property=\"article:modified_time\" content=\"2025-05-19T09:19:33+00:00\" \/>\n<meta property=\"og:image\" content=\"https:\/\/www.webdo.tn\/fr\/wp-content\/uploads\/2016\/09\/Moncef-Bey-225x300-1.jpg\" \/>\n\t<meta property=\"og:image:width\" content=\"225\" \/>\n\t<meta property=\"og:image:height\" content=\"300\" \/>\n\t<meta property=\"og:image:type\" content=\"image\/jpeg\" \/>\n<meta name=\"author\" content=\"Hatem Bourial\" \/>\n<meta name=\"twitter:card\" content=\"summary_large_image\" \/>\n<meta name=\"twitter:creator\" content=\"@webdo_tn\" \/>\n<meta name=\"twitter:site\" content=\"@webdo_tn\" \/>\n<meta name=\"twitter:label1\" content=\"\u00c9crit par\" \/>\n\t<meta name=\"twitter:data1\" content=\"Hatem Bourial\" \/>\n\t<meta name=\"twitter:label2\" content=\"Dur\u00e9e de lecture estim\u00e9e\" \/>\n\t<meta name=\"twitter:data2\" content=\"3 minutes\" \/>\n<script type=\"application\/ld+json\" class=\"yoast-schema-graph\">{\"@context\":\"https:\\\/\\\/schema.org\",\"@graph\":[{\"@type\":\"NewsArticle\",\"@id\":\"https:\\\/\\\/www.webdo.tn\\\/fr\\\/actualite\\\/chroniques\\\/cetait-3-septembre-1948-funerailles-grandioses-de-moncef-bey\\\/187184\\\/#article\",\"isPartOf\":{\"@id\":\"https:\\\/\\\/www.webdo.tn\\\/fr\\\/actualite\\\/chroniques\\\/cetait-3-septembre-1948-funerailles-grandioses-de-moncef-bey\\\/187184\\\/\"},\"author\":{\"name\":\"Hatem Bourial\",\"@id\":\"https:\\\/\\\/www.webdo.tn\\\/fr\\\/#\\\/schema\\\/person\\\/6bc0beba2cd23aec27cb5df85ca2554f\"},\"headline\":\"C&rsquo;\u00e9tait le 3 septembre 1948 : Les fun\u00e9railles grandioses de Moncef Bey\",\"datePublished\":\"2016-09-02T09:51:00+00:00\",\"dateModified\":\"2025-05-19T09:19:33+00:00\",\"mainEntityOfPage\":{\"@id\":\"https:\\\/\\\/www.webdo.tn\\\/fr\\\/actualite\\\/chroniques\\\/cetait-3-septembre-1948-funerailles-grandioses-de-moncef-bey\\\/187184\\\/\"},\"wordCount\":599,\"commentCount\":0,\"publisher\":{\"@id\":\"https:\\\/\\\/www.webdo.tn\\\/fr\\\/#organization\"},\"image\":{\"@id\":\"https:\\\/\\\/www.webdo.tn\\\/fr\\\/actualite\\\/chroniques\\\/cetait-3-septembre-1948-funerailles-grandioses-de-moncef-bey\\\/187184\\\/#primaryimage\"},\"thumbnailUrl\":\"https:\\\/\\\/www.webdo.tn\\\/fr\\\/wp-content\\\/uploads\\\/2016\\\/09\\\/Moncef-Bey-225x300-1.jpg\",\"keywords\":[\"guerre\"],\"articleSection\":[\"Chroniques\"],\"inLanguage\":\"fr-FR\"},{\"@type\":\"WebPage\",\"@id\":\"https:\\\/\\\/www.webdo.tn\\\/fr\\\/actualite\\\/chroniques\\\/cetait-3-septembre-1948-funerailles-grandioses-de-moncef-bey\\\/187184\\\/\",\"url\":\"https:\\\/\\\/www.webdo.tn\\\/fr\\\/actualite\\\/chroniques\\\/cetait-3-septembre-1948-funerailles-grandioses-de-moncef-bey\\\/187184\\\/\",\"name\":\"C'\u00e9tait le 3 septembre 1948 : Les fun\u00e9railles grandioses de Moncef Bey\",\"isPartOf\":{\"@id\":\"https:\\\/\\\/www.webdo.tn\\\/fr\\\/#website\"},\"primaryImageOfPage\":{\"@id\":\"https:\\\/\\\/www.webdo.tn\\\/fr\\\/actualite\\\/chroniques\\\/cetait-3-septembre-1948-funerailles-grandioses-de-moncef-bey\\\/187184\\\/#primaryimage\"},\"image\":{\"@id\":\"https:\\\/\\\/www.webdo.tn\\\/fr\\\/actualite\\\/chroniques\\\/cetait-3-septembre-1948-funerailles-grandioses-de-moncef-bey\\\/187184\\\/#primaryimage\"},\"thumbnailUrl\":\"https:\\\/\\\/www.webdo.tn\\\/fr\\\/wp-content\\\/uploads\\\/2016\\\/09\\\/Moncef-Bey-225x300-1.jpg\",\"datePublished\":\"2016-09-02T09:51:00+00:00\",\"dateModified\":\"2025-05-19T09:19:33+00:00\",\"description\":\"C'\u00e9tait le 3 septembre 1948 : Les fun\u00e9railles grandioses de Moncef Bey\",\"breadcrumb\":{\"@id\":\"https:\\\/\\\/www.webdo.tn\\\/fr\\\/actualite\\\/chroniques\\\/cetait-3-septembre-1948-funerailles-grandioses-de-moncef-bey\\\/187184\\\/#breadcrumb\"},\"inLanguage\":\"fr-FR\",\"potentialAction\":[{\"@type\":\"ReadAction\",\"target\":[\"https:\\\/\\\/www.webdo.tn\\\/fr\\\/actualite\\\/chroniques\\\/cetait-3-septembre-1948-funerailles-grandioses-de-moncef-bey\\\/187184\\\/\"]}]},{\"@type\":\"ImageObject\",\"inLanguage\":\"fr-FR\",\"@id\":\"https:\\\/\\\/www.webdo.tn\\\/fr\\\/actualite\\\/chroniques\\\/cetait-3-septembre-1948-funerailles-grandioses-de-moncef-bey\\\/187184\\\/#primaryimage\",\"url\":\"https:\\\/\\\/www.webdo.tn\\\/fr\\\/wp-content\\\/uploads\\\/2016\\\/09\\\/Moncef-Bey-225x300-1.jpg\",\"contentUrl\":\"https:\\\/\\\/www.webdo.tn\\\/fr\\\/wp-content\\\/uploads\\\/2016\\\/09\\\/Moncef-Bey-225x300-1.jpg\",\"width\":225,\"height\":300,\"caption\":\"C'\u00e9tait le 3 septembre 1948 : Les fun\u00e9railles grandioses de Moncef Bey\"},{\"@type\":\"BreadcrumbList\",\"@id\":\"https:\\\/\\\/www.webdo.tn\\\/fr\\\/actualite\\\/chroniques\\\/cetait-3-septembre-1948-funerailles-grandioses-de-moncef-bey\\\/187184\\\/#breadcrumb\",\"itemListElement\":[{\"@type\":\"ListItem\",\"position\":1,\"name\":\"Accueil\",\"item\":\"https:\\\/\\\/www.webdo.tn\\\/fr\\\/\"},{\"@type\":\"ListItem\",\"position\":2,\"name\":\"C&#8217;\u00e9tait le 3 septembre 1948 : Les fun\u00e9railles grandioses de Moncef Bey\"}]},{\"@type\":\"WebSite\",\"@id\":\"https:\\\/\\\/www.webdo.tn\\\/fr\\\/#website\",\"url\":\"https:\\\/\\\/www.webdo.tn\\\/fr\\\/\",\"name\":\"webdo\",\"description\":\"Tunisie - News en Tunisie et \u00e0 l&#039;international sur Webdo.tn\",\"publisher\":{\"@id\":\"https:\\\/\\\/www.webdo.tn\\\/fr\\\/#organization\"},\"potentialAction\":[{\"@type\":\"SearchAction\",\"target\":{\"@type\":\"EntryPoint\",\"urlTemplate\":\"https:\\\/\\\/www.webdo.tn\\\/fr\\\/?s={search_term_string}\"},\"query-input\":{\"@type\":\"PropertyValueSpecification\",\"valueRequired\":true,\"valueName\":\"search_term_string\"}}],\"inLanguage\":\"fr-FR\"},{\"@type\":\"Organization\",\"@id\":\"https:\\\/\\\/www.webdo.tn\\\/fr\\\/#organization\",\"name\":\"Webdo\",\"alternateName\":\"Webdo.tn\",\"url\":\"https:\\\/\\\/www.webdo.tn\\\/fr\\\/\",\"logo\":{\"@type\":\"ImageObject\",\"inLanguage\":\"fr-FR\",\"@id\":\"https:\\\/\\\/www.webdo.tn\\\/fr\\\/#\\\/schema\\\/logo\\\/image\\\/\",\"url\":\"https:\\\/\\\/www.webdo.tn\\\/fr\\\/wp-content\\\/uploads\\\/2025\\\/06\\\/Webdo-Tunisie_168377.jpg\",\"contentUrl\":\"https:\\\/\\\/www.webdo.tn\\\/fr\\\/wp-content\\\/uploads\\\/2025\\\/06\\\/Webdo-Tunisie_168377.jpg\",\"width\":301,\"height\":301,\"caption\":\"Webdo\"},\"image\":{\"@id\":\"https:\\\/\\\/www.webdo.tn\\\/fr\\\/#\\\/schema\\\/logo\\\/image\\\/\"},\"sameAs\":[\"https:\\\/\\\/www.facebook.com\\\/webdotn\",\"https:\\\/\\\/x.com\\\/webdo_tn\"],\"description\":\"Webdo est un m\u00e9dia num\u00e9rique tunisien fond\u00e9 en 2010, sp\u00e9cialis\u00e9 dans l\u2019actualit\u00e9 nationale et internationale, l\u2019\u00e9conomie, la soci\u00e9t\u00e9 et les analyses politiques. Le site s\u2019adresse \u00e0 un large public francophone et couvre l\u2019information tunisienne en temps r\u00e9el.\",\"email\":\"redac@webdo.tn\",\"legalName\":\"YNJ SARL\",\"foundingDate\":\"2010-09-06\",\"numberOfEmployees\":{\"@type\":\"QuantitativeValue\",\"minValue\":\"11\",\"maxValue\":\"50\"}},{\"@type\":\"Person\",\"@id\":\"https:\\\/\\\/www.webdo.tn\\\/fr\\\/#\\\/schema\\\/person\\\/6bc0beba2cd23aec27cb5df85ca2554f\",\"name\":\"Hatem Bourial\",\"image\":{\"@type\":\"ImageObject\",\"inLanguage\":\"fr-FR\",\"@id\":\"https:\\\/\\\/www.webdo.tn\\\/fr\\\/wp-content\\\/uploads\\\/2026\\\/04\\\/hatem-bourial_avatar-96x96.jpg\",\"url\":\"https:\\\/\\\/www.webdo.tn\\\/fr\\\/wp-content\\\/uploads\\\/2026\\\/04\\\/hatem-bourial_avatar-96x96.jpg\",\"contentUrl\":\"https:\\\/\\\/www.webdo.tn\\\/fr\\\/wp-content\\\/uploads\\\/2026\\\/04\\\/hatem-bourial_avatar-96x96.jpg\",\"caption\":\"Hatem Bourial\"},\"description\":\"Hatem Bourial est journaliste, \u00e9crivain et chroniqueur tunisien. Actif depuis plusieurs d\u00e9cennies, il s\u2019est impos\u00e9 comme un observateur attentif de la soci\u00e9t\u00e9 tunisienne, m\u00ealant dans ses \u00e9crits m\u00e9moire, culture et analyse du quotidien. Auteur de nombreux ouvrages, il d\u00e9veloppe une \u0153uvre \u00e0 la crois\u00e9e du r\u00e9cit, de la po\u00e9sie et de l\u2019observation sociologique. Parall\u00e8lement \u00e0 ses contributions dans la presse, il intervient r\u00e9guli\u00e8rement \u00e0 la radio et dans des espaces culturels, o\u00f9 il explore les enjeux li\u00e9s au patrimoine, \u00e0 l\u2019identit\u00e9 et aux transformations du monde contemporain. \u00c0 travers ses chroniques, Hatem Bourial propose une lecture sensible et approfondie de l\u2019actualit\u00e9, nourrie par une exp\u00e9rience journalistique et litt\u00e9raire reconnue. \ud83d\udd17 Facebook : https:\\\/\\\/www.facebook.com\\\/hatem.bourial.2025\",\"sameAs\":[\"https:\\\/\\\/www.facebook.com\\\/hatem.bourial.2025\",\"https:\\\/\\\/fr.wikipedia.org\\\/wiki\\\/Fichier:Hatem_Bourial.jpg\"],\"knowsAbout\":[\"Culture & patrimoine tunisien\",\"Chronique soci\u00e9tale\",\"Litt\u00e9rature & m\u00e9moire\",\"Cin\u00e9ma & critique culturelle\",\"Identit\u00e9 & mutations sociales\"],\"knowsLanguage\":[\"Arabe\",\"Fran\u00e7ais\",\"Anglais\",\"Italien\",\"Polonais\"],\"jobTitle\":\"Journaliste, \u00e9crivain et chroniqueur culturel\",\"worksFor\":\"Webdo\",\"url\":\"https:\\\/\\\/www.webdo.tn\\\/fr\\\/actualite\\\/author\\\/hatem-bourial-2\\\/\"}]}<\/script>\n<!-- \/ Yoast SEO Premium plugin. -->","yoast_head_json":{"title":"C'\u00e9tait le 3 septembre 1948 : Les fun\u00e9railles grandioses de Moncef Bey","description":"C'\u00e9tait le 3 septembre 1948 : Les fun\u00e9railles grandioses de Moncef Bey","canonical":"https:\/\/www.webdo.tn\/fr\/actualite\/chroniques\/cetait-3-septembre-1948-funerailles-grandioses-de-moncef-bey\/187184\/","og_locale":"fr_FR","og_type":"article","og_title":"C'\u00e9tait le 3 septembre 1948 : Les fun\u00e9railles grandioses de Moncef Bey","og_description":"C'\u00e9tait le 3 septembre 1948 : Les fun\u00e9railles grandioses de Moncef Bey","og_url":"https:\/\/www.webdo.tn\/fr\/actualite\/chroniques\/cetait-3-septembre-1948-funerailles-grandioses-de-moncef-bey\/187184\/","og_site_name":"webdo","article_publisher":"https:\/\/www.facebook.com\/webdotn","article_author":"https:\/\/www.facebook.com\/hatem.bourial.2025","article_published_time":"2016-09-02T09:51:00+00:00","article_modified_time":"2025-05-19T09:19:33+00:00","og_image":[{"width":225,"height":300,"url":"https:\/\/www.webdo.tn\/fr\/wp-content\/uploads\/2016\/09\/Moncef-Bey-225x300-1.jpg","type":"image\/jpeg"}],"author":"Hatem Bourial","twitter_card":"summary_large_image","twitter_creator":"@webdo_tn","twitter_site":"@webdo_tn","twitter_misc":{"\u00c9crit par":"Hatem Bourial","Dur\u00e9e de lecture estim\u00e9e":"3 minutes"},"schema":{"@context":"https:\/\/schema.org","@graph":[{"@type":"NewsArticle","@id":"https:\/\/www.webdo.tn\/fr\/actualite\/chroniques\/cetait-3-septembre-1948-funerailles-grandioses-de-moncef-bey\/187184\/#article","isPartOf":{"@id":"https:\/\/www.webdo.tn\/fr\/actualite\/chroniques\/cetait-3-septembre-1948-funerailles-grandioses-de-moncef-bey\/187184\/"},"author":{"name":"Hatem Bourial","@id":"https:\/\/www.webdo.tn\/fr\/#\/schema\/person\/6bc0beba2cd23aec27cb5df85ca2554f"},"headline":"C&rsquo;\u00e9tait le 3 septembre 1948 : Les fun\u00e9railles grandioses de Moncef Bey","datePublished":"2016-09-02T09:51:00+00:00","dateModified":"2025-05-19T09:19:33+00:00","mainEntityOfPage":{"@id":"https:\/\/www.webdo.tn\/fr\/actualite\/chroniques\/cetait-3-septembre-1948-funerailles-grandioses-de-moncef-bey\/187184\/"},"wordCount":599,"commentCount":0,"publisher":{"@id":"https:\/\/www.webdo.tn\/fr\/#organization"},"image":{"@id":"https:\/\/www.webdo.tn\/fr\/actualite\/chroniques\/cetait-3-septembre-1948-funerailles-grandioses-de-moncef-bey\/187184\/#primaryimage"},"thumbnailUrl":"https:\/\/www.webdo.tn\/fr\/wp-content\/uploads\/2016\/09\/Moncef-Bey-225x300-1.jpg","keywords":["guerre"],"articleSection":["Chroniques"],"inLanguage":"fr-FR"},{"@type":"WebPage","@id":"https:\/\/www.webdo.tn\/fr\/actualite\/chroniques\/cetait-3-septembre-1948-funerailles-grandioses-de-moncef-bey\/187184\/","url":"https:\/\/www.webdo.tn\/fr\/actualite\/chroniques\/cetait-3-septembre-1948-funerailles-grandioses-de-moncef-bey\/187184\/","name":"C'\u00e9tait le 3 septembre 1948 : Les fun\u00e9railles grandioses de Moncef Bey","isPartOf":{"@id":"https:\/\/www.webdo.tn\/fr\/#website"},"primaryImageOfPage":{"@id":"https:\/\/www.webdo.tn\/fr\/actualite\/chroniques\/cetait-3-septembre-1948-funerailles-grandioses-de-moncef-bey\/187184\/#primaryimage"},"image":{"@id":"https:\/\/www.webdo.tn\/fr\/actualite\/chroniques\/cetait-3-septembre-1948-funerailles-grandioses-de-moncef-bey\/187184\/#primaryimage"},"thumbnailUrl":"https:\/\/www.webdo.tn\/fr\/wp-content\/uploads\/2016\/09\/Moncef-Bey-225x300-1.jpg","datePublished":"2016-09-02T09:51:00+00:00","dateModified":"2025-05-19T09:19:33+00:00","description":"C'\u00e9tait le 3 septembre 1948 : Les fun\u00e9railles grandioses de Moncef Bey","breadcrumb":{"@id":"https:\/\/www.webdo.tn\/fr\/actualite\/chroniques\/cetait-3-septembre-1948-funerailles-grandioses-de-moncef-bey\/187184\/#breadcrumb"},"inLanguage":"fr-FR","potentialAction":[{"@type":"ReadAction","target":["https:\/\/www.webdo.tn\/fr\/actualite\/chroniques\/cetait-3-septembre-1948-funerailles-grandioses-de-moncef-bey\/187184\/"]}]},{"@type":"ImageObject","inLanguage":"fr-FR","@id":"https:\/\/www.webdo.tn\/fr\/actualite\/chroniques\/cetait-3-septembre-1948-funerailles-grandioses-de-moncef-bey\/187184\/#primaryimage","url":"https:\/\/www.webdo.tn\/fr\/wp-content\/uploads\/2016\/09\/Moncef-Bey-225x300-1.jpg","contentUrl":"https:\/\/www.webdo.tn\/fr\/wp-content\/uploads\/2016\/09\/Moncef-Bey-225x300-1.jpg","width":225,"height":300,"caption":"C'\u00e9tait le 3 septembre 1948 : Les fun\u00e9railles grandioses de Moncef Bey"},{"@type":"BreadcrumbList","@id":"https:\/\/www.webdo.tn\/fr\/actualite\/chroniques\/cetait-3-septembre-1948-funerailles-grandioses-de-moncef-bey\/187184\/#breadcrumb","itemListElement":[{"@type":"ListItem","position":1,"name":"Accueil","item":"https:\/\/www.webdo.tn\/fr\/"},{"@type":"ListItem","position":2,"name":"C&#8217;\u00e9tait le 3 septembre 1948 : Les fun\u00e9railles grandioses de Moncef Bey"}]},{"@type":"WebSite","@id":"https:\/\/www.webdo.tn\/fr\/#website","url":"https:\/\/www.webdo.tn\/fr\/","name":"webdo","description":"Tunisie - News en Tunisie et \u00e0 l&#039;international sur Webdo.tn","publisher":{"@id":"https:\/\/www.webdo.tn\/fr\/#organization"},"potentialAction":[{"@type":"SearchAction","target":{"@type":"EntryPoint","urlTemplate":"https:\/\/www.webdo.tn\/fr\/?s={search_term_string}"},"query-input":{"@type":"PropertyValueSpecification","valueRequired":true,"valueName":"search_term_string"}}],"inLanguage":"fr-FR"},{"@type":"Organization","@id":"https:\/\/www.webdo.tn\/fr\/#organization","name":"Webdo","alternateName":"Webdo.tn","url":"https:\/\/www.webdo.tn\/fr\/","logo":{"@type":"ImageObject","inLanguage":"fr-FR","@id":"https:\/\/www.webdo.tn\/fr\/#\/schema\/logo\/image\/","url":"https:\/\/www.webdo.tn\/fr\/wp-content\/uploads\/2025\/06\/Webdo-Tunisie_168377.jpg","contentUrl":"https:\/\/www.webdo.tn\/fr\/wp-content\/uploads\/2025\/06\/Webdo-Tunisie_168377.jpg","width":301,"height":301,"caption":"Webdo"},"image":{"@id":"https:\/\/www.webdo.tn\/fr\/#\/schema\/logo\/image\/"},"sameAs":["https:\/\/www.facebook.com\/webdotn","https:\/\/x.com\/webdo_tn"],"description":"Webdo est un m\u00e9dia num\u00e9rique tunisien fond\u00e9 en 2010, sp\u00e9cialis\u00e9 dans l\u2019actualit\u00e9 nationale et internationale, l\u2019\u00e9conomie, la soci\u00e9t\u00e9 et les analyses politiques. Le site s\u2019adresse \u00e0 un large public francophone et couvre l\u2019information tunisienne en temps r\u00e9el.","email":"redac@webdo.tn","legalName":"YNJ SARL","foundingDate":"2010-09-06","numberOfEmployees":{"@type":"QuantitativeValue","minValue":"11","maxValue":"50"}},{"@type":"Person","@id":"https:\/\/www.webdo.tn\/fr\/#\/schema\/person\/6bc0beba2cd23aec27cb5df85ca2554f","name":"Hatem Bourial","image":{"@type":"ImageObject","inLanguage":"fr-FR","@id":"https:\/\/www.webdo.tn\/fr\/wp-content\/uploads\/2026\/04\/hatem-bourial_avatar-96x96.jpg","url":"https:\/\/www.webdo.tn\/fr\/wp-content\/uploads\/2026\/04\/hatem-bourial_avatar-96x96.jpg","contentUrl":"https:\/\/www.webdo.tn\/fr\/wp-content\/uploads\/2026\/04\/hatem-bourial_avatar-96x96.jpg","caption":"Hatem Bourial"},"description":"Hatem Bourial est journaliste, \u00e9crivain et chroniqueur tunisien. Actif depuis plusieurs d\u00e9cennies, il s\u2019est impos\u00e9 comme un observateur attentif de la soci\u00e9t\u00e9 tunisienne, m\u00ealant dans ses \u00e9crits m\u00e9moire, culture et analyse du quotidien. Auteur de nombreux ouvrages, il d\u00e9veloppe une \u0153uvre \u00e0 la crois\u00e9e du r\u00e9cit, de la po\u00e9sie et de l\u2019observation sociologique. Parall\u00e8lement \u00e0 ses contributions dans la presse, il intervient r\u00e9guli\u00e8rement \u00e0 la radio et dans des espaces culturels, o\u00f9 il explore les enjeux li\u00e9s au patrimoine, \u00e0 l\u2019identit\u00e9 et aux transformations du monde contemporain. \u00c0 travers ses chroniques, Hatem Bourial propose une lecture sensible et approfondie de l\u2019actualit\u00e9, nourrie par une exp\u00e9rience journalistique et litt\u00e9raire reconnue. \ud83d\udd17 Facebook : https:\/\/www.facebook.com\/hatem.bourial.2025","sameAs":["https:\/\/www.facebook.com\/hatem.bourial.2025","https:\/\/fr.wikipedia.org\/wiki\/Fichier:Hatem_Bourial.jpg"],"knowsAbout":["Culture & patrimoine tunisien","Chronique soci\u00e9tale","Litt\u00e9rature & m\u00e9moire","Cin\u00e9ma & critique culturelle","Identit\u00e9 & mutations sociales"],"knowsLanguage":["Arabe","Fran\u00e7ais","Anglais","Italien","Polonais"],"jobTitle":"Journaliste, \u00e9crivain et chroniqueur culturel","worksFor":"Webdo","url":"https:\/\/www.webdo.tn\/fr\/actualite\/author\/hatem-bourial-2\/"}]}},"_links":{"self":[{"href":"https:\/\/www.webdo.tn\/fr\/wp-json\/wp\/v2\/posts\/187184","targetHints":{"allow":["GET"]}}],"collection":[{"href":"https:\/\/www.webdo.tn\/fr\/wp-json\/wp\/v2\/posts"}],"about":[{"href":"https:\/\/www.webdo.tn\/fr\/wp-json\/wp\/v2\/types\/post"}],"author":[{"embeddable":true,"href":"https:\/\/www.webdo.tn\/fr\/wp-json\/wp\/v2\/users\/3229"}],"replies":[{"embeddable":true,"href":"https:\/\/www.webdo.tn\/fr\/wp-json\/wp\/v2\/comments?post=187184"}],"version-history":[{"count":0,"href":"https:\/\/www.webdo.tn\/fr\/wp-json\/wp\/v2\/posts\/187184\/revisions"}],"wp:featuredmedia":[{"embeddable":true,"href":"https:\/\/www.webdo.tn\/fr\/wp-json\/wp\/v2\/media\/313158"}],"wp:attachment":[{"href":"https:\/\/www.webdo.tn\/fr\/wp-json\/wp\/v2\/media?parent=187184"}],"wp:term":[{"taxonomy":"category","embeddable":true,"href":"https:\/\/www.webdo.tn\/fr\/wp-json\/wp\/v2\/categories?post=187184"},{"taxonomy":"post_tag","embeddable":true,"href":"https:\/\/www.webdo.tn\/fr\/wp-json\/wp\/v2\/tags?post=187184"}],"curies":[{"name":"wp","href":"https:\/\/api.w.org\/{rel}","templated":true}]}}