{"id":187182,"date":"2016-08-31T11:16:00","date_gmt":"2016-08-31T11:16:00","guid":{"rendered":"https:\/\/www.webdo.tn\/fr\/blog\/mourir-a-cause-dune-voiture-mal-garee\/187182\/"},"modified":"2016-08-31T11:16:00","modified_gmt":"2016-08-31T11:16:00","slug":"mourir-a-cause-dune-voiture-mal-garee","status":"publish","type":"post","link":"https:\/\/www.webdo.tn\/fr\/actualite\/chroniques\/mourir-a-cause-dune-voiture-mal-garee\/187182\/","title":{"rendered":"Mourir \u00e0 cause d&rsquo;une voiture mal gar\u00e9e&#8230;"},"content":{"rendered":"<p>Jusqu&rsquo;aux ann\u00e9es 70, de nombreux Tunisois avaient pour coutume d&rsquo;aller se promener du c\u00f4t\u00e9 du Belv\u00e9d\u00e8re ou de la Cit\u00e9 Jardins et Mutuelleville pour admirer les villas de ces quartiers.<br \/>\nUn peu de l&rsquo;\u00e2me de Tunis qui s&rsquo;en va&#8230;<br \/>\nAu fil des ans et des changements urbains, beaucoup de ces villas ont disparu, victimes du pic des d\u00e9molisseurs et du grand chambardement v\u00e9cu par les quartiers r\u00e9sidentiels de la capitale.<\/p>\n<p>Pourquoi je vous en parle ? Pour deux raisons&#8230; En premier lieu, parce que de rares villas survivent et qu&rsquo;elles sont devenues des \u00eelots qui m\u00e9riteraient m\u00eame d&rsquo;\u00eatre class\u00e9s. Ensuite \u00e0 cause des probl\u00e8mes r\u00e9currents que vivent au quotidien les habitants de ces vieilles demeures qui concentrent en elles un peu de l&rsquo;\u00e2me de Tunis&#8230;<br \/>\nVillas avec parking int\u00e9rieur<br \/>\nOn vient de me raconter une incroyable histoire de parking et cela me fend v\u00e9ritablement le c\u0153ur ; au point o\u00f9 je voudrais m&rsquo;en ouvrir \u00e0 vous.<\/p>\n<p>Dans ces villas dont je vous parle, il y a souvent un portail qui donne sur un parking dans une all\u00e9e de la maison. Au fil des ans, ces quartiers sont devenus des quartiers d&rsquo;affaires avec quelques rares r\u00e9sidences qui, \u00e0 cause du trafic automobile et du parking sauvage, vivent des probl\u00e8mes incroyables.<br \/>\nDes quartiers sinistr\u00e9s<br \/>\nIl ne suffit plus de mettre devant sa maison un panneau d&rsquo;interdiction de stationner pour que l&rsquo;acc\u00e8s \u00e0 votre garage soit garanti. En effet, les autos se garent n&rsquo;importe o\u00f9 et vous bloquent \u00e0 l&rsquo;entr\u00e9e comme \u00e0 la sortie.<\/p>\n<p>Ce calvaire &#8211; je peux en t\u00e9moigner &#8211; atteint des proportions gigantesques du c\u00f4t\u00e9 de la rue du Br\u00e9sil ou de l&rsquo;Argentine et aussi dans les rues Hooker Doolittle ou du Liberia.<\/p>\n<p>D&rsquo;autres endroits aussi subissent ces prises de bec quotidiennes entre r\u00e9sidents bloqu\u00e9s dans leurs garages et fonctionnaires gar\u00e9s sans logique.<br \/>\nMourir \u00e0 cause d&rsquo;une voiture mal gar\u00e9e<br \/>\nParfois, le drame le plus absurde guette&#8230; R\u00e9cemment, une personne a subi une grave crise et devait \u00eatre transport\u00e9e d&rsquo;urgence mais la sortie du garage \u00e9tait bloqu\u00e9e par un automobiliste introuvable et la personne malade d\u00e9c\u00e9dera \u00e0 cause de tout le temps perdu \u00e0 la sortir de chez elle;<\/p>\n<p>Dans le m\u00eame quartier, un p\u00e8re de famille retrait\u00e9 &#8211; il fut un important commis de l&rsquo;Etat &#8211; vient d&rsquo;\u00eatre verbalis\u00e9 et tra\u00een\u00e9 devant les tribunaux pour avoir emp\u00each\u00e9 qu&rsquo;on bloque son garage dans des conditions hom\u00e9riques.<\/p>\n<p>Chaque jour apporte son lot de bagarres, malentendus et cr\u00eapages de chignons. Et la vie continue&#8230; Et, si c\u00f4t\u00e9 centre-ville, ce sont les ambulants de toutes sortes qui font la loi dans les quartiers avoisinants quitte \u00e0 terroriser des r\u00e9sidents qui se barricadent chez eux ou vont louer ailleurs, c\u00f4t\u00e9 Belv\u00e9d\u00e8re, le malentendu entre riverains et automobilistes prend les proportions d&rsquo;un grave malaise.<br \/>\nM\u00e9tastases et introuvable cohabitation<br \/>\nPar m\u00e9tastases successives, cette situation est en train de d\u00e9border tous les quartiers proches de l&rsquo;hyper-centre de Tunis. les m\u00eames probl\u00e8mes sont le pain quotidien des habitants des Menzah historiques et de plusieurs quartiers comme par exemple Montfleury ou El Omrane.<\/p>\n<p>Que faire ? Comment sauver les meubles ? Comment organiser enfin cette cohabitation chaotique entre r\u00e9sidents et automobilistes ?<\/p>\n<p>H.B.<\/p>\n","protected":false},"excerpt":{"rendered":"<p>Mourir \u00e0 cause d&rsquo;une voiture mal gar\u00e9e&#8230;<\/p>\n","protected":false},"author":3229,"featured_media":337848,"comment_status":"open","ping_status":"closed","sticky":false,"template":"","format":"standard","meta":{"footnotes":""},"categories":[2596],"tags":[2600],"class_list":["post-187182","post","type-post","status-publish","format-standard","has-post-thumbnail","hentry","category-chroniques","tag-guerre"],"yoast_head":"<!-- This site is optimized with the Yoast SEO Premium plugin v27.5 (Yoast SEO v27.5) - https:\/\/yoast.com\/product\/yoast-seo-premium-wordpress\/ -->\n<title>Mourir \u00e0 cause d&#039;une voiture mal gar\u00e9e...<\/title>\n<meta name=\"description\" content=\"Mourir \u00e0 cause d&#039;une voiture mal gar\u00e9e...\" \/>\n<link rel=\"canonical\" href=\"https:\/\/www.webdo.tn\/fr\/actualite\/chroniques\/mourir-a-cause-dune-voiture-mal-garee\/187182\/\" \/>\n<meta property=\"og:locale\" content=\"fr_FR\" \/>\n<meta property=\"og:type\" content=\"article\" \/>\n<meta property=\"og:title\" content=\"Mourir \u00e0 cause d&#039;une voiture mal gar\u00e9e...\" \/>\n<meta property=\"og:description\" content=\"Mourir \u00e0 cause d&#039;une voiture mal gar\u00e9e...\" \/>\n<meta property=\"og:url\" content=\"https:\/\/www.webdo.tn\/fr\/actualite\/chroniques\/mourir-a-cause-dune-voiture-mal-garee\/187182\/\" \/>\n<meta property=\"og:site_name\" content=\"webdo\" \/>\n<meta property=\"article:publisher\" content=\"https:\/\/www.facebook.com\/webdotn\" \/>\n<meta property=\"article:author\" content=\"https:\/\/www.facebook.com\/hatem.bourial.2025\" \/>\n<meta property=\"article:published_time\" content=\"2016-08-31T11:16:00+00:00\" \/>\n<meta property=\"og:image\" content=\"https:\/\/www.webdo.tn\/fr\/wp-content\/uploads\/2016\/08\/tunis-300x156-1.jpg\" \/>\n\t<meta property=\"og:image:width\" content=\"300\" \/>\n\t<meta property=\"og:image:height\" content=\"156\" \/>\n\t<meta property=\"og:image:type\" content=\"image\/jpeg\" \/>\n<meta name=\"author\" content=\"Hatem Bourial\" \/>\n<meta name=\"twitter:card\" content=\"summary_large_image\" \/>\n<meta name=\"twitter:creator\" content=\"@webdo_tn\" \/>\n<meta name=\"twitter:site\" content=\"@webdo_tn\" \/>\n<meta name=\"twitter:label1\" content=\"\u00c9crit par\" \/>\n\t<meta name=\"twitter:data1\" content=\"Hatem Bourial\" \/>\n\t<meta name=\"twitter:label2\" content=\"Dur\u00e9e de lecture estim\u00e9e\" \/>\n\t<meta name=\"twitter:data2\" content=\"3 minutes\" \/>\n<script type=\"application\/ld+json\" class=\"yoast-schema-graph\">{\"@context\":\"https:\\\/\\\/schema.org\",\"@graph\":[{\"@type\":\"NewsArticle\",\"@id\":\"https:\\\/\\\/www.webdo.tn\\\/fr\\\/actualite\\\/chroniques\\\/mourir-a-cause-dune-voiture-mal-garee\\\/187182\\\/#article\",\"isPartOf\":{\"@id\":\"https:\\\/\\\/www.webdo.tn\\\/fr\\\/actualite\\\/chroniques\\\/mourir-a-cause-dune-voiture-mal-garee\\\/187182\\\/\"},\"author\":{\"name\":\"Hatem Bourial\",\"@id\":\"https:\\\/\\\/www.webdo.tn\\\/fr\\\/#\\\/schema\\\/person\\\/6bc0beba2cd23aec27cb5df85ca2554f\"},\"headline\":\"Mourir \u00e0 cause d&rsquo;une voiture mal gar\u00e9e&#8230;\",\"datePublished\":\"2016-08-31T11:16:00+00:00\",\"mainEntityOfPage\":{\"@id\":\"https:\\\/\\\/www.webdo.tn\\\/fr\\\/actualite\\\/chroniques\\\/mourir-a-cause-dune-voiture-mal-garee\\\/187182\\\/\"},\"wordCount\":589,\"commentCount\":0,\"publisher\":{\"@id\":\"https:\\\/\\\/www.webdo.tn\\\/fr\\\/#organization\"},\"image\":{\"@id\":\"https:\\\/\\\/www.webdo.tn\\\/fr\\\/actualite\\\/chroniques\\\/mourir-a-cause-dune-voiture-mal-garee\\\/187182\\\/#primaryimage\"},\"thumbnailUrl\":\"https:\\\/\\\/www.webdo.tn\\\/fr\\\/wp-content\\\/uploads\\\/2016\\\/08\\\/tunis-300x156-1.jpg\",\"keywords\":[\"guerre\"],\"articleSection\":[\"Chroniques\"],\"inLanguage\":\"fr-FR\"},{\"@type\":\"WebPage\",\"@id\":\"https:\\\/\\\/www.webdo.tn\\\/fr\\\/actualite\\\/chroniques\\\/mourir-a-cause-dune-voiture-mal-garee\\\/187182\\\/\",\"url\":\"https:\\\/\\\/www.webdo.tn\\\/fr\\\/actualite\\\/chroniques\\\/mourir-a-cause-dune-voiture-mal-garee\\\/187182\\\/\",\"name\":\"Mourir \u00e0 cause d'une voiture mal gar\u00e9e...\",\"isPartOf\":{\"@id\":\"https:\\\/\\\/www.webdo.tn\\\/fr\\\/#website\"},\"primaryImageOfPage\":{\"@id\":\"https:\\\/\\\/www.webdo.tn\\\/fr\\\/actualite\\\/chroniques\\\/mourir-a-cause-dune-voiture-mal-garee\\\/187182\\\/#primaryimage\"},\"image\":{\"@id\":\"https:\\\/\\\/www.webdo.tn\\\/fr\\\/actualite\\\/chroniques\\\/mourir-a-cause-dune-voiture-mal-garee\\\/187182\\\/#primaryimage\"},\"thumbnailUrl\":\"https:\\\/\\\/www.webdo.tn\\\/fr\\\/wp-content\\\/uploads\\\/2016\\\/08\\\/tunis-300x156-1.jpg\",\"datePublished\":\"2016-08-31T11:16:00+00:00\",\"description\":\"Mourir \u00e0 cause d'une voiture mal gar\u00e9e...\",\"breadcrumb\":{\"@id\":\"https:\\\/\\\/www.webdo.tn\\\/fr\\\/actualite\\\/chroniques\\\/mourir-a-cause-dune-voiture-mal-garee\\\/187182\\\/#breadcrumb\"},\"inLanguage\":\"fr-FR\",\"potentialAction\":[{\"@type\":\"ReadAction\",\"target\":[\"https:\\\/\\\/www.webdo.tn\\\/fr\\\/actualite\\\/chroniques\\\/mourir-a-cause-dune-voiture-mal-garee\\\/187182\\\/\"]}]},{\"@type\":\"ImageObject\",\"inLanguage\":\"fr-FR\",\"@id\":\"https:\\\/\\\/www.webdo.tn\\\/fr\\\/actualite\\\/chroniques\\\/mourir-a-cause-dune-voiture-mal-garee\\\/187182\\\/#primaryimage\",\"url\":\"https:\\\/\\\/www.webdo.tn\\\/fr\\\/wp-content\\\/uploads\\\/2016\\\/08\\\/tunis-300x156-1.jpg\",\"contentUrl\":\"https:\\\/\\\/www.webdo.tn\\\/fr\\\/wp-content\\\/uploads\\\/2016\\\/08\\\/tunis-300x156-1.jpg\",\"width\":300,\"height\":156,\"caption\":\"Mourir \u00e0 cause d'une voiture mal gar\u00e9e...\"},{\"@type\":\"BreadcrumbList\",\"@id\":\"https:\\\/\\\/www.webdo.tn\\\/fr\\\/actualite\\\/chroniques\\\/mourir-a-cause-dune-voiture-mal-garee\\\/187182\\\/#breadcrumb\",\"itemListElement\":[{\"@type\":\"ListItem\",\"position\":1,\"name\":\"Accueil\",\"item\":\"https:\\\/\\\/www.webdo.tn\\\/fr\\\/\"},{\"@type\":\"ListItem\",\"position\":2,\"name\":\"Mourir \u00e0 cause d&#8217;une voiture mal gar\u00e9e&#8230;\"}]},{\"@type\":\"WebSite\",\"@id\":\"https:\\\/\\\/www.webdo.tn\\\/fr\\\/#website\",\"url\":\"https:\\\/\\\/www.webdo.tn\\\/fr\\\/\",\"name\":\"webdo\",\"description\":\"Tunisie - News en Tunisie et \u00e0 l&#039;international sur Webdo.tn\",\"publisher\":{\"@id\":\"https:\\\/\\\/www.webdo.tn\\\/fr\\\/#organization\"},\"potentialAction\":[{\"@type\":\"SearchAction\",\"target\":{\"@type\":\"EntryPoint\",\"urlTemplate\":\"https:\\\/\\\/www.webdo.tn\\\/fr\\\/?s={search_term_string}\"},\"query-input\":{\"@type\":\"PropertyValueSpecification\",\"valueRequired\":true,\"valueName\":\"search_term_string\"}}],\"inLanguage\":\"fr-FR\"},{\"@type\":\"Organization\",\"@id\":\"https:\\\/\\\/www.webdo.tn\\\/fr\\\/#organization\",\"name\":\"Webdo\",\"alternateName\":\"Webdo.tn\",\"url\":\"https:\\\/\\\/www.webdo.tn\\\/fr\\\/\",\"logo\":{\"@type\":\"ImageObject\",\"inLanguage\":\"fr-FR\",\"@id\":\"https:\\\/\\\/www.webdo.tn\\\/fr\\\/#\\\/schema\\\/logo\\\/image\\\/\",\"url\":\"https:\\\/\\\/www.webdo.tn\\\/fr\\\/wp-content\\\/uploads\\\/2025\\\/06\\\/Webdo-Tunisie_168377.jpg\",\"contentUrl\":\"https:\\\/\\\/www.webdo.tn\\\/fr\\\/wp-content\\\/uploads\\\/2025\\\/06\\\/Webdo-Tunisie_168377.jpg\",\"width\":301,\"height\":301,\"caption\":\"Webdo\"},\"image\":{\"@id\":\"https:\\\/\\\/www.webdo.tn\\\/fr\\\/#\\\/schema\\\/logo\\\/image\\\/\"},\"sameAs\":[\"https:\\\/\\\/www.facebook.com\\\/webdotn\",\"https:\\\/\\\/x.com\\\/webdo_tn\"],\"description\":\"Webdo est un m\u00e9dia num\u00e9rique tunisien fond\u00e9 en 2010, sp\u00e9cialis\u00e9 dans l\u2019actualit\u00e9 nationale et internationale, l\u2019\u00e9conomie, la soci\u00e9t\u00e9 et les analyses politiques. Le site s\u2019adresse \u00e0 un large public francophone et couvre l\u2019information tunisienne en temps r\u00e9el.\",\"email\":\"redac@webdo.tn\",\"legalName\":\"YNJ SARL\",\"foundingDate\":\"2010-09-06\",\"numberOfEmployees\":{\"@type\":\"QuantitativeValue\",\"minValue\":\"11\",\"maxValue\":\"50\"}},{\"@type\":\"Person\",\"@id\":\"https:\\\/\\\/www.webdo.tn\\\/fr\\\/#\\\/schema\\\/person\\\/6bc0beba2cd23aec27cb5df85ca2554f\",\"name\":\"Hatem Bourial\",\"image\":{\"@type\":\"ImageObject\",\"inLanguage\":\"fr-FR\",\"@id\":\"https:\\\/\\\/www.webdo.tn\\\/fr\\\/wp-content\\\/uploads\\\/2026\\\/04\\\/hatem-bourial_avatar-96x96.jpg\",\"url\":\"https:\\\/\\\/www.webdo.tn\\\/fr\\\/wp-content\\\/uploads\\\/2026\\\/04\\\/hatem-bourial_avatar-96x96.jpg\",\"contentUrl\":\"https:\\\/\\\/www.webdo.tn\\\/fr\\\/wp-content\\\/uploads\\\/2026\\\/04\\\/hatem-bourial_avatar-96x96.jpg\",\"caption\":\"Hatem Bourial\"},\"description\":\"Hatem Bourial est journaliste, \u00e9crivain et chroniqueur tunisien. Actif depuis plusieurs d\u00e9cennies, il s\u2019est impos\u00e9 comme un observateur attentif de la soci\u00e9t\u00e9 tunisienne, m\u00ealant dans ses \u00e9crits m\u00e9moire, culture et analyse du quotidien. Auteur de nombreux ouvrages, il d\u00e9veloppe une \u0153uvre \u00e0 la crois\u00e9e du r\u00e9cit, de la po\u00e9sie et de l\u2019observation sociologique. Parall\u00e8lement \u00e0 ses contributions dans la presse, il intervient r\u00e9guli\u00e8rement \u00e0 la radio et dans des espaces culturels, o\u00f9 il explore les enjeux li\u00e9s au patrimoine, \u00e0 l\u2019identit\u00e9 et aux transformations du monde contemporain. \u00c0 travers ses chroniques, Hatem Bourial propose une lecture sensible et approfondie de l\u2019actualit\u00e9, nourrie par une exp\u00e9rience journalistique et litt\u00e9raire reconnue. \ud83d\udd17 Facebook : https:\\\/\\\/www.facebook.com\\\/hatem.bourial.2025\",\"sameAs\":[\"https:\\\/\\\/www.facebook.com\\\/hatem.bourial.2025\",\"https:\\\/\\\/fr.wikipedia.org\\\/wiki\\\/Fichier:Hatem_Bourial.jpg\"],\"knowsAbout\":[\"Culture & patrimoine tunisien\",\"Chronique soci\u00e9tale\",\"Litt\u00e9rature & m\u00e9moire\",\"Cin\u00e9ma & critique culturelle\",\"Identit\u00e9 & mutations sociales\"],\"knowsLanguage\":[\"Arabe\",\"Fran\u00e7ais\",\"Anglais\",\"Italien\",\"Polonais\"],\"jobTitle\":\"Journaliste, \u00e9crivain et chroniqueur culturel\",\"worksFor\":\"Webdo\",\"url\":\"https:\\\/\\\/www.webdo.tn\\\/fr\\\/actualite\\\/author\\\/hatem-bourial-2\\\/\"}]}<\/script>\n<!-- \/ Yoast SEO Premium plugin. -->","yoast_head_json":{"title":"Mourir \u00e0 cause d'une voiture mal gar\u00e9e...","description":"Mourir \u00e0 cause d'une voiture mal gar\u00e9e...","canonical":"https:\/\/www.webdo.tn\/fr\/actualite\/chroniques\/mourir-a-cause-dune-voiture-mal-garee\/187182\/","og_locale":"fr_FR","og_type":"article","og_title":"Mourir \u00e0 cause d'une voiture mal gar\u00e9e...","og_description":"Mourir \u00e0 cause d'une voiture mal gar\u00e9e...","og_url":"https:\/\/www.webdo.tn\/fr\/actualite\/chroniques\/mourir-a-cause-dune-voiture-mal-garee\/187182\/","og_site_name":"webdo","article_publisher":"https:\/\/www.facebook.com\/webdotn","article_author":"https:\/\/www.facebook.com\/hatem.bourial.2025","article_published_time":"2016-08-31T11:16:00+00:00","og_image":[{"width":300,"height":156,"url":"https:\/\/www.webdo.tn\/fr\/wp-content\/uploads\/2016\/08\/tunis-300x156-1.jpg","type":"image\/jpeg"}],"author":"Hatem Bourial","twitter_card":"summary_large_image","twitter_creator":"@webdo_tn","twitter_site":"@webdo_tn","twitter_misc":{"\u00c9crit par":"Hatem Bourial","Dur\u00e9e de lecture estim\u00e9e":"3 minutes"},"schema":{"@context":"https:\/\/schema.org","@graph":[{"@type":"NewsArticle","@id":"https:\/\/www.webdo.tn\/fr\/actualite\/chroniques\/mourir-a-cause-dune-voiture-mal-garee\/187182\/#article","isPartOf":{"@id":"https:\/\/www.webdo.tn\/fr\/actualite\/chroniques\/mourir-a-cause-dune-voiture-mal-garee\/187182\/"},"author":{"name":"Hatem Bourial","@id":"https:\/\/www.webdo.tn\/fr\/#\/schema\/person\/6bc0beba2cd23aec27cb5df85ca2554f"},"headline":"Mourir \u00e0 cause d&rsquo;une voiture mal gar\u00e9e&#8230;","datePublished":"2016-08-31T11:16:00+00:00","mainEntityOfPage":{"@id":"https:\/\/www.webdo.tn\/fr\/actualite\/chroniques\/mourir-a-cause-dune-voiture-mal-garee\/187182\/"},"wordCount":589,"commentCount":0,"publisher":{"@id":"https:\/\/www.webdo.tn\/fr\/#organization"},"image":{"@id":"https:\/\/www.webdo.tn\/fr\/actualite\/chroniques\/mourir-a-cause-dune-voiture-mal-garee\/187182\/#primaryimage"},"thumbnailUrl":"https:\/\/www.webdo.tn\/fr\/wp-content\/uploads\/2016\/08\/tunis-300x156-1.jpg","keywords":["guerre"],"articleSection":["Chroniques"],"inLanguage":"fr-FR"},{"@type":"WebPage","@id":"https:\/\/www.webdo.tn\/fr\/actualite\/chroniques\/mourir-a-cause-dune-voiture-mal-garee\/187182\/","url":"https:\/\/www.webdo.tn\/fr\/actualite\/chroniques\/mourir-a-cause-dune-voiture-mal-garee\/187182\/","name":"Mourir \u00e0 cause d'une voiture mal gar\u00e9e...","isPartOf":{"@id":"https:\/\/www.webdo.tn\/fr\/#website"},"primaryImageOfPage":{"@id":"https:\/\/www.webdo.tn\/fr\/actualite\/chroniques\/mourir-a-cause-dune-voiture-mal-garee\/187182\/#primaryimage"},"image":{"@id":"https:\/\/www.webdo.tn\/fr\/actualite\/chroniques\/mourir-a-cause-dune-voiture-mal-garee\/187182\/#primaryimage"},"thumbnailUrl":"https:\/\/www.webdo.tn\/fr\/wp-content\/uploads\/2016\/08\/tunis-300x156-1.jpg","datePublished":"2016-08-31T11:16:00+00:00","description":"Mourir \u00e0 cause d'une voiture mal gar\u00e9e...","breadcrumb":{"@id":"https:\/\/www.webdo.tn\/fr\/actualite\/chroniques\/mourir-a-cause-dune-voiture-mal-garee\/187182\/#breadcrumb"},"inLanguage":"fr-FR","potentialAction":[{"@type":"ReadAction","target":["https:\/\/www.webdo.tn\/fr\/actualite\/chroniques\/mourir-a-cause-dune-voiture-mal-garee\/187182\/"]}]},{"@type":"ImageObject","inLanguage":"fr-FR","@id":"https:\/\/www.webdo.tn\/fr\/actualite\/chroniques\/mourir-a-cause-dune-voiture-mal-garee\/187182\/#primaryimage","url":"https:\/\/www.webdo.tn\/fr\/wp-content\/uploads\/2016\/08\/tunis-300x156-1.jpg","contentUrl":"https:\/\/www.webdo.tn\/fr\/wp-content\/uploads\/2016\/08\/tunis-300x156-1.jpg","width":300,"height":156,"caption":"Mourir \u00e0 cause d'une voiture mal gar\u00e9e..."},{"@type":"BreadcrumbList","@id":"https:\/\/www.webdo.tn\/fr\/actualite\/chroniques\/mourir-a-cause-dune-voiture-mal-garee\/187182\/#breadcrumb","itemListElement":[{"@type":"ListItem","position":1,"name":"Accueil","item":"https:\/\/www.webdo.tn\/fr\/"},{"@type":"ListItem","position":2,"name":"Mourir \u00e0 cause d&#8217;une voiture mal gar\u00e9e&#8230;"}]},{"@type":"WebSite","@id":"https:\/\/www.webdo.tn\/fr\/#website","url":"https:\/\/www.webdo.tn\/fr\/","name":"webdo","description":"Tunisie - News en Tunisie et \u00e0 l&#039;international sur Webdo.tn","publisher":{"@id":"https:\/\/www.webdo.tn\/fr\/#organization"},"potentialAction":[{"@type":"SearchAction","target":{"@type":"EntryPoint","urlTemplate":"https:\/\/www.webdo.tn\/fr\/?s={search_term_string}"},"query-input":{"@type":"PropertyValueSpecification","valueRequired":true,"valueName":"search_term_string"}}],"inLanguage":"fr-FR"},{"@type":"Organization","@id":"https:\/\/www.webdo.tn\/fr\/#organization","name":"Webdo","alternateName":"Webdo.tn","url":"https:\/\/www.webdo.tn\/fr\/","logo":{"@type":"ImageObject","inLanguage":"fr-FR","@id":"https:\/\/www.webdo.tn\/fr\/#\/schema\/logo\/image\/","url":"https:\/\/www.webdo.tn\/fr\/wp-content\/uploads\/2025\/06\/Webdo-Tunisie_168377.jpg","contentUrl":"https:\/\/www.webdo.tn\/fr\/wp-content\/uploads\/2025\/06\/Webdo-Tunisie_168377.jpg","width":301,"height":301,"caption":"Webdo"},"image":{"@id":"https:\/\/www.webdo.tn\/fr\/#\/schema\/logo\/image\/"},"sameAs":["https:\/\/www.facebook.com\/webdotn","https:\/\/x.com\/webdo_tn"],"description":"Webdo est un m\u00e9dia num\u00e9rique tunisien fond\u00e9 en 2010, sp\u00e9cialis\u00e9 dans l\u2019actualit\u00e9 nationale et internationale, l\u2019\u00e9conomie, la soci\u00e9t\u00e9 et les analyses politiques. Le site s\u2019adresse \u00e0 un large public francophone et couvre l\u2019information tunisienne en temps r\u00e9el.","email":"redac@webdo.tn","legalName":"YNJ SARL","foundingDate":"2010-09-06","numberOfEmployees":{"@type":"QuantitativeValue","minValue":"11","maxValue":"50"}},{"@type":"Person","@id":"https:\/\/www.webdo.tn\/fr\/#\/schema\/person\/6bc0beba2cd23aec27cb5df85ca2554f","name":"Hatem Bourial","image":{"@type":"ImageObject","inLanguage":"fr-FR","@id":"https:\/\/www.webdo.tn\/fr\/wp-content\/uploads\/2026\/04\/hatem-bourial_avatar-96x96.jpg","url":"https:\/\/www.webdo.tn\/fr\/wp-content\/uploads\/2026\/04\/hatem-bourial_avatar-96x96.jpg","contentUrl":"https:\/\/www.webdo.tn\/fr\/wp-content\/uploads\/2026\/04\/hatem-bourial_avatar-96x96.jpg","caption":"Hatem Bourial"},"description":"Hatem Bourial est journaliste, \u00e9crivain et chroniqueur tunisien. Actif depuis plusieurs d\u00e9cennies, il s\u2019est impos\u00e9 comme un observateur attentif de la soci\u00e9t\u00e9 tunisienne, m\u00ealant dans ses \u00e9crits m\u00e9moire, culture et analyse du quotidien. Auteur de nombreux ouvrages, il d\u00e9veloppe une \u0153uvre \u00e0 la crois\u00e9e du r\u00e9cit, de la po\u00e9sie et de l\u2019observation sociologique. Parall\u00e8lement \u00e0 ses contributions dans la presse, il intervient r\u00e9guli\u00e8rement \u00e0 la radio et dans des espaces culturels, o\u00f9 il explore les enjeux li\u00e9s au patrimoine, \u00e0 l\u2019identit\u00e9 et aux transformations du monde contemporain. \u00c0 travers ses chroniques, Hatem Bourial propose une lecture sensible et approfondie de l\u2019actualit\u00e9, nourrie par une exp\u00e9rience journalistique et litt\u00e9raire reconnue. \ud83d\udd17 Facebook : https:\/\/www.facebook.com\/hatem.bourial.2025","sameAs":["https:\/\/www.facebook.com\/hatem.bourial.2025","https:\/\/fr.wikipedia.org\/wiki\/Fichier:Hatem_Bourial.jpg"],"knowsAbout":["Culture & patrimoine tunisien","Chronique soci\u00e9tale","Litt\u00e9rature & m\u00e9moire","Cin\u00e9ma & critique culturelle","Identit\u00e9 & mutations sociales"],"knowsLanguage":["Arabe","Fran\u00e7ais","Anglais","Italien","Polonais"],"jobTitle":"Journaliste, \u00e9crivain et chroniqueur culturel","worksFor":"Webdo","url":"https:\/\/www.webdo.tn\/fr\/actualite\/author\/hatem-bourial-2\/"}]}},"_links":{"self":[{"href":"https:\/\/www.webdo.tn\/fr\/wp-json\/wp\/v2\/posts\/187182","targetHints":{"allow":["GET"]}}],"collection":[{"href":"https:\/\/www.webdo.tn\/fr\/wp-json\/wp\/v2\/posts"}],"about":[{"href":"https:\/\/www.webdo.tn\/fr\/wp-json\/wp\/v2\/types\/post"}],"author":[{"embeddable":true,"href":"https:\/\/www.webdo.tn\/fr\/wp-json\/wp\/v2\/users\/3229"}],"replies":[{"embeddable":true,"href":"https:\/\/www.webdo.tn\/fr\/wp-json\/wp\/v2\/comments?post=187182"}],"version-history":[{"count":0,"href":"https:\/\/www.webdo.tn\/fr\/wp-json\/wp\/v2\/posts\/187182\/revisions"}],"wp:featuredmedia":[{"embeddable":true,"href":"https:\/\/www.webdo.tn\/fr\/wp-json\/wp\/v2\/media\/337848"}],"wp:attachment":[{"href":"https:\/\/www.webdo.tn\/fr\/wp-json\/wp\/v2\/media?parent=187182"}],"wp:term":[{"taxonomy":"category","embeddable":true,"href":"https:\/\/www.webdo.tn\/fr\/wp-json\/wp\/v2\/categories?post=187182"},{"taxonomy":"post_tag","embeddable":true,"href":"https:\/\/www.webdo.tn\/fr\/wp-json\/wp\/v2\/tags?post=187182"}],"curies":[{"name":"wp","href":"https:\/\/api.w.org\/{rel}","templated":true}]}}