{"id":187180,"date":"2016-08-30T10:14:00","date_gmt":"2016-08-30T10:14:00","guid":{"rendered":"https:\/\/www.webdo.tn\/fr\/blog\/peregrinations-de-municipalite-de-tunis-six-sieges-successifs-150-ans\/187180\/"},"modified":"2016-08-30T10:14:00","modified_gmt":"2016-08-30T10:14:00","slug":"peregrinations-de-municipalite-de-tunis-six-sieges-successifs-150-ans","status":"publish","type":"post","link":"https:\/\/www.webdo.tn\/fr\/actualite\/chroniques\/peregrinations-de-municipalite-de-tunis-six-sieges-successifs-150-ans\/187180\/","title":{"rendered":"Les p\u00e9r\u00e9grinations de la municipalit\u00e9 de Tunis : Six si\u00e8ges successifs en 150 ans&#8230;"},"content":{"rendered":"<p>Depuis le tournant du nouveau si\u00e8cle, la Municipalit\u00e9 de Tunis est install\u00e9e sur les hauteurs de la Kasbah dans un superbe h\u00f4tel de ville.<br \/>\n\u00ab\u00a0Dar el Achra\u00a0\u00bb<br \/>\nToutefois, l&rsquo;institution municipale a connu bien des locaux depuis le temps de \u00ab\u00a0Dar el Achra\u00a0\u00bb, la Maison des Dix qui se trouvait place du Ch\u00e2teau, dans la m\u00e9dina, et abritait le premier conseil municipal pr\u00e9sid\u00e9 par le g\u00e9n\u00e9ral Hussein en 1858. On nommait ce lieu \u00ab\u00a0Dar el Achra\u00a0\u00bb car dix notables formaient alors le coll\u00e8ge des conseillers municipaux.<\/p>\n<p>Une mention doit \u00e9galement \u00eatre faite de \u00ab\u00a0Machyakht el M\u00e9dina\u00a0\u00bb qui se trouvait \u00e0 la rue Sidi Ben Arous dans un immeuble qui attend une prochaine r\u00e9novation depuis plusieurs ann\u00e9es et devrait abriter un h\u00f4tel. Cette institution fut celle des services de la ville et son nom renvoie au titre officiel du maire de Tunis qui en arabe est &lsquo;cheikh el m\u00e9dina\u00a0\u00bb.<br \/>\nLa rue de la Municipalit\u00e9<br \/>\nSur les vieilles cartes de la ville de Tunis, il est fait mention d&rsquo;une rue de la Municipalit\u00e9. Cette rue est l&rsquo;actuelle rue Dar el Jeld et les services municipaux y furent install\u00e9s jusqu&rsquo;en 1885. Il semble que cette rue ait chang\u00e9 de nom au d\u00e9but de ann\u00e9es quarante.<\/p>\n<p>A cette date, la Municipalit\u00e9 de Tunis d\u00e9m\u00e9nagea pour la nouvelle ville europ\u00e9enne et fut install\u00e9e dans un h\u00f4tel particulier au 49, rue Al Jazira. Tout de suite apr\u00e8s, un autre si\u00e8ge municipal provisoire sera sis \u00e0 la rue Essadikia, l&rsquo;actuelle rue Jamel Abdenasser qui longe l&rsquo;ambassade de France. Les locaux municipaux y furent install\u00e9s avant leur transfert \u00e0 l&rsquo;h\u00f4tel de la ville de la rue de Carthage au tout d\u00e9but du vingti\u00e8me si\u00e8cle.<\/p>\n<p>Cet h\u00f4tel de ville de style Art Nouveau fait actuellement l&rsquo;objet d&rsquo;une restauration et retrouve sa superbe gr\u00e2ce aux efforts de la Ville de Tunis. Ce n&rsquo;est que justice car ces locaux de l&rsquo;avenue de Carthage ont accueilli les services municipaux durant un si\u00e8cle&#8230;<br \/>\nH.B.<\/p>\n","protected":false},"excerpt":{"rendered":"<p>Les p\u00e9r\u00e9grinations de la municipalit\u00e9 de Tunis : Six si\u00e8ges successifs en 150 ans&#8230;<\/p>\n","protected":false},"author":3229,"featured_media":327368,"comment_status":"open","ping_status":"closed","sticky":false,"template":"","format":"standard","meta":{"footnotes":""},"categories":[2596],"tags":[2600],"class_list":["post-187180","post","type-post","status-publish","format-standard","has-post-thumbnail","hentry","category-chroniques","tag-guerre"],"yoast_head":"<!-- This site is optimized with the Yoast SEO Premium plugin v27.5 (Yoast SEO v27.5) - https:\/\/yoast.com\/product\/yoast-seo-premium-wordpress\/ -->\n<title>Les p\u00e9r\u00e9grinations de la municipalit\u00e9 de Tunis : Six si\u00e8ges successifs en 150 ans...<\/title>\n<meta name=\"description\" content=\"Les p\u00e9r\u00e9grinations de la municipalit\u00e9 de Tunis : Six si\u00e8ges successifs en 150 ans...\" \/>\n<link rel=\"canonical\" href=\"https:\/\/www.webdo.tn\/fr\/actualite\/chroniques\/peregrinations-de-municipalite-de-tunis-six-sieges-successifs-150-ans\/187180\/\" \/>\n<meta property=\"og:locale\" content=\"fr_FR\" \/>\n<meta property=\"og:type\" content=\"article\" \/>\n<meta property=\"og:title\" content=\"Les p\u00e9r\u00e9grinations de la municipalit\u00e9 de Tunis : Six si\u00e8ges successifs en 150 ans...\" \/>\n<meta property=\"og:description\" content=\"Les p\u00e9r\u00e9grinations de la municipalit\u00e9 de Tunis : Six si\u00e8ges successifs en 150 ans...\" \/>\n<meta property=\"og:url\" content=\"https:\/\/www.webdo.tn\/fr\/actualite\/chroniques\/peregrinations-de-municipalite-de-tunis-six-sieges-successifs-150-ans\/187180\/\" \/>\n<meta property=\"og:site_name\" content=\"webdo\" \/>\n<meta property=\"article:publisher\" content=\"https:\/\/www.facebook.com\/webdotn\" \/>\n<meta property=\"article:author\" content=\"https:\/\/www.facebook.com\/hatem.bourial.2025\" \/>\n<meta property=\"article:published_time\" content=\"2016-08-30T10:14:00+00:00\" \/>\n<meta property=\"og:image\" content=\"https:\/\/www.webdo.tn\/fr\/wp-content\/uploads\/2016\/08\/palast-d-tunesischen-praesidenten-am-place-de-la-kasbah-et-lhotel-de-ville-de-tunis-in-la-goulette-27c18292-6176-4476-9b46-4beabb3a09da-300x173-1.jpg\" \/>\n\t<meta property=\"og:image:width\" content=\"300\" \/>\n\t<meta property=\"og:image:height\" content=\"173\" \/>\n\t<meta property=\"og:image:type\" content=\"image\/jpeg\" \/>\n<meta name=\"author\" content=\"Hatem Bourial\" \/>\n<meta name=\"twitter:card\" content=\"summary_large_image\" \/>\n<meta name=\"twitter:creator\" content=\"@webdo_tn\" \/>\n<meta name=\"twitter:site\" content=\"@webdo_tn\" \/>\n<meta name=\"twitter:label1\" content=\"\u00c9crit par\" \/>\n\t<meta name=\"twitter:data1\" content=\"Hatem Bourial\" \/>\n\t<meta name=\"twitter:label2\" content=\"Dur\u00e9e de lecture estim\u00e9e\" \/>\n\t<meta name=\"twitter:data2\" content=\"2 minutes\" \/>\n<script type=\"application\/ld+json\" class=\"yoast-schema-graph\">{\"@context\":\"https:\\\/\\\/schema.org\",\"@graph\":[{\"@type\":\"NewsArticle\",\"@id\":\"https:\\\/\\\/www.webdo.tn\\\/fr\\\/actualite\\\/chroniques\\\/peregrinations-de-municipalite-de-tunis-six-sieges-successifs-150-ans\\\/187180\\\/#article\",\"isPartOf\":{\"@id\":\"https:\\\/\\\/www.webdo.tn\\\/fr\\\/actualite\\\/chroniques\\\/peregrinations-de-municipalite-de-tunis-six-sieges-successifs-150-ans\\\/187180\\\/\"},\"author\":{\"name\":\"Hatem Bourial\",\"@id\":\"https:\\\/\\\/www.webdo.tn\\\/fr\\\/#\\\/schema\\\/person\\\/6bc0beba2cd23aec27cb5df85ca2554f\"},\"headline\":\"Les p\u00e9r\u00e9grinations de la municipalit\u00e9 de Tunis : Six si\u00e8ges successifs en 150 ans&#8230;\",\"datePublished\":\"2016-08-30T10:14:00+00:00\",\"mainEntityOfPage\":{\"@id\":\"https:\\\/\\\/www.webdo.tn\\\/fr\\\/actualite\\\/chroniques\\\/peregrinations-de-municipalite-de-tunis-six-sieges-successifs-150-ans\\\/187180\\\/\"},\"wordCount\":373,\"commentCount\":0,\"publisher\":{\"@id\":\"https:\\\/\\\/www.webdo.tn\\\/fr\\\/#organization\"},\"image\":{\"@id\":\"https:\\\/\\\/www.webdo.tn\\\/fr\\\/actualite\\\/chroniques\\\/peregrinations-de-municipalite-de-tunis-six-sieges-successifs-150-ans\\\/187180\\\/#primaryimage\"},\"thumbnailUrl\":\"https:\\\/\\\/www.webdo.tn\\\/fr\\\/wp-content\\\/uploads\\\/2016\\\/08\\\/palast-d-tunesischen-praesidenten-am-place-de-la-kasbah-et-lhotel-de-ville-de-tunis-in-la-goulette-27c18292-6176-4476-9b46-4beabb3a09da-300x173-1.jpg\",\"keywords\":[\"guerre\"],\"articleSection\":[\"Chroniques\"],\"inLanguage\":\"fr-FR\"},{\"@type\":\"WebPage\",\"@id\":\"https:\\\/\\\/www.webdo.tn\\\/fr\\\/actualite\\\/chroniques\\\/peregrinations-de-municipalite-de-tunis-six-sieges-successifs-150-ans\\\/187180\\\/\",\"url\":\"https:\\\/\\\/www.webdo.tn\\\/fr\\\/actualite\\\/chroniques\\\/peregrinations-de-municipalite-de-tunis-six-sieges-successifs-150-ans\\\/187180\\\/\",\"name\":\"Les p\u00e9r\u00e9grinations de la municipalit\u00e9 de Tunis : Six si\u00e8ges successifs en 150 ans...\",\"isPartOf\":{\"@id\":\"https:\\\/\\\/www.webdo.tn\\\/fr\\\/#website\"},\"primaryImageOfPage\":{\"@id\":\"https:\\\/\\\/www.webdo.tn\\\/fr\\\/actualite\\\/chroniques\\\/peregrinations-de-municipalite-de-tunis-six-sieges-successifs-150-ans\\\/187180\\\/#primaryimage\"},\"image\":{\"@id\":\"https:\\\/\\\/www.webdo.tn\\\/fr\\\/actualite\\\/chroniques\\\/peregrinations-de-municipalite-de-tunis-six-sieges-successifs-150-ans\\\/187180\\\/#primaryimage\"},\"thumbnailUrl\":\"https:\\\/\\\/www.webdo.tn\\\/fr\\\/wp-content\\\/uploads\\\/2016\\\/08\\\/palast-d-tunesischen-praesidenten-am-place-de-la-kasbah-et-lhotel-de-ville-de-tunis-in-la-goulette-27c18292-6176-4476-9b46-4beabb3a09da-300x173-1.jpg\",\"datePublished\":\"2016-08-30T10:14:00+00:00\",\"description\":\"Les p\u00e9r\u00e9grinations de la municipalit\u00e9 de Tunis : Six si\u00e8ges successifs en 150 ans...\",\"breadcrumb\":{\"@id\":\"https:\\\/\\\/www.webdo.tn\\\/fr\\\/actualite\\\/chroniques\\\/peregrinations-de-municipalite-de-tunis-six-sieges-successifs-150-ans\\\/187180\\\/#breadcrumb\"},\"inLanguage\":\"fr-FR\",\"potentialAction\":[{\"@type\":\"ReadAction\",\"target\":[\"https:\\\/\\\/www.webdo.tn\\\/fr\\\/actualite\\\/chroniques\\\/peregrinations-de-municipalite-de-tunis-six-sieges-successifs-150-ans\\\/187180\\\/\"]}]},{\"@type\":\"ImageObject\",\"inLanguage\":\"fr-FR\",\"@id\":\"https:\\\/\\\/www.webdo.tn\\\/fr\\\/actualite\\\/chroniques\\\/peregrinations-de-municipalite-de-tunis-six-sieges-successifs-150-ans\\\/187180\\\/#primaryimage\",\"url\":\"https:\\\/\\\/www.webdo.tn\\\/fr\\\/wp-content\\\/uploads\\\/2016\\\/08\\\/palast-d-tunesischen-praesidenten-am-place-de-la-kasbah-et-lhotel-de-ville-de-tunis-in-la-goulette-27c18292-6176-4476-9b46-4beabb3a09da-300x173-1.jpg\",\"contentUrl\":\"https:\\\/\\\/www.webdo.tn\\\/fr\\\/wp-content\\\/uploads\\\/2016\\\/08\\\/palast-d-tunesischen-praesidenten-am-place-de-la-kasbah-et-lhotel-de-ville-de-tunis-in-la-goulette-27c18292-6176-4476-9b46-4beabb3a09da-300x173-1.jpg\",\"width\":300,\"height\":173,\"caption\":\"Les p\u00e9r\u00e9grinations de la municipalit\u00e9 de Tunis : Six si\u00e8ges successifs en 150 ans...\"},{\"@type\":\"BreadcrumbList\",\"@id\":\"https:\\\/\\\/www.webdo.tn\\\/fr\\\/actualite\\\/chroniques\\\/peregrinations-de-municipalite-de-tunis-six-sieges-successifs-150-ans\\\/187180\\\/#breadcrumb\",\"itemListElement\":[{\"@type\":\"ListItem\",\"position\":1,\"name\":\"Accueil\",\"item\":\"https:\\\/\\\/www.webdo.tn\\\/fr\\\/\"},{\"@type\":\"ListItem\",\"position\":2,\"name\":\"Les p\u00e9r\u00e9grinations de la municipalit\u00e9 de Tunis : Six si\u00e8ges successifs en 150 ans&#8230;\"}]},{\"@type\":\"WebSite\",\"@id\":\"https:\\\/\\\/www.webdo.tn\\\/fr\\\/#website\",\"url\":\"https:\\\/\\\/www.webdo.tn\\\/fr\\\/\",\"name\":\"webdo\",\"description\":\"Tunisie - News en Tunisie et \u00e0 l&#039;international sur Webdo.tn\",\"publisher\":{\"@id\":\"https:\\\/\\\/www.webdo.tn\\\/fr\\\/#organization\"},\"potentialAction\":[{\"@type\":\"SearchAction\",\"target\":{\"@type\":\"EntryPoint\",\"urlTemplate\":\"https:\\\/\\\/www.webdo.tn\\\/fr\\\/?s={search_term_string}\"},\"query-input\":{\"@type\":\"PropertyValueSpecification\",\"valueRequired\":true,\"valueName\":\"search_term_string\"}}],\"inLanguage\":\"fr-FR\"},{\"@type\":\"Organization\",\"@id\":\"https:\\\/\\\/www.webdo.tn\\\/fr\\\/#organization\",\"name\":\"Webdo\",\"alternateName\":\"Webdo.tn\",\"url\":\"https:\\\/\\\/www.webdo.tn\\\/fr\\\/\",\"logo\":{\"@type\":\"ImageObject\",\"inLanguage\":\"fr-FR\",\"@id\":\"https:\\\/\\\/www.webdo.tn\\\/fr\\\/#\\\/schema\\\/logo\\\/image\\\/\",\"url\":\"https:\\\/\\\/www.webdo.tn\\\/fr\\\/wp-content\\\/uploads\\\/2025\\\/06\\\/Webdo-Tunisie_168377.jpg\",\"contentUrl\":\"https:\\\/\\\/www.webdo.tn\\\/fr\\\/wp-content\\\/uploads\\\/2025\\\/06\\\/Webdo-Tunisie_168377.jpg\",\"width\":301,\"height\":301,\"caption\":\"Webdo\"},\"image\":{\"@id\":\"https:\\\/\\\/www.webdo.tn\\\/fr\\\/#\\\/schema\\\/logo\\\/image\\\/\"},\"sameAs\":[\"https:\\\/\\\/www.facebook.com\\\/webdotn\",\"https:\\\/\\\/x.com\\\/webdo_tn\"],\"description\":\"Webdo est un m\u00e9dia num\u00e9rique tunisien fond\u00e9 en 2010, sp\u00e9cialis\u00e9 dans l\u2019actualit\u00e9 nationale et internationale, l\u2019\u00e9conomie, la soci\u00e9t\u00e9 et les analyses politiques. Le site s\u2019adresse \u00e0 un large public francophone et couvre l\u2019information tunisienne en temps r\u00e9el.\",\"email\":\"redac@webdo.tn\",\"legalName\":\"YNJ SARL\",\"foundingDate\":\"2010-09-06\",\"numberOfEmployees\":{\"@type\":\"QuantitativeValue\",\"minValue\":\"11\",\"maxValue\":\"50\"}},{\"@type\":\"Person\",\"@id\":\"https:\\\/\\\/www.webdo.tn\\\/fr\\\/#\\\/schema\\\/person\\\/6bc0beba2cd23aec27cb5df85ca2554f\",\"name\":\"Hatem Bourial\",\"image\":{\"@type\":\"ImageObject\",\"inLanguage\":\"fr-FR\",\"@id\":\"https:\\\/\\\/www.webdo.tn\\\/fr\\\/wp-content\\\/uploads\\\/2026\\\/04\\\/hatem-bourial_avatar-96x96.jpg\",\"url\":\"https:\\\/\\\/www.webdo.tn\\\/fr\\\/wp-content\\\/uploads\\\/2026\\\/04\\\/hatem-bourial_avatar-96x96.jpg\",\"contentUrl\":\"https:\\\/\\\/www.webdo.tn\\\/fr\\\/wp-content\\\/uploads\\\/2026\\\/04\\\/hatem-bourial_avatar-96x96.jpg\",\"caption\":\"Hatem Bourial\"},\"description\":\"Hatem Bourial est journaliste, \u00e9crivain et chroniqueur tunisien. Actif depuis plusieurs d\u00e9cennies, il s\u2019est impos\u00e9 comme un observateur attentif de la soci\u00e9t\u00e9 tunisienne, m\u00ealant dans ses \u00e9crits m\u00e9moire, culture et analyse du quotidien. Auteur de nombreux ouvrages, il d\u00e9veloppe une \u0153uvre \u00e0 la crois\u00e9e du r\u00e9cit, de la po\u00e9sie et de l\u2019observation sociologique. Parall\u00e8lement \u00e0 ses contributions dans la presse, il intervient r\u00e9guli\u00e8rement \u00e0 la radio et dans des espaces culturels, o\u00f9 il explore les enjeux li\u00e9s au patrimoine, \u00e0 l\u2019identit\u00e9 et aux transformations du monde contemporain. \u00c0 travers ses chroniques, Hatem Bourial propose une lecture sensible et approfondie de l\u2019actualit\u00e9, nourrie par une exp\u00e9rience journalistique et litt\u00e9raire reconnue. \ud83d\udd17 Facebook : https:\\\/\\\/www.facebook.com\\\/hatem.bourial.2025\",\"sameAs\":[\"https:\\\/\\\/www.facebook.com\\\/hatem.bourial.2025\",\"https:\\\/\\\/fr.wikipedia.org\\\/wiki\\\/Fichier:Hatem_Bourial.jpg\"],\"knowsAbout\":[\"Culture & patrimoine tunisien\",\"Chronique soci\u00e9tale\",\"Litt\u00e9rature & m\u00e9moire\",\"Cin\u00e9ma & critique culturelle\",\"Identit\u00e9 & mutations sociales\"],\"knowsLanguage\":[\"Arabe\",\"Fran\u00e7ais\",\"Anglais\",\"Italien\",\"Polonais\"],\"jobTitle\":\"Journaliste, \u00e9crivain et chroniqueur culturel\",\"worksFor\":\"Webdo\",\"url\":\"https:\\\/\\\/www.webdo.tn\\\/fr\\\/actualite\\\/author\\\/hatem-bourial-2\\\/\"}]}<\/script>\n<!-- \/ Yoast SEO Premium plugin. -->","yoast_head_json":{"title":"Les p\u00e9r\u00e9grinations de la municipalit\u00e9 de Tunis : Six si\u00e8ges successifs en 150 ans...","description":"Les p\u00e9r\u00e9grinations de la municipalit\u00e9 de Tunis : Six si\u00e8ges successifs en 150 ans...","canonical":"https:\/\/www.webdo.tn\/fr\/actualite\/chroniques\/peregrinations-de-municipalite-de-tunis-six-sieges-successifs-150-ans\/187180\/","og_locale":"fr_FR","og_type":"article","og_title":"Les p\u00e9r\u00e9grinations de la municipalit\u00e9 de Tunis : Six si\u00e8ges successifs en 150 ans...","og_description":"Les p\u00e9r\u00e9grinations de la municipalit\u00e9 de Tunis : Six si\u00e8ges successifs en 150 ans...","og_url":"https:\/\/www.webdo.tn\/fr\/actualite\/chroniques\/peregrinations-de-municipalite-de-tunis-six-sieges-successifs-150-ans\/187180\/","og_site_name":"webdo","article_publisher":"https:\/\/www.facebook.com\/webdotn","article_author":"https:\/\/www.facebook.com\/hatem.bourial.2025","article_published_time":"2016-08-30T10:14:00+00:00","og_image":[{"width":300,"height":173,"url":"https:\/\/www.webdo.tn\/fr\/wp-content\/uploads\/2016\/08\/palast-d-tunesischen-praesidenten-am-place-de-la-kasbah-et-lhotel-de-ville-de-tunis-in-la-goulette-27c18292-6176-4476-9b46-4beabb3a09da-300x173-1.jpg","type":"image\/jpeg"}],"author":"Hatem Bourial","twitter_card":"summary_large_image","twitter_creator":"@webdo_tn","twitter_site":"@webdo_tn","twitter_misc":{"\u00c9crit par":"Hatem Bourial","Dur\u00e9e de lecture estim\u00e9e":"2 minutes"},"schema":{"@context":"https:\/\/schema.org","@graph":[{"@type":"NewsArticle","@id":"https:\/\/www.webdo.tn\/fr\/actualite\/chroniques\/peregrinations-de-municipalite-de-tunis-six-sieges-successifs-150-ans\/187180\/#article","isPartOf":{"@id":"https:\/\/www.webdo.tn\/fr\/actualite\/chroniques\/peregrinations-de-municipalite-de-tunis-six-sieges-successifs-150-ans\/187180\/"},"author":{"name":"Hatem Bourial","@id":"https:\/\/www.webdo.tn\/fr\/#\/schema\/person\/6bc0beba2cd23aec27cb5df85ca2554f"},"headline":"Les p\u00e9r\u00e9grinations de la municipalit\u00e9 de Tunis : Six si\u00e8ges successifs en 150 ans&#8230;","datePublished":"2016-08-30T10:14:00+00:00","mainEntityOfPage":{"@id":"https:\/\/www.webdo.tn\/fr\/actualite\/chroniques\/peregrinations-de-municipalite-de-tunis-six-sieges-successifs-150-ans\/187180\/"},"wordCount":373,"commentCount":0,"publisher":{"@id":"https:\/\/www.webdo.tn\/fr\/#organization"},"image":{"@id":"https:\/\/www.webdo.tn\/fr\/actualite\/chroniques\/peregrinations-de-municipalite-de-tunis-six-sieges-successifs-150-ans\/187180\/#primaryimage"},"thumbnailUrl":"https:\/\/www.webdo.tn\/fr\/wp-content\/uploads\/2016\/08\/palast-d-tunesischen-praesidenten-am-place-de-la-kasbah-et-lhotel-de-ville-de-tunis-in-la-goulette-27c18292-6176-4476-9b46-4beabb3a09da-300x173-1.jpg","keywords":["guerre"],"articleSection":["Chroniques"],"inLanguage":"fr-FR"},{"@type":"WebPage","@id":"https:\/\/www.webdo.tn\/fr\/actualite\/chroniques\/peregrinations-de-municipalite-de-tunis-six-sieges-successifs-150-ans\/187180\/","url":"https:\/\/www.webdo.tn\/fr\/actualite\/chroniques\/peregrinations-de-municipalite-de-tunis-six-sieges-successifs-150-ans\/187180\/","name":"Les p\u00e9r\u00e9grinations de la municipalit\u00e9 de Tunis : Six si\u00e8ges successifs en 150 ans...","isPartOf":{"@id":"https:\/\/www.webdo.tn\/fr\/#website"},"primaryImageOfPage":{"@id":"https:\/\/www.webdo.tn\/fr\/actualite\/chroniques\/peregrinations-de-municipalite-de-tunis-six-sieges-successifs-150-ans\/187180\/#primaryimage"},"image":{"@id":"https:\/\/www.webdo.tn\/fr\/actualite\/chroniques\/peregrinations-de-municipalite-de-tunis-six-sieges-successifs-150-ans\/187180\/#primaryimage"},"thumbnailUrl":"https:\/\/www.webdo.tn\/fr\/wp-content\/uploads\/2016\/08\/palast-d-tunesischen-praesidenten-am-place-de-la-kasbah-et-lhotel-de-ville-de-tunis-in-la-goulette-27c18292-6176-4476-9b46-4beabb3a09da-300x173-1.jpg","datePublished":"2016-08-30T10:14:00+00:00","description":"Les p\u00e9r\u00e9grinations de la municipalit\u00e9 de Tunis : Six si\u00e8ges successifs en 150 ans...","breadcrumb":{"@id":"https:\/\/www.webdo.tn\/fr\/actualite\/chroniques\/peregrinations-de-municipalite-de-tunis-six-sieges-successifs-150-ans\/187180\/#breadcrumb"},"inLanguage":"fr-FR","potentialAction":[{"@type":"ReadAction","target":["https:\/\/www.webdo.tn\/fr\/actualite\/chroniques\/peregrinations-de-municipalite-de-tunis-six-sieges-successifs-150-ans\/187180\/"]}]},{"@type":"ImageObject","inLanguage":"fr-FR","@id":"https:\/\/www.webdo.tn\/fr\/actualite\/chroniques\/peregrinations-de-municipalite-de-tunis-six-sieges-successifs-150-ans\/187180\/#primaryimage","url":"https:\/\/www.webdo.tn\/fr\/wp-content\/uploads\/2016\/08\/palast-d-tunesischen-praesidenten-am-place-de-la-kasbah-et-lhotel-de-ville-de-tunis-in-la-goulette-27c18292-6176-4476-9b46-4beabb3a09da-300x173-1.jpg","contentUrl":"https:\/\/www.webdo.tn\/fr\/wp-content\/uploads\/2016\/08\/palast-d-tunesischen-praesidenten-am-place-de-la-kasbah-et-lhotel-de-ville-de-tunis-in-la-goulette-27c18292-6176-4476-9b46-4beabb3a09da-300x173-1.jpg","width":300,"height":173,"caption":"Les p\u00e9r\u00e9grinations de la municipalit\u00e9 de Tunis : Six si\u00e8ges successifs en 150 ans..."},{"@type":"BreadcrumbList","@id":"https:\/\/www.webdo.tn\/fr\/actualite\/chroniques\/peregrinations-de-municipalite-de-tunis-six-sieges-successifs-150-ans\/187180\/#breadcrumb","itemListElement":[{"@type":"ListItem","position":1,"name":"Accueil","item":"https:\/\/www.webdo.tn\/fr\/"},{"@type":"ListItem","position":2,"name":"Les p\u00e9r\u00e9grinations de la municipalit\u00e9 de Tunis : Six si\u00e8ges successifs en 150 ans&#8230;"}]},{"@type":"WebSite","@id":"https:\/\/www.webdo.tn\/fr\/#website","url":"https:\/\/www.webdo.tn\/fr\/","name":"webdo","description":"Tunisie - News en Tunisie et \u00e0 l&#039;international sur Webdo.tn","publisher":{"@id":"https:\/\/www.webdo.tn\/fr\/#organization"},"potentialAction":[{"@type":"SearchAction","target":{"@type":"EntryPoint","urlTemplate":"https:\/\/www.webdo.tn\/fr\/?s={search_term_string}"},"query-input":{"@type":"PropertyValueSpecification","valueRequired":true,"valueName":"search_term_string"}}],"inLanguage":"fr-FR"},{"@type":"Organization","@id":"https:\/\/www.webdo.tn\/fr\/#organization","name":"Webdo","alternateName":"Webdo.tn","url":"https:\/\/www.webdo.tn\/fr\/","logo":{"@type":"ImageObject","inLanguage":"fr-FR","@id":"https:\/\/www.webdo.tn\/fr\/#\/schema\/logo\/image\/","url":"https:\/\/www.webdo.tn\/fr\/wp-content\/uploads\/2025\/06\/Webdo-Tunisie_168377.jpg","contentUrl":"https:\/\/www.webdo.tn\/fr\/wp-content\/uploads\/2025\/06\/Webdo-Tunisie_168377.jpg","width":301,"height":301,"caption":"Webdo"},"image":{"@id":"https:\/\/www.webdo.tn\/fr\/#\/schema\/logo\/image\/"},"sameAs":["https:\/\/www.facebook.com\/webdotn","https:\/\/x.com\/webdo_tn"],"description":"Webdo est un m\u00e9dia num\u00e9rique tunisien fond\u00e9 en 2010, sp\u00e9cialis\u00e9 dans l\u2019actualit\u00e9 nationale et internationale, l\u2019\u00e9conomie, la soci\u00e9t\u00e9 et les analyses politiques. Le site s\u2019adresse \u00e0 un large public francophone et couvre l\u2019information tunisienne en temps r\u00e9el.","email":"redac@webdo.tn","legalName":"YNJ SARL","foundingDate":"2010-09-06","numberOfEmployees":{"@type":"QuantitativeValue","minValue":"11","maxValue":"50"}},{"@type":"Person","@id":"https:\/\/www.webdo.tn\/fr\/#\/schema\/person\/6bc0beba2cd23aec27cb5df85ca2554f","name":"Hatem Bourial","image":{"@type":"ImageObject","inLanguage":"fr-FR","@id":"https:\/\/www.webdo.tn\/fr\/wp-content\/uploads\/2026\/04\/hatem-bourial_avatar-96x96.jpg","url":"https:\/\/www.webdo.tn\/fr\/wp-content\/uploads\/2026\/04\/hatem-bourial_avatar-96x96.jpg","contentUrl":"https:\/\/www.webdo.tn\/fr\/wp-content\/uploads\/2026\/04\/hatem-bourial_avatar-96x96.jpg","caption":"Hatem Bourial"},"description":"Hatem Bourial est journaliste, \u00e9crivain et chroniqueur tunisien. Actif depuis plusieurs d\u00e9cennies, il s\u2019est impos\u00e9 comme un observateur attentif de la soci\u00e9t\u00e9 tunisienne, m\u00ealant dans ses \u00e9crits m\u00e9moire, culture et analyse du quotidien. Auteur de nombreux ouvrages, il d\u00e9veloppe une \u0153uvre \u00e0 la crois\u00e9e du r\u00e9cit, de la po\u00e9sie et de l\u2019observation sociologique. Parall\u00e8lement \u00e0 ses contributions dans la presse, il intervient r\u00e9guli\u00e8rement \u00e0 la radio et dans des espaces culturels, o\u00f9 il explore les enjeux li\u00e9s au patrimoine, \u00e0 l\u2019identit\u00e9 et aux transformations du monde contemporain. \u00c0 travers ses chroniques, Hatem Bourial propose une lecture sensible et approfondie de l\u2019actualit\u00e9, nourrie par une exp\u00e9rience journalistique et litt\u00e9raire reconnue. \ud83d\udd17 Facebook : https:\/\/www.facebook.com\/hatem.bourial.2025","sameAs":["https:\/\/www.facebook.com\/hatem.bourial.2025","https:\/\/fr.wikipedia.org\/wiki\/Fichier:Hatem_Bourial.jpg"],"knowsAbout":["Culture & patrimoine tunisien","Chronique soci\u00e9tale","Litt\u00e9rature & m\u00e9moire","Cin\u00e9ma & critique culturelle","Identit\u00e9 & mutations sociales"],"knowsLanguage":["Arabe","Fran\u00e7ais","Anglais","Italien","Polonais"],"jobTitle":"Journaliste, \u00e9crivain et chroniqueur culturel","worksFor":"Webdo","url":"https:\/\/www.webdo.tn\/fr\/actualite\/author\/hatem-bourial-2\/"}]}},"_links":{"self":[{"href":"https:\/\/www.webdo.tn\/fr\/wp-json\/wp\/v2\/posts\/187180","targetHints":{"allow":["GET"]}}],"collection":[{"href":"https:\/\/www.webdo.tn\/fr\/wp-json\/wp\/v2\/posts"}],"about":[{"href":"https:\/\/www.webdo.tn\/fr\/wp-json\/wp\/v2\/types\/post"}],"author":[{"embeddable":true,"href":"https:\/\/www.webdo.tn\/fr\/wp-json\/wp\/v2\/users\/3229"}],"replies":[{"embeddable":true,"href":"https:\/\/www.webdo.tn\/fr\/wp-json\/wp\/v2\/comments?post=187180"}],"version-history":[{"count":0,"href":"https:\/\/www.webdo.tn\/fr\/wp-json\/wp\/v2\/posts\/187180\/revisions"}],"wp:featuredmedia":[{"embeddable":true,"href":"https:\/\/www.webdo.tn\/fr\/wp-json\/wp\/v2\/media\/327368"}],"wp:attachment":[{"href":"https:\/\/www.webdo.tn\/fr\/wp-json\/wp\/v2\/media?parent=187180"}],"wp:term":[{"taxonomy":"category","embeddable":true,"href":"https:\/\/www.webdo.tn\/fr\/wp-json\/wp\/v2\/categories?post=187180"},{"taxonomy":"post_tag","embeddable":true,"href":"https:\/\/www.webdo.tn\/fr\/wp-json\/wp\/v2\/tags?post=187180"}],"curies":[{"name":"wp","href":"https:\/\/api.w.org\/{rel}","templated":true}]}}