{"id":187173,"date":"2016-08-22T09:46:00","date_gmt":"2016-08-22T09:46:00","guid":{"rendered":"https:\/\/www.webdo.tn\/fr\/blog\/petite-histoire-de-leglise-jeanne-darc-deuxieme-paroisse-de-tunis\/187173\/"},"modified":"2016-08-22T09:46:00","modified_gmt":"2016-08-22T09:46:00","slug":"petite-histoire-de-leglise-jeanne-darc-deuxieme-paroisse-de-tunis","status":"publish","type":"post","link":"https:\/\/www.webdo.tn\/fr\/actualite\/chroniques\/petite-histoire-de-leglise-jeanne-darc-deuxieme-paroisse-de-tunis\/187173\/","title":{"rendered":"La petite histoire de l&rsquo;\u00e9glise Jeanne d&rsquo;Arc, deuxi\u00e8me paroisse de Tunis"},"content":{"rendered":"<p>A la m\u00e9moire de Robert Ducoli, Settimo Spina, Monique Daldoul et Mich\u00e8le Mourali<\/p>\n<p>C&rsquo;est en juin 1911 qu&rsquo;ont \u00e9t\u00e9 entam\u00e9s les travaux de construction de l&rsquo;\u00e9glise Jeanne d&rsquo;Arc, la toute premi\u00e8re en Tunisie et en Afrique \u00e0 avoir cette sainte pour protectrice.<\/p>\n<p>L&rsquo;oeuvre de l&rsquo;abb\u00e9 Garcin<\/p>\n<p>C&rsquo;est \u00e0 l&rsquo;abb\u00e9 Garcin qui fut auparavant le cur\u00e9 de Gaafour, non loin de Siliana, que revint la charge de construire cette \u00e9glise. Cette initiative fut prise durant l&rsquo;\u00e9piscopat de Monseigneur Cl\u00e9ment Combes et selon les souhaits de cet archev\u00eaque qui fut le successeur du cardinal Lavigerie.<br \/>\nAvant le premier coup de pioche en juin 1911, il fallut trouver un terrain qui sera acquis au Belv\u00e9d\u00e8re, face au square qui existe encore de nos jours. Ce fut ensuite au tour de l&rsquo;architecte Queyrel de tracer les plans de la future \u00e9glise.<br \/>\nLes donateurs seront nombreux afin que l&rsquo;\u00e9glise naisse rapidement. Avec un grand courage et une foi in\u00e9branlable en sa mission, l&rsquo;abb\u00e9 Garcin mobilisera les sommes n\u00e9cessaires en Tunisie, en France et au Canada.<\/p>\n<p>Premi\u00e8re pierre et b\u00e9n\u00e9dictions<\/p>\n<p>Le 3 octobre 1911 sera b\u00e9nie la premi\u00e8re pierre de la nouvelle \u00e9glise. Pour souligner la continuit\u00e9 de la foi et comme le veut une coutume bien ancr\u00e9e, cette pierre venait d&rsquo;une \u00e9glise antique, celle de Damouss el Karita qui se trouvait \u00e0 Carthage.<br \/>\nLes choses iront ensuite tr\u00e8s vite. L&rsquo;\u00e9glise sera construite rapidement et le 1er novembre 1912, elle recevra sa b\u00e9n\u00e9diction. Puis, la statue de sa sainte patronne fut install\u00e9e en janvier 1913 et b\u00e9nie \u00e0 son tour. Enfin, le grand autel sera b\u00e9ni en mars 1914 alors que la nouvelle paroisse comptait d\u00e9j\u00e0 pr\u00e8s de trois-mille fid\u00e8les.<\/p>\n<p>Les processions de Jeanne d&rsquo;Arc et de la F\u00eate-Dieu<\/p>\n<p>L&rsquo;abb\u00e9 Roussel succ\u00e8dera \u00e0 l&rsquo;abb\u00e9 Garcin en 1923 et \u00e0 cette \u00e9poque, on commencera \u00e0 f\u00eater Jeanne d&rsquo;Arc qui est par ailleurs la protectrice de toute la France. Une procession sera organis\u00e9e \u00e0 partir de 1927 et se d\u00e9roulera dans le jardin faisant face \u00e0 l&rsquo;\u00e9glise. Au fil des ans, on organisa aussi une procession pour la F\u00eate-Dieu qui allait jusqu&rsquo;\u00e0 la place Pasteur.<\/p>\n<p>Naissance d&rsquo;une \u00e9cole<\/p>\n<p>Les abb\u00e9s se succ\u00e9d\u00e8rent laissant chacun une trace singuli\u00e8re. Ainsi, l&rsquo;abb\u00e9 Roussel se porta acqu\u00e9reur d&rsquo;un terrain voisin pour y construire une \u00e9cole. Cette \u00e9cole, devenue la Fondation Bouabdelli, ne fut effectivement construite qu&rsquo;en 1952 et dirig\u00e9e par les soeurs de Saint Joseph de l&rsquo;Apparition jusqu&rsquo;\u00e0 une date r\u00e9cente.<\/p>\n<p>La deuxi\u00e8me paroisse de Tunis<\/p>\n<p>Plus tard, l&rsquo;abb\u00e9 Fr\u00e8re puis l&rsquo;abb\u00e9 D\u00e9chanet seront les cur\u00e9s successifs de cette \u00e9glise qui, depuis le Modus Vivendi, est la deuxi\u00e8me paroisse de Tunis.<br \/>\nAujourd&rsquo;hui, des messes se d\u00e9roulent au quotidien en l&rsquo;\u00e9glise Jeanne d&rsquo;Arc et on y c\u00e9l\u00e8bre bapt\u00eames, communions, mariages et fun\u00e9railles.<\/p>\n<p>La mosa\u00efque de nos vies<\/p>\n<p>Pour y avoir souvent assist\u00e9 \u00e0 des c\u00e9l\u00e9brations de familles proches et amies, j&rsquo;ai ressenti aussi bien la peine devant les cercueils quittant le parvis de l&rsquo;\u00e9glise que la joie des jeunes mari\u00e9s qu&rsquo;on photographie \u00e0 l&rsquo;entr\u00e9e de l&rsquo;\u00e9glise et dans le jardin si bucolique qui lui fait face.<br \/>\nComme on dit, c&rsquo;est la vie ou plus pr\u00e9cis\u00e9ment la mosa\u00efque de nos vies qui d\u00e9filent au seuil d&rsquo;une \u00e9glise qui aura bient\u00f4t 104 ans&#8230;<\/p>\n","protected":false},"excerpt":{"rendered":"<p>La petite histoire de l&rsquo;\u00e9glise Jeanne d&rsquo;Arc, deuxi\u00e8me paroisse de Tunis<\/p>\n","protected":false},"author":3229,"featured_media":337816,"comment_status":"open","ping_status":"closed","sticky":false,"template":"","format":"standard","meta":{"footnotes":""},"categories":[2596],"tags":[2600],"class_list":["post-187173","post","type-post","status-publish","format-standard","has-post-thumbnail","hentry","category-chroniques","tag-guerre"],"yoast_head":"<!-- This site is optimized with the Yoast SEO Premium plugin v27.5 (Yoast SEO v27.5) - https:\/\/yoast.com\/product\/yoast-seo-premium-wordpress\/ -->\n<title>La petite histoire de l&#039;\u00e9glise Jeanne d&#039;Arc, deuxi\u00e8me paroisse de Tunis<\/title>\n<meta name=\"description\" content=\"La petite histoire de l&#039;\u00e9glise Jeanne d&#039;Arc, deuxi\u00e8me paroisse de Tunis\" \/>\n<link rel=\"canonical\" href=\"https:\/\/www.webdo.tn\/fr\/actualite\/chroniques\/petite-histoire-de-leglise-jeanne-darc-deuxieme-paroisse-de-tunis\/187173\/\" \/>\n<meta property=\"og:locale\" content=\"fr_FR\" \/>\n<meta property=\"og:type\" content=\"article\" \/>\n<meta property=\"og:title\" content=\"La petite histoire de l&#039;\u00e9glise Jeanne d&#039;Arc, deuxi\u00e8me paroisse de Tunis\" \/>\n<meta property=\"og:description\" content=\"La petite histoire de l&#039;\u00e9glise Jeanne d&#039;Arc, deuxi\u00e8me paroisse de Tunis\" \/>\n<meta property=\"og:url\" content=\"https:\/\/www.webdo.tn\/fr\/actualite\/chroniques\/petite-histoire-de-leglise-jeanne-darc-deuxieme-paroisse-de-tunis\/187173\/\" \/>\n<meta property=\"og:site_name\" content=\"webdo\" \/>\n<meta property=\"article:publisher\" content=\"https:\/\/www.facebook.com\/webdotn\" \/>\n<meta property=\"article:author\" content=\"https:\/\/www.facebook.com\/hatem.bourial.2025\" \/>\n<meta property=\"article:published_time\" content=\"2016-08-22T09:46:00+00:00\" \/>\n<meta property=\"og:image\" content=\"https:\/\/www.webdo.tn\/fr\/wp-content\/uploads\/2016\/08\/eglise-Jeanne-dArc.jpg\" \/>\n\t<meta property=\"og:image:width\" content=\"600\" \/>\n\t<meta property=\"og:image:height\" content=\"362\" \/>\n\t<meta property=\"og:image:type\" content=\"image\/jpeg\" \/>\n<meta name=\"author\" content=\"Hatem Bourial\" \/>\n<meta name=\"twitter:card\" content=\"summary_large_image\" \/>\n<meta name=\"twitter:creator\" content=\"@webdo_tn\" \/>\n<meta name=\"twitter:site\" content=\"@webdo_tn\" \/>\n<meta name=\"twitter:label1\" content=\"\u00c9crit par\" \/>\n\t<meta name=\"twitter:data1\" content=\"Hatem Bourial\" \/>\n\t<meta name=\"twitter:label2\" content=\"Dur\u00e9e de lecture estim\u00e9e\" \/>\n\t<meta name=\"twitter:data2\" content=\"3 minutes\" \/>\n<script type=\"application\/ld+json\" class=\"yoast-schema-graph\">{\"@context\":\"https:\\\/\\\/schema.org\",\"@graph\":[{\"@type\":\"NewsArticle\",\"@id\":\"https:\\\/\\\/www.webdo.tn\\\/fr\\\/actualite\\\/chroniques\\\/petite-histoire-de-leglise-jeanne-darc-deuxieme-paroisse-de-tunis\\\/187173\\\/#article\",\"isPartOf\":{\"@id\":\"https:\\\/\\\/www.webdo.tn\\\/fr\\\/actualite\\\/chroniques\\\/petite-histoire-de-leglise-jeanne-darc-deuxieme-paroisse-de-tunis\\\/187173\\\/\"},\"author\":{\"name\":\"Hatem Bourial\",\"@id\":\"https:\\\/\\\/www.webdo.tn\\\/fr\\\/#\\\/schema\\\/person\\\/6bc0beba2cd23aec27cb5df85ca2554f\"},\"headline\":\"La petite histoire de l&rsquo;\u00e9glise Jeanne d&rsquo;Arc, deuxi\u00e8me paroisse de Tunis\",\"datePublished\":\"2016-08-22T09:46:00+00:00\",\"mainEntityOfPage\":{\"@id\":\"https:\\\/\\\/www.webdo.tn\\\/fr\\\/actualite\\\/chroniques\\\/petite-histoire-de-leglise-jeanne-darc-deuxieme-paroisse-de-tunis\\\/187173\\\/\"},\"wordCount\":614,\"commentCount\":0,\"publisher\":{\"@id\":\"https:\\\/\\\/www.webdo.tn\\\/fr\\\/#organization\"},\"image\":{\"@id\":\"https:\\\/\\\/www.webdo.tn\\\/fr\\\/actualite\\\/chroniques\\\/petite-histoire-de-leglise-jeanne-darc-deuxieme-paroisse-de-tunis\\\/187173\\\/#primaryimage\"},\"thumbnailUrl\":\"https:\\\/\\\/www.webdo.tn\\\/fr\\\/wp-content\\\/uploads\\\/2016\\\/08\\\/eglise-Jeanne-dArc.jpg\",\"keywords\":[\"guerre\"],\"articleSection\":[\"Chroniques\"],\"inLanguage\":\"fr-FR\"},{\"@type\":\"WebPage\",\"@id\":\"https:\\\/\\\/www.webdo.tn\\\/fr\\\/actualite\\\/chroniques\\\/petite-histoire-de-leglise-jeanne-darc-deuxieme-paroisse-de-tunis\\\/187173\\\/\",\"url\":\"https:\\\/\\\/www.webdo.tn\\\/fr\\\/actualite\\\/chroniques\\\/petite-histoire-de-leglise-jeanne-darc-deuxieme-paroisse-de-tunis\\\/187173\\\/\",\"name\":\"La petite histoire de l'\u00e9glise Jeanne d'Arc, deuxi\u00e8me paroisse de Tunis\",\"isPartOf\":{\"@id\":\"https:\\\/\\\/www.webdo.tn\\\/fr\\\/#website\"},\"primaryImageOfPage\":{\"@id\":\"https:\\\/\\\/www.webdo.tn\\\/fr\\\/actualite\\\/chroniques\\\/petite-histoire-de-leglise-jeanne-darc-deuxieme-paroisse-de-tunis\\\/187173\\\/#primaryimage\"},\"image\":{\"@id\":\"https:\\\/\\\/www.webdo.tn\\\/fr\\\/actualite\\\/chroniques\\\/petite-histoire-de-leglise-jeanne-darc-deuxieme-paroisse-de-tunis\\\/187173\\\/#primaryimage\"},\"thumbnailUrl\":\"https:\\\/\\\/www.webdo.tn\\\/fr\\\/wp-content\\\/uploads\\\/2016\\\/08\\\/eglise-Jeanne-dArc.jpg\",\"datePublished\":\"2016-08-22T09:46:00+00:00\",\"description\":\"La petite histoire de l'\u00e9glise Jeanne d'Arc, deuxi\u00e8me paroisse de Tunis\",\"breadcrumb\":{\"@id\":\"https:\\\/\\\/www.webdo.tn\\\/fr\\\/actualite\\\/chroniques\\\/petite-histoire-de-leglise-jeanne-darc-deuxieme-paroisse-de-tunis\\\/187173\\\/#breadcrumb\"},\"inLanguage\":\"fr-FR\",\"potentialAction\":[{\"@type\":\"ReadAction\",\"target\":[\"https:\\\/\\\/www.webdo.tn\\\/fr\\\/actualite\\\/chroniques\\\/petite-histoire-de-leglise-jeanne-darc-deuxieme-paroisse-de-tunis\\\/187173\\\/\"]}]},{\"@type\":\"ImageObject\",\"inLanguage\":\"fr-FR\",\"@id\":\"https:\\\/\\\/www.webdo.tn\\\/fr\\\/actualite\\\/chroniques\\\/petite-histoire-de-leglise-jeanne-darc-deuxieme-paroisse-de-tunis\\\/187173\\\/#primaryimage\",\"url\":\"https:\\\/\\\/www.webdo.tn\\\/fr\\\/wp-content\\\/uploads\\\/2016\\\/08\\\/eglise-Jeanne-dArc.jpg\",\"contentUrl\":\"https:\\\/\\\/www.webdo.tn\\\/fr\\\/wp-content\\\/uploads\\\/2016\\\/08\\\/eglise-Jeanne-dArc.jpg\",\"width\":600,\"height\":362,\"caption\":\"La petite histoire de l'\u00e9glise Jeanne d'Arc, deuxi\u00e8me paroisse de Tunis\"},{\"@type\":\"BreadcrumbList\",\"@id\":\"https:\\\/\\\/www.webdo.tn\\\/fr\\\/actualite\\\/chroniques\\\/petite-histoire-de-leglise-jeanne-darc-deuxieme-paroisse-de-tunis\\\/187173\\\/#breadcrumb\",\"itemListElement\":[{\"@type\":\"ListItem\",\"position\":1,\"name\":\"Accueil\",\"item\":\"https:\\\/\\\/www.webdo.tn\\\/fr\\\/\"},{\"@type\":\"ListItem\",\"position\":2,\"name\":\"La petite histoire de l&#8217;\u00e9glise Jeanne d&#8217;Arc, deuxi\u00e8me paroisse de Tunis\"}]},{\"@type\":\"WebSite\",\"@id\":\"https:\\\/\\\/www.webdo.tn\\\/fr\\\/#website\",\"url\":\"https:\\\/\\\/www.webdo.tn\\\/fr\\\/\",\"name\":\"webdo\",\"description\":\"Tunisie - News en Tunisie et \u00e0 l&#039;international sur Webdo.tn\",\"publisher\":{\"@id\":\"https:\\\/\\\/www.webdo.tn\\\/fr\\\/#organization\"},\"potentialAction\":[{\"@type\":\"SearchAction\",\"target\":{\"@type\":\"EntryPoint\",\"urlTemplate\":\"https:\\\/\\\/www.webdo.tn\\\/fr\\\/?s={search_term_string}\"},\"query-input\":{\"@type\":\"PropertyValueSpecification\",\"valueRequired\":true,\"valueName\":\"search_term_string\"}}],\"inLanguage\":\"fr-FR\"},{\"@type\":\"Organization\",\"@id\":\"https:\\\/\\\/www.webdo.tn\\\/fr\\\/#organization\",\"name\":\"Webdo\",\"alternateName\":\"Webdo.tn\",\"url\":\"https:\\\/\\\/www.webdo.tn\\\/fr\\\/\",\"logo\":{\"@type\":\"ImageObject\",\"inLanguage\":\"fr-FR\",\"@id\":\"https:\\\/\\\/www.webdo.tn\\\/fr\\\/#\\\/schema\\\/logo\\\/image\\\/\",\"url\":\"https:\\\/\\\/www.webdo.tn\\\/fr\\\/wp-content\\\/uploads\\\/2025\\\/06\\\/Webdo-Tunisie_168377.jpg\",\"contentUrl\":\"https:\\\/\\\/www.webdo.tn\\\/fr\\\/wp-content\\\/uploads\\\/2025\\\/06\\\/Webdo-Tunisie_168377.jpg\",\"width\":301,\"height\":301,\"caption\":\"Webdo\"},\"image\":{\"@id\":\"https:\\\/\\\/www.webdo.tn\\\/fr\\\/#\\\/schema\\\/logo\\\/image\\\/\"},\"sameAs\":[\"https:\\\/\\\/www.facebook.com\\\/webdotn\",\"https:\\\/\\\/x.com\\\/webdo_tn\"],\"description\":\"Webdo est un m\u00e9dia num\u00e9rique tunisien fond\u00e9 en 2010, sp\u00e9cialis\u00e9 dans l\u2019actualit\u00e9 nationale et internationale, l\u2019\u00e9conomie, la soci\u00e9t\u00e9 et les analyses politiques. Le site s\u2019adresse \u00e0 un large public francophone et couvre l\u2019information tunisienne en temps r\u00e9el.\",\"email\":\"redac@webdo.tn\",\"legalName\":\"YNJ SARL\",\"foundingDate\":\"2010-09-06\",\"numberOfEmployees\":{\"@type\":\"QuantitativeValue\",\"minValue\":\"11\",\"maxValue\":\"50\"}},{\"@type\":\"Person\",\"@id\":\"https:\\\/\\\/www.webdo.tn\\\/fr\\\/#\\\/schema\\\/person\\\/6bc0beba2cd23aec27cb5df85ca2554f\",\"name\":\"Hatem Bourial\",\"image\":{\"@type\":\"ImageObject\",\"inLanguage\":\"fr-FR\",\"@id\":\"https:\\\/\\\/www.webdo.tn\\\/fr\\\/wp-content\\\/uploads\\\/2026\\\/04\\\/hatem-bourial_avatar-96x96.jpg\",\"url\":\"https:\\\/\\\/www.webdo.tn\\\/fr\\\/wp-content\\\/uploads\\\/2026\\\/04\\\/hatem-bourial_avatar-96x96.jpg\",\"contentUrl\":\"https:\\\/\\\/www.webdo.tn\\\/fr\\\/wp-content\\\/uploads\\\/2026\\\/04\\\/hatem-bourial_avatar-96x96.jpg\",\"caption\":\"Hatem Bourial\"},\"description\":\"Hatem Bourial est journaliste, \u00e9crivain et chroniqueur tunisien. Actif depuis plusieurs d\u00e9cennies, il s\u2019est impos\u00e9 comme un observateur attentif de la soci\u00e9t\u00e9 tunisienne, m\u00ealant dans ses \u00e9crits m\u00e9moire, culture et analyse du quotidien. Auteur de nombreux ouvrages, il d\u00e9veloppe une \u0153uvre \u00e0 la crois\u00e9e du r\u00e9cit, de la po\u00e9sie et de l\u2019observation sociologique. Parall\u00e8lement \u00e0 ses contributions dans la presse, il intervient r\u00e9guli\u00e8rement \u00e0 la radio et dans des espaces culturels, o\u00f9 il explore les enjeux li\u00e9s au patrimoine, \u00e0 l\u2019identit\u00e9 et aux transformations du monde contemporain. \u00c0 travers ses chroniques, Hatem Bourial propose une lecture sensible et approfondie de l\u2019actualit\u00e9, nourrie par une exp\u00e9rience journalistique et litt\u00e9raire reconnue. \ud83d\udd17 Facebook : https:\\\/\\\/www.facebook.com\\\/hatem.bourial.2025\",\"sameAs\":[\"https:\\\/\\\/www.facebook.com\\\/hatem.bourial.2025\",\"https:\\\/\\\/fr.wikipedia.org\\\/wiki\\\/Fichier:Hatem_Bourial.jpg\"],\"knowsAbout\":[\"Culture & patrimoine tunisien\",\"Chronique soci\u00e9tale\",\"Litt\u00e9rature & m\u00e9moire\",\"Cin\u00e9ma & critique culturelle\",\"Identit\u00e9 & mutations sociales\"],\"knowsLanguage\":[\"Arabe\",\"Fran\u00e7ais\",\"Anglais\",\"Italien\",\"Polonais\"],\"jobTitle\":\"Journaliste, \u00e9crivain et chroniqueur culturel\",\"worksFor\":\"Webdo\",\"url\":\"https:\\\/\\\/www.webdo.tn\\\/fr\\\/actualite\\\/author\\\/hatem-bourial-2\\\/\"}]}<\/script>\n<!-- \/ Yoast SEO Premium plugin. -->","yoast_head_json":{"title":"La petite histoire de l'\u00e9glise Jeanne d'Arc, deuxi\u00e8me paroisse de Tunis","description":"La petite histoire de l'\u00e9glise Jeanne d'Arc, deuxi\u00e8me paroisse de Tunis","canonical":"https:\/\/www.webdo.tn\/fr\/actualite\/chroniques\/petite-histoire-de-leglise-jeanne-darc-deuxieme-paroisse-de-tunis\/187173\/","og_locale":"fr_FR","og_type":"article","og_title":"La petite histoire de l'\u00e9glise Jeanne d'Arc, deuxi\u00e8me paroisse de Tunis","og_description":"La petite histoire de l'\u00e9glise Jeanne d'Arc, deuxi\u00e8me paroisse de Tunis","og_url":"https:\/\/www.webdo.tn\/fr\/actualite\/chroniques\/petite-histoire-de-leglise-jeanne-darc-deuxieme-paroisse-de-tunis\/187173\/","og_site_name":"webdo","article_publisher":"https:\/\/www.facebook.com\/webdotn","article_author":"https:\/\/www.facebook.com\/hatem.bourial.2025","article_published_time":"2016-08-22T09:46:00+00:00","og_image":[{"width":600,"height":362,"url":"https:\/\/www.webdo.tn\/fr\/wp-content\/uploads\/2016\/08\/eglise-Jeanne-dArc.jpg","type":"image\/jpeg"}],"author":"Hatem Bourial","twitter_card":"summary_large_image","twitter_creator":"@webdo_tn","twitter_site":"@webdo_tn","twitter_misc":{"\u00c9crit par":"Hatem Bourial","Dur\u00e9e de lecture estim\u00e9e":"3 minutes"},"schema":{"@context":"https:\/\/schema.org","@graph":[{"@type":"NewsArticle","@id":"https:\/\/www.webdo.tn\/fr\/actualite\/chroniques\/petite-histoire-de-leglise-jeanne-darc-deuxieme-paroisse-de-tunis\/187173\/#article","isPartOf":{"@id":"https:\/\/www.webdo.tn\/fr\/actualite\/chroniques\/petite-histoire-de-leglise-jeanne-darc-deuxieme-paroisse-de-tunis\/187173\/"},"author":{"name":"Hatem Bourial","@id":"https:\/\/www.webdo.tn\/fr\/#\/schema\/person\/6bc0beba2cd23aec27cb5df85ca2554f"},"headline":"La petite histoire de l&rsquo;\u00e9glise Jeanne d&rsquo;Arc, deuxi\u00e8me paroisse de Tunis","datePublished":"2016-08-22T09:46:00+00:00","mainEntityOfPage":{"@id":"https:\/\/www.webdo.tn\/fr\/actualite\/chroniques\/petite-histoire-de-leglise-jeanne-darc-deuxieme-paroisse-de-tunis\/187173\/"},"wordCount":614,"commentCount":0,"publisher":{"@id":"https:\/\/www.webdo.tn\/fr\/#organization"},"image":{"@id":"https:\/\/www.webdo.tn\/fr\/actualite\/chroniques\/petite-histoire-de-leglise-jeanne-darc-deuxieme-paroisse-de-tunis\/187173\/#primaryimage"},"thumbnailUrl":"https:\/\/www.webdo.tn\/fr\/wp-content\/uploads\/2016\/08\/eglise-Jeanne-dArc.jpg","keywords":["guerre"],"articleSection":["Chroniques"],"inLanguage":"fr-FR"},{"@type":"WebPage","@id":"https:\/\/www.webdo.tn\/fr\/actualite\/chroniques\/petite-histoire-de-leglise-jeanne-darc-deuxieme-paroisse-de-tunis\/187173\/","url":"https:\/\/www.webdo.tn\/fr\/actualite\/chroniques\/petite-histoire-de-leglise-jeanne-darc-deuxieme-paroisse-de-tunis\/187173\/","name":"La petite histoire de l'\u00e9glise Jeanne d'Arc, deuxi\u00e8me paroisse de Tunis","isPartOf":{"@id":"https:\/\/www.webdo.tn\/fr\/#website"},"primaryImageOfPage":{"@id":"https:\/\/www.webdo.tn\/fr\/actualite\/chroniques\/petite-histoire-de-leglise-jeanne-darc-deuxieme-paroisse-de-tunis\/187173\/#primaryimage"},"image":{"@id":"https:\/\/www.webdo.tn\/fr\/actualite\/chroniques\/petite-histoire-de-leglise-jeanne-darc-deuxieme-paroisse-de-tunis\/187173\/#primaryimage"},"thumbnailUrl":"https:\/\/www.webdo.tn\/fr\/wp-content\/uploads\/2016\/08\/eglise-Jeanne-dArc.jpg","datePublished":"2016-08-22T09:46:00+00:00","description":"La petite histoire de l'\u00e9glise Jeanne d'Arc, deuxi\u00e8me paroisse de Tunis","breadcrumb":{"@id":"https:\/\/www.webdo.tn\/fr\/actualite\/chroniques\/petite-histoire-de-leglise-jeanne-darc-deuxieme-paroisse-de-tunis\/187173\/#breadcrumb"},"inLanguage":"fr-FR","potentialAction":[{"@type":"ReadAction","target":["https:\/\/www.webdo.tn\/fr\/actualite\/chroniques\/petite-histoire-de-leglise-jeanne-darc-deuxieme-paroisse-de-tunis\/187173\/"]}]},{"@type":"ImageObject","inLanguage":"fr-FR","@id":"https:\/\/www.webdo.tn\/fr\/actualite\/chroniques\/petite-histoire-de-leglise-jeanne-darc-deuxieme-paroisse-de-tunis\/187173\/#primaryimage","url":"https:\/\/www.webdo.tn\/fr\/wp-content\/uploads\/2016\/08\/eglise-Jeanne-dArc.jpg","contentUrl":"https:\/\/www.webdo.tn\/fr\/wp-content\/uploads\/2016\/08\/eglise-Jeanne-dArc.jpg","width":600,"height":362,"caption":"La petite histoire de l'\u00e9glise Jeanne d'Arc, deuxi\u00e8me paroisse de Tunis"},{"@type":"BreadcrumbList","@id":"https:\/\/www.webdo.tn\/fr\/actualite\/chroniques\/petite-histoire-de-leglise-jeanne-darc-deuxieme-paroisse-de-tunis\/187173\/#breadcrumb","itemListElement":[{"@type":"ListItem","position":1,"name":"Accueil","item":"https:\/\/www.webdo.tn\/fr\/"},{"@type":"ListItem","position":2,"name":"La petite histoire de l&#8217;\u00e9glise Jeanne d&#8217;Arc, deuxi\u00e8me paroisse de Tunis"}]},{"@type":"WebSite","@id":"https:\/\/www.webdo.tn\/fr\/#website","url":"https:\/\/www.webdo.tn\/fr\/","name":"webdo","description":"Tunisie - News en Tunisie et \u00e0 l&#039;international sur Webdo.tn","publisher":{"@id":"https:\/\/www.webdo.tn\/fr\/#organization"},"potentialAction":[{"@type":"SearchAction","target":{"@type":"EntryPoint","urlTemplate":"https:\/\/www.webdo.tn\/fr\/?s={search_term_string}"},"query-input":{"@type":"PropertyValueSpecification","valueRequired":true,"valueName":"search_term_string"}}],"inLanguage":"fr-FR"},{"@type":"Organization","@id":"https:\/\/www.webdo.tn\/fr\/#organization","name":"Webdo","alternateName":"Webdo.tn","url":"https:\/\/www.webdo.tn\/fr\/","logo":{"@type":"ImageObject","inLanguage":"fr-FR","@id":"https:\/\/www.webdo.tn\/fr\/#\/schema\/logo\/image\/","url":"https:\/\/www.webdo.tn\/fr\/wp-content\/uploads\/2025\/06\/Webdo-Tunisie_168377.jpg","contentUrl":"https:\/\/www.webdo.tn\/fr\/wp-content\/uploads\/2025\/06\/Webdo-Tunisie_168377.jpg","width":301,"height":301,"caption":"Webdo"},"image":{"@id":"https:\/\/www.webdo.tn\/fr\/#\/schema\/logo\/image\/"},"sameAs":["https:\/\/www.facebook.com\/webdotn","https:\/\/x.com\/webdo_tn"],"description":"Webdo est un m\u00e9dia num\u00e9rique tunisien fond\u00e9 en 2010, sp\u00e9cialis\u00e9 dans l\u2019actualit\u00e9 nationale et internationale, l\u2019\u00e9conomie, la soci\u00e9t\u00e9 et les analyses politiques. Le site s\u2019adresse \u00e0 un large public francophone et couvre l\u2019information tunisienne en temps r\u00e9el.","email":"redac@webdo.tn","legalName":"YNJ SARL","foundingDate":"2010-09-06","numberOfEmployees":{"@type":"QuantitativeValue","minValue":"11","maxValue":"50"}},{"@type":"Person","@id":"https:\/\/www.webdo.tn\/fr\/#\/schema\/person\/6bc0beba2cd23aec27cb5df85ca2554f","name":"Hatem Bourial","image":{"@type":"ImageObject","inLanguage":"fr-FR","@id":"https:\/\/www.webdo.tn\/fr\/wp-content\/uploads\/2026\/04\/hatem-bourial_avatar-96x96.jpg","url":"https:\/\/www.webdo.tn\/fr\/wp-content\/uploads\/2026\/04\/hatem-bourial_avatar-96x96.jpg","contentUrl":"https:\/\/www.webdo.tn\/fr\/wp-content\/uploads\/2026\/04\/hatem-bourial_avatar-96x96.jpg","caption":"Hatem Bourial"},"description":"Hatem Bourial est journaliste, \u00e9crivain et chroniqueur tunisien. Actif depuis plusieurs d\u00e9cennies, il s\u2019est impos\u00e9 comme un observateur attentif de la soci\u00e9t\u00e9 tunisienne, m\u00ealant dans ses \u00e9crits m\u00e9moire, culture et analyse du quotidien. Auteur de nombreux ouvrages, il d\u00e9veloppe une \u0153uvre \u00e0 la crois\u00e9e du r\u00e9cit, de la po\u00e9sie et de l\u2019observation sociologique. Parall\u00e8lement \u00e0 ses contributions dans la presse, il intervient r\u00e9guli\u00e8rement \u00e0 la radio et dans des espaces culturels, o\u00f9 il explore les enjeux li\u00e9s au patrimoine, \u00e0 l\u2019identit\u00e9 et aux transformations du monde contemporain. \u00c0 travers ses chroniques, Hatem Bourial propose une lecture sensible et approfondie de l\u2019actualit\u00e9, nourrie par une exp\u00e9rience journalistique et litt\u00e9raire reconnue. \ud83d\udd17 Facebook : https:\/\/www.facebook.com\/hatem.bourial.2025","sameAs":["https:\/\/www.facebook.com\/hatem.bourial.2025","https:\/\/fr.wikipedia.org\/wiki\/Fichier:Hatem_Bourial.jpg"],"knowsAbout":["Culture & patrimoine tunisien","Chronique soci\u00e9tale","Litt\u00e9rature & m\u00e9moire","Cin\u00e9ma & critique culturelle","Identit\u00e9 & mutations sociales"],"knowsLanguage":["Arabe","Fran\u00e7ais","Anglais","Italien","Polonais"],"jobTitle":"Journaliste, \u00e9crivain et chroniqueur culturel","worksFor":"Webdo","url":"https:\/\/www.webdo.tn\/fr\/actualite\/author\/hatem-bourial-2\/"}]}},"_links":{"self":[{"href":"https:\/\/www.webdo.tn\/fr\/wp-json\/wp\/v2\/posts\/187173","targetHints":{"allow":["GET"]}}],"collection":[{"href":"https:\/\/www.webdo.tn\/fr\/wp-json\/wp\/v2\/posts"}],"about":[{"href":"https:\/\/www.webdo.tn\/fr\/wp-json\/wp\/v2\/types\/post"}],"author":[{"embeddable":true,"href":"https:\/\/www.webdo.tn\/fr\/wp-json\/wp\/v2\/users\/3229"}],"replies":[{"embeddable":true,"href":"https:\/\/www.webdo.tn\/fr\/wp-json\/wp\/v2\/comments?post=187173"}],"version-history":[{"count":0,"href":"https:\/\/www.webdo.tn\/fr\/wp-json\/wp\/v2\/posts\/187173\/revisions"}],"wp:featuredmedia":[{"embeddable":true,"href":"https:\/\/www.webdo.tn\/fr\/wp-json\/wp\/v2\/media\/337816"}],"wp:attachment":[{"href":"https:\/\/www.webdo.tn\/fr\/wp-json\/wp\/v2\/media?parent=187173"}],"wp:term":[{"taxonomy":"category","embeddable":true,"href":"https:\/\/www.webdo.tn\/fr\/wp-json\/wp\/v2\/categories?post=187173"},{"taxonomy":"post_tag","embeddable":true,"href":"https:\/\/www.webdo.tn\/fr\/wp-json\/wp\/v2\/tags?post=187173"}],"curies":[{"name":"wp","href":"https:\/\/api.w.org\/{rel}","templated":true}]}}