{"id":187172,"date":"2016-08-21T11:29:00","date_gmt":"2016-08-21T11:29:00","guid":{"rendered":"https:\/\/www.webdo.tn\/fr\/blog\/memoire-glaciers-de-tunis-bebert-di-carlo-javanaise\/187172\/"},"modified":"2016-08-21T11:29:00","modified_gmt":"2016-08-21T11:29:00","slug":"memoire-glaciers-de-tunis-bebert-di-carlo-javanaise","status":"publish","type":"post","link":"https:\/\/www.webdo.tn\/fr\/actualite\/chroniques\/memoire-glaciers-de-tunis-bebert-di-carlo-javanaise\/187172\/","title":{"rendered":"La m\u00e9moire des glaciers de Tunis : B\u00e9bert, Di Carlo et la Javanaise"},"content":{"rendered":"<p>Quoi de mieux qu&rsquo;une glace ou une granite en ces jours de canicule? Il fait si chaud que le souvenir du marchand de frigolos du quartier et son signal de ralliement viennent de resurgir comme une madeleine de Proust.<br \/>\nNougat, citron, chocolat, caf\u00e9<br \/>\nEt me voil\u00e0 parti pour une \u00e9vocation de ces glaciers qui nous ont tant fait r\u00eaver et appr\u00e9cier le \u00ab\u00a0gilat\u00a0\u00bb du bon vieux temps, les cassates et les sabayons&#8230;<\/p>\n<p>C&rsquo;\u00e9tait le temps de B\u00e9bert sur l&rsquo;avenue de Paris avec tous ces parfums qui firent l&rsquo;\u00e9poque: pistache, moka, chocolat et fraise&#8230;<br \/>\nLe derby B\u00e9bert-Pinocchio<br \/>\nQuelques m\u00e8tres plus loin, Pinnochio faisait office de concurrent et parvenait \u00e0 mettre de son c\u00f4t\u00e9 bien des gourmands. Je me souviens de la saveur des granites de Pinocchio, des cornets qui d\u00e9goulinaient et de la fum\u00e9e de condensation qui sortait des frigos.<\/p>\n<p>Sur l&rsquo;avenue Bourguiba et aux alentours, ils \u00e9taient aussi quelques uns \u00e0 donner aux glaces leurs lettres de noblesse. On trouvait le petit Paparone sous les Arcades et la Javanaise \u00e0 l&rsquo;autre bout de l&rsquo;avenue de France.<br \/>\nBen Jemaa, Salem, Di Carlo<br \/>\nOn trouvait le glacier Ben Jemaa entre le Studio 38 et le Marignan et, quelques pas plus loin, il y avait le magasin tunisois de Salem El Haffi, fournisseur de son Altesse le bey en personne!<\/p>\n<p>De l&rsquo;autre c\u00f4t\u00e9 de la ville, Di Carlo et son comp\u00e8re Ali dominaient le march\u00e9 de la glace et recrutaient des fans de toutes les communaut\u00e9s. N&rsquo;oublions pas le grand magasin Paparone qui se trouvait aussi \u00e0 proximit\u00e9.Les glaciers en banlieue<br \/>\nEt pour finir, un petit tour en banlieue nous m\u00e8nera in\u00e9luctablement chez Salem \u00e0 la Marsa ou Alfred et la Cacciola au Kram, enseignes de toutes les nostalgies, saveurs et d\u00e9lices conjugu\u00e9s&#8230;<br \/>\nQui nous rafraichira la m\u00e9moire en \u00e9voquant d&rsquo;autres glaciers ou en nous en faisant d\u00e9couvrir d&rsquo;autres \u00e0 Sousse, Sfax, Bizerte ou ailleurs?<\/p>\n<p>Pour ma part, je garde aussi le souvenir des glaciers de Bab Djedid, notamment le fameux Tintin qui se trouvait rue Al Jazira. Je garde aussi le souvenir des glaces de Ben Fdhilen du c\u00f4t\u00e9 d&rsquo;Ezzahra. Mais ce sont l\u00e0 de simples souvenirs comme celui du retentissant \u00ab\u00a0Frigolo bien glac\u00e9\u00a0\u00bb qui r\u00e9sonnait dans les rues de la m\u00e9dina et des quartiers de Tunis&#8230;<\/p>\n","protected":false},"excerpt":{"rendered":"<p>La m\u00e9moire des glaciers de Tunis : B\u00e9bert, Di Carlo et la Javanaise<\/p>\n","protected":false},"author":3229,"featured_media":327468,"comment_status":"open","ping_status":"closed","sticky":false,"template":"","format":"standard","meta":{"footnotes":""},"categories":[2596],"tags":[2600],"class_list":["post-187172","post","type-post","status-publish","format-standard","has-post-thumbnail","hentry","category-chroniques","tag-guerre"],"yoast_head":"<!-- This site is optimized with the Yoast SEO Premium plugin v27.5 (Yoast SEO v27.5) - https:\/\/yoast.com\/product\/yoast-seo-premium-wordpress\/ -->\n<title>La m\u00e9moire des glaciers de Tunis : B\u00e9bert, Di Carlo et la Javanaise<\/title>\n<meta name=\"description\" content=\"La m\u00e9moire des glaciers de Tunis : B\u00e9bert, Di Carlo et la Javanaise\" \/>\n<link rel=\"canonical\" href=\"https:\/\/www.webdo.tn\/fr\/actualite\/chroniques\/memoire-glaciers-de-tunis-bebert-di-carlo-javanaise\/187172\/\" \/>\n<meta property=\"og:locale\" content=\"fr_FR\" \/>\n<meta property=\"og:type\" content=\"article\" \/>\n<meta property=\"og:title\" content=\"La m\u00e9moire des glaciers de Tunis : B\u00e9bert, Di Carlo et la Javanaise\" \/>\n<meta property=\"og:description\" content=\"La m\u00e9moire des glaciers de Tunis : B\u00e9bert, Di Carlo et la Javanaise\" \/>\n<meta property=\"og:url\" content=\"https:\/\/www.webdo.tn\/fr\/actualite\/chroniques\/memoire-glaciers-de-tunis-bebert-di-carlo-javanaise\/187172\/\" \/>\n<meta property=\"og:site_name\" content=\"webdo\" \/>\n<meta property=\"article:publisher\" content=\"https:\/\/www.facebook.com\/webdotn\" \/>\n<meta property=\"article:author\" content=\"https:\/\/www.facebook.com\/hatem.bourial.2025\" \/>\n<meta property=\"article:published_time\" content=\"2016-08-21T11:29:00+00:00\" \/>\n<meta property=\"og:image\" content=\"https:\/\/www.webdo.tn\/fr\/wp-content\/uploads\/2016\/08\/Salem-e1471775241418.png\" \/>\n\t<meta property=\"og:image:width\" content=\"600\" \/>\n\t<meta property=\"og:image:height\" content=\"358\" \/>\n\t<meta property=\"og:image:type\" content=\"image\/png\" \/>\n<meta name=\"author\" content=\"Hatem Bourial\" \/>\n<meta name=\"twitter:card\" content=\"summary_large_image\" \/>\n<meta name=\"twitter:creator\" content=\"@webdo_tn\" \/>\n<meta name=\"twitter:site\" content=\"@webdo_tn\" \/>\n<meta name=\"twitter:label1\" content=\"\u00c9crit par\" \/>\n\t<meta name=\"twitter:data1\" content=\"Hatem Bourial\" \/>\n\t<meta name=\"twitter:label2\" content=\"Dur\u00e9e de lecture estim\u00e9e\" \/>\n\t<meta name=\"twitter:data2\" content=\"2 minutes\" \/>\n<script type=\"application\/ld+json\" class=\"yoast-schema-graph\">{\"@context\":\"https:\\\/\\\/schema.org\",\"@graph\":[{\"@type\":\"NewsArticle\",\"@id\":\"https:\\\/\\\/www.webdo.tn\\\/fr\\\/actualite\\\/chroniques\\\/memoire-glaciers-de-tunis-bebert-di-carlo-javanaise\\\/187172\\\/#article\",\"isPartOf\":{\"@id\":\"https:\\\/\\\/www.webdo.tn\\\/fr\\\/actualite\\\/chroniques\\\/memoire-glaciers-de-tunis-bebert-di-carlo-javanaise\\\/187172\\\/\"},\"author\":{\"name\":\"Hatem Bourial\",\"@id\":\"https:\\\/\\\/www.webdo.tn\\\/fr\\\/#\\\/schema\\\/person\\\/6bc0beba2cd23aec27cb5df85ca2554f\"},\"headline\":\"La m\u00e9moire des glaciers de Tunis : B\u00e9bert, Di Carlo et la Javanaise\",\"datePublished\":\"2016-08-21T11:29:00+00:00\",\"mainEntityOfPage\":{\"@id\":\"https:\\\/\\\/www.webdo.tn\\\/fr\\\/actualite\\\/chroniques\\\/memoire-glaciers-de-tunis-bebert-di-carlo-javanaise\\\/187172\\\/\"},\"wordCount\":415,\"commentCount\":0,\"publisher\":{\"@id\":\"https:\\\/\\\/www.webdo.tn\\\/fr\\\/#organization\"},\"image\":{\"@id\":\"https:\\\/\\\/www.webdo.tn\\\/fr\\\/actualite\\\/chroniques\\\/memoire-glaciers-de-tunis-bebert-di-carlo-javanaise\\\/187172\\\/#primaryimage\"},\"thumbnailUrl\":\"https:\\\/\\\/www.webdo.tn\\\/fr\\\/wp-content\\\/uploads\\\/2016\\\/08\\\/Salem-e1471775241418.png\",\"keywords\":[\"guerre\"],\"articleSection\":[\"Chroniques\"],\"inLanguage\":\"fr-FR\"},{\"@type\":\"WebPage\",\"@id\":\"https:\\\/\\\/www.webdo.tn\\\/fr\\\/actualite\\\/chroniques\\\/memoire-glaciers-de-tunis-bebert-di-carlo-javanaise\\\/187172\\\/\",\"url\":\"https:\\\/\\\/www.webdo.tn\\\/fr\\\/actualite\\\/chroniques\\\/memoire-glaciers-de-tunis-bebert-di-carlo-javanaise\\\/187172\\\/\",\"name\":\"La m\u00e9moire des glaciers de Tunis : B\u00e9bert, Di Carlo et la Javanaise\",\"isPartOf\":{\"@id\":\"https:\\\/\\\/www.webdo.tn\\\/fr\\\/#website\"},\"primaryImageOfPage\":{\"@id\":\"https:\\\/\\\/www.webdo.tn\\\/fr\\\/actualite\\\/chroniques\\\/memoire-glaciers-de-tunis-bebert-di-carlo-javanaise\\\/187172\\\/#primaryimage\"},\"image\":{\"@id\":\"https:\\\/\\\/www.webdo.tn\\\/fr\\\/actualite\\\/chroniques\\\/memoire-glaciers-de-tunis-bebert-di-carlo-javanaise\\\/187172\\\/#primaryimage\"},\"thumbnailUrl\":\"https:\\\/\\\/www.webdo.tn\\\/fr\\\/wp-content\\\/uploads\\\/2016\\\/08\\\/Salem-e1471775241418.png\",\"datePublished\":\"2016-08-21T11:29:00+00:00\",\"description\":\"La m\u00e9moire des glaciers de Tunis : B\u00e9bert, Di Carlo et la Javanaise\",\"breadcrumb\":{\"@id\":\"https:\\\/\\\/www.webdo.tn\\\/fr\\\/actualite\\\/chroniques\\\/memoire-glaciers-de-tunis-bebert-di-carlo-javanaise\\\/187172\\\/#breadcrumb\"},\"inLanguage\":\"fr-FR\",\"potentialAction\":[{\"@type\":\"ReadAction\",\"target\":[\"https:\\\/\\\/www.webdo.tn\\\/fr\\\/actualite\\\/chroniques\\\/memoire-glaciers-de-tunis-bebert-di-carlo-javanaise\\\/187172\\\/\"]}]},{\"@type\":\"ImageObject\",\"inLanguage\":\"fr-FR\",\"@id\":\"https:\\\/\\\/www.webdo.tn\\\/fr\\\/actualite\\\/chroniques\\\/memoire-glaciers-de-tunis-bebert-di-carlo-javanaise\\\/187172\\\/#primaryimage\",\"url\":\"https:\\\/\\\/www.webdo.tn\\\/fr\\\/wp-content\\\/uploads\\\/2016\\\/08\\\/Salem-e1471775241418.png\",\"contentUrl\":\"https:\\\/\\\/www.webdo.tn\\\/fr\\\/wp-content\\\/uploads\\\/2016\\\/08\\\/Salem-e1471775241418.png\",\"width\":600,\"height\":358,\"caption\":\"La m\u00e9moire des glaciers de Tunis : B\u00e9bert, Di Carlo et la Javanaise\"},{\"@type\":\"BreadcrumbList\",\"@id\":\"https:\\\/\\\/www.webdo.tn\\\/fr\\\/actualite\\\/chroniques\\\/memoire-glaciers-de-tunis-bebert-di-carlo-javanaise\\\/187172\\\/#breadcrumb\",\"itemListElement\":[{\"@type\":\"ListItem\",\"position\":1,\"name\":\"Accueil\",\"item\":\"https:\\\/\\\/www.webdo.tn\\\/fr\\\/\"},{\"@type\":\"ListItem\",\"position\":2,\"name\":\"La m\u00e9moire des glaciers de Tunis : B\u00e9bert, Di Carlo et la Javanaise\"}]},{\"@type\":\"WebSite\",\"@id\":\"https:\\\/\\\/www.webdo.tn\\\/fr\\\/#website\",\"url\":\"https:\\\/\\\/www.webdo.tn\\\/fr\\\/\",\"name\":\"webdo\",\"description\":\"Tunisie - News en Tunisie et \u00e0 l&#039;international sur Webdo.tn\",\"publisher\":{\"@id\":\"https:\\\/\\\/www.webdo.tn\\\/fr\\\/#organization\"},\"potentialAction\":[{\"@type\":\"SearchAction\",\"target\":{\"@type\":\"EntryPoint\",\"urlTemplate\":\"https:\\\/\\\/www.webdo.tn\\\/fr\\\/?s={search_term_string}\"},\"query-input\":{\"@type\":\"PropertyValueSpecification\",\"valueRequired\":true,\"valueName\":\"search_term_string\"}}],\"inLanguage\":\"fr-FR\"},{\"@type\":\"Organization\",\"@id\":\"https:\\\/\\\/www.webdo.tn\\\/fr\\\/#organization\",\"name\":\"Webdo\",\"alternateName\":\"Webdo.tn\",\"url\":\"https:\\\/\\\/www.webdo.tn\\\/fr\\\/\",\"logo\":{\"@type\":\"ImageObject\",\"inLanguage\":\"fr-FR\",\"@id\":\"https:\\\/\\\/www.webdo.tn\\\/fr\\\/#\\\/schema\\\/logo\\\/image\\\/\",\"url\":\"https:\\\/\\\/www.webdo.tn\\\/fr\\\/wp-content\\\/uploads\\\/2025\\\/06\\\/Webdo-Tunisie_168377.jpg\",\"contentUrl\":\"https:\\\/\\\/www.webdo.tn\\\/fr\\\/wp-content\\\/uploads\\\/2025\\\/06\\\/Webdo-Tunisie_168377.jpg\",\"width\":301,\"height\":301,\"caption\":\"Webdo\"},\"image\":{\"@id\":\"https:\\\/\\\/www.webdo.tn\\\/fr\\\/#\\\/schema\\\/logo\\\/image\\\/\"},\"sameAs\":[\"https:\\\/\\\/www.facebook.com\\\/webdotn\",\"https:\\\/\\\/x.com\\\/webdo_tn\"],\"description\":\"Webdo est un m\u00e9dia num\u00e9rique tunisien fond\u00e9 en 2010, sp\u00e9cialis\u00e9 dans l\u2019actualit\u00e9 nationale et internationale, l\u2019\u00e9conomie, la soci\u00e9t\u00e9 et les analyses politiques. Le site s\u2019adresse \u00e0 un large public francophone et couvre l\u2019information tunisienne en temps r\u00e9el.\",\"email\":\"redac@webdo.tn\",\"legalName\":\"YNJ SARL\",\"foundingDate\":\"2010-09-06\",\"numberOfEmployees\":{\"@type\":\"QuantitativeValue\",\"minValue\":\"11\",\"maxValue\":\"50\"}},{\"@type\":\"Person\",\"@id\":\"https:\\\/\\\/www.webdo.tn\\\/fr\\\/#\\\/schema\\\/person\\\/6bc0beba2cd23aec27cb5df85ca2554f\",\"name\":\"Hatem Bourial\",\"image\":{\"@type\":\"ImageObject\",\"inLanguage\":\"fr-FR\",\"@id\":\"https:\\\/\\\/www.webdo.tn\\\/fr\\\/wp-content\\\/uploads\\\/2026\\\/04\\\/hatem-bourial_avatar-96x96.jpg\",\"url\":\"https:\\\/\\\/www.webdo.tn\\\/fr\\\/wp-content\\\/uploads\\\/2026\\\/04\\\/hatem-bourial_avatar-96x96.jpg\",\"contentUrl\":\"https:\\\/\\\/www.webdo.tn\\\/fr\\\/wp-content\\\/uploads\\\/2026\\\/04\\\/hatem-bourial_avatar-96x96.jpg\",\"caption\":\"Hatem Bourial\"},\"description\":\"Hatem Bourial est journaliste, \u00e9crivain et chroniqueur tunisien. Actif depuis plusieurs d\u00e9cennies, il s\u2019est impos\u00e9 comme un observateur attentif de la soci\u00e9t\u00e9 tunisienne, m\u00ealant dans ses \u00e9crits m\u00e9moire, culture et analyse du quotidien. Auteur de nombreux ouvrages, il d\u00e9veloppe une \u0153uvre \u00e0 la crois\u00e9e du r\u00e9cit, de la po\u00e9sie et de l\u2019observation sociologique. Parall\u00e8lement \u00e0 ses contributions dans la presse, il intervient r\u00e9guli\u00e8rement \u00e0 la radio et dans des espaces culturels, o\u00f9 il explore les enjeux li\u00e9s au patrimoine, \u00e0 l\u2019identit\u00e9 et aux transformations du monde contemporain. \u00c0 travers ses chroniques, Hatem Bourial propose une lecture sensible et approfondie de l\u2019actualit\u00e9, nourrie par une exp\u00e9rience journalistique et litt\u00e9raire reconnue. \ud83d\udd17 Facebook : https:\\\/\\\/www.facebook.com\\\/hatem.bourial.2025\",\"sameAs\":[\"https:\\\/\\\/www.facebook.com\\\/hatem.bourial.2025\",\"https:\\\/\\\/fr.wikipedia.org\\\/wiki\\\/Fichier:Hatem_Bourial.jpg\"],\"knowsAbout\":[\"Culture & patrimoine tunisien\",\"Chronique soci\u00e9tale\",\"Litt\u00e9rature & m\u00e9moire\",\"Cin\u00e9ma & critique culturelle\",\"Identit\u00e9 & mutations sociales\"],\"knowsLanguage\":[\"Arabe\",\"Fran\u00e7ais\",\"Anglais\",\"Italien\",\"Polonais\"],\"jobTitle\":\"Journaliste, \u00e9crivain et chroniqueur culturel\",\"worksFor\":\"Webdo\",\"url\":\"https:\\\/\\\/www.webdo.tn\\\/fr\\\/actualite\\\/author\\\/hatem-bourial-2\\\/\"}]}<\/script>\n<!-- \/ Yoast SEO Premium plugin. -->","yoast_head_json":{"title":"La m\u00e9moire des glaciers de Tunis : B\u00e9bert, Di Carlo et la Javanaise","description":"La m\u00e9moire des glaciers de Tunis : B\u00e9bert, Di Carlo et la Javanaise","canonical":"https:\/\/www.webdo.tn\/fr\/actualite\/chroniques\/memoire-glaciers-de-tunis-bebert-di-carlo-javanaise\/187172\/","og_locale":"fr_FR","og_type":"article","og_title":"La m\u00e9moire des glaciers de Tunis : B\u00e9bert, Di Carlo et la Javanaise","og_description":"La m\u00e9moire des glaciers de Tunis : B\u00e9bert, Di Carlo et la Javanaise","og_url":"https:\/\/www.webdo.tn\/fr\/actualite\/chroniques\/memoire-glaciers-de-tunis-bebert-di-carlo-javanaise\/187172\/","og_site_name":"webdo","article_publisher":"https:\/\/www.facebook.com\/webdotn","article_author":"https:\/\/www.facebook.com\/hatem.bourial.2025","article_published_time":"2016-08-21T11:29:00+00:00","og_image":[{"width":600,"height":358,"url":"https:\/\/www.webdo.tn\/fr\/wp-content\/uploads\/2016\/08\/Salem-e1471775241418.png","type":"image\/png"}],"author":"Hatem Bourial","twitter_card":"summary_large_image","twitter_creator":"@webdo_tn","twitter_site":"@webdo_tn","twitter_misc":{"\u00c9crit par":"Hatem Bourial","Dur\u00e9e de lecture estim\u00e9e":"2 minutes"},"schema":{"@context":"https:\/\/schema.org","@graph":[{"@type":"NewsArticle","@id":"https:\/\/www.webdo.tn\/fr\/actualite\/chroniques\/memoire-glaciers-de-tunis-bebert-di-carlo-javanaise\/187172\/#article","isPartOf":{"@id":"https:\/\/www.webdo.tn\/fr\/actualite\/chroniques\/memoire-glaciers-de-tunis-bebert-di-carlo-javanaise\/187172\/"},"author":{"name":"Hatem Bourial","@id":"https:\/\/www.webdo.tn\/fr\/#\/schema\/person\/6bc0beba2cd23aec27cb5df85ca2554f"},"headline":"La m\u00e9moire des glaciers de Tunis : B\u00e9bert, Di Carlo et la Javanaise","datePublished":"2016-08-21T11:29:00+00:00","mainEntityOfPage":{"@id":"https:\/\/www.webdo.tn\/fr\/actualite\/chroniques\/memoire-glaciers-de-tunis-bebert-di-carlo-javanaise\/187172\/"},"wordCount":415,"commentCount":0,"publisher":{"@id":"https:\/\/www.webdo.tn\/fr\/#organization"},"image":{"@id":"https:\/\/www.webdo.tn\/fr\/actualite\/chroniques\/memoire-glaciers-de-tunis-bebert-di-carlo-javanaise\/187172\/#primaryimage"},"thumbnailUrl":"https:\/\/www.webdo.tn\/fr\/wp-content\/uploads\/2016\/08\/Salem-e1471775241418.png","keywords":["guerre"],"articleSection":["Chroniques"],"inLanguage":"fr-FR"},{"@type":"WebPage","@id":"https:\/\/www.webdo.tn\/fr\/actualite\/chroniques\/memoire-glaciers-de-tunis-bebert-di-carlo-javanaise\/187172\/","url":"https:\/\/www.webdo.tn\/fr\/actualite\/chroniques\/memoire-glaciers-de-tunis-bebert-di-carlo-javanaise\/187172\/","name":"La m\u00e9moire des glaciers de Tunis : B\u00e9bert, Di Carlo et la Javanaise","isPartOf":{"@id":"https:\/\/www.webdo.tn\/fr\/#website"},"primaryImageOfPage":{"@id":"https:\/\/www.webdo.tn\/fr\/actualite\/chroniques\/memoire-glaciers-de-tunis-bebert-di-carlo-javanaise\/187172\/#primaryimage"},"image":{"@id":"https:\/\/www.webdo.tn\/fr\/actualite\/chroniques\/memoire-glaciers-de-tunis-bebert-di-carlo-javanaise\/187172\/#primaryimage"},"thumbnailUrl":"https:\/\/www.webdo.tn\/fr\/wp-content\/uploads\/2016\/08\/Salem-e1471775241418.png","datePublished":"2016-08-21T11:29:00+00:00","description":"La m\u00e9moire des glaciers de Tunis : B\u00e9bert, Di Carlo et la Javanaise","breadcrumb":{"@id":"https:\/\/www.webdo.tn\/fr\/actualite\/chroniques\/memoire-glaciers-de-tunis-bebert-di-carlo-javanaise\/187172\/#breadcrumb"},"inLanguage":"fr-FR","potentialAction":[{"@type":"ReadAction","target":["https:\/\/www.webdo.tn\/fr\/actualite\/chroniques\/memoire-glaciers-de-tunis-bebert-di-carlo-javanaise\/187172\/"]}]},{"@type":"ImageObject","inLanguage":"fr-FR","@id":"https:\/\/www.webdo.tn\/fr\/actualite\/chroniques\/memoire-glaciers-de-tunis-bebert-di-carlo-javanaise\/187172\/#primaryimage","url":"https:\/\/www.webdo.tn\/fr\/wp-content\/uploads\/2016\/08\/Salem-e1471775241418.png","contentUrl":"https:\/\/www.webdo.tn\/fr\/wp-content\/uploads\/2016\/08\/Salem-e1471775241418.png","width":600,"height":358,"caption":"La m\u00e9moire des glaciers de Tunis : B\u00e9bert, Di Carlo et la Javanaise"},{"@type":"BreadcrumbList","@id":"https:\/\/www.webdo.tn\/fr\/actualite\/chroniques\/memoire-glaciers-de-tunis-bebert-di-carlo-javanaise\/187172\/#breadcrumb","itemListElement":[{"@type":"ListItem","position":1,"name":"Accueil","item":"https:\/\/www.webdo.tn\/fr\/"},{"@type":"ListItem","position":2,"name":"La m\u00e9moire des glaciers de Tunis : B\u00e9bert, Di Carlo et la Javanaise"}]},{"@type":"WebSite","@id":"https:\/\/www.webdo.tn\/fr\/#website","url":"https:\/\/www.webdo.tn\/fr\/","name":"webdo","description":"Tunisie - News en Tunisie et \u00e0 l&#039;international sur Webdo.tn","publisher":{"@id":"https:\/\/www.webdo.tn\/fr\/#organization"},"potentialAction":[{"@type":"SearchAction","target":{"@type":"EntryPoint","urlTemplate":"https:\/\/www.webdo.tn\/fr\/?s={search_term_string}"},"query-input":{"@type":"PropertyValueSpecification","valueRequired":true,"valueName":"search_term_string"}}],"inLanguage":"fr-FR"},{"@type":"Organization","@id":"https:\/\/www.webdo.tn\/fr\/#organization","name":"Webdo","alternateName":"Webdo.tn","url":"https:\/\/www.webdo.tn\/fr\/","logo":{"@type":"ImageObject","inLanguage":"fr-FR","@id":"https:\/\/www.webdo.tn\/fr\/#\/schema\/logo\/image\/","url":"https:\/\/www.webdo.tn\/fr\/wp-content\/uploads\/2025\/06\/Webdo-Tunisie_168377.jpg","contentUrl":"https:\/\/www.webdo.tn\/fr\/wp-content\/uploads\/2025\/06\/Webdo-Tunisie_168377.jpg","width":301,"height":301,"caption":"Webdo"},"image":{"@id":"https:\/\/www.webdo.tn\/fr\/#\/schema\/logo\/image\/"},"sameAs":["https:\/\/www.facebook.com\/webdotn","https:\/\/x.com\/webdo_tn"],"description":"Webdo est un m\u00e9dia num\u00e9rique tunisien fond\u00e9 en 2010, sp\u00e9cialis\u00e9 dans l\u2019actualit\u00e9 nationale et internationale, l\u2019\u00e9conomie, la soci\u00e9t\u00e9 et les analyses politiques. Le site s\u2019adresse \u00e0 un large public francophone et couvre l\u2019information tunisienne en temps r\u00e9el.","email":"redac@webdo.tn","legalName":"YNJ SARL","foundingDate":"2010-09-06","numberOfEmployees":{"@type":"QuantitativeValue","minValue":"11","maxValue":"50"}},{"@type":"Person","@id":"https:\/\/www.webdo.tn\/fr\/#\/schema\/person\/6bc0beba2cd23aec27cb5df85ca2554f","name":"Hatem Bourial","image":{"@type":"ImageObject","inLanguage":"fr-FR","@id":"https:\/\/www.webdo.tn\/fr\/wp-content\/uploads\/2026\/04\/hatem-bourial_avatar-96x96.jpg","url":"https:\/\/www.webdo.tn\/fr\/wp-content\/uploads\/2026\/04\/hatem-bourial_avatar-96x96.jpg","contentUrl":"https:\/\/www.webdo.tn\/fr\/wp-content\/uploads\/2026\/04\/hatem-bourial_avatar-96x96.jpg","caption":"Hatem Bourial"},"description":"Hatem Bourial est journaliste, \u00e9crivain et chroniqueur tunisien. Actif depuis plusieurs d\u00e9cennies, il s\u2019est impos\u00e9 comme un observateur attentif de la soci\u00e9t\u00e9 tunisienne, m\u00ealant dans ses \u00e9crits m\u00e9moire, culture et analyse du quotidien. Auteur de nombreux ouvrages, il d\u00e9veloppe une \u0153uvre \u00e0 la crois\u00e9e du r\u00e9cit, de la po\u00e9sie et de l\u2019observation sociologique. Parall\u00e8lement \u00e0 ses contributions dans la presse, il intervient r\u00e9guli\u00e8rement \u00e0 la radio et dans des espaces culturels, o\u00f9 il explore les enjeux li\u00e9s au patrimoine, \u00e0 l\u2019identit\u00e9 et aux transformations du monde contemporain. \u00c0 travers ses chroniques, Hatem Bourial propose une lecture sensible et approfondie de l\u2019actualit\u00e9, nourrie par une exp\u00e9rience journalistique et litt\u00e9raire reconnue. \ud83d\udd17 Facebook : https:\/\/www.facebook.com\/hatem.bourial.2025","sameAs":["https:\/\/www.facebook.com\/hatem.bourial.2025","https:\/\/fr.wikipedia.org\/wiki\/Fichier:Hatem_Bourial.jpg"],"knowsAbout":["Culture & patrimoine tunisien","Chronique soci\u00e9tale","Litt\u00e9rature & m\u00e9moire","Cin\u00e9ma & critique culturelle","Identit\u00e9 & mutations sociales"],"knowsLanguage":["Arabe","Fran\u00e7ais","Anglais","Italien","Polonais"],"jobTitle":"Journaliste, \u00e9crivain et chroniqueur culturel","worksFor":"Webdo","url":"https:\/\/www.webdo.tn\/fr\/actualite\/author\/hatem-bourial-2\/"}]}},"_links":{"self":[{"href":"https:\/\/www.webdo.tn\/fr\/wp-json\/wp\/v2\/posts\/187172","targetHints":{"allow":["GET"]}}],"collection":[{"href":"https:\/\/www.webdo.tn\/fr\/wp-json\/wp\/v2\/posts"}],"about":[{"href":"https:\/\/www.webdo.tn\/fr\/wp-json\/wp\/v2\/types\/post"}],"author":[{"embeddable":true,"href":"https:\/\/www.webdo.tn\/fr\/wp-json\/wp\/v2\/users\/3229"}],"replies":[{"embeddable":true,"href":"https:\/\/www.webdo.tn\/fr\/wp-json\/wp\/v2\/comments?post=187172"}],"version-history":[{"count":0,"href":"https:\/\/www.webdo.tn\/fr\/wp-json\/wp\/v2\/posts\/187172\/revisions"}],"wp:featuredmedia":[{"embeddable":true,"href":"https:\/\/www.webdo.tn\/fr\/wp-json\/wp\/v2\/media\/327468"}],"wp:attachment":[{"href":"https:\/\/www.webdo.tn\/fr\/wp-json\/wp\/v2\/media?parent=187172"}],"wp:term":[{"taxonomy":"category","embeddable":true,"href":"https:\/\/www.webdo.tn\/fr\/wp-json\/wp\/v2\/categories?post=187172"},{"taxonomy":"post_tag","embeddable":true,"href":"https:\/\/www.webdo.tn\/fr\/wp-json\/wp\/v2\/tags?post=187172"}],"curies":[{"name":"wp","href":"https:\/\/api.w.org\/{rel}","templated":true}]}}