{"id":187166,"date":"2016-08-15T07:30:00","date_gmt":"2016-08-15T07:30:00","guid":{"rendered":"https:\/\/www.webdo.tn\/fr\/blog\/generation-woodstock-a-47-ans-the-summer-of-love-cetait-15-aout-1969\/187166\/"},"modified":"2016-08-15T07:30:00","modified_gmt":"2016-08-15T07:30:00","slug":"generation-woodstock-a-47-ans-the-summer-of-love-cetait-15-aout-1969","status":"publish","type":"post","link":"https:\/\/www.webdo.tn\/fr\/actualite\/chroniques\/generation-woodstock-a-47-ans-the-summer-of-love-cetait-15-aout-1969\/187166\/","title":{"rendered":"La G\u00e9n\u00e9ration Woodstock \u00e0 47 ans : \u00ab\u00a0The Summer of Love\u00a0\u00bb, c&rsquo;\u00e9tait le 15 ao\u00fbt 1969&#8230;"},"content":{"rendered":"<p>Comment ne pas consacrer cette chronique du 15 ao\u00fbt au festival de Woodstock qui va bient\u00f4t sur ses cinquante ans.<\/p>\n<p>Ceux de ma g\u00e9n\u00e9ration ont \u00e9t\u00e9 berc\u00e9s par les r\u00eaves des festivals hippies de Wight et Woodstock. Et c&rsquo;est ce dernier qui a laiss\u00e9 la trace la plus marquante dans l&rsquo;histoire de la contre-culture des ann\u00e9es soixante.Trois jours de paix et de musique<br \/>\nWoodstock: ce mot a tant fait r\u00eaver&#8230; En fait, le festival s&rsquo;\u00e9tait tenu \u00e0 Bethel, non loin de Woodstock, dans l&rsquo;Etat de New York. On attendait 50.000 spectateurs et ils seront un demi-million, provoquant d&rsquo;incroyables embouteillages, obligeant le gouverneur de l&rsquo;Etat \u00e0 d\u00e9clarer cette zone sinistr\u00e9e et ne laissant d&rsquo;autre choix aux organisateurs que de d\u00e9cr\u00e9ter la gratuit\u00e9 des concerts.<\/p>\n<p>Trois jours de paix et de musique&#8230; Du 15 au 17 ao\u00fbt 1969, 32 groupes au firmament de leur art se produisaient \u00e0 Woodstock. La f\u00eate fut tellement incroyable qu&rsquo;il faudra rallonger d&rsquo;un jour, le 18 ao\u00fbt, lorsque le m\u00e9t\u00e9ore Jimi Hendrix se produisit devant un public clairsem\u00e9 mais abasourdi par l\u2019interpr\u00e9tation de l&rsquo;hymne US par ce guitariste hors pair.Le grand rendez-vous de la pop des sixties<br \/>\nLe d\u00e9fil\u00e9 des artistes \u00e9tait des plus impressionnants et on se souvient tous des morceaux de bravoure du festival&#8230; Un Joe Cocker presque d\u00e9sarticul\u00e9 reprenant un standard des Beatles, le batteur de Carlos Santana se lan\u00e7ant dans un incroyable solo pour \u00ab\u00a0Soul Sacrifice\u00a0\u00bb, Joni Mitchell chantant Woodstock, la guitare de Alvin Lee et celle de Pete Townshed, tous les autres avec Joan Baez, Jefferson Airplane, Arlo Guthrie ou Richie Havens&#8230;Un film et des albums<br \/>\nPour nous, jeunes Tunisiens des sixties, Woodstock ce sera un film et ensuite un triple album. Le film, j&rsquo;ai du le voir une bonne trentaine de fois et l&rsquo;album est toujours parmi mes \u0153uvres pr\u00e9f\u00e9r\u00e9es.Il existe d&rsquo;ailleurs un double album qui est paru plus tard et dont les artistes compl\u00e8tent le premier plateau.<\/p>\n<p>Sans doute pour les cinquante ans de Woodstock, il y aura une r\u00e9trospective et peut-\u00eatre m\u00eame un remake avec les survivants de cette kermesse h\u00e9ro\u00efque, ce sommet de la pop et du mouvement hippie.<\/p>\n<p>Bon anniversaire Woodstock! Peace and Love on Earth&#8230;<\/p>\n","protected":false},"excerpt":{"rendered":"<p>La G\u00e9n\u00e9ration Woodstock \u00e0 47 ans :  The Summer of Love , c&rsquo;\u00e9tait le 15 ao\u00fbt 1969&#8230;<\/p>\n","protected":false},"author":3229,"featured_media":337769,"comment_status":"open","ping_status":"closed","sticky":false,"template":"","format":"standard","meta":{"footnotes":""},"categories":[2596],"tags":[2600],"class_list":["post-187166","post","type-post","status-publish","format-standard","has-post-thumbnail","hentry","category-chroniques","tag-guerre"],"yoast_head":"<!-- This site is optimized with the Yoast SEO Premium plugin v27.5 (Yoast SEO v27.5) - https:\/\/yoast.com\/product\/yoast-seo-premium-wordpress\/ -->\n<title>La G\u00e9n\u00e9ration Woodstock \u00e0 47 ans : The Summer of Love , c&#039;\u00e9tait le 15 ao\u00fbt 1969...<\/title>\n<meta name=\"description\" content=\"La G\u00e9n\u00e9ration Woodstock \u00e0 47 ans : The Summer of Love , c&#039;\u00e9tait le 15 ao\u00fbt 1969...\" \/>\n<link rel=\"canonical\" href=\"https:\/\/www.webdo.tn\/fr\/actualite\/chroniques\/generation-woodstock-a-47-ans-the-summer-of-love-cetait-15-aout-1969\/187166\/\" \/>\n<meta property=\"og:locale\" content=\"fr_FR\" \/>\n<meta property=\"og:type\" content=\"article\" \/>\n<meta property=\"og:title\" content=\"La G\u00e9n\u00e9ration Woodstock \u00e0 47 ans : &quot;The Summer of Love&quot;, c&#039;\u00e9tait le 15 ao\u00fbt 1969...\" \/>\n<meta property=\"og:description\" content=\"La G\u00e9n\u00e9ration Woodstock \u00e0 47 ans : The Summer of Love , c&#039;\u00e9tait le 15 ao\u00fbt 1969...\" \/>\n<meta property=\"og:url\" content=\"https:\/\/www.webdo.tn\/fr\/actualite\/chroniques\/generation-woodstock-a-47-ans-the-summer-of-love-cetait-15-aout-1969\/187166\/\" \/>\n<meta property=\"og:site_name\" content=\"webdo\" \/>\n<meta property=\"article:publisher\" content=\"https:\/\/www.facebook.com\/webdotn\" \/>\n<meta property=\"article:author\" content=\"https:\/\/www.facebook.com\/hatem.bourial.2025\" \/>\n<meta property=\"article:published_time\" content=\"2016-08-15T07:30:00+00:00\" \/>\n<meta property=\"og:image\" content=\"https:\/\/www.webdo.tn\/fr\/wp-content\/uploads\/2016\/08\/Joe-Cocker-e1471207998681.png\" \/>\n\t<meta property=\"og:image:width\" content=\"600\" \/>\n\t<meta property=\"og:image:height\" content=\"397\" \/>\n\t<meta property=\"og:image:type\" content=\"image\/png\" \/>\n<meta name=\"author\" content=\"Hatem Bourial\" \/>\n<meta name=\"twitter:card\" content=\"summary_large_image\" \/>\n<meta name=\"twitter:creator\" content=\"@webdo_tn\" \/>\n<meta name=\"twitter:site\" content=\"@webdo_tn\" \/>\n<meta name=\"twitter:label1\" content=\"\u00c9crit par\" \/>\n\t<meta name=\"twitter:data1\" content=\"Hatem Bourial\" \/>\n\t<meta name=\"twitter:label2\" content=\"Dur\u00e9e de lecture estim\u00e9e\" \/>\n\t<meta name=\"twitter:data2\" content=\"2 minutes\" \/>\n<script type=\"application\/ld+json\" class=\"yoast-schema-graph\">{\"@context\":\"https:\\\/\\\/schema.org\",\"@graph\":[{\"@type\":\"NewsArticle\",\"@id\":\"https:\\\/\\\/www.webdo.tn\\\/fr\\\/actualite\\\/chroniques\\\/generation-woodstock-a-47-ans-the-summer-of-love-cetait-15-aout-1969\\\/187166\\\/#article\",\"isPartOf\":{\"@id\":\"https:\\\/\\\/www.webdo.tn\\\/fr\\\/actualite\\\/chroniques\\\/generation-woodstock-a-47-ans-the-summer-of-love-cetait-15-aout-1969\\\/187166\\\/\"},\"author\":{\"name\":\"Hatem Bourial\",\"@id\":\"https:\\\/\\\/www.webdo.tn\\\/fr\\\/#\\\/schema\\\/person\\\/6bc0beba2cd23aec27cb5df85ca2554f\"},\"headline\":\"La G\u00e9n\u00e9ration Woodstock \u00e0 47 ans : \u00ab\u00a0The Summer of Love\u00a0\u00bb, c&rsquo;\u00e9tait le 15 ao\u00fbt 1969&#8230;\",\"datePublished\":\"2016-08-15T07:30:00+00:00\",\"mainEntityOfPage\":{\"@id\":\"https:\\\/\\\/www.webdo.tn\\\/fr\\\/actualite\\\/chroniques\\\/generation-woodstock-a-47-ans-the-summer-of-love-cetait-15-aout-1969\\\/187166\\\/\"},\"wordCount\":412,\"commentCount\":0,\"publisher\":{\"@id\":\"https:\\\/\\\/www.webdo.tn\\\/fr\\\/#organization\"},\"image\":{\"@id\":\"https:\\\/\\\/www.webdo.tn\\\/fr\\\/actualite\\\/chroniques\\\/generation-woodstock-a-47-ans-the-summer-of-love-cetait-15-aout-1969\\\/187166\\\/#primaryimage\"},\"thumbnailUrl\":\"https:\\\/\\\/www.webdo.tn\\\/fr\\\/wp-content\\\/uploads\\\/2016\\\/08\\\/Joe-Cocker-e1471207998681.png\",\"keywords\":[\"guerre\"],\"articleSection\":[\"Chroniques\"],\"inLanguage\":\"fr-FR\"},{\"@type\":\"WebPage\",\"@id\":\"https:\\\/\\\/www.webdo.tn\\\/fr\\\/actualite\\\/chroniques\\\/generation-woodstock-a-47-ans-the-summer-of-love-cetait-15-aout-1969\\\/187166\\\/\",\"url\":\"https:\\\/\\\/www.webdo.tn\\\/fr\\\/actualite\\\/chroniques\\\/generation-woodstock-a-47-ans-the-summer-of-love-cetait-15-aout-1969\\\/187166\\\/\",\"name\":\"La G\u00e9n\u00e9ration Woodstock \u00e0 47 ans : The Summer of Love , c'\u00e9tait le 15 ao\u00fbt 1969...\",\"isPartOf\":{\"@id\":\"https:\\\/\\\/www.webdo.tn\\\/fr\\\/#website\"},\"primaryImageOfPage\":{\"@id\":\"https:\\\/\\\/www.webdo.tn\\\/fr\\\/actualite\\\/chroniques\\\/generation-woodstock-a-47-ans-the-summer-of-love-cetait-15-aout-1969\\\/187166\\\/#primaryimage\"},\"image\":{\"@id\":\"https:\\\/\\\/www.webdo.tn\\\/fr\\\/actualite\\\/chroniques\\\/generation-woodstock-a-47-ans-the-summer-of-love-cetait-15-aout-1969\\\/187166\\\/#primaryimage\"},\"thumbnailUrl\":\"https:\\\/\\\/www.webdo.tn\\\/fr\\\/wp-content\\\/uploads\\\/2016\\\/08\\\/Joe-Cocker-e1471207998681.png\",\"datePublished\":\"2016-08-15T07:30:00+00:00\",\"description\":\"La G\u00e9n\u00e9ration Woodstock \u00e0 47 ans : The Summer of Love , c'\u00e9tait le 15 ao\u00fbt 1969...\",\"breadcrumb\":{\"@id\":\"https:\\\/\\\/www.webdo.tn\\\/fr\\\/actualite\\\/chroniques\\\/generation-woodstock-a-47-ans-the-summer-of-love-cetait-15-aout-1969\\\/187166\\\/#breadcrumb\"},\"inLanguage\":\"fr-FR\",\"potentialAction\":[{\"@type\":\"ReadAction\",\"target\":[\"https:\\\/\\\/www.webdo.tn\\\/fr\\\/actualite\\\/chroniques\\\/generation-woodstock-a-47-ans-the-summer-of-love-cetait-15-aout-1969\\\/187166\\\/\"]}]},{\"@type\":\"ImageObject\",\"inLanguage\":\"fr-FR\",\"@id\":\"https:\\\/\\\/www.webdo.tn\\\/fr\\\/actualite\\\/chroniques\\\/generation-woodstock-a-47-ans-the-summer-of-love-cetait-15-aout-1969\\\/187166\\\/#primaryimage\",\"url\":\"https:\\\/\\\/www.webdo.tn\\\/fr\\\/wp-content\\\/uploads\\\/2016\\\/08\\\/Joe-Cocker-e1471207998681.png\",\"contentUrl\":\"https:\\\/\\\/www.webdo.tn\\\/fr\\\/wp-content\\\/uploads\\\/2016\\\/08\\\/Joe-Cocker-e1471207998681.png\",\"width\":600,\"height\":397,\"caption\":\"La G\u00e9n\u00e9ration Woodstock \u00e0 47 ans : \\\"The Summer of Love\\\", c'\u00e9tait le 15 ao\u00fbt 1969...\"},{\"@type\":\"BreadcrumbList\",\"@id\":\"https:\\\/\\\/www.webdo.tn\\\/fr\\\/actualite\\\/chroniques\\\/generation-woodstock-a-47-ans-the-summer-of-love-cetait-15-aout-1969\\\/187166\\\/#breadcrumb\",\"itemListElement\":[{\"@type\":\"ListItem\",\"position\":1,\"name\":\"Accueil\",\"item\":\"https:\\\/\\\/www.webdo.tn\\\/fr\\\/\"},{\"@type\":\"ListItem\",\"position\":2,\"name\":\"La G\u00e9n\u00e9ration Woodstock \u00e0 47 ans : &#8220;The Summer of Love&#8221;, c&#8217;\u00e9tait le 15 ao\u00fbt 1969&#8230;\"}]},{\"@type\":\"WebSite\",\"@id\":\"https:\\\/\\\/www.webdo.tn\\\/fr\\\/#website\",\"url\":\"https:\\\/\\\/www.webdo.tn\\\/fr\\\/\",\"name\":\"webdo\",\"description\":\"Tunisie - News en Tunisie et \u00e0 l&#039;international sur Webdo.tn\",\"publisher\":{\"@id\":\"https:\\\/\\\/www.webdo.tn\\\/fr\\\/#organization\"},\"potentialAction\":[{\"@type\":\"SearchAction\",\"target\":{\"@type\":\"EntryPoint\",\"urlTemplate\":\"https:\\\/\\\/www.webdo.tn\\\/fr\\\/?s={search_term_string}\"},\"query-input\":{\"@type\":\"PropertyValueSpecification\",\"valueRequired\":true,\"valueName\":\"search_term_string\"}}],\"inLanguage\":\"fr-FR\"},{\"@type\":\"Organization\",\"@id\":\"https:\\\/\\\/www.webdo.tn\\\/fr\\\/#organization\",\"name\":\"Webdo\",\"alternateName\":\"Webdo.tn\",\"url\":\"https:\\\/\\\/www.webdo.tn\\\/fr\\\/\",\"logo\":{\"@type\":\"ImageObject\",\"inLanguage\":\"fr-FR\",\"@id\":\"https:\\\/\\\/www.webdo.tn\\\/fr\\\/#\\\/schema\\\/logo\\\/image\\\/\",\"url\":\"https:\\\/\\\/www.webdo.tn\\\/fr\\\/wp-content\\\/uploads\\\/2025\\\/06\\\/Webdo-Tunisie_168377.jpg\",\"contentUrl\":\"https:\\\/\\\/www.webdo.tn\\\/fr\\\/wp-content\\\/uploads\\\/2025\\\/06\\\/Webdo-Tunisie_168377.jpg\",\"width\":301,\"height\":301,\"caption\":\"Webdo\"},\"image\":{\"@id\":\"https:\\\/\\\/www.webdo.tn\\\/fr\\\/#\\\/schema\\\/logo\\\/image\\\/\"},\"sameAs\":[\"https:\\\/\\\/www.facebook.com\\\/webdotn\",\"https:\\\/\\\/x.com\\\/webdo_tn\"],\"description\":\"Webdo est un m\u00e9dia num\u00e9rique tunisien fond\u00e9 en 2010, sp\u00e9cialis\u00e9 dans l\u2019actualit\u00e9 nationale et internationale, l\u2019\u00e9conomie, la soci\u00e9t\u00e9 et les analyses politiques. Le site s\u2019adresse \u00e0 un large public francophone et couvre l\u2019information tunisienne en temps r\u00e9el.\",\"email\":\"redac@webdo.tn\",\"legalName\":\"YNJ SARL\",\"foundingDate\":\"2010-09-06\",\"numberOfEmployees\":{\"@type\":\"QuantitativeValue\",\"minValue\":\"11\",\"maxValue\":\"50\"}},{\"@type\":\"Person\",\"@id\":\"https:\\\/\\\/www.webdo.tn\\\/fr\\\/#\\\/schema\\\/person\\\/6bc0beba2cd23aec27cb5df85ca2554f\",\"name\":\"Hatem Bourial\",\"image\":{\"@type\":\"ImageObject\",\"inLanguage\":\"fr-FR\",\"@id\":\"https:\\\/\\\/www.webdo.tn\\\/fr\\\/wp-content\\\/uploads\\\/2026\\\/04\\\/hatem-bourial_avatar-96x96.jpg\",\"url\":\"https:\\\/\\\/www.webdo.tn\\\/fr\\\/wp-content\\\/uploads\\\/2026\\\/04\\\/hatem-bourial_avatar-96x96.jpg\",\"contentUrl\":\"https:\\\/\\\/www.webdo.tn\\\/fr\\\/wp-content\\\/uploads\\\/2026\\\/04\\\/hatem-bourial_avatar-96x96.jpg\",\"caption\":\"Hatem Bourial\"},\"description\":\"Hatem Bourial est journaliste, \u00e9crivain et chroniqueur tunisien. Actif depuis plusieurs d\u00e9cennies, il s\u2019est impos\u00e9 comme un observateur attentif de la soci\u00e9t\u00e9 tunisienne, m\u00ealant dans ses \u00e9crits m\u00e9moire, culture et analyse du quotidien. Auteur de nombreux ouvrages, il d\u00e9veloppe une \u0153uvre \u00e0 la crois\u00e9e du r\u00e9cit, de la po\u00e9sie et de l\u2019observation sociologique. Parall\u00e8lement \u00e0 ses contributions dans la presse, il intervient r\u00e9guli\u00e8rement \u00e0 la radio et dans des espaces culturels, o\u00f9 il explore les enjeux li\u00e9s au patrimoine, \u00e0 l\u2019identit\u00e9 et aux transformations du monde contemporain. \u00c0 travers ses chroniques, Hatem Bourial propose une lecture sensible et approfondie de l\u2019actualit\u00e9, nourrie par une exp\u00e9rience journalistique et litt\u00e9raire reconnue. \ud83d\udd17 Facebook : https:\\\/\\\/www.facebook.com\\\/hatem.bourial.2025\",\"sameAs\":[\"https:\\\/\\\/www.facebook.com\\\/hatem.bourial.2025\",\"https:\\\/\\\/fr.wikipedia.org\\\/wiki\\\/Fichier:Hatem_Bourial.jpg\"],\"knowsAbout\":[\"Culture & patrimoine tunisien\",\"Chronique soci\u00e9tale\",\"Litt\u00e9rature & m\u00e9moire\",\"Cin\u00e9ma & critique culturelle\",\"Identit\u00e9 & mutations sociales\"],\"knowsLanguage\":[\"Arabe\",\"Fran\u00e7ais\",\"Anglais\",\"Italien\",\"Polonais\"],\"jobTitle\":\"Journaliste, \u00e9crivain et chroniqueur culturel\",\"worksFor\":\"Webdo\",\"url\":\"https:\\\/\\\/www.webdo.tn\\\/fr\\\/actualite\\\/author\\\/hatem-bourial-2\\\/\"}]}<\/script>\n<!-- \/ Yoast SEO Premium plugin. -->","yoast_head_json":{"title":"La G\u00e9n\u00e9ration Woodstock \u00e0 47 ans : The Summer of Love , c'\u00e9tait le 15 ao\u00fbt 1969...","description":"La G\u00e9n\u00e9ration Woodstock \u00e0 47 ans : The Summer of Love , c'\u00e9tait le 15 ao\u00fbt 1969...","canonical":"https:\/\/www.webdo.tn\/fr\/actualite\/chroniques\/generation-woodstock-a-47-ans-the-summer-of-love-cetait-15-aout-1969\/187166\/","og_locale":"fr_FR","og_type":"article","og_title":"La G\u00e9n\u00e9ration Woodstock \u00e0 47 ans : \"The Summer of Love\", c'\u00e9tait le 15 ao\u00fbt 1969...","og_description":"La G\u00e9n\u00e9ration Woodstock \u00e0 47 ans : The Summer of Love , c'\u00e9tait le 15 ao\u00fbt 1969...","og_url":"https:\/\/www.webdo.tn\/fr\/actualite\/chroniques\/generation-woodstock-a-47-ans-the-summer-of-love-cetait-15-aout-1969\/187166\/","og_site_name":"webdo","article_publisher":"https:\/\/www.facebook.com\/webdotn","article_author":"https:\/\/www.facebook.com\/hatem.bourial.2025","article_published_time":"2016-08-15T07:30:00+00:00","og_image":[{"width":600,"height":397,"url":"https:\/\/www.webdo.tn\/fr\/wp-content\/uploads\/2016\/08\/Joe-Cocker-e1471207998681.png","type":"image\/png"}],"author":"Hatem Bourial","twitter_card":"summary_large_image","twitter_creator":"@webdo_tn","twitter_site":"@webdo_tn","twitter_misc":{"\u00c9crit par":"Hatem Bourial","Dur\u00e9e de lecture estim\u00e9e":"2 minutes"},"schema":{"@context":"https:\/\/schema.org","@graph":[{"@type":"NewsArticle","@id":"https:\/\/www.webdo.tn\/fr\/actualite\/chroniques\/generation-woodstock-a-47-ans-the-summer-of-love-cetait-15-aout-1969\/187166\/#article","isPartOf":{"@id":"https:\/\/www.webdo.tn\/fr\/actualite\/chroniques\/generation-woodstock-a-47-ans-the-summer-of-love-cetait-15-aout-1969\/187166\/"},"author":{"name":"Hatem Bourial","@id":"https:\/\/www.webdo.tn\/fr\/#\/schema\/person\/6bc0beba2cd23aec27cb5df85ca2554f"},"headline":"La G\u00e9n\u00e9ration Woodstock \u00e0 47 ans : \u00ab\u00a0The Summer of Love\u00a0\u00bb, c&rsquo;\u00e9tait le 15 ao\u00fbt 1969&#8230;","datePublished":"2016-08-15T07:30:00+00:00","mainEntityOfPage":{"@id":"https:\/\/www.webdo.tn\/fr\/actualite\/chroniques\/generation-woodstock-a-47-ans-the-summer-of-love-cetait-15-aout-1969\/187166\/"},"wordCount":412,"commentCount":0,"publisher":{"@id":"https:\/\/www.webdo.tn\/fr\/#organization"},"image":{"@id":"https:\/\/www.webdo.tn\/fr\/actualite\/chroniques\/generation-woodstock-a-47-ans-the-summer-of-love-cetait-15-aout-1969\/187166\/#primaryimage"},"thumbnailUrl":"https:\/\/www.webdo.tn\/fr\/wp-content\/uploads\/2016\/08\/Joe-Cocker-e1471207998681.png","keywords":["guerre"],"articleSection":["Chroniques"],"inLanguage":"fr-FR"},{"@type":"WebPage","@id":"https:\/\/www.webdo.tn\/fr\/actualite\/chroniques\/generation-woodstock-a-47-ans-the-summer-of-love-cetait-15-aout-1969\/187166\/","url":"https:\/\/www.webdo.tn\/fr\/actualite\/chroniques\/generation-woodstock-a-47-ans-the-summer-of-love-cetait-15-aout-1969\/187166\/","name":"La G\u00e9n\u00e9ration Woodstock \u00e0 47 ans : The Summer of Love , c'\u00e9tait le 15 ao\u00fbt 1969...","isPartOf":{"@id":"https:\/\/www.webdo.tn\/fr\/#website"},"primaryImageOfPage":{"@id":"https:\/\/www.webdo.tn\/fr\/actualite\/chroniques\/generation-woodstock-a-47-ans-the-summer-of-love-cetait-15-aout-1969\/187166\/#primaryimage"},"image":{"@id":"https:\/\/www.webdo.tn\/fr\/actualite\/chroniques\/generation-woodstock-a-47-ans-the-summer-of-love-cetait-15-aout-1969\/187166\/#primaryimage"},"thumbnailUrl":"https:\/\/www.webdo.tn\/fr\/wp-content\/uploads\/2016\/08\/Joe-Cocker-e1471207998681.png","datePublished":"2016-08-15T07:30:00+00:00","description":"La G\u00e9n\u00e9ration Woodstock \u00e0 47 ans : The Summer of Love , c'\u00e9tait le 15 ao\u00fbt 1969...","breadcrumb":{"@id":"https:\/\/www.webdo.tn\/fr\/actualite\/chroniques\/generation-woodstock-a-47-ans-the-summer-of-love-cetait-15-aout-1969\/187166\/#breadcrumb"},"inLanguage":"fr-FR","potentialAction":[{"@type":"ReadAction","target":["https:\/\/www.webdo.tn\/fr\/actualite\/chroniques\/generation-woodstock-a-47-ans-the-summer-of-love-cetait-15-aout-1969\/187166\/"]}]},{"@type":"ImageObject","inLanguage":"fr-FR","@id":"https:\/\/www.webdo.tn\/fr\/actualite\/chroniques\/generation-woodstock-a-47-ans-the-summer-of-love-cetait-15-aout-1969\/187166\/#primaryimage","url":"https:\/\/www.webdo.tn\/fr\/wp-content\/uploads\/2016\/08\/Joe-Cocker-e1471207998681.png","contentUrl":"https:\/\/www.webdo.tn\/fr\/wp-content\/uploads\/2016\/08\/Joe-Cocker-e1471207998681.png","width":600,"height":397,"caption":"La G\u00e9n\u00e9ration Woodstock \u00e0 47 ans : \"The Summer of Love\", c'\u00e9tait le 15 ao\u00fbt 1969..."},{"@type":"BreadcrumbList","@id":"https:\/\/www.webdo.tn\/fr\/actualite\/chroniques\/generation-woodstock-a-47-ans-the-summer-of-love-cetait-15-aout-1969\/187166\/#breadcrumb","itemListElement":[{"@type":"ListItem","position":1,"name":"Accueil","item":"https:\/\/www.webdo.tn\/fr\/"},{"@type":"ListItem","position":2,"name":"La G\u00e9n\u00e9ration Woodstock \u00e0 47 ans : &#8220;The Summer of Love&#8221;, c&#8217;\u00e9tait le 15 ao\u00fbt 1969&#8230;"}]},{"@type":"WebSite","@id":"https:\/\/www.webdo.tn\/fr\/#website","url":"https:\/\/www.webdo.tn\/fr\/","name":"webdo","description":"Tunisie - News en Tunisie et \u00e0 l&#039;international sur Webdo.tn","publisher":{"@id":"https:\/\/www.webdo.tn\/fr\/#organization"},"potentialAction":[{"@type":"SearchAction","target":{"@type":"EntryPoint","urlTemplate":"https:\/\/www.webdo.tn\/fr\/?s={search_term_string}"},"query-input":{"@type":"PropertyValueSpecification","valueRequired":true,"valueName":"search_term_string"}}],"inLanguage":"fr-FR"},{"@type":"Organization","@id":"https:\/\/www.webdo.tn\/fr\/#organization","name":"Webdo","alternateName":"Webdo.tn","url":"https:\/\/www.webdo.tn\/fr\/","logo":{"@type":"ImageObject","inLanguage":"fr-FR","@id":"https:\/\/www.webdo.tn\/fr\/#\/schema\/logo\/image\/","url":"https:\/\/www.webdo.tn\/fr\/wp-content\/uploads\/2025\/06\/Webdo-Tunisie_168377.jpg","contentUrl":"https:\/\/www.webdo.tn\/fr\/wp-content\/uploads\/2025\/06\/Webdo-Tunisie_168377.jpg","width":301,"height":301,"caption":"Webdo"},"image":{"@id":"https:\/\/www.webdo.tn\/fr\/#\/schema\/logo\/image\/"},"sameAs":["https:\/\/www.facebook.com\/webdotn","https:\/\/x.com\/webdo_tn"],"description":"Webdo est un m\u00e9dia num\u00e9rique tunisien fond\u00e9 en 2010, sp\u00e9cialis\u00e9 dans l\u2019actualit\u00e9 nationale et internationale, l\u2019\u00e9conomie, la soci\u00e9t\u00e9 et les analyses politiques. Le site s\u2019adresse \u00e0 un large public francophone et couvre l\u2019information tunisienne en temps r\u00e9el.","email":"redac@webdo.tn","legalName":"YNJ SARL","foundingDate":"2010-09-06","numberOfEmployees":{"@type":"QuantitativeValue","minValue":"11","maxValue":"50"}},{"@type":"Person","@id":"https:\/\/www.webdo.tn\/fr\/#\/schema\/person\/6bc0beba2cd23aec27cb5df85ca2554f","name":"Hatem Bourial","image":{"@type":"ImageObject","inLanguage":"fr-FR","@id":"https:\/\/www.webdo.tn\/fr\/wp-content\/uploads\/2026\/04\/hatem-bourial_avatar-96x96.jpg","url":"https:\/\/www.webdo.tn\/fr\/wp-content\/uploads\/2026\/04\/hatem-bourial_avatar-96x96.jpg","contentUrl":"https:\/\/www.webdo.tn\/fr\/wp-content\/uploads\/2026\/04\/hatem-bourial_avatar-96x96.jpg","caption":"Hatem Bourial"},"description":"Hatem Bourial est journaliste, \u00e9crivain et chroniqueur tunisien. Actif depuis plusieurs d\u00e9cennies, il s\u2019est impos\u00e9 comme un observateur attentif de la soci\u00e9t\u00e9 tunisienne, m\u00ealant dans ses \u00e9crits m\u00e9moire, culture et analyse du quotidien. Auteur de nombreux ouvrages, il d\u00e9veloppe une \u0153uvre \u00e0 la crois\u00e9e du r\u00e9cit, de la po\u00e9sie et de l\u2019observation sociologique. Parall\u00e8lement \u00e0 ses contributions dans la presse, il intervient r\u00e9guli\u00e8rement \u00e0 la radio et dans des espaces culturels, o\u00f9 il explore les enjeux li\u00e9s au patrimoine, \u00e0 l\u2019identit\u00e9 et aux transformations du monde contemporain. \u00c0 travers ses chroniques, Hatem Bourial propose une lecture sensible et approfondie de l\u2019actualit\u00e9, nourrie par une exp\u00e9rience journalistique et litt\u00e9raire reconnue. \ud83d\udd17 Facebook : https:\/\/www.facebook.com\/hatem.bourial.2025","sameAs":["https:\/\/www.facebook.com\/hatem.bourial.2025","https:\/\/fr.wikipedia.org\/wiki\/Fichier:Hatem_Bourial.jpg"],"knowsAbout":["Culture & patrimoine tunisien","Chronique soci\u00e9tale","Litt\u00e9rature & m\u00e9moire","Cin\u00e9ma & critique culturelle","Identit\u00e9 & mutations sociales"],"knowsLanguage":["Arabe","Fran\u00e7ais","Anglais","Italien","Polonais"],"jobTitle":"Journaliste, \u00e9crivain et chroniqueur culturel","worksFor":"Webdo","url":"https:\/\/www.webdo.tn\/fr\/actualite\/author\/hatem-bourial-2\/"}]}},"_links":{"self":[{"href":"https:\/\/www.webdo.tn\/fr\/wp-json\/wp\/v2\/posts\/187166","targetHints":{"allow":["GET"]}}],"collection":[{"href":"https:\/\/www.webdo.tn\/fr\/wp-json\/wp\/v2\/posts"}],"about":[{"href":"https:\/\/www.webdo.tn\/fr\/wp-json\/wp\/v2\/types\/post"}],"author":[{"embeddable":true,"href":"https:\/\/www.webdo.tn\/fr\/wp-json\/wp\/v2\/users\/3229"}],"replies":[{"embeddable":true,"href":"https:\/\/www.webdo.tn\/fr\/wp-json\/wp\/v2\/comments?post=187166"}],"version-history":[{"count":0,"href":"https:\/\/www.webdo.tn\/fr\/wp-json\/wp\/v2\/posts\/187166\/revisions"}],"wp:featuredmedia":[{"embeddable":true,"href":"https:\/\/www.webdo.tn\/fr\/wp-json\/wp\/v2\/media\/337769"}],"wp:attachment":[{"href":"https:\/\/www.webdo.tn\/fr\/wp-json\/wp\/v2\/media?parent=187166"}],"wp:term":[{"taxonomy":"category","embeddable":true,"href":"https:\/\/www.webdo.tn\/fr\/wp-json\/wp\/v2\/categories?post=187166"},{"taxonomy":"post_tag","embeddable":true,"href":"https:\/\/www.webdo.tn\/fr\/wp-json\/wp\/v2\/tags?post=187166"}],"curies":[{"name":"wp","href":"https:\/\/api.w.org\/{rel}","templated":true}]}}