{"id":187165,"date":"2016-08-14T21:11:00","date_gmt":"2016-08-14T21:11:00","guid":{"rendered":"https:\/\/www.webdo.tn\/fr\/blog\/aicha-bellagha-asma-belkhodja-rebai-deux-militantes-oubliees-de-cause-feministe-tunisienne\/187165\/"},"modified":"2016-08-14T21:11:00","modified_gmt":"2016-08-14T21:11:00","slug":"aicha-bellagha-asma-belkhodja-rebai-deux-militantes-oubliees-de-cause-feministe-tunisienne","status":"publish","type":"post","link":"https:\/\/www.webdo.tn\/fr\/actualite\/chroniques\/aicha-bellagha-asma-belkhodja-rebai-deux-militantes-oubliees-de-cause-feministe-tunisienne\/187165\/","title":{"rendered":"Aicha Bellagha et Asma Belkhodja Rebai :Deux militantes oubli\u00e9es de la cause f\u00e9ministe tunisienne"},"content":{"rendered":"<p>Le premier bureau directeur de l&rsquo;Union nationale de femmes tunisiennes (UNFT) avait pour premi\u00e8re pr\u00e9sidente Aicha Bellagha, une femme de grande culture, et pour premi\u00e8re secr\u00e9taire g\u00e9n\u00e9rale Asma Belkhodja Rebai, \u00e9pouse de Azzouz Rebai et militante historique du mouvement national.<\/p>\n<p>Il est vrai que l&rsquo;histoire de l&rsquo;UNFT et du f\u00e9minisme tunisien a surtout retenu la m\u00e9moire des autres fondatrices de l&rsquo;organisation nationale f\u00e9minine \u00e0 l&rsquo;image de Radhia Haddad, Neila Ben Ammar, les soeurs Saida et Chedlia Bouzgarrou ou encore Fathia Mzali.<\/p>\n<p>Toutefois, Aicha Bellagha et Asma Belkhodja Rebai restent pr\u00e9sentes dans la m\u00e9moire des f\u00e9ministes tunisiens.<\/p>\n<p>De plus, rappelons, en conclusion, que Radhia Haddad sera port\u00e9e \u00e0 la t\u00eate de l&rsquo;UNFT apr\u00e8s un congr\u00e8s post\u00e9rieur \u00e0 1956. Elle marquera ensuite de son empreinte cette organisation et le progr\u00e8s des femmes en Tunisie.<\/p>\n","protected":false},"excerpt":{"rendered":"<p>Aicha Bellagha et Asma Belkhodja Rebai :Deux militantes oubli\u00e9es de la cause f\u00e9ministe tunisienne<\/p>\n","protected":false},"author":3229,"featured_media":337764,"comment_status":"open","ping_status":"closed","sticky":false,"template":"","format":"standard","meta":{"footnotes":""},"categories":[2596],"tags":[2600],"class_list":["post-187165","post","type-post","status-publish","format-standard","has-post-thumbnail","hentry","category-chroniques","tag-guerre"],"yoast_head":"<!-- This site is optimized with the Yoast SEO Premium plugin v27.5 (Yoast SEO v27.5) - https:\/\/yoast.com\/product\/yoast-seo-premium-wordpress\/ -->\n<title>Aicha Bellagha et Asma Belkhodja Rebai :Deux militantes oubli\u00e9es de la cause f\u00e9ministe tunisienne<\/title>\n<meta name=\"description\" content=\"Aicha Bellagha et Asma Belkhodja Rebai :Deux militantes oubli\u00e9es de la cause f\u00e9ministe tunisienne\" \/>\n<link rel=\"canonical\" href=\"https:\/\/www.webdo.tn\/fr\/actualite\/chroniques\/aicha-bellagha-asma-belkhodja-rebai-deux-militantes-oubliees-de-cause-feministe-tunisienne\/187165\/\" \/>\n<meta property=\"og:locale\" content=\"fr_FR\" \/>\n<meta property=\"og:type\" content=\"article\" \/>\n<meta property=\"og:title\" content=\"Aicha Bellagha et Asma Belkhodja Rebai :Deux militantes oubli\u00e9es de la cause f\u00e9ministe tunisienne\" \/>\n<meta property=\"og:description\" content=\"Aicha Bellagha et Asma Belkhodja Rebai :Deux militantes oubli\u00e9es de la cause f\u00e9ministe tunisienne\" \/>\n<meta property=\"og:url\" content=\"https:\/\/www.webdo.tn\/fr\/actualite\/chroniques\/aicha-bellagha-asma-belkhodja-rebai-deux-militantes-oubliees-de-cause-feministe-tunisienne\/187165\/\" \/>\n<meta property=\"og:site_name\" content=\"webdo\" \/>\n<meta property=\"article:publisher\" content=\"https:\/\/www.facebook.com\/webdotn\" \/>\n<meta property=\"article:author\" content=\"https:\/\/www.facebook.com\/hatem.bourial.2025\" \/>\n<meta property=\"article:published_time\" content=\"2016-08-14T21:11:00+00:00\" \/>\n<meta property=\"og:image\" content=\"https:\/\/www.webdo.tn\/fr\/wp-content\/uploads\/2016\/08\/UNFT-300x300-2.jpg\" \/>\n\t<meta property=\"og:image:width\" content=\"300\" \/>\n\t<meta property=\"og:image:height\" content=\"300\" \/>\n\t<meta property=\"og:image:type\" content=\"image\/jpeg\" \/>\n<meta name=\"author\" content=\"Hatem Bourial\" \/>\n<meta name=\"twitter:card\" content=\"summary_large_image\" \/>\n<meta name=\"twitter:creator\" content=\"@webdo_tn\" \/>\n<meta name=\"twitter:site\" content=\"@webdo_tn\" \/>\n<meta name=\"twitter:label1\" content=\"\u00c9crit par\" \/>\n\t<meta name=\"twitter:data1\" content=\"Hatem Bourial\" \/>\n\t<meta name=\"twitter:label2\" content=\"Dur\u00e9e de lecture estim\u00e9e\" \/>\n\t<meta name=\"twitter:data2\" content=\"1 minute\" \/>\n<script type=\"application\/ld+json\" class=\"yoast-schema-graph\">{\"@context\":\"https:\\\/\\\/schema.org\",\"@graph\":[{\"@type\":\"NewsArticle\",\"@id\":\"https:\\\/\\\/www.webdo.tn\\\/fr\\\/actualite\\\/chroniques\\\/aicha-bellagha-asma-belkhodja-rebai-deux-militantes-oubliees-de-cause-feministe-tunisienne\\\/187165\\\/#article\",\"isPartOf\":{\"@id\":\"https:\\\/\\\/www.webdo.tn\\\/fr\\\/actualite\\\/chroniques\\\/aicha-bellagha-asma-belkhodja-rebai-deux-militantes-oubliees-de-cause-feministe-tunisienne\\\/187165\\\/\"},\"author\":{\"name\":\"Hatem Bourial\",\"@id\":\"https:\\\/\\\/www.webdo.tn\\\/fr\\\/#\\\/schema\\\/person\\\/6bc0beba2cd23aec27cb5df85ca2554f\"},\"headline\":\"Aicha Bellagha et Asma Belkhodja Rebai :Deux militantes oubli\u00e9es de la cause f\u00e9ministe tunisienne\",\"datePublished\":\"2016-08-14T21:11:00+00:00\",\"mainEntityOfPage\":{\"@id\":\"https:\\\/\\\/www.webdo.tn\\\/fr\\\/actualite\\\/chroniques\\\/aicha-bellagha-asma-belkhodja-rebai-deux-militantes-oubliees-de-cause-feministe-tunisienne\\\/187165\\\/\"},\"wordCount\":168,\"commentCount\":0,\"publisher\":{\"@id\":\"https:\\\/\\\/www.webdo.tn\\\/fr\\\/#organization\"},\"image\":{\"@id\":\"https:\\\/\\\/www.webdo.tn\\\/fr\\\/actualite\\\/chroniques\\\/aicha-bellagha-asma-belkhodja-rebai-deux-militantes-oubliees-de-cause-feministe-tunisienne\\\/187165\\\/#primaryimage\"},\"thumbnailUrl\":\"https:\\\/\\\/www.webdo.tn\\\/fr\\\/wp-content\\\/uploads\\\/2016\\\/08\\\/UNFT-300x300-2.jpg\",\"keywords\":[\"guerre\"],\"articleSection\":[\"Chroniques\"],\"inLanguage\":\"fr-FR\"},{\"@type\":\"WebPage\",\"@id\":\"https:\\\/\\\/www.webdo.tn\\\/fr\\\/actualite\\\/chroniques\\\/aicha-bellagha-asma-belkhodja-rebai-deux-militantes-oubliees-de-cause-feministe-tunisienne\\\/187165\\\/\",\"url\":\"https:\\\/\\\/www.webdo.tn\\\/fr\\\/actualite\\\/chroniques\\\/aicha-bellagha-asma-belkhodja-rebai-deux-militantes-oubliees-de-cause-feministe-tunisienne\\\/187165\\\/\",\"name\":\"Aicha Bellagha et Asma Belkhodja Rebai :Deux militantes oubli\u00e9es de la cause f\u00e9ministe tunisienne\",\"isPartOf\":{\"@id\":\"https:\\\/\\\/www.webdo.tn\\\/fr\\\/#website\"},\"primaryImageOfPage\":{\"@id\":\"https:\\\/\\\/www.webdo.tn\\\/fr\\\/actualite\\\/chroniques\\\/aicha-bellagha-asma-belkhodja-rebai-deux-militantes-oubliees-de-cause-feministe-tunisienne\\\/187165\\\/#primaryimage\"},\"image\":{\"@id\":\"https:\\\/\\\/www.webdo.tn\\\/fr\\\/actualite\\\/chroniques\\\/aicha-bellagha-asma-belkhodja-rebai-deux-militantes-oubliees-de-cause-feministe-tunisienne\\\/187165\\\/#primaryimage\"},\"thumbnailUrl\":\"https:\\\/\\\/www.webdo.tn\\\/fr\\\/wp-content\\\/uploads\\\/2016\\\/08\\\/UNFT-300x300-2.jpg\",\"datePublished\":\"2016-08-14T21:11:00+00:00\",\"description\":\"Aicha Bellagha et Asma Belkhodja Rebai :Deux militantes oubli\u00e9es de la cause f\u00e9ministe tunisienne\",\"breadcrumb\":{\"@id\":\"https:\\\/\\\/www.webdo.tn\\\/fr\\\/actualite\\\/chroniques\\\/aicha-bellagha-asma-belkhodja-rebai-deux-militantes-oubliees-de-cause-feministe-tunisienne\\\/187165\\\/#breadcrumb\"},\"inLanguage\":\"fr-FR\",\"potentialAction\":[{\"@type\":\"ReadAction\",\"target\":[\"https:\\\/\\\/www.webdo.tn\\\/fr\\\/actualite\\\/chroniques\\\/aicha-bellagha-asma-belkhodja-rebai-deux-militantes-oubliees-de-cause-feministe-tunisienne\\\/187165\\\/\"]}]},{\"@type\":\"ImageObject\",\"inLanguage\":\"fr-FR\",\"@id\":\"https:\\\/\\\/www.webdo.tn\\\/fr\\\/actualite\\\/chroniques\\\/aicha-bellagha-asma-belkhodja-rebai-deux-militantes-oubliees-de-cause-feministe-tunisienne\\\/187165\\\/#primaryimage\",\"url\":\"https:\\\/\\\/www.webdo.tn\\\/fr\\\/wp-content\\\/uploads\\\/2016\\\/08\\\/UNFT-300x300-2.jpg\",\"contentUrl\":\"https:\\\/\\\/www.webdo.tn\\\/fr\\\/wp-content\\\/uploads\\\/2016\\\/08\\\/UNFT-300x300-2.jpg\",\"width\":300,\"height\":300,\"caption\":\"Aicha Bellagha et Asma Belkhodja Rebai :Deux militantes oubli\u00e9es de la cause f\u00e9ministe tunisienne\"},{\"@type\":\"BreadcrumbList\",\"@id\":\"https:\\\/\\\/www.webdo.tn\\\/fr\\\/actualite\\\/chroniques\\\/aicha-bellagha-asma-belkhodja-rebai-deux-militantes-oubliees-de-cause-feministe-tunisienne\\\/187165\\\/#breadcrumb\",\"itemListElement\":[{\"@type\":\"ListItem\",\"position\":1,\"name\":\"Accueil\",\"item\":\"https:\\\/\\\/www.webdo.tn\\\/fr\\\/\"},{\"@type\":\"ListItem\",\"position\":2,\"name\":\"Aicha Bellagha et Asma Belkhodja Rebai :Deux militantes oubli\u00e9es de la cause f\u00e9ministe tunisienne\"}]},{\"@type\":\"WebSite\",\"@id\":\"https:\\\/\\\/www.webdo.tn\\\/fr\\\/#website\",\"url\":\"https:\\\/\\\/www.webdo.tn\\\/fr\\\/\",\"name\":\"webdo\",\"description\":\"Tunisie - News en Tunisie et \u00e0 l&#039;international sur Webdo.tn\",\"publisher\":{\"@id\":\"https:\\\/\\\/www.webdo.tn\\\/fr\\\/#organization\"},\"potentialAction\":[{\"@type\":\"SearchAction\",\"target\":{\"@type\":\"EntryPoint\",\"urlTemplate\":\"https:\\\/\\\/www.webdo.tn\\\/fr\\\/?s={search_term_string}\"},\"query-input\":{\"@type\":\"PropertyValueSpecification\",\"valueRequired\":true,\"valueName\":\"search_term_string\"}}],\"inLanguage\":\"fr-FR\"},{\"@type\":\"Organization\",\"@id\":\"https:\\\/\\\/www.webdo.tn\\\/fr\\\/#organization\",\"name\":\"Webdo\",\"alternateName\":\"Webdo.tn\",\"url\":\"https:\\\/\\\/www.webdo.tn\\\/fr\\\/\",\"logo\":{\"@type\":\"ImageObject\",\"inLanguage\":\"fr-FR\",\"@id\":\"https:\\\/\\\/www.webdo.tn\\\/fr\\\/#\\\/schema\\\/logo\\\/image\\\/\",\"url\":\"https:\\\/\\\/www.webdo.tn\\\/fr\\\/wp-content\\\/uploads\\\/2025\\\/06\\\/Webdo-Tunisie_168377.jpg\",\"contentUrl\":\"https:\\\/\\\/www.webdo.tn\\\/fr\\\/wp-content\\\/uploads\\\/2025\\\/06\\\/Webdo-Tunisie_168377.jpg\",\"width\":301,\"height\":301,\"caption\":\"Webdo\"},\"image\":{\"@id\":\"https:\\\/\\\/www.webdo.tn\\\/fr\\\/#\\\/schema\\\/logo\\\/image\\\/\"},\"sameAs\":[\"https:\\\/\\\/www.facebook.com\\\/webdotn\",\"https:\\\/\\\/x.com\\\/webdo_tn\"],\"description\":\"Webdo est un m\u00e9dia num\u00e9rique tunisien fond\u00e9 en 2010, sp\u00e9cialis\u00e9 dans l\u2019actualit\u00e9 nationale et internationale, l\u2019\u00e9conomie, la soci\u00e9t\u00e9 et les analyses politiques. Le site s\u2019adresse \u00e0 un large public francophone et couvre l\u2019information tunisienne en temps r\u00e9el.\",\"email\":\"redac@webdo.tn\",\"legalName\":\"YNJ SARL\",\"foundingDate\":\"2010-09-06\",\"numberOfEmployees\":{\"@type\":\"QuantitativeValue\",\"minValue\":\"11\",\"maxValue\":\"50\"}},{\"@type\":\"Person\",\"@id\":\"https:\\\/\\\/www.webdo.tn\\\/fr\\\/#\\\/schema\\\/person\\\/6bc0beba2cd23aec27cb5df85ca2554f\",\"name\":\"Hatem Bourial\",\"image\":{\"@type\":\"ImageObject\",\"inLanguage\":\"fr-FR\",\"@id\":\"https:\\\/\\\/www.webdo.tn\\\/fr\\\/wp-content\\\/uploads\\\/2026\\\/04\\\/hatem-bourial_avatar-96x96.jpg\",\"url\":\"https:\\\/\\\/www.webdo.tn\\\/fr\\\/wp-content\\\/uploads\\\/2026\\\/04\\\/hatem-bourial_avatar-96x96.jpg\",\"contentUrl\":\"https:\\\/\\\/www.webdo.tn\\\/fr\\\/wp-content\\\/uploads\\\/2026\\\/04\\\/hatem-bourial_avatar-96x96.jpg\",\"caption\":\"Hatem Bourial\"},\"description\":\"Hatem Bourial est journaliste, \u00e9crivain et chroniqueur tunisien. Actif depuis plusieurs d\u00e9cennies, il s\u2019est impos\u00e9 comme un observateur attentif de la soci\u00e9t\u00e9 tunisienne, m\u00ealant dans ses \u00e9crits m\u00e9moire, culture et analyse du quotidien. Auteur de nombreux ouvrages, il d\u00e9veloppe une \u0153uvre \u00e0 la crois\u00e9e du r\u00e9cit, de la po\u00e9sie et de l\u2019observation sociologique. Parall\u00e8lement \u00e0 ses contributions dans la presse, il intervient r\u00e9guli\u00e8rement \u00e0 la radio et dans des espaces culturels, o\u00f9 il explore les enjeux li\u00e9s au patrimoine, \u00e0 l\u2019identit\u00e9 et aux transformations du monde contemporain. \u00c0 travers ses chroniques, Hatem Bourial propose une lecture sensible et approfondie de l\u2019actualit\u00e9, nourrie par une exp\u00e9rience journalistique et litt\u00e9raire reconnue. \ud83d\udd17 Facebook : https:\\\/\\\/www.facebook.com\\\/hatem.bourial.2025\",\"sameAs\":[\"https:\\\/\\\/www.facebook.com\\\/hatem.bourial.2025\",\"https:\\\/\\\/fr.wikipedia.org\\\/wiki\\\/Fichier:Hatem_Bourial.jpg\"],\"knowsAbout\":[\"Culture & patrimoine tunisien\",\"Chronique soci\u00e9tale\",\"Litt\u00e9rature & m\u00e9moire\",\"Cin\u00e9ma & critique culturelle\",\"Identit\u00e9 & mutations sociales\"],\"knowsLanguage\":[\"Arabe\",\"Fran\u00e7ais\",\"Anglais\",\"Italien\",\"Polonais\"],\"jobTitle\":\"Journaliste, \u00e9crivain et chroniqueur culturel\",\"worksFor\":\"Webdo\",\"url\":\"https:\\\/\\\/www.webdo.tn\\\/fr\\\/actualite\\\/author\\\/hatem-bourial-2\\\/\"}]}<\/script>\n<!-- \/ Yoast SEO Premium plugin. -->","yoast_head_json":{"title":"Aicha Bellagha et Asma Belkhodja Rebai :Deux militantes oubli\u00e9es de la cause f\u00e9ministe tunisienne","description":"Aicha Bellagha et Asma Belkhodja Rebai :Deux militantes oubli\u00e9es de la cause f\u00e9ministe tunisienne","canonical":"https:\/\/www.webdo.tn\/fr\/actualite\/chroniques\/aicha-bellagha-asma-belkhodja-rebai-deux-militantes-oubliees-de-cause-feministe-tunisienne\/187165\/","og_locale":"fr_FR","og_type":"article","og_title":"Aicha Bellagha et Asma Belkhodja Rebai :Deux militantes oubli\u00e9es de la cause f\u00e9ministe tunisienne","og_description":"Aicha Bellagha et Asma Belkhodja Rebai :Deux militantes oubli\u00e9es de la cause f\u00e9ministe tunisienne","og_url":"https:\/\/www.webdo.tn\/fr\/actualite\/chroniques\/aicha-bellagha-asma-belkhodja-rebai-deux-militantes-oubliees-de-cause-feministe-tunisienne\/187165\/","og_site_name":"webdo","article_publisher":"https:\/\/www.facebook.com\/webdotn","article_author":"https:\/\/www.facebook.com\/hatem.bourial.2025","article_published_time":"2016-08-14T21:11:00+00:00","og_image":[{"width":300,"height":300,"url":"https:\/\/www.webdo.tn\/fr\/wp-content\/uploads\/2016\/08\/UNFT-300x300-2.jpg","type":"image\/jpeg"}],"author":"Hatem Bourial","twitter_card":"summary_large_image","twitter_creator":"@webdo_tn","twitter_site":"@webdo_tn","twitter_misc":{"\u00c9crit par":"Hatem Bourial","Dur\u00e9e de lecture estim\u00e9e":"1 minute"},"schema":{"@context":"https:\/\/schema.org","@graph":[{"@type":"NewsArticle","@id":"https:\/\/www.webdo.tn\/fr\/actualite\/chroniques\/aicha-bellagha-asma-belkhodja-rebai-deux-militantes-oubliees-de-cause-feministe-tunisienne\/187165\/#article","isPartOf":{"@id":"https:\/\/www.webdo.tn\/fr\/actualite\/chroniques\/aicha-bellagha-asma-belkhodja-rebai-deux-militantes-oubliees-de-cause-feministe-tunisienne\/187165\/"},"author":{"name":"Hatem Bourial","@id":"https:\/\/www.webdo.tn\/fr\/#\/schema\/person\/6bc0beba2cd23aec27cb5df85ca2554f"},"headline":"Aicha Bellagha et Asma Belkhodja Rebai :Deux militantes oubli\u00e9es de la cause f\u00e9ministe tunisienne","datePublished":"2016-08-14T21:11:00+00:00","mainEntityOfPage":{"@id":"https:\/\/www.webdo.tn\/fr\/actualite\/chroniques\/aicha-bellagha-asma-belkhodja-rebai-deux-militantes-oubliees-de-cause-feministe-tunisienne\/187165\/"},"wordCount":168,"commentCount":0,"publisher":{"@id":"https:\/\/www.webdo.tn\/fr\/#organization"},"image":{"@id":"https:\/\/www.webdo.tn\/fr\/actualite\/chroniques\/aicha-bellagha-asma-belkhodja-rebai-deux-militantes-oubliees-de-cause-feministe-tunisienne\/187165\/#primaryimage"},"thumbnailUrl":"https:\/\/www.webdo.tn\/fr\/wp-content\/uploads\/2016\/08\/UNFT-300x300-2.jpg","keywords":["guerre"],"articleSection":["Chroniques"],"inLanguage":"fr-FR"},{"@type":"WebPage","@id":"https:\/\/www.webdo.tn\/fr\/actualite\/chroniques\/aicha-bellagha-asma-belkhodja-rebai-deux-militantes-oubliees-de-cause-feministe-tunisienne\/187165\/","url":"https:\/\/www.webdo.tn\/fr\/actualite\/chroniques\/aicha-bellagha-asma-belkhodja-rebai-deux-militantes-oubliees-de-cause-feministe-tunisienne\/187165\/","name":"Aicha Bellagha et Asma Belkhodja Rebai :Deux militantes oubli\u00e9es de la cause f\u00e9ministe tunisienne","isPartOf":{"@id":"https:\/\/www.webdo.tn\/fr\/#website"},"primaryImageOfPage":{"@id":"https:\/\/www.webdo.tn\/fr\/actualite\/chroniques\/aicha-bellagha-asma-belkhodja-rebai-deux-militantes-oubliees-de-cause-feministe-tunisienne\/187165\/#primaryimage"},"image":{"@id":"https:\/\/www.webdo.tn\/fr\/actualite\/chroniques\/aicha-bellagha-asma-belkhodja-rebai-deux-militantes-oubliees-de-cause-feministe-tunisienne\/187165\/#primaryimage"},"thumbnailUrl":"https:\/\/www.webdo.tn\/fr\/wp-content\/uploads\/2016\/08\/UNFT-300x300-2.jpg","datePublished":"2016-08-14T21:11:00+00:00","description":"Aicha Bellagha et Asma Belkhodja Rebai :Deux militantes oubli\u00e9es de la cause f\u00e9ministe tunisienne","breadcrumb":{"@id":"https:\/\/www.webdo.tn\/fr\/actualite\/chroniques\/aicha-bellagha-asma-belkhodja-rebai-deux-militantes-oubliees-de-cause-feministe-tunisienne\/187165\/#breadcrumb"},"inLanguage":"fr-FR","potentialAction":[{"@type":"ReadAction","target":["https:\/\/www.webdo.tn\/fr\/actualite\/chroniques\/aicha-bellagha-asma-belkhodja-rebai-deux-militantes-oubliees-de-cause-feministe-tunisienne\/187165\/"]}]},{"@type":"ImageObject","inLanguage":"fr-FR","@id":"https:\/\/www.webdo.tn\/fr\/actualite\/chroniques\/aicha-bellagha-asma-belkhodja-rebai-deux-militantes-oubliees-de-cause-feministe-tunisienne\/187165\/#primaryimage","url":"https:\/\/www.webdo.tn\/fr\/wp-content\/uploads\/2016\/08\/UNFT-300x300-2.jpg","contentUrl":"https:\/\/www.webdo.tn\/fr\/wp-content\/uploads\/2016\/08\/UNFT-300x300-2.jpg","width":300,"height":300,"caption":"Aicha Bellagha et Asma Belkhodja Rebai :Deux militantes oubli\u00e9es de la cause f\u00e9ministe tunisienne"},{"@type":"BreadcrumbList","@id":"https:\/\/www.webdo.tn\/fr\/actualite\/chroniques\/aicha-bellagha-asma-belkhodja-rebai-deux-militantes-oubliees-de-cause-feministe-tunisienne\/187165\/#breadcrumb","itemListElement":[{"@type":"ListItem","position":1,"name":"Accueil","item":"https:\/\/www.webdo.tn\/fr\/"},{"@type":"ListItem","position":2,"name":"Aicha Bellagha et Asma Belkhodja Rebai :Deux militantes oubli\u00e9es de la cause f\u00e9ministe tunisienne"}]},{"@type":"WebSite","@id":"https:\/\/www.webdo.tn\/fr\/#website","url":"https:\/\/www.webdo.tn\/fr\/","name":"webdo","description":"Tunisie - News en Tunisie et \u00e0 l&#039;international sur Webdo.tn","publisher":{"@id":"https:\/\/www.webdo.tn\/fr\/#organization"},"potentialAction":[{"@type":"SearchAction","target":{"@type":"EntryPoint","urlTemplate":"https:\/\/www.webdo.tn\/fr\/?s={search_term_string}"},"query-input":{"@type":"PropertyValueSpecification","valueRequired":true,"valueName":"search_term_string"}}],"inLanguage":"fr-FR"},{"@type":"Organization","@id":"https:\/\/www.webdo.tn\/fr\/#organization","name":"Webdo","alternateName":"Webdo.tn","url":"https:\/\/www.webdo.tn\/fr\/","logo":{"@type":"ImageObject","inLanguage":"fr-FR","@id":"https:\/\/www.webdo.tn\/fr\/#\/schema\/logo\/image\/","url":"https:\/\/www.webdo.tn\/fr\/wp-content\/uploads\/2025\/06\/Webdo-Tunisie_168377.jpg","contentUrl":"https:\/\/www.webdo.tn\/fr\/wp-content\/uploads\/2025\/06\/Webdo-Tunisie_168377.jpg","width":301,"height":301,"caption":"Webdo"},"image":{"@id":"https:\/\/www.webdo.tn\/fr\/#\/schema\/logo\/image\/"},"sameAs":["https:\/\/www.facebook.com\/webdotn","https:\/\/x.com\/webdo_tn"],"description":"Webdo est un m\u00e9dia num\u00e9rique tunisien fond\u00e9 en 2010, sp\u00e9cialis\u00e9 dans l\u2019actualit\u00e9 nationale et internationale, l\u2019\u00e9conomie, la soci\u00e9t\u00e9 et les analyses politiques. Le site s\u2019adresse \u00e0 un large public francophone et couvre l\u2019information tunisienne en temps r\u00e9el.","email":"redac@webdo.tn","legalName":"YNJ SARL","foundingDate":"2010-09-06","numberOfEmployees":{"@type":"QuantitativeValue","minValue":"11","maxValue":"50"}},{"@type":"Person","@id":"https:\/\/www.webdo.tn\/fr\/#\/schema\/person\/6bc0beba2cd23aec27cb5df85ca2554f","name":"Hatem Bourial","image":{"@type":"ImageObject","inLanguage":"fr-FR","@id":"https:\/\/www.webdo.tn\/fr\/wp-content\/uploads\/2026\/04\/hatem-bourial_avatar-96x96.jpg","url":"https:\/\/www.webdo.tn\/fr\/wp-content\/uploads\/2026\/04\/hatem-bourial_avatar-96x96.jpg","contentUrl":"https:\/\/www.webdo.tn\/fr\/wp-content\/uploads\/2026\/04\/hatem-bourial_avatar-96x96.jpg","caption":"Hatem Bourial"},"description":"Hatem Bourial est journaliste, \u00e9crivain et chroniqueur tunisien. Actif depuis plusieurs d\u00e9cennies, il s\u2019est impos\u00e9 comme un observateur attentif de la soci\u00e9t\u00e9 tunisienne, m\u00ealant dans ses \u00e9crits m\u00e9moire, culture et analyse du quotidien. Auteur de nombreux ouvrages, il d\u00e9veloppe une \u0153uvre \u00e0 la crois\u00e9e du r\u00e9cit, de la po\u00e9sie et de l\u2019observation sociologique. Parall\u00e8lement \u00e0 ses contributions dans la presse, il intervient r\u00e9guli\u00e8rement \u00e0 la radio et dans des espaces culturels, o\u00f9 il explore les enjeux li\u00e9s au patrimoine, \u00e0 l\u2019identit\u00e9 et aux transformations du monde contemporain. \u00c0 travers ses chroniques, Hatem Bourial propose une lecture sensible et approfondie de l\u2019actualit\u00e9, nourrie par une exp\u00e9rience journalistique et litt\u00e9raire reconnue. \ud83d\udd17 Facebook : https:\/\/www.facebook.com\/hatem.bourial.2025","sameAs":["https:\/\/www.facebook.com\/hatem.bourial.2025","https:\/\/fr.wikipedia.org\/wiki\/Fichier:Hatem_Bourial.jpg"],"knowsAbout":["Culture & patrimoine tunisien","Chronique soci\u00e9tale","Litt\u00e9rature & m\u00e9moire","Cin\u00e9ma & critique culturelle","Identit\u00e9 & mutations sociales"],"knowsLanguage":["Arabe","Fran\u00e7ais","Anglais","Italien","Polonais"],"jobTitle":"Journaliste, \u00e9crivain et chroniqueur culturel","worksFor":"Webdo","url":"https:\/\/www.webdo.tn\/fr\/actualite\/author\/hatem-bourial-2\/"}]}},"_links":{"self":[{"href":"https:\/\/www.webdo.tn\/fr\/wp-json\/wp\/v2\/posts\/187165","targetHints":{"allow":["GET"]}}],"collection":[{"href":"https:\/\/www.webdo.tn\/fr\/wp-json\/wp\/v2\/posts"}],"about":[{"href":"https:\/\/www.webdo.tn\/fr\/wp-json\/wp\/v2\/types\/post"}],"author":[{"embeddable":true,"href":"https:\/\/www.webdo.tn\/fr\/wp-json\/wp\/v2\/users\/3229"}],"replies":[{"embeddable":true,"href":"https:\/\/www.webdo.tn\/fr\/wp-json\/wp\/v2\/comments?post=187165"}],"version-history":[{"count":0,"href":"https:\/\/www.webdo.tn\/fr\/wp-json\/wp\/v2\/posts\/187165\/revisions"}],"wp:featuredmedia":[{"embeddable":true,"href":"https:\/\/www.webdo.tn\/fr\/wp-json\/wp\/v2\/media\/337764"}],"wp:attachment":[{"href":"https:\/\/www.webdo.tn\/fr\/wp-json\/wp\/v2\/media?parent=187165"}],"wp:term":[{"taxonomy":"category","embeddable":true,"href":"https:\/\/www.webdo.tn\/fr\/wp-json\/wp\/v2\/categories?post=187165"},{"taxonomy":"post_tag","embeddable":true,"href":"https:\/\/www.webdo.tn\/fr\/wp-json\/wp\/v2\/tags?post=187165"}],"curies":[{"name":"wp","href":"https:\/\/api.w.org\/{rel}","templated":true}]}}