{"id":187164,"date":"2016-08-13T08:28:00","date_gmt":"2016-08-13T08:28:00","guid":{"rendered":"https:\/\/www.webdo.tn\/fr\/blog\/code-statut-personnel-a-60-ans-nos-libertes-nos-corps-nos-consciences\/187164\/"},"modified":"2016-08-13T08:28:00","modified_gmt":"2016-08-13T08:28:00","slug":"code-statut-personnel-a-60-ans-nos-libertes-nos-corps-nos-consciences","status":"publish","type":"post","link":"https:\/\/www.webdo.tn\/fr\/actualite\/chroniques\/code-statut-personnel-a-60-ans-nos-libertes-nos-corps-nos-consciences\/187164\/","title":{"rendered":"Le Code du statut personnel a 60 ans : Nos libert\u00e9s, nos corps, nos consciences&#8230;"},"content":{"rendered":"<p>Et comme si les hijab, niqab, khimar et tutti quanti ne suffisaient pas, depuis 2011, des ligues de promotion de la vertu essaient non seulement d&rsquo;imposer le voile aux femmes mais parlent aussi d&rsquo;excision, de polygamie et d&rsquo;autres vieilles dentelles.<\/p>\n<p>D\u00e9bats moyen-\u00e2geux qui renseignent bien sur les fractures de notre soci\u00e9t\u00e9 et l&#8217;emprise int\u00e9griste sur plusieurs pans de nos vies&#8230;<br \/>\nNe plus c\u00e9der un pouce de terrain aux r\u00e9actionnaires<br \/>\nAlors que nous c\u00e9l\u00e9brons le 13 ao\u00fbt et le soixantenaire du Code du statut personnel, il importe de ne pas c\u00e9der un pouce de terrain \u00e0 ces r\u00e9actionnaires qui, sous couvert d&rsquo;identit\u00e9 donnent libre cours \u00e0 leur machisme revanchard.<\/p>\n<p>Pays moderne, la Tunisie n&rsquo;a que faire du wahabisme de l&rsquo;argent et des forcen\u00e9s motiv\u00e9s par la haine (et la peur) des femmes. Qu&rsquo;ils passent leur chemin, nous ne sommes pas \u00e0 vendre et avons choisi notre cap depuis fort longtemps.<br \/>\nLes Tunisiennes ont rectifi\u00e9 le cours d&rsquo;une r\u00e9volution \u00e9gar\u00e9e<br \/>\nCeux qui cherchent \u00e0 d\u00e9truire notre contrat social, notre statut personnel et notre consensus n&rsquo;y parviendront jamais.\u00a0Ils ont d&rsquo;ailleurs d\u00fb avoir froid dans le dos lorsqu&rsquo;ils ont compris apr\u00e8s l&rsquo;assassinat de Mohamed Brahmi, dans la fournaise de l&rsquo;\u00e9t\u00e9, sur les places publiques du Bardo, que ce sont justement les femmes tunisiennes qui ont rectifi\u00e9 le cours d&rsquo;une r\u00e9volution \u00e9gar\u00e9e.<\/p>\n<p>Et de toute fa\u00e7on, voil\u00e9es ou pas, les Tunisiennes sauront donner du fil \u00e0 retordre \u00e0 tous les roitelets de la foi d\u00e9guis\u00e9e et tous ces cheikhs fulminants qui en veulent \u00e0 nos libert\u00e9s, nos corps et nos consciences.<br \/>\nContre la r\u00e9surgence des int\u00e9grismes<br \/>\nEn ce 13 ao\u00fbt qui nous fonde en tant qu&rsquo;individus, nous distrait du clan, de la tribu ou de la confr\u00e9rie, il importe de saluer la m\u00e9moire des p\u00e8res fondateurs de la r\u00e9publique tunisienne.<\/p>\n<p>C&rsquo;est gr\u00e2ce \u00e0 eux que nous sommes individuellement libres aujourd&rsquo;hui. C&rsquo;est dans la continuit\u00e9 de ce qu&rsquo;ils ont r\u00eav\u00e9 ou pressenti que nous avons fait notre r\u00e9volution au nom de la d\u00e9mocratie et des droits humains.\u00a0C&rsquo;est contre la r\u00e9surgence des int\u00e9grismes et de la pens\u00e9e f\u00e9odale que nous devons rester debout.<\/p>\n<p>Soixante ans apr\u00e8s, le 13 ao\u00fbt est une date qui nous invite \u00e0 r\u00e9fl\u00e9chir, continuer le chemin et ne plus l\u00e2cher prise quand nos droits et libert\u00e9s sont en jeu&#8230;<\/p>\n","protected":false},"excerpt":{"rendered":"<p>Le Code du statut personnel a 60 ans : Nos libert\u00e9s, nos corps, nos consciences&#8230;<\/p>\n","protected":false},"author":3229,"featured_media":337763,"comment_status":"open","ping_status":"closed","sticky":false,"template":"","format":"standard","meta":{"footnotes":""},"categories":[2596],"tags":[2600],"class_list":["post-187164","post","type-post","status-publish","format-standard","has-post-thumbnail","hentry","category-chroniques","tag-guerre"],"yoast_head":"<!-- This site is optimized with the Yoast SEO Premium plugin v27.5 (Yoast SEO v27.5) - https:\/\/yoast.com\/product\/yoast-seo-premium-wordpress\/ -->\n<title>Le Code du statut personnel a 60 ans : Nos libert\u00e9s, nos corps, nos consciences...<\/title>\n<meta name=\"description\" content=\"Le Code du statut personnel a 60 ans : Nos libert\u00e9s, nos corps, nos consciences...\" \/>\n<link rel=\"canonical\" href=\"https:\/\/www.webdo.tn\/fr\/actualite\/chroniques\/code-statut-personnel-a-60-ans-nos-libertes-nos-corps-nos-consciences\/187164\/\" \/>\n<meta property=\"og:locale\" content=\"fr_FR\" \/>\n<meta property=\"og:type\" content=\"article\" \/>\n<meta property=\"og:title\" content=\"Le Code du statut personnel a 60 ans : Nos libert\u00e9s, nos corps, nos consciences...\" \/>\n<meta property=\"og:description\" content=\"Le Code du statut personnel a 60 ans : Nos libert\u00e9s, nos corps, nos consciences...\" \/>\n<meta property=\"og:url\" content=\"https:\/\/www.webdo.tn\/fr\/actualite\/chroniques\/code-statut-personnel-a-60-ans-nos-libertes-nos-corps-nos-consciences\/187164\/\" \/>\n<meta property=\"og:site_name\" content=\"webdo\" \/>\n<meta property=\"article:publisher\" content=\"https:\/\/www.facebook.com\/webdotn\" \/>\n<meta property=\"article:author\" content=\"https:\/\/www.facebook.com\/hatem.bourial.2025\" \/>\n<meta property=\"article:published_time\" content=\"2016-08-13T08:28:00+00:00\" \/>\n<meta property=\"og:image\" content=\"https:\/\/www.webdo.tn\/fr\/wp-content\/uploads\/2016\/08\/Femme-Tunisie-CSP-296x300-1.jpg\" \/>\n\t<meta property=\"og:image:width\" content=\"296\" \/>\n\t<meta property=\"og:image:height\" content=\"300\" \/>\n\t<meta property=\"og:image:type\" content=\"image\/jpeg\" \/>\n<meta name=\"author\" content=\"Hatem Bourial\" \/>\n<meta name=\"twitter:card\" content=\"summary_large_image\" \/>\n<meta name=\"twitter:creator\" content=\"@webdo_tn\" \/>\n<meta name=\"twitter:site\" content=\"@webdo_tn\" \/>\n<meta name=\"twitter:label1\" content=\"\u00c9crit par\" \/>\n\t<meta name=\"twitter:data1\" content=\"Hatem Bourial\" \/>\n\t<meta name=\"twitter:label2\" content=\"Dur\u00e9e de lecture estim\u00e9e\" \/>\n\t<meta name=\"twitter:data2\" content=\"2 minutes\" \/>\n<script type=\"application\/ld+json\" class=\"yoast-schema-graph\">{\"@context\":\"https:\\\/\\\/schema.org\",\"@graph\":[{\"@type\":\"NewsArticle\",\"@id\":\"https:\\\/\\\/www.webdo.tn\\\/fr\\\/actualite\\\/chroniques\\\/code-statut-personnel-a-60-ans-nos-libertes-nos-corps-nos-consciences\\\/187164\\\/#article\",\"isPartOf\":{\"@id\":\"https:\\\/\\\/www.webdo.tn\\\/fr\\\/actualite\\\/chroniques\\\/code-statut-personnel-a-60-ans-nos-libertes-nos-corps-nos-consciences\\\/187164\\\/\"},\"author\":{\"name\":\"Hatem Bourial\",\"@id\":\"https:\\\/\\\/www.webdo.tn\\\/fr\\\/#\\\/schema\\\/person\\\/6bc0beba2cd23aec27cb5df85ca2554f\"},\"headline\":\"Le Code du statut personnel a 60 ans : Nos libert\u00e9s, nos corps, nos consciences&#8230;\",\"datePublished\":\"2016-08-13T08:28:00+00:00\",\"mainEntityOfPage\":{\"@id\":\"https:\\\/\\\/www.webdo.tn\\\/fr\\\/actualite\\\/chroniques\\\/code-statut-personnel-a-60-ans-nos-libertes-nos-corps-nos-consciences\\\/187164\\\/\"},\"wordCount\":445,\"commentCount\":0,\"publisher\":{\"@id\":\"https:\\\/\\\/www.webdo.tn\\\/fr\\\/#organization\"},\"image\":{\"@id\":\"https:\\\/\\\/www.webdo.tn\\\/fr\\\/actualite\\\/chroniques\\\/code-statut-personnel-a-60-ans-nos-libertes-nos-corps-nos-consciences\\\/187164\\\/#primaryimage\"},\"thumbnailUrl\":\"https:\\\/\\\/www.webdo.tn\\\/fr\\\/wp-content\\\/uploads\\\/2016\\\/08\\\/Femme-Tunisie-CSP-296x300-1.jpg\",\"keywords\":[\"guerre\"],\"articleSection\":[\"Chroniques\"],\"inLanguage\":\"fr-FR\"},{\"@type\":\"WebPage\",\"@id\":\"https:\\\/\\\/www.webdo.tn\\\/fr\\\/actualite\\\/chroniques\\\/code-statut-personnel-a-60-ans-nos-libertes-nos-corps-nos-consciences\\\/187164\\\/\",\"url\":\"https:\\\/\\\/www.webdo.tn\\\/fr\\\/actualite\\\/chroniques\\\/code-statut-personnel-a-60-ans-nos-libertes-nos-corps-nos-consciences\\\/187164\\\/\",\"name\":\"Le Code du statut personnel a 60 ans : Nos libert\u00e9s, nos corps, nos consciences...\",\"isPartOf\":{\"@id\":\"https:\\\/\\\/www.webdo.tn\\\/fr\\\/#website\"},\"primaryImageOfPage\":{\"@id\":\"https:\\\/\\\/www.webdo.tn\\\/fr\\\/actualite\\\/chroniques\\\/code-statut-personnel-a-60-ans-nos-libertes-nos-corps-nos-consciences\\\/187164\\\/#primaryimage\"},\"image\":{\"@id\":\"https:\\\/\\\/www.webdo.tn\\\/fr\\\/actualite\\\/chroniques\\\/code-statut-personnel-a-60-ans-nos-libertes-nos-corps-nos-consciences\\\/187164\\\/#primaryimage\"},\"thumbnailUrl\":\"https:\\\/\\\/www.webdo.tn\\\/fr\\\/wp-content\\\/uploads\\\/2016\\\/08\\\/Femme-Tunisie-CSP-296x300-1.jpg\",\"datePublished\":\"2016-08-13T08:28:00+00:00\",\"description\":\"Le Code du statut personnel a 60 ans : Nos libert\u00e9s, nos corps, nos consciences...\",\"breadcrumb\":{\"@id\":\"https:\\\/\\\/www.webdo.tn\\\/fr\\\/actualite\\\/chroniques\\\/code-statut-personnel-a-60-ans-nos-libertes-nos-corps-nos-consciences\\\/187164\\\/#breadcrumb\"},\"inLanguage\":\"fr-FR\",\"potentialAction\":[{\"@type\":\"ReadAction\",\"target\":[\"https:\\\/\\\/www.webdo.tn\\\/fr\\\/actualite\\\/chroniques\\\/code-statut-personnel-a-60-ans-nos-libertes-nos-corps-nos-consciences\\\/187164\\\/\"]}]},{\"@type\":\"ImageObject\",\"inLanguage\":\"fr-FR\",\"@id\":\"https:\\\/\\\/www.webdo.tn\\\/fr\\\/actualite\\\/chroniques\\\/code-statut-personnel-a-60-ans-nos-libertes-nos-corps-nos-consciences\\\/187164\\\/#primaryimage\",\"url\":\"https:\\\/\\\/www.webdo.tn\\\/fr\\\/wp-content\\\/uploads\\\/2016\\\/08\\\/Femme-Tunisie-CSP-296x300-1.jpg\",\"contentUrl\":\"https:\\\/\\\/www.webdo.tn\\\/fr\\\/wp-content\\\/uploads\\\/2016\\\/08\\\/Femme-Tunisie-CSP-296x300-1.jpg\",\"width\":296,\"height\":300,\"caption\":\"Le Code du statut personnel a 60 ans : Nos libert\u00e9s, nos corps, nos consciences...\"},{\"@type\":\"BreadcrumbList\",\"@id\":\"https:\\\/\\\/www.webdo.tn\\\/fr\\\/actualite\\\/chroniques\\\/code-statut-personnel-a-60-ans-nos-libertes-nos-corps-nos-consciences\\\/187164\\\/#breadcrumb\",\"itemListElement\":[{\"@type\":\"ListItem\",\"position\":1,\"name\":\"Accueil\",\"item\":\"https:\\\/\\\/www.webdo.tn\\\/fr\\\/\"},{\"@type\":\"ListItem\",\"position\":2,\"name\":\"Le Code du statut personnel a 60 ans : Nos libert\u00e9s, nos corps, nos consciences&#8230;\"}]},{\"@type\":\"WebSite\",\"@id\":\"https:\\\/\\\/www.webdo.tn\\\/fr\\\/#website\",\"url\":\"https:\\\/\\\/www.webdo.tn\\\/fr\\\/\",\"name\":\"webdo\",\"description\":\"Tunisie - News en Tunisie et \u00e0 l&#039;international sur Webdo.tn\",\"publisher\":{\"@id\":\"https:\\\/\\\/www.webdo.tn\\\/fr\\\/#organization\"},\"potentialAction\":[{\"@type\":\"SearchAction\",\"target\":{\"@type\":\"EntryPoint\",\"urlTemplate\":\"https:\\\/\\\/www.webdo.tn\\\/fr\\\/?s={search_term_string}\"},\"query-input\":{\"@type\":\"PropertyValueSpecification\",\"valueRequired\":true,\"valueName\":\"search_term_string\"}}],\"inLanguage\":\"fr-FR\"},{\"@type\":\"Organization\",\"@id\":\"https:\\\/\\\/www.webdo.tn\\\/fr\\\/#organization\",\"name\":\"Webdo\",\"alternateName\":\"Webdo.tn\",\"url\":\"https:\\\/\\\/www.webdo.tn\\\/fr\\\/\",\"logo\":{\"@type\":\"ImageObject\",\"inLanguage\":\"fr-FR\",\"@id\":\"https:\\\/\\\/www.webdo.tn\\\/fr\\\/#\\\/schema\\\/logo\\\/image\\\/\",\"url\":\"https:\\\/\\\/www.webdo.tn\\\/fr\\\/wp-content\\\/uploads\\\/2025\\\/06\\\/Webdo-Tunisie_168377.jpg\",\"contentUrl\":\"https:\\\/\\\/www.webdo.tn\\\/fr\\\/wp-content\\\/uploads\\\/2025\\\/06\\\/Webdo-Tunisie_168377.jpg\",\"width\":301,\"height\":301,\"caption\":\"Webdo\"},\"image\":{\"@id\":\"https:\\\/\\\/www.webdo.tn\\\/fr\\\/#\\\/schema\\\/logo\\\/image\\\/\"},\"sameAs\":[\"https:\\\/\\\/www.facebook.com\\\/webdotn\",\"https:\\\/\\\/x.com\\\/webdo_tn\"],\"description\":\"Webdo est un m\u00e9dia num\u00e9rique tunisien fond\u00e9 en 2010, sp\u00e9cialis\u00e9 dans l\u2019actualit\u00e9 nationale et internationale, l\u2019\u00e9conomie, la soci\u00e9t\u00e9 et les analyses politiques. Le site s\u2019adresse \u00e0 un large public francophone et couvre l\u2019information tunisienne en temps r\u00e9el.\",\"email\":\"redac@webdo.tn\",\"legalName\":\"YNJ SARL\",\"foundingDate\":\"2010-09-06\",\"numberOfEmployees\":{\"@type\":\"QuantitativeValue\",\"minValue\":\"11\",\"maxValue\":\"50\"}},{\"@type\":\"Person\",\"@id\":\"https:\\\/\\\/www.webdo.tn\\\/fr\\\/#\\\/schema\\\/person\\\/6bc0beba2cd23aec27cb5df85ca2554f\",\"name\":\"Hatem Bourial\",\"image\":{\"@type\":\"ImageObject\",\"inLanguage\":\"fr-FR\",\"@id\":\"https:\\\/\\\/www.webdo.tn\\\/fr\\\/wp-content\\\/uploads\\\/2026\\\/04\\\/hatem-bourial_avatar-96x96.jpg\",\"url\":\"https:\\\/\\\/www.webdo.tn\\\/fr\\\/wp-content\\\/uploads\\\/2026\\\/04\\\/hatem-bourial_avatar-96x96.jpg\",\"contentUrl\":\"https:\\\/\\\/www.webdo.tn\\\/fr\\\/wp-content\\\/uploads\\\/2026\\\/04\\\/hatem-bourial_avatar-96x96.jpg\",\"caption\":\"Hatem Bourial\"},\"description\":\"Hatem Bourial est journaliste, \u00e9crivain et chroniqueur tunisien. Actif depuis plusieurs d\u00e9cennies, il s\u2019est impos\u00e9 comme un observateur attentif de la soci\u00e9t\u00e9 tunisienne, m\u00ealant dans ses \u00e9crits m\u00e9moire, culture et analyse du quotidien. Auteur de nombreux ouvrages, il d\u00e9veloppe une \u0153uvre \u00e0 la crois\u00e9e du r\u00e9cit, de la po\u00e9sie et de l\u2019observation sociologique. Parall\u00e8lement \u00e0 ses contributions dans la presse, il intervient r\u00e9guli\u00e8rement \u00e0 la radio et dans des espaces culturels, o\u00f9 il explore les enjeux li\u00e9s au patrimoine, \u00e0 l\u2019identit\u00e9 et aux transformations du monde contemporain. \u00c0 travers ses chroniques, Hatem Bourial propose une lecture sensible et approfondie de l\u2019actualit\u00e9, nourrie par une exp\u00e9rience journalistique et litt\u00e9raire reconnue. \ud83d\udd17 Facebook : https:\\\/\\\/www.facebook.com\\\/hatem.bourial.2025\",\"sameAs\":[\"https:\\\/\\\/www.facebook.com\\\/hatem.bourial.2025\",\"https:\\\/\\\/fr.wikipedia.org\\\/wiki\\\/Fichier:Hatem_Bourial.jpg\"],\"knowsAbout\":[\"Culture & patrimoine tunisien\",\"Chronique soci\u00e9tale\",\"Litt\u00e9rature & m\u00e9moire\",\"Cin\u00e9ma & critique culturelle\",\"Identit\u00e9 & mutations sociales\"],\"knowsLanguage\":[\"Arabe\",\"Fran\u00e7ais\",\"Anglais\",\"Italien\",\"Polonais\"],\"jobTitle\":\"Journaliste, \u00e9crivain et chroniqueur culturel\",\"worksFor\":\"Webdo\",\"url\":\"https:\\\/\\\/www.webdo.tn\\\/fr\\\/actualite\\\/author\\\/hatem-bourial-2\\\/\"}]}<\/script>\n<!-- \/ Yoast SEO Premium plugin. -->","yoast_head_json":{"title":"Le Code du statut personnel a 60 ans : Nos libert\u00e9s, nos corps, nos consciences...","description":"Le Code du statut personnel a 60 ans : Nos libert\u00e9s, nos corps, nos consciences...","canonical":"https:\/\/www.webdo.tn\/fr\/actualite\/chroniques\/code-statut-personnel-a-60-ans-nos-libertes-nos-corps-nos-consciences\/187164\/","og_locale":"fr_FR","og_type":"article","og_title":"Le Code du statut personnel a 60 ans : Nos libert\u00e9s, nos corps, nos consciences...","og_description":"Le Code du statut personnel a 60 ans : Nos libert\u00e9s, nos corps, nos consciences...","og_url":"https:\/\/www.webdo.tn\/fr\/actualite\/chroniques\/code-statut-personnel-a-60-ans-nos-libertes-nos-corps-nos-consciences\/187164\/","og_site_name":"webdo","article_publisher":"https:\/\/www.facebook.com\/webdotn","article_author":"https:\/\/www.facebook.com\/hatem.bourial.2025","article_published_time":"2016-08-13T08:28:00+00:00","og_image":[{"width":296,"height":300,"url":"https:\/\/www.webdo.tn\/fr\/wp-content\/uploads\/2016\/08\/Femme-Tunisie-CSP-296x300-1.jpg","type":"image\/jpeg"}],"author":"Hatem Bourial","twitter_card":"summary_large_image","twitter_creator":"@webdo_tn","twitter_site":"@webdo_tn","twitter_misc":{"\u00c9crit par":"Hatem Bourial","Dur\u00e9e de lecture estim\u00e9e":"2 minutes"},"schema":{"@context":"https:\/\/schema.org","@graph":[{"@type":"NewsArticle","@id":"https:\/\/www.webdo.tn\/fr\/actualite\/chroniques\/code-statut-personnel-a-60-ans-nos-libertes-nos-corps-nos-consciences\/187164\/#article","isPartOf":{"@id":"https:\/\/www.webdo.tn\/fr\/actualite\/chroniques\/code-statut-personnel-a-60-ans-nos-libertes-nos-corps-nos-consciences\/187164\/"},"author":{"name":"Hatem Bourial","@id":"https:\/\/www.webdo.tn\/fr\/#\/schema\/person\/6bc0beba2cd23aec27cb5df85ca2554f"},"headline":"Le Code du statut personnel a 60 ans : Nos libert\u00e9s, nos corps, nos consciences&#8230;","datePublished":"2016-08-13T08:28:00+00:00","mainEntityOfPage":{"@id":"https:\/\/www.webdo.tn\/fr\/actualite\/chroniques\/code-statut-personnel-a-60-ans-nos-libertes-nos-corps-nos-consciences\/187164\/"},"wordCount":445,"commentCount":0,"publisher":{"@id":"https:\/\/www.webdo.tn\/fr\/#organization"},"image":{"@id":"https:\/\/www.webdo.tn\/fr\/actualite\/chroniques\/code-statut-personnel-a-60-ans-nos-libertes-nos-corps-nos-consciences\/187164\/#primaryimage"},"thumbnailUrl":"https:\/\/www.webdo.tn\/fr\/wp-content\/uploads\/2016\/08\/Femme-Tunisie-CSP-296x300-1.jpg","keywords":["guerre"],"articleSection":["Chroniques"],"inLanguage":"fr-FR"},{"@type":"WebPage","@id":"https:\/\/www.webdo.tn\/fr\/actualite\/chroniques\/code-statut-personnel-a-60-ans-nos-libertes-nos-corps-nos-consciences\/187164\/","url":"https:\/\/www.webdo.tn\/fr\/actualite\/chroniques\/code-statut-personnel-a-60-ans-nos-libertes-nos-corps-nos-consciences\/187164\/","name":"Le Code du statut personnel a 60 ans : Nos libert\u00e9s, nos corps, nos consciences...","isPartOf":{"@id":"https:\/\/www.webdo.tn\/fr\/#website"},"primaryImageOfPage":{"@id":"https:\/\/www.webdo.tn\/fr\/actualite\/chroniques\/code-statut-personnel-a-60-ans-nos-libertes-nos-corps-nos-consciences\/187164\/#primaryimage"},"image":{"@id":"https:\/\/www.webdo.tn\/fr\/actualite\/chroniques\/code-statut-personnel-a-60-ans-nos-libertes-nos-corps-nos-consciences\/187164\/#primaryimage"},"thumbnailUrl":"https:\/\/www.webdo.tn\/fr\/wp-content\/uploads\/2016\/08\/Femme-Tunisie-CSP-296x300-1.jpg","datePublished":"2016-08-13T08:28:00+00:00","description":"Le Code du statut personnel a 60 ans : Nos libert\u00e9s, nos corps, nos consciences...","breadcrumb":{"@id":"https:\/\/www.webdo.tn\/fr\/actualite\/chroniques\/code-statut-personnel-a-60-ans-nos-libertes-nos-corps-nos-consciences\/187164\/#breadcrumb"},"inLanguage":"fr-FR","potentialAction":[{"@type":"ReadAction","target":["https:\/\/www.webdo.tn\/fr\/actualite\/chroniques\/code-statut-personnel-a-60-ans-nos-libertes-nos-corps-nos-consciences\/187164\/"]}]},{"@type":"ImageObject","inLanguage":"fr-FR","@id":"https:\/\/www.webdo.tn\/fr\/actualite\/chroniques\/code-statut-personnel-a-60-ans-nos-libertes-nos-corps-nos-consciences\/187164\/#primaryimage","url":"https:\/\/www.webdo.tn\/fr\/wp-content\/uploads\/2016\/08\/Femme-Tunisie-CSP-296x300-1.jpg","contentUrl":"https:\/\/www.webdo.tn\/fr\/wp-content\/uploads\/2016\/08\/Femme-Tunisie-CSP-296x300-1.jpg","width":296,"height":300,"caption":"Le Code du statut personnel a 60 ans : Nos libert\u00e9s, nos corps, nos consciences..."},{"@type":"BreadcrumbList","@id":"https:\/\/www.webdo.tn\/fr\/actualite\/chroniques\/code-statut-personnel-a-60-ans-nos-libertes-nos-corps-nos-consciences\/187164\/#breadcrumb","itemListElement":[{"@type":"ListItem","position":1,"name":"Accueil","item":"https:\/\/www.webdo.tn\/fr\/"},{"@type":"ListItem","position":2,"name":"Le Code du statut personnel a 60 ans : Nos libert\u00e9s, nos corps, nos consciences&#8230;"}]},{"@type":"WebSite","@id":"https:\/\/www.webdo.tn\/fr\/#website","url":"https:\/\/www.webdo.tn\/fr\/","name":"webdo","description":"Tunisie - News en Tunisie et \u00e0 l&#039;international sur Webdo.tn","publisher":{"@id":"https:\/\/www.webdo.tn\/fr\/#organization"},"potentialAction":[{"@type":"SearchAction","target":{"@type":"EntryPoint","urlTemplate":"https:\/\/www.webdo.tn\/fr\/?s={search_term_string}"},"query-input":{"@type":"PropertyValueSpecification","valueRequired":true,"valueName":"search_term_string"}}],"inLanguage":"fr-FR"},{"@type":"Organization","@id":"https:\/\/www.webdo.tn\/fr\/#organization","name":"Webdo","alternateName":"Webdo.tn","url":"https:\/\/www.webdo.tn\/fr\/","logo":{"@type":"ImageObject","inLanguage":"fr-FR","@id":"https:\/\/www.webdo.tn\/fr\/#\/schema\/logo\/image\/","url":"https:\/\/www.webdo.tn\/fr\/wp-content\/uploads\/2025\/06\/Webdo-Tunisie_168377.jpg","contentUrl":"https:\/\/www.webdo.tn\/fr\/wp-content\/uploads\/2025\/06\/Webdo-Tunisie_168377.jpg","width":301,"height":301,"caption":"Webdo"},"image":{"@id":"https:\/\/www.webdo.tn\/fr\/#\/schema\/logo\/image\/"},"sameAs":["https:\/\/www.facebook.com\/webdotn","https:\/\/x.com\/webdo_tn"],"description":"Webdo est un m\u00e9dia num\u00e9rique tunisien fond\u00e9 en 2010, sp\u00e9cialis\u00e9 dans l\u2019actualit\u00e9 nationale et internationale, l\u2019\u00e9conomie, la soci\u00e9t\u00e9 et les analyses politiques. Le site s\u2019adresse \u00e0 un large public francophone et couvre l\u2019information tunisienne en temps r\u00e9el.","email":"redac@webdo.tn","legalName":"YNJ SARL","foundingDate":"2010-09-06","numberOfEmployees":{"@type":"QuantitativeValue","minValue":"11","maxValue":"50"}},{"@type":"Person","@id":"https:\/\/www.webdo.tn\/fr\/#\/schema\/person\/6bc0beba2cd23aec27cb5df85ca2554f","name":"Hatem Bourial","image":{"@type":"ImageObject","inLanguage":"fr-FR","@id":"https:\/\/www.webdo.tn\/fr\/wp-content\/uploads\/2026\/04\/hatem-bourial_avatar-96x96.jpg","url":"https:\/\/www.webdo.tn\/fr\/wp-content\/uploads\/2026\/04\/hatem-bourial_avatar-96x96.jpg","contentUrl":"https:\/\/www.webdo.tn\/fr\/wp-content\/uploads\/2026\/04\/hatem-bourial_avatar-96x96.jpg","caption":"Hatem Bourial"},"description":"Hatem Bourial est journaliste, \u00e9crivain et chroniqueur tunisien. Actif depuis plusieurs d\u00e9cennies, il s\u2019est impos\u00e9 comme un observateur attentif de la soci\u00e9t\u00e9 tunisienne, m\u00ealant dans ses \u00e9crits m\u00e9moire, culture et analyse du quotidien. Auteur de nombreux ouvrages, il d\u00e9veloppe une \u0153uvre \u00e0 la crois\u00e9e du r\u00e9cit, de la po\u00e9sie et de l\u2019observation sociologique. Parall\u00e8lement \u00e0 ses contributions dans la presse, il intervient r\u00e9guli\u00e8rement \u00e0 la radio et dans des espaces culturels, o\u00f9 il explore les enjeux li\u00e9s au patrimoine, \u00e0 l\u2019identit\u00e9 et aux transformations du monde contemporain. \u00c0 travers ses chroniques, Hatem Bourial propose une lecture sensible et approfondie de l\u2019actualit\u00e9, nourrie par une exp\u00e9rience journalistique et litt\u00e9raire reconnue. \ud83d\udd17 Facebook : https:\/\/www.facebook.com\/hatem.bourial.2025","sameAs":["https:\/\/www.facebook.com\/hatem.bourial.2025","https:\/\/fr.wikipedia.org\/wiki\/Fichier:Hatem_Bourial.jpg"],"knowsAbout":["Culture & patrimoine tunisien","Chronique soci\u00e9tale","Litt\u00e9rature & m\u00e9moire","Cin\u00e9ma & critique culturelle","Identit\u00e9 & mutations sociales"],"knowsLanguage":["Arabe","Fran\u00e7ais","Anglais","Italien","Polonais"],"jobTitle":"Journaliste, \u00e9crivain et chroniqueur culturel","worksFor":"Webdo","url":"https:\/\/www.webdo.tn\/fr\/actualite\/author\/hatem-bourial-2\/"}]}},"_links":{"self":[{"href":"https:\/\/www.webdo.tn\/fr\/wp-json\/wp\/v2\/posts\/187164","targetHints":{"allow":["GET"]}}],"collection":[{"href":"https:\/\/www.webdo.tn\/fr\/wp-json\/wp\/v2\/posts"}],"about":[{"href":"https:\/\/www.webdo.tn\/fr\/wp-json\/wp\/v2\/types\/post"}],"author":[{"embeddable":true,"href":"https:\/\/www.webdo.tn\/fr\/wp-json\/wp\/v2\/users\/3229"}],"replies":[{"embeddable":true,"href":"https:\/\/www.webdo.tn\/fr\/wp-json\/wp\/v2\/comments?post=187164"}],"version-history":[{"count":0,"href":"https:\/\/www.webdo.tn\/fr\/wp-json\/wp\/v2\/posts\/187164\/revisions"}],"wp:featuredmedia":[{"embeddable":true,"href":"https:\/\/www.webdo.tn\/fr\/wp-json\/wp\/v2\/media\/337763"}],"wp:attachment":[{"href":"https:\/\/www.webdo.tn\/fr\/wp-json\/wp\/v2\/media?parent=187164"}],"wp:term":[{"taxonomy":"category","embeddable":true,"href":"https:\/\/www.webdo.tn\/fr\/wp-json\/wp\/v2\/categories?post=187164"},{"taxonomy":"post_tag","embeddable":true,"href":"https:\/\/www.webdo.tn\/fr\/wp-json\/wp\/v2\/tags?post=187164"}],"curies":[{"name":"wp","href":"https:\/\/api.w.org\/{rel}","templated":true}]}}