{"id":187159,"date":"2016-08-09T10:27:00","date_gmt":"2016-08-09T10:27:00","guid":{"rendered":"https:\/\/www.webdo.tn\/fr\/blog\/1925-jeune-tunisienne-condamnee-virulence-setre-presentee-a-concours-de-beaute\/187159\/"},"modified":"2016-08-09T10:27:00","modified_gmt":"2016-08-09T10:27:00","slug":"1925-jeune-tunisienne-condamnee-virulence-setre-presentee-a-concours-de-beaute","status":"publish","type":"post","link":"https:\/\/www.webdo.tn\/fr\/actualite\/chroniques\/1925-jeune-tunisienne-condamnee-virulence-setre-presentee-a-concours-de-beaute\/187159\/","title":{"rendered":"En 1925, une jeune tunisienne condamn\u00e9e avec virulence pour s&rsquo;\u00eatre pr\u00e9sent\u00e9e \u00e0 un concours de beaut\u00e9"},"content":{"rendered":"<p>Qui se souvient de Najet Ben Othman ? Cette jeune tunisienne s&rsquo;\u00e9tait pr\u00e9sent\u00e9e en 1925 \u00e0 un concours de beaut\u00e9 et fut \u00e9lue reine par le Comit\u00e9 des f\u00eates de Tunis, organisateur de l&rsquo;\u00e9v\u00e9nement.<\/p>\n<p>Couturi\u00e8re de son \u00e9tat, cette fille d&rsquo;un couple mixte dont la m\u00e8re est fran\u00e7aise, avait os\u00e9 se pr\u00e9senter d\u00e9voil\u00e9e \u00e0 ce concours et fut condamn\u00e9e dans les termes les plus vifs.<\/p>\n<p>On nia sa foi musulmane, on jeta sur elle le discr\u00e9dit et l&rsquo;opprobre sur sa r\u00e9putation. Et pourtant, il ne s&rsquo;agissait que d&rsquo;un concours de beaut\u00e9, diriez-vous. Mais ce serait sans compter avec les pesanteurs d&rsquo;une \u00e9poque d\u00e9sormais r\u00e9volue&#8230;<\/p>\n<p>Mais sait-on jamais avec nos vieux d\u00e9mons qui peuvent se r\u00e9veiller \u00e0 tout moment ?<\/p>\n","protected":false},"excerpt":{"rendered":"<p>En 1925, une jeune tunisienne condamn\u00e9e avec virulence pour s&rsquo;\u00eatre pr\u00e9sent\u00e9e \u00e0 un concours de beaut\u00e9<\/p>\n","protected":false},"author":3229,"featured_media":337726,"comment_status":"open","ping_status":"closed","sticky":false,"template":"","format":"standard","meta":{"footnotes":""},"categories":[2596],"tags":[2600],"class_list":["post-187159","post","type-post","status-publish","format-standard","has-post-thumbnail","hentry","category-chroniques","tag-guerre"],"yoast_head":"<!-- This site is optimized with the Yoast SEO Premium plugin v27.4 (Yoast SEO v27.5) - https:\/\/yoast.com\/product\/yoast-seo-premium-wordpress\/ -->\n<title>En 1925, une jeune tunisienne condamn\u00e9e avec virulence pour s&#039;\u00eatre pr\u00e9sent\u00e9e \u00e0 un concours de beaut\u00e9<\/title>\n<meta name=\"description\" content=\"En 1925, une jeune tunisienne condamn\u00e9e avec virulence pour s&#039;\u00eatre pr\u00e9sent\u00e9e \u00e0 un concours de beaut\u00e9\" \/>\n<link rel=\"canonical\" href=\"https:\/\/www.webdo.tn\/fr\/actualite\/chroniques\/1925-jeune-tunisienne-condamnee-virulence-setre-presentee-a-concours-de-beaute\/187159\/\" \/>\n<meta property=\"og:locale\" content=\"fr_FR\" \/>\n<meta property=\"og:type\" content=\"article\" \/>\n<meta property=\"og:title\" content=\"En 1925, une jeune tunisienne condamn\u00e9e avec virulence pour s&#039;\u00eatre pr\u00e9sent\u00e9e \u00e0 un concours de beaut\u00e9\" \/>\n<meta property=\"og:description\" content=\"En 1925, une jeune tunisienne condamn\u00e9e avec virulence pour s&#039;\u00eatre pr\u00e9sent\u00e9e \u00e0 un concours de beaut\u00e9\" \/>\n<meta property=\"og:url\" content=\"https:\/\/www.webdo.tn\/fr\/actualite\/chroniques\/1925-jeune-tunisienne-condamnee-virulence-setre-presentee-a-concours-de-beaute\/187159\/\" \/>\n<meta property=\"og:site_name\" content=\"webdo\" \/>\n<meta property=\"article:publisher\" content=\"https:\/\/www.facebook.com\/webdotn\" \/>\n<meta property=\"article:author\" content=\"https:\/\/www.facebook.com\/hatem.bourial.2025\" \/>\n<meta property=\"article:published_time\" content=\"2016-08-09T10:27:00+00:00\" \/>\n<meta property=\"og:image\" content=\"https:\/\/www.webdo.tn\/fr\/wp-content\/uploads\/2016\/08\/UNFT-Tunisie-300x176-1.jpg\" \/>\n\t<meta property=\"og:image:width\" content=\"300\" \/>\n\t<meta property=\"og:image:height\" content=\"176\" \/>\n\t<meta property=\"og:image:type\" content=\"image\/jpeg\" \/>\n<meta name=\"author\" content=\"Hatem Bourial\" \/>\n<meta name=\"twitter:card\" content=\"summary_large_image\" \/>\n<meta name=\"twitter:creator\" content=\"@webdo_tn\" \/>\n<meta name=\"twitter:site\" content=\"@webdo_tn\" \/>\n<meta name=\"twitter:label1\" content=\"\u00c9crit par\" \/>\n\t<meta name=\"twitter:data1\" content=\"Hatem Bourial\" \/>\n\t<meta name=\"twitter:label2\" content=\"Dur\u00e9e de lecture estim\u00e9e\" \/>\n\t<meta name=\"twitter:data2\" content=\"1 minute\" \/>\n<script type=\"application\/ld+json\" class=\"yoast-schema-graph\">{\"@context\":\"https:\\\/\\\/schema.org\",\"@graph\":[{\"@type\":\"NewsArticle\",\"@id\":\"https:\\\/\\\/www.webdo.tn\\\/fr\\\/actualite\\\/chroniques\\\/1925-jeune-tunisienne-condamnee-virulence-setre-presentee-a-concours-de-beaute\\\/187159\\\/#article\",\"isPartOf\":{\"@id\":\"https:\\\/\\\/www.webdo.tn\\\/fr\\\/actualite\\\/chroniques\\\/1925-jeune-tunisienne-condamnee-virulence-setre-presentee-a-concours-de-beaute\\\/187159\\\/\"},\"author\":{\"name\":\"Hatem Bourial\",\"@id\":\"https:\\\/\\\/www.webdo.tn\\\/fr\\\/#\\\/schema\\\/person\\\/6bc0beba2cd23aec27cb5df85ca2554f\"},\"headline\":\"En 1925, une jeune tunisienne condamn\u00e9e avec virulence pour s&rsquo;\u00eatre pr\u00e9sent\u00e9e \u00e0 un concours de beaut\u00e9\",\"datePublished\":\"2016-08-09T10:27:00+00:00\",\"mainEntityOfPage\":{\"@id\":\"https:\\\/\\\/www.webdo.tn\\\/fr\\\/actualite\\\/chroniques\\\/1925-jeune-tunisienne-condamnee-virulence-setre-presentee-a-concours-de-beaute\\\/187159\\\/\"},\"wordCount\":155,\"commentCount\":0,\"publisher\":{\"@id\":\"https:\\\/\\\/www.webdo.tn\\\/fr\\\/#organization\"},\"image\":{\"@id\":\"https:\\\/\\\/www.webdo.tn\\\/fr\\\/actualite\\\/chroniques\\\/1925-jeune-tunisienne-condamnee-virulence-setre-presentee-a-concours-de-beaute\\\/187159\\\/#primaryimage\"},\"thumbnailUrl\":\"https:\\\/\\\/www.webdo.tn\\\/fr\\\/wp-content\\\/uploads\\\/2016\\\/08\\\/UNFT-Tunisie-300x176-1.jpg\",\"keywords\":[\"guerre\"],\"articleSection\":[\"Chroniques\"],\"inLanguage\":\"fr-FR\"},{\"@type\":\"WebPage\",\"@id\":\"https:\\\/\\\/www.webdo.tn\\\/fr\\\/actualite\\\/chroniques\\\/1925-jeune-tunisienne-condamnee-virulence-setre-presentee-a-concours-de-beaute\\\/187159\\\/\",\"url\":\"https:\\\/\\\/www.webdo.tn\\\/fr\\\/actualite\\\/chroniques\\\/1925-jeune-tunisienne-condamnee-virulence-setre-presentee-a-concours-de-beaute\\\/187159\\\/\",\"name\":\"En 1925, une jeune tunisienne condamn\u00e9e avec virulence pour s'\u00eatre pr\u00e9sent\u00e9e \u00e0 un concours de beaut\u00e9\",\"isPartOf\":{\"@id\":\"https:\\\/\\\/www.webdo.tn\\\/fr\\\/#website\"},\"primaryImageOfPage\":{\"@id\":\"https:\\\/\\\/www.webdo.tn\\\/fr\\\/actualite\\\/chroniques\\\/1925-jeune-tunisienne-condamnee-virulence-setre-presentee-a-concours-de-beaute\\\/187159\\\/#primaryimage\"},\"image\":{\"@id\":\"https:\\\/\\\/www.webdo.tn\\\/fr\\\/actualite\\\/chroniques\\\/1925-jeune-tunisienne-condamnee-virulence-setre-presentee-a-concours-de-beaute\\\/187159\\\/#primaryimage\"},\"thumbnailUrl\":\"https:\\\/\\\/www.webdo.tn\\\/fr\\\/wp-content\\\/uploads\\\/2016\\\/08\\\/UNFT-Tunisie-300x176-1.jpg\",\"datePublished\":\"2016-08-09T10:27:00+00:00\",\"description\":\"En 1925, une jeune tunisienne condamn\u00e9e avec virulence pour s'\u00eatre pr\u00e9sent\u00e9e \u00e0 un concours de beaut\u00e9\",\"breadcrumb\":{\"@id\":\"https:\\\/\\\/www.webdo.tn\\\/fr\\\/actualite\\\/chroniques\\\/1925-jeune-tunisienne-condamnee-virulence-setre-presentee-a-concours-de-beaute\\\/187159\\\/#breadcrumb\"},\"inLanguage\":\"fr-FR\",\"potentialAction\":[{\"@type\":\"ReadAction\",\"target\":[\"https:\\\/\\\/www.webdo.tn\\\/fr\\\/actualite\\\/chroniques\\\/1925-jeune-tunisienne-condamnee-virulence-setre-presentee-a-concours-de-beaute\\\/187159\\\/\"]}]},{\"@type\":\"ImageObject\",\"inLanguage\":\"fr-FR\",\"@id\":\"https:\\\/\\\/www.webdo.tn\\\/fr\\\/actualite\\\/chroniques\\\/1925-jeune-tunisienne-condamnee-virulence-setre-presentee-a-concours-de-beaute\\\/187159\\\/#primaryimage\",\"url\":\"https:\\\/\\\/www.webdo.tn\\\/fr\\\/wp-content\\\/uploads\\\/2016\\\/08\\\/UNFT-Tunisie-300x176-1.jpg\",\"contentUrl\":\"https:\\\/\\\/www.webdo.tn\\\/fr\\\/wp-content\\\/uploads\\\/2016\\\/08\\\/UNFT-Tunisie-300x176-1.jpg\",\"width\":300,\"height\":176,\"caption\":\"En 1925, une jeune tunisienne condamn\u00e9e avec virulence pour s'\u00eatre pr\u00e9sent\u00e9e \u00e0 un concours de beaut\u00e9\"},{\"@type\":\"BreadcrumbList\",\"@id\":\"https:\\\/\\\/www.webdo.tn\\\/fr\\\/actualite\\\/chroniques\\\/1925-jeune-tunisienne-condamnee-virulence-setre-presentee-a-concours-de-beaute\\\/187159\\\/#breadcrumb\",\"itemListElement\":[{\"@type\":\"ListItem\",\"position\":1,\"name\":\"Accueil\",\"item\":\"https:\\\/\\\/www.webdo.tn\\\/fr\\\/\"},{\"@type\":\"ListItem\",\"position\":2,\"name\":\"En 1925, une jeune tunisienne condamn\u00e9e avec virulence pour s&#8217;\u00eatre pr\u00e9sent\u00e9e \u00e0 un concours de beaut\u00e9\"}]},{\"@type\":\"WebSite\",\"@id\":\"https:\\\/\\\/www.webdo.tn\\\/fr\\\/#website\",\"url\":\"https:\\\/\\\/www.webdo.tn\\\/fr\\\/\",\"name\":\"webdo\",\"description\":\"Tunisie - News en Tunisie et \u00e0 l&#039;international sur Webdo.tn\",\"publisher\":{\"@id\":\"https:\\\/\\\/www.webdo.tn\\\/fr\\\/#organization\"},\"potentialAction\":[{\"@type\":\"SearchAction\",\"target\":{\"@type\":\"EntryPoint\",\"urlTemplate\":\"https:\\\/\\\/www.webdo.tn\\\/fr\\\/?s={search_term_string}\"},\"query-input\":{\"@type\":\"PropertyValueSpecification\",\"valueRequired\":true,\"valueName\":\"search_term_string\"}}],\"inLanguage\":\"fr-FR\"},{\"@type\":\"Organization\",\"@id\":\"https:\\\/\\\/www.webdo.tn\\\/fr\\\/#organization\",\"name\":\"Webdo\",\"alternateName\":\"Webdo.tn\",\"url\":\"https:\\\/\\\/www.webdo.tn\\\/fr\\\/\",\"logo\":{\"@type\":\"ImageObject\",\"inLanguage\":\"fr-FR\",\"@id\":\"https:\\\/\\\/www.webdo.tn\\\/fr\\\/#\\\/schema\\\/logo\\\/image\\\/\",\"url\":\"https:\\\/\\\/www.webdo.tn\\\/fr\\\/wp-content\\\/uploads\\\/2025\\\/06\\\/Webdo-Tunisie_168377.jpg\",\"contentUrl\":\"https:\\\/\\\/www.webdo.tn\\\/fr\\\/wp-content\\\/uploads\\\/2025\\\/06\\\/Webdo-Tunisie_168377.jpg\",\"width\":301,\"height\":301,\"caption\":\"Webdo\"},\"image\":{\"@id\":\"https:\\\/\\\/www.webdo.tn\\\/fr\\\/#\\\/schema\\\/logo\\\/image\\\/\"},\"sameAs\":[\"https:\\\/\\\/www.facebook.com\\\/webdotn\",\"https:\\\/\\\/x.com\\\/webdo_tn\"],\"description\":\"Webdo est un m\u00e9dia num\u00e9rique tunisien fond\u00e9 en 2010, sp\u00e9cialis\u00e9 dans l\u2019actualit\u00e9 nationale et internationale, l\u2019\u00e9conomie, la soci\u00e9t\u00e9 et les analyses politiques. Le site s\u2019adresse \u00e0 un large public francophone et couvre l\u2019information tunisienne en temps r\u00e9el.\",\"email\":\"redac@webdo.tn\",\"legalName\":\"YNJ SARL\",\"foundingDate\":\"2010-09-06\",\"numberOfEmployees\":{\"@type\":\"QuantitativeValue\",\"minValue\":\"11\",\"maxValue\":\"50\"}},{\"@type\":\"Person\",\"@id\":\"https:\\\/\\\/www.webdo.tn\\\/fr\\\/#\\\/schema\\\/person\\\/6bc0beba2cd23aec27cb5df85ca2554f\",\"name\":\"Hatem Bourial\",\"image\":{\"@type\":\"ImageObject\",\"inLanguage\":\"fr-FR\",\"@id\":\"https:\\\/\\\/www.webdo.tn\\\/fr\\\/wp-content\\\/uploads\\\/2026\\\/04\\\/hatem-bourial_avatar-96x96.jpg\",\"url\":\"https:\\\/\\\/www.webdo.tn\\\/fr\\\/wp-content\\\/uploads\\\/2026\\\/04\\\/hatem-bourial_avatar-96x96.jpg\",\"contentUrl\":\"https:\\\/\\\/www.webdo.tn\\\/fr\\\/wp-content\\\/uploads\\\/2026\\\/04\\\/hatem-bourial_avatar-96x96.jpg\",\"caption\":\"Hatem Bourial\"},\"description\":\"Hatem Bourial est journaliste, \u00e9crivain et chroniqueur tunisien. Actif depuis plusieurs d\u00e9cennies, il s\u2019est impos\u00e9 comme un observateur attentif de la soci\u00e9t\u00e9 tunisienne, m\u00ealant dans ses \u00e9crits m\u00e9moire, culture et analyse du quotidien. Auteur de nombreux ouvrages, il d\u00e9veloppe une \u0153uvre \u00e0 la crois\u00e9e du r\u00e9cit, de la po\u00e9sie et de l\u2019observation sociologique. Parall\u00e8lement \u00e0 ses contributions dans la presse, il intervient r\u00e9guli\u00e8rement \u00e0 la radio et dans des espaces culturels, o\u00f9 il explore les enjeux li\u00e9s au patrimoine, \u00e0 l\u2019identit\u00e9 et aux transformations du monde contemporain. \u00c0 travers ses chroniques, Hatem Bourial propose une lecture sensible et approfondie de l\u2019actualit\u00e9, nourrie par une exp\u00e9rience journalistique et litt\u00e9raire reconnue. \ud83d\udd17 Facebook : https:\\\/\\\/www.facebook.com\\\/hatem.bourial.2025\",\"sameAs\":[\"https:\\\/\\\/www.facebook.com\\\/hatem.bourial.2025\",\"https:\\\/\\\/fr.wikipedia.org\\\/wiki\\\/Fichier:Hatem_Bourial.jpg\"],\"knowsAbout\":[\"Culture & patrimoine tunisien\",\"Chronique soci\u00e9tale\",\"Litt\u00e9rature & m\u00e9moire\",\"Cin\u00e9ma & critique culturelle\",\"Identit\u00e9 & mutations sociales\"],\"knowsLanguage\":[\"Arabe\",\"Fran\u00e7ais\",\"Anglais\",\"Italien\",\"Polonais\"],\"jobTitle\":\"Journaliste, \u00e9crivain et chroniqueur culturel\",\"worksFor\":\"Webdo\",\"url\":\"https:\\\/\\\/www.webdo.tn\\\/fr\\\/actualite\\\/author\\\/hatem-bourial-2\\\/\"}]}<\/script>\n<!-- \/ Yoast SEO Premium plugin. -->","yoast_head_json":{"title":"En 1925, une jeune tunisienne condamn\u00e9e avec virulence pour s'\u00eatre pr\u00e9sent\u00e9e \u00e0 un concours de beaut\u00e9","description":"En 1925, une jeune tunisienne condamn\u00e9e avec virulence pour s'\u00eatre pr\u00e9sent\u00e9e \u00e0 un concours de beaut\u00e9","canonical":"https:\/\/www.webdo.tn\/fr\/actualite\/chroniques\/1925-jeune-tunisienne-condamnee-virulence-setre-presentee-a-concours-de-beaute\/187159\/","og_locale":"fr_FR","og_type":"article","og_title":"En 1925, une jeune tunisienne condamn\u00e9e avec virulence pour s'\u00eatre pr\u00e9sent\u00e9e \u00e0 un concours de beaut\u00e9","og_description":"En 1925, une jeune tunisienne condamn\u00e9e avec virulence pour s'\u00eatre pr\u00e9sent\u00e9e \u00e0 un concours de beaut\u00e9","og_url":"https:\/\/www.webdo.tn\/fr\/actualite\/chroniques\/1925-jeune-tunisienne-condamnee-virulence-setre-presentee-a-concours-de-beaute\/187159\/","og_site_name":"webdo","article_publisher":"https:\/\/www.facebook.com\/webdotn","article_author":"https:\/\/www.facebook.com\/hatem.bourial.2025","article_published_time":"2016-08-09T10:27:00+00:00","og_image":[{"width":300,"height":176,"url":"https:\/\/www.webdo.tn\/fr\/wp-content\/uploads\/2016\/08\/UNFT-Tunisie-300x176-1.jpg","type":"image\/jpeg"}],"author":"Hatem Bourial","twitter_card":"summary_large_image","twitter_creator":"@webdo_tn","twitter_site":"@webdo_tn","twitter_misc":{"\u00c9crit par":"Hatem Bourial","Dur\u00e9e de lecture estim\u00e9e":"1 minute"},"schema":{"@context":"https:\/\/schema.org","@graph":[{"@type":"NewsArticle","@id":"https:\/\/www.webdo.tn\/fr\/actualite\/chroniques\/1925-jeune-tunisienne-condamnee-virulence-setre-presentee-a-concours-de-beaute\/187159\/#article","isPartOf":{"@id":"https:\/\/www.webdo.tn\/fr\/actualite\/chroniques\/1925-jeune-tunisienne-condamnee-virulence-setre-presentee-a-concours-de-beaute\/187159\/"},"author":{"name":"Hatem Bourial","@id":"https:\/\/www.webdo.tn\/fr\/#\/schema\/person\/6bc0beba2cd23aec27cb5df85ca2554f"},"headline":"En 1925, une jeune tunisienne condamn\u00e9e avec virulence pour s&rsquo;\u00eatre pr\u00e9sent\u00e9e \u00e0 un concours de beaut\u00e9","datePublished":"2016-08-09T10:27:00+00:00","mainEntityOfPage":{"@id":"https:\/\/www.webdo.tn\/fr\/actualite\/chroniques\/1925-jeune-tunisienne-condamnee-virulence-setre-presentee-a-concours-de-beaute\/187159\/"},"wordCount":155,"commentCount":0,"publisher":{"@id":"https:\/\/www.webdo.tn\/fr\/#organization"},"image":{"@id":"https:\/\/www.webdo.tn\/fr\/actualite\/chroniques\/1925-jeune-tunisienne-condamnee-virulence-setre-presentee-a-concours-de-beaute\/187159\/#primaryimage"},"thumbnailUrl":"https:\/\/www.webdo.tn\/fr\/wp-content\/uploads\/2016\/08\/UNFT-Tunisie-300x176-1.jpg","keywords":["guerre"],"articleSection":["Chroniques"],"inLanguage":"fr-FR"},{"@type":"WebPage","@id":"https:\/\/www.webdo.tn\/fr\/actualite\/chroniques\/1925-jeune-tunisienne-condamnee-virulence-setre-presentee-a-concours-de-beaute\/187159\/","url":"https:\/\/www.webdo.tn\/fr\/actualite\/chroniques\/1925-jeune-tunisienne-condamnee-virulence-setre-presentee-a-concours-de-beaute\/187159\/","name":"En 1925, une jeune tunisienne condamn\u00e9e avec virulence pour s'\u00eatre pr\u00e9sent\u00e9e \u00e0 un concours de beaut\u00e9","isPartOf":{"@id":"https:\/\/www.webdo.tn\/fr\/#website"},"primaryImageOfPage":{"@id":"https:\/\/www.webdo.tn\/fr\/actualite\/chroniques\/1925-jeune-tunisienne-condamnee-virulence-setre-presentee-a-concours-de-beaute\/187159\/#primaryimage"},"image":{"@id":"https:\/\/www.webdo.tn\/fr\/actualite\/chroniques\/1925-jeune-tunisienne-condamnee-virulence-setre-presentee-a-concours-de-beaute\/187159\/#primaryimage"},"thumbnailUrl":"https:\/\/www.webdo.tn\/fr\/wp-content\/uploads\/2016\/08\/UNFT-Tunisie-300x176-1.jpg","datePublished":"2016-08-09T10:27:00+00:00","description":"En 1925, une jeune tunisienne condamn\u00e9e avec virulence pour s'\u00eatre pr\u00e9sent\u00e9e \u00e0 un concours de beaut\u00e9","breadcrumb":{"@id":"https:\/\/www.webdo.tn\/fr\/actualite\/chroniques\/1925-jeune-tunisienne-condamnee-virulence-setre-presentee-a-concours-de-beaute\/187159\/#breadcrumb"},"inLanguage":"fr-FR","potentialAction":[{"@type":"ReadAction","target":["https:\/\/www.webdo.tn\/fr\/actualite\/chroniques\/1925-jeune-tunisienne-condamnee-virulence-setre-presentee-a-concours-de-beaute\/187159\/"]}]},{"@type":"ImageObject","inLanguage":"fr-FR","@id":"https:\/\/www.webdo.tn\/fr\/actualite\/chroniques\/1925-jeune-tunisienne-condamnee-virulence-setre-presentee-a-concours-de-beaute\/187159\/#primaryimage","url":"https:\/\/www.webdo.tn\/fr\/wp-content\/uploads\/2016\/08\/UNFT-Tunisie-300x176-1.jpg","contentUrl":"https:\/\/www.webdo.tn\/fr\/wp-content\/uploads\/2016\/08\/UNFT-Tunisie-300x176-1.jpg","width":300,"height":176,"caption":"En 1925, une jeune tunisienne condamn\u00e9e avec virulence pour s'\u00eatre pr\u00e9sent\u00e9e \u00e0 un concours de beaut\u00e9"},{"@type":"BreadcrumbList","@id":"https:\/\/www.webdo.tn\/fr\/actualite\/chroniques\/1925-jeune-tunisienne-condamnee-virulence-setre-presentee-a-concours-de-beaute\/187159\/#breadcrumb","itemListElement":[{"@type":"ListItem","position":1,"name":"Accueil","item":"https:\/\/www.webdo.tn\/fr\/"},{"@type":"ListItem","position":2,"name":"En 1925, une jeune tunisienne condamn\u00e9e avec virulence pour s&#8217;\u00eatre pr\u00e9sent\u00e9e \u00e0 un concours de beaut\u00e9"}]},{"@type":"WebSite","@id":"https:\/\/www.webdo.tn\/fr\/#website","url":"https:\/\/www.webdo.tn\/fr\/","name":"webdo","description":"Tunisie - News en Tunisie et \u00e0 l&#039;international sur Webdo.tn","publisher":{"@id":"https:\/\/www.webdo.tn\/fr\/#organization"},"potentialAction":[{"@type":"SearchAction","target":{"@type":"EntryPoint","urlTemplate":"https:\/\/www.webdo.tn\/fr\/?s={search_term_string}"},"query-input":{"@type":"PropertyValueSpecification","valueRequired":true,"valueName":"search_term_string"}}],"inLanguage":"fr-FR"},{"@type":"Organization","@id":"https:\/\/www.webdo.tn\/fr\/#organization","name":"Webdo","alternateName":"Webdo.tn","url":"https:\/\/www.webdo.tn\/fr\/","logo":{"@type":"ImageObject","inLanguage":"fr-FR","@id":"https:\/\/www.webdo.tn\/fr\/#\/schema\/logo\/image\/","url":"https:\/\/www.webdo.tn\/fr\/wp-content\/uploads\/2025\/06\/Webdo-Tunisie_168377.jpg","contentUrl":"https:\/\/www.webdo.tn\/fr\/wp-content\/uploads\/2025\/06\/Webdo-Tunisie_168377.jpg","width":301,"height":301,"caption":"Webdo"},"image":{"@id":"https:\/\/www.webdo.tn\/fr\/#\/schema\/logo\/image\/"},"sameAs":["https:\/\/www.facebook.com\/webdotn","https:\/\/x.com\/webdo_tn"],"description":"Webdo est un m\u00e9dia num\u00e9rique tunisien fond\u00e9 en 2010, sp\u00e9cialis\u00e9 dans l\u2019actualit\u00e9 nationale et internationale, l\u2019\u00e9conomie, la soci\u00e9t\u00e9 et les analyses politiques. Le site s\u2019adresse \u00e0 un large public francophone et couvre l\u2019information tunisienne en temps r\u00e9el.","email":"redac@webdo.tn","legalName":"YNJ SARL","foundingDate":"2010-09-06","numberOfEmployees":{"@type":"QuantitativeValue","minValue":"11","maxValue":"50"}},{"@type":"Person","@id":"https:\/\/www.webdo.tn\/fr\/#\/schema\/person\/6bc0beba2cd23aec27cb5df85ca2554f","name":"Hatem Bourial","image":{"@type":"ImageObject","inLanguage":"fr-FR","@id":"https:\/\/www.webdo.tn\/fr\/wp-content\/uploads\/2026\/04\/hatem-bourial_avatar-96x96.jpg","url":"https:\/\/www.webdo.tn\/fr\/wp-content\/uploads\/2026\/04\/hatem-bourial_avatar-96x96.jpg","contentUrl":"https:\/\/www.webdo.tn\/fr\/wp-content\/uploads\/2026\/04\/hatem-bourial_avatar-96x96.jpg","caption":"Hatem Bourial"},"description":"Hatem Bourial est journaliste, \u00e9crivain et chroniqueur tunisien. Actif depuis plusieurs d\u00e9cennies, il s\u2019est impos\u00e9 comme un observateur attentif de la soci\u00e9t\u00e9 tunisienne, m\u00ealant dans ses \u00e9crits m\u00e9moire, culture et analyse du quotidien. Auteur de nombreux ouvrages, il d\u00e9veloppe une \u0153uvre \u00e0 la crois\u00e9e du r\u00e9cit, de la po\u00e9sie et de l\u2019observation sociologique. Parall\u00e8lement \u00e0 ses contributions dans la presse, il intervient r\u00e9guli\u00e8rement \u00e0 la radio et dans des espaces culturels, o\u00f9 il explore les enjeux li\u00e9s au patrimoine, \u00e0 l\u2019identit\u00e9 et aux transformations du monde contemporain. \u00c0 travers ses chroniques, Hatem Bourial propose une lecture sensible et approfondie de l\u2019actualit\u00e9, nourrie par une exp\u00e9rience journalistique et litt\u00e9raire reconnue. \ud83d\udd17 Facebook : https:\/\/www.facebook.com\/hatem.bourial.2025","sameAs":["https:\/\/www.facebook.com\/hatem.bourial.2025","https:\/\/fr.wikipedia.org\/wiki\/Fichier:Hatem_Bourial.jpg"],"knowsAbout":["Culture & patrimoine tunisien","Chronique soci\u00e9tale","Litt\u00e9rature & m\u00e9moire","Cin\u00e9ma & critique culturelle","Identit\u00e9 & mutations sociales"],"knowsLanguage":["Arabe","Fran\u00e7ais","Anglais","Italien","Polonais"],"jobTitle":"Journaliste, \u00e9crivain et chroniqueur culturel","worksFor":"Webdo","url":"https:\/\/www.webdo.tn\/fr\/actualite\/author\/hatem-bourial-2\/"}]}},"_links":{"self":[{"href":"https:\/\/www.webdo.tn\/fr\/wp-json\/wp\/v2\/posts\/187159","targetHints":{"allow":["GET"]}}],"collection":[{"href":"https:\/\/www.webdo.tn\/fr\/wp-json\/wp\/v2\/posts"}],"about":[{"href":"https:\/\/www.webdo.tn\/fr\/wp-json\/wp\/v2\/types\/post"}],"author":[{"embeddable":true,"href":"https:\/\/www.webdo.tn\/fr\/wp-json\/wp\/v2\/users\/3229"}],"replies":[{"embeddable":true,"href":"https:\/\/www.webdo.tn\/fr\/wp-json\/wp\/v2\/comments?post=187159"}],"version-history":[{"count":0,"href":"https:\/\/www.webdo.tn\/fr\/wp-json\/wp\/v2\/posts\/187159\/revisions"}],"wp:featuredmedia":[{"embeddable":true,"href":"https:\/\/www.webdo.tn\/fr\/wp-json\/wp\/v2\/media\/337726"}],"wp:attachment":[{"href":"https:\/\/www.webdo.tn\/fr\/wp-json\/wp\/v2\/media?parent=187159"}],"wp:term":[{"taxonomy":"category","embeddable":true,"href":"https:\/\/www.webdo.tn\/fr\/wp-json\/wp\/v2\/categories?post=187159"},{"taxonomy":"post_tag","embeddable":true,"href":"https:\/\/www.webdo.tn\/fr\/wp-json\/wp\/v2\/tags?post=187159"}],"curies":[{"name":"wp","href":"https:\/\/api.w.org\/{rel}","templated":true}]}}