{"id":187157,"date":"2016-08-07T09:00:00","date_gmt":"2016-08-07T09:00:00","guid":{"rendered":"https:\/\/www.webdo.tn\/fr\/blog\/rtci-juke-box-mejda-ben-hussein-renaitre-lesprit-faika\/187157\/"},"modified":"2016-08-07T09:00:00","modified_gmt":"2016-08-07T09:00:00","slug":"rtci-juke-box-mejda-ben-hussein-renaitre-lesprit-faika","status":"publish","type":"post","link":"https:\/\/www.webdo.tn\/fr\/actualite\/chroniques\/rtci-juke-box-mejda-ben-hussein-renaitre-lesprit-faika\/187157\/","title":{"rendered":"RTCI : Avec \u00ab\u00a0Juke Box\u00a0\u00bb, Mejda Ben Hussein fait rena\u00eetre l&rsquo;esprit Faika&#8230;"},"content":{"rendered":"<p>Depuis le d\u00e9but de l&rsquo;\u00e9t\u00e9, RTCI propose \u00e0 ses auditeurs une nouvelle production qui remet \u00e0 l&rsquo;honneur le fameux Concert des auditeurs anim\u00e9 par la non moins c\u00e9l\u00e8bre Faika.<br \/>\nLe concept new look de Mejda et l&rsquo;inoubliable Faika<br \/>\nIntitul\u00e9e \u00ab\u00a0Juke Box\u00a0\u00bb, cette \u00e9mission est diffus\u00e9e tous les jours de semaine entre onze heures et midi. Anim\u00e9 par Mejda Ben Hussein, ce nouveau rendez-vous revient sur un concept toujours appr\u00e9ci\u00e9 des auditeurs et qui avait connu un pic de notori\u00e9t\u00e9 dans les ann\u00e9es 60-70.<\/p>\n<p>Sans adopter la m\u00eame d\u00e9marche que l&rsquo;inoubliable Faika, Mejda r\u00e9nove le concept, lui donne un look diff\u00e9rent et une allure plut\u00f4t \u00e0 la page.<\/p>\n<p>Le principe \u00e9tant que les auditeurs adressent leurs d\u00e9dicaces, l&rsquo;\u00e9mission alterne les chansons choisies par les auditeurs et leurs messages. La formule est des plus conviviales et s&rsquo;appuie \u00e0 la fois sur les r\u00e9seaux sociaux et le t\u00e9l\u00e9phone.<\/p>\n<p>Un mois apr\u00e8s son lancement, la formule semble tenir la route et accrocher de nombreux auditeurs.<br \/>\n\u00ab\u00a0A vous de choisir: le Concert des auditeurs\u00a0\u00bb<br \/>\nLa dynamique engag\u00e9e par Mejda Ben Hussein et la recette \u00e9prouv\u00e9e qui fit le bonheur de la chaine durant de longues ann\u00e9es semblent en harmonie avec le public de RTCI.<\/p>\n<p>Ainsi, en 2016, \u00ab\u00a0A vous de choisir: le Concert des auditeurs\u00a0\u00bb renait dans une formule \u00ab\u00a0Juke Box\u00a0\u00bb qui se voudrait \u00e0 la fois un hommage \u00e0 Faika et un clin d\u2019\u0153il aux auditeurs de toutes g\u00e9n\u00e9rations.<\/p>\n<p>Soulignons pour terminer que Faika est une femme de radio qui a \u00e9norm\u00e9ment produit au cours de sa longue carri\u00e8re. Si le Concert des auditeurs l&rsquo;a fait appr\u00e9cier du grand public, elle n&rsquo;en reste pas moins la productrice de nombreuses \u00e9missions culturelles et conviviales.<br \/>\nLes \u00e9missions culturelles de Faika<br \/>\nAu cours de ses ann\u00e9es radio et jusqu&rsquo;\u00e0 sa disparition en d\u00e9cembre 2003, Faika avait notamment produit \u00ab\u00a0Invitation au voyage\u00a0\u00bb ou les \u00ab\u00a0Entretiens \u00e0 mi-voix\u00a0\u00bb au cours desquels elle rencontrait Michel Foucaut, Jean Duvignaud, Jacques Chancel ou Maurice Druon.<\/p>\n<p>A ses d\u00e9buts dans les ann\u00e9es cinquante, sous la houlette de Maurice Audran, Faika avait aussi produit des \u00e9missions embl\u00e9matiques de l&rsquo;\u00e9poque \u00e0 l&rsquo;image de \u00ab\u00a0Cabaret\u00a0\u00bbou \u00ab\u00a0Fum\u00e9e bleue et champagne rose\u00a0\u00bb.<\/p>\n<p>C&rsquo;est ce souvenir de Faika que Mejda Ben Hussein maintient, ce lien avec celle qui donna tant de bonheur \u00e0 ses auditeurs pendant trois d\u00e9cennies.<br \/>\nH.B.<\/p>\n","protected":false},"excerpt":{"rendered":"<p>RTCI : Avec  Juke Box , Mejda Ben Hussein fait rena\u00eetre l&rsquo;esprit Faika&#8230;<\/p>\n","protected":false},"author":3229,"featured_media":337717,"comment_status":"open","ping_status":"closed","sticky":false,"template":"","format":"standard","meta":{"footnotes":""},"categories":[2596],"tags":[2600],"class_list":["post-187157","post","type-post","status-publish","format-standard","has-post-thumbnail","hentry","category-chroniques","tag-guerre"],"yoast_head":"<!-- This site is optimized with the Yoast SEO Premium plugin v27.5 (Yoast SEO v27.5) - https:\/\/yoast.com\/product\/yoast-seo-premium-wordpress\/ -->\n<title>RTCI : Avec Juke Box , Mejda Ben Hussein fait rena\u00eetre l&#039;esprit Faika...<\/title>\n<meta name=\"description\" content=\"RTCI : Avec Juke Box , Mejda Ben Hussein fait rena\u00eetre l&#039;esprit Faika...\" \/>\n<link rel=\"canonical\" href=\"https:\/\/www.webdo.tn\/fr\/actualite\/chroniques\/rtci-juke-box-mejda-ben-hussein-renaitre-lesprit-faika\/187157\/\" \/>\n<meta property=\"og:locale\" content=\"fr_FR\" \/>\n<meta property=\"og:type\" content=\"article\" \/>\n<meta property=\"og:title\" content=\"RTCI : Avec &quot;Juke Box&quot;, Mejda Ben Hussein fait rena\u00eetre l&#039;esprit Faika...\" \/>\n<meta property=\"og:description\" content=\"RTCI : Avec Juke Box , Mejda Ben Hussein fait rena\u00eetre l&#039;esprit Faika...\" \/>\n<meta property=\"og:url\" content=\"https:\/\/www.webdo.tn\/fr\/actualite\/chroniques\/rtci-juke-box-mejda-ben-hussein-renaitre-lesprit-faika\/187157\/\" \/>\n<meta property=\"og:site_name\" content=\"webdo\" \/>\n<meta property=\"article:publisher\" content=\"https:\/\/www.facebook.com\/webdotn\" \/>\n<meta property=\"article:author\" content=\"https:\/\/www.facebook.com\/hatem.bourial.2025\" \/>\n<meta property=\"article:published_time\" content=\"2016-08-07T09:00:00+00:00\" \/>\n<meta property=\"og:image\" content=\"https:\/\/www.webdo.tn\/fr\/wp-content\/uploads\/2016\/08\/Mejda-Ben-Hussein.jpg\" \/>\n\t<meta property=\"og:image:width\" content=\"479\" \/>\n\t<meta property=\"og:image:height\" content=\"318\" \/>\n\t<meta property=\"og:image:type\" content=\"image\/jpeg\" \/>\n<meta name=\"author\" content=\"Hatem Bourial\" \/>\n<meta name=\"twitter:card\" content=\"summary_large_image\" \/>\n<meta name=\"twitter:creator\" content=\"@webdo_tn\" \/>\n<meta name=\"twitter:site\" content=\"@webdo_tn\" \/>\n<meta name=\"twitter:label1\" content=\"\u00c9crit par\" \/>\n\t<meta name=\"twitter:data1\" content=\"Hatem Bourial\" \/>\n\t<meta name=\"twitter:label2\" content=\"Dur\u00e9e de lecture estim\u00e9e\" \/>\n\t<meta name=\"twitter:data2\" content=\"2 minutes\" \/>\n<script type=\"application\/ld+json\" class=\"yoast-schema-graph\">{\"@context\":\"https:\\\/\\\/schema.org\",\"@graph\":[{\"@type\":\"NewsArticle\",\"@id\":\"https:\\\/\\\/www.webdo.tn\\\/fr\\\/actualite\\\/chroniques\\\/rtci-juke-box-mejda-ben-hussein-renaitre-lesprit-faika\\\/187157\\\/#article\",\"isPartOf\":{\"@id\":\"https:\\\/\\\/www.webdo.tn\\\/fr\\\/actualite\\\/chroniques\\\/rtci-juke-box-mejda-ben-hussein-renaitre-lesprit-faika\\\/187157\\\/\"},\"author\":{\"name\":\"Hatem Bourial\",\"@id\":\"https:\\\/\\\/www.webdo.tn\\\/fr\\\/#\\\/schema\\\/person\\\/6bc0beba2cd23aec27cb5df85ca2554f\"},\"headline\":\"RTCI : Avec \u00ab\u00a0Juke Box\u00a0\u00bb, Mejda Ben Hussein fait rena\u00eetre l&rsquo;esprit Faika&#8230;\",\"datePublished\":\"2016-08-07T09:00:00+00:00\",\"mainEntityOfPage\":{\"@id\":\"https:\\\/\\\/www.webdo.tn\\\/fr\\\/actualite\\\/chroniques\\\/rtci-juke-box-mejda-ben-hussein-renaitre-lesprit-faika\\\/187157\\\/\"},\"wordCount\":429,\"commentCount\":0,\"publisher\":{\"@id\":\"https:\\\/\\\/www.webdo.tn\\\/fr\\\/#organization\"},\"image\":{\"@id\":\"https:\\\/\\\/www.webdo.tn\\\/fr\\\/actualite\\\/chroniques\\\/rtci-juke-box-mejda-ben-hussein-renaitre-lesprit-faika\\\/187157\\\/#primaryimage\"},\"thumbnailUrl\":\"https:\\\/\\\/www.webdo.tn\\\/fr\\\/wp-content\\\/uploads\\\/2016\\\/08\\\/Mejda-Ben-Hussein.jpg\",\"keywords\":[\"guerre\"],\"articleSection\":[\"Chroniques\"],\"inLanguage\":\"fr-FR\"},{\"@type\":\"WebPage\",\"@id\":\"https:\\\/\\\/www.webdo.tn\\\/fr\\\/actualite\\\/chroniques\\\/rtci-juke-box-mejda-ben-hussein-renaitre-lesprit-faika\\\/187157\\\/\",\"url\":\"https:\\\/\\\/www.webdo.tn\\\/fr\\\/actualite\\\/chroniques\\\/rtci-juke-box-mejda-ben-hussein-renaitre-lesprit-faika\\\/187157\\\/\",\"name\":\"RTCI : Avec Juke Box , Mejda Ben Hussein fait rena\u00eetre l'esprit Faika...\",\"isPartOf\":{\"@id\":\"https:\\\/\\\/www.webdo.tn\\\/fr\\\/#website\"},\"primaryImageOfPage\":{\"@id\":\"https:\\\/\\\/www.webdo.tn\\\/fr\\\/actualite\\\/chroniques\\\/rtci-juke-box-mejda-ben-hussein-renaitre-lesprit-faika\\\/187157\\\/#primaryimage\"},\"image\":{\"@id\":\"https:\\\/\\\/www.webdo.tn\\\/fr\\\/actualite\\\/chroniques\\\/rtci-juke-box-mejda-ben-hussein-renaitre-lesprit-faika\\\/187157\\\/#primaryimage\"},\"thumbnailUrl\":\"https:\\\/\\\/www.webdo.tn\\\/fr\\\/wp-content\\\/uploads\\\/2016\\\/08\\\/Mejda-Ben-Hussein.jpg\",\"datePublished\":\"2016-08-07T09:00:00+00:00\",\"description\":\"RTCI : Avec Juke Box , Mejda Ben Hussein fait rena\u00eetre l'esprit Faika...\",\"breadcrumb\":{\"@id\":\"https:\\\/\\\/www.webdo.tn\\\/fr\\\/actualite\\\/chroniques\\\/rtci-juke-box-mejda-ben-hussein-renaitre-lesprit-faika\\\/187157\\\/#breadcrumb\"},\"inLanguage\":\"fr-FR\",\"potentialAction\":[{\"@type\":\"ReadAction\",\"target\":[\"https:\\\/\\\/www.webdo.tn\\\/fr\\\/actualite\\\/chroniques\\\/rtci-juke-box-mejda-ben-hussein-renaitre-lesprit-faika\\\/187157\\\/\"]}]},{\"@type\":\"ImageObject\",\"inLanguage\":\"fr-FR\",\"@id\":\"https:\\\/\\\/www.webdo.tn\\\/fr\\\/actualite\\\/chroniques\\\/rtci-juke-box-mejda-ben-hussein-renaitre-lesprit-faika\\\/187157\\\/#primaryimage\",\"url\":\"https:\\\/\\\/www.webdo.tn\\\/fr\\\/wp-content\\\/uploads\\\/2016\\\/08\\\/Mejda-Ben-Hussein.jpg\",\"contentUrl\":\"https:\\\/\\\/www.webdo.tn\\\/fr\\\/wp-content\\\/uploads\\\/2016\\\/08\\\/Mejda-Ben-Hussein.jpg\",\"width\":479,\"height\":318,\"caption\":\"RTCI : Avec \\\"Juke Box\\\", Mejda Ben Hussein fait rena\u00eetre l'esprit Faika...\"},{\"@type\":\"BreadcrumbList\",\"@id\":\"https:\\\/\\\/www.webdo.tn\\\/fr\\\/actualite\\\/chroniques\\\/rtci-juke-box-mejda-ben-hussein-renaitre-lesprit-faika\\\/187157\\\/#breadcrumb\",\"itemListElement\":[{\"@type\":\"ListItem\",\"position\":1,\"name\":\"Accueil\",\"item\":\"https:\\\/\\\/www.webdo.tn\\\/fr\\\/\"},{\"@type\":\"ListItem\",\"position\":2,\"name\":\"RTCI : Avec &#8220;Juke Box&#8221;, Mejda Ben Hussein fait rena\u00eetre l&#8217;esprit Faika&#8230;\"}]},{\"@type\":\"WebSite\",\"@id\":\"https:\\\/\\\/www.webdo.tn\\\/fr\\\/#website\",\"url\":\"https:\\\/\\\/www.webdo.tn\\\/fr\\\/\",\"name\":\"webdo\",\"description\":\"Tunisie - News en Tunisie et \u00e0 l&#039;international sur Webdo.tn\",\"publisher\":{\"@id\":\"https:\\\/\\\/www.webdo.tn\\\/fr\\\/#organization\"},\"potentialAction\":[{\"@type\":\"SearchAction\",\"target\":{\"@type\":\"EntryPoint\",\"urlTemplate\":\"https:\\\/\\\/www.webdo.tn\\\/fr\\\/?s={search_term_string}\"},\"query-input\":{\"@type\":\"PropertyValueSpecification\",\"valueRequired\":true,\"valueName\":\"search_term_string\"}}],\"inLanguage\":\"fr-FR\"},{\"@type\":\"Organization\",\"@id\":\"https:\\\/\\\/www.webdo.tn\\\/fr\\\/#organization\",\"name\":\"Webdo\",\"alternateName\":\"Webdo.tn\",\"url\":\"https:\\\/\\\/www.webdo.tn\\\/fr\\\/\",\"logo\":{\"@type\":\"ImageObject\",\"inLanguage\":\"fr-FR\",\"@id\":\"https:\\\/\\\/www.webdo.tn\\\/fr\\\/#\\\/schema\\\/logo\\\/image\\\/\",\"url\":\"https:\\\/\\\/www.webdo.tn\\\/fr\\\/wp-content\\\/uploads\\\/2025\\\/06\\\/Webdo-Tunisie_168377.jpg\",\"contentUrl\":\"https:\\\/\\\/www.webdo.tn\\\/fr\\\/wp-content\\\/uploads\\\/2025\\\/06\\\/Webdo-Tunisie_168377.jpg\",\"width\":301,\"height\":301,\"caption\":\"Webdo\"},\"image\":{\"@id\":\"https:\\\/\\\/www.webdo.tn\\\/fr\\\/#\\\/schema\\\/logo\\\/image\\\/\"},\"sameAs\":[\"https:\\\/\\\/www.facebook.com\\\/webdotn\",\"https:\\\/\\\/x.com\\\/webdo_tn\"],\"description\":\"Webdo est un m\u00e9dia num\u00e9rique tunisien fond\u00e9 en 2010, sp\u00e9cialis\u00e9 dans l\u2019actualit\u00e9 nationale et internationale, l\u2019\u00e9conomie, la soci\u00e9t\u00e9 et les analyses politiques. Le site s\u2019adresse \u00e0 un large public francophone et couvre l\u2019information tunisienne en temps r\u00e9el.\",\"email\":\"redac@webdo.tn\",\"legalName\":\"YNJ SARL\",\"foundingDate\":\"2010-09-06\",\"numberOfEmployees\":{\"@type\":\"QuantitativeValue\",\"minValue\":\"11\",\"maxValue\":\"50\"}},{\"@type\":\"Person\",\"@id\":\"https:\\\/\\\/www.webdo.tn\\\/fr\\\/#\\\/schema\\\/person\\\/6bc0beba2cd23aec27cb5df85ca2554f\",\"name\":\"Hatem Bourial\",\"image\":{\"@type\":\"ImageObject\",\"inLanguage\":\"fr-FR\",\"@id\":\"https:\\\/\\\/www.webdo.tn\\\/fr\\\/wp-content\\\/uploads\\\/2026\\\/04\\\/hatem-bourial_avatar-96x96.jpg\",\"url\":\"https:\\\/\\\/www.webdo.tn\\\/fr\\\/wp-content\\\/uploads\\\/2026\\\/04\\\/hatem-bourial_avatar-96x96.jpg\",\"contentUrl\":\"https:\\\/\\\/www.webdo.tn\\\/fr\\\/wp-content\\\/uploads\\\/2026\\\/04\\\/hatem-bourial_avatar-96x96.jpg\",\"caption\":\"Hatem Bourial\"},\"description\":\"Hatem Bourial est journaliste, \u00e9crivain et chroniqueur tunisien. Actif depuis plusieurs d\u00e9cennies, il s\u2019est impos\u00e9 comme un observateur attentif de la soci\u00e9t\u00e9 tunisienne, m\u00ealant dans ses \u00e9crits m\u00e9moire, culture et analyse du quotidien. Auteur de nombreux ouvrages, il d\u00e9veloppe une \u0153uvre \u00e0 la crois\u00e9e du r\u00e9cit, de la po\u00e9sie et de l\u2019observation sociologique. Parall\u00e8lement \u00e0 ses contributions dans la presse, il intervient r\u00e9guli\u00e8rement \u00e0 la radio et dans des espaces culturels, o\u00f9 il explore les enjeux li\u00e9s au patrimoine, \u00e0 l\u2019identit\u00e9 et aux transformations du monde contemporain. \u00c0 travers ses chroniques, Hatem Bourial propose une lecture sensible et approfondie de l\u2019actualit\u00e9, nourrie par une exp\u00e9rience journalistique et litt\u00e9raire reconnue. \ud83d\udd17 Facebook : https:\\\/\\\/www.facebook.com\\\/hatem.bourial.2025\",\"sameAs\":[\"https:\\\/\\\/www.facebook.com\\\/hatem.bourial.2025\",\"https:\\\/\\\/fr.wikipedia.org\\\/wiki\\\/Fichier:Hatem_Bourial.jpg\"],\"knowsAbout\":[\"Culture & patrimoine tunisien\",\"Chronique soci\u00e9tale\",\"Litt\u00e9rature & m\u00e9moire\",\"Cin\u00e9ma & critique culturelle\",\"Identit\u00e9 & mutations sociales\"],\"knowsLanguage\":[\"Arabe\",\"Fran\u00e7ais\",\"Anglais\",\"Italien\",\"Polonais\"],\"jobTitle\":\"Journaliste, \u00e9crivain et chroniqueur culturel\",\"worksFor\":\"Webdo\",\"url\":\"https:\\\/\\\/www.webdo.tn\\\/fr\\\/actualite\\\/author\\\/hatem-bourial-2\\\/\"}]}<\/script>\n<!-- \/ Yoast SEO Premium plugin. -->","yoast_head_json":{"title":"RTCI : Avec Juke Box , Mejda Ben Hussein fait rena\u00eetre l'esprit Faika...","description":"RTCI : Avec Juke Box , Mejda Ben Hussein fait rena\u00eetre l'esprit Faika...","canonical":"https:\/\/www.webdo.tn\/fr\/actualite\/chroniques\/rtci-juke-box-mejda-ben-hussein-renaitre-lesprit-faika\/187157\/","og_locale":"fr_FR","og_type":"article","og_title":"RTCI : Avec \"Juke Box\", Mejda Ben Hussein fait rena\u00eetre l'esprit Faika...","og_description":"RTCI : Avec Juke Box , Mejda Ben Hussein fait rena\u00eetre l'esprit Faika...","og_url":"https:\/\/www.webdo.tn\/fr\/actualite\/chroniques\/rtci-juke-box-mejda-ben-hussein-renaitre-lesprit-faika\/187157\/","og_site_name":"webdo","article_publisher":"https:\/\/www.facebook.com\/webdotn","article_author":"https:\/\/www.facebook.com\/hatem.bourial.2025","article_published_time":"2016-08-07T09:00:00+00:00","og_image":[{"width":479,"height":318,"url":"https:\/\/www.webdo.tn\/fr\/wp-content\/uploads\/2016\/08\/Mejda-Ben-Hussein.jpg","type":"image\/jpeg"}],"author":"Hatem Bourial","twitter_card":"summary_large_image","twitter_creator":"@webdo_tn","twitter_site":"@webdo_tn","twitter_misc":{"\u00c9crit par":"Hatem Bourial","Dur\u00e9e de lecture estim\u00e9e":"2 minutes"},"schema":{"@context":"https:\/\/schema.org","@graph":[{"@type":"NewsArticle","@id":"https:\/\/www.webdo.tn\/fr\/actualite\/chroniques\/rtci-juke-box-mejda-ben-hussein-renaitre-lesprit-faika\/187157\/#article","isPartOf":{"@id":"https:\/\/www.webdo.tn\/fr\/actualite\/chroniques\/rtci-juke-box-mejda-ben-hussein-renaitre-lesprit-faika\/187157\/"},"author":{"name":"Hatem Bourial","@id":"https:\/\/www.webdo.tn\/fr\/#\/schema\/person\/6bc0beba2cd23aec27cb5df85ca2554f"},"headline":"RTCI : Avec \u00ab\u00a0Juke Box\u00a0\u00bb, Mejda Ben Hussein fait rena\u00eetre l&rsquo;esprit Faika&#8230;","datePublished":"2016-08-07T09:00:00+00:00","mainEntityOfPage":{"@id":"https:\/\/www.webdo.tn\/fr\/actualite\/chroniques\/rtci-juke-box-mejda-ben-hussein-renaitre-lesprit-faika\/187157\/"},"wordCount":429,"commentCount":0,"publisher":{"@id":"https:\/\/www.webdo.tn\/fr\/#organization"},"image":{"@id":"https:\/\/www.webdo.tn\/fr\/actualite\/chroniques\/rtci-juke-box-mejda-ben-hussein-renaitre-lesprit-faika\/187157\/#primaryimage"},"thumbnailUrl":"https:\/\/www.webdo.tn\/fr\/wp-content\/uploads\/2016\/08\/Mejda-Ben-Hussein.jpg","keywords":["guerre"],"articleSection":["Chroniques"],"inLanguage":"fr-FR"},{"@type":"WebPage","@id":"https:\/\/www.webdo.tn\/fr\/actualite\/chroniques\/rtci-juke-box-mejda-ben-hussein-renaitre-lesprit-faika\/187157\/","url":"https:\/\/www.webdo.tn\/fr\/actualite\/chroniques\/rtci-juke-box-mejda-ben-hussein-renaitre-lesprit-faika\/187157\/","name":"RTCI : Avec Juke Box , Mejda Ben Hussein fait rena\u00eetre l'esprit Faika...","isPartOf":{"@id":"https:\/\/www.webdo.tn\/fr\/#website"},"primaryImageOfPage":{"@id":"https:\/\/www.webdo.tn\/fr\/actualite\/chroniques\/rtci-juke-box-mejda-ben-hussein-renaitre-lesprit-faika\/187157\/#primaryimage"},"image":{"@id":"https:\/\/www.webdo.tn\/fr\/actualite\/chroniques\/rtci-juke-box-mejda-ben-hussein-renaitre-lesprit-faika\/187157\/#primaryimage"},"thumbnailUrl":"https:\/\/www.webdo.tn\/fr\/wp-content\/uploads\/2016\/08\/Mejda-Ben-Hussein.jpg","datePublished":"2016-08-07T09:00:00+00:00","description":"RTCI : Avec Juke Box , Mejda Ben Hussein fait rena\u00eetre l'esprit Faika...","breadcrumb":{"@id":"https:\/\/www.webdo.tn\/fr\/actualite\/chroniques\/rtci-juke-box-mejda-ben-hussein-renaitre-lesprit-faika\/187157\/#breadcrumb"},"inLanguage":"fr-FR","potentialAction":[{"@type":"ReadAction","target":["https:\/\/www.webdo.tn\/fr\/actualite\/chroniques\/rtci-juke-box-mejda-ben-hussein-renaitre-lesprit-faika\/187157\/"]}]},{"@type":"ImageObject","inLanguage":"fr-FR","@id":"https:\/\/www.webdo.tn\/fr\/actualite\/chroniques\/rtci-juke-box-mejda-ben-hussein-renaitre-lesprit-faika\/187157\/#primaryimage","url":"https:\/\/www.webdo.tn\/fr\/wp-content\/uploads\/2016\/08\/Mejda-Ben-Hussein.jpg","contentUrl":"https:\/\/www.webdo.tn\/fr\/wp-content\/uploads\/2016\/08\/Mejda-Ben-Hussein.jpg","width":479,"height":318,"caption":"RTCI : Avec \"Juke Box\", Mejda Ben Hussein fait rena\u00eetre l'esprit Faika..."},{"@type":"BreadcrumbList","@id":"https:\/\/www.webdo.tn\/fr\/actualite\/chroniques\/rtci-juke-box-mejda-ben-hussein-renaitre-lesprit-faika\/187157\/#breadcrumb","itemListElement":[{"@type":"ListItem","position":1,"name":"Accueil","item":"https:\/\/www.webdo.tn\/fr\/"},{"@type":"ListItem","position":2,"name":"RTCI : Avec &#8220;Juke Box&#8221;, Mejda Ben Hussein fait rena\u00eetre l&#8217;esprit Faika&#8230;"}]},{"@type":"WebSite","@id":"https:\/\/www.webdo.tn\/fr\/#website","url":"https:\/\/www.webdo.tn\/fr\/","name":"webdo","description":"Tunisie - News en Tunisie et \u00e0 l&#039;international sur Webdo.tn","publisher":{"@id":"https:\/\/www.webdo.tn\/fr\/#organization"},"potentialAction":[{"@type":"SearchAction","target":{"@type":"EntryPoint","urlTemplate":"https:\/\/www.webdo.tn\/fr\/?s={search_term_string}"},"query-input":{"@type":"PropertyValueSpecification","valueRequired":true,"valueName":"search_term_string"}}],"inLanguage":"fr-FR"},{"@type":"Organization","@id":"https:\/\/www.webdo.tn\/fr\/#organization","name":"Webdo","alternateName":"Webdo.tn","url":"https:\/\/www.webdo.tn\/fr\/","logo":{"@type":"ImageObject","inLanguage":"fr-FR","@id":"https:\/\/www.webdo.tn\/fr\/#\/schema\/logo\/image\/","url":"https:\/\/www.webdo.tn\/fr\/wp-content\/uploads\/2025\/06\/Webdo-Tunisie_168377.jpg","contentUrl":"https:\/\/www.webdo.tn\/fr\/wp-content\/uploads\/2025\/06\/Webdo-Tunisie_168377.jpg","width":301,"height":301,"caption":"Webdo"},"image":{"@id":"https:\/\/www.webdo.tn\/fr\/#\/schema\/logo\/image\/"},"sameAs":["https:\/\/www.facebook.com\/webdotn","https:\/\/x.com\/webdo_tn"],"description":"Webdo est un m\u00e9dia num\u00e9rique tunisien fond\u00e9 en 2010, sp\u00e9cialis\u00e9 dans l\u2019actualit\u00e9 nationale et internationale, l\u2019\u00e9conomie, la soci\u00e9t\u00e9 et les analyses politiques. Le site s\u2019adresse \u00e0 un large public francophone et couvre l\u2019information tunisienne en temps r\u00e9el.","email":"redac@webdo.tn","legalName":"YNJ SARL","foundingDate":"2010-09-06","numberOfEmployees":{"@type":"QuantitativeValue","minValue":"11","maxValue":"50"}},{"@type":"Person","@id":"https:\/\/www.webdo.tn\/fr\/#\/schema\/person\/6bc0beba2cd23aec27cb5df85ca2554f","name":"Hatem Bourial","image":{"@type":"ImageObject","inLanguage":"fr-FR","@id":"https:\/\/www.webdo.tn\/fr\/wp-content\/uploads\/2026\/04\/hatem-bourial_avatar-96x96.jpg","url":"https:\/\/www.webdo.tn\/fr\/wp-content\/uploads\/2026\/04\/hatem-bourial_avatar-96x96.jpg","contentUrl":"https:\/\/www.webdo.tn\/fr\/wp-content\/uploads\/2026\/04\/hatem-bourial_avatar-96x96.jpg","caption":"Hatem Bourial"},"description":"Hatem Bourial est journaliste, \u00e9crivain et chroniqueur tunisien. Actif depuis plusieurs d\u00e9cennies, il s\u2019est impos\u00e9 comme un observateur attentif de la soci\u00e9t\u00e9 tunisienne, m\u00ealant dans ses \u00e9crits m\u00e9moire, culture et analyse du quotidien. Auteur de nombreux ouvrages, il d\u00e9veloppe une \u0153uvre \u00e0 la crois\u00e9e du r\u00e9cit, de la po\u00e9sie et de l\u2019observation sociologique. Parall\u00e8lement \u00e0 ses contributions dans la presse, il intervient r\u00e9guli\u00e8rement \u00e0 la radio et dans des espaces culturels, o\u00f9 il explore les enjeux li\u00e9s au patrimoine, \u00e0 l\u2019identit\u00e9 et aux transformations du monde contemporain. \u00c0 travers ses chroniques, Hatem Bourial propose une lecture sensible et approfondie de l\u2019actualit\u00e9, nourrie par une exp\u00e9rience journalistique et litt\u00e9raire reconnue. \ud83d\udd17 Facebook : https:\/\/www.facebook.com\/hatem.bourial.2025","sameAs":["https:\/\/www.facebook.com\/hatem.bourial.2025","https:\/\/fr.wikipedia.org\/wiki\/Fichier:Hatem_Bourial.jpg"],"knowsAbout":["Culture & patrimoine tunisien","Chronique soci\u00e9tale","Litt\u00e9rature & m\u00e9moire","Cin\u00e9ma & critique culturelle","Identit\u00e9 & mutations sociales"],"knowsLanguage":["Arabe","Fran\u00e7ais","Anglais","Italien","Polonais"],"jobTitle":"Journaliste, \u00e9crivain et chroniqueur culturel","worksFor":"Webdo","url":"https:\/\/www.webdo.tn\/fr\/actualite\/author\/hatem-bourial-2\/"}]}},"_links":{"self":[{"href":"https:\/\/www.webdo.tn\/fr\/wp-json\/wp\/v2\/posts\/187157","targetHints":{"allow":["GET"]}}],"collection":[{"href":"https:\/\/www.webdo.tn\/fr\/wp-json\/wp\/v2\/posts"}],"about":[{"href":"https:\/\/www.webdo.tn\/fr\/wp-json\/wp\/v2\/types\/post"}],"author":[{"embeddable":true,"href":"https:\/\/www.webdo.tn\/fr\/wp-json\/wp\/v2\/users\/3229"}],"replies":[{"embeddable":true,"href":"https:\/\/www.webdo.tn\/fr\/wp-json\/wp\/v2\/comments?post=187157"}],"version-history":[{"count":0,"href":"https:\/\/www.webdo.tn\/fr\/wp-json\/wp\/v2\/posts\/187157\/revisions"}],"wp:featuredmedia":[{"embeddable":true,"href":"https:\/\/www.webdo.tn\/fr\/wp-json\/wp\/v2\/media\/337717"}],"wp:attachment":[{"href":"https:\/\/www.webdo.tn\/fr\/wp-json\/wp\/v2\/media?parent=187157"}],"wp:term":[{"taxonomy":"category","embeddable":true,"href":"https:\/\/www.webdo.tn\/fr\/wp-json\/wp\/v2\/categories?post=187157"},{"taxonomy":"post_tag","embeddable":true,"href":"https:\/\/www.webdo.tn\/fr\/wp-json\/wp\/v2\/tags?post=187157"}],"curies":[{"name":"wp","href":"https:\/\/api.w.org\/{rel}","templated":true}]}}