{"id":187150,"date":"2016-07-30T10:40:00","date_gmt":"2016-07-30T10:40:00","guid":{"rendered":"https:\/\/www.webdo.tn\/fr\/blog\/politique-sens-ignoble-terme-trahisons-deshonneur-ivresse-pouvoir\/187150\/"},"modified":"2025-05-19T09:30:58","modified_gmt":"2025-05-19T09:30:58","slug":"politique-sens-ignoble-terme-trahisons-deshonneur-ivresse-pouvoir","status":"publish","type":"post","link":"https:\/\/www.webdo.tn\/fr\/actualite\/chroniques\/politique-sens-ignoble-terme-trahisons-deshonneur-ivresse-pouvoir\/187150\/","title":{"rendered":"La politique au sens ignoble du terme : Trahisons, d\u00e9shonneur, ivresse du pouvoir&#8230;"},"content":{"rendered":"<p>Comme un seul homme, ils vont voter contre un homme seul&#8230;<br \/>\nLa prise du peuple en otage<br \/>\nComme un seul homme, ils voteront selon les instructions de leurs partis et non pas en leur \u00e2me et conscience&#8230;<\/p>\n<p>Comme un seul homme, ils nous confirmeront que nous sommes leurs otages, que nos votes en leur faveur ou d\u00e9faveur leur ont donn\u00e9 carte blanche pour faire de la Tunisie ce qu&rsquo;ils veulent&#8230;<br \/>\nAssembl\u00e9e des repr\u00e9sentants du peuple ou des partis ?<br \/>\nParfois, je me demande si cette Assembl\u00e9e des repr\u00e9sentants du peuple porte bien son nom. Si elle n&rsquo;est pas plut\u00f4t une assembl\u00e9e des repr\u00e9sentants des partis ou pire une haute instance de la partitocratie et du machiav\u00e9lisme. Car, on le voit bien, le peuple passe apr\u00e8s lorsqu&rsquo;on est ivre du vertige factice du pouvoir&#8230;<\/p>\n<p>Mon profond respect des institutions de la R\u00e9publique est mis \u00e0 mal par ces manoeuvres bassement politiciennes, par ce degr\u00e9 z\u00e9ro de la politique, par cette politique au sens ignoble du terme&#8230;<\/p>\n<p>Aujourd&rsquo;hui, des partis vont voter contre un homme seul, trahi, vou\u00e9 aux g\u00e9monies par ceux-l\u00e0 m\u00eame qui l&rsquo;avaient adoub\u00e9&#8230;<br \/>\nTrahir les yeux dans les yeux<br \/>\nAujourd&rsquo;hui, un gouvernement sans solidarit\u00e9 va demander une confiance qu&rsquo;il n&rsquo;obtiendra pas. Des ministres si\u00e9geant dans ce gouvernement n&rsquo;ont pas eu le courage politique de d\u00e9missionner et pr\u00e9f\u00e9r\u00e9 trahir leur chef.<\/p>\n<p>Ils vont aujourd&rsquo;hui \u00eatre renvoy\u00e9s par les d\u00e9put\u00e9s de leurs propres partis puis tenter, malgr\u00e9 cela, de revenir dans le prochain gouvernement&#8230;<\/p>\n<p>Je me consid\u00e8re d\u00e9sormais comptable de leur d\u00e9route morale, de leur traitrise et de leur absence totale d&rsquo;\u00e9thique&#8230;<\/p>\n<p>Tout cela est d&rsquo;une profonde incoh\u00e9rence, tout cela se d\u00e9roule sous les yeux &#8211; je le r\u00e9p\u00e8te &#8211; d&rsquo;un peuple pris en otage par des d\u00e9put\u00e9s qui n&rsquo;ob\u00e9issent qu&rsquo;\u00e0 leurs partis sans mettre ni l&rsquo;honneur ni le peuple tunisien en avant.<br \/>\nSinistres histrions<br \/>\nAu fond de moi-m\u00eame, je r\u00eave d&rsquo;un coup de th\u00e9\u00e2tre, d&rsquo;un tsunami, d&rsquo;un sursaut car ces politiciens ne valent humainement rien, conjuguent la f\u00e9lonie \u00e0 la l\u00e2chet\u00e9 et le d\u00e9shonneur aux coups de couteau dans le dos.<\/p>\n<p>Triste r\u00e9alit\u00e9&#8230; Triste r\u00e9volution&#8230; Sinistres histrions&#8230;<br \/>\nH.B.<\/p>\n","protected":false},"excerpt":{"rendered":"<p>La politique au sens ignoble du terme : Trahisons, d\u00e9shonneur, ivresse du pouvoir&#8230;<\/p>\n","protected":false},"author":3229,"featured_media":313663,"comment_status":"open","ping_status":"closed","sticky":false,"template":"","format":"standard","meta":{"footnotes":""},"categories":[2596],"tags":[2600],"class_list":["post-187150","post","type-post","status-publish","format-standard","has-post-thumbnail","hentry","category-chroniques","tag-guerre"],"yoast_head":"<!-- This site is optimized with the Yoast SEO Premium plugin v27.5 (Yoast SEO v27.5) - https:\/\/yoast.com\/product\/yoast-seo-premium-wordpress\/ -->\n<title>La politique au sens ignoble du terme : Trahisons, d\u00e9shonneur, ivresse du pouvoir...<\/title>\n<meta name=\"description\" content=\"La politique au sens ignoble du terme : Trahisons, d\u00e9shonneur, ivresse du pouvoir...\" \/>\n<link rel=\"canonical\" href=\"https:\/\/www.webdo.tn\/fr\/actualite\/chroniques\/politique-sens-ignoble-terme-trahisons-deshonneur-ivresse-pouvoir\/187150\/\" \/>\n<meta property=\"og:locale\" content=\"fr_FR\" \/>\n<meta property=\"og:type\" content=\"article\" \/>\n<meta property=\"og:title\" content=\"La politique au sens ignoble du terme : Trahisons, d\u00e9shonneur, ivresse du pouvoir...\" \/>\n<meta property=\"og:description\" content=\"La politique au sens ignoble du terme : Trahisons, d\u00e9shonneur, ivresse du pouvoir...\" \/>\n<meta property=\"og:url\" content=\"https:\/\/www.webdo.tn\/fr\/actualite\/chroniques\/politique-sens-ignoble-terme-trahisons-deshonneur-ivresse-pouvoir\/187150\/\" \/>\n<meta property=\"og:site_name\" content=\"webdo\" \/>\n<meta property=\"article:publisher\" content=\"https:\/\/www.facebook.com\/webdotn\" \/>\n<meta property=\"article:author\" content=\"https:\/\/www.facebook.com\/hatem.bourial.2025\" \/>\n<meta property=\"article:published_time\" content=\"2016-07-30T10:40:00+00:00\" \/>\n<meta property=\"article:modified_time\" content=\"2025-05-19T09:30:58+00:00\" \/>\n<meta property=\"og:image\" content=\"https:\/\/www.webdo.tn\/fr\/wp-content\/uploads\/2016\/07\/Habib-Essid1-300x176-1.jpg\" \/>\n\t<meta property=\"og:image:width\" content=\"300\" \/>\n\t<meta property=\"og:image:height\" content=\"176\" \/>\n\t<meta property=\"og:image:type\" content=\"image\/jpeg\" \/>\n<meta name=\"author\" content=\"Hatem Bourial\" \/>\n<meta name=\"twitter:card\" content=\"summary_large_image\" \/>\n<meta name=\"twitter:creator\" content=\"@webdo_tn\" \/>\n<meta name=\"twitter:site\" content=\"@webdo_tn\" \/>\n<meta name=\"twitter:label1\" content=\"\u00c9crit par\" \/>\n\t<meta name=\"twitter:data1\" content=\"Hatem Bourial\" \/>\n\t<meta name=\"twitter:label2\" content=\"Dur\u00e9e de lecture estim\u00e9e\" \/>\n\t<meta name=\"twitter:data2\" content=\"2 minutes\" \/>\n<script type=\"application\/ld+json\" class=\"yoast-schema-graph\">{\"@context\":\"https:\\\/\\\/schema.org\",\"@graph\":[{\"@type\":\"NewsArticle\",\"@id\":\"https:\\\/\\\/www.webdo.tn\\\/fr\\\/actualite\\\/chroniques\\\/politique-sens-ignoble-terme-trahisons-deshonneur-ivresse-pouvoir\\\/187150\\\/#article\",\"isPartOf\":{\"@id\":\"https:\\\/\\\/www.webdo.tn\\\/fr\\\/actualite\\\/chroniques\\\/politique-sens-ignoble-terme-trahisons-deshonneur-ivresse-pouvoir\\\/187150\\\/\"},\"author\":{\"name\":\"Hatem Bourial\",\"@id\":\"https:\\\/\\\/www.webdo.tn\\\/fr\\\/#\\\/schema\\\/person\\\/6bc0beba2cd23aec27cb5df85ca2554f\"},\"headline\":\"La politique au sens ignoble du terme : Trahisons, d\u00e9shonneur, ivresse du pouvoir&#8230;\",\"datePublished\":\"2016-07-30T10:40:00+00:00\",\"dateModified\":\"2025-05-19T09:30:58+00:00\",\"mainEntityOfPage\":{\"@id\":\"https:\\\/\\\/www.webdo.tn\\\/fr\\\/actualite\\\/chroniques\\\/politique-sens-ignoble-terme-trahisons-deshonneur-ivresse-pouvoir\\\/187150\\\/\"},\"wordCount\":416,\"commentCount\":0,\"publisher\":{\"@id\":\"https:\\\/\\\/www.webdo.tn\\\/fr\\\/#organization\"},\"image\":{\"@id\":\"https:\\\/\\\/www.webdo.tn\\\/fr\\\/actualite\\\/chroniques\\\/politique-sens-ignoble-terme-trahisons-deshonneur-ivresse-pouvoir\\\/187150\\\/#primaryimage\"},\"thumbnailUrl\":\"https:\\\/\\\/www.webdo.tn\\\/fr\\\/wp-content\\\/uploads\\\/2016\\\/07\\\/Habib-Essid1-300x176-1.jpg\",\"keywords\":[\"guerre\"],\"articleSection\":[\"Chroniques\"],\"inLanguage\":\"fr-FR\"},{\"@type\":\"WebPage\",\"@id\":\"https:\\\/\\\/www.webdo.tn\\\/fr\\\/actualite\\\/chroniques\\\/politique-sens-ignoble-terme-trahisons-deshonneur-ivresse-pouvoir\\\/187150\\\/\",\"url\":\"https:\\\/\\\/www.webdo.tn\\\/fr\\\/actualite\\\/chroniques\\\/politique-sens-ignoble-terme-trahisons-deshonneur-ivresse-pouvoir\\\/187150\\\/\",\"name\":\"La politique au sens ignoble du terme : Trahisons, d\u00e9shonneur, ivresse du pouvoir...\",\"isPartOf\":{\"@id\":\"https:\\\/\\\/www.webdo.tn\\\/fr\\\/#website\"},\"primaryImageOfPage\":{\"@id\":\"https:\\\/\\\/www.webdo.tn\\\/fr\\\/actualite\\\/chroniques\\\/politique-sens-ignoble-terme-trahisons-deshonneur-ivresse-pouvoir\\\/187150\\\/#primaryimage\"},\"image\":{\"@id\":\"https:\\\/\\\/www.webdo.tn\\\/fr\\\/actualite\\\/chroniques\\\/politique-sens-ignoble-terme-trahisons-deshonneur-ivresse-pouvoir\\\/187150\\\/#primaryimage\"},\"thumbnailUrl\":\"https:\\\/\\\/www.webdo.tn\\\/fr\\\/wp-content\\\/uploads\\\/2016\\\/07\\\/Habib-Essid1-300x176-1.jpg\",\"datePublished\":\"2016-07-30T10:40:00+00:00\",\"dateModified\":\"2025-05-19T09:30:58+00:00\",\"description\":\"La politique au sens ignoble du terme : Trahisons, d\u00e9shonneur, ivresse du pouvoir...\",\"breadcrumb\":{\"@id\":\"https:\\\/\\\/www.webdo.tn\\\/fr\\\/actualite\\\/chroniques\\\/politique-sens-ignoble-terme-trahisons-deshonneur-ivresse-pouvoir\\\/187150\\\/#breadcrumb\"},\"inLanguage\":\"fr-FR\",\"potentialAction\":[{\"@type\":\"ReadAction\",\"target\":[\"https:\\\/\\\/www.webdo.tn\\\/fr\\\/actualite\\\/chroniques\\\/politique-sens-ignoble-terme-trahisons-deshonneur-ivresse-pouvoir\\\/187150\\\/\"]}]},{\"@type\":\"ImageObject\",\"inLanguage\":\"fr-FR\",\"@id\":\"https:\\\/\\\/www.webdo.tn\\\/fr\\\/actualite\\\/chroniques\\\/politique-sens-ignoble-terme-trahisons-deshonneur-ivresse-pouvoir\\\/187150\\\/#primaryimage\",\"url\":\"https:\\\/\\\/www.webdo.tn\\\/fr\\\/wp-content\\\/uploads\\\/2016\\\/07\\\/Habib-Essid1-300x176-1.jpg\",\"contentUrl\":\"https:\\\/\\\/www.webdo.tn\\\/fr\\\/wp-content\\\/uploads\\\/2016\\\/07\\\/Habib-Essid1-300x176-1.jpg\",\"width\":300,\"height\":176,\"caption\":\"La politique au sens ignoble du terme : Trahisons, d\u00e9shonneur, ivresse du pouvoir...\"},{\"@type\":\"BreadcrumbList\",\"@id\":\"https:\\\/\\\/www.webdo.tn\\\/fr\\\/actualite\\\/chroniques\\\/politique-sens-ignoble-terme-trahisons-deshonneur-ivresse-pouvoir\\\/187150\\\/#breadcrumb\",\"itemListElement\":[{\"@type\":\"ListItem\",\"position\":1,\"name\":\"Accueil\",\"item\":\"https:\\\/\\\/www.webdo.tn\\\/fr\\\/\"},{\"@type\":\"ListItem\",\"position\":2,\"name\":\"La politique au sens ignoble du terme : Trahisons, d\u00e9shonneur, ivresse du pouvoir&#8230;\"}]},{\"@type\":\"WebSite\",\"@id\":\"https:\\\/\\\/www.webdo.tn\\\/fr\\\/#website\",\"url\":\"https:\\\/\\\/www.webdo.tn\\\/fr\\\/\",\"name\":\"webdo\",\"description\":\"Tunisie - News en Tunisie et \u00e0 l&#039;international sur Webdo.tn\",\"publisher\":{\"@id\":\"https:\\\/\\\/www.webdo.tn\\\/fr\\\/#organization\"},\"potentialAction\":[{\"@type\":\"SearchAction\",\"target\":{\"@type\":\"EntryPoint\",\"urlTemplate\":\"https:\\\/\\\/www.webdo.tn\\\/fr\\\/?s={search_term_string}\"},\"query-input\":{\"@type\":\"PropertyValueSpecification\",\"valueRequired\":true,\"valueName\":\"search_term_string\"}}],\"inLanguage\":\"fr-FR\"},{\"@type\":\"Organization\",\"@id\":\"https:\\\/\\\/www.webdo.tn\\\/fr\\\/#organization\",\"name\":\"Webdo\",\"alternateName\":\"Webdo.tn\",\"url\":\"https:\\\/\\\/www.webdo.tn\\\/fr\\\/\",\"logo\":{\"@type\":\"ImageObject\",\"inLanguage\":\"fr-FR\",\"@id\":\"https:\\\/\\\/www.webdo.tn\\\/fr\\\/#\\\/schema\\\/logo\\\/image\\\/\",\"url\":\"https:\\\/\\\/www.webdo.tn\\\/fr\\\/wp-content\\\/uploads\\\/2025\\\/06\\\/Webdo-Tunisie_168377.jpg\",\"contentUrl\":\"https:\\\/\\\/www.webdo.tn\\\/fr\\\/wp-content\\\/uploads\\\/2025\\\/06\\\/Webdo-Tunisie_168377.jpg\",\"width\":301,\"height\":301,\"caption\":\"Webdo\"},\"image\":{\"@id\":\"https:\\\/\\\/www.webdo.tn\\\/fr\\\/#\\\/schema\\\/logo\\\/image\\\/\"},\"sameAs\":[\"https:\\\/\\\/www.facebook.com\\\/webdotn\",\"https:\\\/\\\/x.com\\\/webdo_tn\"],\"description\":\"Webdo est un m\u00e9dia num\u00e9rique tunisien fond\u00e9 en 2010, sp\u00e9cialis\u00e9 dans l\u2019actualit\u00e9 nationale et internationale, l\u2019\u00e9conomie, la soci\u00e9t\u00e9 et les analyses politiques. Le site s\u2019adresse \u00e0 un large public francophone et couvre l\u2019information tunisienne en temps r\u00e9el.\",\"email\":\"redac@webdo.tn\",\"legalName\":\"YNJ SARL\",\"foundingDate\":\"2010-09-06\",\"numberOfEmployees\":{\"@type\":\"QuantitativeValue\",\"minValue\":\"11\",\"maxValue\":\"50\"}},{\"@type\":\"Person\",\"@id\":\"https:\\\/\\\/www.webdo.tn\\\/fr\\\/#\\\/schema\\\/person\\\/6bc0beba2cd23aec27cb5df85ca2554f\",\"name\":\"Hatem Bourial\",\"image\":{\"@type\":\"ImageObject\",\"inLanguage\":\"fr-FR\",\"@id\":\"https:\\\/\\\/www.webdo.tn\\\/fr\\\/wp-content\\\/uploads\\\/2026\\\/04\\\/hatem-bourial_avatar-96x96.jpg\",\"url\":\"https:\\\/\\\/www.webdo.tn\\\/fr\\\/wp-content\\\/uploads\\\/2026\\\/04\\\/hatem-bourial_avatar-96x96.jpg\",\"contentUrl\":\"https:\\\/\\\/www.webdo.tn\\\/fr\\\/wp-content\\\/uploads\\\/2026\\\/04\\\/hatem-bourial_avatar-96x96.jpg\",\"caption\":\"Hatem Bourial\"},\"description\":\"Hatem Bourial est journaliste, \u00e9crivain et chroniqueur tunisien. Actif depuis plusieurs d\u00e9cennies, il s\u2019est impos\u00e9 comme un observateur attentif de la soci\u00e9t\u00e9 tunisienne, m\u00ealant dans ses \u00e9crits m\u00e9moire, culture et analyse du quotidien. Auteur de nombreux ouvrages, il d\u00e9veloppe une \u0153uvre \u00e0 la crois\u00e9e du r\u00e9cit, de la po\u00e9sie et de l\u2019observation sociologique. Parall\u00e8lement \u00e0 ses contributions dans la presse, il intervient r\u00e9guli\u00e8rement \u00e0 la radio et dans des espaces culturels, o\u00f9 il explore les enjeux li\u00e9s au patrimoine, \u00e0 l\u2019identit\u00e9 et aux transformations du monde contemporain. \u00c0 travers ses chroniques, Hatem Bourial propose une lecture sensible et approfondie de l\u2019actualit\u00e9, nourrie par une exp\u00e9rience journalistique et litt\u00e9raire reconnue. \ud83d\udd17 Facebook : https:\\\/\\\/www.facebook.com\\\/hatem.bourial.2025\",\"sameAs\":[\"https:\\\/\\\/www.facebook.com\\\/hatem.bourial.2025\",\"https:\\\/\\\/fr.wikipedia.org\\\/wiki\\\/Fichier:Hatem_Bourial.jpg\"],\"knowsAbout\":[\"Culture & patrimoine tunisien\",\"Chronique soci\u00e9tale\",\"Litt\u00e9rature & m\u00e9moire\",\"Cin\u00e9ma & critique culturelle\",\"Identit\u00e9 & mutations sociales\"],\"knowsLanguage\":[\"Arabe\",\"Fran\u00e7ais\",\"Anglais\",\"Italien\",\"Polonais\"],\"jobTitle\":\"Journaliste, \u00e9crivain et chroniqueur culturel\",\"worksFor\":\"Webdo\",\"url\":\"https:\\\/\\\/www.webdo.tn\\\/fr\\\/actualite\\\/author\\\/hatem-bourial-2\\\/\"}]}<\/script>\n<!-- \/ Yoast SEO Premium plugin. -->","yoast_head_json":{"title":"La politique au sens ignoble du terme : Trahisons, d\u00e9shonneur, ivresse du pouvoir...","description":"La politique au sens ignoble du terme : Trahisons, d\u00e9shonneur, ivresse du pouvoir...","canonical":"https:\/\/www.webdo.tn\/fr\/actualite\/chroniques\/politique-sens-ignoble-terme-trahisons-deshonneur-ivresse-pouvoir\/187150\/","og_locale":"fr_FR","og_type":"article","og_title":"La politique au sens ignoble du terme : Trahisons, d\u00e9shonneur, ivresse du pouvoir...","og_description":"La politique au sens ignoble du terme : Trahisons, d\u00e9shonneur, ivresse du pouvoir...","og_url":"https:\/\/www.webdo.tn\/fr\/actualite\/chroniques\/politique-sens-ignoble-terme-trahisons-deshonneur-ivresse-pouvoir\/187150\/","og_site_name":"webdo","article_publisher":"https:\/\/www.facebook.com\/webdotn","article_author":"https:\/\/www.facebook.com\/hatem.bourial.2025","article_published_time":"2016-07-30T10:40:00+00:00","article_modified_time":"2025-05-19T09:30:58+00:00","og_image":[{"width":300,"height":176,"url":"https:\/\/www.webdo.tn\/fr\/wp-content\/uploads\/2016\/07\/Habib-Essid1-300x176-1.jpg","type":"image\/jpeg"}],"author":"Hatem Bourial","twitter_card":"summary_large_image","twitter_creator":"@webdo_tn","twitter_site":"@webdo_tn","twitter_misc":{"\u00c9crit par":"Hatem Bourial","Dur\u00e9e de lecture estim\u00e9e":"2 minutes"},"schema":{"@context":"https:\/\/schema.org","@graph":[{"@type":"NewsArticle","@id":"https:\/\/www.webdo.tn\/fr\/actualite\/chroniques\/politique-sens-ignoble-terme-trahisons-deshonneur-ivresse-pouvoir\/187150\/#article","isPartOf":{"@id":"https:\/\/www.webdo.tn\/fr\/actualite\/chroniques\/politique-sens-ignoble-terme-trahisons-deshonneur-ivresse-pouvoir\/187150\/"},"author":{"name":"Hatem Bourial","@id":"https:\/\/www.webdo.tn\/fr\/#\/schema\/person\/6bc0beba2cd23aec27cb5df85ca2554f"},"headline":"La politique au sens ignoble du terme : Trahisons, d\u00e9shonneur, ivresse du pouvoir&#8230;","datePublished":"2016-07-30T10:40:00+00:00","dateModified":"2025-05-19T09:30:58+00:00","mainEntityOfPage":{"@id":"https:\/\/www.webdo.tn\/fr\/actualite\/chroniques\/politique-sens-ignoble-terme-trahisons-deshonneur-ivresse-pouvoir\/187150\/"},"wordCount":416,"commentCount":0,"publisher":{"@id":"https:\/\/www.webdo.tn\/fr\/#organization"},"image":{"@id":"https:\/\/www.webdo.tn\/fr\/actualite\/chroniques\/politique-sens-ignoble-terme-trahisons-deshonneur-ivresse-pouvoir\/187150\/#primaryimage"},"thumbnailUrl":"https:\/\/www.webdo.tn\/fr\/wp-content\/uploads\/2016\/07\/Habib-Essid1-300x176-1.jpg","keywords":["guerre"],"articleSection":["Chroniques"],"inLanguage":"fr-FR"},{"@type":"WebPage","@id":"https:\/\/www.webdo.tn\/fr\/actualite\/chroniques\/politique-sens-ignoble-terme-trahisons-deshonneur-ivresse-pouvoir\/187150\/","url":"https:\/\/www.webdo.tn\/fr\/actualite\/chroniques\/politique-sens-ignoble-terme-trahisons-deshonneur-ivresse-pouvoir\/187150\/","name":"La politique au sens ignoble du terme : Trahisons, d\u00e9shonneur, ivresse du pouvoir...","isPartOf":{"@id":"https:\/\/www.webdo.tn\/fr\/#website"},"primaryImageOfPage":{"@id":"https:\/\/www.webdo.tn\/fr\/actualite\/chroniques\/politique-sens-ignoble-terme-trahisons-deshonneur-ivresse-pouvoir\/187150\/#primaryimage"},"image":{"@id":"https:\/\/www.webdo.tn\/fr\/actualite\/chroniques\/politique-sens-ignoble-terme-trahisons-deshonneur-ivresse-pouvoir\/187150\/#primaryimage"},"thumbnailUrl":"https:\/\/www.webdo.tn\/fr\/wp-content\/uploads\/2016\/07\/Habib-Essid1-300x176-1.jpg","datePublished":"2016-07-30T10:40:00+00:00","dateModified":"2025-05-19T09:30:58+00:00","description":"La politique au sens ignoble du terme : Trahisons, d\u00e9shonneur, ivresse du pouvoir...","breadcrumb":{"@id":"https:\/\/www.webdo.tn\/fr\/actualite\/chroniques\/politique-sens-ignoble-terme-trahisons-deshonneur-ivresse-pouvoir\/187150\/#breadcrumb"},"inLanguage":"fr-FR","potentialAction":[{"@type":"ReadAction","target":["https:\/\/www.webdo.tn\/fr\/actualite\/chroniques\/politique-sens-ignoble-terme-trahisons-deshonneur-ivresse-pouvoir\/187150\/"]}]},{"@type":"ImageObject","inLanguage":"fr-FR","@id":"https:\/\/www.webdo.tn\/fr\/actualite\/chroniques\/politique-sens-ignoble-terme-trahisons-deshonneur-ivresse-pouvoir\/187150\/#primaryimage","url":"https:\/\/www.webdo.tn\/fr\/wp-content\/uploads\/2016\/07\/Habib-Essid1-300x176-1.jpg","contentUrl":"https:\/\/www.webdo.tn\/fr\/wp-content\/uploads\/2016\/07\/Habib-Essid1-300x176-1.jpg","width":300,"height":176,"caption":"La politique au sens ignoble du terme : Trahisons, d\u00e9shonneur, ivresse du pouvoir..."},{"@type":"BreadcrumbList","@id":"https:\/\/www.webdo.tn\/fr\/actualite\/chroniques\/politique-sens-ignoble-terme-trahisons-deshonneur-ivresse-pouvoir\/187150\/#breadcrumb","itemListElement":[{"@type":"ListItem","position":1,"name":"Accueil","item":"https:\/\/www.webdo.tn\/fr\/"},{"@type":"ListItem","position":2,"name":"La politique au sens ignoble du terme : Trahisons, d\u00e9shonneur, ivresse du pouvoir&#8230;"}]},{"@type":"WebSite","@id":"https:\/\/www.webdo.tn\/fr\/#website","url":"https:\/\/www.webdo.tn\/fr\/","name":"webdo","description":"Tunisie - News en Tunisie et \u00e0 l&#039;international sur Webdo.tn","publisher":{"@id":"https:\/\/www.webdo.tn\/fr\/#organization"},"potentialAction":[{"@type":"SearchAction","target":{"@type":"EntryPoint","urlTemplate":"https:\/\/www.webdo.tn\/fr\/?s={search_term_string}"},"query-input":{"@type":"PropertyValueSpecification","valueRequired":true,"valueName":"search_term_string"}}],"inLanguage":"fr-FR"},{"@type":"Organization","@id":"https:\/\/www.webdo.tn\/fr\/#organization","name":"Webdo","alternateName":"Webdo.tn","url":"https:\/\/www.webdo.tn\/fr\/","logo":{"@type":"ImageObject","inLanguage":"fr-FR","@id":"https:\/\/www.webdo.tn\/fr\/#\/schema\/logo\/image\/","url":"https:\/\/www.webdo.tn\/fr\/wp-content\/uploads\/2025\/06\/Webdo-Tunisie_168377.jpg","contentUrl":"https:\/\/www.webdo.tn\/fr\/wp-content\/uploads\/2025\/06\/Webdo-Tunisie_168377.jpg","width":301,"height":301,"caption":"Webdo"},"image":{"@id":"https:\/\/www.webdo.tn\/fr\/#\/schema\/logo\/image\/"},"sameAs":["https:\/\/www.facebook.com\/webdotn","https:\/\/x.com\/webdo_tn"],"description":"Webdo est un m\u00e9dia num\u00e9rique tunisien fond\u00e9 en 2010, sp\u00e9cialis\u00e9 dans l\u2019actualit\u00e9 nationale et internationale, l\u2019\u00e9conomie, la soci\u00e9t\u00e9 et les analyses politiques. Le site s\u2019adresse \u00e0 un large public francophone et couvre l\u2019information tunisienne en temps r\u00e9el.","email":"redac@webdo.tn","legalName":"YNJ SARL","foundingDate":"2010-09-06","numberOfEmployees":{"@type":"QuantitativeValue","minValue":"11","maxValue":"50"}},{"@type":"Person","@id":"https:\/\/www.webdo.tn\/fr\/#\/schema\/person\/6bc0beba2cd23aec27cb5df85ca2554f","name":"Hatem Bourial","image":{"@type":"ImageObject","inLanguage":"fr-FR","@id":"https:\/\/www.webdo.tn\/fr\/wp-content\/uploads\/2026\/04\/hatem-bourial_avatar-96x96.jpg","url":"https:\/\/www.webdo.tn\/fr\/wp-content\/uploads\/2026\/04\/hatem-bourial_avatar-96x96.jpg","contentUrl":"https:\/\/www.webdo.tn\/fr\/wp-content\/uploads\/2026\/04\/hatem-bourial_avatar-96x96.jpg","caption":"Hatem Bourial"},"description":"Hatem Bourial est journaliste, \u00e9crivain et chroniqueur tunisien. Actif depuis plusieurs d\u00e9cennies, il s\u2019est impos\u00e9 comme un observateur attentif de la soci\u00e9t\u00e9 tunisienne, m\u00ealant dans ses \u00e9crits m\u00e9moire, culture et analyse du quotidien. Auteur de nombreux ouvrages, il d\u00e9veloppe une \u0153uvre \u00e0 la crois\u00e9e du r\u00e9cit, de la po\u00e9sie et de l\u2019observation sociologique. Parall\u00e8lement \u00e0 ses contributions dans la presse, il intervient r\u00e9guli\u00e8rement \u00e0 la radio et dans des espaces culturels, o\u00f9 il explore les enjeux li\u00e9s au patrimoine, \u00e0 l\u2019identit\u00e9 et aux transformations du monde contemporain. \u00c0 travers ses chroniques, Hatem Bourial propose une lecture sensible et approfondie de l\u2019actualit\u00e9, nourrie par une exp\u00e9rience journalistique et litt\u00e9raire reconnue. \ud83d\udd17 Facebook : https:\/\/www.facebook.com\/hatem.bourial.2025","sameAs":["https:\/\/www.facebook.com\/hatem.bourial.2025","https:\/\/fr.wikipedia.org\/wiki\/Fichier:Hatem_Bourial.jpg"],"knowsAbout":["Culture & patrimoine tunisien","Chronique soci\u00e9tale","Litt\u00e9rature & m\u00e9moire","Cin\u00e9ma & critique culturelle","Identit\u00e9 & mutations sociales"],"knowsLanguage":["Arabe","Fran\u00e7ais","Anglais","Italien","Polonais"],"jobTitle":"Journaliste, \u00e9crivain et chroniqueur culturel","worksFor":"Webdo","url":"https:\/\/www.webdo.tn\/fr\/actualite\/author\/hatem-bourial-2\/"}]}},"_links":{"self":[{"href":"https:\/\/www.webdo.tn\/fr\/wp-json\/wp\/v2\/posts\/187150","targetHints":{"allow":["GET"]}}],"collection":[{"href":"https:\/\/www.webdo.tn\/fr\/wp-json\/wp\/v2\/posts"}],"about":[{"href":"https:\/\/www.webdo.tn\/fr\/wp-json\/wp\/v2\/types\/post"}],"author":[{"embeddable":true,"href":"https:\/\/www.webdo.tn\/fr\/wp-json\/wp\/v2\/users\/3229"}],"replies":[{"embeddable":true,"href":"https:\/\/www.webdo.tn\/fr\/wp-json\/wp\/v2\/comments?post=187150"}],"version-history":[{"count":0,"href":"https:\/\/www.webdo.tn\/fr\/wp-json\/wp\/v2\/posts\/187150\/revisions"}],"wp:featuredmedia":[{"embeddable":true,"href":"https:\/\/www.webdo.tn\/fr\/wp-json\/wp\/v2\/media\/313663"}],"wp:attachment":[{"href":"https:\/\/www.webdo.tn\/fr\/wp-json\/wp\/v2\/media?parent=187150"}],"wp:term":[{"taxonomy":"category","embeddable":true,"href":"https:\/\/www.webdo.tn\/fr\/wp-json\/wp\/v2\/categories?post=187150"},{"taxonomy":"post_tag","embeddable":true,"href":"https:\/\/www.webdo.tn\/fr\/wp-json\/wp\/v2\/tags?post=187150"}],"curies":[{"name":"wp","href":"https:\/\/api.w.org\/{rel}","templated":true}]}}