{"id":187148,"date":"2016-07-29T08:00:00","date_gmt":"2016-07-29T08:00:00","guid":{"rendered":"https:\/\/www.webdo.tn\/fr\/blog\/festival-del-jem-maestro-muti-fit-taire-musique-retentisse-lappel-a-priere\/187148\/"},"modified":"2016-07-29T08:00:00","modified_gmt":"2016-07-29T08:00:00","slug":"festival-del-jem-maestro-muti-fit-taire-musique-retentisse-lappel-a-priere","status":"publish","type":"post","link":"https:\/\/www.webdo.tn\/fr\/actualite\/chroniques\/festival-del-jem-maestro-muti-fit-taire-musique-retentisse-lappel-a-priere\/187148\/","title":{"rendered":"Festival d&rsquo;El Jem : Quand le maestro Muti fit taire la musique pour que retentisse l&rsquo;appel \u00e0 la pri\u00e8re&#8230;"},"content":{"rendered":"<p>Cela s&rsquo;est pass\u00e9 le 4 juillet 2005 \u00e0 l&rsquo;amphith\u00e9\u00e2tre d&rsquo;El Jem&#8230; Le maestro Riccardo Muti venait juste de lancer un mouvement musical et les instrumentistes du Maggio Musicale Fiorentino commen\u00e7aient \u00e0 peine \u00e0 jouer&#8230;<\/p>\n<p>C&rsquo;est \u00e0 ce moment pr\u00e9cis que s&rsquo;\u00e9leva l&rsquo;appel \u00e0 la pri\u00e8re du soir. C&rsquo;\u00e9tait l&rsquo;heure de la pri\u00e8re d&rsquo;El Icha. Surpris un bref instant &#8211; la mosqu\u00e9e est mitoyenne de l&rsquo;amphith\u00e9\u00e2tre -, le maestro Muti se ressaisit tr\u00e8s vite et eut un geste sublime, rest\u00e9 dans la m\u00e9moire du festival international d&rsquo;El Jem.<\/p>\n<p>Muti fit cesser la musique imm\u00e9diatement et demanda \u00e0 ses instrumentistes de se lever. Ils resteront debout pendant toute la dur\u00e9e de l&rsquo;appel \u00e0 la pri\u00e8re, t\u00e9moins impassibles devant ces arabesques vocales qui montaient dans le ciel.<\/p>\n<p>Moment magique o\u00f9 le temps \u00e9tait comme suspendu, o\u00f9 le respect de la sacralit\u00e9 primait sur toute chose&#8230;<\/p>\n<p> Ce moment sera suivi par une ovation qu&rsquo;il m&rsquo;a rarement \u00e9t\u00e9 donn\u00e9 d&rsquo;entendre. Debout \u00e0 son tour, le public applaudissait le maestro Muti et le Maggio Musicale Fiorentino.<\/p>\n<p>Ce moment restera \u00e0 jamais grav\u00e9 dans ma m\u00e9moire et, dans cette \u00e9poque troubl\u00e9e, il prend valeur de symbole, d&#8217;embl\u00e8me de la compr\u00e9hension et de la coexistence dans le respect.<\/p>\n<p>Entr\u00e9 dans l&rsquo;histoire du festival d&rsquo;El Jem, le geste fraternel de Riccardo Muti devrait nous guider et avoir une pleine exemplarit\u00e9.<\/p>\n<p>Quant au Maggio Musicale Fiorentino, onze ans plus tard, il est de retour \u00e0 El Jem et offrira samedi 30 juillet une soir\u00e9e de musique classique et d&rsquo;op\u00e9ra italiens.<\/p>\n<p>Bienvenue \u00e0 nos amis florentins qui retrouveront samedi soir le Piccolo Colloseo de Thysdrus, l&rsquo;antique cit\u00e9 romaine&#8230;<br \/>\nH.B.<\/p>\n","protected":false},"excerpt":{"rendered":"<p>Festival d&rsquo;El Jem : Quand le maestro Muti fit taire la musique pour que retentisse l&rsquo;appel \u00e0 la pri\u00e8re&#8230;<\/p>\n","protected":false},"author":3229,"featured_media":337659,"comment_status":"open","ping_status":"closed","sticky":false,"template":"","format":"standard","meta":{"footnotes":""},"categories":[2596],"tags":[2600],"class_list":["post-187148","post","type-post","status-publish","format-standard","has-post-thumbnail","hentry","category-chroniques","tag-guerre"],"yoast_head":"<!-- This site is optimized with the Yoast SEO Premium plugin v27.5 (Yoast SEO v27.5) - https:\/\/yoast.com\/product\/yoast-seo-premium-wordpress\/ -->\n<title>Festival d&#039;El Jem : Quand le maestro Muti fit taire la musique pour que retentisse l&#039;appel \u00e0 la pri\u00e8re...<\/title>\n<meta name=\"description\" content=\"Festival d&#039;El Jem : Quand le maestro Muti fit taire la musique pour que retentisse l&#039;appel \u00e0 la pri\u00e8re...\" \/>\n<link rel=\"canonical\" href=\"https:\/\/www.webdo.tn\/fr\/actualite\/chroniques\/festival-del-jem-maestro-muti-fit-taire-musique-retentisse-lappel-a-priere\/187148\/\" \/>\n<meta property=\"og:locale\" content=\"fr_FR\" \/>\n<meta property=\"og:type\" content=\"article\" \/>\n<meta property=\"og:title\" content=\"Festival d&#039;El Jem : Quand le maestro Muti fit taire la musique pour que retentisse l&#039;appel \u00e0 la pri\u00e8re...\" \/>\n<meta property=\"og:description\" content=\"Festival d&#039;El Jem : Quand le maestro Muti fit taire la musique pour que retentisse l&#039;appel \u00e0 la pri\u00e8re...\" \/>\n<meta property=\"og:url\" content=\"https:\/\/www.webdo.tn\/fr\/actualite\/chroniques\/festival-del-jem-maestro-muti-fit-taire-musique-retentisse-lappel-a-priere\/187148\/\" \/>\n<meta property=\"og:site_name\" content=\"webdo\" \/>\n<meta property=\"article:publisher\" content=\"https:\/\/www.facebook.com\/webdotn\" \/>\n<meta property=\"article:author\" content=\"https:\/\/www.facebook.com\/hatem.bourial.2025\" \/>\n<meta property=\"article:published_time\" content=\"2016-07-29T08:00:00+00:00\" \/>\n<meta property=\"og:image\" content=\"https:\/\/www.webdo.tn\/fr\/wp-content\/uploads\/2016\/07\/Riccardo-Muti.jpg\" \/>\n\t<meta property=\"og:image:width\" content=\"980\" \/>\n\t<meta property=\"og:image:height\" content=\"520\" \/>\n\t<meta property=\"og:image:type\" content=\"image\/jpeg\" \/>\n<meta name=\"author\" content=\"Hatem Bourial\" \/>\n<meta name=\"twitter:card\" content=\"summary_large_image\" \/>\n<meta name=\"twitter:creator\" content=\"@webdo_tn\" \/>\n<meta name=\"twitter:site\" content=\"@webdo_tn\" \/>\n<meta name=\"twitter:label1\" content=\"\u00c9crit par\" \/>\n\t<meta name=\"twitter:data1\" content=\"Hatem Bourial\" \/>\n\t<meta name=\"twitter:label2\" content=\"Dur\u00e9e de lecture estim\u00e9e\" \/>\n\t<meta name=\"twitter:data2\" content=\"1 minute\" \/>\n<script type=\"application\/ld+json\" class=\"yoast-schema-graph\">{\"@context\":\"https:\\\/\\\/schema.org\",\"@graph\":[{\"@type\":\"NewsArticle\",\"@id\":\"https:\\\/\\\/www.webdo.tn\\\/fr\\\/actualite\\\/chroniques\\\/festival-del-jem-maestro-muti-fit-taire-musique-retentisse-lappel-a-priere\\\/187148\\\/#article\",\"isPartOf\":{\"@id\":\"https:\\\/\\\/www.webdo.tn\\\/fr\\\/actualite\\\/chroniques\\\/festival-del-jem-maestro-muti-fit-taire-musique-retentisse-lappel-a-priere\\\/187148\\\/\"},\"author\":{\"name\":\"Hatem Bourial\",\"@id\":\"https:\\\/\\\/www.webdo.tn\\\/fr\\\/#\\\/schema\\\/person\\\/6bc0beba2cd23aec27cb5df85ca2554f\"},\"headline\":\"Festival d&rsquo;El Jem : Quand le maestro Muti fit taire la musique pour que retentisse l&rsquo;appel \u00e0 la pri\u00e8re&#8230;\",\"datePublished\":\"2016-07-29T08:00:00+00:00\",\"mainEntityOfPage\":{\"@id\":\"https:\\\/\\\/www.webdo.tn\\\/fr\\\/actualite\\\/chroniques\\\/festival-del-jem-maestro-muti-fit-taire-musique-retentisse-lappel-a-priere\\\/187148\\\/\"},\"wordCount\":314,\"commentCount\":0,\"publisher\":{\"@id\":\"https:\\\/\\\/www.webdo.tn\\\/fr\\\/#organization\"},\"image\":{\"@id\":\"https:\\\/\\\/www.webdo.tn\\\/fr\\\/actualite\\\/chroniques\\\/festival-del-jem-maestro-muti-fit-taire-musique-retentisse-lappel-a-priere\\\/187148\\\/#primaryimage\"},\"thumbnailUrl\":\"https:\\\/\\\/www.webdo.tn\\\/fr\\\/wp-content\\\/uploads\\\/2016\\\/07\\\/Riccardo-Muti.jpg\",\"keywords\":[\"guerre\"],\"articleSection\":[\"Chroniques\"],\"inLanguage\":\"fr-FR\"},{\"@type\":\"WebPage\",\"@id\":\"https:\\\/\\\/www.webdo.tn\\\/fr\\\/actualite\\\/chroniques\\\/festival-del-jem-maestro-muti-fit-taire-musique-retentisse-lappel-a-priere\\\/187148\\\/\",\"url\":\"https:\\\/\\\/www.webdo.tn\\\/fr\\\/actualite\\\/chroniques\\\/festival-del-jem-maestro-muti-fit-taire-musique-retentisse-lappel-a-priere\\\/187148\\\/\",\"name\":\"Festival d'El Jem : Quand le maestro Muti fit taire la musique pour que retentisse l'appel \u00e0 la pri\u00e8re...\",\"isPartOf\":{\"@id\":\"https:\\\/\\\/www.webdo.tn\\\/fr\\\/#website\"},\"primaryImageOfPage\":{\"@id\":\"https:\\\/\\\/www.webdo.tn\\\/fr\\\/actualite\\\/chroniques\\\/festival-del-jem-maestro-muti-fit-taire-musique-retentisse-lappel-a-priere\\\/187148\\\/#primaryimage\"},\"image\":{\"@id\":\"https:\\\/\\\/www.webdo.tn\\\/fr\\\/actualite\\\/chroniques\\\/festival-del-jem-maestro-muti-fit-taire-musique-retentisse-lappel-a-priere\\\/187148\\\/#primaryimage\"},\"thumbnailUrl\":\"https:\\\/\\\/www.webdo.tn\\\/fr\\\/wp-content\\\/uploads\\\/2016\\\/07\\\/Riccardo-Muti.jpg\",\"datePublished\":\"2016-07-29T08:00:00+00:00\",\"description\":\"Festival d'El Jem : Quand le maestro Muti fit taire la musique pour que retentisse l'appel \u00e0 la pri\u00e8re...\",\"breadcrumb\":{\"@id\":\"https:\\\/\\\/www.webdo.tn\\\/fr\\\/actualite\\\/chroniques\\\/festival-del-jem-maestro-muti-fit-taire-musique-retentisse-lappel-a-priere\\\/187148\\\/#breadcrumb\"},\"inLanguage\":\"fr-FR\",\"potentialAction\":[{\"@type\":\"ReadAction\",\"target\":[\"https:\\\/\\\/www.webdo.tn\\\/fr\\\/actualite\\\/chroniques\\\/festival-del-jem-maestro-muti-fit-taire-musique-retentisse-lappel-a-priere\\\/187148\\\/\"]}]},{\"@type\":\"ImageObject\",\"inLanguage\":\"fr-FR\",\"@id\":\"https:\\\/\\\/www.webdo.tn\\\/fr\\\/actualite\\\/chroniques\\\/festival-del-jem-maestro-muti-fit-taire-musique-retentisse-lappel-a-priere\\\/187148\\\/#primaryimage\",\"url\":\"https:\\\/\\\/www.webdo.tn\\\/fr\\\/wp-content\\\/uploads\\\/2016\\\/07\\\/Riccardo-Muti.jpg\",\"contentUrl\":\"https:\\\/\\\/www.webdo.tn\\\/fr\\\/wp-content\\\/uploads\\\/2016\\\/07\\\/Riccardo-Muti.jpg\",\"width\":980,\"height\":520,\"caption\":\"Festival d'El Jem : Quand le maestro Muti fit taire la musique pour que retentisse l'appel \u00e0 la pri\u00e8re...\"},{\"@type\":\"BreadcrumbList\",\"@id\":\"https:\\\/\\\/www.webdo.tn\\\/fr\\\/actualite\\\/chroniques\\\/festival-del-jem-maestro-muti-fit-taire-musique-retentisse-lappel-a-priere\\\/187148\\\/#breadcrumb\",\"itemListElement\":[{\"@type\":\"ListItem\",\"position\":1,\"name\":\"Accueil\",\"item\":\"https:\\\/\\\/www.webdo.tn\\\/fr\\\/\"},{\"@type\":\"ListItem\",\"position\":2,\"name\":\"Festival d&#8217;El Jem : Quand le maestro Muti fit taire la musique pour que retentisse l&#8217;appel \u00e0 la pri\u00e8re&#8230;\"}]},{\"@type\":\"WebSite\",\"@id\":\"https:\\\/\\\/www.webdo.tn\\\/fr\\\/#website\",\"url\":\"https:\\\/\\\/www.webdo.tn\\\/fr\\\/\",\"name\":\"webdo\",\"description\":\"Tunisie - News en Tunisie et \u00e0 l&#039;international sur Webdo.tn\",\"publisher\":{\"@id\":\"https:\\\/\\\/www.webdo.tn\\\/fr\\\/#organization\"},\"potentialAction\":[{\"@type\":\"SearchAction\",\"target\":{\"@type\":\"EntryPoint\",\"urlTemplate\":\"https:\\\/\\\/www.webdo.tn\\\/fr\\\/?s={search_term_string}\"},\"query-input\":{\"@type\":\"PropertyValueSpecification\",\"valueRequired\":true,\"valueName\":\"search_term_string\"}}],\"inLanguage\":\"fr-FR\"},{\"@type\":\"Organization\",\"@id\":\"https:\\\/\\\/www.webdo.tn\\\/fr\\\/#organization\",\"name\":\"Webdo\",\"alternateName\":\"Webdo.tn\",\"url\":\"https:\\\/\\\/www.webdo.tn\\\/fr\\\/\",\"logo\":{\"@type\":\"ImageObject\",\"inLanguage\":\"fr-FR\",\"@id\":\"https:\\\/\\\/www.webdo.tn\\\/fr\\\/#\\\/schema\\\/logo\\\/image\\\/\",\"url\":\"https:\\\/\\\/www.webdo.tn\\\/fr\\\/wp-content\\\/uploads\\\/2025\\\/06\\\/Webdo-Tunisie_168377.jpg\",\"contentUrl\":\"https:\\\/\\\/www.webdo.tn\\\/fr\\\/wp-content\\\/uploads\\\/2025\\\/06\\\/Webdo-Tunisie_168377.jpg\",\"width\":301,\"height\":301,\"caption\":\"Webdo\"},\"image\":{\"@id\":\"https:\\\/\\\/www.webdo.tn\\\/fr\\\/#\\\/schema\\\/logo\\\/image\\\/\"},\"sameAs\":[\"https:\\\/\\\/www.facebook.com\\\/webdotn\",\"https:\\\/\\\/x.com\\\/webdo_tn\"],\"description\":\"Webdo est un m\u00e9dia num\u00e9rique tunisien fond\u00e9 en 2010, sp\u00e9cialis\u00e9 dans l\u2019actualit\u00e9 nationale et internationale, l\u2019\u00e9conomie, la soci\u00e9t\u00e9 et les analyses politiques. Le site s\u2019adresse \u00e0 un large public francophone et couvre l\u2019information tunisienne en temps r\u00e9el.\",\"email\":\"redac@webdo.tn\",\"legalName\":\"YNJ SARL\",\"foundingDate\":\"2010-09-06\",\"numberOfEmployees\":{\"@type\":\"QuantitativeValue\",\"minValue\":\"11\",\"maxValue\":\"50\"}},{\"@type\":\"Person\",\"@id\":\"https:\\\/\\\/www.webdo.tn\\\/fr\\\/#\\\/schema\\\/person\\\/6bc0beba2cd23aec27cb5df85ca2554f\",\"name\":\"Hatem Bourial\",\"image\":{\"@type\":\"ImageObject\",\"inLanguage\":\"fr-FR\",\"@id\":\"https:\\\/\\\/www.webdo.tn\\\/fr\\\/wp-content\\\/uploads\\\/2026\\\/04\\\/hatem-bourial_avatar-96x96.jpg\",\"url\":\"https:\\\/\\\/www.webdo.tn\\\/fr\\\/wp-content\\\/uploads\\\/2026\\\/04\\\/hatem-bourial_avatar-96x96.jpg\",\"contentUrl\":\"https:\\\/\\\/www.webdo.tn\\\/fr\\\/wp-content\\\/uploads\\\/2026\\\/04\\\/hatem-bourial_avatar-96x96.jpg\",\"caption\":\"Hatem Bourial\"},\"description\":\"Hatem Bourial est journaliste, \u00e9crivain et chroniqueur tunisien. Actif depuis plusieurs d\u00e9cennies, il s\u2019est impos\u00e9 comme un observateur attentif de la soci\u00e9t\u00e9 tunisienne, m\u00ealant dans ses \u00e9crits m\u00e9moire, culture et analyse du quotidien. Auteur de nombreux ouvrages, il d\u00e9veloppe une \u0153uvre \u00e0 la crois\u00e9e du r\u00e9cit, de la po\u00e9sie et de l\u2019observation sociologique. Parall\u00e8lement \u00e0 ses contributions dans la presse, il intervient r\u00e9guli\u00e8rement \u00e0 la radio et dans des espaces culturels, o\u00f9 il explore les enjeux li\u00e9s au patrimoine, \u00e0 l\u2019identit\u00e9 et aux transformations du monde contemporain. \u00c0 travers ses chroniques, Hatem Bourial propose une lecture sensible et approfondie de l\u2019actualit\u00e9, nourrie par une exp\u00e9rience journalistique et litt\u00e9raire reconnue. \ud83d\udd17 Facebook : https:\\\/\\\/www.facebook.com\\\/hatem.bourial.2025\",\"sameAs\":[\"https:\\\/\\\/www.facebook.com\\\/hatem.bourial.2025\",\"https:\\\/\\\/fr.wikipedia.org\\\/wiki\\\/Fichier:Hatem_Bourial.jpg\"],\"knowsAbout\":[\"Culture & patrimoine tunisien\",\"Chronique soci\u00e9tale\",\"Litt\u00e9rature & m\u00e9moire\",\"Cin\u00e9ma & critique culturelle\",\"Identit\u00e9 & mutations sociales\"],\"knowsLanguage\":[\"Arabe\",\"Fran\u00e7ais\",\"Anglais\",\"Italien\",\"Polonais\"],\"jobTitle\":\"Journaliste, \u00e9crivain et chroniqueur culturel\",\"worksFor\":\"Webdo\",\"url\":\"https:\\\/\\\/www.webdo.tn\\\/fr\\\/actualite\\\/author\\\/hatem-bourial-2\\\/\"}]}<\/script>\n<!-- \/ Yoast SEO Premium plugin. -->","yoast_head_json":{"title":"Festival d'El Jem : Quand le maestro Muti fit taire la musique pour que retentisse l'appel \u00e0 la pri\u00e8re...","description":"Festival d'El Jem : Quand le maestro Muti fit taire la musique pour que retentisse l'appel \u00e0 la pri\u00e8re...","canonical":"https:\/\/www.webdo.tn\/fr\/actualite\/chroniques\/festival-del-jem-maestro-muti-fit-taire-musique-retentisse-lappel-a-priere\/187148\/","og_locale":"fr_FR","og_type":"article","og_title":"Festival d'El Jem : Quand le maestro Muti fit taire la musique pour que retentisse l'appel \u00e0 la pri\u00e8re...","og_description":"Festival d'El Jem : Quand le maestro Muti fit taire la musique pour que retentisse l'appel \u00e0 la pri\u00e8re...","og_url":"https:\/\/www.webdo.tn\/fr\/actualite\/chroniques\/festival-del-jem-maestro-muti-fit-taire-musique-retentisse-lappel-a-priere\/187148\/","og_site_name":"webdo","article_publisher":"https:\/\/www.facebook.com\/webdotn","article_author":"https:\/\/www.facebook.com\/hatem.bourial.2025","article_published_time":"2016-07-29T08:00:00+00:00","og_image":[{"width":980,"height":520,"url":"https:\/\/www.webdo.tn\/fr\/wp-content\/uploads\/2016\/07\/Riccardo-Muti.jpg","type":"image\/jpeg"}],"author":"Hatem Bourial","twitter_card":"summary_large_image","twitter_creator":"@webdo_tn","twitter_site":"@webdo_tn","twitter_misc":{"\u00c9crit par":"Hatem Bourial","Dur\u00e9e de lecture estim\u00e9e":"1 minute"},"schema":{"@context":"https:\/\/schema.org","@graph":[{"@type":"NewsArticle","@id":"https:\/\/www.webdo.tn\/fr\/actualite\/chroniques\/festival-del-jem-maestro-muti-fit-taire-musique-retentisse-lappel-a-priere\/187148\/#article","isPartOf":{"@id":"https:\/\/www.webdo.tn\/fr\/actualite\/chroniques\/festival-del-jem-maestro-muti-fit-taire-musique-retentisse-lappel-a-priere\/187148\/"},"author":{"name":"Hatem Bourial","@id":"https:\/\/www.webdo.tn\/fr\/#\/schema\/person\/6bc0beba2cd23aec27cb5df85ca2554f"},"headline":"Festival d&rsquo;El Jem : Quand le maestro Muti fit taire la musique pour que retentisse l&rsquo;appel \u00e0 la pri\u00e8re&#8230;","datePublished":"2016-07-29T08:00:00+00:00","mainEntityOfPage":{"@id":"https:\/\/www.webdo.tn\/fr\/actualite\/chroniques\/festival-del-jem-maestro-muti-fit-taire-musique-retentisse-lappel-a-priere\/187148\/"},"wordCount":314,"commentCount":0,"publisher":{"@id":"https:\/\/www.webdo.tn\/fr\/#organization"},"image":{"@id":"https:\/\/www.webdo.tn\/fr\/actualite\/chroniques\/festival-del-jem-maestro-muti-fit-taire-musique-retentisse-lappel-a-priere\/187148\/#primaryimage"},"thumbnailUrl":"https:\/\/www.webdo.tn\/fr\/wp-content\/uploads\/2016\/07\/Riccardo-Muti.jpg","keywords":["guerre"],"articleSection":["Chroniques"],"inLanguage":"fr-FR"},{"@type":"WebPage","@id":"https:\/\/www.webdo.tn\/fr\/actualite\/chroniques\/festival-del-jem-maestro-muti-fit-taire-musique-retentisse-lappel-a-priere\/187148\/","url":"https:\/\/www.webdo.tn\/fr\/actualite\/chroniques\/festival-del-jem-maestro-muti-fit-taire-musique-retentisse-lappel-a-priere\/187148\/","name":"Festival d'El Jem : Quand le maestro Muti fit taire la musique pour que retentisse l'appel \u00e0 la pri\u00e8re...","isPartOf":{"@id":"https:\/\/www.webdo.tn\/fr\/#website"},"primaryImageOfPage":{"@id":"https:\/\/www.webdo.tn\/fr\/actualite\/chroniques\/festival-del-jem-maestro-muti-fit-taire-musique-retentisse-lappel-a-priere\/187148\/#primaryimage"},"image":{"@id":"https:\/\/www.webdo.tn\/fr\/actualite\/chroniques\/festival-del-jem-maestro-muti-fit-taire-musique-retentisse-lappel-a-priere\/187148\/#primaryimage"},"thumbnailUrl":"https:\/\/www.webdo.tn\/fr\/wp-content\/uploads\/2016\/07\/Riccardo-Muti.jpg","datePublished":"2016-07-29T08:00:00+00:00","description":"Festival d'El Jem : Quand le maestro Muti fit taire la musique pour que retentisse l'appel \u00e0 la pri\u00e8re...","breadcrumb":{"@id":"https:\/\/www.webdo.tn\/fr\/actualite\/chroniques\/festival-del-jem-maestro-muti-fit-taire-musique-retentisse-lappel-a-priere\/187148\/#breadcrumb"},"inLanguage":"fr-FR","potentialAction":[{"@type":"ReadAction","target":["https:\/\/www.webdo.tn\/fr\/actualite\/chroniques\/festival-del-jem-maestro-muti-fit-taire-musique-retentisse-lappel-a-priere\/187148\/"]}]},{"@type":"ImageObject","inLanguage":"fr-FR","@id":"https:\/\/www.webdo.tn\/fr\/actualite\/chroniques\/festival-del-jem-maestro-muti-fit-taire-musique-retentisse-lappel-a-priere\/187148\/#primaryimage","url":"https:\/\/www.webdo.tn\/fr\/wp-content\/uploads\/2016\/07\/Riccardo-Muti.jpg","contentUrl":"https:\/\/www.webdo.tn\/fr\/wp-content\/uploads\/2016\/07\/Riccardo-Muti.jpg","width":980,"height":520,"caption":"Festival d'El Jem : Quand le maestro Muti fit taire la musique pour que retentisse l'appel \u00e0 la pri\u00e8re..."},{"@type":"BreadcrumbList","@id":"https:\/\/www.webdo.tn\/fr\/actualite\/chroniques\/festival-del-jem-maestro-muti-fit-taire-musique-retentisse-lappel-a-priere\/187148\/#breadcrumb","itemListElement":[{"@type":"ListItem","position":1,"name":"Accueil","item":"https:\/\/www.webdo.tn\/fr\/"},{"@type":"ListItem","position":2,"name":"Festival d&#8217;El Jem : Quand le maestro Muti fit taire la musique pour que retentisse l&#8217;appel \u00e0 la pri\u00e8re&#8230;"}]},{"@type":"WebSite","@id":"https:\/\/www.webdo.tn\/fr\/#website","url":"https:\/\/www.webdo.tn\/fr\/","name":"webdo","description":"Tunisie - News en Tunisie et \u00e0 l&#039;international sur Webdo.tn","publisher":{"@id":"https:\/\/www.webdo.tn\/fr\/#organization"},"potentialAction":[{"@type":"SearchAction","target":{"@type":"EntryPoint","urlTemplate":"https:\/\/www.webdo.tn\/fr\/?s={search_term_string}"},"query-input":{"@type":"PropertyValueSpecification","valueRequired":true,"valueName":"search_term_string"}}],"inLanguage":"fr-FR"},{"@type":"Organization","@id":"https:\/\/www.webdo.tn\/fr\/#organization","name":"Webdo","alternateName":"Webdo.tn","url":"https:\/\/www.webdo.tn\/fr\/","logo":{"@type":"ImageObject","inLanguage":"fr-FR","@id":"https:\/\/www.webdo.tn\/fr\/#\/schema\/logo\/image\/","url":"https:\/\/www.webdo.tn\/fr\/wp-content\/uploads\/2025\/06\/Webdo-Tunisie_168377.jpg","contentUrl":"https:\/\/www.webdo.tn\/fr\/wp-content\/uploads\/2025\/06\/Webdo-Tunisie_168377.jpg","width":301,"height":301,"caption":"Webdo"},"image":{"@id":"https:\/\/www.webdo.tn\/fr\/#\/schema\/logo\/image\/"},"sameAs":["https:\/\/www.facebook.com\/webdotn","https:\/\/x.com\/webdo_tn"],"description":"Webdo est un m\u00e9dia num\u00e9rique tunisien fond\u00e9 en 2010, sp\u00e9cialis\u00e9 dans l\u2019actualit\u00e9 nationale et internationale, l\u2019\u00e9conomie, la soci\u00e9t\u00e9 et les analyses politiques. Le site s\u2019adresse \u00e0 un large public francophone et couvre l\u2019information tunisienne en temps r\u00e9el.","email":"redac@webdo.tn","legalName":"YNJ SARL","foundingDate":"2010-09-06","numberOfEmployees":{"@type":"QuantitativeValue","minValue":"11","maxValue":"50"}},{"@type":"Person","@id":"https:\/\/www.webdo.tn\/fr\/#\/schema\/person\/6bc0beba2cd23aec27cb5df85ca2554f","name":"Hatem Bourial","image":{"@type":"ImageObject","inLanguage":"fr-FR","@id":"https:\/\/www.webdo.tn\/fr\/wp-content\/uploads\/2026\/04\/hatem-bourial_avatar-96x96.jpg","url":"https:\/\/www.webdo.tn\/fr\/wp-content\/uploads\/2026\/04\/hatem-bourial_avatar-96x96.jpg","contentUrl":"https:\/\/www.webdo.tn\/fr\/wp-content\/uploads\/2026\/04\/hatem-bourial_avatar-96x96.jpg","caption":"Hatem Bourial"},"description":"Hatem Bourial est journaliste, \u00e9crivain et chroniqueur tunisien. Actif depuis plusieurs d\u00e9cennies, il s\u2019est impos\u00e9 comme un observateur attentif de la soci\u00e9t\u00e9 tunisienne, m\u00ealant dans ses \u00e9crits m\u00e9moire, culture et analyse du quotidien. Auteur de nombreux ouvrages, il d\u00e9veloppe une \u0153uvre \u00e0 la crois\u00e9e du r\u00e9cit, de la po\u00e9sie et de l\u2019observation sociologique. Parall\u00e8lement \u00e0 ses contributions dans la presse, il intervient r\u00e9guli\u00e8rement \u00e0 la radio et dans des espaces culturels, o\u00f9 il explore les enjeux li\u00e9s au patrimoine, \u00e0 l\u2019identit\u00e9 et aux transformations du monde contemporain. \u00c0 travers ses chroniques, Hatem Bourial propose une lecture sensible et approfondie de l\u2019actualit\u00e9, nourrie par une exp\u00e9rience journalistique et litt\u00e9raire reconnue. \ud83d\udd17 Facebook : https:\/\/www.facebook.com\/hatem.bourial.2025","sameAs":["https:\/\/www.facebook.com\/hatem.bourial.2025","https:\/\/fr.wikipedia.org\/wiki\/Fichier:Hatem_Bourial.jpg"],"knowsAbout":["Culture & patrimoine tunisien","Chronique soci\u00e9tale","Litt\u00e9rature & m\u00e9moire","Cin\u00e9ma & critique culturelle","Identit\u00e9 & mutations sociales"],"knowsLanguage":["Arabe","Fran\u00e7ais","Anglais","Italien","Polonais"],"jobTitle":"Journaliste, \u00e9crivain et chroniqueur culturel","worksFor":"Webdo","url":"https:\/\/www.webdo.tn\/fr\/actualite\/author\/hatem-bourial-2\/"}]}},"_links":{"self":[{"href":"https:\/\/www.webdo.tn\/fr\/wp-json\/wp\/v2\/posts\/187148","targetHints":{"allow":["GET"]}}],"collection":[{"href":"https:\/\/www.webdo.tn\/fr\/wp-json\/wp\/v2\/posts"}],"about":[{"href":"https:\/\/www.webdo.tn\/fr\/wp-json\/wp\/v2\/types\/post"}],"author":[{"embeddable":true,"href":"https:\/\/www.webdo.tn\/fr\/wp-json\/wp\/v2\/users\/3229"}],"replies":[{"embeddable":true,"href":"https:\/\/www.webdo.tn\/fr\/wp-json\/wp\/v2\/comments?post=187148"}],"version-history":[{"count":0,"href":"https:\/\/www.webdo.tn\/fr\/wp-json\/wp\/v2\/posts\/187148\/revisions"}],"wp:featuredmedia":[{"embeddable":true,"href":"https:\/\/www.webdo.tn\/fr\/wp-json\/wp\/v2\/media\/337659"}],"wp:attachment":[{"href":"https:\/\/www.webdo.tn\/fr\/wp-json\/wp\/v2\/media?parent=187148"}],"wp:term":[{"taxonomy":"category","embeddable":true,"href":"https:\/\/www.webdo.tn\/fr\/wp-json\/wp\/v2\/categories?post=187148"},{"taxonomy":"post_tag","embeddable":true,"href":"https:\/\/www.webdo.tn\/fr\/wp-json\/wp\/v2\/tags?post=187148"}],"curies":[{"name":"wp","href":"https:\/\/api.w.org\/{rel}","templated":true}]}}