{"id":187147,"date":"2016-07-28T09:44:00","date_gmt":"2016-07-28T09:44:00","guid":{"rendered":"https:\/\/www.webdo.tn\/fr\/blog\/2022-celebrerons-premier-millenaire-lhistoire-veritable-de-sidi-mahrez-ibn-khalaf\/187147\/"},"modified":"2016-07-28T09:44:00","modified_gmt":"2016-07-28T09:44:00","slug":"2022-celebrerons-premier-millenaire-lhistoire-veritable-de-sidi-mahrez-ibn-khalaf","status":"publish","type":"post","link":"https:\/\/www.webdo.tn\/fr\/actualite\/chroniques\/2022-celebrerons-premier-millenaire-lhistoire-veritable-de-sidi-mahrez-ibn-khalaf\/187147\/","title":{"rendered":"En 2022, nous c\u00e9l\u00e9brerons son premier mill\u00e9naire : L&rsquo;histoire v\u00e9ritable de Sidi Mahrez Ibn Khalaf&#8230;"},"content":{"rendered":"<p>C&rsquo;est dans la deuxi\u00e8me partie du dixi\u00e8me si\u00e8cle qu&rsquo;a v\u00e9cu Sidi Mahrez. Mort en 1022, le saint personnage fut enterr\u00e9 dans sa propre demeure et b\u00e9n\u00e9ficie depuis de la reconnaissance des Tunisois de toutes origines.<br \/>\nUn r\u00e9sistant au nom des Tunisois<br \/>\nDans l&rsquo;histoire, Mahrez Ibn Khalaf est r\u00e9put\u00e9 avoir pris la d\u00e9fense de Tunis alors menac\u00e9e par les Fatimides de confession chiite. R\u00e9sistant au nom du sunnisme mal\u00e9kite, Mahrez Ibn Khalaf rendit leur courage au Tunisois et leur permit de se d\u00e9fendre.<\/p>\n<p>De m\u00eame, celui qui deviendra Sidi Mahrez saura trouver les mots justes pour venir \u00e0 la rescousse des habitants de Tunis lorsque la ville fut prise par Abou Yazid. Mahrez saura g\u00e9n\u00e9rer un sursaut dans la population qui s\u2019attellera alors \u00e0 reconstruire les parties d\u00e9truites de la cit\u00e9 et de ses murailles.<br \/>\n\u00ab\u00a0Qu&rsquo;aurions-nous fait sans l&rsquo;aide de Mahrez ?\u00a0\u00bb<br \/>\nIl est fort probable que la maxime \u00ab\u00a0Yehrez Mahrez\u00a0\u00bb date de ces \u00e9pisodes historiques. Elle signifie \u00ab\u00a0N&rsquo;e\u00fbt \u00e9t\u00e9 Mahrez, la situation aurait pu \u00eatre pire\u00a0\u00bb.<\/p>\n<p>Selon sa l\u00e9gende, on attribue aussi \u00e0 Sidi Mahrez la fondation du quartier juif de Tunis intra muros &#8211; la hara de la Hafsia non loin du mausol\u00e9e du saint homme.<br \/>\n\u00ab\u00a0Soltan el m\u00e9dina\u00a0\u00bb<br \/>\nCe mausol\u00e9e est un haut lieu de la spiritualit\u00e9 populaire et les fid\u00e8les continuent d&rsquo;y affluer. La derni\u00e8re grande restauration de cette zaouia date du d\u00e9but des ann\u00e9es 1980.<\/p>\n<p>Toutefois, ce mausol\u00e9e connut bien des r\u00e9novations au fil des si\u00e8cles, notamment sous la dynastie husseinite.<\/p>\n<p>Telle est l&rsquo;histoire de Sidi Mahrez dont les vertus continuent \u00e0 nous soutenir pr\u00e8s de mille ans apr\u00e8s la mort de celui qui est le saint patron de Tunis, le v\u00e9n\u00e9rable \u00ab\u00a0Soltan el m\u00e9dina\u00a0\u00bb&#8230;<br \/>\nH.B.<\/p>\n","protected":false},"excerpt":{"rendered":"<p>En 2022, nous c\u00e9l\u00e9brerons son premier mill\u00e9naire : L&rsquo;histoire v\u00e9ritable de Sidi Mahrez Ibn Khalaf&#8230;<\/p>\n","protected":false},"author":3229,"featured_media":337652,"comment_status":"open","ping_status":"closed","sticky":false,"template":"","format":"standard","meta":{"footnotes":""},"categories":[2596],"tags":[2600],"class_list":["post-187147","post","type-post","status-publish","format-standard","has-post-thumbnail","hentry","category-chroniques","tag-guerre"],"yoast_head":"<!-- This site is optimized with the Yoast SEO Premium plugin v27.5 (Yoast SEO v27.5) - https:\/\/yoast.com\/product\/yoast-seo-premium-wordpress\/ -->\n<title>En 2022, nous c\u00e9l\u00e9brerons son premier mill\u00e9naire : L&#039;histoire v\u00e9ritable de Sidi Mahrez Ibn Khalaf...<\/title>\n<meta name=\"description\" content=\"En 2022, nous c\u00e9l\u00e9brerons son premier mill\u00e9naire : L&#039;histoire v\u00e9ritable de Sidi Mahrez Ibn Khalaf...\" \/>\n<link rel=\"canonical\" href=\"https:\/\/www.webdo.tn\/fr\/actualite\/chroniques\/2022-celebrerons-premier-millenaire-lhistoire-veritable-de-sidi-mahrez-ibn-khalaf\/187147\/\" \/>\n<meta property=\"og:locale\" content=\"fr_FR\" \/>\n<meta property=\"og:type\" content=\"article\" \/>\n<meta property=\"og:title\" content=\"En 2022, nous c\u00e9l\u00e9brerons son premier mill\u00e9naire : L&#039;histoire v\u00e9ritable de Sidi Mahrez Ibn Khalaf...\" \/>\n<meta property=\"og:description\" content=\"En 2022, nous c\u00e9l\u00e9brerons son premier mill\u00e9naire : L&#039;histoire v\u00e9ritable de Sidi Mahrez Ibn Khalaf...\" \/>\n<meta property=\"og:url\" content=\"https:\/\/www.webdo.tn\/fr\/actualite\/chroniques\/2022-celebrerons-premier-millenaire-lhistoire-veritable-de-sidi-mahrez-ibn-khalaf\/187147\/\" \/>\n<meta property=\"og:site_name\" content=\"webdo\" \/>\n<meta property=\"article:publisher\" content=\"https:\/\/www.facebook.com\/webdotn\" \/>\n<meta property=\"article:author\" content=\"https:\/\/www.facebook.com\/hatem.bourial.2025\" \/>\n<meta property=\"article:published_time\" content=\"2016-07-28T09:44:00+00:00\" \/>\n<meta property=\"og:image\" content=\"https:\/\/www.webdo.tn\/fr\/wp-content\/uploads\/2016\/07\/Sidi-Mahrez-Ibn-Khalaf-Zaher-Kammoun-1024x711-1.jpg\" \/>\n\t<meta property=\"og:image:width\" content=\"1024\" \/>\n\t<meta property=\"og:image:height\" content=\"711\" \/>\n\t<meta property=\"og:image:type\" content=\"image\/jpeg\" \/>\n<meta name=\"author\" content=\"Hatem Bourial\" \/>\n<meta name=\"twitter:card\" content=\"summary_large_image\" \/>\n<meta name=\"twitter:creator\" content=\"@webdo_tn\" \/>\n<meta name=\"twitter:site\" content=\"@webdo_tn\" \/>\n<meta name=\"twitter:label1\" content=\"\u00c9crit par\" \/>\n\t<meta name=\"twitter:data1\" content=\"Hatem Bourial\" \/>\n\t<meta name=\"twitter:label2\" content=\"Dur\u00e9e de lecture estim\u00e9e\" \/>\n\t<meta name=\"twitter:data2\" content=\"2 minutes\" \/>\n<script type=\"application\/ld+json\" class=\"yoast-schema-graph\">{\"@context\":\"https:\\\/\\\/schema.org\",\"@graph\":[{\"@type\":\"NewsArticle\",\"@id\":\"https:\\\/\\\/www.webdo.tn\\\/fr\\\/actualite\\\/chroniques\\\/2022-celebrerons-premier-millenaire-lhistoire-veritable-de-sidi-mahrez-ibn-khalaf\\\/187147\\\/#article\",\"isPartOf\":{\"@id\":\"https:\\\/\\\/www.webdo.tn\\\/fr\\\/actualite\\\/chroniques\\\/2022-celebrerons-premier-millenaire-lhistoire-veritable-de-sidi-mahrez-ibn-khalaf\\\/187147\\\/\"},\"author\":{\"name\":\"Hatem Bourial\",\"@id\":\"https:\\\/\\\/www.webdo.tn\\\/fr\\\/#\\\/schema\\\/person\\\/6bc0beba2cd23aec27cb5df85ca2554f\"},\"headline\":\"En 2022, nous c\u00e9l\u00e9brerons son premier mill\u00e9naire : L&rsquo;histoire v\u00e9ritable de Sidi Mahrez Ibn Khalaf&#8230;\",\"datePublished\":\"2016-07-28T09:44:00+00:00\",\"mainEntityOfPage\":{\"@id\":\"https:\\\/\\\/www.webdo.tn\\\/fr\\\/actualite\\\/chroniques\\\/2022-celebrerons-premier-millenaire-lhistoire-veritable-de-sidi-mahrez-ibn-khalaf\\\/187147\\\/\"},\"wordCount\":335,\"commentCount\":0,\"publisher\":{\"@id\":\"https:\\\/\\\/www.webdo.tn\\\/fr\\\/#organization\"},\"image\":{\"@id\":\"https:\\\/\\\/www.webdo.tn\\\/fr\\\/actualite\\\/chroniques\\\/2022-celebrerons-premier-millenaire-lhistoire-veritable-de-sidi-mahrez-ibn-khalaf\\\/187147\\\/#primaryimage\"},\"thumbnailUrl\":\"https:\\\/\\\/www.webdo.tn\\\/fr\\\/wp-content\\\/uploads\\\/2016\\\/07\\\/Sidi-Mahrez-Ibn-Khalaf-Zaher-Kammoun-1024x711-1.jpg\",\"keywords\":[\"guerre\"],\"articleSection\":[\"Chroniques\"],\"inLanguage\":\"fr-FR\"},{\"@type\":\"WebPage\",\"@id\":\"https:\\\/\\\/www.webdo.tn\\\/fr\\\/actualite\\\/chroniques\\\/2022-celebrerons-premier-millenaire-lhistoire-veritable-de-sidi-mahrez-ibn-khalaf\\\/187147\\\/\",\"url\":\"https:\\\/\\\/www.webdo.tn\\\/fr\\\/actualite\\\/chroniques\\\/2022-celebrerons-premier-millenaire-lhistoire-veritable-de-sidi-mahrez-ibn-khalaf\\\/187147\\\/\",\"name\":\"En 2022, nous c\u00e9l\u00e9brerons son premier mill\u00e9naire : L'histoire v\u00e9ritable de Sidi Mahrez Ibn Khalaf...\",\"isPartOf\":{\"@id\":\"https:\\\/\\\/www.webdo.tn\\\/fr\\\/#website\"},\"primaryImageOfPage\":{\"@id\":\"https:\\\/\\\/www.webdo.tn\\\/fr\\\/actualite\\\/chroniques\\\/2022-celebrerons-premier-millenaire-lhistoire-veritable-de-sidi-mahrez-ibn-khalaf\\\/187147\\\/#primaryimage\"},\"image\":{\"@id\":\"https:\\\/\\\/www.webdo.tn\\\/fr\\\/actualite\\\/chroniques\\\/2022-celebrerons-premier-millenaire-lhistoire-veritable-de-sidi-mahrez-ibn-khalaf\\\/187147\\\/#primaryimage\"},\"thumbnailUrl\":\"https:\\\/\\\/www.webdo.tn\\\/fr\\\/wp-content\\\/uploads\\\/2016\\\/07\\\/Sidi-Mahrez-Ibn-Khalaf-Zaher-Kammoun-1024x711-1.jpg\",\"datePublished\":\"2016-07-28T09:44:00+00:00\",\"description\":\"En 2022, nous c\u00e9l\u00e9brerons son premier mill\u00e9naire : L'histoire v\u00e9ritable de Sidi Mahrez Ibn Khalaf...\",\"breadcrumb\":{\"@id\":\"https:\\\/\\\/www.webdo.tn\\\/fr\\\/actualite\\\/chroniques\\\/2022-celebrerons-premier-millenaire-lhistoire-veritable-de-sidi-mahrez-ibn-khalaf\\\/187147\\\/#breadcrumb\"},\"inLanguage\":\"fr-FR\",\"potentialAction\":[{\"@type\":\"ReadAction\",\"target\":[\"https:\\\/\\\/www.webdo.tn\\\/fr\\\/actualite\\\/chroniques\\\/2022-celebrerons-premier-millenaire-lhistoire-veritable-de-sidi-mahrez-ibn-khalaf\\\/187147\\\/\"]}]},{\"@type\":\"ImageObject\",\"inLanguage\":\"fr-FR\",\"@id\":\"https:\\\/\\\/www.webdo.tn\\\/fr\\\/actualite\\\/chroniques\\\/2022-celebrerons-premier-millenaire-lhistoire-veritable-de-sidi-mahrez-ibn-khalaf\\\/187147\\\/#primaryimage\",\"url\":\"https:\\\/\\\/www.webdo.tn\\\/fr\\\/wp-content\\\/uploads\\\/2016\\\/07\\\/Sidi-Mahrez-Ibn-Khalaf-Zaher-Kammoun-1024x711-1.jpg\",\"contentUrl\":\"https:\\\/\\\/www.webdo.tn\\\/fr\\\/wp-content\\\/uploads\\\/2016\\\/07\\\/Sidi-Mahrez-Ibn-Khalaf-Zaher-Kammoun-1024x711-1.jpg\",\"width\":1024,\"height\":711,\"caption\":\"En 2022, nous c\u00e9l\u00e9brerons son premier mill\u00e9naire : L'histoire v\u00e9ritable de Sidi Mahrez Ibn Khalaf...\"},{\"@type\":\"BreadcrumbList\",\"@id\":\"https:\\\/\\\/www.webdo.tn\\\/fr\\\/actualite\\\/chroniques\\\/2022-celebrerons-premier-millenaire-lhistoire-veritable-de-sidi-mahrez-ibn-khalaf\\\/187147\\\/#breadcrumb\",\"itemListElement\":[{\"@type\":\"ListItem\",\"position\":1,\"name\":\"Accueil\",\"item\":\"https:\\\/\\\/www.webdo.tn\\\/fr\\\/\"},{\"@type\":\"ListItem\",\"position\":2,\"name\":\"En 2022, nous c\u00e9l\u00e9brerons son premier mill\u00e9naire : L&#8217;histoire v\u00e9ritable de Sidi Mahrez Ibn Khalaf&#8230;\"}]},{\"@type\":\"WebSite\",\"@id\":\"https:\\\/\\\/www.webdo.tn\\\/fr\\\/#website\",\"url\":\"https:\\\/\\\/www.webdo.tn\\\/fr\\\/\",\"name\":\"webdo\",\"description\":\"Tunisie - News en Tunisie et \u00e0 l&#039;international sur Webdo.tn\",\"publisher\":{\"@id\":\"https:\\\/\\\/www.webdo.tn\\\/fr\\\/#organization\"},\"potentialAction\":[{\"@type\":\"SearchAction\",\"target\":{\"@type\":\"EntryPoint\",\"urlTemplate\":\"https:\\\/\\\/www.webdo.tn\\\/fr\\\/?s={search_term_string}\"},\"query-input\":{\"@type\":\"PropertyValueSpecification\",\"valueRequired\":true,\"valueName\":\"search_term_string\"}}],\"inLanguage\":\"fr-FR\"},{\"@type\":\"Organization\",\"@id\":\"https:\\\/\\\/www.webdo.tn\\\/fr\\\/#organization\",\"name\":\"Webdo\",\"alternateName\":\"Webdo.tn\",\"url\":\"https:\\\/\\\/www.webdo.tn\\\/fr\\\/\",\"logo\":{\"@type\":\"ImageObject\",\"inLanguage\":\"fr-FR\",\"@id\":\"https:\\\/\\\/www.webdo.tn\\\/fr\\\/#\\\/schema\\\/logo\\\/image\\\/\",\"url\":\"https:\\\/\\\/www.webdo.tn\\\/fr\\\/wp-content\\\/uploads\\\/2025\\\/06\\\/Webdo-Tunisie_168377.jpg\",\"contentUrl\":\"https:\\\/\\\/www.webdo.tn\\\/fr\\\/wp-content\\\/uploads\\\/2025\\\/06\\\/Webdo-Tunisie_168377.jpg\",\"width\":301,\"height\":301,\"caption\":\"Webdo\"},\"image\":{\"@id\":\"https:\\\/\\\/www.webdo.tn\\\/fr\\\/#\\\/schema\\\/logo\\\/image\\\/\"},\"sameAs\":[\"https:\\\/\\\/www.facebook.com\\\/webdotn\",\"https:\\\/\\\/x.com\\\/webdo_tn\"],\"description\":\"Webdo est un m\u00e9dia num\u00e9rique tunisien fond\u00e9 en 2010, sp\u00e9cialis\u00e9 dans l\u2019actualit\u00e9 nationale et internationale, l\u2019\u00e9conomie, la soci\u00e9t\u00e9 et les analyses politiques. Le site s\u2019adresse \u00e0 un large public francophone et couvre l\u2019information tunisienne en temps r\u00e9el.\",\"email\":\"redac@webdo.tn\",\"legalName\":\"YNJ SARL\",\"foundingDate\":\"2010-09-06\",\"numberOfEmployees\":{\"@type\":\"QuantitativeValue\",\"minValue\":\"11\",\"maxValue\":\"50\"}},{\"@type\":\"Person\",\"@id\":\"https:\\\/\\\/www.webdo.tn\\\/fr\\\/#\\\/schema\\\/person\\\/6bc0beba2cd23aec27cb5df85ca2554f\",\"name\":\"Hatem Bourial\",\"image\":{\"@type\":\"ImageObject\",\"inLanguage\":\"fr-FR\",\"@id\":\"https:\\\/\\\/www.webdo.tn\\\/fr\\\/wp-content\\\/uploads\\\/2026\\\/04\\\/hatem-bourial_avatar-96x96.jpg\",\"url\":\"https:\\\/\\\/www.webdo.tn\\\/fr\\\/wp-content\\\/uploads\\\/2026\\\/04\\\/hatem-bourial_avatar-96x96.jpg\",\"contentUrl\":\"https:\\\/\\\/www.webdo.tn\\\/fr\\\/wp-content\\\/uploads\\\/2026\\\/04\\\/hatem-bourial_avatar-96x96.jpg\",\"caption\":\"Hatem Bourial\"},\"description\":\"Hatem Bourial est journaliste, \u00e9crivain et chroniqueur tunisien. Actif depuis plusieurs d\u00e9cennies, il s\u2019est impos\u00e9 comme un observateur attentif de la soci\u00e9t\u00e9 tunisienne, m\u00ealant dans ses \u00e9crits m\u00e9moire, culture et analyse du quotidien. Auteur de nombreux ouvrages, il d\u00e9veloppe une \u0153uvre \u00e0 la crois\u00e9e du r\u00e9cit, de la po\u00e9sie et de l\u2019observation sociologique. Parall\u00e8lement \u00e0 ses contributions dans la presse, il intervient r\u00e9guli\u00e8rement \u00e0 la radio et dans des espaces culturels, o\u00f9 il explore les enjeux li\u00e9s au patrimoine, \u00e0 l\u2019identit\u00e9 et aux transformations du monde contemporain. \u00c0 travers ses chroniques, Hatem Bourial propose une lecture sensible et approfondie de l\u2019actualit\u00e9, nourrie par une exp\u00e9rience journalistique et litt\u00e9raire reconnue. \ud83d\udd17 Facebook : https:\\\/\\\/www.facebook.com\\\/hatem.bourial.2025\",\"sameAs\":[\"https:\\\/\\\/www.facebook.com\\\/hatem.bourial.2025\",\"https:\\\/\\\/fr.wikipedia.org\\\/wiki\\\/Fichier:Hatem_Bourial.jpg\"],\"knowsAbout\":[\"Culture & patrimoine tunisien\",\"Chronique soci\u00e9tale\",\"Litt\u00e9rature & m\u00e9moire\",\"Cin\u00e9ma & critique culturelle\",\"Identit\u00e9 & mutations sociales\"],\"knowsLanguage\":[\"Arabe\",\"Fran\u00e7ais\",\"Anglais\",\"Italien\",\"Polonais\"],\"jobTitle\":\"Journaliste, \u00e9crivain et chroniqueur culturel\",\"worksFor\":\"Webdo\",\"url\":\"https:\\\/\\\/www.webdo.tn\\\/fr\\\/actualite\\\/author\\\/hatem-bourial-2\\\/\"}]}<\/script>\n<!-- \/ Yoast SEO Premium plugin. -->","yoast_head_json":{"title":"En 2022, nous c\u00e9l\u00e9brerons son premier mill\u00e9naire : L'histoire v\u00e9ritable de Sidi Mahrez Ibn Khalaf...","description":"En 2022, nous c\u00e9l\u00e9brerons son premier mill\u00e9naire : L'histoire v\u00e9ritable de Sidi Mahrez Ibn Khalaf...","canonical":"https:\/\/www.webdo.tn\/fr\/actualite\/chroniques\/2022-celebrerons-premier-millenaire-lhistoire-veritable-de-sidi-mahrez-ibn-khalaf\/187147\/","og_locale":"fr_FR","og_type":"article","og_title":"En 2022, nous c\u00e9l\u00e9brerons son premier mill\u00e9naire : L'histoire v\u00e9ritable de Sidi Mahrez Ibn Khalaf...","og_description":"En 2022, nous c\u00e9l\u00e9brerons son premier mill\u00e9naire : L'histoire v\u00e9ritable de Sidi Mahrez Ibn Khalaf...","og_url":"https:\/\/www.webdo.tn\/fr\/actualite\/chroniques\/2022-celebrerons-premier-millenaire-lhistoire-veritable-de-sidi-mahrez-ibn-khalaf\/187147\/","og_site_name":"webdo","article_publisher":"https:\/\/www.facebook.com\/webdotn","article_author":"https:\/\/www.facebook.com\/hatem.bourial.2025","article_published_time":"2016-07-28T09:44:00+00:00","og_image":[{"width":1024,"height":711,"url":"https:\/\/www.webdo.tn\/fr\/wp-content\/uploads\/2016\/07\/Sidi-Mahrez-Ibn-Khalaf-Zaher-Kammoun-1024x711-1.jpg","type":"image\/jpeg"}],"author":"Hatem Bourial","twitter_card":"summary_large_image","twitter_creator":"@webdo_tn","twitter_site":"@webdo_tn","twitter_misc":{"\u00c9crit par":"Hatem Bourial","Dur\u00e9e de lecture estim\u00e9e":"2 minutes"},"schema":{"@context":"https:\/\/schema.org","@graph":[{"@type":"NewsArticle","@id":"https:\/\/www.webdo.tn\/fr\/actualite\/chroniques\/2022-celebrerons-premier-millenaire-lhistoire-veritable-de-sidi-mahrez-ibn-khalaf\/187147\/#article","isPartOf":{"@id":"https:\/\/www.webdo.tn\/fr\/actualite\/chroniques\/2022-celebrerons-premier-millenaire-lhistoire-veritable-de-sidi-mahrez-ibn-khalaf\/187147\/"},"author":{"name":"Hatem Bourial","@id":"https:\/\/www.webdo.tn\/fr\/#\/schema\/person\/6bc0beba2cd23aec27cb5df85ca2554f"},"headline":"En 2022, nous c\u00e9l\u00e9brerons son premier mill\u00e9naire : L&rsquo;histoire v\u00e9ritable de Sidi Mahrez Ibn Khalaf&#8230;","datePublished":"2016-07-28T09:44:00+00:00","mainEntityOfPage":{"@id":"https:\/\/www.webdo.tn\/fr\/actualite\/chroniques\/2022-celebrerons-premier-millenaire-lhistoire-veritable-de-sidi-mahrez-ibn-khalaf\/187147\/"},"wordCount":335,"commentCount":0,"publisher":{"@id":"https:\/\/www.webdo.tn\/fr\/#organization"},"image":{"@id":"https:\/\/www.webdo.tn\/fr\/actualite\/chroniques\/2022-celebrerons-premier-millenaire-lhistoire-veritable-de-sidi-mahrez-ibn-khalaf\/187147\/#primaryimage"},"thumbnailUrl":"https:\/\/www.webdo.tn\/fr\/wp-content\/uploads\/2016\/07\/Sidi-Mahrez-Ibn-Khalaf-Zaher-Kammoun-1024x711-1.jpg","keywords":["guerre"],"articleSection":["Chroniques"],"inLanguage":"fr-FR"},{"@type":"WebPage","@id":"https:\/\/www.webdo.tn\/fr\/actualite\/chroniques\/2022-celebrerons-premier-millenaire-lhistoire-veritable-de-sidi-mahrez-ibn-khalaf\/187147\/","url":"https:\/\/www.webdo.tn\/fr\/actualite\/chroniques\/2022-celebrerons-premier-millenaire-lhistoire-veritable-de-sidi-mahrez-ibn-khalaf\/187147\/","name":"En 2022, nous c\u00e9l\u00e9brerons son premier mill\u00e9naire : L'histoire v\u00e9ritable de Sidi Mahrez Ibn Khalaf...","isPartOf":{"@id":"https:\/\/www.webdo.tn\/fr\/#website"},"primaryImageOfPage":{"@id":"https:\/\/www.webdo.tn\/fr\/actualite\/chroniques\/2022-celebrerons-premier-millenaire-lhistoire-veritable-de-sidi-mahrez-ibn-khalaf\/187147\/#primaryimage"},"image":{"@id":"https:\/\/www.webdo.tn\/fr\/actualite\/chroniques\/2022-celebrerons-premier-millenaire-lhistoire-veritable-de-sidi-mahrez-ibn-khalaf\/187147\/#primaryimage"},"thumbnailUrl":"https:\/\/www.webdo.tn\/fr\/wp-content\/uploads\/2016\/07\/Sidi-Mahrez-Ibn-Khalaf-Zaher-Kammoun-1024x711-1.jpg","datePublished":"2016-07-28T09:44:00+00:00","description":"En 2022, nous c\u00e9l\u00e9brerons son premier mill\u00e9naire : L'histoire v\u00e9ritable de Sidi Mahrez Ibn Khalaf...","breadcrumb":{"@id":"https:\/\/www.webdo.tn\/fr\/actualite\/chroniques\/2022-celebrerons-premier-millenaire-lhistoire-veritable-de-sidi-mahrez-ibn-khalaf\/187147\/#breadcrumb"},"inLanguage":"fr-FR","potentialAction":[{"@type":"ReadAction","target":["https:\/\/www.webdo.tn\/fr\/actualite\/chroniques\/2022-celebrerons-premier-millenaire-lhistoire-veritable-de-sidi-mahrez-ibn-khalaf\/187147\/"]}]},{"@type":"ImageObject","inLanguage":"fr-FR","@id":"https:\/\/www.webdo.tn\/fr\/actualite\/chroniques\/2022-celebrerons-premier-millenaire-lhistoire-veritable-de-sidi-mahrez-ibn-khalaf\/187147\/#primaryimage","url":"https:\/\/www.webdo.tn\/fr\/wp-content\/uploads\/2016\/07\/Sidi-Mahrez-Ibn-Khalaf-Zaher-Kammoun-1024x711-1.jpg","contentUrl":"https:\/\/www.webdo.tn\/fr\/wp-content\/uploads\/2016\/07\/Sidi-Mahrez-Ibn-Khalaf-Zaher-Kammoun-1024x711-1.jpg","width":1024,"height":711,"caption":"En 2022, nous c\u00e9l\u00e9brerons son premier mill\u00e9naire : L'histoire v\u00e9ritable de Sidi Mahrez Ibn Khalaf..."},{"@type":"BreadcrumbList","@id":"https:\/\/www.webdo.tn\/fr\/actualite\/chroniques\/2022-celebrerons-premier-millenaire-lhistoire-veritable-de-sidi-mahrez-ibn-khalaf\/187147\/#breadcrumb","itemListElement":[{"@type":"ListItem","position":1,"name":"Accueil","item":"https:\/\/www.webdo.tn\/fr\/"},{"@type":"ListItem","position":2,"name":"En 2022, nous c\u00e9l\u00e9brerons son premier mill\u00e9naire : L&#8217;histoire v\u00e9ritable de Sidi Mahrez Ibn Khalaf&#8230;"}]},{"@type":"WebSite","@id":"https:\/\/www.webdo.tn\/fr\/#website","url":"https:\/\/www.webdo.tn\/fr\/","name":"webdo","description":"Tunisie - News en Tunisie et \u00e0 l&#039;international sur Webdo.tn","publisher":{"@id":"https:\/\/www.webdo.tn\/fr\/#organization"},"potentialAction":[{"@type":"SearchAction","target":{"@type":"EntryPoint","urlTemplate":"https:\/\/www.webdo.tn\/fr\/?s={search_term_string}"},"query-input":{"@type":"PropertyValueSpecification","valueRequired":true,"valueName":"search_term_string"}}],"inLanguage":"fr-FR"},{"@type":"Organization","@id":"https:\/\/www.webdo.tn\/fr\/#organization","name":"Webdo","alternateName":"Webdo.tn","url":"https:\/\/www.webdo.tn\/fr\/","logo":{"@type":"ImageObject","inLanguage":"fr-FR","@id":"https:\/\/www.webdo.tn\/fr\/#\/schema\/logo\/image\/","url":"https:\/\/www.webdo.tn\/fr\/wp-content\/uploads\/2025\/06\/Webdo-Tunisie_168377.jpg","contentUrl":"https:\/\/www.webdo.tn\/fr\/wp-content\/uploads\/2025\/06\/Webdo-Tunisie_168377.jpg","width":301,"height":301,"caption":"Webdo"},"image":{"@id":"https:\/\/www.webdo.tn\/fr\/#\/schema\/logo\/image\/"},"sameAs":["https:\/\/www.facebook.com\/webdotn","https:\/\/x.com\/webdo_tn"],"description":"Webdo est un m\u00e9dia num\u00e9rique tunisien fond\u00e9 en 2010, sp\u00e9cialis\u00e9 dans l\u2019actualit\u00e9 nationale et internationale, l\u2019\u00e9conomie, la soci\u00e9t\u00e9 et les analyses politiques. Le site s\u2019adresse \u00e0 un large public francophone et couvre l\u2019information tunisienne en temps r\u00e9el.","email":"redac@webdo.tn","legalName":"YNJ SARL","foundingDate":"2010-09-06","numberOfEmployees":{"@type":"QuantitativeValue","minValue":"11","maxValue":"50"}},{"@type":"Person","@id":"https:\/\/www.webdo.tn\/fr\/#\/schema\/person\/6bc0beba2cd23aec27cb5df85ca2554f","name":"Hatem Bourial","image":{"@type":"ImageObject","inLanguage":"fr-FR","@id":"https:\/\/www.webdo.tn\/fr\/wp-content\/uploads\/2026\/04\/hatem-bourial_avatar-96x96.jpg","url":"https:\/\/www.webdo.tn\/fr\/wp-content\/uploads\/2026\/04\/hatem-bourial_avatar-96x96.jpg","contentUrl":"https:\/\/www.webdo.tn\/fr\/wp-content\/uploads\/2026\/04\/hatem-bourial_avatar-96x96.jpg","caption":"Hatem Bourial"},"description":"Hatem Bourial est journaliste, \u00e9crivain et chroniqueur tunisien. Actif depuis plusieurs d\u00e9cennies, il s\u2019est impos\u00e9 comme un observateur attentif de la soci\u00e9t\u00e9 tunisienne, m\u00ealant dans ses \u00e9crits m\u00e9moire, culture et analyse du quotidien. Auteur de nombreux ouvrages, il d\u00e9veloppe une \u0153uvre \u00e0 la crois\u00e9e du r\u00e9cit, de la po\u00e9sie et de l\u2019observation sociologique. Parall\u00e8lement \u00e0 ses contributions dans la presse, il intervient r\u00e9guli\u00e8rement \u00e0 la radio et dans des espaces culturels, o\u00f9 il explore les enjeux li\u00e9s au patrimoine, \u00e0 l\u2019identit\u00e9 et aux transformations du monde contemporain. \u00c0 travers ses chroniques, Hatem Bourial propose une lecture sensible et approfondie de l\u2019actualit\u00e9, nourrie par une exp\u00e9rience journalistique et litt\u00e9raire reconnue. \ud83d\udd17 Facebook : https:\/\/www.facebook.com\/hatem.bourial.2025","sameAs":["https:\/\/www.facebook.com\/hatem.bourial.2025","https:\/\/fr.wikipedia.org\/wiki\/Fichier:Hatem_Bourial.jpg"],"knowsAbout":["Culture & patrimoine tunisien","Chronique soci\u00e9tale","Litt\u00e9rature & m\u00e9moire","Cin\u00e9ma & critique culturelle","Identit\u00e9 & mutations sociales"],"knowsLanguage":["Arabe","Fran\u00e7ais","Anglais","Italien","Polonais"],"jobTitle":"Journaliste, \u00e9crivain et chroniqueur culturel","worksFor":"Webdo","url":"https:\/\/www.webdo.tn\/fr\/actualite\/author\/hatem-bourial-2\/"}]}},"_links":{"self":[{"href":"https:\/\/www.webdo.tn\/fr\/wp-json\/wp\/v2\/posts\/187147","targetHints":{"allow":["GET"]}}],"collection":[{"href":"https:\/\/www.webdo.tn\/fr\/wp-json\/wp\/v2\/posts"}],"about":[{"href":"https:\/\/www.webdo.tn\/fr\/wp-json\/wp\/v2\/types\/post"}],"author":[{"embeddable":true,"href":"https:\/\/www.webdo.tn\/fr\/wp-json\/wp\/v2\/users\/3229"}],"replies":[{"embeddable":true,"href":"https:\/\/www.webdo.tn\/fr\/wp-json\/wp\/v2\/comments?post=187147"}],"version-history":[{"count":0,"href":"https:\/\/www.webdo.tn\/fr\/wp-json\/wp\/v2\/posts\/187147\/revisions"}],"wp:featuredmedia":[{"embeddable":true,"href":"https:\/\/www.webdo.tn\/fr\/wp-json\/wp\/v2\/media\/337652"}],"wp:attachment":[{"href":"https:\/\/www.webdo.tn\/fr\/wp-json\/wp\/v2\/media?parent=187147"}],"wp:term":[{"taxonomy":"category","embeddable":true,"href":"https:\/\/www.webdo.tn\/fr\/wp-json\/wp\/v2\/categories?post=187147"},{"taxonomy":"post_tag","embeddable":true,"href":"https:\/\/www.webdo.tn\/fr\/wp-json\/wp\/v2\/tags?post=187147"}],"curies":[{"name":"wp","href":"https:\/\/api.w.org\/{rel}","templated":true}]}}