{"id":187141,"date":"2016-07-21T07:00:00","date_gmt":"2016-07-21T07:00:00","guid":{"rendered":"https:\/\/www.webdo.tn\/fr\/blog\/ibn-arafa-rival-oublie-dibn-khaldoun-demeure-fond-de-limpasse-savant\/187141\/"},"modified":"2025-05-19T09:33:07","modified_gmt":"2025-05-19T09:33:07","slug":"ibn-arafa-rival-oublie-dibn-khaldoun-demeure-fond-de-limpasse-savant","status":"publish","type":"post","link":"https:\/\/www.webdo.tn\/fr\/actualite\/chroniques\/ibn-arafa-rival-oublie-dibn-khaldoun-demeure-fond-de-limpasse-savant\/187141\/","title":{"rendered":"Ibn Arafa, rival oubli\u00e9 d&rsquo;Ibn Khaldoun : Sa demeure est au fond de l&rsquo;impasse du Savant&#8230;"},"content":{"rendered":"<p>Qui se souvient d&rsquo;Ibn Arafa ? Et pourtant cet illustre imam eut ses heures de gloire au quatorzi\u00e8me si\u00e8cle.<br \/>\nIbn Arafa El Ouerghmi, natif de Matmata<br \/>\nNatif de Matmata, ce th\u00e9ologien fut un sp\u00e9cialiste renomm\u00e9 de l&rsquo;ex\u00e9g\u00e8se du texte coranique et de la tradition du Proph\u00e8te. Contemporain et rival d&rsquo;Ibn Khaldoun, Ibn Arafa El Ouerghmi v\u00e9cut de 1316 \u00e0 1401.<\/p>\n<p>De lui, il reste une demeure oubli\u00e9e qui se trouve \u00e0 la bien nomm\u00e9e rue du Savant, non loin de la rue du Tribunal.<br \/>\nIl ne reste qu&rsquo;un catafalque&#8230;<br \/>\nCette demeure abrite encore la tombe d&rsquo;Ibn Arafa, symbolis\u00e9e par un catafalque en bois, car sa d\u00e9pouille est en fait enterr\u00e9e au Djellaz.<\/p>\n<p>Toutefois, nul ne visite cette maison oubli\u00e9e des historiens&#8230; Quant \u00e0 Ibn Khaldoun, sa m\u00e9moire a \u00e9t\u00e9 mieux pr\u00e9serv\u00e9e. En effet, on peut encore retrouver au 33, rue Tourbet el bey, la maison o\u00f9 il aurait v\u00e9cu.<br \/>\nMasjed el Kobba, la mosqu\u00e9e d&rsquo;Ibn Khaldoun<br \/>\nOn peut aussi visiter le masjed el Kobba, la petite mosqu\u00e9e dans laquelle Ibn Khaldoun a enseign\u00e9 et pri\u00e9. Cette mosqu\u00e9e se trouve aussi \u00e0 la rue Tourbet el bey.<\/p>\n<p>Statufi\u00e9 sur la grand avenue de Tunis, Ibn Khaldoun semble ainsi prendre une revanche symbolique sur un rival qui lui donna bien du fil \u00e0 retordre de leur vivant&#8230;<br \/>\nH.B.<\/p>\n","protected":false},"excerpt":{"rendered":"<p>Ibn Arafa, rival oubli\u00e9 d&rsquo;Ibn Khaldoun : Sa demeure est au fond de l&rsquo;impasse du Savant&#8230;<\/p>\n","protected":false},"author":3229,"featured_media":313762,"comment_status":"open","ping_status":"closed","sticky":false,"template":"","format":"standard","meta":{"footnotes":""},"categories":[2596],"tags":[2600],"class_list":["post-187141","post","type-post","status-publish","format-standard","has-post-thumbnail","hentry","category-chroniques","tag-guerre"],"yoast_head":"<!-- This site is optimized with the Yoast SEO Premium plugin v27.5 (Yoast SEO v27.5) - https:\/\/yoast.com\/product\/yoast-seo-premium-wordpress\/ -->\n<title>Ibn Arafa, rival oubli\u00e9 d&#039;Ibn Khaldoun : Sa demeure est au fond de l&#039;impasse du Savant...<\/title>\n<meta name=\"description\" content=\"Ibn Arafa, rival oubli\u00e9 d&#039;Ibn Khaldoun : Sa demeure est au fond de l&#039;impasse du Savant...\" \/>\n<link rel=\"canonical\" href=\"https:\/\/www.webdo.tn\/fr\/actualite\/chroniques\/ibn-arafa-rival-oublie-dibn-khaldoun-demeure-fond-de-limpasse-savant\/187141\/\" \/>\n<meta property=\"og:locale\" content=\"fr_FR\" \/>\n<meta property=\"og:type\" content=\"article\" \/>\n<meta property=\"og:title\" content=\"Ibn Arafa, rival oubli\u00e9 d&#039;Ibn Khaldoun : Sa demeure est au fond de l&#039;impasse du Savant...\" \/>\n<meta property=\"og:description\" content=\"Ibn Arafa, rival oubli\u00e9 d&#039;Ibn Khaldoun : Sa demeure est au fond de l&#039;impasse du Savant...\" \/>\n<meta property=\"og:url\" content=\"https:\/\/www.webdo.tn\/fr\/actualite\/chroniques\/ibn-arafa-rival-oublie-dibn-khaldoun-demeure-fond-de-limpasse-savant\/187141\/\" \/>\n<meta property=\"og:site_name\" content=\"webdo\" \/>\n<meta property=\"article:publisher\" content=\"https:\/\/www.facebook.com\/webdotn\" \/>\n<meta property=\"article:author\" content=\"https:\/\/www.facebook.com\/hatem.bourial.2025\" \/>\n<meta property=\"article:published_time\" content=\"2016-07-21T07:00:00+00:00\" \/>\n<meta property=\"article:modified_time\" content=\"2025-05-19T09:33:07+00:00\" \/>\n<meta property=\"og:image\" content=\"https:\/\/www.webdo.tn\/fr\/wp-content\/uploads\/2016\/07\/IMG_0002.jpg\" \/>\n\t<meta property=\"og:image:width\" content=\"352\" \/>\n\t<meta property=\"og:image:height\" content=\"469\" \/>\n\t<meta property=\"og:image:type\" content=\"image\/jpeg\" \/>\n<meta name=\"author\" content=\"Hatem Bourial\" \/>\n<meta name=\"twitter:card\" content=\"summary_large_image\" \/>\n<meta name=\"twitter:creator\" content=\"@webdo_tn\" \/>\n<meta name=\"twitter:site\" content=\"@webdo_tn\" \/>\n<meta name=\"twitter:label1\" content=\"\u00c9crit par\" \/>\n\t<meta name=\"twitter:data1\" content=\"Hatem Bourial\" \/>\n\t<meta name=\"twitter:label2\" content=\"Dur\u00e9e de lecture estim\u00e9e\" \/>\n\t<meta name=\"twitter:data2\" content=\"1 minute\" \/>\n<script type=\"application\/ld+json\" class=\"yoast-schema-graph\">{\"@context\":\"https:\\\/\\\/schema.org\",\"@graph\":[{\"@type\":\"NewsArticle\",\"@id\":\"https:\\\/\\\/www.webdo.tn\\\/fr\\\/actualite\\\/chroniques\\\/ibn-arafa-rival-oublie-dibn-khaldoun-demeure-fond-de-limpasse-savant\\\/187141\\\/#article\",\"isPartOf\":{\"@id\":\"https:\\\/\\\/www.webdo.tn\\\/fr\\\/actualite\\\/chroniques\\\/ibn-arafa-rival-oublie-dibn-khaldoun-demeure-fond-de-limpasse-savant\\\/187141\\\/\"},\"author\":{\"name\":\"Hatem Bourial\",\"@id\":\"https:\\\/\\\/www.webdo.tn\\\/fr\\\/#\\\/schema\\\/person\\\/6bc0beba2cd23aec27cb5df85ca2554f\"},\"headline\":\"Ibn Arafa, rival oubli\u00e9 d&rsquo;Ibn Khaldoun : Sa demeure est au fond de l&rsquo;impasse du Savant&#8230;\",\"datePublished\":\"2016-07-21T07:00:00+00:00\",\"dateModified\":\"2025-05-19T09:33:07+00:00\",\"mainEntityOfPage\":{\"@id\":\"https:\\\/\\\/www.webdo.tn\\\/fr\\\/actualite\\\/chroniques\\\/ibn-arafa-rival-oublie-dibn-khaldoun-demeure-fond-de-limpasse-savant\\\/187141\\\/\"},\"wordCount\":252,\"commentCount\":0,\"publisher\":{\"@id\":\"https:\\\/\\\/www.webdo.tn\\\/fr\\\/#organization\"},\"image\":{\"@id\":\"https:\\\/\\\/www.webdo.tn\\\/fr\\\/actualite\\\/chroniques\\\/ibn-arafa-rival-oublie-dibn-khaldoun-demeure-fond-de-limpasse-savant\\\/187141\\\/#primaryimage\"},\"thumbnailUrl\":\"https:\\\/\\\/www.webdo.tn\\\/fr\\\/wp-content\\\/uploads\\\/2016\\\/07\\\/IMG_0002.jpg\",\"keywords\":[\"guerre\"],\"articleSection\":[\"Chroniques\"],\"inLanguage\":\"fr-FR\"},{\"@type\":\"WebPage\",\"@id\":\"https:\\\/\\\/www.webdo.tn\\\/fr\\\/actualite\\\/chroniques\\\/ibn-arafa-rival-oublie-dibn-khaldoun-demeure-fond-de-limpasse-savant\\\/187141\\\/\",\"url\":\"https:\\\/\\\/www.webdo.tn\\\/fr\\\/actualite\\\/chroniques\\\/ibn-arafa-rival-oublie-dibn-khaldoun-demeure-fond-de-limpasse-savant\\\/187141\\\/\",\"name\":\"Ibn Arafa, rival oubli\u00e9 d'Ibn Khaldoun : Sa demeure est au fond de l'impasse du Savant...\",\"isPartOf\":{\"@id\":\"https:\\\/\\\/www.webdo.tn\\\/fr\\\/#website\"},\"primaryImageOfPage\":{\"@id\":\"https:\\\/\\\/www.webdo.tn\\\/fr\\\/actualite\\\/chroniques\\\/ibn-arafa-rival-oublie-dibn-khaldoun-demeure-fond-de-limpasse-savant\\\/187141\\\/#primaryimage\"},\"image\":{\"@id\":\"https:\\\/\\\/www.webdo.tn\\\/fr\\\/actualite\\\/chroniques\\\/ibn-arafa-rival-oublie-dibn-khaldoun-demeure-fond-de-limpasse-savant\\\/187141\\\/#primaryimage\"},\"thumbnailUrl\":\"https:\\\/\\\/www.webdo.tn\\\/fr\\\/wp-content\\\/uploads\\\/2016\\\/07\\\/IMG_0002.jpg\",\"datePublished\":\"2016-07-21T07:00:00+00:00\",\"dateModified\":\"2025-05-19T09:33:07+00:00\",\"description\":\"Ibn Arafa, rival oubli\u00e9 d'Ibn Khaldoun : Sa demeure est au fond de l'impasse du Savant...\",\"breadcrumb\":{\"@id\":\"https:\\\/\\\/www.webdo.tn\\\/fr\\\/actualite\\\/chroniques\\\/ibn-arafa-rival-oublie-dibn-khaldoun-demeure-fond-de-limpasse-savant\\\/187141\\\/#breadcrumb\"},\"inLanguage\":\"fr-FR\",\"potentialAction\":[{\"@type\":\"ReadAction\",\"target\":[\"https:\\\/\\\/www.webdo.tn\\\/fr\\\/actualite\\\/chroniques\\\/ibn-arafa-rival-oublie-dibn-khaldoun-demeure-fond-de-limpasse-savant\\\/187141\\\/\"]}]},{\"@type\":\"ImageObject\",\"inLanguage\":\"fr-FR\",\"@id\":\"https:\\\/\\\/www.webdo.tn\\\/fr\\\/actualite\\\/chroniques\\\/ibn-arafa-rival-oublie-dibn-khaldoun-demeure-fond-de-limpasse-savant\\\/187141\\\/#primaryimage\",\"url\":\"https:\\\/\\\/www.webdo.tn\\\/fr\\\/wp-content\\\/uploads\\\/2016\\\/07\\\/IMG_0002.jpg\",\"contentUrl\":\"https:\\\/\\\/www.webdo.tn\\\/fr\\\/wp-content\\\/uploads\\\/2016\\\/07\\\/IMG_0002.jpg\",\"width\":352,\"height\":469,\"caption\":\"Ibn Arafa, rival oubli\u00e9 d'Ibn Khaldoun : Sa demeure est au fond de l'impasse du Savant...\"},{\"@type\":\"BreadcrumbList\",\"@id\":\"https:\\\/\\\/www.webdo.tn\\\/fr\\\/actualite\\\/chroniques\\\/ibn-arafa-rival-oublie-dibn-khaldoun-demeure-fond-de-limpasse-savant\\\/187141\\\/#breadcrumb\",\"itemListElement\":[{\"@type\":\"ListItem\",\"position\":1,\"name\":\"Accueil\",\"item\":\"https:\\\/\\\/www.webdo.tn\\\/fr\\\/\"},{\"@type\":\"ListItem\",\"position\":2,\"name\":\"Ibn Arafa, rival oubli\u00e9 d&#8217;Ibn Khaldoun : Sa demeure est au fond de l&#8217;impasse du Savant&#8230;\"}]},{\"@type\":\"WebSite\",\"@id\":\"https:\\\/\\\/www.webdo.tn\\\/fr\\\/#website\",\"url\":\"https:\\\/\\\/www.webdo.tn\\\/fr\\\/\",\"name\":\"webdo\",\"description\":\"Tunisie - News en Tunisie et \u00e0 l&#039;international sur Webdo.tn\",\"publisher\":{\"@id\":\"https:\\\/\\\/www.webdo.tn\\\/fr\\\/#organization\"},\"potentialAction\":[{\"@type\":\"SearchAction\",\"target\":{\"@type\":\"EntryPoint\",\"urlTemplate\":\"https:\\\/\\\/www.webdo.tn\\\/fr\\\/?s={search_term_string}\"},\"query-input\":{\"@type\":\"PropertyValueSpecification\",\"valueRequired\":true,\"valueName\":\"search_term_string\"}}],\"inLanguage\":\"fr-FR\"},{\"@type\":\"Organization\",\"@id\":\"https:\\\/\\\/www.webdo.tn\\\/fr\\\/#organization\",\"name\":\"Webdo\",\"alternateName\":\"Webdo.tn\",\"url\":\"https:\\\/\\\/www.webdo.tn\\\/fr\\\/\",\"logo\":{\"@type\":\"ImageObject\",\"inLanguage\":\"fr-FR\",\"@id\":\"https:\\\/\\\/www.webdo.tn\\\/fr\\\/#\\\/schema\\\/logo\\\/image\\\/\",\"url\":\"https:\\\/\\\/www.webdo.tn\\\/fr\\\/wp-content\\\/uploads\\\/2025\\\/06\\\/Webdo-Tunisie_168377.jpg\",\"contentUrl\":\"https:\\\/\\\/www.webdo.tn\\\/fr\\\/wp-content\\\/uploads\\\/2025\\\/06\\\/Webdo-Tunisie_168377.jpg\",\"width\":301,\"height\":301,\"caption\":\"Webdo\"},\"image\":{\"@id\":\"https:\\\/\\\/www.webdo.tn\\\/fr\\\/#\\\/schema\\\/logo\\\/image\\\/\"},\"sameAs\":[\"https:\\\/\\\/www.facebook.com\\\/webdotn\",\"https:\\\/\\\/x.com\\\/webdo_tn\"],\"description\":\"Webdo est un m\u00e9dia num\u00e9rique tunisien fond\u00e9 en 2010, sp\u00e9cialis\u00e9 dans l\u2019actualit\u00e9 nationale et internationale, l\u2019\u00e9conomie, la soci\u00e9t\u00e9 et les analyses politiques. Le site s\u2019adresse \u00e0 un large public francophone et couvre l\u2019information tunisienne en temps r\u00e9el.\",\"email\":\"redac@webdo.tn\",\"legalName\":\"YNJ SARL\",\"foundingDate\":\"2010-09-06\",\"numberOfEmployees\":{\"@type\":\"QuantitativeValue\",\"minValue\":\"11\",\"maxValue\":\"50\"}},{\"@type\":\"Person\",\"@id\":\"https:\\\/\\\/www.webdo.tn\\\/fr\\\/#\\\/schema\\\/person\\\/6bc0beba2cd23aec27cb5df85ca2554f\",\"name\":\"Hatem Bourial\",\"image\":{\"@type\":\"ImageObject\",\"inLanguage\":\"fr-FR\",\"@id\":\"https:\\\/\\\/www.webdo.tn\\\/fr\\\/wp-content\\\/uploads\\\/2026\\\/04\\\/hatem-bourial_avatar-96x96.jpg\",\"url\":\"https:\\\/\\\/www.webdo.tn\\\/fr\\\/wp-content\\\/uploads\\\/2026\\\/04\\\/hatem-bourial_avatar-96x96.jpg\",\"contentUrl\":\"https:\\\/\\\/www.webdo.tn\\\/fr\\\/wp-content\\\/uploads\\\/2026\\\/04\\\/hatem-bourial_avatar-96x96.jpg\",\"caption\":\"Hatem Bourial\"},\"description\":\"Hatem Bourial est journaliste, \u00e9crivain et chroniqueur tunisien. Actif depuis plusieurs d\u00e9cennies, il s\u2019est impos\u00e9 comme un observateur attentif de la soci\u00e9t\u00e9 tunisienne, m\u00ealant dans ses \u00e9crits m\u00e9moire, culture et analyse du quotidien. Auteur de nombreux ouvrages, il d\u00e9veloppe une \u0153uvre \u00e0 la crois\u00e9e du r\u00e9cit, de la po\u00e9sie et de l\u2019observation sociologique. Parall\u00e8lement \u00e0 ses contributions dans la presse, il intervient r\u00e9guli\u00e8rement \u00e0 la radio et dans des espaces culturels, o\u00f9 il explore les enjeux li\u00e9s au patrimoine, \u00e0 l\u2019identit\u00e9 et aux transformations du monde contemporain. \u00c0 travers ses chroniques, Hatem Bourial propose une lecture sensible et approfondie de l\u2019actualit\u00e9, nourrie par une exp\u00e9rience journalistique et litt\u00e9raire reconnue. \ud83d\udd17 Facebook : https:\\\/\\\/www.facebook.com\\\/hatem.bourial.2025\",\"sameAs\":[\"https:\\\/\\\/www.facebook.com\\\/hatem.bourial.2025\",\"https:\\\/\\\/fr.wikipedia.org\\\/wiki\\\/Fichier:Hatem_Bourial.jpg\"],\"knowsAbout\":[\"Culture & patrimoine tunisien\",\"Chronique soci\u00e9tale\",\"Litt\u00e9rature & m\u00e9moire\",\"Cin\u00e9ma & critique culturelle\",\"Identit\u00e9 & mutations sociales\"],\"knowsLanguage\":[\"Arabe\",\"Fran\u00e7ais\",\"Anglais\",\"Italien\",\"Polonais\"],\"jobTitle\":\"Journaliste, \u00e9crivain et chroniqueur culturel\",\"worksFor\":\"Webdo\",\"url\":\"https:\\\/\\\/www.webdo.tn\\\/fr\\\/actualite\\\/author\\\/hatem-bourial-2\\\/\"}]}<\/script>\n<!-- \/ Yoast SEO Premium plugin. -->","yoast_head_json":{"title":"Ibn Arafa, rival oubli\u00e9 d'Ibn Khaldoun : Sa demeure est au fond de l'impasse du Savant...","description":"Ibn Arafa, rival oubli\u00e9 d'Ibn Khaldoun : Sa demeure est au fond de l'impasse du Savant...","canonical":"https:\/\/www.webdo.tn\/fr\/actualite\/chroniques\/ibn-arafa-rival-oublie-dibn-khaldoun-demeure-fond-de-limpasse-savant\/187141\/","og_locale":"fr_FR","og_type":"article","og_title":"Ibn Arafa, rival oubli\u00e9 d'Ibn Khaldoun : Sa demeure est au fond de l'impasse du Savant...","og_description":"Ibn Arafa, rival oubli\u00e9 d'Ibn Khaldoun : Sa demeure est au fond de l'impasse du Savant...","og_url":"https:\/\/www.webdo.tn\/fr\/actualite\/chroniques\/ibn-arafa-rival-oublie-dibn-khaldoun-demeure-fond-de-limpasse-savant\/187141\/","og_site_name":"webdo","article_publisher":"https:\/\/www.facebook.com\/webdotn","article_author":"https:\/\/www.facebook.com\/hatem.bourial.2025","article_published_time":"2016-07-21T07:00:00+00:00","article_modified_time":"2025-05-19T09:33:07+00:00","og_image":[{"width":352,"height":469,"url":"https:\/\/www.webdo.tn\/fr\/wp-content\/uploads\/2016\/07\/IMG_0002.jpg","type":"image\/jpeg"}],"author":"Hatem Bourial","twitter_card":"summary_large_image","twitter_creator":"@webdo_tn","twitter_site":"@webdo_tn","twitter_misc":{"\u00c9crit par":"Hatem Bourial","Dur\u00e9e de lecture estim\u00e9e":"1 minute"},"schema":{"@context":"https:\/\/schema.org","@graph":[{"@type":"NewsArticle","@id":"https:\/\/www.webdo.tn\/fr\/actualite\/chroniques\/ibn-arafa-rival-oublie-dibn-khaldoun-demeure-fond-de-limpasse-savant\/187141\/#article","isPartOf":{"@id":"https:\/\/www.webdo.tn\/fr\/actualite\/chroniques\/ibn-arafa-rival-oublie-dibn-khaldoun-demeure-fond-de-limpasse-savant\/187141\/"},"author":{"name":"Hatem Bourial","@id":"https:\/\/www.webdo.tn\/fr\/#\/schema\/person\/6bc0beba2cd23aec27cb5df85ca2554f"},"headline":"Ibn Arafa, rival oubli\u00e9 d&rsquo;Ibn Khaldoun : Sa demeure est au fond de l&rsquo;impasse du Savant&#8230;","datePublished":"2016-07-21T07:00:00+00:00","dateModified":"2025-05-19T09:33:07+00:00","mainEntityOfPage":{"@id":"https:\/\/www.webdo.tn\/fr\/actualite\/chroniques\/ibn-arafa-rival-oublie-dibn-khaldoun-demeure-fond-de-limpasse-savant\/187141\/"},"wordCount":252,"commentCount":0,"publisher":{"@id":"https:\/\/www.webdo.tn\/fr\/#organization"},"image":{"@id":"https:\/\/www.webdo.tn\/fr\/actualite\/chroniques\/ibn-arafa-rival-oublie-dibn-khaldoun-demeure-fond-de-limpasse-savant\/187141\/#primaryimage"},"thumbnailUrl":"https:\/\/www.webdo.tn\/fr\/wp-content\/uploads\/2016\/07\/IMG_0002.jpg","keywords":["guerre"],"articleSection":["Chroniques"],"inLanguage":"fr-FR"},{"@type":"WebPage","@id":"https:\/\/www.webdo.tn\/fr\/actualite\/chroniques\/ibn-arafa-rival-oublie-dibn-khaldoun-demeure-fond-de-limpasse-savant\/187141\/","url":"https:\/\/www.webdo.tn\/fr\/actualite\/chroniques\/ibn-arafa-rival-oublie-dibn-khaldoun-demeure-fond-de-limpasse-savant\/187141\/","name":"Ibn Arafa, rival oubli\u00e9 d'Ibn Khaldoun : Sa demeure est au fond de l'impasse du Savant...","isPartOf":{"@id":"https:\/\/www.webdo.tn\/fr\/#website"},"primaryImageOfPage":{"@id":"https:\/\/www.webdo.tn\/fr\/actualite\/chroniques\/ibn-arafa-rival-oublie-dibn-khaldoun-demeure-fond-de-limpasse-savant\/187141\/#primaryimage"},"image":{"@id":"https:\/\/www.webdo.tn\/fr\/actualite\/chroniques\/ibn-arafa-rival-oublie-dibn-khaldoun-demeure-fond-de-limpasse-savant\/187141\/#primaryimage"},"thumbnailUrl":"https:\/\/www.webdo.tn\/fr\/wp-content\/uploads\/2016\/07\/IMG_0002.jpg","datePublished":"2016-07-21T07:00:00+00:00","dateModified":"2025-05-19T09:33:07+00:00","description":"Ibn Arafa, rival oubli\u00e9 d'Ibn Khaldoun : Sa demeure est au fond de l'impasse du Savant...","breadcrumb":{"@id":"https:\/\/www.webdo.tn\/fr\/actualite\/chroniques\/ibn-arafa-rival-oublie-dibn-khaldoun-demeure-fond-de-limpasse-savant\/187141\/#breadcrumb"},"inLanguage":"fr-FR","potentialAction":[{"@type":"ReadAction","target":["https:\/\/www.webdo.tn\/fr\/actualite\/chroniques\/ibn-arafa-rival-oublie-dibn-khaldoun-demeure-fond-de-limpasse-savant\/187141\/"]}]},{"@type":"ImageObject","inLanguage":"fr-FR","@id":"https:\/\/www.webdo.tn\/fr\/actualite\/chroniques\/ibn-arafa-rival-oublie-dibn-khaldoun-demeure-fond-de-limpasse-savant\/187141\/#primaryimage","url":"https:\/\/www.webdo.tn\/fr\/wp-content\/uploads\/2016\/07\/IMG_0002.jpg","contentUrl":"https:\/\/www.webdo.tn\/fr\/wp-content\/uploads\/2016\/07\/IMG_0002.jpg","width":352,"height":469,"caption":"Ibn Arafa, rival oubli\u00e9 d'Ibn Khaldoun : Sa demeure est au fond de l'impasse du Savant..."},{"@type":"BreadcrumbList","@id":"https:\/\/www.webdo.tn\/fr\/actualite\/chroniques\/ibn-arafa-rival-oublie-dibn-khaldoun-demeure-fond-de-limpasse-savant\/187141\/#breadcrumb","itemListElement":[{"@type":"ListItem","position":1,"name":"Accueil","item":"https:\/\/www.webdo.tn\/fr\/"},{"@type":"ListItem","position":2,"name":"Ibn Arafa, rival oubli\u00e9 d&#8217;Ibn Khaldoun : Sa demeure est au fond de l&#8217;impasse du Savant&#8230;"}]},{"@type":"WebSite","@id":"https:\/\/www.webdo.tn\/fr\/#website","url":"https:\/\/www.webdo.tn\/fr\/","name":"webdo","description":"Tunisie - News en Tunisie et \u00e0 l&#039;international sur Webdo.tn","publisher":{"@id":"https:\/\/www.webdo.tn\/fr\/#organization"},"potentialAction":[{"@type":"SearchAction","target":{"@type":"EntryPoint","urlTemplate":"https:\/\/www.webdo.tn\/fr\/?s={search_term_string}"},"query-input":{"@type":"PropertyValueSpecification","valueRequired":true,"valueName":"search_term_string"}}],"inLanguage":"fr-FR"},{"@type":"Organization","@id":"https:\/\/www.webdo.tn\/fr\/#organization","name":"Webdo","alternateName":"Webdo.tn","url":"https:\/\/www.webdo.tn\/fr\/","logo":{"@type":"ImageObject","inLanguage":"fr-FR","@id":"https:\/\/www.webdo.tn\/fr\/#\/schema\/logo\/image\/","url":"https:\/\/www.webdo.tn\/fr\/wp-content\/uploads\/2025\/06\/Webdo-Tunisie_168377.jpg","contentUrl":"https:\/\/www.webdo.tn\/fr\/wp-content\/uploads\/2025\/06\/Webdo-Tunisie_168377.jpg","width":301,"height":301,"caption":"Webdo"},"image":{"@id":"https:\/\/www.webdo.tn\/fr\/#\/schema\/logo\/image\/"},"sameAs":["https:\/\/www.facebook.com\/webdotn","https:\/\/x.com\/webdo_tn"],"description":"Webdo est un m\u00e9dia num\u00e9rique tunisien fond\u00e9 en 2010, sp\u00e9cialis\u00e9 dans l\u2019actualit\u00e9 nationale et internationale, l\u2019\u00e9conomie, la soci\u00e9t\u00e9 et les analyses politiques. Le site s\u2019adresse \u00e0 un large public francophone et couvre l\u2019information tunisienne en temps r\u00e9el.","email":"redac@webdo.tn","legalName":"YNJ SARL","foundingDate":"2010-09-06","numberOfEmployees":{"@type":"QuantitativeValue","minValue":"11","maxValue":"50"}},{"@type":"Person","@id":"https:\/\/www.webdo.tn\/fr\/#\/schema\/person\/6bc0beba2cd23aec27cb5df85ca2554f","name":"Hatem Bourial","image":{"@type":"ImageObject","inLanguage":"fr-FR","@id":"https:\/\/www.webdo.tn\/fr\/wp-content\/uploads\/2026\/04\/hatem-bourial_avatar-96x96.jpg","url":"https:\/\/www.webdo.tn\/fr\/wp-content\/uploads\/2026\/04\/hatem-bourial_avatar-96x96.jpg","contentUrl":"https:\/\/www.webdo.tn\/fr\/wp-content\/uploads\/2026\/04\/hatem-bourial_avatar-96x96.jpg","caption":"Hatem Bourial"},"description":"Hatem Bourial est journaliste, \u00e9crivain et chroniqueur tunisien. Actif depuis plusieurs d\u00e9cennies, il s\u2019est impos\u00e9 comme un observateur attentif de la soci\u00e9t\u00e9 tunisienne, m\u00ealant dans ses \u00e9crits m\u00e9moire, culture et analyse du quotidien. Auteur de nombreux ouvrages, il d\u00e9veloppe une \u0153uvre \u00e0 la crois\u00e9e du r\u00e9cit, de la po\u00e9sie et de l\u2019observation sociologique. Parall\u00e8lement \u00e0 ses contributions dans la presse, il intervient r\u00e9guli\u00e8rement \u00e0 la radio et dans des espaces culturels, o\u00f9 il explore les enjeux li\u00e9s au patrimoine, \u00e0 l\u2019identit\u00e9 et aux transformations du monde contemporain. \u00c0 travers ses chroniques, Hatem Bourial propose une lecture sensible et approfondie de l\u2019actualit\u00e9, nourrie par une exp\u00e9rience journalistique et litt\u00e9raire reconnue. \ud83d\udd17 Facebook : https:\/\/www.facebook.com\/hatem.bourial.2025","sameAs":["https:\/\/www.facebook.com\/hatem.bourial.2025","https:\/\/fr.wikipedia.org\/wiki\/Fichier:Hatem_Bourial.jpg"],"knowsAbout":["Culture & patrimoine tunisien","Chronique soci\u00e9tale","Litt\u00e9rature & m\u00e9moire","Cin\u00e9ma & critique culturelle","Identit\u00e9 & mutations sociales"],"knowsLanguage":["Arabe","Fran\u00e7ais","Anglais","Italien","Polonais"],"jobTitle":"Journaliste, \u00e9crivain et chroniqueur culturel","worksFor":"Webdo","url":"https:\/\/www.webdo.tn\/fr\/actualite\/author\/hatem-bourial-2\/"}]}},"_links":{"self":[{"href":"https:\/\/www.webdo.tn\/fr\/wp-json\/wp\/v2\/posts\/187141","targetHints":{"allow":["GET"]}}],"collection":[{"href":"https:\/\/www.webdo.tn\/fr\/wp-json\/wp\/v2\/posts"}],"about":[{"href":"https:\/\/www.webdo.tn\/fr\/wp-json\/wp\/v2\/types\/post"}],"author":[{"embeddable":true,"href":"https:\/\/www.webdo.tn\/fr\/wp-json\/wp\/v2\/users\/3229"}],"replies":[{"embeddable":true,"href":"https:\/\/www.webdo.tn\/fr\/wp-json\/wp\/v2\/comments?post=187141"}],"version-history":[{"count":0,"href":"https:\/\/www.webdo.tn\/fr\/wp-json\/wp\/v2\/posts\/187141\/revisions"}],"wp:featuredmedia":[{"embeddable":true,"href":"https:\/\/www.webdo.tn\/fr\/wp-json\/wp\/v2\/media\/313762"}],"wp:attachment":[{"href":"https:\/\/www.webdo.tn\/fr\/wp-json\/wp\/v2\/media?parent=187141"}],"wp:term":[{"taxonomy":"category","embeddable":true,"href":"https:\/\/www.webdo.tn\/fr\/wp-json\/wp\/v2\/categories?post=187141"},{"taxonomy":"post_tag","embeddable":true,"href":"https:\/\/www.webdo.tn\/fr\/wp-json\/wp\/v2\/tags?post=187141"}],"curies":[{"name":"wp","href":"https:\/\/api.w.org\/{rel}","templated":true}]}}