{"id":187139,"date":"2016-07-24T09:00:00","date_gmt":"2016-07-24T09:00:00","guid":{"rendered":"https:\/\/www.webdo.tn\/fr\/blog\/sommes-devenus-amnesiques-surfons-loubli-zappons-lhorreur\/187139\/"},"modified":"2016-07-24T09:00:00","modified_gmt":"2016-07-24T09:00:00","slug":"sommes-devenus-amnesiques-surfons-loubli-zappons-lhorreur","status":"publish","type":"post","link":"https:\/\/www.webdo.tn\/fr\/actualite\/chroniques\/sommes-devenus-amnesiques-surfons-loubli-zappons-lhorreur\/187139\/","title":{"rendered":"Sommes-nous devenus amn\u00e9siques ? Surfons-nous sur l&rsquo;oubli ? Zappons-nous l&rsquo;horreur ?"},"content":{"rendered":"<p>Pr\u00e8s de dix jours apr\u00e8s l&rsquo;horrible carnage de Nice, il semble patent que le monde entier est pass\u00e9 \u00e0 autre chose&#8230; en attendant le prochain attentat qui se devra d&rsquo;\u00eatre spectaculaire, horrifiant et sanguinaire.<br \/>\nLa m\u00e9moire du court terme se dissout dans l&rsquo;avalanche d&rsquo;informations<br \/>\nL&rsquo;\u00e9motion &#8211; au fur et \u00e0 mesure que ces attentats se succ\u00e8dent \u00e0 un rythme effr\u00e9n\u00e9 &#8211; retombe de plus en plus vite, un peu comme si nous zappions l&rsquo;horreur pour continuer la sarabande de nos vies qui s&rsquo;\u00e9vanouissent dans ce climat liberticide et terrifiant.<\/p>\n<p>Parfois, nous d\u00e9tournons simplement les yeux. Comme si cette h\u00e9catombe qui meurtrit les peuples irakien ou syrien ne comptait pas, comme si la terrible r\u00e9pression coloniale qui s&rsquo;abat sur les Palestiniens ne nous concernait pas&#8230;<\/p>\n<p>Puis, invariablement, au surlendemain de chaque drame, la compassion retombe comme un flan. Sommes-nous devenus amn\u00e9siques \u00e0 cause justement de l&rsquo;imm\u00e9diatet\u00e9 de l&rsquo;information et de ce flux sans fin de mauvaises nouvelles ?<\/p>\n<p>On dirait que la m\u00e9moire sur le court terme se dissout dans les \u00e9v\u00e9nements eux-m\u00eames et que nous sommes condamn\u00e9s \u00e0 regarder ailleurs de plus en plus vite.<br \/>\nApr\u00e8s les fun\u00e9railles, le \u00ab\u00a0fark\u00a0\u00bb est un retour \u00e0 la vie<br \/>\nComme si \u00e0 chaque fois, un \u00ab\u00a0fark\u00a0\u00bb symbolique nous s\u00e9parait des victimes et des attentats et que nous regardions ailleurs car, justement, la vie reprend ses droits.<\/p>\n<p>Un ami fran\u00e7ais me faisait ainsi remarquer que dans le monde musulman, le fait que l&rsquo;on enterre les d\u00e9funts le jour m\u00eame ou le lendemain de leur disparition \u00e9tait \u00e9loquent d&rsquo;une capacit\u00e9 \u00e0 relativiser la vie et la mort.<\/p>\n<p>Puis, il ajoutait que les c\u00e9r\u00e9monies du \u00ab\u00a0fark\u00a0\u00bb qui se tiennent deux jours apr\u00e8s l&rsquo;enterrement tenaient plus du banquet joyeux que du conclave des pleureuses. C&rsquo;est un fait que nos c\u00e9r\u00e9monies fun\u00e9raires font la part belle \u00e0 la vie&#8230;<br \/>\nEn \u00e9tat d&rsquo;urgence \u00e9motionnelle<br \/>\nToutefois, sur un tout autre plan, l&rsquo;amn\u00e9sie ne doit plus guetter lorsqu&rsquo;il s&rsquo;agit de terreur aveugle. je pr\u00e9coniserai m\u00eame que les comm\u00e9morations adoptent d&rsquo;autres rythmes, d&rsquo;autres formes.<\/p>\n<p>Autrement dit qu&rsquo;on n&rsquo;attende pas un mois ou un an pour entretenir la flamme des victimes de ces crimes aveugles, qu&rsquo;on se mette plut\u00f4t en \u00e9tat d&rsquo;urgence \u00e9motionnelle pour que nos indignations et nos compassions ne retombent jamais et qu&rsquo;au contraire, elles soient permanentes, ouvertes et s&rsquo;\u00e9largissent \u00e0 toutes les victimes des criminels de la foi falsifi\u00e9e.<\/p>\n<p>N&rsquo;oublions pas et faisons en sorte que cette avalanche qui pr\u00e9tend nous emporter nous renforce contre ce mal terroriste et ses d\u00e9mons sans conscience.<br \/>\nH.B.<\/p>\n","protected":false},"excerpt":{"rendered":"<p>Sommes-nous devenus amn\u00e9siques ? Surfons-nous sur l&rsquo;oubli ? Zappons-nous l&rsquo;horreur ?<\/p>\n","protected":false},"author":3229,"featured_media":337629,"comment_status":"open","ping_status":"closed","sticky":false,"template":"","format":"standard","meta":{"footnotes":""},"categories":[2596],"tags":[2600],"class_list":["post-187139","post","type-post","status-publish","format-standard","has-post-thumbnail","hentry","category-chroniques","tag-guerre"],"yoast_head":"<!-- This site is optimized with the Yoast SEO Premium plugin v27.5 (Yoast SEO v27.5) - https:\/\/yoast.com\/product\/yoast-seo-premium-wordpress\/ -->\n<title>Sommes-nous devenus amn\u00e9siques ? Surfons-nous sur l&#039;oubli ? Zappons-nous l&#039;horreur ?<\/title>\n<meta name=\"description\" content=\"Sommes-nous devenus amn\u00e9siques ? Surfons-nous sur l&#039;oubli ? Zappons-nous l&#039;horreur ?\" \/>\n<link rel=\"canonical\" href=\"https:\/\/www.webdo.tn\/fr\/actualite\/chroniques\/sommes-devenus-amnesiques-surfons-loubli-zappons-lhorreur\/187139\/\" \/>\n<meta property=\"og:locale\" content=\"fr_FR\" \/>\n<meta property=\"og:type\" content=\"article\" \/>\n<meta property=\"og:title\" content=\"Sommes-nous devenus amn\u00e9siques ? Surfons-nous sur l&#039;oubli ? Zappons-nous l&#039;horreur ?\" \/>\n<meta property=\"og:description\" content=\"Sommes-nous devenus amn\u00e9siques ? Surfons-nous sur l&#039;oubli ? Zappons-nous l&#039;horreur ?\" \/>\n<meta property=\"og:url\" content=\"https:\/\/www.webdo.tn\/fr\/actualite\/chroniques\/sommes-devenus-amnesiques-surfons-loubli-zappons-lhorreur\/187139\/\" \/>\n<meta property=\"og:site_name\" content=\"webdo\" \/>\n<meta property=\"article:publisher\" content=\"https:\/\/www.facebook.com\/webdotn\" \/>\n<meta property=\"article:author\" content=\"https:\/\/www.facebook.com\/hatem.bourial.2025\" \/>\n<meta property=\"article:published_time\" content=\"2016-07-24T09:00:00+00:00\" \/>\n<meta property=\"og:image\" content=\"https:\/\/www.webdo.tn\/fr\/wp-content\/uploads\/2016\/07\/victimes-tunisiennes-Nice-300x180-2.jpg\" \/>\n\t<meta property=\"og:image:width\" content=\"300\" \/>\n\t<meta property=\"og:image:height\" content=\"180\" \/>\n\t<meta property=\"og:image:type\" content=\"image\/jpeg\" \/>\n<meta name=\"author\" content=\"Hatem Bourial\" \/>\n<meta name=\"twitter:card\" content=\"summary_large_image\" \/>\n<meta name=\"twitter:creator\" content=\"@webdo_tn\" \/>\n<meta name=\"twitter:site\" content=\"@webdo_tn\" \/>\n<meta name=\"twitter:label1\" content=\"\u00c9crit par\" \/>\n\t<meta name=\"twitter:data1\" content=\"Hatem Bourial\" \/>\n\t<meta name=\"twitter:label2\" content=\"Dur\u00e9e de lecture estim\u00e9e\" \/>\n\t<meta name=\"twitter:data2\" content=\"2 minutes\" \/>\n<script type=\"application\/ld+json\" class=\"yoast-schema-graph\">{\"@context\":\"https:\\\/\\\/schema.org\",\"@graph\":[{\"@type\":\"NewsArticle\",\"@id\":\"https:\\\/\\\/www.webdo.tn\\\/fr\\\/actualite\\\/chroniques\\\/sommes-devenus-amnesiques-surfons-loubli-zappons-lhorreur\\\/187139\\\/#article\",\"isPartOf\":{\"@id\":\"https:\\\/\\\/www.webdo.tn\\\/fr\\\/actualite\\\/chroniques\\\/sommes-devenus-amnesiques-surfons-loubli-zappons-lhorreur\\\/187139\\\/\"},\"author\":{\"name\":\"Hatem Bourial\",\"@id\":\"https:\\\/\\\/www.webdo.tn\\\/fr\\\/#\\\/schema\\\/person\\\/6bc0beba2cd23aec27cb5df85ca2554f\"},\"headline\":\"Sommes-nous devenus amn\u00e9siques ? Surfons-nous sur l&rsquo;oubli ? Zappons-nous l&rsquo;horreur ?\",\"datePublished\":\"2016-07-24T09:00:00+00:00\",\"mainEntityOfPage\":{\"@id\":\"https:\\\/\\\/www.webdo.tn\\\/fr\\\/actualite\\\/chroniques\\\/sommes-devenus-amnesiques-surfons-loubli-zappons-lhorreur\\\/187139\\\/\"},\"wordCount\":476,\"commentCount\":0,\"publisher\":{\"@id\":\"https:\\\/\\\/www.webdo.tn\\\/fr\\\/#organization\"},\"image\":{\"@id\":\"https:\\\/\\\/www.webdo.tn\\\/fr\\\/actualite\\\/chroniques\\\/sommes-devenus-amnesiques-surfons-loubli-zappons-lhorreur\\\/187139\\\/#primaryimage\"},\"thumbnailUrl\":\"https:\\\/\\\/www.webdo.tn\\\/fr\\\/wp-content\\\/uploads\\\/2016\\\/07\\\/victimes-tunisiennes-Nice-300x180-2.jpg\",\"keywords\":[\"guerre\"],\"articleSection\":[\"Chroniques\"],\"inLanguage\":\"fr-FR\"},{\"@type\":\"WebPage\",\"@id\":\"https:\\\/\\\/www.webdo.tn\\\/fr\\\/actualite\\\/chroniques\\\/sommes-devenus-amnesiques-surfons-loubli-zappons-lhorreur\\\/187139\\\/\",\"url\":\"https:\\\/\\\/www.webdo.tn\\\/fr\\\/actualite\\\/chroniques\\\/sommes-devenus-amnesiques-surfons-loubli-zappons-lhorreur\\\/187139\\\/\",\"name\":\"Sommes-nous devenus amn\u00e9siques ? Surfons-nous sur l'oubli ? Zappons-nous l'horreur ?\",\"isPartOf\":{\"@id\":\"https:\\\/\\\/www.webdo.tn\\\/fr\\\/#website\"},\"primaryImageOfPage\":{\"@id\":\"https:\\\/\\\/www.webdo.tn\\\/fr\\\/actualite\\\/chroniques\\\/sommes-devenus-amnesiques-surfons-loubli-zappons-lhorreur\\\/187139\\\/#primaryimage\"},\"image\":{\"@id\":\"https:\\\/\\\/www.webdo.tn\\\/fr\\\/actualite\\\/chroniques\\\/sommes-devenus-amnesiques-surfons-loubli-zappons-lhorreur\\\/187139\\\/#primaryimage\"},\"thumbnailUrl\":\"https:\\\/\\\/www.webdo.tn\\\/fr\\\/wp-content\\\/uploads\\\/2016\\\/07\\\/victimes-tunisiennes-Nice-300x180-2.jpg\",\"datePublished\":\"2016-07-24T09:00:00+00:00\",\"description\":\"Sommes-nous devenus amn\u00e9siques ? Surfons-nous sur l'oubli ? Zappons-nous l'horreur ?\",\"breadcrumb\":{\"@id\":\"https:\\\/\\\/www.webdo.tn\\\/fr\\\/actualite\\\/chroniques\\\/sommes-devenus-amnesiques-surfons-loubli-zappons-lhorreur\\\/187139\\\/#breadcrumb\"},\"inLanguage\":\"fr-FR\",\"potentialAction\":[{\"@type\":\"ReadAction\",\"target\":[\"https:\\\/\\\/www.webdo.tn\\\/fr\\\/actualite\\\/chroniques\\\/sommes-devenus-amnesiques-surfons-loubli-zappons-lhorreur\\\/187139\\\/\"]}]},{\"@type\":\"ImageObject\",\"inLanguage\":\"fr-FR\",\"@id\":\"https:\\\/\\\/www.webdo.tn\\\/fr\\\/actualite\\\/chroniques\\\/sommes-devenus-amnesiques-surfons-loubli-zappons-lhorreur\\\/187139\\\/#primaryimage\",\"url\":\"https:\\\/\\\/www.webdo.tn\\\/fr\\\/wp-content\\\/uploads\\\/2016\\\/07\\\/victimes-tunisiennes-Nice-300x180-2.jpg\",\"contentUrl\":\"https:\\\/\\\/www.webdo.tn\\\/fr\\\/wp-content\\\/uploads\\\/2016\\\/07\\\/victimes-tunisiennes-Nice-300x180-2.jpg\",\"width\":300,\"height\":180,\"caption\":\"Sommes-nous devenus amn\u00e9siques ? Surfons-nous sur l'oubli ? Zappons-nous l'horreur ?\"},{\"@type\":\"BreadcrumbList\",\"@id\":\"https:\\\/\\\/www.webdo.tn\\\/fr\\\/actualite\\\/chroniques\\\/sommes-devenus-amnesiques-surfons-loubli-zappons-lhorreur\\\/187139\\\/#breadcrumb\",\"itemListElement\":[{\"@type\":\"ListItem\",\"position\":1,\"name\":\"Accueil\",\"item\":\"https:\\\/\\\/www.webdo.tn\\\/fr\\\/\"},{\"@type\":\"ListItem\",\"position\":2,\"name\":\"Sommes-nous devenus amn\u00e9siques ? Surfons-nous sur l&#8217;oubli ? Zappons-nous l&#8217;horreur ?\"}]},{\"@type\":\"WebSite\",\"@id\":\"https:\\\/\\\/www.webdo.tn\\\/fr\\\/#website\",\"url\":\"https:\\\/\\\/www.webdo.tn\\\/fr\\\/\",\"name\":\"webdo\",\"description\":\"Tunisie - News en Tunisie et \u00e0 l&#039;international sur Webdo.tn\",\"publisher\":{\"@id\":\"https:\\\/\\\/www.webdo.tn\\\/fr\\\/#organization\"},\"potentialAction\":[{\"@type\":\"SearchAction\",\"target\":{\"@type\":\"EntryPoint\",\"urlTemplate\":\"https:\\\/\\\/www.webdo.tn\\\/fr\\\/?s={search_term_string}\"},\"query-input\":{\"@type\":\"PropertyValueSpecification\",\"valueRequired\":true,\"valueName\":\"search_term_string\"}}],\"inLanguage\":\"fr-FR\"},{\"@type\":\"Organization\",\"@id\":\"https:\\\/\\\/www.webdo.tn\\\/fr\\\/#organization\",\"name\":\"Webdo\",\"alternateName\":\"Webdo.tn\",\"url\":\"https:\\\/\\\/www.webdo.tn\\\/fr\\\/\",\"logo\":{\"@type\":\"ImageObject\",\"inLanguage\":\"fr-FR\",\"@id\":\"https:\\\/\\\/www.webdo.tn\\\/fr\\\/#\\\/schema\\\/logo\\\/image\\\/\",\"url\":\"https:\\\/\\\/www.webdo.tn\\\/fr\\\/wp-content\\\/uploads\\\/2025\\\/06\\\/Webdo-Tunisie_168377.jpg\",\"contentUrl\":\"https:\\\/\\\/www.webdo.tn\\\/fr\\\/wp-content\\\/uploads\\\/2025\\\/06\\\/Webdo-Tunisie_168377.jpg\",\"width\":301,\"height\":301,\"caption\":\"Webdo\"},\"image\":{\"@id\":\"https:\\\/\\\/www.webdo.tn\\\/fr\\\/#\\\/schema\\\/logo\\\/image\\\/\"},\"sameAs\":[\"https:\\\/\\\/www.facebook.com\\\/webdotn\",\"https:\\\/\\\/x.com\\\/webdo_tn\"],\"description\":\"Webdo est un m\u00e9dia num\u00e9rique tunisien fond\u00e9 en 2010, sp\u00e9cialis\u00e9 dans l\u2019actualit\u00e9 nationale et internationale, l\u2019\u00e9conomie, la soci\u00e9t\u00e9 et les analyses politiques. Le site s\u2019adresse \u00e0 un large public francophone et couvre l\u2019information tunisienne en temps r\u00e9el.\",\"email\":\"redac@webdo.tn\",\"legalName\":\"YNJ SARL\",\"foundingDate\":\"2010-09-06\",\"numberOfEmployees\":{\"@type\":\"QuantitativeValue\",\"minValue\":\"11\",\"maxValue\":\"50\"}},{\"@type\":\"Person\",\"@id\":\"https:\\\/\\\/www.webdo.tn\\\/fr\\\/#\\\/schema\\\/person\\\/6bc0beba2cd23aec27cb5df85ca2554f\",\"name\":\"Hatem Bourial\",\"image\":{\"@type\":\"ImageObject\",\"inLanguage\":\"fr-FR\",\"@id\":\"https:\\\/\\\/www.webdo.tn\\\/fr\\\/wp-content\\\/uploads\\\/2026\\\/04\\\/hatem-bourial_avatar-96x96.jpg\",\"url\":\"https:\\\/\\\/www.webdo.tn\\\/fr\\\/wp-content\\\/uploads\\\/2026\\\/04\\\/hatem-bourial_avatar-96x96.jpg\",\"contentUrl\":\"https:\\\/\\\/www.webdo.tn\\\/fr\\\/wp-content\\\/uploads\\\/2026\\\/04\\\/hatem-bourial_avatar-96x96.jpg\",\"caption\":\"Hatem Bourial\"},\"description\":\"Hatem Bourial est journaliste, \u00e9crivain et chroniqueur tunisien. Actif depuis plusieurs d\u00e9cennies, il s\u2019est impos\u00e9 comme un observateur attentif de la soci\u00e9t\u00e9 tunisienne, m\u00ealant dans ses \u00e9crits m\u00e9moire, culture et analyse du quotidien. Auteur de nombreux ouvrages, il d\u00e9veloppe une \u0153uvre \u00e0 la crois\u00e9e du r\u00e9cit, de la po\u00e9sie et de l\u2019observation sociologique. Parall\u00e8lement \u00e0 ses contributions dans la presse, il intervient r\u00e9guli\u00e8rement \u00e0 la radio et dans des espaces culturels, o\u00f9 il explore les enjeux li\u00e9s au patrimoine, \u00e0 l\u2019identit\u00e9 et aux transformations du monde contemporain. \u00c0 travers ses chroniques, Hatem Bourial propose une lecture sensible et approfondie de l\u2019actualit\u00e9, nourrie par une exp\u00e9rience journalistique et litt\u00e9raire reconnue. \ud83d\udd17 Facebook : https:\\\/\\\/www.facebook.com\\\/hatem.bourial.2025\",\"sameAs\":[\"https:\\\/\\\/www.facebook.com\\\/hatem.bourial.2025\",\"https:\\\/\\\/fr.wikipedia.org\\\/wiki\\\/Fichier:Hatem_Bourial.jpg\"],\"knowsAbout\":[\"Culture & patrimoine tunisien\",\"Chronique soci\u00e9tale\",\"Litt\u00e9rature & m\u00e9moire\",\"Cin\u00e9ma & critique culturelle\",\"Identit\u00e9 & mutations sociales\"],\"knowsLanguage\":[\"Arabe\",\"Fran\u00e7ais\",\"Anglais\",\"Italien\",\"Polonais\"],\"jobTitle\":\"Journaliste, \u00e9crivain et chroniqueur culturel\",\"worksFor\":\"Webdo\",\"url\":\"https:\\\/\\\/www.webdo.tn\\\/fr\\\/actualite\\\/author\\\/hatem-bourial-2\\\/\"}]}<\/script>\n<!-- \/ Yoast SEO Premium plugin. -->","yoast_head_json":{"title":"Sommes-nous devenus amn\u00e9siques ? Surfons-nous sur l'oubli ? Zappons-nous l'horreur ?","description":"Sommes-nous devenus amn\u00e9siques ? Surfons-nous sur l'oubli ? Zappons-nous l'horreur ?","canonical":"https:\/\/www.webdo.tn\/fr\/actualite\/chroniques\/sommes-devenus-amnesiques-surfons-loubli-zappons-lhorreur\/187139\/","og_locale":"fr_FR","og_type":"article","og_title":"Sommes-nous devenus amn\u00e9siques ? Surfons-nous sur l'oubli ? Zappons-nous l'horreur ?","og_description":"Sommes-nous devenus amn\u00e9siques ? Surfons-nous sur l'oubli ? Zappons-nous l'horreur ?","og_url":"https:\/\/www.webdo.tn\/fr\/actualite\/chroniques\/sommes-devenus-amnesiques-surfons-loubli-zappons-lhorreur\/187139\/","og_site_name":"webdo","article_publisher":"https:\/\/www.facebook.com\/webdotn","article_author":"https:\/\/www.facebook.com\/hatem.bourial.2025","article_published_time":"2016-07-24T09:00:00+00:00","og_image":[{"width":300,"height":180,"url":"https:\/\/www.webdo.tn\/fr\/wp-content\/uploads\/2016\/07\/victimes-tunisiennes-Nice-300x180-2.jpg","type":"image\/jpeg"}],"author":"Hatem Bourial","twitter_card":"summary_large_image","twitter_creator":"@webdo_tn","twitter_site":"@webdo_tn","twitter_misc":{"\u00c9crit par":"Hatem Bourial","Dur\u00e9e de lecture estim\u00e9e":"2 minutes"},"schema":{"@context":"https:\/\/schema.org","@graph":[{"@type":"NewsArticle","@id":"https:\/\/www.webdo.tn\/fr\/actualite\/chroniques\/sommes-devenus-amnesiques-surfons-loubli-zappons-lhorreur\/187139\/#article","isPartOf":{"@id":"https:\/\/www.webdo.tn\/fr\/actualite\/chroniques\/sommes-devenus-amnesiques-surfons-loubli-zappons-lhorreur\/187139\/"},"author":{"name":"Hatem Bourial","@id":"https:\/\/www.webdo.tn\/fr\/#\/schema\/person\/6bc0beba2cd23aec27cb5df85ca2554f"},"headline":"Sommes-nous devenus amn\u00e9siques ? Surfons-nous sur l&rsquo;oubli ? Zappons-nous l&rsquo;horreur ?","datePublished":"2016-07-24T09:00:00+00:00","mainEntityOfPage":{"@id":"https:\/\/www.webdo.tn\/fr\/actualite\/chroniques\/sommes-devenus-amnesiques-surfons-loubli-zappons-lhorreur\/187139\/"},"wordCount":476,"commentCount":0,"publisher":{"@id":"https:\/\/www.webdo.tn\/fr\/#organization"},"image":{"@id":"https:\/\/www.webdo.tn\/fr\/actualite\/chroniques\/sommes-devenus-amnesiques-surfons-loubli-zappons-lhorreur\/187139\/#primaryimage"},"thumbnailUrl":"https:\/\/www.webdo.tn\/fr\/wp-content\/uploads\/2016\/07\/victimes-tunisiennes-Nice-300x180-2.jpg","keywords":["guerre"],"articleSection":["Chroniques"],"inLanguage":"fr-FR"},{"@type":"WebPage","@id":"https:\/\/www.webdo.tn\/fr\/actualite\/chroniques\/sommes-devenus-amnesiques-surfons-loubli-zappons-lhorreur\/187139\/","url":"https:\/\/www.webdo.tn\/fr\/actualite\/chroniques\/sommes-devenus-amnesiques-surfons-loubli-zappons-lhorreur\/187139\/","name":"Sommes-nous devenus amn\u00e9siques ? Surfons-nous sur l'oubli ? Zappons-nous l'horreur ?","isPartOf":{"@id":"https:\/\/www.webdo.tn\/fr\/#website"},"primaryImageOfPage":{"@id":"https:\/\/www.webdo.tn\/fr\/actualite\/chroniques\/sommes-devenus-amnesiques-surfons-loubli-zappons-lhorreur\/187139\/#primaryimage"},"image":{"@id":"https:\/\/www.webdo.tn\/fr\/actualite\/chroniques\/sommes-devenus-amnesiques-surfons-loubli-zappons-lhorreur\/187139\/#primaryimage"},"thumbnailUrl":"https:\/\/www.webdo.tn\/fr\/wp-content\/uploads\/2016\/07\/victimes-tunisiennes-Nice-300x180-2.jpg","datePublished":"2016-07-24T09:00:00+00:00","description":"Sommes-nous devenus amn\u00e9siques ? Surfons-nous sur l'oubli ? Zappons-nous l'horreur ?","breadcrumb":{"@id":"https:\/\/www.webdo.tn\/fr\/actualite\/chroniques\/sommes-devenus-amnesiques-surfons-loubli-zappons-lhorreur\/187139\/#breadcrumb"},"inLanguage":"fr-FR","potentialAction":[{"@type":"ReadAction","target":["https:\/\/www.webdo.tn\/fr\/actualite\/chroniques\/sommes-devenus-amnesiques-surfons-loubli-zappons-lhorreur\/187139\/"]}]},{"@type":"ImageObject","inLanguage":"fr-FR","@id":"https:\/\/www.webdo.tn\/fr\/actualite\/chroniques\/sommes-devenus-amnesiques-surfons-loubli-zappons-lhorreur\/187139\/#primaryimage","url":"https:\/\/www.webdo.tn\/fr\/wp-content\/uploads\/2016\/07\/victimes-tunisiennes-Nice-300x180-2.jpg","contentUrl":"https:\/\/www.webdo.tn\/fr\/wp-content\/uploads\/2016\/07\/victimes-tunisiennes-Nice-300x180-2.jpg","width":300,"height":180,"caption":"Sommes-nous devenus amn\u00e9siques ? Surfons-nous sur l'oubli ? Zappons-nous l'horreur ?"},{"@type":"BreadcrumbList","@id":"https:\/\/www.webdo.tn\/fr\/actualite\/chroniques\/sommes-devenus-amnesiques-surfons-loubli-zappons-lhorreur\/187139\/#breadcrumb","itemListElement":[{"@type":"ListItem","position":1,"name":"Accueil","item":"https:\/\/www.webdo.tn\/fr\/"},{"@type":"ListItem","position":2,"name":"Sommes-nous devenus amn\u00e9siques ? Surfons-nous sur l&#8217;oubli ? Zappons-nous l&#8217;horreur ?"}]},{"@type":"WebSite","@id":"https:\/\/www.webdo.tn\/fr\/#website","url":"https:\/\/www.webdo.tn\/fr\/","name":"webdo","description":"Tunisie - News en Tunisie et \u00e0 l&#039;international sur Webdo.tn","publisher":{"@id":"https:\/\/www.webdo.tn\/fr\/#organization"},"potentialAction":[{"@type":"SearchAction","target":{"@type":"EntryPoint","urlTemplate":"https:\/\/www.webdo.tn\/fr\/?s={search_term_string}"},"query-input":{"@type":"PropertyValueSpecification","valueRequired":true,"valueName":"search_term_string"}}],"inLanguage":"fr-FR"},{"@type":"Organization","@id":"https:\/\/www.webdo.tn\/fr\/#organization","name":"Webdo","alternateName":"Webdo.tn","url":"https:\/\/www.webdo.tn\/fr\/","logo":{"@type":"ImageObject","inLanguage":"fr-FR","@id":"https:\/\/www.webdo.tn\/fr\/#\/schema\/logo\/image\/","url":"https:\/\/www.webdo.tn\/fr\/wp-content\/uploads\/2025\/06\/Webdo-Tunisie_168377.jpg","contentUrl":"https:\/\/www.webdo.tn\/fr\/wp-content\/uploads\/2025\/06\/Webdo-Tunisie_168377.jpg","width":301,"height":301,"caption":"Webdo"},"image":{"@id":"https:\/\/www.webdo.tn\/fr\/#\/schema\/logo\/image\/"},"sameAs":["https:\/\/www.facebook.com\/webdotn","https:\/\/x.com\/webdo_tn"],"description":"Webdo est un m\u00e9dia num\u00e9rique tunisien fond\u00e9 en 2010, sp\u00e9cialis\u00e9 dans l\u2019actualit\u00e9 nationale et internationale, l\u2019\u00e9conomie, la soci\u00e9t\u00e9 et les analyses politiques. Le site s\u2019adresse \u00e0 un large public francophone et couvre l\u2019information tunisienne en temps r\u00e9el.","email":"redac@webdo.tn","legalName":"YNJ SARL","foundingDate":"2010-09-06","numberOfEmployees":{"@type":"QuantitativeValue","minValue":"11","maxValue":"50"}},{"@type":"Person","@id":"https:\/\/www.webdo.tn\/fr\/#\/schema\/person\/6bc0beba2cd23aec27cb5df85ca2554f","name":"Hatem Bourial","image":{"@type":"ImageObject","inLanguage":"fr-FR","@id":"https:\/\/www.webdo.tn\/fr\/wp-content\/uploads\/2026\/04\/hatem-bourial_avatar-96x96.jpg","url":"https:\/\/www.webdo.tn\/fr\/wp-content\/uploads\/2026\/04\/hatem-bourial_avatar-96x96.jpg","contentUrl":"https:\/\/www.webdo.tn\/fr\/wp-content\/uploads\/2026\/04\/hatem-bourial_avatar-96x96.jpg","caption":"Hatem Bourial"},"description":"Hatem Bourial est journaliste, \u00e9crivain et chroniqueur tunisien. Actif depuis plusieurs d\u00e9cennies, il s\u2019est impos\u00e9 comme un observateur attentif de la soci\u00e9t\u00e9 tunisienne, m\u00ealant dans ses \u00e9crits m\u00e9moire, culture et analyse du quotidien. Auteur de nombreux ouvrages, il d\u00e9veloppe une \u0153uvre \u00e0 la crois\u00e9e du r\u00e9cit, de la po\u00e9sie et de l\u2019observation sociologique. Parall\u00e8lement \u00e0 ses contributions dans la presse, il intervient r\u00e9guli\u00e8rement \u00e0 la radio et dans des espaces culturels, o\u00f9 il explore les enjeux li\u00e9s au patrimoine, \u00e0 l\u2019identit\u00e9 et aux transformations du monde contemporain. \u00c0 travers ses chroniques, Hatem Bourial propose une lecture sensible et approfondie de l\u2019actualit\u00e9, nourrie par une exp\u00e9rience journalistique et litt\u00e9raire reconnue. \ud83d\udd17 Facebook : https:\/\/www.facebook.com\/hatem.bourial.2025","sameAs":["https:\/\/www.facebook.com\/hatem.bourial.2025","https:\/\/fr.wikipedia.org\/wiki\/Fichier:Hatem_Bourial.jpg"],"knowsAbout":["Culture & patrimoine tunisien","Chronique soci\u00e9tale","Litt\u00e9rature & m\u00e9moire","Cin\u00e9ma & critique culturelle","Identit\u00e9 & mutations sociales"],"knowsLanguage":["Arabe","Fran\u00e7ais","Anglais","Italien","Polonais"],"jobTitle":"Journaliste, \u00e9crivain et chroniqueur culturel","worksFor":"Webdo","url":"https:\/\/www.webdo.tn\/fr\/actualite\/author\/hatem-bourial-2\/"}]}},"_links":{"self":[{"href":"https:\/\/www.webdo.tn\/fr\/wp-json\/wp\/v2\/posts\/187139","targetHints":{"allow":["GET"]}}],"collection":[{"href":"https:\/\/www.webdo.tn\/fr\/wp-json\/wp\/v2\/posts"}],"about":[{"href":"https:\/\/www.webdo.tn\/fr\/wp-json\/wp\/v2\/types\/post"}],"author":[{"embeddable":true,"href":"https:\/\/www.webdo.tn\/fr\/wp-json\/wp\/v2\/users\/3229"}],"replies":[{"embeddable":true,"href":"https:\/\/www.webdo.tn\/fr\/wp-json\/wp\/v2\/comments?post=187139"}],"version-history":[{"count":0,"href":"https:\/\/www.webdo.tn\/fr\/wp-json\/wp\/v2\/posts\/187139\/revisions"}],"wp:featuredmedia":[{"embeddable":true,"href":"https:\/\/www.webdo.tn\/fr\/wp-json\/wp\/v2\/media\/337629"}],"wp:attachment":[{"href":"https:\/\/www.webdo.tn\/fr\/wp-json\/wp\/v2\/media?parent=187139"}],"wp:term":[{"taxonomy":"category","embeddable":true,"href":"https:\/\/www.webdo.tn\/fr\/wp-json\/wp\/v2\/categories?post=187139"},{"taxonomy":"post_tag","embeddable":true,"href":"https:\/\/www.webdo.tn\/fr\/wp-json\/wp\/v2\/tags?post=187139"}],"curies":[{"name":"wp","href":"https:\/\/api.w.org\/{rel}","templated":true}]}}