{"id":187135,"date":"2016-07-16T07:00:00","date_gmt":"2016-07-16T07:00:00","guid":{"rendered":"https:\/\/www.webdo.tn\/fr\/blog\/memoire-premiers-diplomates-francais-tunisie\/187135\/"},"modified":"2016-07-16T07:00:00","modified_gmt":"2016-07-16T07:00:00","slug":"memoire-premiers-diplomates-francais-tunisie","status":"publish","type":"post","link":"https:\/\/www.webdo.tn\/fr\/actualite\/chroniques\/memoire-premiers-diplomates-francais-tunisie\/187135\/","title":{"rendered":"La m\u00e9moire des premiers diplomates fran\u00e7ais en Tunisie"},"content":{"rendered":"<p>Pour H et F. Gouyette<\/p>\n<p>Le premier consulat de France \u00e0 Tunis a \u00e9t\u00e9 cr\u00e9\u00e9 en 1577 par Henri III. C&rsquo;est la toute premi\u00e8re repr\u00e9sentation diplomatique fran\u00e7aise en Tunisie.<br \/>\nUne tradition qui remonte au douzi\u00e8me si\u00e8cle<br \/>\nA l&rsquo;\u00e9poque, Henri III donna \u00e0 la Chambre de Commerce de Marseille la mission d&rsquo;organiser cette repr\u00e9sentation car c&rsquo;\u00e9taient essentiellement des commer\u00e7ants de Provence et du Languedoc qui avaient alors des relations commerciales avec notre pays.<\/p>\n<p>Il faut noter que depuis le douzi\u00e8me si\u00e8cle, une tradition existait en ce sens avec des commer\u00e7ants du Languedoc et de Provence qui \u00e9taient \u00e9tablis dans la ville &#8211; en fait hors les murs &#8211; sans toutefois disposer d&rsquo;une repr\u00e9sentation consulaire.<br \/>\nLouis de la Motte Dari\u00e8s, premier consul fran\u00e7ais en 1577<br \/>\nLe tout premier consul fran\u00e7ais en Tunisie fut Louis de la Motte Dari\u00e8s. Apr\u00e8s quelques ann\u00e9es \u00e0 Tunis, il reviendra \u00e0 Marseille, fut impliqu\u00e9 dans les guerres de religion ce qui entraina son jugement et sa pendaison en 1585.<\/p>\n<p>En ce temps, la charge de consul pouvait \u00eatre achet\u00e9e: celle de consul \u00e0 Tunis \u00e9chut aux Martin, une famille marseillaise qui occupa cette dignit\u00e9 jusqu&rsquo;en 1648. Le dernier repr\u00e9sentant de cette famille consulaire, Lange Martin, c\u00e9da la charge qui revint peu \u00e0 peu aux pr\u00eatres lazaristes qui \u00e9taient les chapelains de la maison consulaire.<\/p>\n<p>L&rsquo;initiative du p\u00e8re lazariste Jean Le Vacher<br \/>\nC&rsquo;est dans cette continuit\u00e9 lazariste qui se poursuivit durant une d\u00e9cennie que le p\u00e8re Jean Le Vacher, consul de 1648 \u00e0 1667, demanda au Divan ottoman la construction d&rsquo;un nouvel h\u00f4tel consulaire pour les Fran\u00e7ais. Le Fondouk des Fran\u00e7ais allait naitre dans ces conditions en 1660 et les consuls lazaristes allaient se succ\u00e9der.<\/p>\n<p>En ce temps, la Duchesse d&rsquo;Aiguillon avait acquis aussi bien le consulat de Tunis que celui d&rsquo;Alger au b\u00e9n\u00e9fice de la Mission des Lazaristes qui fut, rappelons-le, fond\u00e9e par Saint-Vincent de Paul.<\/p>\n<p>Au c\u0153ur du Quartier franc<br \/>\nEn cette \u00e9poque lointaine naissait donc le Fondouk des Fran\u00e7ais qui se trouve de nos jours encore \u00e0 la rue de l&rsquo;Ancienne Douane, non loin de Bab Bhar, au c\u0153ur de ce qui fut longtemps le Quartier franc de Tunis.<\/p>\n<p>Ce fondouk &#8211; en d&rsquo;autres termes une sorte de caravans\u00e9rail &#8211; permit aux commer\u00e7ants fran\u00e7ais de se regrouper autour du consul tout en entreposant leurs marchandises dans cette maison consulaire.<\/p>\n<p>L&rsquo;\u00e9tablissement sera agrandi gr\u00e2ce au Divan ottoman qui octroiera \u00e0 la France un second \u00e9difice mitoyen au premier qui deviendra le fondouk des commer\u00e7ants alors que le premier sera r\u00e9serv\u00e9 au consul.<br \/>\nEn 1860 naissait l&rsquo;actuelle ambassade de France<br \/>\nEn ce temps, le r\u00e9gime des Capitulations interdisait aux chr\u00e9tiens de poss\u00e9der des biens-fonds en territoire ottoman. De ce fait, le fondouk n&rsquo; a jamais appartenu \u00e0 la Nation fran\u00e7aise.<\/p>\n<p>Pour l&rsquo;histoire, le Fondouk des Fran\u00e7ais restera en usage de 1660 \u00e0 1860. C&rsquo;est \u00e0 cette date que le consul L\u00e9on Roches obtiendra du bey de l&rsquo;\u00e9poque la construction de l&rsquo;actuelle chancellerie de l&rsquo;ambassade de France.<br \/>\nLe Baron d&rsquo;Erlanger rach\u00e8te le vieux consulat<br \/>\nCe qui fut \u00e0 l&rsquo;origine le nouveau consulat fran\u00e7ais puis la R\u00e9sidence g\u00e9n\u00e9rale, sous le Protectorat, deviendra ensuite l&rsquo;ambassade de France \u00e0 l\u2019ind\u00e9pendance de la Tunisie.<br \/>\nQuant au Fondouk des Fran\u00e7ais, la propri\u00e9t\u00e9 de ses deux corps de logis reviendra \u00e0 la couronne tunisienne qui revendra le b\u00e2timent.<\/p>\n<p>C&rsquo;est ainsi que le fondouk du consul deviendra une propri\u00e9t\u00e9 du Baron d&rsquo;Erlanger alors que le fondouk des n\u00e9gociants sera acquis par la famille Chapeli\u00e9.<br \/>\nPourtant, le monument est class\u00e9 depuis 1920<br \/>\nCes locaux seront ensuite lou\u00e9s \u00e0 la pi\u00e8ce \u00e0 des familles d&rsquo;abord maltaises puis, \u00e0 l&rsquo;ind\u00e9pendance, quand la Ville de Tunis prendra possession des lieux, tunisiennes.<\/p>\n<p>Le fait que le Fondouk des Fran\u00e7ais a \u00e9t\u00e9 class\u00e9 monument historique en 1920 n&rsquo;a pas emp\u00each\u00e9 l&rsquo;\u00e9difice de se retrouver dans un piteux \u00e9tat avec un statut flou pour ses occupants actuels.<br \/>\nLe d\u00e9labrement d&rsquo;un lieu de m\u00e9moire<br \/>\nAujourd&rsquo;hui, le b\u00e2timent menace ruine et une restauration demeure toujours possible si l&rsquo;on voulait restituer ce lieu de m\u00e9moire \u00e0 sa longue histoire. Mais le veut-on ?<\/p>\n<p>Telle est la question qui surgit d&rsquo;elle-m\u00eame lorsqu&rsquo;on constate l&rsquo;\u00e9tat de d\u00e9labrement des lieux et de tout ce qui fut l&rsquo;ancien Quartier franc de Tunis&#8230;<br \/>\nH.B.<\/p>\n","protected":false},"excerpt":{"rendered":"<p>La m\u00e9moire des premiers diplomates fran\u00e7ais en Tunisie<\/p>\n","protected":false},"author":3229,"featured_media":337592,"comment_status":"open","ping_status":"closed","sticky":false,"template":"","format":"standard","meta":{"footnotes":""},"categories":[2596],"tags":[2600],"class_list":["post-187135","post","type-post","status-publish","format-standard","has-post-thumbnail","hentry","category-chroniques","tag-guerre"],"yoast_head":"<!-- This site is optimized with the Yoast SEO Premium plugin v27.5 (Yoast SEO v27.5) - https:\/\/yoast.com\/product\/yoast-seo-premium-wordpress\/ -->\n<title>La m\u00e9moire des premiers diplomates fran\u00e7ais en Tunisie<\/title>\n<meta name=\"description\" content=\"La m\u00e9moire des premiers diplomates fran\u00e7ais en Tunisie\" \/>\n<link rel=\"canonical\" href=\"https:\/\/www.webdo.tn\/fr\/actualite\/chroniques\/memoire-premiers-diplomates-francais-tunisie\/187135\/\" \/>\n<meta property=\"og:locale\" content=\"fr_FR\" \/>\n<meta property=\"og:type\" content=\"article\" \/>\n<meta property=\"og:title\" content=\"La m\u00e9moire des premiers diplomates fran\u00e7ais en Tunisie\" \/>\n<meta property=\"og:description\" content=\"La m\u00e9moire des premiers diplomates fran\u00e7ais en Tunisie\" \/>\n<meta property=\"og:url\" content=\"https:\/\/www.webdo.tn\/fr\/actualite\/chroniques\/memoire-premiers-diplomates-francais-tunisie\/187135\/\" \/>\n<meta property=\"og:site_name\" content=\"webdo\" \/>\n<meta property=\"article:publisher\" content=\"https:\/\/www.facebook.com\/webdotn\" \/>\n<meta property=\"article:author\" content=\"https:\/\/www.facebook.com\/hatem.bourial.2025\" \/>\n<meta property=\"article:published_time\" content=\"2016-07-16T07:00:00+00:00\" \/>\n<meta property=\"og:image\" content=\"https:\/\/www.webdo.tn\/fr\/wp-content\/uploads\/2016\/07\/Porte-de-France-3-300x182-1.jpg\" \/>\n\t<meta property=\"og:image:width\" content=\"300\" \/>\n\t<meta property=\"og:image:height\" content=\"182\" \/>\n\t<meta property=\"og:image:type\" content=\"image\/jpeg\" \/>\n<meta name=\"author\" content=\"Hatem Bourial\" \/>\n<meta name=\"twitter:card\" content=\"summary_large_image\" \/>\n<meta name=\"twitter:creator\" content=\"@webdo_tn\" \/>\n<meta name=\"twitter:site\" content=\"@webdo_tn\" \/>\n<meta name=\"twitter:label1\" content=\"\u00c9crit par\" \/>\n\t<meta name=\"twitter:data1\" content=\"Hatem Bourial\" \/>\n\t<meta name=\"twitter:label2\" content=\"Dur\u00e9e de lecture estim\u00e9e\" \/>\n\t<meta name=\"twitter:data2\" content=\"4 minutes\" \/>\n<script type=\"application\/ld+json\" class=\"yoast-schema-graph\">{\"@context\":\"https:\\\/\\\/schema.org\",\"@graph\":[{\"@type\":\"NewsArticle\",\"@id\":\"https:\\\/\\\/www.webdo.tn\\\/fr\\\/actualite\\\/chroniques\\\/memoire-premiers-diplomates-francais-tunisie\\\/187135\\\/#article\",\"isPartOf\":{\"@id\":\"https:\\\/\\\/www.webdo.tn\\\/fr\\\/actualite\\\/chroniques\\\/memoire-premiers-diplomates-francais-tunisie\\\/187135\\\/\"},\"author\":{\"name\":\"Hatem Bourial\",\"@id\":\"https:\\\/\\\/www.webdo.tn\\\/fr\\\/#\\\/schema\\\/person\\\/6bc0beba2cd23aec27cb5df85ca2554f\"},\"headline\":\"La m\u00e9moire des premiers diplomates fran\u00e7ais en Tunisie\",\"datePublished\":\"2016-07-16T07:00:00+00:00\",\"mainEntityOfPage\":{\"@id\":\"https:\\\/\\\/www.webdo.tn\\\/fr\\\/actualite\\\/chroniques\\\/memoire-premiers-diplomates-francais-tunisie\\\/187135\\\/\"},\"wordCount\":778,\"commentCount\":0,\"publisher\":{\"@id\":\"https:\\\/\\\/www.webdo.tn\\\/fr\\\/#organization\"},\"image\":{\"@id\":\"https:\\\/\\\/www.webdo.tn\\\/fr\\\/actualite\\\/chroniques\\\/memoire-premiers-diplomates-francais-tunisie\\\/187135\\\/#primaryimage\"},\"thumbnailUrl\":\"https:\\\/\\\/www.webdo.tn\\\/fr\\\/wp-content\\\/uploads\\\/2016\\\/07\\\/Porte-de-France-3-300x182-1.jpg\",\"keywords\":[\"guerre\"],\"articleSection\":[\"Chroniques\"],\"inLanguage\":\"fr-FR\"},{\"@type\":\"WebPage\",\"@id\":\"https:\\\/\\\/www.webdo.tn\\\/fr\\\/actualite\\\/chroniques\\\/memoire-premiers-diplomates-francais-tunisie\\\/187135\\\/\",\"url\":\"https:\\\/\\\/www.webdo.tn\\\/fr\\\/actualite\\\/chroniques\\\/memoire-premiers-diplomates-francais-tunisie\\\/187135\\\/\",\"name\":\"La m\u00e9moire des premiers diplomates fran\u00e7ais en Tunisie\",\"isPartOf\":{\"@id\":\"https:\\\/\\\/www.webdo.tn\\\/fr\\\/#website\"},\"primaryImageOfPage\":{\"@id\":\"https:\\\/\\\/www.webdo.tn\\\/fr\\\/actualite\\\/chroniques\\\/memoire-premiers-diplomates-francais-tunisie\\\/187135\\\/#primaryimage\"},\"image\":{\"@id\":\"https:\\\/\\\/www.webdo.tn\\\/fr\\\/actualite\\\/chroniques\\\/memoire-premiers-diplomates-francais-tunisie\\\/187135\\\/#primaryimage\"},\"thumbnailUrl\":\"https:\\\/\\\/www.webdo.tn\\\/fr\\\/wp-content\\\/uploads\\\/2016\\\/07\\\/Porte-de-France-3-300x182-1.jpg\",\"datePublished\":\"2016-07-16T07:00:00+00:00\",\"description\":\"La m\u00e9moire des premiers diplomates fran\u00e7ais en Tunisie\",\"breadcrumb\":{\"@id\":\"https:\\\/\\\/www.webdo.tn\\\/fr\\\/actualite\\\/chroniques\\\/memoire-premiers-diplomates-francais-tunisie\\\/187135\\\/#breadcrumb\"},\"inLanguage\":\"fr-FR\",\"potentialAction\":[{\"@type\":\"ReadAction\",\"target\":[\"https:\\\/\\\/www.webdo.tn\\\/fr\\\/actualite\\\/chroniques\\\/memoire-premiers-diplomates-francais-tunisie\\\/187135\\\/\"]}]},{\"@type\":\"ImageObject\",\"inLanguage\":\"fr-FR\",\"@id\":\"https:\\\/\\\/www.webdo.tn\\\/fr\\\/actualite\\\/chroniques\\\/memoire-premiers-diplomates-francais-tunisie\\\/187135\\\/#primaryimage\",\"url\":\"https:\\\/\\\/www.webdo.tn\\\/fr\\\/wp-content\\\/uploads\\\/2016\\\/07\\\/Porte-de-France-3-300x182-1.jpg\",\"contentUrl\":\"https:\\\/\\\/www.webdo.tn\\\/fr\\\/wp-content\\\/uploads\\\/2016\\\/07\\\/Porte-de-France-3-300x182-1.jpg\",\"width\":300,\"height\":182,\"caption\":\"La m\u00e9moire des premiers diplomates fran\u00e7ais en Tunisie\"},{\"@type\":\"BreadcrumbList\",\"@id\":\"https:\\\/\\\/www.webdo.tn\\\/fr\\\/actualite\\\/chroniques\\\/memoire-premiers-diplomates-francais-tunisie\\\/187135\\\/#breadcrumb\",\"itemListElement\":[{\"@type\":\"ListItem\",\"position\":1,\"name\":\"Accueil\",\"item\":\"https:\\\/\\\/www.webdo.tn\\\/fr\\\/\"},{\"@type\":\"ListItem\",\"position\":2,\"name\":\"La m\u00e9moire des premiers diplomates fran\u00e7ais en Tunisie\"}]},{\"@type\":\"WebSite\",\"@id\":\"https:\\\/\\\/www.webdo.tn\\\/fr\\\/#website\",\"url\":\"https:\\\/\\\/www.webdo.tn\\\/fr\\\/\",\"name\":\"webdo\",\"description\":\"Tunisie - News en Tunisie et \u00e0 l&#039;international sur Webdo.tn\",\"publisher\":{\"@id\":\"https:\\\/\\\/www.webdo.tn\\\/fr\\\/#organization\"},\"potentialAction\":[{\"@type\":\"SearchAction\",\"target\":{\"@type\":\"EntryPoint\",\"urlTemplate\":\"https:\\\/\\\/www.webdo.tn\\\/fr\\\/?s={search_term_string}\"},\"query-input\":{\"@type\":\"PropertyValueSpecification\",\"valueRequired\":true,\"valueName\":\"search_term_string\"}}],\"inLanguage\":\"fr-FR\"},{\"@type\":\"Organization\",\"@id\":\"https:\\\/\\\/www.webdo.tn\\\/fr\\\/#organization\",\"name\":\"Webdo\",\"alternateName\":\"Webdo.tn\",\"url\":\"https:\\\/\\\/www.webdo.tn\\\/fr\\\/\",\"logo\":{\"@type\":\"ImageObject\",\"inLanguage\":\"fr-FR\",\"@id\":\"https:\\\/\\\/www.webdo.tn\\\/fr\\\/#\\\/schema\\\/logo\\\/image\\\/\",\"url\":\"https:\\\/\\\/www.webdo.tn\\\/fr\\\/wp-content\\\/uploads\\\/2025\\\/06\\\/Webdo-Tunisie_168377.jpg\",\"contentUrl\":\"https:\\\/\\\/www.webdo.tn\\\/fr\\\/wp-content\\\/uploads\\\/2025\\\/06\\\/Webdo-Tunisie_168377.jpg\",\"width\":301,\"height\":301,\"caption\":\"Webdo\"},\"image\":{\"@id\":\"https:\\\/\\\/www.webdo.tn\\\/fr\\\/#\\\/schema\\\/logo\\\/image\\\/\"},\"sameAs\":[\"https:\\\/\\\/www.facebook.com\\\/webdotn\",\"https:\\\/\\\/x.com\\\/webdo_tn\"],\"description\":\"Webdo est un m\u00e9dia num\u00e9rique tunisien fond\u00e9 en 2010, sp\u00e9cialis\u00e9 dans l\u2019actualit\u00e9 nationale et internationale, l\u2019\u00e9conomie, la soci\u00e9t\u00e9 et les analyses politiques. Le site s\u2019adresse \u00e0 un large public francophone et couvre l\u2019information tunisienne en temps r\u00e9el.\",\"email\":\"redac@webdo.tn\",\"legalName\":\"YNJ SARL\",\"foundingDate\":\"2010-09-06\",\"numberOfEmployees\":{\"@type\":\"QuantitativeValue\",\"minValue\":\"11\",\"maxValue\":\"50\"}},{\"@type\":\"Person\",\"@id\":\"https:\\\/\\\/www.webdo.tn\\\/fr\\\/#\\\/schema\\\/person\\\/6bc0beba2cd23aec27cb5df85ca2554f\",\"name\":\"Hatem Bourial\",\"image\":{\"@type\":\"ImageObject\",\"inLanguage\":\"fr-FR\",\"@id\":\"https:\\\/\\\/www.webdo.tn\\\/fr\\\/wp-content\\\/uploads\\\/2026\\\/04\\\/hatem-bourial_avatar-96x96.jpg\",\"url\":\"https:\\\/\\\/www.webdo.tn\\\/fr\\\/wp-content\\\/uploads\\\/2026\\\/04\\\/hatem-bourial_avatar-96x96.jpg\",\"contentUrl\":\"https:\\\/\\\/www.webdo.tn\\\/fr\\\/wp-content\\\/uploads\\\/2026\\\/04\\\/hatem-bourial_avatar-96x96.jpg\",\"caption\":\"Hatem Bourial\"},\"description\":\"Hatem Bourial est journaliste, \u00e9crivain et chroniqueur tunisien. Actif depuis plusieurs d\u00e9cennies, il s\u2019est impos\u00e9 comme un observateur attentif de la soci\u00e9t\u00e9 tunisienne, m\u00ealant dans ses \u00e9crits m\u00e9moire, culture et analyse du quotidien. Auteur de nombreux ouvrages, il d\u00e9veloppe une \u0153uvre \u00e0 la crois\u00e9e du r\u00e9cit, de la po\u00e9sie et de l\u2019observation sociologique. Parall\u00e8lement \u00e0 ses contributions dans la presse, il intervient r\u00e9guli\u00e8rement \u00e0 la radio et dans des espaces culturels, o\u00f9 il explore les enjeux li\u00e9s au patrimoine, \u00e0 l\u2019identit\u00e9 et aux transformations du monde contemporain. \u00c0 travers ses chroniques, Hatem Bourial propose une lecture sensible et approfondie de l\u2019actualit\u00e9, nourrie par une exp\u00e9rience journalistique et litt\u00e9raire reconnue. \ud83d\udd17 Facebook : https:\\\/\\\/www.facebook.com\\\/hatem.bourial.2025\",\"sameAs\":[\"https:\\\/\\\/www.facebook.com\\\/hatem.bourial.2025\",\"https:\\\/\\\/fr.wikipedia.org\\\/wiki\\\/Fichier:Hatem_Bourial.jpg\"],\"knowsAbout\":[\"Culture & patrimoine tunisien\",\"Chronique soci\u00e9tale\",\"Litt\u00e9rature & m\u00e9moire\",\"Cin\u00e9ma & critique culturelle\",\"Identit\u00e9 & mutations sociales\"],\"knowsLanguage\":[\"Arabe\",\"Fran\u00e7ais\",\"Anglais\",\"Italien\",\"Polonais\"],\"jobTitle\":\"Journaliste, \u00e9crivain et chroniqueur culturel\",\"worksFor\":\"Webdo\",\"url\":\"https:\\\/\\\/www.webdo.tn\\\/fr\\\/actualite\\\/author\\\/hatem-bourial-2\\\/\"}]}<\/script>\n<!-- \/ Yoast SEO Premium plugin. -->","yoast_head_json":{"title":"La m\u00e9moire des premiers diplomates fran\u00e7ais en Tunisie","description":"La m\u00e9moire des premiers diplomates fran\u00e7ais en Tunisie","canonical":"https:\/\/www.webdo.tn\/fr\/actualite\/chroniques\/memoire-premiers-diplomates-francais-tunisie\/187135\/","og_locale":"fr_FR","og_type":"article","og_title":"La m\u00e9moire des premiers diplomates fran\u00e7ais en Tunisie","og_description":"La m\u00e9moire des premiers diplomates fran\u00e7ais en Tunisie","og_url":"https:\/\/www.webdo.tn\/fr\/actualite\/chroniques\/memoire-premiers-diplomates-francais-tunisie\/187135\/","og_site_name":"webdo","article_publisher":"https:\/\/www.facebook.com\/webdotn","article_author":"https:\/\/www.facebook.com\/hatem.bourial.2025","article_published_time":"2016-07-16T07:00:00+00:00","og_image":[{"width":300,"height":182,"url":"https:\/\/www.webdo.tn\/fr\/wp-content\/uploads\/2016\/07\/Porte-de-France-3-300x182-1.jpg","type":"image\/jpeg"}],"author":"Hatem Bourial","twitter_card":"summary_large_image","twitter_creator":"@webdo_tn","twitter_site":"@webdo_tn","twitter_misc":{"\u00c9crit par":"Hatem Bourial","Dur\u00e9e de lecture estim\u00e9e":"4 minutes"},"schema":{"@context":"https:\/\/schema.org","@graph":[{"@type":"NewsArticle","@id":"https:\/\/www.webdo.tn\/fr\/actualite\/chroniques\/memoire-premiers-diplomates-francais-tunisie\/187135\/#article","isPartOf":{"@id":"https:\/\/www.webdo.tn\/fr\/actualite\/chroniques\/memoire-premiers-diplomates-francais-tunisie\/187135\/"},"author":{"name":"Hatem Bourial","@id":"https:\/\/www.webdo.tn\/fr\/#\/schema\/person\/6bc0beba2cd23aec27cb5df85ca2554f"},"headline":"La m\u00e9moire des premiers diplomates fran\u00e7ais en Tunisie","datePublished":"2016-07-16T07:00:00+00:00","mainEntityOfPage":{"@id":"https:\/\/www.webdo.tn\/fr\/actualite\/chroniques\/memoire-premiers-diplomates-francais-tunisie\/187135\/"},"wordCount":778,"commentCount":0,"publisher":{"@id":"https:\/\/www.webdo.tn\/fr\/#organization"},"image":{"@id":"https:\/\/www.webdo.tn\/fr\/actualite\/chroniques\/memoire-premiers-diplomates-francais-tunisie\/187135\/#primaryimage"},"thumbnailUrl":"https:\/\/www.webdo.tn\/fr\/wp-content\/uploads\/2016\/07\/Porte-de-France-3-300x182-1.jpg","keywords":["guerre"],"articleSection":["Chroniques"],"inLanguage":"fr-FR"},{"@type":"WebPage","@id":"https:\/\/www.webdo.tn\/fr\/actualite\/chroniques\/memoire-premiers-diplomates-francais-tunisie\/187135\/","url":"https:\/\/www.webdo.tn\/fr\/actualite\/chroniques\/memoire-premiers-diplomates-francais-tunisie\/187135\/","name":"La m\u00e9moire des premiers diplomates fran\u00e7ais en Tunisie","isPartOf":{"@id":"https:\/\/www.webdo.tn\/fr\/#website"},"primaryImageOfPage":{"@id":"https:\/\/www.webdo.tn\/fr\/actualite\/chroniques\/memoire-premiers-diplomates-francais-tunisie\/187135\/#primaryimage"},"image":{"@id":"https:\/\/www.webdo.tn\/fr\/actualite\/chroniques\/memoire-premiers-diplomates-francais-tunisie\/187135\/#primaryimage"},"thumbnailUrl":"https:\/\/www.webdo.tn\/fr\/wp-content\/uploads\/2016\/07\/Porte-de-France-3-300x182-1.jpg","datePublished":"2016-07-16T07:00:00+00:00","description":"La m\u00e9moire des premiers diplomates fran\u00e7ais en Tunisie","breadcrumb":{"@id":"https:\/\/www.webdo.tn\/fr\/actualite\/chroniques\/memoire-premiers-diplomates-francais-tunisie\/187135\/#breadcrumb"},"inLanguage":"fr-FR","potentialAction":[{"@type":"ReadAction","target":["https:\/\/www.webdo.tn\/fr\/actualite\/chroniques\/memoire-premiers-diplomates-francais-tunisie\/187135\/"]}]},{"@type":"ImageObject","inLanguage":"fr-FR","@id":"https:\/\/www.webdo.tn\/fr\/actualite\/chroniques\/memoire-premiers-diplomates-francais-tunisie\/187135\/#primaryimage","url":"https:\/\/www.webdo.tn\/fr\/wp-content\/uploads\/2016\/07\/Porte-de-France-3-300x182-1.jpg","contentUrl":"https:\/\/www.webdo.tn\/fr\/wp-content\/uploads\/2016\/07\/Porte-de-France-3-300x182-1.jpg","width":300,"height":182,"caption":"La m\u00e9moire des premiers diplomates fran\u00e7ais en Tunisie"},{"@type":"BreadcrumbList","@id":"https:\/\/www.webdo.tn\/fr\/actualite\/chroniques\/memoire-premiers-diplomates-francais-tunisie\/187135\/#breadcrumb","itemListElement":[{"@type":"ListItem","position":1,"name":"Accueil","item":"https:\/\/www.webdo.tn\/fr\/"},{"@type":"ListItem","position":2,"name":"La m\u00e9moire des premiers diplomates fran\u00e7ais en Tunisie"}]},{"@type":"WebSite","@id":"https:\/\/www.webdo.tn\/fr\/#website","url":"https:\/\/www.webdo.tn\/fr\/","name":"webdo","description":"Tunisie - News en Tunisie et \u00e0 l&#039;international sur Webdo.tn","publisher":{"@id":"https:\/\/www.webdo.tn\/fr\/#organization"},"potentialAction":[{"@type":"SearchAction","target":{"@type":"EntryPoint","urlTemplate":"https:\/\/www.webdo.tn\/fr\/?s={search_term_string}"},"query-input":{"@type":"PropertyValueSpecification","valueRequired":true,"valueName":"search_term_string"}}],"inLanguage":"fr-FR"},{"@type":"Organization","@id":"https:\/\/www.webdo.tn\/fr\/#organization","name":"Webdo","alternateName":"Webdo.tn","url":"https:\/\/www.webdo.tn\/fr\/","logo":{"@type":"ImageObject","inLanguage":"fr-FR","@id":"https:\/\/www.webdo.tn\/fr\/#\/schema\/logo\/image\/","url":"https:\/\/www.webdo.tn\/fr\/wp-content\/uploads\/2025\/06\/Webdo-Tunisie_168377.jpg","contentUrl":"https:\/\/www.webdo.tn\/fr\/wp-content\/uploads\/2025\/06\/Webdo-Tunisie_168377.jpg","width":301,"height":301,"caption":"Webdo"},"image":{"@id":"https:\/\/www.webdo.tn\/fr\/#\/schema\/logo\/image\/"},"sameAs":["https:\/\/www.facebook.com\/webdotn","https:\/\/x.com\/webdo_tn"],"description":"Webdo est un m\u00e9dia num\u00e9rique tunisien fond\u00e9 en 2010, sp\u00e9cialis\u00e9 dans l\u2019actualit\u00e9 nationale et internationale, l\u2019\u00e9conomie, la soci\u00e9t\u00e9 et les analyses politiques. Le site s\u2019adresse \u00e0 un large public francophone et couvre l\u2019information tunisienne en temps r\u00e9el.","email":"redac@webdo.tn","legalName":"YNJ SARL","foundingDate":"2010-09-06","numberOfEmployees":{"@type":"QuantitativeValue","minValue":"11","maxValue":"50"}},{"@type":"Person","@id":"https:\/\/www.webdo.tn\/fr\/#\/schema\/person\/6bc0beba2cd23aec27cb5df85ca2554f","name":"Hatem Bourial","image":{"@type":"ImageObject","inLanguage":"fr-FR","@id":"https:\/\/www.webdo.tn\/fr\/wp-content\/uploads\/2026\/04\/hatem-bourial_avatar-96x96.jpg","url":"https:\/\/www.webdo.tn\/fr\/wp-content\/uploads\/2026\/04\/hatem-bourial_avatar-96x96.jpg","contentUrl":"https:\/\/www.webdo.tn\/fr\/wp-content\/uploads\/2026\/04\/hatem-bourial_avatar-96x96.jpg","caption":"Hatem Bourial"},"description":"Hatem Bourial est journaliste, \u00e9crivain et chroniqueur tunisien. Actif depuis plusieurs d\u00e9cennies, il s\u2019est impos\u00e9 comme un observateur attentif de la soci\u00e9t\u00e9 tunisienne, m\u00ealant dans ses \u00e9crits m\u00e9moire, culture et analyse du quotidien. Auteur de nombreux ouvrages, il d\u00e9veloppe une \u0153uvre \u00e0 la crois\u00e9e du r\u00e9cit, de la po\u00e9sie et de l\u2019observation sociologique. Parall\u00e8lement \u00e0 ses contributions dans la presse, il intervient r\u00e9guli\u00e8rement \u00e0 la radio et dans des espaces culturels, o\u00f9 il explore les enjeux li\u00e9s au patrimoine, \u00e0 l\u2019identit\u00e9 et aux transformations du monde contemporain. \u00c0 travers ses chroniques, Hatem Bourial propose une lecture sensible et approfondie de l\u2019actualit\u00e9, nourrie par une exp\u00e9rience journalistique et litt\u00e9raire reconnue. \ud83d\udd17 Facebook : https:\/\/www.facebook.com\/hatem.bourial.2025","sameAs":["https:\/\/www.facebook.com\/hatem.bourial.2025","https:\/\/fr.wikipedia.org\/wiki\/Fichier:Hatem_Bourial.jpg"],"knowsAbout":["Culture & patrimoine tunisien","Chronique soci\u00e9tale","Litt\u00e9rature & m\u00e9moire","Cin\u00e9ma & critique culturelle","Identit\u00e9 & mutations sociales"],"knowsLanguage":["Arabe","Fran\u00e7ais","Anglais","Italien","Polonais"],"jobTitle":"Journaliste, \u00e9crivain et chroniqueur culturel","worksFor":"Webdo","url":"https:\/\/www.webdo.tn\/fr\/actualite\/author\/hatem-bourial-2\/"}]}},"_links":{"self":[{"href":"https:\/\/www.webdo.tn\/fr\/wp-json\/wp\/v2\/posts\/187135","targetHints":{"allow":["GET"]}}],"collection":[{"href":"https:\/\/www.webdo.tn\/fr\/wp-json\/wp\/v2\/posts"}],"about":[{"href":"https:\/\/www.webdo.tn\/fr\/wp-json\/wp\/v2\/types\/post"}],"author":[{"embeddable":true,"href":"https:\/\/www.webdo.tn\/fr\/wp-json\/wp\/v2\/users\/3229"}],"replies":[{"embeddable":true,"href":"https:\/\/www.webdo.tn\/fr\/wp-json\/wp\/v2\/comments?post=187135"}],"version-history":[{"count":0,"href":"https:\/\/www.webdo.tn\/fr\/wp-json\/wp\/v2\/posts\/187135\/revisions"}],"wp:featuredmedia":[{"embeddable":true,"href":"https:\/\/www.webdo.tn\/fr\/wp-json\/wp\/v2\/media\/337592"}],"wp:attachment":[{"href":"https:\/\/www.webdo.tn\/fr\/wp-json\/wp\/v2\/media?parent=187135"}],"wp:term":[{"taxonomy":"category","embeddable":true,"href":"https:\/\/www.webdo.tn\/fr\/wp-json\/wp\/v2\/categories?post=187135"},{"taxonomy":"post_tag","embeddable":true,"href":"https:\/\/www.webdo.tn\/fr\/wp-json\/wp\/v2\/tags?post=187135"}],"curies":[{"name":"wp","href":"https:\/\/api.w.org\/{rel}","templated":true}]}}