{"id":187130,"date":"2016-07-12T07:00:00","date_gmt":"2016-07-12T07:00:00","guid":{"rendered":"https:\/\/www.webdo.tn\/fr\/blog\/carnot-fallieres-loubet-cambon-souvenir-de-quelques-ecoles-tunisoises\/187130\/"},"modified":"2025-05-19T09:38:32","modified_gmt":"2025-05-19T09:38:32","slug":"carnot-fallieres-loubet-cambon-souvenir-de-quelques-ecoles-tunisoises","status":"publish","type":"post","link":"https:\/\/www.webdo.tn\/fr\/actualite\/chroniques\/carnot-fallieres-loubet-cambon-souvenir-de-quelques-ecoles-tunisoises\/187130\/","title":{"rendered":"Carnot, Falli\u00e8res, Loubet, Cambon : Le souvenir de quelques \u00e9coles tunisoises"},"content":{"rendered":"<p>Qu&rsquo;on ne me demande pas d&rsquo;\u00eatre exhaustif ! Car, en la mati\u00e8re, les commentaires des amis lecteurs sauront combler les vides et ouvrir de multiples perspectives&#8230;<\/p>\n<p>Je suis un ancien du lyc\u00e9e Carnot de Tunis et je pourrais vous raconter la petite histoire de cet \u00e9tablissement fond\u00e9 en 1882 et qui, avec le coll\u00e8ge Sadiki, compte parmi les plus anciennes \u00e9coles de la capitale.<br \/>\nBribes d&rsquo;\u00e9coles oubli\u00e9es<br \/>\nJe me contenterai plut\u00f4t de quelques touches impressionnistes pour retrouver ne serait-ce que la trace de certains \u00e9tablissements scolaires qui pour les uns existent encore sous un autre nom et pour les autres ont disparu dans les soubresauts de l&rsquo;histoire.<\/p>\n<p>Ainsi en est-il du Liceo Ginnasiale Italiano, le lyc\u00e9e italien de Bab Djedid n\u00e9 en 1887 et aujourd&rsquo;hui disparu.<br \/>\nRue de Russie, lyc\u00e9e technique, rue de Marseille&#8230;<br \/>\nPlusieurs lyc\u00e9es et \u00e9coles ont vu le jour \u00e0 cette p\u00e9riode. Citons le lyc\u00e9e de jeunes filles de la rue de Russie, fond\u00e9 en 1891, qui porta le nom d&rsquo;Armand Falli\u00e8res..<\/p>\n<p>Citons aussi l&rsquo;\u00e9cole professionnelle Emile Loubet fond\u00e9e en 1903 et devenue aujourd&rsquo;hui le lyc\u00e9e technique de Bab El Allouj.<\/p>\n<p>Citons \u00e9galement le coll\u00e8ge Paul Cambon, cr\u00e9\u00e9 en 1914, et devenu de nos jours le lyc\u00e9e de la rue de Marseille.<br \/>\nDe Saint-Charles \u00e0 Bourguiba<br \/>\nQuant au lyc\u00e9e Carnot, s&rsquo;il fut cr\u00e9\u00e9 en 1882 sous le nom coll\u00e8ge Saint-Charles, il ne prendra le nom de Carnot qu&rsquo;en 1898. De nos jours, ce lyc\u00e9e porte le nom de Bourguiba.<\/p>\n<p>Bien s\u00fbr, la chronique de ces nombreux lyc\u00e9es reste \u00e0 \u00e9crire. Toutefois, les \u00e9voquer rafra\u00eechit notre m\u00e9moire et les rappelle \u00e0 notre bon souvenir&#8230;<br \/>\nH.B.<\/p>\n","protected":false},"excerpt":{"rendered":"<p>Carnot, Falli\u00e8res, Loubet, Cambon : Le souvenir de quelques \u00e9coles tunisoises<\/p>\n","protected":false},"author":3229,"featured_media":372521,"comment_status":"open","ping_status":"closed","sticky":false,"template":"","format":"standard","meta":{"footnotes":""},"categories":[2596],"tags":[2600],"class_list":["post-187130","post","type-post","status-publish","format-standard","has-post-thumbnail","hentry","category-chroniques","tag-guerre"],"yoast_head":"<!-- This site is optimized with the Yoast SEO Premium plugin v27.5 (Yoast SEO v27.5) - https:\/\/yoast.com\/product\/yoast-seo-premium-wordpress\/ -->\n<title>Carnot, Falli\u00e8res, Loubet, Cambon : Le souvenir de quelques \u00e9coles tunisoises<\/title>\n<meta name=\"description\" content=\"Carnot, Falli\u00e8res, Loubet, Cambon : Le souvenir de quelques \u00e9coles tunisoises\" \/>\n<link rel=\"canonical\" href=\"https:\/\/www.webdo.tn\/fr\/actualite\/chroniques\/carnot-fallieres-loubet-cambon-souvenir-de-quelques-ecoles-tunisoises\/187130\/\" \/>\n<meta property=\"og:locale\" content=\"fr_FR\" \/>\n<meta property=\"og:type\" content=\"article\" \/>\n<meta property=\"og:title\" content=\"Carnot, Falli\u00e8res, Loubet, Cambon : Le souvenir de quelques \u00e9coles tunisoises\" \/>\n<meta property=\"og:description\" content=\"Carnot, Falli\u00e8res, Loubet, Cambon : Le souvenir de quelques \u00e9coles tunisoises\" \/>\n<meta property=\"og:url\" content=\"https:\/\/www.webdo.tn\/fr\/actualite\/chroniques\/carnot-fallieres-loubet-cambon-souvenir-de-quelques-ecoles-tunisoises\/187130\/\" \/>\n<meta property=\"og:site_name\" content=\"webdo\" \/>\n<meta property=\"article:publisher\" content=\"https:\/\/www.facebook.com\/webdotn\" \/>\n<meta property=\"article:author\" content=\"https:\/\/www.facebook.com\/hatem.bourial.2025\" \/>\n<meta property=\"article:published_time\" content=\"2016-07-12T07:00:00+00:00\" \/>\n<meta property=\"article:modified_time\" content=\"2025-05-19T09:38:32+00:00\" \/>\n<meta name=\"author\" content=\"Hatem Bourial\" \/>\n<meta name=\"twitter:card\" content=\"summary_large_image\" \/>\n<meta name=\"twitter:creator\" content=\"@webdo_tn\" \/>\n<meta name=\"twitter:site\" content=\"@webdo_tn\" \/>\n<meta name=\"twitter:label1\" content=\"\u00c9crit par\" \/>\n\t<meta name=\"twitter:data1\" content=\"Hatem Bourial\" \/>\n\t<meta name=\"twitter:label2\" content=\"Dur\u00e9e de lecture estim\u00e9e\" \/>\n\t<meta name=\"twitter:data2\" content=\"1 minute\" \/>\n<script type=\"application\/ld+json\" class=\"yoast-schema-graph\">{\"@context\":\"https:\\\/\\\/schema.org\",\"@graph\":[{\"@type\":\"NewsArticle\",\"@id\":\"https:\\\/\\\/www.webdo.tn\\\/fr\\\/actualite\\\/chroniques\\\/carnot-fallieres-loubet-cambon-souvenir-de-quelques-ecoles-tunisoises\\\/187130\\\/#article\",\"isPartOf\":{\"@id\":\"https:\\\/\\\/www.webdo.tn\\\/fr\\\/actualite\\\/chroniques\\\/carnot-fallieres-loubet-cambon-souvenir-de-quelques-ecoles-tunisoises\\\/187130\\\/\"},\"author\":{\"name\":\"Hatem Bourial\",\"@id\":\"https:\\\/\\\/www.webdo.tn\\\/fr\\\/#\\\/schema\\\/person\\\/6bc0beba2cd23aec27cb5df85ca2554f\"},\"headline\":\"Carnot, Falli\u00e8res, Loubet, Cambon : Le souvenir de quelques \u00e9coles tunisoises\",\"datePublished\":\"2016-07-12T07:00:00+00:00\",\"dateModified\":\"2025-05-19T09:38:32+00:00\",\"mainEntityOfPage\":{\"@id\":\"https:\\\/\\\/www.webdo.tn\\\/fr\\\/actualite\\\/chroniques\\\/carnot-fallieres-loubet-cambon-souvenir-de-quelques-ecoles-tunisoises\\\/187130\\\/\"},\"wordCount\":299,\"commentCount\":0,\"publisher\":{\"@id\":\"https:\\\/\\\/www.webdo.tn\\\/fr\\\/#organization\"},\"image\":{\"@id\":\"https:\\\/\\\/www.webdo.tn\\\/fr\\\/actualite\\\/chroniques\\\/carnot-fallieres-loubet-cambon-souvenir-de-quelques-ecoles-tunisoises\\\/187130\\\/#primaryimage\"},\"thumbnailUrl\":\"https:\\\/\\\/www.webdo.tn\\\/fr\\\/wp-content\\\/uploads\\\/2025\\\/06\\\/Lycee-Carnot-photo-yadvashem.org__187130.jpg\",\"keywords\":[\"guerre\"],\"articleSection\":[\"Chroniques\"],\"inLanguage\":\"fr-FR\"},{\"@type\":\"WebPage\",\"@id\":\"https:\\\/\\\/www.webdo.tn\\\/fr\\\/actualite\\\/chroniques\\\/carnot-fallieres-loubet-cambon-souvenir-de-quelques-ecoles-tunisoises\\\/187130\\\/\",\"url\":\"https:\\\/\\\/www.webdo.tn\\\/fr\\\/actualite\\\/chroniques\\\/carnot-fallieres-loubet-cambon-souvenir-de-quelques-ecoles-tunisoises\\\/187130\\\/\",\"name\":\"Carnot, Falli\u00e8res, Loubet, Cambon : Le souvenir de quelques \u00e9coles tunisoises\",\"isPartOf\":{\"@id\":\"https:\\\/\\\/www.webdo.tn\\\/fr\\\/#website\"},\"primaryImageOfPage\":{\"@id\":\"https:\\\/\\\/www.webdo.tn\\\/fr\\\/actualite\\\/chroniques\\\/carnot-fallieres-loubet-cambon-souvenir-de-quelques-ecoles-tunisoises\\\/187130\\\/#primaryimage\"},\"image\":{\"@id\":\"https:\\\/\\\/www.webdo.tn\\\/fr\\\/actualite\\\/chroniques\\\/carnot-fallieres-loubet-cambon-souvenir-de-quelques-ecoles-tunisoises\\\/187130\\\/#primaryimage\"},\"thumbnailUrl\":\"https:\\\/\\\/www.webdo.tn\\\/fr\\\/wp-content\\\/uploads\\\/2025\\\/06\\\/Lycee-Carnot-photo-yadvashem.org__187130.jpg\",\"datePublished\":\"2016-07-12T07:00:00+00:00\",\"dateModified\":\"2025-05-19T09:38:32+00:00\",\"description\":\"Carnot, Falli\u00e8res, Loubet, Cambon : Le souvenir de quelques \u00e9coles tunisoises\",\"breadcrumb\":{\"@id\":\"https:\\\/\\\/www.webdo.tn\\\/fr\\\/actualite\\\/chroniques\\\/carnot-fallieres-loubet-cambon-souvenir-de-quelques-ecoles-tunisoises\\\/187130\\\/#breadcrumb\"},\"inLanguage\":\"fr-FR\",\"potentialAction\":[{\"@type\":\"ReadAction\",\"target\":[\"https:\\\/\\\/www.webdo.tn\\\/fr\\\/actualite\\\/chroniques\\\/carnot-fallieres-loubet-cambon-souvenir-de-quelques-ecoles-tunisoises\\\/187130\\\/\"]}]},{\"@type\":\"ImageObject\",\"inLanguage\":\"fr-FR\",\"@id\":\"https:\\\/\\\/www.webdo.tn\\\/fr\\\/actualite\\\/chroniques\\\/carnot-fallieres-loubet-cambon-souvenir-de-quelques-ecoles-tunisoises\\\/187130\\\/#primaryimage\",\"url\":\"https:\\\/\\\/www.webdo.tn\\\/fr\\\/wp-content\\\/uploads\\\/2025\\\/06\\\/Lycee-Carnot-photo-yadvashem.org__187130.jpg\",\"contentUrl\":\"https:\\\/\\\/www.webdo.tn\\\/fr\\\/wp-content\\\/uploads\\\/2025\\\/06\\\/Lycee-Carnot-photo-yadvashem.org__187130.jpg\",\"width\":296,\"height\":200,\"caption\":\"Carnot, Falli\u00e8res, Loubet, Cambon : Le souvenir de quelques \u00e9coles tunisoises\"},{\"@type\":\"BreadcrumbList\",\"@id\":\"https:\\\/\\\/www.webdo.tn\\\/fr\\\/actualite\\\/chroniques\\\/carnot-fallieres-loubet-cambon-souvenir-de-quelques-ecoles-tunisoises\\\/187130\\\/#breadcrumb\",\"itemListElement\":[{\"@type\":\"ListItem\",\"position\":1,\"name\":\"Accueil\",\"item\":\"https:\\\/\\\/www.webdo.tn\\\/fr\\\/\"},{\"@type\":\"ListItem\",\"position\":2,\"name\":\"Carnot, Falli\u00e8res, Loubet, Cambon : Le souvenir de quelques \u00e9coles tunisoises\"}]},{\"@type\":\"WebSite\",\"@id\":\"https:\\\/\\\/www.webdo.tn\\\/fr\\\/#website\",\"url\":\"https:\\\/\\\/www.webdo.tn\\\/fr\\\/\",\"name\":\"webdo\",\"description\":\"Tunisie - News en Tunisie et \u00e0 l&#039;international sur Webdo.tn\",\"publisher\":{\"@id\":\"https:\\\/\\\/www.webdo.tn\\\/fr\\\/#organization\"},\"potentialAction\":[{\"@type\":\"SearchAction\",\"target\":{\"@type\":\"EntryPoint\",\"urlTemplate\":\"https:\\\/\\\/www.webdo.tn\\\/fr\\\/?s={search_term_string}\"},\"query-input\":{\"@type\":\"PropertyValueSpecification\",\"valueRequired\":true,\"valueName\":\"search_term_string\"}}],\"inLanguage\":\"fr-FR\"},{\"@type\":\"Organization\",\"@id\":\"https:\\\/\\\/www.webdo.tn\\\/fr\\\/#organization\",\"name\":\"Webdo\",\"alternateName\":\"Webdo.tn\",\"url\":\"https:\\\/\\\/www.webdo.tn\\\/fr\\\/\",\"logo\":{\"@type\":\"ImageObject\",\"inLanguage\":\"fr-FR\",\"@id\":\"https:\\\/\\\/www.webdo.tn\\\/fr\\\/#\\\/schema\\\/logo\\\/image\\\/\",\"url\":\"https:\\\/\\\/www.webdo.tn\\\/fr\\\/wp-content\\\/uploads\\\/2025\\\/06\\\/Webdo-Tunisie_168377.jpg\",\"contentUrl\":\"https:\\\/\\\/www.webdo.tn\\\/fr\\\/wp-content\\\/uploads\\\/2025\\\/06\\\/Webdo-Tunisie_168377.jpg\",\"width\":301,\"height\":301,\"caption\":\"Webdo\"},\"image\":{\"@id\":\"https:\\\/\\\/www.webdo.tn\\\/fr\\\/#\\\/schema\\\/logo\\\/image\\\/\"},\"sameAs\":[\"https:\\\/\\\/www.facebook.com\\\/webdotn\",\"https:\\\/\\\/x.com\\\/webdo_tn\"],\"description\":\"Webdo est un m\u00e9dia num\u00e9rique tunisien fond\u00e9 en 2010, sp\u00e9cialis\u00e9 dans l\u2019actualit\u00e9 nationale et internationale, l\u2019\u00e9conomie, la soci\u00e9t\u00e9 et les analyses politiques. Le site s\u2019adresse \u00e0 un large public francophone et couvre l\u2019information tunisienne en temps r\u00e9el.\",\"email\":\"redac@webdo.tn\",\"legalName\":\"YNJ SARL\",\"foundingDate\":\"2010-09-06\",\"numberOfEmployees\":{\"@type\":\"QuantitativeValue\",\"minValue\":\"11\",\"maxValue\":\"50\"}},{\"@type\":\"Person\",\"@id\":\"https:\\\/\\\/www.webdo.tn\\\/fr\\\/#\\\/schema\\\/person\\\/6bc0beba2cd23aec27cb5df85ca2554f\",\"name\":\"Hatem Bourial\",\"image\":{\"@type\":\"ImageObject\",\"inLanguage\":\"fr-FR\",\"@id\":\"https:\\\/\\\/www.webdo.tn\\\/fr\\\/wp-content\\\/uploads\\\/2026\\\/04\\\/hatem-bourial_avatar-96x96.jpg\",\"url\":\"https:\\\/\\\/www.webdo.tn\\\/fr\\\/wp-content\\\/uploads\\\/2026\\\/04\\\/hatem-bourial_avatar-96x96.jpg\",\"contentUrl\":\"https:\\\/\\\/www.webdo.tn\\\/fr\\\/wp-content\\\/uploads\\\/2026\\\/04\\\/hatem-bourial_avatar-96x96.jpg\",\"caption\":\"Hatem Bourial\"},\"description\":\"Hatem Bourial est journaliste, \u00e9crivain et chroniqueur tunisien. Actif depuis plusieurs d\u00e9cennies, il s\u2019est impos\u00e9 comme un observateur attentif de la soci\u00e9t\u00e9 tunisienne, m\u00ealant dans ses \u00e9crits m\u00e9moire, culture et analyse du quotidien. Auteur de nombreux ouvrages, il d\u00e9veloppe une \u0153uvre \u00e0 la crois\u00e9e du r\u00e9cit, de la po\u00e9sie et de l\u2019observation sociologique. Parall\u00e8lement \u00e0 ses contributions dans la presse, il intervient r\u00e9guli\u00e8rement \u00e0 la radio et dans des espaces culturels, o\u00f9 il explore les enjeux li\u00e9s au patrimoine, \u00e0 l\u2019identit\u00e9 et aux transformations du monde contemporain. \u00c0 travers ses chroniques, Hatem Bourial propose une lecture sensible et approfondie de l\u2019actualit\u00e9, nourrie par une exp\u00e9rience journalistique et litt\u00e9raire reconnue. \ud83d\udd17 Facebook : https:\\\/\\\/www.facebook.com\\\/hatem.bourial.2025\",\"sameAs\":[\"https:\\\/\\\/www.facebook.com\\\/hatem.bourial.2025\",\"https:\\\/\\\/fr.wikipedia.org\\\/wiki\\\/Fichier:Hatem_Bourial.jpg\"],\"knowsAbout\":[\"Culture & patrimoine tunisien\",\"Chronique soci\u00e9tale\",\"Litt\u00e9rature & m\u00e9moire\",\"Cin\u00e9ma & critique culturelle\",\"Identit\u00e9 & mutations sociales\"],\"knowsLanguage\":[\"Arabe\",\"Fran\u00e7ais\",\"Anglais\",\"Italien\",\"Polonais\"],\"jobTitle\":\"Journaliste, \u00e9crivain et chroniqueur culturel\",\"worksFor\":\"Webdo\",\"url\":\"https:\\\/\\\/www.webdo.tn\\\/fr\\\/actualite\\\/author\\\/hatem-bourial-2\\\/\"}]}<\/script>\n<!-- \/ Yoast SEO Premium plugin. -->","yoast_head_json":{"title":"Carnot, Falli\u00e8res, Loubet, Cambon : Le souvenir de quelques \u00e9coles tunisoises","description":"Carnot, Falli\u00e8res, Loubet, Cambon : Le souvenir de quelques \u00e9coles tunisoises","canonical":"https:\/\/www.webdo.tn\/fr\/actualite\/chroniques\/carnot-fallieres-loubet-cambon-souvenir-de-quelques-ecoles-tunisoises\/187130\/","og_locale":"fr_FR","og_type":"article","og_title":"Carnot, Falli\u00e8res, Loubet, Cambon : Le souvenir de quelques \u00e9coles tunisoises","og_description":"Carnot, Falli\u00e8res, Loubet, Cambon : Le souvenir de quelques \u00e9coles tunisoises","og_url":"https:\/\/www.webdo.tn\/fr\/actualite\/chroniques\/carnot-fallieres-loubet-cambon-souvenir-de-quelques-ecoles-tunisoises\/187130\/","og_site_name":"webdo","article_publisher":"https:\/\/www.facebook.com\/webdotn","article_author":"https:\/\/www.facebook.com\/hatem.bourial.2025","article_published_time":"2016-07-12T07:00:00+00:00","article_modified_time":"2025-05-19T09:38:32+00:00","author":"Hatem Bourial","twitter_card":"summary_large_image","twitter_creator":"@webdo_tn","twitter_site":"@webdo_tn","twitter_misc":{"\u00c9crit par":"Hatem Bourial","Dur\u00e9e de lecture estim\u00e9e":"1 minute"},"schema":{"@context":"https:\/\/schema.org","@graph":[{"@type":"NewsArticle","@id":"https:\/\/www.webdo.tn\/fr\/actualite\/chroniques\/carnot-fallieres-loubet-cambon-souvenir-de-quelques-ecoles-tunisoises\/187130\/#article","isPartOf":{"@id":"https:\/\/www.webdo.tn\/fr\/actualite\/chroniques\/carnot-fallieres-loubet-cambon-souvenir-de-quelques-ecoles-tunisoises\/187130\/"},"author":{"name":"Hatem Bourial","@id":"https:\/\/www.webdo.tn\/fr\/#\/schema\/person\/6bc0beba2cd23aec27cb5df85ca2554f"},"headline":"Carnot, Falli\u00e8res, Loubet, Cambon : Le souvenir de quelques \u00e9coles tunisoises","datePublished":"2016-07-12T07:00:00+00:00","dateModified":"2025-05-19T09:38:32+00:00","mainEntityOfPage":{"@id":"https:\/\/www.webdo.tn\/fr\/actualite\/chroniques\/carnot-fallieres-loubet-cambon-souvenir-de-quelques-ecoles-tunisoises\/187130\/"},"wordCount":299,"commentCount":0,"publisher":{"@id":"https:\/\/www.webdo.tn\/fr\/#organization"},"image":{"@id":"https:\/\/www.webdo.tn\/fr\/actualite\/chroniques\/carnot-fallieres-loubet-cambon-souvenir-de-quelques-ecoles-tunisoises\/187130\/#primaryimage"},"thumbnailUrl":"https:\/\/www.webdo.tn\/fr\/wp-content\/uploads\/2025\/06\/Lycee-Carnot-photo-yadvashem.org__187130.jpg","keywords":["guerre"],"articleSection":["Chroniques"],"inLanguage":"fr-FR"},{"@type":"WebPage","@id":"https:\/\/www.webdo.tn\/fr\/actualite\/chroniques\/carnot-fallieres-loubet-cambon-souvenir-de-quelques-ecoles-tunisoises\/187130\/","url":"https:\/\/www.webdo.tn\/fr\/actualite\/chroniques\/carnot-fallieres-loubet-cambon-souvenir-de-quelques-ecoles-tunisoises\/187130\/","name":"Carnot, Falli\u00e8res, Loubet, Cambon : Le souvenir de quelques \u00e9coles tunisoises","isPartOf":{"@id":"https:\/\/www.webdo.tn\/fr\/#website"},"primaryImageOfPage":{"@id":"https:\/\/www.webdo.tn\/fr\/actualite\/chroniques\/carnot-fallieres-loubet-cambon-souvenir-de-quelques-ecoles-tunisoises\/187130\/#primaryimage"},"image":{"@id":"https:\/\/www.webdo.tn\/fr\/actualite\/chroniques\/carnot-fallieres-loubet-cambon-souvenir-de-quelques-ecoles-tunisoises\/187130\/#primaryimage"},"thumbnailUrl":"https:\/\/www.webdo.tn\/fr\/wp-content\/uploads\/2025\/06\/Lycee-Carnot-photo-yadvashem.org__187130.jpg","datePublished":"2016-07-12T07:00:00+00:00","dateModified":"2025-05-19T09:38:32+00:00","description":"Carnot, Falli\u00e8res, Loubet, Cambon : Le souvenir de quelques \u00e9coles tunisoises","breadcrumb":{"@id":"https:\/\/www.webdo.tn\/fr\/actualite\/chroniques\/carnot-fallieres-loubet-cambon-souvenir-de-quelques-ecoles-tunisoises\/187130\/#breadcrumb"},"inLanguage":"fr-FR","potentialAction":[{"@type":"ReadAction","target":["https:\/\/www.webdo.tn\/fr\/actualite\/chroniques\/carnot-fallieres-loubet-cambon-souvenir-de-quelques-ecoles-tunisoises\/187130\/"]}]},{"@type":"ImageObject","inLanguage":"fr-FR","@id":"https:\/\/www.webdo.tn\/fr\/actualite\/chroniques\/carnot-fallieres-loubet-cambon-souvenir-de-quelques-ecoles-tunisoises\/187130\/#primaryimage","url":"https:\/\/www.webdo.tn\/fr\/wp-content\/uploads\/2025\/06\/Lycee-Carnot-photo-yadvashem.org__187130.jpg","contentUrl":"https:\/\/www.webdo.tn\/fr\/wp-content\/uploads\/2025\/06\/Lycee-Carnot-photo-yadvashem.org__187130.jpg","width":296,"height":200,"caption":"Carnot, Falli\u00e8res, Loubet, Cambon : Le souvenir de quelques \u00e9coles tunisoises"},{"@type":"BreadcrumbList","@id":"https:\/\/www.webdo.tn\/fr\/actualite\/chroniques\/carnot-fallieres-loubet-cambon-souvenir-de-quelques-ecoles-tunisoises\/187130\/#breadcrumb","itemListElement":[{"@type":"ListItem","position":1,"name":"Accueil","item":"https:\/\/www.webdo.tn\/fr\/"},{"@type":"ListItem","position":2,"name":"Carnot, Falli\u00e8res, Loubet, Cambon : Le souvenir de quelques \u00e9coles tunisoises"}]},{"@type":"WebSite","@id":"https:\/\/www.webdo.tn\/fr\/#website","url":"https:\/\/www.webdo.tn\/fr\/","name":"webdo","description":"Tunisie - News en Tunisie et \u00e0 l&#039;international sur Webdo.tn","publisher":{"@id":"https:\/\/www.webdo.tn\/fr\/#organization"},"potentialAction":[{"@type":"SearchAction","target":{"@type":"EntryPoint","urlTemplate":"https:\/\/www.webdo.tn\/fr\/?s={search_term_string}"},"query-input":{"@type":"PropertyValueSpecification","valueRequired":true,"valueName":"search_term_string"}}],"inLanguage":"fr-FR"},{"@type":"Organization","@id":"https:\/\/www.webdo.tn\/fr\/#organization","name":"Webdo","alternateName":"Webdo.tn","url":"https:\/\/www.webdo.tn\/fr\/","logo":{"@type":"ImageObject","inLanguage":"fr-FR","@id":"https:\/\/www.webdo.tn\/fr\/#\/schema\/logo\/image\/","url":"https:\/\/www.webdo.tn\/fr\/wp-content\/uploads\/2025\/06\/Webdo-Tunisie_168377.jpg","contentUrl":"https:\/\/www.webdo.tn\/fr\/wp-content\/uploads\/2025\/06\/Webdo-Tunisie_168377.jpg","width":301,"height":301,"caption":"Webdo"},"image":{"@id":"https:\/\/www.webdo.tn\/fr\/#\/schema\/logo\/image\/"},"sameAs":["https:\/\/www.facebook.com\/webdotn","https:\/\/x.com\/webdo_tn"],"description":"Webdo est un m\u00e9dia num\u00e9rique tunisien fond\u00e9 en 2010, sp\u00e9cialis\u00e9 dans l\u2019actualit\u00e9 nationale et internationale, l\u2019\u00e9conomie, la soci\u00e9t\u00e9 et les analyses politiques. Le site s\u2019adresse \u00e0 un large public francophone et couvre l\u2019information tunisienne en temps r\u00e9el.","email":"redac@webdo.tn","legalName":"YNJ SARL","foundingDate":"2010-09-06","numberOfEmployees":{"@type":"QuantitativeValue","minValue":"11","maxValue":"50"}},{"@type":"Person","@id":"https:\/\/www.webdo.tn\/fr\/#\/schema\/person\/6bc0beba2cd23aec27cb5df85ca2554f","name":"Hatem Bourial","image":{"@type":"ImageObject","inLanguage":"fr-FR","@id":"https:\/\/www.webdo.tn\/fr\/wp-content\/uploads\/2026\/04\/hatem-bourial_avatar-96x96.jpg","url":"https:\/\/www.webdo.tn\/fr\/wp-content\/uploads\/2026\/04\/hatem-bourial_avatar-96x96.jpg","contentUrl":"https:\/\/www.webdo.tn\/fr\/wp-content\/uploads\/2026\/04\/hatem-bourial_avatar-96x96.jpg","caption":"Hatem Bourial"},"description":"Hatem Bourial est journaliste, \u00e9crivain et chroniqueur tunisien. Actif depuis plusieurs d\u00e9cennies, il s\u2019est impos\u00e9 comme un observateur attentif de la soci\u00e9t\u00e9 tunisienne, m\u00ealant dans ses \u00e9crits m\u00e9moire, culture et analyse du quotidien. Auteur de nombreux ouvrages, il d\u00e9veloppe une \u0153uvre \u00e0 la crois\u00e9e du r\u00e9cit, de la po\u00e9sie et de l\u2019observation sociologique. Parall\u00e8lement \u00e0 ses contributions dans la presse, il intervient r\u00e9guli\u00e8rement \u00e0 la radio et dans des espaces culturels, o\u00f9 il explore les enjeux li\u00e9s au patrimoine, \u00e0 l\u2019identit\u00e9 et aux transformations du monde contemporain. \u00c0 travers ses chroniques, Hatem Bourial propose une lecture sensible et approfondie de l\u2019actualit\u00e9, nourrie par une exp\u00e9rience journalistique et litt\u00e9raire reconnue. \ud83d\udd17 Facebook : https:\/\/www.facebook.com\/hatem.bourial.2025","sameAs":["https:\/\/www.facebook.com\/hatem.bourial.2025","https:\/\/fr.wikipedia.org\/wiki\/Fichier:Hatem_Bourial.jpg"],"knowsAbout":["Culture & patrimoine tunisien","Chronique soci\u00e9tale","Litt\u00e9rature & m\u00e9moire","Cin\u00e9ma & critique culturelle","Identit\u00e9 & mutations sociales"],"knowsLanguage":["Arabe","Fran\u00e7ais","Anglais","Italien","Polonais"],"jobTitle":"Journaliste, \u00e9crivain et chroniqueur culturel","worksFor":"Webdo","url":"https:\/\/www.webdo.tn\/fr\/actualite\/author\/hatem-bourial-2\/"}]}},"_links":{"self":[{"href":"https:\/\/www.webdo.tn\/fr\/wp-json\/wp\/v2\/posts\/187130","targetHints":{"allow":["GET"]}}],"collection":[{"href":"https:\/\/www.webdo.tn\/fr\/wp-json\/wp\/v2\/posts"}],"about":[{"href":"https:\/\/www.webdo.tn\/fr\/wp-json\/wp\/v2\/types\/post"}],"author":[{"embeddable":true,"href":"https:\/\/www.webdo.tn\/fr\/wp-json\/wp\/v2\/users\/3229"}],"replies":[{"embeddable":true,"href":"https:\/\/www.webdo.tn\/fr\/wp-json\/wp\/v2\/comments?post=187130"}],"version-history":[{"count":0,"href":"https:\/\/www.webdo.tn\/fr\/wp-json\/wp\/v2\/posts\/187130\/revisions"}],"wp:featuredmedia":[{"embeddable":true,"href":"https:\/\/www.webdo.tn\/fr\/wp-json\/wp\/v2\/media\/372521"}],"wp:attachment":[{"href":"https:\/\/www.webdo.tn\/fr\/wp-json\/wp\/v2\/media?parent=187130"}],"wp:term":[{"taxonomy":"category","embeddable":true,"href":"https:\/\/www.webdo.tn\/fr\/wp-json\/wp\/v2\/categories?post=187130"},{"taxonomy":"post_tag","embeddable":true,"href":"https:\/\/www.webdo.tn\/fr\/wp-json\/wp\/v2\/tags?post=187130"}],"curies":[{"name":"wp","href":"https:\/\/api.w.org\/{rel}","templated":true}]}}