{"id":187128,"date":"2016-07-11T10:43:00","date_gmt":"2016-07-11T10:43:00","guid":{"rendered":"https:\/\/www.webdo.tn\/fr\/blog\/tunisiens-revenir-a-lesprit-de-1956-aux-valeurs-fondatrices\/187128\/"},"modified":"2025-05-19T09:38:45","modified_gmt":"2025-05-19T09:38:45","slug":"tunisiens-revenir-a-lesprit-de-1956-aux-valeurs-fondatrices","status":"publish","type":"post","link":"https:\/\/www.webdo.tn\/fr\/actualite\/chroniques\/tunisiens-revenir-a-lesprit-de-1956-aux-valeurs-fondatrices\/187128\/","title":{"rendered":"Tunisiens avant tout ! Revenir \u00e0 l&rsquo;esprit de 1956 et aux valeurs fondatrices&#8230;"},"content":{"rendered":"<p>Dans deux semaines, nous c\u00e9l\u00e9brerons la R\u00e9publique. Et, dans le m\u00eame \u00e9lan, nous saluerons la m\u00e9moire des p\u00e8res fondateurs de la Tunisie moderne.<br \/>\nPas de place pour l\u2019archa\u00efsme anti-r\u00e9publicain&#8230;<br \/>\nAlors que sous certains cieux, on continue \u00e0 na\u00eetre soumis et in\u00e9gaux, nous sommes redevables aux fondateurs de la r\u00e9publique de notre \u00e9galit\u00e9 dans les textes et dans l&rsquo;esprit des lois. Cette terre qui est notre m\u00e8re \u00e9ternelle ne trahira jamais ce choix d&rsquo;\u00e9galit\u00e9 que certains aujourd&rsquo;hui contestent sans oser le dire clairement.<\/p>\n<p>Au nom de toutes nos filiations, l\u2019archa\u00efsme anti-r\u00e9publicain ne passera pas en Tunisie. Et que celles et ceux qui pr\u00e9f\u00e8rent le wahabisme s&rsquo;en aillent vivre leur foi chez leur ma\u00eetres. Mais qu&rsquo;ils soient pr\u00e9venus, leurs m\u00e8res, s\u0153urs et \u00e9pouses devront troquer leur permis de conduire contre des voiles plus herm\u00e9tiques que des prisons.<br \/>\nLa premi\u00e8re r\u00e9volution tunisienne<br \/>\nBeaucoup de pays arabes r\u00e9trogrades n&rsquo;ont pas encore dig\u00e9r\u00e9 la r\u00e9volution v\u00e9cue par la Tunisie des ann\u00e9es cinquante. Dans ma lecture de notre histoire contemporaine, la p\u00e9riode qui a vu successivement la naissance de la R\u00e9publique, celle de la premi\u00e8re constitution et celle du code du statut personnel devrait \u00eatre qualifi\u00e9e de premi\u00e8re r\u00e9volution tunisienne.<\/p>\n<p>Il est d&rsquo;ailleurs symptomatique que cette conqu\u00eate de la libert\u00e9 individuelle ( et de son corollaire, la responsabilit\u00e9 civile pour tous) ait \u00e9t\u00e9 attaqu\u00e9e de toutes parts, surtout par les archa\u00efques et les int\u00e9gristes de tous bords qui n&rsquo;ont jamais gob\u00e9 la libert\u00e9 conquise par les Tunisiennes, pour revenir \u00e0 elles.<br \/>\nLe projet des ann\u00e9es cinquante a besoin d&rsquo;une refondation<br \/>\nEn fait, cette r\u00e9volution tunisienne des ann\u00e9es cinquante reste le r\u00e9f\u00e9rent des forces de progr\u00e8s. Car, ce qui a ensuite \u00e9t\u00e9 pr\u00e9conis\u00e9, planifi\u00e9, anticip\u00e9 par Bourguiba et ses compagnons n&rsquo;a pas \u00e9t\u00e9 \u00e0 la hauteur de ce qui a \u00e9t\u00e9 r\u00e9alis\u00e9 lors des premi\u00e8res ann\u00e9es de l&rsquo;ind\u00e9pendance.<\/p>\n<p>Par la voix de Bourguiba, la Tunisie a pr\u00f4n\u00e9 un Etat la\u00efc, des individus lib\u00e9r\u00e9s, une r\u00e9publique, une constitution et beaucoup d&rsquo;autres choses encore \u00e0 l&rsquo;image du d\u00e9mant\u00e8lement des habous, la d\u00e9structuration des alliances tribales et l&rsquo;ancrage strat\u00e9gique \u00e0 l&rsquo;ouest.<\/p>\n<p>Ce projet du nouvel Etat tunisien a malheureusement \u00e9chou\u00e9. Le contexte international, les dissensions internes, la malheureuse exp\u00e9rience des coop\u00e9ratives auront eu raison de cette Tunisie r\u00eav\u00e9e.<\/p>\n<p>Ensuite, le projet a d\u00e9finitivement chavir\u00e9 lorsque Bourguiba qui a eu raison d&rsquo;\u00e9tablir une dictature de la modernit\u00e9 pour sortir la Tunisie de ses archa\u00efsmes a fini par sombrer dans la d\u00e9raison d&rsquo;une pr\u00e9sidence \u00e0 vie.<br \/>\nDu fr\u00e9missement moderniste \u00e0 la d\u00e9faillance d\u00e9mocratique<br \/>\nC&rsquo;est pour tout cela qu&rsquo;il faut revenir \u00e0 l&rsquo;esprit de 1956, au fr\u00e9missement moderniste qui a fini par c\u00e9der devant la d\u00e9faillance d\u00e9mocratique. Car c&rsquo;est bien dans cette absence de d\u00e9mocratie qu&rsquo;ont fleuri tous les int\u00e9grismes, toutes les r\u00e9pressions puis les mensonges d&rsquo;un Ben Ali qui a voulu tout s&rsquo;approprier y compris le projet bourguibien dont il n&rsquo; a pu pleinement r\u00e9aliser que les dimensions polici\u00e8re et s\u00e9curitaire.<\/p>\n<p>Si le monde occidental observe la Tunisie avec beaucoup de sympathie, ce n&rsquo;est pas le cas de beaucoup de pays englu\u00e9s dans leur archa\u00efsme et tournant le dos \u00e0 la libert\u00e9.<br \/>\nPour ceux-l\u00e0, une Tunisie qui sortirait de la modernit\u00e9 de son projet initial et ouvrirait les bras \u00e0 l&rsquo;islamisme crypto-wahabite aurait une valeur de symbole.<\/p>\n<p>En effet, ils pourraient ainsi avoir raison du pays le plus lib\u00e9ral de l&rsquo;aire arabe et faire plier un peuple plus \u00e9pris de libert\u00e9 que de g\u00e9nuflexions. Ne leur donnons pas cette joie, m\u00eame si nos politiciens agissent comme d&rsquo;ing\u00e9nues girouettes.<br \/>\nNi les dictateurs ni les faux d\u00e9vots !<br \/>\nNe subissons ni le rictus du dictateur d\u00e9chu ni ces faux d\u00e9vots drap\u00e9s dans des oripeaux politiciens qui viennent nous dire comment \u00eatre musulmans.<\/p>\n<p>Car la Tunisie n&rsquo;est ni l&rsquo;Arabie saoudite ni le Bangladesh. Car ce qui nous lie \u00e0 la M\u00e9diterran\u00e9e est aussi fort que ce qui nous lie \u00e0 l&rsquo;Orient, car nous sommes autant des enfants de 1789 que des adeptes de l&rsquo;Islam mal\u00e9kite.<\/p>\n<p>Car enfin, chez nous, depuis les combats des ann\u00e9es trente, la libert\u00e9 de l&rsquo;individu ne saurait reculer devant le diktat des confr\u00e9ries r\u00e9surgentes. Car aussi, une fois pour toutes, nous sommes Tunisiens avant tout !<\/p>\n<p>Vive la R\u00e9publique !<br \/>\nH.B.<\/p>\n","protected":false},"excerpt":{"rendered":"<p>Tunisiens avant tout ! Revenir \u00e0 l&rsquo;esprit de 1956 et aux valeurs fondatrices&#8230;<\/p>\n","protected":false},"author":3229,"featured_media":372522,"comment_status":"open","ping_status":"closed","sticky":false,"template":"","format":"standard","meta":{"footnotes":""},"categories":[2596],"tags":[2600],"class_list":["post-187128","post","type-post","status-publish","format-standard","has-post-thumbnail","hentry","category-chroniques","tag-guerre"],"yoast_head":"<!-- This site is optimized with the Yoast SEO Premium plugin v27.5 (Yoast SEO v27.5) - https:\/\/yoast.com\/product\/yoast-seo-premium-wordpress\/ -->\n<title>Tunisiens avant tout ! Revenir \u00e0 l&#039;esprit de 1956 et aux valeurs fondatrices...<\/title>\n<meta name=\"description\" content=\"Tunisiens avant tout ! Revenir \u00e0 l&#039;esprit de 1956 et aux valeurs fondatrices...\" \/>\n<link rel=\"canonical\" href=\"https:\/\/www.webdo.tn\/fr\/actualite\/chroniques\/tunisiens-revenir-a-lesprit-de-1956-aux-valeurs-fondatrices\/187128\/\" \/>\n<meta property=\"og:locale\" content=\"fr_FR\" \/>\n<meta property=\"og:type\" content=\"article\" \/>\n<meta property=\"og:title\" content=\"Tunisiens avant tout ! Revenir \u00e0 l&#039;esprit de 1956 et aux valeurs fondatrices...\" \/>\n<meta property=\"og:description\" content=\"Tunisiens avant tout ! Revenir \u00e0 l&#039;esprit de 1956 et aux valeurs fondatrices...\" \/>\n<meta property=\"og:url\" content=\"https:\/\/www.webdo.tn\/fr\/actualite\/chroniques\/tunisiens-revenir-a-lesprit-de-1956-aux-valeurs-fondatrices\/187128\/\" \/>\n<meta property=\"og:site_name\" content=\"webdo\" \/>\n<meta property=\"article:publisher\" content=\"https:\/\/www.facebook.com\/webdotn\" \/>\n<meta property=\"article:author\" content=\"https:\/\/www.facebook.com\/hatem.bourial.2025\" \/>\n<meta property=\"article:published_time\" content=\"2016-07-11T10:43:00+00:00\" \/>\n<meta property=\"article:modified_time\" content=\"2025-05-19T09:38:45+00:00\" \/>\n<meta name=\"author\" content=\"Hatem Bourial\" \/>\n<meta name=\"twitter:card\" content=\"summary_large_image\" \/>\n<meta name=\"twitter:creator\" content=\"@webdo_tn\" \/>\n<meta name=\"twitter:site\" content=\"@webdo_tn\" \/>\n<meta name=\"twitter:label1\" content=\"\u00c9crit par\" \/>\n\t<meta name=\"twitter:data1\" content=\"Hatem Bourial\" \/>\n\t<meta name=\"twitter:label2\" content=\"Dur\u00e9e de lecture estim\u00e9e\" \/>\n\t<meta name=\"twitter:data2\" content=\"4 minutes\" \/>\n<script type=\"application\/ld+json\" class=\"yoast-schema-graph\">{\"@context\":\"https:\\\/\\\/schema.org\",\"@graph\":[{\"@type\":\"NewsArticle\",\"@id\":\"https:\\\/\\\/www.webdo.tn\\\/fr\\\/actualite\\\/chroniques\\\/tunisiens-revenir-a-lesprit-de-1956-aux-valeurs-fondatrices\\\/187128\\\/#article\",\"isPartOf\":{\"@id\":\"https:\\\/\\\/www.webdo.tn\\\/fr\\\/actualite\\\/chroniques\\\/tunisiens-revenir-a-lesprit-de-1956-aux-valeurs-fondatrices\\\/187128\\\/\"},\"author\":{\"name\":\"Hatem Bourial\",\"@id\":\"https:\\\/\\\/www.webdo.tn\\\/fr\\\/#\\\/schema\\\/person\\\/6bc0beba2cd23aec27cb5df85ca2554f\"},\"headline\":\"Tunisiens avant tout ! Revenir \u00e0 l&rsquo;esprit de 1956 et aux valeurs fondatrices&#8230;\",\"datePublished\":\"2016-07-11T10:43:00+00:00\",\"dateModified\":\"2025-05-19T09:38:45+00:00\",\"mainEntityOfPage\":{\"@id\":\"https:\\\/\\\/www.webdo.tn\\\/fr\\\/actualite\\\/chroniques\\\/tunisiens-revenir-a-lesprit-de-1956-aux-valeurs-fondatrices\\\/187128\\\/\"},\"wordCount\":815,\"commentCount\":0,\"publisher\":{\"@id\":\"https:\\\/\\\/www.webdo.tn\\\/fr\\\/#organization\"},\"image\":{\"@id\":\"https:\\\/\\\/www.webdo.tn\\\/fr\\\/actualite\\\/chroniques\\\/tunisiens-revenir-a-lesprit-de-1956-aux-valeurs-fondatrices\\\/187128\\\/#primaryimage\"},\"thumbnailUrl\":\"https:\\\/\\\/www.webdo.tn\\\/fr\\\/wp-content\\\/uploads\\\/2025\\\/06\\\/Independance-Tunisie-300x150_187128.jpg\",\"keywords\":[\"guerre\"],\"articleSection\":[\"Chroniques\"],\"inLanguage\":\"fr-FR\"},{\"@type\":\"WebPage\",\"@id\":\"https:\\\/\\\/www.webdo.tn\\\/fr\\\/actualite\\\/chroniques\\\/tunisiens-revenir-a-lesprit-de-1956-aux-valeurs-fondatrices\\\/187128\\\/\",\"url\":\"https:\\\/\\\/www.webdo.tn\\\/fr\\\/actualite\\\/chroniques\\\/tunisiens-revenir-a-lesprit-de-1956-aux-valeurs-fondatrices\\\/187128\\\/\",\"name\":\"Tunisiens avant tout ! Revenir \u00e0 l'esprit de 1956 et aux valeurs fondatrices...\",\"isPartOf\":{\"@id\":\"https:\\\/\\\/www.webdo.tn\\\/fr\\\/#website\"},\"primaryImageOfPage\":{\"@id\":\"https:\\\/\\\/www.webdo.tn\\\/fr\\\/actualite\\\/chroniques\\\/tunisiens-revenir-a-lesprit-de-1956-aux-valeurs-fondatrices\\\/187128\\\/#primaryimage\"},\"image\":{\"@id\":\"https:\\\/\\\/www.webdo.tn\\\/fr\\\/actualite\\\/chroniques\\\/tunisiens-revenir-a-lesprit-de-1956-aux-valeurs-fondatrices\\\/187128\\\/#primaryimage\"},\"thumbnailUrl\":\"https:\\\/\\\/www.webdo.tn\\\/fr\\\/wp-content\\\/uploads\\\/2025\\\/06\\\/Independance-Tunisie-300x150_187128.jpg\",\"datePublished\":\"2016-07-11T10:43:00+00:00\",\"dateModified\":\"2025-05-19T09:38:45+00:00\",\"description\":\"Tunisiens avant tout ! Revenir \u00e0 l'esprit de 1956 et aux valeurs fondatrices...\",\"breadcrumb\":{\"@id\":\"https:\\\/\\\/www.webdo.tn\\\/fr\\\/actualite\\\/chroniques\\\/tunisiens-revenir-a-lesprit-de-1956-aux-valeurs-fondatrices\\\/187128\\\/#breadcrumb\"},\"inLanguage\":\"fr-FR\",\"potentialAction\":[{\"@type\":\"ReadAction\",\"target\":[\"https:\\\/\\\/www.webdo.tn\\\/fr\\\/actualite\\\/chroniques\\\/tunisiens-revenir-a-lesprit-de-1956-aux-valeurs-fondatrices\\\/187128\\\/\"]}]},{\"@type\":\"ImageObject\",\"inLanguage\":\"fr-FR\",\"@id\":\"https:\\\/\\\/www.webdo.tn\\\/fr\\\/actualite\\\/chroniques\\\/tunisiens-revenir-a-lesprit-de-1956-aux-valeurs-fondatrices\\\/187128\\\/#primaryimage\",\"url\":\"https:\\\/\\\/www.webdo.tn\\\/fr\\\/wp-content\\\/uploads\\\/2025\\\/06\\\/Independance-Tunisie-300x150_187128.jpg\",\"contentUrl\":\"https:\\\/\\\/www.webdo.tn\\\/fr\\\/wp-content\\\/uploads\\\/2025\\\/06\\\/Independance-Tunisie-300x150_187128.jpg\",\"width\":300,\"height\":150,\"caption\":\"Tunisiens avant tout ! Revenir \u00e0 l'esprit de 1956 et aux valeurs fondatrices...\"},{\"@type\":\"BreadcrumbList\",\"@id\":\"https:\\\/\\\/www.webdo.tn\\\/fr\\\/actualite\\\/chroniques\\\/tunisiens-revenir-a-lesprit-de-1956-aux-valeurs-fondatrices\\\/187128\\\/#breadcrumb\",\"itemListElement\":[{\"@type\":\"ListItem\",\"position\":1,\"name\":\"Accueil\",\"item\":\"https:\\\/\\\/www.webdo.tn\\\/fr\\\/\"},{\"@type\":\"ListItem\",\"position\":2,\"name\":\"Tunisiens avant tout ! Revenir \u00e0 l&#8217;esprit de 1956 et aux valeurs fondatrices&#8230;\"}]},{\"@type\":\"WebSite\",\"@id\":\"https:\\\/\\\/www.webdo.tn\\\/fr\\\/#website\",\"url\":\"https:\\\/\\\/www.webdo.tn\\\/fr\\\/\",\"name\":\"webdo\",\"description\":\"Tunisie - News en Tunisie et \u00e0 l&#039;international sur Webdo.tn\",\"publisher\":{\"@id\":\"https:\\\/\\\/www.webdo.tn\\\/fr\\\/#organization\"},\"potentialAction\":[{\"@type\":\"SearchAction\",\"target\":{\"@type\":\"EntryPoint\",\"urlTemplate\":\"https:\\\/\\\/www.webdo.tn\\\/fr\\\/?s={search_term_string}\"},\"query-input\":{\"@type\":\"PropertyValueSpecification\",\"valueRequired\":true,\"valueName\":\"search_term_string\"}}],\"inLanguage\":\"fr-FR\"},{\"@type\":\"Organization\",\"@id\":\"https:\\\/\\\/www.webdo.tn\\\/fr\\\/#organization\",\"name\":\"Webdo\",\"alternateName\":\"Webdo.tn\",\"url\":\"https:\\\/\\\/www.webdo.tn\\\/fr\\\/\",\"logo\":{\"@type\":\"ImageObject\",\"inLanguage\":\"fr-FR\",\"@id\":\"https:\\\/\\\/www.webdo.tn\\\/fr\\\/#\\\/schema\\\/logo\\\/image\\\/\",\"url\":\"https:\\\/\\\/www.webdo.tn\\\/fr\\\/wp-content\\\/uploads\\\/2025\\\/06\\\/Webdo-Tunisie_168377.jpg\",\"contentUrl\":\"https:\\\/\\\/www.webdo.tn\\\/fr\\\/wp-content\\\/uploads\\\/2025\\\/06\\\/Webdo-Tunisie_168377.jpg\",\"width\":301,\"height\":301,\"caption\":\"Webdo\"},\"image\":{\"@id\":\"https:\\\/\\\/www.webdo.tn\\\/fr\\\/#\\\/schema\\\/logo\\\/image\\\/\"},\"sameAs\":[\"https:\\\/\\\/www.facebook.com\\\/webdotn\",\"https:\\\/\\\/x.com\\\/webdo_tn\"],\"description\":\"Webdo est un m\u00e9dia num\u00e9rique tunisien fond\u00e9 en 2010, sp\u00e9cialis\u00e9 dans l\u2019actualit\u00e9 nationale et internationale, l\u2019\u00e9conomie, la soci\u00e9t\u00e9 et les analyses politiques. Le site s\u2019adresse \u00e0 un large public francophone et couvre l\u2019information tunisienne en temps r\u00e9el.\",\"email\":\"redac@webdo.tn\",\"legalName\":\"YNJ SARL\",\"foundingDate\":\"2010-09-06\",\"numberOfEmployees\":{\"@type\":\"QuantitativeValue\",\"minValue\":\"11\",\"maxValue\":\"50\"}},{\"@type\":\"Person\",\"@id\":\"https:\\\/\\\/www.webdo.tn\\\/fr\\\/#\\\/schema\\\/person\\\/6bc0beba2cd23aec27cb5df85ca2554f\",\"name\":\"Hatem Bourial\",\"image\":{\"@type\":\"ImageObject\",\"inLanguage\":\"fr-FR\",\"@id\":\"https:\\\/\\\/www.webdo.tn\\\/fr\\\/wp-content\\\/uploads\\\/2026\\\/04\\\/hatem-bourial_avatar-96x96.jpg\",\"url\":\"https:\\\/\\\/www.webdo.tn\\\/fr\\\/wp-content\\\/uploads\\\/2026\\\/04\\\/hatem-bourial_avatar-96x96.jpg\",\"contentUrl\":\"https:\\\/\\\/www.webdo.tn\\\/fr\\\/wp-content\\\/uploads\\\/2026\\\/04\\\/hatem-bourial_avatar-96x96.jpg\",\"caption\":\"Hatem Bourial\"},\"description\":\"Hatem Bourial est journaliste, \u00e9crivain et chroniqueur tunisien. Actif depuis plusieurs d\u00e9cennies, il s\u2019est impos\u00e9 comme un observateur attentif de la soci\u00e9t\u00e9 tunisienne, m\u00ealant dans ses \u00e9crits m\u00e9moire, culture et analyse du quotidien. Auteur de nombreux ouvrages, il d\u00e9veloppe une \u0153uvre \u00e0 la crois\u00e9e du r\u00e9cit, de la po\u00e9sie et de l\u2019observation sociologique. Parall\u00e8lement \u00e0 ses contributions dans la presse, il intervient r\u00e9guli\u00e8rement \u00e0 la radio et dans des espaces culturels, o\u00f9 il explore les enjeux li\u00e9s au patrimoine, \u00e0 l\u2019identit\u00e9 et aux transformations du monde contemporain. \u00c0 travers ses chroniques, Hatem Bourial propose une lecture sensible et approfondie de l\u2019actualit\u00e9, nourrie par une exp\u00e9rience journalistique et litt\u00e9raire reconnue. \ud83d\udd17 Facebook : https:\\\/\\\/www.facebook.com\\\/hatem.bourial.2025\",\"sameAs\":[\"https:\\\/\\\/www.facebook.com\\\/hatem.bourial.2025\",\"https:\\\/\\\/fr.wikipedia.org\\\/wiki\\\/Fichier:Hatem_Bourial.jpg\"],\"knowsAbout\":[\"Culture & patrimoine tunisien\",\"Chronique soci\u00e9tale\",\"Litt\u00e9rature & m\u00e9moire\",\"Cin\u00e9ma & critique culturelle\",\"Identit\u00e9 & mutations sociales\"],\"knowsLanguage\":[\"Arabe\",\"Fran\u00e7ais\",\"Anglais\",\"Italien\",\"Polonais\"],\"jobTitle\":\"Journaliste, \u00e9crivain et chroniqueur culturel\",\"worksFor\":\"Webdo\",\"url\":\"https:\\\/\\\/www.webdo.tn\\\/fr\\\/actualite\\\/author\\\/hatem-bourial-2\\\/\"}]}<\/script>\n<!-- \/ Yoast SEO Premium plugin. -->","yoast_head_json":{"title":"Tunisiens avant tout ! Revenir \u00e0 l'esprit de 1956 et aux valeurs fondatrices...","description":"Tunisiens avant tout ! Revenir \u00e0 l'esprit de 1956 et aux valeurs fondatrices...","canonical":"https:\/\/www.webdo.tn\/fr\/actualite\/chroniques\/tunisiens-revenir-a-lesprit-de-1956-aux-valeurs-fondatrices\/187128\/","og_locale":"fr_FR","og_type":"article","og_title":"Tunisiens avant tout ! Revenir \u00e0 l'esprit de 1956 et aux valeurs fondatrices...","og_description":"Tunisiens avant tout ! Revenir \u00e0 l'esprit de 1956 et aux valeurs fondatrices...","og_url":"https:\/\/www.webdo.tn\/fr\/actualite\/chroniques\/tunisiens-revenir-a-lesprit-de-1956-aux-valeurs-fondatrices\/187128\/","og_site_name":"webdo","article_publisher":"https:\/\/www.facebook.com\/webdotn","article_author":"https:\/\/www.facebook.com\/hatem.bourial.2025","article_published_time":"2016-07-11T10:43:00+00:00","article_modified_time":"2025-05-19T09:38:45+00:00","author":"Hatem Bourial","twitter_card":"summary_large_image","twitter_creator":"@webdo_tn","twitter_site":"@webdo_tn","twitter_misc":{"\u00c9crit par":"Hatem Bourial","Dur\u00e9e de lecture estim\u00e9e":"4 minutes"},"schema":{"@context":"https:\/\/schema.org","@graph":[{"@type":"NewsArticle","@id":"https:\/\/www.webdo.tn\/fr\/actualite\/chroniques\/tunisiens-revenir-a-lesprit-de-1956-aux-valeurs-fondatrices\/187128\/#article","isPartOf":{"@id":"https:\/\/www.webdo.tn\/fr\/actualite\/chroniques\/tunisiens-revenir-a-lesprit-de-1956-aux-valeurs-fondatrices\/187128\/"},"author":{"name":"Hatem Bourial","@id":"https:\/\/www.webdo.tn\/fr\/#\/schema\/person\/6bc0beba2cd23aec27cb5df85ca2554f"},"headline":"Tunisiens avant tout ! Revenir \u00e0 l&rsquo;esprit de 1956 et aux valeurs fondatrices&#8230;","datePublished":"2016-07-11T10:43:00+00:00","dateModified":"2025-05-19T09:38:45+00:00","mainEntityOfPage":{"@id":"https:\/\/www.webdo.tn\/fr\/actualite\/chroniques\/tunisiens-revenir-a-lesprit-de-1956-aux-valeurs-fondatrices\/187128\/"},"wordCount":815,"commentCount":0,"publisher":{"@id":"https:\/\/www.webdo.tn\/fr\/#organization"},"image":{"@id":"https:\/\/www.webdo.tn\/fr\/actualite\/chroniques\/tunisiens-revenir-a-lesprit-de-1956-aux-valeurs-fondatrices\/187128\/#primaryimage"},"thumbnailUrl":"https:\/\/www.webdo.tn\/fr\/wp-content\/uploads\/2025\/06\/Independance-Tunisie-300x150_187128.jpg","keywords":["guerre"],"articleSection":["Chroniques"],"inLanguage":"fr-FR"},{"@type":"WebPage","@id":"https:\/\/www.webdo.tn\/fr\/actualite\/chroniques\/tunisiens-revenir-a-lesprit-de-1956-aux-valeurs-fondatrices\/187128\/","url":"https:\/\/www.webdo.tn\/fr\/actualite\/chroniques\/tunisiens-revenir-a-lesprit-de-1956-aux-valeurs-fondatrices\/187128\/","name":"Tunisiens avant tout ! Revenir \u00e0 l'esprit de 1956 et aux valeurs fondatrices...","isPartOf":{"@id":"https:\/\/www.webdo.tn\/fr\/#website"},"primaryImageOfPage":{"@id":"https:\/\/www.webdo.tn\/fr\/actualite\/chroniques\/tunisiens-revenir-a-lesprit-de-1956-aux-valeurs-fondatrices\/187128\/#primaryimage"},"image":{"@id":"https:\/\/www.webdo.tn\/fr\/actualite\/chroniques\/tunisiens-revenir-a-lesprit-de-1956-aux-valeurs-fondatrices\/187128\/#primaryimage"},"thumbnailUrl":"https:\/\/www.webdo.tn\/fr\/wp-content\/uploads\/2025\/06\/Independance-Tunisie-300x150_187128.jpg","datePublished":"2016-07-11T10:43:00+00:00","dateModified":"2025-05-19T09:38:45+00:00","description":"Tunisiens avant tout ! Revenir \u00e0 l'esprit de 1956 et aux valeurs fondatrices...","breadcrumb":{"@id":"https:\/\/www.webdo.tn\/fr\/actualite\/chroniques\/tunisiens-revenir-a-lesprit-de-1956-aux-valeurs-fondatrices\/187128\/#breadcrumb"},"inLanguage":"fr-FR","potentialAction":[{"@type":"ReadAction","target":["https:\/\/www.webdo.tn\/fr\/actualite\/chroniques\/tunisiens-revenir-a-lesprit-de-1956-aux-valeurs-fondatrices\/187128\/"]}]},{"@type":"ImageObject","inLanguage":"fr-FR","@id":"https:\/\/www.webdo.tn\/fr\/actualite\/chroniques\/tunisiens-revenir-a-lesprit-de-1956-aux-valeurs-fondatrices\/187128\/#primaryimage","url":"https:\/\/www.webdo.tn\/fr\/wp-content\/uploads\/2025\/06\/Independance-Tunisie-300x150_187128.jpg","contentUrl":"https:\/\/www.webdo.tn\/fr\/wp-content\/uploads\/2025\/06\/Independance-Tunisie-300x150_187128.jpg","width":300,"height":150,"caption":"Tunisiens avant tout ! Revenir \u00e0 l'esprit de 1956 et aux valeurs fondatrices..."},{"@type":"BreadcrumbList","@id":"https:\/\/www.webdo.tn\/fr\/actualite\/chroniques\/tunisiens-revenir-a-lesprit-de-1956-aux-valeurs-fondatrices\/187128\/#breadcrumb","itemListElement":[{"@type":"ListItem","position":1,"name":"Accueil","item":"https:\/\/www.webdo.tn\/fr\/"},{"@type":"ListItem","position":2,"name":"Tunisiens avant tout ! Revenir \u00e0 l&#8217;esprit de 1956 et aux valeurs fondatrices&#8230;"}]},{"@type":"WebSite","@id":"https:\/\/www.webdo.tn\/fr\/#website","url":"https:\/\/www.webdo.tn\/fr\/","name":"webdo","description":"Tunisie - News en Tunisie et \u00e0 l&#039;international sur Webdo.tn","publisher":{"@id":"https:\/\/www.webdo.tn\/fr\/#organization"},"potentialAction":[{"@type":"SearchAction","target":{"@type":"EntryPoint","urlTemplate":"https:\/\/www.webdo.tn\/fr\/?s={search_term_string}"},"query-input":{"@type":"PropertyValueSpecification","valueRequired":true,"valueName":"search_term_string"}}],"inLanguage":"fr-FR"},{"@type":"Organization","@id":"https:\/\/www.webdo.tn\/fr\/#organization","name":"Webdo","alternateName":"Webdo.tn","url":"https:\/\/www.webdo.tn\/fr\/","logo":{"@type":"ImageObject","inLanguage":"fr-FR","@id":"https:\/\/www.webdo.tn\/fr\/#\/schema\/logo\/image\/","url":"https:\/\/www.webdo.tn\/fr\/wp-content\/uploads\/2025\/06\/Webdo-Tunisie_168377.jpg","contentUrl":"https:\/\/www.webdo.tn\/fr\/wp-content\/uploads\/2025\/06\/Webdo-Tunisie_168377.jpg","width":301,"height":301,"caption":"Webdo"},"image":{"@id":"https:\/\/www.webdo.tn\/fr\/#\/schema\/logo\/image\/"},"sameAs":["https:\/\/www.facebook.com\/webdotn","https:\/\/x.com\/webdo_tn"],"description":"Webdo est un m\u00e9dia num\u00e9rique tunisien fond\u00e9 en 2010, sp\u00e9cialis\u00e9 dans l\u2019actualit\u00e9 nationale et internationale, l\u2019\u00e9conomie, la soci\u00e9t\u00e9 et les analyses politiques. Le site s\u2019adresse \u00e0 un large public francophone et couvre l\u2019information tunisienne en temps r\u00e9el.","email":"redac@webdo.tn","legalName":"YNJ SARL","foundingDate":"2010-09-06","numberOfEmployees":{"@type":"QuantitativeValue","minValue":"11","maxValue":"50"}},{"@type":"Person","@id":"https:\/\/www.webdo.tn\/fr\/#\/schema\/person\/6bc0beba2cd23aec27cb5df85ca2554f","name":"Hatem Bourial","image":{"@type":"ImageObject","inLanguage":"fr-FR","@id":"https:\/\/www.webdo.tn\/fr\/wp-content\/uploads\/2026\/04\/hatem-bourial_avatar-96x96.jpg","url":"https:\/\/www.webdo.tn\/fr\/wp-content\/uploads\/2026\/04\/hatem-bourial_avatar-96x96.jpg","contentUrl":"https:\/\/www.webdo.tn\/fr\/wp-content\/uploads\/2026\/04\/hatem-bourial_avatar-96x96.jpg","caption":"Hatem Bourial"},"description":"Hatem Bourial est journaliste, \u00e9crivain et chroniqueur tunisien. Actif depuis plusieurs d\u00e9cennies, il s\u2019est impos\u00e9 comme un observateur attentif de la soci\u00e9t\u00e9 tunisienne, m\u00ealant dans ses \u00e9crits m\u00e9moire, culture et analyse du quotidien. Auteur de nombreux ouvrages, il d\u00e9veloppe une \u0153uvre \u00e0 la crois\u00e9e du r\u00e9cit, de la po\u00e9sie et de l\u2019observation sociologique. Parall\u00e8lement \u00e0 ses contributions dans la presse, il intervient r\u00e9guli\u00e8rement \u00e0 la radio et dans des espaces culturels, o\u00f9 il explore les enjeux li\u00e9s au patrimoine, \u00e0 l\u2019identit\u00e9 et aux transformations du monde contemporain. \u00c0 travers ses chroniques, Hatem Bourial propose une lecture sensible et approfondie de l\u2019actualit\u00e9, nourrie par une exp\u00e9rience journalistique et litt\u00e9raire reconnue. \ud83d\udd17 Facebook : https:\/\/www.facebook.com\/hatem.bourial.2025","sameAs":["https:\/\/www.facebook.com\/hatem.bourial.2025","https:\/\/fr.wikipedia.org\/wiki\/Fichier:Hatem_Bourial.jpg"],"knowsAbout":["Culture & patrimoine tunisien","Chronique soci\u00e9tale","Litt\u00e9rature & m\u00e9moire","Cin\u00e9ma & critique culturelle","Identit\u00e9 & mutations sociales"],"knowsLanguage":["Arabe","Fran\u00e7ais","Anglais","Italien","Polonais"],"jobTitle":"Journaliste, \u00e9crivain et chroniqueur culturel","worksFor":"Webdo","url":"https:\/\/www.webdo.tn\/fr\/actualite\/author\/hatem-bourial-2\/"}]}},"_links":{"self":[{"href":"https:\/\/www.webdo.tn\/fr\/wp-json\/wp\/v2\/posts\/187128","targetHints":{"allow":["GET"]}}],"collection":[{"href":"https:\/\/www.webdo.tn\/fr\/wp-json\/wp\/v2\/posts"}],"about":[{"href":"https:\/\/www.webdo.tn\/fr\/wp-json\/wp\/v2\/types\/post"}],"author":[{"embeddable":true,"href":"https:\/\/www.webdo.tn\/fr\/wp-json\/wp\/v2\/users\/3229"}],"replies":[{"embeddable":true,"href":"https:\/\/www.webdo.tn\/fr\/wp-json\/wp\/v2\/comments?post=187128"}],"version-history":[{"count":0,"href":"https:\/\/www.webdo.tn\/fr\/wp-json\/wp\/v2\/posts\/187128\/revisions"}],"wp:featuredmedia":[{"embeddable":true,"href":"https:\/\/www.webdo.tn\/fr\/wp-json\/wp\/v2\/media\/372522"}],"wp:attachment":[{"href":"https:\/\/www.webdo.tn\/fr\/wp-json\/wp\/v2\/media?parent=187128"}],"wp:term":[{"taxonomy":"category","embeddable":true,"href":"https:\/\/www.webdo.tn\/fr\/wp-json\/wp\/v2\/categories?post=187128"},{"taxonomy":"post_tag","embeddable":true,"href":"https:\/\/www.webdo.tn\/fr\/wp-json\/wp\/v2\/tags?post=187128"}],"curies":[{"name":"wp","href":"https:\/\/api.w.org\/{rel}","templated":true}]}}