{"id":187127,"date":"2016-07-09T07:00:00","date_gmt":"2016-07-09T07:00:00","guid":{"rendered":"https:\/\/www.webdo.tn\/fr\/blog\/memoire-cinq-borjs-oublies-de-tunis\/187127\/"},"modified":"2016-07-09T07:00:00","modified_gmt":"2016-07-09T07:00:00","slug":"memoire-cinq-borjs-oublies-de-tunis","status":"publish","type":"post","link":"https:\/\/www.webdo.tn\/fr\/actualite\/chroniques\/memoire-cinq-borjs-oublies-de-tunis\/187127\/","title":{"rendered":"La m\u00e9moire des cinq borjs oubli\u00e9s de Tunis"},"content":{"rendered":"<p>Autour de Tunis, il existe de nombreux borjs, des forts et fortins dont la fonction fut pendant longtemps le guet et la protection de la ville contre les incursions. Ces forts n&rsquo;ont pas disparu.<\/p>\n<p>Certains sont si familiers qu&rsquo;ils finissent par sembler invisibles, d&rsquo;autres sont perdus dans les m\u00e9andres de la ville, sur ses hauteurs et flanquaient ses remparts.<br \/>\nLa citadelle de la Kasbah<br \/>\nAu nombre de cinq, ces borjs ont une histoire qui remonte au dix-septi\u00e8me si\u00e8cle. En les \u00e9voquant, il convient de ne pas oublier de mentionner l&rsquo;ancienne kasbah de Tunis aujourd&rsquo;hui disparue mais qui fut longtemps le c\u0153ur battant du pouvoir.<\/p>\n<p>Le quartier de la Kasbah porte encore le nom de cette citadelle qui au temps de Hafsides dominait la ville et \u00e9tait organis\u00e9e comme les forteresses royales marocaines avec palais, annexes et mosqu\u00e9e.<br \/>\nAu sud de Tunis, Borj Ali Rais&#8230;<br \/>\nBorj Ali Rais est une fondation de Ali Thabet, un ministre de Youssef Dey qui avait \u00e9lev\u00e9 ce fort au dix-septi\u00e8me si\u00e8cle. Ce fort a \u00e9t\u00e9 compl\u00e9tement reconstruit sous le r\u00e8gne de Ali Pacha qui fut \u00e0 l&rsquo;origine de deux autres forts de la capitale.<\/p>\n<p>Borj Ali Rais se trouve sur la colline qui surplombe le cimeti\u00e8re du Jellaz. L&rsquo;arm\u00e9e nationale y tient garnison depuis tr\u00e8s longtemps.<br \/>\nSur les hauteurs, Borj Errabta et Borj Flifel&#8230;<br \/>\nBorj Errabta se trouve en haut de la colline \u00e9ponyme et domine des hauteurs le Bardo et Bab Saadoun. Construit par Ali Pacha au dix-huiti\u00e8me si\u00e8cle, ce fort est remarquable par sa forme de trap\u00e8ze et ses quatre bastions.<\/p>\n<p>Borj Errabta a longtemps servi d&rsquo;annexe \u00e0 la prison civile et a \u00e9t\u00e9 d\u00e9natur\u00e9 par les passages \u00e0 la chaux qui lui ont fait perdre les couleurs ocre de ses remparts.<br \/>\nUn monument d\u00e9laiss\u00e9<br \/>\nBorj Flifel se trouve \u00e0 proximit\u00e9 de Borj Errabta, en haut de la m\u00eame colline. Toutefois, ce fort domine une autre direction, celle de Sedjoumi et des plaines qui se trouvent dans cette cuvette et fuient jusqu&rsquo;aux lointaines Sminja, Mghira, Naasen et Mornag.<\/p>\n<p>Circulaire, ce borj est flanqu\u00e9 de deux bastions de protection, au niveau de sa porte monumentale. Ce borj, relativement d\u00e9laiss\u00e9 est toutefois un monument historique dont la visite n&rsquo;est pas autoris\u00e9e. Il demeure confin\u00e9 dans sa solitude.<br \/>\nLes forts voisins de Sidi Yahia et Bab el AsselBorj Sidi Yahia se trouve \u00e0 la bien nomm\u00e9e rue du Fort. Construit au dix-neuvi\u00e8me si\u00e8cle, ce borj est venu consolider le r\u00f4le d\u00e9fensif de la petite mosqu\u00e9e Sidi Yahia. En effet, cette mosqu\u00e9e avait un r\u00f4le d\u00e9fensif tr\u00e8s marqu\u00e9 et son minaret dominait les plaines du nord, \u00e0 la sortie de Tunis.<\/p>\n<p>Borj Bab el Assel se trouve non loin. Il a \u00e9t\u00e9 \u00e9difi\u00e9 au d\u00e9but du dix-neuvi\u00e8me si\u00e8cle et flanque le rempart ext\u00e9rieur de Tunis aux environs de Bab el Khadhra.<br \/>\nDe la Goulette au lac de Tunis<br \/>\nEn conclusion, comme pour la Kasbah, il convient de mentionner deux forts ext\u00e9rieurs proches de la ville de Tunis et faisant partie int\u00e9grante de son syst\u00e8me de d\u00e9fense.<\/p>\n<p>Il s&rsquo;agit du fort de Chikly sur l&rsquo;\u00eele qui se trouve au centre du lac de Tunis. Ce fort qui a \u00e9t\u00e9 construit par les Espagnols en 1546 est \u00e9difi\u00e9 sur des fondations qui remontent \u00e0 l&rsquo;\u00e9poque romaine.<\/p>\n<p>De m\u00eame, le fort de la Goulette que nous nommons Karakka a \u00e9t\u00e9 construit en 1535 par Charles Quint et sera pris par les Ottomans en 1574.<br \/>\nBorjs et kalaas autour de ville<br \/>\nAinsi, au final, ils sont sept forts et une kasbah \u00e0 avoir particip\u00e9 \u00e0 l&rsquo;histoire d\u00e9fensive de Tunis. Bien entendu, il existait plusieurs postes avanc\u00e9s que l&rsquo;on retrouve d&rsquo;ailleurs dans la toponymie actuelle.<\/p>\n<p>Il suffit de songer \u00e0 Borj Cedria, Borj el Amri ou Kalaat Landaloss pour r\u00e9aliser le caract\u00e8re \u00e9galement diffus des protections de Tunis. Ces termes de borj ou kalaa signifient en effet fort, fortin ou citadelle.<\/p>\n<p>Ceci pour ne pas \u00e9voquer les ribats c\u00f4tiers \u00e0 l&rsquo;image des nombreuses zaouias qui ponctuent le littoral et avaient aussi des fonctions de surveillance des c\u00f4tes&#8230;<\/p>\n<p>D\u00e9cid\u00e9ment, \u00ab\u00a0Toun\u00e8s el Mahroussa\u00a0\u00bb m\u00e9rite bien ce surnom de la Bien gard\u00e9e !<br \/>\nH.B.<br \/>\nLire aussi :<\/p>\n<p>\tLe mot \u00ab borj \u00bb vient du grec et du latin\u2026 Et pourtant, il est tunisien, ce mot !<br \/>\n\tLes borjs c\u00f4tiers de Djerba : Dragut, fortins et patrimoine en p\u00e9ril<br \/>\n\tAux confins de la Tunisie : Borj El Khadhra, le mythique Fort-Saint\u2026<\/p>\n","protected":false},"excerpt":{"rendered":"<p>La m\u00e9moire des cinq borjs oubli\u00e9s de Tunis<\/p>\n","protected":false},"author":3229,"featured_media":375621,"comment_status":"open","ping_status":"closed","sticky":false,"template":"","format":"standard","meta":{"footnotes":""},"categories":[2596],"tags":[2600],"class_list":["post-187127","post","type-post","status-publish","format-standard","has-post-thumbnail","hentry","category-chroniques","tag-guerre"],"yoast_head":"<!-- This site is optimized with the Yoast SEO Premium plugin v27.5 (Yoast SEO v27.5) - https:\/\/yoast.com\/product\/yoast-seo-premium-wordpress\/ -->\n<title>La m\u00e9moire des cinq borjs oubli\u00e9s de Tunis<\/title>\n<meta name=\"description\" content=\"La m\u00e9moire des cinq borjs oubli\u00e9s de Tunis\" \/>\n<link rel=\"canonical\" href=\"https:\/\/www.webdo.tn\/fr\/actualite\/chroniques\/memoire-cinq-borjs-oublies-de-tunis\/187127\/\" \/>\n<meta property=\"og:locale\" content=\"fr_FR\" \/>\n<meta property=\"og:type\" content=\"article\" \/>\n<meta property=\"og:title\" content=\"La m\u00e9moire des cinq borjs oubli\u00e9s de Tunis\" \/>\n<meta property=\"og:description\" content=\"La m\u00e9moire des cinq borjs oubli\u00e9s de Tunis\" \/>\n<meta property=\"og:url\" content=\"https:\/\/www.webdo.tn\/fr\/actualite\/chroniques\/memoire-cinq-borjs-oublies-de-tunis\/187127\/\" \/>\n<meta property=\"og:site_name\" content=\"webdo\" \/>\n<meta property=\"article:publisher\" content=\"https:\/\/www.facebook.com\/webdotn\" \/>\n<meta property=\"article:author\" content=\"https:\/\/www.facebook.com\/hatem.bourial.2025\" \/>\n<meta property=\"article:published_time\" content=\"2016-07-09T07:00:00+00:00\" \/>\n<meta name=\"author\" content=\"Hatem Bourial\" \/>\n<meta name=\"twitter:card\" content=\"summary_large_image\" \/>\n<meta name=\"twitter:creator\" content=\"@webdo_tn\" \/>\n<meta name=\"twitter:site\" content=\"@webdo_tn\" \/>\n<meta name=\"twitter:label1\" content=\"\u00c9crit par\" \/>\n\t<meta name=\"twitter:data1\" content=\"Hatem Bourial\" \/>\n\t<meta name=\"twitter:label2\" content=\"Dur\u00e9e de lecture estim\u00e9e\" \/>\n\t<meta name=\"twitter:data2\" content=\"4 minutes\" \/>\n<script type=\"application\/ld+json\" class=\"yoast-schema-graph\">{\"@context\":\"https:\\\/\\\/schema.org\",\"@graph\":[{\"@type\":\"NewsArticle\",\"@id\":\"https:\\\/\\\/www.webdo.tn\\\/fr\\\/actualite\\\/chroniques\\\/memoire-cinq-borjs-oublies-de-tunis\\\/187127\\\/#article\",\"isPartOf\":{\"@id\":\"https:\\\/\\\/www.webdo.tn\\\/fr\\\/actualite\\\/chroniques\\\/memoire-cinq-borjs-oublies-de-tunis\\\/187127\\\/\"},\"author\":{\"name\":\"Hatem Bourial\",\"@id\":\"https:\\\/\\\/www.webdo.tn\\\/fr\\\/#\\\/schema\\\/person\\\/6bc0beba2cd23aec27cb5df85ca2554f\"},\"headline\":\"La m\u00e9moire des cinq borjs oubli\u00e9s de Tunis\",\"datePublished\":\"2016-07-09T07:00:00+00:00\",\"mainEntityOfPage\":{\"@id\":\"https:\\\/\\\/www.webdo.tn\\\/fr\\\/actualite\\\/chroniques\\\/memoire-cinq-borjs-oublies-de-tunis\\\/187127\\\/\"},\"wordCount\":785,\"commentCount\":0,\"publisher\":{\"@id\":\"https:\\\/\\\/www.webdo.tn\\\/fr\\\/#organization\"},\"image\":{\"@id\":\"https:\\\/\\\/www.webdo.tn\\\/fr\\\/actualite\\\/chroniques\\\/memoire-cinq-borjs-oublies-de-tunis\\\/187127\\\/#primaryimage\"},\"thumbnailUrl\":\"https:\\\/\\\/www.webdo.tn\\\/fr\\\/wp-content\\\/uploads\\\/2025\\\/06\\\/Borj-Ali-Rais_187127.jpg\",\"keywords\":[\"guerre\"],\"articleSection\":[\"Chroniques\"],\"inLanguage\":\"fr-FR\"},{\"@type\":\"WebPage\",\"@id\":\"https:\\\/\\\/www.webdo.tn\\\/fr\\\/actualite\\\/chroniques\\\/memoire-cinq-borjs-oublies-de-tunis\\\/187127\\\/\",\"url\":\"https:\\\/\\\/www.webdo.tn\\\/fr\\\/actualite\\\/chroniques\\\/memoire-cinq-borjs-oublies-de-tunis\\\/187127\\\/\",\"name\":\"La m\u00e9moire des cinq borjs oubli\u00e9s de Tunis\",\"isPartOf\":{\"@id\":\"https:\\\/\\\/www.webdo.tn\\\/fr\\\/#website\"},\"primaryImageOfPage\":{\"@id\":\"https:\\\/\\\/www.webdo.tn\\\/fr\\\/actualite\\\/chroniques\\\/memoire-cinq-borjs-oublies-de-tunis\\\/187127\\\/#primaryimage\"},\"image\":{\"@id\":\"https:\\\/\\\/www.webdo.tn\\\/fr\\\/actualite\\\/chroniques\\\/memoire-cinq-borjs-oublies-de-tunis\\\/187127\\\/#primaryimage\"},\"thumbnailUrl\":\"https:\\\/\\\/www.webdo.tn\\\/fr\\\/wp-content\\\/uploads\\\/2025\\\/06\\\/Borj-Ali-Rais_187127.jpg\",\"datePublished\":\"2016-07-09T07:00:00+00:00\",\"description\":\"La m\u00e9moire des cinq borjs oubli\u00e9s de Tunis\",\"breadcrumb\":{\"@id\":\"https:\\\/\\\/www.webdo.tn\\\/fr\\\/actualite\\\/chroniques\\\/memoire-cinq-borjs-oublies-de-tunis\\\/187127\\\/#breadcrumb\"},\"inLanguage\":\"fr-FR\",\"potentialAction\":[{\"@type\":\"ReadAction\",\"target\":[\"https:\\\/\\\/www.webdo.tn\\\/fr\\\/actualite\\\/chroniques\\\/memoire-cinq-borjs-oublies-de-tunis\\\/187127\\\/\"]}]},{\"@type\":\"ImageObject\",\"inLanguage\":\"fr-FR\",\"@id\":\"https:\\\/\\\/www.webdo.tn\\\/fr\\\/actualite\\\/chroniques\\\/memoire-cinq-borjs-oublies-de-tunis\\\/187127\\\/#primaryimage\",\"url\":\"https:\\\/\\\/www.webdo.tn\\\/fr\\\/wp-content\\\/uploads\\\/2025\\\/06\\\/Borj-Ali-Rais_187127.jpg\",\"contentUrl\":\"https:\\\/\\\/www.webdo.tn\\\/fr\\\/wp-content\\\/uploads\\\/2025\\\/06\\\/Borj-Ali-Rais_187127.jpg\",\"width\":1000,\"height\":556,\"caption\":\"La m\u00e9moire des cinq borjs oubli\u00e9s de Tunis\"},{\"@type\":\"BreadcrumbList\",\"@id\":\"https:\\\/\\\/www.webdo.tn\\\/fr\\\/actualite\\\/chroniques\\\/memoire-cinq-borjs-oublies-de-tunis\\\/187127\\\/#breadcrumb\",\"itemListElement\":[{\"@type\":\"ListItem\",\"position\":1,\"name\":\"Accueil\",\"item\":\"https:\\\/\\\/www.webdo.tn\\\/fr\\\/\"},{\"@type\":\"ListItem\",\"position\":2,\"name\":\"La m\u00e9moire des cinq borjs oubli\u00e9s de Tunis\"}]},{\"@type\":\"WebSite\",\"@id\":\"https:\\\/\\\/www.webdo.tn\\\/fr\\\/#website\",\"url\":\"https:\\\/\\\/www.webdo.tn\\\/fr\\\/\",\"name\":\"webdo\",\"description\":\"Tunisie - News en Tunisie et \u00e0 l&#039;international sur Webdo.tn\",\"publisher\":{\"@id\":\"https:\\\/\\\/www.webdo.tn\\\/fr\\\/#organization\"},\"potentialAction\":[{\"@type\":\"SearchAction\",\"target\":{\"@type\":\"EntryPoint\",\"urlTemplate\":\"https:\\\/\\\/www.webdo.tn\\\/fr\\\/?s={search_term_string}\"},\"query-input\":{\"@type\":\"PropertyValueSpecification\",\"valueRequired\":true,\"valueName\":\"search_term_string\"}}],\"inLanguage\":\"fr-FR\"},{\"@type\":\"Organization\",\"@id\":\"https:\\\/\\\/www.webdo.tn\\\/fr\\\/#organization\",\"name\":\"Webdo\",\"alternateName\":\"Webdo.tn\",\"url\":\"https:\\\/\\\/www.webdo.tn\\\/fr\\\/\",\"logo\":{\"@type\":\"ImageObject\",\"inLanguage\":\"fr-FR\",\"@id\":\"https:\\\/\\\/www.webdo.tn\\\/fr\\\/#\\\/schema\\\/logo\\\/image\\\/\",\"url\":\"https:\\\/\\\/www.webdo.tn\\\/fr\\\/wp-content\\\/uploads\\\/2025\\\/06\\\/Webdo-Tunisie_168377.jpg\",\"contentUrl\":\"https:\\\/\\\/www.webdo.tn\\\/fr\\\/wp-content\\\/uploads\\\/2025\\\/06\\\/Webdo-Tunisie_168377.jpg\",\"width\":301,\"height\":301,\"caption\":\"Webdo\"},\"image\":{\"@id\":\"https:\\\/\\\/www.webdo.tn\\\/fr\\\/#\\\/schema\\\/logo\\\/image\\\/\"},\"sameAs\":[\"https:\\\/\\\/www.facebook.com\\\/webdotn\",\"https:\\\/\\\/x.com\\\/webdo_tn\"],\"description\":\"Webdo est un m\u00e9dia num\u00e9rique tunisien fond\u00e9 en 2010, sp\u00e9cialis\u00e9 dans l\u2019actualit\u00e9 nationale et internationale, l\u2019\u00e9conomie, la soci\u00e9t\u00e9 et les analyses politiques. Le site s\u2019adresse \u00e0 un large public francophone et couvre l\u2019information tunisienne en temps r\u00e9el.\",\"email\":\"redac@webdo.tn\",\"legalName\":\"YNJ SARL\",\"foundingDate\":\"2010-09-06\",\"numberOfEmployees\":{\"@type\":\"QuantitativeValue\",\"minValue\":\"11\",\"maxValue\":\"50\"}},{\"@type\":\"Person\",\"@id\":\"https:\\\/\\\/www.webdo.tn\\\/fr\\\/#\\\/schema\\\/person\\\/6bc0beba2cd23aec27cb5df85ca2554f\",\"name\":\"Hatem Bourial\",\"image\":{\"@type\":\"ImageObject\",\"inLanguage\":\"fr-FR\",\"@id\":\"https:\\\/\\\/www.webdo.tn\\\/fr\\\/wp-content\\\/uploads\\\/2026\\\/04\\\/hatem-bourial_avatar-96x96.jpg\",\"url\":\"https:\\\/\\\/www.webdo.tn\\\/fr\\\/wp-content\\\/uploads\\\/2026\\\/04\\\/hatem-bourial_avatar-96x96.jpg\",\"contentUrl\":\"https:\\\/\\\/www.webdo.tn\\\/fr\\\/wp-content\\\/uploads\\\/2026\\\/04\\\/hatem-bourial_avatar-96x96.jpg\",\"caption\":\"Hatem Bourial\"},\"description\":\"Hatem Bourial est journaliste, \u00e9crivain et chroniqueur tunisien. Actif depuis plusieurs d\u00e9cennies, il s\u2019est impos\u00e9 comme un observateur attentif de la soci\u00e9t\u00e9 tunisienne, m\u00ealant dans ses \u00e9crits m\u00e9moire, culture et analyse du quotidien. Auteur de nombreux ouvrages, il d\u00e9veloppe une \u0153uvre \u00e0 la crois\u00e9e du r\u00e9cit, de la po\u00e9sie et de l\u2019observation sociologique. Parall\u00e8lement \u00e0 ses contributions dans la presse, il intervient r\u00e9guli\u00e8rement \u00e0 la radio et dans des espaces culturels, o\u00f9 il explore les enjeux li\u00e9s au patrimoine, \u00e0 l\u2019identit\u00e9 et aux transformations du monde contemporain. \u00c0 travers ses chroniques, Hatem Bourial propose une lecture sensible et approfondie de l\u2019actualit\u00e9, nourrie par une exp\u00e9rience journalistique et litt\u00e9raire reconnue. \ud83d\udd17 Facebook : https:\\\/\\\/www.facebook.com\\\/hatem.bourial.2025\",\"sameAs\":[\"https:\\\/\\\/www.facebook.com\\\/hatem.bourial.2025\",\"https:\\\/\\\/fr.wikipedia.org\\\/wiki\\\/Fichier:Hatem_Bourial.jpg\"],\"knowsAbout\":[\"Culture & patrimoine tunisien\",\"Chronique soci\u00e9tale\",\"Litt\u00e9rature & m\u00e9moire\",\"Cin\u00e9ma & critique culturelle\",\"Identit\u00e9 & mutations sociales\"],\"knowsLanguage\":[\"Arabe\",\"Fran\u00e7ais\",\"Anglais\",\"Italien\",\"Polonais\"],\"jobTitle\":\"Journaliste, \u00e9crivain et chroniqueur culturel\",\"worksFor\":\"Webdo\",\"url\":\"https:\\\/\\\/www.webdo.tn\\\/fr\\\/actualite\\\/author\\\/hatem-bourial-2\\\/\"}]}<\/script>\n<!-- \/ Yoast SEO Premium plugin. -->","yoast_head_json":{"title":"La m\u00e9moire des cinq borjs oubli\u00e9s de Tunis","description":"La m\u00e9moire des cinq borjs oubli\u00e9s de Tunis","canonical":"https:\/\/www.webdo.tn\/fr\/actualite\/chroniques\/memoire-cinq-borjs-oublies-de-tunis\/187127\/","og_locale":"fr_FR","og_type":"article","og_title":"La m\u00e9moire des cinq borjs oubli\u00e9s de Tunis","og_description":"La m\u00e9moire des cinq borjs oubli\u00e9s de Tunis","og_url":"https:\/\/www.webdo.tn\/fr\/actualite\/chroniques\/memoire-cinq-borjs-oublies-de-tunis\/187127\/","og_site_name":"webdo","article_publisher":"https:\/\/www.facebook.com\/webdotn","article_author":"https:\/\/www.facebook.com\/hatem.bourial.2025","article_published_time":"2016-07-09T07:00:00+00:00","author":"Hatem Bourial","twitter_card":"summary_large_image","twitter_creator":"@webdo_tn","twitter_site":"@webdo_tn","twitter_misc":{"\u00c9crit par":"Hatem Bourial","Dur\u00e9e de lecture estim\u00e9e":"4 minutes"},"schema":{"@context":"https:\/\/schema.org","@graph":[{"@type":"NewsArticle","@id":"https:\/\/www.webdo.tn\/fr\/actualite\/chroniques\/memoire-cinq-borjs-oublies-de-tunis\/187127\/#article","isPartOf":{"@id":"https:\/\/www.webdo.tn\/fr\/actualite\/chroniques\/memoire-cinq-borjs-oublies-de-tunis\/187127\/"},"author":{"name":"Hatem Bourial","@id":"https:\/\/www.webdo.tn\/fr\/#\/schema\/person\/6bc0beba2cd23aec27cb5df85ca2554f"},"headline":"La m\u00e9moire des cinq borjs oubli\u00e9s de Tunis","datePublished":"2016-07-09T07:00:00+00:00","mainEntityOfPage":{"@id":"https:\/\/www.webdo.tn\/fr\/actualite\/chroniques\/memoire-cinq-borjs-oublies-de-tunis\/187127\/"},"wordCount":785,"commentCount":0,"publisher":{"@id":"https:\/\/www.webdo.tn\/fr\/#organization"},"image":{"@id":"https:\/\/www.webdo.tn\/fr\/actualite\/chroniques\/memoire-cinq-borjs-oublies-de-tunis\/187127\/#primaryimage"},"thumbnailUrl":"https:\/\/www.webdo.tn\/fr\/wp-content\/uploads\/2025\/06\/Borj-Ali-Rais_187127.jpg","keywords":["guerre"],"articleSection":["Chroniques"],"inLanguage":"fr-FR"},{"@type":"WebPage","@id":"https:\/\/www.webdo.tn\/fr\/actualite\/chroniques\/memoire-cinq-borjs-oublies-de-tunis\/187127\/","url":"https:\/\/www.webdo.tn\/fr\/actualite\/chroniques\/memoire-cinq-borjs-oublies-de-tunis\/187127\/","name":"La m\u00e9moire des cinq borjs oubli\u00e9s de Tunis","isPartOf":{"@id":"https:\/\/www.webdo.tn\/fr\/#website"},"primaryImageOfPage":{"@id":"https:\/\/www.webdo.tn\/fr\/actualite\/chroniques\/memoire-cinq-borjs-oublies-de-tunis\/187127\/#primaryimage"},"image":{"@id":"https:\/\/www.webdo.tn\/fr\/actualite\/chroniques\/memoire-cinq-borjs-oublies-de-tunis\/187127\/#primaryimage"},"thumbnailUrl":"https:\/\/www.webdo.tn\/fr\/wp-content\/uploads\/2025\/06\/Borj-Ali-Rais_187127.jpg","datePublished":"2016-07-09T07:00:00+00:00","description":"La m\u00e9moire des cinq borjs oubli\u00e9s de Tunis","breadcrumb":{"@id":"https:\/\/www.webdo.tn\/fr\/actualite\/chroniques\/memoire-cinq-borjs-oublies-de-tunis\/187127\/#breadcrumb"},"inLanguage":"fr-FR","potentialAction":[{"@type":"ReadAction","target":["https:\/\/www.webdo.tn\/fr\/actualite\/chroniques\/memoire-cinq-borjs-oublies-de-tunis\/187127\/"]}]},{"@type":"ImageObject","inLanguage":"fr-FR","@id":"https:\/\/www.webdo.tn\/fr\/actualite\/chroniques\/memoire-cinq-borjs-oublies-de-tunis\/187127\/#primaryimage","url":"https:\/\/www.webdo.tn\/fr\/wp-content\/uploads\/2025\/06\/Borj-Ali-Rais_187127.jpg","contentUrl":"https:\/\/www.webdo.tn\/fr\/wp-content\/uploads\/2025\/06\/Borj-Ali-Rais_187127.jpg","width":1000,"height":556,"caption":"La m\u00e9moire des cinq borjs oubli\u00e9s de Tunis"},{"@type":"BreadcrumbList","@id":"https:\/\/www.webdo.tn\/fr\/actualite\/chroniques\/memoire-cinq-borjs-oublies-de-tunis\/187127\/#breadcrumb","itemListElement":[{"@type":"ListItem","position":1,"name":"Accueil","item":"https:\/\/www.webdo.tn\/fr\/"},{"@type":"ListItem","position":2,"name":"La m\u00e9moire des cinq borjs oubli\u00e9s de Tunis"}]},{"@type":"WebSite","@id":"https:\/\/www.webdo.tn\/fr\/#website","url":"https:\/\/www.webdo.tn\/fr\/","name":"webdo","description":"Tunisie - News en Tunisie et \u00e0 l&#039;international sur Webdo.tn","publisher":{"@id":"https:\/\/www.webdo.tn\/fr\/#organization"},"potentialAction":[{"@type":"SearchAction","target":{"@type":"EntryPoint","urlTemplate":"https:\/\/www.webdo.tn\/fr\/?s={search_term_string}"},"query-input":{"@type":"PropertyValueSpecification","valueRequired":true,"valueName":"search_term_string"}}],"inLanguage":"fr-FR"},{"@type":"Organization","@id":"https:\/\/www.webdo.tn\/fr\/#organization","name":"Webdo","alternateName":"Webdo.tn","url":"https:\/\/www.webdo.tn\/fr\/","logo":{"@type":"ImageObject","inLanguage":"fr-FR","@id":"https:\/\/www.webdo.tn\/fr\/#\/schema\/logo\/image\/","url":"https:\/\/www.webdo.tn\/fr\/wp-content\/uploads\/2025\/06\/Webdo-Tunisie_168377.jpg","contentUrl":"https:\/\/www.webdo.tn\/fr\/wp-content\/uploads\/2025\/06\/Webdo-Tunisie_168377.jpg","width":301,"height":301,"caption":"Webdo"},"image":{"@id":"https:\/\/www.webdo.tn\/fr\/#\/schema\/logo\/image\/"},"sameAs":["https:\/\/www.facebook.com\/webdotn","https:\/\/x.com\/webdo_tn"],"description":"Webdo est un m\u00e9dia num\u00e9rique tunisien fond\u00e9 en 2010, sp\u00e9cialis\u00e9 dans l\u2019actualit\u00e9 nationale et internationale, l\u2019\u00e9conomie, la soci\u00e9t\u00e9 et les analyses politiques. Le site s\u2019adresse \u00e0 un large public francophone et couvre l\u2019information tunisienne en temps r\u00e9el.","email":"redac@webdo.tn","legalName":"YNJ SARL","foundingDate":"2010-09-06","numberOfEmployees":{"@type":"QuantitativeValue","minValue":"11","maxValue":"50"}},{"@type":"Person","@id":"https:\/\/www.webdo.tn\/fr\/#\/schema\/person\/6bc0beba2cd23aec27cb5df85ca2554f","name":"Hatem Bourial","image":{"@type":"ImageObject","inLanguage":"fr-FR","@id":"https:\/\/www.webdo.tn\/fr\/wp-content\/uploads\/2026\/04\/hatem-bourial_avatar-96x96.jpg","url":"https:\/\/www.webdo.tn\/fr\/wp-content\/uploads\/2026\/04\/hatem-bourial_avatar-96x96.jpg","contentUrl":"https:\/\/www.webdo.tn\/fr\/wp-content\/uploads\/2026\/04\/hatem-bourial_avatar-96x96.jpg","caption":"Hatem Bourial"},"description":"Hatem Bourial est journaliste, \u00e9crivain et chroniqueur tunisien. Actif depuis plusieurs d\u00e9cennies, il s\u2019est impos\u00e9 comme un observateur attentif de la soci\u00e9t\u00e9 tunisienne, m\u00ealant dans ses \u00e9crits m\u00e9moire, culture et analyse du quotidien. Auteur de nombreux ouvrages, il d\u00e9veloppe une \u0153uvre \u00e0 la crois\u00e9e du r\u00e9cit, de la po\u00e9sie et de l\u2019observation sociologique. Parall\u00e8lement \u00e0 ses contributions dans la presse, il intervient r\u00e9guli\u00e8rement \u00e0 la radio et dans des espaces culturels, o\u00f9 il explore les enjeux li\u00e9s au patrimoine, \u00e0 l\u2019identit\u00e9 et aux transformations du monde contemporain. \u00c0 travers ses chroniques, Hatem Bourial propose une lecture sensible et approfondie de l\u2019actualit\u00e9, nourrie par une exp\u00e9rience journalistique et litt\u00e9raire reconnue. \ud83d\udd17 Facebook : https:\/\/www.facebook.com\/hatem.bourial.2025","sameAs":["https:\/\/www.facebook.com\/hatem.bourial.2025","https:\/\/fr.wikipedia.org\/wiki\/Fichier:Hatem_Bourial.jpg"],"knowsAbout":["Culture & patrimoine tunisien","Chronique soci\u00e9tale","Litt\u00e9rature & m\u00e9moire","Cin\u00e9ma & critique culturelle","Identit\u00e9 & mutations sociales"],"knowsLanguage":["Arabe","Fran\u00e7ais","Anglais","Italien","Polonais"],"jobTitle":"Journaliste, \u00e9crivain et chroniqueur culturel","worksFor":"Webdo","url":"https:\/\/www.webdo.tn\/fr\/actualite\/author\/hatem-bourial-2\/"}]}},"_links":{"self":[{"href":"https:\/\/www.webdo.tn\/fr\/wp-json\/wp\/v2\/posts\/187127","targetHints":{"allow":["GET"]}}],"collection":[{"href":"https:\/\/www.webdo.tn\/fr\/wp-json\/wp\/v2\/posts"}],"about":[{"href":"https:\/\/www.webdo.tn\/fr\/wp-json\/wp\/v2\/types\/post"}],"author":[{"embeddable":true,"href":"https:\/\/www.webdo.tn\/fr\/wp-json\/wp\/v2\/users\/3229"}],"replies":[{"embeddable":true,"href":"https:\/\/www.webdo.tn\/fr\/wp-json\/wp\/v2\/comments?post=187127"}],"version-history":[{"count":0,"href":"https:\/\/www.webdo.tn\/fr\/wp-json\/wp\/v2\/posts\/187127\/revisions"}],"wp:featuredmedia":[{"embeddable":true,"href":"https:\/\/www.webdo.tn\/fr\/wp-json\/wp\/v2\/media\/375621"}],"wp:attachment":[{"href":"https:\/\/www.webdo.tn\/fr\/wp-json\/wp\/v2\/media?parent=187127"}],"wp:term":[{"taxonomy":"category","embeddable":true,"href":"https:\/\/www.webdo.tn\/fr\/wp-json\/wp\/v2\/categories?post=187127"},{"taxonomy":"post_tag","embeddable":true,"href":"https:\/\/www.webdo.tn\/fr\/wp-json\/wp\/v2\/tags?post=187127"}],"curies":[{"name":"wp","href":"https:\/\/api.w.org\/{rel}","templated":true}]}}