{"id":187126,"date":"2016-07-08T07:00:00","date_gmt":"2016-07-08T07:00:00","guid":{"rendered":"https:\/\/www.webdo.tn\/fr\/blog\/signe-temps-lambassade-ditalie-quitte-centre-ville-de-tunis\/187126\/"},"modified":"2016-07-08T07:00:00","modified_gmt":"2016-07-08T07:00:00","slug":"signe-temps-lambassade-ditalie-quitte-centre-ville-de-tunis","status":"publish","type":"post","link":"https:\/\/www.webdo.tn\/fr\/actualite\/chroniques\/signe-temps-lambassade-ditalie-quitte-centre-ville-de-tunis\/187126\/","title":{"rendered":"Signe des temps, l&rsquo;ambassade d&rsquo;Italie quitte le centre-ville de Tunis"},"content":{"rendered":"<p>Pour ne rien vous cacher, j&rsquo;ai essuy\u00e9 une petite larme&#8230; L&rsquo;ambassade d&rsquo;Italie vient de quitter le centre-ville et ses locaux historiques entre la rue Jamel Abdenasser et la rue de Russie. Une page de l&rsquo;histoire de Tunis se tourne, se referme presque.<\/p>\n<p>En effet, l&rsquo;ambassade d&rsquo;Italie est la troisi\u00e8me chancellerie \u00e0 d\u00e9serter un centre-ville satur\u00e9, pollu\u00e9, d\u00e9natur\u00e9 par une pression intenable. D&rsquo;abord, l&rsquo;ambassade US, il y a quelques ann\u00e9es, a enclench\u00e9 le mouvement en allant s&rsquo;installer aux Berges du lac.<\/p>\n<p>Puis ce fut le tour de l&rsquo;ambassade britannique de quitter des locaux qu&rsquo;elle occupe depuis 1662 aux portes de la m\u00e9dina de Tunis.<br \/>\nEt de trois !<br \/>\nEt maintenant, c&rsquo;est au tour de l&rsquo;ambassade italienne de fermer les portes de l&rsquo;immeuble de l&rsquo;ancienne rue Essadikia&#8230; D\u00e9sormais, il ne reste plus en ville que la chancellerie de l&rsquo;ambassade fran\u00e7aise, install\u00e9e au c\u0153ur de l&rsquo;Avenue depuis 1861.<\/p>\n<p>Tunis se transforme \u00e0 grande vitesse et la disparition progressive des grandes ambassades du centre est un indice qui ne trompe pas. Les loisirs, l&rsquo;argent, la politique changent de quartier, la richesse se d\u00e9place ailleurs vers les nouveaux centres d&rsquo;une capitale qui connait une extraordinaire explosion d\u00e9mographique doubl\u00e9e d&rsquo;un incroyable \u00e9clatement spatial.<br \/>\nUn \u00e9difice des ann\u00e9es trente<br \/>\nPour cette ambassade d&rsquo;Italie, l&rsquo;\u00e9difice est tout simplement admirable. Enfant, j&rsquo;avais pu le visiter et j&rsquo;en garde une impression de gigantisme et de lumi\u00e8re, avec un patio et des colonnes qui renforcent la majest\u00e9 des lieux.<\/p>\n<p>Construite en 1931, cette ambassade est l\u2019\u0153uvre de l&rsquo;architecte Florestano Di Fausto, venu d&rsquo;Italie au nom du r\u00e9gime de Mussolini pour dessiner les plans de cet \u00e9difice, un monument rare, repr\u00e9sentatif de la tendance fascisante des ann\u00e9es trente.<br \/>\nUn lieu de m\u00e9moire, un centre culturel, un futur mus\u00e9e ?<br \/>\nUne question d\u00e9sormais: que va devenir cet immeuble ? Restera-t-il confin\u00e9 dans un abandon relatif, en souffrance de projet ? Les autorit\u00e9s italiennes escomptent-elles vendre cet \u00e9difice historique comme ce fut le cas de l&rsquo;ambassade britannique de Bab Bhar, transform\u00e9e en h\u00f4tel ?<\/p>\n<p>Lieu de m\u00e9moire, cette ambassade m\u00e9riterait un autre sort. Peut-\u00eatre pourrait-on y concevoir un mus\u00e9e de la m\u00e9moire italienne en Tunisie ou bien un grand centre culturel qui maintiendrait une forme de pr\u00e9sence italienne dans un centre-ville construit en grande partie par des \u00e9migr\u00e9s italiens.<\/p>\n<p>Les id\u00e9es ne manquent pas pour pr\u00e9server ce monument de la m\u00e9moire et l&rsquo;installer dans la post\u00e9rit\u00e9 de la m\u00e9moire italienne de Tunisie.<br \/>\nH.B.<\/p>\n","protected":false},"excerpt":{"rendered":"<p>Signe des temps, l&rsquo;ambassade d&rsquo;Italie quitte le centre-ville de Tunis<\/p>\n","protected":false},"author":3229,"featured_media":337540,"comment_status":"open","ping_status":"closed","sticky":false,"template":"","format":"standard","meta":{"footnotes":""},"categories":[2596],"tags":[2600],"class_list":["post-187126","post","type-post","status-publish","format-standard","has-post-thumbnail","hentry","category-chroniques","tag-guerre"],"yoast_head":"<!-- This site is optimized with the Yoast SEO Premium plugin v27.5 (Yoast SEO v27.5) - https:\/\/yoast.com\/product\/yoast-seo-premium-wordpress\/ -->\n<title>Signe des temps, l&#039;ambassade d&#039;Italie quitte le centre-ville de Tunis<\/title>\n<meta name=\"description\" content=\"Signe des temps, l&#039;ambassade d&#039;Italie quitte le centre-ville de Tunis\" \/>\n<link rel=\"canonical\" href=\"https:\/\/www.webdo.tn\/fr\/actualite\/chroniques\/signe-temps-lambassade-ditalie-quitte-centre-ville-de-tunis\/187126\/\" \/>\n<meta property=\"og:locale\" content=\"fr_FR\" \/>\n<meta property=\"og:type\" content=\"article\" \/>\n<meta property=\"og:title\" content=\"Signe des temps, l&#039;ambassade d&#039;Italie quitte le centre-ville de Tunis\" \/>\n<meta property=\"og:description\" content=\"Signe des temps, l&#039;ambassade d&#039;Italie quitte le centre-ville de Tunis\" \/>\n<meta property=\"og:url\" content=\"https:\/\/www.webdo.tn\/fr\/actualite\/chroniques\/signe-temps-lambassade-ditalie-quitte-centre-ville-de-tunis\/187126\/\" \/>\n<meta property=\"og:site_name\" content=\"webdo\" \/>\n<meta property=\"article:publisher\" content=\"https:\/\/www.facebook.com\/webdotn\" \/>\n<meta property=\"article:author\" content=\"https:\/\/www.facebook.com\/hatem.bourial.2025\" \/>\n<meta property=\"article:published_time\" content=\"2016-07-08T07:00:00+00:00\" \/>\n<meta property=\"og:image\" content=\"https:\/\/www.webdo.tn\/fr\/wp-content\/uploads\/2016\/07\/ambassade-ditalie-tunis-300x169-1.jpg\" \/>\n\t<meta property=\"og:image:width\" content=\"300\" \/>\n\t<meta property=\"og:image:height\" content=\"169\" \/>\n\t<meta property=\"og:image:type\" content=\"image\/jpeg\" \/>\n<meta name=\"author\" content=\"Hatem Bourial\" \/>\n<meta name=\"twitter:card\" content=\"summary_large_image\" \/>\n<meta name=\"twitter:creator\" content=\"@webdo_tn\" \/>\n<meta name=\"twitter:site\" content=\"@webdo_tn\" \/>\n<meta name=\"twitter:label1\" content=\"\u00c9crit par\" \/>\n\t<meta name=\"twitter:data1\" content=\"Hatem Bourial\" \/>\n\t<meta name=\"twitter:label2\" content=\"Dur\u00e9e de lecture estim\u00e9e\" \/>\n\t<meta name=\"twitter:data2\" content=\"2 minutes\" \/>\n<script type=\"application\/ld+json\" class=\"yoast-schema-graph\">{\"@context\":\"https:\\\/\\\/schema.org\",\"@graph\":[{\"@type\":\"NewsArticle\",\"@id\":\"https:\\\/\\\/www.webdo.tn\\\/fr\\\/actualite\\\/chroniques\\\/signe-temps-lambassade-ditalie-quitte-centre-ville-de-tunis\\\/187126\\\/#article\",\"isPartOf\":{\"@id\":\"https:\\\/\\\/www.webdo.tn\\\/fr\\\/actualite\\\/chroniques\\\/signe-temps-lambassade-ditalie-quitte-centre-ville-de-tunis\\\/187126\\\/\"},\"author\":{\"name\":\"Hatem Bourial\",\"@id\":\"https:\\\/\\\/www.webdo.tn\\\/fr\\\/#\\\/schema\\\/person\\\/6bc0beba2cd23aec27cb5df85ca2554f\"},\"headline\":\"Signe des temps, l&rsquo;ambassade d&rsquo;Italie quitte le centre-ville de Tunis\",\"datePublished\":\"2016-07-08T07:00:00+00:00\",\"mainEntityOfPage\":{\"@id\":\"https:\\\/\\\/www.webdo.tn\\\/fr\\\/actualite\\\/chroniques\\\/signe-temps-lambassade-ditalie-quitte-centre-ville-de-tunis\\\/187126\\\/\"},\"wordCount\":466,\"commentCount\":0,\"publisher\":{\"@id\":\"https:\\\/\\\/www.webdo.tn\\\/fr\\\/#organization\"},\"image\":{\"@id\":\"https:\\\/\\\/www.webdo.tn\\\/fr\\\/actualite\\\/chroniques\\\/signe-temps-lambassade-ditalie-quitte-centre-ville-de-tunis\\\/187126\\\/#primaryimage\"},\"thumbnailUrl\":\"https:\\\/\\\/www.webdo.tn\\\/fr\\\/wp-content\\\/uploads\\\/2016\\\/07\\\/ambassade-ditalie-tunis-300x169-1.jpg\",\"keywords\":[\"guerre\"],\"articleSection\":[\"Chroniques\"],\"inLanguage\":\"fr-FR\"},{\"@type\":\"WebPage\",\"@id\":\"https:\\\/\\\/www.webdo.tn\\\/fr\\\/actualite\\\/chroniques\\\/signe-temps-lambassade-ditalie-quitte-centre-ville-de-tunis\\\/187126\\\/\",\"url\":\"https:\\\/\\\/www.webdo.tn\\\/fr\\\/actualite\\\/chroniques\\\/signe-temps-lambassade-ditalie-quitte-centre-ville-de-tunis\\\/187126\\\/\",\"name\":\"Signe des temps, l'ambassade d'Italie quitte le centre-ville de Tunis\",\"isPartOf\":{\"@id\":\"https:\\\/\\\/www.webdo.tn\\\/fr\\\/#website\"},\"primaryImageOfPage\":{\"@id\":\"https:\\\/\\\/www.webdo.tn\\\/fr\\\/actualite\\\/chroniques\\\/signe-temps-lambassade-ditalie-quitte-centre-ville-de-tunis\\\/187126\\\/#primaryimage\"},\"image\":{\"@id\":\"https:\\\/\\\/www.webdo.tn\\\/fr\\\/actualite\\\/chroniques\\\/signe-temps-lambassade-ditalie-quitte-centre-ville-de-tunis\\\/187126\\\/#primaryimage\"},\"thumbnailUrl\":\"https:\\\/\\\/www.webdo.tn\\\/fr\\\/wp-content\\\/uploads\\\/2016\\\/07\\\/ambassade-ditalie-tunis-300x169-1.jpg\",\"datePublished\":\"2016-07-08T07:00:00+00:00\",\"description\":\"Signe des temps, l'ambassade d'Italie quitte le centre-ville de Tunis\",\"breadcrumb\":{\"@id\":\"https:\\\/\\\/www.webdo.tn\\\/fr\\\/actualite\\\/chroniques\\\/signe-temps-lambassade-ditalie-quitte-centre-ville-de-tunis\\\/187126\\\/#breadcrumb\"},\"inLanguage\":\"fr-FR\",\"potentialAction\":[{\"@type\":\"ReadAction\",\"target\":[\"https:\\\/\\\/www.webdo.tn\\\/fr\\\/actualite\\\/chroniques\\\/signe-temps-lambassade-ditalie-quitte-centre-ville-de-tunis\\\/187126\\\/\"]}]},{\"@type\":\"ImageObject\",\"inLanguage\":\"fr-FR\",\"@id\":\"https:\\\/\\\/www.webdo.tn\\\/fr\\\/actualite\\\/chroniques\\\/signe-temps-lambassade-ditalie-quitte-centre-ville-de-tunis\\\/187126\\\/#primaryimage\",\"url\":\"https:\\\/\\\/www.webdo.tn\\\/fr\\\/wp-content\\\/uploads\\\/2016\\\/07\\\/ambassade-ditalie-tunis-300x169-1.jpg\",\"contentUrl\":\"https:\\\/\\\/www.webdo.tn\\\/fr\\\/wp-content\\\/uploads\\\/2016\\\/07\\\/ambassade-ditalie-tunis-300x169-1.jpg\",\"width\":300,\"height\":169,\"caption\":\"Signe des temps, l'ambassade d'Italie quitte le centre-ville de Tunis\"},{\"@type\":\"BreadcrumbList\",\"@id\":\"https:\\\/\\\/www.webdo.tn\\\/fr\\\/actualite\\\/chroniques\\\/signe-temps-lambassade-ditalie-quitte-centre-ville-de-tunis\\\/187126\\\/#breadcrumb\",\"itemListElement\":[{\"@type\":\"ListItem\",\"position\":1,\"name\":\"Accueil\",\"item\":\"https:\\\/\\\/www.webdo.tn\\\/fr\\\/\"},{\"@type\":\"ListItem\",\"position\":2,\"name\":\"Signe des temps, l&#8217;ambassade d&#8217;Italie quitte le centre-ville de Tunis\"}]},{\"@type\":\"WebSite\",\"@id\":\"https:\\\/\\\/www.webdo.tn\\\/fr\\\/#website\",\"url\":\"https:\\\/\\\/www.webdo.tn\\\/fr\\\/\",\"name\":\"webdo\",\"description\":\"Tunisie - News en Tunisie et \u00e0 l&#039;international sur Webdo.tn\",\"publisher\":{\"@id\":\"https:\\\/\\\/www.webdo.tn\\\/fr\\\/#organization\"},\"potentialAction\":[{\"@type\":\"SearchAction\",\"target\":{\"@type\":\"EntryPoint\",\"urlTemplate\":\"https:\\\/\\\/www.webdo.tn\\\/fr\\\/?s={search_term_string}\"},\"query-input\":{\"@type\":\"PropertyValueSpecification\",\"valueRequired\":true,\"valueName\":\"search_term_string\"}}],\"inLanguage\":\"fr-FR\"},{\"@type\":\"Organization\",\"@id\":\"https:\\\/\\\/www.webdo.tn\\\/fr\\\/#organization\",\"name\":\"Webdo\",\"alternateName\":\"Webdo.tn\",\"url\":\"https:\\\/\\\/www.webdo.tn\\\/fr\\\/\",\"logo\":{\"@type\":\"ImageObject\",\"inLanguage\":\"fr-FR\",\"@id\":\"https:\\\/\\\/www.webdo.tn\\\/fr\\\/#\\\/schema\\\/logo\\\/image\\\/\",\"url\":\"https:\\\/\\\/www.webdo.tn\\\/fr\\\/wp-content\\\/uploads\\\/2025\\\/06\\\/Webdo-Tunisie_168377.jpg\",\"contentUrl\":\"https:\\\/\\\/www.webdo.tn\\\/fr\\\/wp-content\\\/uploads\\\/2025\\\/06\\\/Webdo-Tunisie_168377.jpg\",\"width\":301,\"height\":301,\"caption\":\"Webdo\"},\"image\":{\"@id\":\"https:\\\/\\\/www.webdo.tn\\\/fr\\\/#\\\/schema\\\/logo\\\/image\\\/\"},\"sameAs\":[\"https:\\\/\\\/www.facebook.com\\\/webdotn\",\"https:\\\/\\\/x.com\\\/webdo_tn\"],\"description\":\"Webdo est un m\u00e9dia num\u00e9rique tunisien fond\u00e9 en 2010, sp\u00e9cialis\u00e9 dans l\u2019actualit\u00e9 nationale et internationale, l\u2019\u00e9conomie, la soci\u00e9t\u00e9 et les analyses politiques. Le site s\u2019adresse \u00e0 un large public francophone et couvre l\u2019information tunisienne en temps r\u00e9el.\",\"email\":\"redac@webdo.tn\",\"legalName\":\"YNJ SARL\",\"foundingDate\":\"2010-09-06\",\"numberOfEmployees\":{\"@type\":\"QuantitativeValue\",\"minValue\":\"11\",\"maxValue\":\"50\"}},{\"@type\":\"Person\",\"@id\":\"https:\\\/\\\/www.webdo.tn\\\/fr\\\/#\\\/schema\\\/person\\\/6bc0beba2cd23aec27cb5df85ca2554f\",\"name\":\"Hatem Bourial\",\"image\":{\"@type\":\"ImageObject\",\"inLanguage\":\"fr-FR\",\"@id\":\"https:\\\/\\\/www.webdo.tn\\\/fr\\\/wp-content\\\/uploads\\\/2026\\\/04\\\/hatem-bourial_avatar-96x96.jpg\",\"url\":\"https:\\\/\\\/www.webdo.tn\\\/fr\\\/wp-content\\\/uploads\\\/2026\\\/04\\\/hatem-bourial_avatar-96x96.jpg\",\"contentUrl\":\"https:\\\/\\\/www.webdo.tn\\\/fr\\\/wp-content\\\/uploads\\\/2026\\\/04\\\/hatem-bourial_avatar-96x96.jpg\",\"caption\":\"Hatem Bourial\"},\"description\":\"Hatem Bourial est journaliste, \u00e9crivain et chroniqueur tunisien. Actif depuis plusieurs d\u00e9cennies, il s\u2019est impos\u00e9 comme un observateur attentif de la soci\u00e9t\u00e9 tunisienne, m\u00ealant dans ses \u00e9crits m\u00e9moire, culture et analyse du quotidien. Auteur de nombreux ouvrages, il d\u00e9veloppe une \u0153uvre \u00e0 la crois\u00e9e du r\u00e9cit, de la po\u00e9sie et de l\u2019observation sociologique. Parall\u00e8lement \u00e0 ses contributions dans la presse, il intervient r\u00e9guli\u00e8rement \u00e0 la radio et dans des espaces culturels, o\u00f9 il explore les enjeux li\u00e9s au patrimoine, \u00e0 l\u2019identit\u00e9 et aux transformations du monde contemporain. \u00c0 travers ses chroniques, Hatem Bourial propose une lecture sensible et approfondie de l\u2019actualit\u00e9, nourrie par une exp\u00e9rience journalistique et litt\u00e9raire reconnue. \ud83d\udd17 Facebook : https:\\\/\\\/www.facebook.com\\\/hatem.bourial.2025\",\"sameAs\":[\"https:\\\/\\\/www.facebook.com\\\/hatem.bourial.2025\",\"https:\\\/\\\/fr.wikipedia.org\\\/wiki\\\/Fichier:Hatem_Bourial.jpg\"],\"knowsAbout\":[\"Culture & patrimoine tunisien\",\"Chronique soci\u00e9tale\",\"Litt\u00e9rature & m\u00e9moire\",\"Cin\u00e9ma & critique culturelle\",\"Identit\u00e9 & mutations sociales\"],\"knowsLanguage\":[\"Arabe\",\"Fran\u00e7ais\",\"Anglais\",\"Italien\",\"Polonais\"],\"jobTitle\":\"Journaliste, \u00e9crivain et chroniqueur culturel\",\"worksFor\":\"Webdo\",\"url\":\"https:\\\/\\\/www.webdo.tn\\\/fr\\\/actualite\\\/author\\\/hatem-bourial-2\\\/\"}]}<\/script>\n<!-- \/ Yoast SEO Premium plugin. -->","yoast_head_json":{"title":"Signe des temps, l'ambassade d'Italie quitte le centre-ville de Tunis","description":"Signe des temps, l'ambassade d'Italie quitte le centre-ville de Tunis","canonical":"https:\/\/www.webdo.tn\/fr\/actualite\/chroniques\/signe-temps-lambassade-ditalie-quitte-centre-ville-de-tunis\/187126\/","og_locale":"fr_FR","og_type":"article","og_title":"Signe des temps, l'ambassade d'Italie quitte le centre-ville de Tunis","og_description":"Signe des temps, l'ambassade d'Italie quitte le centre-ville de Tunis","og_url":"https:\/\/www.webdo.tn\/fr\/actualite\/chroniques\/signe-temps-lambassade-ditalie-quitte-centre-ville-de-tunis\/187126\/","og_site_name":"webdo","article_publisher":"https:\/\/www.facebook.com\/webdotn","article_author":"https:\/\/www.facebook.com\/hatem.bourial.2025","article_published_time":"2016-07-08T07:00:00+00:00","og_image":[{"width":300,"height":169,"url":"https:\/\/www.webdo.tn\/fr\/wp-content\/uploads\/2016\/07\/ambassade-ditalie-tunis-300x169-1.jpg","type":"image\/jpeg"}],"author":"Hatem Bourial","twitter_card":"summary_large_image","twitter_creator":"@webdo_tn","twitter_site":"@webdo_tn","twitter_misc":{"\u00c9crit par":"Hatem Bourial","Dur\u00e9e de lecture estim\u00e9e":"2 minutes"},"schema":{"@context":"https:\/\/schema.org","@graph":[{"@type":"NewsArticle","@id":"https:\/\/www.webdo.tn\/fr\/actualite\/chroniques\/signe-temps-lambassade-ditalie-quitte-centre-ville-de-tunis\/187126\/#article","isPartOf":{"@id":"https:\/\/www.webdo.tn\/fr\/actualite\/chroniques\/signe-temps-lambassade-ditalie-quitte-centre-ville-de-tunis\/187126\/"},"author":{"name":"Hatem Bourial","@id":"https:\/\/www.webdo.tn\/fr\/#\/schema\/person\/6bc0beba2cd23aec27cb5df85ca2554f"},"headline":"Signe des temps, l&rsquo;ambassade d&rsquo;Italie quitte le centre-ville de Tunis","datePublished":"2016-07-08T07:00:00+00:00","mainEntityOfPage":{"@id":"https:\/\/www.webdo.tn\/fr\/actualite\/chroniques\/signe-temps-lambassade-ditalie-quitte-centre-ville-de-tunis\/187126\/"},"wordCount":466,"commentCount":0,"publisher":{"@id":"https:\/\/www.webdo.tn\/fr\/#organization"},"image":{"@id":"https:\/\/www.webdo.tn\/fr\/actualite\/chroniques\/signe-temps-lambassade-ditalie-quitte-centre-ville-de-tunis\/187126\/#primaryimage"},"thumbnailUrl":"https:\/\/www.webdo.tn\/fr\/wp-content\/uploads\/2016\/07\/ambassade-ditalie-tunis-300x169-1.jpg","keywords":["guerre"],"articleSection":["Chroniques"],"inLanguage":"fr-FR"},{"@type":"WebPage","@id":"https:\/\/www.webdo.tn\/fr\/actualite\/chroniques\/signe-temps-lambassade-ditalie-quitte-centre-ville-de-tunis\/187126\/","url":"https:\/\/www.webdo.tn\/fr\/actualite\/chroniques\/signe-temps-lambassade-ditalie-quitte-centre-ville-de-tunis\/187126\/","name":"Signe des temps, l'ambassade d'Italie quitte le centre-ville de Tunis","isPartOf":{"@id":"https:\/\/www.webdo.tn\/fr\/#website"},"primaryImageOfPage":{"@id":"https:\/\/www.webdo.tn\/fr\/actualite\/chroniques\/signe-temps-lambassade-ditalie-quitte-centre-ville-de-tunis\/187126\/#primaryimage"},"image":{"@id":"https:\/\/www.webdo.tn\/fr\/actualite\/chroniques\/signe-temps-lambassade-ditalie-quitte-centre-ville-de-tunis\/187126\/#primaryimage"},"thumbnailUrl":"https:\/\/www.webdo.tn\/fr\/wp-content\/uploads\/2016\/07\/ambassade-ditalie-tunis-300x169-1.jpg","datePublished":"2016-07-08T07:00:00+00:00","description":"Signe des temps, l'ambassade d'Italie quitte le centre-ville de Tunis","breadcrumb":{"@id":"https:\/\/www.webdo.tn\/fr\/actualite\/chroniques\/signe-temps-lambassade-ditalie-quitte-centre-ville-de-tunis\/187126\/#breadcrumb"},"inLanguage":"fr-FR","potentialAction":[{"@type":"ReadAction","target":["https:\/\/www.webdo.tn\/fr\/actualite\/chroniques\/signe-temps-lambassade-ditalie-quitte-centre-ville-de-tunis\/187126\/"]}]},{"@type":"ImageObject","inLanguage":"fr-FR","@id":"https:\/\/www.webdo.tn\/fr\/actualite\/chroniques\/signe-temps-lambassade-ditalie-quitte-centre-ville-de-tunis\/187126\/#primaryimage","url":"https:\/\/www.webdo.tn\/fr\/wp-content\/uploads\/2016\/07\/ambassade-ditalie-tunis-300x169-1.jpg","contentUrl":"https:\/\/www.webdo.tn\/fr\/wp-content\/uploads\/2016\/07\/ambassade-ditalie-tunis-300x169-1.jpg","width":300,"height":169,"caption":"Signe des temps, l'ambassade d'Italie quitte le centre-ville de Tunis"},{"@type":"BreadcrumbList","@id":"https:\/\/www.webdo.tn\/fr\/actualite\/chroniques\/signe-temps-lambassade-ditalie-quitte-centre-ville-de-tunis\/187126\/#breadcrumb","itemListElement":[{"@type":"ListItem","position":1,"name":"Accueil","item":"https:\/\/www.webdo.tn\/fr\/"},{"@type":"ListItem","position":2,"name":"Signe des temps, l&#8217;ambassade d&#8217;Italie quitte le centre-ville de Tunis"}]},{"@type":"WebSite","@id":"https:\/\/www.webdo.tn\/fr\/#website","url":"https:\/\/www.webdo.tn\/fr\/","name":"webdo","description":"Tunisie - News en Tunisie et \u00e0 l&#039;international sur Webdo.tn","publisher":{"@id":"https:\/\/www.webdo.tn\/fr\/#organization"},"potentialAction":[{"@type":"SearchAction","target":{"@type":"EntryPoint","urlTemplate":"https:\/\/www.webdo.tn\/fr\/?s={search_term_string}"},"query-input":{"@type":"PropertyValueSpecification","valueRequired":true,"valueName":"search_term_string"}}],"inLanguage":"fr-FR"},{"@type":"Organization","@id":"https:\/\/www.webdo.tn\/fr\/#organization","name":"Webdo","alternateName":"Webdo.tn","url":"https:\/\/www.webdo.tn\/fr\/","logo":{"@type":"ImageObject","inLanguage":"fr-FR","@id":"https:\/\/www.webdo.tn\/fr\/#\/schema\/logo\/image\/","url":"https:\/\/www.webdo.tn\/fr\/wp-content\/uploads\/2025\/06\/Webdo-Tunisie_168377.jpg","contentUrl":"https:\/\/www.webdo.tn\/fr\/wp-content\/uploads\/2025\/06\/Webdo-Tunisie_168377.jpg","width":301,"height":301,"caption":"Webdo"},"image":{"@id":"https:\/\/www.webdo.tn\/fr\/#\/schema\/logo\/image\/"},"sameAs":["https:\/\/www.facebook.com\/webdotn","https:\/\/x.com\/webdo_tn"],"description":"Webdo est un m\u00e9dia num\u00e9rique tunisien fond\u00e9 en 2010, sp\u00e9cialis\u00e9 dans l\u2019actualit\u00e9 nationale et internationale, l\u2019\u00e9conomie, la soci\u00e9t\u00e9 et les analyses politiques. Le site s\u2019adresse \u00e0 un large public francophone et couvre l\u2019information tunisienne en temps r\u00e9el.","email":"redac@webdo.tn","legalName":"YNJ SARL","foundingDate":"2010-09-06","numberOfEmployees":{"@type":"QuantitativeValue","minValue":"11","maxValue":"50"}},{"@type":"Person","@id":"https:\/\/www.webdo.tn\/fr\/#\/schema\/person\/6bc0beba2cd23aec27cb5df85ca2554f","name":"Hatem Bourial","image":{"@type":"ImageObject","inLanguage":"fr-FR","@id":"https:\/\/www.webdo.tn\/fr\/wp-content\/uploads\/2026\/04\/hatem-bourial_avatar-96x96.jpg","url":"https:\/\/www.webdo.tn\/fr\/wp-content\/uploads\/2026\/04\/hatem-bourial_avatar-96x96.jpg","contentUrl":"https:\/\/www.webdo.tn\/fr\/wp-content\/uploads\/2026\/04\/hatem-bourial_avatar-96x96.jpg","caption":"Hatem Bourial"},"description":"Hatem Bourial est journaliste, \u00e9crivain et chroniqueur tunisien. Actif depuis plusieurs d\u00e9cennies, il s\u2019est impos\u00e9 comme un observateur attentif de la soci\u00e9t\u00e9 tunisienne, m\u00ealant dans ses \u00e9crits m\u00e9moire, culture et analyse du quotidien. Auteur de nombreux ouvrages, il d\u00e9veloppe une \u0153uvre \u00e0 la crois\u00e9e du r\u00e9cit, de la po\u00e9sie et de l\u2019observation sociologique. Parall\u00e8lement \u00e0 ses contributions dans la presse, il intervient r\u00e9guli\u00e8rement \u00e0 la radio et dans des espaces culturels, o\u00f9 il explore les enjeux li\u00e9s au patrimoine, \u00e0 l\u2019identit\u00e9 et aux transformations du monde contemporain. \u00c0 travers ses chroniques, Hatem Bourial propose une lecture sensible et approfondie de l\u2019actualit\u00e9, nourrie par une exp\u00e9rience journalistique et litt\u00e9raire reconnue. \ud83d\udd17 Facebook : https:\/\/www.facebook.com\/hatem.bourial.2025","sameAs":["https:\/\/www.facebook.com\/hatem.bourial.2025","https:\/\/fr.wikipedia.org\/wiki\/Fichier:Hatem_Bourial.jpg"],"knowsAbout":["Culture & patrimoine tunisien","Chronique soci\u00e9tale","Litt\u00e9rature & m\u00e9moire","Cin\u00e9ma & critique culturelle","Identit\u00e9 & mutations sociales"],"knowsLanguage":["Arabe","Fran\u00e7ais","Anglais","Italien","Polonais"],"jobTitle":"Journaliste, \u00e9crivain et chroniqueur culturel","worksFor":"Webdo","url":"https:\/\/www.webdo.tn\/fr\/actualite\/author\/hatem-bourial-2\/"}]}},"_links":{"self":[{"href":"https:\/\/www.webdo.tn\/fr\/wp-json\/wp\/v2\/posts\/187126","targetHints":{"allow":["GET"]}}],"collection":[{"href":"https:\/\/www.webdo.tn\/fr\/wp-json\/wp\/v2\/posts"}],"about":[{"href":"https:\/\/www.webdo.tn\/fr\/wp-json\/wp\/v2\/types\/post"}],"author":[{"embeddable":true,"href":"https:\/\/www.webdo.tn\/fr\/wp-json\/wp\/v2\/users\/3229"}],"replies":[{"embeddable":true,"href":"https:\/\/www.webdo.tn\/fr\/wp-json\/wp\/v2\/comments?post=187126"}],"version-history":[{"count":0,"href":"https:\/\/www.webdo.tn\/fr\/wp-json\/wp\/v2\/posts\/187126\/revisions"}],"wp:featuredmedia":[{"embeddable":true,"href":"https:\/\/www.webdo.tn\/fr\/wp-json\/wp\/v2\/media\/337540"}],"wp:attachment":[{"href":"https:\/\/www.webdo.tn\/fr\/wp-json\/wp\/v2\/media?parent=187126"}],"wp:term":[{"taxonomy":"category","embeddable":true,"href":"https:\/\/www.webdo.tn\/fr\/wp-json\/wp\/v2\/categories?post=187126"},{"taxonomy":"post_tag","embeddable":true,"href":"https:\/\/www.webdo.tn\/fr\/wp-json\/wp\/v2\/tags?post=187126"}],"curies":[{"name":"wp","href":"https:\/\/api.w.org\/{rel}","templated":true}]}}