{"id":187125,"date":"2016-07-07T07:00:00","date_gmt":"2016-07-07T07:00:00","guid":{"rendered":"https:\/\/www.webdo.tn\/fr\/blog\/premiere-gorgee-de-biere-apres-ramadan\/187125\/"},"modified":"2016-07-07T07:00:00","modified_gmt":"2016-07-07T07:00:00","slug":"premiere-gorgee-de-biere-apres-ramadan","status":"publish","type":"post","link":"https:\/\/www.webdo.tn\/fr\/actualite\/chroniques\/premiere-gorgee-de-biere-apres-ramadan\/187125\/","title":{"rendered":"La premi\u00e8re gorg\u00e9e de bi\u00e8re apr\u00e8s Ramadan"},"content":{"rendered":"<p>J&rsquo;aurais pu, pour parfaitement paraphraser Philippe Delerm, ajouter en sous-titre \u00a0\u00bb et autres plaisirs d\u00e9sormais menac\u00e9s\u00a0\u00bb.<\/p>\n<p>Delerm avait en effet intitul\u00e9 le bouquin qui m&rsquo;inspire ce titre \u00ab\u00a0La premi\u00e8re gorg\u00e9e de bi\u00e8re et autres plaisirs minuscules\u00a0\u00bb.<br \/>\nPlaisirs minuscules en souffrance<br \/>\nSi ce livre vous tombe sous la main, n&rsquo;h\u00e9sitez pas, il est d&rsquo;une lecture agr\u00e9able et rapide. A peine une centaine de pages et de la meilleure eau! Ou faudrait-il plut\u00f4t parler de bi\u00e8re ?<\/p>\n<p>Donc parlons-en de cette premi\u00e8re gorg\u00e9e apr\u00e8s le mois de Ramadan et soyons clairement d\u00e9salt\u00e9r\u00e9s&#8230;<\/p>\n<p>Nous sommes nombreux \u00e0 avoir remarqu\u00e9 que depuis maintenant quelques ann\u00e9es, des instructions ont \u00e9t\u00e9 donn\u00e9s aux bars et restaurants de ne plus servir de boissons alcoolis\u00e9es les jours de f\u00eates religieuses.<br \/>\nUne mesure discutable, des pr\u00e9c\u00e9dents inqui\u00e9tants<br \/>\nCette mesure est discutable surtout lorsqu&rsquo;elle est prise en catimini, dans un esprit rigoriste, bigot et int\u00e9griste.<\/p>\n<p>Cette mesure ressemble d&rsquo;ailleurs \u00e0 de nombreuses autres qui sont l&rsquo;indice d&rsquo;une mont\u00e9e des fondamentalistes qui r\u00eavent \u00e0 voix haute d&rsquo;instituer une police des m\u0153urs pour mater les Tunisiennes, les Tunisiens, ceux qui ne pensent pas comme eux et, dans la foul\u00e9e, les lois de la R\u00e9publique.<\/p>\n<p>Souvenez-vous du flic fulminant de Monastir qui rossait une jeune fille coupable de ne pas je\u00fbner ! Souvenez-vous du jeune emprisonn\u00e9 \u00e0 cause d&rsquo;une canette de bi\u00e8re dans la malle de sa voiture! Souvenez-vous aussi du harc\u00e8lement que subissent les buveurs dans un pays qui pratique une duplicit\u00e9 d&rsquo;Etat \u00e0 leur encontre&#8230;<br \/>\nBigots, hypocrites et f\u00e9odaux<br \/>\nMais pas de panique ! Apr\u00e8s le tour de vis du Ramadan, c&rsquo;est retour \u00e0 la case d\u00e9part et permissivit\u00e9 minimale, en attendant mieux ou pire, selon les points de vue.<\/p>\n<p>C&rsquo;est que dans la configuration actuelle, la strat\u00e9gie des islamistes d\u00e9sormais masqu\u00e9s sera celle d&rsquo;un parti conservateur qui aura pour souci premier de ne pas se mettre \u00e0 dos les puissances occidentales.<\/p>\n<p>Je n&rsquo;ai aucune inqui\u00e9tude dans l&rsquo;imm\u00e9diat en ce qui concerne nos plaisirs minuscules. Je suis convaincu par contre que ces plaisirs sont menac\u00e9s sur le moyen terme.<\/p>\n<p>Il y aura encore des tentatives pour instaurer un ordre moral \u00e0 la saoudienne dans un pays m\u00e9diterran\u00e9en qui rejette ces modes de vie bigots, hypocrites et f\u00e9odaux, avec des seigneurs pour lesquels tout est permis et des serfs en esclavage et en laisse.<br \/>\nEros, Thanatos et le temps qui passe&#8230;<br \/>\nDans le pass\u00e9, il y a eu des attaques contre des bars et des h\u00f4tels et, j&rsquo;affirme que cela se reproduira car ceux qui pr\u00e9conisent ce type de terreur se ressentent plus l\u00e9gitimes que les autres Tunisiens.<\/p>\n<p>Ils ont tort de croire que les instincts de mort qui les portent pourront leur permettre de dicter leur loi aux simples bons vivants que nous sommes. Mais Thanatos ne tuera point Eros.<\/p>\n<p>Ils sont aux aguets et attendent. Ils sont sur le qui-vive et investissent un pays entier de medersas archa\u00efques qui sont en contradiction avec les lois de la R\u00e9publique. Ils attendent leur heure et le grand soir islamiste qu&rsquo;ils pensent aussi in\u00e9luctable que le Jugement dernier.<br \/>\nGamberger donne soif !<br \/>\nMais pas de panique sur le court terme ! Les loups sont pour le moment d\u00e9guis\u00e9s en agneaux et travaillent en underground, quitte \u00e0 attendre encore trente ans pour que le fruit Tunisie soit bien m\u00fbr.<\/p>\n<p>Vigilance ! Mais pas de panique&#8230; Allez, je crois que je vais aller siroter cette premi\u00e8re gorg\u00e9e de bi\u00e8re ou peut-\u00eatre une rasade de vin! Gamberger donne soif&#8230;<br \/>\nH.B.<\/p>\n","protected":false},"excerpt":{"rendered":"<p>La premi\u00e8re gorg\u00e9e de bi\u00e8re apr\u00e8s Ramadan<\/p>\n","protected":false},"author":3229,"featured_media":372526,"comment_status":"open","ping_status":"closed","sticky":false,"template":"","format":"standard","meta":{"footnotes":""},"categories":[2596],"tags":[2600],"class_list":["post-187125","post","type-post","status-publish","format-standard","has-post-thumbnail","hentry","category-chroniques","tag-guerre"],"yoast_head":"<!-- This site is optimized with the Yoast SEO Premium plugin v27.5 (Yoast SEO v27.5) - https:\/\/yoast.com\/product\/yoast-seo-premium-wordpress\/ -->\n<title>La premi\u00e8re gorg\u00e9e de bi\u00e8re apr\u00e8s Ramadan<\/title>\n<meta name=\"description\" content=\"La premi\u00e8re gorg\u00e9e de bi\u00e8re apr\u00e8s Ramadan\" \/>\n<link rel=\"canonical\" href=\"https:\/\/www.webdo.tn\/fr\/actualite\/chroniques\/premiere-gorgee-de-biere-apres-ramadan\/187125\/\" \/>\n<meta property=\"og:locale\" content=\"fr_FR\" \/>\n<meta property=\"og:type\" content=\"article\" \/>\n<meta property=\"og:title\" content=\"La premi\u00e8re gorg\u00e9e de bi\u00e8re apr\u00e8s Ramadan\" \/>\n<meta property=\"og:description\" content=\"La premi\u00e8re gorg\u00e9e de bi\u00e8re apr\u00e8s Ramadan\" \/>\n<meta property=\"og:url\" content=\"https:\/\/www.webdo.tn\/fr\/actualite\/chroniques\/premiere-gorgee-de-biere-apres-ramadan\/187125\/\" \/>\n<meta property=\"og:site_name\" content=\"webdo\" \/>\n<meta property=\"article:publisher\" content=\"https:\/\/www.facebook.com\/webdotn\" \/>\n<meta property=\"article:author\" content=\"https:\/\/www.facebook.com\/hatem.bourial.2025\" \/>\n<meta property=\"article:published_time\" content=\"2016-07-07T07:00:00+00:00\" \/>\n<meta name=\"author\" content=\"Hatem Bourial\" \/>\n<meta name=\"twitter:card\" content=\"summary_large_image\" \/>\n<meta name=\"twitter:creator\" content=\"@webdo_tn\" \/>\n<meta name=\"twitter:site\" content=\"@webdo_tn\" \/>\n<meta name=\"twitter:label1\" content=\"\u00c9crit par\" \/>\n\t<meta name=\"twitter:data1\" content=\"Hatem Bourial\" \/>\n\t<meta name=\"twitter:label2\" content=\"Dur\u00e9e de lecture estim\u00e9e\" \/>\n\t<meta name=\"twitter:data2\" content=\"3 minutes\" \/>\n<script type=\"application\/ld+json\" class=\"yoast-schema-graph\">{\"@context\":\"https:\\\/\\\/schema.org\",\"@graph\":[{\"@type\":\"NewsArticle\",\"@id\":\"https:\\\/\\\/www.webdo.tn\\\/fr\\\/actualite\\\/chroniques\\\/premiere-gorgee-de-biere-apres-ramadan\\\/187125\\\/#article\",\"isPartOf\":{\"@id\":\"https:\\\/\\\/www.webdo.tn\\\/fr\\\/actualite\\\/chroniques\\\/premiere-gorgee-de-biere-apres-ramadan\\\/187125\\\/\"},\"author\":{\"name\":\"Hatem Bourial\",\"@id\":\"https:\\\/\\\/www.webdo.tn\\\/fr\\\/#\\\/schema\\\/person\\\/6bc0beba2cd23aec27cb5df85ca2554f\"},\"headline\":\"La premi\u00e8re gorg\u00e9e de bi\u00e8re apr\u00e8s Ramadan\",\"datePublished\":\"2016-07-07T07:00:00+00:00\",\"mainEntityOfPage\":{\"@id\":\"https:\\\/\\\/www.webdo.tn\\\/fr\\\/actualite\\\/chroniques\\\/premiere-gorgee-de-biere-apres-ramadan\\\/187125\\\/\"},\"wordCount\":644,\"commentCount\":0,\"publisher\":{\"@id\":\"https:\\\/\\\/www.webdo.tn\\\/fr\\\/#organization\"},\"image\":{\"@id\":\"https:\\\/\\\/www.webdo.tn\\\/fr\\\/actualite\\\/chroniques\\\/premiere-gorgee-de-biere-apres-ramadan\\\/187125\\\/#primaryimage\"},\"thumbnailUrl\":\"https:\\\/\\\/www.webdo.tn\\\/fr\\\/wp-content\\\/uploads\\\/2025\\\/06\\\/biere-300x169_187125.jpg\",\"keywords\":[\"guerre\"],\"articleSection\":[\"Chroniques\"],\"inLanguage\":\"fr-FR\"},{\"@type\":\"WebPage\",\"@id\":\"https:\\\/\\\/www.webdo.tn\\\/fr\\\/actualite\\\/chroniques\\\/premiere-gorgee-de-biere-apres-ramadan\\\/187125\\\/\",\"url\":\"https:\\\/\\\/www.webdo.tn\\\/fr\\\/actualite\\\/chroniques\\\/premiere-gorgee-de-biere-apres-ramadan\\\/187125\\\/\",\"name\":\"La premi\u00e8re gorg\u00e9e de bi\u00e8re apr\u00e8s Ramadan\",\"isPartOf\":{\"@id\":\"https:\\\/\\\/www.webdo.tn\\\/fr\\\/#website\"},\"primaryImageOfPage\":{\"@id\":\"https:\\\/\\\/www.webdo.tn\\\/fr\\\/actualite\\\/chroniques\\\/premiere-gorgee-de-biere-apres-ramadan\\\/187125\\\/#primaryimage\"},\"image\":{\"@id\":\"https:\\\/\\\/www.webdo.tn\\\/fr\\\/actualite\\\/chroniques\\\/premiere-gorgee-de-biere-apres-ramadan\\\/187125\\\/#primaryimage\"},\"thumbnailUrl\":\"https:\\\/\\\/www.webdo.tn\\\/fr\\\/wp-content\\\/uploads\\\/2025\\\/06\\\/biere-300x169_187125.jpg\",\"datePublished\":\"2016-07-07T07:00:00+00:00\",\"description\":\"La premi\u00e8re gorg\u00e9e de bi\u00e8re apr\u00e8s Ramadan\",\"breadcrumb\":{\"@id\":\"https:\\\/\\\/www.webdo.tn\\\/fr\\\/actualite\\\/chroniques\\\/premiere-gorgee-de-biere-apres-ramadan\\\/187125\\\/#breadcrumb\"},\"inLanguage\":\"fr-FR\",\"potentialAction\":[{\"@type\":\"ReadAction\",\"target\":[\"https:\\\/\\\/www.webdo.tn\\\/fr\\\/actualite\\\/chroniques\\\/premiere-gorgee-de-biere-apres-ramadan\\\/187125\\\/\"]}]},{\"@type\":\"ImageObject\",\"inLanguage\":\"fr-FR\",\"@id\":\"https:\\\/\\\/www.webdo.tn\\\/fr\\\/actualite\\\/chroniques\\\/premiere-gorgee-de-biere-apres-ramadan\\\/187125\\\/#primaryimage\",\"url\":\"https:\\\/\\\/www.webdo.tn\\\/fr\\\/wp-content\\\/uploads\\\/2025\\\/06\\\/biere-300x169_187125.jpg\",\"contentUrl\":\"https:\\\/\\\/www.webdo.tn\\\/fr\\\/wp-content\\\/uploads\\\/2025\\\/06\\\/biere-300x169_187125.jpg\",\"width\":300,\"height\":169,\"caption\":\"La premi\u00e8re gorg\u00e9e de bi\u00e8re apr\u00e8s Ramadan\"},{\"@type\":\"BreadcrumbList\",\"@id\":\"https:\\\/\\\/www.webdo.tn\\\/fr\\\/actualite\\\/chroniques\\\/premiere-gorgee-de-biere-apres-ramadan\\\/187125\\\/#breadcrumb\",\"itemListElement\":[{\"@type\":\"ListItem\",\"position\":1,\"name\":\"Accueil\",\"item\":\"https:\\\/\\\/www.webdo.tn\\\/fr\\\/\"},{\"@type\":\"ListItem\",\"position\":2,\"name\":\"La premi\u00e8re gorg\u00e9e de bi\u00e8re apr\u00e8s Ramadan\"}]},{\"@type\":\"WebSite\",\"@id\":\"https:\\\/\\\/www.webdo.tn\\\/fr\\\/#website\",\"url\":\"https:\\\/\\\/www.webdo.tn\\\/fr\\\/\",\"name\":\"webdo\",\"description\":\"Tunisie - News en Tunisie et \u00e0 l&#039;international sur Webdo.tn\",\"publisher\":{\"@id\":\"https:\\\/\\\/www.webdo.tn\\\/fr\\\/#organization\"},\"potentialAction\":[{\"@type\":\"SearchAction\",\"target\":{\"@type\":\"EntryPoint\",\"urlTemplate\":\"https:\\\/\\\/www.webdo.tn\\\/fr\\\/?s={search_term_string}\"},\"query-input\":{\"@type\":\"PropertyValueSpecification\",\"valueRequired\":true,\"valueName\":\"search_term_string\"}}],\"inLanguage\":\"fr-FR\"},{\"@type\":\"Organization\",\"@id\":\"https:\\\/\\\/www.webdo.tn\\\/fr\\\/#organization\",\"name\":\"Webdo\",\"alternateName\":\"Webdo.tn\",\"url\":\"https:\\\/\\\/www.webdo.tn\\\/fr\\\/\",\"logo\":{\"@type\":\"ImageObject\",\"inLanguage\":\"fr-FR\",\"@id\":\"https:\\\/\\\/www.webdo.tn\\\/fr\\\/#\\\/schema\\\/logo\\\/image\\\/\",\"url\":\"https:\\\/\\\/www.webdo.tn\\\/fr\\\/wp-content\\\/uploads\\\/2025\\\/06\\\/Webdo-Tunisie_168377.jpg\",\"contentUrl\":\"https:\\\/\\\/www.webdo.tn\\\/fr\\\/wp-content\\\/uploads\\\/2025\\\/06\\\/Webdo-Tunisie_168377.jpg\",\"width\":301,\"height\":301,\"caption\":\"Webdo\"},\"image\":{\"@id\":\"https:\\\/\\\/www.webdo.tn\\\/fr\\\/#\\\/schema\\\/logo\\\/image\\\/\"},\"sameAs\":[\"https:\\\/\\\/www.facebook.com\\\/webdotn\",\"https:\\\/\\\/x.com\\\/webdo_tn\"],\"description\":\"Webdo est un m\u00e9dia num\u00e9rique tunisien fond\u00e9 en 2010, sp\u00e9cialis\u00e9 dans l\u2019actualit\u00e9 nationale et internationale, l\u2019\u00e9conomie, la soci\u00e9t\u00e9 et les analyses politiques. Le site s\u2019adresse \u00e0 un large public francophone et couvre l\u2019information tunisienne en temps r\u00e9el.\",\"email\":\"redac@webdo.tn\",\"legalName\":\"YNJ SARL\",\"foundingDate\":\"2010-09-06\",\"numberOfEmployees\":{\"@type\":\"QuantitativeValue\",\"minValue\":\"11\",\"maxValue\":\"50\"}},{\"@type\":\"Person\",\"@id\":\"https:\\\/\\\/www.webdo.tn\\\/fr\\\/#\\\/schema\\\/person\\\/6bc0beba2cd23aec27cb5df85ca2554f\",\"name\":\"Hatem Bourial\",\"image\":{\"@type\":\"ImageObject\",\"inLanguage\":\"fr-FR\",\"@id\":\"https:\\\/\\\/www.webdo.tn\\\/fr\\\/wp-content\\\/uploads\\\/2026\\\/04\\\/hatem-bourial_avatar-96x96.jpg\",\"url\":\"https:\\\/\\\/www.webdo.tn\\\/fr\\\/wp-content\\\/uploads\\\/2026\\\/04\\\/hatem-bourial_avatar-96x96.jpg\",\"contentUrl\":\"https:\\\/\\\/www.webdo.tn\\\/fr\\\/wp-content\\\/uploads\\\/2026\\\/04\\\/hatem-bourial_avatar-96x96.jpg\",\"caption\":\"Hatem Bourial\"},\"description\":\"Hatem Bourial est journaliste, \u00e9crivain et chroniqueur tunisien. Actif depuis plusieurs d\u00e9cennies, il s\u2019est impos\u00e9 comme un observateur attentif de la soci\u00e9t\u00e9 tunisienne, m\u00ealant dans ses \u00e9crits m\u00e9moire, culture et analyse du quotidien. Auteur de nombreux ouvrages, il d\u00e9veloppe une \u0153uvre \u00e0 la crois\u00e9e du r\u00e9cit, de la po\u00e9sie et de l\u2019observation sociologique. Parall\u00e8lement \u00e0 ses contributions dans la presse, il intervient r\u00e9guli\u00e8rement \u00e0 la radio et dans des espaces culturels, o\u00f9 il explore les enjeux li\u00e9s au patrimoine, \u00e0 l\u2019identit\u00e9 et aux transformations du monde contemporain. \u00c0 travers ses chroniques, Hatem Bourial propose une lecture sensible et approfondie de l\u2019actualit\u00e9, nourrie par une exp\u00e9rience journalistique et litt\u00e9raire reconnue. \ud83d\udd17 Facebook : https:\\\/\\\/www.facebook.com\\\/hatem.bourial.2025\",\"sameAs\":[\"https:\\\/\\\/www.facebook.com\\\/hatem.bourial.2025\",\"https:\\\/\\\/fr.wikipedia.org\\\/wiki\\\/Fichier:Hatem_Bourial.jpg\"],\"knowsAbout\":[\"Culture & patrimoine tunisien\",\"Chronique soci\u00e9tale\",\"Litt\u00e9rature & m\u00e9moire\",\"Cin\u00e9ma & critique culturelle\",\"Identit\u00e9 & mutations sociales\"],\"knowsLanguage\":[\"Arabe\",\"Fran\u00e7ais\",\"Anglais\",\"Italien\",\"Polonais\"],\"jobTitle\":\"Journaliste, \u00e9crivain et chroniqueur culturel\",\"worksFor\":\"Webdo\",\"url\":\"https:\\\/\\\/www.webdo.tn\\\/fr\\\/actualite\\\/author\\\/hatem-bourial-2\\\/\"}]}<\/script>\n<!-- \/ Yoast SEO Premium plugin. -->","yoast_head_json":{"title":"La premi\u00e8re gorg\u00e9e de bi\u00e8re apr\u00e8s Ramadan","description":"La premi\u00e8re gorg\u00e9e de bi\u00e8re apr\u00e8s Ramadan","canonical":"https:\/\/www.webdo.tn\/fr\/actualite\/chroniques\/premiere-gorgee-de-biere-apres-ramadan\/187125\/","og_locale":"fr_FR","og_type":"article","og_title":"La premi\u00e8re gorg\u00e9e de bi\u00e8re apr\u00e8s Ramadan","og_description":"La premi\u00e8re gorg\u00e9e de bi\u00e8re apr\u00e8s Ramadan","og_url":"https:\/\/www.webdo.tn\/fr\/actualite\/chroniques\/premiere-gorgee-de-biere-apres-ramadan\/187125\/","og_site_name":"webdo","article_publisher":"https:\/\/www.facebook.com\/webdotn","article_author":"https:\/\/www.facebook.com\/hatem.bourial.2025","article_published_time":"2016-07-07T07:00:00+00:00","author":"Hatem Bourial","twitter_card":"summary_large_image","twitter_creator":"@webdo_tn","twitter_site":"@webdo_tn","twitter_misc":{"\u00c9crit par":"Hatem Bourial","Dur\u00e9e de lecture estim\u00e9e":"3 minutes"},"schema":{"@context":"https:\/\/schema.org","@graph":[{"@type":"NewsArticle","@id":"https:\/\/www.webdo.tn\/fr\/actualite\/chroniques\/premiere-gorgee-de-biere-apres-ramadan\/187125\/#article","isPartOf":{"@id":"https:\/\/www.webdo.tn\/fr\/actualite\/chroniques\/premiere-gorgee-de-biere-apres-ramadan\/187125\/"},"author":{"name":"Hatem Bourial","@id":"https:\/\/www.webdo.tn\/fr\/#\/schema\/person\/6bc0beba2cd23aec27cb5df85ca2554f"},"headline":"La premi\u00e8re gorg\u00e9e de bi\u00e8re apr\u00e8s Ramadan","datePublished":"2016-07-07T07:00:00+00:00","mainEntityOfPage":{"@id":"https:\/\/www.webdo.tn\/fr\/actualite\/chroniques\/premiere-gorgee-de-biere-apres-ramadan\/187125\/"},"wordCount":644,"commentCount":0,"publisher":{"@id":"https:\/\/www.webdo.tn\/fr\/#organization"},"image":{"@id":"https:\/\/www.webdo.tn\/fr\/actualite\/chroniques\/premiere-gorgee-de-biere-apres-ramadan\/187125\/#primaryimage"},"thumbnailUrl":"https:\/\/www.webdo.tn\/fr\/wp-content\/uploads\/2025\/06\/biere-300x169_187125.jpg","keywords":["guerre"],"articleSection":["Chroniques"],"inLanguage":"fr-FR"},{"@type":"WebPage","@id":"https:\/\/www.webdo.tn\/fr\/actualite\/chroniques\/premiere-gorgee-de-biere-apres-ramadan\/187125\/","url":"https:\/\/www.webdo.tn\/fr\/actualite\/chroniques\/premiere-gorgee-de-biere-apres-ramadan\/187125\/","name":"La premi\u00e8re gorg\u00e9e de bi\u00e8re apr\u00e8s Ramadan","isPartOf":{"@id":"https:\/\/www.webdo.tn\/fr\/#website"},"primaryImageOfPage":{"@id":"https:\/\/www.webdo.tn\/fr\/actualite\/chroniques\/premiere-gorgee-de-biere-apres-ramadan\/187125\/#primaryimage"},"image":{"@id":"https:\/\/www.webdo.tn\/fr\/actualite\/chroniques\/premiere-gorgee-de-biere-apres-ramadan\/187125\/#primaryimage"},"thumbnailUrl":"https:\/\/www.webdo.tn\/fr\/wp-content\/uploads\/2025\/06\/biere-300x169_187125.jpg","datePublished":"2016-07-07T07:00:00+00:00","description":"La premi\u00e8re gorg\u00e9e de bi\u00e8re apr\u00e8s Ramadan","breadcrumb":{"@id":"https:\/\/www.webdo.tn\/fr\/actualite\/chroniques\/premiere-gorgee-de-biere-apres-ramadan\/187125\/#breadcrumb"},"inLanguage":"fr-FR","potentialAction":[{"@type":"ReadAction","target":["https:\/\/www.webdo.tn\/fr\/actualite\/chroniques\/premiere-gorgee-de-biere-apres-ramadan\/187125\/"]}]},{"@type":"ImageObject","inLanguage":"fr-FR","@id":"https:\/\/www.webdo.tn\/fr\/actualite\/chroniques\/premiere-gorgee-de-biere-apres-ramadan\/187125\/#primaryimage","url":"https:\/\/www.webdo.tn\/fr\/wp-content\/uploads\/2025\/06\/biere-300x169_187125.jpg","contentUrl":"https:\/\/www.webdo.tn\/fr\/wp-content\/uploads\/2025\/06\/biere-300x169_187125.jpg","width":300,"height":169,"caption":"La premi\u00e8re gorg\u00e9e de bi\u00e8re apr\u00e8s Ramadan"},{"@type":"BreadcrumbList","@id":"https:\/\/www.webdo.tn\/fr\/actualite\/chroniques\/premiere-gorgee-de-biere-apres-ramadan\/187125\/#breadcrumb","itemListElement":[{"@type":"ListItem","position":1,"name":"Accueil","item":"https:\/\/www.webdo.tn\/fr\/"},{"@type":"ListItem","position":2,"name":"La premi\u00e8re gorg\u00e9e de bi\u00e8re apr\u00e8s Ramadan"}]},{"@type":"WebSite","@id":"https:\/\/www.webdo.tn\/fr\/#website","url":"https:\/\/www.webdo.tn\/fr\/","name":"webdo","description":"Tunisie - News en Tunisie et \u00e0 l&#039;international sur Webdo.tn","publisher":{"@id":"https:\/\/www.webdo.tn\/fr\/#organization"},"potentialAction":[{"@type":"SearchAction","target":{"@type":"EntryPoint","urlTemplate":"https:\/\/www.webdo.tn\/fr\/?s={search_term_string}"},"query-input":{"@type":"PropertyValueSpecification","valueRequired":true,"valueName":"search_term_string"}}],"inLanguage":"fr-FR"},{"@type":"Organization","@id":"https:\/\/www.webdo.tn\/fr\/#organization","name":"Webdo","alternateName":"Webdo.tn","url":"https:\/\/www.webdo.tn\/fr\/","logo":{"@type":"ImageObject","inLanguage":"fr-FR","@id":"https:\/\/www.webdo.tn\/fr\/#\/schema\/logo\/image\/","url":"https:\/\/www.webdo.tn\/fr\/wp-content\/uploads\/2025\/06\/Webdo-Tunisie_168377.jpg","contentUrl":"https:\/\/www.webdo.tn\/fr\/wp-content\/uploads\/2025\/06\/Webdo-Tunisie_168377.jpg","width":301,"height":301,"caption":"Webdo"},"image":{"@id":"https:\/\/www.webdo.tn\/fr\/#\/schema\/logo\/image\/"},"sameAs":["https:\/\/www.facebook.com\/webdotn","https:\/\/x.com\/webdo_tn"],"description":"Webdo est un m\u00e9dia num\u00e9rique tunisien fond\u00e9 en 2010, sp\u00e9cialis\u00e9 dans l\u2019actualit\u00e9 nationale et internationale, l\u2019\u00e9conomie, la soci\u00e9t\u00e9 et les analyses politiques. Le site s\u2019adresse \u00e0 un large public francophone et couvre l\u2019information tunisienne en temps r\u00e9el.","email":"redac@webdo.tn","legalName":"YNJ SARL","foundingDate":"2010-09-06","numberOfEmployees":{"@type":"QuantitativeValue","minValue":"11","maxValue":"50"}},{"@type":"Person","@id":"https:\/\/www.webdo.tn\/fr\/#\/schema\/person\/6bc0beba2cd23aec27cb5df85ca2554f","name":"Hatem Bourial","image":{"@type":"ImageObject","inLanguage":"fr-FR","@id":"https:\/\/www.webdo.tn\/fr\/wp-content\/uploads\/2026\/04\/hatem-bourial_avatar-96x96.jpg","url":"https:\/\/www.webdo.tn\/fr\/wp-content\/uploads\/2026\/04\/hatem-bourial_avatar-96x96.jpg","contentUrl":"https:\/\/www.webdo.tn\/fr\/wp-content\/uploads\/2026\/04\/hatem-bourial_avatar-96x96.jpg","caption":"Hatem Bourial"},"description":"Hatem Bourial est journaliste, \u00e9crivain et chroniqueur tunisien. Actif depuis plusieurs d\u00e9cennies, il s\u2019est impos\u00e9 comme un observateur attentif de la soci\u00e9t\u00e9 tunisienne, m\u00ealant dans ses \u00e9crits m\u00e9moire, culture et analyse du quotidien. Auteur de nombreux ouvrages, il d\u00e9veloppe une \u0153uvre \u00e0 la crois\u00e9e du r\u00e9cit, de la po\u00e9sie et de l\u2019observation sociologique. Parall\u00e8lement \u00e0 ses contributions dans la presse, il intervient r\u00e9guli\u00e8rement \u00e0 la radio et dans des espaces culturels, o\u00f9 il explore les enjeux li\u00e9s au patrimoine, \u00e0 l\u2019identit\u00e9 et aux transformations du monde contemporain. \u00c0 travers ses chroniques, Hatem Bourial propose une lecture sensible et approfondie de l\u2019actualit\u00e9, nourrie par une exp\u00e9rience journalistique et litt\u00e9raire reconnue. \ud83d\udd17 Facebook : https:\/\/www.facebook.com\/hatem.bourial.2025","sameAs":["https:\/\/www.facebook.com\/hatem.bourial.2025","https:\/\/fr.wikipedia.org\/wiki\/Fichier:Hatem_Bourial.jpg"],"knowsAbout":["Culture & patrimoine tunisien","Chronique soci\u00e9tale","Litt\u00e9rature & m\u00e9moire","Cin\u00e9ma & critique culturelle","Identit\u00e9 & mutations sociales"],"knowsLanguage":["Arabe","Fran\u00e7ais","Anglais","Italien","Polonais"],"jobTitle":"Journaliste, \u00e9crivain et chroniqueur culturel","worksFor":"Webdo","url":"https:\/\/www.webdo.tn\/fr\/actualite\/author\/hatem-bourial-2\/"}]}},"_links":{"self":[{"href":"https:\/\/www.webdo.tn\/fr\/wp-json\/wp\/v2\/posts\/187125","targetHints":{"allow":["GET"]}}],"collection":[{"href":"https:\/\/www.webdo.tn\/fr\/wp-json\/wp\/v2\/posts"}],"about":[{"href":"https:\/\/www.webdo.tn\/fr\/wp-json\/wp\/v2\/types\/post"}],"author":[{"embeddable":true,"href":"https:\/\/www.webdo.tn\/fr\/wp-json\/wp\/v2\/users\/3229"}],"replies":[{"embeddable":true,"href":"https:\/\/www.webdo.tn\/fr\/wp-json\/wp\/v2\/comments?post=187125"}],"version-history":[{"count":0,"href":"https:\/\/www.webdo.tn\/fr\/wp-json\/wp\/v2\/posts\/187125\/revisions"}],"wp:featuredmedia":[{"embeddable":true,"href":"https:\/\/www.webdo.tn\/fr\/wp-json\/wp\/v2\/media\/372526"}],"wp:attachment":[{"href":"https:\/\/www.webdo.tn\/fr\/wp-json\/wp\/v2\/media?parent=187125"}],"wp:term":[{"taxonomy":"category","embeddable":true,"href":"https:\/\/www.webdo.tn\/fr\/wp-json\/wp\/v2\/categories?post=187125"},{"taxonomy":"post_tag","embeddable":true,"href":"https:\/\/www.webdo.tn\/fr\/wp-json\/wp\/v2\/tags?post=187125"}],"curies":[{"name":"wp","href":"https:\/\/api.w.org\/{rel}","templated":true}]}}