{"id":187124,"date":"2016-07-06T07:00:00","date_gmt":"2016-07-06T07:00:00","guid":{"rendered":"https:\/\/www.webdo.tn\/fr\/blog\/gout-subtil-immemorial-pain-tabouna\/187124\/"},"modified":"2016-07-06T07:00:00","modified_gmt":"2016-07-06T07:00:00","slug":"gout-subtil-immemorial-pain-tabouna","status":"publish","type":"post","link":"https:\/\/www.webdo.tn\/fr\/actualite\/chroniques\/gout-subtil-immemorial-pain-tabouna\/187124\/","title":{"rendered":"Le go\u00fbt subtil et imm\u00e9morial du pain tabouna&#8230;"},"content":{"rendered":"<p>Il est un fait incontestable : tout le monde adore le go\u00fbt du pain tabouna. Au point o\u00f9 l&rsquo;on dirait que ce pain est inscrit dans nos g\u00e8nes, et qu&rsquo;il ferait en quelque sorte partie int\u00e9grante de notre identit\u00e9.<br \/>\nPain, huile, miel&#8230;<br \/>\nDu nord au sud de la Tunisie, on se d\u00e9lecte de ces galettes rustiques. On les vend sur les march\u00e9s, le long des routes et m\u00eame dans certaines boulangeries chic.<\/p>\n<p>Dans le pays profond, tremper un morceau de pain tabouna dans une assiette o\u00f9 attendent un rayon de miel et une coul\u00e9e d&rsquo;huile d&rsquo;olive est un geste du quotidien le plus banal.<\/p>\n<p>Manger du pain tabouna avec des olives a tr\u00e8s longtemps \u00e9t\u00e9 le casse-cro\u00fbte par excellence. En un mot comme en cent, ce pain est au oeur de nos vies et de notre m\u00e9moire.<br \/>\nUn pain qui vient de si loin&#8230;<br \/>\nOn peut se demander pourquoi. D&rsquo;o\u00f9 vient cette attraction presque magique pour le pain tabouna ? pourquoi lorsque ce pain est l\u00e0, on d\u00e9laisse toutes les autres vari\u00e9t\u00e9s qu&rsquo;on pourrait nous proposer ?<\/p>\n<p>Et ce pain d&rsquo;o\u00f9 nous vient-il ? Pouvons-nous remonter jusqu&rsquo;aux premi\u00e8res tabounas qu&rsquo;a connues le pays ?<br \/>\nUne statuette jaillie de la nuit des temps<br \/>\nUne partie de la r\u00e9ponse \u00e0 ces questions se trouve sous nos yeux, dans la photographie qui illustre ce billet. elle repr\u00e9sente une petite statuette en terre cuite. Cette statuette est tr\u00e8s ancienne.<\/p>\n<p>D\u00e9couverte dans une tombe punique d&rsquo;il y a vingt-cinq si\u00e8cles, cette statuette est de dimensions modestes et repr\u00e9sente une sc\u00e8ne de la vie quotidienne, comme jaillie de la nuit des temps.<\/p>\n<p>Une femme et un enfant sont pench\u00e9s sur une sorte de coupole ouverte qui pr\u00e9sente une large bouche. L&rsquo;un des bras de la femme est introduit dans l&rsquo;orifice alors que son regard semble observer les parois de la coupole.<br \/>\nUne sc\u00e8ne exhum\u00e9e d&rsquo;un oubli tombal<br \/>\nLa sc\u00e8ne semble famili\u00e8re. Regardons de plus pr\u00e8s cette \u0153uvre inanim\u00e9e, miraculeusement pr\u00e9serv\u00e9e, exhum\u00e9e d&rsquo;un oubli tombal. L&rsquo;impression de d\u00e9j\u00e0-vu persiste devant cet \u00e9cho lointain d&rsquo;un geste imm\u00e9morial.<\/p>\n<p>Sans aucun doute, cette femme et son enfant sont pench\u00e9s sur un de ces fours \u00e0 coupole que nous nommons tabouna. La sc\u00e8ne semble famili\u00e8re car nous reconnaissons ce geste qui s&rsquo;est donc perp\u00e9tu\u00e9 \u00e0 travers les si\u00e8cles.<br \/>\nSaisissante statuette entre histoire et g\u00e9ographie<br \/>\nJe savais vaguement que notre tabouna est reli\u00e9 par un filigrane invisible aux fours domestiques de l&rsquo;Egypte des Pharaons et aux traditions de l&rsquo;antique Ph\u00e9nicie. Tout aussi impr\u00e9cis\u00e9ment, je savais que sous d&rsquo;autres cieux, ce four pouvait s&rsquo;appeler \u00ab\u00a0tannour\u00a0\u00bb et qu&rsquo;il semblait avoir myst\u00e9rieusement travers\u00e9 aussi bien l&rsquo;histoire que la g\u00e9ographie.<\/p>\n<p>Saisissante statuette ! J&rsquo;imagine cette femme d&rsquo;un autre temps chauffant son four avec des branchages d&rsquo;olivier.<br \/>\nEffluves des essences br\u00fbl\u00e9es dans le four<br \/>\nJe la revois aplatir entre ses mains une boule de p\u00e2te \u00e0 pain puis l&rsquo;introduire vivement dans le four en la collant contre sa paroi. Je sens l&rsquo;odeur du pain tabouna qui s&rsquo;impr\u00e8gne des essences br\u00fbl\u00e9es dans le four.<\/p>\n<p>Ar\u00f4mes subtils, cro\u00fbtes qui craquent&#8230; Nommait-on alors ce pain \u00ab\u00a0kesra\u00a0\u00bb comme nous le faisons aujourd&rsquo;hui? Le rompait-on pour le tremper dans un r\u00e2gout ?<\/p>\n<p>J&rsquo;imagine dans le m\u00eame \u00e9lan les \u00e9quivalents de nos \u00ab\u00a0ajjans\u00a0\u00bb qui servaient \u00e0 p\u00e9trir ces pains puniques. En trouve-t-on aussi dans les s\u00e9pultures carthaginoises ?<br \/>\nDes jeux de mains toujours vivants<br \/>\nJe recompose les gestes de cette femme fig\u00e9e dans sa posture attentive. Je la revois pr\u00e9parer les baises, observer la mont\u00e9e des flammes, disposer les p\u00e2tes \u00e0 pain contre la paroi puis retirer les galettes apr\u00e8s la cuisson.<\/p>\n<p>Des faits minuscules&#8230; Des jeux de mains toujours vivants&#8230;<\/p>\n<p>Des gestes d&rsquo;hommes pour les si\u00e8cles des si\u00e8cles<\/p>\n<p>Au-del\u00e0 de la figurine, d&rsquo;autres gestes encore: des mains d&rsquo;hommes qui m\u00e9langent argile, tessons et paille ; qui mod\u00e8lent dans la glaise un tronc de c\u00f4ne, en \u00e9galisent les parois, l&rsquo;ouvrent vers le ciel et le percent au sol d&rsquo;un orifice pour l&rsquo;entr\u00e9e de l&rsquo;air.<\/p>\n<p>Je vois ces mains qui, ensuite, allument un feu pour cuire le four qui, \u00e0 son tour cuira le pain quotidien&#8230;<br \/>\nNos m\u00e9moires du pain<br \/>\nTrame d&rsquo;\u00e9ternit\u00e9, une simple statuette peut devenir un \u00e9l\u00e9ment subtil de la grammaire qui fonde notre identit\u00e9, un signe magique qui se niche aux tr\u00e9fonds de nos m\u00e9moires du pain.<\/p>\n<p>Je voudrais pour terminer d\u00e9dier ce texte, ce billet de l&rsquo;Aid, au professeur M&rsquo;hamed Fantar qui nous a ouvert les yeux sur des pans entiers de notre histoire. Et, je voudrais dans le m\u00eame \u00e9lan le d\u00e9dier \u00e0 Hamida de Takrouna et Myriam de Matmata pour la saveur incomparable de leur pain d&rsquo;\u00e9ternit\u00e9&#8230;<\/p>\n<p>Bonnes f\u00eates \u00e0 toutes et \u00e0 tous !<br \/>\nH.B.<\/p>\n","protected":false},"excerpt":{"rendered":"<p>Le go\u00fbt subtil et imm\u00e9morial du pain tabouna&#8230;<\/p>\n","protected":false},"author":3229,"featured_media":337537,"comment_status":"open","ping_status":"closed","sticky":false,"template":"","format":"standard","meta":{"footnotes":""},"categories":[2596],"tags":[2600],"class_list":["post-187124","post","type-post","status-publish","format-standard","has-post-thumbnail","hentry","category-chroniques","tag-guerre"],"yoast_head":"<!-- This site is optimized with the Yoast SEO Premium plugin v27.5 (Yoast SEO v27.5) - https:\/\/yoast.com\/product\/yoast-seo-premium-wordpress\/ -->\n<title>Le go\u00fbt subtil et imm\u00e9morial du pain tabouna...<\/title>\n<meta name=\"description\" content=\"Le go\u00fbt subtil et imm\u00e9morial du pain tabouna...\" \/>\n<link rel=\"canonical\" href=\"https:\/\/www.webdo.tn\/fr\/actualite\/chroniques\/gout-subtil-immemorial-pain-tabouna\/187124\/\" \/>\n<meta property=\"og:locale\" content=\"fr_FR\" \/>\n<meta property=\"og:type\" content=\"article\" \/>\n<meta property=\"og:title\" content=\"Le go\u00fbt subtil et imm\u00e9morial du pain tabouna...\" \/>\n<meta property=\"og:description\" content=\"Le go\u00fbt subtil et imm\u00e9morial du pain tabouna...\" \/>\n<meta property=\"og:url\" content=\"https:\/\/www.webdo.tn\/fr\/actualite\/chroniques\/gout-subtil-immemorial-pain-tabouna\/187124\/\" \/>\n<meta property=\"og:site_name\" content=\"webdo\" \/>\n<meta property=\"article:publisher\" content=\"https:\/\/www.facebook.com\/webdotn\" \/>\n<meta property=\"article:author\" content=\"https:\/\/www.facebook.com\/hatem.bourial.2025\" \/>\n<meta property=\"article:published_time\" content=\"2016-07-06T07:00:00+00:00\" \/>\n<meta property=\"og:image\" content=\"https:\/\/www.webdo.tn\/fr\/wp-content\/uploads\/2016\/07\/tabouna-300x300-1.jpg\" \/>\n\t<meta property=\"og:image:width\" content=\"300\" \/>\n\t<meta property=\"og:image:height\" content=\"300\" \/>\n\t<meta property=\"og:image:type\" content=\"image\/jpeg\" \/>\n<meta name=\"author\" content=\"Hatem Bourial\" \/>\n<meta name=\"twitter:card\" content=\"summary_large_image\" \/>\n<meta name=\"twitter:creator\" content=\"@webdo_tn\" \/>\n<meta name=\"twitter:site\" content=\"@webdo_tn\" \/>\n<meta name=\"twitter:label1\" content=\"\u00c9crit par\" \/>\n\t<meta name=\"twitter:data1\" content=\"Hatem Bourial\" \/>\n\t<meta name=\"twitter:label2\" content=\"Dur\u00e9e de lecture estim\u00e9e\" \/>\n\t<meta name=\"twitter:data2\" content=\"4 minutes\" \/>\n<script type=\"application\/ld+json\" class=\"yoast-schema-graph\">{\"@context\":\"https:\\\/\\\/schema.org\",\"@graph\":[{\"@type\":\"NewsArticle\",\"@id\":\"https:\\\/\\\/www.webdo.tn\\\/fr\\\/actualite\\\/chroniques\\\/gout-subtil-immemorial-pain-tabouna\\\/187124\\\/#article\",\"isPartOf\":{\"@id\":\"https:\\\/\\\/www.webdo.tn\\\/fr\\\/actualite\\\/chroniques\\\/gout-subtil-immemorial-pain-tabouna\\\/187124\\\/\"},\"author\":{\"name\":\"Hatem Bourial\",\"@id\":\"https:\\\/\\\/www.webdo.tn\\\/fr\\\/#\\\/schema\\\/person\\\/6bc0beba2cd23aec27cb5df85ca2554f\"},\"headline\":\"Le go\u00fbt subtil et imm\u00e9morial du pain tabouna&#8230;\",\"datePublished\":\"2016-07-06T07:00:00+00:00\",\"mainEntityOfPage\":{\"@id\":\"https:\\\/\\\/www.webdo.tn\\\/fr\\\/actualite\\\/chroniques\\\/gout-subtil-immemorial-pain-tabouna\\\/187124\\\/\"},\"wordCount\":878,\"commentCount\":0,\"publisher\":{\"@id\":\"https:\\\/\\\/www.webdo.tn\\\/fr\\\/#organization\"},\"image\":{\"@id\":\"https:\\\/\\\/www.webdo.tn\\\/fr\\\/actualite\\\/chroniques\\\/gout-subtil-immemorial-pain-tabouna\\\/187124\\\/#primaryimage\"},\"thumbnailUrl\":\"https:\\\/\\\/www.webdo.tn\\\/fr\\\/wp-content\\\/uploads\\\/2016\\\/07\\\/tabouna-300x300-1.jpg\",\"keywords\":[\"guerre\"],\"articleSection\":[\"Chroniques\"],\"inLanguage\":\"fr-FR\"},{\"@type\":\"WebPage\",\"@id\":\"https:\\\/\\\/www.webdo.tn\\\/fr\\\/actualite\\\/chroniques\\\/gout-subtil-immemorial-pain-tabouna\\\/187124\\\/\",\"url\":\"https:\\\/\\\/www.webdo.tn\\\/fr\\\/actualite\\\/chroniques\\\/gout-subtil-immemorial-pain-tabouna\\\/187124\\\/\",\"name\":\"Le go\u00fbt subtil et imm\u00e9morial du pain tabouna...\",\"isPartOf\":{\"@id\":\"https:\\\/\\\/www.webdo.tn\\\/fr\\\/#website\"},\"primaryImageOfPage\":{\"@id\":\"https:\\\/\\\/www.webdo.tn\\\/fr\\\/actualite\\\/chroniques\\\/gout-subtil-immemorial-pain-tabouna\\\/187124\\\/#primaryimage\"},\"image\":{\"@id\":\"https:\\\/\\\/www.webdo.tn\\\/fr\\\/actualite\\\/chroniques\\\/gout-subtil-immemorial-pain-tabouna\\\/187124\\\/#primaryimage\"},\"thumbnailUrl\":\"https:\\\/\\\/www.webdo.tn\\\/fr\\\/wp-content\\\/uploads\\\/2016\\\/07\\\/tabouna-300x300-1.jpg\",\"datePublished\":\"2016-07-06T07:00:00+00:00\",\"description\":\"Le go\u00fbt subtil et imm\u00e9morial du pain tabouna...\",\"breadcrumb\":{\"@id\":\"https:\\\/\\\/www.webdo.tn\\\/fr\\\/actualite\\\/chroniques\\\/gout-subtil-immemorial-pain-tabouna\\\/187124\\\/#breadcrumb\"},\"inLanguage\":\"fr-FR\",\"potentialAction\":[{\"@type\":\"ReadAction\",\"target\":[\"https:\\\/\\\/www.webdo.tn\\\/fr\\\/actualite\\\/chroniques\\\/gout-subtil-immemorial-pain-tabouna\\\/187124\\\/\"]}]},{\"@type\":\"ImageObject\",\"inLanguage\":\"fr-FR\",\"@id\":\"https:\\\/\\\/www.webdo.tn\\\/fr\\\/actualite\\\/chroniques\\\/gout-subtil-immemorial-pain-tabouna\\\/187124\\\/#primaryimage\",\"url\":\"https:\\\/\\\/www.webdo.tn\\\/fr\\\/wp-content\\\/uploads\\\/2016\\\/07\\\/tabouna-300x300-1.jpg\",\"contentUrl\":\"https:\\\/\\\/www.webdo.tn\\\/fr\\\/wp-content\\\/uploads\\\/2016\\\/07\\\/tabouna-300x300-1.jpg\",\"width\":300,\"height\":300,\"caption\":\"Le go\u00fbt subtil et imm\u00e9morial du pain tabouna...\"},{\"@type\":\"BreadcrumbList\",\"@id\":\"https:\\\/\\\/www.webdo.tn\\\/fr\\\/actualite\\\/chroniques\\\/gout-subtil-immemorial-pain-tabouna\\\/187124\\\/#breadcrumb\",\"itemListElement\":[{\"@type\":\"ListItem\",\"position\":1,\"name\":\"Accueil\",\"item\":\"https:\\\/\\\/www.webdo.tn\\\/fr\\\/\"},{\"@type\":\"ListItem\",\"position\":2,\"name\":\"Le go\u00fbt subtil et imm\u00e9morial du pain tabouna&#8230;\"}]},{\"@type\":\"WebSite\",\"@id\":\"https:\\\/\\\/www.webdo.tn\\\/fr\\\/#website\",\"url\":\"https:\\\/\\\/www.webdo.tn\\\/fr\\\/\",\"name\":\"webdo\",\"description\":\"Tunisie - News en Tunisie et \u00e0 l&#039;international sur Webdo.tn\",\"publisher\":{\"@id\":\"https:\\\/\\\/www.webdo.tn\\\/fr\\\/#organization\"},\"potentialAction\":[{\"@type\":\"SearchAction\",\"target\":{\"@type\":\"EntryPoint\",\"urlTemplate\":\"https:\\\/\\\/www.webdo.tn\\\/fr\\\/?s={search_term_string}\"},\"query-input\":{\"@type\":\"PropertyValueSpecification\",\"valueRequired\":true,\"valueName\":\"search_term_string\"}}],\"inLanguage\":\"fr-FR\"},{\"@type\":\"Organization\",\"@id\":\"https:\\\/\\\/www.webdo.tn\\\/fr\\\/#organization\",\"name\":\"Webdo\",\"alternateName\":\"Webdo.tn\",\"url\":\"https:\\\/\\\/www.webdo.tn\\\/fr\\\/\",\"logo\":{\"@type\":\"ImageObject\",\"inLanguage\":\"fr-FR\",\"@id\":\"https:\\\/\\\/www.webdo.tn\\\/fr\\\/#\\\/schema\\\/logo\\\/image\\\/\",\"url\":\"https:\\\/\\\/www.webdo.tn\\\/fr\\\/wp-content\\\/uploads\\\/2025\\\/06\\\/Webdo-Tunisie_168377.jpg\",\"contentUrl\":\"https:\\\/\\\/www.webdo.tn\\\/fr\\\/wp-content\\\/uploads\\\/2025\\\/06\\\/Webdo-Tunisie_168377.jpg\",\"width\":301,\"height\":301,\"caption\":\"Webdo\"},\"image\":{\"@id\":\"https:\\\/\\\/www.webdo.tn\\\/fr\\\/#\\\/schema\\\/logo\\\/image\\\/\"},\"sameAs\":[\"https:\\\/\\\/www.facebook.com\\\/webdotn\",\"https:\\\/\\\/x.com\\\/webdo_tn\"],\"description\":\"Webdo est un m\u00e9dia num\u00e9rique tunisien fond\u00e9 en 2010, sp\u00e9cialis\u00e9 dans l\u2019actualit\u00e9 nationale et internationale, l\u2019\u00e9conomie, la soci\u00e9t\u00e9 et les analyses politiques. Le site s\u2019adresse \u00e0 un large public francophone et couvre l\u2019information tunisienne en temps r\u00e9el.\",\"email\":\"redac@webdo.tn\",\"legalName\":\"YNJ SARL\",\"foundingDate\":\"2010-09-06\",\"numberOfEmployees\":{\"@type\":\"QuantitativeValue\",\"minValue\":\"11\",\"maxValue\":\"50\"}},{\"@type\":\"Person\",\"@id\":\"https:\\\/\\\/www.webdo.tn\\\/fr\\\/#\\\/schema\\\/person\\\/6bc0beba2cd23aec27cb5df85ca2554f\",\"name\":\"Hatem Bourial\",\"image\":{\"@type\":\"ImageObject\",\"inLanguage\":\"fr-FR\",\"@id\":\"https:\\\/\\\/www.webdo.tn\\\/fr\\\/wp-content\\\/uploads\\\/2026\\\/04\\\/hatem-bourial_avatar-96x96.jpg\",\"url\":\"https:\\\/\\\/www.webdo.tn\\\/fr\\\/wp-content\\\/uploads\\\/2026\\\/04\\\/hatem-bourial_avatar-96x96.jpg\",\"contentUrl\":\"https:\\\/\\\/www.webdo.tn\\\/fr\\\/wp-content\\\/uploads\\\/2026\\\/04\\\/hatem-bourial_avatar-96x96.jpg\",\"caption\":\"Hatem Bourial\"},\"description\":\"Hatem Bourial est journaliste, \u00e9crivain et chroniqueur tunisien. Actif depuis plusieurs d\u00e9cennies, il s\u2019est impos\u00e9 comme un observateur attentif de la soci\u00e9t\u00e9 tunisienne, m\u00ealant dans ses \u00e9crits m\u00e9moire, culture et analyse du quotidien. Auteur de nombreux ouvrages, il d\u00e9veloppe une \u0153uvre \u00e0 la crois\u00e9e du r\u00e9cit, de la po\u00e9sie et de l\u2019observation sociologique. Parall\u00e8lement \u00e0 ses contributions dans la presse, il intervient r\u00e9guli\u00e8rement \u00e0 la radio et dans des espaces culturels, o\u00f9 il explore les enjeux li\u00e9s au patrimoine, \u00e0 l\u2019identit\u00e9 et aux transformations du monde contemporain. \u00c0 travers ses chroniques, Hatem Bourial propose une lecture sensible et approfondie de l\u2019actualit\u00e9, nourrie par une exp\u00e9rience journalistique et litt\u00e9raire reconnue. \ud83d\udd17 Facebook : https:\\\/\\\/www.facebook.com\\\/hatem.bourial.2025\",\"sameAs\":[\"https:\\\/\\\/www.facebook.com\\\/hatem.bourial.2025\",\"https:\\\/\\\/fr.wikipedia.org\\\/wiki\\\/Fichier:Hatem_Bourial.jpg\"],\"knowsAbout\":[\"Culture & patrimoine tunisien\",\"Chronique soci\u00e9tale\",\"Litt\u00e9rature & m\u00e9moire\",\"Cin\u00e9ma & critique culturelle\",\"Identit\u00e9 & mutations sociales\"],\"knowsLanguage\":[\"Arabe\",\"Fran\u00e7ais\",\"Anglais\",\"Italien\",\"Polonais\"],\"jobTitle\":\"Journaliste, \u00e9crivain et chroniqueur culturel\",\"worksFor\":\"Webdo\",\"url\":\"https:\\\/\\\/www.webdo.tn\\\/fr\\\/actualite\\\/author\\\/hatem-bourial-2\\\/\"}]}<\/script>\n<!-- \/ Yoast SEO Premium plugin. -->","yoast_head_json":{"title":"Le go\u00fbt subtil et imm\u00e9morial du pain tabouna...","description":"Le go\u00fbt subtil et imm\u00e9morial du pain tabouna...","canonical":"https:\/\/www.webdo.tn\/fr\/actualite\/chroniques\/gout-subtil-immemorial-pain-tabouna\/187124\/","og_locale":"fr_FR","og_type":"article","og_title":"Le go\u00fbt subtil et imm\u00e9morial du pain tabouna...","og_description":"Le go\u00fbt subtil et imm\u00e9morial du pain tabouna...","og_url":"https:\/\/www.webdo.tn\/fr\/actualite\/chroniques\/gout-subtil-immemorial-pain-tabouna\/187124\/","og_site_name":"webdo","article_publisher":"https:\/\/www.facebook.com\/webdotn","article_author":"https:\/\/www.facebook.com\/hatem.bourial.2025","article_published_time":"2016-07-06T07:00:00+00:00","og_image":[{"width":300,"height":300,"url":"https:\/\/www.webdo.tn\/fr\/wp-content\/uploads\/2016\/07\/tabouna-300x300-1.jpg","type":"image\/jpeg"}],"author":"Hatem Bourial","twitter_card":"summary_large_image","twitter_creator":"@webdo_tn","twitter_site":"@webdo_tn","twitter_misc":{"\u00c9crit par":"Hatem Bourial","Dur\u00e9e de lecture estim\u00e9e":"4 minutes"},"schema":{"@context":"https:\/\/schema.org","@graph":[{"@type":"NewsArticle","@id":"https:\/\/www.webdo.tn\/fr\/actualite\/chroniques\/gout-subtil-immemorial-pain-tabouna\/187124\/#article","isPartOf":{"@id":"https:\/\/www.webdo.tn\/fr\/actualite\/chroniques\/gout-subtil-immemorial-pain-tabouna\/187124\/"},"author":{"name":"Hatem Bourial","@id":"https:\/\/www.webdo.tn\/fr\/#\/schema\/person\/6bc0beba2cd23aec27cb5df85ca2554f"},"headline":"Le go\u00fbt subtil et imm\u00e9morial du pain tabouna&#8230;","datePublished":"2016-07-06T07:00:00+00:00","mainEntityOfPage":{"@id":"https:\/\/www.webdo.tn\/fr\/actualite\/chroniques\/gout-subtil-immemorial-pain-tabouna\/187124\/"},"wordCount":878,"commentCount":0,"publisher":{"@id":"https:\/\/www.webdo.tn\/fr\/#organization"},"image":{"@id":"https:\/\/www.webdo.tn\/fr\/actualite\/chroniques\/gout-subtil-immemorial-pain-tabouna\/187124\/#primaryimage"},"thumbnailUrl":"https:\/\/www.webdo.tn\/fr\/wp-content\/uploads\/2016\/07\/tabouna-300x300-1.jpg","keywords":["guerre"],"articleSection":["Chroniques"],"inLanguage":"fr-FR"},{"@type":"WebPage","@id":"https:\/\/www.webdo.tn\/fr\/actualite\/chroniques\/gout-subtil-immemorial-pain-tabouna\/187124\/","url":"https:\/\/www.webdo.tn\/fr\/actualite\/chroniques\/gout-subtil-immemorial-pain-tabouna\/187124\/","name":"Le go\u00fbt subtil et imm\u00e9morial du pain tabouna...","isPartOf":{"@id":"https:\/\/www.webdo.tn\/fr\/#website"},"primaryImageOfPage":{"@id":"https:\/\/www.webdo.tn\/fr\/actualite\/chroniques\/gout-subtil-immemorial-pain-tabouna\/187124\/#primaryimage"},"image":{"@id":"https:\/\/www.webdo.tn\/fr\/actualite\/chroniques\/gout-subtil-immemorial-pain-tabouna\/187124\/#primaryimage"},"thumbnailUrl":"https:\/\/www.webdo.tn\/fr\/wp-content\/uploads\/2016\/07\/tabouna-300x300-1.jpg","datePublished":"2016-07-06T07:00:00+00:00","description":"Le go\u00fbt subtil et imm\u00e9morial du pain tabouna...","breadcrumb":{"@id":"https:\/\/www.webdo.tn\/fr\/actualite\/chroniques\/gout-subtil-immemorial-pain-tabouna\/187124\/#breadcrumb"},"inLanguage":"fr-FR","potentialAction":[{"@type":"ReadAction","target":["https:\/\/www.webdo.tn\/fr\/actualite\/chroniques\/gout-subtil-immemorial-pain-tabouna\/187124\/"]}]},{"@type":"ImageObject","inLanguage":"fr-FR","@id":"https:\/\/www.webdo.tn\/fr\/actualite\/chroniques\/gout-subtil-immemorial-pain-tabouna\/187124\/#primaryimage","url":"https:\/\/www.webdo.tn\/fr\/wp-content\/uploads\/2016\/07\/tabouna-300x300-1.jpg","contentUrl":"https:\/\/www.webdo.tn\/fr\/wp-content\/uploads\/2016\/07\/tabouna-300x300-1.jpg","width":300,"height":300,"caption":"Le go\u00fbt subtil et imm\u00e9morial du pain tabouna..."},{"@type":"BreadcrumbList","@id":"https:\/\/www.webdo.tn\/fr\/actualite\/chroniques\/gout-subtil-immemorial-pain-tabouna\/187124\/#breadcrumb","itemListElement":[{"@type":"ListItem","position":1,"name":"Accueil","item":"https:\/\/www.webdo.tn\/fr\/"},{"@type":"ListItem","position":2,"name":"Le go\u00fbt subtil et imm\u00e9morial du pain tabouna&#8230;"}]},{"@type":"WebSite","@id":"https:\/\/www.webdo.tn\/fr\/#website","url":"https:\/\/www.webdo.tn\/fr\/","name":"webdo","description":"Tunisie - News en Tunisie et \u00e0 l&#039;international sur Webdo.tn","publisher":{"@id":"https:\/\/www.webdo.tn\/fr\/#organization"},"potentialAction":[{"@type":"SearchAction","target":{"@type":"EntryPoint","urlTemplate":"https:\/\/www.webdo.tn\/fr\/?s={search_term_string}"},"query-input":{"@type":"PropertyValueSpecification","valueRequired":true,"valueName":"search_term_string"}}],"inLanguage":"fr-FR"},{"@type":"Organization","@id":"https:\/\/www.webdo.tn\/fr\/#organization","name":"Webdo","alternateName":"Webdo.tn","url":"https:\/\/www.webdo.tn\/fr\/","logo":{"@type":"ImageObject","inLanguage":"fr-FR","@id":"https:\/\/www.webdo.tn\/fr\/#\/schema\/logo\/image\/","url":"https:\/\/www.webdo.tn\/fr\/wp-content\/uploads\/2025\/06\/Webdo-Tunisie_168377.jpg","contentUrl":"https:\/\/www.webdo.tn\/fr\/wp-content\/uploads\/2025\/06\/Webdo-Tunisie_168377.jpg","width":301,"height":301,"caption":"Webdo"},"image":{"@id":"https:\/\/www.webdo.tn\/fr\/#\/schema\/logo\/image\/"},"sameAs":["https:\/\/www.facebook.com\/webdotn","https:\/\/x.com\/webdo_tn"],"description":"Webdo est un m\u00e9dia num\u00e9rique tunisien fond\u00e9 en 2010, sp\u00e9cialis\u00e9 dans l\u2019actualit\u00e9 nationale et internationale, l\u2019\u00e9conomie, la soci\u00e9t\u00e9 et les analyses politiques. Le site s\u2019adresse \u00e0 un large public francophone et couvre l\u2019information tunisienne en temps r\u00e9el.","email":"redac@webdo.tn","legalName":"YNJ SARL","foundingDate":"2010-09-06","numberOfEmployees":{"@type":"QuantitativeValue","minValue":"11","maxValue":"50"}},{"@type":"Person","@id":"https:\/\/www.webdo.tn\/fr\/#\/schema\/person\/6bc0beba2cd23aec27cb5df85ca2554f","name":"Hatem Bourial","image":{"@type":"ImageObject","inLanguage":"fr-FR","@id":"https:\/\/www.webdo.tn\/fr\/wp-content\/uploads\/2026\/04\/hatem-bourial_avatar-96x96.jpg","url":"https:\/\/www.webdo.tn\/fr\/wp-content\/uploads\/2026\/04\/hatem-bourial_avatar-96x96.jpg","contentUrl":"https:\/\/www.webdo.tn\/fr\/wp-content\/uploads\/2026\/04\/hatem-bourial_avatar-96x96.jpg","caption":"Hatem Bourial"},"description":"Hatem Bourial est journaliste, \u00e9crivain et chroniqueur tunisien. Actif depuis plusieurs d\u00e9cennies, il s\u2019est impos\u00e9 comme un observateur attentif de la soci\u00e9t\u00e9 tunisienne, m\u00ealant dans ses \u00e9crits m\u00e9moire, culture et analyse du quotidien. Auteur de nombreux ouvrages, il d\u00e9veloppe une \u0153uvre \u00e0 la crois\u00e9e du r\u00e9cit, de la po\u00e9sie et de l\u2019observation sociologique. Parall\u00e8lement \u00e0 ses contributions dans la presse, il intervient r\u00e9guli\u00e8rement \u00e0 la radio et dans des espaces culturels, o\u00f9 il explore les enjeux li\u00e9s au patrimoine, \u00e0 l\u2019identit\u00e9 et aux transformations du monde contemporain. \u00c0 travers ses chroniques, Hatem Bourial propose une lecture sensible et approfondie de l\u2019actualit\u00e9, nourrie par une exp\u00e9rience journalistique et litt\u00e9raire reconnue. \ud83d\udd17 Facebook : https:\/\/www.facebook.com\/hatem.bourial.2025","sameAs":["https:\/\/www.facebook.com\/hatem.bourial.2025","https:\/\/fr.wikipedia.org\/wiki\/Fichier:Hatem_Bourial.jpg"],"knowsAbout":["Culture & patrimoine tunisien","Chronique soci\u00e9tale","Litt\u00e9rature & m\u00e9moire","Cin\u00e9ma & critique culturelle","Identit\u00e9 & mutations sociales"],"knowsLanguage":["Arabe","Fran\u00e7ais","Anglais","Italien","Polonais"],"jobTitle":"Journaliste, \u00e9crivain et chroniqueur culturel","worksFor":"Webdo","url":"https:\/\/www.webdo.tn\/fr\/actualite\/author\/hatem-bourial-2\/"}]}},"_links":{"self":[{"href":"https:\/\/www.webdo.tn\/fr\/wp-json\/wp\/v2\/posts\/187124","targetHints":{"allow":["GET"]}}],"collection":[{"href":"https:\/\/www.webdo.tn\/fr\/wp-json\/wp\/v2\/posts"}],"about":[{"href":"https:\/\/www.webdo.tn\/fr\/wp-json\/wp\/v2\/types\/post"}],"author":[{"embeddable":true,"href":"https:\/\/www.webdo.tn\/fr\/wp-json\/wp\/v2\/users\/3229"}],"replies":[{"embeddable":true,"href":"https:\/\/www.webdo.tn\/fr\/wp-json\/wp\/v2\/comments?post=187124"}],"version-history":[{"count":0,"href":"https:\/\/www.webdo.tn\/fr\/wp-json\/wp\/v2\/posts\/187124\/revisions"}],"wp:featuredmedia":[{"embeddable":true,"href":"https:\/\/www.webdo.tn\/fr\/wp-json\/wp\/v2\/media\/337537"}],"wp:attachment":[{"href":"https:\/\/www.webdo.tn\/fr\/wp-json\/wp\/v2\/media?parent=187124"}],"wp:term":[{"taxonomy":"category","embeddable":true,"href":"https:\/\/www.webdo.tn\/fr\/wp-json\/wp\/v2\/categories?post=187124"},{"taxonomy":"post_tag","embeddable":true,"href":"https:\/\/www.webdo.tn\/fr\/wp-json\/wp\/v2\/tags?post=187124"}],"curies":[{"name":"wp","href":"https:\/\/api.w.org\/{rel}","templated":true}]}}