{"id":186932,"date":"2015-10-22T11:08:00","date_gmt":"2015-10-22T11:08:00","guid":{"rendered":"https:\/\/www.webdo.tn\/fr\/blog\/nos-vies-valent-elles-vraiment-mieux-que-leurs-profits\/186932\/"},"modified":"2025-05-19T10:04:40","modified_gmt":"2025-05-19T10:04:40","slug":"nos-vies-valent-elles-vraiment-mieux-que-leurs-profits","status":"publish","type":"post","link":"https:\/\/www.webdo.tn\/fr\/actualite\/chroniques\/nos-vies-valent-elles-vraiment-mieux-que-leurs-profits\/186932\/","title":{"rendered":"Nos vies valent-elles vraiment mieux que leurs profits ?"},"content":{"rendered":"<p>Un matin plut\u00f4t triste, m\u00eame si je me trouve pour quelques heures encore au Caire, avant de revenir au pays&#8230;<br \/>\nLa t\u00e9l\u00e9vision, sur un ton neutre, vient de m&rsquo;apprendre qu&rsquo;un Fran\u00e7ais, p\u00e8re de famille d\u00e9sesp\u00e9r\u00e9, vient de se donner la mort par pendaison, apr\u00e8s avoir tu\u00e9 tous les membres de sa famille: sa femme et ses trois enfants.<br \/>\nUn insoutenable surendettement<br \/>\nLa trag\u00e9die a eu pour cadre le nord de la France, r\u00e9gion d\u00e9sh\u00e9rit\u00e9e o\u00f9 la casse sociale et les plans sociaux qui vont avec, font des ravages.<\/p>\n<p>Dans une lettre, le d\u00e9sesp\u00e9r\u00e9 explique son geste meurtrier en invoquant un insoutenable surendettement, un fardeau inhumain qui balance des familles dans une vie faite d&rsquo;\u00e9ch\u00e9ances et de ceintures qu&rsquo;on serre \u00e0 n&rsquo;en plus pouvoir.<\/p>\n<p>Ce drame humain m&rsquo;a boulevers\u00e9 et rel\u00e9gu\u00e9 au second plan tout le reste, toutes les petites choses du quotidien, tous les gestes r\u00e9p\u00e9t\u00e9s des milliers de fois et qui font l&rsquo;\u00e9cume de nos vies.<br \/>\nCes mod\u00e8les qui \u00e9crasent&#8230;<br \/>\nNouvelle douloureuse car elle interpelle notre l&rsquo;humanit\u00e9 et aussi les Tunisiens chez qui la jeunesse continue \u00e0 s&rsquo;immoler comme ce jeune Sfaxien emport\u00e9 par le m\u00eame d\u00e9sespoir, alors que l&rsquo;\u00e9tincelle Bouazizi est d\u00e9sormais bel et bien enterr\u00e9e.<\/p>\n<p>En Tunisie, le d\u00e9sespoir des jeunes est une r\u00e9alit\u00e9 tout aussi palpable que l&rsquo;arrogance des technocrates. Ces derniers, d\u00e9finis comme une \u00e9lite, roulent \u00e9hont\u00e9ment pour l&rsquo;Occident marchand et veulent nous embarquer, \u00e0 cause de leur id\u00e9ologie lib\u00e9rale et aussi leurs limites criardes, dans un mod\u00e8le de d\u00e9veloppement qui ne devrait pas \u00eatre le notre, un mod\u00e8le qui finira par nous \u00e9craser, un mod\u00e8le qui n&rsquo;a rien de social.<br \/>\nOligarques et f\u00e9odaux<br \/>\nL&rsquo;enjeu r\u00e9el pour certaines de ces \u00e9lites n&rsquo;est pas tant le mod\u00e8le de soci\u00e9t\u00e9 mais plut\u00f4t qui va profiter le plus de la manne du FMI et des lib\u00e9ralit\u00e9s des soutiens de la Tunisie. M\u00eame si cela mettra la Tunisie, cadet de leurs soucis, \u00e0 genoux.<\/p>\n<p>Alors, devant le geste d\u00e9sesp\u00e9r\u00e9 d&rsquo;un p\u00e8re, devant les immolations, la ranc\u0153ur et la mis\u00e8re, je demande \u00e0 voix haute si nos vies valent vraiment mieux que leurs profits, si la d\u00e9mocratie lib\u00e9rale qu&rsquo;ils appellent de leurs v\u0153ux est un bon syst\u00e8me pour tous, s&rsquo;ils se voient en oligarques comme les Arabes du golfe vivent en f\u00e9odaux, si la casse de la classe moyenne qui se dessine n&rsquo;\u00e9tait pas au fond un indice de paup\u00e9risation des peuples au profit du capital triomphant&#8230;<\/p>\n<p>Ce matin, un homme est mort, emportant avec lui, dans sa folie et son d\u00e9sespoir, toute sa famille&#8230; Cet homme devait me ressembler, nous ressembler, ressembler \u00e0 la majorit\u00e9 de ceux dont les vies sont \u00e9cras\u00e9es par les esclavagistes des temps modernes. Ce matin, une famille enti\u00e8re a \u00e9t\u00e9 d\u00e9cim\u00e9e. Terrible nouvelle&#8230;<br \/>\nHatem Bourial<\/p>\n","protected":false},"excerpt":{"rendered":"<p>Nos vies valent-elles vraiment mieux que leurs profits ?<\/p>\n","protected":false},"author":3229,"featured_media":316719,"comment_status":"open","ping_status":"closed","sticky":false,"template":"","format":"standard","meta":{"footnotes":""},"categories":[2596],"tags":[2600],"class_list":["post-186932","post","type-post","status-publish","format-standard","has-post-thumbnail","hentry","category-chroniques","tag-guerre"],"yoast_head":"<!-- This site is optimized with the Yoast SEO Premium plugin v27.5 (Yoast SEO v27.5) - https:\/\/yoast.com\/product\/yoast-seo-premium-wordpress\/ -->\n<title>Nos vies valent-elles vraiment mieux que leurs profits ?<\/title>\n<meta name=\"description\" content=\"Nos vies valent-elles vraiment mieux que leurs profits ?\" \/>\n<link rel=\"canonical\" href=\"https:\/\/www.webdo.tn\/fr\/actualite\/chroniques\/nos-vies-valent-elles-vraiment-mieux-que-leurs-profits\/186932\/\" \/>\n<meta property=\"og:locale\" content=\"fr_FR\" \/>\n<meta property=\"og:type\" content=\"article\" \/>\n<meta property=\"og:title\" content=\"Nos vies valent-elles vraiment mieux que leurs profits ?\" \/>\n<meta property=\"og:description\" content=\"Nos vies valent-elles vraiment mieux que leurs profits ?\" \/>\n<meta property=\"og:url\" content=\"https:\/\/www.webdo.tn\/fr\/actualite\/chroniques\/nos-vies-valent-elles-vraiment-mieux-que-leurs-profits\/186932\/\" \/>\n<meta property=\"og:site_name\" content=\"webdo\" \/>\n<meta property=\"article:publisher\" content=\"https:\/\/www.facebook.com\/webdotn\" \/>\n<meta property=\"article:author\" content=\"https:\/\/www.facebook.com\/hatem.bourial.2025\" \/>\n<meta property=\"article:published_time\" content=\"2015-10-22T11:08:00+00:00\" \/>\n<meta property=\"article:modified_time\" content=\"2025-05-19T10:04:40+00:00\" \/>\n<meta property=\"og:image\" content=\"https:\/\/www.webdo.tn\/fr\/wp-content\/uploads\/2015\/10\/webdo_default-2.jpg\" \/>\n\t<meta property=\"og:image:width\" content=\"800\" \/>\n\t<meta property=\"og:image:height\" content=\"500\" \/>\n\t<meta property=\"og:image:type\" content=\"image\/jpeg\" \/>\n<meta name=\"author\" content=\"Hatem Bourial\" \/>\n<meta name=\"twitter:card\" content=\"summary_large_image\" \/>\n<meta name=\"twitter:creator\" content=\"@webdo_tn\" \/>\n<meta name=\"twitter:site\" content=\"@webdo_tn\" \/>\n<meta name=\"twitter:label1\" content=\"\u00c9crit par\" \/>\n\t<meta name=\"twitter:data1\" content=\"Hatem Bourial\" \/>\n\t<meta name=\"twitter:label2\" content=\"Dur\u00e9e de lecture estim\u00e9e\" \/>\n\t<meta name=\"twitter:data2\" content=\"3 minutes\" \/>\n<script type=\"application\/ld+json\" class=\"yoast-schema-graph\">{\"@context\":\"https:\\\/\\\/schema.org\",\"@graph\":[{\"@type\":\"NewsArticle\",\"@id\":\"https:\\\/\\\/www.webdo.tn\\\/fr\\\/actualite\\\/chroniques\\\/nos-vies-valent-elles-vraiment-mieux-que-leurs-profits\\\/186932\\\/#article\",\"isPartOf\":{\"@id\":\"https:\\\/\\\/www.webdo.tn\\\/fr\\\/actualite\\\/chroniques\\\/nos-vies-valent-elles-vraiment-mieux-que-leurs-profits\\\/186932\\\/\"},\"author\":{\"name\":\"Hatem Bourial\",\"@id\":\"https:\\\/\\\/www.webdo.tn\\\/fr\\\/#\\\/schema\\\/person\\\/6bc0beba2cd23aec27cb5df85ca2554f\"},\"headline\":\"Nos vies valent-elles vraiment mieux que leurs profits ?\",\"datePublished\":\"2015-10-22T11:08:00+00:00\",\"dateModified\":\"2025-05-19T10:04:40+00:00\",\"mainEntityOfPage\":{\"@id\":\"https:\\\/\\\/www.webdo.tn\\\/fr\\\/actualite\\\/chroniques\\\/nos-vies-valent-elles-vraiment-mieux-que-leurs-profits\\\/186932\\\/\"},\"wordCount\":532,\"commentCount\":0,\"publisher\":{\"@id\":\"https:\\\/\\\/www.webdo.tn\\\/fr\\\/#organization\"},\"image\":{\"@id\":\"https:\\\/\\\/www.webdo.tn\\\/fr\\\/actualite\\\/chroniques\\\/nos-vies-valent-elles-vraiment-mieux-que-leurs-profits\\\/186932\\\/#primaryimage\"},\"thumbnailUrl\":\"https:\\\/\\\/www.webdo.tn\\\/fr\\\/wp-content\\\/uploads\\\/2015\\\/10\\\/webdo_default-2.jpg\",\"keywords\":[\"guerre\"],\"articleSection\":[\"Chroniques\"],\"inLanguage\":\"fr-FR\"},{\"@type\":\"WebPage\",\"@id\":\"https:\\\/\\\/www.webdo.tn\\\/fr\\\/actualite\\\/chroniques\\\/nos-vies-valent-elles-vraiment-mieux-que-leurs-profits\\\/186932\\\/\",\"url\":\"https:\\\/\\\/www.webdo.tn\\\/fr\\\/actualite\\\/chroniques\\\/nos-vies-valent-elles-vraiment-mieux-que-leurs-profits\\\/186932\\\/\",\"name\":\"Nos vies valent-elles vraiment mieux que leurs profits ?\",\"isPartOf\":{\"@id\":\"https:\\\/\\\/www.webdo.tn\\\/fr\\\/#website\"},\"primaryImageOfPage\":{\"@id\":\"https:\\\/\\\/www.webdo.tn\\\/fr\\\/actualite\\\/chroniques\\\/nos-vies-valent-elles-vraiment-mieux-que-leurs-profits\\\/186932\\\/#primaryimage\"},\"image\":{\"@id\":\"https:\\\/\\\/www.webdo.tn\\\/fr\\\/actualite\\\/chroniques\\\/nos-vies-valent-elles-vraiment-mieux-que-leurs-profits\\\/186932\\\/#primaryimage\"},\"thumbnailUrl\":\"https:\\\/\\\/www.webdo.tn\\\/fr\\\/wp-content\\\/uploads\\\/2015\\\/10\\\/webdo_default-2.jpg\",\"datePublished\":\"2015-10-22T11:08:00+00:00\",\"dateModified\":\"2025-05-19T10:04:40+00:00\",\"description\":\"Nos vies valent-elles vraiment mieux que leurs profits ?\",\"breadcrumb\":{\"@id\":\"https:\\\/\\\/www.webdo.tn\\\/fr\\\/actualite\\\/chroniques\\\/nos-vies-valent-elles-vraiment-mieux-que-leurs-profits\\\/186932\\\/#breadcrumb\"},\"inLanguage\":\"fr-FR\",\"potentialAction\":[{\"@type\":\"ReadAction\",\"target\":[\"https:\\\/\\\/www.webdo.tn\\\/fr\\\/actualite\\\/chroniques\\\/nos-vies-valent-elles-vraiment-mieux-que-leurs-profits\\\/186932\\\/\"]}]},{\"@type\":\"ImageObject\",\"inLanguage\":\"fr-FR\",\"@id\":\"https:\\\/\\\/www.webdo.tn\\\/fr\\\/actualite\\\/chroniques\\\/nos-vies-valent-elles-vraiment-mieux-que-leurs-profits\\\/186932\\\/#primaryimage\",\"url\":\"https:\\\/\\\/www.webdo.tn\\\/fr\\\/wp-content\\\/uploads\\\/2015\\\/10\\\/webdo_default-2.jpg\",\"contentUrl\":\"https:\\\/\\\/www.webdo.tn\\\/fr\\\/wp-content\\\/uploads\\\/2015\\\/10\\\/webdo_default-2.jpg\",\"width\":800,\"height\":500,\"caption\":\"Nos vies valent-elles vraiment mieux que leurs profits ?\"},{\"@type\":\"BreadcrumbList\",\"@id\":\"https:\\\/\\\/www.webdo.tn\\\/fr\\\/actualite\\\/chroniques\\\/nos-vies-valent-elles-vraiment-mieux-que-leurs-profits\\\/186932\\\/#breadcrumb\",\"itemListElement\":[{\"@type\":\"ListItem\",\"position\":1,\"name\":\"Accueil\",\"item\":\"https:\\\/\\\/www.webdo.tn\\\/fr\\\/\"},{\"@type\":\"ListItem\",\"position\":2,\"name\":\"Nos vies valent-elles vraiment mieux que leurs profits ?\"}]},{\"@type\":\"WebSite\",\"@id\":\"https:\\\/\\\/www.webdo.tn\\\/fr\\\/#website\",\"url\":\"https:\\\/\\\/www.webdo.tn\\\/fr\\\/\",\"name\":\"webdo\",\"description\":\"Tunisie - News en Tunisie et \u00e0 l&#039;international sur Webdo.tn\",\"publisher\":{\"@id\":\"https:\\\/\\\/www.webdo.tn\\\/fr\\\/#organization\"},\"potentialAction\":[{\"@type\":\"SearchAction\",\"target\":{\"@type\":\"EntryPoint\",\"urlTemplate\":\"https:\\\/\\\/www.webdo.tn\\\/fr\\\/?s={search_term_string}\"},\"query-input\":{\"@type\":\"PropertyValueSpecification\",\"valueRequired\":true,\"valueName\":\"search_term_string\"}}],\"inLanguage\":\"fr-FR\"},{\"@type\":\"Organization\",\"@id\":\"https:\\\/\\\/www.webdo.tn\\\/fr\\\/#organization\",\"name\":\"Webdo\",\"alternateName\":\"Webdo.tn\",\"url\":\"https:\\\/\\\/www.webdo.tn\\\/fr\\\/\",\"logo\":{\"@type\":\"ImageObject\",\"inLanguage\":\"fr-FR\",\"@id\":\"https:\\\/\\\/www.webdo.tn\\\/fr\\\/#\\\/schema\\\/logo\\\/image\\\/\",\"url\":\"https:\\\/\\\/www.webdo.tn\\\/fr\\\/wp-content\\\/uploads\\\/2025\\\/06\\\/Webdo-Tunisie_168377.jpg\",\"contentUrl\":\"https:\\\/\\\/www.webdo.tn\\\/fr\\\/wp-content\\\/uploads\\\/2025\\\/06\\\/Webdo-Tunisie_168377.jpg\",\"width\":301,\"height\":301,\"caption\":\"Webdo\"},\"image\":{\"@id\":\"https:\\\/\\\/www.webdo.tn\\\/fr\\\/#\\\/schema\\\/logo\\\/image\\\/\"},\"sameAs\":[\"https:\\\/\\\/www.facebook.com\\\/webdotn\",\"https:\\\/\\\/x.com\\\/webdo_tn\"],\"description\":\"Webdo est un m\u00e9dia num\u00e9rique tunisien fond\u00e9 en 2010, sp\u00e9cialis\u00e9 dans l\u2019actualit\u00e9 nationale et internationale, l\u2019\u00e9conomie, la soci\u00e9t\u00e9 et les analyses politiques. Le site s\u2019adresse \u00e0 un large public francophone et couvre l\u2019information tunisienne en temps r\u00e9el.\",\"email\":\"redac@webdo.tn\",\"legalName\":\"YNJ SARL\",\"foundingDate\":\"2010-09-06\",\"numberOfEmployees\":{\"@type\":\"QuantitativeValue\",\"minValue\":\"11\",\"maxValue\":\"50\"}},{\"@type\":\"Person\",\"@id\":\"https:\\\/\\\/www.webdo.tn\\\/fr\\\/#\\\/schema\\\/person\\\/6bc0beba2cd23aec27cb5df85ca2554f\",\"name\":\"Hatem Bourial\",\"image\":{\"@type\":\"ImageObject\",\"inLanguage\":\"fr-FR\",\"@id\":\"https:\\\/\\\/www.webdo.tn\\\/fr\\\/wp-content\\\/uploads\\\/2026\\\/04\\\/hatem-bourial_avatar-96x96.jpg\",\"url\":\"https:\\\/\\\/www.webdo.tn\\\/fr\\\/wp-content\\\/uploads\\\/2026\\\/04\\\/hatem-bourial_avatar-96x96.jpg\",\"contentUrl\":\"https:\\\/\\\/www.webdo.tn\\\/fr\\\/wp-content\\\/uploads\\\/2026\\\/04\\\/hatem-bourial_avatar-96x96.jpg\",\"caption\":\"Hatem Bourial\"},\"description\":\"Hatem Bourial est journaliste, \u00e9crivain et chroniqueur tunisien. Actif depuis plusieurs d\u00e9cennies, il s\u2019est impos\u00e9 comme un observateur attentif de la soci\u00e9t\u00e9 tunisienne, m\u00ealant dans ses \u00e9crits m\u00e9moire, culture et analyse du quotidien. Auteur de nombreux ouvrages, il d\u00e9veloppe une \u0153uvre \u00e0 la crois\u00e9e du r\u00e9cit, de la po\u00e9sie et de l\u2019observation sociologique. Parall\u00e8lement \u00e0 ses contributions dans la presse, il intervient r\u00e9guli\u00e8rement \u00e0 la radio et dans des espaces culturels, o\u00f9 il explore les enjeux li\u00e9s au patrimoine, \u00e0 l\u2019identit\u00e9 et aux transformations du monde contemporain. \u00c0 travers ses chroniques, Hatem Bourial propose une lecture sensible et approfondie de l\u2019actualit\u00e9, nourrie par une exp\u00e9rience journalistique et litt\u00e9raire reconnue. \ud83d\udd17 Facebook : https:\\\/\\\/www.facebook.com\\\/hatem.bourial.2025\",\"sameAs\":[\"https:\\\/\\\/www.facebook.com\\\/hatem.bourial.2025\",\"https:\\\/\\\/fr.wikipedia.org\\\/wiki\\\/Fichier:Hatem_Bourial.jpg\"],\"knowsAbout\":[\"Culture & patrimoine tunisien\",\"Chronique soci\u00e9tale\",\"Litt\u00e9rature & m\u00e9moire\",\"Cin\u00e9ma & critique culturelle\",\"Identit\u00e9 & mutations sociales\"],\"knowsLanguage\":[\"Arabe\",\"Fran\u00e7ais\",\"Anglais\",\"Italien\",\"Polonais\"],\"jobTitle\":\"Journaliste, \u00e9crivain et chroniqueur culturel\",\"worksFor\":\"Webdo\",\"url\":\"https:\\\/\\\/www.webdo.tn\\\/fr\\\/actualite\\\/author\\\/hatem-bourial-2\\\/\"}]}<\/script>\n<!-- \/ Yoast SEO Premium plugin. -->","yoast_head_json":{"title":"Nos vies valent-elles vraiment mieux que leurs profits ?","description":"Nos vies valent-elles vraiment mieux que leurs profits ?","canonical":"https:\/\/www.webdo.tn\/fr\/actualite\/chroniques\/nos-vies-valent-elles-vraiment-mieux-que-leurs-profits\/186932\/","og_locale":"fr_FR","og_type":"article","og_title":"Nos vies valent-elles vraiment mieux que leurs profits ?","og_description":"Nos vies valent-elles vraiment mieux que leurs profits ?","og_url":"https:\/\/www.webdo.tn\/fr\/actualite\/chroniques\/nos-vies-valent-elles-vraiment-mieux-que-leurs-profits\/186932\/","og_site_name":"webdo","article_publisher":"https:\/\/www.facebook.com\/webdotn","article_author":"https:\/\/www.facebook.com\/hatem.bourial.2025","article_published_time":"2015-10-22T11:08:00+00:00","article_modified_time":"2025-05-19T10:04:40+00:00","og_image":[{"width":800,"height":500,"url":"https:\/\/www.webdo.tn\/fr\/wp-content\/uploads\/2015\/10\/webdo_default-2.jpg","type":"image\/jpeg"}],"author":"Hatem Bourial","twitter_card":"summary_large_image","twitter_creator":"@webdo_tn","twitter_site":"@webdo_tn","twitter_misc":{"\u00c9crit par":"Hatem Bourial","Dur\u00e9e de lecture estim\u00e9e":"3 minutes"},"schema":{"@context":"https:\/\/schema.org","@graph":[{"@type":"NewsArticle","@id":"https:\/\/www.webdo.tn\/fr\/actualite\/chroniques\/nos-vies-valent-elles-vraiment-mieux-que-leurs-profits\/186932\/#article","isPartOf":{"@id":"https:\/\/www.webdo.tn\/fr\/actualite\/chroniques\/nos-vies-valent-elles-vraiment-mieux-que-leurs-profits\/186932\/"},"author":{"name":"Hatem Bourial","@id":"https:\/\/www.webdo.tn\/fr\/#\/schema\/person\/6bc0beba2cd23aec27cb5df85ca2554f"},"headline":"Nos vies valent-elles vraiment mieux que leurs profits ?","datePublished":"2015-10-22T11:08:00+00:00","dateModified":"2025-05-19T10:04:40+00:00","mainEntityOfPage":{"@id":"https:\/\/www.webdo.tn\/fr\/actualite\/chroniques\/nos-vies-valent-elles-vraiment-mieux-que-leurs-profits\/186932\/"},"wordCount":532,"commentCount":0,"publisher":{"@id":"https:\/\/www.webdo.tn\/fr\/#organization"},"image":{"@id":"https:\/\/www.webdo.tn\/fr\/actualite\/chroniques\/nos-vies-valent-elles-vraiment-mieux-que-leurs-profits\/186932\/#primaryimage"},"thumbnailUrl":"https:\/\/www.webdo.tn\/fr\/wp-content\/uploads\/2015\/10\/webdo_default-2.jpg","keywords":["guerre"],"articleSection":["Chroniques"],"inLanguage":"fr-FR"},{"@type":"WebPage","@id":"https:\/\/www.webdo.tn\/fr\/actualite\/chroniques\/nos-vies-valent-elles-vraiment-mieux-que-leurs-profits\/186932\/","url":"https:\/\/www.webdo.tn\/fr\/actualite\/chroniques\/nos-vies-valent-elles-vraiment-mieux-que-leurs-profits\/186932\/","name":"Nos vies valent-elles vraiment mieux que leurs profits ?","isPartOf":{"@id":"https:\/\/www.webdo.tn\/fr\/#website"},"primaryImageOfPage":{"@id":"https:\/\/www.webdo.tn\/fr\/actualite\/chroniques\/nos-vies-valent-elles-vraiment-mieux-que-leurs-profits\/186932\/#primaryimage"},"image":{"@id":"https:\/\/www.webdo.tn\/fr\/actualite\/chroniques\/nos-vies-valent-elles-vraiment-mieux-que-leurs-profits\/186932\/#primaryimage"},"thumbnailUrl":"https:\/\/www.webdo.tn\/fr\/wp-content\/uploads\/2015\/10\/webdo_default-2.jpg","datePublished":"2015-10-22T11:08:00+00:00","dateModified":"2025-05-19T10:04:40+00:00","description":"Nos vies valent-elles vraiment mieux que leurs profits ?","breadcrumb":{"@id":"https:\/\/www.webdo.tn\/fr\/actualite\/chroniques\/nos-vies-valent-elles-vraiment-mieux-que-leurs-profits\/186932\/#breadcrumb"},"inLanguage":"fr-FR","potentialAction":[{"@type":"ReadAction","target":["https:\/\/www.webdo.tn\/fr\/actualite\/chroniques\/nos-vies-valent-elles-vraiment-mieux-que-leurs-profits\/186932\/"]}]},{"@type":"ImageObject","inLanguage":"fr-FR","@id":"https:\/\/www.webdo.tn\/fr\/actualite\/chroniques\/nos-vies-valent-elles-vraiment-mieux-que-leurs-profits\/186932\/#primaryimage","url":"https:\/\/www.webdo.tn\/fr\/wp-content\/uploads\/2015\/10\/webdo_default-2.jpg","contentUrl":"https:\/\/www.webdo.tn\/fr\/wp-content\/uploads\/2015\/10\/webdo_default-2.jpg","width":800,"height":500,"caption":"Nos vies valent-elles vraiment mieux que leurs profits ?"},{"@type":"BreadcrumbList","@id":"https:\/\/www.webdo.tn\/fr\/actualite\/chroniques\/nos-vies-valent-elles-vraiment-mieux-que-leurs-profits\/186932\/#breadcrumb","itemListElement":[{"@type":"ListItem","position":1,"name":"Accueil","item":"https:\/\/www.webdo.tn\/fr\/"},{"@type":"ListItem","position":2,"name":"Nos vies valent-elles vraiment mieux que leurs profits ?"}]},{"@type":"WebSite","@id":"https:\/\/www.webdo.tn\/fr\/#website","url":"https:\/\/www.webdo.tn\/fr\/","name":"webdo","description":"Tunisie - News en Tunisie et \u00e0 l&#039;international sur Webdo.tn","publisher":{"@id":"https:\/\/www.webdo.tn\/fr\/#organization"},"potentialAction":[{"@type":"SearchAction","target":{"@type":"EntryPoint","urlTemplate":"https:\/\/www.webdo.tn\/fr\/?s={search_term_string}"},"query-input":{"@type":"PropertyValueSpecification","valueRequired":true,"valueName":"search_term_string"}}],"inLanguage":"fr-FR"},{"@type":"Organization","@id":"https:\/\/www.webdo.tn\/fr\/#organization","name":"Webdo","alternateName":"Webdo.tn","url":"https:\/\/www.webdo.tn\/fr\/","logo":{"@type":"ImageObject","inLanguage":"fr-FR","@id":"https:\/\/www.webdo.tn\/fr\/#\/schema\/logo\/image\/","url":"https:\/\/www.webdo.tn\/fr\/wp-content\/uploads\/2025\/06\/Webdo-Tunisie_168377.jpg","contentUrl":"https:\/\/www.webdo.tn\/fr\/wp-content\/uploads\/2025\/06\/Webdo-Tunisie_168377.jpg","width":301,"height":301,"caption":"Webdo"},"image":{"@id":"https:\/\/www.webdo.tn\/fr\/#\/schema\/logo\/image\/"},"sameAs":["https:\/\/www.facebook.com\/webdotn","https:\/\/x.com\/webdo_tn"],"description":"Webdo est un m\u00e9dia num\u00e9rique tunisien fond\u00e9 en 2010, sp\u00e9cialis\u00e9 dans l\u2019actualit\u00e9 nationale et internationale, l\u2019\u00e9conomie, la soci\u00e9t\u00e9 et les analyses politiques. Le site s\u2019adresse \u00e0 un large public francophone et couvre l\u2019information tunisienne en temps r\u00e9el.","email":"redac@webdo.tn","legalName":"YNJ SARL","foundingDate":"2010-09-06","numberOfEmployees":{"@type":"QuantitativeValue","minValue":"11","maxValue":"50"}},{"@type":"Person","@id":"https:\/\/www.webdo.tn\/fr\/#\/schema\/person\/6bc0beba2cd23aec27cb5df85ca2554f","name":"Hatem Bourial","image":{"@type":"ImageObject","inLanguage":"fr-FR","@id":"https:\/\/www.webdo.tn\/fr\/wp-content\/uploads\/2026\/04\/hatem-bourial_avatar-96x96.jpg","url":"https:\/\/www.webdo.tn\/fr\/wp-content\/uploads\/2026\/04\/hatem-bourial_avatar-96x96.jpg","contentUrl":"https:\/\/www.webdo.tn\/fr\/wp-content\/uploads\/2026\/04\/hatem-bourial_avatar-96x96.jpg","caption":"Hatem Bourial"},"description":"Hatem Bourial est journaliste, \u00e9crivain et chroniqueur tunisien. Actif depuis plusieurs d\u00e9cennies, il s\u2019est impos\u00e9 comme un observateur attentif de la soci\u00e9t\u00e9 tunisienne, m\u00ealant dans ses \u00e9crits m\u00e9moire, culture et analyse du quotidien. Auteur de nombreux ouvrages, il d\u00e9veloppe une \u0153uvre \u00e0 la crois\u00e9e du r\u00e9cit, de la po\u00e9sie et de l\u2019observation sociologique. Parall\u00e8lement \u00e0 ses contributions dans la presse, il intervient r\u00e9guli\u00e8rement \u00e0 la radio et dans des espaces culturels, o\u00f9 il explore les enjeux li\u00e9s au patrimoine, \u00e0 l\u2019identit\u00e9 et aux transformations du monde contemporain. \u00c0 travers ses chroniques, Hatem Bourial propose une lecture sensible et approfondie de l\u2019actualit\u00e9, nourrie par une exp\u00e9rience journalistique et litt\u00e9raire reconnue. \ud83d\udd17 Facebook : https:\/\/www.facebook.com\/hatem.bourial.2025","sameAs":["https:\/\/www.facebook.com\/hatem.bourial.2025","https:\/\/fr.wikipedia.org\/wiki\/Fichier:Hatem_Bourial.jpg"],"knowsAbout":["Culture & patrimoine tunisien","Chronique soci\u00e9tale","Litt\u00e9rature & m\u00e9moire","Cin\u00e9ma & critique culturelle","Identit\u00e9 & mutations sociales"],"knowsLanguage":["Arabe","Fran\u00e7ais","Anglais","Italien","Polonais"],"jobTitle":"Journaliste, \u00e9crivain et chroniqueur culturel","worksFor":"Webdo","url":"https:\/\/www.webdo.tn\/fr\/actualite\/author\/hatem-bourial-2\/"}]}},"_links":{"self":[{"href":"https:\/\/www.webdo.tn\/fr\/wp-json\/wp\/v2\/posts\/186932","targetHints":{"allow":["GET"]}}],"collection":[{"href":"https:\/\/www.webdo.tn\/fr\/wp-json\/wp\/v2\/posts"}],"about":[{"href":"https:\/\/www.webdo.tn\/fr\/wp-json\/wp\/v2\/types\/post"}],"author":[{"embeddable":true,"href":"https:\/\/www.webdo.tn\/fr\/wp-json\/wp\/v2\/users\/3229"}],"replies":[{"embeddable":true,"href":"https:\/\/www.webdo.tn\/fr\/wp-json\/wp\/v2\/comments?post=186932"}],"version-history":[{"count":0,"href":"https:\/\/www.webdo.tn\/fr\/wp-json\/wp\/v2\/posts\/186932\/revisions"}],"wp:featuredmedia":[{"embeddable":true,"href":"https:\/\/www.webdo.tn\/fr\/wp-json\/wp\/v2\/media\/316719"}],"wp:attachment":[{"href":"https:\/\/www.webdo.tn\/fr\/wp-json\/wp\/v2\/media?parent=186932"}],"wp:term":[{"taxonomy":"category","embeddable":true,"href":"https:\/\/www.webdo.tn\/fr\/wp-json\/wp\/v2\/categories?post=186932"},{"taxonomy":"post_tag","embeddable":true,"href":"https:\/\/www.webdo.tn\/fr\/wp-json\/wp\/v2\/tags?post=186932"}],"curies":[{"name":"wp","href":"https:\/\/api.w.org\/{rel}","templated":true}]}}