{"id":186931,"date":"2015-10-21T09:21:00","date_gmt":"2015-10-21T09:21:00","guid":{"rendered":"https:\/\/www.webdo.tn\/fr\/blog\/dans-le-froid-et-la-boue-ces-migrants-ballotes-de-mur-en-mur\/186931\/"},"modified":"2025-05-19T10:05:06","modified_gmt":"2025-05-19T10:05:06","slug":"dans-le-froid-et-la-boue-ces-migrants-ballotes-de-mur-en-mur","status":"publish","type":"post","link":"https:\/\/www.webdo.tn\/fr\/actualite\/chroniques\/dans-le-froid-et-la-boue-ces-migrants-ballotes-de-mur-en-mur\/186931\/","title":{"rendered":"Dans le froid et la boue : Ces migrants ballot\u00e9s de mur en mur&#8230;"},"content":{"rendered":"<p>La crise des migrants en Europe est en train de prendre des proportions dramatiques avec le retour de l&rsquo;hiver. Des dizaines de milliers de marcheurs sont ballot\u00e9s de fronti\u00e8re en fronti\u00e8re et ne doivent leur salut qu&rsquo;\u00e0 leur endurance.<\/p>\n<p>Les images en provenance de Slov\u00e9nie, un petit pays de l&rsquo;ex-Yougoslavie, sont des plus r\u00e9v\u00e9latrices avec leurs convois de marcheurs et l&rsquo;aveu d&rsquo;impuissance d&rsquo;un pays de deux millions d&rsquo;habitants qui menace, \u00e0 son tour, de fermer ses fronti\u00e8res.<\/p>\n<p>Un exemple r\u00e9sume bien la situation: un petit village de 140 habitants voit passer quotidiennement 8000 r\u00e9fugi\u00e9s qu&rsquo;il faut nourrir, couvrir et abriter. Malgr\u00e9 l&rsquo;intervention de la police et de l&rsquo;arm\u00e9e slov\u00e8nes, l&rsquo;afflux des migrants est trop important pour que ce pays puisse g\u00e9rer la situation.<\/p>\n<p>Cons\u00e9quence: la Slov\u00e9nie demande une intervention urgente de l&rsquo;Union europ\u00e9enne tout en mena\u00e7ant de fermer \u00e0 son tour ses fronti\u00e8res.<\/p>\n<p>Ainsi, l&rsquo;\u00e9tau se referme sur les migrants oblig\u00e9s d&rsquo;aller plus au sud pour tenter de rejoindre le nord de l&rsquo;Europe. La Bulgarie puis la Serbie ont \u00e9rig\u00e9 des murs \u00e0 leurs fronti\u00e8res. Il est d\u00e9sormais envisageable que la Croatie et la Slov\u00e9nie en fassent de m\u00eame.<\/p>\n<p>Alors que l&rsquo;hiver arrive, la situation humanitaire aux marches de l&rsquo;Europe occidentale risque de s&rsquo;aggraver davantage malgr\u00e9 la g\u00e9n\u00e9rosit\u00e9 allemande et l&rsquo;unanimit\u00e9 de fa\u00e7ade des pays europ\u00e9ens les plus nantis. Et le plus dramatique, c&rsquo;est qu&rsquo;il sera difficile de trouver de v\u00e9ritables solutions dans l&rsquo;urgence.<\/p>\n<p>L&rsquo;Europe, d\u00e9sormais, ressemble de plus en plus \u00e0 une citadelle assi\u00e9g\u00e9e alors que le Moyen-Orient ne cesse de s&#8217;embraser et prend de plus en plus des allures d&rsquo;Afghanistan en puissance. Les architectes invisibles du Printemps arabe peuvent \u00eatre fiers de leur \u0153uvre de destruction&#8230;<br \/>\nHatem Bourial<\/p>\n","protected":false},"excerpt":{"rendered":"<p>Dans le froid et la boue : Ces migrants ballot\u00e9s de mur en mur&#8230;<\/p>\n","protected":false},"author":3229,"featured_media":372819,"comment_status":"open","ping_status":"closed","sticky":false,"template":"","format":"standard","meta":{"footnotes":""},"categories":[2596],"tags":[2600],"class_list":["post-186931","post","type-post","status-publish","format-standard","has-post-thumbnail","hentry","category-chroniques","tag-guerre"],"yoast_head":"<!-- This site is optimized with the Yoast SEO Premium plugin v27.5 (Yoast SEO v27.5) - https:\/\/yoast.com\/product\/yoast-seo-premium-wordpress\/ -->\n<title>Dans le froid et la boue : Ces migrants ballot\u00e9s de mur en mur...<\/title>\n<meta name=\"description\" content=\"Dans le froid et la boue : Ces migrants ballot\u00e9s de mur en mur...\" \/>\n<link rel=\"canonical\" href=\"https:\/\/www.webdo.tn\/fr\/actualite\/chroniques\/dans-le-froid-et-la-boue-ces-migrants-ballotes-de-mur-en-mur\/186931\/\" \/>\n<meta property=\"og:locale\" content=\"fr_FR\" \/>\n<meta property=\"og:type\" content=\"article\" \/>\n<meta property=\"og:title\" content=\"Dans le froid et la boue : Ces migrants ballot\u00e9s de mur en mur...\" \/>\n<meta property=\"og:description\" content=\"Dans le froid et la boue : Ces migrants ballot\u00e9s de mur en mur...\" \/>\n<meta property=\"og:url\" content=\"https:\/\/www.webdo.tn\/fr\/actualite\/chroniques\/dans-le-froid-et-la-boue-ces-migrants-ballotes-de-mur-en-mur\/186931\/\" \/>\n<meta property=\"og:site_name\" content=\"webdo\" \/>\n<meta property=\"article:publisher\" content=\"https:\/\/www.facebook.com\/webdotn\" \/>\n<meta property=\"article:author\" content=\"https:\/\/www.facebook.com\/hatem.bourial.2025\" \/>\n<meta property=\"article:published_time\" content=\"2015-10-21T09:21:00+00:00\" \/>\n<meta property=\"article:modified_time\" content=\"2025-05-19T10:05:06+00:00\" \/>\n<meta name=\"author\" content=\"Hatem Bourial\" \/>\n<meta name=\"twitter:card\" content=\"summary_large_image\" \/>\n<meta name=\"twitter:creator\" content=\"@webdo_tn\" \/>\n<meta name=\"twitter:site\" content=\"@webdo_tn\" \/>\n<meta name=\"twitter:label1\" content=\"\u00c9crit par\" \/>\n\t<meta name=\"twitter:data1\" content=\"Hatem Bourial\" \/>\n\t<meta name=\"twitter:label2\" content=\"Dur\u00e9e de lecture estim\u00e9e\" \/>\n\t<meta name=\"twitter:data2\" content=\"2 minutes\" \/>\n<script type=\"application\/ld+json\" class=\"yoast-schema-graph\">{\"@context\":\"https:\\\/\\\/schema.org\",\"@graph\":[{\"@type\":\"NewsArticle\",\"@id\":\"https:\\\/\\\/www.webdo.tn\\\/fr\\\/actualite\\\/chroniques\\\/dans-le-froid-et-la-boue-ces-migrants-ballotes-de-mur-en-mur\\\/186931\\\/#article\",\"isPartOf\":{\"@id\":\"https:\\\/\\\/www.webdo.tn\\\/fr\\\/actualite\\\/chroniques\\\/dans-le-froid-et-la-boue-ces-migrants-ballotes-de-mur-en-mur\\\/186931\\\/\"},\"author\":{\"name\":\"Hatem Bourial\",\"@id\":\"https:\\\/\\\/www.webdo.tn\\\/fr\\\/#\\\/schema\\\/person\\\/6bc0beba2cd23aec27cb5df85ca2554f\"},\"headline\":\"Dans le froid et la boue : Ces migrants ballot\u00e9s de mur en mur&#8230;\",\"datePublished\":\"2015-10-21T09:21:00+00:00\",\"dateModified\":\"2025-05-19T10:05:06+00:00\",\"mainEntityOfPage\":{\"@id\":\"https:\\\/\\\/www.webdo.tn\\\/fr\\\/actualite\\\/chroniques\\\/dans-le-froid-et-la-boue-ces-migrants-ballotes-de-mur-en-mur\\\/186931\\\/\"},\"wordCount\":343,\"commentCount\":0,\"publisher\":{\"@id\":\"https:\\\/\\\/www.webdo.tn\\\/fr\\\/#organization\"},\"image\":{\"@id\":\"https:\\\/\\\/www.webdo.tn\\\/fr\\\/actualite\\\/chroniques\\\/dans-le-froid-et-la-boue-ces-migrants-ballotes-de-mur-en-mur\\\/186931\\\/#primaryimage\"},\"thumbnailUrl\":\"https:\\\/\\\/www.webdo.tn\\\/fr\\\/wp-content\\\/uploads\\\/2025\\\/06\\\/Migrants-Liberation_186931.jpg\",\"keywords\":[\"guerre\"],\"articleSection\":[\"Chroniques\"],\"inLanguage\":\"fr-FR\"},{\"@type\":\"WebPage\",\"@id\":\"https:\\\/\\\/www.webdo.tn\\\/fr\\\/actualite\\\/chroniques\\\/dans-le-froid-et-la-boue-ces-migrants-ballotes-de-mur-en-mur\\\/186931\\\/\",\"url\":\"https:\\\/\\\/www.webdo.tn\\\/fr\\\/actualite\\\/chroniques\\\/dans-le-froid-et-la-boue-ces-migrants-ballotes-de-mur-en-mur\\\/186931\\\/\",\"name\":\"Dans le froid et la boue : Ces migrants ballot\u00e9s de mur en mur...\",\"isPartOf\":{\"@id\":\"https:\\\/\\\/www.webdo.tn\\\/fr\\\/#website\"},\"primaryImageOfPage\":{\"@id\":\"https:\\\/\\\/www.webdo.tn\\\/fr\\\/actualite\\\/chroniques\\\/dans-le-froid-et-la-boue-ces-migrants-ballotes-de-mur-en-mur\\\/186931\\\/#primaryimage\"},\"image\":{\"@id\":\"https:\\\/\\\/www.webdo.tn\\\/fr\\\/actualite\\\/chroniques\\\/dans-le-froid-et-la-boue-ces-migrants-ballotes-de-mur-en-mur\\\/186931\\\/#primaryimage\"},\"thumbnailUrl\":\"https:\\\/\\\/www.webdo.tn\\\/fr\\\/wp-content\\\/uploads\\\/2025\\\/06\\\/Migrants-Liberation_186931.jpg\",\"datePublished\":\"2015-10-21T09:21:00+00:00\",\"dateModified\":\"2025-05-19T10:05:06+00:00\",\"description\":\"Dans le froid et la boue : Ces migrants ballot\u00e9s de mur en mur...\",\"breadcrumb\":{\"@id\":\"https:\\\/\\\/www.webdo.tn\\\/fr\\\/actualite\\\/chroniques\\\/dans-le-froid-et-la-boue-ces-migrants-ballotes-de-mur-en-mur\\\/186931\\\/#breadcrumb\"},\"inLanguage\":\"fr-FR\",\"potentialAction\":[{\"@type\":\"ReadAction\",\"target\":[\"https:\\\/\\\/www.webdo.tn\\\/fr\\\/actualite\\\/chroniques\\\/dans-le-froid-et-la-boue-ces-migrants-ballotes-de-mur-en-mur\\\/186931\\\/\"]}]},{\"@type\":\"ImageObject\",\"inLanguage\":\"fr-FR\",\"@id\":\"https:\\\/\\\/www.webdo.tn\\\/fr\\\/actualite\\\/chroniques\\\/dans-le-froid-et-la-boue-ces-migrants-ballotes-de-mur-en-mur\\\/186931\\\/#primaryimage\",\"url\":\"https:\\\/\\\/www.webdo.tn\\\/fr\\\/wp-content\\\/uploads\\\/2025\\\/06\\\/Migrants-Liberation_186931.jpg\",\"contentUrl\":\"https:\\\/\\\/www.webdo.tn\\\/fr\\\/wp-content\\\/uploads\\\/2025\\\/06\\\/Migrants-Liberation_186931.jpg\",\"width\":960,\"height\":639,\"caption\":\"Dans le froid et la boue : Ces migrants ballot\u00e9s de mur en mur...\"},{\"@type\":\"BreadcrumbList\",\"@id\":\"https:\\\/\\\/www.webdo.tn\\\/fr\\\/actualite\\\/chroniques\\\/dans-le-froid-et-la-boue-ces-migrants-ballotes-de-mur-en-mur\\\/186931\\\/#breadcrumb\",\"itemListElement\":[{\"@type\":\"ListItem\",\"position\":1,\"name\":\"Accueil\",\"item\":\"https:\\\/\\\/www.webdo.tn\\\/fr\\\/\"},{\"@type\":\"ListItem\",\"position\":2,\"name\":\"Dans le froid et la boue : Ces migrants ballot\u00e9s de mur en mur&#8230;\"}]},{\"@type\":\"WebSite\",\"@id\":\"https:\\\/\\\/www.webdo.tn\\\/fr\\\/#website\",\"url\":\"https:\\\/\\\/www.webdo.tn\\\/fr\\\/\",\"name\":\"webdo\",\"description\":\"Tunisie - News en Tunisie et \u00e0 l&#039;international sur Webdo.tn\",\"publisher\":{\"@id\":\"https:\\\/\\\/www.webdo.tn\\\/fr\\\/#organization\"},\"potentialAction\":[{\"@type\":\"SearchAction\",\"target\":{\"@type\":\"EntryPoint\",\"urlTemplate\":\"https:\\\/\\\/www.webdo.tn\\\/fr\\\/?s={search_term_string}\"},\"query-input\":{\"@type\":\"PropertyValueSpecification\",\"valueRequired\":true,\"valueName\":\"search_term_string\"}}],\"inLanguage\":\"fr-FR\"},{\"@type\":\"Organization\",\"@id\":\"https:\\\/\\\/www.webdo.tn\\\/fr\\\/#organization\",\"name\":\"Webdo\",\"alternateName\":\"Webdo.tn\",\"url\":\"https:\\\/\\\/www.webdo.tn\\\/fr\\\/\",\"logo\":{\"@type\":\"ImageObject\",\"inLanguage\":\"fr-FR\",\"@id\":\"https:\\\/\\\/www.webdo.tn\\\/fr\\\/#\\\/schema\\\/logo\\\/image\\\/\",\"url\":\"https:\\\/\\\/www.webdo.tn\\\/fr\\\/wp-content\\\/uploads\\\/2025\\\/06\\\/Webdo-Tunisie_168377.jpg\",\"contentUrl\":\"https:\\\/\\\/www.webdo.tn\\\/fr\\\/wp-content\\\/uploads\\\/2025\\\/06\\\/Webdo-Tunisie_168377.jpg\",\"width\":301,\"height\":301,\"caption\":\"Webdo\"},\"image\":{\"@id\":\"https:\\\/\\\/www.webdo.tn\\\/fr\\\/#\\\/schema\\\/logo\\\/image\\\/\"},\"sameAs\":[\"https:\\\/\\\/www.facebook.com\\\/webdotn\",\"https:\\\/\\\/x.com\\\/webdo_tn\"],\"description\":\"Webdo est un m\u00e9dia num\u00e9rique tunisien fond\u00e9 en 2010, sp\u00e9cialis\u00e9 dans l\u2019actualit\u00e9 nationale et internationale, l\u2019\u00e9conomie, la soci\u00e9t\u00e9 et les analyses politiques. Le site s\u2019adresse \u00e0 un large public francophone et couvre l\u2019information tunisienne en temps r\u00e9el.\",\"email\":\"redac@webdo.tn\",\"legalName\":\"YNJ SARL\",\"foundingDate\":\"2010-09-06\",\"numberOfEmployees\":{\"@type\":\"QuantitativeValue\",\"minValue\":\"11\",\"maxValue\":\"50\"}},{\"@type\":\"Person\",\"@id\":\"https:\\\/\\\/www.webdo.tn\\\/fr\\\/#\\\/schema\\\/person\\\/6bc0beba2cd23aec27cb5df85ca2554f\",\"name\":\"Hatem Bourial\",\"image\":{\"@type\":\"ImageObject\",\"inLanguage\":\"fr-FR\",\"@id\":\"https:\\\/\\\/www.webdo.tn\\\/fr\\\/wp-content\\\/uploads\\\/2026\\\/04\\\/hatem-bourial_avatar-96x96.jpg\",\"url\":\"https:\\\/\\\/www.webdo.tn\\\/fr\\\/wp-content\\\/uploads\\\/2026\\\/04\\\/hatem-bourial_avatar-96x96.jpg\",\"contentUrl\":\"https:\\\/\\\/www.webdo.tn\\\/fr\\\/wp-content\\\/uploads\\\/2026\\\/04\\\/hatem-bourial_avatar-96x96.jpg\",\"caption\":\"Hatem Bourial\"},\"description\":\"Hatem Bourial est journaliste, \u00e9crivain et chroniqueur tunisien. Actif depuis plusieurs d\u00e9cennies, il s\u2019est impos\u00e9 comme un observateur attentif de la soci\u00e9t\u00e9 tunisienne, m\u00ealant dans ses \u00e9crits m\u00e9moire, culture et analyse du quotidien. Auteur de nombreux ouvrages, il d\u00e9veloppe une \u0153uvre \u00e0 la crois\u00e9e du r\u00e9cit, de la po\u00e9sie et de l\u2019observation sociologique. Parall\u00e8lement \u00e0 ses contributions dans la presse, il intervient r\u00e9guli\u00e8rement \u00e0 la radio et dans des espaces culturels, o\u00f9 il explore les enjeux li\u00e9s au patrimoine, \u00e0 l\u2019identit\u00e9 et aux transformations du monde contemporain. \u00c0 travers ses chroniques, Hatem Bourial propose une lecture sensible et approfondie de l\u2019actualit\u00e9, nourrie par une exp\u00e9rience journalistique et litt\u00e9raire reconnue. \ud83d\udd17 Facebook : https:\\\/\\\/www.facebook.com\\\/hatem.bourial.2025\",\"sameAs\":[\"https:\\\/\\\/www.facebook.com\\\/hatem.bourial.2025\",\"https:\\\/\\\/fr.wikipedia.org\\\/wiki\\\/Fichier:Hatem_Bourial.jpg\"],\"knowsAbout\":[\"Culture & patrimoine tunisien\",\"Chronique soci\u00e9tale\",\"Litt\u00e9rature & m\u00e9moire\",\"Cin\u00e9ma & critique culturelle\",\"Identit\u00e9 & mutations sociales\"],\"knowsLanguage\":[\"Arabe\",\"Fran\u00e7ais\",\"Anglais\",\"Italien\",\"Polonais\"],\"jobTitle\":\"Journaliste, \u00e9crivain et chroniqueur culturel\",\"worksFor\":\"Webdo\",\"url\":\"https:\\\/\\\/www.webdo.tn\\\/fr\\\/actualite\\\/author\\\/hatem-bourial-2\\\/\"}]}<\/script>\n<!-- \/ Yoast SEO Premium plugin. -->","yoast_head_json":{"title":"Dans le froid et la boue : Ces migrants ballot\u00e9s de mur en mur...","description":"Dans le froid et la boue : Ces migrants ballot\u00e9s de mur en mur...","canonical":"https:\/\/www.webdo.tn\/fr\/actualite\/chroniques\/dans-le-froid-et-la-boue-ces-migrants-ballotes-de-mur-en-mur\/186931\/","og_locale":"fr_FR","og_type":"article","og_title":"Dans le froid et la boue : Ces migrants ballot\u00e9s de mur en mur...","og_description":"Dans le froid et la boue : Ces migrants ballot\u00e9s de mur en mur...","og_url":"https:\/\/www.webdo.tn\/fr\/actualite\/chroniques\/dans-le-froid-et-la-boue-ces-migrants-ballotes-de-mur-en-mur\/186931\/","og_site_name":"webdo","article_publisher":"https:\/\/www.facebook.com\/webdotn","article_author":"https:\/\/www.facebook.com\/hatem.bourial.2025","article_published_time":"2015-10-21T09:21:00+00:00","article_modified_time":"2025-05-19T10:05:06+00:00","author":"Hatem Bourial","twitter_card":"summary_large_image","twitter_creator":"@webdo_tn","twitter_site":"@webdo_tn","twitter_misc":{"\u00c9crit par":"Hatem Bourial","Dur\u00e9e de lecture estim\u00e9e":"2 minutes"},"schema":{"@context":"https:\/\/schema.org","@graph":[{"@type":"NewsArticle","@id":"https:\/\/www.webdo.tn\/fr\/actualite\/chroniques\/dans-le-froid-et-la-boue-ces-migrants-ballotes-de-mur-en-mur\/186931\/#article","isPartOf":{"@id":"https:\/\/www.webdo.tn\/fr\/actualite\/chroniques\/dans-le-froid-et-la-boue-ces-migrants-ballotes-de-mur-en-mur\/186931\/"},"author":{"name":"Hatem Bourial","@id":"https:\/\/www.webdo.tn\/fr\/#\/schema\/person\/6bc0beba2cd23aec27cb5df85ca2554f"},"headline":"Dans le froid et la boue : Ces migrants ballot\u00e9s de mur en mur&#8230;","datePublished":"2015-10-21T09:21:00+00:00","dateModified":"2025-05-19T10:05:06+00:00","mainEntityOfPage":{"@id":"https:\/\/www.webdo.tn\/fr\/actualite\/chroniques\/dans-le-froid-et-la-boue-ces-migrants-ballotes-de-mur-en-mur\/186931\/"},"wordCount":343,"commentCount":0,"publisher":{"@id":"https:\/\/www.webdo.tn\/fr\/#organization"},"image":{"@id":"https:\/\/www.webdo.tn\/fr\/actualite\/chroniques\/dans-le-froid-et-la-boue-ces-migrants-ballotes-de-mur-en-mur\/186931\/#primaryimage"},"thumbnailUrl":"https:\/\/www.webdo.tn\/fr\/wp-content\/uploads\/2025\/06\/Migrants-Liberation_186931.jpg","keywords":["guerre"],"articleSection":["Chroniques"],"inLanguage":"fr-FR"},{"@type":"WebPage","@id":"https:\/\/www.webdo.tn\/fr\/actualite\/chroniques\/dans-le-froid-et-la-boue-ces-migrants-ballotes-de-mur-en-mur\/186931\/","url":"https:\/\/www.webdo.tn\/fr\/actualite\/chroniques\/dans-le-froid-et-la-boue-ces-migrants-ballotes-de-mur-en-mur\/186931\/","name":"Dans le froid et la boue : Ces migrants ballot\u00e9s de mur en mur...","isPartOf":{"@id":"https:\/\/www.webdo.tn\/fr\/#website"},"primaryImageOfPage":{"@id":"https:\/\/www.webdo.tn\/fr\/actualite\/chroniques\/dans-le-froid-et-la-boue-ces-migrants-ballotes-de-mur-en-mur\/186931\/#primaryimage"},"image":{"@id":"https:\/\/www.webdo.tn\/fr\/actualite\/chroniques\/dans-le-froid-et-la-boue-ces-migrants-ballotes-de-mur-en-mur\/186931\/#primaryimage"},"thumbnailUrl":"https:\/\/www.webdo.tn\/fr\/wp-content\/uploads\/2025\/06\/Migrants-Liberation_186931.jpg","datePublished":"2015-10-21T09:21:00+00:00","dateModified":"2025-05-19T10:05:06+00:00","description":"Dans le froid et la boue : Ces migrants ballot\u00e9s de mur en mur...","breadcrumb":{"@id":"https:\/\/www.webdo.tn\/fr\/actualite\/chroniques\/dans-le-froid-et-la-boue-ces-migrants-ballotes-de-mur-en-mur\/186931\/#breadcrumb"},"inLanguage":"fr-FR","potentialAction":[{"@type":"ReadAction","target":["https:\/\/www.webdo.tn\/fr\/actualite\/chroniques\/dans-le-froid-et-la-boue-ces-migrants-ballotes-de-mur-en-mur\/186931\/"]}]},{"@type":"ImageObject","inLanguage":"fr-FR","@id":"https:\/\/www.webdo.tn\/fr\/actualite\/chroniques\/dans-le-froid-et-la-boue-ces-migrants-ballotes-de-mur-en-mur\/186931\/#primaryimage","url":"https:\/\/www.webdo.tn\/fr\/wp-content\/uploads\/2025\/06\/Migrants-Liberation_186931.jpg","contentUrl":"https:\/\/www.webdo.tn\/fr\/wp-content\/uploads\/2025\/06\/Migrants-Liberation_186931.jpg","width":960,"height":639,"caption":"Dans le froid et la boue : Ces migrants ballot\u00e9s de mur en mur..."},{"@type":"BreadcrumbList","@id":"https:\/\/www.webdo.tn\/fr\/actualite\/chroniques\/dans-le-froid-et-la-boue-ces-migrants-ballotes-de-mur-en-mur\/186931\/#breadcrumb","itemListElement":[{"@type":"ListItem","position":1,"name":"Accueil","item":"https:\/\/www.webdo.tn\/fr\/"},{"@type":"ListItem","position":2,"name":"Dans le froid et la boue : Ces migrants ballot\u00e9s de mur en mur&#8230;"}]},{"@type":"WebSite","@id":"https:\/\/www.webdo.tn\/fr\/#website","url":"https:\/\/www.webdo.tn\/fr\/","name":"webdo","description":"Tunisie - News en Tunisie et \u00e0 l&#039;international sur Webdo.tn","publisher":{"@id":"https:\/\/www.webdo.tn\/fr\/#organization"},"potentialAction":[{"@type":"SearchAction","target":{"@type":"EntryPoint","urlTemplate":"https:\/\/www.webdo.tn\/fr\/?s={search_term_string}"},"query-input":{"@type":"PropertyValueSpecification","valueRequired":true,"valueName":"search_term_string"}}],"inLanguage":"fr-FR"},{"@type":"Organization","@id":"https:\/\/www.webdo.tn\/fr\/#organization","name":"Webdo","alternateName":"Webdo.tn","url":"https:\/\/www.webdo.tn\/fr\/","logo":{"@type":"ImageObject","inLanguage":"fr-FR","@id":"https:\/\/www.webdo.tn\/fr\/#\/schema\/logo\/image\/","url":"https:\/\/www.webdo.tn\/fr\/wp-content\/uploads\/2025\/06\/Webdo-Tunisie_168377.jpg","contentUrl":"https:\/\/www.webdo.tn\/fr\/wp-content\/uploads\/2025\/06\/Webdo-Tunisie_168377.jpg","width":301,"height":301,"caption":"Webdo"},"image":{"@id":"https:\/\/www.webdo.tn\/fr\/#\/schema\/logo\/image\/"},"sameAs":["https:\/\/www.facebook.com\/webdotn","https:\/\/x.com\/webdo_tn"],"description":"Webdo est un m\u00e9dia num\u00e9rique tunisien fond\u00e9 en 2010, sp\u00e9cialis\u00e9 dans l\u2019actualit\u00e9 nationale et internationale, l\u2019\u00e9conomie, la soci\u00e9t\u00e9 et les analyses politiques. Le site s\u2019adresse \u00e0 un large public francophone et couvre l\u2019information tunisienne en temps r\u00e9el.","email":"redac@webdo.tn","legalName":"YNJ SARL","foundingDate":"2010-09-06","numberOfEmployees":{"@type":"QuantitativeValue","minValue":"11","maxValue":"50"}},{"@type":"Person","@id":"https:\/\/www.webdo.tn\/fr\/#\/schema\/person\/6bc0beba2cd23aec27cb5df85ca2554f","name":"Hatem Bourial","image":{"@type":"ImageObject","inLanguage":"fr-FR","@id":"https:\/\/www.webdo.tn\/fr\/wp-content\/uploads\/2026\/04\/hatem-bourial_avatar-96x96.jpg","url":"https:\/\/www.webdo.tn\/fr\/wp-content\/uploads\/2026\/04\/hatem-bourial_avatar-96x96.jpg","contentUrl":"https:\/\/www.webdo.tn\/fr\/wp-content\/uploads\/2026\/04\/hatem-bourial_avatar-96x96.jpg","caption":"Hatem Bourial"},"description":"Hatem Bourial est journaliste, \u00e9crivain et chroniqueur tunisien. Actif depuis plusieurs d\u00e9cennies, il s\u2019est impos\u00e9 comme un observateur attentif de la soci\u00e9t\u00e9 tunisienne, m\u00ealant dans ses \u00e9crits m\u00e9moire, culture et analyse du quotidien. Auteur de nombreux ouvrages, il d\u00e9veloppe une \u0153uvre \u00e0 la crois\u00e9e du r\u00e9cit, de la po\u00e9sie et de l\u2019observation sociologique. Parall\u00e8lement \u00e0 ses contributions dans la presse, il intervient r\u00e9guli\u00e8rement \u00e0 la radio et dans des espaces culturels, o\u00f9 il explore les enjeux li\u00e9s au patrimoine, \u00e0 l\u2019identit\u00e9 et aux transformations du monde contemporain. \u00c0 travers ses chroniques, Hatem Bourial propose une lecture sensible et approfondie de l\u2019actualit\u00e9, nourrie par une exp\u00e9rience journalistique et litt\u00e9raire reconnue. \ud83d\udd17 Facebook : https:\/\/www.facebook.com\/hatem.bourial.2025","sameAs":["https:\/\/www.facebook.com\/hatem.bourial.2025","https:\/\/fr.wikipedia.org\/wiki\/Fichier:Hatem_Bourial.jpg"],"knowsAbout":["Culture & patrimoine tunisien","Chronique soci\u00e9tale","Litt\u00e9rature & m\u00e9moire","Cin\u00e9ma & critique culturelle","Identit\u00e9 & mutations sociales"],"knowsLanguage":["Arabe","Fran\u00e7ais","Anglais","Italien","Polonais"],"jobTitle":"Journaliste, \u00e9crivain et chroniqueur culturel","worksFor":"Webdo","url":"https:\/\/www.webdo.tn\/fr\/actualite\/author\/hatem-bourial-2\/"}]}},"_links":{"self":[{"href":"https:\/\/www.webdo.tn\/fr\/wp-json\/wp\/v2\/posts\/186931","targetHints":{"allow":["GET"]}}],"collection":[{"href":"https:\/\/www.webdo.tn\/fr\/wp-json\/wp\/v2\/posts"}],"about":[{"href":"https:\/\/www.webdo.tn\/fr\/wp-json\/wp\/v2\/types\/post"}],"author":[{"embeddable":true,"href":"https:\/\/www.webdo.tn\/fr\/wp-json\/wp\/v2\/users\/3229"}],"replies":[{"embeddable":true,"href":"https:\/\/www.webdo.tn\/fr\/wp-json\/wp\/v2\/comments?post=186931"}],"version-history":[{"count":0,"href":"https:\/\/www.webdo.tn\/fr\/wp-json\/wp\/v2\/posts\/186931\/revisions"}],"wp:featuredmedia":[{"embeddable":true,"href":"https:\/\/www.webdo.tn\/fr\/wp-json\/wp\/v2\/media\/372819"}],"wp:attachment":[{"href":"https:\/\/www.webdo.tn\/fr\/wp-json\/wp\/v2\/media?parent=186931"}],"wp:term":[{"taxonomy":"category","embeddable":true,"href":"https:\/\/www.webdo.tn\/fr\/wp-json\/wp\/v2\/categories?post=186931"},{"taxonomy":"post_tag","embeddable":true,"href":"https:\/\/www.webdo.tn\/fr\/wp-json\/wp\/v2\/tags?post=186931"}],"curies":[{"name":"wp","href":"https:\/\/api.w.org\/{rel}","templated":true}]}}