{"id":186928,"date":"2015-10-15T10:21:00","date_gmt":"2015-10-15T10:21:00","guid":{"rendered":"https:\/\/www.webdo.tn\/fr\/blog\/quand-la-radio-tunisienne-parle-la-langue-de-goethe\/186928\/"},"modified":"2015-10-15T10:21:00","modified_gmt":"2015-10-15T10:21:00","slug":"quand-la-radio-tunisienne-parle-la-langue-de-goethe","status":"publish","type":"post","link":"https:\/\/www.webdo.tn\/fr\/actualite\/chroniques\/quand-la-radio-tunisienne-parle-la-langue-de-goethe\/186928\/","title":{"rendered":"Quand la radio tunisienne parle la langue de Goethe"},"content":{"rendered":"<p>On dira ce qu&rsquo;on voudra de la radio publique, elle n&rsquo;en demeurera pas moins la seule dans le paysage audiovisuel tunisien \u00e0 proposer \u00e0 ses auditeurs des programmes dans plusieurs langues.<\/p>\n<p>En ce sens, la chaine internationale est probablement, jusqu&rsquo;\u00e0 preuve du contraire, la seule radio arabe et peut-\u00eatre m\u00e9diterran\u00e9enne \u00e0 \u00e9mettre en cinq langues diff\u00e9rentes.<br \/>\nSeule la radio publique parle en cinq langues<br \/>\nEn effet, essentiellement francophone, RTCI s&rsquo;est \u00e9galement, et depuis longtemps, ouverte \u00e0 l&rsquo;italien, l&rsquo;anglais, l&rsquo;allemand et l&rsquo;espagnol.<\/p>\n<p>A d\u00e9faut d&rsquo;\u00e9voquer tous ces programmes et leurs animateurs, nous focaliserons ce billet sur le programme en langue allemande pour dire toute notre appr\u00e9ciation du travail accompli par un quatuor d&rsquo;animateurs qui est l&rsquo;un des carr\u00e9s d&rsquo;as de la chaine internationale. Un v\u00e9ritable Quartette de promotion de la langue de Goethe, pour rester dans le sillage d&rsquo;honneur de l&rsquo;actualit\u00e9.<\/p>\n<p>Avec la pr\u00e9cision d&rsquo;un Khaled Limam, la fluidit\u00e9 d&rsquo;une In\u00e8s Mohdhi Oueslati, l&rsquo;entrain d&rsquo;un Moncef Labiadh et la constance d&rsquo;une Olfa Khemiri, le programme en langue allemande de RTCI a de qui tenir !<\/p>\n<p>Non content de rendre quotidiennement hommage \u00e0 l&rsquo;inextricable grammaire allemande (\u00ab\u00a0Grammatik ist hoch und heiligen\u00a0\u00bb, disent les Allemands pour signifier l&rsquo;importance du bien-parler), notre quatuor d&rsquo;animateurs rend compte aussi bien des r\u00e9alit\u00e9s tunisiennes que de la pr\u00e9sence allemande en Tunisie.<\/p>\n<p>Mat\u00e9rialis\u00e9e par de nombreuses instances de coop\u00e9ration, des fondations politiques tr\u00e8s actives et une communaut\u00e9 dynamique, la pr\u00e9sence allemande est souvent soulign\u00e9e et mise en valeur par les programmes de notre radio publique.<\/p>\n<p>C&rsquo;est aussi le cas des nombreux responsables allemands de passage qui, ministres, artistes et investisseurs s&rsquo;expriment r\u00e9guli\u00e8rement sur les ondes de RTCI.<br \/>\nLa belle performance de In\u00e8s Mohdhi Oueslati<br \/>\nCet hommage du c\u0153ur \u00e0 des coll\u00e8gues de la radio s&rsquo;est impose \u00e0 moi pour une raison tr\u00e8s pr\u00e9cise, un r\u00e9gal radiophonique, une le\u00e7on comme j&rsquo;adore en prendre et qui me fut administr\u00e9e par l&rsquo;excellente In\u00e8s Mohdhi Oueslati le jour de l&rsquo;Aid.<\/p>\n<p>Alors que tout un pays faisait bombance, toutes les radios travaillaient et diffusaient des programmes associ\u00e9s \u00e0 la c\u00e9l\u00e9bration de l&rsquo;Aid. Ce jour l\u00e0, le programme en langue allemande de RTCI nous avait fait la totale.<\/p>\n<p>En moins d&rsquo;une heure, une quinzaine de personnalit\u00e9s des communaut\u00e9s allemande et autrichienne ainsi que des Tunisiens germanophones se sont exprim\u00e9s au micro de In\u00e8s Mohdhi Oueslati pour souhaiter &#8211; en allemand &#8211; un bon Aid \u00e0 la Tunisie. Parmi eux, Andreas Reinicke, ambassadeur d&rsquo;Allemagne ou Gerhard Weinberger, ambassadeur d&rsquo;Autriche.<br \/>\nRespect et reconnaissance de l&rsquo;effort sous toutes ses formes<br \/>\nUne superbe performance radio vous dis-je ! Sobre et efficace aussi&#8230; Du travail \u00e0 l&rsquo;allemande dirait la vox populi. Bravo \u00e0 l&rsquo;animatrice qui a enchain\u00e9 tous ces entretiens et merci \u00e0 notre chaine internationale qui demeure l&rsquo;unique forum polyglotte, en dehors de l&rsquo;universit\u00e9.<\/p>\n<p>Des fois, souvent, je salue d&rsquo;un coup de chapeau mes coll\u00e8gues de la radio ou de la presse \u00e9crite et, comme la performance de In\u00e8s Mohdhi Oueslati est pass\u00e9e quelque peu inaper\u00e7ue, je d\u00e9sirais vous en rendre compte tout en saluant un quatuor qui fait les beaux jours de la langue de Goethe sur la radio publique.<\/p>\n<p>Copinage ? Non, respect, respect t\u00eatu et reconnaissance \u00e0 celles et ceux qui sont du c\u00f4t\u00e9 de l&rsquo;effort et du travail bien fait !<\/p>\n<p>C&rsquo;est bel et bien une question de culture, de choix entre le respect et la connivence, l&rsquo;occultation et la reconnaissance&#8230; Salut coll\u00e8gues, c&rsquo;est avec un c\u0153ur ardent que je vous salue&#8230;<br \/>\nHatem Bourial<\/p>\n","protected":false},"excerpt":{"rendered":"<p>Quand la radio tunisienne parle la langue de Goethe<\/p>\n","protected":false},"author":3229,"featured_media":375445,"comment_status":"open","ping_status":"closed","sticky":false,"template":"","format":"standard","meta":{"footnotes":""},"categories":[2596],"tags":[2600],"class_list":["post-186928","post","type-post","status-publish","format-standard","has-post-thumbnail","hentry","category-chroniques","tag-guerre"],"yoast_head":"<!-- This site is optimized with the Yoast SEO Premium plugin v27.5 (Yoast SEO v27.5) - https:\/\/yoast.com\/product\/yoast-seo-premium-wordpress\/ -->\n<title>Quand la radio tunisienne parle la langue de Goethe<\/title>\n<meta name=\"description\" content=\"Quand la radio tunisienne parle la langue de Goethe\" \/>\n<link rel=\"canonical\" href=\"https:\/\/www.webdo.tn\/fr\/actualite\/chroniques\/quand-la-radio-tunisienne-parle-la-langue-de-goethe\/186928\/\" \/>\n<meta property=\"og:locale\" content=\"fr_FR\" \/>\n<meta property=\"og:type\" content=\"article\" \/>\n<meta property=\"og:title\" content=\"Quand la radio tunisienne parle la langue de Goethe\" \/>\n<meta property=\"og:description\" content=\"Quand la radio tunisienne parle la langue de Goethe\" \/>\n<meta property=\"og:url\" content=\"https:\/\/www.webdo.tn\/fr\/actualite\/chroniques\/quand-la-radio-tunisienne-parle-la-langue-de-goethe\/186928\/\" \/>\n<meta property=\"og:site_name\" content=\"webdo\" \/>\n<meta property=\"article:publisher\" content=\"https:\/\/www.facebook.com\/webdotn\" \/>\n<meta property=\"article:author\" content=\"https:\/\/www.facebook.com\/hatem.bourial.2025\" \/>\n<meta property=\"article:published_time\" content=\"2015-10-15T10:21:00+00:00\" \/>\n<meta name=\"author\" content=\"Hatem Bourial\" \/>\n<meta name=\"twitter:card\" content=\"summary_large_image\" \/>\n<meta name=\"twitter:creator\" content=\"@webdo_tn\" \/>\n<meta name=\"twitter:site\" content=\"@webdo_tn\" \/>\n<meta name=\"twitter:label1\" content=\"\u00c9crit par\" \/>\n\t<meta name=\"twitter:data1\" content=\"Hatem Bourial\" \/>\n\t<meta name=\"twitter:label2\" content=\"Dur\u00e9e de lecture estim\u00e9e\" \/>\n\t<meta name=\"twitter:data2\" content=\"3 minutes\" \/>\n<script type=\"application\/ld+json\" class=\"yoast-schema-graph\">{\"@context\":\"https:\\\/\\\/schema.org\",\"@graph\":[{\"@type\":\"NewsArticle\",\"@id\":\"https:\\\/\\\/www.webdo.tn\\\/fr\\\/actualite\\\/chroniques\\\/quand-la-radio-tunisienne-parle-la-langue-de-goethe\\\/186928\\\/#article\",\"isPartOf\":{\"@id\":\"https:\\\/\\\/www.webdo.tn\\\/fr\\\/actualite\\\/chroniques\\\/quand-la-radio-tunisienne-parle-la-langue-de-goethe\\\/186928\\\/\"},\"author\":{\"name\":\"Hatem Bourial\",\"@id\":\"https:\\\/\\\/www.webdo.tn\\\/fr\\\/#\\\/schema\\\/person\\\/6bc0beba2cd23aec27cb5df85ca2554f\"},\"headline\":\"Quand la radio tunisienne parle la langue de Goethe\",\"datePublished\":\"2015-10-15T10:21:00+00:00\",\"mainEntityOfPage\":{\"@id\":\"https:\\\/\\\/www.webdo.tn\\\/fr\\\/actualite\\\/chroniques\\\/quand-la-radio-tunisienne-parle-la-langue-de-goethe\\\/186928\\\/\"},\"wordCount\":649,\"commentCount\":0,\"publisher\":{\"@id\":\"https:\\\/\\\/www.webdo.tn\\\/fr\\\/#organization\"},\"image\":{\"@id\":\"https:\\\/\\\/www.webdo.tn\\\/fr\\\/actualite\\\/chroniques\\\/quand-la-radio-tunisienne-parle-la-langue-de-goethe\\\/186928\\\/#primaryimage\"},\"thumbnailUrl\":\"https:\\\/\\\/www.webdo.tn\\\/fr\\\/wp-content\\\/uploads\\\/2025\\\/06\\\/Ines-Mohdhi-Oueslati-300x300_186928.png\",\"keywords\":[\"guerre\"],\"articleSection\":[\"Chroniques\"],\"inLanguage\":\"fr-FR\"},{\"@type\":\"WebPage\",\"@id\":\"https:\\\/\\\/www.webdo.tn\\\/fr\\\/actualite\\\/chroniques\\\/quand-la-radio-tunisienne-parle-la-langue-de-goethe\\\/186928\\\/\",\"url\":\"https:\\\/\\\/www.webdo.tn\\\/fr\\\/actualite\\\/chroniques\\\/quand-la-radio-tunisienne-parle-la-langue-de-goethe\\\/186928\\\/\",\"name\":\"Quand la radio tunisienne parle la langue de Goethe\",\"isPartOf\":{\"@id\":\"https:\\\/\\\/www.webdo.tn\\\/fr\\\/#website\"},\"primaryImageOfPage\":{\"@id\":\"https:\\\/\\\/www.webdo.tn\\\/fr\\\/actualite\\\/chroniques\\\/quand-la-radio-tunisienne-parle-la-langue-de-goethe\\\/186928\\\/#primaryimage\"},\"image\":{\"@id\":\"https:\\\/\\\/www.webdo.tn\\\/fr\\\/actualite\\\/chroniques\\\/quand-la-radio-tunisienne-parle-la-langue-de-goethe\\\/186928\\\/#primaryimage\"},\"thumbnailUrl\":\"https:\\\/\\\/www.webdo.tn\\\/fr\\\/wp-content\\\/uploads\\\/2025\\\/06\\\/Ines-Mohdhi-Oueslati-300x300_186928.png\",\"datePublished\":\"2015-10-15T10:21:00+00:00\",\"description\":\"Quand la radio tunisienne parle la langue de Goethe\",\"breadcrumb\":{\"@id\":\"https:\\\/\\\/www.webdo.tn\\\/fr\\\/actualite\\\/chroniques\\\/quand-la-radio-tunisienne-parle-la-langue-de-goethe\\\/186928\\\/#breadcrumb\"},\"inLanguage\":\"fr-FR\",\"potentialAction\":[{\"@type\":\"ReadAction\",\"target\":[\"https:\\\/\\\/www.webdo.tn\\\/fr\\\/actualite\\\/chroniques\\\/quand-la-radio-tunisienne-parle-la-langue-de-goethe\\\/186928\\\/\"]}]},{\"@type\":\"ImageObject\",\"inLanguage\":\"fr-FR\",\"@id\":\"https:\\\/\\\/www.webdo.tn\\\/fr\\\/actualite\\\/chroniques\\\/quand-la-radio-tunisienne-parle-la-langue-de-goethe\\\/186928\\\/#primaryimage\",\"url\":\"https:\\\/\\\/www.webdo.tn\\\/fr\\\/wp-content\\\/uploads\\\/2025\\\/06\\\/Ines-Mohdhi-Oueslati-300x300_186928.png\",\"contentUrl\":\"https:\\\/\\\/www.webdo.tn\\\/fr\\\/wp-content\\\/uploads\\\/2025\\\/06\\\/Ines-Mohdhi-Oueslati-300x300_186928.png\",\"width\":300,\"height\":300,\"caption\":\"Quand la radio tunisienne parle la langue de Goethe\"},{\"@type\":\"BreadcrumbList\",\"@id\":\"https:\\\/\\\/www.webdo.tn\\\/fr\\\/actualite\\\/chroniques\\\/quand-la-radio-tunisienne-parle-la-langue-de-goethe\\\/186928\\\/#breadcrumb\",\"itemListElement\":[{\"@type\":\"ListItem\",\"position\":1,\"name\":\"Accueil\",\"item\":\"https:\\\/\\\/www.webdo.tn\\\/fr\\\/\"},{\"@type\":\"ListItem\",\"position\":2,\"name\":\"Quand la radio tunisienne parle la langue de Goethe\"}]},{\"@type\":\"WebSite\",\"@id\":\"https:\\\/\\\/www.webdo.tn\\\/fr\\\/#website\",\"url\":\"https:\\\/\\\/www.webdo.tn\\\/fr\\\/\",\"name\":\"webdo\",\"description\":\"Tunisie - News en Tunisie et \u00e0 l&#039;international sur Webdo.tn\",\"publisher\":{\"@id\":\"https:\\\/\\\/www.webdo.tn\\\/fr\\\/#organization\"},\"potentialAction\":[{\"@type\":\"SearchAction\",\"target\":{\"@type\":\"EntryPoint\",\"urlTemplate\":\"https:\\\/\\\/www.webdo.tn\\\/fr\\\/?s={search_term_string}\"},\"query-input\":{\"@type\":\"PropertyValueSpecification\",\"valueRequired\":true,\"valueName\":\"search_term_string\"}}],\"inLanguage\":\"fr-FR\"},{\"@type\":\"Organization\",\"@id\":\"https:\\\/\\\/www.webdo.tn\\\/fr\\\/#organization\",\"name\":\"Webdo\",\"alternateName\":\"Webdo.tn\",\"url\":\"https:\\\/\\\/www.webdo.tn\\\/fr\\\/\",\"logo\":{\"@type\":\"ImageObject\",\"inLanguage\":\"fr-FR\",\"@id\":\"https:\\\/\\\/www.webdo.tn\\\/fr\\\/#\\\/schema\\\/logo\\\/image\\\/\",\"url\":\"https:\\\/\\\/www.webdo.tn\\\/fr\\\/wp-content\\\/uploads\\\/2025\\\/06\\\/Webdo-Tunisie_168377.jpg\",\"contentUrl\":\"https:\\\/\\\/www.webdo.tn\\\/fr\\\/wp-content\\\/uploads\\\/2025\\\/06\\\/Webdo-Tunisie_168377.jpg\",\"width\":301,\"height\":301,\"caption\":\"Webdo\"},\"image\":{\"@id\":\"https:\\\/\\\/www.webdo.tn\\\/fr\\\/#\\\/schema\\\/logo\\\/image\\\/\"},\"sameAs\":[\"https:\\\/\\\/www.facebook.com\\\/webdotn\",\"https:\\\/\\\/x.com\\\/webdo_tn\"],\"description\":\"Webdo est un m\u00e9dia num\u00e9rique tunisien fond\u00e9 en 2010, sp\u00e9cialis\u00e9 dans l\u2019actualit\u00e9 nationale et internationale, l\u2019\u00e9conomie, la soci\u00e9t\u00e9 et les analyses politiques. Le site s\u2019adresse \u00e0 un large public francophone et couvre l\u2019information tunisienne en temps r\u00e9el.\",\"email\":\"redac@webdo.tn\",\"legalName\":\"YNJ SARL\",\"foundingDate\":\"2010-09-06\",\"numberOfEmployees\":{\"@type\":\"QuantitativeValue\",\"minValue\":\"11\",\"maxValue\":\"50\"}},{\"@type\":\"Person\",\"@id\":\"https:\\\/\\\/www.webdo.tn\\\/fr\\\/#\\\/schema\\\/person\\\/6bc0beba2cd23aec27cb5df85ca2554f\",\"name\":\"Hatem Bourial\",\"image\":{\"@type\":\"ImageObject\",\"inLanguage\":\"fr-FR\",\"@id\":\"https:\\\/\\\/www.webdo.tn\\\/fr\\\/wp-content\\\/uploads\\\/2026\\\/04\\\/hatem-bourial_avatar-96x96.jpg\",\"url\":\"https:\\\/\\\/www.webdo.tn\\\/fr\\\/wp-content\\\/uploads\\\/2026\\\/04\\\/hatem-bourial_avatar-96x96.jpg\",\"contentUrl\":\"https:\\\/\\\/www.webdo.tn\\\/fr\\\/wp-content\\\/uploads\\\/2026\\\/04\\\/hatem-bourial_avatar-96x96.jpg\",\"caption\":\"Hatem Bourial\"},\"description\":\"Hatem Bourial est journaliste, \u00e9crivain et chroniqueur tunisien. Actif depuis plusieurs d\u00e9cennies, il s\u2019est impos\u00e9 comme un observateur attentif de la soci\u00e9t\u00e9 tunisienne, m\u00ealant dans ses \u00e9crits m\u00e9moire, culture et analyse du quotidien. Auteur de nombreux ouvrages, il d\u00e9veloppe une \u0153uvre \u00e0 la crois\u00e9e du r\u00e9cit, de la po\u00e9sie et de l\u2019observation sociologique. Parall\u00e8lement \u00e0 ses contributions dans la presse, il intervient r\u00e9guli\u00e8rement \u00e0 la radio et dans des espaces culturels, o\u00f9 il explore les enjeux li\u00e9s au patrimoine, \u00e0 l\u2019identit\u00e9 et aux transformations du monde contemporain. \u00c0 travers ses chroniques, Hatem Bourial propose une lecture sensible et approfondie de l\u2019actualit\u00e9, nourrie par une exp\u00e9rience journalistique et litt\u00e9raire reconnue. \ud83d\udd17 Facebook : https:\\\/\\\/www.facebook.com\\\/hatem.bourial.2025\",\"sameAs\":[\"https:\\\/\\\/www.facebook.com\\\/hatem.bourial.2025\",\"https:\\\/\\\/fr.wikipedia.org\\\/wiki\\\/Fichier:Hatem_Bourial.jpg\"],\"knowsAbout\":[\"Culture & patrimoine tunisien\",\"Chronique soci\u00e9tale\",\"Litt\u00e9rature & m\u00e9moire\",\"Cin\u00e9ma & critique culturelle\",\"Identit\u00e9 & mutations sociales\"],\"knowsLanguage\":[\"Arabe\",\"Fran\u00e7ais\",\"Anglais\",\"Italien\",\"Polonais\"],\"jobTitle\":\"Journaliste, \u00e9crivain et chroniqueur culturel\",\"worksFor\":\"Webdo\",\"url\":\"https:\\\/\\\/www.webdo.tn\\\/fr\\\/actualite\\\/author\\\/hatem-bourial-2\\\/\"}]}<\/script>\n<!-- \/ Yoast SEO Premium plugin. -->","yoast_head_json":{"title":"Quand la radio tunisienne parle la langue de Goethe","description":"Quand la radio tunisienne parle la langue de Goethe","canonical":"https:\/\/www.webdo.tn\/fr\/actualite\/chroniques\/quand-la-radio-tunisienne-parle-la-langue-de-goethe\/186928\/","og_locale":"fr_FR","og_type":"article","og_title":"Quand la radio tunisienne parle la langue de Goethe","og_description":"Quand la radio tunisienne parle la langue de Goethe","og_url":"https:\/\/www.webdo.tn\/fr\/actualite\/chroniques\/quand-la-radio-tunisienne-parle-la-langue-de-goethe\/186928\/","og_site_name":"webdo","article_publisher":"https:\/\/www.facebook.com\/webdotn","article_author":"https:\/\/www.facebook.com\/hatem.bourial.2025","article_published_time":"2015-10-15T10:21:00+00:00","author":"Hatem Bourial","twitter_card":"summary_large_image","twitter_creator":"@webdo_tn","twitter_site":"@webdo_tn","twitter_misc":{"\u00c9crit par":"Hatem Bourial","Dur\u00e9e de lecture estim\u00e9e":"3 minutes"},"schema":{"@context":"https:\/\/schema.org","@graph":[{"@type":"NewsArticle","@id":"https:\/\/www.webdo.tn\/fr\/actualite\/chroniques\/quand-la-radio-tunisienne-parle-la-langue-de-goethe\/186928\/#article","isPartOf":{"@id":"https:\/\/www.webdo.tn\/fr\/actualite\/chroniques\/quand-la-radio-tunisienne-parle-la-langue-de-goethe\/186928\/"},"author":{"name":"Hatem Bourial","@id":"https:\/\/www.webdo.tn\/fr\/#\/schema\/person\/6bc0beba2cd23aec27cb5df85ca2554f"},"headline":"Quand la radio tunisienne parle la langue de Goethe","datePublished":"2015-10-15T10:21:00+00:00","mainEntityOfPage":{"@id":"https:\/\/www.webdo.tn\/fr\/actualite\/chroniques\/quand-la-radio-tunisienne-parle-la-langue-de-goethe\/186928\/"},"wordCount":649,"commentCount":0,"publisher":{"@id":"https:\/\/www.webdo.tn\/fr\/#organization"},"image":{"@id":"https:\/\/www.webdo.tn\/fr\/actualite\/chroniques\/quand-la-radio-tunisienne-parle-la-langue-de-goethe\/186928\/#primaryimage"},"thumbnailUrl":"https:\/\/www.webdo.tn\/fr\/wp-content\/uploads\/2025\/06\/Ines-Mohdhi-Oueslati-300x300_186928.png","keywords":["guerre"],"articleSection":["Chroniques"],"inLanguage":"fr-FR"},{"@type":"WebPage","@id":"https:\/\/www.webdo.tn\/fr\/actualite\/chroniques\/quand-la-radio-tunisienne-parle-la-langue-de-goethe\/186928\/","url":"https:\/\/www.webdo.tn\/fr\/actualite\/chroniques\/quand-la-radio-tunisienne-parle-la-langue-de-goethe\/186928\/","name":"Quand la radio tunisienne parle la langue de Goethe","isPartOf":{"@id":"https:\/\/www.webdo.tn\/fr\/#website"},"primaryImageOfPage":{"@id":"https:\/\/www.webdo.tn\/fr\/actualite\/chroniques\/quand-la-radio-tunisienne-parle-la-langue-de-goethe\/186928\/#primaryimage"},"image":{"@id":"https:\/\/www.webdo.tn\/fr\/actualite\/chroniques\/quand-la-radio-tunisienne-parle-la-langue-de-goethe\/186928\/#primaryimage"},"thumbnailUrl":"https:\/\/www.webdo.tn\/fr\/wp-content\/uploads\/2025\/06\/Ines-Mohdhi-Oueslati-300x300_186928.png","datePublished":"2015-10-15T10:21:00+00:00","description":"Quand la radio tunisienne parle la langue de Goethe","breadcrumb":{"@id":"https:\/\/www.webdo.tn\/fr\/actualite\/chroniques\/quand-la-radio-tunisienne-parle-la-langue-de-goethe\/186928\/#breadcrumb"},"inLanguage":"fr-FR","potentialAction":[{"@type":"ReadAction","target":["https:\/\/www.webdo.tn\/fr\/actualite\/chroniques\/quand-la-radio-tunisienne-parle-la-langue-de-goethe\/186928\/"]}]},{"@type":"ImageObject","inLanguage":"fr-FR","@id":"https:\/\/www.webdo.tn\/fr\/actualite\/chroniques\/quand-la-radio-tunisienne-parle-la-langue-de-goethe\/186928\/#primaryimage","url":"https:\/\/www.webdo.tn\/fr\/wp-content\/uploads\/2025\/06\/Ines-Mohdhi-Oueslati-300x300_186928.png","contentUrl":"https:\/\/www.webdo.tn\/fr\/wp-content\/uploads\/2025\/06\/Ines-Mohdhi-Oueslati-300x300_186928.png","width":300,"height":300,"caption":"Quand la radio tunisienne parle la langue de Goethe"},{"@type":"BreadcrumbList","@id":"https:\/\/www.webdo.tn\/fr\/actualite\/chroniques\/quand-la-radio-tunisienne-parle-la-langue-de-goethe\/186928\/#breadcrumb","itemListElement":[{"@type":"ListItem","position":1,"name":"Accueil","item":"https:\/\/www.webdo.tn\/fr\/"},{"@type":"ListItem","position":2,"name":"Quand la radio tunisienne parle la langue de Goethe"}]},{"@type":"WebSite","@id":"https:\/\/www.webdo.tn\/fr\/#website","url":"https:\/\/www.webdo.tn\/fr\/","name":"webdo","description":"Tunisie - News en Tunisie et \u00e0 l&#039;international sur Webdo.tn","publisher":{"@id":"https:\/\/www.webdo.tn\/fr\/#organization"},"potentialAction":[{"@type":"SearchAction","target":{"@type":"EntryPoint","urlTemplate":"https:\/\/www.webdo.tn\/fr\/?s={search_term_string}"},"query-input":{"@type":"PropertyValueSpecification","valueRequired":true,"valueName":"search_term_string"}}],"inLanguage":"fr-FR"},{"@type":"Organization","@id":"https:\/\/www.webdo.tn\/fr\/#organization","name":"Webdo","alternateName":"Webdo.tn","url":"https:\/\/www.webdo.tn\/fr\/","logo":{"@type":"ImageObject","inLanguage":"fr-FR","@id":"https:\/\/www.webdo.tn\/fr\/#\/schema\/logo\/image\/","url":"https:\/\/www.webdo.tn\/fr\/wp-content\/uploads\/2025\/06\/Webdo-Tunisie_168377.jpg","contentUrl":"https:\/\/www.webdo.tn\/fr\/wp-content\/uploads\/2025\/06\/Webdo-Tunisie_168377.jpg","width":301,"height":301,"caption":"Webdo"},"image":{"@id":"https:\/\/www.webdo.tn\/fr\/#\/schema\/logo\/image\/"},"sameAs":["https:\/\/www.facebook.com\/webdotn","https:\/\/x.com\/webdo_tn"],"description":"Webdo est un m\u00e9dia num\u00e9rique tunisien fond\u00e9 en 2010, sp\u00e9cialis\u00e9 dans l\u2019actualit\u00e9 nationale et internationale, l\u2019\u00e9conomie, la soci\u00e9t\u00e9 et les analyses politiques. Le site s\u2019adresse \u00e0 un large public francophone et couvre l\u2019information tunisienne en temps r\u00e9el.","email":"redac@webdo.tn","legalName":"YNJ SARL","foundingDate":"2010-09-06","numberOfEmployees":{"@type":"QuantitativeValue","minValue":"11","maxValue":"50"}},{"@type":"Person","@id":"https:\/\/www.webdo.tn\/fr\/#\/schema\/person\/6bc0beba2cd23aec27cb5df85ca2554f","name":"Hatem Bourial","image":{"@type":"ImageObject","inLanguage":"fr-FR","@id":"https:\/\/www.webdo.tn\/fr\/wp-content\/uploads\/2026\/04\/hatem-bourial_avatar-96x96.jpg","url":"https:\/\/www.webdo.tn\/fr\/wp-content\/uploads\/2026\/04\/hatem-bourial_avatar-96x96.jpg","contentUrl":"https:\/\/www.webdo.tn\/fr\/wp-content\/uploads\/2026\/04\/hatem-bourial_avatar-96x96.jpg","caption":"Hatem Bourial"},"description":"Hatem Bourial est journaliste, \u00e9crivain et chroniqueur tunisien. Actif depuis plusieurs d\u00e9cennies, il s\u2019est impos\u00e9 comme un observateur attentif de la soci\u00e9t\u00e9 tunisienne, m\u00ealant dans ses \u00e9crits m\u00e9moire, culture et analyse du quotidien. Auteur de nombreux ouvrages, il d\u00e9veloppe une \u0153uvre \u00e0 la crois\u00e9e du r\u00e9cit, de la po\u00e9sie et de l\u2019observation sociologique. Parall\u00e8lement \u00e0 ses contributions dans la presse, il intervient r\u00e9guli\u00e8rement \u00e0 la radio et dans des espaces culturels, o\u00f9 il explore les enjeux li\u00e9s au patrimoine, \u00e0 l\u2019identit\u00e9 et aux transformations du monde contemporain. \u00c0 travers ses chroniques, Hatem Bourial propose une lecture sensible et approfondie de l\u2019actualit\u00e9, nourrie par une exp\u00e9rience journalistique et litt\u00e9raire reconnue. \ud83d\udd17 Facebook : https:\/\/www.facebook.com\/hatem.bourial.2025","sameAs":["https:\/\/www.facebook.com\/hatem.bourial.2025","https:\/\/fr.wikipedia.org\/wiki\/Fichier:Hatem_Bourial.jpg"],"knowsAbout":["Culture & patrimoine tunisien","Chronique soci\u00e9tale","Litt\u00e9rature & m\u00e9moire","Cin\u00e9ma & critique culturelle","Identit\u00e9 & mutations sociales"],"knowsLanguage":["Arabe","Fran\u00e7ais","Anglais","Italien","Polonais"],"jobTitle":"Journaliste, \u00e9crivain et chroniqueur culturel","worksFor":"Webdo","url":"https:\/\/www.webdo.tn\/fr\/actualite\/author\/hatem-bourial-2\/"}]}},"_links":{"self":[{"href":"https:\/\/www.webdo.tn\/fr\/wp-json\/wp\/v2\/posts\/186928","targetHints":{"allow":["GET"]}}],"collection":[{"href":"https:\/\/www.webdo.tn\/fr\/wp-json\/wp\/v2\/posts"}],"about":[{"href":"https:\/\/www.webdo.tn\/fr\/wp-json\/wp\/v2\/types\/post"}],"author":[{"embeddable":true,"href":"https:\/\/www.webdo.tn\/fr\/wp-json\/wp\/v2\/users\/3229"}],"replies":[{"embeddable":true,"href":"https:\/\/www.webdo.tn\/fr\/wp-json\/wp\/v2\/comments?post=186928"}],"version-history":[{"count":0,"href":"https:\/\/www.webdo.tn\/fr\/wp-json\/wp\/v2\/posts\/186928\/revisions"}],"wp:featuredmedia":[{"embeddable":true,"href":"https:\/\/www.webdo.tn\/fr\/wp-json\/wp\/v2\/media\/375445"}],"wp:attachment":[{"href":"https:\/\/www.webdo.tn\/fr\/wp-json\/wp\/v2\/media?parent=186928"}],"wp:term":[{"taxonomy":"category","embeddable":true,"href":"https:\/\/www.webdo.tn\/fr\/wp-json\/wp\/v2\/categories?post=186928"},{"taxonomy":"post_tag","embeddable":true,"href":"https:\/\/www.webdo.tn\/fr\/wp-json\/wp\/v2\/tags?post=186928"}],"curies":[{"name":"wp","href":"https:\/\/api.w.org\/{rel}","templated":true}]}}