{"id":186925,"date":"2015-10-12T10:01:00","date_gmt":"2015-10-12T10:01:00","guid":{"rendered":"https:\/\/www.webdo.tn\/fr\/blog\/tunisie-nobel-de-la-paix-pauvre-marzouki-qui-doit-piquer-sa-crise\/186925\/"},"modified":"2025-05-18T22:02:45","modified_gmt":"2025-05-18T22:02:45","slug":"tunisie-nobel-de-la-paix-pauvre-marzouki-qui-doit-piquer-sa-crise","status":"publish","type":"post","link":"https:\/\/www.webdo.tn\/fr\/actualite\/chroniques\/tunisie-nobel-de-la-paix-pauvre-marzouki-qui-doit-piquer-sa-crise\/186925\/","title":{"rendered":"Nobel de la Paix : Pauvre Marzouki qui doit piquer sa crise !"},"content":{"rendered":"<p>Je l&rsquo;imagine tournant en rond dans son palais de rechange&#8230; Je l&rsquo;imagine \u00e0 bout de nerfs et un go\u00fbt amer dans la bouche&#8230; Je l&rsquo;imagine r\u00e9p\u00e9tant un sonore : \u00ab\u00a0Nobel, Nobel, Nobel\u00a0\u00bb&#8230; Je l&rsquo;imagine furieux contre le monde entier, lui qui bombarderait Oslo s&rsquo;il en avait les moyens&#8230;<\/p>\n<p>Ne faisons pas dans l&rsquo;ironie cousue de fil blanc mais disons tout de m\u00eame que Marzouki doit en vouloir \u00e0 mort \u00e0 ces usurpateurs du Quartet ainsi qu&rsquo;\u00e0 ceux qui les ont honor\u00e9 d&rsquo;un prix qui vaut son pesant de piges \u00e0 El Jazira et de forfaitures pour le camp de Doha.<\/p>\n<p>Quoi! Lui, Marzouki, ma\u00eetre de Carthage, conscience de la Tunisie r\u00e9volutionnaire, r\u00e9duit d\u00e9sormais \u00e0 rejoindre le concert des pleureuses ! Lui, Marzouki, phare des droits de l&rsquo;homme et de la femme \u00a0\u00bb d\u00e9nud\u00e9e, voil\u00e9e ou niqab\u00e9e\u00a0\u00bb pouss\u00e9 vers la sortie, ramassant des cacahu\u00e8tes et fulminant \u00e0 tout va ! Lui, incommensurable g\u00e9nie que le monde nous envie, laiss\u00e9 pour compte sur le bord du chemin, un peu groggy, un peu \u00e9m\u00e9ch\u00e9 !<\/p>\n<p>Que faisaient-ils ces imposteurs du Quartet alors que lui lib\u00e9rait la Palestine dans une \u00e9quip\u00e9e qui s&rsquo;est av\u00e9r\u00e9e des plus cocasses ? Que faisaient-ils lorsqu&rsquo;il fondait le mouvement des citoyens qu&rsquo;il lan\u00e7ait \u00e0 la recherche d&rsquo;un p\u00e9trole introuvable ? Que faisaient-ils quand lui, d\u00e9mocrate incontestable, recevait int\u00e9gristes et ligues r\u00e9volutionnaires \u00e0 Carthage ?<\/p>\n<p>Il doit en vouloir \u00e0 ces traitres du Nobel qui viennent de porter un coup \u00e0 son honneur, qui viennent de lui voler son prix, lui qui est le seul Tunisien \u00e0 en \u00eatre digne&#8230;<\/p>\n<p>Pauvre Marzouki qui doit se taper une crise pas possible et, si on ne l&rsquo;entend pas ces derniers jours, c&rsquo;est qu&rsquo;il a probablement du se consoler avec une cuite carabin\u00e9e, de celles qui vous laissent \u00e0 genoux pour quelques jours.<\/p>\n<p>Il pourra toujours se consoler en r\u00e2lant et en tirant sur la loi de r\u00e9conciliation, sur l&rsquo;\u00e2ge v\u00e9n\u00e9rable de B\u00e9ji, sur Ghannouchi qui l&rsquo;a envoy\u00e9 paitre et sur les \u00e9lecteurs qui l&rsquo;ont crucifi\u00e9.<\/p>\n<p>Tiens, il serait bien inspir\u00e9 ce bon vieux Marzouki de f\u00e9liciter le Quartet pour au moins faire bonne (hypocrite) figure&#8230; A moins qu&rsquo;il ne pr\u00e9f\u00e8re le mutisme, la rancoeur et le ressentiment.<\/p>\n<p>Allons pas d&rsquo;inqui\u00e9tude, il saura rebondir ce bon vieux tribun! Car, que dire sinon que sans ses turpitudes, la vie ne vaut pas la peine d&rsquo;\u00eatre v\u00e9cue.<\/p>\n<p>Qui le sortira de cette crise?<\/p>\n<p>Vous pariez combien qu&rsquo;il recevra prochainement un prix ? Ses amis fran\u00e7ais et qataris devraient se mobiliser et l&rsquo;honorer d&rsquo;une vraie distinction, une distinction plus consensuelle que le Nobel. Avec un joli ch\u00e8que \u00e0 l&rsquo;appui&#8230;<\/p>\n<p>Je vous en prie, les tontons du Golfe et vos faire-valoir de l&rsquo;Hexagone, faites quelque chose pour que notre Marzouki retrouve le sourire et une dignit\u00e9 de d\u00e9fenseur des droits de l&rsquo;homme mise \u00e0 mal par ces comploteurs d&rsquo;Oslo! Je vous en prie, je vous en prie, je vous en prie&#8230;<\/p>\n<p>Hatem Bourial<\/p>\n","protected":false},"excerpt":{"rendered":"<p>Nobel de la Paix : Pauvre Marzouki qui doit piquer sa crise !<\/p>\n","protected":false},"author":3229,"featured_media":316862,"comment_status":"open","ping_status":"closed","sticky":false,"template":"","format":"standard","meta":{"footnotes":""},"categories":[2596],"tags":[2600],"class_list":["post-186925","post","type-post","status-publish","format-standard","has-post-thumbnail","hentry","category-chroniques","tag-guerre"],"yoast_head":"<!-- This site is optimized with the Yoast SEO Premium plugin v27.5 (Yoast SEO v27.5) - https:\/\/yoast.com\/product\/yoast-seo-premium-wordpress\/ -->\n<title>Nobel de la Paix : Pauvre Marzouki qui doit piquer sa crise !<\/title>\n<meta name=\"description\" content=\"Nobel de la Paix : Pauvre Marzouki qui doit piquer sa crise !\" \/>\n<link rel=\"canonical\" href=\"https:\/\/www.webdo.tn\/fr\/actualite\/chroniques\/tunisie-nobel-de-la-paix-pauvre-marzouki-qui-doit-piquer-sa-crise\/186925\/\" \/>\n<meta property=\"og:locale\" content=\"fr_FR\" \/>\n<meta property=\"og:type\" content=\"article\" \/>\n<meta property=\"og:title\" content=\"Nobel de la Paix : Pauvre Marzouki qui doit piquer sa crise !\" \/>\n<meta property=\"og:description\" content=\"Nobel de la Paix : Pauvre Marzouki qui doit piquer sa crise !\" \/>\n<meta property=\"og:url\" content=\"https:\/\/www.webdo.tn\/fr\/actualite\/chroniques\/tunisie-nobel-de-la-paix-pauvre-marzouki-qui-doit-piquer-sa-crise\/186925\/\" \/>\n<meta property=\"og:site_name\" content=\"webdo\" \/>\n<meta property=\"article:publisher\" content=\"https:\/\/www.facebook.com\/webdotn\" \/>\n<meta property=\"article:author\" content=\"https:\/\/www.facebook.com\/hatem.bourial.2025\" \/>\n<meta property=\"article:published_time\" content=\"2015-10-12T10:01:00+00:00\" \/>\n<meta property=\"article:modified_time\" content=\"2025-05-18T22:02:45+00:00\" \/>\n<meta property=\"og:image\" content=\"https:\/\/www.webdo.tn\/fr\/wp-content\/uploads\/2015\/10\/10592995_849357071798180_2572550894698016187_n-300x200-1.jpg\" \/>\n\t<meta property=\"og:image:width\" content=\"300\" \/>\n\t<meta property=\"og:image:height\" content=\"200\" \/>\n\t<meta property=\"og:image:type\" content=\"image\/jpeg\" \/>\n<meta name=\"author\" content=\"Hatem Bourial\" \/>\n<meta name=\"twitter:card\" content=\"summary_large_image\" \/>\n<meta name=\"twitter:creator\" content=\"@webdo_tn\" \/>\n<meta name=\"twitter:site\" content=\"@webdo_tn\" \/>\n<meta name=\"twitter:label1\" content=\"\u00c9crit par\" \/>\n\t<meta name=\"twitter:data1\" content=\"Hatem Bourial\" \/>\n\t<meta name=\"twitter:label2\" content=\"Dur\u00e9e de lecture estim\u00e9e\" \/>\n\t<meta name=\"twitter:data2\" content=\"3 minutes\" \/>\n<script type=\"application\/ld+json\" class=\"yoast-schema-graph\">{\"@context\":\"https:\\\/\\\/schema.org\",\"@graph\":[{\"@type\":\"NewsArticle\",\"@id\":\"https:\\\/\\\/www.webdo.tn\\\/fr\\\/actualite\\\/chroniques\\\/tunisie-nobel-de-la-paix-pauvre-marzouki-qui-doit-piquer-sa-crise\\\/186925\\\/#article\",\"isPartOf\":{\"@id\":\"https:\\\/\\\/www.webdo.tn\\\/fr\\\/actualite\\\/chroniques\\\/tunisie-nobel-de-la-paix-pauvre-marzouki-qui-doit-piquer-sa-crise\\\/186925\\\/\"},\"author\":{\"name\":\"Hatem Bourial\",\"@id\":\"https:\\\/\\\/www.webdo.tn\\\/fr\\\/#\\\/schema\\\/person\\\/6bc0beba2cd23aec27cb5df85ca2554f\"},\"headline\":\"Nobel de la Paix : Pauvre Marzouki qui doit piquer sa crise !\",\"datePublished\":\"2015-10-12T10:01:00+00:00\",\"dateModified\":\"2025-05-18T22:02:45+00:00\",\"mainEntityOfPage\":{\"@id\":\"https:\\\/\\\/www.webdo.tn\\\/fr\\\/actualite\\\/chroniques\\\/tunisie-nobel-de-la-paix-pauvre-marzouki-qui-doit-piquer-sa-crise\\\/186925\\\/\"},\"wordCount\":540,\"commentCount\":0,\"publisher\":{\"@id\":\"https:\\\/\\\/www.webdo.tn\\\/fr\\\/#organization\"},\"image\":{\"@id\":\"https:\\\/\\\/www.webdo.tn\\\/fr\\\/actualite\\\/chroniques\\\/tunisie-nobel-de-la-paix-pauvre-marzouki-qui-doit-piquer-sa-crise\\\/186925\\\/#primaryimage\"},\"thumbnailUrl\":\"https:\\\/\\\/www.webdo.tn\\\/fr\\\/wp-content\\\/uploads\\\/2015\\\/10\\\/10592995_849357071798180_2572550894698016187_n-300x200-1.jpg\",\"keywords\":[\"guerre\"],\"articleSection\":[\"Chroniques\"],\"inLanguage\":\"fr-FR\"},{\"@type\":\"WebPage\",\"@id\":\"https:\\\/\\\/www.webdo.tn\\\/fr\\\/actualite\\\/chroniques\\\/tunisie-nobel-de-la-paix-pauvre-marzouki-qui-doit-piquer-sa-crise\\\/186925\\\/\",\"url\":\"https:\\\/\\\/www.webdo.tn\\\/fr\\\/actualite\\\/chroniques\\\/tunisie-nobel-de-la-paix-pauvre-marzouki-qui-doit-piquer-sa-crise\\\/186925\\\/\",\"name\":\"Nobel de la Paix : Pauvre Marzouki qui doit piquer sa crise !\",\"isPartOf\":{\"@id\":\"https:\\\/\\\/www.webdo.tn\\\/fr\\\/#website\"},\"primaryImageOfPage\":{\"@id\":\"https:\\\/\\\/www.webdo.tn\\\/fr\\\/actualite\\\/chroniques\\\/tunisie-nobel-de-la-paix-pauvre-marzouki-qui-doit-piquer-sa-crise\\\/186925\\\/#primaryimage\"},\"image\":{\"@id\":\"https:\\\/\\\/www.webdo.tn\\\/fr\\\/actualite\\\/chroniques\\\/tunisie-nobel-de-la-paix-pauvre-marzouki-qui-doit-piquer-sa-crise\\\/186925\\\/#primaryimage\"},\"thumbnailUrl\":\"https:\\\/\\\/www.webdo.tn\\\/fr\\\/wp-content\\\/uploads\\\/2015\\\/10\\\/10592995_849357071798180_2572550894698016187_n-300x200-1.jpg\",\"datePublished\":\"2015-10-12T10:01:00+00:00\",\"dateModified\":\"2025-05-18T22:02:45+00:00\",\"description\":\"Nobel de la Paix : Pauvre Marzouki qui doit piquer sa crise !\",\"breadcrumb\":{\"@id\":\"https:\\\/\\\/www.webdo.tn\\\/fr\\\/actualite\\\/chroniques\\\/tunisie-nobel-de-la-paix-pauvre-marzouki-qui-doit-piquer-sa-crise\\\/186925\\\/#breadcrumb\"},\"inLanguage\":\"fr-FR\",\"potentialAction\":[{\"@type\":\"ReadAction\",\"target\":[\"https:\\\/\\\/www.webdo.tn\\\/fr\\\/actualite\\\/chroniques\\\/tunisie-nobel-de-la-paix-pauvre-marzouki-qui-doit-piquer-sa-crise\\\/186925\\\/\"]}]},{\"@type\":\"ImageObject\",\"inLanguage\":\"fr-FR\",\"@id\":\"https:\\\/\\\/www.webdo.tn\\\/fr\\\/actualite\\\/chroniques\\\/tunisie-nobel-de-la-paix-pauvre-marzouki-qui-doit-piquer-sa-crise\\\/186925\\\/#primaryimage\",\"url\":\"https:\\\/\\\/www.webdo.tn\\\/fr\\\/wp-content\\\/uploads\\\/2015\\\/10\\\/10592995_849357071798180_2572550894698016187_n-300x200-1.jpg\",\"contentUrl\":\"https:\\\/\\\/www.webdo.tn\\\/fr\\\/wp-content\\\/uploads\\\/2015\\\/10\\\/10592995_849357071798180_2572550894698016187_n-300x200-1.jpg\",\"width\":300,\"height\":200,\"caption\":\"Nobel de la Paix : Pauvre Marzouki qui doit piquer sa crise !\"},{\"@type\":\"BreadcrumbList\",\"@id\":\"https:\\\/\\\/www.webdo.tn\\\/fr\\\/actualite\\\/chroniques\\\/tunisie-nobel-de-la-paix-pauvre-marzouki-qui-doit-piquer-sa-crise\\\/186925\\\/#breadcrumb\",\"itemListElement\":[{\"@type\":\"ListItem\",\"position\":1,\"name\":\"Accueil\",\"item\":\"https:\\\/\\\/www.webdo.tn\\\/fr\\\/\"},{\"@type\":\"ListItem\",\"position\":2,\"name\":\"Nobel de la Paix : Pauvre Marzouki qui doit piquer sa crise !\"}]},{\"@type\":\"WebSite\",\"@id\":\"https:\\\/\\\/www.webdo.tn\\\/fr\\\/#website\",\"url\":\"https:\\\/\\\/www.webdo.tn\\\/fr\\\/\",\"name\":\"webdo\",\"description\":\"Tunisie - News en Tunisie et \u00e0 l&#039;international sur Webdo.tn\",\"publisher\":{\"@id\":\"https:\\\/\\\/www.webdo.tn\\\/fr\\\/#organization\"},\"potentialAction\":[{\"@type\":\"SearchAction\",\"target\":{\"@type\":\"EntryPoint\",\"urlTemplate\":\"https:\\\/\\\/www.webdo.tn\\\/fr\\\/?s={search_term_string}\"},\"query-input\":{\"@type\":\"PropertyValueSpecification\",\"valueRequired\":true,\"valueName\":\"search_term_string\"}}],\"inLanguage\":\"fr-FR\"},{\"@type\":\"Organization\",\"@id\":\"https:\\\/\\\/www.webdo.tn\\\/fr\\\/#organization\",\"name\":\"Webdo\",\"alternateName\":\"Webdo.tn\",\"url\":\"https:\\\/\\\/www.webdo.tn\\\/fr\\\/\",\"logo\":{\"@type\":\"ImageObject\",\"inLanguage\":\"fr-FR\",\"@id\":\"https:\\\/\\\/www.webdo.tn\\\/fr\\\/#\\\/schema\\\/logo\\\/image\\\/\",\"url\":\"https:\\\/\\\/www.webdo.tn\\\/fr\\\/wp-content\\\/uploads\\\/2025\\\/06\\\/Webdo-Tunisie_168377.jpg\",\"contentUrl\":\"https:\\\/\\\/www.webdo.tn\\\/fr\\\/wp-content\\\/uploads\\\/2025\\\/06\\\/Webdo-Tunisie_168377.jpg\",\"width\":301,\"height\":301,\"caption\":\"Webdo\"},\"image\":{\"@id\":\"https:\\\/\\\/www.webdo.tn\\\/fr\\\/#\\\/schema\\\/logo\\\/image\\\/\"},\"sameAs\":[\"https:\\\/\\\/www.facebook.com\\\/webdotn\",\"https:\\\/\\\/x.com\\\/webdo_tn\"],\"description\":\"Webdo est un m\u00e9dia num\u00e9rique tunisien fond\u00e9 en 2010, sp\u00e9cialis\u00e9 dans l\u2019actualit\u00e9 nationale et internationale, l\u2019\u00e9conomie, la soci\u00e9t\u00e9 et les analyses politiques. Le site s\u2019adresse \u00e0 un large public francophone et couvre l\u2019information tunisienne en temps r\u00e9el.\",\"email\":\"redac@webdo.tn\",\"legalName\":\"YNJ SARL\",\"foundingDate\":\"2010-09-06\",\"numberOfEmployees\":{\"@type\":\"QuantitativeValue\",\"minValue\":\"11\",\"maxValue\":\"50\"}},{\"@type\":\"Person\",\"@id\":\"https:\\\/\\\/www.webdo.tn\\\/fr\\\/#\\\/schema\\\/person\\\/6bc0beba2cd23aec27cb5df85ca2554f\",\"name\":\"Hatem Bourial\",\"image\":{\"@type\":\"ImageObject\",\"inLanguage\":\"fr-FR\",\"@id\":\"https:\\\/\\\/www.webdo.tn\\\/fr\\\/wp-content\\\/uploads\\\/2026\\\/04\\\/hatem-bourial_avatar-96x96.jpg\",\"url\":\"https:\\\/\\\/www.webdo.tn\\\/fr\\\/wp-content\\\/uploads\\\/2026\\\/04\\\/hatem-bourial_avatar-96x96.jpg\",\"contentUrl\":\"https:\\\/\\\/www.webdo.tn\\\/fr\\\/wp-content\\\/uploads\\\/2026\\\/04\\\/hatem-bourial_avatar-96x96.jpg\",\"caption\":\"Hatem Bourial\"},\"description\":\"Hatem Bourial est journaliste, \u00e9crivain et chroniqueur tunisien. Actif depuis plusieurs d\u00e9cennies, il s\u2019est impos\u00e9 comme un observateur attentif de la soci\u00e9t\u00e9 tunisienne, m\u00ealant dans ses \u00e9crits m\u00e9moire, culture et analyse du quotidien. Auteur de nombreux ouvrages, il d\u00e9veloppe une \u0153uvre \u00e0 la crois\u00e9e du r\u00e9cit, de la po\u00e9sie et de l\u2019observation sociologique. Parall\u00e8lement \u00e0 ses contributions dans la presse, il intervient r\u00e9guli\u00e8rement \u00e0 la radio et dans des espaces culturels, o\u00f9 il explore les enjeux li\u00e9s au patrimoine, \u00e0 l\u2019identit\u00e9 et aux transformations du monde contemporain. \u00c0 travers ses chroniques, Hatem Bourial propose une lecture sensible et approfondie de l\u2019actualit\u00e9, nourrie par une exp\u00e9rience journalistique et litt\u00e9raire reconnue. \ud83d\udd17 Facebook : https:\\\/\\\/www.facebook.com\\\/hatem.bourial.2025\",\"sameAs\":[\"https:\\\/\\\/www.facebook.com\\\/hatem.bourial.2025\",\"https:\\\/\\\/fr.wikipedia.org\\\/wiki\\\/Fichier:Hatem_Bourial.jpg\"],\"knowsAbout\":[\"Culture & patrimoine tunisien\",\"Chronique soci\u00e9tale\",\"Litt\u00e9rature & m\u00e9moire\",\"Cin\u00e9ma & critique culturelle\",\"Identit\u00e9 & mutations sociales\"],\"knowsLanguage\":[\"Arabe\",\"Fran\u00e7ais\",\"Anglais\",\"Italien\",\"Polonais\"],\"jobTitle\":\"Journaliste, \u00e9crivain et chroniqueur culturel\",\"worksFor\":\"Webdo\",\"url\":\"https:\\\/\\\/www.webdo.tn\\\/fr\\\/actualite\\\/author\\\/hatem-bourial-2\\\/\"}]}<\/script>\n<!-- \/ Yoast SEO Premium plugin. -->","yoast_head_json":{"title":"Nobel de la Paix : Pauvre Marzouki qui doit piquer sa crise !","description":"Nobel de la Paix : Pauvre Marzouki qui doit piquer sa crise !","canonical":"https:\/\/www.webdo.tn\/fr\/actualite\/chroniques\/tunisie-nobel-de-la-paix-pauvre-marzouki-qui-doit-piquer-sa-crise\/186925\/","og_locale":"fr_FR","og_type":"article","og_title":"Nobel de la Paix : Pauvre Marzouki qui doit piquer sa crise !","og_description":"Nobel de la Paix : Pauvre Marzouki qui doit piquer sa crise !","og_url":"https:\/\/www.webdo.tn\/fr\/actualite\/chroniques\/tunisie-nobel-de-la-paix-pauvre-marzouki-qui-doit-piquer-sa-crise\/186925\/","og_site_name":"webdo","article_publisher":"https:\/\/www.facebook.com\/webdotn","article_author":"https:\/\/www.facebook.com\/hatem.bourial.2025","article_published_time":"2015-10-12T10:01:00+00:00","article_modified_time":"2025-05-18T22:02:45+00:00","og_image":[{"width":300,"height":200,"url":"https:\/\/www.webdo.tn\/fr\/wp-content\/uploads\/2015\/10\/10592995_849357071798180_2572550894698016187_n-300x200-1.jpg","type":"image\/jpeg"}],"author":"Hatem Bourial","twitter_card":"summary_large_image","twitter_creator":"@webdo_tn","twitter_site":"@webdo_tn","twitter_misc":{"\u00c9crit par":"Hatem Bourial","Dur\u00e9e de lecture estim\u00e9e":"3 minutes"},"schema":{"@context":"https:\/\/schema.org","@graph":[{"@type":"NewsArticle","@id":"https:\/\/www.webdo.tn\/fr\/actualite\/chroniques\/tunisie-nobel-de-la-paix-pauvre-marzouki-qui-doit-piquer-sa-crise\/186925\/#article","isPartOf":{"@id":"https:\/\/www.webdo.tn\/fr\/actualite\/chroniques\/tunisie-nobel-de-la-paix-pauvre-marzouki-qui-doit-piquer-sa-crise\/186925\/"},"author":{"name":"Hatem Bourial","@id":"https:\/\/www.webdo.tn\/fr\/#\/schema\/person\/6bc0beba2cd23aec27cb5df85ca2554f"},"headline":"Nobel de la Paix : Pauvre Marzouki qui doit piquer sa crise !","datePublished":"2015-10-12T10:01:00+00:00","dateModified":"2025-05-18T22:02:45+00:00","mainEntityOfPage":{"@id":"https:\/\/www.webdo.tn\/fr\/actualite\/chroniques\/tunisie-nobel-de-la-paix-pauvre-marzouki-qui-doit-piquer-sa-crise\/186925\/"},"wordCount":540,"commentCount":0,"publisher":{"@id":"https:\/\/www.webdo.tn\/fr\/#organization"},"image":{"@id":"https:\/\/www.webdo.tn\/fr\/actualite\/chroniques\/tunisie-nobel-de-la-paix-pauvre-marzouki-qui-doit-piquer-sa-crise\/186925\/#primaryimage"},"thumbnailUrl":"https:\/\/www.webdo.tn\/fr\/wp-content\/uploads\/2015\/10\/10592995_849357071798180_2572550894698016187_n-300x200-1.jpg","keywords":["guerre"],"articleSection":["Chroniques"],"inLanguage":"fr-FR"},{"@type":"WebPage","@id":"https:\/\/www.webdo.tn\/fr\/actualite\/chroniques\/tunisie-nobel-de-la-paix-pauvre-marzouki-qui-doit-piquer-sa-crise\/186925\/","url":"https:\/\/www.webdo.tn\/fr\/actualite\/chroniques\/tunisie-nobel-de-la-paix-pauvre-marzouki-qui-doit-piquer-sa-crise\/186925\/","name":"Nobel de la Paix : Pauvre Marzouki qui doit piquer sa crise !","isPartOf":{"@id":"https:\/\/www.webdo.tn\/fr\/#website"},"primaryImageOfPage":{"@id":"https:\/\/www.webdo.tn\/fr\/actualite\/chroniques\/tunisie-nobel-de-la-paix-pauvre-marzouki-qui-doit-piquer-sa-crise\/186925\/#primaryimage"},"image":{"@id":"https:\/\/www.webdo.tn\/fr\/actualite\/chroniques\/tunisie-nobel-de-la-paix-pauvre-marzouki-qui-doit-piquer-sa-crise\/186925\/#primaryimage"},"thumbnailUrl":"https:\/\/www.webdo.tn\/fr\/wp-content\/uploads\/2015\/10\/10592995_849357071798180_2572550894698016187_n-300x200-1.jpg","datePublished":"2015-10-12T10:01:00+00:00","dateModified":"2025-05-18T22:02:45+00:00","description":"Nobel de la Paix : Pauvre Marzouki qui doit piquer sa crise !","breadcrumb":{"@id":"https:\/\/www.webdo.tn\/fr\/actualite\/chroniques\/tunisie-nobel-de-la-paix-pauvre-marzouki-qui-doit-piquer-sa-crise\/186925\/#breadcrumb"},"inLanguage":"fr-FR","potentialAction":[{"@type":"ReadAction","target":["https:\/\/www.webdo.tn\/fr\/actualite\/chroniques\/tunisie-nobel-de-la-paix-pauvre-marzouki-qui-doit-piquer-sa-crise\/186925\/"]}]},{"@type":"ImageObject","inLanguage":"fr-FR","@id":"https:\/\/www.webdo.tn\/fr\/actualite\/chroniques\/tunisie-nobel-de-la-paix-pauvre-marzouki-qui-doit-piquer-sa-crise\/186925\/#primaryimage","url":"https:\/\/www.webdo.tn\/fr\/wp-content\/uploads\/2015\/10\/10592995_849357071798180_2572550894698016187_n-300x200-1.jpg","contentUrl":"https:\/\/www.webdo.tn\/fr\/wp-content\/uploads\/2015\/10\/10592995_849357071798180_2572550894698016187_n-300x200-1.jpg","width":300,"height":200,"caption":"Nobel de la Paix : Pauvre Marzouki qui doit piquer sa crise !"},{"@type":"BreadcrumbList","@id":"https:\/\/www.webdo.tn\/fr\/actualite\/chroniques\/tunisie-nobel-de-la-paix-pauvre-marzouki-qui-doit-piquer-sa-crise\/186925\/#breadcrumb","itemListElement":[{"@type":"ListItem","position":1,"name":"Accueil","item":"https:\/\/www.webdo.tn\/fr\/"},{"@type":"ListItem","position":2,"name":"Nobel de la Paix : Pauvre Marzouki qui doit piquer sa crise !"}]},{"@type":"WebSite","@id":"https:\/\/www.webdo.tn\/fr\/#website","url":"https:\/\/www.webdo.tn\/fr\/","name":"webdo","description":"Tunisie - News en Tunisie et \u00e0 l&#039;international sur Webdo.tn","publisher":{"@id":"https:\/\/www.webdo.tn\/fr\/#organization"},"potentialAction":[{"@type":"SearchAction","target":{"@type":"EntryPoint","urlTemplate":"https:\/\/www.webdo.tn\/fr\/?s={search_term_string}"},"query-input":{"@type":"PropertyValueSpecification","valueRequired":true,"valueName":"search_term_string"}}],"inLanguage":"fr-FR"},{"@type":"Organization","@id":"https:\/\/www.webdo.tn\/fr\/#organization","name":"Webdo","alternateName":"Webdo.tn","url":"https:\/\/www.webdo.tn\/fr\/","logo":{"@type":"ImageObject","inLanguage":"fr-FR","@id":"https:\/\/www.webdo.tn\/fr\/#\/schema\/logo\/image\/","url":"https:\/\/www.webdo.tn\/fr\/wp-content\/uploads\/2025\/06\/Webdo-Tunisie_168377.jpg","contentUrl":"https:\/\/www.webdo.tn\/fr\/wp-content\/uploads\/2025\/06\/Webdo-Tunisie_168377.jpg","width":301,"height":301,"caption":"Webdo"},"image":{"@id":"https:\/\/www.webdo.tn\/fr\/#\/schema\/logo\/image\/"},"sameAs":["https:\/\/www.facebook.com\/webdotn","https:\/\/x.com\/webdo_tn"],"description":"Webdo est un m\u00e9dia num\u00e9rique tunisien fond\u00e9 en 2010, sp\u00e9cialis\u00e9 dans l\u2019actualit\u00e9 nationale et internationale, l\u2019\u00e9conomie, la soci\u00e9t\u00e9 et les analyses politiques. Le site s\u2019adresse \u00e0 un large public francophone et couvre l\u2019information tunisienne en temps r\u00e9el.","email":"redac@webdo.tn","legalName":"YNJ SARL","foundingDate":"2010-09-06","numberOfEmployees":{"@type":"QuantitativeValue","minValue":"11","maxValue":"50"}},{"@type":"Person","@id":"https:\/\/www.webdo.tn\/fr\/#\/schema\/person\/6bc0beba2cd23aec27cb5df85ca2554f","name":"Hatem Bourial","image":{"@type":"ImageObject","inLanguage":"fr-FR","@id":"https:\/\/www.webdo.tn\/fr\/wp-content\/uploads\/2026\/04\/hatem-bourial_avatar-96x96.jpg","url":"https:\/\/www.webdo.tn\/fr\/wp-content\/uploads\/2026\/04\/hatem-bourial_avatar-96x96.jpg","contentUrl":"https:\/\/www.webdo.tn\/fr\/wp-content\/uploads\/2026\/04\/hatem-bourial_avatar-96x96.jpg","caption":"Hatem Bourial"},"description":"Hatem Bourial est journaliste, \u00e9crivain et chroniqueur tunisien. Actif depuis plusieurs d\u00e9cennies, il s\u2019est impos\u00e9 comme un observateur attentif de la soci\u00e9t\u00e9 tunisienne, m\u00ealant dans ses \u00e9crits m\u00e9moire, culture et analyse du quotidien. Auteur de nombreux ouvrages, il d\u00e9veloppe une \u0153uvre \u00e0 la crois\u00e9e du r\u00e9cit, de la po\u00e9sie et de l\u2019observation sociologique. Parall\u00e8lement \u00e0 ses contributions dans la presse, il intervient r\u00e9guli\u00e8rement \u00e0 la radio et dans des espaces culturels, o\u00f9 il explore les enjeux li\u00e9s au patrimoine, \u00e0 l\u2019identit\u00e9 et aux transformations du monde contemporain. \u00c0 travers ses chroniques, Hatem Bourial propose une lecture sensible et approfondie de l\u2019actualit\u00e9, nourrie par une exp\u00e9rience journalistique et litt\u00e9raire reconnue. \ud83d\udd17 Facebook : https:\/\/www.facebook.com\/hatem.bourial.2025","sameAs":["https:\/\/www.facebook.com\/hatem.bourial.2025","https:\/\/fr.wikipedia.org\/wiki\/Fichier:Hatem_Bourial.jpg"],"knowsAbout":["Culture & patrimoine tunisien","Chronique soci\u00e9tale","Litt\u00e9rature & m\u00e9moire","Cin\u00e9ma & critique culturelle","Identit\u00e9 & mutations sociales"],"knowsLanguage":["Arabe","Fran\u00e7ais","Anglais","Italien","Polonais"],"jobTitle":"Journaliste, \u00e9crivain et chroniqueur culturel","worksFor":"Webdo","url":"https:\/\/www.webdo.tn\/fr\/actualite\/author\/hatem-bourial-2\/"}]}},"_links":{"self":[{"href":"https:\/\/www.webdo.tn\/fr\/wp-json\/wp\/v2\/posts\/186925","targetHints":{"allow":["GET"]}}],"collection":[{"href":"https:\/\/www.webdo.tn\/fr\/wp-json\/wp\/v2\/posts"}],"about":[{"href":"https:\/\/www.webdo.tn\/fr\/wp-json\/wp\/v2\/types\/post"}],"author":[{"embeddable":true,"href":"https:\/\/www.webdo.tn\/fr\/wp-json\/wp\/v2\/users\/3229"}],"replies":[{"embeddable":true,"href":"https:\/\/www.webdo.tn\/fr\/wp-json\/wp\/v2\/comments?post=186925"}],"version-history":[{"count":0,"href":"https:\/\/www.webdo.tn\/fr\/wp-json\/wp\/v2\/posts\/186925\/revisions"}],"wp:featuredmedia":[{"embeddable":true,"href":"https:\/\/www.webdo.tn\/fr\/wp-json\/wp\/v2\/media\/316862"}],"wp:attachment":[{"href":"https:\/\/www.webdo.tn\/fr\/wp-json\/wp\/v2\/media?parent=186925"}],"wp:term":[{"taxonomy":"category","embeddable":true,"href":"https:\/\/www.webdo.tn\/fr\/wp-json\/wp\/v2\/categories?post=186925"},{"taxonomy":"post_tag","embeddable":true,"href":"https:\/\/www.webdo.tn\/fr\/wp-json\/wp\/v2\/tags?post=186925"}],"curies":[{"name":"wp","href":"https:\/\/api.w.org\/{rel}","templated":true}]}}