{"id":186924,"date":"2015-10-09T09:03:00","date_gmt":"2015-10-09T09:03:00","guid":{"rendered":"https:\/\/www.webdo.tn\/fr\/actualite\/blog\/terrorisme-contre-la-tunisie-vers-une-campagne-dassassinats-cibles\/186924\/"},"modified":"2025-05-22T12:48:38","modified_gmt":"2025-05-22T12:48:38","slug":"terrorisme-contre-la-tunisie-vers-une-campagne-dassassinats-cibles","status":"publish","type":"post","link":"https:\/\/www.webdo.tn\/fr\/actualite\/chroniques\/terrorisme-contre-la-tunisie-vers-une-campagne-dassassinats-cibles\/186924\/","title":{"rendered":"Terrorisme contre la Tunisie : Vers une campagne d&rsquo;assassinats cibl\u00e9s ?"},"content":{"rendered":"<p>Il est un signe clair, qui ne trompe pas: l&rsquo;enqu\u00eate sur la tentative d&rsquo;assassinat dont a \u00e9t\u00e9 victime Ridha Charfeddine vient d&rsquo;\u00eatre confi\u00e9e \u00e0 l&rsquo;unit\u00e9 de recherches sur les crimes terroristes.<\/p>\n<p>Ainsi, la nature terroriste de l&rsquo;attentat dont a \u00e9t\u00e9 la cible le d\u00e9put\u00e9 de Nidaa Tounes \u00e0 Sousse et pr\u00e9sident de l&rsquo;Etoile du Sahel ne devrait plus faire de doute. D&rsquo;ailleurs, l&rsquo;audition imminente du minist\u00e8re de l&rsquo;Int\u00e9rieur \u00e0 l&rsquo;Assembl\u00e9e des Repr\u00e9sentants du peuple devrait confirmer ces observations.<br \/>\nUn modus operandi r\u00e9v\u00e9lateur<br \/>\nHier encore, des questions existaient sur la nature de cet attentat contre ce responsable politique. S&rsquo;agissait-il d&rsquo;un acte isol\u00e9 ? D&rsquo;un acte li\u00e9 au banditisme ou \u00e0 une incroyable d\u00e9rive d&rsquo;individus en qu\u00eate de vengeance ?<\/p>\n<p>Aujourd&rsquo;hui, la nature terroriste de cette attaque ne devrait plus faire de doute et il s&rsquo;agit d\u00e9sormais de remonter les pistes pour comprendre les ressorts de cette ex\u00e9cution programm\u00e9e et heureusement avort\u00e9e gr\u00e2ce \u00e0 l&rsquo;instinct de Charfeddine qui a eu les gestes qu&rsquo;il fallait pour sauver sa peau.<\/p>\n<p>Notons d&rsquo;abord que le modus operandi de cette tentative d&rsquo;assassinat ressemble \u00e0 celui qui a fait l&rsquo;\u00e9t\u00e9 dernier, toujours \u00e0 Sousse, une victime dans les rangs des forces de l&rsquo;ordre. On se souvient de ces agresseurs en moto qui avaient tir\u00e9 sur un agent de police avant de fuir.<\/p>\n<p>Notons \u00e9galement l&rsquo;intensit\u00e9 des tirs nourris qui ont vis\u00e9 Ridha Charfeddine. Plusieurs impacts ont \u00e9t\u00e9 relev\u00e9s sur son v\u00e9hicule et les douilles des balles se comptent par dizaines sur la sc\u00e8ne du crime.<\/p>\n<p>Cette tentative de meurtre remet aussi \u00e0 l&rsquo;esprit les ex\u00e9cutions dont ont \u00e9t\u00e9 victimes les martyrs Chokri Belaid et Mohamed Brahmi, cueillis par des terroristes en moto, devant le seuil de leurs demeures.<br \/>\nLa nature terroriste de l&rsquo;attentat<br \/>\nToutefois, hier, la victime d\u00e9sign\u00e9e de l&rsquo;acte criminel terroriste \u00e9tait en voiture et a pu, gr\u00e2ce \u00e0 des r\u00e9flexes \u00e9tonnants, \u00e9chapper au pi\u00e8ge qui lui \u00e9tait tendu.<\/p>\n<p>Les criminels ont quant \u00e0 eux pris la fuite \u00e0 bord de leur voiture et ont pu soit rejoindre une planque soit sortir du gouvernorat de Sousse.<br \/>\nC<\/p>\n<p>ette \u00e9vaporation &#8211; provisoire, nous l\u2019esp\u00e9rons &#8211; des agresseurs de Ridha Charfeddine est un autre indice de la nature terroriste de l&rsquo;attaque. D&rsquo;abord, l&rsquo;utilisation d&rsquo;une automobile \u00e9tait de nature \u00e0 permettre un repli plus rapide voire une exfiltration compl\u00e8te du lieu de l&rsquo;attentat.<\/p>\n<p>Ensuite, la disparition des agresseurs r\u00e9v\u00e8le m\u00e9caniquement des connivences et un soutien logistique probable trouvant ses origines dans une de ces fameuses cellules dormantes du terrorisme.<\/p>\n<p>Les agresseurs sont-ils li\u00e9s au jihadisme ? Proviendraient-ils d&rsquo;autres r\u00e9seaux \u00e0 la crois\u00e9e du terrorisme, du banditisme et de la contrebande ? Sont-ce des exalt\u00e9s, embrigad\u00e9s et manipul\u00e9s, agissant pour le compte de n\u00e9buleuses difficiles \u00e0 identifier ?<br \/>\nL&rsquo;enqu\u00eate devra nous dire le vrai du faux et suivre la piste encore chaude des agresseurs.<br \/>\nViser la transition tunisienne \u00e0 travers des attentats cibl\u00e9s<br \/>\nEnfin, cette agression terroriste sera-t-elle annonciatrice d&rsquo;une vague d&rsquo;attentats cibl\u00e9s visant des personnalit\u00e9s en vue, des acteurs politiques, m\u00e9diatiques ou intellectuels ?<\/p>\n<p>La pr\u00e9somption est grande en ce sens. Car, ne l&rsquo;oublions pas, cet attentat contre Ridha Charfeddine intervient alors que des menaces p\u00e8sent sur Moez Ben Gharbia, journaliste tunisien qui dit avoir trouv\u00e9 son salut en se r\u00e9fugiant en Suisse et promet des r\u00e9v\u00e9lations fracassantes sur les meurtres dont ont \u00e9t\u00e9 victimes Belaid ou Brahmi.<\/p>\n<p>En ce sens, le chef du gouvernement vient de demander d&rsquo;assurer et renforcer la protection de Ben Gharbia \u00e0 son retour en Tunisie.<\/p>\n<p>Ces deux affaires sont-elles li\u00e9es ? En d&rsquo;autres termes, sont-ce les r\u00e9v\u00e9lations promises par Ben Gharbia qui auraient pouss\u00e9 les agresseurs de Charfeddine \u00e0 agir ? On peut en douter mais souvent les liens inextricables qui lient banditisme et terrorisme m\u00e8nent \u00e0 ce genre de situations incompr\u00e9hensibles.<br \/>\nActes d\u00e9concertants ou actes concert\u00e9s ?<br \/>\nD&rsquo;autre part, si les deux \u00e9v\u00e9nements ne sont pas li\u00e9s, est-ce \u00e0 dire qu&rsquo;une campagne aveugle pourrait voir le jour qui viserait des responsables politiques et, \u00e0 travers eux, cette \u00e9tape de la transition tunisienne ?<\/p>\n<p>En ce sens, ces actes d\u00e9concertants seraient-ils concert\u00e9s et viseraient-ils \u00e0 fragiliser une situation politique et \u00e9conomique qui va vers la stabilisation ?<\/p>\n<p>L&rsquo;enqu\u00eate nous le dira certainement alors que ce qui importe aujourd&rsquo;hui est bien de renforcer la protection de nombreux acteurs politiques en ayant \u00e0 l&rsquo;esprit que la vigilance doit \u00eatre remont\u00e9e d&rsquo;un cran car le terrorisme aveugle peut frapper n&rsquo;importe o\u00f9 et n&rsquo;importe quand.<br \/>\nHatem Bourial<\/p>\n","protected":false},"excerpt":{"rendered":"<p>Terrorisme contre la Tunisie : Vers une campagne d&rsquo;assassinats cibl\u00e9s ?<\/p>\n","protected":false},"author":3229,"featured_media":351640,"comment_status":"open","ping_status":"closed","sticky":false,"template":"","format":"standard","meta":{"footnotes":""},"categories":[2596],"tags":[],"class_list":["post-186924","post","type-post","status-publish","format-standard","has-post-thumbnail","hentry","category-chroniques"],"yoast_head":"<!-- This site is optimized with the Yoast SEO Premium plugin v27.5 (Yoast SEO v27.5) - https:\/\/yoast.com\/product\/yoast-seo-premium-wordpress\/ -->\n<title>Terrorisme contre la Tunisie : Vers une campagne d&#039;assassinats cibl\u00e9s ?<\/title>\n<meta name=\"description\" content=\"Terrorisme contre la Tunisie : Vers une campagne d&#039;assassinats cibl\u00e9s ?\" \/>\n<link rel=\"canonical\" href=\"https:\/\/www.webdo.tn\/fr\/actualite\/chroniques\/terrorisme-contre-la-tunisie-vers-une-campagne-dassassinats-cibles\/186924\/\" \/>\n<meta property=\"og:locale\" content=\"fr_FR\" \/>\n<meta property=\"og:type\" content=\"article\" \/>\n<meta property=\"og:title\" content=\"Terrorisme contre la Tunisie : Vers une campagne d&#039;assassinats cibl\u00e9s ?\" \/>\n<meta property=\"og:description\" content=\"Terrorisme contre la Tunisie : Vers une campagne d&#039;assassinats cibl\u00e9s ?\" \/>\n<meta property=\"og:url\" content=\"https:\/\/www.webdo.tn\/fr\/actualite\/chroniques\/terrorisme-contre-la-tunisie-vers-une-campagne-dassassinats-cibles\/186924\/\" \/>\n<meta property=\"og:site_name\" content=\"webdo\" \/>\n<meta property=\"article:publisher\" content=\"https:\/\/www.facebook.com\/webdotn\" \/>\n<meta property=\"article:author\" content=\"https:\/\/www.facebook.com\/hatem.bourial.2025\" \/>\n<meta property=\"article:published_time\" content=\"2015-10-09T09:03:00+00:00\" \/>\n<meta property=\"article:modified_time\" content=\"2025-05-22T12:48:38+00:00\" \/>\n<meta property=\"og:image\" content=\"https:\/\/www.webdo.tn\/fr\/wp-content\/uploads\/2015\/10\/Ridha-Charfeddine-ESS-300x225-1.jpg\" \/>\n\t<meta property=\"og:image:width\" content=\"300\" \/>\n\t<meta property=\"og:image:height\" content=\"225\" \/>\n\t<meta property=\"og:image:type\" content=\"image\/jpeg\" \/>\n<meta name=\"author\" content=\"Hatem Bourial\" \/>\n<meta name=\"twitter:card\" content=\"summary_large_image\" \/>\n<meta name=\"twitter:creator\" content=\"@webdo_tn\" \/>\n<meta name=\"twitter:site\" content=\"@webdo_tn\" \/>\n<meta name=\"twitter:label1\" content=\"\u00c9crit par\" \/>\n\t<meta name=\"twitter:data1\" content=\"Hatem Bourial\" \/>\n\t<meta name=\"twitter:label2\" content=\"Dur\u00e9e de lecture estim\u00e9e\" \/>\n\t<meta name=\"twitter:data2\" content=\"4 minutes\" \/>\n<script type=\"application\/ld+json\" class=\"yoast-schema-graph\">{\"@context\":\"https:\\\/\\\/schema.org\",\"@graph\":[{\"@type\":\"NewsArticle\",\"@id\":\"https:\\\/\\\/www.webdo.tn\\\/fr\\\/actualite\\\/chroniques\\\/terrorisme-contre-la-tunisie-vers-une-campagne-dassassinats-cibles\\\/186924\\\/#article\",\"isPartOf\":{\"@id\":\"https:\\\/\\\/www.webdo.tn\\\/fr\\\/actualite\\\/chroniques\\\/terrorisme-contre-la-tunisie-vers-une-campagne-dassassinats-cibles\\\/186924\\\/\"},\"author\":{\"name\":\"Hatem Bourial\",\"@id\":\"https:\\\/\\\/www.webdo.tn\\\/fr\\\/#\\\/schema\\\/person\\\/6bc0beba2cd23aec27cb5df85ca2554f\"},\"headline\":\"Terrorisme contre la Tunisie : Vers une campagne d&rsquo;assassinats cibl\u00e9s ?\",\"datePublished\":\"2015-10-09T09:03:00+00:00\",\"dateModified\":\"2025-05-22T12:48:38+00:00\",\"mainEntityOfPage\":{\"@id\":\"https:\\\/\\\/www.webdo.tn\\\/fr\\\/actualite\\\/chroniques\\\/terrorisme-contre-la-tunisie-vers-une-campagne-dassassinats-cibles\\\/186924\\\/\"},\"wordCount\":816,\"commentCount\":0,\"publisher\":{\"@id\":\"https:\\\/\\\/www.webdo.tn\\\/fr\\\/#organization\"},\"image\":{\"@id\":\"https:\\\/\\\/www.webdo.tn\\\/fr\\\/actualite\\\/chroniques\\\/terrorisme-contre-la-tunisie-vers-une-campagne-dassassinats-cibles\\\/186924\\\/#primaryimage\"},\"thumbnailUrl\":\"https:\\\/\\\/www.webdo.tn\\\/fr\\\/wp-content\\\/uploads\\\/2015\\\/10\\\/Ridha-Charfeddine-ESS-300x225-1.jpg\",\"articleSection\":[\"Chroniques\"],\"inLanguage\":\"fr-FR\"},{\"@type\":\"WebPage\",\"@id\":\"https:\\\/\\\/www.webdo.tn\\\/fr\\\/actualite\\\/chroniques\\\/terrorisme-contre-la-tunisie-vers-une-campagne-dassassinats-cibles\\\/186924\\\/\",\"url\":\"https:\\\/\\\/www.webdo.tn\\\/fr\\\/actualite\\\/chroniques\\\/terrorisme-contre-la-tunisie-vers-une-campagne-dassassinats-cibles\\\/186924\\\/\",\"name\":\"Terrorisme contre la Tunisie : Vers une campagne d'assassinats cibl\u00e9s ?\",\"isPartOf\":{\"@id\":\"https:\\\/\\\/www.webdo.tn\\\/fr\\\/#website\"},\"primaryImageOfPage\":{\"@id\":\"https:\\\/\\\/www.webdo.tn\\\/fr\\\/actualite\\\/chroniques\\\/terrorisme-contre-la-tunisie-vers-une-campagne-dassassinats-cibles\\\/186924\\\/#primaryimage\"},\"image\":{\"@id\":\"https:\\\/\\\/www.webdo.tn\\\/fr\\\/actualite\\\/chroniques\\\/terrorisme-contre-la-tunisie-vers-une-campagne-dassassinats-cibles\\\/186924\\\/#primaryimage\"},\"thumbnailUrl\":\"https:\\\/\\\/www.webdo.tn\\\/fr\\\/wp-content\\\/uploads\\\/2015\\\/10\\\/Ridha-Charfeddine-ESS-300x225-1.jpg\",\"datePublished\":\"2015-10-09T09:03:00+00:00\",\"dateModified\":\"2025-05-22T12:48:38+00:00\",\"description\":\"Terrorisme contre la Tunisie : Vers une campagne d'assassinats cibl\u00e9s ?\",\"breadcrumb\":{\"@id\":\"https:\\\/\\\/www.webdo.tn\\\/fr\\\/actualite\\\/chroniques\\\/terrorisme-contre-la-tunisie-vers-une-campagne-dassassinats-cibles\\\/186924\\\/#breadcrumb\"},\"inLanguage\":\"fr-FR\",\"potentialAction\":[{\"@type\":\"ReadAction\",\"target\":[\"https:\\\/\\\/www.webdo.tn\\\/fr\\\/actualite\\\/chroniques\\\/terrorisme-contre-la-tunisie-vers-une-campagne-dassassinats-cibles\\\/186924\\\/\"]}]},{\"@type\":\"ImageObject\",\"inLanguage\":\"fr-FR\",\"@id\":\"https:\\\/\\\/www.webdo.tn\\\/fr\\\/actualite\\\/chroniques\\\/terrorisme-contre-la-tunisie-vers-une-campagne-dassassinats-cibles\\\/186924\\\/#primaryimage\",\"url\":\"https:\\\/\\\/www.webdo.tn\\\/fr\\\/wp-content\\\/uploads\\\/2015\\\/10\\\/Ridha-Charfeddine-ESS-300x225-1.jpg\",\"contentUrl\":\"https:\\\/\\\/www.webdo.tn\\\/fr\\\/wp-content\\\/uploads\\\/2015\\\/10\\\/Ridha-Charfeddine-ESS-300x225-1.jpg\",\"width\":300,\"height\":225,\"caption\":\"Terrorisme contre la Tunisie : Vers une campagne d'assassinats cibl\u00e9s ?\"},{\"@type\":\"BreadcrumbList\",\"@id\":\"https:\\\/\\\/www.webdo.tn\\\/fr\\\/actualite\\\/chroniques\\\/terrorisme-contre-la-tunisie-vers-une-campagne-dassassinats-cibles\\\/186924\\\/#breadcrumb\",\"itemListElement\":[{\"@type\":\"ListItem\",\"position\":1,\"name\":\"Accueil\",\"item\":\"https:\\\/\\\/www.webdo.tn\\\/fr\\\/\"},{\"@type\":\"ListItem\",\"position\":2,\"name\":\"Terrorisme contre la Tunisie : Vers une campagne d&#8217;assassinats cibl\u00e9s ?\"}]},{\"@type\":\"WebSite\",\"@id\":\"https:\\\/\\\/www.webdo.tn\\\/fr\\\/#website\",\"url\":\"https:\\\/\\\/www.webdo.tn\\\/fr\\\/\",\"name\":\"webdo\",\"description\":\"Tunisie - News en Tunisie et \u00e0 l&#039;international sur Webdo.tn\",\"publisher\":{\"@id\":\"https:\\\/\\\/www.webdo.tn\\\/fr\\\/#organization\"},\"potentialAction\":[{\"@type\":\"SearchAction\",\"target\":{\"@type\":\"EntryPoint\",\"urlTemplate\":\"https:\\\/\\\/www.webdo.tn\\\/fr\\\/?s={search_term_string}\"},\"query-input\":{\"@type\":\"PropertyValueSpecification\",\"valueRequired\":true,\"valueName\":\"search_term_string\"}}],\"inLanguage\":\"fr-FR\"},{\"@type\":\"Organization\",\"@id\":\"https:\\\/\\\/www.webdo.tn\\\/fr\\\/#organization\",\"name\":\"Webdo\",\"alternateName\":\"Webdo.tn\",\"url\":\"https:\\\/\\\/www.webdo.tn\\\/fr\\\/\",\"logo\":{\"@type\":\"ImageObject\",\"inLanguage\":\"fr-FR\",\"@id\":\"https:\\\/\\\/www.webdo.tn\\\/fr\\\/#\\\/schema\\\/logo\\\/image\\\/\",\"url\":\"https:\\\/\\\/www.webdo.tn\\\/fr\\\/wp-content\\\/uploads\\\/2025\\\/06\\\/Webdo-Tunisie_168377.jpg\",\"contentUrl\":\"https:\\\/\\\/www.webdo.tn\\\/fr\\\/wp-content\\\/uploads\\\/2025\\\/06\\\/Webdo-Tunisie_168377.jpg\",\"width\":301,\"height\":301,\"caption\":\"Webdo\"},\"image\":{\"@id\":\"https:\\\/\\\/www.webdo.tn\\\/fr\\\/#\\\/schema\\\/logo\\\/image\\\/\"},\"sameAs\":[\"https:\\\/\\\/www.facebook.com\\\/webdotn\",\"https:\\\/\\\/x.com\\\/webdo_tn\"],\"description\":\"Webdo est un m\u00e9dia num\u00e9rique tunisien fond\u00e9 en 2010, sp\u00e9cialis\u00e9 dans l\u2019actualit\u00e9 nationale et internationale, l\u2019\u00e9conomie, la soci\u00e9t\u00e9 et les analyses politiques. Le site s\u2019adresse \u00e0 un large public francophone et couvre l\u2019information tunisienne en temps r\u00e9el.\",\"email\":\"redac@webdo.tn\",\"legalName\":\"YNJ SARL\",\"foundingDate\":\"2010-09-06\",\"numberOfEmployees\":{\"@type\":\"QuantitativeValue\",\"minValue\":\"11\",\"maxValue\":\"50\"}},{\"@type\":\"Person\",\"@id\":\"https:\\\/\\\/www.webdo.tn\\\/fr\\\/#\\\/schema\\\/person\\\/6bc0beba2cd23aec27cb5df85ca2554f\",\"name\":\"Hatem Bourial\",\"image\":{\"@type\":\"ImageObject\",\"inLanguage\":\"fr-FR\",\"@id\":\"https:\\\/\\\/www.webdo.tn\\\/fr\\\/wp-content\\\/uploads\\\/2026\\\/04\\\/hatem-bourial_avatar-96x96.jpg\",\"url\":\"https:\\\/\\\/www.webdo.tn\\\/fr\\\/wp-content\\\/uploads\\\/2026\\\/04\\\/hatem-bourial_avatar-96x96.jpg\",\"contentUrl\":\"https:\\\/\\\/www.webdo.tn\\\/fr\\\/wp-content\\\/uploads\\\/2026\\\/04\\\/hatem-bourial_avatar-96x96.jpg\",\"caption\":\"Hatem Bourial\"},\"description\":\"Hatem Bourial est journaliste, \u00e9crivain et chroniqueur tunisien. Actif depuis plusieurs d\u00e9cennies, il s\u2019est impos\u00e9 comme un observateur attentif de la soci\u00e9t\u00e9 tunisienne, m\u00ealant dans ses \u00e9crits m\u00e9moire, culture et analyse du quotidien. Auteur de nombreux ouvrages, il d\u00e9veloppe une \u0153uvre \u00e0 la crois\u00e9e du r\u00e9cit, de la po\u00e9sie et de l\u2019observation sociologique. Parall\u00e8lement \u00e0 ses contributions dans la presse, il intervient r\u00e9guli\u00e8rement \u00e0 la radio et dans des espaces culturels, o\u00f9 il explore les enjeux li\u00e9s au patrimoine, \u00e0 l\u2019identit\u00e9 et aux transformations du monde contemporain. \u00c0 travers ses chroniques, Hatem Bourial propose une lecture sensible et approfondie de l\u2019actualit\u00e9, nourrie par une exp\u00e9rience journalistique et litt\u00e9raire reconnue. \ud83d\udd17 Facebook : https:\\\/\\\/www.facebook.com\\\/hatem.bourial.2025\",\"sameAs\":[\"https:\\\/\\\/www.facebook.com\\\/hatem.bourial.2025\",\"https:\\\/\\\/fr.wikipedia.org\\\/wiki\\\/Fichier:Hatem_Bourial.jpg\"],\"knowsAbout\":[\"Culture & patrimoine tunisien\",\"Chronique soci\u00e9tale\",\"Litt\u00e9rature & m\u00e9moire\",\"Cin\u00e9ma & critique culturelle\",\"Identit\u00e9 & mutations sociales\"],\"knowsLanguage\":[\"Arabe\",\"Fran\u00e7ais\",\"Anglais\",\"Italien\",\"Polonais\"],\"jobTitle\":\"Journaliste, \u00e9crivain et chroniqueur culturel\",\"worksFor\":\"Webdo\",\"url\":\"https:\\\/\\\/www.webdo.tn\\\/fr\\\/actualite\\\/author\\\/hatem-bourial-2\\\/\"}]}<\/script>\n<!-- \/ Yoast SEO Premium plugin. -->","yoast_head_json":{"title":"Terrorisme contre la Tunisie : Vers une campagne d'assassinats cibl\u00e9s ?","description":"Terrorisme contre la Tunisie : Vers une campagne d'assassinats cibl\u00e9s ?","canonical":"https:\/\/www.webdo.tn\/fr\/actualite\/chroniques\/terrorisme-contre-la-tunisie-vers-une-campagne-dassassinats-cibles\/186924\/","og_locale":"fr_FR","og_type":"article","og_title":"Terrorisme contre la Tunisie : Vers une campagne d'assassinats cibl\u00e9s ?","og_description":"Terrorisme contre la Tunisie : Vers une campagne d'assassinats cibl\u00e9s ?","og_url":"https:\/\/www.webdo.tn\/fr\/actualite\/chroniques\/terrorisme-contre-la-tunisie-vers-une-campagne-dassassinats-cibles\/186924\/","og_site_name":"webdo","article_publisher":"https:\/\/www.facebook.com\/webdotn","article_author":"https:\/\/www.facebook.com\/hatem.bourial.2025","article_published_time":"2015-10-09T09:03:00+00:00","article_modified_time":"2025-05-22T12:48:38+00:00","og_image":[{"width":300,"height":225,"url":"https:\/\/www.webdo.tn\/fr\/wp-content\/uploads\/2015\/10\/Ridha-Charfeddine-ESS-300x225-1.jpg","type":"image\/jpeg"}],"author":"Hatem Bourial","twitter_card":"summary_large_image","twitter_creator":"@webdo_tn","twitter_site":"@webdo_tn","twitter_misc":{"\u00c9crit par":"Hatem Bourial","Dur\u00e9e de lecture estim\u00e9e":"4 minutes"},"schema":{"@context":"https:\/\/schema.org","@graph":[{"@type":"NewsArticle","@id":"https:\/\/www.webdo.tn\/fr\/actualite\/chroniques\/terrorisme-contre-la-tunisie-vers-une-campagne-dassassinats-cibles\/186924\/#article","isPartOf":{"@id":"https:\/\/www.webdo.tn\/fr\/actualite\/chroniques\/terrorisme-contre-la-tunisie-vers-une-campagne-dassassinats-cibles\/186924\/"},"author":{"name":"Hatem Bourial","@id":"https:\/\/www.webdo.tn\/fr\/#\/schema\/person\/6bc0beba2cd23aec27cb5df85ca2554f"},"headline":"Terrorisme contre la Tunisie : Vers une campagne d&rsquo;assassinats cibl\u00e9s ?","datePublished":"2015-10-09T09:03:00+00:00","dateModified":"2025-05-22T12:48:38+00:00","mainEntityOfPage":{"@id":"https:\/\/www.webdo.tn\/fr\/actualite\/chroniques\/terrorisme-contre-la-tunisie-vers-une-campagne-dassassinats-cibles\/186924\/"},"wordCount":816,"commentCount":0,"publisher":{"@id":"https:\/\/www.webdo.tn\/fr\/#organization"},"image":{"@id":"https:\/\/www.webdo.tn\/fr\/actualite\/chroniques\/terrorisme-contre-la-tunisie-vers-une-campagne-dassassinats-cibles\/186924\/#primaryimage"},"thumbnailUrl":"https:\/\/www.webdo.tn\/fr\/wp-content\/uploads\/2015\/10\/Ridha-Charfeddine-ESS-300x225-1.jpg","articleSection":["Chroniques"],"inLanguage":"fr-FR"},{"@type":"WebPage","@id":"https:\/\/www.webdo.tn\/fr\/actualite\/chroniques\/terrorisme-contre-la-tunisie-vers-une-campagne-dassassinats-cibles\/186924\/","url":"https:\/\/www.webdo.tn\/fr\/actualite\/chroniques\/terrorisme-contre-la-tunisie-vers-une-campagne-dassassinats-cibles\/186924\/","name":"Terrorisme contre la Tunisie : Vers une campagne d'assassinats cibl\u00e9s ?","isPartOf":{"@id":"https:\/\/www.webdo.tn\/fr\/#website"},"primaryImageOfPage":{"@id":"https:\/\/www.webdo.tn\/fr\/actualite\/chroniques\/terrorisme-contre-la-tunisie-vers-une-campagne-dassassinats-cibles\/186924\/#primaryimage"},"image":{"@id":"https:\/\/www.webdo.tn\/fr\/actualite\/chroniques\/terrorisme-contre-la-tunisie-vers-une-campagne-dassassinats-cibles\/186924\/#primaryimage"},"thumbnailUrl":"https:\/\/www.webdo.tn\/fr\/wp-content\/uploads\/2015\/10\/Ridha-Charfeddine-ESS-300x225-1.jpg","datePublished":"2015-10-09T09:03:00+00:00","dateModified":"2025-05-22T12:48:38+00:00","description":"Terrorisme contre la Tunisie : Vers une campagne d'assassinats cibl\u00e9s ?","breadcrumb":{"@id":"https:\/\/www.webdo.tn\/fr\/actualite\/chroniques\/terrorisme-contre-la-tunisie-vers-une-campagne-dassassinats-cibles\/186924\/#breadcrumb"},"inLanguage":"fr-FR","potentialAction":[{"@type":"ReadAction","target":["https:\/\/www.webdo.tn\/fr\/actualite\/chroniques\/terrorisme-contre-la-tunisie-vers-une-campagne-dassassinats-cibles\/186924\/"]}]},{"@type":"ImageObject","inLanguage":"fr-FR","@id":"https:\/\/www.webdo.tn\/fr\/actualite\/chroniques\/terrorisme-contre-la-tunisie-vers-une-campagne-dassassinats-cibles\/186924\/#primaryimage","url":"https:\/\/www.webdo.tn\/fr\/wp-content\/uploads\/2015\/10\/Ridha-Charfeddine-ESS-300x225-1.jpg","contentUrl":"https:\/\/www.webdo.tn\/fr\/wp-content\/uploads\/2015\/10\/Ridha-Charfeddine-ESS-300x225-1.jpg","width":300,"height":225,"caption":"Terrorisme contre la Tunisie : Vers une campagne d'assassinats cibl\u00e9s ?"},{"@type":"BreadcrumbList","@id":"https:\/\/www.webdo.tn\/fr\/actualite\/chroniques\/terrorisme-contre-la-tunisie-vers-une-campagne-dassassinats-cibles\/186924\/#breadcrumb","itemListElement":[{"@type":"ListItem","position":1,"name":"Accueil","item":"https:\/\/www.webdo.tn\/fr\/"},{"@type":"ListItem","position":2,"name":"Terrorisme contre la Tunisie : Vers une campagne d&#8217;assassinats cibl\u00e9s ?"}]},{"@type":"WebSite","@id":"https:\/\/www.webdo.tn\/fr\/#website","url":"https:\/\/www.webdo.tn\/fr\/","name":"webdo","description":"Tunisie - News en Tunisie et \u00e0 l&#039;international sur Webdo.tn","publisher":{"@id":"https:\/\/www.webdo.tn\/fr\/#organization"},"potentialAction":[{"@type":"SearchAction","target":{"@type":"EntryPoint","urlTemplate":"https:\/\/www.webdo.tn\/fr\/?s={search_term_string}"},"query-input":{"@type":"PropertyValueSpecification","valueRequired":true,"valueName":"search_term_string"}}],"inLanguage":"fr-FR"},{"@type":"Organization","@id":"https:\/\/www.webdo.tn\/fr\/#organization","name":"Webdo","alternateName":"Webdo.tn","url":"https:\/\/www.webdo.tn\/fr\/","logo":{"@type":"ImageObject","inLanguage":"fr-FR","@id":"https:\/\/www.webdo.tn\/fr\/#\/schema\/logo\/image\/","url":"https:\/\/www.webdo.tn\/fr\/wp-content\/uploads\/2025\/06\/Webdo-Tunisie_168377.jpg","contentUrl":"https:\/\/www.webdo.tn\/fr\/wp-content\/uploads\/2025\/06\/Webdo-Tunisie_168377.jpg","width":301,"height":301,"caption":"Webdo"},"image":{"@id":"https:\/\/www.webdo.tn\/fr\/#\/schema\/logo\/image\/"},"sameAs":["https:\/\/www.facebook.com\/webdotn","https:\/\/x.com\/webdo_tn"],"description":"Webdo est un m\u00e9dia num\u00e9rique tunisien fond\u00e9 en 2010, sp\u00e9cialis\u00e9 dans l\u2019actualit\u00e9 nationale et internationale, l\u2019\u00e9conomie, la soci\u00e9t\u00e9 et les analyses politiques. Le site s\u2019adresse \u00e0 un large public francophone et couvre l\u2019information tunisienne en temps r\u00e9el.","email":"redac@webdo.tn","legalName":"YNJ SARL","foundingDate":"2010-09-06","numberOfEmployees":{"@type":"QuantitativeValue","minValue":"11","maxValue":"50"}},{"@type":"Person","@id":"https:\/\/www.webdo.tn\/fr\/#\/schema\/person\/6bc0beba2cd23aec27cb5df85ca2554f","name":"Hatem Bourial","image":{"@type":"ImageObject","inLanguage":"fr-FR","@id":"https:\/\/www.webdo.tn\/fr\/wp-content\/uploads\/2026\/04\/hatem-bourial_avatar-96x96.jpg","url":"https:\/\/www.webdo.tn\/fr\/wp-content\/uploads\/2026\/04\/hatem-bourial_avatar-96x96.jpg","contentUrl":"https:\/\/www.webdo.tn\/fr\/wp-content\/uploads\/2026\/04\/hatem-bourial_avatar-96x96.jpg","caption":"Hatem Bourial"},"description":"Hatem Bourial est journaliste, \u00e9crivain et chroniqueur tunisien. Actif depuis plusieurs d\u00e9cennies, il s\u2019est impos\u00e9 comme un observateur attentif de la soci\u00e9t\u00e9 tunisienne, m\u00ealant dans ses \u00e9crits m\u00e9moire, culture et analyse du quotidien. Auteur de nombreux ouvrages, il d\u00e9veloppe une \u0153uvre \u00e0 la crois\u00e9e du r\u00e9cit, de la po\u00e9sie et de l\u2019observation sociologique. Parall\u00e8lement \u00e0 ses contributions dans la presse, il intervient r\u00e9guli\u00e8rement \u00e0 la radio et dans des espaces culturels, o\u00f9 il explore les enjeux li\u00e9s au patrimoine, \u00e0 l\u2019identit\u00e9 et aux transformations du monde contemporain. \u00c0 travers ses chroniques, Hatem Bourial propose une lecture sensible et approfondie de l\u2019actualit\u00e9, nourrie par une exp\u00e9rience journalistique et litt\u00e9raire reconnue. \ud83d\udd17 Facebook : https:\/\/www.facebook.com\/hatem.bourial.2025","sameAs":["https:\/\/www.facebook.com\/hatem.bourial.2025","https:\/\/fr.wikipedia.org\/wiki\/Fichier:Hatem_Bourial.jpg"],"knowsAbout":["Culture & patrimoine tunisien","Chronique soci\u00e9tale","Litt\u00e9rature & m\u00e9moire","Cin\u00e9ma & critique culturelle","Identit\u00e9 & mutations sociales"],"knowsLanguage":["Arabe","Fran\u00e7ais","Anglais","Italien","Polonais"],"jobTitle":"Journaliste, \u00e9crivain et chroniqueur culturel","worksFor":"Webdo","url":"https:\/\/www.webdo.tn\/fr\/actualite\/author\/hatem-bourial-2\/"}]}},"_links":{"self":[{"href":"https:\/\/www.webdo.tn\/fr\/wp-json\/wp\/v2\/posts\/186924","targetHints":{"allow":["GET"]}}],"collection":[{"href":"https:\/\/www.webdo.tn\/fr\/wp-json\/wp\/v2\/posts"}],"about":[{"href":"https:\/\/www.webdo.tn\/fr\/wp-json\/wp\/v2\/types\/post"}],"author":[{"embeddable":true,"href":"https:\/\/www.webdo.tn\/fr\/wp-json\/wp\/v2\/users\/3229"}],"replies":[{"embeddable":true,"href":"https:\/\/www.webdo.tn\/fr\/wp-json\/wp\/v2\/comments?post=186924"}],"version-history":[{"count":0,"href":"https:\/\/www.webdo.tn\/fr\/wp-json\/wp\/v2\/posts\/186924\/revisions"}],"wp:featuredmedia":[{"embeddable":true,"href":"https:\/\/www.webdo.tn\/fr\/wp-json\/wp\/v2\/media\/351640"}],"wp:attachment":[{"href":"https:\/\/www.webdo.tn\/fr\/wp-json\/wp\/v2\/media?parent=186924"}],"wp:term":[{"taxonomy":"category","embeddable":true,"href":"https:\/\/www.webdo.tn\/fr\/wp-json\/wp\/v2\/categories?post=186924"},{"taxonomy":"post_tag","embeddable":true,"href":"https:\/\/www.webdo.tn\/fr\/wp-json\/wp\/v2\/tags?post=186924"}],"curies":[{"name":"wp","href":"https:\/\/api.w.org\/{rel}","templated":true}]}}