{"id":186922,"date":"2015-10-07T15:20:00","date_gmt":"2015-10-07T15:20:00","guid":{"rendered":"https:\/\/www.webdo.tn\/fr\/blog\/cinq-ans-a-tourner-en-rond-ras-le-bol-de-la-lenteur\/186922\/"},"modified":"2015-10-07T15:20:00","modified_gmt":"2015-10-07T15:20:00","slug":"cinq-ans-a-tourner-en-rond-ras-le-bol-de-la-lenteur","status":"publish","type":"post","link":"https:\/\/www.webdo.tn\/fr\/actualite\/chroniques\/cinq-ans-a-tourner-en-rond-ras-le-bol-de-la-lenteur\/186922\/","title":{"rendered":"Cinq ans \u00e0 tourner en rond&#8230; : Ras-le-bol de la lenteur !"},"content":{"rendered":"<p>L&rsquo;image d&rsquo;un jeune d\u00e9s\u0153uvr\u00e9 qui se lisse la barbe, celle aussi de groupes entiers assis par grappes sur les marches du Th\u00e9\u00e2tre municipal ou les chaises des caf\u00e9s de l&rsquo;ennui&#8230;<br \/>\nUn pays immobile<br \/>\nLa lenteur et l&rsquo;oisivet\u00e9 sont partout dans un pays qui aurait pourtant besoin d&rsquo;un bon coup d&rsquo;acc\u00e9l\u00e9rateur&#8230; Comment ne pas condamner cette lenteur, la bl\u00e2mer, la critiquer, surtout lorsqu&rsquo;elle investit les rouages d&rsquo;un Etat qui tourne en rond.<\/p>\n<p>Combien d&rsquo;opportunit\u00e9s se sont-elles volatilis\u00e9es ces derni\u00e8res ann\u00e9es ? Combien de projets ont-ils \u00e9t\u00e9 emp\u00each\u00e9s de naitre par une administration stalinienne \u00e0 souhait, des pouvoirs publics qui semblent se faire un devoir de mettre des b\u00e2tons dans les roues de tout promoteur qui frappe \u00e0 leur porte ?<\/p>\n<p>Les exemples sont l\u00e9gion et se ressemblent tous : des bureaucrates, jaloux de leurs pr\u00e9rogatives, bloquent, coincent, cassent celles et ceux qui voudraient innover, aller plus vite, apporter des solutions, r\u00e9pondre aux attentes du pays.<\/p>\n<p>Ici, un projet immobilier qui n&rsquo;avance pas \u00e0 cause des n\u00e9cessaires autorisations&#8230; L\u00e0, un projet qu&rsquo;on n&rsquo;arrive pas \u00e0 monter \u00e0 cause de tracasseries stupides qui font perdre un temps fou&#8230; Partout, des blocages, des barri\u00e8res, des obstacles&#8230;<br \/>\nUne r\u00e9volution nonchalante<br \/>\nPendant ce temps, les partis politiques continuent \u00e0 d\u00e9battre en rond, les jeunes \u00e0 foutre le camp et le pays \u00e0 tomber en lambeaux. Qui osera une diatribe contre cette lenteur maladive ? Qui poussera la r\u00e9volution tunisienne dans le sens du progr\u00e8s ?<\/p>\n<p>Partout la lenteur, une prudence maladive, une paresse cong\u00e9nitale ! Alanguie, apathique voire inerte, la Tunisie voit ses concurrents la d\u00e9passer dans tous les domaines et, n\u00e9anmoins, continue \u00e0 parler de revanches, de compensations et de r\u00e9gime d\u00e9funt.<\/p>\n<p>D\u00e9bats d&rsquo;un autre temps qui nous entravent, emp\u00eachent notre essor et nous condamnent \u00e0 un attentisme engourdi qui, \u00e0 force de trainer, stagner et flemmarder, ne pr\u00e9sage rien d&rsquo;autre que la poursuite de cette r\u00e9volution nonchalante.<br \/>\nHatem Bourial<\/p>\n","protected":false},"excerpt":{"rendered":"<p>Cinq ans \u00e0 tourner en rond&#8230; : Ras-le-bol de la lenteur !<\/p>\n","protected":false},"author":3229,"featured_media":336358,"comment_status":"open","ping_status":"closed","sticky":false,"template":"","format":"standard","meta":{"footnotes":""},"categories":[2596],"tags":[2600],"class_list":["post-186922","post","type-post","status-publish","format-standard","has-post-thumbnail","hentry","category-chroniques","tag-guerre"],"yoast_head":"<!-- This site is optimized with the Yoast SEO Premium plugin v27.5 (Yoast SEO v27.5) - https:\/\/yoast.com\/product\/yoast-seo-premium-wordpress\/ -->\n<title>Cinq ans \u00e0 tourner en rond... : Ras-le-bol de la lenteur !<\/title>\n<meta name=\"description\" content=\"Cinq ans \u00e0 tourner en rond... : Ras-le-bol de la lenteur !\" \/>\n<link rel=\"canonical\" href=\"https:\/\/www.webdo.tn\/fr\/actualite\/chroniques\/cinq-ans-a-tourner-en-rond-ras-le-bol-de-la-lenteur\/186922\/\" \/>\n<meta property=\"og:locale\" content=\"fr_FR\" \/>\n<meta property=\"og:type\" content=\"article\" \/>\n<meta property=\"og:title\" content=\"Cinq ans \u00e0 tourner en rond... : Ras-le-bol de la lenteur !\" \/>\n<meta property=\"og:description\" content=\"Cinq ans \u00e0 tourner en rond... : Ras-le-bol de la lenteur !\" \/>\n<meta property=\"og:url\" content=\"https:\/\/www.webdo.tn\/fr\/actualite\/chroniques\/cinq-ans-a-tourner-en-rond-ras-le-bol-de-la-lenteur\/186922\/\" \/>\n<meta property=\"og:site_name\" content=\"webdo\" \/>\n<meta property=\"article:publisher\" content=\"https:\/\/www.facebook.com\/webdotn\" \/>\n<meta property=\"article:author\" content=\"https:\/\/www.facebook.com\/hatem.bourial.2025\" \/>\n<meta property=\"article:published_time\" content=\"2015-10-07T15:20:00+00:00\" \/>\n<meta property=\"og:image\" content=\"https:\/\/www.webdo.tn\/fr\/wp-content\/uploads\/2015\/10\/Greve-cafes-25-02-2015-WEBDO.tn-Khaled-Nasraoui-6-300x200-1.jpg\" \/>\n\t<meta property=\"og:image:width\" content=\"300\" \/>\n\t<meta property=\"og:image:height\" content=\"200\" \/>\n\t<meta property=\"og:image:type\" content=\"image\/jpeg\" \/>\n<meta name=\"author\" content=\"Hatem Bourial\" \/>\n<meta name=\"twitter:card\" content=\"summary_large_image\" \/>\n<meta name=\"twitter:creator\" content=\"@webdo_tn\" \/>\n<meta name=\"twitter:site\" content=\"@webdo_tn\" \/>\n<meta name=\"twitter:label1\" content=\"\u00c9crit par\" \/>\n\t<meta name=\"twitter:data1\" content=\"Hatem Bourial\" \/>\n\t<meta name=\"twitter:label2\" content=\"Dur\u00e9e de lecture estim\u00e9e\" \/>\n\t<meta name=\"twitter:data2\" content=\"2 minutes\" \/>\n<script type=\"application\/ld+json\" class=\"yoast-schema-graph\">{\"@context\":\"https:\\\/\\\/schema.org\",\"@graph\":[{\"@type\":\"NewsArticle\",\"@id\":\"https:\\\/\\\/www.webdo.tn\\\/fr\\\/actualite\\\/chroniques\\\/cinq-ans-a-tourner-en-rond-ras-le-bol-de-la-lenteur\\\/186922\\\/#article\",\"isPartOf\":{\"@id\":\"https:\\\/\\\/www.webdo.tn\\\/fr\\\/actualite\\\/chroniques\\\/cinq-ans-a-tourner-en-rond-ras-le-bol-de-la-lenteur\\\/186922\\\/\"},\"author\":{\"name\":\"Hatem Bourial\",\"@id\":\"https:\\\/\\\/www.webdo.tn\\\/fr\\\/#\\\/schema\\\/person\\\/6bc0beba2cd23aec27cb5df85ca2554f\"},\"headline\":\"Cinq ans \u00e0 tourner en rond&#8230; : Ras-le-bol de la lenteur !\",\"datePublished\":\"2015-10-07T15:20:00+00:00\",\"mainEntityOfPage\":{\"@id\":\"https:\\\/\\\/www.webdo.tn\\\/fr\\\/actualite\\\/chroniques\\\/cinq-ans-a-tourner-en-rond-ras-le-bol-de-la-lenteur\\\/186922\\\/\"},\"wordCount\":353,\"commentCount\":0,\"publisher\":{\"@id\":\"https:\\\/\\\/www.webdo.tn\\\/fr\\\/#organization\"},\"image\":{\"@id\":\"https:\\\/\\\/www.webdo.tn\\\/fr\\\/actualite\\\/chroniques\\\/cinq-ans-a-tourner-en-rond-ras-le-bol-de-la-lenteur\\\/186922\\\/#primaryimage\"},\"thumbnailUrl\":\"https:\\\/\\\/www.webdo.tn\\\/fr\\\/wp-content\\\/uploads\\\/2015\\\/10\\\/Greve-cafes-25-02-2015-WEBDO.tn-Khaled-Nasraoui-6-300x200-1.jpg\",\"keywords\":[\"guerre\"],\"articleSection\":[\"Chroniques\"],\"inLanguage\":\"fr-FR\"},{\"@type\":\"WebPage\",\"@id\":\"https:\\\/\\\/www.webdo.tn\\\/fr\\\/actualite\\\/chroniques\\\/cinq-ans-a-tourner-en-rond-ras-le-bol-de-la-lenteur\\\/186922\\\/\",\"url\":\"https:\\\/\\\/www.webdo.tn\\\/fr\\\/actualite\\\/chroniques\\\/cinq-ans-a-tourner-en-rond-ras-le-bol-de-la-lenteur\\\/186922\\\/\",\"name\":\"Cinq ans \u00e0 tourner en rond... : Ras-le-bol de la lenteur !\",\"isPartOf\":{\"@id\":\"https:\\\/\\\/www.webdo.tn\\\/fr\\\/#website\"},\"primaryImageOfPage\":{\"@id\":\"https:\\\/\\\/www.webdo.tn\\\/fr\\\/actualite\\\/chroniques\\\/cinq-ans-a-tourner-en-rond-ras-le-bol-de-la-lenteur\\\/186922\\\/#primaryimage\"},\"image\":{\"@id\":\"https:\\\/\\\/www.webdo.tn\\\/fr\\\/actualite\\\/chroniques\\\/cinq-ans-a-tourner-en-rond-ras-le-bol-de-la-lenteur\\\/186922\\\/#primaryimage\"},\"thumbnailUrl\":\"https:\\\/\\\/www.webdo.tn\\\/fr\\\/wp-content\\\/uploads\\\/2015\\\/10\\\/Greve-cafes-25-02-2015-WEBDO.tn-Khaled-Nasraoui-6-300x200-1.jpg\",\"datePublished\":\"2015-10-07T15:20:00+00:00\",\"description\":\"Cinq ans \u00e0 tourner en rond... : Ras-le-bol de la lenteur !\",\"breadcrumb\":{\"@id\":\"https:\\\/\\\/www.webdo.tn\\\/fr\\\/actualite\\\/chroniques\\\/cinq-ans-a-tourner-en-rond-ras-le-bol-de-la-lenteur\\\/186922\\\/#breadcrumb\"},\"inLanguage\":\"fr-FR\",\"potentialAction\":[{\"@type\":\"ReadAction\",\"target\":[\"https:\\\/\\\/www.webdo.tn\\\/fr\\\/actualite\\\/chroniques\\\/cinq-ans-a-tourner-en-rond-ras-le-bol-de-la-lenteur\\\/186922\\\/\"]}]},{\"@type\":\"ImageObject\",\"inLanguage\":\"fr-FR\",\"@id\":\"https:\\\/\\\/www.webdo.tn\\\/fr\\\/actualite\\\/chroniques\\\/cinq-ans-a-tourner-en-rond-ras-le-bol-de-la-lenteur\\\/186922\\\/#primaryimage\",\"url\":\"https:\\\/\\\/www.webdo.tn\\\/fr\\\/wp-content\\\/uploads\\\/2015\\\/10\\\/Greve-cafes-25-02-2015-WEBDO.tn-Khaled-Nasraoui-6-300x200-1.jpg\",\"contentUrl\":\"https:\\\/\\\/www.webdo.tn\\\/fr\\\/wp-content\\\/uploads\\\/2015\\\/10\\\/Greve-cafes-25-02-2015-WEBDO.tn-Khaled-Nasraoui-6-300x200-1.jpg\",\"width\":300,\"height\":200,\"caption\":\"Cinq ans \u00e0 tourner en rond... : Ras-le-bol de la lenteur !\"},{\"@type\":\"BreadcrumbList\",\"@id\":\"https:\\\/\\\/www.webdo.tn\\\/fr\\\/actualite\\\/chroniques\\\/cinq-ans-a-tourner-en-rond-ras-le-bol-de-la-lenteur\\\/186922\\\/#breadcrumb\",\"itemListElement\":[{\"@type\":\"ListItem\",\"position\":1,\"name\":\"Accueil\",\"item\":\"https:\\\/\\\/www.webdo.tn\\\/fr\\\/\"},{\"@type\":\"ListItem\",\"position\":2,\"name\":\"Cinq ans \u00e0 tourner en rond&#8230; : Ras-le-bol de la lenteur !\"}]},{\"@type\":\"WebSite\",\"@id\":\"https:\\\/\\\/www.webdo.tn\\\/fr\\\/#website\",\"url\":\"https:\\\/\\\/www.webdo.tn\\\/fr\\\/\",\"name\":\"webdo\",\"description\":\"Tunisie - News en Tunisie et \u00e0 l&#039;international sur Webdo.tn\",\"publisher\":{\"@id\":\"https:\\\/\\\/www.webdo.tn\\\/fr\\\/#organization\"},\"potentialAction\":[{\"@type\":\"SearchAction\",\"target\":{\"@type\":\"EntryPoint\",\"urlTemplate\":\"https:\\\/\\\/www.webdo.tn\\\/fr\\\/?s={search_term_string}\"},\"query-input\":{\"@type\":\"PropertyValueSpecification\",\"valueRequired\":true,\"valueName\":\"search_term_string\"}}],\"inLanguage\":\"fr-FR\"},{\"@type\":\"Organization\",\"@id\":\"https:\\\/\\\/www.webdo.tn\\\/fr\\\/#organization\",\"name\":\"Webdo\",\"alternateName\":\"Webdo.tn\",\"url\":\"https:\\\/\\\/www.webdo.tn\\\/fr\\\/\",\"logo\":{\"@type\":\"ImageObject\",\"inLanguage\":\"fr-FR\",\"@id\":\"https:\\\/\\\/www.webdo.tn\\\/fr\\\/#\\\/schema\\\/logo\\\/image\\\/\",\"url\":\"https:\\\/\\\/www.webdo.tn\\\/fr\\\/wp-content\\\/uploads\\\/2025\\\/06\\\/Webdo-Tunisie_168377.jpg\",\"contentUrl\":\"https:\\\/\\\/www.webdo.tn\\\/fr\\\/wp-content\\\/uploads\\\/2025\\\/06\\\/Webdo-Tunisie_168377.jpg\",\"width\":301,\"height\":301,\"caption\":\"Webdo\"},\"image\":{\"@id\":\"https:\\\/\\\/www.webdo.tn\\\/fr\\\/#\\\/schema\\\/logo\\\/image\\\/\"},\"sameAs\":[\"https:\\\/\\\/www.facebook.com\\\/webdotn\",\"https:\\\/\\\/x.com\\\/webdo_tn\"],\"description\":\"Webdo est un m\u00e9dia num\u00e9rique tunisien fond\u00e9 en 2010, sp\u00e9cialis\u00e9 dans l\u2019actualit\u00e9 nationale et internationale, l\u2019\u00e9conomie, la soci\u00e9t\u00e9 et les analyses politiques. Le site s\u2019adresse \u00e0 un large public francophone et couvre l\u2019information tunisienne en temps r\u00e9el.\",\"email\":\"redac@webdo.tn\",\"legalName\":\"YNJ SARL\",\"foundingDate\":\"2010-09-06\",\"numberOfEmployees\":{\"@type\":\"QuantitativeValue\",\"minValue\":\"11\",\"maxValue\":\"50\"}},{\"@type\":\"Person\",\"@id\":\"https:\\\/\\\/www.webdo.tn\\\/fr\\\/#\\\/schema\\\/person\\\/6bc0beba2cd23aec27cb5df85ca2554f\",\"name\":\"Hatem Bourial\",\"image\":{\"@type\":\"ImageObject\",\"inLanguage\":\"fr-FR\",\"@id\":\"https:\\\/\\\/www.webdo.tn\\\/fr\\\/wp-content\\\/uploads\\\/2026\\\/04\\\/hatem-bourial_avatar-96x96.jpg\",\"url\":\"https:\\\/\\\/www.webdo.tn\\\/fr\\\/wp-content\\\/uploads\\\/2026\\\/04\\\/hatem-bourial_avatar-96x96.jpg\",\"contentUrl\":\"https:\\\/\\\/www.webdo.tn\\\/fr\\\/wp-content\\\/uploads\\\/2026\\\/04\\\/hatem-bourial_avatar-96x96.jpg\",\"caption\":\"Hatem Bourial\"},\"description\":\"Hatem Bourial est journaliste, \u00e9crivain et chroniqueur tunisien. Actif depuis plusieurs d\u00e9cennies, il s\u2019est impos\u00e9 comme un observateur attentif de la soci\u00e9t\u00e9 tunisienne, m\u00ealant dans ses \u00e9crits m\u00e9moire, culture et analyse du quotidien. Auteur de nombreux ouvrages, il d\u00e9veloppe une \u0153uvre \u00e0 la crois\u00e9e du r\u00e9cit, de la po\u00e9sie et de l\u2019observation sociologique. Parall\u00e8lement \u00e0 ses contributions dans la presse, il intervient r\u00e9guli\u00e8rement \u00e0 la radio et dans des espaces culturels, o\u00f9 il explore les enjeux li\u00e9s au patrimoine, \u00e0 l\u2019identit\u00e9 et aux transformations du monde contemporain. \u00c0 travers ses chroniques, Hatem Bourial propose une lecture sensible et approfondie de l\u2019actualit\u00e9, nourrie par une exp\u00e9rience journalistique et litt\u00e9raire reconnue. \ud83d\udd17 Facebook : https:\\\/\\\/www.facebook.com\\\/hatem.bourial.2025\",\"sameAs\":[\"https:\\\/\\\/www.facebook.com\\\/hatem.bourial.2025\",\"https:\\\/\\\/fr.wikipedia.org\\\/wiki\\\/Fichier:Hatem_Bourial.jpg\"],\"knowsAbout\":[\"Culture & patrimoine tunisien\",\"Chronique soci\u00e9tale\",\"Litt\u00e9rature & m\u00e9moire\",\"Cin\u00e9ma & critique culturelle\",\"Identit\u00e9 & mutations sociales\"],\"knowsLanguage\":[\"Arabe\",\"Fran\u00e7ais\",\"Anglais\",\"Italien\",\"Polonais\"],\"jobTitle\":\"Journaliste, \u00e9crivain et chroniqueur culturel\",\"worksFor\":\"Webdo\",\"url\":\"https:\\\/\\\/www.webdo.tn\\\/fr\\\/actualite\\\/author\\\/hatem-bourial-2\\\/\"}]}<\/script>\n<!-- \/ Yoast SEO Premium plugin. -->","yoast_head_json":{"title":"Cinq ans \u00e0 tourner en rond... : Ras-le-bol de la lenteur !","description":"Cinq ans \u00e0 tourner en rond... : Ras-le-bol de la lenteur !","canonical":"https:\/\/www.webdo.tn\/fr\/actualite\/chroniques\/cinq-ans-a-tourner-en-rond-ras-le-bol-de-la-lenteur\/186922\/","og_locale":"fr_FR","og_type":"article","og_title":"Cinq ans \u00e0 tourner en rond... : Ras-le-bol de la lenteur !","og_description":"Cinq ans \u00e0 tourner en rond... : Ras-le-bol de la lenteur !","og_url":"https:\/\/www.webdo.tn\/fr\/actualite\/chroniques\/cinq-ans-a-tourner-en-rond-ras-le-bol-de-la-lenteur\/186922\/","og_site_name":"webdo","article_publisher":"https:\/\/www.facebook.com\/webdotn","article_author":"https:\/\/www.facebook.com\/hatem.bourial.2025","article_published_time":"2015-10-07T15:20:00+00:00","og_image":[{"width":300,"height":200,"url":"https:\/\/www.webdo.tn\/fr\/wp-content\/uploads\/2015\/10\/Greve-cafes-25-02-2015-WEBDO.tn-Khaled-Nasraoui-6-300x200-1.jpg","type":"image\/jpeg"}],"author":"Hatem Bourial","twitter_card":"summary_large_image","twitter_creator":"@webdo_tn","twitter_site":"@webdo_tn","twitter_misc":{"\u00c9crit par":"Hatem Bourial","Dur\u00e9e de lecture estim\u00e9e":"2 minutes"},"schema":{"@context":"https:\/\/schema.org","@graph":[{"@type":"NewsArticle","@id":"https:\/\/www.webdo.tn\/fr\/actualite\/chroniques\/cinq-ans-a-tourner-en-rond-ras-le-bol-de-la-lenteur\/186922\/#article","isPartOf":{"@id":"https:\/\/www.webdo.tn\/fr\/actualite\/chroniques\/cinq-ans-a-tourner-en-rond-ras-le-bol-de-la-lenteur\/186922\/"},"author":{"name":"Hatem Bourial","@id":"https:\/\/www.webdo.tn\/fr\/#\/schema\/person\/6bc0beba2cd23aec27cb5df85ca2554f"},"headline":"Cinq ans \u00e0 tourner en rond&#8230; : Ras-le-bol de la lenteur !","datePublished":"2015-10-07T15:20:00+00:00","mainEntityOfPage":{"@id":"https:\/\/www.webdo.tn\/fr\/actualite\/chroniques\/cinq-ans-a-tourner-en-rond-ras-le-bol-de-la-lenteur\/186922\/"},"wordCount":353,"commentCount":0,"publisher":{"@id":"https:\/\/www.webdo.tn\/fr\/#organization"},"image":{"@id":"https:\/\/www.webdo.tn\/fr\/actualite\/chroniques\/cinq-ans-a-tourner-en-rond-ras-le-bol-de-la-lenteur\/186922\/#primaryimage"},"thumbnailUrl":"https:\/\/www.webdo.tn\/fr\/wp-content\/uploads\/2015\/10\/Greve-cafes-25-02-2015-WEBDO.tn-Khaled-Nasraoui-6-300x200-1.jpg","keywords":["guerre"],"articleSection":["Chroniques"],"inLanguage":"fr-FR"},{"@type":"WebPage","@id":"https:\/\/www.webdo.tn\/fr\/actualite\/chroniques\/cinq-ans-a-tourner-en-rond-ras-le-bol-de-la-lenteur\/186922\/","url":"https:\/\/www.webdo.tn\/fr\/actualite\/chroniques\/cinq-ans-a-tourner-en-rond-ras-le-bol-de-la-lenteur\/186922\/","name":"Cinq ans \u00e0 tourner en rond... : Ras-le-bol de la lenteur !","isPartOf":{"@id":"https:\/\/www.webdo.tn\/fr\/#website"},"primaryImageOfPage":{"@id":"https:\/\/www.webdo.tn\/fr\/actualite\/chroniques\/cinq-ans-a-tourner-en-rond-ras-le-bol-de-la-lenteur\/186922\/#primaryimage"},"image":{"@id":"https:\/\/www.webdo.tn\/fr\/actualite\/chroniques\/cinq-ans-a-tourner-en-rond-ras-le-bol-de-la-lenteur\/186922\/#primaryimage"},"thumbnailUrl":"https:\/\/www.webdo.tn\/fr\/wp-content\/uploads\/2015\/10\/Greve-cafes-25-02-2015-WEBDO.tn-Khaled-Nasraoui-6-300x200-1.jpg","datePublished":"2015-10-07T15:20:00+00:00","description":"Cinq ans \u00e0 tourner en rond... : Ras-le-bol de la lenteur !","breadcrumb":{"@id":"https:\/\/www.webdo.tn\/fr\/actualite\/chroniques\/cinq-ans-a-tourner-en-rond-ras-le-bol-de-la-lenteur\/186922\/#breadcrumb"},"inLanguage":"fr-FR","potentialAction":[{"@type":"ReadAction","target":["https:\/\/www.webdo.tn\/fr\/actualite\/chroniques\/cinq-ans-a-tourner-en-rond-ras-le-bol-de-la-lenteur\/186922\/"]}]},{"@type":"ImageObject","inLanguage":"fr-FR","@id":"https:\/\/www.webdo.tn\/fr\/actualite\/chroniques\/cinq-ans-a-tourner-en-rond-ras-le-bol-de-la-lenteur\/186922\/#primaryimage","url":"https:\/\/www.webdo.tn\/fr\/wp-content\/uploads\/2015\/10\/Greve-cafes-25-02-2015-WEBDO.tn-Khaled-Nasraoui-6-300x200-1.jpg","contentUrl":"https:\/\/www.webdo.tn\/fr\/wp-content\/uploads\/2015\/10\/Greve-cafes-25-02-2015-WEBDO.tn-Khaled-Nasraoui-6-300x200-1.jpg","width":300,"height":200,"caption":"Cinq ans \u00e0 tourner en rond... : Ras-le-bol de la lenteur !"},{"@type":"BreadcrumbList","@id":"https:\/\/www.webdo.tn\/fr\/actualite\/chroniques\/cinq-ans-a-tourner-en-rond-ras-le-bol-de-la-lenteur\/186922\/#breadcrumb","itemListElement":[{"@type":"ListItem","position":1,"name":"Accueil","item":"https:\/\/www.webdo.tn\/fr\/"},{"@type":"ListItem","position":2,"name":"Cinq ans \u00e0 tourner en rond&#8230; : Ras-le-bol de la lenteur !"}]},{"@type":"WebSite","@id":"https:\/\/www.webdo.tn\/fr\/#website","url":"https:\/\/www.webdo.tn\/fr\/","name":"webdo","description":"Tunisie - News en Tunisie et \u00e0 l&#039;international sur Webdo.tn","publisher":{"@id":"https:\/\/www.webdo.tn\/fr\/#organization"},"potentialAction":[{"@type":"SearchAction","target":{"@type":"EntryPoint","urlTemplate":"https:\/\/www.webdo.tn\/fr\/?s={search_term_string}"},"query-input":{"@type":"PropertyValueSpecification","valueRequired":true,"valueName":"search_term_string"}}],"inLanguage":"fr-FR"},{"@type":"Organization","@id":"https:\/\/www.webdo.tn\/fr\/#organization","name":"Webdo","alternateName":"Webdo.tn","url":"https:\/\/www.webdo.tn\/fr\/","logo":{"@type":"ImageObject","inLanguage":"fr-FR","@id":"https:\/\/www.webdo.tn\/fr\/#\/schema\/logo\/image\/","url":"https:\/\/www.webdo.tn\/fr\/wp-content\/uploads\/2025\/06\/Webdo-Tunisie_168377.jpg","contentUrl":"https:\/\/www.webdo.tn\/fr\/wp-content\/uploads\/2025\/06\/Webdo-Tunisie_168377.jpg","width":301,"height":301,"caption":"Webdo"},"image":{"@id":"https:\/\/www.webdo.tn\/fr\/#\/schema\/logo\/image\/"},"sameAs":["https:\/\/www.facebook.com\/webdotn","https:\/\/x.com\/webdo_tn"],"description":"Webdo est un m\u00e9dia num\u00e9rique tunisien fond\u00e9 en 2010, sp\u00e9cialis\u00e9 dans l\u2019actualit\u00e9 nationale et internationale, l\u2019\u00e9conomie, la soci\u00e9t\u00e9 et les analyses politiques. Le site s\u2019adresse \u00e0 un large public francophone et couvre l\u2019information tunisienne en temps r\u00e9el.","email":"redac@webdo.tn","legalName":"YNJ SARL","foundingDate":"2010-09-06","numberOfEmployees":{"@type":"QuantitativeValue","minValue":"11","maxValue":"50"}},{"@type":"Person","@id":"https:\/\/www.webdo.tn\/fr\/#\/schema\/person\/6bc0beba2cd23aec27cb5df85ca2554f","name":"Hatem Bourial","image":{"@type":"ImageObject","inLanguage":"fr-FR","@id":"https:\/\/www.webdo.tn\/fr\/wp-content\/uploads\/2026\/04\/hatem-bourial_avatar-96x96.jpg","url":"https:\/\/www.webdo.tn\/fr\/wp-content\/uploads\/2026\/04\/hatem-bourial_avatar-96x96.jpg","contentUrl":"https:\/\/www.webdo.tn\/fr\/wp-content\/uploads\/2026\/04\/hatem-bourial_avatar-96x96.jpg","caption":"Hatem Bourial"},"description":"Hatem Bourial est journaliste, \u00e9crivain et chroniqueur tunisien. Actif depuis plusieurs d\u00e9cennies, il s\u2019est impos\u00e9 comme un observateur attentif de la soci\u00e9t\u00e9 tunisienne, m\u00ealant dans ses \u00e9crits m\u00e9moire, culture et analyse du quotidien. Auteur de nombreux ouvrages, il d\u00e9veloppe une \u0153uvre \u00e0 la crois\u00e9e du r\u00e9cit, de la po\u00e9sie et de l\u2019observation sociologique. Parall\u00e8lement \u00e0 ses contributions dans la presse, il intervient r\u00e9guli\u00e8rement \u00e0 la radio et dans des espaces culturels, o\u00f9 il explore les enjeux li\u00e9s au patrimoine, \u00e0 l\u2019identit\u00e9 et aux transformations du monde contemporain. \u00c0 travers ses chroniques, Hatem Bourial propose une lecture sensible et approfondie de l\u2019actualit\u00e9, nourrie par une exp\u00e9rience journalistique et litt\u00e9raire reconnue. \ud83d\udd17 Facebook : https:\/\/www.facebook.com\/hatem.bourial.2025","sameAs":["https:\/\/www.facebook.com\/hatem.bourial.2025","https:\/\/fr.wikipedia.org\/wiki\/Fichier:Hatem_Bourial.jpg"],"knowsAbout":["Culture & patrimoine tunisien","Chronique soci\u00e9tale","Litt\u00e9rature & m\u00e9moire","Cin\u00e9ma & critique culturelle","Identit\u00e9 & mutations sociales"],"knowsLanguage":["Arabe","Fran\u00e7ais","Anglais","Italien","Polonais"],"jobTitle":"Journaliste, \u00e9crivain et chroniqueur culturel","worksFor":"Webdo","url":"https:\/\/www.webdo.tn\/fr\/actualite\/author\/hatem-bourial-2\/"}]}},"_links":{"self":[{"href":"https:\/\/www.webdo.tn\/fr\/wp-json\/wp\/v2\/posts\/186922","targetHints":{"allow":["GET"]}}],"collection":[{"href":"https:\/\/www.webdo.tn\/fr\/wp-json\/wp\/v2\/posts"}],"about":[{"href":"https:\/\/www.webdo.tn\/fr\/wp-json\/wp\/v2\/types\/post"}],"author":[{"embeddable":true,"href":"https:\/\/www.webdo.tn\/fr\/wp-json\/wp\/v2\/users\/3229"}],"replies":[{"embeddable":true,"href":"https:\/\/www.webdo.tn\/fr\/wp-json\/wp\/v2\/comments?post=186922"}],"version-history":[{"count":0,"href":"https:\/\/www.webdo.tn\/fr\/wp-json\/wp\/v2\/posts\/186922\/revisions"}],"wp:featuredmedia":[{"embeddable":true,"href":"https:\/\/www.webdo.tn\/fr\/wp-json\/wp\/v2\/media\/336358"}],"wp:attachment":[{"href":"https:\/\/www.webdo.tn\/fr\/wp-json\/wp\/v2\/media?parent=186922"}],"wp:term":[{"taxonomy":"category","embeddable":true,"href":"https:\/\/www.webdo.tn\/fr\/wp-json\/wp\/v2\/categories?post=186922"},{"taxonomy":"post_tag","embeddable":true,"href":"https:\/\/www.webdo.tn\/fr\/wp-json\/wp\/v2\/tags?post=186922"}],"curies":[{"name":"wp","href":"https:\/\/api.w.org\/{rel}","templated":true}]}}