{"id":186921,"date":"2015-10-06T11:50:00","date_gmt":"2015-10-06T11:50:00","guid":{"rendered":"https:\/\/www.webdo.tn\/fr\/blog\/daech-aux-portes-de-la-tunisie\/186921\/"},"modified":"2015-10-06T11:50:00","modified_gmt":"2015-10-06T11:50:00","slug":"daech-aux-portes-de-la-tunisie","status":"publish","type":"post","link":"https:\/\/www.webdo.tn\/fr\/actualite\/chroniques\/daech-aux-portes-de-la-tunisie\/186921\/","title":{"rendered":"Daech aux portes de la Tunisie ?"},"content":{"rendered":"<p>Comment mettre en doute la parole du magistrat supr\u00eame, du chef de l&rsquo;Etat en personne, lorsqu&rsquo;il affirme que Daech est aux portes de la Tunisie ?<\/p>\n<p>C&rsquo;est en effet le pr\u00e9sident de la R\u00e9publique tunisienne qui vient de d\u00e9clarer que Daech se rapprochait dangereusement de notre pays alors que ce groupe terroriste renforce son implantation en Libye, plus pr\u00e9cis\u00e9ment \u00e0 Sabratha, \u00e0 70 km des fronti\u00e8res de la Tunisie.<\/p>\n<p>P\u00e9ril imminent ou fleur de rh\u00e9torique ? L&rsquo;avertissement de B\u00e9ji Caid Essebsi n&rsquo;est-il que vaines paroles ou bien faudrait-il que nous sortions de notre l\u00e9thargie pour nous rendre compte de la r\u00e9alit\u00e9 du danger ?<\/p>\n<p>Un danger aux multiples visages car, dans le sud tunisien, du c\u00f4t\u00e9 de Ben Guerdane, takfiristes et contrebandiers r\u00e8gnent sur des fili\u00e8res qui poussent des jeunes Tunisiens dans les bras des jihadistes en Libye.<br \/>\nEntre centre mou et islamisme flou<br \/>\nSimultan\u00e9ment, ce n&rsquo;est plus un secret pour personne d\u00e9sormais que des cellules dormantes, profond\u00e9ment enfouies dans l&rsquo;anonymat, attendent la maturation des conditions objectives pour nous porter des coups. Cet ennemi int\u00e9rieur est toujours tapi, aux aguets, pr\u00eat \u00e0 nuire, harceler et d\u00e9truire.<\/p>\n<p>Cet ennemi int\u00e9rieur constitue le plus imminent des dangers et, d&rsquo;ailleurs, son existence justifiait il y a peu l&rsquo;instauration d&rsquo;un \u00e9tat d&rsquo;urgence qui vient &#8211; est-ce une erreur ? &#8211; d&rsquo;\u00eatre lev\u00e9.<\/p>\n<p>Dans ce contexte p\u00e9rilleux, parler des maquisards du Chaambi et du retour des jihadistes du front syrien ressemble fort \u00e0 une dissertation sur le sexe des anges&#8230;<\/p>\n<p>La Tunisie est en danger, en p\u00e9ril de guerre imminente. Toutefois, personne ne semble s&rsquo;en rendre compte, tout le monde pr\u00e9f\u00e8re ignorer la r\u00e9alit\u00e9 et parler d&rsquo;\u00e9lan r\u00e9volutionnaire. Pourtant, il suffirait de songer \u00e0 Jean Jaur\u00e8s qui affirmait: \u00ab\u00a0Pour aller \u00e0 l&rsquo;id\u00e9al, il faut d&rsquo;abord comprendre le r\u00e9el\u00a0\u00bb&#8230;<\/p>\n<p>Alors que notre gouvernement peine \u00e0 engager les r\u00e9formes \u00e0 cause des urgences qui s&rsquo;accumulent, il est temps de parler vrai au pays, comme vient de le faire B\u00e9ji Caid Essebsi !<\/p>\n<p>Peut-\u00eatre cela r\u00e9fr\u00e8nera-t-il quelques ardeurs et retrousser quelques manches ? Peut-\u00eatre cela fera-t-il cesser les gesticulations politicardes entre centre mou et islamisme flou ? Peut-\u00eatre cela servira-t-il de piq\u00fbre de rappel devant nos d\u00e9missions, la mesquinerie de nos buzz ou notre fr\u00e9n\u00e9sie de consommation ?<br \/>\n\u00ab\u00a0Daech ad portes\u00a0\u00bb<br \/>\nEn d&rsquo;autres temps, les Romains assi\u00e9g\u00e9s par les troupes de Carthage s&rsquo;exclamaient: \u00ab\u00a0Hannibal ad portes\u00a0\u00bb ! (\u00ab\u00a0Hannibal est \u00e0 nos portes\u00a0\u00bb). A notre tour de pousser le m\u00eame cri de ralliement face \u00e0 ceux qui ont d\u00e9j\u00e0 frapp\u00e9 plusieurs fois, ont fait plus de deux cents victimes et se sont rendus c\u00e9l\u00e8bres par leurs massacres, leurs ex\u00e9cutions sommaires et leur barbarie sans bornes qui continue \u00e0 faire reculer la fronti\u00e8re de l&rsquo;humanit\u00e9&#8230;<\/p>\n<p>\u00ab\u00a0Daech ad portes\u00a0\u00bb nous ass\u00e8ne le premier pr\u00e9sident bien \u00e9lu de notre jeune r\u00e9publique aujourd&rsquo;hui vis\u00e9e par les cheikhs esclavagistes et leurs laquais terroristes. \u00ab\u00a0Daech \u00e0 nos portes\u00a0\u00bb alors que l&rsquo;islam politique et la gauche m\u00e9dus\u00e9e continuent \u00e0 flirter avec le diable contre quelques deniers de Judas&#8230; \u00ab\u00a0Daech ad portes\u00a0\u00bb pour que cessent les impostures et se l\u00e8ve enfin la Tunisie, la vraie Tunisie. celle qui tourne le dos aux d\u00e9magogues, aux traitres, aux l\u00e2ches et aux valets des potentats du p\u00e9trole.<\/p>\n<p>Encore une fois, en mettant le doigt sur le p\u00e9ril qui nous guette, Beji Caid Essebsi nous met face \u00e0 nos responsabilit\u00e9s, nos d\u00e9bats \u00e9triqu\u00e9s sur la vengeance et la r\u00e9conciliation et nos fuites en avant qui font passer des vessies d\u00e9gonfl\u00e9es pour les lanternes du progr\u00e8s.<br \/>\nHatem Bourial<\/p>\n","protected":false},"excerpt":{"rendered":"<p>Daech aux portes de la Tunisie ?<\/p>\n","protected":false},"author":3229,"featured_media":336349,"comment_status":"open","ping_status":"closed","sticky":false,"template":"","format":"standard","meta":{"footnotes":""},"categories":[2596],"tags":[2600],"class_list":["post-186921","post","type-post","status-publish","format-standard","has-post-thumbnail","hentry","category-chroniques","tag-guerre"],"yoast_head":"<!-- This site is optimized with the Yoast SEO Premium plugin v27.5 (Yoast SEO v27.5) - https:\/\/yoast.com\/product\/yoast-seo-premium-wordpress\/ -->\n<title>Daech aux portes de la Tunisie ?<\/title>\n<meta name=\"description\" content=\"Daech aux portes de la Tunisie ?\" \/>\n<link rel=\"canonical\" href=\"https:\/\/www.webdo.tn\/fr\/actualite\/chroniques\/daech-aux-portes-de-la-tunisie\/186921\/\" \/>\n<meta property=\"og:locale\" content=\"fr_FR\" \/>\n<meta property=\"og:type\" content=\"article\" \/>\n<meta property=\"og:title\" content=\"Daech aux portes de la Tunisie ?\" \/>\n<meta property=\"og:description\" content=\"Daech aux portes de la Tunisie ?\" \/>\n<meta property=\"og:url\" content=\"https:\/\/www.webdo.tn\/fr\/actualite\/chroniques\/daech-aux-portes-de-la-tunisie\/186921\/\" \/>\n<meta property=\"og:site_name\" content=\"webdo\" \/>\n<meta property=\"article:publisher\" content=\"https:\/\/www.facebook.com\/webdotn\" \/>\n<meta property=\"article:author\" content=\"https:\/\/www.facebook.com\/hatem.bourial.2025\" \/>\n<meta property=\"article:published_time\" content=\"2015-10-06T11:50:00+00:00\" \/>\n<meta property=\"og:image\" content=\"https:\/\/www.webdo.tn\/fr\/wp-content\/uploads\/2015\/10\/djihadistes-P8-300x225-1.jpg\" \/>\n\t<meta property=\"og:image:width\" content=\"300\" \/>\n\t<meta property=\"og:image:height\" content=\"225\" \/>\n\t<meta property=\"og:image:type\" content=\"image\/jpeg\" \/>\n<meta name=\"author\" content=\"Hatem Bourial\" \/>\n<meta name=\"twitter:card\" content=\"summary_large_image\" \/>\n<meta name=\"twitter:creator\" content=\"@webdo_tn\" \/>\n<meta name=\"twitter:site\" content=\"@webdo_tn\" \/>\n<meta name=\"twitter:label1\" content=\"\u00c9crit par\" \/>\n\t<meta name=\"twitter:data1\" content=\"Hatem Bourial\" \/>\n\t<meta name=\"twitter:label2\" content=\"Dur\u00e9e de lecture estim\u00e9e\" \/>\n\t<meta name=\"twitter:data2\" content=\"3 minutes\" \/>\n<script type=\"application\/ld+json\" class=\"yoast-schema-graph\">{\"@context\":\"https:\\\/\\\/schema.org\",\"@graph\":[{\"@type\":\"NewsArticle\",\"@id\":\"https:\\\/\\\/www.webdo.tn\\\/fr\\\/actualite\\\/chroniques\\\/daech-aux-portes-de-la-tunisie\\\/186921\\\/#article\",\"isPartOf\":{\"@id\":\"https:\\\/\\\/www.webdo.tn\\\/fr\\\/actualite\\\/chroniques\\\/daech-aux-portes-de-la-tunisie\\\/186921\\\/\"},\"author\":{\"name\":\"Hatem Bourial\",\"@id\":\"https:\\\/\\\/www.webdo.tn\\\/fr\\\/#\\\/schema\\\/person\\\/6bc0beba2cd23aec27cb5df85ca2554f\"},\"headline\":\"Daech aux portes de la Tunisie ?\",\"datePublished\":\"2015-10-06T11:50:00+00:00\",\"mainEntityOfPage\":{\"@id\":\"https:\\\/\\\/www.webdo.tn\\\/fr\\\/actualite\\\/chroniques\\\/daech-aux-portes-de-la-tunisie\\\/186921\\\/\"},\"wordCount\":648,\"commentCount\":0,\"publisher\":{\"@id\":\"https:\\\/\\\/www.webdo.tn\\\/fr\\\/#organization\"},\"image\":{\"@id\":\"https:\\\/\\\/www.webdo.tn\\\/fr\\\/actualite\\\/chroniques\\\/daech-aux-portes-de-la-tunisie\\\/186921\\\/#primaryimage\"},\"thumbnailUrl\":\"https:\\\/\\\/www.webdo.tn\\\/fr\\\/wp-content\\\/uploads\\\/2015\\\/10\\\/djihadistes-P8-300x225-1.jpg\",\"keywords\":[\"guerre\"],\"articleSection\":[\"Chroniques\"],\"inLanguage\":\"fr-FR\"},{\"@type\":\"WebPage\",\"@id\":\"https:\\\/\\\/www.webdo.tn\\\/fr\\\/actualite\\\/chroniques\\\/daech-aux-portes-de-la-tunisie\\\/186921\\\/\",\"url\":\"https:\\\/\\\/www.webdo.tn\\\/fr\\\/actualite\\\/chroniques\\\/daech-aux-portes-de-la-tunisie\\\/186921\\\/\",\"name\":\"Daech aux portes de la Tunisie ?\",\"isPartOf\":{\"@id\":\"https:\\\/\\\/www.webdo.tn\\\/fr\\\/#website\"},\"primaryImageOfPage\":{\"@id\":\"https:\\\/\\\/www.webdo.tn\\\/fr\\\/actualite\\\/chroniques\\\/daech-aux-portes-de-la-tunisie\\\/186921\\\/#primaryimage\"},\"image\":{\"@id\":\"https:\\\/\\\/www.webdo.tn\\\/fr\\\/actualite\\\/chroniques\\\/daech-aux-portes-de-la-tunisie\\\/186921\\\/#primaryimage\"},\"thumbnailUrl\":\"https:\\\/\\\/www.webdo.tn\\\/fr\\\/wp-content\\\/uploads\\\/2015\\\/10\\\/djihadistes-P8-300x225-1.jpg\",\"datePublished\":\"2015-10-06T11:50:00+00:00\",\"description\":\"Daech aux portes de la Tunisie ?\",\"breadcrumb\":{\"@id\":\"https:\\\/\\\/www.webdo.tn\\\/fr\\\/actualite\\\/chroniques\\\/daech-aux-portes-de-la-tunisie\\\/186921\\\/#breadcrumb\"},\"inLanguage\":\"fr-FR\",\"potentialAction\":[{\"@type\":\"ReadAction\",\"target\":[\"https:\\\/\\\/www.webdo.tn\\\/fr\\\/actualite\\\/chroniques\\\/daech-aux-portes-de-la-tunisie\\\/186921\\\/\"]}]},{\"@type\":\"ImageObject\",\"inLanguage\":\"fr-FR\",\"@id\":\"https:\\\/\\\/www.webdo.tn\\\/fr\\\/actualite\\\/chroniques\\\/daech-aux-portes-de-la-tunisie\\\/186921\\\/#primaryimage\",\"url\":\"https:\\\/\\\/www.webdo.tn\\\/fr\\\/wp-content\\\/uploads\\\/2015\\\/10\\\/djihadistes-P8-300x225-1.jpg\",\"contentUrl\":\"https:\\\/\\\/www.webdo.tn\\\/fr\\\/wp-content\\\/uploads\\\/2015\\\/10\\\/djihadistes-P8-300x225-1.jpg\",\"width\":300,\"height\":225,\"caption\":\"Daech aux portes de la Tunisie ?\"},{\"@type\":\"BreadcrumbList\",\"@id\":\"https:\\\/\\\/www.webdo.tn\\\/fr\\\/actualite\\\/chroniques\\\/daech-aux-portes-de-la-tunisie\\\/186921\\\/#breadcrumb\",\"itemListElement\":[{\"@type\":\"ListItem\",\"position\":1,\"name\":\"Accueil\",\"item\":\"https:\\\/\\\/www.webdo.tn\\\/fr\\\/\"},{\"@type\":\"ListItem\",\"position\":2,\"name\":\"Daech aux portes de la Tunisie ?\"}]},{\"@type\":\"WebSite\",\"@id\":\"https:\\\/\\\/www.webdo.tn\\\/fr\\\/#website\",\"url\":\"https:\\\/\\\/www.webdo.tn\\\/fr\\\/\",\"name\":\"webdo\",\"description\":\"Tunisie - News en Tunisie et \u00e0 l&#039;international sur Webdo.tn\",\"publisher\":{\"@id\":\"https:\\\/\\\/www.webdo.tn\\\/fr\\\/#organization\"},\"potentialAction\":[{\"@type\":\"SearchAction\",\"target\":{\"@type\":\"EntryPoint\",\"urlTemplate\":\"https:\\\/\\\/www.webdo.tn\\\/fr\\\/?s={search_term_string}\"},\"query-input\":{\"@type\":\"PropertyValueSpecification\",\"valueRequired\":true,\"valueName\":\"search_term_string\"}}],\"inLanguage\":\"fr-FR\"},{\"@type\":\"Organization\",\"@id\":\"https:\\\/\\\/www.webdo.tn\\\/fr\\\/#organization\",\"name\":\"Webdo\",\"alternateName\":\"Webdo.tn\",\"url\":\"https:\\\/\\\/www.webdo.tn\\\/fr\\\/\",\"logo\":{\"@type\":\"ImageObject\",\"inLanguage\":\"fr-FR\",\"@id\":\"https:\\\/\\\/www.webdo.tn\\\/fr\\\/#\\\/schema\\\/logo\\\/image\\\/\",\"url\":\"https:\\\/\\\/www.webdo.tn\\\/fr\\\/wp-content\\\/uploads\\\/2025\\\/06\\\/Webdo-Tunisie_168377.jpg\",\"contentUrl\":\"https:\\\/\\\/www.webdo.tn\\\/fr\\\/wp-content\\\/uploads\\\/2025\\\/06\\\/Webdo-Tunisie_168377.jpg\",\"width\":301,\"height\":301,\"caption\":\"Webdo\"},\"image\":{\"@id\":\"https:\\\/\\\/www.webdo.tn\\\/fr\\\/#\\\/schema\\\/logo\\\/image\\\/\"},\"sameAs\":[\"https:\\\/\\\/www.facebook.com\\\/webdotn\",\"https:\\\/\\\/x.com\\\/webdo_tn\"],\"description\":\"Webdo est un m\u00e9dia num\u00e9rique tunisien fond\u00e9 en 2010, sp\u00e9cialis\u00e9 dans l\u2019actualit\u00e9 nationale et internationale, l\u2019\u00e9conomie, la soci\u00e9t\u00e9 et les analyses politiques. Le site s\u2019adresse \u00e0 un large public francophone et couvre l\u2019information tunisienne en temps r\u00e9el.\",\"email\":\"redac@webdo.tn\",\"legalName\":\"YNJ SARL\",\"foundingDate\":\"2010-09-06\",\"numberOfEmployees\":{\"@type\":\"QuantitativeValue\",\"minValue\":\"11\",\"maxValue\":\"50\"}},{\"@type\":\"Person\",\"@id\":\"https:\\\/\\\/www.webdo.tn\\\/fr\\\/#\\\/schema\\\/person\\\/6bc0beba2cd23aec27cb5df85ca2554f\",\"name\":\"Hatem Bourial\",\"image\":{\"@type\":\"ImageObject\",\"inLanguage\":\"fr-FR\",\"@id\":\"https:\\\/\\\/www.webdo.tn\\\/fr\\\/wp-content\\\/uploads\\\/2026\\\/04\\\/hatem-bourial_avatar-96x96.jpg\",\"url\":\"https:\\\/\\\/www.webdo.tn\\\/fr\\\/wp-content\\\/uploads\\\/2026\\\/04\\\/hatem-bourial_avatar-96x96.jpg\",\"contentUrl\":\"https:\\\/\\\/www.webdo.tn\\\/fr\\\/wp-content\\\/uploads\\\/2026\\\/04\\\/hatem-bourial_avatar-96x96.jpg\",\"caption\":\"Hatem Bourial\"},\"description\":\"Hatem Bourial est journaliste, \u00e9crivain et chroniqueur tunisien. Actif depuis plusieurs d\u00e9cennies, il s\u2019est impos\u00e9 comme un observateur attentif de la soci\u00e9t\u00e9 tunisienne, m\u00ealant dans ses \u00e9crits m\u00e9moire, culture et analyse du quotidien. Auteur de nombreux ouvrages, il d\u00e9veloppe une \u0153uvre \u00e0 la crois\u00e9e du r\u00e9cit, de la po\u00e9sie et de l\u2019observation sociologique. Parall\u00e8lement \u00e0 ses contributions dans la presse, il intervient r\u00e9guli\u00e8rement \u00e0 la radio et dans des espaces culturels, o\u00f9 il explore les enjeux li\u00e9s au patrimoine, \u00e0 l\u2019identit\u00e9 et aux transformations du monde contemporain. \u00c0 travers ses chroniques, Hatem Bourial propose une lecture sensible et approfondie de l\u2019actualit\u00e9, nourrie par une exp\u00e9rience journalistique et litt\u00e9raire reconnue. \ud83d\udd17 Facebook : https:\\\/\\\/www.facebook.com\\\/hatem.bourial.2025\",\"sameAs\":[\"https:\\\/\\\/www.facebook.com\\\/hatem.bourial.2025\",\"https:\\\/\\\/fr.wikipedia.org\\\/wiki\\\/Fichier:Hatem_Bourial.jpg\"],\"knowsAbout\":[\"Culture & patrimoine tunisien\",\"Chronique soci\u00e9tale\",\"Litt\u00e9rature & m\u00e9moire\",\"Cin\u00e9ma & critique culturelle\",\"Identit\u00e9 & mutations sociales\"],\"knowsLanguage\":[\"Arabe\",\"Fran\u00e7ais\",\"Anglais\",\"Italien\",\"Polonais\"],\"jobTitle\":\"Journaliste, \u00e9crivain et chroniqueur culturel\",\"worksFor\":\"Webdo\",\"url\":\"https:\\\/\\\/www.webdo.tn\\\/fr\\\/actualite\\\/author\\\/hatem-bourial-2\\\/\"}]}<\/script>\n<!-- \/ Yoast SEO Premium plugin. -->","yoast_head_json":{"title":"Daech aux portes de la Tunisie ?","description":"Daech aux portes de la Tunisie ?","canonical":"https:\/\/www.webdo.tn\/fr\/actualite\/chroniques\/daech-aux-portes-de-la-tunisie\/186921\/","og_locale":"fr_FR","og_type":"article","og_title":"Daech aux portes de la Tunisie ?","og_description":"Daech aux portes de la Tunisie ?","og_url":"https:\/\/www.webdo.tn\/fr\/actualite\/chroniques\/daech-aux-portes-de-la-tunisie\/186921\/","og_site_name":"webdo","article_publisher":"https:\/\/www.facebook.com\/webdotn","article_author":"https:\/\/www.facebook.com\/hatem.bourial.2025","article_published_time":"2015-10-06T11:50:00+00:00","og_image":[{"width":300,"height":225,"url":"https:\/\/www.webdo.tn\/fr\/wp-content\/uploads\/2015\/10\/djihadistes-P8-300x225-1.jpg","type":"image\/jpeg"}],"author":"Hatem Bourial","twitter_card":"summary_large_image","twitter_creator":"@webdo_tn","twitter_site":"@webdo_tn","twitter_misc":{"\u00c9crit par":"Hatem Bourial","Dur\u00e9e de lecture estim\u00e9e":"3 minutes"},"schema":{"@context":"https:\/\/schema.org","@graph":[{"@type":"NewsArticle","@id":"https:\/\/www.webdo.tn\/fr\/actualite\/chroniques\/daech-aux-portes-de-la-tunisie\/186921\/#article","isPartOf":{"@id":"https:\/\/www.webdo.tn\/fr\/actualite\/chroniques\/daech-aux-portes-de-la-tunisie\/186921\/"},"author":{"name":"Hatem Bourial","@id":"https:\/\/www.webdo.tn\/fr\/#\/schema\/person\/6bc0beba2cd23aec27cb5df85ca2554f"},"headline":"Daech aux portes de la Tunisie ?","datePublished":"2015-10-06T11:50:00+00:00","mainEntityOfPage":{"@id":"https:\/\/www.webdo.tn\/fr\/actualite\/chroniques\/daech-aux-portes-de-la-tunisie\/186921\/"},"wordCount":648,"commentCount":0,"publisher":{"@id":"https:\/\/www.webdo.tn\/fr\/#organization"},"image":{"@id":"https:\/\/www.webdo.tn\/fr\/actualite\/chroniques\/daech-aux-portes-de-la-tunisie\/186921\/#primaryimage"},"thumbnailUrl":"https:\/\/www.webdo.tn\/fr\/wp-content\/uploads\/2015\/10\/djihadistes-P8-300x225-1.jpg","keywords":["guerre"],"articleSection":["Chroniques"],"inLanguage":"fr-FR"},{"@type":"WebPage","@id":"https:\/\/www.webdo.tn\/fr\/actualite\/chroniques\/daech-aux-portes-de-la-tunisie\/186921\/","url":"https:\/\/www.webdo.tn\/fr\/actualite\/chroniques\/daech-aux-portes-de-la-tunisie\/186921\/","name":"Daech aux portes de la Tunisie ?","isPartOf":{"@id":"https:\/\/www.webdo.tn\/fr\/#website"},"primaryImageOfPage":{"@id":"https:\/\/www.webdo.tn\/fr\/actualite\/chroniques\/daech-aux-portes-de-la-tunisie\/186921\/#primaryimage"},"image":{"@id":"https:\/\/www.webdo.tn\/fr\/actualite\/chroniques\/daech-aux-portes-de-la-tunisie\/186921\/#primaryimage"},"thumbnailUrl":"https:\/\/www.webdo.tn\/fr\/wp-content\/uploads\/2015\/10\/djihadistes-P8-300x225-1.jpg","datePublished":"2015-10-06T11:50:00+00:00","description":"Daech aux portes de la Tunisie ?","breadcrumb":{"@id":"https:\/\/www.webdo.tn\/fr\/actualite\/chroniques\/daech-aux-portes-de-la-tunisie\/186921\/#breadcrumb"},"inLanguage":"fr-FR","potentialAction":[{"@type":"ReadAction","target":["https:\/\/www.webdo.tn\/fr\/actualite\/chroniques\/daech-aux-portes-de-la-tunisie\/186921\/"]}]},{"@type":"ImageObject","inLanguage":"fr-FR","@id":"https:\/\/www.webdo.tn\/fr\/actualite\/chroniques\/daech-aux-portes-de-la-tunisie\/186921\/#primaryimage","url":"https:\/\/www.webdo.tn\/fr\/wp-content\/uploads\/2015\/10\/djihadistes-P8-300x225-1.jpg","contentUrl":"https:\/\/www.webdo.tn\/fr\/wp-content\/uploads\/2015\/10\/djihadistes-P8-300x225-1.jpg","width":300,"height":225,"caption":"Daech aux portes de la Tunisie ?"},{"@type":"BreadcrumbList","@id":"https:\/\/www.webdo.tn\/fr\/actualite\/chroniques\/daech-aux-portes-de-la-tunisie\/186921\/#breadcrumb","itemListElement":[{"@type":"ListItem","position":1,"name":"Accueil","item":"https:\/\/www.webdo.tn\/fr\/"},{"@type":"ListItem","position":2,"name":"Daech aux portes de la Tunisie ?"}]},{"@type":"WebSite","@id":"https:\/\/www.webdo.tn\/fr\/#website","url":"https:\/\/www.webdo.tn\/fr\/","name":"webdo","description":"Tunisie - News en Tunisie et \u00e0 l&#039;international sur Webdo.tn","publisher":{"@id":"https:\/\/www.webdo.tn\/fr\/#organization"},"potentialAction":[{"@type":"SearchAction","target":{"@type":"EntryPoint","urlTemplate":"https:\/\/www.webdo.tn\/fr\/?s={search_term_string}"},"query-input":{"@type":"PropertyValueSpecification","valueRequired":true,"valueName":"search_term_string"}}],"inLanguage":"fr-FR"},{"@type":"Organization","@id":"https:\/\/www.webdo.tn\/fr\/#organization","name":"Webdo","alternateName":"Webdo.tn","url":"https:\/\/www.webdo.tn\/fr\/","logo":{"@type":"ImageObject","inLanguage":"fr-FR","@id":"https:\/\/www.webdo.tn\/fr\/#\/schema\/logo\/image\/","url":"https:\/\/www.webdo.tn\/fr\/wp-content\/uploads\/2025\/06\/Webdo-Tunisie_168377.jpg","contentUrl":"https:\/\/www.webdo.tn\/fr\/wp-content\/uploads\/2025\/06\/Webdo-Tunisie_168377.jpg","width":301,"height":301,"caption":"Webdo"},"image":{"@id":"https:\/\/www.webdo.tn\/fr\/#\/schema\/logo\/image\/"},"sameAs":["https:\/\/www.facebook.com\/webdotn","https:\/\/x.com\/webdo_tn"],"description":"Webdo est un m\u00e9dia num\u00e9rique tunisien fond\u00e9 en 2010, sp\u00e9cialis\u00e9 dans l\u2019actualit\u00e9 nationale et internationale, l\u2019\u00e9conomie, la soci\u00e9t\u00e9 et les analyses politiques. Le site s\u2019adresse \u00e0 un large public francophone et couvre l\u2019information tunisienne en temps r\u00e9el.","email":"redac@webdo.tn","legalName":"YNJ SARL","foundingDate":"2010-09-06","numberOfEmployees":{"@type":"QuantitativeValue","minValue":"11","maxValue":"50"}},{"@type":"Person","@id":"https:\/\/www.webdo.tn\/fr\/#\/schema\/person\/6bc0beba2cd23aec27cb5df85ca2554f","name":"Hatem Bourial","image":{"@type":"ImageObject","inLanguage":"fr-FR","@id":"https:\/\/www.webdo.tn\/fr\/wp-content\/uploads\/2026\/04\/hatem-bourial_avatar-96x96.jpg","url":"https:\/\/www.webdo.tn\/fr\/wp-content\/uploads\/2026\/04\/hatem-bourial_avatar-96x96.jpg","contentUrl":"https:\/\/www.webdo.tn\/fr\/wp-content\/uploads\/2026\/04\/hatem-bourial_avatar-96x96.jpg","caption":"Hatem Bourial"},"description":"Hatem Bourial est journaliste, \u00e9crivain et chroniqueur tunisien. Actif depuis plusieurs d\u00e9cennies, il s\u2019est impos\u00e9 comme un observateur attentif de la soci\u00e9t\u00e9 tunisienne, m\u00ealant dans ses \u00e9crits m\u00e9moire, culture et analyse du quotidien. Auteur de nombreux ouvrages, il d\u00e9veloppe une \u0153uvre \u00e0 la crois\u00e9e du r\u00e9cit, de la po\u00e9sie et de l\u2019observation sociologique. Parall\u00e8lement \u00e0 ses contributions dans la presse, il intervient r\u00e9guli\u00e8rement \u00e0 la radio et dans des espaces culturels, o\u00f9 il explore les enjeux li\u00e9s au patrimoine, \u00e0 l\u2019identit\u00e9 et aux transformations du monde contemporain. \u00c0 travers ses chroniques, Hatem Bourial propose une lecture sensible et approfondie de l\u2019actualit\u00e9, nourrie par une exp\u00e9rience journalistique et litt\u00e9raire reconnue. \ud83d\udd17 Facebook : https:\/\/www.facebook.com\/hatem.bourial.2025","sameAs":["https:\/\/www.facebook.com\/hatem.bourial.2025","https:\/\/fr.wikipedia.org\/wiki\/Fichier:Hatem_Bourial.jpg"],"knowsAbout":["Culture & patrimoine tunisien","Chronique soci\u00e9tale","Litt\u00e9rature & m\u00e9moire","Cin\u00e9ma & critique culturelle","Identit\u00e9 & mutations sociales"],"knowsLanguage":["Arabe","Fran\u00e7ais","Anglais","Italien","Polonais"],"jobTitle":"Journaliste, \u00e9crivain et chroniqueur culturel","worksFor":"Webdo","url":"https:\/\/www.webdo.tn\/fr\/actualite\/author\/hatem-bourial-2\/"}]}},"_links":{"self":[{"href":"https:\/\/www.webdo.tn\/fr\/wp-json\/wp\/v2\/posts\/186921","targetHints":{"allow":["GET"]}}],"collection":[{"href":"https:\/\/www.webdo.tn\/fr\/wp-json\/wp\/v2\/posts"}],"about":[{"href":"https:\/\/www.webdo.tn\/fr\/wp-json\/wp\/v2\/types\/post"}],"author":[{"embeddable":true,"href":"https:\/\/www.webdo.tn\/fr\/wp-json\/wp\/v2\/users\/3229"}],"replies":[{"embeddable":true,"href":"https:\/\/www.webdo.tn\/fr\/wp-json\/wp\/v2\/comments?post=186921"}],"version-history":[{"count":0,"href":"https:\/\/www.webdo.tn\/fr\/wp-json\/wp\/v2\/posts\/186921\/revisions"}],"wp:featuredmedia":[{"embeddable":true,"href":"https:\/\/www.webdo.tn\/fr\/wp-json\/wp\/v2\/media\/336349"}],"wp:attachment":[{"href":"https:\/\/www.webdo.tn\/fr\/wp-json\/wp\/v2\/media?parent=186921"}],"wp:term":[{"taxonomy":"category","embeddable":true,"href":"https:\/\/www.webdo.tn\/fr\/wp-json\/wp\/v2\/categories?post=186921"},{"taxonomy":"post_tag","embeddable":true,"href":"https:\/\/www.webdo.tn\/fr\/wp-json\/wp\/v2\/tags?post=186921"}],"curies":[{"name":"wp","href":"https:\/\/api.w.org\/{rel}","templated":true}]}}