{"id":186918,"date":"2015-09-29T11:53:00","date_gmt":"2015-09-29T11:53:00","guid":{"rendered":"https:\/\/www.webdo.tn\/fr\/blog\/lois-scelerates-racisme-anti-arabe-et-hospitalite-tunisienne\/186918\/"},"modified":"2015-09-29T11:53:00","modified_gmt":"2015-09-29T11:53:00","slug":"lois-scelerates-racisme-anti-arabe-et-hospitalite-tunisienne","status":"publish","type":"post","link":"https:\/\/www.webdo.tn\/fr\/actualite\/chroniques\/lois-scelerates-racisme-anti-arabe-et-hospitalite-tunisienne\/186918\/","title":{"rendered":"Lois sc\u00e9l\u00e9rates, racisme anti-arabe et hospitalit\u00e9 tunisienne"},"content":{"rendered":"<p>Dans la Tunisie de B\u00e9ji Caid Essebsi et de Rached Ghanouchi, vice-pr\u00e9sident en puissance d&rsquo;une r\u00e9publique boiteuse, on emprisonne les jeunes parce qu&rsquo;ils transportent des canettes de bi\u00e8re dans la malle de leur voiture et on vire les gens du restaurant car ils pourraient d\u00e9shonorer leur religion en buvant un coup en catimini dans l&rsquo;espace public devenu nahdhaoui malgr\u00e9 lui&#8230;<br \/>\nUn Tunisien local, un autre binational et son \u00e9pouse europ\u00e9enne<br \/>\nJe voudrais vous raconter la sc\u00e8ne de racisme banal, stupide et ordinaire dont a \u00e9t\u00e9 la victime un mien ami qui eut la malencontreuse id\u00e9e d&rsquo;inviter un couple mixte \u00e0 d\u00e9jeuner le deuxi\u00e8me jour de l&rsquo;aid.Les faits se sont d\u00e9roul\u00e9s autour de 14h sur la terrasse d&rsquo;un restaurant hupp\u00e9 de Gammarth, le seul qui \u00e9tait ouvert en ce jour f\u00e9ri\u00e9.<\/p>\n<p>En effet, c&rsquo;est en d\u00e9sespoir de cause, apr\u00e8s avoir essay\u00e9 La Goulette, Carthage et la Marsa, que le trio victime de cette m\u00e9saventure s&rsquo;est retrouv\u00e9 \u00e0 Gammarth, dans un lieu plut\u00f4t cher, plut\u00f4t chic et tout \u00e0 fait r\u00e9put\u00e9. C&rsquo;est au t\u00e9l\u00e9phone que le dit resto a \u00e9t\u00e9 rep\u00e9r\u00e9. La r\u00e9servation faite, les trois amis se sont dirig\u00e9s vers cette terrasse qui promettait d&rsquo;\u00eatre ombrag\u00e9e, par cette belle matin\u00e9e du vendredi.<\/p>\n<p>Le trio se composait d&rsquo;un Tunisien \u00ab\u00a0local\u00a0\u00bb, d&rsquo;un Tunisien binational et de son \u00e9pouse europ\u00e9enne. D\u00e8s l&rsquo;arriv\u00e9e au restaurant, le ma\u00eetre d&rsquo;h\u00f4tel a accueilli le trio d&rsquo;un sec \u00ab\u00a0Nous ne servons pas d&rsquo;alcool\u00a0\u00bb. Une affirmation plut\u00f4t mensong\u00e8re car plusieurs tables \u00e9taient garnies de seaux \u00e0 glace avec leurs bouteilles de vin blanc. Mais passons&#8230;<br \/>\n\u00ab\u00a0A la rigueur, prenez des tables s\u00e9par\u00e9es\u00a0\u00bb!<br \/>\nLe trio s&rsquo;installa. La carte fut pr\u00e9sent\u00e9e. La commande presque pass\u00e9e mais l&rsquo;incident n&rsquo;allait pas tarder.<br \/>\nEn effet, la dame demanda du vin. Le commis lui r\u00e9pondit tout de go: \u00ab\u00a0Je peux \u00e0 la grande rigueur vous donner un demi\u00a0\u00bb (sic).<\/p>\n<p>Etrange ! Le commis se lan\u00e7a dans une explication abracadabrantesque et alla m\u00eame jusqu&rsquo;\u00e0 dire qu&rsquo;il servirait du vin si la dame restait seule \u00e0 table et que ses compagnons allaient s&rsquo;asseoir \u00e0 c\u00f4t\u00e9, autour d&rsquo;une autre table !<br \/>\nLe trio demanda le registre de r\u00e9clamations pour consigner l&rsquo;incident. Les responsables furent incapables de trouver le registre qui, dirent-ils, \u00e9tait dans le bureau ferm\u00e9 du patron.<\/p>\n<p>Le ma\u00eetre d&rsquo;h\u00f4tel invoqua la loi qui interdit de servir du vin aux \u00ab\u00a0arabes\u00a0\u00bb les jours f\u00e9ri\u00e9s. Les \u00ab\u00a0arabes\u00a0\u00bb r\u00e9pliqu\u00e8rent qu&rsquo;ils ne comptaient pas boire et demand\u00e8rent pourquoi les gens buvaient \u00e0 table. On leur r\u00e9pondit qu&rsquo;ils \u00e9taient \u00e9trangers, ce qui ne se voyait pas sur leurs visages, \u00e0 condition de servir les gens \u00e0 la gueule.<br \/>\nLa schizophr\u00e9nie se porte bien, merci&#8230;<br \/>\nBref, on en vint presque aux mots mais on resta poli et le trio quitta le restaurant d\u00e9pit\u00e9 et horrifi\u00e9 par cette hospitalit\u00e9 tunisienne et par ces lois sc\u00e9l\u00e9rates qui \u00e9crasent les locaux et les humilient \u00e0 tout bout de champ.<br \/>\nIls en furent quitte pour leurs sous car ils atterrirent au Saf Saf et leur d\u00e9jeuner, sandwiches et chips, ne leur co\u00fbta qu&rsquo;une douzaine de dinars.<\/p>\n<p>Au del\u00e0, ils se souviendront tous les trois du racisme ordinaire et de l&rsquo;islamisation fanatique et feutr\u00e9e qui guette une Tunisie qui se vautre dans l&rsquo;hypocrisie et la schizophr\u00e9nie les plus \u00e9l\u00e9mentaires. En effet, il n&rsquo;aura \u00e9chapp\u00e9 \u00e0 personne que la veille de l&rsquo;Aid, tout un pays faisait la queue pour acheter le vin et la bi\u00e8re n\u00e9cessaires \u00e0 la f\u00eate de l&rsquo;Aid. Puis, le lendemain, on vire les gens d&rsquo;un restaurant touristique \u00e0 cause de leur \u00ab\u00a0gueule d&rsquo;arabe\u00a0\u00bb&#8230;<br \/>\nDe quoi rire et pleurer \u00e0 la fois&#8230;<br \/>\nHatem Bourial<\/p>\n","protected":false},"excerpt":{"rendered":"<p>Lois sc\u00e9l\u00e9rates, racisme anti-arabe et hospitalit\u00e9 tunisienne<\/p>\n","protected":false},"author":3229,"featured_media":329457,"comment_status":"open","ping_status":"closed","sticky":false,"template":"","format":"standard","meta":{"footnotes":""},"categories":[2596],"tags":[2600],"class_list":["post-186918","post","type-post","status-publish","format-standard","has-post-thumbnail","hentry","category-chroniques","tag-guerre"],"yoast_head":"<!-- This site is optimized with the Yoast SEO Premium plugin v27.5 (Yoast SEO v27.5) - https:\/\/yoast.com\/product\/yoast-seo-premium-wordpress\/ -->\n<title>Lois sc\u00e9l\u00e9rates, racisme anti-arabe et hospitalit\u00e9 tunisienne<\/title>\n<meta name=\"description\" content=\"Lois sc\u00e9l\u00e9rates, racisme anti-arabe et hospitalit\u00e9 tunisienne\" \/>\n<link rel=\"canonical\" href=\"https:\/\/www.webdo.tn\/fr\/actualite\/chroniques\/lois-scelerates-racisme-anti-arabe-et-hospitalite-tunisienne\/186918\/\" \/>\n<meta property=\"og:locale\" content=\"fr_FR\" \/>\n<meta property=\"og:type\" content=\"article\" \/>\n<meta property=\"og:title\" content=\"Lois sc\u00e9l\u00e9rates, racisme anti-arabe et hospitalit\u00e9 tunisienne\" \/>\n<meta property=\"og:description\" content=\"Lois sc\u00e9l\u00e9rates, racisme anti-arabe et hospitalit\u00e9 tunisienne\" \/>\n<meta property=\"og:url\" content=\"https:\/\/www.webdo.tn\/fr\/actualite\/chroniques\/lois-scelerates-racisme-anti-arabe-et-hospitalite-tunisienne\/186918\/\" \/>\n<meta property=\"og:site_name\" content=\"webdo\" \/>\n<meta property=\"article:publisher\" content=\"https:\/\/www.facebook.com\/webdotn\" \/>\n<meta property=\"article:author\" content=\"https:\/\/www.facebook.com\/hatem.bourial.2025\" \/>\n<meta property=\"article:published_time\" content=\"2015-09-29T11:53:00+00:00\" \/>\n<meta property=\"og:image\" content=\"https:\/\/www.webdo.tn\/fr\/wp-content\/uploads\/2015\/09\/tumblr_nsd7bwE3nZ1tmkg22o1_500-300x229-1.jpg\" \/>\n\t<meta property=\"og:image:width\" content=\"300\" \/>\n\t<meta property=\"og:image:height\" content=\"229\" \/>\n\t<meta property=\"og:image:type\" content=\"image\/jpeg\" \/>\n<meta name=\"author\" content=\"Hatem Bourial\" \/>\n<meta name=\"twitter:card\" content=\"summary_large_image\" \/>\n<meta name=\"twitter:creator\" content=\"@webdo_tn\" \/>\n<meta name=\"twitter:site\" content=\"@webdo_tn\" \/>\n<meta name=\"twitter:label1\" content=\"\u00c9crit par\" \/>\n\t<meta name=\"twitter:data1\" content=\"Hatem Bourial\" \/>\n\t<meta name=\"twitter:label2\" content=\"Dur\u00e9e de lecture estim\u00e9e\" \/>\n\t<meta name=\"twitter:data2\" content=\"3 minutes\" \/>\n<script type=\"application\/ld+json\" class=\"yoast-schema-graph\">{\"@context\":\"https:\\\/\\\/schema.org\",\"@graph\":[{\"@type\":\"NewsArticle\",\"@id\":\"https:\\\/\\\/www.webdo.tn\\\/fr\\\/actualite\\\/chroniques\\\/lois-scelerates-racisme-anti-arabe-et-hospitalite-tunisienne\\\/186918\\\/#article\",\"isPartOf\":{\"@id\":\"https:\\\/\\\/www.webdo.tn\\\/fr\\\/actualite\\\/chroniques\\\/lois-scelerates-racisme-anti-arabe-et-hospitalite-tunisienne\\\/186918\\\/\"},\"author\":{\"name\":\"Hatem Bourial\",\"@id\":\"https:\\\/\\\/www.webdo.tn\\\/fr\\\/#\\\/schema\\\/person\\\/6bc0beba2cd23aec27cb5df85ca2554f\"},\"headline\":\"Lois sc\u00e9l\u00e9rates, racisme anti-arabe et hospitalit\u00e9 tunisienne\",\"datePublished\":\"2015-09-29T11:53:00+00:00\",\"mainEntityOfPage\":{\"@id\":\"https:\\\/\\\/www.webdo.tn\\\/fr\\\/actualite\\\/chroniques\\\/lois-scelerates-racisme-anti-arabe-et-hospitalite-tunisienne\\\/186918\\\/\"},\"wordCount\":678,\"commentCount\":0,\"publisher\":{\"@id\":\"https:\\\/\\\/www.webdo.tn\\\/fr\\\/#organization\"},\"image\":{\"@id\":\"https:\\\/\\\/www.webdo.tn\\\/fr\\\/actualite\\\/chroniques\\\/lois-scelerates-racisme-anti-arabe-et-hospitalite-tunisienne\\\/186918\\\/#primaryimage\"},\"thumbnailUrl\":\"https:\\\/\\\/www.webdo.tn\\\/fr\\\/wp-content\\\/uploads\\\/2015\\\/09\\\/tumblr_nsd7bwE3nZ1tmkg22o1_500-300x229-1.jpg\",\"keywords\":[\"guerre\"],\"articleSection\":[\"Chroniques\"],\"inLanguage\":\"fr-FR\"},{\"@type\":\"WebPage\",\"@id\":\"https:\\\/\\\/www.webdo.tn\\\/fr\\\/actualite\\\/chroniques\\\/lois-scelerates-racisme-anti-arabe-et-hospitalite-tunisienne\\\/186918\\\/\",\"url\":\"https:\\\/\\\/www.webdo.tn\\\/fr\\\/actualite\\\/chroniques\\\/lois-scelerates-racisme-anti-arabe-et-hospitalite-tunisienne\\\/186918\\\/\",\"name\":\"Lois sc\u00e9l\u00e9rates, racisme anti-arabe et hospitalit\u00e9 tunisienne\",\"isPartOf\":{\"@id\":\"https:\\\/\\\/www.webdo.tn\\\/fr\\\/#website\"},\"primaryImageOfPage\":{\"@id\":\"https:\\\/\\\/www.webdo.tn\\\/fr\\\/actualite\\\/chroniques\\\/lois-scelerates-racisme-anti-arabe-et-hospitalite-tunisienne\\\/186918\\\/#primaryimage\"},\"image\":{\"@id\":\"https:\\\/\\\/www.webdo.tn\\\/fr\\\/actualite\\\/chroniques\\\/lois-scelerates-racisme-anti-arabe-et-hospitalite-tunisienne\\\/186918\\\/#primaryimage\"},\"thumbnailUrl\":\"https:\\\/\\\/www.webdo.tn\\\/fr\\\/wp-content\\\/uploads\\\/2015\\\/09\\\/tumblr_nsd7bwE3nZ1tmkg22o1_500-300x229-1.jpg\",\"datePublished\":\"2015-09-29T11:53:00+00:00\",\"description\":\"Lois sc\u00e9l\u00e9rates, racisme anti-arabe et hospitalit\u00e9 tunisienne\",\"breadcrumb\":{\"@id\":\"https:\\\/\\\/www.webdo.tn\\\/fr\\\/actualite\\\/chroniques\\\/lois-scelerates-racisme-anti-arabe-et-hospitalite-tunisienne\\\/186918\\\/#breadcrumb\"},\"inLanguage\":\"fr-FR\",\"potentialAction\":[{\"@type\":\"ReadAction\",\"target\":[\"https:\\\/\\\/www.webdo.tn\\\/fr\\\/actualite\\\/chroniques\\\/lois-scelerates-racisme-anti-arabe-et-hospitalite-tunisienne\\\/186918\\\/\"]}]},{\"@type\":\"ImageObject\",\"inLanguage\":\"fr-FR\",\"@id\":\"https:\\\/\\\/www.webdo.tn\\\/fr\\\/actualite\\\/chroniques\\\/lois-scelerates-racisme-anti-arabe-et-hospitalite-tunisienne\\\/186918\\\/#primaryimage\",\"url\":\"https:\\\/\\\/www.webdo.tn\\\/fr\\\/wp-content\\\/uploads\\\/2015\\\/09\\\/tumblr_nsd7bwE3nZ1tmkg22o1_500-300x229-1.jpg\",\"contentUrl\":\"https:\\\/\\\/www.webdo.tn\\\/fr\\\/wp-content\\\/uploads\\\/2015\\\/09\\\/tumblr_nsd7bwE3nZ1tmkg22o1_500-300x229-1.jpg\",\"width\":300,\"height\":229,\"caption\":\"Lois sc\u00e9l\u00e9rates, racisme anti-arabe et hospitalit\u00e9 tunisienne\"},{\"@type\":\"BreadcrumbList\",\"@id\":\"https:\\\/\\\/www.webdo.tn\\\/fr\\\/actualite\\\/chroniques\\\/lois-scelerates-racisme-anti-arabe-et-hospitalite-tunisienne\\\/186918\\\/#breadcrumb\",\"itemListElement\":[{\"@type\":\"ListItem\",\"position\":1,\"name\":\"Accueil\",\"item\":\"https:\\\/\\\/www.webdo.tn\\\/fr\\\/\"},{\"@type\":\"ListItem\",\"position\":2,\"name\":\"Lois sc\u00e9l\u00e9rates, racisme anti-arabe et hospitalit\u00e9 tunisienne\"}]},{\"@type\":\"WebSite\",\"@id\":\"https:\\\/\\\/www.webdo.tn\\\/fr\\\/#website\",\"url\":\"https:\\\/\\\/www.webdo.tn\\\/fr\\\/\",\"name\":\"webdo\",\"description\":\"Tunisie - News en Tunisie et \u00e0 l&#039;international sur Webdo.tn\",\"publisher\":{\"@id\":\"https:\\\/\\\/www.webdo.tn\\\/fr\\\/#organization\"},\"potentialAction\":[{\"@type\":\"SearchAction\",\"target\":{\"@type\":\"EntryPoint\",\"urlTemplate\":\"https:\\\/\\\/www.webdo.tn\\\/fr\\\/?s={search_term_string}\"},\"query-input\":{\"@type\":\"PropertyValueSpecification\",\"valueRequired\":true,\"valueName\":\"search_term_string\"}}],\"inLanguage\":\"fr-FR\"},{\"@type\":\"Organization\",\"@id\":\"https:\\\/\\\/www.webdo.tn\\\/fr\\\/#organization\",\"name\":\"Webdo\",\"alternateName\":\"Webdo.tn\",\"url\":\"https:\\\/\\\/www.webdo.tn\\\/fr\\\/\",\"logo\":{\"@type\":\"ImageObject\",\"inLanguage\":\"fr-FR\",\"@id\":\"https:\\\/\\\/www.webdo.tn\\\/fr\\\/#\\\/schema\\\/logo\\\/image\\\/\",\"url\":\"https:\\\/\\\/www.webdo.tn\\\/fr\\\/wp-content\\\/uploads\\\/2025\\\/06\\\/Webdo-Tunisie_168377.jpg\",\"contentUrl\":\"https:\\\/\\\/www.webdo.tn\\\/fr\\\/wp-content\\\/uploads\\\/2025\\\/06\\\/Webdo-Tunisie_168377.jpg\",\"width\":301,\"height\":301,\"caption\":\"Webdo\"},\"image\":{\"@id\":\"https:\\\/\\\/www.webdo.tn\\\/fr\\\/#\\\/schema\\\/logo\\\/image\\\/\"},\"sameAs\":[\"https:\\\/\\\/www.facebook.com\\\/webdotn\",\"https:\\\/\\\/x.com\\\/webdo_tn\"],\"description\":\"Webdo est un m\u00e9dia num\u00e9rique tunisien fond\u00e9 en 2010, sp\u00e9cialis\u00e9 dans l\u2019actualit\u00e9 nationale et internationale, l\u2019\u00e9conomie, la soci\u00e9t\u00e9 et les analyses politiques. Le site s\u2019adresse \u00e0 un large public francophone et couvre l\u2019information tunisienne en temps r\u00e9el.\",\"email\":\"redac@webdo.tn\",\"legalName\":\"YNJ SARL\",\"foundingDate\":\"2010-09-06\",\"numberOfEmployees\":{\"@type\":\"QuantitativeValue\",\"minValue\":\"11\",\"maxValue\":\"50\"}},{\"@type\":\"Person\",\"@id\":\"https:\\\/\\\/www.webdo.tn\\\/fr\\\/#\\\/schema\\\/person\\\/6bc0beba2cd23aec27cb5df85ca2554f\",\"name\":\"Hatem Bourial\",\"image\":{\"@type\":\"ImageObject\",\"inLanguage\":\"fr-FR\",\"@id\":\"https:\\\/\\\/www.webdo.tn\\\/fr\\\/wp-content\\\/uploads\\\/2026\\\/04\\\/hatem-bourial_avatar-96x96.jpg\",\"url\":\"https:\\\/\\\/www.webdo.tn\\\/fr\\\/wp-content\\\/uploads\\\/2026\\\/04\\\/hatem-bourial_avatar-96x96.jpg\",\"contentUrl\":\"https:\\\/\\\/www.webdo.tn\\\/fr\\\/wp-content\\\/uploads\\\/2026\\\/04\\\/hatem-bourial_avatar-96x96.jpg\",\"caption\":\"Hatem Bourial\"},\"description\":\"Hatem Bourial est journaliste, \u00e9crivain et chroniqueur tunisien. Actif depuis plusieurs d\u00e9cennies, il s\u2019est impos\u00e9 comme un observateur attentif de la soci\u00e9t\u00e9 tunisienne, m\u00ealant dans ses \u00e9crits m\u00e9moire, culture et analyse du quotidien. Auteur de nombreux ouvrages, il d\u00e9veloppe une \u0153uvre \u00e0 la crois\u00e9e du r\u00e9cit, de la po\u00e9sie et de l\u2019observation sociologique. Parall\u00e8lement \u00e0 ses contributions dans la presse, il intervient r\u00e9guli\u00e8rement \u00e0 la radio et dans des espaces culturels, o\u00f9 il explore les enjeux li\u00e9s au patrimoine, \u00e0 l\u2019identit\u00e9 et aux transformations du monde contemporain. \u00c0 travers ses chroniques, Hatem Bourial propose une lecture sensible et approfondie de l\u2019actualit\u00e9, nourrie par une exp\u00e9rience journalistique et litt\u00e9raire reconnue. \ud83d\udd17 Facebook : https:\\\/\\\/www.facebook.com\\\/hatem.bourial.2025\",\"sameAs\":[\"https:\\\/\\\/www.facebook.com\\\/hatem.bourial.2025\",\"https:\\\/\\\/fr.wikipedia.org\\\/wiki\\\/Fichier:Hatem_Bourial.jpg\"],\"knowsAbout\":[\"Culture & patrimoine tunisien\",\"Chronique soci\u00e9tale\",\"Litt\u00e9rature & m\u00e9moire\",\"Cin\u00e9ma & critique culturelle\",\"Identit\u00e9 & mutations sociales\"],\"knowsLanguage\":[\"Arabe\",\"Fran\u00e7ais\",\"Anglais\",\"Italien\",\"Polonais\"],\"jobTitle\":\"Journaliste, \u00e9crivain et chroniqueur culturel\",\"worksFor\":\"Webdo\",\"url\":\"https:\\\/\\\/www.webdo.tn\\\/fr\\\/actualite\\\/author\\\/hatem-bourial-2\\\/\"}]}<\/script>\n<!-- \/ Yoast SEO Premium plugin. -->","yoast_head_json":{"title":"Lois sc\u00e9l\u00e9rates, racisme anti-arabe et hospitalit\u00e9 tunisienne","description":"Lois sc\u00e9l\u00e9rates, racisme anti-arabe et hospitalit\u00e9 tunisienne","canonical":"https:\/\/www.webdo.tn\/fr\/actualite\/chroniques\/lois-scelerates-racisme-anti-arabe-et-hospitalite-tunisienne\/186918\/","og_locale":"fr_FR","og_type":"article","og_title":"Lois sc\u00e9l\u00e9rates, racisme anti-arabe et hospitalit\u00e9 tunisienne","og_description":"Lois sc\u00e9l\u00e9rates, racisme anti-arabe et hospitalit\u00e9 tunisienne","og_url":"https:\/\/www.webdo.tn\/fr\/actualite\/chroniques\/lois-scelerates-racisme-anti-arabe-et-hospitalite-tunisienne\/186918\/","og_site_name":"webdo","article_publisher":"https:\/\/www.facebook.com\/webdotn","article_author":"https:\/\/www.facebook.com\/hatem.bourial.2025","article_published_time":"2015-09-29T11:53:00+00:00","og_image":[{"width":300,"height":229,"url":"https:\/\/www.webdo.tn\/fr\/wp-content\/uploads\/2015\/09\/tumblr_nsd7bwE3nZ1tmkg22o1_500-300x229-1.jpg","type":"image\/jpeg"}],"author":"Hatem Bourial","twitter_card":"summary_large_image","twitter_creator":"@webdo_tn","twitter_site":"@webdo_tn","twitter_misc":{"\u00c9crit par":"Hatem Bourial","Dur\u00e9e de lecture estim\u00e9e":"3 minutes"},"schema":{"@context":"https:\/\/schema.org","@graph":[{"@type":"NewsArticle","@id":"https:\/\/www.webdo.tn\/fr\/actualite\/chroniques\/lois-scelerates-racisme-anti-arabe-et-hospitalite-tunisienne\/186918\/#article","isPartOf":{"@id":"https:\/\/www.webdo.tn\/fr\/actualite\/chroniques\/lois-scelerates-racisme-anti-arabe-et-hospitalite-tunisienne\/186918\/"},"author":{"name":"Hatem Bourial","@id":"https:\/\/www.webdo.tn\/fr\/#\/schema\/person\/6bc0beba2cd23aec27cb5df85ca2554f"},"headline":"Lois sc\u00e9l\u00e9rates, racisme anti-arabe et hospitalit\u00e9 tunisienne","datePublished":"2015-09-29T11:53:00+00:00","mainEntityOfPage":{"@id":"https:\/\/www.webdo.tn\/fr\/actualite\/chroniques\/lois-scelerates-racisme-anti-arabe-et-hospitalite-tunisienne\/186918\/"},"wordCount":678,"commentCount":0,"publisher":{"@id":"https:\/\/www.webdo.tn\/fr\/#organization"},"image":{"@id":"https:\/\/www.webdo.tn\/fr\/actualite\/chroniques\/lois-scelerates-racisme-anti-arabe-et-hospitalite-tunisienne\/186918\/#primaryimage"},"thumbnailUrl":"https:\/\/www.webdo.tn\/fr\/wp-content\/uploads\/2015\/09\/tumblr_nsd7bwE3nZ1tmkg22o1_500-300x229-1.jpg","keywords":["guerre"],"articleSection":["Chroniques"],"inLanguage":"fr-FR"},{"@type":"WebPage","@id":"https:\/\/www.webdo.tn\/fr\/actualite\/chroniques\/lois-scelerates-racisme-anti-arabe-et-hospitalite-tunisienne\/186918\/","url":"https:\/\/www.webdo.tn\/fr\/actualite\/chroniques\/lois-scelerates-racisme-anti-arabe-et-hospitalite-tunisienne\/186918\/","name":"Lois sc\u00e9l\u00e9rates, racisme anti-arabe et hospitalit\u00e9 tunisienne","isPartOf":{"@id":"https:\/\/www.webdo.tn\/fr\/#website"},"primaryImageOfPage":{"@id":"https:\/\/www.webdo.tn\/fr\/actualite\/chroniques\/lois-scelerates-racisme-anti-arabe-et-hospitalite-tunisienne\/186918\/#primaryimage"},"image":{"@id":"https:\/\/www.webdo.tn\/fr\/actualite\/chroniques\/lois-scelerates-racisme-anti-arabe-et-hospitalite-tunisienne\/186918\/#primaryimage"},"thumbnailUrl":"https:\/\/www.webdo.tn\/fr\/wp-content\/uploads\/2015\/09\/tumblr_nsd7bwE3nZ1tmkg22o1_500-300x229-1.jpg","datePublished":"2015-09-29T11:53:00+00:00","description":"Lois sc\u00e9l\u00e9rates, racisme anti-arabe et hospitalit\u00e9 tunisienne","breadcrumb":{"@id":"https:\/\/www.webdo.tn\/fr\/actualite\/chroniques\/lois-scelerates-racisme-anti-arabe-et-hospitalite-tunisienne\/186918\/#breadcrumb"},"inLanguage":"fr-FR","potentialAction":[{"@type":"ReadAction","target":["https:\/\/www.webdo.tn\/fr\/actualite\/chroniques\/lois-scelerates-racisme-anti-arabe-et-hospitalite-tunisienne\/186918\/"]}]},{"@type":"ImageObject","inLanguage":"fr-FR","@id":"https:\/\/www.webdo.tn\/fr\/actualite\/chroniques\/lois-scelerates-racisme-anti-arabe-et-hospitalite-tunisienne\/186918\/#primaryimage","url":"https:\/\/www.webdo.tn\/fr\/wp-content\/uploads\/2015\/09\/tumblr_nsd7bwE3nZ1tmkg22o1_500-300x229-1.jpg","contentUrl":"https:\/\/www.webdo.tn\/fr\/wp-content\/uploads\/2015\/09\/tumblr_nsd7bwE3nZ1tmkg22o1_500-300x229-1.jpg","width":300,"height":229,"caption":"Lois sc\u00e9l\u00e9rates, racisme anti-arabe et hospitalit\u00e9 tunisienne"},{"@type":"BreadcrumbList","@id":"https:\/\/www.webdo.tn\/fr\/actualite\/chroniques\/lois-scelerates-racisme-anti-arabe-et-hospitalite-tunisienne\/186918\/#breadcrumb","itemListElement":[{"@type":"ListItem","position":1,"name":"Accueil","item":"https:\/\/www.webdo.tn\/fr\/"},{"@type":"ListItem","position":2,"name":"Lois sc\u00e9l\u00e9rates, racisme anti-arabe et hospitalit\u00e9 tunisienne"}]},{"@type":"WebSite","@id":"https:\/\/www.webdo.tn\/fr\/#website","url":"https:\/\/www.webdo.tn\/fr\/","name":"webdo","description":"Tunisie - News en Tunisie et \u00e0 l&#039;international sur Webdo.tn","publisher":{"@id":"https:\/\/www.webdo.tn\/fr\/#organization"},"potentialAction":[{"@type":"SearchAction","target":{"@type":"EntryPoint","urlTemplate":"https:\/\/www.webdo.tn\/fr\/?s={search_term_string}"},"query-input":{"@type":"PropertyValueSpecification","valueRequired":true,"valueName":"search_term_string"}}],"inLanguage":"fr-FR"},{"@type":"Organization","@id":"https:\/\/www.webdo.tn\/fr\/#organization","name":"Webdo","alternateName":"Webdo.tn","url":"https:\/\/www.webdo.tn\/fr\/","logo":{"@type":"ImageObject","inLanguage":"fr-FR","@id":"https:\/\/www.webdo.tn\/fr\/#\/schema\/logo\/image\/","url":"https:\/\/www.webdo.tn\/fr\/wp-content\/uploads\/2025\/06\/Webdo-Tunisie_168377.jpg","contentUrl":"https:\/\/www.webdo.tn\/fr\/wp-content\/uploads\/2025\/06\/Webdo-Tunisie_168377.jpg","width":301,"height":301,"caption":"Webdo"},"image":{"@id":"https:\/\/www.webdo.tn\/fr\/#\/schema\/logo\/image\/"},"sameAs":["https:\/\/www.facebook.com\/webdotn","https:\/\/x.com\/webdo_tn"],"description":"Webdo est un m\u00e9dia num\u00e9rique tunisien fond\u00e9 en 2010, sp\u00e9cialis\u00e9 dans l\u2019actualit\u00e9 nationale et internationale, l\u2019\u00e9conomie, la soci\u00e9t\u00e9 et les analyses politiques. Le site s\u2019adresse \u00e0 un large public francophone et couvre l\u2019information tunisienne en temps r\u00e9el.","email":"redac@webdo.tn","legalName":"YNJ SARL","foundingDate":"2010-09-06","numberOfEmployees":{"@type":"QuantitativeValue","minValue":"11","maxValue":"50"}},{"@type":"Person","@id":"https:\/\/www.webdo.tn\/fr\/#\/schema\/person\/6bc0beba2cd23aec27cb5df85ca2554f","name":"Hatem Bourial","image":{"@type":"ImageObject","inLanguage":"fr-FR","@id":"https:\/\/www.webdo.tn\/fr\/wp-content\/uploads\/2026\/04\/hatem-bourial_avatar-96x96.jpg","url":"https:\/\/www.webdo.tn\/fr\/wp-content\/uploads\/2026\/04\/hatem-bourial_avatar-96x96.jpg","contentUrl":"https:\/\/www.webdo.tn\/fr\/wp-content\/uploads\/2026\/04\/hatem-bourial_avatar-96x96.jpg","caption":"Hatem Bourial"},"description":"Hatem Bourial est journaliste, \u00e9crivain et chroniqueur tunisien. Actif depuis plusieurs d\u00e9cennies, il s\u2019est impos\u00e9 comme un observateur attentif de la soci\u00e9t\u00e9 tunisienne, m\u00ealant dans ses \u00e9crits m\u00e9moire, culture et analyse du quotidien. Auteur de nombreux ouvrages, il d\u00e9veloppe une \u0153uvre \u00e0 la crois\u00e9e du r\u00e9cit, de la po\u00e9sie et de l\u2019observation sociologique. Parall\u00e8lement \u00e0 ses contributions dans la presse, il intervient r\u00e9guli\u00e8rement \u00e0 la radio et dans des espaces culturels, o\u00f9 il explore les enjeux li\u00e9s au patrimoine, \u00e0 l\u2019identit\u00e9 et aux transformations du monde contemporain. \u00c0 travers ses chroniques, Hatem Bourial propose une lecture sensible et approfondie de l\u2019actualit\u00e9, nourrie par une exp\u00e9rience journalistique et litt\u00e9raire reconnue. \ud83d\udd17 Facebook : https:\/\/www.facebook.com\/hatem.bourial.2025","sameAs":["https:\/\/www.facebook.com\/hatem.bourial.2025","https:\/\/fr.wikipedia.org\/wiki\/Fichier:Hatem_Bourial.jpg"],"knowsAbout":["Culture & patrimoine tunisien","Chronique soci\u00e9tale","Litt\u00e9rature & m\u00e9moire","Cin\u00e9ma & critique culturelle","Identit\u00e9 & mutations sociales"],"knowsLanguage":["Arabe","Fran\u00e7ais","Anglais","Italien","Polonais"],"jobTitle":"Journaliste, \u00e9crivain et chroniqueur culturel","worksFor":"Webdo","url":"https:\/\/www.webdo.tn\/fr\/actualite\/author\/hatem-bourial-2\/"}]}},"_links":{"self":[{"href":"https:\/\/www.webdo.tn\/fr\/wp-json\/wp\/v2\/posts\/186918","targetHints":{"allow":["GET"]}}],"collection":[{"href":"https:\/\/www.webdo.tn\/fr\/wp-json\/wp\/v2\/posts"}],"about":[{"href":"https:\/\/www.webdo.tn\/fr\/wp-json\/wp\/v2\/types\/post"}],"author":[{"embeddable":true,"href":"https:\/\/www.webdo.tn\/fr\/wp-json\/wp\/v2\/users\/3229"}],"replies":[{"embeddable":true,"href":"https:\/\/www.webdo.tn\/fr\/wp-json\/wp\/v2\/comments?post=186918"}],"version-history":[{"count":0,"href":"https:\/\/www.webdo.tn\/fr\/wp-json\/wp\/v2\/posts\/186918\/revisions"}],"wp:featuredmedia":[{"embeddable":true,"href":"https:\/\/www.webdo.tn\/fr\/wp-json\/wp\/v2\/media\/329457"}],"wp:attachment":[{"href":"https:\/\/www.webdo.tn\/fr\/wp-json\/wp\/v2\/media?parent=186918"}],"wp:term":[{"taxonomy":"category","embeddable":true,"href":"https:\/\/www.webdo.tn\/fr\/wp-json\/wp\/v2\/categories?post=186918"},{"taxonomy":"post_tag","embeddable":true,"href":"https:\/\/www.webdo.tn\/fr\/wp-json\/wp\/v2\/tags?post=186918"}],"curies":[{"name":"wp","href":"https:\/\/api.w.org\/{rel}","templated":true}]}}